{"id":28614,"date":"2026-01-07T17:51:24","date_gmt":"2026-01-07T15:51:24","guid":{"rendered":"https:\/\/www.billin.net\/blog\/?p=28614"},"modified":"2026-01-08T11:55:26","modified_gmt":"2026-01-08T09:55:26","slug":"como-solicitar-devolucion-mensual-iva-autonomos","status":"publish","type":"post","link":"https:\/\/www.billin.net\/blog\/como-solicitar-devolucion-mensual-iva-autonomos\/","title":{"rendered":"Devoluci\u00f3n mensual del IVA para aut\u00f3nomos: c\u00f3mo solicitarla"},"content":{"rendered":"<p><b>\u00bfY si pudieras recuperar tu IVA cada mes en lugar de esperar todo un a\u00f1o?<\/b><\/p>\n<p><span style=\"font-weight: 400;\">Para la mayor\u00eda de aut\u00f3nomos, el <\/span><a href=\"https:\/\/www.billin.net\/calculadoras\/calculadora-como-sacar-el-iva\/\"><span style=\"font-weight: 400;\">IVA<\/span><\/a><span style=\"font-weight: 400;\"> suele ser un quebradero de cabeza: calcularlo, declararlo, adelantarlo y, en muchos casos, esperar meses o incluso todo un a\u00f1o, para recuperar el dinero soportado en gastos e inversiones.\u00a0<\/span><\/p>\n<p><span style=\"font-weight: 400;\">Esta din\u00e1mica puede generar tensiones de tesorer\u00eda, especialmente en actividades con alta carga de costes o en fases de crecimiento.\u00a0<\/span><\/p>\n<p><span style=\"font-weight: 400;\">Sin embargo, <\/span><b>existe una alternativa que muchos profesionales desconocen<\/b><span style=\"font-weight: 400;\"> y que puede convertirse en un impulso directo para la liquidez del negocio: la <\/span><b>devoluci\u00f3n mensual del IVA<\/b><span style=\"font-weight: 400;\">.<\/span><\/p>\n<p><span style=\"font-weight: 400;\">Gracias a este sistema, los aut\u00f3nomos que cumplan ciertos requisitos pueden solicitar mes a mes la devoluci\u00f3n del IVA soportado cuando supere al repercutido, sin necesidad de esperar al cierre del trimestre ni al final del a\u00f1o.\u00a0<\/span><\/p>\n<p><span style=\"font-weight: 400;\">En este art\u00edculo, te explicamos de forma pr\u00e1ctica <\/span><b>c\u00f3mo funciona la devoluci\u00f3n mensual del IVA<\/b><span style=\"font-weight: 400;\">, qu\u00e9 implica <\/span><b>inscribirse en el REDEME<\/b><span style=\"font-weight: 400;\">, cu\u00e1les son sus requisitos y c\u00f3mo solicitarla paso a paso.<\/span><\/p>\n<p><span style=\"font-weight: 400;\">Benef\u00edciate cuanto antes de un flujo de caja m\u00e1s \u00e1gil con uno de los sistemas m\u00e1s potentes y menos conocidos para optimizar la gesti\u00f3n fiscal del aut\u00f3nomo.<\/span><\/p>\n<div style=\"background-color: #e0f0ff; padding: 10px; border-radius: 10px;\">\n<h2 class=\"h2-especial-resumen\">Resumen de este art\u00edculo<\/h2>\n<p><strong>\u00bfC\u00f3mo solicitar la devoluci\u00f3n mensual del IVA para aut\u00f3nomos?<\/strong><\/p>\n<p>La devoluci\u00f3n mensual del IVA permite a los aut\u00f3nomos recuperar el IVA soportado cada mes en lugar de esperar al final del a\u00f1o, mejorando la liquidez del negocio.<br \/>\nEl art\u00edculo explica qu\u00e9 es el REDEME, qui\u00e9n puede acogerse y qu\u00e9 obligaciones implica. Tambi\u00e9n detalla paso a paso c\u00f3mo solicitarlo y cumplir correctamente con la Agencia Tributaria<\/p>\n<\/div>\n\n<h2><b>\u00bfQu\u00e9 es la devoluci\u00f3n mensual del IVA?<\/b><\/h2>\n<p><span style=\"font-weight: 400;\">Para muchos aut\u00f3nomos y pymes, recuperar el IVA soportado puede convertirse en un gran alivio para la liquidez del negocio.\u00a0<\/span><\/p>\n<p><span style=\"font-weight: 400;\">Normalmente, el saldo a favor resultante del IVA (cuando el <\/span><a href=\"https:\/\/www.billin.net\/blog\/iva-soportado\/\"><span style=\"font-weight: 400;\">IVA soportado<\/span><\/a><span style=\"font-weight: 400;\">, es decir, el que pagas en tus compras\/gastos, excede al <\/span><a href=\"https:\/\/www.billin.net\/blog\/iva-repercutido\/#:~:text=empresa%20o%20aut%C3%B3nomo%3F-,%C2%BFQu%C3%A9%20es%20el%20IVA%20repercutido%3F,empresa%20como%20un%20consumidor%20final\"><span style=\"font-weight: 400;\">IVA repercutido<\/span><\/a><span style=\"font-weight: 400;\">, es decir, el que cobras a tus clientes) se puede recuperar al presentar la autoliquidaci\u00f3n del \u00faltimo trimestre del a\u00f1o.<\/span><\/p>\n<p><span style=\"font-weight: 400;\">Sin embargo, existe una v\u00eda m\u00e1s \u00e1gil: la <\/span><b>devoluci\u00f3n mensual del IVA<\/b><span style=\"font-weight: 400;\">.\u00a0<\/span><\/p>\n<p><span style=\"font-weight: 400;\">Este sistema permite que, en lugar de esperar al cierre del a\u00f1o, puedas recuperar ese saldo favorable mes a mes, siempre que cumplas ciertos requisitos y est\u00e9s inscrito en el r\u00e9gimen especial correspondiente.<\/span><\/p>\n<p><span style=\"font-weight: 400;\">Este r\u00e9gimen especial recibe el nombre de REDEME (Registro de Devoluci\u00f3n Mensual del IVA).\u00a0<\/span><\/p>\n<p><span style=\"font-weight: 400;\">De esta forma, la devoluci\u00f3n mensual del IVA no solo es un ahorro: puede convertirse en una herramienta estrat\u00e9gica para mejorar la tesorer\u00eda y la liquidez de tu negocio como aut\u00f3nomo.<\/span><\/p>\n<h2><b>\u00bfQui\u00e9n puede beneficiarse de la devoluci\u00f3n mensual del IVA?<\/b><\/h2>\n<p><span style=\"font-weight: 400;\">No todos los aut\u00f3nomos pueden acogerse a la devoluci\u00f3n mensual del IVA.\u00a0<\/span><\/p>\n<p><span style=\"font-weight: 400;\">El r\u00e9gimen especial de <\/span><a href=\"https:\/\/www.billin.net\/blog\/que-es-redeme-y-como-me-afecta-como-autonomo\/\"><span style=\"font-weight: 400;\">REDEME<\/span><\/a><span style=\"font-weight: 400;\"> est\u00e1 pensado para actividades con un volumen suficiente de operaciones o con una estructura de gastos e inversiones que genere saldos a favor peri\u00f3dicos.<\/span><\/p>\n<p><b>Los requisitos que debe cumplir el aut\u00f3nomo para inscribirse en este r\u00e9gimen son:\u00a0<\/b><\/p>\n<ul>\n<li style=\"font-weight: 400;\" aria-level=\"1\"><span style=\"font-weight: 400;\">Solicitar la inscripci\u00f3n en el registro en plazo, mediante la presentaci\u00f3n de la declaraci\u00f3n censal, obligatoriamente por v\u00eda telem\u00e1tica (casilla 129 del modelo 036, casilla 12 del modelo 039 para grupos de entidades).<\/span><\/li>\n<li style=\"font-weight: 400;\" aria-level=\"1\"><span style=\"font-weight: 400;\">Estar al corriente de las obligaciones tributarias.<\/span><\/li>\n<li style=\"font-weight: 400;\" aria-level=\"1\"><span style=\"font-weight: 400;\">No realizar actividades en el r\u00e9gimen simplificado.<\/span><\/li>\n<li style=\"font-weight: 400;\" aria-level=\"1\"><span style=\"font-weight: 400;\">No encontrarse en alguno de los supuestos que podr\u00edan dar lugar a la baja cautelar en el registro de devoluci\u00f3n mensual o a la revocaci\u00f3n del n\u00famero de identificaci\u00f3n fiscal.<\/span><\/li>\n<li style=\"font-weight: 400;\" aria-level=\"1\"><span style=\"font-weight: 400;\">No haber sido excluido del Registro en los 3 a\u00f1os previos al de presentaci\u00f3n de solicitud de alta.<\/span><\/li>\n<li style=\"font-weight: 400;\" aria-level=\"1\"><span style=\"font-weight: 400;\">En el caso de grupos de entidades, la inscripci\u00f3n en el Registro solo proceder\u00e1 cuando todas las entidades del grupo que apliquen dicho r\u00e9gimen especial as\u00ed lo hayan acordado y re\u00fanan los requisitos. La solicitud de inscripci\u00f3n deber\u00e1 ser presentada por la entidad dominante y habr\u00e1 de referirse a la totalidad de las entidades del grupo que apliquen el r\u00e9gimen especial.<\/span><\/li>\n<\/ul>\n<h2><b>\u00bfQu\u00e9 implica acogerse a la devoluci\u00f3n mensual del IVA?<\/b><\/h2>\n<p><span style=\"font-weight: 400;\">Optar por la devoluci\u00f3n mensual del IVA supone adoptar una serie de obligaciones adicionales, respecto al r\u00e9gimen trimestral est\u00e1ndar.\u00a0<\/span><\/p>\n<p><b>Veamos cu\u00e1les son:\u00a0<\/b><\/p>\n<ul>\n<li style=\"font-weight: 400;\" aria-level=\"1\"><span style=\"font-weight: 400;\">Inscribirse en el Registro de devoluci\u00f3n mensual y permanecer en \u00e9l, al menos, durante el a\u00f1o para el que se solicit\u00f3 la inscripci\u00f3n.<\/span><\/li>\n<li style=\"font-weight: 400;\" aria-level=\"1\"><span style=\"font-weight: 400;\">Presentaci\u00f3n mensual del <\/span><a href=\"https:\/\/www.billin.net\/blog\/como-rellenar-modelo-303\/\"><span style=\"font-weight: 400;\">modelo 303<\/span><\/a><span style=\"font-weight: 400;\"> (autoliquidaci\u00f3n del IVA).\u00a0<\/span><\/li>\n<li style=\"font-weight: 400;\" aria-level=\"1\"><span style=\"font-weight: 400;\">Llevar los libros registro del IVA a trav\u00e9s de la sede electr\u00f3nica de la Agencia Tributaria (AEAT), mediante el sistema SII (<\/span><a href=\"https:\/\/www.billin.net\/blog\/sii-aeat\/\"><span style=\"font-weight: 400;\">suministro inmediato de informaci\u00f3n<\/span><\/a><span style=\"font-weight: 400;\">).<\/span><\/li>\n<li style=\"font-weight: 400;\" aria-level=\"1\"><span style=\"font-weight: 400;\">Presentaci\u00f3n adicional del <\/span><a href=\"https:\/\/www.billin.net\/glosario\/modelo-340\/\"><span style=\"font-weight: 400;\">modelo 340<\/span><\/a><span style=\"font-weight: 400;\">, con el detalle de las facturas emitidas y recibidas.<\/span><\/li>\n<\/ul>\n<p><span style=\"font-weight: 400;\">Esta carga administrativa, aunque algo mayor, puede compensarse ampliamente si tu actividad genera saldos a favor recurrentes, ya que te permite disponer del dinero con m\u00e1s frecuencia y planificar mejor la liquidez.<\/span><\/p>\n<h2><b>\u00bfC\u00f3mo solicitar la devoluci\u00f3n mensual del IVA? Paso a paso<\/b><\/h2>\n<p><span style=\"font-weight: 400;\">Si quieres acogerte a la devoluci\u00f3n mensual IVA, conviene seguir un proceso ordenado: solicitud de alta, cumplimiento de obligaciones formales y presentaci\u00f3n mensual de las autoliquidaciones.\u00a0<\/span><\/p>\n<p><span style=\"font-weight: 400;\">A continuaci\u00f3n, tienes el procedimiento completo, explicado paso a paso y con las claves pr\u00e1cticas para que no se te escape nada.<\/span><\/p>\n<h3><b>1) Comprueba que cumples los requisitos b\u00e1sicos<\/b><\/h3>\n<p><span style=\"font-weight: 400;\">Antes de nada, verifica que cumples los <\/span><b>requisitos para solicitar la devoluci\u00f3n mensual IVA:<\/b><\/p>\n<ul>\n<li style=\"font-weight: 400;\" aria-level=\"1\"><span style=\"font-weight: 400;\">Estar al corriente de tus obligaciones tributarias.<\/span><\/li>\n<li style=\"font-weight: 400;\" aria-level=\"1\"><span style=\"font-weight: 400;\">No estar en r\u00e9gimen simplificado.<\/span><\/li>\n<li style=\"font-weight: 400;\" aria-level=\"1\"><span style=\"font-weight: 400;\">No haber sido excluido del REDEME en los periodos previstos.\u00a0<\/span><\/li>\n<\/ul>\n<p><span style=\"font-weight: 400;\">Si no cumples alguno de esos puntos, la solicitud ser\u00e1 denegada o no producir\u00e1 efectos.<\/span><\/p>\n<p><b>Qu\u00e9 revisar ahora mismo<\/b><\/p>\n<ul>\n<li style=\"font-weight: 400;\" aria-level=\"1\"><span style=\"font-weight: 400;\">Deudas fiscales pendientes (pagos a la AEAT).<\/span><\/li>\n<li style=\"font-weight: 400;\" aria-level=\"1\"><span style=\"font-weight: 400;\">R\u00e9gimen de IVA aplicable a tu actividad (si est\u00e1s en r\u00e9gimen simplificado no puedes acceder).<\/span><\/li>\n<li style=\"font-weight: 400;\" aria-level=\"1\"><span style=\"font-weight: 400;\">Si formaste parte de REDEME en los \u00faltimos a\u00f1os y fuiste excluido, consulta plazos de reincorporaci\u00f3n.<\/span><\/li>\n<\/ul>\n<h3><b>2) Presenta la declaraci\u00f3n censal (modelo 036 \/ 039) y marca la casilla correspondiente<\/b><\/h3>\n<p><span style=\"font-weight: 400;\">La solicitud de alta en el Registro de devoluci\u00f3n mensual (REDEME)<\/span><b> se realiza telem\u00e1ticamente mediante la declaraci\u00f3n censal:<\/b><\/p>\n<p><img loading=\"lazy\" decoding=\"async\" class=\"alignnone wp-image-28615 size-full\" src=\"https:\/\/www.billin.net\/blog\/wp-content\/uploads\/2026\/01\/Captura-de-pantalla-2026-01-07-164353.png\" alt=\"\" width=\"1037\" height=\"490\" srcset=\"https:\/\/www.billin.net\/blog\/wp-content\/uploads\/2026\/01\/Captura-de-pantalla-2026-01-07-164353.png 1037w, https:\/\/www.billin.net\/blog\/wp-content\/uploads\/2026\/01\/Captura-de-pantalla-2026-01-07-164353-300x142.png 300w, https:\/\/www.billin.net\/blog\/wp-content\/uploads\/2026\/01\/Captura-de-pantalla-2026-01-07-164353-1024x484.png 1024w, https:\/\/www.billin.net\/blog\/wp-content\/uploads\/2026\/01\/Captura-de-pantalla-2026-01-07-164353-768x363.png 768w\" sizes=\"(max-width: 1037px) 100vw, 1037px\" \/><\/p>\n<ul>\n<li><span style=\"font-weight: 400;\">Persona f\u00edsica (aut\u00f3nomo): <\/span><b>modelo 036<\/b><span style=\"font-weight: 400;\"> \u2192 marca la <\/span><b>casilla 129<\/b><span style=\"font-weight: 400;\"> para solicitar el alta en REDEME.<\/span><\/li>\n<\/ul>\n<p><img loading=\"lazy\" decoding=\"async\" class=\"alignnone wp-image-28616 size-full\" src=\"https:\/\/www.billin.net\/blog\/wp-content\/uploads\/2026\/01\/Captura-de-pantalla-2026-01-07-164535.png\" alt=\"\" width=\"1067\" height=\"657\" srcset=\"https:\/\/www.billin.net\/blog\/wp-content\/uploads\/2026\/01\/Captura-de-pantalla-2026-01-07-164535.png 1067w, https:\/\/www.billin.net\/blog\/wp-content\/uploads\/2026\/01\/Captura-de-pantalla-2026-01-07-164535-300x185.png 300w, https:\/\/www.billin.net\/blog\/wp-content\/uploads\/2026\/01\/Captura-de-pantalla-2026-01-07-164535-1024x631.png 1024w, https:\/\/www.billin.net\/blog\/wp-content\/uploads\/2026\/01\/Captura-de-pantalla-2026-01-07-164535-768x473.png 768w\" sizes=\"(max-width: 1067px) 100vw, 1067px\" \/><\/p>\n<ul>\n<li><span style=\"font-weight: 400;\">Grupos de entidades: <\/span><b>modelo 039<\/b><span style=\"font-weight: 400;\"> \u2192 casilla equivalente (consulta la gu\u00eda para grupos).<\/span><\/li>\n<\/ul>\n<p><span style=\"font-weight: 400;\">Presenta el modelo por v\u00eda electr\u00f3nica desde la sede electr\u00f3nica de la AEAT con tu <\/span><a href=\"https:\/\/www.billin.net\/blog\/para-que-sirve-certificado-digital\/\"><span style=\"font-weight: 400;\">certificado digital<\/span><\/a><span style=\"font-weight: 400;\"> o <\/span><a href=\"https:\/\/www.billin.net\/blog\/clave-pin-permanente\/\"><span style=\"font-weight: 400;\">Cl@ve<\/span><\/a><span style=\"font-weight: 400;\"> (seg\u00fan tu caso).<\/span><\/p>\n<h3><b>3) Ten en cuenta los plazos de solicitud y efectos<\/b><\/h3>\n<p><span style=\"font-weight: 400;\">La solicitud de inscripci\u00f3n normalmente debe presentarse en el <\/span><b>mes de noviembre del a\u00f1o anterior<\/b><span style=\"font-weight: 400;\"> a aquel en que quieres que surta efectos.\u00a0<\/span><\/p>\n<p><span style=\"font-weight: 400;\">No obstante, tambi\u00e9n es posible presentar la solicitud d<\/span><b>urante el propio plazo de presentaci\u00f3n de las declaraciones-liquidaciones peri\u00f3dicas<\/b><span style=\"font-weight: 400;\">. Si se hace as\u00ed, la inscripci\u00f3n empezar\u00e1 a tener <\/span><b>efecto a partir del d\u00eda siguiente al fin del periodo de liquidaci\u00f3n<\/b><span style=\"font-weight: 400;\"> correspondiente a esas declaraciones.<\/span><\/p>\n<p><span style=\"font-weight: 400;\">Por \u00faltimo, si pasan <\/span><b>tres meses<\/b><span style=\"font-weight: 400;\"> desde que se present\u00f3 la solicitud y la Agencia Tributaria no ha emitido resoluci\u00f3n, se considerar\u00e1 que la petici\u00f3n de inscripci\u00f3n ha sido <\/span><b>desestimada por silencio administrativo<\/b><span style=\"font-weight: 400;\">.<\/span><\/p>\n<h3><b>4) Configura tu sistema de facturaci\u00f3n y contabilidad (SII \/ libros registro)<\/b><\/h3>\n<p><span style=\"font-weight: 400;\">Si te inscribes en REDEME pasar\u00e1s a presentar autoliquidaciones y a llevar libros registro de IVA a trav\u00e9s de la sede electr\u00f3nica (SII o medios alternativos seg\u00fan lo que exija la AEAT).\u00a0<\/span><\/p>\n<p><b>Antes de la inscripci\u00f3n, adapta tu <\/b><a href=\"https:\/\/www.billin.net\/\"><b>software de facturaci\u00f3n<\/b><\/a><b> para:<\/b><\/p>\n<ul>\n<li style=\"font-weight: 400;\" aria-level=\"1\"><span style=\"font-weight: 400;\">Exportar y poder remitir los libros registro del IVA seg\u00fan el formato requerido.<\/span><\/li>\n<li style=\"font-weight: 400;\" aria-level=\"1\"><span style=\"font-weight: 400;\">Generar los informes y registros que luego usar\u00e1s para el modelo 303 y, si procede, para el modelo 340.<\/span><\/li>\n<\/ul>\n<h3><b>5) Presenta el modelo 303 con periodicidad mensual<\/b><\/h3>\n<p><span style=\"font-weight: 400;\">Una vez inscrito en REDEME debes <\/span><b>presentar la autoliquidaci\u00f3n modelo 303 con car\u00e1cter mensual<\/b><span style=\"font-weight: 400;\"> (no trimestral).\u00a0<\/span><\/p>\n<p><span style=\"font-weight: 400;\">Ten en cuenta el plazo oficial para la presentaci\u00f3n mensual del modelo 303: <\/span><b>del 1 al 30 del mes siguiente<\/b><span style=\"font-weight: 400;\"> al periodo liquidado. Por ejemplo, el IVA de mayo se presenta durante el mes de junio.\u00a0<\/span><\/p>\n<p><span style=\"font-weight: 400;\">En caso de que el \u00faltimo d\u00eda de presentaci\u00f3n de la autoliquidaci\u00f3n de IVA sea<\/span><b> inh\u00e1bil<\/b><span style=\"font-weight: 400;\"> (el s\u00e1bado es d\u00eda inh\u00e1bil) la fecha l\u00edmite de presentaci\u00f3n se traslada al <\/span><b>d\u00eda h\u00e1bil inmediato posterior.<\/b><\/p>\n<h3><b>6) Si corresponde, presenta el modelo 340 \/ libros registro y cumple exigencias SII<\/b><\/h3>\n<p><span style=\"font-weight: 400;\">Seg\u00fan tu tama\u00f1o y actividad, y por tu alta en REDEME, es posible que debas presentar el <\/span><b>modelo 340<\/b><span style=\"font-weight: 400;\"> (libros registros en formato informativo) o suministrar la informaci\u00f3n por el suministro inmediato de informaci\u00f3n (SII).\u00a0<\/span><\/p>\n<p><span style=\"font-weight: 400;\">Mantener los libros correctamente actualizados y remitidos en los plazos exigidos evita retrasos en la <\/span><b>devoluci\u00f3n mensual IVA<\/b><span style=\"font-weight: 400;\">.<\/span><\/p>\n<h3><b>7) Solicita la devoluci\u00f3n en el modelo 303 y controla el resultado<\/b><\/h3>\n<p><span style=\"font-weight: 400;\">En cada presentaci\u00f3n mensual del modelo 303, <\/span><b>si el resultado es a devolver<\/b><span style=\"font-weight: 400;\"> (IVA soportado &gt; IVA repercutido), la AEAT tramitar\u00e1 la devoluci\u00f3n conforme al procedimiento habitual.\u00a0<\/span><\/p>\n<p><span style=\"font-weight: 400;\">Desde la presentaci\u00f3n, la Agencia tiene un plazo administrativo (normalmente de <\/span><b>hasta<\/b> <b>seis meses<\/b><span style=\"font-weight: 400;\">) para efectuar la devoluci\u00f3n o, si procede, iniciar comprobaciones.\u00a0<\/span><\/p>\n<p><span style=\"font-weight: 400;\">Si transcurren esos seis meses sin resoluci\u00f3n y sin causas imputables al contribuyente, se devengan intereses de demora.<\/span><\/p>\n<h3><b>8) Prepara la documentaci\u00f3n que la AEAT puede solicitar en caso de comprobaci\u00f3n<\/b><\/h3>\n<p><span style=\"font-weight: 400;\">Aunque presentes todo correctamente, la AEAT puede abrir actuaciones de comprobaci\u00f3n.<\/span><\/p>\n<p><b>Para estos casos, mant\u00e9n a mano (digitalizados y ordenados):<\/b><\/p>\n<ul>\n<li style=\"font-weight: 400;\" aria-level=\"1\"><span style=\"font-weight: 400;\">Facturas emitidas y recibidas (soporte del IVA soportado).<\/span><\/li>\n<li style=\"font-weight: 400;\" aria-level=\"1\"><span style=\"font-weight: 400;\">Contratos y justificantes de gastos relevantes.<\/span><\/li>\n<li style=\"font-weight: 400;\" aria-level=\"1\"><span style=\"font-weight: 400;\">Documentaci\u00f3n de inversiones y amortizaciones (si aplicaste prorratas o ajustes).<\/span><\/li>\n<li style=\"font-weight: 400;\" aria-level=\"1\"><span style=\"font-weight: 400;\">Correspondencia con proveedores que justifique operaciones no habituales.<\/span><\/li>\n<\/ul>\n<p><span style=\"font-weight: 400;\">Tener la documentaci\u00f3n lista acelera la respuesta ante requerimientos y evita que tu devoluci\u00f3n mensual IVA se bloquee por falta de justificantes.<\/span><\/p>\n<h3><b>9) Si la AEAT rechaza la devoluci\u00f3n o solicita aclaraciones: c\u00f3mo proceder<\/b><\/h3>\n<p><span style=\"font-weight: 400;\">Si la AEAT no acepta la devoluci\u00f3n mensual o requiere aclaraciones, <\/span><b>puedes hacer lo siguiente:<\/b><\/p>\n<ul>\n<li style=\"font-weight: 400;\" aria-level=\"1\"><span style=\"font-weight: 400;\">Revisa el requerimiento con tu gestor y prepara la documentaci\u00f3n solicitada.<\/span><\/li>\n<li style=\"font-weight: 400;\" aria-level=\"1\"><span style=\"font-weight: 400;\">Contesta telem\u00e1ticamente en plazo (la falta de respuesta puede suponer la p\u00e9rdida del derecho a la devoluci\u00f3n).<\/span><\/li>\n<li style=\"font-weight: 400;\" aria-level=\"1\"><span style=\"font-weight: 400;\">Si no est\u00e1s de acuerdo con la resoluci\u00f3n, valora interponer recurso administrativo contra la misma.<\/span><\/li>\n<\/ul>\n<p><span style=\"font-weight: 400;\">Actuar r\u00e1pido y con documentaci\u00f3n organizada reduce el riesgo de sanciones y te permite recuperar la <\/span><b>devoluci\u00f3n mensual IVA<\/b><span style=\"font-weight: 400;\"> cuando proceda.<\/span><\/p>\n<h3><b>10) Mant\u00e9n vigilancia continua: exclusiones y revisiones del REDEME<\/b><\/h3>\n<p><span style=\"font-weight: 400;\">La pertenencia al REDEME no es indefinida: la AEAT puede excluirte si incumples obligaciones (retrasos frecuentes, errores graves, deudas tributarias) o si cambian tus condiciones.\u00a0<\/span><\/p>\n<p><span style=\"font-weight: 400;\">Revisa peri\u00f3dicamente tu cumplimiento (presentaciones, SII, libros registro) para no perder el acceso a la <\/span><b>devoluci\u00f3n mensual IVA<\/b><span style=\"font-weight: 400;\">.<\/span><\/p>\n<h3><b>Checklist pr\u00e1ctica antes de solicitar la devoluci\u00f3n mensual del IVA<\/b><\/h3>\n<p><span style=\"font-weight: 400;\">Esta checklist r\u00e1pida te ayudar\u00e1 a revisar, de un vistazo, todo lo necesario para inscribirte sin errores y empezar a beneficiarte del r\u00e9gimen de devoluci\u00f3n mensual del IVA.<\/span><\/p>\n<ul>\n<li style=\"font-weight: 400;\" aria-checked=\"false\" aria-level=\"1\"><span style=\"font-weight: 400;\">Estar al d\u00eda en todas las obligaciones fiscales y no tener deudas pendientes.<\/span><\/li>\n<li style=\"font-weight: 400;\" aria-checked=\"false\" aria-level=\"1\"><span style=\"font-weight: 400;\">Comprobar que no tributas en r\u00e9gimen simplificado de IVA.<\/span><\/li>\n<li style=\"font-weight: 400;\" aria-checked=\"false\" aria-level=\"1\"><span style=\"font-weight: 400;\">Disponer de certificado digital o Cl@ve para poder realizar todos los tr\u00e1mites online.<\/span><\/li>\n<li style=\"font-weight: 400;\" aria-checked=\"false\" aria-level=\"1\"><span style=\"font-weight: 400;\">Asegurarte de que tu sistema de facturaci\u00f3n permite generar y enviar los libros registro seg\u00fan el formato requerido.<\/span><\/li>\n<li style=\"font-weight: 400;\" aria-checked=\"false\" aria-level=\"1\"><span style=\"font-weight: 400;\">Rellenar y presentar el modelo 036 (casilla 129) o, en su caso, el modelo 039 si se trata de un grupo de entidades.<\/span><\/li>\n<li style=\"font-weight: 400;\" aria-checked=\"false\" aria-level=\"1\"><span style=\"font-weight: 400;\">Organizar un calendario de presentaci\u00f3n mensual del modelo 303 y, cuando sea necesario, del modelo 340.<\/span><\/li>\n<li style=\"font-weight: 400;\" aria-checked=\"false\" aria-level=\"1\"><a href=\"https:\/\/www.billin.net\/lector-ocr-facturas-tickets\/\"><span style=\"font-weight: 400;\">Digitalizar y guardar todas tus facturas<\/span><\/a><span style=\"font-weight: 400;\"> que acrediten gastos e ingresos para posibles comprobaciones.<\/span><\/li>\n<\/ul>\n<h2><b>TS Facturas Billin: gesti\u00f3n \u00e1gil del IVA y control total de tu negocio<\/b><\/h2>\n<p><span style=\"font-weight: 400;\">Si eres aut\u00f3nomo y optas por la devoluci\u00f3n mensual del IVA, necesitas contar con una herramienta que simplifique la facturaci\u00f3n de tu negocio.\u00a0\u00a0<\/span><\/p>\n<p><a href=\"https:\/\/www.billin.net\/\"><b>TeamSystem Facturas Billin<\/b><\/a><span style=\"font-weight: 400;\"> es la herramienta que permite automatizar procesos, ahorrar tiempo y mantener el control completo de tu negocio, incluyendo la gesti\u00f3n del IVA soportado y repercutido.<\/span><\/p>\n<p><b>Estas son sus principales ventajas:<\/b><\/p>\n<ul>\n<li style=\"font-weight: 400;\" aria-level=\"1\"><b>Facturaci\u00f3n r\u00e1pida y sencilla<\/b><span style=\"font-weight: 400;\">: crea facturas y presupuestos en segundos, con toda la informaci\u00f3n necesaria para que el IVA se registre correctamente.<\/span><\/li>\n<li style=\"font-weight: 400;\" aria-level=\"1\"><b>Automatizaci\u00f3n de procesos<\/b><span style=\"font-weight: 400;\">: digitaliza tickets, gestiona ingresos y gastos y calcula autom\u00e1ticamente el IVA aplicable, reduciendo errores en tus autoliquidaciones.<\/span><\/li>\n<li style=\"font-weight: 400;\" aria-level=\"1\"><b>Control total del negocio<\/b><span style=\"font-weight: 400;\">: paneles en tiempo real te permiten ver de un vistazo los saldos de IVA, la liquidez y la evoluci\u00f3n de tus ingresos y gastos.<\/span><\/li>\n<li style=\"font-weight: 400;\" aria-level=\"1\"><b>Cumplimiento normativo completo<\/b><span style=\"font-weight: 400;\">: cumple con Verifactu, TicketBAI, Facturae y la Ley Antifraude, asegurando que tu gesti\u00f3n de IVA se mantiene dentro de la legalidad.<\/span><\/li>\n<li style=\"font-weight: 400;\" aria-level=\"1\"><b>Seguridad y soporte profesional<\/b><span style=\"font-weight: 400;\">: guarda tus documentos en la nube de forma segura y recibe asistencia siempre que la necesites.<\/span><\/li>\n<\/ul>\n<p><a href=\"https:\/\/www.billin.net\/signup-mkt-app-nueva\/\"><span style=\"font-weight: 400;\">Prueba todas sus funcionalidades sin l\u00edmite durante 30 d\u00edas<\/span><\/a><span style=\"font-weight: 400;\"> y descubre c\u00f3mo <\/span><b>TS Facturas Billin<\/b><span style=\"font-weight: 400;\"> transforma tu forma de trabajar y hace que la gesti\u00f3n del IVA deje de ser un problema.<\/span><\/p>\n","protected":false},"excerpt":{"rendered":"<p>\u00bfY si pudieras recuperar tu IVA cada mes en lugar de esperar todo un a\u00f1o? Para la mayor\u00eda de aut\u00f3nomos, el IVA suele ser un quebradero de cabeza: calcularlo, declararlo, adelantarlo y, en muchos casos, esperar meses o incluso todo un a\u00f1o, para recuperar el dinero soportado en gastos e inversiones.\u00a0 Esta din\u00e1mica puede generar [&hellip;]<\/p>\n","protected":false},"author":20,"featured_media":28617,"comment_status":"open","ping_status":"open","sticky":false,"template":"","format":"standard","meta":{"_acf_changed":false,"_et_pb_use_builder":"","_et_pb_old_content":"","_et_gb_content_width":"","om_disable_all_campaigns":false,"inline_featured_image":false,"footnotes":""},"categories":[1015],"tags":[],"class_list":{"0":"post-28614","1":"post","2":"type-post","3":"status-publish","4":"format-standard","5":"has-post-thumbnail","7":"category-facturacion"},"acf":{"selector_de_usuario":"","fecha_de_revision":null},"yoast_head":"<!-- This site is optimized with the Yoast SEO plugin v27.1 - https:\/\/yoast.com\/product\/yoast-seo-wordpress\/ -->\n<title>C\u00f3mo pedir la devoluci\u00f3n mensual del IVA si eres aut\u00f3nomo<\/title>\n<meta name=\"description\" content=\"\u00bfEres aut\u00f3nomo y necesitas liquidez ya? \u2192 Descubre c\u00f3mo solicitar la devoluci\u00f3n mensual del IVA paso a paso (REDEME), sus requisitos y ventajas.\" \/>\n<meta name=\"robots\" content=\"index, follow, max-snippet:-1, max-image-preview:large, max-video-preview:-1\" \/>\n<link rel=\"canonical\" href=\"https:\/\/www.billin.net\/blog\/como-solicitar-devolucion-mensual-iva-autonomos\/\" \/>\n<meta property=\"og:locale\" content=\"es_ES\" \/>\n<meta property=\"og:type\" content=\"article\" \/>\n<meta property=\"og:title\" content=\"C\u00f3mo pedir la devoluci\u00f3n mensual del IVA si eres aut\u00f3nomo\" \/>\n<meta property=\"og:description\" content=\"\u00bfEres aut\u00f3nomo y necesitas liquidez ya? \u2192 Descubre c\u00f3mo solicitar la devoluci\u00f3n mensual del IVA paso a paso (REDEME), sus requisitos y ventajas.\" \/>\n<meta property=\"og:url\" content=\"https:\/\/www.billin.net\/blog\/como-solicitar-devolucion-mensual-iva-autonomos\/\" \/>\n<meta property=\"og:site_name\" content=\"Blog de TeamSystem Facturas Billin\" \/>\n<meta property=\"article:publisher\" content=\"https:\/\/www.facebook.com\/EsBillin\" \/>\n<meta property=\"article:published_time\" content=\"2026-01-07T15:51:24+00:00\" \/>\n<meta property=\"article:modified_time\" content=\"2026-01-08T09:55:26+00:00\" \/>\n<meta property=\"og:image\" content=\"https:\/\/www.billin.net\/blog\/wp-content\/uploads\/2026\/01\/Como-pedir-la-devolucion-mensual-del-IVA-si-eres-autonomo.jpg\" \/>\n\t<meta property=\"og:image:width\" content=\"2000\" \/>\n\t<meta property=\"og:image:height\" content=\"1335\" \/>\n\t<meta property=\"og:image:type\" content=\"image\/jpeg\" \/>\n<meta name=\"author\" content=\"Marcos De La Cueva - CEO TeamSystem Facturas Billin\" \/>\n<meta name=\"twitter:card\" content=\"summary_large_image\" \/>\n<meta name=\"twitter:creator\" content=\"@Billin_ES\" \/>\n<meta name=\"twitter:site\" content=\"@Billin_ES\" \/>\n<meta name=\"twitter:label1\" content=\"Escrito por\" \/>\n\t<meta name=\"twitter:data1\" content=\"Marcos De La Cueva - CEO TeamSystem Facturas Billin\" \/>\n\t<meta name=\"twitter:label2\" content=\"Tiempo de lectura\" \/>\n\t<meta name=\"twitter:data2\" content=\"10 minutos\" \/>\n<script type=\"application\/ld+json\" class=\"yoast-schema-graph\">{\"@context\":\"https:\/\/schema.org\",\"@graph\":[{\"@type\":\"Article\",\"@id\":\"https:\/\/www.billin.net\/blog\/como-solicitar-devolucion-mensual-iva-autonomos\/#article\",\"isPartOf\":{\"@id\":\"https:\/\/www.billin.net\/blog\/como-solicitar-devolucion-mensual-iva-autonomos\/\"},\"author\":{\"name\":\"Marcos De La Cueva - CEO TeamSystem Facturas Billin\",\"@id\":\"https:\/\/www.billin.net\/blog\/#\/schema\/person\/d0339ee6e869234614541b1e80a793e7\"},\"headline\":\"Devoluci\u00f3n mensual del IVA para aut\u00f3nomos: c\u00f3mo solicitarla\",\"datePublished\":\"2026-01-07T15:51:24+00:00\",\"dateModified\":\"2026-01-08T09:55:26+00:00\",\"mainEntityOfPage\":{\"@id\":\"https:\/\/www.billin.net\/blog\/como-solicitar-devolucion-mensual-iva-autonomos\/\"},\"wordCount\":2220,\"commentCount\":0,\"publisher\":{\"@id\":\"https:\/\/www.billin.net\/blog\/#organization\"},\"image\":{\"@id\":\"https:\/\/www.billin.net\/blog\/como-solicitar-devolucion-mensual-iva-autonomos\/#primaryimage\"},\"thumbnailUrl\":\"https:\/\/www.billin.net\/blog\/wp-content\/uploads\/2026\/01\/Como-pedir-la-devolucion-mensual-del-IVA-si-eres-autonomo.jpg\",\"articleSection\":[\"Facturaci\u00f3n\"],\"inLanguage\":\"es\",\"potentialAction\":[{\"@type\":\"CommentAction\",\"name\":\"Comment\",\"target\":[\"https:\/\/www.billin.net\/blog\/como-solicitar-devolucion-mensual-iva-autonomos\/#respond\"]}]},{\"@type\":\"WebPage\",\"@id\":\"https:\/\/www.billin.net\/blog\/como-solicitar-devolucion-mensual-iva-autonomos\/\",\"url\":\"https:\/\/www.billin.net\/blog\/como-solicitar-devolucion-mensual-iva-autonomos\/\",\"name\":\"C\u00f3mo pedir la devoluci\u00f3n mensual del IVA si eres aut\u00f3nomo\",\"isPartOf\":{\"@id\":\"https:\/\/www.billin.net\/blog\/#website\"},\"primaryImageOfPage\":{\"@id\":\"https:\/\/www.billin.net\/blog\/como-solicitar-devolucion-mensual-iva-autonomos\/#primaryimage\"},\"image\":{\"@id\":\"https:\/\/www.billin.net\/blog\/como-solicitar-devolucion-mensual-iva-autonomos\/#primaryimage\"},\"thumbnailUrl\":\"https:\/\/www.billin.net\/blog\/wp-content\/uploads\/2026\/01\/Como-pedir-la-devolucion-mensual-del-IVA-si-eres-autonomo.jpg\",\"datePublished\":\"2026-01-07T15:51:24+00:00\",\"dateModified\":\"2026-01-08T09:55:26+00:00\",\"description\":\"\u00bfEres aut\u00f3nomo y necesitas liquidez ya? \u2192 Descubre c\u00f3mo solicitar la devoluci\u00f3n mensual del IVA paso a paso (REDEME), sus requisitos y ventajas.\",\"breadcrumb\":{\"@id\":\"https:\/\/www.billin.net\/blog\/como-solicitar-devolucion-mensual-iva-autonomos\/#breadcrumb\"},\"inLanguage\":\"es\",\"potentialAction\":[{\"@type\":\"ReadAction\",\"target\":[\"https:\/\/www.billin.net\/blog\/como-solicitar-devolucion-mensual-iva-autonomos\/\"]}]},{\"@type\":\"ImageObject\",\"inLanguage\":\"es\",\"@id\":\"https:\/\/www.billin.net\/blog\/como-solicitar-devolucion-mensual-iva-autonomos\/#primaryimage\",\"url\":\"https:\/\/www.billin.net\/blog\/wp-content\/uploads\/2026\/01\/Como-pedir-la-devolucion-mensual-del-IVA-si-eres-autonomo.jpg\",\"contentUrl\":\"https:\/\/www.billin.net\/blog\/wp-content\/uploads\/2026\/01\/Como-pedir-la-devolucion-mensual-del-IVA-si-eres-autonomo.jpg\",\"width\":2000,\"height\":1335},{\"@type\":\"BreadcrumbList\",\"@id\":\"https:\/\/www.billin.net\/blog\/como-solicitar-devolucion-mensual-iva-autonomos\/#breadcrumb\",\"itemListElement\":[{\"@type\":\"ListItem\",\"position\":1,\"name\":\"Blog\",\"item\":\"https:\/\/www.billin.net\/blog\/\"},{\"@type\":\"ListItem\",\"position\":2,\"name\":\"Facturaci\u00f3n\",\"item\":\"https:\/\/www.billin.net\/blog\/facturacion\/\"},{\"@type\":\"ListItem\",\"position\":3,\"name\":\"Devoluci\u00f3n mensual del IVA para aut\u00f3nomos: c\u00f3mo solicitarla\"}]},{\"@type\":\"WebSite\",\"@id\":\"https:\/\/www.billin.net\/blog\/#website\",\"url\":\"https:\/\/www.billin.net\/blog\/\",\"name\":\"Blog de Billin\",\"description\":\"Mantente informado con el blog de TeamSystem Facturas Billin:  facturaci\u00f3n, legislaci\u00f3n, contabilidad, management y toda la informaci\u00f3n \u00fatil para pymes y aut\u00f3nomos.\",\"publisher\":{\"@id\":\"https:\/\/www.billin.net\/blog\/#organization\"},\"potentialAction\":[{\"@type\":\"SearchAction\",\"target\":{\"@type\":\"EntryPoint\",\"urlTemplate\":\"https:\/\/www.billin.net\/blog\/?s={search_term_string}\"},\"query-input\":{\"@type\":\"PropertyValueSpecification\",\"valueRequired\":true,\"valueName\":\"search_term_string\"}}],\"inLanguage\":\"es\"},{\"@type\":\"Organization\",\"@id\":\"https:\/\/www.billin.net\/blog\/#organization\",\"name\":\"Billin\",\"alternateName\":\"Blog de Billin\",\"url\":\"https:\/\/www.billin.net\/blog\/\",\"logo\":{\"@type\":\"ImageObject\",\"inLanguage\":\"es\",\"@id\":\"https:\/\/www.billin.net\/blog\/#\/schema\/logo\/image\/\",\"url\":\"https:\/\/www.billin.net\/blog\/wp-content\/uploads\/2019\/06\/logotipo-billin-blog-1.png\",\"contentUrl\":\"https:\/\/www.billin.net\/blog\/wp-content\/uploads\/2019\/06\/logotipo-billin-blog-1.png\",\"width\":126,\"height\":50,\"caption\":\"Billin\"},\"image\":{\"@id\":\"https:\/\/www.billin.net\/blog\/#\/schema\/logo\/image\/\"},\"sameAs\":[\"https:\/\/www.facebook.com\/EsBillin\",\"https:\/\/x.com\/Billin_ES\",\"https:\/\/www.instagram.com\/billin_es\/\",\"https:\/\/www.linkedin.com\/company\/billin-spain\",\"https:\/\/www.youtube.com\/c\/BillinEsintercambiodefacturas\/\"],\"legalName\":\"MY EXPENSES SL\",\"contactPoint\":{\"@type\":\"ContactPoint\",\"telephone\":\"+34918318883\",\"contactType\":\"customer service\",\"email\":\"info@billin.eu\",\"availableLanguage\":\"es\"},\"foundingDate\":\"2015\",\"numberOfEmployees\":{\"@type\":\"QuantitativeValue\",\"minValue\":10,\"maxValue\":50},\"parentOrganization\":{\"@type\":\"Organization\",\"name\":\"TeamSystem\",\"url\":\"https:\/\/www.teamsystem.com\/\"},\"description\":\"Billin es el programa de facturaci\u00f3n online de TeamSystem para aut\u00f3nomos y pymes en Espa\u00f1a. Permite crear facturas, controlar gastos y cumplir con Verifactu.\",\"address\":{\"@type\":\"PostalAddress\",\"streetAddress\":\"Calle Arturo Soria, 336\",\"addressLocality\":\"Madrid\",\"addressRegion\":\"Madrid\",\"postalCode\":\"28033\",\"addressCountry\":\"ES\"}},{\"@type\":\"Person\",\"@id\":\"https:\/\/www.billin.net\/blog\/#\/schema\/person\/d0339ee6e869234614541b1e80a793e7\",\"name\":\"Marcos De La Cueva - CEO TeamSystem Facturas Billin\",\"image\":{\"@type\":\"ImageObject\",\"inLanguage\":\"es\",\"@id\":\"https:\/\/www.billin.net\/blog\/#\/schema\/person\/image\/\",\"url\":\"https:\/\/www.billin.net\/blog\/wp-content\/uploads\/2023\/10\/marcos-color-150x150.png\",\"contentUrl\":\"https:\/\/www.billin.net\/blog\/wp-content\/uploads\/2023\/10\/marcos-color-150x150.png\",\"caption\":\"Marcos De La Cueva - CEO TeamSystem Facturas Billin\"},\"description\":\"Licenciado en ADE por la Universidad Aut\u00f3noma de Madrid, Marcos De la Cueva es CEO y cofundador de TeamSystem Facturas Billin, un programa online que lleva m\u00e1s de 9 a\u00f1os ayudando a aut\u00f3nomos, peque\u00f1os negocios y gestor\u00edas a digitalizar sus presupuestos, facturas, tickets y gastos. \u00a0 Sobre Marcos De La Cueva \u00a0 Apasionado por el mundo empresarial y la tecnolog\u00eda, curs\u00f3 su M\u00e1ster de Finanzas en la Universidad Pontificia de Comillas y estuvo en el Programa de Cooperaci\u00f3n Educativa de la Universidad Aut\u00f3noma de Madrid. \u00a0 Marcos siempre ha tenido su objetivo claro: ayudar a la creaci\u00f3n de negocios financieramente sostenibles a trav\u00e9s de una herramienta de facturaci\u00f3n que les permita ahorrar tiempo y tener la contabilidad bajo control. \u00a0 Marcos De La Cueva en los medios \u2014 Noticia sobre Kit Digital y Ley Antifraude (VeriFactu) en El Economista. \u2014 Noticia sobre Kit Digital y factura electr\u00f3nica obligatoria en Diario Jur\u00eddico. \u2014 Noticia sobre el a\u00f1o de transici\u00f3n para la factura electr\u00f3nica en Muy Pymes. \u2014 Entrevista sobre factura electr\u00f3nica obligatoria en Canal Sur. \u2014 Noticia sobre el informe factura electr\u00f3nica de TeamSystem en Channel Partner. \u2014 Charla sobre productividad y Ley Crea y Crece en El Economista. \u2014 Charla sobre factura electr\u00f3nica obligatoria en Muy Pymes. \u2014 Charla sobre digitalizaci\u00f3n aut\u00f3nomos y productividad en esdiario. \u2014 Charla sobre productividad y factura electr\u00f3nica en La Raz\u00f3n. \u2014 Charla sobre factura electr\u00f3nica obligatoria en Aut\u00f3nomos y Emprendedores. \u2014 Entrevista sobre Ley Antifraude y Ley Crea y Crece en Expansi\u00f3n. \u2014 Entrevista sobre Ley Antifraude y Ley Crea y Crece en La Raz\u00f3n. \u2014 Entrevista sobre factura electr\u00f3nica obligatoria en El Economista. \u2014 Comunicado Billin y TeamSystem en Business Insider. \u2014 Entrevista en Econom\u00eda Digital. \u2014 Entrevista en Ideas para tu empresa de Vodafone. \u2014 Entrevista en M\u00e1sQradio. \u2014 Entrevista en Armas para emprender de El M\u00e9todo Gallardo. \u2014 Entrevista en KFund. \u2014 Entrevista en AXA Seguros Espa\u00f1a. \u2014 Entrevista en GestionaRadio. \u00a0 Marcos De La Cueva en eventos \u00a0 \u2014 Participaci\u00f3n como ponente en Accountex Espa\u00f1a 2023. \u00a0 Tem\u00e1ticas de especializaci\u00f3n \u00a0 negocios | startups | contabilidad| fiscalidad | empresas| asesor\u00edas| autonomos | emprendedores | peque\u00f1os negocios | econom\u00eda | ADE | pymes | desarrollo de negocio\u00a0\",\"sameAs\":[\"https:\/\/www.billin.net\/\",\"https:\/\/www.linkedin.com\/in\/marcos-de-la-cueva-19750ba3\/\"],\"url\":\"https:\/\/www.billin.net\/blog\/author\/marcosdelacueva\/\",\"jobTitle\":\"CEO y cofundador de TS Facturas Billin\"}]}<\/script>\n<!-- \/ Yoast SEO plugin. -->","yoast_head_json":{"title":"C\u00f3mo pedir la devoluci\u00f3n mensual del IVA si eres aut\u00f3nomo","description":"\u00bfEres aut\u00f3nomo y necesitas liquidez ya? \u2192 Descubre c\u00f3mo solicitar la devoluci\u00f3n mensual del IVA paso a paso (REDEME), sus requisitos y ventajas.","robots":{"index":"index","follow":"follow","max-snippet":"max-snippet:-1","max-image-preview":"max-image-preview:large","max-video-preview":"max-video-preview:-1"},"canonical":"https:\/\/www.billin.net\/blog\/como-solicitar-devolucion-mensual-iva-autonomos\/","og_locale":"es_ES","og_type":"article","og_title":"C\u00f3mo pedir la devoluci\u00f3n mensual del IVA si eres aut\u00f3nomo","og_description":"\u00bfEres aut\u00f3nomo y necesitas liquidez ya? \u2192 Descubre c\u00f3mo solicitar la devoluci\u00f3n mensual del IVA paso a paso (REDEME), sus requisitos y ventajas.","og_url":"https:\/\/www.billin.net\/blog\/como-solicitar-devolucion-mensual-iva-autonomos\/","og_site_name":"Blog de TeamSystem Facturas Billin","article_publisher":"https:\/\/www.facebook.com\/EsBillin","article_published_time":"2026-01-07T15:51:24+00:00","article_modified_time":"2026-01-08T09:55:26+00:00","og_image":[{"width":2000,"height":1335,"url":"https:\/\/www.billin.net\/blog\/wp-content\/uploads\/2026\/01\/Como-pedir-la-devolucion-mensual-del-IVA-si-eres-autonomo.jpg","type":"image\/jpeg"}],"author":"Marcos De La Cueva - CEO TeamSystem Facturas Billin","twitter_card":"summary_large_image","twitter_creator":"@Billin_ES","twitter_site":"@Billin_ES","twitter_misc":{"Escrito por":"Marcos De La Cueva - CEO TeamSystem Facturas Billin","Tiempo de lectura":"10 minutos"},"schema":{"@context":"https:\/\/schema.org","@graph":[{"@type":"Article","@id":"https:\/\/www.billin.net\/blog\/como-solicitar-devolucion-mensual-iva-autonomos\/#article","isPartOf":{"@id":"https:\/\/www.billin.net\/blog\/como-solicitar-devolucion-mensual-iva-autonomos\/"},"author":{"name":"Marcos De La Cueva - CEO TeamSystem Facturas Billin","@id":"https:\/\/www.billin.net\/blog\/#\/schema\/person\/d0339ee6e869234614541b1e80a793e7"},"headline":"Devoluci\u00f3n mensual del IVA para aut\u00f3nomos: c\u00f3mo solicitarla","datePublished":"2026-01-07T15:51:24+00:00","dateModified":"2026-01-08T09:55:26+00:00","mainEntityOfPage":{"@id":"https:\/\/www.billin.net\/blog\/como-solicitar-devolucion-mensual-iva-autonomos\/"},"wordCount":2220,"commentCount":0,"publisher":{"@id":"https:\/\/www.billin.net\/blog\/#organization"},"image":{"@id":"https:\/\/www.billin.net\/blog\/como-solicitar-devolucion-mensual-iva-autonomos\/#primaryimage"},"thumbnailUrl":"https:\/\/www.billin.net\/blog\/wp-content\/uploads\/2026\/01\/Como-pedir-la-devolucion-mensual-del-IVA-si-eres-autonomo.jpg","articleSection":["Facturaci\u00f3n"],"inLanguage":"es","potentialAction":[{"@type":"CommentAction","name":"Comment","target":["https:\/\/www.billin.net\/blog\/como-solicitar-devolucion-mensual-iva-autonomos\/#respond"]}]},{"@type":"WebPage","@id":"https:\/\/www.billin.net\/blog\/como-solicitar-devolucion-mensual-iva-autonomos\/","url":"https:\/\/www.billin.net\/blog\/como-solicitar-devolucion-mensual-iva-autonomos\/","name":"C\u00f3mo pedir la devoluci\u00f3n mensual del IVA si eres aut\u00f3nomo","isPartOf":{"@id":"https:\/\/www.billin.net\/blog\/#website"},"primaryImageOfPage":{"@id":"https:\/\/www.billin.net\/blog\/como-solicitar-devolucion-mensual-iva-autonomos\/#primaryimage"},"image":{"@id":"https:\/\/www.billin.net\/blog\/como-solicitar-devolucion-mensual-iva-autonomos\/#primaryimage"},"thumbnailUrl":"https:\/\/www.billin.net\/blog\/wp-content\/uploads\/2026\/01\/Como-pedir-la-devolucion-mensual-del-IVA-si-eres-autonomo.jpg","datePublished":"2026-01-07T15:51:24+00:00","dateModified":"2026-01-08T09:55:26+00:00","description":"\u00bfEres aut\u00f3nomo y necesitas liquidez ya? \u2192 Descubre c\u00f3mo solicitar la devoluci\u00f3n mensual del IVA paso a paso (REDEME), sus requisitos y ventajas.","breadcrumb":{"@id":"https:\/\/www.billin.net\/blog\/como-solicitar-devolucion-mensual-iva-autonomos\/#breadcrumb"},"inLanguage":"es","potentialAction":[{"@type":"ReadAction","target":["https:\/\/www.billin.net\/blog\/como-solicitar-devolucion-mensual-iva-autonomos\/"]}]},{"@type":"ImageObject","inLanguage":"es","@id":"https:\/\/www.billin.net\/blog\/como-solicitar-devolucion-mensual-iva-autonomos\/#primaryimage","url":"https:\/\/www.billin.net\/blog\/wp-content\/uploads\/2026\/01\/Como-pedir-la-devolucion-mensual-del-IVA-si-eres-autonomo.jpg","contentUrl":"https:\/\/www.billin.net\/blog\/wp-content\/uploads\/2026\/01\/Como-pedir-la-devolucion-mensual-del-IVA-si-eres-autonomo.jpg","width":2000,"height":1335},{"@type":"BreadcrumbList","@id":"https:\/\/www.billin.net\/blog\/como-solicitar-devolucion-mensual-iva-autonomos\/#breadcrumb","itemListElement":[{"@type":"ListItem","position":1,"name":"Blog","item":"https:\/\/www.billin.net\/blog\/"},{"@type":"ListItem","position":2,"name":"Facturaci\u00f3n","item":"https:\/\/www.billin.net\/blog\/facturacion\/"},{"@type":"ListItem","position":3,"name":"Devoluci\u00f3n mensual del IVA para aut\u00f3nomos: c\u00f3mo solicitarla"}]},{"@type":"WebSite","@id":"https:\/\/www.billin.net\/blog\/#website","url":"https:\/\/www.billin.net\/blog\/","name":"Blog de Billin","description":"Mantente informado con el blog de TeamSystem Facturas Billin:  facturaci\u00f3n, legislaci\u00f3n, contabilidad, management y toda la informaci\u00f3n \u00fatil para pymes y aut\u00f3nomos.","publisher":{"@id":"https:\/\/www.billin.net\/blog\/#organization"},"potentialAction":[{"@type":"SearchAction","target":{"@type":"EntryPoint","urlTemplate":"https:\/\/www.billin.net\/blog\/?s={search_term_string}"},"query-input":{"@type":"PropertyValueSpecification","valueRequired":true,"valueName":"search_term_string"}}],"inLanguage":"es"},{"@type":"Organization","@id":"https:\/\/www.billin.net\/blog\/#organization","name":"Billin","alternateName":"Blog de Billin","url":"https:\/\/www.billin.net\/blog\/","logo":{"@type":"ImageObject","inLanguage":"es","@id":"https:\/\/www.billin.net\/blog\/#\/schema\/logo\/image\/","url":"https:\/\/www.billin.net\/blog\/wp-content\/uploads\/2019\/06\/logotipo-billin-blog-1.png","contentUrl":"https:\/\/www.billin.net\/blog\/wp-content\/uploads\/2019\/06\/logotipo-billin-blog-1.png","width":126,"height":50,"caption":"Billin"},"image":{"@id":"https:\/\/www.billin.net\/blog\/#\/schema\/logo\/image\/"},"sameAs":["https:\/\/www.facebook.com\/EsBillin","https:\/\/x.com\/Billin_ES","https:\/\/www.instagram.com\/billin_es\/","https:\/\/www.linkedin.com\/company\/billin-spain","https:\/\/www.youtube.com\/c\/BillinEsintercambiodefacturas\/"],"legalName":"MY EXPENSES SL","contactPoint":{"@type":"ContactPoint","telephone":"+34918318883","contactType":"customer service","email":"info@billin.eu","availableLanguage":"es"},"foundingDate":"2015","numberOfEmployees":{"@type":"QuantitativeValue","minValue":10,"maxValue":50},"parentOrganization":{"@type":"Organization","name":"TeamSystem","url":"https:\/\/www.teamsystem.com\/"},"description":"Billin es el programa de facturaci\u00f3n online de TeamSystem para aut\u00f3nomos y pymes en Espa\u00f1a. Permite crear facturas, controlar gastos y cumplir con Verifactu.","address":{"@type":"PostalAddress","streetAddress":"Calle Arturo Soria, 336","addressLocality":"Madrid","addressRegion":"Madrid","postalCode":"28033","addressCountry":"ES"}},{"@type":"Person","@id":"https:\/\/www.billin.net\/blog\/#\/schema\/person\/d0339ee6e869234614541b1e80a793e7","name":"Marcos De La Cueva - CEO TeamSystem Facturas Billin","image":{"@type":"ImageObject","inLanguage":"es","@id":"https:\/\/www.billin.net\/blog\/#\/schema\/person\/image\/","url":"https:\/\/www.billin.net\/blog\/wp-content\/uploads\/2023\/10\/marcos-color-150x150.png","contentUrl":"https:\/\/www.billin.net\/blog\/wp-content\/uploads\/2023\/10\/marcos-color-150x150.png","caption":"Marcos De La Cueva - CEO TeamSystem Facturas Billin"},"description":"Licenciado en ADE por la Universidad Aut\u00f3noma de Madrid, Marcos De la Cueva es CEO y cofundador de TeamSystem Facturas Billin, un programa online que lleva m\u00e1s de 9 a\u00f1os ayudando a aut\u00f3nomos, peque\u00f1os negocios y gestor\u00edas a digitalizar sus presupuestos, facturas, tickets y gastos. \u00a0 Sobre Marcos De La Cueva \u00a0 Apasionado por el mundo empresarial y la tecnolog\u00eda, curs\u00f3 su M\u00e1ster de Finanzas en la Universidad Pontificia de Comillas y estuvo en el Programa de Cooperaci\u00f3n Educativa de la Universidad Aut\u00f3noma de Madrid. \u00a0 Marcos siempre ha tenido su objetivo claro: ayudar a la creaci\u00f3n de negocios financieramente sostenibles a trav\u00e9s de una herramienta de facturaci\u00f3n que les permita ahorrar tiempo y tener la contabilidad bajo control. \u00a0 Marcos De La Cueva en los medios \u2014 Noticia sobre Kit Digital y Ley Antifraude (VeriFactu) en El Economista. \u2014 Noticia sobre Kit Digital y factura electr\u00f3nica obligatoria en Diario Jur\u00eddico. \u2014 Noticia sobre el a\u00f1o de transici\u00f3n para la factura electr\u00f3nica en Muy Pymes. \u2014 Entrevista sobre factura electr\u00f3nica obligatoria en Canal Sur. \u2014 Noticia sobre el informe factura electr\u00f3nica de TeamSystem en Channel Partner. \u2014 Charla sobre productividad y Ley Crea y Crece en El Economista. \u2014 Charla sobre factura electr\u00f3nica obligatoria en Muy Pymes. \u2014 Charla sobre digitalizaci\u00f3n aut\u00f3nomos y productividad en esdiario. \u2014 Charla sobre productividad y factura electr\u00f3nica en La Raz\u00f3n. \u2014 Charla sobre factura electr\u00f3nica obligatoria en Aut\u00f3nomos y Emprendedores. \u2014 Entrevista sobre Ley Antifraude y Ley Crea y Crece en Expansi\u00f3n. \u2014 Entrevista sobre Ley Antifraude y Ley Crea y Crece en La Raz\u00f3n. \u2014 Entrevista sobre factura electr\u00f3nica obligatoria en El Economista. \u2014 Comunicado Billin y TeamSystem en Business Insider. \u2014 Entrevista en Econom\u00eda Digital. \u2014 Entrevista en Ideas para tu empresa de Vodafone. \u2014 Entrevista en M\u00e1sQradio. \u2014 Entrevista en Armas para emprender de El M\u00e9todo Gallardo. \u2014 Entrevista en KFund. \u2014 Entrevista en AXA Seguros Espa\u00f1a. \u2014 Entrevista en GestionaRadio. \u00a0 Marcos De La Cueva en eventos \u00a0 \u2014 Participaci\u00f3n como ponente en Accountex Espa\u00f1a 2023. \u00a0 Tem\u00e1ticas de especializaci\u00f3n \u00a0 negocios | startups | contabilidad| fiscalidad | empresas| asesor\u00edas| autonomos | emprendedores | peque\u00f1os negocios | econom\u00eda | ADE | pymes | desarrollo de negocio\u00a0","sameAs":["https:\/\/www.billin.net\/","https:\/\/www.linkedin.com\/in\/marcos-de-la-cueva-19750ba3\/"],"url":"https:\/\/www.billin.net\/blog\/author\/marcosdelacueva\/","jobTitle":"CEO y cofundador de TS Facturas Billin"}]}},"_links":{"self":[{"href":"https:\/\/www.billin.net\/blog\/wp-json\/wp\/v2\/posts\/28614","targetHints":{"allow":["GET"]}}],"collection":[{"href":"https:\/\/www.billin.net\/blog\/wp-json\/wp\/v2\/posts"}],"about":[{"href":"https:\/\/www.billin.net\/blog\/wp-json\/wp\/v2\/types\/post"}],"author":[{"embeddable":true,"href":"https:\/\/www.billin.net\/blog\/wp-json\/wp\/v2\/users\/20"}],"replies":[{"embeddable":true,"href":"https:\/\/www.billin.net\/blog\/wp-json\/wp\/v2\/comments?post=28614"}],"version-history":[{"count":4,"href":"https:\/\/www.billin.net\/blog\/wp-json\/wp\/v2\/posts\/28614\/revisions"}],"predecessor-version":[{"id":28643,"href":"https:\/\/www.billin.net\/blog\/wp-json\/wp\/v2\/posts\/28614\/revisions\/28643"}],"wp:featuredmedia":[{"embeddable":true,"href":"https:\/\/www.billin.net\/blog\/wp-json\/wp\/v2\/media\/28617"}],"wp:attachment":[{"href":"https:\/\/www.billin.net\/blog\/wp-json\/wp\/v2\/media?parent=28614"}],"wp:term":[{"taxonomy":"category","embeddable":true,"href":"https:\/\/www.billin.net\/blog\/wp-json\/wp\/v2\/categories?post=28614"},{"taxonomy":"post_tag","embeddable":true,"href":"https:\/\/www.billin.net\/blog\/wp-json\/wp\/v2\/tags?post=28614"}],"curies":[{"name":"wp","href":"https:\/\/api.w.org\/{rel}","templated":true}]}}