{"id":28230,"date":"2025-11-20T11:36:28","date_gmt":"2025-11-20T09:36:28","guid":{"rendered":"https:\/\/www.billin.net\/blog\/?p=28230"},"modified":"2025-11-20T15:38:04","modified_gmt":"2025-11-20T13:38:04","slug":"como-facturar-a-un-colegio","status":"publish","type":"post","link":"https:\/\/www.billin.net\/blog\/como-facturar-a-un-colegio\/","title":{"rendered":"\u00bfC\u00f3mo debemos facturar a un colegio? Todos los pasos y ejemplos"},"content":{"rendered":"<p><span style=\"font-weight: 400;\">Cuando un aut\u00f3nomo o pyme ofrece sus servicios a un colegio, es habitual que surjan dudas sobre <\/span><b>c\u00f3mo emitir la factura correctamente<\/b><span style=\"font-weight: 400;\">.\u00a0<\/span><\/p>\n<p><span style=\"font-weight: 400;\">\u00bfDebo aplicar IVA o est\u00e1 exenta la operaci\u00f3n? Estas preguntas son frecuentes porque, en funci\u00f3n del tipo de servicio, la normativa del impuesto puede variar considerablemente.<\/span><\/p>\n<p><span style=\"font-weight: 400;\">Facturar a un colegio no es igual que hacerlo a una empresa privada o a un particular. En el \u00e1mbito educativo existen <\/span><a href=\"https:\/\/www.billin.net\/blog\/actividades-exentas-iva\/\"><span style=\"font-weight: 400;\">actividades exentas de IVA<\/span><\/a><span style=\"font-weight: 400;\">, especialmente aquellas relacionadas con la formaci\u00f3n exenta de IVA, mientras que otros servicios, como mantenimiento o consultor\u00eda, s\u00ed deben incluir el impuesto.<\/span><\/p>\n<p><span style=\"font-weight: 400;\">Por eso, antes de emitir una factura, es fundamental analizar la naturaleza del trabajo realizado y comprobar si tiene car\u00e1cter formativo o no.<\/span><\/p>\n<p><span style=\"font-weight: 400;\">A continuaci\u00f3n, <\/span><b>vamos a analizar c\u00f3mo distinguir cu\u00e1ndo aplicar IVA y cu\u00e1ndo no, as\u00ed como los pasos que todo profesional debe seguir<\/b><span style=\"font-weight: 400;\"> para facturar de forma correcta a un centro educativo.<\/span><\/p>\n<h2><b>Identifica si tu actividad en el colegio est\u00e1 exenta de IVA<\/b><\/h2>\n<p><span style=\"font-weight: 400;\">Cuando trabajas con un colegio, lo primero que debes tener claro es <\/span><b>si tu servicio forma parte de una actividad educativa<\/b><span style=\"font-weight: 400;\">. No todas lo son, pero si lo que haces est\u00e1 directamente relacionado con la ense\u00f1anza o la formaci\u00f3n, es muy probable que est\u00e9s ante una actividad exenta de IVA.<\/span><\/p>\n<p><b>Seg\u00fan establece el <\/b><a href=\"https:\/\/www.boe.es\/buscar\/act.php?id=BOE-A-1992-28740&amp;p=20250123&amp;tn=1#a20\"><b>art\u00edculo 20 Uno.9\u00ba de la Ley 37\/1992 del IVA<\/b><\/a><b> est\u00e1n exentas de IVA las siguientes operaciones:<\/b><\/p>\n<p><i><span style=\"font-weight: 400;\">\u201cLa educaci\u00f3n de la infancia y de la juventud, la guarda y custodia de ni\u00f1os, incluida la atenci\u00f3n a ni\u00f1os en los centros docentes en tiempo interlectivo durante el comedor escolar o en aulas en servicio de guarder\u00eda fuera del horario escolar, la ense\u00f1anza escolar, universitaria y de postgraduados, la ense\u00f1anza de idiomas y la formaci\u00f3n y reciclaje profesional, realizadas por Entidades de derecho p\u00fablico o entidades privadas autorizadas para el ejercicio de dichas actividades.<\/span><\/i><\/p>\n<p><i><span style=\"font-weight: 400;\">La exenci\u00f3n se extender\u00e1 a las prestaciones de servicios y entregas de bienes directamente relacionadas con los servicios enumerados en el p\u00e1rrafo anterior, efectuadas, con medios propios o ajenos, por las mismas empresas docentes o educativas que presten los mencionados servicios\u201d.<\/span><\/i><\/p>\n<p><span style=\"font-weight: 400;\">Seg\u00fan \u00e9sto, <\/span><b>est\u00e1n exentas de IVA la educaci\u00f3n infantil y juvenil, la ense\u00f1anza escolar, universitaria o de posgrado, la ense\u00f1anza de idiomas y la formaci\u00f3n o reciclaje profesional.\u00a0<\/b><\/p>\n<p><span style=\"font-weight: 400;\">Tambi\u00e9n entran en este grupo las clases particulares de materias incluidas en planes de estudio oficiales, siempre que las imparta una persona f\u00edsica (no una empresa o academia).<\/span><\/p>\n<p><span style=\"font-weight: 400;\">Esta exenci\u00f3n se extiende a todos los servicios y bienes que est\u00e9n <\/span><b>directamente relacionados con la ense\u00f1anza<\/b><span style=\"font-weight: 400;\">, como el material did\u00e1ctico o los recursos que el propio formador o centro educativo utiliza para impartir sus clases.<\/span><\/p>\n<p><span style=\"font-weight: 400;\">La <\/span><a href=\"https:\/\/sede.agenciatributaria.gob.es\/Sede\/ayuda\/manuales-videos-folletos\/manuales-practicos\/manual-iva-2021\/capitulo-3-entregas-bienes-servicios-profesionales\/entregas-bienes-servic-realizadas-empresarios-profesionales\/operaciones-exentas\/exenciones-operaciones-interiores\/exenciones-relativas-actividades-educativas.html\"><span style=\"font-weight: 400;\">Agencia Tributaria<\/span><\/a><span style=\"font-weight: 400;\"> aclara que, seg\u00fan la jurisprudencia europea y la Direcci\u00f3n General de Tributos (DGT), estos servicios educativos est\u00e1n exentos, <\/span><b>aunque no cuenten con una autorizaci\u00f3n administrativa<\/b><span style=\"font-weight: 400;\"> espec\u00edfica.\u00a0<\/span><\/p>\n<p><b>\u25b6\ufe0f <\/b><b>Ejemplo pr\u00e1ctico: <\/b><span style=\"font-weight: 400;\">si eres aut\u00f3nomo y te contrata un colegio para impartir talleres de rob\u00f3tica, clases de conversaci\u00f3n en ingl\u00e9s o formaci\u00f3n en competencias digitales para su profesorado, estar\u00e1s realizando una <\/span><b>formaci\u00f3n exenta de IVA<\/b><span style=\"font-weight: 400;\">.<\/span><\/p>\n<h3><b>Cu\u00e1ndo s\u00ed debes aplicar IVA a los servicios prestados a colegios<\/b><\/h3>\n<table class=\"mtr-table mtr-tr-td\">\n<tbody>\n<tr>\n<td data-mtr-content=\"Situaci\u00f3n\" class=\"mtr-td-tag\"><div class=\"mtr-cell-content\"><b>Situaci\u00f3n<\/b><\/div><\/td>\n<td data-mtr-content=\"Aplicaci\u00f3n del IVA\" class=\"mtr-td-tag\"><div class=\"mtr-cell-content\"><b>Aplicaci\u00f3n del IVA<\/b><\/div><\/td>\n<td data-mtr-content=\"Detalles Importantes\" class=\"mtr-td-tag\"><div class=\"mtr-cell-content\"><b>Detalles Importantes<\/b><\/div><\/td>\n<\/tr>\n<tr>\n<td data-mtr-content=\"Situaci\u00f3n\" class=\"mtr-td-tag\"><div class=\"mtr-cell-content\"><b>Servicios no educativos<\/b><\/div><\/td>\n<td data-mtr-content=\"Aplicaci\u00f3n del IVA\" class=\"mtr-td-tag\"><div class=\"mtr-cell-content\"><b>S\u00ed, se debe aplicar IVA<\/b><\/div><\/td>\n<td data-mtr-content=\"Detalles Importantes\" class=\"mtr-td-tag\"><div class=\"mtr-cell-content\"><span style=\"font-weight: 400;\">Si el servicio no tiene un prop\u00f3sito educativo, se debe aplicar el IVA correspondiente (normalmente 21%).<\/span><\/div><\/td>\n<\/tr>\n<tr>\n<td data-mtr-content=\"Situaci\u00f3n\" class=\"mtr-td-tag\"><div class=\"mtr-cell-content\"><b>Ejemplos de servicios sujetos a IVA<\/b><\/div><\/td>\n<td data-mtr-content=\"Aplicaci\u00f3n del IVA\" class=\"mtr-td-tag\"><div class=\"mtr-cell-content\"><b>S\u00ed, se debe aplicar IVA<\/b><\/div><\/td>\n<td data-mtr-content=\"Detalles Importantes\" class=\"mtr-td-tag\"><div class=\"mtr-cell-content\"><span style=\"font-weight: 400;\">Servicios de limpieza, mantenimiento inform\u00e1tico, jardiner\u00eda o catering prestados a colegios.<\/span><\/div><\/td>\n<\/tr>\n<tr>\n<td data-mtr-content=\"Situaci\u00f3n\" class=\"mtr-td-tag\"><div class=\"mtr-cell-content\"><b>Servicios de comedor externos<\/b><\/div><\/td>\n<td data-mtr-content=\"Aplicaci\u00f3n del IVA\" class=\"mtr-td-tag\"><div class=\"mtr-cell-content\"><b>S\u00ed, se debe aplicar IVA<\/b><\/div><\/td>\n<td data-mtr-content=\"Detalles Importantes\" class=\"mtr-td-tag\"><div class=\"mtr-cell-content\"><span style=\"font-weight: 400;\">Solo est\u00e1n exentos los servicios de comedor prestados directamente por el centro a sus alumnos. Los realizados por empresas externas deben llevar IVA.<\/span><\/div><\/td>\n<\/tr>\n<tr>\n<td data-mtr-content=\"Situaci\u00f3n\" class=\"mtr-td-tag\"><div class=\"mtr-cell-content\"><b>Servicios deportivos externos<\/b><\/div><\/td>\n<td data-mtr-content=\"Aplicaci\u00f3n del IVA\" class=\"mtr-td-tag\"><div class=\"mtr-cell-content\"><b>S\u00ed, se debe aplicar IVA<\/b><\/div><\/td>\n<td data-mtr-content=\"Detalles Importantes\" class=\"mtr-td-tag\"><div class=\"mtr-cell-content\"><span style=\"font-weight: 400;\">Los servicios deportivos ofrecidos por empresas ajenas al centro docente est\u00e1n sujetos a IVA.<\/span><\/div><\/td>\n<\/tr>\n<tr>\n<td data-mtr-content=\"Situaci\u00f3n\" class=\"mtr-td-tag\"><div class=\"mtr-cell-content\"><b>Servicios de alojamiento\/residencia<\/b><\/div><\/td>\n<td data-mtr-content=\"Aplicaci\u00f3n del IVA\" class=\"mtr-td-tag\"><div class=\"mtr-cell-content\"><b>S\u00ed, se debe aplicar IVA<\/b><\/div><\/td>\n<td data-mtr-content=\"Detalles Importantes\" class=\"mtr-td-tag\"><div class=\"mtr-cell-content\"><span style=\"font-weight: 400;\">Los servicios de alojamiento o residencia de estudiantes prestados por empresas ajenas al centro est\u00e1n sujetos a IVA.<\/span><\/div><\/td>\n<\/tr>\n<tr>\n<td data-mtr-content=\"Situaci\u00f3n\" class=\"mtr-td-tag\"><div class=\"mtr-cell-content\"><b>Cursos a distancia con material<\/b><\/div><\/td>\n<td data-mtr-content=\"Aplicaci\u00f3n del IVA\" class=\"mtr-td-tag\"><div class=\"mtr-cell-content\"><b>S\u00ed, se debe aplicar IVA<\/b><\/div><\/td>\n<td data-mtr-content=\"Detalles Importantes\" class=\"mtr-td-tag\"><div class=\"mtr-cell-content\"><span style=\"font-weight: 400;\">Aunque se venda material educativo (libros, v\u00eddeos, etc.), la operaci\u00f3n se considera venta de bienes, no formaci\u00f3n. Por lo tanto, est\u00e1 sujeta a IVA.<\/span><\/div><\/td>\n<\/tr>\n<\/tbody>\n<\/table>\n<p><span style=\"font-weight: 400;\">Ahora bien, no todos los servicios prestados a un colegio est\u00e1n exentos. Si tu trabajo <\/span><b>no tiene un prop\u00f3sito educativo<\/b><span style=\"font-weight: 400;\">, entonces deber\u00e1s aplicar el IVA correspondiente, normalmente el 21%.<\/span><\/p>\n<p><span style=\"font-weight: 400;\">Por ejemplo, si eres una empresa de limpieza, de mantenimiento inform\u00e1tico, de jardiner\u00eda o incluso una empresa de catering que da servicio al comedor del colegio, <\/span><b>s\u00ed tendr\u00e1s que repercutir el IVA<\/b><span style=\"font-weight: 400;\">.\u00a0<\/span><\/p>\n<p><span style=\"font-weight: 400;\">En este \u00faltimo caso, la Agencia Tributaria lo deja muy claro: solo est\u00e1n exentos los servicios de comedor prestados directamente por el centro a sus alumnos, no los realizados por empresas externas.<\/span><\/p>\n<p><span style=\"font-weight: 400;\">Tambi\u00e9n se consideran <\/span><b>sujetos a IVA<\/b> <b>los servicios deportivos ofrecidos por empresas ajenas al centro docente y los de alojamiento o residencia de estudiantes.<\/b><\/p>\n<p><span style=\"font-weight: 400;\">Otra excepci\u00f3n importante son los llamados <\/span><b>\u201ccursos a distancia\u201d<\/b><span style=\"font-weight: 400;\"> que, en realidad, consisten principalmente en la venta de materiales (libros, v\u00eddeos o fasc\u00edculos) acompa\u00f1ados de un peque\u00f1o servicio de atenci\u00f3n.\u00a0<\/span><\/p>\n<p><span style=\"font-weight: 400;\">En estos casos, Hacienda entiende que lo que se est\u00e1 vendiendo son bienes, no formaci\u00f3n, y, por tanto, la operaci\u00f3n <\/span><b>no est\u00e1 exenta de IVA<\/b><span style=\"font-weight: 400;\">.<\/span><\/p>\n<p><b>\u25b6\ufe0f <\/b><b>Ejemplo pr\u00e1ctico: <\/b><span style=\"font-weight: 400;\">si eres profesor y ofreces un curso online en el que t\u00fa impartes la formaci\u00f3n y atiendes personalmente a los alumnos, esa actividad puede estar exenta. Pero si lo que haces es vender un pack con libros y v\u00eddeos sin impartir clases reales, entonces deber\u00e1s aplicar IVA.<\/span><\/p>\n<h2><b>C\u00f3mo emitir la factura a un colegio paso a paso\u00a0<\/b><\/h2>\n<p>Pasos para emitir una factura a un colegio:<\/p>\n<ol>\n<li style=\"font-weight: 400;\" aria-level=\"1\"><span style=\"font-weight: 400;\">Datos del emisor y del colegio.<\/span><\/li>\n<li style=\"font-weight: 400;\" aria-level=\"1\"><span style=\"font-weight: 400;\">N\u00famero de factura y fecha de emisi\u00f3n.<\/span><\/li>\n<li style=\"font-weight: 400;\" aria-level=\"1\"><span style=\"font-weight: 400;\">Descripci\u00f3n detallada del servicio prestado.<\/span><\/li>\n<li style=\"font-weight: 400;\" aria-level=\"1\"><span style=\"font-weight: 400;\">Importe total y desglose de impuestos.<\/span><\/li>\n<li style=\"font-weight: 400;\" aria-level=\"1\"><span style=\"font-weight: 400;\">Condiciones y plazo de pago.<\/span><\/li>\n<\/ol>\n<p><span style=\"font-weight: 400;\">Emitir una factura es la forma de <\/span><b>formalizar tu trabajo<\/b><span style=\"font-weight: 400;\">, garantizar que recibir\u00e1s el pago y cumplir con tus <\/span><b>obligaciones fiscales<\/b><span style=\"font-weight: 400;\">.<\/span><\/p>\n<p><span style=\"font-weight: 400;\">Cuando facturas a un colegio, ya sea por un curso de formaci\u00f3n exento de IVA o por un servicio general, el documento debe contener una serie de datos obligatorios para ser v\u00e1lido ante Hacienda.<\/span><\/p>\n<p><b>Te podr\u00eda interesar <\/b><b>\u27a1\ufe0f <\/b><a href=\"https:\/\/www.billin.net\/blog\/como-hacer-factura-autonomos\/\"><span style=\"font-weight: 400;\">C\u00f3mo hacer una factura de aut\u00f3nomo paso a paso\u00a0<\/span><\/a><\/p>\n<p><span style=\"font-weight: 400;\">A continuaci\u00f3n te explicamos <\/span><b>qu\u00e9 elementos debe incluir tu factura:<\/b><\/p>\n<h3><b>1. Datos del emisor y del colegio<\/b><\/h3>\n<p><span style=\"font-weight: 400;\">La factura debe identificar claramente a las dos partes: t\u00fa, como profesional o empresa que presta el servicio, y el colegio que lo recibe.<\/span><\/p>\n<p><b>Incluye siempre:<\/b><\/p>\n<ul>\n<li style=\"font-weight: 400;\" aria-level=\"1\"><b>Tus datos fiscales:<\/b><span style=\"font-weight: 400;\"> nombre completo o raz\u00f3n social, direcci\u00f3n fiscal y tu n\u00famero de identificaci\u00f3n (NIF o CIF).<\/span><\/li>\n<li style=\"font-weight: 400;\" aria-level=\"1\"><b>Datos del colegio:<\/b><span style=\"font-weight: 400;\"> nombre o raz\u00f3n social, direcci\u00f3n y NIF o CIF.<\/span><\/li>\n<\/ul>\n<p><span style=\"font-weight: 400;\">Esta informaci\u00f3n es imprescindible para que la factura tenga validez legal y para que tanto t\u00fa como el centro pod\u00e1is registrarla correctamente en vuestra contabilidad.<\/span><\/p>\n<h3><b>2. N\u00famero de factura y fecha de emisi\u00f3n<\/b><\/h3>\n<p><span style=\"font-weight: 400;\">Cada factura debe tener un <\/span><b>n\u00famero \u00fanico y correlativo<\/b><span style=\"font-weight: 400;\">. Esto significa que no puedes repetir n\u00fameros ni alterar el orden cronol\u00f3gico.<\/span><\/p>\n<p><b>Puedes usar diferentes formatos, seg\u00fan tu sistema<\/b><span style=\"font-weight: 400;\">:<\/span><\/p>\n<ul>\n<li style=\"font-weight: 400;\" aria-level=\"1\"><b>B\u00e1sico:<\/b><span style=\"font-weight: 400;\"> 001, 002, 003\u2026<\/span><\/li>\n<li style=\"font-weight: 400;\" aria-level=\"1\"><b>Por a\u00f1o:<\/b><span style=\"font-weight: 400;\"> 2025-001, 2025-002\u2026<\/span><\/li>\n<li style=\"font-weight: 400;\" aria-level=\"1\"><b>Personalizado:<\/b><span style=\"font-weight: 400;\"> EDU-2025-001 (por ejemplo, si trabajas exclusivamente con centros educativos).<\/span><\/li>\n<\/ul>\n<p><b>Aprende m\u00e1s sobre <\/b><span style=\"font-weight: 400;\">\u27a1\ufe0f<\/span> <a href=\"https:\/\/www.billin.net\/blog\/numeracion-facturas\/\"><span style=\"font-weight: 400;\">Numeraci\u00f3n de facturas: c\u00f3mo hacerlo correctamente<\/span><\/a><span style=\"font-weight: 400;\">.<\/span><\/p>\n<p><span style=\"font-weight: 400;\">Mantener una numeraci\u00f3n ordenada y coherente facilitar\u00e1 tu control interno y te evitar\u00e1 problemas en caso de revisi\u00f3n fiscal.<\/span><\/p>\n<p><b>La <\/b><a href=\"https:\/\/www.billin.net\/blog\/fecha-emision-factura\/\"><b>fecha de emisi\u00f3n<\/b><\/a><b> tambi\u00e9n es esencial, ya que indica el d\u00eda exacto en que emites la factura y, adem\u00e1s:<\/b><\/p>\n<ul>\n<li style=\"font-weight: 400;\" aria-level=\"1\"><span style=\"font-weight: 400;\">Marca el inicio del plazo de pago acordado con el cliente.<\/span><\/li>\n<li style=\"font-weight: 400;\" aria-level=\"1\"><span style=\"font-weight: 400;\">Determina en qu\u00e9 trimestre debes incluirla en tus <\/span><a href=\"https:\/\/www.billin.net\/blog\/como-hacer-la-declaracion-del-iva-trimestral-con-billin\/\"><span style=\"font-weight: 400;\">declaraciones trimestrales de IVA<\/span><\/a><span style=\"font-weight: 400;\"> o IRPF.<\/span><\/li>\n<\/ul>\n<h3><b>3. Descripci\u00f3n detallada del servicio prestado<\/b><\/h3>\n<p><span style=\"font-weight: 400;\">S\u00e9 claro y preciso al describir lo que has hecho. Una factura bien detallada transmite profesionalidad y evita malentendidos con el colegio.<\/span><\/p>\n<p><b>Incluye:<\/b><\/p>\n<ul>\n<li style=\"font-weight: 400;\" aria-level=\"1\"><span style=\"font-weight: 400;\">Una breve <\/span><b>descripci\u00f3n del servicio<\/b><span style=\"font-weight: 400;\"> (por ejemplo, <\/span><i><span style=\"font-weight: 400;\">\u201ccurso de formaci\u00f3n en competencias digitales para docentes\u201d o \u201cservicio de mantenimiento inform\u00e1tico\u201d<\/span><\/i><span style=\"font-weight: 400;\">).<\/span><\/li>\n<li style=\"font-weight: 400;\" aria-level=\"1\"><span style=\"font-weight: 400;\">La <\/span><b>cantidad o duraci\u00f3n<\/b><span style=\"font-weight: 400;\"> (por horas, sesiones, d\u00edas, etc.).<\/span><\/li>\n<li style=\"font-weight: 400;\" aria-level=\"1\"><span style=\"font-weight: 400;\">El <\/span><b>precio unitario<\/b><span style=\"font-weight: 400;\"> y el <\/span><b>subtotal<\/b><span style=\"font-weight: 400;\"> de cada concepto.<\/span><\/li>\n<\/ul>\n<p><b>Ejemplo:<\/b> <i><span style=\"font-weight: 400;\">\u201cimpartici\u00f3n de taller de rob\u00f3tica educativa \u2013 8 horas de formaci\u00f3n \u2013 40 \u20ac\/hora \u2013 Total 320 \u20ac.\u201d<\/span><\/i><\/p>\n<h3><b>4. Importe total y desglose de impuestos<\/b><\/h3>\n<p><span style=\"font-weight: 400;\">Tu factura debe reflejar el total que el colegio debe pagarte, desglosando correctamente los importes:<\/span><\/p>\n<ul>\n<li style=\"font-weight: 400;\" aria-level=\"1\"><b>Base imponible:<\/b><span style=\"font-weight: 400;\"> suma de todos los servicios antes de aplicar impuestos.<\/span><\/li>\n<li style=\"font-weight: 400;\" aria-level=\"1\"><b>IVA:<\/b>\n<ul>\n<li style=\"font-weight: 400;\" aria-level=\"2\"><span style=\"font-weight: 400;\">Si tu servicio es de <\/span><b>formaci\u00f3n exenta de IVA<\/b><span style=\"font-weight: 400;\">, no lo aplicar\u00e1s e indicar\u00e1s la referencia legal correspondiente (<\/span><i><span style=\"font-weight: 400;\">Operaci\u00f3n exenta seg\u00fan art. 20.Uno.9\u00ba Ley 37\/1992 del IVA<\/span><\/i><span style=\"font-weight: 400;\">).<\/span><\/li>\n<li style=\"font-weight: 400;\" aria-level=\"2\"><span style=\"font-weight: 400;\">Si el servicio <\/span><b>no es educativo<\/b><span style=\"font-weight: 400;\">, aplicar\u00e1s el tipo general del <\/span><b>21 %<\/b><span style=\"font-weight: 400;\">.<\/span><\/li>\n<\/ul>\n<\/li>\n<li style=\"font-weight: 400;\" aria-level=\"1\"><b>IRPF:<\/b><span style=\"font-weight: 400;\"> si eres aut\u00f3nomo, deber\u00e1s incluir la retenci\u00f3n (habitualmente del <\/span><b>15 %<\/b><span style=\"font-weight: 400;\">, o del <\/span><b>7 %<\/b><span style=\"font-weight: 400;\"> si est\u00e1s en tus primeros a\u00f1os de actividad).<\/span><\/li>\n<li style=\"font-weight: 400;\" aria-level=\"1\"><b>Total final:<\/b><span style=\"font-weight: 400;\"> el importe total que el colegio debe abonarte.<\/span><\/li>\n<\/ul>\n<p><b>Te interesa<\/b> <span style=\"font-weight: 400;\">\u27a1\ufe0f<\/span> <a href=\"https:\/\/www.billin.net\/blog\/ejemplo-factura-profesional-irpf\/\"><span style=\"font-weight: 400;\">C\u00f3mo hacer una factura con retenci\u00f3n<\/span><\/a><span style=\"font-weight: 400;\">.<\/span><\/p>\n<h3><b>5. Condiciones y plazo de pago<\/b><\/h3>\n<p><span style=\"font-weight: 400;\">Por \u00faltimo, indica las <\/span><b>condiciones de pago<\/b><span style=\"font-weight: 400;\"> para evitar retrasos o confusiones.<\/span><span style=\"font-weight: 400;\"><br \/>\n<\/span><span style=\"font-weight: 400;\"> Incluye:<\/span><\/p>\n<ul>\n<li style=\"font-weight: 400;\" aria-level=\"1\"><b>M\u00e9todos de pago<\/b> <b>aceptados:<\/b><span style=\"font-weight: 400;\"> transferencia bancaria, Bizum, tarjeta, etc.<\/span><\/li>\n<li style=\"font-weight: 400;\" aria-level=\"1\"><b>Plazo m\u00e1ximo de pago, por ejemplo:<\/b><span style=\"font-weight: 400;\"> \u201c<\/span><i><span style=\"font-weight: 400;\">pago a 30 d\u00edas desde la fecha de emisi\u00f3n.\u201d<\/span><\/i><\/li>\n<\/ul>\n<h2><b>C\u00f3mo facturar a un colegio seg\u00fan el tipo de servicio<\/b><\/h2>\n<p><span style=\"font-weight: 400;\">Para ayudarte a verlo m\u00e1s claro, aqu\u00ed tienes una <\/span><b>tabla resumen<\/b><span style=\"font-weight: 400;\"> y varios <\/span><b>ejemplos pr\u00e1cticos<\/b><span style=\"font-weight: 400;\"> de c\u00f3mo debes facturar seg\u00fan el tipo de servicio:<\/span><\/p>\n<table style=\"border-collapse: collapse; width: 100%;\" border=\"1\" class=\"mtr-table mtr-thead-th\">\n<thead>\n<tr>\n<th style=\"border: 1px solid black; padding: 8px; width: 51.503%;\" data-mtr-content=\"Tipo de servicio al colegio\" class=\"mtr-th-tag\"><div class=\"mtr-cell-content\">Tipo de servicio al colegio<\/div><\/th>\n<th style=\"border: 1px solid black; padding: 8px; width: 10.521%;\" data-mtr-content=\"\u00bfLleva IVA?\" class=\"mtr-th-tag\"><div class=\"mtr-cell-content\">\u00bfLleva IVA?<\/div><\/th>\n<th style=\"border: 1px solid black; padding: 8px; width: 37.8758%;\" data-mtr-content=\"Motivo\" class=\"mtr-th-tag\"><div class=\"mtr-cell-content\">Motivo<\/div><\/th>\n<\/tr>\n<\/thead>\n<tbody>\n<tr>\n<td style=\"border: 1px solid black; padding: 8px; width: 51.503%;\" data-mtr-content=\"Tipo de servicio al colegio\" class=\"mtr-td-tag\"><div class=\"mtr-cell-content\">Curso de formaci\u00f3n reglada u homologada<\/div><\/td>\n<td style=\"border: 1px solid black; padding: 8px; width: 10.521%;\" data-mtr-content=\"\u00bfLleva IVA?\" class=\"mtr-td-tag\"><div class=\"mtr-cell-content\">\u274c\u200b No<\/div><\/td>\n<td style=\"border: 1px solid black; padding: 8px; width: 37.8758%;\" data-mtr-content=\"Motivo\" class=\"mtr-td-tag\"><div class=\"mtr-cell-content\">Formaci\u00f3n exenta de IVA<\/div><\/td>\n<\/tr>\n<tr>\n<td style=\"border: 1px solid black; padding: 8px; width: 51.503%;\" data-mtr-content=\"Tipo de servicio al colegio\" class=\"mtr-td-tag\"><div class=\"mtr-cell-content\">Taller o curso profesional educativo<\/div><\/td>\n<td style=\"border: 1px solid black; padding: 8px; width: 10.521%;\" data-mtr-content=\"\u00bfLleva IVA?\" class=\"mtr-td-tag\"><div class=\"mtr-cell-content\">\u274c\u200b No<\/div><\/td>\n<td style=\"border: 1px solid black; padding: 8px; width: 37.8758%;\" data-mtr-content=\"Motivo\" class=\"mtr-td-tag\"><div class=\"mtr-cell-content\">Educaci\u00f3n exenta de IVA<\/div><\/td>\n<\/tr>\n<tr>\n<td style=\"border: 1px solid black; padding: 8px; width: 51.503%;\" data-mtr-content=\"Tipo de servicio al colegio\" class=\"mtr-td-tag\"><div class=\"mtr-cell-content\">Clases particulares de materias oficiales<\/div><\/td>\n<td style=\"border: 1px solid black; padding: 8px; width: 10.521%;\" data-mtr-content=\"\u00bfLleva IVA?\" class=\"mtr-td-tag\"><div class=\"mtr-cell-content\">\u274c\u200b No<\/div><\/td>\n<td style=\"border: 1px solid black; padding: 8px; width: 37.8758%;\" data-mtr-content=\"Motivo\" class=\"mtr-td-tag\"><div class=\"mtr-cell-content\">Formaci\u00f3n exenta de IVA<\/div><\/td>\n<\/tr>\n<tr>\n<td style=\"border: 1px solid black; padding: 8px; width: 51.503%;\" data-mtr-content=\"Tipo de servicio al colegio\" class=\"mtr-td-tag\"><div class=\"mtr-cell-content\">Actividades extraescolares con fin educativo (idiomas, m\u00fasica, inform\u00e1tica, teatro\u2026)<\/div><\/td>\n<td style=\"border: 1px solid black; padding: 8px; width: 10.521%;\" data-mtr-content=\"\u00bfLleva IVA?\" class=\"mtr-td-tag\"><div class=\"mtr-cell-content\">\u274c\u200b No<\/div><\/td>\n<td style=\"border: 1px solid black; padding: 8px; width: 37.8758%;\" data-mtr-content=\"Motivo\" class=\"mtr-td-tag\"><div class=\"mtr-cell-content\">Educaci\u00f3n exenta de IVA<\/div><\/td>\n<\/tr>\n<tr>\n<td style=\"border: 1px solid black; padding: 8px; width: 51.503%;\" data-mtr-content=\"Tipo de servicio al colegio\" class=\"mtr-td-tag\"><div class=\"mtr-cell-content\">Formaci\u00f3n en competencias digitales o reciclaje profesional del profesorado<\/div><\/td>\n<td style=\"border: 1px solid black; padding: 8px; width: 10.521%;\" data-mtr-content=\"\u00bfLleva IVA?\" class=\"mtr-td-tag\"><div class=\"mtr-cell-content\">\u274c\u200b No<\/div><\/td>\n<td style=\"border: 1px solid black; padding: 8px; width: 37.8758%;\" data-mtr-content=\"Motivo\" class=\"mtr-td-tag\"><div class=\"mtr-cell-content\">Formaci\u00f3n exenta de IVA<\/div><\/td>\n<\/tr>\n<tr>\n<td style=\"border: 1px solid black; padding: 8px; width: 51.503%;\" data-mtr-content=\"Tipo de servicio al colegio\" class=\"mtr-td-tag\"><div class=\"mtr-cell-content\">Cursos online con tutorizaci\u00f3n real<\/div><\/td>\n<td style=\"border: 1px solid black; padding: 8px; width: 10.521%;\" data-mtr-content=\"\u00bfLleva IVA?\" class=\"mtr-td-tag\"><div class=\"mtr-cell-content\">\u274c\u200b No<\/div><\/td>\n<td style=\"border: 1px solid black; padding: 8px; width: 37.8758%;\" data-mtr-content=\"Motivo\" class=\"mtr-td-tag\"><div class=\"mtr-cell-content\">Educaci\u00f3n exenta de IVA<\/div><\/td>\n<\/tr>\n<tr>\n<td style=\"border: 1px solid black; padding: 8px; width: 51.503%;\" data-mtr-content=\"Tipo de servicio al colegio\" class=\"mtr-td-tag\"><div class=\"mtr-cell-content\">Cursos a distancia basados solo en material did\u00e1ctico (libros, videos, PDFs\u2026)<\/div><\/td>\n<td style=\"border: 1px solid black; padding: 8px; width: 10.521%;\" data-mtr-content=\"\u00bfLleva IVA?\" class=\"mtr-td-tag\"><div class=\"mtr-cell-content\">\u2705\u200b S\u00ed<\/div><\/td>\n<td style=\"border: 1px solid black; padding: 8px; width: 37.8758%;\" data-mtr-content=\"Motivo\" class=\"mtr-td-tag\"><div class=\"mtr-cell-content\">Entrega de bienes sujeta a IVA<\/div><\/td>\n<\/tr>\n<tr>\n<td style=\"border: 1px solid black; padding: 8px; width: 51.503%;\" data-mtr-content=\"Tipo de servicio al colegio\" class=\"mtr-td-tag\"><div class=\"mtr-cell-content\">Mantenimiento, reparaciones o fontaner\u00eda<\/div><\/td>\n<td style=\"border: 1px solid black; padding: 8px; width: 10.521%;\" data-mtr-content=\"\u00bfLleva IVA?\" class=\"mtr-td-tag\"><div class=\"mtr-cell-content\">\u2705\u200b S\u00ed<\/div><\/td>\n<td style=\"border: 1px solid black; padding: 8px; width: 37.8758%;\" data-mtr-content=\"Motivo\" class=\"mtr-td-tag\"><div class=\"mtr-cell-content\">No es actividad educativa<\/div><\/td>\n<\/tr>\n<tr>\n<td style=\"border: 1px solid black; padding: 8px; width: 51.503%;\" data-mtr-content=\"Tipo de servicio al colegio\" class=\"mtr-td-tag\"><div class=\"mtr-cell-content\">Servicios de limpieza o jardiner\u00eda<\/div><\/td>\n<td style=\"border: 1px solid black; padding: 8px; width: 10.521%;\" data-mtr-content=\"\u00bfLleva IVA?\" class=\"mtr-td-tag\"><div class=\"mtr-cell-content\">\u2705\u200b S\u00ed<\/div><\/td>\n<td style=\"border: 1px solid black; padding: 8px; width: 37.8758%;\" data-mtr-content=\"Motivo\" class=\"mtr-td-tag\"><div class=\"mtr-cell-content\">No tiene fin docente<\/div><\/td>\n<\/tr>\n<tr>\n<td style=\"border: 1px solid black; padding: 8px; width: 51.503%;\" data-mtr-content=\"Tipo de servicio al colegio\" class=\"mtr-td-tag\"><div class=\"mtr-cell-content\">Asesor\u00eda contable, administrativa o inform\u00e1tica<\/div><\/td>\n<td style=\"border: 1px solid black; padding: 8px; width: 10.521%;\" data-mtr-content=\"\u00bfLleva IVA?\" class=\"mtr-td-tag\"><div class=\"mtr-cell-content\">\u2705\u200b S\u00ed<\/div><\/td>\n<td style=\"border: 1px solid black; padding: 8px; width: 37.8758%;\" data-mtr-content=\"Motivo\" class=\"mtr-td-tag\"><div class=\"mtr-cell-content\">No est\u00e1 relacionada con la formaci\u00f3n<\/div><\/td>\n<\/tr>\n<tr>\n<td style=\"border: 1px solid black; padding: 8px; width: 51.503%;\" data-mtr-content=\"Tipo de servicio al colegio\" class=\"mtr-td-tag\"><div class=\"mtr-cell-content\">Catering o comedor gestionado por empresa externa<\/div><\/td>\n<td style=\"border: 1px solid black; padding: 8px; width: 10.521%;\" data-mtr-content=\"\u00bfLleva IVA?\" class=\"mtr-td-tag\"><div class=\"mtr-cell-content\">\u2705\u200b S\u00ed<\/div><\/td>\n<td style=\"border: 1px solid black; padding: 8px; width: 37.8758%;\" data-mtr-content=\"Motivo\" class=\"mtr-td-tag\"><div class=\"mtr-cell-content\">Solo est\u00e1n exentos los prestados directamente por el colegio<\/div><\/td>\n<\/tr>\n<tr>\n<td style=\"border: 1px solid black; padding: 8px; width: 51.503%;\" data-mtr-content=\"Tipo de servicio al colegio\" class=\"mtr-td-tag\"><div class=\"mtr-cell-content\">Actividades deportivas organizadas por empresas ajenas<\/div><\/td>\n<td style=\"border: 1px solid black; padding: 8px; width: 10.521%;\" data-mtr-content=\"\u00bfLleva IVA?\" class=\"mtr-td-tag\"><div class=\"mtr-cell-content\">\u2705\u200b S\u00ed<\/div><\/td>\n<td style=\"border: 1px solid black; padding: 8px; width: 37.8758%;\" data-mtr-content=\"Motivo\" class=\"mtr-td-tag\"><div class=\"mtr-cell-content\">No impartidas por el centro docente<\/div><\/td>\n<\/tr>\n<tr>\n<td style=\"border: 1px solid black; padding: 8px; width: 51.503%;\" data-mtr-content=\"Tipo de servicio al colegio\" class=\"mtr-td-tag\"><div class=\"mtr-cell-content\">Residencias, alojamiento o transporte escolar (externos)<\/div><\/td>\n<td style=\"border: 1px solid black; padding: 8px; width: 10.521%;\" data-mtr-content=\"\u00bfLleva IVA?\" class=\"mtr-td-tag\"><div class=\"mtr-cell-content\">\u2705\u200b S\u00ed<\/div><\/td>\n<td style=\"border: 1px solid black; padding: 8px; width: 37.8758%;\" data-mtr-content=\"Motivo\" class=\"mtr-td-tag\"><div class=\"mtr-cell-content\">Servicios complementarios no exentos<\/div><\/td>\n<\/tr>\n<\/tbody>\n<\/table>\n<h2><b>Ejemplos pr\u00e1cticos de c\u00f3mo facturar a un colegio\u00a0<\/b><\/h2>\n<h3><b>Ejemplo 1: profesor de ingl\u00e9s contratado por el colegio\u00a0<\/b><\/h3>\n<p><span style=\"font-weight: 400;\">Impartes clases de conversaci\u00f3n a grupos de alumnos dentro del horario escolar. Se trata de <\/span><b>educaci\u00f3n exenta de IVA<\/b><span style=\"font-weight: 400;\">, por lo que no debes incluir el impuesto en la factura.<\/span><\/p>\n<p><span style=\"font-weight: 400;\">A\u00f1ade la nota legal: <\/span><i><span style=\"font-weight: 400;\">operaci\u00f3n exenta de IVA seg\u00fan el art\u00edculo 20.Uno.9\u00ba de la Ley 37\/1992 del IVA.<\/span><\/i><\/p>\n<h3><b>Ejemplo 2: empresa de formaci\u00f3n que capacita al profesorado en competencias digitales<\/b><\/h3>\n<p><span style=\"font-weight: 400;\">Tu empresa imparte un curso certificado sobre herramientas digitales en el aula. Es <\/span><b>formaci\u00f3n exenta de IVA<\/b><span style=\"font-weight: 400;\">, ya que tiene una finalidad educativa y est\u00e1 directamente relacionada con la actividad docente del centro.<\/span><\/p>\n<p><span style=\"font-weight: 400;\">Factura sin IVA, indicando la exenci\u00f3n correspondiente.<\/span><\/p>\n<h3><b>Ejemplo 3: empresa de mantenimiento el\u00e9ctrico<\/b><\/h3>\n<p><span style=\"font-weight: 400;\">Realizas una reparaci\u00f3n en el sistema de iluminaci\u00f3n del colegio. Tu servicio <\/span><b>no forma parte del proceso educativo<\/b><span style=\"font-weight: 400;\">, por tanto, <\/span><b>debes aplicar el 21 % de IVA<\/b><span style=\"font-weight: 400;\">.<\/span><\/p>\n<h3><b>Ejemplo 4: servicio de catering escolar<\/b><\/h3>\n<p><span style=\"font-weight: 400;\">Proporcionas men\u00fas al comedor de un colegio, pero el comedor est\u00e1 gestionado por tu empresa, no por el centro educativo. Este servicio <\/span><b>no est\u00e1 exento<\/b><span style=\"font-weight: 400;\">, por lo que <\/span><b>debes aplicar el IVA general del 21 %<\/b><span style=\"font-weight: 400;\">.<\/span><\/p>\n<h3><b>En resumen<\/b><\/h3>\n<ul>\n<li style=\"font-weight: 400;\" aria-level=\"1\"><b>Formaci\u00f3n exenta de IVA:<\/b><span style=\"font-weight: 400;\"> todas las actividades directamente relacionadas con la ense\u00f1anza o la formaci\u00f3n reglada, la educaci\u00f3n infantil, los cursos profesionales y los talleres educativos.<\/span><\/li>\n<li style=\"font-weight: 400;\" aria-level=\"1\"><b>Sujetas a IVA:<\/b><span style=\"font-weight: 400;\"> todos los servicios generales, t\u00e9cnicos, log\u00edsticos o complementarios que no tengan una finalidad docente.<\/span><\/li>\n<\/ul>\n<p><span style=\"font-weight: 400;\">Antes de emitir la factura, <\/span><b>preg\u00fantate siempre si tu trabajo contribuye a la formaci\u00f3n o al aprendizaje de los alumnos o del profesorado<\/b><span style=\"font-weight: 400;\">. Si la respuesta es s\u00ed, seguramente se trate de <\/span><b>educaci\u00f3n exenta de IVA<\/b><span style=\"font-weight: 400;\">. Si no, deber\u00e1s aplicar el <\/span><b>IVA en la formaci\u00f3n<\/b><span style=\"font-weight: 400;\"> o en el servicio correspondiente.<\/span><\/p>\n<h2><b>La soluci\u00f3n perfecta para facturar a colegios: TeamSystem Facturas Billin<\/b><\/h2>\n<p><span style=\"font-weight: 400;\">La <\/span><a href=\"https:\/\/www.billin.net\/blog\/factura-electronica-obligatoria-autonomos-y-empresas\/\"><span style=\"font-weight: 400;\">facturaci\u00f3n electr\u00f3nica<\/span><\/a><span style=\"font-weight: 400;\"> es una oportunidad para modernizar tu negocio y ganar control sobre tus finanzas.\u00a0<\/span><\/p>\n<p><span style=\"font-weight: 400;\">Si trabajas con colegios o centros educativos, sabes que no todos los servicios se facturan igual. Algunos est\u00e1n <\/span><b>exentos de IVA<\/b><span style=\"font-weight: 400;\">, como los cursos o talleres de formaci\u00f3n, mientras que otros, como mantenimiento, asesor\u00eda o catering, s\u00ed deben incluir el impuesto.<\/span><\/p>\n<p><span style=\"font-weight: 400;\">Gestionar correctamente estas diferencias, mantener la documentaci\u00f3n al d\u00eda y cumplir con la normativa fiscal puede convertirse en una tarea compleja, sobre todo si combinas varias actividades o trabajas con distintos clientes.<\/span><\/p>\n<p><a href=\"https:\/\/www.billin.net\/\"><b>TeamSystem Facturas Billin<\/b><\/a><span style=\"font-weight: 400;\"> es la herramienta perfecta para simplificar tu gesti\u00f3n y tener todo bajo control, ya que te permite mantener tus cuentas organizadas, centralizar toda tu informaci\u00f3n financiera y cumplir con la normativa vigente en materia de facturaci\u00f3n electr\u00f3nica.<\/span><\/p>\n<p><b>Con TS Facturas Billin podr\u00e1s:<\/b><\/p>\n<ul>\n<li style=\"font-weight: 400;\" aria-level=\"1\"><b>Emitir facturas con o sin IVA<\/b><span style=\"font-weight: 400;\"> seg\u00fan el tipo de servicio prestado al colegio, sin riesgo de errores.<\/span><\/li>\n<li style=\"font-weight: 400;\" aria-level=\"1\"><span style=\"font-weight: 400;\">A\u00f1adir <\/span><b>notas legales personalizadas<\/b><span style=\"font-weight: 400;\"> que justifiquen la exenci\u00f3n en actividades de formaci\u00f3n exenta de IVA.<\/span><\/li>\n<li style=\"font-weight: 400;\" aria-level=\"1\"><b>Centralizar todos tus ingresos y gastos<\/b><span style=\"font-weight: 400;\"> para tener una visi\u00f3n clara de la rentabilidad de cada proyecto o cliente.<\/span><\/li>\n<li style=\"font-weight: 400;\" aria-level=\"1\"><b>Cumplir con la normativa de facturaci\u00f3n electr\u00f3nica<\/b><span style=\"font-weight: 400;\">, enviando tus facturas directamente a colegios.<\/span><\/li>\n<li style=\"font-weight: 400;\" aria-level=\"1\"><b>Seguir en tiempo real<\/b><span style=\"font-weight: 400;\"> el estado de tus facturas, presupuestos y cobros.<\/span><\/li>\n<li style=\"font-weight: 400;\" aria-level=\"1\"><b>Personalizar tus facturas<\/b><span style=\"font-weight: 400;\"> con tu marca y proyectar una imagen m\u00e1s profesional ante tus clientes.<\/span><\/li>\n<\/ul>\n<p><span style=\"font-weight: 400;\">Adem\u00e1s, gracias a su dise\u00f1o intuitivo y a su sistema en la nube, puedes <\/span><b>gestionar tu facturaci\u00f3n desde cualquier dispositivo<\/b><span style=\"font-weight: 400;\">, en cualquier momento, y sin complicaciones.<\/span><\/p>\n<p><a href=\"https:\/\/www.billin.net\/signup-mkt-app-nueva\/\"><span style=\"font-weight: 400;\">Prueba todas sus funcionalidades sin l\u00edmite durante 30 d\u00edas<\/span><\/a><span style=\"font-weight: 400;\"> y <\/span><b>comprueba c\u00f3mo puedes ahorrar tiempo, evitar errores y gestionar tus facturas con total tranquilidad.<\/b><\/p>\n","protected":false},"excerpt":{"rendered":"<p>Cuando un aut\u00f3nomo o pyme ofrece sus servicios a un colegio, es habitual que surjan dudas sobre c\u00f3mo emitir la factura correctamente.\u00a0 \u00bfDebo aplicar IVA o est\u00e1 exenta la operaci\u00f3n? Estas preguntas son frecuentes porque, en funci\u00f3n del tipo de servicio, la normativa del impuesto puede variar considerablemente. Facturar a un colegio no es igual [&hellip;]<\/p>\n","protected":false},"author":20,"featured_media":28234,"comment_status":"open","ping_status":"open","sticky":false,"template":"","format":"standard","meta":{"_acf_changed":false,"_et_pb_use_builder":"","_et_pb_old_content":"","_et_gb_content_width":"","om_disable_all_campaigns":false,"inline_featured_image":false,"footnotes":""},"categories":[1015],"tags":[],"class_list":{"0":"post-28230","1":"post","2":"type-post","3":"status-publish","4":"format-standard","5":"has-post-thumbnail","7":"category-facturacion"},"acf":{"selector_de_usuario":"","fecha_de_revision":null},"yoast_head":"<!-- This site is optimized with the Yoast SEO plugin v27.1 - https:\/\/yoast.com\/product\/yoast-seo-wordpress\/ -->\n<title>C\u00f3mo facturar a un colegio: todos los pasos y ejemplos<\/title>\n<meta name=\"description\" content=\"Cu\u00e1ndo aplicar IVA al facturar a un colegio y c\u00f3mo distinguir si tu formaci\u00f3n est\u00e1 exenta \u27a8 Evita errores comunes.\" \/>\n<meta name=\"robots\" content=\"index, follow, max-snippet:-1, max-image-preview:large, max-video-preview:-1\" \/>\n<link rel=\"canonical\" href=\"https:\/\/www.billin.net\/blog\/como-facturar-a-un-colegio\/\" \/>\n<meta property=\"og:locale\" content=\"es_ES\" \/>\n<meta property=\"og:type\" content=\"article\" \/>\n<meta property=\"og:title\" content=\"C\u00f3mo facturar a un colegio: todos los pasos y ejemplos\" \/>\n<meta property=\"og:description\" content=\"Cu\u00e1ndo aplicar IVA al facturar a un colegio y c\u00f3mo distinguir si tu formaci\u00f3n est\u00e1 exenta \u27a8 Evita errores comunes.\" \/>\n<meta property=\"og:url\" content=\"https:\/\/www.billin.net\/blog\/como-facturar-a-un-colegio\/\" \/>\n<meta property=\"og:site_name\" content=\"Blog de TeamSystem Facturas Billin\" \/>\n<meta property=\"article:publisher\" content=\"https:\/\/www.facebook.com\/EsBillin\" \/>\n<meta property=\"article:published_time\" content=\"2025-11-20T09:36:28+00:00\" \/>\n<meta property=\"article:modified_time\" content=\"2025-11-20T13:38:04+00:00\" \/>\n<meta property=\"og:image\" content=\"https:\/\/www.billin.net\/blog\/wp-content\/uploads\/2025\/11\/Como-facturar-a-un-colegio.jpg\" \/>\n\t<meta property=\"og:image:width\" content=\"2000\" \/>\n\t<meta property=\"og:image:height\" content=\"1248\" \/>\n\t<meta property=\"og:image:type\" content=\"image\/jpeg\" \/>\n<meta name=\"author\" content=\"Marcos De La Cueva - CEO TeamSystem Facturas Billin\" \/>\n<meta name=\"twitter:card\" content=\"summary_large_image\" \/>\n<meta name=\"twitter:creator\" content=\"@Billin_ES\" \/>\n<meta name=\"twitter:site\" content=\"@Billin_ES\" \/>\n<meta name=\"twitter:label1\" content=\"Escrito por\" \/>\n\t<meta name=\"twitter:data1\" content=\"Marcos De La Cueva - CEO TeamSystem Facturas Billin\" \/>\n\t<meta name=\"twitter:label2\" content=\"Tiempo de lectura\" \/>\n\t<meta name=\"twitter:data2\" content=\"11 minutos\" \/>\n<script type=\"application\/ld+json\" class=\"yoast-schema-graph\">{\"@context\":\"https:\/\/schema.org\",\"@graph\":[{\"@type\":\"Article\",\"@id\":\"https:\/\/www.billin.net\/blog\/como-facturar-a-un-colegio\/#article\",\"isPartOf\":{\"@id\":\"https:\/\/www.billin.net\/blog\/como-facturar-a-un-colegio\/\"},\"author\":{\"name\":\"Marcos De La Cueva - CEO TeamSystem Facturas Billin\",\"@id\":\"https:\/\/www.billin.net\/blog\/#\/schema\/person\/d0339ee6e869234614541b1e80a793e7\"},\"headline\":\"\u00bfC\u00f3mo debemos facturar a un colegio? Todos los pasos y ejemplos\",\"datePublished\":\"2025-11-20T09:36:28+00:00\",\"dateModified\":\"2025-11-20T13:38:04+00:00\",\"mainEntityOfPage\":{\"@id\":\"https:\/\/www.billin.net\/blog\/como-facturar-a-un-colegio\/\"},\"wordCount\":2460,\"commentCount\":0,\"publisher\":{\"@id\":\"https:\/\/www.billin.net\/blog\/#organization\"},\"image\":{\"@id\":\"https:\/\/www.billin.net\/blog\/como-facturar-a-un-colegio\/#primaryimage\"},\"thumbnailUrl\":\"https:\/\/www.billin.net\/blog\/wp-content\/uploads\/2025\/11\/Como-facturar-a-un-colegio.jpg\",\"articleSection\":[\"Facturaci\u00f3n\"],\"inLanguage\":\"es\",\"potentialAction\":[{\"@type\":\"CommentAction\",\"name\":\"Comment\",\"target\":[\"https:\/\/www.billin.net\/blog\/como-facturar-a-un-colegio\/#respond\"]}]},{\"@type\":\"WebPage\",\"@id\":\"https:\/\/www.billin.net\/blog\/como-facturar-a-un-colegio\/\",\"url\":\"https:\/\/www.billin.net\/blog\/como-facturar-a-un-colegio\/\",\"name\":\"C\u00f3mo facturar a un colegio: todos los pasos y ejemplos\",\"isPartOf\":{\"@id\":\"https:\/\/www.billin.net\/blog\/#website\"},\"primaryImageOfPage\":{\"@id\":\"https:\/\/www.billin.net\/blog\/como-facturar-a-un-colegio\/#primaryimage\"},\"image\":{\"@id\":\"https:\/\/www.billin.net\/blog\/como-facturar-a-un-colegio\/#primaryimage\"},\"thumbnailUrl\":\"https:\/\/www.billin.net\/blog\/wp-content\/uploads\/2025\/11\/Como-facturar-a-un-colegio.jpg\",\"datePublished\":\"2025-11-20T09:36:28+00:00\",\"dateModified\":\"2025-11-20T13:38:04+00:00\",\"description\":\"Cu\u00e1ndo aplicar IVA al facturar a un colegio y c\u00f3mo distinguir si tu formaci\u00f3n est\u00e1 exenta \u27a8 Evita errores comunes.\",\"breadcrumb\":{\"@id\":\"https:\/\/www.billin.net\/blog\/como-facturar-a-un-colegio\/#breadcrumb\"},\"inLanguage\":\"es\",\"potentialAction\":[{\"@type\":\"ReadAction\",\"target\":[\"https:\/\/www.billin.net\/blog\/como-facturar-a-un-colegio\/\"]}]},{\"@type\":\"ImageObject\",\"inLanguage\":\"es\",\"@id\":\"https:\/\/www.billin.net\/blog\/como-facturar-a-un-colegio\/#primaryimage\",\"url\":\"https:\/\/www.billin.net\/blog\/wp-content\/uploads\/2025\/11\/Como-facturar-a-un-colegio.jpg\",\"contentUrl\":\"https:\/\/www.billin.net\/blog\/wp-content\/uploads\/2025\/11\/Como-facturar-a-un-colegio.jpg\",\"width\":2000,\"height\":1248,\"caption\":\"Kids around the school table\"},{\"@type\":\"BreadcrumbList\",\"@id\":\"https:\/\/www.billin.net\/blog\/como-facturar-a-un-colegio\/#breadcrumb\",\"itemListElement\":[{\"@type\":\"ListItem\",\"position\":1,\"name\":\"Blog\",\"item\":\"https:\/\/www.billin.net\/blog\/\"},{\"@type\":\"ListItem\",\"position\":2,\"name\":\"Facturaci\u00f3n\",\"item\":\"https:\/\/www.billin.net\/blog\/facturacion\/\"},{\"@type\":\"ListItem\",\"position\":3,\"name\":\"\u00bfC\u00f3mo debemos facturar a un colegio? Todos los pasos y ejemplos\"}]},{\"@type\":\"WebSite\",\"@id\":\"https:\/\/www.billin.net\/blog\/#website\",\"url\":\"https:\/\/www.billin.net\/blog\/\",\"name\":\"Blog de Billin\",\"description\":\"Mantente informado con el blog de TeamSystem Facturas Billin:  facturaci\u00f3n, legislaci\u00f3n, contabilidad, management y toda la informaci\u00f3n \u00fatil para pymes y aut\u00f3nomos.\",\"publisher\":{\"@id\":\"https:\/\/www.billin.net\/blog\/#organization\"},\"potentialAction\":[{\"@type\":\"SearchAction\",\"target\":{\"@type\":\"EntryPoint\",\"urlTemplate\":\"https:\/\/www.billin.net\/blog\/?s={search_term_string}\"},\"query-input\":{\"@type\":\"PropertyValueSpecification\",\"valueRequired\":true,\"valueName\":\"search_term_string\"}}],\"inLanguage\":\"es\"},{\"@type\":\"Organization\",\"@id\":\"https:\/\/www.billin.net\/blog\/#organization\",\"name\":\"Billin\",\"alternateName\":\"Blog de Billin\",\"url\":\"https:\/\/www.billin.net\/blog\/\",\"logo\":{\"@type\":\"ImageObject\",\"inLanguage\":\"es\",\"@id\":\"https:\/\/www.billin.net\/blog\/#\/schema\/logo\/image\/\",\"url\":\"https:\/\/www.billin.net\/blog\/wp-content\/uploads\/2019\/06\/logotipo-billin-blog-1.png\",\"contentUrl\":\"https:\/\/www.billin.net\/blog\/wp-content\/uploads\/2019\/06\/logotipo-billin-blog-1.png\",\"width\":126,\"height\":50,\"caption\":\"Billin\"},\"image\":{\"@id\":\"https:\/\/www.billin.net\/blog\/#\/schema\/logo\/image\/\"},\"sameAs\":[\"https:\/\/www.facebook.com\/EsBillin\",\"https:\/\/x.com\/Billin_ES\",\"https:\/\/www.instagram.com\/billin_es\/\",\"https:\/\/www.linkedin.com\/company\/billin-spain\",\"https:\/\/www.youtube.com\/c\/BillinEsintercambiodefacturas\/\"],\"legalName\":\"MY EXPENSES SL\",\"contactPoint\":{\"@type\":\"ContactPoint\",\"telephone\":\"+34918318883\",\"contactType\":\"customer service\",\"email\":\"info@billin.eu\",\"availableLanguage\":\"es\"},\"foundingDate\":\"2015\",\"numberOfEmployees\":{\"@type\":\"QuantitativeValue\",\"minValue\":10,\"maxValue\":50},\"parentOrganization\":{\"@type\":\"Organization\",\"name\":\"TeamSystem\",\"url\":\"https:\/\/www.teamsystem.com\/\"},\"description\":\"Billin es el programa de facturaci\u00f3n online de TeamSystem para aut\u00f3nomos y pymes en Espa\u00f1a. Permite crear facturas, controlar gastos y cumplir con Verifactu.\",\"address\":{\"@type\":\"PostalAddress\",\"streetAddress\":\"Calle Arturo Soria, 336\",\"addressLocality\":\"Madrid\",\"addressRegion\":\"Madrid\",\"postalCode\":\"28033\",\"addressCountry\":\"ES\"}},{\"@type\":\"Person\",\"@id\":\"https:\/\/www.billin.net\/blog\/#\/schema\/person\/d0339ee6e869234614541b1e80a793e7\",\"name\":\"Marcos De La Cueva - CEO TeamSystem Facturas Billin\",\"image\":{\"@type\":\"ImageObject\",\"inLanguage\":\"es\",\"@id\":\"https:\/\/www.billin.net\/blog\/#\/schema\/person\/image\/\",\"url\":\"https:\/\/www.billin.net\/blog\/wp-content\/uploads\/2023\/10\/marcos-color-150x150.png\",\"contentUrl\":\"https:\/\/www.billin.net\/blog\/wp-content\/uploads\/2023\/10\/marcos-color-150x150.png\",\"caption\":\"Marcos De La Cueva - CEO TeamSystem Facturas Billin\"},\"description\":\"Licenciado en ADE por la Universidad Aut\u00f3noma de Madrid, Marcos De la Cueva es CEO y cofundador de TeamSystem Facturas Billin, un programa online que lleva m\u00e1s de 9 a\u00f1os ayudando a aut\u00f3nomos, peque\u00f1os negocios y gestor\u00edas a digitalizar sus presupuestos, facturas, tickets y gastos. \u00a0 Sobre Marcos De La Cueva \u00a0 Apasionado por el mundo empresarial y la tecnolog\u00eda, curs\u00f3 su M\u00e1ster de Finanzas en la Universidad Pontificia de Comillas y estuvo en el Programa de Cooperaci\u00f3n Educativa de la Universidad Aut\u00f3noma de Madrid. \u00a0 Marcos siempre ha tenido su objetivo claro: ayudar a la creaci\u00f3n de negocios financieramente sostenibles a trav\u00e9s de una herramienta de facturaci\u00f3n que les permita ahorrar tiempo y tener la contabilidad bajo control. \u00a0 Marcos De La Cueva en los medios \u2014 Noticia sobre Kit Digital y Ley Antifraude (VeriFactu) en El Economista. \u2014 Noticia sobre Kit Digital y factura electr\u00f3nica obligatoria en Diario Jur\u00eddico. \u2014 Noticia sobre el a\u00f1o de transici\u00f3n para la factura electr\u00f3nica en Muy Pymes. \u2014 Entrevista sobre factura electr\u00f3nica obligatoria en Canal Sur. \u2014 Noticia sobre el informe factura electr\u00f3nica de TeamSystem en Channel Partner. \u2014 Charla sobre productividad y Ley Crea y Crece en El Economista. \u2014 Charla sobre factura electr\u00f3nica obligatoria en Muy Pymes. \u2014 Charla sobre digitalizaci\u00f3n aut\u00f3nomos y productividad en esdiario. \u2014 Charla sobre productividad y factura electr\u00f3nica en La Raz\u00f3n. \u2014 Charla sobre factura electr\u00f3nica obligatoria en Aut\u00f3nomos y Emprendedores. \u2014 Entrevista sobre Ley Antifraude y Ley Crea y Crece en Expansi\u00f3n. \u2014 Entrevista sobre Ley Antifraude y Ley Crea y Crece en La Raz\u00f3n. \u2014 Entrevista sobre factura electr\u00f3nica obligatoria en El Economista. \u2014 Comunicado Billin y TeamSystem en Business Insider. \u2014 Entrevista en Econom\u00eda Digital. \u2014 Entrevista en Ideas para tu empresa de Vodafone. \u2014 Entrevista en M\u00e1sQradio. \u2014 Entrevista en Armas para emprender de El M\u00e9todo Gallardo. \u2014 Entrevista en KFund. \u2014 Entrevista en AXA Seguros Espa\u00f1a. \u2014 Entrevista en GestionaRadio. \u00a0 Marcos De La Cueva en eventos \u00a0 \u2014 Participaci\u00f3n como ponente en Accountex Espa\u00f1a 2023. \u00a0 Tem\u00e1ticas de especializaci\u00f3n \u00a0 negocios | startups | contabilidad| fiscalidad | empresas| asesor\u00edas| autonomos | emprendedores | peque\u00f1os negocios | econom\u00eda | ADE | pymes | desarrollo de negocio\u00a0\",\"sameAs\":[\"https:\/\/www.billin.net\/\",\"https:\/\/www.linkedin.com\/in\/marcos-de-la-cueva-19750ba3\/\"],\"url\":\"https:\/\/www.billin.net\/blog\/author\/marcosdelacueva\/\",\"jobTitle\":\"CEO y cofundador de TS Facturas Billin\"}]}<\/script>\n<!-- \/ Yoast SEO plugin. -->","yoast_head_json":{"title":"C\u00f3mo facturar a un colegio: todos los pasos y ejemplos","description":"Cu\u00e1ndo aplicar IVA al facturar a un colegio y c\u00f3mo distinguir si tu formaci\u00f3n est\u00e1 exenta \u27a8 Evita errores comunes.","robots":{"index":"index","follow":"follow","max-snippet":"max-snippet:-1","max-image-preview":"max-image-preview:large","max-video-preview":"max-video-preview:-1"},"canonical":"https:\/\/www.billin.net\/blog\/como-facturar-a-un-colegio\/","og_locale":"es_ES","og_type":"article","og_title":"C\u00f3mo facturar a un colegio: todos los pasos y ejemplos","og_description":"Cu\u00e1ndo aplicar IVA al facturar a un colegio y c\u00f3mo distinguir si tu formaci\u00f3n est\u00e1 exenta \u27a8 Evita errores comunes.","og_url":"https:\/\/www.billin.net\/blog\/como-facturar-a-un-colegio\/","og_site_name":"Blog de TeamSystem Facturas Billin","article_publisher":"https:\/\/www.facebook.com\/EsBillin","article_published_time":"2025-11-20T09:36:28+00:00","article_modified_time":"2025-11-20T13:38:04+00:00","og_image":[{"width":2000,"height":1248,"url":"https:\/\/www.billin.net\/blog\/wp-content\/uploads\/2025\/11\/Como-facturar-a-un-colegio.jpg","type":"image\/jpeg"}],"author":"Marcos De La Cueva - CEO TeamSystem Facturas Billin","twitter_card":"summary_large_image","twitter_creator":"@Billin_ES","twitter_site":"@Billin_ES","twitter_misc":{"Escrito por":"Marcos De La Cueva - CEO TeamSystem Facturas Billin","Tiempo de lectura":"11 minutos"},"schema":{"@context":"https:\/\/schema.org","@graph":[{"@type":"Article","@id":"https:\/\/www.billin.net\/blog\/como-facturar-a-un-colegio\/#article","isPartOf":{"@id":"https:\/\/www.billin.net\/blog\/como-facturar-a-un-colegio\/"},"author":{"name":"Marcos De La Cueva - CEO TeamSystem Facturas Billin","@id":"https:\/\/www.billin.net\/blog\/#\/schema\/person\/d0339ee6e869234614541b1e80a793e7"},"headline":"\u00bfC\u00f3mo debemos facturar a un colegio? Todos los pasos y ejemplos","datePublished":"2025-11-20T09:36:28+00:00","dateModified":"2025-11-20T13:38:04+00:00","mainEntityOfPage":{"@id":"https:\/\/www.billin.net\/blog\/como-facturar-a-un-colegio\/"},"wordCount":2460,"commentCount":0,"publisher":{"@id":"https:\/\/www.billin.net\/blog\/#organization"},"image":{"@id":"https:\/\/www.billin.net\/blog\/como-facturar-a-un-colegio\/#primaryimage"},"thumbnailUrl":"https:\/\/www.billin.net\/blog\/wp-content\/uploads\/2025\/11\/Como-facturar-a-un-colegio.jpg","articleSection":["Facturaci\u00f3n"],"inLanguage":"es","potentialAction":[{"@type":"CommentAction","name":"Comment","target":["https:\/\/www.billin.net\/blog\/como-facturar-a-un-colegio\/#respond"]}]},{"@type":"WebPage","@id":"https:\/\/www.billin.net\/blog\/como-facturar-a-un-colegio\/","url":"https:\/\/www.billin.net\/blog\/como-facturar-a-un-colegio\/","name":"C\u00f3mo facturar a un colegio: todos los pasos y ejemplos","isPartOf":{"@id":"https:\/\/www.billin.net\/blog\/#website"},"primaryImageOfPage":{"@id":"https:\/\/www.billin.net\/blog\/como-facturar-a-un-colegio\/#primaryimage"},"image":{"@id":"https:\/\/www.billin.net\/blog\/como-facturar-a-un-colegio\/#primaryimage"},"thumbnailUrl":"https:\/\/www.billin.net\/blog\/wp-content\/uploads\/2025\/11\/Como-facturar-a-un-colegio.jpg","datePublished":"2025-11-20T09:36:28+00:00","dateModified":"2025-11-20T13:38:04+00:00","description":"Cu\u00e1ndo aplicar IVA al facturar a un colegio y c\u00f3mo distinguir si tu formaci\u00f3n est\u00e1 exenta \u27a8 Evita errores comunes.","breadcrumb":{"@id":"https:\/\/www.billin.net\/blog\/como-facturar-a-un-colegio\/#breadcrumb"},"inLanguage":"es","potentialAction":[{"@type":"ReadAction","target":["https:\/\/www.billin.net\/blog\/como-facturar-a-un-colegio\/"]}]},{"@type":"ImageObject","inLanguage":"es","@id":"https:\/\/www.billin.net\/blog\/como-facturar-a-un-colegio\/#primaryimage","url":"https:\/\/www.billin.net\/blog\/wp-content\/uploads\/2025\/11\/Como-facturar-a-un-colegio.jpg","contentUrl":"https:\/\/www.billin.net\/blog\/wp-content\/uploads\/2025\/11\/Como-facturar-a-un-colegio.jpg","width":2000,"height":1248,"caption":"Kids around the school table"},{"@type":"BreadcrumbList","@id":"https:\/\/www.billin.net\/blog\/como-facturar-a-un-colegio\/#breadcrumb","itemListElement":[{"@type":"ListItem","position":1,"name":"Blog","item":"https:\/\/www.billin.net\/blog\/"},{"@type":"ListItem","position":2,"name":"Facturaci\u00f3n","item":"https:\/\/www.billin.net\/blog\/facturacion\/"},{"@type":"ListItem","position":3,"name":"\u00bfC\u00f3mo debemos facturar a un colegio? Todos los pasos y ejemplos"}]},{"@type":"WebSite","@id":"https:\/\/www.billin.net\/blog\/#website","url":"https:\/\/www.billin.net\/blog\/","name":"Blog de Billin","description":"Mantente informado con el blog de TeamSystem Facturas Billin:  facturaci\u00f3n, legislaci\u00f3n, contabilidad, management y toda la informaci\u00f3n \u00fatil para pymes y aut\u00f3nomos.","publisher":{"@id":"https:\/\/www.billin.net\/blog\/#organization"},"potentialAction":[{"@type":"SearchAction","target":{"@type":"EntryPoint","urlTemplate":"https:\/\/www.billin.net\/blog\/?s={search_term_string}"},"query-input":{"@type":"PropertyValueSpecification","valueRequired":true,"valueName":"search_term_string"}}],"inLanguage":"es"},{"@type":"Organization","@id":"https:\/\/www.billin.net\/blog\/#organization","name":"Billin","alternateName":"Blog de Billin","url":"https:\/\/www.billin.net\/blog\/","logo":{"@type":"ImageObject","inLanguage":"es","@id":"https:\/\/www.billin.net\/blog\/#\/schema\/logo\/image\/","url":"https:\/\/www.billin.net\/blog\/wp-content\/uploads\/2019\/06\/logotipo-billin-blog-1.png","contentUrl":"https:\/\/www.billin.net\/blog\/wp-content\/uploads\/2019\/06\/logotipo-billin-blog-1.png","width":126,"height":50,"caption":"Billin"},"image":{"@id":"https:\/\/www.billin.net\/blog\/#\/schema\/logo\/image\/"},"sameAs":["https:\/\/www.facebook.com\/EsBillin","https:\/\/x.com\/Billin_ES","https:\/\/www.instagram.com\/billin_es\/","https:\/\/www.linkedin.com\/company\/billin-spain","https:\/\/www.youtube.com\/c\/BillinEsintercambiodefacturas\/"],"legalName":"MY EXPENSES SL","contactPoint":{"@type":"ContactPoint","telephone":"+34918318883","contactType":"customer service","email":"info@billin.eu","availableLanguage":"es"},"foundingDate":"2015","numberOfEmployees":{"@type":"QuantitativeValue","minValue":10,"maxValue":50},"parentOrganization":{"@type":"Organization","name":"TeamSystem","url":"https:\/\/www.teamsystem.com\/"},"description":"Billin es el programa de facturaci\u00f3n online de TeamSystem para aut\u00f3nomos y pymes en Espa\u00f1a. Permite crear facturas, controlar gastos y cumplir con Verifactu.","address":{"@type":"PostalAddress","streetAddress":"Calle Arturo Soria, 336","addressLocality":"Madrid","addressRegion":"Madrid","postalCode":"28033","addressCountry":"ES"}},{"@type":"Person","@id":"https:\/\/www.billin.net\/blog\/#\/schema\/person\/d0339ee6e869234614541b1e80a793e7","name":"Marcos De La Cueva - CEO TeamSystem Facturas Billin","image":{"@type":"ImageObject","inLanguage":"es","@id":"https:\/\/www.billin.net\/blog\/#\/schema\/person\/image\/","url":"https:\/\/www.billin.net\/blog\/wp-content\/uploads\/2023\/10\/marcos-color-150x150.png","contentUrl":"https:\/\/www.billin.net\/blog\/wp-content\/uploads\/2023\/10\/marcos-color-150x150.png","caption":"Marcos De La Cueva - CEO TeamSystem Facturas Billin"},"description":"Licenciado en ADE por la Universidad Aut\u00f3noma de Madrid, Marcos De la Cueva es CEO y cofundador de TeamSystem Facturas Billin, un programa online que lleva m\u00e1s de 9 a\u00f1os ayudando a aut\u00f3nomos, peque\u00f1os negocios y gestor\u00edas a digitalizar sus presupuestos, facturas, tickets y gastos. \u00a0 Sobre Marcos De La Cueva \u00a0 Apasionado por el mundo empresarial y la tecnolog\u00eda, curs\u00f3 su M\u00e1ster de Finanzas en la Universidad Pontificia de Comillas y estuvo en el Programa de Cooperaci\u00f3n Educativa de la Universidad Aut\u00f3noma de Madrid. \u00a0 Marcos siempre ha tenido su objetivo claro: ayudar a la creaci\u00f3n de negocios financieramente sostenibles a trav\u00e9s de una herramienta de facturaci\u00f3n que les permita ahorrar tiempo y tener la contabilidad bajo control. \u00a0 Marcos De La Cueva en los medios \u2014 Noticia sobre Kit Digital y Ley Antifraude (VeriFactu) en El Economista. \u2014 Noticia sobre Kit Digital y factura electr\u00f3nica obligatoria en Diario Jur\u00eddico. \u2014 Noticia sobre el a\u00f1o de transici\u00f3n para la factura electr\u00f3nica en Muy Pymes. \u2014 Entrevista sobre factura electr\u00f3nica obligatoria en Canal Sur. \u2014 Noticia sobre el informe factura electr\u00f3nica de TeamSystem en Channel Partner. \u2014 Charla sobre productividad y Ley Crea y Crece en El Economista. \u2014 Charla sobre factura electr\u00f3nica obligatoria en Muy Pymes. \u2014 Charla sobre digitalizaci\u00f3n aut\u00f3nomos y productividad en esdiario. \u2014 Charla sobre productividad y factura electr\u00f3nica en La Raz\u00f3n. \u2014 Charla sobre factura electr\u00f3nica obligatoria en Aut\u00f3nomos y Emprendedores. \u2014 Entrevista sobre Ley Antifraude y Ley Crea y Crece en Expansi\u00f3n. \u2014 Entrevista sobre Ley Antifraude y Ley Crea y Crece en La Raz\u00f3n. \u2014 Entrevista sobre factura electr\u00f3nica obligatoria en El Economista. \u2014 Comunicado Billin y TeamSystem en Business Insider. \u2014 Entrevista en Econom\u00eda Digital. \u2014 Entrevista en Ideas para tu empresa de Vodafone. \u2014 Entrevista en M\u00e1sQradio. \u2014 Entrevista en Armas para emprender de El M\u00e9todo Gallardo. \u2014 Entrevista en KFund. \u2014 Entrevista en AXA Seguros Espa\u00f1a. \u2014 Entrevista en GestionaRadio. \u00a0 Marcos De La Cueva en eventos \u00a0 \u2014 Participaci\u00f3n como ponente en Accountex Espa\u00f1a 2023. \u00a0 Tem\u00e1ticas de especializaci\u00f3n \u00a0 negocios | startups | contabilidad| fiscalidad | empresas| asesor\u00edas| autonomos | emprendedores | peque\u00f1os negocios | econom\u00eda | ADE | pymes | desarrollo de negocio\u00a0","sameAs":["https:\/\/www.billin.net\/","https:\/\/www.linkedin.com\/in\/marcos-de-la-cueva-19750ba3\/"],"url":"https:\/\/www.billin.net\/blog\/author\/marcosdelacueva\/","jobTitle":"CEO y cofundador de TS Facturas Billin"}]}},"_links":{"self":[{"href":"https:\/\/www.billin.net\/blog\/wp-json\/wp\/v2\/posts\/28230","targetHints":{"allow":["GET"]}}],"collection":[{"href":"https:\/\/www.billin.net\/blog\/wp-json\/wp\/v2\/posts"}],"about":[{"href":"https:\/\/www.billin.net\/blog\/wp-json\/wp\/v2\/types\/post"}],"author":[{"embeddable":true,"href":"https:\/\/www.billin.net\/blog\/wp-json\/wp\/v2\/users\/20"}],"replies":[{"embeddable":true,"href":"https:\/\/www.billin.net\/blog\/wp-json\/wp\/v2\/comments?post=28230"}],"version-history":[{"count":8,"href":"https:\/\/www.billin.net\/blog\/wp-json\/wp\/v2\/posts\/28230\/revisions"}],"predecessor-version":[{"id":28240,"href":"https:\/\/www.billin.net\/blog\/wp-json\/wp\/v2\/posts\/28230\/revisions\/28240"}],"wp:featuredmedia":[{"embeddable":true,"href":"https:\/\/www.billin.net\/blog\/wp-json\/wp\/v2\/media\/28234"}],"wp:attachment":[{"href":"https:\/\/www.billin.net\/blog\/wp-json\/wp\/v2\/media?parent=28230"}],"wp:term":[{"taxonomy":"category","embeddable":true,"href":"https:\/\/www.billin.net\/blog\/wp-json\/wp\/v2\/categories?post=28230"},{"taxonomy":"post_tag","embeddable":true,"href":"https:\/\/www.billin.net\/blog\/wp-json\/wp\/v2\/tags?post=28230"}],"curies":[{"name":"wp","href":"https:\/\/api.w.org\/{rel}","templated":true}]}}