{"id":28226,"date":"2025-11-20T13:05:04","date_gmt":"2025-11-20T11:05:04","guid":{"rendered":"https:\/\/www.billin.net\/blog\/?p=28226"},"modified":"2025-11-20T16:00:25","modified_gmt":"2025-11-20T14:00:25","slug":"registro-horario-digital-para-autonomos","status":"publish","type":"post","link":"https:\/\/www.billin.net\/blog\/registro-horario-digital-para-autonomos\/","title":{"rendered":"Registro horario digital para aut\u00f3nomos: beneficios y c\u00f3mo implementarlo"},"content":{"rendered":"<p><span style=\"font-weight: 400;\">El <\/span><b>registro horario digital<\/b><span style=\"font-weight: 400;\"> se ha convertido en una herramienta que garantiza la transparencia y el cumplimiento legal tanto en empresas como entre trabajadores por cuenta propia.\u00a0<\/span><\/p>\n<p><span style=\"font-weight: 400;\">Con la entrada en vigor del nuevo <\/span><b>registro horario obligatorio<\/b><span style=\"font-weight: 400;\">, los profesionales aut\u00f3nomos deben adaptarse a un sistema que permita controlar y documentar las horas de trabajo de forma precisa y segura.<\/span><\/p>\n<p><span style=\"font-weight: 400;\">Aunque de momento el <\/span><b>registro horario digital no es obligatorio<\/b><span style=\"font-weight: 400;\">, la tendencia del mercado y las nuevas directrices apuntan a su total digitalizaci\u00f3n.<\/span><\/p>\n<p><b>En esta gu\u00eda te explicamos:<\/b><\/p>\n<ul>\n<li style=\"font-weight: 400;\" aria-level=\"1\"><span style=\"font-weight: 400;\">Qu\u00e9 implica el registro horario digital.<\/span><\/li>\n<\/ul>\n<ul>\n<li style=\"font-weight: 400;\" aria-level=\"1\"><span style=\"font-weight: 400;\">Qui\u00e9nes est\u00e1n obligados a aplicarlo.<\/span><\/li>\n<\/ul>\n<ul>\n<li style=\"font-weight: 400;\" aria-level=\"1\"><span style=\"font-weight: 400;\">Qu\u00e9 herramientas son m\u00e1s recomendables.<\/span><\/li>\n<\/ul>\n<ul>\n<li style=\"font-weight: 400;\" aria-level=\"1\"><span style=\"font-weight: 400;\">C\u00f3mo implementar un sistema fiable que te ayude a cumplir con el registro horario obligatorio sin complicaciones.<\/span><\/li>\n<\/ul>\n<h2><b>El registro horario: art\u00edculo 34.9 del Estatuto de los Trabajadores<\/b><\/h2>\n<p><span style=\"font-weight: 400;\">Para entender mejor el registro horario digital, empezamos destacando y explicando los puntos clave de la obligaci\u00f3n del <\/span><a href=\"https:\/\/www.billin.net\/blog\/registro-de-jornadas-reales-de-12-de-mayo\/\"><span style=\"font-weight: 400;\">registro horario<\/span><\/a><span style=\"font-weight: 400;\"> obligatorio seg\u00fan el art\u00edculo 34.9 del Estatuto de los Trabajadores (ET), (modificado por el Real Decreto\u2011ley 8\/2019).<\/span><\/p>\n<h3><b>\u00c1mbito de aplicaci\u00f3n<\/b><\/h3>\n<p><span style=\"font-weight: 400;\">El art\u00edculo 34.9 establece que <\/span><i><span style=\"font-weight: 400;\">\u201cLa empresa garantizar\u00e1 el registro diario de jornada, que deber\u00e1 incluir el horario concreto de inicio y finalizaci\u00f3n de la jornada de trabajo de cada persona trabajadora, sin perjuicio de la flexibilidad horaria que se establece en este art\u00edculo\u201d<\/span><\/i><span style=\"font-weight: 400;\">.<\/span><span style=\"font-weight: 400;\"><br \/>\n<\/span><\/p>\n<p><span style=\"font-weight: 400;\">Esta exigencia aplica a <\/span><b>todas las empresas y trabajadores<\/b><span style=\"font-weight: 400;\">, independientemente de su categor\u00eda profesional, sector de actividad o modalidad de contrato (tiempo completo, parcial, teletrabajo, etc.).\u00a0\u00a0<\/span><\/p>\n<p><span style=\"font-weight: 400;\">Pero existen algunas excepciones: por ejemplo, relaciones laborales de car\u00e1cter especial (alta direcci\u00f3n, ciertos servicios dom\u00e9sticos, etc.) que pueden tener regulaci\u00f3n diferenciada.\u00a0<\/span><\/p>\n<h3><b>Contenido m\u00ednimo y conservaci\u00f3n de los registros<\/b><\/h3>\n<p><span style=\"font-weight: 400;\">El registro debe incluir <\/span><b>la hora exacta de inicio y finalizaci\u00f3n<\/b><span style=\"font-weight: 400;\"> de la jornada de cada trabajador.<\/span><\/p>\n<p><span style=\"font-weight: 400;\">No se exige un modelo oficial obligatorio, es decir, puede realizarse en papel, formato digital, mediante sistema electr\u00f3nico, etc.), siempre que cumpla con los principios de fiabilidad, objetividad y accesibilidad.<\/span><\/p>\n<p><span style=\"font-weight: 400;\">Adem\u00e1s, las empresas deben <\/span><b>conservar<\/b><span style=\"font-weight: 400;\"> los registros durante al menos <\/span><b>cuatro a\u00f1os<\/b><span style=\"font-weight: 400;\"> y mantenerlos a disposici\u00f3n de los trabajadores, sus representantes legales y de la Inspecci\u00f3n de Trabajo y Seguridad Social.<\/span><\/p>\n<p><span style=\"font-weight: 400;\">\u201c<\/span><i><span style=\"font-weight: 400;\">La empresa conservar\u00e1 los registros a que se refiere este precepto durante cuatro a\u00f1os y permanecer\u00e1n a disposici\u00f3n de las personas trabajadoras, de sus representantes legales y de la Inspecci\u00f3n de Trabajo y Seguridad Social\u201d.<\/span><\/i><\/p>\n<h3><b>Finalidad y consecuencias<\/b><\/h3>\n<p><span style=\"font-weight: 400;\">El objetivo es garantizar el control de la jornada laboral, verificar que no se exceden los l\u00edmites legales de horas ordinarias, permitir la fiscalizaci\u00f3n de <\/span><a href=\"https:\/\/www.billin.net\/glosario\/hora-extraordinaria\/\"><span style=\"font-weight: 400;\">horas extraordinarias<\/span><\/a><span style=\"font-weight: 400;\"> y proteger los derechos de los trabajadores.<\/span><a href=\"https:\/\/www.rocajunyent.com\/sites\/default\/files\/content\/file\/2025\/02\/11\/52\/analisis-tenico-nueva-regulacion-del-registro-de-jornada.pdf?utm_source=chatgpt.com\"><span style=\"font-weight: 400;\">\u00a0<\/span><\/a><\/p>\n<p><span style=\"font-weight: 400;\">El incumplimiento puede dar lugar a sanciones, as\u00ed como a que la empresa tenga dificultades para justificar jornadas, horas extra o descansos ante la inspecci\u00f3n o en reclamaciones.<\/span><\/p>\n<h3><b>Consideraciones espec\u00edficas<\/b><\/h3>\n<p><span style=\"font-weight: 400;\">La norma permite que el registro se organice por acuerdo colectivo o por decisi\u00f3n empresarial tras consulta con representantes de los trabajadores.<\/span><\/p>\n<p><i><span style=\"font-weight: 400;\">\u201cMediante negociaci\u00f3n colectiva o acuerdo de empresa o, en su defecto, decisi\u00f3n del empresario previa consulta con los representantes legales de los trabajadores en la empresa, se organizar\u00e1 y documentar\u00e1 este registro de jornada\u201d.<\/span><\/i><\/p>\n<h2><b>\u00bfQu\u00e9 es el registro horario digital para aut\u00f3nomos?<\/b><\/h2>\n<p><span style=\"font-weight: 400;\">El registro horario digital es el sistema electr\u00f3nico que permite registrar de manera precisa, segura y verificable las horas de inicio y finalizaci\u00f3n de la jornada laboral de cada trabajador o profesional.\u00a0<\/span><\/p>\n<p><span style=\"font-weight: 400;\">Su objetivo es garantizar el cumplimiento del registro horario obligatorio, evitar fraudes laborales y proporcionar una trazabilidad completa de la actividad diaria.<\/span><\/p>\n<p><span style=\"font-weight: 400;\">A diferencia de los m\u00e9todos manuales \u2014como las hojas firmadas o los partes de trabajo en papel\u2014, el registro digital utiliza herramientas tecnol\u00f3gicas que automatizan el proceso y minimizan posibles errores.\u00a0<\/span><\/p>\n<h3><b>Caracter\u00edsticas del registro horario digital<\/b><\/h3>\n<p><span style=\"font-weight: 400;\">Un <\/span><b>registro horario digital<\/b><span style=\"font-weight: 400;\"> para que ser\u00e1 v\u00e1lido debe cumplir con varios requisitos legales y t\u00e9cnicos que aseguran su fiabilidad:<\/span><\/p>\n<ul>\n<li style=\"font-weight: 400;\" aria-level=\"1\"><b>Identificaci\u00f3n individual del trabajador: <\/b><span style=\"font-weight: 400;\">cada registro debe asociarse a una persona concreta, ya sea mediante usuario, PIN, huella digital o firma electr\u00f3nica.<\/span><\/li>\n<li style=\"font-weight: 400;\" aria-level=\"1\"><b>Registro en tiempo real: <\/b><span style=\"font-weight: 400;\">el sistema debe anotar autom\u00e1ticamente la hora exacta de inicio, pausas y finalizaci\u00f3n de la jornada, evitando modificaciones posteriores.<\/span><\/li>\n<li style=\"font-weight: 400;\" aria-level=\"1\"><b>Integridad y trazabilidad de los datos: <\/b><span style=\"font-weight: 400;\">los registros deben ser inalterables y conservarse durante al menos cuatro a\u00f1os, tal y como exige la Inspecci\u00f3n de Trabajo.<\/span><\/li>\n<li style=\"font-weight: 400;\" aria-level=\"1\"><b>Accesibilidad y transparencia: <\/b><span style=\"font-weight: 400;\">tanto el trabajador como la empresa (o el aut\u00f3nomo empleador) deben poder acceder f\u00e1cilmente a los datos registrados.<\/span><\/li>\n<li style=\"font-weight: 400;\" aria-level=\"1\"><b>Compatibilidad con diferentes modalidades laborales: <\/b><span style=\"font-weight: 400;\">el registro digital debe adaptarse al trabajo presencial, remoto o h\u00edbrido, algo esencial para el registro horario de aut\u00f3nomos y profesionales con alta movilidad.<\/span><\/li>\n<\/ul>\n<h3><b>Ventajas y beneficios del registro horario digital para aut\u00f3nomos<\/b><\/h3>\n<table style=\"width: 100%; border-collapse: collapse; text-align: left;\">\n<thead>\n<tr>\n<th style=\"border: 1px solid #ddd; padding: 8px; background-color: #f5f5f5;\">Beneficio<\/th>\n<th style=\"border: 1px solid #ddd; padding: 8px; background-color: #f5f5f5;\">Descripci\u00f3n<\/th>\n<\/tr>\n<\/thead>\n<tbody>\n<tr>\n<td style=\"border: 1px solid #ddd; padding: 8px;\">Ahorro de tiempo<\/td>\n<td style=\"border: 1px solid #ddd; padding: 8px;\">Automatiza el registro, eliminando tareas manuales y errores de c\u00e1lculo.<\/td>\n<\/tr>\n<tr>\n<td style=\"border: 1px solid #ddd; padding: 8px;\">Cumplimiento legal<\/td>\n<td style=\"border: 1px solid #ddd; padding: 8px;\">Garantiza el cumplimiento de la normativa laboral sin riesgos de sanciones.<\/td>\n<\/tr>\n<tr>\n<td style=\"border: 1px solid #ddd; padding: 8px;\">Accesibilidad<\/td>\n<td style=\"border: 1px solid #ddd; padding: 8px;\">Accede a los registros en cualquier momento desde cualquier dispositivo.<\/td>\n<\/tr>\n<tr>\n<td style=\"border: 1px solid #ddd; padding: 8px;\">Reducci\u00f3n de errores<\/td>\n<td style=\"border: 1px solid #ddd; padding: 8px;\">Eliminaci\u00f3n de la posibilidad de errores humanos en el registro de horas.<\/td>\n<\/tr>\n<\/tbody>\n<\/table>\n<p><strong>La digitalizaci\u00f3n del control horario tambi\u00e9n aporta m\u00faltiples beneficios al registro de aut\u00f3nomos:<\/strong><\/p>\n<ul>\n<li style=\"font-weight: 400;\" aria-level=\"1\"><b>Ahorro de tiempo y reducci\u00f3n de errores:<\/b><span style=\"font-weight: 400;\"> al automatizar el registro, se eliminan procesos manuales y errores de c\u00e1lculo.<\/span><\/li>\n<li style=\"font-weight: 400;\" aria-level=\"1\"><b>Cumplimiento legal garantizado:<\/b><span style=\"font-weight: 400;\"> evita sanciones por incumplimiento del registro horario obligatorio.<\/span><\/li>\n<li style=\"font-weight: 400;\" aria-level=\"1\"><b>Gesti\u00f3n optimizada del tiempo:<\/b><span style=\"font-weight: 400;\"> permite analizar horas invertidas por cliente o proyecto, mejorando la productividad.<\/span><\/li>\n<li style=\"font-weight: 400;\" aria-level=\"1\"><b>Protecci\u00f3n frente a inspecciones o reclamaciones:<\/b><span style=\"font-weight: 400;\"> disponer de un registro verificable refuerza la defensa ante posibles conflictos laborales o contractuales.<\/span><\/li>\n<\/ul>\n<p><b>Te podr\u00eda interesar tambi\u00e9n <\/b><b>\u27a8<\/b> <a href=\"https:\/\/www.billin.net\/blog\/control-horario-empleados\/\"><span style=\"font-weight: 400;\">Como gestionar el control horario de los empleados y por qu\u00e9 es importante<\/span><\/a><\/p>\n<h2><b>C\u00f3mo implementar el registro horario digital en aut\u00f3nomos\u00a0<\/b><\/h2>\n<p><span style=\"font-weight: 400;\">Implementar un sistema de registro horario digital puede parecer un reto para muchos profesionales por cuenta propia, pero en realidad se trata de un proceso sencillo si se planifica adecuadamente.\u00a0<\/span><\/p>\n<p><span style=\"font-weight: 400;\">Adem\u00e1s de cumplir con el registro horario obligatorio, esta pr\u00e1ctica permite mejorar la organizaci\u00f3n, la productividad y la transparencia en la gesti\u00f3n del tiempo.<\/span><\/p>\n<p><span style=\"font-weight: 400;\">Veamos, paso a paso, <\/span><b>c\u00f3mo poner en marcha un registro horario de aut\u00f3nomos digital<\/b><span style=\"font-weight: 400;\"> eficaz:<\/span><\/p>\n<h3><b>Analiza tu situaci\u00f3n laboral y tus obligaciones<\/b><\/h3>\n<p><span style=\"font-weight: 400;\">El primer paso consiste en determinar si est\u00e1s obligado legalmente a llevar un <\/span><b>registro horario de aut\u00f3nomos:<\/b><\/p>\n<ul>\n<li style=\"font-weight: 400;\" aria-level=\"1\"><b>Si trabajas solo<\/b><span style=\"font-weight: 400;\">, sin empleados, no tienes obligaci\u00f3n directa, aunque llevar un control horario puede ayudarte a gestionar mejor tu tiempo y justificar horas ante clientes o Hacienda.<\/span><\/li>\n<li style=\"font-weight: 400;\" aria-level=\"1\"><b>Si contratas trabajadores<\/b><span style=\"font-weight: 400;\"> o colaboras de forma habitual con otros profesionales, s\u00ed debes llevar un <\/span><b>registro horario<\/b><span style=\"font-weight: 400;\">, documentando las horas de entrada, salida y descansos de cada persona.<\/span><\/li>\n<\/ul>\n<p><span style=\"font-weight: 400;\">Adem\u00e1s, algunos contratos con grandes empresas ya exigen que los aut\u00f3nomos presenten un registro de aut\u00f3nomos para demostrar el cumplimiento de horarios acordados o de servicios prestados.<\/span><\/p>\n<h3><b>Elige una herramienta de registro horario digital adecuada<\/b><\/h3>\n<p><span style=\"font-weight: 400;\">El mercado ofrece distintas soluciones de registro horario digital que permiten automatizar el proceso y garantizar el cumplimiento legal.<\/span><\/p>\n<p><span style=\"font-weight: 400;\">Para elegir el sistema ideal, <\/span><b>aconsejamos considerar los siguientes aspectos:<\/b><\/p>\n<ul>\n<li style=\"font-weight: 400;\" aria-level=\"1\"><b>Facilidad de uso:<\/b><span style=\"font-weight: 400;\"> debe ser intuitivo y accesible desde ordenador o dispositivo m\u00f3vil.<\/span><\/li>\n<li style=\"font-weight: 400;\" aria-level=\"1\"><b>Registro en tiempo real:<\/b><span style=\"font-weight: 400;\"> debe registrar autom\u00e1ticamente las horas trabajadas sin permitir modificaciones no autorizadas.<\/span><\/li>\n<li style=\"font-weight: 400;\" aria-level=\"1\"><b>Seguridad y trazabilidad:<\/b><span style=\"font-weight: 400;\"> los datos deben almacenarse en servidores seguros y conservarse durante al menos cuatro a\u00f1os.<\/span><\/li>\n<li style=\"font-weight: 400;\" aria-level=\"1\"><b>Informes descargables:<\/b><span style=\"font-weight: 400;\"> debe poder generar reportes autom\u00e1ticos para demostrar el cumplimiento del registro horario obligatorio ante la Inspecci\u00f3n de Trabajo.<\/span><\/li>\n<\/ul>\n<h3><b>Define tus rutinas y reglas de control horario<\/b><\/h3>\n<p><span style=\"font-weight: 400;\">Una vez elegido el sistema, se debe establecer c\u00f3mo se realizar\u00e1 el registro horario digital cada d\u00eda:<\/span><\/p>\n<ul>\n<li style=\"font-weight: 400;\" aria-level=\"1\"><span style=\"font-weight: 400;\">Define las <\/span><b>horas habituales de trabajo<\/b><span style=\"font-weight: 400;\"> y los descansos previstos.<\/span><\/li>\n<li style=\"font-weight: 400;\" aria-level=\"1\"><span style=\"font-weight: 400;\">Determina si se registran tambi\u00e9n las pausas, desplazamientos o tareas fuera de oficina.<\/span><\/li>\n<li style=\"font-weight: 400;\" aria-level=\"1\"><span style=\"font-weight: 400;\">En caso de tener empleados, <\/span><b>comunica claramente<\/b><span style=\"font-weight: 400;\"> las normas internas sobre el registro y ofrece formaci\u00f3n b\u00e1sica en el uso de la herramienta.<\/span><\/li>\n<\/ul>\n<h3><b>Implementa el sistema y prueba su funcionamiento<\/b><\/h3>\n<p><span style=\"font-weight: 400;\">Antes de usarlo de forma oficial, establece un <\/span><b>periodo de prueba<\/b><span style=\"font-weight: 400;\">. Registra varias jornadas y comprueba:<\/span><\/p>\n<ul>\n<li style=\"font-weight: 400;\" aria-level=\"1\"><span style=\"font-weight: 400;\">Que las horas se almacenan correctamente.<\/span><\/li>\n<li style=\"font-weight: 400;\" aria-level=\"1\"><span style=\"font-weight: 400;\">Que los informes sean precisos y accesibles.<\/span><\/li>\n<li style=\"font-weight: 400;\" aria-level=\"1\"><span style=\"font-weight: 400;\">Que puedes extraer o exportar los datos f\u00e1cilmente para guardarlos o presentarlos ante un inspector o cliente.<\/span><span style=\"font-weight: 400;\"><br \/>\n<\/span><\/li>\n<\/ul>\n<p><span style=\"font-weight: 400;\">Si detectamos fallos, ajustamos el proceso antes de implantarlo definitivamente. Un <\/span><b>r<\/b><span style=\"font-weight: 400;\">egistro horario de aut\u00f3nomo digital debe ser<\/span><b> fiable, sencillo y adaptado a tu actividad<\/b><span style=\"font-weight: 400;\">.<\/span><\/p>\n<h3><b>Revisa peri\u00f3dicamente los datos registrados<\/b><\/h3>\n<p><span style=\"font-weight: 400;\">No basta con implementar el sistema: es importante <\/span><b>revisar regularmente<\/b><span style=\"font-weight: 400;\"> los registros para asegurar que todo est\u00e1 correcto.<\/span><\/p>\n<ul>\n<li style=\"font-weight: 400;\" aria-level=\"1\"><span style=\"font-weight: 400;\">Comprueba que las horas coinciden con la actividad real.<\/span><\/li>\n<li style=\"font-weight: 400;\" aria-level=\"1\"><span style=\"font-weight: 400;\">Analiza los informes para optimizar la productividad y detectar excesos de jornada o tiempos improductivos.<\/span><\/li>\n<li style=\"font-weight: 400;\" aria-level=\"1\"><span style=\"font-weight: 400;\">Guarda los datos de cada periodo legal (m\u00ednimo cuatro a\u00f1os).<\/span><\/li>\n<\/ul>\n<h2><b>\u00bfCu\u00e1l es el estado actual del proyecto para el registro horario digital?<\/b><\/h2>\n<p><span style=\"font-weight: 400;\">El proyecto de registro horario digital ven\u00eda asociado a la iniciativa del actual gobierno de reducci\u00f3n de la jornada de trabajo.\u00a0<\/span><\/p>\n<p><span style=\"font-weight: 400;\">El Ministerio de Trabajo y Econom\u00eda Social ha venido insistiendo en los \u00faltimos meses en su intenci\u00f3n de alcanzar <\/span><i><span style=\"font-weight: 400;\">\u201ccuanto antes\u201d<\/span><\/i><span style=\"font-weight: 400;\"> un acuerdo para reducir la jornada laboral a 37,5 horas semanales, dentro de lo que llaman la <\/span><b><i>\u201creforma global\u201d<\/i><\/b><b> del mercado laboral.\u00a0<\/b><\/p>\n<p><span style=\"font-weight: 400;\">Como parte de ese plan se inclu\u00eda la implantaci\u00f3n de un registro digital de jornada al que tenga acceso directo la Inspecci\u00f3n de Trabajo y Seguridad Social.<\/span><a href=\"https:\/\/controllaboral.es\/registro-horario-digital-obligatorio\/?utm_source=chatgpt.com\"><span style=\"font-weight: 400;\">\u00a0<\/span><\/a><\/p>\n<p><span style=\"font-weight: 400;\">Sin embargo, el camino no ha sido totalmente lineal, ya que el proyecto de ley que contemplaba la reducci\u00f3n de la jornada a 37,5 horas semanales <\/span><b>no fue convalidado<\/b><span style=\"font-weight: 400;\"> en el Parlamento, el pasado mes de septiembre de 2025.<\/span><\/p>\n<p><span style=\"font-weight: 400;\">A pesar de ello, el gobierno ha manifestado que seguir\u00e1 adelante con la parte relativa al control horario digital, aunque no se apruebe la jornada reducida.\u00a0<\/span><\/p>\n<p><span style=\"font-weight: 400;\">En concreto, la ministra Yolanda D\u00edaz ha declarado que van a hacer todo lo posible en materia de registro digital, para que esta medida, salga finalmente adelante.\u00a0<\/span><\/p>\n<p><span style=\"font-weight: 400;\">Aunque todav\u00eda <\/span><b>no existe una fecha exacta de entrada en vigor<\/b><span style=\"font-weight: 400;\"> del nuevo <\/span><b>registro horario digital obligatorio<\/b><span style=\"font-weight: 400;\">, todo apunta a que <\/span><b>la norma podr\u00eda ver la luz en 2026.<\/b><\/p>\n<p><span style=\"font-weight: 400;\">Por ello, es <\/span><b>muy recomendable que los aut\u00f3nomos y empresas se anticipen<\/b><span style=\"font-weight: 400;\">, adoptando desde ahora sistemas de <\/span><b>registro horario de aut\u00f3nomos digitales<\/b><span style=\"font-weight: 400;\"> que cumplan con los requisitos de trazabilidad, seguridad y accesibilidad.\u00a0<\/span><\/p>\n<p><span style=\"font-weight: 400;\">De esta manera, podr\u00e1n adaptarse sin prisas a la futura normativa y garantizar el cumplimiento del registro horario obligatorio desde el primer momento.<\/span><\/p>\n<h2><b>Simplifica tu d\u00eda a d\u00eda como aut\u00f3nomo con TeamSystem Facturas Billin<\/b><\/h2>\n<p><span style=\"font-weight: 400;\">Ser aut\u00f3nomo implica mantener el control de tu facturaci\u00f3n, tus gastos y la rentabilidad de cada proyecto. <\/span><\/p>\n<p><span style=\"font-weight: 400;\">Para ello, contar una herramienta de gesti\u00f3n integral como <\/span><b>TS Facturas Billin<\/b><span style=\"font-weight: 400;\"> se convierte en una gran aliada para tu negocio<\/span><\/p>\n<p><span style=\"font-weight: 400;\">Con <\/span><b>TS Facturas Billin<\/b><span style=\"font-weight: 400;\">, podr\u00e1s <\/span><b>centralizar toda tu informaci\u00f3n econ\u00f3mica, automatizar tareas administrativas y tener una visi\u00f3n clara de tus ingresos y gastos<\/b><span style=\"font-weight: 400;\"> en tiempo real.\u00a0<\/span><\/p>\n<p><span style=\"font-weight: 400;\">Adem\u00e1s, la plataforma te permite emitir y recibir facturas electr\u00f3nicas, controlar tus presupuestos y mejorar la gesti\u00f3n de cobros y pagos sin complicaciones.\u00a0<\/span><\/p>\n<p><span style=\"font-weight: 400;\">Y, gracias a su entorno digital seguro y accesible desde cualquier dispositivo, podr\u00e1s ahorrar tiempo, evitar errores y concentrarte en hacer crecer tu negocio.<\/span><\/p>\n<p><a href=\"https:\/\/www.billin.net\/signup-mkt-app-nueva\/\"><b>Prueba todas sus funcionalidades sin l\u00edmite durante 30 d\u00edas<\/b><\/a><span style=\"font-weight: 400;\"> y descubre lo sencillo que puede ser gestionar tu facturaci\u00f3n como aut\u00f3nomo, con la tranquilidad de saber que tus cuentas est\u00e1n siempre bajo control.<\/span><\/p>\n<h2><b>Preguntas frecuentes sobre el registro horario digital para aut\u00f3nomos<\/b><\/h2>\n<h3><b>1. \u00bfQu\u00e9 es el registro horario digital para aut\u00f3nomos?<\/b><\/h3>\n<p><span style=\"font-weight: 400;\">El <\/span><b>registro horario digital para aut\u00f3nomos<\/b><span style=\"font-weight: 400;\"> es un sistema que permite registrar y controlar las horas de trabajo de manera precisa, segura y en tiempo real, garantizando el cumplimiento de la normativa de trabajo y evitando errores.<\/span><\/p>\n<h3><b>2. \u00bfEs obligatorio el registro horario digital para aut\u00f3nomos?<\/b><\/h3>\n<p><span style=\"font-weight: 400;\">Aunque a\u00fan no es obligatorio, el <\/span><b>registro horario digital<\/b><span style=\"font-weight: 400;\"> se est\u00e1 posicionando como una tendencia.\u00a0<\/span><\/p>\n<p><span style=\"font-weight: 400;\">En el futuro cercano, especialmente con la posible implementaci\u00f3n de la jornada laboral reducida, se espera que sea obligatorio.<\/span><\/p>\n<h3><b>3. \u00bfQu\u00e9 beneficios tiene implementar el registro horario digital?<\/b><\/h3>\n<p><span style=\"font-weight: 400;\">El registro horario digital permite optimizar el tiempo, reducir errores manuales, cumplir con la legislaci\u00f3n laboral y tener acceso a informes precisos para mejorar la productividad, adem\u00e1s de ser una medida de protecci\u00f3n frente a inspecciones o reclamaciones laborales.<\/span><\/p>\n<h3><b>4. \u00bfQu\u00e9 herramientas digitales son recomendables para el registro horario de aut\u00f3nomos?<\/b><\/h3>\n<p><span style=\"font-weight: 400;\">Existen diversas herramientas en el mercado, como <\/span><b>TS Facturas Billin<\/b><span style=\"font-weight: 400;\">, que permiten registrar las horas de trabajo, generar informes y mantener los registros accesibles y seguros, cumpliendo con todos los requisitos legales.<\/span><\/p>\n<h3><b>5. \u00bfC\u00f3mo puedo implementar el registro horario digital si soy aut\u00f3nomo?<\/b><\/h3>\n<p><span style=\"font-weight: 400;\">Para implementar el <\/span><b>registro horario digital<\/b><span style=\"font-weight: 400;\">, es importante elegir una herramienta adecuada que se adapte a tus necesidades, definir las rutinas laborales y asegurarte de que el sistema sea f\u00e1cil de usar, seguro y accesible desde cualquier dispositivo.<\/span><\/p>\n","protected":false},"excerpt":{"rendered":"<p>El registro horario digital se ha convertido en una herramienta que garantiza la transparencia y el cumplimiento legal tanto en empresas como entre trabajadores por cuenta propia.\u00a0 Con la entrada en vigor del nuevo registro horario obligatorio, los profesionales aut\u00f3nomos deben adaptarse a un sistema que permita controlar y documentar las horas de trabajo de [&hellip;]<\/p>\n","protected":false},"author":20,"featured_media":28227,"comment_status":"open","ping_status":"open","sticky":false,"template":"","format":"standard","meta":{"_acf_changed":false,"_et_pb_use_builder":"","_et_pb_old_content":"","_et_gb_content_width":"","om_disable_all_campaigns":false,"inline_featured_image":false,"footnotes":""},"categories":[1015],"tags":[],"class_list":{"0":"post-28226","1":"post","2":"type-post","3":"status-publish","4":"format-standard","5":"has-post-thumbnail","7":"category-facturacion"},"acf":{"selector_de_usuario":"","fecha_de_revision":null},"yoast_head":"<!-- This site is optimized with the Yoast SEO plugin v27.1 - https:\/\/yoast.com\/product\/yoast-seo-wordpress\/ -->\n<title>Registro horario digital para aut\u00f3nomos 2026: gu\u00eda completa<\/title>\n<meta name=\"description\" content=\"C\u00f3mo implementar un sistema de registro horario obligatorio para aut\u00f3nomos digital \u27a8 Gu\u00eda legal, ventajas y pasos clave para el registro de aut\u00f3nomos.\" \/>\n<meta name=\"robots\" content=\"index, follow, max-snippet:-1, max-image-preview:large, max-video-preview:-1\" \/>\n<link rel=\"canonical\" href=\"https:\/\/www.billin.net\/blog\/registro-horario-digital-para-autonomos\/\" \/>\n<meta property=\"og:locale\" content=\"es_ES\" \/>\n<meta property=\"og:type\" content=\"article\" \/>\n<meta property=\"og:title\" content=\"Registro horario digital para aut\u00f3nomos 2026: gu\u00eda completa\" \/>\n<meta property=\"og:description\" content=\"C\u00f3mo implementar un sistema de registro horario obligatorio para aut\u00f3nomos digital \u27a8 Gu\u00eda legal, ventajas y pasos clave para el registro de aut\u00f3nomos.\" \/>\n<meta property=\"og:url\" content=\"https:\/\/www.billin.net\/blog\/registro-horario-digital-para-autonomos\/\" \/>\n<meta property=\"og:site_name\" content=\"Blog de TeamSystem Facturas Billin\" \/>\n<meta property=\"article:publisher\" content=\"https:\/\/www.facebook.com\/EsBillin\" \/>\n<meta property=\"article:published_time\" content=\"2025-11-20T11:05:04+00:00\" \/>\n<meta property=\"article:modified_time\" content=\"2025-11-20T14:00:25+00:00\" \/>\n<meta property=\"og:image\" content=\"https:\/\/www.billin.net\/blog\/wp-content\/uploads\/2025\/11\/registro-horario-autonomos.jpg\" \/>\n\t<meta property=\"og:image:width\" content=\"2000\" \/>\n\t<meta property=\"og:image:height\" content=\"1488\" \/>\n\t<meta property=\"og:image:type\" content=\"image\/jpeg\" \/>\n<meta name=\"author\" content=\"Marcos De La Cueva - CEO TeamSystem Facturas Billin\" \/>\n<meta name=\"twitter:card\" content=\"summary_large_image\" \/>\n<meta name=\"twitter:creator\" content=\"@Billin_ES\" \/>\n<meta name=\"twitter:site\" content=\"@Billin_ES\" \/>\n<meta name=\"twitter:label1\" content=\"Escrito por\" \/>\n\t<meta name=\"twitter:data1\" content=\"Marcos De La Cueva - CEO TeamSystem Facturas Billin\" \/>\n\t<meta name=\"twitter:label2\" content=\"Tiempo de lectura\" \/>\n\t<meta name=\"twitter:data2\" content=\"10 minutos\" \/>\n<script type=\"application\/ld+json\" class=\"yoast-schema-graph\">{\"@context\":\"https:\/\/schema.org\",\"@graph\":[{\"@type\":\"Article\",\"@id\":\"https:\/\/www.billin.net\/blog\/registro-horario-digital-para-autonomos\/#article\",\"isPartOf\":{\"@id\":\"https:\/\/www.billin.net\/blog\/registro-horario-digital-para-autonomos\/\"},\"author\":{\"name\":\"Marcos De La Cueva - CEO TeamSystem Facturas Billin\",\"@id\":\"https:\/\/www.billin.net\/blog\/#\/schema\/person\/d0339ee6e869234614541b1e80a793e7\"},\"headline\":\"Registro horario digital para aut\u00f3nomos: beneficios y c\u00f3mo implementarlo\",\"datePublished\":\"2025-11-20T11:05:04+00:00\",\"dateModified\":\"2025-11-20T14:00:25+00:00\",\"mainEntityOfPage\":{\"@id\":\"https:\/\/www.billin.net\/blog\/registro-horario-digital-para-autonomos\/\"},\"wordCount\":2215,\"commentCount\":0,\"publisher\":{\"@id\":\"https:\/\/www.billin.net\/blog\/#organization\"},\"image\":{\"@id\":\"https:\/\/www.billin.net\/blog\/registro-horario-digital-para-autonomos\/#primaryimage\"},\"thumbnailUrl\":\"https:\/\/www.billin.net\/blog\/wp-content\/uploads\/2025\/11\/registro-horario-autonomos.jpg\",\"articleSection\":[\"Facturaci\u00f3n\"],\"inLanguage\":\"es\",\"potentialAction\":[{\"@type\":\"CommentAction\",\"name\":\"Comment\",\"target\":[\"https:\/\/www.billin.net\/blog\/registro-horario-digital-para-autonomos\/#respond\"]}]},{\"@type\":\"WebPage\",\"@id\":\"https:\/\/www.billin.net\/blog\/registro-horario-digital-para-autonomos\/\",\"url\":\"https:\/\/www.billin.net\/blog\/registro-horario-digital-para-autonomos\/\",\"name\":\"Registro horario digital para aut\u00f3nomos 2026: gu\u00eda completa\",\"isPartOf\":{\"@id\":\"https:\/\/www.billin.net\/blog\/#website\"},\"primaryImageOfPage\":{\"@id\":\"https:\/\/www.billin.net\/blog\/registro-horario-digital-para-autonomos\/#primaryimage\"},\"image\":{\"@id\":\"https:\/\/www.billin.net\/blog\/registro-horario-digital-para-autonomos\/#primaryimage\"},\"thumbnailUrl\":\"https:\/\/www.billin.net\/blog\/wp-content\/uploads\/2025\/11\/registro-horario-autonomos.jpg\",\"datePublished\":\"2025-11-20T11:05:04+00:00\",\"dateModified\":\"2025-11-20T14:00:25+00:00\",\"description\":\"C\u00f3mo implementar un sistema de registro horario obligatorio para aut\u00f3nomos digital \u27a8 Gu\u00eda legal, ventajas y pasos clave para el registro de aut\u00f3nomos.\",\"breadcrumb\":{\"@id\":\"https:\/\/www.billin.net\/blog\/registro-horario-digital-para-autonomos\/#breadcrumb\"},\"inLanguage\":\"es\",\"potentialAction\":[{\"@type\":\"ReadAction\",\"target\":[\"https:\/\/www.billin.net\/blog\/registro-horario-digital-para-autonomos\/\"]}]},{\"@type\":\"ImageObject\",\"inLanguage\":\"es\",\"@id\":\"https:\/\/www.billin.net\/blog\/registro-horario-digital-para-autonomos\/#primaryimage\",\"url\":\"https:\/\/www.billin.net\/blog\/wp-content\/uploads\/2025\/11\/registro-horario-autonomos.jpg\",\"contentUrl\":\"https:\/\/www.billin.net\/blog\/wp-content\/uploads\/2025\/11\/registro-horario-autonomos.jpg\",\"width\":2000,\"height\":1488,\"caption\":\"Schedule Time Management Planner Concept\"},{\"@type\":\"BreadcrumbList\",\"@id\":\"https:\/\/www.billin.net\/blog\/registro-horario-digital-para-autonomos\/#breadcrumb\",\"itemListElement\":[{\"@type\":\"ListItem\",\"position\":1,\"name\":\"Blog\",\"item\":\"https:\/\/www.billin.net\/blog\/\"},{\"@type\":\"ListItem\",\"position\":2,\"name\":\"Facturaci\u00f3n\",\"item\":\"https:\/\/www.billin.net\/blog\/facturacion\/\"},{\"@type\":\"ListItem\",\"position\":3,\"name\":\"Registro horario digital para aut\u00f3nomos: beneficios y c\u00f3mo implementarlo\"}]},{\"@type\":\"WebSite\",\"@id\":\"https:\/\/www.billin.net\/blog\/#website\",\"url\":\"https:\/\/www.billin.net\/blog\/\",\"name\":\"Blog de Billin\",\"description\":\"Mantente informado con el blog de TeamSystem Facturas Billin:  facturaci\u00f3n, legislaci\u00f3n, contabilidad, management y toda la informaci\u00f3n \u00fatil para pymes y aut\u00f3nomos.\",\"publisher\":{\"@id\":\"https:\/\/www.billin.net\/blog\/#organization\"},\"potentialAction\":[{\"@type\":\"SearchAction\",\"target\":{\"@type\":\"EntryPoint\",\"urlTemplate\":\"https:\/\/www.billin.net\/blog\/?s={search_term_string}\"},\"query-input\":{\"@type\":\"PropertyValueSpecification\",\"valueRequired\":true,\"valueName\":\"search_term_string\"}}],\"inLanguage\":\"es\"},{\"@type\":\"Organization\",\"@id\":\"https:\/\/www.billin.net\/blog\/#organization\",\"name\":\"Billin\",\"alternateName\":\"Blog de Billin\",\"url\":\"https:\/\/www.billin.net\/blog\/\",\"logo\":{\"@type\":\"ImageObject\",\"inLanguage\":\"es\",\"@id\":\"https:\/\/www.billin.net\/blog\/#\/schema\/logo\/image\/\",\"url\":\"https:\/\/www.billin.net\/blog\/wp-content\/uploads\/2019\/06\/logotipo-billin-blog-1.png\",\"contentUrl\":\"https:\/\/www.billin.net\/blog\/wp-content\/uploads\/2019\/06\/logotipo-billin-blog-1.png\",\"width\":126,\"height\":50,\"caption\":\"Billin\"},\"image\":{\"@id\":\"https:\/\/www.billin.net\/blog\/#\/schema\/logo\/image\/\"},\"sameAs\":[\"https:\/\/www.facebook.com\/EsBillin\",\"https:\/\/x.com\/Billin_ES\",\"https:\/\/www.instagram.com\/billin_es\/\",\"https:\/\/www.linkedin.com\/company\/billin-spain\",\"https:\/\/www.youtube.com\/c\/BillinEsintercambiodefacturas\/\"],\"legalName\":\"MY EXPENSES SL\",\"contactPoint\":{\"@type\":\"ContactPoint\",\"telephone\":\"+34918318883\",\"contactType\":\"customer service\",\"email\":\"info@billin.eu\",\"availableLanguage\":\"es\"},\"foundingDate\":\"2015\",\"numberOfEmployees\":{\"@type\":\"QuantitativeValue\",\"minValue\":10,\"maxValue\":50},\"parentOrganization\":{\"@type\":\"Organization\",\"name\":\"TeamSystem\",\"url\":\"https:\/\/www.teamsystem.com\/\"},\"description\":\"Billin es el programa de facturaci\u00f3n online de TeamSystem para aut\u00f3nomos y pymes en Espa\u00f1a. Permite crear facturas, controlar gastos y cumplir con Verifactu.\",\"address\":{\"@type\":\"PostalAddress\",\"streetAddress\":\"Calle Arturo Soria, 336\",\"addressLocality\":\"Madrid\",\"addressRegion\":\"Madrid\",\"postalCode\":\"28033\",\"addressCountry\":\"ES\"}},{\"@type\":\"Person\",\"@id\":\"https:\/\/www.billin.net\/blog\/#\/schema\/person\/d0339ee6e869234614541b1e80a793e7\",\"name\":\"Marcos De La Cueva - CEO TeamSystem Facturas Billin\",\"image\":{\"@type\":\"ImageObject\",\"inLanguage\":\"es\",\"@id\":\"https:\/\/www.billin.net\/blog\/#\/schema\/person\/image\/\",\"url\":\"https:\/\/www.billin.net\/blog\/wp-content\/uploads\/2023\/10\/marcos-color-150x150.png\",\"contentUrl\":\"https:\/\/www.billin.net\/blog\/wp-content\/uploads\/2023\/10\/marcos-color-150x150.png\",\"caption\":\"Marcos De La Cueva - CEO TeamSystem Facturas Billin\"},\"description\":\"Licenciado en ADE por la Universidad Aut\u00f3noma de Madrid, Marcos De la Cueva es CEO y cofundador de TeamSystem Facturas Billin, un programa online que lleva m\u00e1s de 9 a\u00f1os ayudando a aut\u00f3nomos, peque\u00f1os negocios y gestor\u00edas a digitalizar sus presupuestos, facturas, tickets y gastos. \u00a0 Sobre Marcos De La Cueva \u00a0 Apasionado por el mundo empresarial y la tecnolog\u00eda, curs\u00f3 su M\u00e1ster de Finanzas en la Universidad Pontificia de Comillas y estuvo en el Programa de Cooperaci\u00f3n Educativa de la Universidad Aut\u00f3noma de Madrid. \u00a0 Marcos siempre ha tenido su objetivo claro: ayudar a la creaci\u00f3n de negocios financieramente sostenibles a trav\u00e9s de una herramienta de facturaci\u00f3n que les permita ahorrar tiempo y tener la contabilidad bajo control. \u00a0 Marcos De La Cueva en los medios \u2014 Noticia sobre Kit Digital y Ley Antifraude (VeriFactu) en El Economista. \u2014 Noticia sobre Kit Digital y factura electr\u00f3nica obligatoria en Diario Jur\u00eddico. \u2014 Noticia sobre el a\u00f1o de transici\u00f3n para la factura electr\u00f3nica en Muy Pymes. \u2014 Entrevista sobre factura electr\u00f3nica obligatoria en Canal Sur. \u2014 Noticia sobre el informe factura electr\u00f3nica de TeamSystem en Channel Partner. \u2014 Charla sobre productividad y Ley Crea y Crece en El Economista. \u2014 Charla sobre factura electr\u00f3nica obligatoria en Muy Pymes. \u2014 Charla sobre digitalizaci\u00f3n aut\u00f3nomos y productividad en esdiario. \u2014 Charla sobre productividad y factura electr\u00f3nica en La Raz\u00f3n. \u2014 Charla sobre factura electr\u00f3nica obligatoria en Aut\u00f3nomos y Emprendedores. \u2014 Entrevista sobre Ley Antifraude y Ley Crea y Crece en Expansi\u00f3n. \u2014 Entrevista sobre Ley Antifraude y Ley Crea y Crece en La Raz\u00f3n. \u2014 Entrevista sobre factura electr\u00f3nica obligatoria en El Economista. \u2014 Comunicado Billin y TeamSystem en Business Insider. \u2014 Entrevista en Econom\u00eda Digital. \u2014 Entrevista en Ideas para tu empresa de Vodafone. \u2014 Entrevista en M\u00e1sQradio. \u2014 Entrevista en Armas para emprender de El M\u00e9todo Gallardo. \u2014 Entrevista en KFund. \u2014 Entrevista en AXA Seguros Espa\u00f1a. \u2014 Entrevista en GestionaRadio. \u00a0 Marcos De La Cueva en eventos \u00a0 \u2014 Participaci\u00f3n como ponente en Accountex Espa\u00f1a 2023. \u00a0 Tem\u00e1ticas de especializaci\u00f3n \u00a0 negocios | startups | contabilidad| fiscalidad | empresas| asesor\u00edas| autonomos | emprendedores | peque\u00f1os negocios | econom\u00eda | ADE | pymes | desarrollo de negocio\u00a0\",\"sameAs\":[\"https:\/\/www.billin.net\/\",\"https:\/\/www.linkedin.com\/in\/marcos-de-la-cueva-19750ba3\/\"],\"url\":\"https:\/\/www.billin.net\/blog\/author\/marcosdelacueva\/\",\"jobTitle\":\"CEO y cofundador de TS Facturas Billin\"}]}<\/script>\n<!-- \/ Yoast SEO plugin. -->","yoast_head_json":{"title":"Registro horario digital para aut\u00f3nomos 2026: gu\u00eda completa","description":"C\u00f3mo implementar un sistema de registro horario obligatorio para aut\u00f3nomos digital \u27a8 Gu\u00eda legal, ventajas y pasos clave para el registro de aut\u00f3nomos.","robots":{"index":"index","follow":"follow","max-snippet":"max-snippet:-1","max-image-preview":"max-image-preview:large","max-video-preview":"max-video-preview:-1"},"canonical":"https:\/\/www.billin.net\/blog\/registro-horario-digital-para-autonomos\/","og_locale":"es_ES","og_type":"article","og_title":"Registro horario digital para aut\u00f3nomos 2026: gu\u00eda completa","og_description":"C\u00f3mo implementar un sistema de registro horario obligatorio para aut\u00f3nomos digital \u27a8 Gu\u00eda legal, ventajas y pasos clave para el registro de aut\u00f3nomos.","og_url":"https:\/\/www.billin.net\/blog\/registro-horario-digital-para-autonomos\/","og_site_name":"Blog de TeamSystem Facturas Billin","article_publisher":"https:\/\/www.facebook.com\/EsBillin","article_published_time":"2025-11-20T11:05:04+00:00","article_modified_time":"2025-11-20T14:00:25+00:00","og_image":[{"width":2000,"height":1488,"url":"https:\/\/www.billin.net\/blog\/wp-content\/uploads\/2025\/11\/registro-horario-autonomos.jpg","type":"image\/jpeg"}],"author":"Marcos De La Cueva - CEO TeamSystem Facturas Billin","twitter_card":"summary_large_image","twitter_creator":"@Billin_ES","twitter_site":"@Billin_ES","twitter_misc":{"Escrito por":"Marcos De La Cueva - CEO TeamSystem Facturas Billin","Tiempo de lectura":"10 minutos"},"schema":{"@context":"https:\/\/schema.org","@graph":[{"@type":"Article","@id":"https:\/\/www.billin.net\/blog\/registro-horario-digital-para-autonomos\/#article","isPartOf":{"@id":"https:\/\/www.billin.net\/blog\/registro-horario-digital-para-autonomos\/"},"author":{"name":"Marcos De La Cueva - CEO TeamSystem Facturas Billin","@id":"https:\/\/www.billin.net\/blog\/#\/schema\/person\/d0339ee6e869234614541b1e80a793e7"},"headline":"Registro horario digital para aut\u00f3nomos: beneficios y c\u00f3mo implementarlo","datePublished":"2025-11-20T11:05:04+00:00","dateModified":"2025-11-20T14:00:25+00:00","mainEntityOfPage":{"@id":"https:\/\/www.billin.net\/blog\/registro-horario-digital-para-autonomos\/"},"wordCount":2215,"commentCount":0,"publisher":{"@id":"https:\/\/www.billin.net\/blog\/#organization"},"image":{"@id":"https:\/\/www.billin.net\/blog\/registro-horario-digital-para-autonomos\/#primaryimage"},"thumbnailUrl":"https:\/\/www.billin.net\/blog\/wp-content\/uploads\/2025\/11\/registro-horario-autonomos.jpg","articleSection":["Facturaci\u00f3n"],"inLanguage":"es","potentialAction":[{"@type":"CommentAction","name":"Comment","target":["https:\/\/www.billin.net\/blog\/registro-horario-digital-para-autonomos\/#respond"]}]},{"@type":"WebPage","@id":"https:\/\/www.billin.net\/blog\/registro-horario-digital-para-autonomos\/","url":"https:\/\/www.billin.net\/blog\/registro-horario-digital-para-autonomos\/","name":"Registro horario digital para aut\u00f3nomos 2026: gu\u00eda completa","isPartOf":{"@id":"https:\/\/www.billin.net\/blog\/#website"},"primaryImageOfPage":{"@id":"https:\/\/www.billin.net\/blog\/registro-horario-digital-para-autonomos\/#primaryimage"},"image":{"@id":"https:\/\/www.billin.net\/blog\/registro-horario-digital-para-autonomos\/#primaryimage"},"thumbnailUrl":"https:\/\/www.billin.net\/blog\/wp-content\/uploads\/2025\/11\/registro-horario-autonomos.jpg","datePublished":"2025-11-20T11:05:04+00:00","dateModified":"2025-11-20T14:00:25+00:00","description":"C\u00f3mo implementar un sistema de registro horario obligatorio para aut\u00f3nomos digital \u27a8 Gu\u00eda legal, ventajas y pasos clave para el registro de aut\u00f3nomos.","breadcrumb":{"@id":"https:\/\/www.billin.net\/blog\/registro-horario-digital-para-autonomos\/#breadcrumb"},"inLanguage":"es","potentialAction":[{"@type":"ReadAction","target":["https:\/\/www.billin.net\/blog\/registro-horario-digital-para-autonomos\/"]}]},{"@type":"ImageObject","inLanguage":"es","@id":"https:\/\/www.billin.net\/blog\/registro-horario-digital-para-autonomos\/#primaryimage","url":"https:\/\/www.billin.net\/blog\/wp-content\/uploads\/2025\/11\/registro-horario-autonomos.jpg","contentUrl":"https:\/\/www.billin.net\/blog\/wp-content\/uploads\/2025\/11\/registro-horario-autonomos.jpg","width":2000,"height":1488,"caption":"Schedule Time Management Planner Concept"},{"@type":"BreadcrumbList","@id":"https:\/\/www.billin.net\/blog\/registro-horario-digital-para-autonomos\/#breadcrumb","itemListElement":[{"@type":"ListItem","position":1,"name":"Blog","item":"https:\/\/www.billin.net\/blog\/"},{"@type":"ListItem","position":2,"name":"Facturaci\u00f3n","item":"https:\/\/www.billin.net\/blog\/facturacion\/"},{"@type":"ListItem","position":3,"name":"Registro horario digital para aut\u00f3nomos: beneficios y c\u00f3mo implementarlo"}]},{"@type":"WebSite","@id":"https:\/\/www.billin.net\/blog\/#website","url":"https:\/\/www.billin.net\/blog\/","name":"Blog de Billin","description":"Mantente informado con el blog de TeamSystem Facturas Billin:  facturaci\u00f3n, legislaci\u00f3n, contabilidad, management y toda la informaci\u00f3n \u00fatil para pymes y aut\u00f3nomos.","publisher":{"@id":"https:\/\/www.billin.net\/blog\/#organization"},"potentialAction":[{"@type":"SearchAction","target":{"@type":"EntryPoint","urlTemplate":"https:\/\/www.billin.net\/blog\/?s={search_term_string}"},"query-input":{"@type":"PropertyValueSpecification","valueRequired":true,"valueName":"search_term_string"}}],"inLanguage":"es"},{"@type":"Organization","@id":"https:\/\/www.billin.net\/blog\/#organization","name":"Billin","alternateName":"Blog de Billin","url":"https:\/\/www.billin.net\/blog\/","logo":{"@type":"ImageObject","inLanguage":"es","@id":"https:\/\/www.billin.net\/blog\/#\/schema\/logo\/image\/","url":"https:\/\/www.billin.net\/blog\/wp-content\/uploads\/2019\/06\/logotipo-billin-blog-1.png","contentUrl":"https:\/\/www.billin.net\/blog\/wp-content\/uploads\/2019\/06\/logotipo-billin-blog-1.png","width":126,"height":50,"caption":"Billin"},"image":{"@id":"https:\/\/www.billin.net\/blog\/#\/schema\/logo\/image\/"},"sameAs":["https:\/\/www.facebook.com\/EsBillin","https:\/\/x.com\/Billin_ES","https:\/\/www.instagram.com\/billin_es\/","https:\/\/www.linkedin.com\/company\/billin-spain","https:\/\/www.youtube.com\/c\/BillinEsintercambiodefacturas\/"],"legalName":"MY EXPENSES SL","contactPoint":{"@type":"ContactPoint","telephone":"+34918318883","contactType":"customer service","email":"info@billin.eu","availableLanguage":"es"},"foundingDate":"2015","numberOfEmployees":{"@type":"QuantitativeValue","minValue":10,"maxValue":50},"parentOrganization":{"@type":"Organization","name":"TeamSystem","url":"https:\/\/www.teamsystem.com\/"},"description":"Billin es el programa de facturaci\u00f3n online de TeamSystem para aut\u00f3nomos y pymes en Espa\u00f1a. Permite crear facturas, controlar gastos y cumplir con Verifactu.","address":{"@type":"PostalAddress","streetAddress":"Calle Arturo Soria, 336","addressLocality":"Madrid","addressRegion":"Madrid","postalCode":"28033","addressCountry":"ES"}},{"@type":"Person","@id":"https:\/\/www.billin.net\/blog\/#\/schema\/person\/d0339ee6e869234614541b1e80a793e7","name":"Marcos De La Cueva - CEO TeamSystem Facturas Billin","image":{"@type":"ImageObject","inLanguage":"es","@id":"https:\/\/www.billin.net\/blog\/#\/schema\/person\/image\/","url":"https:\/\/www.billin.net\/blog\/wp-content\/uploads\/2023\/10\/marcos-color-150x150.png","contentUrl":"https:\/\/www.billin.net\/blog\/wp-content\/uploads\/2023\/10\/marcos-color-150x150.png","caption":"Marcos De La Cueva - CEO TeamSystem Facturas Billin"},"description":"Licenciado en ADE por la Universidad Aut\u00f3noma de Madrid, Marcos De la Cueva es CEO y cofundador de TeamSystem Facturas Billin, un programa online que lleva m\u00e1s de 9 a\u00f1os ayudando a aut\u00f3nomos, peque\u00f1os negocios y gestor\u00edas a digitalizar sus presupuestos, facturas, tickets y gastos. \u00a0 Sobre Marcos De La Cueva \u00a0 Apasionado por el mundo empresarial y la tecnolog\u00eda, curs\u00f3 su M\u00e1ster de Finanzas en la Universidad Pontificia de Comillas y estuvo en el Programa de Cooperaci\u00f3n Educativa de la Universidad Aut\u00f3noma de Madrid. \u00a0 Marcos siempre ha tenido su objetivo claro: ayudar a la creaci\u00f3n de negocios financieramente sostenibles a trav\u00e9s de una herramienta de facturaci\u00f3n que les permita ahorrar tiempo y tener la contabilidad bajo control. \u00a0 Marcos De La Cueva en los medios \u2014 Noticia sobre Kit Digital y Ley Antifraude (VeriFactu) en El Economista. \u2014 Noticia sobre Kit Digital y factura electr\u00f3nica obligatoria en Diario Jur\u00eddico. \u2014 Noticia sobre el a\u00f1o de transici\u00f3n para la factura electr\u00f3nica en Muy Pymes. \u2014 Entrevista sobre factura electr\u00f3nica obligatoria en Canal Sur. \u2014 Noticia sobre el informe factura electr\u00f3nica de TeamSystem en Channel Partner. \u2014 Charla sobre productividad y Ley Crea y Crece en El Economista. \u2014 Charla sobre factura electr\u00f3nica obligatoria en Muy Pymes. \u2014 Charla sobre digitalizaci\u00f3n aut\u00f3nomos y productividad en esdiario. \u2014 Charla sobre productividad y factura electr\u00f3nica en La Raz\u00f3n. \u2014 Charla sobre factura electr\u00f3nica obligatoria en Aut\u00f3nomos y Emprendedores. \u2014 Entrevista sobre Ley Antifraude y Ley Crea y Crece en Expansi\u00f3n. \u2014 Entrevista sobre Ley Antifraude y Ley Crea y Crece en La Raz\u00f3n. \u2014 Entrevista sobre factura electr\u00f3nica obligatoria en El Economista. \u2014 Comunicado Billin y TeamSystem en Business Insider. \u2014 Entrevista en Econom\u00eda Digital. \u2014 Entrevista en Ideas para tu empresa de Vodafone. \u2014 Entrevista en M\u00e1sQradio. \u2014 Entrevista en Armas para emprender de El M\u00e9todo Gallardo. \u2014 Entrevista en KFund. \u2014 Entrevista en AXA Seguros Espa\u00f1a. \u2014 Entrevista en GestionaRadio. \u00a0 Marcos De La Cueva en eventos \u00a0 \u2014 Participaci\u00f3n como ponente en Accountex Espa\u00f1a 2023. \u00a0 Tem\u00e1ticas de especializaci\u00f3n \u00a0 negocios | startups | contabilidad| fiscalidad | empresas| asesor\u00edas| autonomos | emprendedores | peque\u00f1os negocios | econom\u00eda | ADE | pymes | desarrollo de negocio\u00a0","sameAs":["https:\/\/www.billin.net\/","https:\/\/www.linkedin.com\/in\/marcos-de-la-cueva-19750ba3\/"],"url":"https:\/\/www.billin.net\/blog\/author\/marcosdelacueva\/","jobTitle":"CEO y cofundador de TS Facturas Billin"}]}},"_links":{"self":[{"href":"https:\/\/www.billin.net\/blog\/wp-json\/wp\/v2\/posts\/28226","targetHints":{"allow":["GET"]}}],"collection":[{"href":"https:\/\/www.billin.net\/blog\/wp-json\/wp\/v2\/posts"}],"about":[{"href":"https:\/\/www.billin.net\/blog\/wp-json\/wp\/v2\/types\/post"}],"author":[{"embeddable":true,"href":"https:\/\/www.billin.net\/blog\/wp-json\/wp\/v2\/users\/20"}],"replies":[{"embeddable":true,"href":"https:\/\/www.billin.net\/blog\/wp-json\/wp\/v2\/comments?post=28226"}],"version-history":[{"count":4,"href":"https:\/\/www.billin.net\/blog\/wp-json\/wp\/v2\/posts\/28226\/revisions"}],"predecessor-version":[{"id":28245,"href":"https:\/\/www.billin.net\/blog\/wp-json\/wp\/v2\/posts\/28226\/revisions\/28245"}],"wp:featuredmedia":[{"embeddable":true,"href":"https:\/\/www.billin.net\/blog\/wp-json\/wp\/v2\/media\/28227"}],"wp:attachment":[{"href":"https:\/\/www.billin.net\/blog\/wp-json\/wp\/v2\/media?parent=28226"}],"wp:term":[{"taxonomy":"category","embeddable":true,"href":"https:\/\/www.billin.net\/blog\/wp-json\/wp\/v2\/categories?post=28226"},{"taxonomy":"post_tag","embeddable":true,"href":"https:\/\/www.billin.net\/blog\/wp-json\/wp\/v2\/tags?post=28226"}],"curies":[{"name":"wp","href":"https:\/\/api.w.org\/{rel}","templated":true}]}}