{"id":24816,"date":"2025-08-12T08:49:20","date_gmt":"2025-08-12T06:49:20","guid":{"rendered":"https:\/\/www.billin.net\/blog\/?p=24816"},"modified":"2025-09-25T20:25:21","modified_gmt":"2025-09-25T18:25:21","slug":"como-solicitar-cuota-cero-murcia","status":"publish","type":"post","link":"https:\/\/www.billin.net\/blog\/como-solicitar-cuota-cero-murcia\/","title":{"rendered":"\u00bfAut\u00f3nomo en Murcia?: benef\u00edciate ahora de la cuota cero"},"content":{"rendered":"<p><span style=\"font-weight: 400;\">\u00bfEst\u00e1s pensando en iniciar tu actividad como trabajador por cuenta propia en la Regi\u00f3n de Murcia? Entonces presta atenci\u00f3n: desde el 22 de febrero hasta el 31 de octubre de 2025 <\/span><b>puedes solicitar la subvenci\u00f3n de cuota cero para aut\u00f3nomos en Murcia<\/b><span style=\"font-weight: 400;\">, con la que podr\u00e1s recibir un pago \u00fanico de <\/span><b>2.920 euros<\/b><span style=\"font-weight: 400;\">.<\/span><\/p>\n<p><span style=\"font-weight: 400;\">En este art\u00edculo te explicamos en qu\u00e9 consiste esta ayuda, qui\u00e9n puede solicitarla, los plazos, requisitos y c\u00f3mo presentar tu solicitud para aprovechar esta excelente oportunidad si est\u00e1s pensando en darte de alta en el <\/span><a href=\"https:\/\/www.billin.net\/blog\/reta-la-seguridad-social-de-los-autonomos\/\"><span style=\"font-weight: 400;\">RETA<\/span><\/a><span style=\"font-weight: 400;\">.<\/span><\/p>\n<h2><b>\u00bfQu\u00e9 es la cuota cero para aut\u00f3nomos en Murcia?<\/b><\/h2>\n<p><span style=\"font-weight: 400;\">La cuota cero para aut\u00f3nomos en Murcia es una<\/span><b> subvenci\u00f3n directa impulsada por la Comunidad Aut\u00f3noma a trav\u00e9s del SEF <\/b><span style=\"font-weight: 400;\">(Servicio Regional de Empleo y Formaci\u00f3n), con el objetivo de facilitar el inicio de actividad por cuenta propia.\u00a0<\/span><\/p>\n<p><span style=\"font-weight: 400;\">Est\u00e1 dise\u00f1ada para cubrir el coste de las <\/span><a href=\"https:\/\/www.billin.net\/blog\/cuotas-autonomos-2023-2031\/\"><span style=\"font-weight: 400;\">cuotas de aut\u00f3nomos<\/span><\/a><span style=\"font-weight: 400;\">\u00a0 a la Seguridad Social durante el primer a\u00f1o como aut\u00f3nomo, favoreciendo el emprendimiento y el autoempleo en la regi\u00f3n.<\/span><\/p>\n<p><span style=\"font-weight: 400;\">Esta ayuda regional <\/span><b>es complementaria a la tarifa plana estatal<\/b><span style=\"font-weight: 400;\">. \u00bfQu\u00e9 significa esto? Que si te das de alta como aut\u00f3nomo en el r\u00e9gimen especial de trabajadores aut\u00f3nomos (RETA), podr\u00e1s beneficiarte de las reducciones en la cuota que ofrece el Estado (la conocida <\/span><a href=\"https:\/\/www.billin.net\/blog\/requisitos-cumplir-tarifa-plana\/\"><b>tarifa plana estatal<\/b><\/a><span style=\"font-weight: 400;\">).<\/span><\/p>\n<p><span style=\"font-weight: 400;\">Actualmente, la tarifa plana est\u00e1 fijada en <\/span><b>80 euros mensuales durante el primer a\u00f1o<\/b><span style=\"font-weight: 400;\">. Por lo que adem\u00e1s, recibes esta <\/span><b>subvenci\u00f3n auton\u00f3mica<\/b><span style=\"font-weight: 400;\"> que <\/span><b>compensa ese gasto<\/b><span style=\"font-weight: 400;\">.<\/span><\/p>\n<p><span style=\"font-weight: 400;\">De este modo, el primer a\u00f1o como aut\u00f3nomo en Murcia puede salirte literalmente a <\/span><b>coste cero<\/b><span style=\"font-weight: 400;\">, de ah\u00ed su nombre.<\/span><\/p>\n<p><span style=\"font-weight: 400;\">La subvenci\u00f3n no se otorga mensualmente, sino que se realiza en un <\/span><b>pago \u00fanico<\/b><span style=\"font-weight: 400;\">,<\/span><b> y va dirigida a:<\/b><\/p>\n<ul>\n<li style=\"font-weight: 400;\" aria-level=\"1\"><b>Personas desempleadas<\/b><span style=\"font-weight: 400;\"> que se den de alta por primera vez en RETA o que no lo hayan estado en los dos \u00faltimos a\u00f1os.<\/span><\/li>\n<li style=\"font-weight: 400;\" aria-level=\"1\"><b>Mujeres <\/b><span style=\"font-weight: 400;\">que retoman su actividad por cuenta propia despu\u00e9s de haber cesado por <\/span><b>maternidad, adopci\u00f3n, acogimiento o tutela<\/b><span style=\"font-weight: 400;\">.<\/span><span style=\"font-weight: 400;\"><br \/>\n<\/span><\/li>\n<\/ul>\n<p><span style=\"font-weight: 400;\">Adem\u00e1s, para poder acceder a esta ayuda, debes desarrollar tu actividad econ\u00f3mica en la Regi\u00f3n de Murcia y tener tu <\/span><b>domicilio fiscal en la comunidad<\/b><span style=\"font-weight: 400;\">.<\/span><\/p>\n<p><span style=\"font-weight: 400;\">Esta iniciativa no solo alivia la carga econ\u00f3mica inicial que supone emprender, sino que refuerza el atractivo de iniciar un negocio en Murcia, siendo una de las comunidades que ofrece esta ayuda adicional junto a la tarifa plana estatal.<\/span><\/p>\n<h2><b>\u00bfQui\u00e9n puede beneficiarse de la cuota cero en Murcia?<\/b><\/h2>\n<p><span style=\"font-weight: 400;\">La <\/span><b>cuota cero para aut\u00f3nomos en Murcia<\/b><span style=\"font-weight: 400;\"> est\u00e1 pensada<\/span><b> para apoyar a quienes dan el paso de <\/b><a href=\"https:\/\/www.billin.net\/blog\/ayudas-publicas-emprendimiento\/\"><b>emprender<\/b><\/a><span style=\"font-weight: 400;\">, pero no todo el mundo puede acceder a esta ayuda.\u00a0<\/span><\/p>\n<p><span style=\"font-weight: 400;\">La convocatoria establece claramente qui\u00e9nes pueden optar a esta subvenci\u00f3n, <\/span><b>atendiendo a diferentes situaciones profesionales y personales<\/b><span style=\"font-weight: 400;\">.\u00a0<\/span><\/p>\n<p><span style=\"font-weight: 400;\">A continuaci\u00f3n, <\/span><b>te explicamos de forma sencilla los perfiles que pueden beneficiarse:<\/b><\/p>\n<h3><b>1. Nuevos aut\u00f3nomos<\/b><\/h3>\n<p><span style=\"font-weight: 400;\">Si es la <\/span><b>primera vez que te das de alta en el RETA<\/b><span style=\"font-weight: 400;\">, es decir, si nunca has estado inscrito como trabajador por cuenta propia, puedes acceder directamente a la cuota cero. Esta es la situaci\u00f3n m\u00e1s habitual entre quienes emprenden por primera vez y buscan reducir los costes iniciales de su actividad.<\/span><\/p>\n<p><b>Saber m\u00e1s \u27a1\ufe0f <\/b><a href=\"https:\/\/www.billin.net\/blog\/darse-de-alta-como-autonomo\/\"><span style=\"font-weight: 400;\">Darse de alta como aut\u00f3nomo en Espa\u00f1a<\/span><\/a><span style=\"font-weight: 400;\">.\u00a0<\/span><\/p>\n<h3><b>2. Aut\u00f3nomos que vuelven tras m\u00e1s de dos a\u00f1os<\/b><\/h3>\n<p><span style=\"font-weight: 400;\">Tambi\u00e9n puedes optar a esta ayuda si ya fuiste aut\u00f3nomo en el pasado, <\/span><b>pero han pasado al menos dos a\u00f1os desde tu \u00faltima alta en el RETA<\/b><span style=\"font-weight: 400;\">. Es una forma de facilitar la reincorporaci\u00f3n al autoempleo para quienes, por diferentes motivos, dejaron de trabajar por cuenta propia y ahora quieren volver.<\/span><\/p>\n<h3><b>3. Mujeres que retoman su actividad tras la maternidad o situaciones similares<\/b><\/h3>\n<p><span style=\"font-weight: 400;\">Un colectivo especialmente protegido es el de las <\/span><b>mujeres aut\u00f3nomas que cesaron su actividad<\/b> <b>debido a:<\/b><\/p>\n<ul>\n<li style=\"font-weight: 400;\" aria-level=\"1\"><span style=\"font-weight: 400;\">Nacimiento de un hijo o hija.<\/span><\/li>\n<li style=\"font-weight: 400;\" aria-level=\"1\"><span style=\"font-weight: 400;\">Adopci\u00f3n.<\/span><\/li>\n<li style=\"font-weight: 400;\" aria-level=\"1\"><span style=\"font-weight: 400;\">Guarda con fines de adopci\u00f3n.<\/span><\/li>\n<li style=\"font-weight: 400;\" aria-level=\"1\"><span style=\"font-weight: 400;\">Acogimiento.<\/span><\/li>\n<li style=\"font-weight: 400;\" aria-level=\"1\"><span style=\"font-weight: 400;\">Tutela.<\/span><span style=\"font-weight: 400;\"><br \/>\n<\/span><\/li>\n<\/ul>\n<p><span style=\"font-weight: 400;\">Estas mujeres pueden volver a beneficiarse de la cuota cero <\/span><b>si se reincorporan dentro de los dos a\u00f1os posteriores al cese<\/b><span style=\"font-weight: 400;\">.\u00a0<\/span><\/p>\n<p><span style=\"font-weight: 400;\">Para ser beneficiaria, <\/span><b>deben cumplirse dos condiciones clave:<\/b><\/p>\n<ul>\n<li style=\"font-weight: 400;\" aria-level=\"1\"><span style=\"font-weight: 400;\">Que <\/span><b>no hayan pasado m\u00e1s de 12 meses<\/b><span style=\"font-weight: 400;\"> desde el hecho causante (nacimiento, adopci\u00f3n, etc.).<\/span><\/li>\n<li style=\"font-weight: 400;\" aria-level=\"1\"><span style=\"font-weight: 400;\">Que hayan transcurrido al menos <\/span><b>tres meses entre el cese y la nueva alta en RETA<\/b><span style=\"font-weight: 400;\">.<\/span><\/li>\n<\/ul>\n<p><span style=\"font-weight: 400;\">Esta medida busca apoyar la conciliaci\u00f3n y el regreso al mercado laboral de las profesionales por cuenta propia tras un periodo de cuidado familiar.<\/span><\/p>\n<h3><b>\u00bfY cu\u00e1nto se recibe?<\/b><\/h3>\n<p><span style=\"font-weight: 400;\">Todos los perfiles beneficiarios reciben <\/span><b>una ayuda \u00fanica<\/b> <b>de 2.920 euros<\/b><span style=\"font-weight: 400;\">, que se abona por transferencia bancaria. Esta cantidad cubre el coste de las cuotas sociales correspondientes al primer a\u00f1o de actividad, haciendo realidad el objetivo de una <\/span><b>cuota cero real y efectiva<\/b><span style=\"font-weight: 400;\">.<\/span><\/p>\n<h2><b>\u00bfQu\u00e9 requisitos hay que cumplir para acceder a la cuota cero en Murcia?<\/b><\/h2>\n<p><span style=\"font-weight: 400;\">Si quieres beneficiarte de la <\/span><b>cuota cero para aut\u00f3nomos en Murcia<\/b><span style=\"font-weight: 400;\">, es imprescindible que cumplas una serie de condiciones tanto generales como espec\u00edficas.\u00a0<\/span><\/p>\n<p><span style=\"font-weight: 400;\">Estos requisitos garantizan que la ayuda llegue realmente a quienes est\u00e1n emprendiendo o reiniciando su actividad profesional de forma leg\u00edtima y dentro del marco normativo establecido.<\/span><\/p>\n<h3><b>Requisitos generales<\/b><\/h3>\n<p><span style=\"font-weight: 400;\">Antes de presentar la solicitud, <\/span><b>debes asegurarte de cumplir con los siguientes:<\/b><\/p>\n<ul>\n<li style=\"font-weight: 400;\" aria-level=\"1\"><b>No estar incurso en ninguna de las causas que impiden ser beneficiario de una subvenci\u00f3n<\/b><span style=\"font-weight: 400;\">, seg\u00fan lo establecido en el art\u00edculo 13 de la Ley General de Subvenciones (<\/span><a href=\"https:\/\/www.boe.es\/buscar\/act.php?id=BOE-A-2003-20977\"><span style=\"font-weight: 400;\">Ley 38\/2023<\/span><\/a><span style=\"font-weight: 400;\">).<\/span><\/li>\n<li style=\"font-weight: 400;\" aria-level=\"1\"><b>Estar al corriente en tus <\/b><a href=\"https:\/\/www.billin.net\/blog\/obligaciones-tributarias-emprendedores\/\"><b>obligaciones tributarias<\/b><\/a><span style=\"font-weight: 400;\">, tanto con la Comunidad Aut\u00f3noma de la Regi\u00f3n de Murcia (CARM) como con la Agencia Estatal de Administraci\u00f3n Tributaria (AEAT).<\/span><\/li>\n<li style=\"font-weight: 400;\" aria-level=\"1\"><b>No tener deudas con la Seguridad Social<\/b><span style=\"font-weight: 400;\">.<\/span><\/li>\n<\/ul>\n<p><span style=\"font-weight: 400;\">Estos aspectos ser\u00e1n verificados de oficio por el SEF, salvo oposici\u00f3n expresa. En ese caso, tendr\u00e1s que aportar t\u00fa mismo los certificados correspondientes.<\/span><\/p>\n<h3><b>Requisitos espec\u00edficos<\/b><\/h3>\n<p><span style=\"font-weight: 400;\">Adem\u00e1s de lo anterior, hay una serie de condiciones concretas que debes cumplir en el momento de darte de alta como aut\u00f3nomo:<\/span><\/p>\n<ul>\n<li style=\"font-weight: 400;\" aria-level=\"1\"><b>Estar en situaci\u00f3n de desempleo <\/b><span style=\"font-weight: 400;\">el d\u00eda anterior al alta en el RETA.<\/span><\/li>\n<li style=\"font-weight: 400;\" aria-level=\"1\"><b>Darte de alta en el RETA<\/b><span style=\"font-weight: 400;\"> para comenzar una nueva actividad econ\u00f3mica.<\/span><\/li>\n<li style=\"font-weight: 400;\" aria-level=\"1\"><b>Tener domicilio fiscal en la Regi\u00f3n de Murcia<\/b><span style=\"font-weight: 400;\">.<\/span><\/li>\n<li style=\"font-weight: 400;\" aria-level=\"1\"><b>Estar dado de alta en el censo del impuesto de actividades econ\u00f3micas<\/b><span style=\"font-weight: 400;\"> (IAE), ya sea como persona f\u00edsica o a trav\u00e9s de una entidad permitida como:<\/span>\n<ul>\n<li style=\"font-weight: 400;\" aria-level=\"2\"><span style=\"font-weight: 400;\">Sociedad civil profesional (SCP).<\/span><\/li>\n<li style=\"font-weight: 400;\" aria-level=\"2\"><a href=\"https:\/\/www.billin.net\/glosario\/comunidad-de-bienes\/\"><span style=\"font-weight: 400;\">Comunidad de bienes<\/span><\/a><span style=\"font-weight: 400;\"> (CB).<\/span><\/li>\n<li style=\"font-weight: 400;\" aria-level=\"2\"><span style=\"font-weight: 400;\">Unidad econ\u00f3mica sin personalidad jur\u00eddica (ESPJ).<\/span><\/li>\n<li style=\"font-weight: 400;\" aria-level=\"2\"><span style=\"font-weight: 400;\">Sociedad de car\u00e1cter unipersonal.<\/span><\/li>\n<\/ul>\n<\/li>\n<\/ul>\n<p><b>Te puede interesar \u27a1\ufe0f<\/b> <a href=\"https:\/\/www.billin.net\/blog\/capitulo-guia-alta-impuesto-actividad-economica-iae\/\"><span style=\"font-weight: 400;\">Qu\u00e9 es y c\u00f3mo darse de alta en el IAE correctamente<\/span><\/a><span style=\"font-weight: 400;\">.<\/span><\/p>\n<h3><b>\u00bfQui\u00e9n no puede acceder a esta ayuda?<\/b><\/h3>\n<p><b>Quedan excluidas de la cuota cero en Murcia las personas que:<\/b><\/p>\n<ul>\n<li style=\"font-weight: 400;\" aria-level=\"1\"><b>Han estado dadas de alta en el RETA en los dos a\u00f1os anteriores<\/b><span style=\"font-weight: 400;\"> a la nueva alta por la que se solicita la subvenci\u00f3n (con excepciones: aut\u00f3nomos colaboradores y mujeres que hayan cesado su actividad por maternidad o situaciones equivalentes).<\/span><\/li>\n<li style=\"font-weight: 400;\" aria-level=\"1\"><span style=\"font-weight: 400;\">Se den de alta como <\/span><b>aut\u00f3nomos colaboradores<\/b><span style=\"font-weight: 400;\">.<\/span><\/li>\n<li style=\"font-weight: 400;\" aria-level=\"1\"><b>Formen parte de una sociedad<\/b><span style=\"font-weight: 400;\">, salvo en los casos ya mencionados (SCP, CB, ESPJ o sociedades unipersonales).<\/span><\/li>\n<li style=\"font-weight: 400;\" aria-level=\"1\"><b>Hayan recibido ayudas similares<\/b><span style=\"font-weight: 400;\"> del SEF u otros organismos p\u00fablicos en los <\/span><b>dos a\u00f1os naturales anteriores<\/b><span style=\"font-weight: 400;\"> al alta en RETA, si estas ayudas iban destinadas al inicio de actividad o pago de cuotas como aut\u00f3nomo.<\/span><\/li>\n<\/ul>\n<h3><b>Incompatibilidades<\/b><\/h3>\n<p><span style=\"font-weight: 400;\">La ayuda de la cuota cero es <\/span><b>incompatible con otras subvenciones para el mismo fin<\/b><span style=\"font-weight: 400;\">, salvo con las bonificaciones o reducciones legalmente previstas en la cuota a la Seguridad Social.\u00a0<\/span><\/p>\n<p><span style=\"font-weight: 400;\">Por ejemplo, <\/span><b>no puedes recibir esta ayuda si ya has accedido a programas como:<\/b><\/p>\n<ul>\n<li style=\"font-weight: 400;\" aria-level=\"1\"><span style=\"font-weight: 400;\">Fomento del autoempleo juvenil o de desempleados de larga duraci\u00f3n.<\/span><\/li>\n<li style=\"font-weight: 400;\" aria-level=\"1\"><span style=\"font-weight: 400;\">Fomento del empleo aut\u00f3nomo.<\/span><\/li>\n<li style=\"font-weight: 400;\" aria-level=\"1\"><span style=\"font-weight: 400;\">Subvenci\u00f3n de cuotas a la Seguridad Social por capitalizaci\u00f3n del paro.<\/span><\/li>\n<\/ul>\n<h3><b>Compromisos tras recibir la ayuda<\/b><\/h3>\n<p><span style=\"font-weight: 400;\">Una vez que accedes a la cuota cero, debes comprometerte a:<\/span><\/p>\n<ul>\n<li style=\"font-weight: 400;\" aria-level=\"1\"><b>Mantener tu actividad econ\u00f3mica y el alta en RETA durante al menos dos a\u00f1os<\/b><span style=\"font-weight: 400;\">. Solo se permite la interrupci\u00f3n en caso de maternidad o riesgo durante el embarazo.<\/span><\/li>\n<li style=\"font-weight: 400;\" aria-level=\"1\"><b>No formar parte de sociedades<\/b><span style=\"font-weight: 400;\"> durante este periodo, salvo en los supuestos autorizados.<\/span><\/li>\n<li style=\"font-weight: 400;\" aria-level=\"1\"><b>No trabajar por cuenta ajena m\u00e1s de seis meses acumulados<\/b><span style=\"font-weight: 400;\"> en esos dos a\u00f1os, especialmente si el empleo es a jornada completa o a media jornada igual o superior al 50 %.<\/span><\/li>\n<\/ul>\n<p><span style=\"font-weight: 400;\">El incumplimiento de estas condiciones puede suponer la obligaci\u00f3n de <\/span><b>devolver la ayuda recibida<\/b><span style=\"font-weight: 400;\">.<\/span><\/p>\n<h2><b>\u00bfCu\u00e1ndo y c\u00f3mo presentar la solicitud para la cuota cero en Murcia?<\/b><\/h2>\n<p><span style=\"font-weight: 400;\">Si cumples con los requisitos y deseas beneficiarte de la cuota cero para aut\u00f3nomos en la Regi\u00f3n de Murcia, debes seguir un <\/span><b>proceso de solicitud completamente telem\u00e1tico<\/b><span style=\"font-weight: 400;\">.<\/span><\/p>\n<h3><b>Plazo para la presentaci\u00f3n de la solicitud<\/b><\/h3>\n<p><span style=\"font-weight: 400;\">El plazo para solicitar la cuota cero est\u00e1 <\/span><b>abierto<\/b><span style=\"font-weight: 400;\">, pero debes tener en cuenta tanto el <\/span><b>plazo general<\/b><span style=\"font-weight: 400;\"> como el <\/span><b>plazo individualizado<\/b><span style=\"font-weight: 400;\"> aplicable a tu situaci\u00f3n particular.<\/span><\/p>\n<ul>\n<li style=\"font-weight: 400;\" aria-level=\"1\"><b>Plazo general <\/b><span style=\"font-weight: 400;\">de la convocatoria: <\/span><b>desde 22 de febrero de 2025 y hasta 31 de octubre de 2025<\/b><span style=\"font-weight: 400;\">. Este es el per\u00edodo oficial durante el cual pueden presentarse solicitudes en el marco de la convocatoria vigente.<\/span><\/li>\n<li style=\"font-weight: 400;\" aria-level=\"1\"><b>Plazo individualizado (seg\u00fan fecha de alta en RETA): <\/b><span style=\"font-weight: 400;\">cada solicitante dispone de <\/span><b>1 mes para presentar su solicitud<\/b><span style=\"font-weight: 400;\"> a partir del <\/span><b>d\u00eda de alta en el RETA<\/b><span style=\"font-weight: 400;\">.\u00a0<\/span><\/li>\n<\/ul>\n<p><b>Ejemplo:<\/b><span style=\"font-weight: 400;\"> si te das de alta el <\/span><b>10 de marzo<\/b><span style=\"font-weight: 400;\">, tu plazo finaliza el <\/span><b>10 de abril<\/b><span style=\"font-weight: 400;\">. Si el mes siguiente no tiene d\u00eda equivalente (por ejemplo, si te diste de alta el 31 de enero), el plazo finaliza el <\/span><b>\u00faltimo d\u00eda del mes de vencimiento<\/b><span style=\"font-weight: 400;\"> (en este ejemplo, el 28 o 29 de febrero).<\/span><\/p>\n<p><b>Es imprescindible<\/b><span style=\"font-weight: 400;\"> que presentes la solicitud dentro de este <\/span><b>plazo individualizado<\/b><span style=\"font-weight: 400;\"> y, adem\u00e1s, dentro del <\/span><b>plazo general de la convocatoria<\/b><span style=\"font-weight: 400;\">. Ambos deben cumplirse.<\/span><\/p>\n<ul>\n<li style=\"font-weight: 400;\" aria-level=\"1\"><b>Casos especiales: altas antes del inicio de la convocatoria. <\/b><span style=\"font-weight: 400;\">Si te diste de alta en el RETA <\/span><b>a partir del 1 de noviembre de 2024 y antes del 22 de febrero de 2025<\/b><span style=\"font-weight: 400;\"> (fecha de inicio oficial de la convocatoria), tambi\u00e9n puedes solicitar la subvenci\u00f3n, pero con un plazo espec\u00edfico: d<\/span><b>el 22 de febrero de 2025 al 24 de marzo de 2025<\/b><\/li>\n<\/ul>\n<p><span style=\"font-weight: 400;\">Este plazo aplica \u00fanicamente a quienes ya estaban dados de alta antes de la apertura oficial de la convocatoria.<\/span><\/p>\n<h3><b>\u00bfC\u00f3mo se presenta la solicitud?<\/b><\/h3>\n<p><span style=\"font-weight: 400;\">La solicitud se realiza a trav\u00e9s de la <\/span><b>sede electr\u00f3nica de la comunidad aut\u00f3noma de la Regi\u00f3n de Murcia<\/b><span style=\"font-weight: 400;\">. Para ello, es imprescindible disponer de un sistema de identificaci\u00f3n electr\u00f3nica v\u00e1lido.\u00a0<\/span><\/p>\n<p><b>Puedes usar:<\/b><\/p>\n<ul>\n<li style=\"font-weight: 400;\" aria-level=\"1\"><a href=\"https:\/\/www.billin.net\/blog\/clave-pin-permanente\/\"><span style=\"font-weight: 400;\">Cl@ve PIN o Cl@ve Permanente<\/span><\/a><\/li>\n<li style=\"font-weight: 400;\" aria-level=\"1\"><a href=\"https:\/\/www.billin.net\/blog\/para-que-sirve-certificado-digital\/\"><span style=\"font-weight: 400;\">Certificado digital<\/span><\/a><\/li>\n<li style=\"font-weight: 400;\" aria-level=\"1\"><span style=\"font-weight: 400;\">DNI electr\u00f3nico.<\/span><\/li>\n<\/ul>\n<h3><b>Pasos para presentar tu solicitud de la cuota cero en Murcia\u00a0<\/b><\/h3>\n<p><b>1. Accede a la sede electr\u00f3nica <\/b><span style=\"font-weight: 400;\">y localiza el procedimiento correspondiente (cuota cero).<\/span><\/p>\n<p><img loading=\"lazy\" decoding=\"async\" class=\"wp-image-24817 aligncenter\" src=\"https:\/\/www.billin.net\/blog\/wp-content\/uploads\/2025\/08\/pasos-para-solicitar-cuota-cero-en-Murcia-.jpg\" alt=\"pasos para solicitar la cuota cero en Murcia \" width=\"1025\" height=\"448\" srcset=\"https:\/\/www.billin.net\/blog\/wp-content\/uploads\/2025\/08\/pasos-para-solicitar-cuota-cero-en-Murcia-.jpg 911w, https:\/\/www.billin.net\/blog\/wp-content\/uploads\/2025\/08\/pasos-para-solicitar-cuota-cero-en-Murcia--300x131.jpg 300w, https:\/\/www.billin.net\/blog\/wp-content\/uploads\/2025\/08\/pasos-para-solicitar-cuota-cero-en-Murcia--768x336.jpg 768w\" sizes=\"(max-width: 1025px) 100vw, 1025px\" \/><\/p>\n<p>&nbsp;<\/p>\n<p><b>2. Lee detenidamente toda la informaci\u00f3n<\/b><span style=\"font-weight: 400;\"> del procedimiento antes de iniciar el formulario.<\/span><\/p>\n<p><img loading=\"lazy\" decoding=\"async\" class=\"wp-image-24818 aligncenter\" src=\"https:\/\/www.billin.net\/blog\/wp-content\/uploads\/2025\/08\/como-solicitar-la-cuota-cero-en-Murcia.png\" alt=\"C\u00f3mo solicitar la cuota cero en Murcia \" width=\"1094\" height=\"489\" srcset=\"https:\/\/www.billin.net\/blog\/wp-content\/uploads\/2025\/08\/como-solicitar-la-cuota-cero-en-Murcia.png 900w, https:\/\/www.billin.net\/blog\/wp-content\/uploads\/2025\/08\/como-solicitar-la-cuota-cero-en-Murcia-300x134.png 300w, https:\/\/www.billin.net\/blog\/wp-content\/uploads\/2025\/08\/como-solicitar-la-cuota-cero-en-Murcia-768x343.png 768w\" sizes=\"(max-width: 1094px) 100vw, 1094px\" \/><\/p>\n<p><b>3. Rellena el formulario de solicitud<\/b><span style=\"font-weight: 400;\"> de manera completa.<\/span><\/p>\n<p><b>4. Adjunta la documentaci\u00f3n necesaria.<\/b><span style=\"font-weight: 400;\"> Ten en cuenta que si no hay oposici\u00f3n expresa, la administraci\u00f3n puede de oficio consultar la documentaci\u00f3n.\u00a0<\/span><\/p>\n<p><b>En otro caso, debes adjuntar:<\/b><\/p>\n<ul>\n<li style=\"font-weight: 400;\" aria-level=\"2\"><span style=\"font-weight: 400;\">Certificado bancario en el que aparezca el IBAN de la cuenta bancaria en la que solicitas el abono de la subvenci\u00f3n, as\u00ed como el NIF del titular que deber\u00e1 corresponder al solicitante de la subvenci\u00f3n.<\/span><\/li>\n<li style=\"font-weight: 400;\" aria-level=\"2\"><span style=\"font-weight: 400;\">Certificado acreditativo del alta en el IAE.<\/span><\/li>\n<li style=\"font-weight: 400;\" aria-level=\"2\"><span style=\"font-weight: 400;\">Documentaci\u00f3n que acredite el nacimiento de hijo\/a, adopci\u00f3n, guarda con fines de adopci\u00f3n, acogimiento y tutela.<\/span><\/li>\n<li style=\"font-weight: 400;\" aria-level=\"2\"><span style=\"font-weight: 400;\">Certificado de estar al corriente de pago de obligaciones tributarias.<\/span><\/li>\n<li style=\"font-weight: 400;\" aria-level=\"2\"><span style=\"font-weight: 400;\">Consulta de estar al corriente de pago de obligaciones con la Seguridad Social.<\/span><\/li>\n<li style=\"font-weight: 400;\" aria-level=\"2\"><span style=\"font-weight: 400;\">Domicilio fiscal.<\/span><\/li>\n<li style=\"font-weight: 400;\" aria-level=\"2\"><span style=\"font-weight: 400;\">Consulta de situaci\u00f3n laboral en la Seguridad Social.<\/span><\/li>\n<li style=\"font-weight: 400;\" aria-level=\"2\"><span style=\"font-weight: 400;\">Vida laboral (\u00faltimos 12 meses).<\/span><\/li>\n<li style=\"font-weight: 400;\" aria-level=\"2\"><span style=\"font-weight: 400;\"><span style=\"font-weight: 400;\">Consulta de subvenciones MINIMIS.<\/span><\/span><b>5. Firma electr\u00f3nicamente y env\u00eda<\/b><span style=\"font-weight: 400;\"> tu solicitud.<\/span><\/li>\n<\/ul>\n<p><span style=\"font-weight: 400;\">Una vez enviada correctamente, el sistema generar\u00e1 de forma autom\u00e1tica un <\/span><b>recibo en PDF<\/b><span style=\"font-weight: 400;\"> que servir\u00e1 como justificante.\u00a0<\/span><\/p>\n<p><b>Este incluir\u00e1:<\/b><\/p>\n<ul>\n<li style=\"font-weight: 400;\" aria-level=\"1\"><span style=\"font-weight: 400;\">N\u00famero de registro<\/span><\/li>\n<li style=\"font-weight: 400;\" aria-level=\"1\"><span style=\"font-weight: 400;\">Fecha y hora exactas de presentaci\u00f3n<\/span><\/li>\n<li style=\"font-weight: 400;\" aria-level=\"1\"><span style=\"font-weight: 400;\">C\u00f3digo de verificaci\u00f3n<\/span><\/li>\n<\/ul>\n<p><span style=\"font-weight: 400;\">Podr\u00e1s <\/span><b>consultar y descargar tu solicitud en cualquier momento<\/b><span style=\"font-weight: 400;\"> desde la secci\u00f3n <\/span><i><span style=\"font-weight: 400;\">\u00abConsulta de solicitudes y tr\u00e1mites realizados<\/span><\/i><span style=\"font-weight: 400;\">\u00bb de la misma sede electr\u00f3nica.<\/span><\/p>\n<h3><b>Plazo de resoluci\u00f3n<\/b><\/h3>\n<p><span style=\"font-weight: 400;\">El plazo m\u00e1ximo para que la administraci\u00f3n resuelva las solicitudes de la ayuda cuota cero en la Regi\u00f3n de Murcia es de<\/span><b> seis meses<\/b><span style=\"font-weight: 400;\">, contados desde la fecha en que la solicitud haya sido registrada correctamente por el \u00f3rgano competente.<\/span><\/p>\n<p><span style=\"font-weight: 400;\">Si la administraci\u00f3n no emite una resoluci\u00f3n dentro del plazo establecido, se entiende que el silencio administrativo tiene un sentido negativo o desestimatorio.<\/span><\/p>\n<h2><b>Emprender en Murcia con tranquilidad y buena gesti\u00f3n<\/b><\/h2>\n<p><span style=\"font-weight: 400;\">Dar el paso hacia el autoempleo en Murcia es una decisi\u00f3n valiente y llena de oportunidades, especialmente con ayudas como la cuota cero.\u00a0<\/span><\/p>\n<p><span style=\"font-weight: 400;\">Pero emprender no es solo darse de alta como aut\u00f3nomo: tambi\u00e9n implica llevar un control riguroso de tus ingresos y gastos, cumplir con Hacienda, presentar impuestos a tiempo y justificar correctamente tu actividad si solicitas subvenciones.<\/span><\/p>\n<p><span style=\"font-weight: 400;\">Para evitar imprevistos y facilitar toda esta gesti\u00f3n, contar con un <\/span><a href=\"http:\/\/www.billin.net\/\"><span style=\"font-weight: 400;\">software de facturaci\u00f3n<\/span><\/a><span style=\"font-weight: 400;\"> es fundamental.<\/span><\/p>\n<p><b>Con TeamSystem Facturas Billin puedes:<\/b><\/p>\n<ul>\n<li style=\"font-weight: 400;\" aria-level=\"1\"><span style=\"font-weight: 400;\">Crear y enviar<\/span><b> facturas profesionales<\/b><span style=\"font-weight: 400;\"> en segundos.<\/span><\/li>\n<li style=\"font-weight: 400;\" aria-level=\"1\"><span style=\"font-weight: 400;\">Controlar tus <\/span><b>cobros y pagos<\/b><span style=\"font-weight: 400;\"> en tiempo real.<\/span><\/li>\n<li style=\"font-weight: 400;\" aria-level=\"1\"><b>Guardar y acceder <\/b><span style=\"font-weight: 400;\">a todos tus documentos de forma segura.<\/span><\/li>\n<li style=\"font-weight: 400;\" aria-level=\"1\"><span style=\"font-weight: 400;\">Compartir tu cuenta con tu gestor para que lleve tus impuestos al d\u00eda.<\/span><\/li>\n<\/ul>\n<p><span style=\"font-weight: 400;\">\ud83d\udc49 Empieza ya con <\/span><b>TeamSystem Facturas Billin<\/b><span style=\"font-weight: 400;\">, <\/span><a href=\"https:\/\/www.billin.net\/signup-mkt-app-nueva\/\"><span style=\"font-weight: 400;\">prueba 30 d\u00edas gratis y sin compromiso<\/span><\/a><span style=\"font-weight: 400;\">. La forma m\u00e1s sencilla de tener tu facturaci\u00f3n bajo control desde el primer d\u00eda.<\/span><\/p>\n","protected":false},"excerpt":{"rendered":"<p>\u00bfEst\u00e1s pensando en iniciar tu actividad como trabajador por cuenta propia en la Regi\u00f3n de Murcia? Entonces presta atenci\u00f3n: desde el 22 de febrero hasta el 31 de octubre de 2025 puedes solicitar la subvenci\u00f3n de cuota cero para aut\u00f3nomos en Murcia, con la que podr\u00e1s recibir un pago \u00fanico de 2.920 euros. En este [&hellip;]<\/p>\n","protected":false},"author":20,"featured_media":24823,"comment_status":"open","ping_status":"open","sticky":false,"template":"","format":"standard","meta":{"_acf_changed":false,"_et_pb_use_builder":"","_et_pb_old_content":"","_et_gb_content_width":"","om_disable_all_campaigns":false,"inline_featured_image":false,"footnotes":""},"categories":[1015],"tags":[],"class_list":{"0":"post-24816","1":"post","2":"type-post","3":"status-publish","4":"format-standard","5":"has-post-thumbnail","7":"category-facturacion"},"acf":{"selector_de_usuario":"","fecha_de_revision":null},"yoast_head":"<!-- This site is optimized with the Yoast SEO plugin v27.1 - https:\/\/yoast.com\/product\/yoast-seo-wordpress\/ -->\n<title>\u25b7 Solicita ya la cuota cero para nuevos aut\u00f3nomos en Murcia<\/title>\n<meta name=\"description\" content=\"\u00bfEst\u00e1s pensando en emprender en Murcia? \u00bfSab\u00edas que puedes beneficiarte de la cuota cero de aut\u00f3nomo? \u27a1\ufe0f Te contamos c\u00f3mo conseguirla\" \/>\n<meta name=\"robots\" content=\"index, follow, max-snippet:-1, max-image-preview:large, max-video-preview:-1\" \/>\n<link rel=\"canonical\" href=\"https:\/\/www.billin.net\/blog\/como-solicitar-cuota-cero-murcia\/\" \/>\n<meta property=\"og:locale\" content=\"es_ES\" \/>\n<meta property=\"og:type\" content=\"article\" \/>\n<meta property=\"og:title\" content=\"\u25b7 Solicita ya la cuota cero para nuevos aut\u00f3nomos en Murcia\" \/>\n<meta property=\"og:description\" content=\"\u00bfEst\u00e1s pensando en emprender en Murcia? \u00bfSab\u00edas que puedes beneficiarte de la cuota cero de aut\u00f3nomo? \u27a1\ufe0f Te contamos c\u00f3mo conseguirla\" \/>\n<meta property=\"og:url\" content=\"https:\/\/www.billin.net\/blog\/como-solicitar-cuota-cero-murcia\/\" \/>\n<meta property=\"og:site_name\" content=\"Blog de TeamSystem Facturas Billin\" \/>\n<meta property=\"article:publisher\" content=\"https:\/\/www.facebook.com\/EsBillin\" \/>\n<meta property=\"article:published_time\" content=\"2025-08-12T06:49:20+00:00\" \/>\n<meta property=\"article:modified_time\" content=\"2025-09-25T18:25:21+00:00\" \/>\n<meta property=\"og:image\" content=\"https:\/\/www.billin.net\/blog\/wp-content\/uploads\/2025\/08\/solicitar-cuota-cero-autonomos-murcia.jpg\" \/>\n\t<meta property=\"og:image:width\" content=\"1800\" \/>\n\t<meta property=\"og:image:height\" content=\"1200\" \/>\n\t<meta property=\"og:image:type\" content=\"image\/jpeg\" \/>\n<meta name=\"author\" content=\"Marcos De La Cueva - CEO TeamSystem Facturas Billin\" \/>\n<meta name=\"twitter:card\" content=\"summary_large_image\" \/>\n<meta name=\"twitter:creator\" content=\"@Billin_ES\" \/>\n<meta name=\"twitter:site\" content=\"@Billin_ES\" \/>\n<meta name=\"twitter:label1\" content=\"Escrito por\" \/>\n\t<meta name=\"twitter:data1\" content=\"Marcos De La Cueva - CEO TeamSystem Facturas Billin\" \/>\n\t<meta name=\"twitter:label2\" content=\"Tiempo de lectura\" \/>\n\t<meta name=\"twitter:data2\" content=\"11 minutos\" \/>\n<script type=\"application\/ld+json\" class=\"yoast-schema-graph\">{\"@context\":\"https:\/\/schema.org\",\"@graph\":[{\"@type\":\"Article\",\"@id\":\"https:\/\/www.billin.net\/blog\/como-solicitar-cuota-cero-murcia\/#article\",\"isPartOf\":{\"@id\":\"https:\/\/www.billin.net\/blog\/como-solicitar-cuota-cero-murcia\/\"},\"author\":{\"name\":\"Marcos De La Cueva - CEO TeamSystem Facturas Billin\",\"@id\":\"https:\/\/www.billin.net\/blog\/#\/schema\/person\/d0339ee6e869234614541b1e80a793e7\"},\"headline\":\"\u00bfAut\u00f3nomo en Murcia?: benef\u00edciate ahora de la cuota cero\",\"datePublished\":\"2025-08-12T06:49:20+00:00\",\"dateModified\":\"2025-09-25T18:25:21+00:00\",\"mainEntityOfPage\":{\"@id\":\"https:\/\/www.billin.net\/blog\/como-solicitar-cuota-cero-murcia\/\"},\"wordCount\":2262,\"commentCount\":0,\"publisher\":{\"@id\":\"https:\/\/www.billin.net\/blog\/#organization\"},\"image\":{\"@id\":\"https:\/\/www.billin.net\/blog\/como-solicitar-cuota-cero-murcia\/#primaryimage\"},\"thumbnailUrl\":\"https:\/\/www.billin.net\/blog\/wp-content\/uploads\/2025\/08\/solicitar-cuota-cero-autonomos-murcia.jpg\",\"articleSection\":[\"Facturaci\u00f3n\"],\"inLanguage\":\"es\",\"potentialAction\":[{\"@type\":\"CommentAction\",\"name\":\"Comment\",\"target\":[\"https:\/\/www.billin.net\/blog\/como-solicitar-cuota-cero-murcia\/#respond\"]}]},{\"@type\":\"WebPage\",\"@id\":\"https:\/\/www.billin.net\/blog\/como-solicitar-cuota-cero-murcia\/\",\"url\":\"https:\/\/www.billin.net\/blog\/como-solicitar-cuota-cero-murcia\/\",\"name\":\"\u25b7 Solicita ya la cuota cero para nuevos aut\u00f3nomos en Murcia\",\"isPartOf\":{\"@id\":\"https:\/\/www.billin.net\/blog\/#website\"},\"primaryImageOfPage\":{\"@id\":\"https:\/\/www.billin.net\/blog\/como-solicitar-cuota-cero-murcia\/#primaryimage\"},\"image\":{\"@id\":\"https:\/\/www.billin.net\/blog\/como-solicitar-cuota-cero-murcia\/#primaryimage\"},\"thumbnailUrl\":\"https:\/\/www.billin.net\/blog\/wp-content\/uploads\/2025\/08\/solicitar-cuota-cero-autonomos-murcia.jpg\",\"datePublished\":\"2025-08-12T06:49:20+00:00\",\"dateModified\":\"2025-09-25T18:25:21+00:00\",\"description\":\"\u00bfEst\u00e1s pensando en emprender en Murcia? \u00bfSab\u00edas que puedes beneficiarte de la cuota cero de aut\u00f3nomo? \u27a1\ufe0f Te contamos c\u00f3mo conseguirla\",\"breadcrumb\":{\"@id\":\"https:\/\/www.billin.net\/blog\/como-solicitar-cuota-cero-murcia\/#breadcrumb\"},\"inLanguage\":\"es\",\"potentialAction\":[{\"@type\":\"ReadAction\",\"target\":[\"https:\/\/www.billin.net\/blog\/como-solicitar-cuota-cero-murcia\/\"]}]},{\"@type\":\"ImageObject\",\"inLanguage\":\"es\",\"@id\":\"https:\/\/www.billin.net\/blog\/como-solicitar-cuota-cero-murcia\/#primaryimage\",\"url\":\"https:\/\/www.billin.net\/blog\/wp-content\/uploads\/2025\/08\/solicitar-cuota-cero-autonomos-murcia.jpg\",\"contentUrl\":\"https:\/\/www.billin.net\/blog\/wp-content\/uploads\/2025\/08\/solicitar-cuota-cero-autonomos-murcia.jpg\",\"width\":1800,\"height\":1200,\"caption\":\"c\u00f3mo solicitar la cuota cero para aut\u00f3nomos en Murcia\"},{\"@type\":\"BreadcrumbList\",\"@id\":\"https:\/\/www.billin.net\/blog\/como-solicitar-cuota-cero-murcia\/#breadcrumb\",\"itemListElement\":[{\"@type\":\"ListItem\",\"position\":1,\"name\":\"Blog\",\"item\":\"https:\/\/www.billin.net\/blog\/\"},{\"@type\":\"ListItem\",\"position\":2,\"name\":\"Facturaci\u00f3n\",\"item\":\"https:\/\/www.billin.net\/blog\/facturacion\/\"},{\"@type\":\"ListItem\",\"position\":3,\"name\":\"\u00bfAut\u00f3nomo en Murcia?: benef\u00edciate ahora de la cuota cero\"}]},{\"@type\":\"WebSite\",\"@id\":\"https:\/\/www.billin.net\/blog\/#website\",\"url\":\"https:\/\/www.billin.net\/blog\/\",\"name\":\"Blog de Billin\",\"description\":\"Mantente informado con el blog de TeamSystem Facturas Billin:  facturaci\u00f3n, legislaci\u00f3n, contabilidad, management y toda la informaci\u00f3n \u00fatil para pymes y aut\u00f3nomos.\",\"publisher\":{\"@id\":\"https:\/\/www.billin.net\/blog\/#organization\"},\"potentialAction\":[{\"@type\":\"SearchAction\",\"target\":{\"@type\":\"EntryPoint\",\"urlTemplate\":\"https:\/\/www.billin.net\/blog\/?s={search_term_string}\"},\"query-input\":{\"@type\":\"PropertyValueSpecification\",\"valueRequired\":true,\"valueName\":\"search_term_string\"}}],\"inLanguage\":\"es\"},{\"@type\":\"Organization\",\"@id\":\"https:\/\/www.billin.net\/blog\/#organization\",\"name\":\"Billin\",\"alternateName\":\"Blog de Billin\",\"url\":\"https:\/\/www.billin.net\/blog\/\",\"logo\":{\"@type\":\"ImageObject\",\"inLanguage\":\"es\",\"@id\":\"https:\/\/www.billin.net\/blog\/#\/schema\/logo\/image\/\",\"url\":\"https:\/\/www.billin.net\/blog\/wp-content\/uploads\/2019\/06\/logotipo-billin-blog-1.png\",\"contentUrl\":\"https:\/\/www.billin.net\/blog\/wp-content\/uploads\/2019\/06\/logotipo-billin-blog-1.png\",\"width\":126,\"height\":50,\"caption\":\"Billin\"},\"image\":{\"@id\":\"https:\/\/www.billin.net\/blog\/#\/schema\/logo\/image\/\"},\"sameAs\":[\"https:\/\/www.facebook.com\/EsBillin\",\"https:\/\/x.com\/Billin_ES\",\"https:\/\/www.instagram.com\/billin_es\/\",\"https:\/\/www.linkedin.com\/company\/billin-spain\",\"https:\/\/www.youtube.com\/c\/BillinEsintercambiodefacturas\/\"],\"legalName\":\"MY EXPENSES SL\",\"contactPoint\":{\"@type\":\"ContactPoint\",\"telephone\":\"+34918318883\",\"contactType\":\"customer service\",\"email\":\"info@billin.eu\",\"availableLanguage\":\"es\"},\"foundingDate\":\"2015\",\"numberOfEmployees\":{\"@type\":\"QuantitativeValue\",\"minValue\":10,\"maxValue\":50},\"parentOrganization\":{\"@type\":\"Organization\",\"name\":\"TeamSystem\",\"url\":\"https:\/\/www.teamsystem.com\/\"},\"description\":\"Billin es el programa de facturaci\u00f3n online de TeamSystem para aut\u00f3nomos y pymes en Espa\u00f1a. Permite crear facturas, controlar gastos y cumplir con Verifactu.\",\"address\":{\"@type\":\"PostalAddress\",\"streetAddress\":\"Calle Arturo Soria, 336\",\"addressLocality\":\"Madrid\",\"addressRegion\":\"Madrid\",\"postalCode\":\"28033\",\"addressCountry\":\"ES\"}},{\"@type\":\"Person\",\"@id\":\"https:\/\/www.billin.net\/blog\/#\/schema\/person\/d0339ee6e869234614541b1e80a793e7\",\"name\":\"Marcos De La Cueva - CEO TeamSystem Facturas Billin\",\"image\":{\"@type\":\"ImageObject\",\"inLanguage\":\"es\",\"@id\":\"https:\/\/www.billin.net\/blog\/#\/schema\/person\/image\/\",\"url\":\"https:\/\/www.billin.net\/blog\/wp-content\/uploads\/2023\/10\/marcos-color-150x150.png\",\"contentUrl\":\"https:\/\/www.billin.net\/blog\/wp-content\/uploads\/2023\/10\/marcos-color-150x150.png\",\"caption\":\"Marcos De La Cueva - CEO TeamSystem Facturas Billin\"},\"description\":\"Licenciado en ADE por la Universidad Aut\u00f3noma de Madrid, Marcos De la Cueva es CEO y cofundador de TeamSystem Facturas Billin, un programa online que lleva m\u00e1s de 9 a\u00f1os ayudando a aut\u00f3nomos, peque\u00f1os negocios y gestor\u00edas a digitalizar sus presupuestos, facturas, tickets y gastos. \u00a0 Sobre Marcos De La Cueva \u00a0 Apasionado por el mundo empresarial y la tecnolog\u00eda, curs\u00f3 su M\u00e1ster de Finanzas en la Universidad Pontificia de Comillas y estuvo en el Programa de Cooperaci\u00f3n Educativa de la Universidad Aut\u00f3noma de Madrid. \u00a0 Marcos siempre ha tenido su objetivo claro: ayudar a la creaci\u00f3n de negocios financieramente sostenibles a trav\u00e9s de una herramienta de facturaci\u00f3n que les permita ahorrar tiempo y tener la contabilidad bajo control. \u00a0 Marcos De La Cueva en los medios \u2014 Noticia sobre Kit Digital y Ley Antifraude (VeriFactu) en El Economista. \u2014 Noticia sobre Kit Digital y factura electr\u00f3nica obligatoria en Diario Jur\u00eddico. \u2014 Noticia sobre el a\u00f1o de transici\u00f3n para la factura electr\u00f3nica en Muy Pymes. \u2014 Entrevista sobre factura electr\u00f3nica obligatoria en Canal Sur. \u2014 Noticia sobre el informe factura electr\u00f3nica de TeamSystem en Channel Partner. \u2014 Charla sobre productividad y Ley Crea y Crece en El Economista. \u2014 Charla sobre factura electr\u00f3nica obligatoria en Muy Pymes. \u2014 Charla sobre digitalizaci\u00f3n aut\u00f3nomos y productividad en esdiario. \u2014 Charla sobre productividad y factura electr\u00f3nica en La Raz\u00f3n. \u2014 Charla sobre factura electr\u00f3nica obligatoria en Aut\u00f3nomos y Emprendedores. \u2014 Entrevista sobre Ley Antifraude y Ley Crea y Crece en Expansi\u00f3n. \u2014 Entrevista sobre Ley Antifraude y Ley Crea y Crece en La Raz\u00f3n. \u2014 Entrevista sobre factura electr\u00f3nica obligatoria en El Economista. \u2014 Comunicado Billin y TeamSystem en Business Insider. \u2014 Entrevista en Econom\u00eda Digital. \u2014 Entrevista en Ideas para tu empresa de Vodafone. \u2014 Entrevista en M\u00e1sQradio. \u2014 Entrevista en Armas para emprender de El M\u00e9todo Gallardo. \u2014 Entrevista en KFund. \u2014 Entrevista en AXA Seguros Espa\u00f1a. \u2014 Entrevista en GestionaRadio. \u00a0 Marcos De La Cueva en eventos \u00a0 \u2014 Participaci\u00f3n como ponente en Accountex Espa\u00f1a 2023. \u00a0 Tem\u00e1ticas de especializaci\u00f3n \u00a0 negocios | startups | contabilidad| fiscalidad | empresas| asesor\u00edas| autonomos | emprendedores | peque\u00f1os negocios | econom\u00eda | ADE | pymes | desarrollo de negocio\u00a0\",\"sameAs\":[\"https:\/\/www.billin.net\/\",\"https:\/\/www.linkedin.com\/in\/marcos-de-la-cueva-19750ba3\/\"],\"url\":\"https:\/\/www.billin.net\/blog\/author\/marcosdelacueva\/\",\"jobTitle\":\"CEO y cofundador de TS Facturas Billin\"}]}<\/script>\n<!-- \/ Yoast SEO plugin. -->","yoast_head_json":{"title":"\u25b7 Solicita ya la cuota cero para nuevos aut\u00f3nomos en Murcia","description":"\u00bfEst\u00e1s pensando en emprender en Murcia? \u00bfSab\u00edas que puedes beneficiarte de la cuota cero de aut\u00f3nomo? \u27a1\ufe0f Te contamos c\u00f3mo conseguirla","robots":{"index":"index","follow":"follow","max-snippet":"max-snippet:-1","max-image-preview":"max-image-preview:large","max-video-preview":"max-video-preview:-1"},"canonical":"https:\/\/www.billin.net\/blog\/como-solicitar-cuota-cero-murcia\/","og_locale":"es_ES","og_type":"article","og_title":"\u25b7 Solicita ya la cuota cero para nuevos aut\u00f3nomos en Murcia","og_description":"\u00bfEst\u00e1s pensando en emprender en Murcia? \u00bfSab\u00edas que puedes beneficiarte de la cuota cero de aut\u00f3nomo? \u27a1\ufe0f Te contamos c\u00f3mo conseguirla","og_url":"https:\/\/www.billin.net\/blog\/como-solicitar-cuota-cero-murcia\/","og_site_name":"Blog de TeamSystem Facturas Billin","article_publisher":"https:\/\/www.facebook.com\/EsBillin","article_published_time":"2025-08-12T06:49:20+00:00","article_modified_time":"2025-09-25T18:25:21+00:00","og_image":[{"width":1800,"height":1200,"url":"https:\/\/www.billin.net\/blog\/wp-content\/uploads\/2025\/08\/solicitar-cuota-cero-autonomos-murcia.jpg","type":"image\/jpeg"}],"author":"Marcos De La Cueva - CEO TeamSystem Facturas Billin","twitter_card":"summary_large_image","twitter_creator":"@Billin_ES","twitter_site":"@Billin_ES","twitter_misc":{"Escrito por":"Marcos De La Cueva - CEO TeamSystem Facturas Billin","Tiempo de lectura":"11 minutos"},"schema":{"@context":"https:\/\/schema.org","@graph":[{"@type":"Article","@id":"https:\/\/www.billin.net\/blog\/como-solicitar-cuota-cero-murcia\/#article","isPartOf":{"@id":"https:\/\/www.billin.net\/blog\/como-solicitar-cuota-cero-murcia\/"},"author":{"name":"Marcos De La Cueva - CEO TeamSystem Facturas Billin","@id":"https:\/\/www.billin.net\/blog\/#\/schema\/person\/d0339ee6e869234614541b1e80a793e7"},"headline":"\u00bfAut\u00f3nomo en Murcia?: benef\u00edciate ahora de la cuota cero","datePublished":"2025-08-12T06:49:20+00:00","dateModified":"2025-09-25T18:25:21+00:00","mainEntityOfPage":{"@id":"https:\/\/www.billin.net\/blog\/como-solicitar-cuota-cero-murcia\/"},"wordCount":2262,"commentCount":0,"publisher":{"@id":"https:\/\/www.billin.net\/blog\/#organization"},"image":{"@id":"https:\/\/www.billin.net\/blog\/como-solicitar-cuota-cero-murcia\/#primaryimage"},"thumbnailUrl":"https:\/\/www.billin.net\/blog\/wp-content\/uploads\/2025\/08\/solicitar-cuota-cero-autonomos-murcia.jpg","articleSection":["Facturaci\u00f3n"],"inLanguage":"es","potentialAction":[{"@type":"CommentAction","name":"Comment","target":["https:\/\/www.billin.net\/blog\/como-solicitar-cuota-cero-murcia\/#respond"]}]},{"@type":"WebPage","@id":"https:\/\/www.billin.net\/blog\/como-solicitar-cuota-cero-murcia\/","url":"https:\/\/www.billin.net\/blog\/como-solicitar-cuota-cero-murcia\/","name":"\u25b7 Solicita ya la cuota cero para nuevos aut\u00f3nomos en Murcia","isPartOf":{"@id":"https:\/\/www.billin.net\/blog\/#website"},"primaryImageOfPage":{"@id":"https:\/\/www.billin.net\/blog\/como-solicitar-cuota-cero-murcia\/#primaryimage"},"image":{"@id":"https:\/\/www.billin.net\/blog\/como-solicitar-cuota-cero-murcia\/#primaryimage"},"thumbnailUrl":"https:\/\/www.billin.net\/blog\/wp-content\/uploads\/2025\/08\/solicitar-cuota-cero-autonomos-murcia.jpg","datePublished":"2025-08-12T06:49:20+00:00","dateModified":"2025-09-25T18:25:21+00:00","description":"\u00bfEst\u00e1s pensando en emprender en Murcia? \u00bfSab\u00edas que puedes beneficiarte de la cuota cero de aut\u00f3nomo? \u27a1\ufe0f Te contamos c\u00f3mo conseguirla","breadcrumb":{"@id":"https:\/\/www.billin.net\/blog\/como-solicitar-cuota-cero-murcia\/#breadcrumb"},"inLanguage":"es","potentialAction":[{"@type":"ReadAction","target":["https:\/\/www.billin.net\/blog\/como-solicitar-cuota-cero-murcia\/"]}]},{"@type":"ImageObject","inLanguage":"es","@id":"https:\/\/www.billin.net\/blog\/como-solicitar-cuota-cero-murcia\/#primaryimage","url":"https:\/\/www.billin.net\/blog\/wp-content\/uploads\/2025\/08\/solicitar-cuota-cero-autonomos-murcia.jpg","contentUrl":"https:\/\/www.billin.net\/blog\/wp-content\/uploads\/2025\/08\/solicitar-cuota-cero-autonomos-murcia.jpg","width":1800,"height":1200,"caption":"c\u00f3mo solicitar la cuota cero para aut\u00f3nomos en Murcia"},{"@type":"BreadcrumbList","@id":"https:\/\/www.billin.net\/blog\/como-solicitar-cuota-cero-murcia\/#breadcrumb","itemListElement":[{"@type":"ListItem","position":1,"name":"Blog","item":"https:\/\/www.billin.net\/blog\/"},{"@type":"ListItem","position":2,"name":"Facturaci\u00f3n","item":"https:\/\/www.billin.net\/blog\/facturacion\/"},{"@type":"ListItem","position":3,"name":"\u00bfAut\u00f3nomo en Murcia?: benef\u00edciate ahora de la cuota cero"}]},{"@type":"WebSite","@id":"https:\/\/www.billin.net\/blog\/#website","url":"https:\/\/www.billin.net\/blog\/","name":"Blog de Billin","description":"Mantente informado con el blog de TeamSystem Facturas Billin:  facturaci\u00f3n, legislaci\u00f3n, contabilidad, management y toda la informaci\u00f3n \u00fatil para pymes y aut\u00f3nomos.","publisher":{"@id":"https:\/\/www.billin.net\/blog\/#organization"},"potentialAction":[{"@type":"SearchAction","target":{"@type":"EntryPoint","urlTemplate":"https:\/\/www.billin.net\/blog\/?s={search_term_string}"},"query-input":{"@type":"PropertyValueSpecification","valueRequired":true,"valueName":"search_term_string"}}],"inLanguage":"es"},{"@type":"Organization","@id":"https:\/\/www.billin.net\/blog\/#organization","name":"Billin","alternateName":"Blog de Billin","url":"https:\/\/www.billin.net\/blog\/","logo":{"@type":"ImageObject","inLanguage":"es","@id":"https:\/\/www.billin.net\/blog\/#\/schema\/logo\/image\/","url":"https:\/\/www.billin.net\/blog\/wp-content\/uploads\/2019\/06\/logotipo-billin-blog-1.png","contentUrl":"https:\/\/www.billin.net\/blog\/wp-content\/uploads\/2019\/06\/logotipo-billin-blog-1.png","width":126,"height":50,"caption":"Billin"},"image":{"@id":"https:\/\/www.billin.net\/blog\/#\/schema\/logo\/image\/"},"sameAs":["https:\/\/www.facebook.com\/EsBillin","https:\/\/x.com\/Billin_ES","https:\/\/www.instagram.com\/billin_es\/","https:\/\/www.linkedin.com\/company\/billin-spain","https:\/\/www.youtube.com\/c\/BillinEsintercambiodefacturas\/"],"legalName":"MY EXPENSES SL","contactPoint":{"@type":"ContactPoint","telephone":"+34918318883","contactType":"customer service","email":"info@billin.eu","availableLanguage":"es"},"foundingDate":"2015","numberOfEmployees":{"@type":"QuantitativeValue","minValue":10,"maxValue":50},"parentOrganization":{"@type":"Organization","name":"TeamSystem","url":"https:\/\/www.teamsystem.com\/"},"description":"Billin es el programa de facturaci\u00f3n online de TeamSystem para aut\u00f3nomos y pymes en Espa\u00f1a. Permite crear facturas, controlar gastos y cumplir con Verifactu.","address":{"@type":"PostalAddress","streetAddress":"Calle Arturo Soria, 336","addressLocality":"Madrid","addressRegion":"Madrid","postalCode":"28033","addressCountry":"ES"}},{"@type":"Person","@id":"https:\/\/www.billin.net\/blog\/#\/schema\/person\/d0339ee6e869234614541b1e80a793e7","name":"Marcos De La Cueva - CEO TeamSystem Facturas Billin","image":{"@type":"ImageObject","inLanguage":"es","@id":"https:\/\/www.billin.net\/blog\/#\/schema\/person\/image\/","url":"https:\/\/www.billin.net\/blog\/wp-content\/uploads\/2023\/10\/marcos-color-150x150.png","contentUrl":"https:\/\/www.billin.net\/blog\/wp-content\/uploads\/2023\/10\/marcos-color-150x150.png","caption":"Marcos De La Cueva - CEO TeamSystem Facturas Billin"},"description":"Licenciado en ADE por la Universidad Aut\u00f3noma de Madrid, Marcos De la Cueva es CEO y cofundador de TeamSystem Facturas Billin, un programa online que lleva m\u00e1s de 9 a\u00f1os ayudando a aut\u00f3nomos, peque\u00f1os negocios y gestor\u00edas a digitalizar sus presupuestos, facturas, tickets y gastos. \u00a0 Sobre Marcos De La Cueva \u00a0 Apasionado por el mundo empresarial y la tecnolog\u00eda, curs\u00f3 su M\u00e1ster de Finanzas en la Universidad Pontificia de Comillas y estuvo en el Programa de Cooperaci\u00f3n Educativa de la Universidad Aut\u00f3noma de Madrid. \u00a0 Marcos siempre ha tenido su objetivo claro: ayudar a la creaci\u00f3n de negocios financieramente sostenibles a trav\u00e9s de una herramienta de facturaci\u00f3n que les permita ahorrar tiempo y tener la contabilidad bajo control. \u00a0 Marcos De La Cueva en los medios \u2014 Noticia sobre Kit Digital y Ley Antifraude (VeriFactu) en El Economista. \u2014 Noticia sobre Kit Digital y factura electr\u00f3nica obligatoria en Diario Jur\u00eddico. \u2014 Noticia sobre el a\u00f1o de transici\u00f3n para la factura electr\u00f3nica en Muy Pymes. \u2014 Entrevista sobre factura electr\u00f3nica obligatoria en Canal Sur. \u2014 Noticia sobre el informe factura electr\u00f3nica de TeamSystem en Channel Partner. \u2014 Charla sobre productividad y Ley Crea y Crece en El Economista. \u2014 Charla sobre factura electr\u00f3nica obligatoria en Muy Pymes. \u2014 Charla sobre digitalizaci\u00f3n aut\u00f3nomos y productividad en esdiario. \u2014 Charla sobre productividad y factura electr\u00f3nica en La Raz\u00f3n. \u2014 Charla sobre factura electr\u00f3nica obligatoria en Aut\u00f3nomos y Emprendedores. \u2014 Entrevista sobre Ley Antifraude y Ley Crea y Crece en Expansi\u00f3n. \u2014 Entrevista sobre Ley Antifraude y Ley Crea y Crece en La Raz\u00f3n. \u2014 Entrevista sobre factura electr\u00f3nica obligatoria en El Economista. \u2014 Comunicado Billin y TeamSystem en Business Insider. \u2014 Entrevista en Econom\u00eda Digital. \u2014 Entrevista en Ideas para tu empresa de Vodafone. \u2014 Entrevista en M\u00e1sQradio. \u2014 Entrevista en Armas para emprender de El M\u00e9todo Gallardo. \u2014 Entrevista en KFund. \u2014 Entrevista en AXA Seguros Espa\u00f1a. \u2014 Entrevista en GestionaRadio. \u00a0 Marcos De La Cueva en eventos \u00a0 \u2014 Participaci\u00f3n como ponente en Accountex Espa\u00f1a 2023. \u00a0 Tem\u00e1ticas de especializaci\u00f3n \u00a0 negocios | startups | contabilidad| fiscalidad | empresas| asesor\u00edas| autonomos | emprendedores | peque\u00f1os negocios | econom\u00eda | ADE | pymes | desarrollo de negocio\u00a0","sameAs":["https:\/\/www.billin.net\/","https:\/\/www.linkedin.com\/in\/marcos-de-la-cueva-19750ba3\/"],"url":"https:\/\/www.billin.net\/blog\/author\/marcosdelacueva\/","jobTitle":"CEO y cofundador de TS Facturas Billin"}]}},"_links":{"self":[{"href":"https:\/\/www.billin.net\/blog\/wp-json\/wp\/v2\/posts\/24816","targetHints":{"allow":["GET"]}}],"collection":[{"href":"https:\/\/www.billin.net\/blog\/wp-json\/wp\/v2\/posts"}],"about":[{"href":"https:\/\/www.billin.net\/blog\/wp-json\/wp\/v2\/types\/post"}],"author":[{"embeddable":true,"href":"https:\/\/www.billin.net\/blog\/wp-json\/wp\/v2\/users\/20"}],"replies":[{"embeddable":true,"href":"https:\/\/www.billin.net\/blog\/wp-json\/wp\/v2\/comments?post=24816"}],"version-history":[{"count":9,"href":"https:\/\/www.billin.net\/blog\/wp-json\/wp\/v2\/posts\/24816\/revisions"}],"predecessor-version":[{"id":26541,"href":"https:\/\/www.billin.net\/blog\/wp-json\/wp\/v2\/posts\/24816\/revisions\/26541"}],"wp:featuredmedia":[{"embeddable":true,"href":"https:\/\/www.billin.net\/blog\/wp-json\/wp\/v2\/media\/24823"}],"wp:attachment":[{"href":"https:\/\/www.billin.net\/blog\/wp-json\/wp\/v2\/media?parent=24816"}],"wp:term":[{"taxonomy":"category","embeddable":true,"href":"https:\/\/www.billin.net\/blog\/wp-json\/wp\/v2\/categories?post=24816"},{"taxonomy":"post_tag","embeddable":true,"href":"https:\/\/www.billin.net\/blog\/wp-json\/wp\/v2\/tags?post=24816"}],"curies":[{"name":"wp","href":"https:\/\/api.w.org\/{rel}","templated":true}]}}