{"id":24746,"date":"2025-07-18T10:32:26","date_gmt":"2025-07-18T08:32:26","guid":{"rendered":"https:\/\/www.billin.net\/blog\/?p=24746"},"modified":"2025-09-25T20:25:34","modified_gmt":"2025-09-25T18:25:34","slug":"como-solicitar-cuota-cero-autonomos-asturias","status":"publish","type":"post","link":"https:\/\/www.billin.net\/blog\/como-solicitar-cuota-cero-autonomos-asturias\/","title":{"rendered":"\u00bfC\u00f3mo solicitar la cuota cero de aut\u00f3nomos en Asturias?"},"content":{"rendered":"<p><span style=\"font-weight: 400;\">Si est\u00e1s pensando en darte de alta como trabajador por cuenta propia en Asturias o lo has hecho recientemente, est\u00e1s de enhorabuena.\u00a0<\/span><\/p>\n<p><span style=\"font-weight: 400;\">La cuota cero de aut\u00f3nomos en Asturias es <\/span><b>una de las medidas m\u00e1s atractivas para nuevos emprendedores en la regi\u00f3n<\/b><span style=\"font-weight: 400;\">, ya que permite comenzar la actividad profesional sin pagar la cuota mensual a la Seguridad Social durante los dos primeros a\u00f1os de actividad.\u00a0<\/span><\/p>\n<p><span style=\"font-weight: 400;\">En este art\u00edculo <\/span><b>te explicamos de forma clara y pr\u00e1ctica c\u00f3mo solicitar esta ayuda<\/b><span style=\"font-weight: 400;\">, qui\u00e9n puede beneficiarse y cu\u00e1les son los pasos imprescindibles para no perder esta oportunidad.<\/span><\/p>\n<h2><b>\u00bfQu\u00e9 es la cuota cero para aut\u00f3nomos en Asturias?<\/b><\/h2>\n<p><span style=\"font-weight: 400;\">La cuota cero para aut\u00f3nomos en Asturias es una ayuda econ\u00f3mica promovida por el Gobierno del Principado que permite a los nuevos trabajadores por cuenta propia <\/span><b>recuperar el 100% de las <\/b><a href=\"https:\/\/www.billin.net\/blog\/cuotas-autonomos-2023-2031\/\"><b>cuotas mensuales de aut\u00f3nomos<\/b><\/a><b> a la Seguridad Social<\/b><span style=\"font-weight: 400;\"> durante sus <\/span><b>dos primeros a\u00f1os de actividad<\/b><span style=\"font-weight: 400;\">.\u00a0<\/span><\/p>\n<p><span style=\"font-weight: 400;\">Est\u00e1 dirigida a personas que se hayan dado de alta como aut\u00f3nomos y se hayan acogido previamente a la <\/span><a href=\"https:\/\/www.billin.net\/blog\/requisitos-cumplir-tarifa-plana\/\"><b>tarifa plana estatal<\/b><\/a><span style=\"font-weight: 400;\">, que fija la cuota mensual en <\/span><b>80 euros<\/b><span style=\"font-weight: 400;\">.<\/span><\/p>\n<p><span style=\"font-weight: 400;\">Esto significa que, si cumples con los requisitos y solicitas correctamente la ayuda, podr\u00e1s recibir de vuelta <\/span><b>hasta 1.920 euros<\/b><span style=\"font-weight: 400;\"> (80\u202f\u20ac\/mes \u00d7 24 meses), lo que convierte a esta medida en un importante impulso para quienes emprenden por primera vez o retoman su actividad profesional por cuenta propia.<\/span><\/p>\n<p><span style=\"font-weight: 400;\">Es relevante tener en cuenta que esta bonificaci\u00f3n <\/span><b>no se aplica autom\u00e1ticamente<\/b><span style=\"font-weight: 400;\">. <\/span><\/p>\n<p><span style=\"font-weight: 400;\">Esto significa que durante los dos a\u00f1os, pagar\u00e1s tu tarifa plana como cualquier otro aut\u00f3nomo acogido al r\u00e9gimen estatal, y posteriormente, podr\u00e1s <\/span><b>solicitar el reembolso completo de esas cuotas<\/b><span style=\"font-weight: 400;\"> ante la administraci\u00f3n asturiana.<\/span><\/p>\n<p><span style=\"font-weight: 400;\">La iniciativa est\u00e1 especialmente pensada para facilitar el inicio de la actividad econ\u00f3mica, aliviar la carga financiera inicial y fomentar el autoempleo en la regi\u00f3n.\u00a0<\/span><\/p>\n<p><span style=\"font-weight: 400;\">Adem\u00e1s, Asturias se posiciona como una de las comunidades m\u00e1s comprometidas con el emprendimiento al ofrecer una medida de este alcance y duraci\u00f3n.<\/span><\/p>\n<p><b>\u00bfQuieres saber m\u00e1s?<\/b><span style=\"font-weight: 400;\"> \u27a1\ufe0f<\/span><a href=\"https:\/\/www.billin.net\/blog\/normas-basicas-cumplir-emprendedor\/\"><span style=\"font-weight: 400;\">Normas b\u00e1sicas que debe cumplir el emprendedor<\/span><\/a><span style=\"font-weight: 400;\">.<\/span><\/p>\n<p><span style=\"font-weight: 400;\">En definitiva, la <\/span><b>cuota cero aut\u00f3nomos Asturias<\/b><span style=\"font-weight: 400;\"> convierte tus primeros 24 meses como aut\u00f3nomo en un periodo sin costes de cotizaci\u00f3n, siempre que cumplas con las condiciones y realices la solicitud en tiempo y forma. <\/span><\/p>\n<p><span style=\"font-weight: 400;\">Una oportunidad muy valiosa para comenzar tu proyecto con m\u00e1s tranquilidad econ\u00f3mica.<\/span><\/p>\n<h2><b>\u00bfQui\u00e9n puede solicitar la cuota cero de aut\u00f3nomos en Asturias?<\/b><\/h2>\n<p><span style=\"font-weight: 400;\">La cuota cero para aut\u00f3nomos en Asturias est\u00e1 dirigida a aquellas personas que hayan iniciado una actividad econ\u00f3mica por cuenta propia en el Principado de Asturias y cumplan una serie de requisitos espec\u00edficos.\u00a0<\/span><\/p>\n<p><span style=\"font-weight: 400;\">Esta ayuda tiene como objetivo principal <\/span><b>fomentar la creaci\u00f3n de empleo por cuenta propia<\/b><span style=\"font-weight: 400;\">, impulsando la incorporaci\u00f3n al trabajo aut\u00f3nomo de personas que se encuentren <\/span><b>inscritas como demandantes de empleo <\/b><span style=\"font-weight: 400;\">en el momento del alta.<\/span><\/p>\n<p><b>Concretamente, pueden solicitarla:<\/b><\/p>\n<ul>\n<li style=\"font-weight: 400;\" aria-level=\"1\"><span style=\"font-weight: 400;\">Las <\/span><b>personas trabajadoras aut\u00f3nomas<\/b><span style=\"font-weight: 400;\"> que hayan causado <\/span><b>alta en el r\u00e9gimen especial de la Seguridad Social de trabajadores por cuenta propia o aut\u00f3nomos (RETA)<\/b><span style=\"font-weight: 400;\"> o en el <\/span><b>r\u00e9gimen especial de los trabajadores del mar<\/b><span style=\"font-weight: 400;\">, siempre que desarrollen su actividad en el Principado de Asturias.<\/span><\/li>\n<li style=\"font-weight: 400;\" aria-level=\"1\"><span style=\"font-weight: 400;\">Es necesario que la alta en el r\u00e9gimen correspondiente se haya producido <\/span><b>dentro del per\u00edodo establecido en la convocatoria vigente<\/b><span style=\"font-weight: 400;\">.<\/span><\/li>\n<li style=\"font-weight: 400;\" aria-level=\"1\"><span style=\"font-weight: 400;\">Adem\u00e1s, los beneficiarios deben <\/span><b>mantener su actividad de forma ininterrumpida durante al menos 2 a\u00f1os<\/b><span style=\"font-weight: 400;\"> desde el alta inicial.<\/span><\/li>\n<li style=\"font-weight: 400;\" aria-level=\"1\"><span style=\"font-weight: 400;\">Otro requisito esencial es <\/span><b>haber estado inscrito como demandante de empleo <\/b><span style=\"font-weight: 400;\">antes del alta como aut\u00f3nomo, lo que refuerza el enfoque de esta ayuda como medida de reinserci\u00f3n laboral y fomento del autoempleo.<\/span><\/li>\n<\/ul>\n<p><span style=\"font-weight: 400;\">Esta ayuda est\u00e1 dise\u00f1ada, por tanto, para apoyar a quienes deciden emprender desde una situaci\u00f3n de desempleo y optan por iniciar un proyecto personal o profesional bajo el r\u00e9gimen de aut\u00f3nomos.\u00a0<\/span><\/p>\n<p><span style=\"font-weight: 400;\">Tambi\u00e9n es aplicable a quienes se incorporan como trabajadores por cuenta propia dentro del r\u00e9gimen del mar, en actividades como la pesca artesanal u otros oficios vinculados al litoral asturiano.<\/span><\/p>\n<p><span style=\"font-weight: 400;\">En resumen, la cuota cero de aut\u00f3nomos en Asturias no solo es una subvenci\u00f3n que devuelve las cuotas pagadas, sino que forma parte de una estrategia p\u00fablica m\u00e1s amplia orientada a <\/span><b>dinamizar el mercado laboral regional<\/b><span style=\"font-weight: 400;\">, impulsar el emprendimiento y ofrecer una v\u00eda real de salida al desempleo mediante el autoempleo formal y sostenido.<\/span><\/p>\n<p><span style=\"font-weight: 400;\">Cabe destacar que la \u00faltima convocatoria de estas ayudas se resolvi\u00f3 a mediados de diciembre de 2024, beneficiando a m\u00e1s de 1.400 personas que se dieron de alta en 2022 y 2023.<\/span><\/p>\n<h2><b>Requisitos para solicitar la cuota cero de aut\u00f3nomos en Asturias<\/b><\/h2>\n<p><span style=\"font-weight: 400;\">Para acceder a la cuota cero de aut\u00f3nomos en Asturias, es imprescindible cumplir una serie de condiciones establecidas por el Gobierno del Principado.\u00a0<\/span><\/p>\n<p><span style=\"font-weight: 400;\">Estos requisitos garantizan que la ayuda se destine a personas que realmente apuestan por el autoempleo como v\u00eda de inserci\u00f3n laboral y compromiso profesional. A continuaci\u00f3n, te detallamos los principales:<\/span><\/p>\n<h3><b>Estar dado de alta como aut\u00f3nomo en Asturias<\/b><\/h3>\n<p><span style=\"font-weight: 400;\">Debes haberte dado de <\/span><a href=\"https:\/\/www.billin.net\/blog\/darse-de-alta-como-autonomo\/\"><b>alta en el r\u00e9gimen especial de la Seguridad Social de trabajadores aut\u00f3nomos<\/b><\/a><span style=\"font-weight: 400;\"> (RETA) o en el <\/span><b>r\u00e9gimen especial del mar<\/b><span style=\"font-weight: 400;\">.<\/span><\/p>\n<p><span style=\"font-weight: 400;\">La <\/span><b>actividad debe desarrollarse en el Principado de Asturias<\/b><span style=\"font-weight: 400;\">.<\/span><\/p>\n<p><span style=\"font-weight: 400;\">El alta debe haberse producido dentro del periodo establecido en la convocatoria vigente.<\/span><\/p>\n<h3><b>Estar inscrito como demandante de empleo<\/b><\/h3>\n<p><span style=\"font-weight: 400;\">Es obligatorio <\/span><b>estar inscrito como demandante de empleo <\/b><span style=\"font-weight: 400;\">en el Servicio P\u00fablico de Empleo antes del alta como aut\u00f3nomo.<\/span><\/p>\n<p><span style=\"font-weight: 400;\">Esta condici\u00f3n busca reforzar el car\u00e1cter de la ayuda como herramienta para fomentar la empleabilidad.<\/span><\/p>\n<h3><b>Disfrutar de la tarifa plana estatal<\/b><\/h3>\n<p><span style=\"font-weight: 400;\">Debes estar acogido a la <\/span><b>tarifa plana de aut\u00f3nomos<\/b><span style=\"font-weight: 400;\"> regulada por la Seguridad Social, que implica un pago reducido de <\/span><b>80 euros mensuales<\/b><span style=\"font-weight: 400;\"> durante 24 meses.<\/span><\/p>\n<h3><b>Compromiso de actividad m\u00ednima<\/b><\/h3>\n<p><span style=\"font-weight: 400;\">Tienes que comprometerte a <\/span><b>mantener la actividad como aut\u00f3nomo durante un m\u00ednimo de 2 a\u00f1os<\/b><span style=\"font-weight: 400;\">.<\/span><\/p>\n<p><span style=\"font-weight: 400;\">En caso de baja anticipada sin causa justificada, se podr\u00eda perder el derecho al reembolso o tener que devolver la ayuda.<\/span><\/p>\n<h3><b>Estar al corriente de pagos<\/b><\/h3>\n<p><b>No debes tener deudas pendientes con:<\/b><\/p>\n<ul>\n<li style=\"font-weight: 400;\" aria-level=\"1\"><span style=\"font-weight: 400;\">La Seguridad Social.<\/span><\/li>\n<li style=\"font-weight: 400;\" aria-level=\"1\"><span style=\"font-weight: 400;\">Hacienda estatal (AEAT).<\/span><\/li>\n<li style=\"font-weight: 400;\" aria-level=\"1\"><span style=\"font-weight: 400;\">La Administraci\u00f3n del Principado de Asturias.<\/span><\/li>\n<\/ul>\n<h3><b>Presentaci\u00f3n de la solicitud en plazo<\/b><\/h3>\n<p><span style=\"font-weight: 400;\">La solicitud debe presentarse en la <\/span><b>sede electr\u00f3nica del Principado de Asturias<\/b><span style=\"font-weight: 400;\"> en el plazo que marque la convocatoria.\u00a0<\/span><\/p>\n<p><span style=\"font-weight: 400;\">Seg\u00fan se establece en la convocatoria vigente, el plazo de presentaci\u00f3n abarca<\/span><b> desde el 15 de mayo de 2025 hasta el 16 de junio de 2025<\/b><span style=\"font-weight: 400;\">. Un mes a contar desde la publicaci\u00f3n de la ayuda en el Bolet\u00edn Oficial del Principado de Asturias (BOPA).<\/span><\/p>\n<p><span style=\"font-weight: 400;\">El <\/span><b>plazo de resoluci\u00f3n de las solicitudes es m\u00e1ximo de seis meses<\/b><span style=\"font-weight: 400;\">, a contar desde la publicaci\u00f3n en el Bolet\u00edn Oficial del Principado de Asturias del extracto de la resoluci\u00f3n de la convocatoria.<\/span><\/p>\n<h2><b>\u00bfC\u00f3mo solicitar la cuota cero de aut\u00f3nomos en Asturias?<\/b><\/h2>\n<p><span style=\"font-weight: 400;\">Solicitar la cuota cero para aut\u00f3nomos en Asturias es un proceso sencillo, pero que requiere cumplir ciertos pasos y presentar la documentaci\u00f3n adecuada dentro de los plazos establecidos. <\/span><\/p>\n<p><span style=\"font-weight: 400;\">A continuaci\u00f3n, te explicamos de forma clara c\u00f3mo realizar la solicitud para que puedas beneficiarte de esta ayuda sin complicaciones.<\/span><\/p>\n<h3><b>Comprueba que cumples los requisitos<\/b><\/h3>\n<p><span style=\"font-weight: 400;\">Antes de iniciar el tr\u00e1mite, aseg\u00farate de cumplir con los requisitos establecidos por la convocatoria, como <\/span><b>estar dado de alta en el RETA o REMAR <\/b><span style=\"font-weight: 400;\">durante el periodo indicado, haber estado inscrito como demandante de empleo antes del alta y mantener la actividad durante al menos dos a\u00f1os.<\/span><\/p>\n<h3><b>Re\u00fane la documentaci\u00f3n necesaria<\/b><\/h3>\n<p><span style=\"font-weight: 400;\">Prepara toda la documentaci\u00f3n que se te solicitar\u00e1,<\/span><b> entre la que se incluye:<\/b><\/p>\n<ul>\n<li style=\"font-weight: 400;\" aria-level=\"1\"><span style=\"font-weight: 400;\">Copia del alta en el r\u00e9gimen especial de trabajadores aut\u00f3nomos (RETA) o r\u00e9gimen del mar (REMAR).<\/span><\/li>\n<li style=\"font-weight: 400;\" aria-level=\"1\"><span style=\"font-weight: 400;\">Certificado de empadronamiento en Asturias.<\/span><\/li>\n<li style=\"font-weight: 400;\" aria-level=\"1\"><span style=\"font-weight: 400;\">Justificantes de pago de las cuotas de la Seguridad Social durante los dos primeros a\u00f1os.<\/span><\/li>\n<li style=\"font-weight: 400;\" aria-level=\"1\"><span style=\"font-weight: 400;\">Informe de vida laboral actualizado.<\/span><\/li>\n<li style=\"font-weight: 400;\" aria-level=\"1\"><span style=\"font-weight: 400;\">Certificado de estar inscrito como demandante de empleo antes del alta.<\/span><\/li>\n<\/ul>\n<h3><b>Accede a la sede electr\u00f3nica del Principado de Asturias<\/b><\/h3>\n<p><span style=\"font-weight: 400;\">La solicitud se presenta exclusivamente de forma telem\u00e1tica a trav\u00e9s de la <\/span><b>sede electr\u00f3nica del Principado de Asturias<\/b><span style=\"font-weight: 400;\">. Puedes acceder directamente desde este enlace:<\/span><span style=\"font-weight: 400;\"><br \/>\n<\/span><a href=\"https:\/\/sede.asturias.es\/-\/dboid-6269000134985885907573\"><span style=\"font-weight: 400;\">sede.asturias.es<\/span><\/a><\/p>\n<h3><b>Identif\u00edcate electr\u00f3nicamente<\/b><\/h3>\n<p><span style=\"font-weight: 400;\">Para tramitar la solicitud, es imprescindible contar con un m\u00e9todo de identificaci\u00f3n digital v\u00e1lido, <\/span><b>como:<\/b><\/p>\n<ul>\n<li style=\"font-weight: 400;\" aria-level=\"1\"><span style=\"font-weight: 400;\">Certificado digital (FNMT u otro reconocido).<\/span><\/li>\n<li style=\"font-weight: 400;\" aria-level=\"1\"><span style=\"font-weight: 400;\">Sistema Cl@ve PIN o permanente.<\/span><\/li>\n<li style=\"font-weight: 400;\" aria-level=\"1\"><span style=\"font-weight: 400;\">DNI electr\u00f3nico.<\/span><\/li>\n<\/ul>\n<h3><b>Rellena el formulario de solicitud<\/b><\/h3>\n<p><span style=\"font-weight: 400;\">Una vez dentro de la plataforma, localiza el formulario espec\u00edfico para la <\/span><b>cuota cero de aut\u00f3nomos<\/b><span style=\"font-weight: 400;\"> y completa todos los campos requeridos con tus datos personales, datos de actividad y aportando la documentaci\u00f3n escaneada.<\/span><\/p>\n<p><span style=\"font-weight: 400;\">El <\/span><b>Anexo I. Cuestionario de elaboraci\u00f3n de indicadores FSE<\/b><span style=\"font-weight: 400;\"> es un documento imprescindible que debe acompa\u00f1ar a la solicitud de la ayuda. <\/span><\/p>\n<p><span style=\"font-weight: 400;\">Este formulario est\u00e1 relacionado con la <\/span><b>cofinanciaci\u00f3n europea del programa<\/b><span style=\"font-weight: 400;\">, ya que hasta un <\/span><b>60% del presupuesto de la cuota cero para aut\u00f3nomos en Asturias proviene del Fondo Social Europeo Plus (FSE+)<\/b><span style=\"font-weight: 400;\">, dentro del periodo 2021-2027.\u00a0<\/span><\/p>\n<p><span style=\"font-weight: 400;\">Puedes descargar el <\/span><a href=\"https:\/\/sede.asturias.es\/o\/sede\/serviciosytramites\/download\/15702551172252750652\"><span style=\"font-weight: 400;\">Anexo I<\/span><\/a><b> desde aqu\u00ed.<\/b><\/p>\n<p><span style=\"font-weight: 400;\">Este cuestionario permite recopilar informaci\u00f3n necesaria para que el Gobierno del Principado pueda <\/span><b>rendir cuentas ante la Uni\u00f3n Europea<\/b><span style=\"font-weight: 400;\"> sobre el impacto de estas ayudas en t\u00e9rminos de inserci\u00f3n laboral, perfiles de los beneficiarios, formaci\u00f3n, edad, situaci\u00f3n de partida, etc.<\/span><\/p>\n<p><img loading=\"lazy\" decoding=\"async\" class=\"wp-image-24747 size-full aligncenter\" src=\"https:\/\/www.billin.net\/blog\/wp-content\/uploads\/2025\/07\/Captura-de-pantalla-2025-07-18-101907.png\" alt=\"\" width=\"901\" height=\"621\" srcset=\"https:\/\/www.billin.net\/blog\/wp-content\/uploads\/2025\/07\/Captura-de-pantalla-2025-07-18-101907.png 901w, https:\/\/www.billin.net\/blog\/wp-content\/uploads\/2025\/07\/Captura-de-pantalla-2025-07-18-101907-300x207.png 300w, https:\/\/www.billin.net\/blog\/wp-content\/uploads\/2025\/07\/Captura-de-pantalla-2025-07-18-101907-768x529.png 768w\" sizes=\"(max-width: 901px) 100vw, 901px\" \/><\/p>\n<p><img loading=\"lazy\" decoding=\"async\" class=\"wp-image-24749 size-full aligncenter\" src=\"https:\/\/www.billin.net\/blog\/wp-content\/uploads\/2025\/07\/Captura-de-pantalla-2025-07-18-102251.png\" alt=\"\" width=\"955\" height=\"607\" srcset=\"https:\/\/www.billin.net\/blog\/wp-content\/uploads\/2025\/07\/Captura-de-pantalla-2025-07-18-102251.png 955w, https:\/\/www.billin.net\/blog\/wp-content\/uploads\/2025\/07\/Captura-de-pantalla-2025-07-18-102251-300x191.png 300w, https:\/\/www.billin.net\/blog\/wp-content\/uploads\/2025\/07\/Captura-de-pantalla-2025-07-18-102251-768x488.png 768w\" sizes=\"(max-width: 955px) 100vw, 955px\" \/><\/p>\n<h3><b>Presenta la solicitud en plazo<\/b><\/h3>\n<p><span style=\"font-weight: 400;\">La solicitud debe presentarse dentro del plazo indicado en la convocatoria, que finaliza, como hemos se\u00f1alado en otro apartado, el pr\u00f3ximo<\/span><b> d\u00eda 16 de junio de 2025, a las 23:59 horas. <\/b><\/p>\n<p><span style=\"font-weight: 400;\">Presentarla fuera de plazo puede suponer la p\u00e9rdida del derecho a la ayuda.<\/span><\/p>\n<h3><b>Espera la resoluci\u00f3n y el reembolso<\/b><\/h3>\n<p><span style=\"font-weight: 400;\">Una vez presentada la solicitud, la administraci\u00f3n revisar\u00e1 que cumples con todos los requisitos y comprobar\u00e1 la documentaci\u00f3n. Si todo es correcto, recibir\u00e1s la resoluci\u00f3n favorable y el reembolso de las cuotas pagadas durante los dos a\u00f1os de tarifa plana.<\/span><\/p>\n<h2><b>Consejos para una solicitud exitosa de la cuota cero de aut\u00f3nomos en Asturias<\/b><\/h2>\n<p><b>Estos son nuestros consejos para sacar el m\u00e1ximo partido de esta ayuda:<\/b><\/p>\n<ul>\n<li style=\"font-weight: 400;\" aria-level=\"1\"><span style=\"font-weight: 400;\">Verifica que todos los documentos est\u00e9n actualizados y sean legibles.<\/span><\/li>\n<li style=\"font-weight: 400;\" aria-level=\"1\"><span style=\"font-weight: 400;\">Guarda copia de toda la documentaci\u00f3n enviada y del justificante de presentaci\u00f3n.<\/span><\/li>\n<li style=\"font-weight: 400;\" aria-level=\"1\"><span style=\"font-weight: 400;\">Si tienes dudas, contacta con el servicio de atenci\u00f3n al ciudadano del Principado o busca asesoramiento especializado para evitar errores.<\/span><\/li>\n<li style=\"font-weight: 400;\" aria-level=\"1\"><span style=\"font-weight: 400;\">Mant\u00e9n tus obligaciones fiscales y contables al d\u00eda, ya que cualquier incumplimiento puede suponer la p\u00e9rdida de este beneficio.<\/span><\/li>\n<\/ul>\n<h2><b>Lleva tu negocio al d\u00eda desde el primer momento con un software de facturaci\u00f3n<\/b><\/h2>\n<p><span style=\"font-weight: 400;\">Si est\u00e1s a punto de comenzar tu actividad como aut\u00f3nomo en Asturias y optar a la cuota cero, debes tener tus cuentas bien organizadas desde el primer minuto.\u00a0<\/span><\/p>\n<p><span style=\"font-weight: 400;\">Para eso, nada mejor que apoyarte en un <\/span><b>software de facturaci\u00f3n online<\/b><span style=\"font-weight: 400;\"> que te facilite el d\u00eda a d\u00eda sin complicaciones.<\/span><\/p>\n<p><b>Con una herramienta como <\/b><a href=\"https:\/\/www.billin.net\/\"><b>Billin<\/b><\/a><b> podr\u00e1s:<\/b><\/p>\n<ul>\n<li style=\"font-weight: 400;\" aria-level=\"1\"><span style=\"font-weight: 400;\">Emitir <\/span><b>facturas profesionales<\/b><span style=\"font-weight: 400;\">, con tu logo y todos los datos legales.<\/span><\/li>\n<li style=\"font-weight: 400;\" aria-level=\"1\"><span style=\"font-weight: 400;\">Registrar tus <\/span><b>ingresos y gastos<\/b><span style=\"font-weight: 400;\"> para saber siempre en qu\u00e9 punto est\u00e1 tu negocio.<\/span><\/li>\n<li style=\"font-weight: 400;\" aria-level=\"1\"><span style=\"font-weight: 400;\">Tener todos tus <\/span><b>clientes, presupuestos y documentos<\/b><span style=\"font-weight: 400;\"> organizados en un solo lugar.<\/span><\/li>\n<li style=\"font-weight: 400;\" aria-level=\"1\"><span style=\"font-weight: 400;\">Acceder a tu facturaci\u00f3n desde cualquier dispositivo, est\u00e9s donde est\u00e9s.<\/span>&nbsp;<\/li>\n<\/ul>\n<p><span style=\"font-weight: 400;\">Tanto si est\u00e1s empezando como si ya llevas un tiempo, contar con un sistema as\u00ed te ahorra tiempo, errores y papeleo. Y lo mejor: te permite <\/span><b>cumplir con Hacienda sin agobios<\/b><span style=\"font-weight: 400;\">.<\/span><\/p>\n<h3><b>\u00bfQuieres emprender con seguridad?<\/b><\/h3>\n<p><span style=\"font-weight: 400;\">Si vas a darte de alta como aut\u00f3nomo en Asturias y solicitar la <\/span><b>cuota cero<\/b><span style=\"font-weight: 400;\">, en <\/span><a href=\"https:\/\/www.billin.net\/precios\/\"><b>Billin<\/b><\/a><span style=\"font-weight: 400;\"> te ayudamos desde el primer paso. Centraliza tu actividad, automatiza tareas y toma el control de tu facturaci\u00f3n desde el primer d\u00eda.<\/span><\/p>\n<p><a href=\"https:\/\/www.billin.net\/signup-mkt-app-nueva\/\"><b>Reg\u00edstrate gratis en TeamSystem Facturas Billin<\/b><\/a><span style=\"font-weight: 400;\"> y empieza tu aventura como aut\u00f3nomo en Asturias con la tranquilidad de tener todo bajo control.<\/span><\/p>\n","protected":false},"excerpt":{"rendered":"<p>Si est\u00e1s pensando en darte de alta como trabajador por cuenta propia en Asturias o lo has hecho recientemente, est\u00e1s de enhorabuena.\u00a0 La cuota cero de aut\u00f3nomos en Asturias es una de las medidas m\u00e1s atractivas para nuevos emprendedores en la regi\u00f3n, ya que permite comenzar la actividad profesional sin pagar la cuota mensual a [&hellip;]<\/p>\n","protected":false},"author":20,"featured_media":24750,"comment_status":"open","ping_status":"open","sticky":false,"template":"","format":"standard","meta":{"_acf_changed":false,"_et_pb_use_builder":"","_et_pb_old_content":"","_et_gb_content_width":"","om_disable_all_campaigns":false,"inline_featured_image":false,"footnotes":""},"categories":[1015],"tags":[],"class_list":{"0":"post-24746","1":"post","2":"type-post","3":"status-publish","4":"format-standard","5":"has-post-thumbnail","7":"category-facturacion"},"acf":{"selector_de_usuario":"","fecha_de_revision":null},"yoast_head":"<!-- This site is optimized with the Yoast SEO plugin v27.1 - https:\/\/yoast.com\/product\/yoast-seo-wordpress\/ -->\n<title>\u25b7 C\u00f3mo solicitar la cuota cero de aut\u00f3nomos en Asturias<\/title>\n<meta name=\"description\" content=\"\u00bfY si emprender en Asturias fuera m\u00e1s f\u00e1cil de lo que imaginas? \u27a1\ufe0f Aprovecha la cuota cero para aut\u00f3nomos y da tus primeros pasos sin pagar cuotas.\" \/>\n<meta name=\"robots\" content=\"index, follow, max-snippet:-1, max-image-preview:large, max-video-preview:-1\" \/>\n<link rel=\"canonical\" href=\"https:\/\/www.billin.net\/blog\/como-solicitar-cuota-cero-autonomos-asturias\/\" \/>\n<meta property=\"og:locale\" content=\"es_ES\" \/>\n<meta property=\"og:type\" content=\"article\" \/>\n<meta property=\"og:title\" content=\"\u25b7 C\u00f3mo solicitar la cuota cero de aut\u00f3nomos en Asturias\" \/>\n<meta property=\"og:description\" content=\"\u00bfY si emprender en Asturias fuera m\u00e1s f\u00e1cil de lo que imaginas? \u27a1\ufe0f Aprovecha la cuota cero para aut\u00f3nomos y da tus primeros pasos sin pagar cuotas.\" \/>\n<meta property=\"og:url\" content=\"https:\/\/www.billin.net\/blog\/como-solicitar-cuota-cero-autonomos-asturias\/\" \/>\n<meta property=\"og:site_name\" content=\"Blog de TeamSystem Facturas Billin\" \/>\n<meta property=\"article:publisher\" content=\"https:\/\/www.facebook.com\/EsBillin\" \/>\n<meta property=\"article:published_time\" content=\"2025-07-18T08:32:26+00:00\" \/>\n<meta property=\"article:modified_time\" content=\"2025-09-25T18:25:34+00:00\" \/>\n<meta property=\"og:image\" content=\"https:\/\/www.billin.net\/blog\/wp-content\/uploads\/2025\/07\/solicitar-cuota-cero-Asturias.jpg\" \/>\n\t<meta property=\"og:image:width\" content=\"2000\" \/>\n\t<meta property=\"og:image:height\" content=\"1334\" \/>\n\t<meta property=\"og:image:type\" content=\"image\/jpeg\" \/>\n<meta name=\"author\" content=\"Marcos De La Cueva - CEO TeamSystem Facturas Billin\" \/>\n<meta name=\"twitter:card\" content=\"summary_large_image\" \/>\n<meta name=\"twitter:creator\" content=\"@Billin_ES\" \/>\n<meta name=\"twitter:site\" content=\"@Billin_ES\" \/>\n<meta name=\"twitter:label1\" content=\"Escrito por\" \/>\n\t<meta name=\"twitter:data1\" content=\"Marcos De La Cueva - CEO TeamSystem Facturas Billin\" \/>\n\t<meta name=\"twitter:label2\" content=\"Tiempo de lectura\" \/>\n\t<meta name=\"twitter:data2\" content=\"10 minutos\" \/>\n<script type=\"application\/ld+json\" class=\"yoast-schema-graph\">{\"@context\":\"https:\/\/schema.org\",\"@graph\":[{\"@type\":\"Article\",\"@id\":\"https:\/\/www.billin.net\/blog\/como-solicitar-cuota-cero-autonomos-asturias\/#article\",\"isPartOf\":{\"@id\":\"https:\/\/www.billin.net\/blog\/como-solicitar-cuota-cero-autonomos-asturias\/\"},\"author\":{\"name\":\"Marcos De La Cueva - CEO TeamSystem Facturas Billin\",\"@id\":\"https:\/\/www.billin.net\/blog\/#\/schema\/person\/d0339ee6e869234614541b1e80a793e7\"},\"headline\":\"\u00bfC\u00f3mo solicitar la cuota cero de aut\u00f3nomos en Asturias?\",\"datePublished\":\"2025-07-18T08:32:26+00:00\",\"dateModified\":\"2025-09-25T18:25:34+00:00\",\"mainEntityOfPage\":{\"@id\":\"https:\/\/www.billin.net\/blog\/como-solicitar-cuota-cero-autonomos-asturias\/\"},\"wordCount\":2022,\"commentCount\":0,\"publisher\":{\"@id\":\"https:\/\/www.billin.net\/blog\/#organization\"},\"image\":{\"@id\":\"https:\/\/www.billin.net\/blog\/como-solicitar-cuota-cero-autonomos-asturias\/#primaryimage\"},\"thumbnailUrl\":\"https:\/\/www.billin.net\/blog\/wp-content\/uploads\/2025\/07\/solicitar-cuota-cero-Asturias.jpg\",\"articleSection\":[\"Facturaci\u00f3n\"],\"inLanguage\":\"es\",\"potentialAction\":[{\"@type\":\"CommentAction\",\"name\":\"Comment\",\"target\":[\"https:\/\/www.billin.net\/blog\/como-solicitar-cuota-cero-autonomos-asturias\/#respond\"]}]},{\"@type\":\"WebPage\",\"@id\":\"https:\/\/www.billin.net\/blog\/como-solicitar-cuota-cero-autonomos-asturias\/\",\"url\":\"https:\/\/www.billin.net\/blog\/como-solicitar-cuota-cero-autonomos-asturias\/\",\"name\":\"\u25b7 C\u00f3mo solicitar la cuota cero de aut\u00f3nomos en Asturias\",\"isPartOf\":{\"@id\":\"https:\/\/www.billin.net\/blog\/#website\"},\"primaryImageOfPage\":{\"@id\":\"https:\/\/www.billin.net\/blog\/como-solicitar-cuota-cero-autonomos-asturias\/#primaryimage\"},\"image\":{\"@id\":\"https:\/\/www.billin.net\/blog\/como-solicitar-cuota-cero-autonomos-asturias\/#primaryimage\"},\"thumbnailUrl\":\"https:\/\/www.billin.net\/blog\/wp-content\/uploads\/2025\/07\/solicitar-cuota-cero-Asturias.jpg\",\"datePublished\":\"2025-07-18T08:32:26+00:00\",\"dateModified\":\"2025-09-25T18:25:34+00:00\",\"description\":\"\u00bfY si emprender en Asturias fuera m\u00e1s f\u00e1cil de lo que imaginas? \u27a1\ufe0f Aprovecha la cuota cero para aut\u00f3nomos y da tus primeros pasos sin pagar cuotas.\",\"breadcrumb\":{\"@id\":\"https:\/\/www.billin.net\/blog\/como-solicitar-cuota-cero-autonomos-asturias\/#breadcrumb\"},\"inLanguage\":\"es\",\"potentialAction\":[{\"@type\":\"ReadAction\",\"target\":[\"https:\/\/www.billin.net\/blog\/como-solicitar-cuota-cero-autonomos-asturias\/\"]}]},{\"@type\":\"ImageObject\",\"inLanguage\":\"es\",\"@id\":\"https:\/\/www.billin.net\/blog\/como-solicitar-cuota-cero-autonomos-asturias\/#primaryimage\",\"url\":\"https:\/\/www.billin.net\/blog\/wp-content\/uploads\/2025\/07\/solicitar-cuota-cero-Asturias.jpg\",\"contentUrl\":\"https:\/\/www.billin.net\/blog\/wp-content\/uploads\/2025\/07\/solicitar-cuota-cero-Asturias.jpg\",\"width\":2000,\"height\":1334},{\"@type\":\"BreadcrumbList\",\"@id\":\"https:\/\/www.billin.net\/blog\/como-solicitar-cuota-cero-autonomos-asturias\/#breadcrumb\",\"itemListElement\":[{\"@type\":\"ListItem\",\"position\":1,\"name\":\"Blog\",\"item\":\"https:\/\/www.billin.net\/blog\/\"},{\"@type\":\"ListItem\",\"position\":2,\"name\":\"Facturaci\u00f3n\",\"item\":\"https:\/\/www.billin.net\/blog\/facturacion\/\"},{\"@type\":\"ListItem\",\"position\":3,\"name\":\"\u00bfC\u00f3mo solicitar la cuota cero de aut\u00f3nomos en Asturias?\"}]},{\"@type\":\"WebSite\",\"@id\":\"https:\/\/www.billin.net\/blog\/#website\",\"url\":\"https:\/\/www.billin.net\/blog\/\",\"name\":\"Blog de Billin\",\"description\":\"Mantente informado con el blog de TeamSystem Facturas Billin:  facturaci\u00f3n, legislaci\u00f3n, contabilidad, management y toda la informaci\u00f3n \u00fatil para pymes y aut\u00f3nomos.\",\"publisher\":{\"@id\":\"https:\/\/www.billin.net\/blog\/#organization\"},\"potentialAction\":[{\"@type\":\"SearchAction\",\"target\":{\"@type\":\"EntryPoint\",\"urlTemplate\":\"https:\/\/www.billin.net\/blog\/?s={search_term_string}\"},\"query-input\":{\"@type\":\"PropertyValueSpecification\",\"valueRequired\":true,\"valueName\":\"search_term_string\"}}],\"inLanguage\":\"es\"},{\"@type\":\"Organization\",\"@id\":\"https:\/\/www.billin.net\/blog\/#organization\",\"name\":\"Billin\",\"alternateName\":\"Blog de Billin\",\"url\":\"https:\/\/www.billin.net\/blog\/\",\"logo\":{\"@type\":\"ImageObject\",\"inLanguage\":\"es\",\"@id\":\"https:\/\/www.billin.net\/blog\/#\/schema\/logo\/image\/\",\"url\":\"https:\/\/www.billin.net\/blog\/wp-content\/uploads\/2019\/06\/logotipo-billin-blog-1.png\",\"contentUrl\":\"https:\/\/www.billin.net\/blog\/wp-content\/uploads\/2019\/06\/logotipo-billin-blog-1.png\",\"width\":126,\"height\":50,\"caption\":\"Billin\"},\"image\":{\"@id\":\"https:\/\/www.billin.net\/blog\/#\/schema\/logo\/image\/\"},\"sameAs\":[\"https:\/\/www.facebook.com\/EsBillin\",\"https:\/\/x.com\/Billin_ES\",\"https:\/\/www.instagram.com\/billin_es\/\",\"https:\/\/www.linkedin.com\/company\/billin-spain\",\"https:\/\/www.youtube.com\/c\/BillinEsintercambiodefacturas\/\"],\"legalName\":\"MY EXPENSES SL\",\"contactPoint\":{\"@type\":\"ContactPoint\",\"telephone\":\"+34918318883\",\"contactType\":\"customer service\",\"email\":\"info@billin.eu\",\"availableLanguage\":\"es\"},\"foundingDate\":\"2015\",\"numberOfEmployees\":{\"@type\":\"QuantitativeValue\",\"minValue\":10,\"maxValue\":50},\"parentOrganization\":{\"@type\":\"Organization\",\"name\":\"TeamSystem\",\"url\":\"https:\/\/www.teamsystem.com\/\"},\"description\":\"Billin es el programa de facturaci\u00f3n online de TeamSystem para aut\u00f3nomos y pymes en Espa\u00f1a. Permite crear facturas, controlar gastos y cumplir con Verifactu.\",\"address\":{\"@type\":\"PostalAddress\",\"streetAddress\":\"Calle Arturo Soria, 336\",\"addressLocality\":\"Madrid\",\"addressRegion\":\"Madrid\",\"postalCode\":\"28033\",\"addressCountry\":\"ES\"}},{\"@type\":\"Person\",\"@id\":\"https:\/\/www.billin.net\/blog\/#\/schema\/person\/d0339ee6e869234614541b1e80a793e7\",\"name\":\"Marcos De La Cueva - CEO TeamSystem Facturas Billin\",\"image\":{\"@type\":\"ImageObject\",\"inLanguage\":\"es\",\"@id\":\"https:\/\/www.billin.net\/blog\/#\/schema\/person\/image\/\",\"url\":\"https:\/\/www.billin.net\/blog\/wp-content\/uploads\/2023\/10\/marcos-color-150x150.png\",\"contentUrl\":\"https:\/\/www.billin.net\/blog\/wp-content\/uploads\/2023\/10\/marcos-color-150x150.png\",\"caption\":\"Marcos De La Cueva - CEO TeamSystem Facturas Billin\"},\"description\":\"Licenciado en ADE por la Universidad Aut\u00f3noma de Madrid, Marcos De la Cueva es CEO y cofundador de TeamSystem Facturas Billin, un programa online que lleva m\u00e1s de 9 a\u00f1os ayudando a aut\u00f3nomos, peque\u00f1os negocios y gestor\u00edas a digitalizar sus presupuestos, facturas, tickets y gastos. \u00a0 Sobre Marcos De La Cueva \u00a0 Apasionado por el mundo empresarial y la tecnolog\u00eda, curs\u00f3 su M\u00e1ster de Finanzas en la Universidad Pontificia de Comillas y estuvo en el Programa de Cooperaci\u00f3n Educativa de la Universidad Aut\u00f3noma de Madrid. \u00a0 Marcos siempre ha tenido su objetivo claro: ayudar a la creaci\u00f3n de negocios financieramente sostenibles a trav\u00e9s de una herramienta de facturaci\u00f3n que les permita ahorrar tiempo y tener la contabilidad bajo control. \u00a0 Marcos De La Cueva en los medios \u2014 Noticia sobre Kit Digital y Ley Antifraude (VeriFactu) en El Economista. \u2014 Noticia sobre Kit Digital y factura electr\u00f3nica obligatoria en Diario Jur\u00eddico. \u2014 Noticia sobre el a\u00f1o de transici\u00f3n para la factura electr\u00f3nica en Muy Pymes. \u2014 Entrevista sobre factura electr\u00f3nica obligatoria en Canal Sur. \u2014 Noticia sobre el informe factura electr\u00f3nica de TeamSystem en Channel Partner. \u2014 Charla sobre productividad y Ley Crea y Crece en El Economista. \u2014 Charla sobre factura electr\u00f3nica obligatoria en Muy Pymes. \u2014 Charla sobre digitalizaci\u00f3n aut\u00f3nomos y productividad en esdiario. \u2014 Charla sobre productividad y factura electr\u00f3nica en La Raz\u00f3n. \u2014 Charla sobre factura electr\u00f3nica obligatoria en Aut\u00f3nomos y Emprendedores. \u2014 Entrevista sobre Ley Antifraude y Ley Crea y Crece en Expansi\u00f3n. \u2014 Entrevista sobre Ley Antifraude y Ley Crea y Crece en La Raz\u00f3n. \u2014 Entrevista sobre factura electr\u00f3nica obligatoria en El Economista. \u2014 Comunicado Billin y TeamSystem en Business Insider. \u2014 Entrevista en Econom\u00eda Digital. \u2014 Entrevista en Ideas para tu empresa de Vodafone. \u2014 Entrevista en M\u00e1sQradio. \u2014 Entrevista en Armas para emprender de El M\u00e9todo Gallardo. \u2014 Entrevista en KFund. \u2014 Entrevista en AXA Seguros Espa\u00f1a. \u2014 Entrevista en GestionaRadio. \u00a0 Marcos De La Cueva en eventos \u00a0 \u2014 Participaci\u00f3n como ponente en Accountex Espa\u00f1a 2023. \u00a0 Tem\u00e1ticas de especializaci\u00f3n \u00a0 negocios | startups | contabilidad| fiscalidad | empresas| asesor\u00edas| autonomos | emprendedores | peque\u00f1os negocios | econom\u00eda | ADE | pymes | desarrollo de negocio\u00a0\",\"sameAs\":[\"https:\/\/www.billin.net\/\",\"https:\/\/www.linkedin.com\/in\/marcos-de-la-cueva-19750ba3\/\"],\"url\":\"https:\/\/www.billin.net\/blog\/author\/marcosdelacueva\/\",\"jobTitle\":\"CEO y cofundador de TS Facturas Billin\"}]}<\/script>\n<!-- \/ Yoast SEO plugin. -->","yoast_head_json":{"title":"\u25b7 C\u00f3mo solicitar la cuota cero de aut\u00f3nomos en Asturias","description":"\u00bfY si emprender en Asturias fuera m\u00e1s f\u00e1cil de lo que imaginas? \u27a1\ufe0f Aprovecha la cuota cero para aut\u00f3nomos y da tus primeros pasos sin pagar cuotas.","robots":{"index":"index","follow":"follow","max-snippet":"max-snippet:-1","max-image-preview":"max-image-preview:large","max-video-preview":"max-video-preview:-1"},"canonical":"https:\/\/www.billin.net\/blog\/como-solicitar-cuota-cero-autonomos-asturias\/","og_locale":"es_ES","og_type":"article","og_title":"\u25b7 C\u00f3mo solicitar la cuota cero de aut\u00f3nomos en Asturias","og_description":"\u00bfY si emprender en Asturias fuera m\u00e1s f\u00e1cil de lo que imaginas? \u27a1\ufe0f Aprovecha la cuota cero para aut\u00f3nomos y da tus primeros pasos sin pagar cuotas.","og_url":"https:\/\/www.billin.net\/blog\/como-solicitar-cuota-cero-autonomos-asturias\/","og_site_name":"Blog de TeamSystem Facturas Billin","article_publisher":"https:\/\/www.facebook.com\/EsBillin","article_published_time":"2025-07-18T08:32:26+00:00","article_modified_time":"2025-09-25T18:25:34+00:00","og_image":[{"width":2000,"height":1334,"url":"https:\/\/www.billin.net\/blog\/wp-content\/uploads\/2025\/07\/solicitar-cuota-cero-Asturias.jpg","type":"image\/jpeg"}],"author":"Marcos De La Cueva - CEO TeamSystem Facturas Billin","twitter_card":"summary_large_image","twitter_creator":"@Billin_ES","twitter_site":"@Billin_ES","twitter_misc":{"Escrito por":"Marcos De La Cueva - CEO TeamSystem Facturas Billin","Tiempo de lectura":"10 minutos"},"schema":{"@context":"https:\/\/schema.org","@graph":[{"@type":"Article","@id":"https:\/\/www.billin.net\/blog\/como-solicitar-cuota-cero-autonomos-asturias\/#article","isPartOf":{"@id":"https:\/\/www.billin.net\/blog\/como-solicitar-cuota-cero-autonomos-asturias\/"},"author":{"name":"Marcos De La Cueva - CEO TeamSystem Facturas Billin","@id":"https:\/\/www.billin.net\/blog\/#\/schema\/person\/d0339ee6e869234614541b1e80a793e7"},"headline":"\u00bfC\u00f3mo solicitar la cuota cero de aut\u00f3nomos en Asturias?","datePublished":"2025-07-18T08:32:26+00:00","dateModified":"2025-09-25T18:25:34+00:00","mainEntityOfPage":{"@id":"https:\/\/www.billin.net\/blog\/como-solicitar-cuota-cero-autonomos-asturias\/"},"wordCount":2022,"commentCount":0,"publisher":{"@id":"https:\/\/www.billin.net\/blog\/#organization"},"image":{"@id":"https:\/\/www.billin.net\/blog\/como-solicitar-cuota-cero-autonomos-asturias\/#primaryimage"},"thumbnailUrl":"https:\/\/www.billin.net\/blog\/wp-content\/uploads\/2025\/07\/solicitar-cuota-cero-Asturias.jpg","articleSection":["Facturaci\u00f3n"],"inLanguage":"es","potentialAction":[{"@type":"CommentAction","name":"Comment","target":["https:\/\/www.billin.net\/blog\/como-solicitar-cuota-cero-autonomos-asturias\/#respond"]}]},{"@type":"WebPage","@id":"https:\/\/www.billin.net\/blog\/como-solicitar-cuota-cero-autonomos-asturias\/","url":"https:\/\/www.billin.net\/blog\/como-solicitar-cuota-cero-autonomos-asturias\/","name":"\u25b7 C\u00f3mo solicitar la cuota cero de aut\u00f3nomos en Asturias","isPartOf":{"@id":"https:\/\/www.billin.net\/blog\/#website"},"primaryImageOfPage":{"@id":"https:\/\/www.billin.net\/blog\/como-solicitar-cuota-cero-autonomos-asturias\/#primaryimage"},"image":{"@id":"https:\/\/www.billin.net\/blog\/como-solicitar-cuota-cero-autonomos-asturias\/#primaryimage"},"thumbnailUrl":"https:\/\/www.billin.net\/blog\/wp-content\/uploads\/2025\/07\/solicitar-cuota-cero-Asturias.jpg","datePublished":"2025-07-18T08:32:26+00:00","dateModified":"2025-09-25T18:25:34+00:00","description":"\u00bfY si emprender en Asturias fuera m\u00e1s f\u00e1cil de lo que imaginas? \u27a1\ufe0f Aprovecha la cuota cero para aut\u00f3nomos y da tus primeros pasos sin pagar cuotas.","breadcrumb":{"@id":"https:\/\/www.billin.net\/blog\/como-solicitar-cuota-cero-autonomos-asturias\/#breadcrumb"},"inLanguage":"es","potentialAction":[{"@type":"ReadAction","target":["https:\/\/www.billin.net\/blog\/como-solicitar-cuota-cero-autonomos-asturias\/"]}]},{"@type":"ImageObject","inLanguage":"es","@id":"https:\/\/www.billin.net\/blog\/como-solicitar-cuota-cero-autonomos-asturias\/#primaryimage","url":"https:\/\/www.billin.net\/blog\/wp-content\/uploads\/2025\/07\/solicitar-cuota-cero-Asturias.jpg","contentUrl":"https:\/\/www.billin.net\/blog\/wp-content\/uploads\/2025\/07\/solicitar-cuota-cero-Asturias.jpg","width":2000,"height":1334},{"@type":"BreadcrumbList","@id":"https:\/\/www.billin.net\/blog\/como-solicitar-cuota-cero-autonomos-asturias\/#breadcrumb","itemListElement":[{"@type":"ListItem","position":1,"name":"Blog","item":"https:\/\/www.billin.net\/blog\/"},{"@type":"ListItem","position":2,"name":"Facturaci\u00f3n","item":"https:\/\/www.billin.net\/blog\/facturacion\/"},{"@type":"ListItem","position":3,"name":"\u00bfC\u00f3mo solicitar la cuota cero de aut\u00f3nomos en Asturias?"}]},{"@type":"WebSite","@id":"https:\/\/www.billin.net\/blog\/#website","url":"https:\/\/www.billin.net\/blog\/","name":"Blog de Billin","description":"Mantente informado con el blog de TeamSystem Facturas Billin:  facturaci\u00f3n, legislaci\u00f3n, contabilidad, management y toda la informaci\u00f3n \u00fatil para pymes y aut\u00f3nomos.","publisher":{"@id":"https:\/\/www.billin.net\/blog\/#organization"},"potentialAction":[{"@type":"SearchAction","target":{"@type":"EntryPoint","urlTemplate":"https:\/\/www.billin.net\/blog\/?s={search_term_string}"},"query-input":{"@type":"PropertyValueSpecification","valueRequired":true,"valueName":"search_term_string"}}],"inLanguage":"es"},{"@type":"Organization","@id":"https:\/\/www.billin.net\/blog\/#organization","name":"Billin","alternateName":"Blog de Billin","url":"https:\/\/www.billin.net\/blog\/","logo":{"@type":"ImageObject","inLanguage":"es","@id":"https:\/\/www.billin.net\/blog\/#\/schema\/logo\/image\/","url":"https:\/\/www.billin.net\/blog\/wp-content\/uploads\/2019\/06\/logotipo-billin-blog-1.png","contentUrl":"https:\/\/www.billin.net\/blog\/wp-content\/uploads\/2019\/06\/logotipo-billin-blog-1.png","width":126,"height":50,"caption":"Billin"},"image":{"@id":"https:\/\/www.billin.net\/blog\/#\/schema\/logo\/image\/"},"sameAs":["https:\/\/www.facebook.com\/EsBillin","https:\/\/x.com\/Billin_ES","https:\/\/www.instagram.com\/billin_es\/","https:\/\/www.linkedin.com\/company\/billin-spain","https:\/\/www.youtube.com\/c\/BillinEsintercambiodefacturas\/"],"legalName":"MY EXPENSES SL","contactPoint":{"@type":"ContactPoint","telephone":"+34918318883","contactType":"customer service","email":"info@billin.eu","availableLanguage":"es"},"foundingDate":"2015","numberOfEmployees":{"@type":"QuantitativeValue","minValue":10,"maxValue":50},"parentOrganization":{"@type":"Organization","name":"TeamSystem","url":"https:\/\/www.teamsystem.com\/"},"description":"Billin es el programa de facturaci\u00f3n online de TeamSystem para aut\u00f3nomos y pymes en Espa\u00f1a. Permite crear facturas, controlar gastos y cumplir con Verifactu.","address":{"@type":"PostalAddress","streetAddress":"Calle Arturo Soria, 336","addressLocality":"Madrid","addressRegion":"Madrid","postalCode":"28033","addressCountry":"ES"}},{"@type":"Person","@id":"https:\/\/www.billin.net\/blog\/#\/schema\/person\/d0339ee6e869234614541b1e80a793e7","name":"Marcos De La Cueva - CEO TeamSystem Facturas Billin","image":{"@type":"ImageObject","inLanguage":"es","@id":"https:\/\/www.billin.net\/blog\/#\/schema\/person\/image\/","url":"https:\/\/www.billin.net\/blog\/wp-content\/uploads\/2023\/10\/marcos-color-150x150.png","contentUrl":"https:\/\/www.billin.net\/blog\/wp-content\/uploads\/2023\/10\/marcos-color-150x150.png","caption":"Marcos De La Cueva - CEO TeamSystem Facturas Billin"},"description":"Licenciado en ADE por la Universidad Aut\u00f3noma de Madrid, Marcos De la Cueva es CEO y cofundador de TeamSystem Facturas Billin, un programa online que lleva m\u00e1s de 9 a\u00f1os ayudando a aut\u00f3nomos, peque\u00f1os negocios y gestor\u00edas a digitalizar sus presupuestos, facturas, tickets y gastos. \u00a0 Sobre Marcos De La Cueva \u00a0 Apasionado por el mundo empresarial y la tecnolog\u00eda, curs\u00f3 su M\u00e1ster de Finanzas en la Universidad Pontificia de Comillas y estuvo en el Programa de Cooperaci\u00f3n Educativa de la Universidad Aut\u00f3noma de Madrid. \u00a0 Marcos siempre ha tenido su objetivo claro: ayudar a la creaci\u00f3n de negocios financieramente sostenibles a trav\u00e9s de una herramienta de facturaci\u00f3n que les permita ahorrar tiempo y tener la contabilidad bajo control. \u00a0 Marcos De La Cueva en los medios \u2014 Noticia sobre Kit Digital y Ley Antifraude (VeriFactu) en El Economista. \u2014 Noticia sobre Kit Digital y factura electr\u00f3nica obligatoria en Diario Jur\u00eddico. \u2014 Noticia sobre el a\u00f1o de transici\u00f3n para la factura electr\u00f3nica en Muy Pymes. \u2014 Entrevista sobre factura electr\u00f3nica obligatoria en Canal Sur. \u2014 Noticia sobre el informe factura electr\u00f3nica de TeamSystem en Channel Partner. \u2014 Charla sobre productividad y Ley Crea y Crece en El Economista. \u2014 Charla sobre factura electr\u00f3nica obligatoria en Muy Pymes. \u2014 Charla sobre digitalizaci\u00f3n aut\u00f3nomos y productividad en esdiario. \u2014 Charla sobre productividad y factura electr\u00f3nica en La Raz\u00f3n. \u2014 Charla sobre factura electr\u00f3nica obligatoria en Aut\u00f3nomos y Emprendedores. \u2014 Entrevista sobre Ley Antifraude y Ley Crea y Crece en Expansi\u00f3n. \u2014 Entrevista sobre Ley Antifraude y Ley Crea y Crece en La Raz\u00f3n. \u2014 Entrevista sobre factura electr\u00f3nica obligatoria en El Economista. \u2014 Comunicado Billin y TeamSystem en Business Insider. \u2014 Entrevista en Econom\u00eda Digital. \u2014 Entrevista en Ideas para tu empresa de Vodafone. \u2014 Entrevista en M\u00e1sQradio. \u2014 Entrevista en Armas para emprender de El M\u00e9todo Gallardo. \u2014 Entrevista en KFund. \u2014 Entrevista en AXA Seguros Espa\u00f1a. \u2014 Entrevista en GestionaRadio. \u00a0 Marcos De La Cueva en eventos \u00a0 \u2014 Participaci\u00f3n como ponente en Accountex Espa\u00f1a 2023. \u00a0 Tem\u00e1ticas de especializaci\u00f3n \u00a0 negocios | startups | contabilidad| fiscalidad | empresas| asesor\u00edas| autonomos | emprendedores | peque\u00f1os negocios | econom\u00eda | ADE | pymes | desarrollo de negocio\u00a0","sameAs":["https:\/\/www.billin.net\/","https:\/\/www.linkedin.com\/in\/marcos-de-la-cueva-19750ba3\/"],"url":"https:\/\/www.billin.net\/blog\/author\/marcosdelacueva\/","jobTitle":"CEO y cofundador de TS Facturas Billin"}]}},"_links":{"self":[{"href":"https:\/\/www.billin.net\/blog\/wp-json\/wp\/v2\/posts\/24746","targetHints":{"allow":["GET"]}}],"collection":[{"href":"https:\/\/www.billin.net\/blog\/wp-json\/wp\/v2\/posts"}],"about":[{"href":"https:\/\/www.billin.net\/blog\/wp-json\/wp\/v2\/types\/post"}],"author":[{"embeddable":true,"href":"https:\/\/www.billin.net\/blog\/wp-json\/wp\/v2\/users\/20"}],"replies":[{"embeddable":true,"href":"https:\/\/www.billin.net\/blog\/wp-json\/wp\/v2\/comments?post=24746"}],"version-history":[{"count":7,"href":"https:\/\/www.billin.net\/blog\/wp-json\/wp\/v2\/posts\/24746\/revisions"}],"predecessor-version":[{"id":26547,"href":"https:\/\/www.billin.net\/blog\/wp-json\/wp\/v2\/posts\/24746\/revisions\/26547"}],"wp:featuredmedia":[{"embeddable":true,"href":"https:\/\/www.billin.net\/blog\/wp-json\/wp\/v2\/media\/24750"}],"wp:attachment":[{"href":"https:\/\/www.billin.net\/blog\/wp-json\/wp\/v2\/media?parent=24746"}],"wp:term":[{"taxonomy":"category","embeddable":true,"href":"https:\/\/www.billin.net\/blog\/wp-json\/wp\/v2\/categories?post=24746"},{"taxonomy":"post_tag","embeddable":true,"href":"https:\/\/www.billin.net\/blog\/wp-json\/wp\/v2\/tags?post=24746"}],"curies":[{"name":"wp","href":"https:\/\/api.w.org\/{rel}","templated":true}]}}