{"id":24237,"date":"2025-02-19T19:05:44","date_gmt":"2025-02-19T17:05:44","guid":{"rendered":"https:\/\/www.billin.net\/blog\/?p=24237"},"modified":"2025-09-25T20:26:30","modified_gmt":"2025-09-25T18:26:30","slug":"que-es-redeme-y-como-me-afecta-como-autonomo","status":"publish","type":"post","link":"https:\/\/www.billin.net\/blog\/que-es-redeme-y-como-me-afecta-como-autonomo\/","title":{"rendered":"\u00bfQu\u00e9 es Redeme y c\u00f3mo me afecta como aut\u00f3nomo?"},"content":{"rendered":"<p><span style=\"font-weight: 400;\">La devoluci\u00f3n del IVA es un momento clave para cualquier aut\u00f3nomo, ya que supone la recuperaci\u00f3n de un dinero previamente invertido. Sin embargo, no todos los aut\u00f3nomos tienen que esperar hasta final de a\u00f1o para recibir estas devoluciones.\u00a0<\/span><\/p>\n<p><span style=\"font-weight: 400;\">Existe un r\u00e9gimen especial llamado <\/span><b>REDEME (R\u00e9gimen de Devoluci\u00f3n Mensual del IVA)<\/b><span style=\"font-weight: 400;\"> que permite a las empresas y profesionales recibir la devoluci\u00f3n del IVA mensualmente.<\/span><\/p>\n<p><span style=\"font-weight: 400;\">Este r\u00e9gimen es <\/span><b>voluntario <\/b><span style=\"font-weight: 400;\">y puede ser una excelente opci\u00f3n para mejorar la tesorer\u00eda y reducir la carga financiera de los aut\u00f3nomos y las empresas.\u00a0<\/span><\/p>\n<p><span style=\"font-weight: 400;\">Pero, <\/span><b>\u00bfqu\u00e9 requisitos tiene Redeme? \u00bfEs adecuado para todos?\u00a0<\/b><\/p>\n<p><span style=\"font-weight: 400;\">En este art\u00edculo te explicamos todo lo que necesitas saber sobre el <\/span><b>Redeme y c\u00f3mo te afecta como aut\u00f3nomo<\/b><span style=\"font-weight: 400;\">.<\/span><\/p>\n<h2><b>\u00bfQu\u00e9 es Redeme?<\/b><\/h2>\n<p><span style=\"font-weight: 400;\">El <\/span><b>REDEME (R\u00e9gimen de Devoluci\u00f3n Mensual del IVA)<\/b><span style=\"font-weight: 400;\"> es un <\/span><b>sistema voluntario<\/b><span style=\"font-weight: 400;\"> implementado por la Agencia Tributaria que permite a aut\u00f3nomos y empresas solicitar la devoluci\u00f3n del IVA cada mes en lugar de hacerlo anualmente.<\/span><\/p>\n<p><span style=\"font-weight: 400;\">Para entender su importancia, primero hay que tener en cuenta el proceso habitual de declaraci\u00f3n del IVA. Como norma general, los aut\u00f3nomos presentan el <\/span><a href=\"https:\/\/www.billin.net\/blog\/como-rellenar-modelo-303\/\"><b>modelo 303<\/b><span style=\"font-weight: 400;\"> de IVA<\/span><\/a><span style=\"font-weight: 400;\"> cada trimestre, donde declaran la <\/span><b>diferencia entre el<\/b><a href=\"https:\/\/www.billin.net\/blog\/iva-repercutido\/\"><b> IVA repercutido<\/b><\/a><span style=\"font-weight: 400;\"> (el que cobran a sus clientes) y <\/span><b>el IVA soportado<\/b><span style=\"font-weight: 400;\"> (el que pagan en sus gastos deducibles).\u00a0<\/span><\/p>\n<p><b>Te podr\u00eda interesar<\/b> <span style=\"font-weight: 400;\">\u27a1\ufe0f <\/span><a href=\"https:\/\/www.billin.net\/blog\/iva-soportado\/\"><span style=\"font-weight: 400;\">Qu\u00e9 es el IVA soportado\u00a0<\/span><\/a><\/p>\n<p><span style=\"font-weight: 400;\">Si el resultado es positivo, se paga la diferencia; si es negativo, el exceso de IVA deducible se puede compensar en las siguientes declaraciones o solicitar su devoluci\u00f3n, pero solo al final del a\u00f1o.<\/span><\/p>\n<p><span style=\"font-weight: 400;\">Con el <\/span><b>Redeme<\/b><span style=\"font-weight: 400;\">, en cambio, los aut\u00f3nomos pueden <\/span><b>recuperar el saldo a su favor de manera mensual<\/b><span style=\"font-weight: 400;\">. Esto permite mejorar el flujo de caja y proporcionar mayor liquidez para hacer presupuestos e inversiones.\u00a0<\/span><\/p>\n<p><span style=\"font-weight: 400;\">Para ello, es necesario <\/span><b>cumplir ciertos requisitos<\/b><span style=\"font-weight: 400;\"> y llevar un control fiscal m\u00e1s estricto, pero puede ser una opci\u00f3n interesante para aquellos con altos vol\u00famenes de IVA soportado.<\/span><\/p>\n<h2><b>\u00bfC\u00f3mo funciona la devoluci\u00f3n mensual del IVA Redeme?<\/b><\/h2>\n<p><span style=\"font-weight: 400;\">Cuando un aut\u00f3nomo o empresa se adscribe al Redeme del IVA, el proceso de declaraci\u00f3n y devoluci\u00f3n del IVA cambia significativamente. <\/span><b>En lugar de presentar el modelo 303 de manera trimestral, debe hacerlo mensualmente<\/b><span style=\"font-weight: 400;\">.\u00a0<\/span><\/p>\n<p><span style=\"font-weight: 400;\">Esto permite que, si el IVA soportado en gastos es mayor que el IVA repercutido en ingresos, se pueda <\/span><b>solicitar la devoluci\u00f3n de manera inmediata<\/b><span style=\"font-weight: 400;\">, sin esperar al cierre del ejercicio fiscal.<\/span><\/p>\n<p><span style=\"font-weight: 400;\">Eso s\u00ed, aunque el sistema<\/span><b> permite la devoluci\u00f3n mensual del IVA<\/b><span style=\"font-weight: 400;\">, en la pr\u00e1ctica la Agencia Tributaria suele tardar entre dos y tres meses en procesar y abonar la cantidad correspondiente.\u00a0<\/span><\/p>\n<p><span style=\"font-weight: 400;\">Aun as\u00ed, este r\u00e9gimen puede representar una ventaja considerable para aquellos aut\u00f3nomos o empresas que manejan altos vol\u00famenes de gastos con IVA deducible, ya que mejora el flujo de caja.<\/span><\/p>\n<p><span style=\"font-weight: 400;\">Sin embargo, antes de decidirte a inscribirte en el <\/span><b>Redeme<\/b><span style=\"font-weight: 400;\">, es importante analizar si realmente te conviene.\u00a0<\/span><\/p>\n<p><span style=\"font-weight: 400;\">Ahora que ya sabes qu\u00e9 es el Redeme del IVA, en los siguientes apartados,<\/span><b> vamos a explicar en detalle los requisitos que debes cumplir para poder inscribirte, as\u00ed como los beneficios y desventajas<\/b><span style=\"font-weight: 400;\"> de este r\u00e9gimen especial.<\/span><\/p>\n<h2><b>Requisitos para inscribirte en Redeme<\/b><\/h2>\n<p><b>Para acceder a la devoluci\u00f3n mensual del IVA ser\u00e1 imprescindible:<\/b><\/p>\n<ul>\n<li style=\"font-weight: 400;\" aria-level=\"1\"><b>Inscripci\u00f3n<\/b><span style=\"font-weight: 400;\"> en el Registro de devoluci\u00f3n mensual (Redeme)<\/span><\/li>\n<li style=\"font-weight: 400;\" aria-level=\"1\"><b>Presentaci\u00f3n telem\u00e1tica<\/b><span style=\"font-weight: 400;\"> de las autoliquidaciones mensuales del IVA (modelo 303).<\/span><\/li>\n<li style=\"font-weight: 400;\" aria-level=\"1\"><span style=\"font-weight: 400;\">Obligaci\u00f3n de llevar sus Libros registro del IVA a trav\u00e9s de la Sede electr\u00f3nica de la AEAT (<\/span><a href=\"https:\/\/www.billin.net\/blog\/sii-aeat\/\"><b>SII<\/b><\/a><span style=\"font-weight: 400;\">)<\/span><\/li>\n<\/ul>\n<p><span style=\"font-weight: 400;\">Los<\/span><b> requisitos b\u00e1sicos para solicitar la inscripci\u00f3n<\/b><span style=\"font-weight: 400;\"> en el registro de devoluci\u00f3n mensual (Redeme)<\/span><b> son los siguientes:<\/b><\/p>\n<ul>\n<li style=\"font-weight: 400;\" aria-level=\"1\"><b>Solicitar la inscripci\u00f3n en el registro en plazo<\/b><span style=\"font-weight: 400;\">, mediante la presentaci\u00f3n de la declaraci\u00f3n censal, obligatoriamente por <\/span><b>v\u00eda telem\u00e1tica<\/b><span style=\"font-weight: 400;\"> (casilla 129 del modelo 036, casilla 12 del modelo 039 para grupos de entidades).<\/span><\/li>\n<li style=\"font-weight: 400;\" aria-level=\"1\"><span style=\"font-weight: 400;\">Estar <\/span><b>al corriente<\/b><span style=\"font-weight: 400;\"> de las obligaciones tributarias.<\/span><\/li>\n<li style=\"font-weight: 400;\" aria-level=\"1\"><b>No realizar actividades en el r\u00e9gimen simplificado<\/b><span style=\"font-weight: 400;\">. Es decir, solo aplica a aut\u00f3nomos que tributen en estimaci\u00f3n objetiva o m\u00f3dulos.<\/span><\/li>\n<li style=\"font-weight: 400;\" aria-level=\"1\"><b>No encontrarse en alguno de los supuestos <\/b><span style=\"font-weight: 400;\">que podr\u00edan dar lugar a la<\/span><b> baja cautelar <\/b><span style=\"font-weight: 400;\">en el registro de devoluci\u00f3n mensual o a la revocaci\u00f3n del n\u00famero de identificaci\u00f3n fiscal.<\/span><\/li>\n<li style=\"font-weight: 400;\" aria-level=\"1\"><b>No haber sido excluido del Registro en los 3 a\u00f1os previos <\/b><span style=\"font-weight: 400;\">al de presentaci\u00f3n de solicitud de alta.<\/span><\/li>\n<\/ul>\n<h2><b>Plazos para solicitar la inscripci\u00f3n en el registro y efectos de la inscripci\u00f3n<\/b><\/h2>\n<p><span style=\"font-weight: 400;\">Las solicitudes de inscripci\u00f3n en el registro se presentar\u00e1n en el <\/span><b>mes de noviembre del a\u00f1o anterior a aquel en que deban surtir efectos<\/b><span style=\"font-weight: 400;\">.<\/span><\/p>\n<p><span style=\"font-weight: 400;\">Se podr\u00e1 igualmente solicitar durante el plazo de presentaci\u00f3n de las declaraciones peri\u00f3dicas <\/span><b>(del 1 al 20 de abril, julio u octubre y del 1 al 30 de enero).\u00a0<\/b><\/p>\n<p><span style=\"font-weight: 400;\">En este caso, la inscripci\u00f3n en el registro surtir\u00e1 efectos desde el d\u00eda siguiente a aquel en el que finalice el per\u00edodo de liquidaci\u00f3n de dichas declaraciones.<\/span><\/p>\n<p><span style=\"font-weight: 400;\">Se podr\u00e1 entender <\/span><b>desestimada la solicitud de inscripci\u00f3n<\/b><span style=\"font-weight: 400;\"> en el registro si transcurridos<\/span><b> tres meses<\/b><span style=\"font-weight: 400;\"> desde su presentaci\u00f3n <\/span><b>no ha recibido notificaci\u00f3n expresa<\/b><span style=\"font-weight: 400;\"> de la resoluci\u00f3n del expediente.<\/span><\/p>\n<h2><b>C\u00f3mo solicitar el alta en Redeme<\/b><\/h2>\n<p><span style=\"font-weight: 400;\">Estos son los pasos que debes seguir para solicitar el alta en el sistema Redeme<\/span><\/p>\n<p><span style=\"font-weight: 400;\">Para gestionar tu alta en Redeme, debes rellenar el <\/span><a href=\"https:\/\/www.billin.net\/blog\/capitulo-guia-solicitud-nif-modelo-036\/\"><b>modelo 036<\/b><\/a><b> de alta en el censo de empresarios, profesionales y retenedores<\/b><span style=\"font-weight: 400;\">.\u00a0<\/span><\/p>\n<p><span style=\"font-weight: 400;\">\u00bfC\u00f3mo se accede a este formulario? Pues a trav\u00e9s de la <\/span><a href=\"https:\/\/sede.agenciatributaria.gob.es\/\"><span style=\"font-weight: 400;\">sede electr\u00f3nica de la Agencia Tributaria<\/span><\/a><span style=\"font-weight: 400;\"> y haciendo clic en <\/span><i><span style=\"font-weight: 400;\">Todas las gestiones.\u00a0<\/span><\/i><\/p>\n<p><b>Te lo mostramos paso a paso:<\/b><\/p>\n<p><img loading=\"lazy\" decoding=\"async\" class=\"wp-image-24238 aligncenter\" src=\"https:\/\/www.billin.net\/blog\/wp-content\/uploads\/2025\/02\/Captura-de-pantalla-2025-02-19-175837.png\" alt=\"\" width=\"822\" height=\"417\" srcset=\"https:\/\/www.billin.net\/blog\/wp-content\/uploads\/2025\/02\/Captura-de-pantalla-2025-02-19-175837.png 790w, https:\/\/www.billin.net\/blog\/wp-content\/uploads\/2025\/02\/Captura-de-pantalla-2025-02-19-175837-300x152.png 300w, https:\/\/www.billin.net\/blog\/wp-content\/uploads\/2025\/02\/Captura-de-pantalla-2025-02-19-175837-768x390.png 768w\" sizes=\"(max-width: 822px) 100vw, 822px\" \/><\/p>\n<p>&nbsp;<\/p>\n<p><span style=\"font-weight: 400;\">A continuaci\u00f3n, debes hacer clic en el apartado <\/span><i><span style=\"font-weight: 400;\">Censos, NIF y domicilio fiscal.<\/span><\/i><\/p>\n<p><img loading=\"lazy\" decoding=\"async\" class=\"wp-image-24239 aligncenter\" src=\"https:\/\/www.billin.net\/blog\/wp-content\/uploads\/2025\/02\/Captura-de-pantalla-2025-02-19-175939.png\" alt=\"\" width=\"797\" height=\"410\" srcset=\"https:\/\/www.billin.net\/blog\/wp-content\/uploads\/2025\/02\/Captura-de-pantalla-2025-02-19-175939.png 783w, https:\/\/www.billin.net\/blog\/wp-content\/uploads\/2025\/02\/Captura-de-pantalla-2025-02-19-175939-300x154.png 300w, https:\/\/www.billin.net\/blog\/wp-content\/uploads\/2025\/02\/Captura-de-pantalla-2025-02-19-175939-768x395.png 768w\" sizes=\"(max-width: 797px) 100vw, 797px\" \/><\/p>\n<p><span style=\"font-weight: 400;\">Seguidamente, en la siguiente pantalla, tienes que elegir y hacer clic en la opci\u00f3n <\/span><i><span style=\"font-weight: 400;\">Modelo 036. Censo de empresarios, profesionales y retenedores &#8211; Declaraci\u00f3n censal de alta, modificaci\u00f3n y baja.<\/span><\/i><\/p>\n<p><img loading=\"lazy\" decoding=\"async\" class=\"wp-image-24240 size-full aligncenter\" src=\"https:\/\/www.billin.net\/blog\/wp-content\/uploads\/2025\/02\/Captura-de-pantalla-2025-02-19-180048.png\" alt=\"\" width=\"937\" height=\"458\" srcset=\"https:\/\/www.billin.net\/blog\/wp-content\/uploads\/2025\/02\/Captura-de-pantalla-2025-02-19-180048.png 937w, https:\/\/www.billin.net\/blog\/wp-content\/uploads\/2025\/02\/Captura-de-pantalla-2025-02-19-180048-300x147.png 300w, https:\/\/www.billin.net\/blog\/wp-content\/uploads\/2025\/02\/Captura-de-pantalla-2025-02-19-180048-768x375.png 768w\" sizes=\"(max-width: 937px) 100vw, 937px\" \/><\/p>\n<p>&nbsp;<\/p>\n<p><span style=\"font-weight: 400;\">A continuaci\u00f3n, haz clic en la opci\u00f3n <\/span><i><span style=\"font-weight: 400;\">Modelo 036. Cumplimentaci\u00f3n y presentaci\u00f3n telem\u00e1tica.<\/span><\/i><\/p>\n<p><span style=\"font-weight: 400;\">Debes identificarte con un <\/span><a href=\"https:\/\/www.billin.net\/blog\/para-que-sirve-certificado-digital\/\"><span style=\"font-weight: 400;\">certificado electr\u00f3nico<\/span><\/a><span style=\"font-weight: 400;\"> o la <\/span><a href=\"https:\/\/www.billin.net\/blog\/clave-pin-permanente\/\"><span style=\"font-weight: 400;\">Cl@ve Pin<\/span><\/a><span style=\"font-weight: 400;\">. Ya en el formulario, marca la <\/span><i><span style=\"font-weight: 400;\">casilla 129 de Solicitud de inscripci\u00f3n\/baja en el registro de devoluci\u00f3n mensual<\/span><\/i><span style=\"font-weight: 400;\"> (p\u00e1gina 5).<\/span><\/p>\n<p>&nbsp;<\/p>\n<p><img loading=\"lazy\" decoding=\"async\" class=\"wp-image-24241 size-full aligncenter\" src=\"https:\/\/www.billin.net\/blog\/wp-content\/uploads\/2025\/02\/Captura-de-pantalla-2025-02-19-180300.png\" alt=\"\" width=\"666\" height=\"452\" srcset=\"https:\/\/www.billin.net\/blog\/wp-content\/uploads\/2025\/02\/Captura-de-pantalla-2025-02-19-180300.png 666w, https:\/\/www.billin.net\/blog\/wp-content\/uploads\/2025\/02\/Captura-de-pantalla-2025-02-19-180300-300x204.png 300w\" sizes=\"(max-width: 666px) 100vw, 666px\" \/><\/p>\n<h2><b>Permanencia en el registro (REDEME), baja y exclusi\u00f3n<\/b><\/h2>\n<h3><b>Permanencia<\/b><\/h3>\n<p><span style=\"font-weight: 400;\">Una vez inscrito en el sistema Redeme del IVA, estar\u00e1s obligado a permanecer en \u00e9l al menos <\/span><b>durante el a\u00f1o para el que se solicit\u00f3 la inscripci\u00f3n.<\/b><\/p>\n<p><span style=\"font-weight: 400;\">Si has solicitado la inscripci\u00f3n durante el plazo de presentaci\u00f3n de las declaraciones-liquidaciones peri\u00f3dicas, al menos durante el a\u00f1o en el que solicitas la inscripci\u00f3n y el inmediato siguiente.<\/span><\/p>\n<h3><b>Baja<\/b><\/h3>\n<p><span style=\"font-weight: 400;\">Las solicitudes de baja voluntaria en el registro se presentar\u00e1n <\/span><b>en el mes de noviembre del a\u00f1o anterior a aqu\u00e9l en que deban surtir efectos<\/b><span style=\"font-weight: 400;\">.<\/span><\/p>\n<p><span style=\"font-weight: 400;\">No podr\u00e1 volver a solicitarse la inscripci\u00f3n en el registro en el mismo a\u00f1o natural para el que el sujeto pasivo hubiera solicitado la baja del mismo.<\/span><\/p>\n<h3><b>Exclusi\u00f3n<\/b><\/h3>\n<p><span style=\"font-weight: 400;\">El incumplimiento de alguno de los requisitos exigidos para solicitar la inclusi\u00f3n en el registro de devoluci\u00f3n mensual, o la constataci\u00f3n de la inexactitud o falsedad de la informaci\u00f3n censal facilitada a la Administraci\u00f3n tributaria, ser\u00e1 causa suficiente para la denegaci\u00f3n de la inscripci\u00f3n en el registro o, en caso de los ya inscritos, para la exclusi\u00f3n por la Administraci\u00f3n tributaria de dicho registro.<\/span><\/p>\n<p><span style=\"font-weight: 400;\">La exclusi\u00f3n del registro surtir\u00e1 efectos desde el primer d\u00eda del per\u00edodo de liquidaci\u00f3n en el que se haya notificado el respectivo acuerdo.<\/span><\/p>\n<p><span style=\"font-weight: 400;\">La exclusi\u00f3n del registro determinar\u00e1 la <\/span><b>inadmisi\u00f3n de la solicitud de inscripci\u00f3n durante los tres a\u00f1os siguientes<\/b><span style=\"font-weight: 400;\"> a la fecha de notificaci\u00f3n de la resoluci\u00f3n que acuerde la misma.<\/span><\/p>\n<h2><b>Obligaciones fiscales tras el alta en REDEME<\/b><\/h2>\n<p><span style=\"font-weight: 400;\">Una vez inscritos, los aut\u00f3nomos deben cumplir con una serie de obligaciones fiscales espec\u00edficas. Algunas ya han sido mencionadas, pero es importante recordarlas:<\/span><\/p>\n<ul>\n<li style=\"font-weight: 400;\" aria-level=\"1\"><b>Presentaci\u00f3n mensual del modelo 303:<\/b><span style=\"font-weight: 400;\"> a diferencia del r\u00e9gimen general, donde la declaraci\u00f3n del IVA se realiza cada tres meses, en el <\/span><b>REDEME<\/b><span style=\"font-weight: 400;\"> es obligatorio presentar el modelo 303 de forma mensual a trav\u00e9s de la sede electr\u00f3nica de la Agencia Tributaria.<\/span><\/li>\n<li style=\"font-weight: 400;\" aria-level=\"1\"><b>Registro de ingresos y gastos a trav\u00e9s del SII:<\/b><span style=\"font-weight: 400;\"> los aut\u00f3nomos inscritos en <\/span><b>REDEME<\/b><span style=\"font-weight: 400;\"> deben utilizar el <\/span><b>Suministro Inmediato de Informaci\u00f3n (SII)<\/b><span style=\"font-weight: 400;\"> para registrar sus facturas de ingresos y gastos.\u00a0<\/span><\/li>\n<\/ul>\n<p><span style=\"font-weight: 400;\">Este sistema implica enviar la informaci\u00f3n de las facturas emitidas y recibidas en un plazo m\u00e1ximo de 4 d\u00edas h\u00e1biles desde su emisi\u00f3n o recepci\u00f3n.<\/span><\/p>\n<ul>\n<li style=\"font-weight: 400;\" aria-level=\"1\"><b>Permanencia m\u00ednima de un a\u00f1o:<\/b><span style=\"font-weight: 400;\"> Una vez que un aut\u00f3nomo se da de alta en el <\/span><b>REDEME<\/b><span style=\"font-weight: 400;\">, debe permanecer en el r\u00e9gimen al menos un a\u00f1o. Adem\u00e1s, si la inscripci\u00f3n se realiza durante un per\u00edodo en el que se aplicaba el IVA trimestral, deber\u00e1 mantenerse en el r\u00e9gimen durante el resto del a\u00f1o en curso y el siguiente completo.<\/span><\/li>\n<\/ul>\n<p><span style=\"font-weight: 400;\">Cumplir con estas obligaciones es fundamental para evitar sanciones y problemas con la Agencia Tributaria.\u00a0<\/span><\/p>\n<p><span style=\"font-weight: 400;\">Por ello, es muy recomendable contar con <\/span><a href=\"https:\/\/www.billin.net\/\"><span style=\"font-weight: 400;\">herramientas digitales<\/span><\/a><span style=\"font-weight: 400;\"> para gestionar correctamente la facturaci\u00f3n y, consiguientemente, las obligaciones del sistema <\/span><b>REDEME<\/b><span style=\"font-weight: 400;\"> y sus requerimientos administrativos.<\/span><\/p>\n<h2><b>Ventajas y desventajas de REDEME<\/b><\/h2>\n<p><span style=\"font-weight: 400;\">Darse de alta en el <\/span><b>REDEME<\/b><span style=\"font-weight: 400;\"> puede parecer atractivo por la posibilidad de recuperar el IVA mensualmente, pero tambi\u00e9n<\/span><b> implica una serie de exigencias fiscales<\/b><span style=\"font-weight: 400;\">. Por eso, es importante <\/span><b>evaluar <\/b><span style=\"font-weight: 400;\">si realmente es beneficioso para cada caso en particular.<\/span><\/p>\n<h3><b>Cu\u00e1ndo te beneficia el REDEME en el IVA<\/b><\/h3>\n<p><span style=\"font-weight: 400;\">El <\/span><b>REDEME<\/b> <b>puede ser una buena opci\u00f3n si:<\/b><\/p>\n<ul>\n<li style=\"font-weight: 400;\" aria-level=\"1\"><span style=\"font-weight: 400;\">En tu primer a\u00f1o como aut\u00f3nomo realizas<\/span><b> inversiones importantes<\/b><span style=\"font-weight: 400;\">, como la compra de maquinaria, equipos tecnol\u00f3gicos o material especializado.<\/span><\/li>\n<li style=\"font-weight: 400;\" aria-level=\"1\"><span style=\"font-weight: 400;\">Te dedicas a la exportaci\u00f3n o realizas <\/span><b>ventas intracomunitarias <\/b><span style=\"font-weight: 400;\">dentro de la Uni\u00f3n Europea y<\/span><b> realizas compras frecuentes con IVA<\/b><span style=\"font-weight: 400;\"> en Espa\u00f1a.<\/span><\/li>\n<li style=\"font-weight: 400;\" aria-level=\"1\"><span style=\"font-weight: 400;\">Ofreces <\/span><b>productos o servicios con un IVA reducido o superreducido<\/b><span style=\"font-weight: 400;\"> (10 % o 4 %), lo que puede hacer que el IVA de tus compras supere al de tus ventas.<\/span><\/li>\n<\/ul>\n<p><span style=\"font-weight: 400;\">En estos casos, el <\/span><b>REDEME<\/b><span style=\"font-weight: 400;\"> te permitir\u00e1 recuperar el saldo a tu favor cada mes, mejorando tu liquidez y ayudando a financiar la actividad de tu negocio.<\/span><\/p>\n<h3><b>Cu\u00e1ndo no te beneficia inscribirte en el REDEME\u00a0<\/b><\/h3>\n<p><span style=\"font-weight: 400;\">\u00a0La inscripci\u00f3n en el <\/span><b>REDEME<\/b> <b>no te conviene<\/b><span style=\"font-weight: 400;\"> en los siguientes caso:<\/span><\/p>\n<ul>\n<li style=\"font-weight: 400;\" aria-level=\"1\"><span style=\"font-weight: 400;\">Cuando el<\/span><b> IVA que cobras a tus clientes es mayor<\/b><span style=\"font-weight: 400;\"> que el que pagas en gastos.<\/span><\/li>\n<li style=\"font-weight: 400;\" aria-level=\"1\"><span style=\"font-weight: 400;\">Tienes<\/span><b> pocas facturas<\/b><span style=\"font-weight: 400;\"> o un volumen reducido de compras y ventas.<\/span><\/li>\n<\/ul>\n<p><span style=\"font-weight: 400;\">En estos casos, las obligaciones que conlleva este r\u00e9gimen pueden resultar m\u00e1s un inconveniente que un beneficio, <\/span><b>ya que:<\/b><\/p>\n<ul>\n<li style=\"font-weight: 400;\" aria-level=\"1\"><span style=\"font-weight: 400;\">El<\/span><b> SII <\/b><span style=\"font-weight: 400;\">requiere registrar electr\u00f3nicamente todas las facturas en un plazo m\u00e1ximo de 4 d\u00edas h\u00e1biles desde su emisi\u00f3n o recepci\u00f3n.<\/span><\/li>\n<li style=\"font-weight: 400;\" aria-level=\"1\"><b>El modelo 303 debe presentarse mensualmente<\/b><span style=\"font-weight: 400;\">, lo que implica mayor carga administrativa y posibles problemas de liquidez, puesto que debes adelantar el IVA incluso si a\u00fan no has cobrado las facturas.<\/span><\/li>\n<\/ul>\n<h2><b>Conclusi\u00f3n<\/b><\/h2>\n<p><span style=\"font-weight: 400;\">El <\/span><b>REDEME<\/b><span style=\"font-weight: 400;\"> puede ser una opci\u00f3n interesante para aut\u00f3nomos que buscan mejorar su liquidez y recuperar el IVA de forma mensual. Sin embargo, tambi\u00e9n conlleva una serie de exigencias administrativas y fiscales que pueden resultar abrumadoras si no se cuenta con una buena organizaci\u00f3n.<\/span><\/p>\n<p><span style=\"font-weight: 400;\">En este sentido, <\/span><a href=\"https:\/\/www.billin.net\/\"><b>digitalizar la facturaci\u00f3n<\/b><\/a> <span style=\"font-weight: 400;\">y automatizar la gesti\u00f3n del IVA se convierte en una estrategia clave para reducir la carga administrativa y evitar errores en las declaraciones.\u00a0<\/span><\/p>\n<p><span style=\"font-weight: 400;\">La facturaci\u00f3n electr\u00f3nica no solo te permite agilizar los procesos contables, sino que tambi\u00e9n facilita el cumplimiento de las obligaciones fiscales, especialmente para quienes est\u00e1n inscritos en el <\/span><b>Suministro Inmediato de Informaci\u00f3n (SII)<\/b><span style=\"font-weight: 400;\">.<\/span><\/p>\n<p><span style=\"font-weight: 400;\">Si eres aut\u00f3nomo y necesitas una soluci\u00f3n que te ayude a gestionar tu facturaci\u00f3n de manera eficiente, <\/span><b>TeamSystem Facturas Billin<\/b><span style=\"font-weight: 400;\"> es la herramienta perfecta para ti.\u00a0<\/span><\/p>\n<p><span style=\"font-weight: 400;\">Con TeamSystem Facturas Billin, puedes <\/span><b>automatizar la emisi\u00f3n y recepci\u00f3n de facturas, mantener un control preciso de tu IVA y asegurarte de cumplir con la normativa fiscal sin esfuerzo<\/b><span style=\"font-weight: 400;\">.<\/span><\/p>\n<p><span style=\"font-weight: 400;\">\u2705 <\/span><b>Optimiza tu facturaci\u00f3n y simplifica tu contabilidad con TeamSystem Facturas Billin.\u00a0 <\/b><a href=\"https:\/\/www.billin.net\/signup-mkt-app-nueva\/\"><b>\u00a1Prueba TeamSystem Facturas Billin gratis hoy mismo!<\/b><\/a><\/p>\n","protected":false},"excerpt":{"rendered":"<p>La devoluci\u00f3n del IVA es un momento clave para cualquier aut\u00f3nomo, ya que supone la recuperaci\u00f3n de un dinero previamente invertido. Sin embargo, no todos los aut\u00f3nomos tienen que esperar hasta final de a\u00f1o para recibir estas devoluciones.\u00a0 Existe un r\u00e9gimen especial llamado REDEME (R\u00e9gimen de Devoluci\u00f3n Mensual del IVA) que permite a las empresas [&hellip;]<\/p>\n","protected":false},"author":20,"featured_media":24242,"comment_status":"open","ping_status":"open","sticky":false,"template":"","format":"standard","meta":{"_acf_changed":false,"_et_pb_use_builder":"","_et_pb_old_content":"","_et_gb_content_width":"","om_disable_all_campaigns":false,"inline_featured_image":false,"footnotes":""},"categories":[1015],"tags":[],"class_list":{"0":"post-24237","1":"post","2":"type-post","3":"status-publish","4":"format-standard","5":"has-post-thumbnail","7":"category-facturacion"},"acf":{"selector_de_usuario":"","fecha_de_revision":null},"yoast_head":"<!-- This site is optimized with the Yoast SEO plugin v27.1 - https:\/\/yoast.com\/product\/yoast-seo-wordpress\/ -->\n<title>\u25b7 REDEME: Qu\u00e9 es y c\u00f3mo afecta a los aut\u00f3nomos en el IVA<\/title>\n<meta name=\"description\" content=\"Descubre qu\u00e9 es el REDEME, c\u00f3mo funciona y c\u00f3mo puede beneficiar a los aut\u00f3nomos \u27a1\ufe0fTe explicamos los requisitos, plazos y obligaciones fiscales.\" \/>\n<meta name=\"robots\" content=\"index, follow, max-snippet:-1, max-image-preview:large, max-video-preview:-1\" \/>\n<link rel=\"canonical\" href=\"https:\/\/www.billin.net\/blog\/que-es-redeme-y-como-me-afecta-como-autonomo\/\" \/>\n<meta property=\"og:locale\" content=\"es_ES\" \/>\n<meta property=\"og:type\" content=\"article\" \/>\n<meta property=\"og:title\" content=\"\u25b7 REDEME: Qu\u00e9 es y c\u00f3mo afecta a los aut\u00f3nomos en el IVA\" \/>\n<meta property=\"og:description\" content=\"Descubre qu\u00e9 es el REDEME, c\u00f3mo funciona y c\u00f3mo puede beneficiar a los aut\u00f3nomos \u27a1\ufe0fTe explicamos los requisitos, plazos y obligaciones fiscales.\" \/>\n<meta property=\"og:url\" content=\"https:\/\/www.billin.net\/blog\/que-es-redeme-y-como-me-afecta-como-autonomo\/\" \/>\n<meta property=\"og:site_name\" content=\"Blog de TeamSystem Facturas Billin\" \/>\n<meta property=\"article:publisher\" content=\"https:\/\/www.facebook.com\/EsBillin\" \/>\n<meta property=\"article:published_time\" content=\"2025-02-19T17:05:44+00:00\" \/>\n<meta property=\"article:modified_time\" content=\"2025-09-25T18:26:30+00:00\" \/>\n<meta property=\"og:image\" content=\"https:\/\/www.billin.net\/blog\/wp-content\/uploads\/2025\/02\/que-es-redeme.jpg\" \/>\n\t<meta property=\"og:image:width\" content=\"2000\" \/>\n\t<meta property=\"og:image:height\" content=\"1333\" \/>\n\t<meta property=\"og:image:type\" content=\"image\/jpeg\" \/>\n<meta name=\"author\" content=\"Marcos De La Cueva - CEO TeamSystem Facturas Billin\" \/>\n<meta name=\"twitter:card\" content=\"summary_large_image\" \/>\n<meta name=\"twitter:creator\" content=\"@Billin_ES\" \/>\n<meta name=\"twitter:site\" content=\"@Billin_ES\" \/>\n<meta name=\"twitter:label1\" content=\"Escrito por\" \/>\n\t<meta name=\"twitter:data1\" content=\"Marcos De La Cueva - CEO TeamSystem Facturas Billin\" \/>\n\t<meta name=\"twitter:label2\" content=\"Tiempo de lectura\" \/>\n\t<meta name=\"twitter:data2\" content=\"10 minutos\" \/>\n<script type=\"application\/ld+json\" class=\"yoast-schema-graph\">{\"@context\":\"https:\/\/schema.org\",\"@graph\":[{\"@type\":\"Article\",\"@id\":\"https:\/\/www.billin.net\/blog\/que-es-redeme-y-como-me-afecta-como-autonomo\/#article\",\"isPartOf\":{\"@id\":\"https:\/\/www.billin.net\/blog\/que-es-redeme-y-como-me-afecta-como-autonomo\/\"},\"author\":{\"name\":\"Marcos De La Cueva - CEO TeamSystem Facturas Billin\",\"@id\":\"https:\/\/www.billin.net\/blog\/#\/schema\/person\/d0339ee6e869234614541b1e80a793e7\"},\"headline\":\"\u00bfQu\u00e9 es Redeme y c\u00f3mo me afecta como aut\u00f3nomo?\",\"datePublished\":\"2025-02-19T17:05:44+00:00\",\"dateModified\":\"2025-09-25T18:26:30+00:00\",\"mainEntityOfPage\":{\"@id\":\"https:\/\/www.billin.net\/blog\/que-es-redeme-y-como-me-afecta-como-autonomo\/\"},\"wordCount\":2062,\"commentCount\":0,\"publisher\":{\"@id\":\"https:\/\/www.billin.net\/blog\/#organization\"},\"image\":{\"@id\":\"https:\/\/www.billin.net\/blog\/que-es-redeme-y-como-me-afecta-como-autonomo\/#primaryimage\"},\"thumbnailUrl\":\"https:\/\/www.billin.net\/blog\/wp-content\/uploads\/2025\/02\/que-es-redeme.jpg\",\"articleSection\":[\"Facturaci\u00f3n\"],\"inLanguage\":\"es\",\"potentialAction\":[{\"@type\":\"CommentAction\",\"name\":\"Comment\",\"target\":[\"https:\/\/www.billin.net\/blog\/que-es-redeme-y-como-me-afecta-como-autonomo\/#respond\"]}]},{\"@type\":\"WebPage\",\"@id\":\"https:\/\/www.billin.net\/blog\/que-es-redeme-y-como-me-afecta-como-autonomo\/\",\"url\":\"https:\/\/www.billin.net\/blog\/que-es-redeme-y-como-me-afecta-como-autonomo\/\",\"name\":\"\u25b7 REDEME: Qu\u00e9 es y c\u00f3mo afecta a los aut\u00f3nomos en el IVA\",\"isPartOf\":{\"@id\":\"https:\/\/www.billin.net\/blog\/#website\"},\"primaryImageOfPage\":{\"@id\":\"https:\/\/www.billin.net\/blog\/que-es-redeme-y-como-me-afecta-como-autonomo\/#primaryimage\"},\"image\":{\"@id\":\"https:\/\/www.billin.net\/blog\/que-es-redeme-y-como-me-afecta-como-autonomo\/#primaryimage\"},\"thumbnailUrl\":\"https:\/\/www.billin.net\/blog\/wp-content\/uploads\/2025\/02\/que-es-redeme.jpg\",\"datePublished\":\"2025-02-19T17:05:44+00:00\",\"dateModified\":\"2025-09-25T18:26:30+00:00\",\"description\":\"Descubre qu\u00e9 es el REDEME, c\u00f3mo funciona y c\u00f3mo puede beneficiar a los aut\u00f3nomos \u27a1\ufe0fTe explicamos los requisitos, plazos y obligaciones fiscales.\",\"breadcrumb\":{\"@id\":\"https:\/\/www.billin.net\/blog\/que-es-redeme-y-como-me-afecta-como-autonomo\/#breadcrumb\"},\"inLanguage\":\"es\",\"potentialAction\":[{\"@type\":\"ReadAction\",\"target\":[\"https:\/\/www.billin.net\/blog\/que-es-redeme-y-como-me-afecta-como-autonomo\/\"]}]},{\"@type\":\"ImageObject\",\"inLanguage\":\"es\",\"@id\":\"https:\/\/www.billin.net\/blog\/que-es-redeme-y-como-me-afecta-como-autonomo\/#primaryimage\",\"url\":\"https:\/\/www.billin.net\/blog\/wp-content\/uploads\/2025\/02\/que-es-redeme.jpg\",\"contentUrl\":\"https:\/\/www.billin.net\/blog\/wp-content\/uploads\/2025\/02\/que-es-redeme.jpg\",\"width\":2000,\"height\":1333,\"caption\":\"successful businesswoman working on laptop computer in her office dressed up in white strict clothes SSUCv3H4sIAAAAAAAACpyRz27DIAzG75P2DhHnRsrfpexVqh0coAkqgQrIpqnqu89AqDjvhn+2P\/szj\/e3qiIzOMnIZ\/UIEcZSqd15C14ajbg5HdwKzYUtieDSGytBlXAGz1YNm0Cod6UCfsYkcR787oQLww7EwIsFNRJ8SaSNLimuciImsQNThJwK5vY5soyS+L860+Mru4FFaPYbFy6MWKEEJCOXVEpuP17YrbQGO5emcPVtGKhQ0BdKdyuZ1EvRZvwar5zbmNm1t2GF1+ZEGXOHWYUTX1FTZL6Cc1jOMy8GMfxTsxVztPHRwKFKOP5ECNu+G9ppGCntBjo15+Z8FKTfWyXqxHWyEMbsJnlpXYYNSMc4o0M31x3toR6mcazpxyTq4doCbTifKG3x8M8\/AAAA\/\/8DAD2izyOHAgAA\"},{\"@type\":\"BreadcrumbList\",\"@id\":\"https:\/\/www.billin.net\/blog\/que-es-redeme-y-como-me-afecta-como-autonomo\/#breadcrumb\",\"itemListElement\":[{\"@type\":\"ListItem\",\"position\":1,\"name\":\"Blog\",\"item\":\"https:\/\/www.billin.net\/blog\/\"},{\"@type\":\"ListItem\",\"position\":2,\"name\":\"Facturaci\u00f3n\",\"item\":\"https:\/\/www.billin.net\/blog\/facturacion\/\"},{\"@type\":\"ListItem\",\"position\":3,\"name\":\"\u00bfQu\u00e9 es Redeme y c\u00f3mo me afecta como aut\u00f3nomo?\"}]},{\"@type\":\"WebSite\",\"@id\":\"https:\/\/www.billin.net\/blog\/#website\",\"url\":\"https:\/\/www.billin.net\/blog\/\",\"name\":\"Blog de Billin\",\"description\":\"Mantente informado con el blog de TeamSystem Facturas Billin:  facturaci\u00f3n, legislaci\u00f3n, contabilidad, management y toda la informaci\u00f3n \u00fatil para pymes y aut\u00f3nomos.\",\"publisher\":{\"@id\":\"https:\/\/www.billin.net\/blog\/#organization\"},\"potentialAction\":[{\"@type\":\"SearchAction\",\"target\":{\"@type\":\"EntryPoint\",\"urlTemplate\":\"https:\/\/www.billin.net\/blog\/?s={search_term_string}\"},\"query-input\":{\"@type\":\"PropertyValueSpecification\",\"valueRequired\":true,\"valueName\":\"search_term_string\"}}],\"inLanguage\":\"es\"},{\"@type\":\"Organization\",\"@id\":\"https:\/\/www.billin.net\/blog\/#organization\",\"name\":\"Billin\",\"alternateName\":\"Blog de Billin\",\"url\":\"https:\/\/www.billin.net\/blog\/\",\"logo\":{\"@type\":\"ImageObject\",\"inLanguage\":\"es\",\"@id\":\"https:\/\/www.billin.net\/blog\/#\/schema\/logo\/image\/\",\"url\":\"https:\/\/www.billin.net\/blog\/wp-content\/uploads\/2019\/06\/logotipo-billin-blog-1.png\",\"contentUrl\":\"https:\/\/www.billin.net\/blog\/wp-content\/uploads\/2019\/06\/logotipo-billin-blog-1.png\",\"width\":126,\"height\":50,\"caption\":\"Billin\"},\"image\":{\"@id\":\"https:\/\/www.billin.net\/blog\/#\/schema\/logo\/image\/\"},\"sameAs\":[\"https:\/\/www.facebook.com\/EsBillin\",\"https:\/\/x.com\/Billin_ES\",\"https:\/\/www.instagram.com\/billin_es\/\",\"https:\/\/www.linkedin.com\/company\/billin-spain\",\"https:\/\/www.youtube.com\/c\/BillinEsintercambiodefacturas\/\"],\"legalName\":\"MY EXPENSES SL\",\"contactPoint\":{\"@type\":\"ContactPoint\",\"telephone\":\"+34918318883\",\"contactType\":\"customer service\",\"email\":\"info@billin.eu\",\"availableLanguage\":\"es\"},\"foundingDate\":\"2015\",\"numberOfEmployees\":{\"@type\":\"QuantitativeValue\",\"minValue\":10,\"maxValue\":50},\"parentOrganization\":{\"@type\":\"Organization\",\"name\":\"TeamSystem\",\"url\":\"https:\/\/www.teamsystem.com\/\"},\"description\":\"Billin es el programa de facturaci\u00f3n online de TeamSystem para aut\u00f3nomos y pymes en Espa\u00f1a. Permite crear facturas, controlar gastos y cumplir con Verifactu.\",\"address\":{\"@type\":\"PostalAddress\",\"streetAddress\":\"Calle Arturo Soria, 336\",\"addressLocality\":\"Madrid\",\"addressRegion\":\"Madrid\",\"postalCode\":\"28033\",\"addressCountry\":\"ES\"}},{\"@type\":\"Person\",\"@id\":\"https:\/\/www.billin.net\/blog\/#\/schema\/person\/d0339ee6e869234614541b1e80a793e7\",\"name\":\"Marcos De La Cueva - CEO TeamSystem Facturas Billin\",\"image\":{\"@type\":\"ImageObject\",\"inLanguage\":\"es\",\"@id\":\"https:\/\/www.billin.net\/blog\/#\/schema\/person\/image\/\",\"url\":\"https:\/\/www.billin.net\/blog\/wp-content\/uploads\/2023\/10\/marcos-color-150x150.png\",\"contentUrl\":\"https:\/\/www.billin.net\/blog\/wp-content\/uploads\/2023\/10\/marcos-color-150x150.png\",\"caption\":\"Marcos De La Cueva - CEO TeamSystem Facturas Billin\"},\"description\":\"Licenciado en ADE por la Universidad Aut\u00f3noma de Madrid, Marcos De la Cueva es CEO y cofundador de TeamSystem Facturas Billin, un programa online que lleva m\u00e1s de 9 a\u00f1os ayudando a aut\u00f3nomos, peque\u00f1os negocios y gestor\u00edas a digitalizar sus presupuestos, facturas, tickets y gastos. \u00a0 Sobre Marcos De La Cueva \u00a0 Apasionado por el mundo empresarial y la tecnolog\u00eda, curs\u00f3 su M\u00e1ster de Finanzas en la Universidad Pontificia de Comillas y estuvo en el Programa de Cooperaci\u00f3n Educativa de la Universidad Aut\u00f3noma de Madrid. \u00a0 Marcos siempre ha tenido su objetivo claro: ayudar a la creaci\u00f3n de negocios financieramente sostenibles a trav\u00e9s de una herramienta de facturaci\u00f3n que les permita ahorrar tiempo y tener la contabilidad bajo control. \u00a0 Marcos De La Cueva en los medios \u2014 Noticia sobre Kit Digital y Ley Antifraude (VeriFactu) en El Economista. \u2014 Noticia sobre Kit Digital y factura electr\u00f3nica obligatoria en Diario Jur\u00eddico. \u2014 Noticia sobre el a\u00f1o de transici\u00f3n para la factura electr\u00f3nica en Muy Pymes. \u2014 Entrevista sobre factura electr\u00f3nica obligatoria en Canal Sur. \u2014 Noticia sobre el informe factura electr\u00f3nica de TeamSystem en Channel Partner. \u2014 Charla sobre productividad y Ley Crea y Crece en El Economista. \u2014 Charla sobre factura electr\u00f3nica obligatoria en Muy Pymes. \u2014 Charla sobre digitalizaci\u00f3n aut\u00f3nomos y productividad en esdiario. \u2014 Charla sobre productividad y factura electr\u00f3nica en La Raz\u00f3n. \u2014 Charla sobre factura electr\u00f3nica obligatoria en Aut\u00f3nomos y Emprendedores. \u2014 Entrevista sobre Ley Antifraude y Ley Crea y Crece en Expansi\u00f3n. \u2014 Entrevista sobre Ley Antifraude y Ley Crea y Crece en La Raz\u00f3n. \u2014 Entrevista sobre factura electr\u00f3nica obligatoria en El Economista. \u2014 Comunicado Billin y TeamSystem en Business Insider. \u2014 Entrevista en Econom\u00eda Digital. \u2014 Entrevista en Ideas para tu empresa de Vodafone. \u2014 Entrevista en M\u00e1sQradio. \u2014 Entrevista en Armas para emprender de El M\u00e9todo Gallardo. \u2014 Entrevista en KFund. \u2014 Entrevista en AXA Seguros Espa\u00f1a. \u2014 Entrevista en GestionaRadio. \u00a0 Marcos De La Cueva en eventos \u00a0 \u2014 Participaci\u00f3n como ponente en Accountex Espa\u00f1a 2023. \u00a0 Tem\u00e1ticas de especializaci\u00f3n \u00a0 negocios | startups | contabilidad| fiscalidad | empresas| asesor\u00edas| autonomos | emprendedores | peque\u00f1os negocios | econom\u00eda | ADE | pymes | desarrollo de negocio\u00a0\",\"sameAs\":[\"https:\/\/www.billin.net\/\",\"https:\/\/www.linkedin.com\/in\/marcos-de-la-cueva-19750ba3\/\"],\"url\":\"https:\/\/www.billin.net\/blog\/author\/marcosdelacueva\/\",\"jobTitle\":\"CEO y cofundador de TS Facturas Billin\"}]}<\/script>\n<!-- \/ Yoast SEO plugin. -->","yoast_head_json":{"title":"\u25b7 REDEME: Qu\u00e9 es y c\u00f3mo afecta a los aut\u00f3nomos en el IVA","description":"Descubre qu\u00e9 es el REDEME, c\u00f3mo funciona y c\u00f3mo puede beneficiar a los aut\u00f3nomos \u27a1\ufe0fTe explicamos los requisitos, plazos y obligaciones fiscales.","robots":{"index":"index","follow":"follow","max-snippet":"max-snippet:-1","max-image-preview":"max-image-preview:large","max-video-preview":"max-video-preview:-1"},"canonical":"https:\/\/www.billin.net\/blog\/que-es-redeme-y-como-me-afecta-como-autonomo\/","og_locale":"es_ES","og_type":"article","og_title":"\u25b7 REDEME: Qu\u00e9 es y c\u00f3mo afecta a los aut\u00f3nomos en el IVA","og_description":"Descubre qu\u00e9 es el REDEME, c\u00f3mo funciona y c\u00f3mo puede beneficiar a los aut\u00f3nomos \u27a1\ufe0fTe explicamos los requisitos, plazos y obligaciones fiscales.","og_url":"https:\/\/www.billin.net\/blog\/que-es-redeme-y-como-me-afecta-como-autonomo\/","og_site_name":"Blog de TeamSystem Facturas Billin","article_publisher":"https:\/\/www.facebook.com\/EsBillin","article_published_time":"2025-02-19T17:05:44+00:00","article_modified_time":"2025-09-25T18:26:30+00:00","og_image":[{"width":2000,"height":1333,"url":"https:\/\/www.billin.net\/blog\/wp-content\/uploads\/2025\/02\/que-es-redeme.jpg","type":"image\/jpeg"}],"author":"Marcos De La Cueva - CEO TeamSystem Facturas Billin","twitter_card":"summary_large_image","twitter_creator":"@Billin_ES","twitter_site":"@Billin_ES","twitter_misc":{"Escrito por":"Marcos De La Cueva - CEO TeamSystem Facturas Billin","Tiempo de lectura":"10 minutos"},"schema":{"@context":"https:\/\/schema.org","@graph":[{"@type":"Article","@id":"https:\/\/www.billin.net\/blog\/que-es-redeme-y-como-me-afecta-como-autonomo\/#article","isPartOf":{"@id":"https:\/\/www.billin.net\/blog\/que-es-redeme-y-como-me-afecta-como-autonomo\/"},"author":{"name":"Marcos De La Cueva - CEO TeamSystem Facturas Billin","@id":"https:\/\/www.billin.net\/blog\/#\/schema\/person\/d0339ee6e869234614541b1e80a793e7"},"headline":"\u00bfQu\u00e9 es Redeme y c\u00f3mo me afecta como aut\u00f3nomo?","datePublished":"2025-02-19T17:05:44+00:00","dateModified":"2025-09-25T18:26:30+00:00","mainEntityOfPage":{"@id":"https:\/\/www.billin.net\/blog\/que-es-redeme-y-como-me-afecta-como-autonomo\/"},"wordCount":2062,"commentCount":0,"publisher":{"@id":"https:\/\/www.billin.net\/blog\/#organization"},"image":{"@id":"https:\/\/www.billin.net\/blog\/que-es-redeme-y-como-me-afecta-como-autonomo\/#primaryimage"},"thumbnailUrl":"https:\/\/www.billin.net\/blog\/wp-content\/uploads\/2025\/02\/que-es-redeme.jpg","articleSection":["Facturaci\u00f3n"],"inLanguage":"es","potentialAction":[{"@type":"CommentAction","name":"Comment","target":["https:\/\/www.billin.net\/blog\/que-es-redeme-y-como-me-afecta-como-autonomo\/#respond"]}]},{"@type":"WebPage","@id":"https:\/\/www.billin.net\/blog\/que-es-redeme-y-como-me-afecta-como-autonomo\/","url":"https:\/\/www.billin.net\/blog\/que-es-redeme-y-como-me-afecta-como-autonomo\/","name":"\u25b7 REDEME: Qu\u00e9 es y c\u00f3mo afecta a los aut\u00f3nomos en el IVA","isPartOf":{"@id":"https:\/\/www.billin.net\/blog\/#website"},"primaryImageOfPage":{"@id":"https:\/\/www.billin.net\/blog\/que-es-redeme-y-como-me-afecta-como-autonomo\/#primaryimage"},"image":{"@id":"https:\/\/www.billin.net\/blog\/que-es-redeme-y-como-me-afecta-como-autonomo\/#primaryimage"},"thumbnailUrl":"https:\/\/www.billin.net\/blog\/wp-content\/uploads\/2025\/02\/que-es-redeme.jpg","datePublished":"2025-02-19T17:05:44+00:00","dateModified":"2025-09-25T18:26:30+00:00","description":"Descubre qu\u00e9 es el REDEME, c\u00f3mo funciona y c\u00f3mo puede beneficiar a los aut\u00f3nomos \u27a1\ufe0fTe explicamos los requisitos, plazos y obligaciones fiscales.","breadcrumb":{"@id":"https:\/\/www.billin.net\/blog\/que-es-redeme-y-como-me-afecta-como-autonomo\/#breadcrumb"},"inLanguage":"es","potentialAction":[{"@type":"ReadAction","target":["https:\/\/www.billin.net\/blog\/que-es-redeme-y-como-me-afecta-como-autonomo\/"]}]},{"@type":"ImageObject","inLanguage":"es","@id":"https:\/\/www.billin.net\/blog\/que-es-redeme-y-como-me-afecta-como-autonomo\/#primaryimage","url":"https:\/\/www.billin.net\/blog\/wp-content\/uploads\/2025\/02\/que-es-redeme.jpg","contentUrl":"https:\/\/www.billin.net\/blog\/wp-content\/uploads\/2025\/02\/que-es-redeme.jpg","width":2000,"height":1333,"caption":"successful businesswoman working on laptop computer in her office dressed up in white strict clothes SSUCv3H4sIAAAAAAAACpyRz27DIAzG75P2DhHnRsrfpexVqh0coAkqgQrIpqnqu89AqDjvhn+2P\/szj\/e3qiIzOMnIZ\/UIEcZSqd15C14ajbg5HdwKzYUtieDSGytBlXAGz1YNm0Cod6UCfsYkcR787oQLww7EwIsFNRJ8SaSNLimuciImsQNThJwK5vY5soyS+L860+Mru4FFaPYbFy6MWKEEJCOXVEpuP17YrbQGO5emcPVtGKhQ0BdKdyuZ1EvRZvwar5zbmNm1t2GF1+ZEGXOHWYUTX1FTZL6Cc1jOMy8GMfxTsxVztPHRwKFKOP5ECNu+G9ppGCntBjo15+Z8FKTfWyXqxHWyEMbsJnlpXYYNSMc4o0M31x3toR6mcazpxyTq4doCbTifKG3x8M8\/AAAA\/\/8DAD2izyOHAgAA"},{"@type":"BreadcrumbList","@id":"https:\/\/www.billin.net\/blog\/que-es-redeme-y-como-me-afecta-como-autonomo\/#breadcrumb","itemListElement":[{"@type":"ListItem","position":1,"name":"Blog","item":"https:\/\/www.billin.net\/blog\/"},{"@type":"ListItem","position":2,"name":"Facturaci\u00f3n","item":"https:\/\/www.billin.net\/blog\/facturacion\/"},{"@type":"ListItem","position":3,"name":"\u00bfQu\u00e9 es Redeme y c\u00f3mo me afecta como aut\u00f3nomo?"}]},{"@type":"WebSite","@id":"https:\/\/www.billin.net\/blog\/#website","url":"https:\/\/www.billin.net\/blog\/","name":"Blog de Billin","description":"Mantente informado con el blog de TeamSystem Facturas Billin:  facturaci\u00f3n, legislaci\u00f3n, contabilidad, management y toda la informaci\u00f3n \u00fatil para pymes y aut\u00f3nomos.","publisher":{"@id":"https:\/\/www.billin.net\/blog\/#organization"},"potentialAction":[{"@type":"SearchAction","target":{"@type":"EntryPoint","urlTemplate":"https:\/\/www.billin.net\/blog\/?s={search_term_string}"},"query-input":{"@type":"PropertyValueSpecification","valueRequired":true,"valueName":"search_term_string"}}],"inLanguage":"es"},{"@type":"Organization","@id":"https:\/\/www.billin.net\/blog\/#organization","name":"Billin","alternateName":"Blog de Billin","url":"https:\/\/www.billin.net\/blog\/","logo":{"@type":"ImageObject","inLanguage":"es","@id":"https:\/\/www.billin.net\/blog\/#\/schema\/logo\/image\/","url":"https:\/\/www.billin.net\/blog\/wp-content\/uploads\/2019\/06\/logotipo-billin-blog-1.png","contentUrl":"https:\/\/www.billin.net\/blog\/wp-content\/uploads\/2019\/06\/logotipo-billin-blog-1.png","width":126,"height":50,"caption":"Billin"},"image":{"@id":"https:\/\/www.billin.net\/blog\/#\/schema\/logo\/image\/"},"sameAs":["https:\/\/www.facebook.com\/EsBillin","https:\/\/x.com\/Billin_ES","https:\/\/www.instagram.com\/billin_es\/","https:\/\/www.linkedin.com\/company\/billin-spain","https:\/\/www.youtube.com\/c\/BillinEsintercambiodefacturas\/"],"legalName":"MY EXPENSES SL","contactPoint":{"@type":"ContactPoint","telephone":"+34918318883","contactType":"customer service","email":"info@billin.eu","availableLanguage":"es"},"foundingDate":"2015","numberOfEmployees":{"@type":"QuantitativeValue","minValue":10,"maxValue":50},"parentOrganization":{"@type":"Organization","name":"TeamSystem","url":"https:\/\/www.teamsystem.com\/"},"description":"Billin es el programa de facturaci\u00f3n online de TeamSystem para aut\u00f3nomos y pymes en Espa\u00f1a. Permite crear facturas, controlar gastos y cumplir con Verifactu.","address":{"@type":"PostalAddress","streetAddress":"Calle Arturo Soria, 336","addressLocality":"Madrid","addressRegion":"Madrid","postalCode":"28033","addressCountry":"ES"}},{"@type":"Person","@id":"https:\/\/www.billin.net\/blog\/#\/schema\/person\/d0339ee6e869234614541b1e80a793e7","name":"Marcos De La Cueva - CEO TeamSystem Facturas Billin","image":{"@type":"ImageObject","inLanguage":"es","@id":"https:\/\/www.billin.net\/blog\/#\/schema\/person\/image\/","url":"https:\/\/www.billin.net\/blog\/wp-content\/uploads\/2023\/10\/marcos-color-150x150.png","contentUrl":"https:\/\/www.billin.net\/blog\/wp-content\/uploads\/2023\/10\/marcos-color-150x150.png","caption":"Marcos De La Cueva - CEO TeamSystem Facturas Billin"},"description":"Licenciado en ADE por la Universidad Aut\u00f3noma de Madrid, Marcos De la Cueva es CEO y cofundador de TeamSystem Facturas Billin, un programa online que lleva m\u00e1s de 9 a\u00f1os ayudando a aut\u00f3nomos, peque\u00f1os negocios y gestor\u00edas a digitalizar sus presupuestos, facturas, tickets y gastos. \u00a0 Sobre Marcos De La Cueva \u00a0 Apasionado por el mundo empresarial y la tecnolog\u00eda, curs\u00f3 su M\u00e1ster de Finanzas en la Universidad Pontificia de Comillas y estuvo en el Programa de Cooperaci\u00f3n Educativa de la Universidad Aut\u00f3noma de Madrid. \u00a0 Marcos siempre ha tenido su objetivo claro: ayudar a la creaci\u00f3n de negocios financieramente sostenibles a trav\u00e9s de una herramienta de facturaci\u00f3n que les permita ahorrar tiempo y tener la contabilidad bajo control. \u00a0 Marcos De La Cueva en los medios \u2014 Noticia sobre Kit Digital y Ley Antifraude (VeriFactu) en El Economista. \u2014 Noticia sobre Kit Digital y factura electr\u00f3nica obligatoria en Diario Jur\u00eddico. \u2014 Noticia sobre el a\u00f1o de transici\u00f3n para la factura electr\u00f3nica en Muy Pymes. \u2014 Entrevista sobre factura electr\u00f3nica obligatoria en Canal Sur. \u2014 Noticia sobre el informe factura electr\u00f3nica de TeamSystem en Channel Partner. \u2014 Charla sobre productividad y Ley Crea y Crece en El Economista. \u2014 Charla sobre factura electr\u00f3nica obligatoria en Muy Pymes. \u2014 Charla sobre digitalizaci\u00f3n aut\u00f3nomos y productividad en esdiario. \u2014 Charla sobre productividad y factura electr\u00f3nica en La Raz\u00f3n. \u2014 Charla sobre factura electr\u00f3nica obligatoria en Aut\u00f3nomos y Emprendedores. \u2014 Entrevista sobre Ley Antifraude y Ley Crea y Crece en Expansi\u00f3n. \u2014 Entrevista sobre Ley Antifraude y Ley Crea y Crece en La Raz\u00f3n. \u2014 Entrevista sobre factura electr\u00f3nica obligatoria en El Economista. \u2014 Comunicado Billin y TeamSystem en Business Insider. \u2014 Entrevista en Econom\u00eda Digital. \u2014 Entrevista en Ideas para tu empresa de Vodafone. \u2014 Entrevista en M\u00e1sQradio. \u2014 Entrevista en Armas para emprender de El M\u00e9todo Gallardo. \u2014 Entrevista en KFund. \u2014 Entrevista en AXA Seguros Espa\u00f1a. \u2014 Entrevista en GestionaRadio. \u00a0 Marcos De La Cueva en eventos \u00a0 \u2014 Participaci\u00f3n como ponente en Accountex Espa\u00f1a 2023. \u00a0 Tem\u00e1ticas de especializaci\u00f3n \u00a0 negocios | startups | contabilidad| fiscalidad | empresas| asesor\u00edas| autonomos | emprendedores | peque\u00f1os negocios | econom\u00eda | ADE | pymes | desarrollo de negocio\u00a0","sameAs":["https:\/\/www.billin.net\/","https:\/\/www.linkedin.com\/in\/marcos-de-la-cueva-19750ba3\/"],"url":"https:\/\/www.billin.net\/blog\/author\/marcosdelacueva\/","jobTitle":"CEO y cofundador de TS Facturas Billin"}]}},"_links":{"self":[{"href":"https:\/\/www.billin.net\/blog\/wp-json\/wp\/v2\/posts\/24237","targetHints":{"allow":["GET"]}}],"collection":[{"href":"https:\/\/www.billin.net\/blog\/wp-json\/wp\/v2\/posts"}],"about":[{"href":"https:\/\/www.billin.net\/blog\/wp-json\/wp\/v2\/types\/post"}],"author":[{"embeddable":true,"href":"https:\/\/www.billin.net\/blog\/wp-json\/wp\/v2\/users\/20"}],"replies":[{"embeddable":true,"href":"https:\/\/www.billin.net\/blog\/wp-json\/wp\/v2\/comments?post=24237"}],"version-history":[{"count":6,"href":"https:\/\/www.billin.net\/blog\/wp-json\/wp\/v2\/posts\/24237\/revisions"}],"predecessor-version":[{"id":26571,"href":"https:\/\/www.billin.net\/blog\/wp-json\/wp\/v2\/posts\/24237\/revisions\/26571"}],"wp:featuredmedia":[{"embeddable":true,"href":"https:\/\/www.billin.net\/blog\/wp-json\/wp\/v2\/media\/24242"}],"wp:attachment":[{"href":"https:\/\/www.billin.net\/blog\/wp-json\/wp\/v2\/media?parent=24237"}],"wp:term":[{"taxonomy":"category","embeddable":true,"href":"https:\/\/www.billin.net\/blog\/wp-json\/wp\/v2\/categories?post=24237"},{"taxonomy":"post_tag","embeddable":true,"href":"https:\/\/www.billin.net\/blog\/wp-json\/wp\/v2\/tags?post=24237"}],"curies":[{"name":"wp","href":"https:\/\/api.w.org\/{rel}","templated":true}]}}