{"id":24171,"date":"2025-01-23T19:04:14","date_gmt":"2025-01-23T17:04:14","guid":{"rendered":"https:\/\/www.billin.net\/blog\/?p=24171"},"modified":"2025-09-25T20:26:46","modified_gmt":"2025-09-25T18:26:46","slug":"hacienda-elimina-modelo-037-autonomos","status":"publish","type":"post","link":"https:\/\/www.billin.net\/blog\/hacienda-elimina-modelo-037-autonomos\/","title":{"rendered":"El BOE confirma: Hacienda elimina el Modelo 037 a los aut\u00f3nomos desde febrero"},"content":{"rendered":"<p><span style=\"font-weight: 400;\">El Bolet\u00edn Oficial del Estado (BOE) del pasado d\u00eda 09 de enero de 2025 anunci\u00f3 un cambio significativo para los aut\u00f3nomos y peque\u00f1as empresas: la <\/span><b>eliminaci\u00f3n del modelo 037<\/b> <b>a partir del d\u00eda 3 de febrero de 2025<\/b><span style=\"font-weight: 400;\">, fecha de la entrada en vigor de la normativa que lo regula.<\/span><\/p>\n<p><span style=\"font-weight: 400;\">Este modelo, utilizado para <\/span><b>declarar el alta, modificaci\u00f3n y baja en el censo de empresarios, profesionales y retenedores<\/b><span style=\"font-weight: 400;\">, es sustituido como parte de una estrategia de modernizaci\u00f3n y simplificaci\u00f3n administrativa impulsada por la Agencia Tributaria.<\/span><\/p>\n<p><span style=\"font-weight: 400;\">A continuaci\u00f3n, te explicamos qu\u00e9 implica este cambio, <\/span><b>c\u00f3mo afectar\u00e1 a los <\/b><a href=\"https:\/\/www.billin.net\/blog\/darse-de-alta-como-autonomo\/\"><b>aut\u00f3nomos<\/b><\/a><b> y qu\u00e9 alternativas plantea Hacienda<\/b><span style=\"font-weight: 400;\"> para garantizar el cumplimiento de las obligaciones fiscales.<\/span><\/p>\n<h2><b>\u00bfQu\u00e9 es el modelo 037 y para qu\u00e9 se utilizaba?<\/b><\/h2>\n<p><span style=\"font-weight: 400;\">El modelo 037 es una <\/span><b>versi\u00f3n simplificada del <\/b><a href=\"https:\/\/www.billin.net\/blog\/capitulo-guia-solicitud-nif-modelo-036\/\"><b>modelo 036<\/b><\/a><span style=\"font-weight: 400;\">, un documento fundamental en la gesti\u00f3n fiscal de aut\u00f3nomos y peque\u00f1as empresas. <\/span><\/p>\n<p><span style=\"font-weight: 400;\">Este formulario permite a los contribuyentes darse de alta, modificar datos o solicitar la baja en el Censo de empresarios, profesionales y retenedores.<\/span><\/p>\n<p><span style=\"font-weight: 400;\">El modelo 037 fue aprobado por la <\/span><a href=\"https:\/\/www.boe.es\/diario_boe\/txt.php?id=BOE-A-2007-9508\"><span style=\"font-weight: 400;\">Orden EHA\/1274\/2007<\/span><\/a><span style=\"font-weight: 400;\">, de 26 de abril, con un objetivo claro: facilitar el cumplimiento de las obligaciones de declaraci\u00f3n censal.\u00a0<\/span><\/p>\n<p><b>El propio pre\u00e1mbulo de la citada norma lo justificaba de esta forma:\u00a0<\/b><\/p>\n<p><i><span style=\"font-weight: 400;\">\u201c&#8230; y con la finalidad de facilitar el cumplimiento de las obligaciones tributarias, <\/span><\/i><b><i>parece aconsejable aprobar un modelo simplificado de sencilla cumplimentaci\u00f3n<\/i><\/b><i><span style=\"font-weight: 400;\"> a trav\u00e9s del cual puedan realizar su declaraci\u00f3n de alta, modificaci\u00f3n y baja en el Censo de empresarios, profesionales y retenedores aquellos obligados tributarios en los que concurran las circunstancias indicadas anteriormente\u2026.\u201d<\/span><\/i><\/p>\n<p><b>El 037 estaba dirigido a los siguientes contribuyentes:<\/b><\/p>\n<p><span style=\"font-weight: 400;\">Las <\/span><b>personas f\u00edsicas residentes<\/b><span style=\"font-weight: 400;\"> en las que concurrieran conjuntamente las siguientes circunstancias:<\/span><\/p>\n<ul>\n<li style=\"font-weight: 400;\" aria-level=\"1\"><span style=\"font-weight: 400;\">Tener asignado un n\u00famero de identificaci\u00f3n fiscal.<\/span><\/li>\n<li style=\"font-weight: 400;\" aria-level=\"1\"><span style=\"font-weight: 400;\">No actuar por medio de representante.<\/span><\/li>\n<li style=\"font-weight: 400;\" aria-level=\"1\"><span style=\"font-weight: 400;\">Cuyo <\/span><a href=\"https:\/\/www.billin.net\/blog\/domicilio-fiscal-autonomo\/\"><span style=\"font-weight: 400;\">domicilio fiscal<\/span><\/a><span style=\"font-weight: 400;\"> coincida con el de gesti\u00f3n administrativa.<\/span><\/li>\n<li style=\"font-weight: 400;\" aria-level=\"1\"><span style=\"font-weight: 400;\">No ser grandes empresas.<\/span><\/li>\n<li style=\"font-weight: 400;\" aria-level=\"1\"><span style=\"font-weight: 400;\">No estar incluidos en los reg\u00edmenes especiales del IVA, a excepci\u00f3n del r\u00e9gimen simplificado, r\u00e9gimen especial de la agricultura, ganader\u00eda y pesca, <\/span><a href=\"https:\/\/www.billin.net\/plantilla-factura-recargo-equivalencia\/\"><span style=\"font-weight: 400;\">r\u00e9gimen especial de recargo de equivalencia<\/span><\/a><span style=\"font-weight: 400;\"> o r\u00e9gimen especial del criterio de caja.<\/span><\/li>\n<li style=\"font-weight: 400;\" aria-level=\"1\"><span style=\"font-weight: 400;\">No figurar inscritos en el Registro de operadores intracomunitarios o en el Registro de devoluci\u00f3n mensual.<\/span><\/li>\n<li style=\"font-weight: 400;\" aria-level=\"1\"><span style=\"font-weight: 400;\">No realizar ninguna de las adquisiciones no sujetas previstas en el art\u00edculo 14 de la Ley de IVA.<\/span><\/li>\n<li style=\"font-weight: 400;\" aria-level=\"1\"><span style=\"font-weight: 400;\">No realizar ventas a distancia.<\/span><\/li>\n<li style=\"font-weight: 400;\" aria-level=\"1\"><span style=\"font-weight: 400;\">No ser sujetos pasivos de Impuestos Especiales ni del Impuesto sobre Primas de Seguros.<\/span><\/li>\n<li style=\"font-weight: 400;\" aria-level=\"1\"><span style=\"font-weight: 400;\">No satisfacer rendimientos de capital mobiliario.<br \/>\n<\/span><span style=\"font-weight: 400;\"><br \/>\nAsimismo, aquellos obligados tributarios que fueran<\/span><b> personas f\u00edsicas residentes en Espa\u00f1a y no tuvieran la condici\u00f3n de gran empresa<\/b><span style=\"font-weight: 400;\">, pod\u00edan utilizar el modelo 037 para comunicar las siguientes modificaciones:<\/span><\/li>\n<\/ul>\n<ul>\n<li style=\"font-weight: 400;\" aria-level=\"1\"><span style=\"font-weight: 400;\">Modificaci\u00f3n del domicilio fiscal y del domicilio a efectos de notificaciones.<\/span><\/li>\n<li style=\"font-weight: 400;\" aria-level=\"1\"><span style=\"font-weight: 400;\">Modificaci\u00f3n de otros datos identificativos.<\/span><\/li>\n<li style=\"font-weight: 400;\" aria-level=\"1\"><span style=\"font-weight: 400;\">Modificaci\u00f3n de datos relativos a actividades econ\u00f3micas y locales.<\/span><\/li>\n<li style=\"font-weight: 400;\" aria-level=\"1\"><span style=\"font-weight: 400;\">Modificaci\u00f3n de datos relativos al IVA, si tributan en r\u00e9gimen general o en alguno de los reg\u00edmenes especiales de recargo de equivalencia, simplificado, agricultura, ganader\u00eda y pesca o criterio de caja.<\/span><\/li>\n<li style=\"font-weight: 400;\" aria-level=\"1\"><span style=\"font-weight: 400;\">Modificaci\u00f3n de datos relativos al IRPF.<\/span><\/li>\n<li style=\"font-weight: 400;\" aria-level=\"1\"><span style=\"font-weight: 400;\">Modificaci\u00f3n de datos relativos a retenciones e ingresos a cuenta sobre rendimientos de trabajo personal, actividades profesionales, agr\u00edcolas, ganaderas, forestales u otras actividades econ\u00f3micas, premios, determinadas imputaciones de renta, sobre rendimientos procedentes del arrendamiento o subarrendamiento de inmuebles urbanos o determinadas ganancias patrimoniales.<\/span><\/li>\n<\/ul>\n<p><span style=\"font-weight: 400;\">Desde su creaci\u00f3n, ha sido una herramienta clave para facilitar los tr\u00e1mites de aut\u00f3nomos y peque\u00f1as empresas.\u00a0<\/span><\/p>\n<p><span style=\"font-weight: 400;\">Sin embargo, en la era de la digitalizaci\u00f3n, su utilidad ha quedado desfasada, lo que ha llevado a Hacienda a tomar medidas para modernizar su sistema de gesti\u00f3n tributaria.<\/span><\/p>\n<h2><b>El cambio anunciado por el BOE: motivos y objetivos<\/b><\/h2>\n<p><span style=\"font-weight: 400;\">Seg\u00fan se explica en el pre\u00e1mbulo de la <\/span><a href=\"https:\/\/www.boe.es\/buscar\/doc.php?id=BOE-A-2025-410\"><span style=\"font-weight: 400;\">Orden HAC\/1526\/2024<\/span><\/a><span style=\"font-weight: 400;\">, de 11 de diciembre, que es la norma que suprime el modelo 037, la presentaci\u00f3n electr\u00f3nica generalizada de los modelos censales y el desarrollo tecnol\u00f3gico producido desde la aprobaci\u00f3n del modelo 037 han permitido una notable ampliaci\u00f3n y mejora de los servicios de asistencia al contribuyente.<\/span><\/p>\n<p><b>Entre los nuevos servicios de asistencia en materia censal destacan dos:<\/b><\/p>\n<ul>\n<li style=\"font-weight: 400;\" aria-level=\"1\"><b>El informador censal<\/b><span style=\"font-weight: 400;\">: que ofrece al contribuyente informaci\u00f3n sobre c\u00f3mo solicitar el NIF, los distintos modelos de declaraciones censales, forma, lugar y causas de presentaci\u00f3n, as\u00ed como documentaci\u00f3n a adjuntar en cada caso.<\/span><\/li>\n<li style=\"font-weight: 400;\" aria-level=\"1\"><b>El buscador de actividades y sus obligaciones tributarias:<\/b><span style=\"font-weight: 400;\"> facilita informaci\u00f3n sobre los grupos o ep\u00edgrafes en los que se clasifican las actividades econ\u00f3micas incluidas en las tarifas del IAE (incluye clasificaci\u00f3n en el CNAE a t\u00edtulo meramente orientativo).<\/span><\/li>\n<\/ul>\n<p><span style=\"font-weight: 400;\">Tambi\u00e9n abarca otras actividades no incluidas en las tarifas del IAE (actividades agr\u00edcolas, ganaderas, forestales o pesqueras), a trav\u00e9s de la introducci\u00f3n de una o varias palabras significativas de la actividad a clasificar o bien el c\u00f3digo de un grupo o ep\u00edgrafe.<\/span><\/p>\n<p><span style=\"font-weight: 400;\">Asimismo, permite determinar las obligaciones tributarias de la actividad realizada por el contribuyente.<\/span><\/p>\n<p><span style=\"font-weight: 400;\">Con la incorporaci\u00f3n de las<\/span><b> nuevas herramientas de asistencia en materia censal<\/b><span style=\"font-weight: 400;\"> y las mejoras incluidas en los programas de ayuda a la cumplimentaci\u00f3n, ahora es posible trasladar la simplificaci\u00f3n que brindaba el modelo 037 para la presentaci\u00f3n de las declaraciones censales de alta, baja y modificaci\u00f3n en el censo de empresarios, profesionales y retenedores directamente al modelo 036. <\/span><\/p>\n<p><span style=\"font-weight: 400;\">Esto facilita su uso a los contribuyentes.<\/span><\/p>\n<p><b>De este modo,<\/b><span style=\"font-weight: 400;\"> dicha simplificaci\u00f3n puede ofrecerse a los contribuyentes a trav\u00e9s del propio modelo 036.<\/span><\/p>\n<p><span style=\"font-weight: 400;\">En el pre\u00e1mbulo de la norma publicada en el BOE, Hacienda justifica la eliminaci\u00f3n del modelo 037 como parte de un plan m\u00e1s amplio de simplificaci\u00f3n administrativa.\u00a0<\/span><\/p>\n<p><span style=\"font-weight: 400;\">Este cambio se alinea con las recomendaciones europeas de reducir las cargas administrativas que afectan a los peque\u00f1os empresarios.<\/span><\/p>\n<p><b>En definitiva, la medida busca:<\/b><\/p>\n<ul>\n<li style=\"font-weight: 400;\" aria-level=\"1\"><b>Modernizar los tr\u00e1mites fiscales<\/b><span style=\"font-weight: 400;\">: integrando procedimientos.<\/span><\/li>\n<li style=\"font-weight: 400;\" aria-level=\"1\"><b>Aumentar la eficiencia<\/b><span style=\"font-weight: 400;\">: reduciendo duplicidades.<\/span><\/li>\n<li style=\"font-weight: 400;\" aria-level=\"1\"><b>Facilitar la comunicaci\u00f3n con Hacienda<\/b><span style=\"font-weight: 400;\">: unificando herramientas y simplificando los procesos para los contribuyentes.<\/span><\/li>\n<\/ul>\n<p><span style=\"font-weight: 400;\">Hacienda asegura que estas reformas permitir\u00e1n mejorar la experiencia del usuario y garantizar\u00e1n una mayor transparencia en la relaci\u00f3n entre los aut\u00f3nomos y la Administraci\u00f3n Tributaria.<\/span><\/p>\n<h2><b>\u00bfQu\u00e9 otros cambios est\u00e1n previstos en esta nueva normativa?<\/b><\/h2>\n<p><b>Adem\u00e1s de suprimir el modelo 037 de Declaraci\u00f3n censal simplificada de alta, modificaci\u00f3n y baja en el Censo de empresarios, profesionales y retenedores.<\/b><\/p>\n<p><span style=\"font-weight: 400;\">Esta Orden tiene por objeto introducir modificaciones en el <\/span><a href=\"https:\/\/www.billin.net\/blog\/modelo-030\/\"><span style=\"font-weight: 400;\">modelo 030<\/span><\/a><span style=\"font-weight: 400;\"> de Declaraci\u00f3n censal de alta, cambio de domicilio y\/o de variaci\u00f3n de datos personales<\/span><\/p>\n<p><b>y en el modelo 036 de Declaraci\u00f3n censal de alta, modificaci\u00f3n y baja en el Censo de empresarios, profesionales y retenedores.<\/b><\/p>\n<p><span style=\"font-weight: 400;\">El modelo 036 ha sido <\/span><b>actualizado<\/b><span style=\"font-weight: 400;\"> para incorporar <\/span><b>cambios significativos<\/b><span style=\"font-weight: 400;\"> que responden a las nuevas obligaciones legales en materia de informaci\u00f3n fiscal.\u00a0<\/span><\/p>\n<p><span style=\"font-weight: 400;\">Estas modificaciones buscan facilitar el cumplimiento de las normativas nacionales e internacionales relacionadas con la identificaci\u00f3n de titulares reales y la rehabilitaci\u00f3n del n\u00famero de identificaci\u00f3n fiscal (NIF).\u00a0<\/span><\/p>\n<p><b>A continuaci\u00f3n, te explicamos los puntos clave:<\/b><\/p>\n<h3><b>Identificaci\u00f3n de los titulares reales de personas jur\u00eddicas y entidades<\/b><\/h3>\n<p><span style=\"font-weight: 400;\">Se ha introducido una nueva obligaci\u00f3n para las personas jur\u00eddicas y entidades de identificar a sus titulares reales, es decir, las personas f\u00edsicas que poseen o controlan dichas entidades.<\/span><\/p>\n<p><b>\u00bfPor qu\u00e9 es importante este cambio?<\/b><\/p>\n<p><span style=\"font-weight: 400;\">La normativa tiene como objetivo mejorar la transparencia fiscal y cumplir con los requisitos de la <\/span><a href=\"https:\/\/www.boe.es\/buscar\/doc.php?id=DOUE-L-2021-80368\"><span style=\"font-weight: 400;\">Directiva Europea 2021\/514<\/span><\/a><span style=\"font-weight: 400;\">, que regula la cooperaci\u00f3n administrativa en el \u00e1mbito tributario.<\/span><\/p>\n<p><span style=\"font-weight: 400;\">La identificaci\u00f3n de los titulares reales es esencial para combatir el fraude fiscal y el blanqueo de capitales.<\/span><\/p>\n<p><span style=\"font-weight: 400;\">Las entidades, tambi\u00e9n aut\u00f3nomos y peque\u00f1os negocios, deber\u00e1n proporcionar los datos identificativos de estas personas, lo que facilitar\u00e1 el intercambio de informaci\u00f3n con otros pa\u00edses de manera autom\u00e1tica y obligatoria.<\/span><\/p>\n<p><b>C\u00f3mo se implementa en el modelo 036:<\/b><\/p>\n<p><span style=\"font-weight: 400;\">Se ha a\u00f1adido una <\/span><b>nueva p\u00e1gina<\/b><span style=\"font-weight: 400;\"> (la p\u00e1gina 10) al formulario, dedicada exclusivamente a registrar la informaci\u00f3n de los titulares reales.<\/span><\/p>\n<h3><b>Solicitud de rehabilitaci\u00f3n del NIF<\/b><\/h3>\n<p><span style=\"font-weight: 400;\">La solicitud de rehabilitaci\u00f3n del NIF, que puede ser necesaria cuando un NIF ha quedado inactivo o ha sido<\/span><b> revocado<\/b><span style=\"font-weight: 400;\">, ahora debe realizarse mediante el modelo 036.\u00a0<\/span><\/p>\n<p><span style=\"font-weight: 400;\">Para ello, se ha introducido una nueva casilla espec\u00edfica en el formulario que permite indicar este motivo de presentaci\u00f3n.<\/span><\/p>\n<p><b>\u00bfQui\u00e9n debe realizar esta gesti\u00f3n?<\/b><\/p>\n<p><span style=\"font-weight: 400;\">Entidades en proceso de liquidaci\u00f3n que necesitan reactivar su NIF para completar su cierre administrativo.<\/span><\/p>\n<h3><b>Gesti\u00f3n de datos y notificaciones<\/b><\/h3>\n<p><span style=\"font-weight: 400;\">La actualizaci\u00f3n de los modelos 030 y 036 introduce tambi\u00e9n mejoras importantes relacionadas con la gesti\u00f3n de datos de contacto y las notificaciones informativas emitidas por Hacienda.\u00a0<\/span><\/p>\n<p><span style=\"font-weight: 400;\">Estas modificaciones buscan hacer m\u00e1s eficiente y clara la comunicaci\u00f3n entre la Administraci\u00f3n y los contribuyentes.<\/span><\/p>\n<p><b>\u00bfEn qu\u00e9 consisten estos cambios?<\/b><\/p>\n<ul>\n<li style=\"font-weight: 400;\" aria-level=\"1\"><b>Gesti\u00f3n de datos de contacto:<\/b>\n<ul>\n<li style=\"font-weight: 400;\" aria-level=\"2\"><span style=\"font-weight: 400;\">Se actualizan los apartados de los modelos 030 y 036 relacionados con la incorporaci\u00f3n de<\/span><b> n\u00fameros de tel\u00e9fono y direcciones de correo electr\u00f3nico<\/b><span style=\"font-weight: 400;\">.<\/span><\/li>\n<li style=\"font-weight: 400;\" aria-level=\"2\"><span style=\"font-weight: 400;\">El contribuyente podr\u00e1 <\/span><b>autorizar de forma independiente<\/b><span style=\"font-weight: 400;\"> el uso de estos datos por parte de tres organismos:<\/span>\n<ul>\n<li style=\"font-weight: 400;\" aria-level=\"3\"><span style=\"font-weight: 400;\">La Agencia Estatal de Administraci\u00f3n Tributaria (AEAT).<\/span><\/li>\n<li style=\"font-weight: 400;\" aria-level=\"3\"><span style=\"font-weight: 400;\">Los \u00f3rganos econ\u00f3mico-administrativos previstos en la Ley General Tributaria.<\/span><\/li>\n<li style=\"font-weight: 400;\" aria-level=\"3\"><span style=\"font-weight: 400;\">La Direcci\u00f3n General de Tributos.<\/span><\/li>\n<\/ul>\n<\/li>\n<\/ul>\n<\/li>\n<li style=\"font-weight: 400;\" aria-level=\"1\"><b>Notificaciones informativas:<\/b>\n<ul>\n<li style=\"font-weight: 400;\" aria-level=\"2\"><span style=\"font-weight: 400;\">Los datos de contacto proporcionados (tel\u00e9fono y correo electr\u00f3nico) ser\u00e1n los mismos para los tres organismos, <\/span><b>centralizando la comunicaci\u00f3n <\/b><span style=\"font-weight: 400;\">y evitando duplicidades.<\/span><\/li>\n<li style=\"font-weight: 400;\" aria-level=\"2\"><span style=\"font-weight: 400;\">Estos datos se usar\u00e1n \u00fanicamente para enviar <\/span><b>avisos de car\u00e1cter informativo<\/b><span style=\"font-weight: 400;\">, lo que significa que no sustituir\u00e1n a las notificaciones<\/span><\/li>\n<\/ul>\n<\/li>\n<\/ul>\n<h3><b>Alternativas al modelo 037: \u00bfqu\u00e9 deber\u00e1n hacer los aut\u00f3nomos?<\/b><\/h3>\n<p><span style=\"font-weight: 400;\">La desaparici\u00f3n del modelo 037 implica que los tr\u00e1mites que antes se gestionaban mediante este formulario ahora se realizan principalmente a trav\u00e9s del modelo 036 y 030.<\/span><\/p>\n<p><span style=\"font-weight: 400;\">El modelo 036 absorbe las funcionalidades simplificadas del 037.\u00a0<\/span><\/p>\n<p><span style=\"font-weight: 400;\">Esto significa que, al rellenar el 036, los aut\u00f3nomos podr\u00e1n elegir solo los apartados que les correspondan, en funci\u00f3n de su perfil fiscal.\u00a0<\/span><\/p>\n<p><span style=\"font-weight: 400;\">Por ejemplo, los aut\u00f3nomos que no realicen operaciones intracomunitarias no tendr\u00e1n que completar campos relacionados con el IVA europeo.<\/span><\/p>\n<p><span style=\"font-weight: 400;\">Los contribuyentes deber\u00e1n utilizar obligatoriamente la <\/span><a href=\"https:\/\/sede.agenciatributaria.gob.es\/\"><span style=\"font-weight: 400;\">sede electr\u00f3nica <\/span><\/a><span style=\"font-weight: 400;\">de la Agencia Tributaria para gestionar sus altas, modificaciones y bajas.<\/span><\/p>\n<h2><b>\u00bfA partir de qu\u00e9 fecha ya no puede utilizarse el modelo 037?<\/b><\/h2>\n<p><span style=\"font-weight: 400;\">El modelo 037, que hasta ahora serv\u00eda como una declaraci\u00f3n censal simplificada para aut\u00f3nomos y peque\u00f1as empresas, <\/span><b>dejar\u00e1 de estar disponible a partir del<\/b> <b>3 de febrero de 2025<\/b><span style=\"font-weight: 400;\">.\u00a0<\/span><\/p>\n<p><span style=\"font-weight: 400;\">Esta fecha marca la entrada en vigor de la <\/span><b>Orden HAC\/1526\/2024<\/b><span style=\"font-weight: 400;\">, la normativa que elimina este formulario con el objetivo de simplificar y unificar los tr\u00e1mites censales.<\/span><\/p>\n<p><span style=\"font-weight: 400;\">A partir de esa fecha, todas las gestiones relacionadas con el <\/span><b>Censo de empresarios, profesionales y retenedores<\/b><span style=\"font-weight: 400;\"> deber\u00e1n realizarse exclusivamente a trav\u00e9s del <\/span><b>modelo 036<\/b><span style=\"font-weight: 400;\">.\u00a0<\/span><\/p>\n<p><b>Esto incluye:<\/b><\/p>\n<ul>\n<li style=\"font-weight: 400;\" aria-level=\"1\"><span style=\"font-weight: 400;\">Altas en el censo.<\/span><\/li>\n<li style=\"font-weight: 400;\" aria-level=\"1\"><span style=\"font-weight: 400;\">Modificaciones de datos censales.<\/span><\/li>\n<li style=\"font-weight: 400;\" aria-level=\"1\"><span style=\"font-weight: 400;\">Bajas en el censo.<\/span><\/li>\n<\/ul>\n<p><span style=\"font-weight: 400;\">Incluso aquellos contribuyentes que anteriormente pod\u00edan acogerse al modelo 037, por ser un formulario m\u00e1s simplificado, tendr\u00e1n que realizar sus tr\u00e1mites utilizando el modelo 036.<\/span><\/p>\n<h3><b>Toma nota de esta fecha si est\u00e1s pensando en emprender\u00a0<\/b><\/h3>\n<p><span style=\"font-weight: 400;\">El <\/span><b>3 de febrero de 2025<\/b><span style=\"font-weight: 400;\"> marca un cambio importante en los tr\u00e1mites fiscales para aut\u00f3nomos y peque\u00f1as empresas en Espa\u00f1a.\u00a0<\/span><\/p>\n<p><span style=\"font-weight: 400;\">Si est\u00e1s pensando en iniciar una actividad como aut\u00f3nomo, es fundamental que tengas en cuenta esta fecha, ya que a partir de entonces deber\u00e1s realizar todas tus gestiones censales exclusivamente a trav\u00e9s del modelo 036.\u00a0<\/span><\/p>\n<p><span style=\"font-weight: 400;\">En <\/span><a href=\"https:\/\/www.billin.net\/\"><b>Billin<\/b><\/a><span style=\"font-weight: 400;\">, queremos acompa\u00f1arte en este nuevo reto. Nuestra plataforma est\u00e1 dise\u00f1ada para hacer m\u00e1s sencillo tu d\u00eda a d\u00eda como aut\u00f3nomo.\u00a0<\/span><\/p>\n<p><b>Descubre c\u00f3mo podemos ayudarte a afrontar estos cambios y gestionar tu negocio de forma m\u00e1s eficiente. \u00a1Empieza hoy mismo con TeamSystem Facturas Billin!<\/b><\/p>\n","protected":false},"excerpt":{"rendered":"<p>El Bolet\u00edn Oficial del Estado (BOE) del pasado d\u00eda 09 de enero de 2025 anunci\u00f3 un cambio significativo para los aut\u00f3nomos y peque\u00f1as empresas: la eliminaci\u00f3n del modelo 037 a partir del d\u00eda 3 de febrero de 2025, fecha de la entrada en vigor de la normativa que lo regula. Este modelo, utilizado para declarar [&hellip;]<\/p>\n","protected":false},"author":20,"featured_media":24188,"comment_status":"open","ping_status":"open","sticky":false,"template":"","format":"standard","meta":{"_acf_changed":false,"_et_pb_use_builder":"","_et_pb_old_content":"","_et_gb_content_width":"","om_disable_all_campaigns":false,"inline_featured_image":false,"footnotes":""},"categories":[1015],"tags":[],"class_list":{"0":"post-24171","1":"post","2":"type-post","3":"status-publish","4":"format-standard","5":"has-post-thumbnail","7":"category-facturacion"},"acf":{"selector_de_usuario":"","fecha_de_revision":null},"yoast_head":"<!-- This site is optimized with the Yoast SEO plugin v27.1 - https:\/\/yoast.com\/product\/yoast-seo-wordpress\/ -->\n<title>\u25b7 El BOE: Hacienda elimina el Modelo 037 para Aut\u00f3nomos<\/title>\n<meta name=\"description\" content=\"Confirmado por El BOE: La eliminaci\u00f3n del Modelo 037 a los aut\u00f3nomos a partir del 3 de febrero \u27a4 Descubre los motivos y objetivos \u00a1Aqu\u00ed!\" \/>\n<meta name=\"robots\" content=\"index, follow, max-snippet:-1, max-image-preview:large, max-video-preview:-1\" \/>\n<link rel=\"canonical\" href=\"https:\/\/www.billin.net\/blog\/hacienda-elimina-modelo-037-autonomos\/\" \/>\n<meta property=\"og:locale\" content=\"es_ES\" \/>\n<meta property=\"og:type\" content=\"article\" \/>\n<meta property=\"og:title\" content=\"\u25b7 El BOE: Hacienda elimina el Modelo 037 para Aut\u00f3nomos\" \/>\n<meta property=\"og:description\" content=\"Confirmado por El BOE: La eliminaci\u00f3n del Modelo 037 a los aut\u00f3nomos a partir del 3 de febrero \u27a4 Descubre los motivos y objetivos \u00a1Aqu\u00ed!\" \/>\n<meta property=\"og:url\" content=\"https:\/\/www.billin.net\/blog\/hacienda-elimina-modelo-037-autonomos\/\" \/>\n<meta property=\"og:site_name\" content=\"Blog de TeamSystem Facturas Billin\" \/>\n<meta property=\"article:publisher\" content=\"https:\/\/www.facebook.com\/EsBillin\" \/>\n<meta property=\"article:published_time\" content=\"2025-01-23T17:04:14+00:00\" \/>\n<meta property=\"article:modified_time\" content=\"2025-09-25T18:26:46+00:00\" \/>\n<meta property=\"og:image\" content=\"https:\/\/www.billin.net\/blog\/wp-content\/uploads\/2025\/01\/hacienda-elimina-el-modelo-037-para-autonomos.jpg\" \/>\n\t<meta property=\"og:image:width\" content=\"2000\" \/>\n\t<meta property=\"og:image:height\" content=\"1334\" \/>\n\t<meta property=\"og:image:type\" content=\"image\/jpeg\" \/>\n<meta name=\"author\" content=\"Marcos De La Cueva - CEO TeamSystem Facturas Billin\" \/>\n<meta name=\"twitter:card\" content=\"summary_large_image\" \/>\n<meta name=\"twitter:creator\" content=\"@Billin_ES\" \/>\n<meta name=\"twitter:site\" content=\"@Billin_ES\" \/>\n<meta name=\"twitter:label1\" content=\"Escrito por\" \/>\n\t<meta name=\"twitter:data1\" content=\"Marcos De La Cueva - CEO TeamSystem Facturas Billin\" \/>\n\t<meta name=\"twitter:label2\" content=\"Tiempo de lectura\" \/>\n\t<meta name=\"twitter:data2\" content=\"9 minutos\" \/>\n<script type=\"application\/ld+json\" class=\"yoast-schema-graph\">{\"@context\":\"https:\/\/schema.org\",\"@graph\":[{\"@type\":\"Article\",\"@id\":\"https:\/\/www.billin.net\/blog\/hacienda-elimina-modelo-037-autonomos\/#article\",\"isPartOf\":{\"@id\":\"https:\/\/www.billin.net\/blog\/hacienda-elimina-modelo-037-autonomos\/\"},\"author\":{\"name\":\"Marcos De La Cueva - CEO TeamSystem Facturas Billin\",\"@id\":\"https:\/\/www.billin.net\/blog\/#\/schema\/person\/d0339ee6e869234614541b1e80a793e7\"},\"headline\":\"El BOE confirma: Hacienda elimina el Modelo 037 a los aut\u00f3nomos desde febrero\",\"datePublished\":\"2025-01-23T17:04:14+00:00\",\"dateModified\":\"2025-09-25T18:26:46+00:00\",\"mainEntityOfPage\":{\"@id\":\"https:\/\/www.billin.net\/blog\/hacienda-elimina-modelo-037-autonomos\/\"},\"wordCount\":1995,\"commentCount\":0,\"publisher\":{\"@id\":\"https:\/\/www.billin.net\/blog\/#organization\"},\"image\":{\"@id\":\"https:\/\/www.billin.net\/blog\/hacienda-elimina-modelo-037-autonomos\/#primaryimage\"},\"thumbnailUrl\":\"https:\/\/www.billin.net\/blog\/wp-content\/uploads\/2025\/01\/hacienda-elimina-el-modelo-037-para-autonomos.jpg\",\"articleSection\":[\"Facturaci\u00f3n\"],\"inLanguage\":\"es\",\"potentialAction\":[{\"@type\":\"CommentAction\",\"name\":\"Comment\",\"target\":[\"https:\/\/www.billin.net\/blog\/hacienda-elimina-modelo-037-autonomos\/#respond\"]}]},{\"@type\":\"WebPage\",\"@id\":\"https:\/\/www.billin.net\/blog\/hacienda-elimina-modelo-037-autonomos\/\",\"url\":\"https:\/\/www.billin.net\/blog\/hacienda-elimina-modelo-037-autonomos\/\",\"name\":\"\u25b7 El BOE: Hacienda elimina el Modelo 037 para Aut\u00f3nomos\",\"isPartOf\":{\"@id\":\"https:\/\/www.billin.net\/blog\/#website\"},\"primaryImageOfPage\":{\"@id\":\"https:\/\/www.billin.net\/blog\/hacienda-elimina-modelo-037-autonomos\/#primaryimage\"},\"image\":{\"@id\":\"https:\/\/www.billin.net\/blog\/hacienda-elimina-modelo-037-autonomos\/#primaryimage\"},\"thumbnailUrl\":\"https:\/\/www.billin.net\/blog\/wp-content\/uploads\/2025\/01\/hacienda-elimina-el-modelo-037-para-autonomos.jpg\",\"datePublished\":\"2025-01-23T17:04:14+00:00\",\"dateModified\":\"2025-09-25T18:26:46+00:00\",\"description\":\"Confirmado por El BOE: La eliminaci\u00f3n del Modelo 037 a los aut\u00f3nomos a partir del 3 de febrero \u27a4 Descubre los motivos y objetivos \u00a1Aqu\u00ed!\",\"breadcrumb\":{\"@id\":\"https:\/\/www.billin.net\/blog\/hacienda-elimina-modelo-037-autonomos\/#breadcrumb\"},\"inLanguage\":\"es\",\"potentialAction\":[{\"@type\":\"ReadAction\",\"target\":[\"https:\/\/www.billin.net\/blog\/hacienda-elimina-modelo-037-autonomos\/\"]}]},{\"@type\":\"ImageObject\",\"inLanguage\":\"es\",\"@id\":\"https:\/\/www.billin.net\/blog\/hacienda-elimina-modelo-037-autonomos\/#primaryimage\",\"url\":\"https:\/\/www.billin.net\/blog\/wp-content\/uploads\/2025\/01\/hacienda-elimina-el-modelo-037-para-autonomos.jpg\",\"contentUrl\":\"https:\/\/www.billin.net\/blog\/wp-content\/uploads\/2025\/01\/hacienda-elimina-el-modelo-037-para-autonomos.jpg\",\"width\":2000,\"height\":1334,\"caption\":\"hacienda elimina el modelo 037 para autonomos\"},{\"@type\":\"BreadcrumbList\",\"@id\":\"https:\/\/www.billin.net\/blog\/hacienda-elimina-modelo-037-autonomos\/#breadcrumb\",\"itemListElement\":[{\"@type\":\"ListItem\",\"position\":1,\"name\":\"Blog\",\"item\":\"https:\/\/www.billin.net\/blog\/\"},{\"@type\":\"ListItem\",\"position\":2,\"name\":\"Facturaci\u00f3n\",\"item\":\"https:\/\/www.billin.net\/blog\/facturacion\/\"},{\"@type\":\"ListItem\",\"position\":3,\"name\":\"El BOE confirma: Hacienda elimina el Modelo 037 a los aut\u00f3nomos desde febrero\"}]},{\"@type\":\"WebSite\",\"@id\":\"https:\/\/www.billin.net\/blog\/#website\",\"url\":\"https:\/\/www.billin.net\/blog\/\",\"name\":\"Blog de Billin\",\"description\":\"Mantente informado con el blog de TeamSystem Facturas Billin:  facturaci\u00f3n, legislaci\u00f3n, contabilidad, management y toda la informaci\u00f3n \u00fatil para pymes y aut\u00f3nomos.\",\"publisher\":{\"@id\":\"https:\/\/www.billin.net\/blog\/#organization\"},\"potentialAction\":[{\"@type\":\"SearchAction\",\"target\":{\"@type\":\"EntryPoint\",\"urlTemplate\":\"https:\/\/www.billin.net\/blog\/?s={search_term_string}\"},\"query-input\":{\"@type\":\"PropertyValueSpecification\",\"valueRequired\":true,\"valueName\":\"search_term_string\"}}],\"inLanguage\":\"es\"},{\"@type\":\"Organization\",\"@id\":\"https:\/\/www.billin.net\/blog\/#organization\",\"name\":\"Billin\",\"alternateName\":\"Blog de Billin\",\"url\":\"https:\/\/www.billin.net\/blog\/\",\"logo\":{\"@type\":\"ImageObject\",\"inLanguage\":\"es\",\"@id\":\"https:\/\/www.billin.net\/blog\/#\/schema\/logo\/image\/\",\"url\":\"https:\/\/www.billin.net\/blog\/wp-content\/uploads\/2019\/06\/logotipo-billin-blog-1.png\",\"contentUrl\":\"https:\/\/www.billin.net\/blog\/wp-content\/uploads\/2019\/06\/logotipo-billin-blog-1.png\",\"width\":126,\"height\":50,\"caption\":\"Billin\"},\"image\":{\"@id\":\"https:\/\/www.billin.net\/blog\/#\/schema\/logo\/image\/\"},\"sameAs\":[\"https:\/\/www.facebook.com\/EsBillin\",\"https:\/\/x.com\/Billin_ES\",\"https:\/\/www.instagram.com\/billin_es\/\",\"https:\/\/www.linkedin.com\/company\/billin-spain\",\"https:\/\/www.youtube.com\/c\/BillinEsintercambiodefacturas\/\"],\"legalName\":\"MY EXPENSES SL\",\"contactPoint\":{\"@type\":\"ContactPoint\",\"telephone\":\"+34918318883\",\"contactType\":\"customer service\",\"email\":\"info@billin.eu\",\"availableLanguage\":\"es\"},\"foundingDate\":\"2015\",\"numberOfEmployees\":{\"@type\":\"QuantitativeValue\",\"minValue\":10,\"maxValue\":50},\"parentOrganization\":{\"@type\":\"Organization\",\"name\":\"TeamSystem\",\"url\":\"https:\/\/www.teamsystem.com\/\"},\"description\":\"Billin es el programa de facturaci\u00f3n online de TeamSystem para aut\u00f3nomos y pymes en Espa\u00f1a. Permite crear facturas, controlar gastos y cumplir con Verifactu.\",\"address\":{\"@type\":\"PostalAddress\",\"streetAddress\":\"Calle Arturo Soria, 336\",\"addressLocality\":\"Madrid\",\"addressRegion\":\"Madrid\",\"postalCode\":\"28033\",\"addressCountry\":\"ES\"}},{\"@type\":\"Person\",\"@id\":\"https:\/\/www.billin.net\/blog\/#\/schema\/person\/d0339ee6e869234614541b1e80a793e7\",\"name\":\"Marcos De La Cueva - CEO TeamSystem Facturas Billin\",\"image\":{\"@type\":\"ImageObject\",\"inLanguage\":\"es\",\"@id\":\"https:\/\/www.billin.net\/blog\/#\/schema\/person\/image\/\",\"url\":\"https:\/\/www.billin.net\/blog\/wp-content\/uploads\/2023\/10\/marcos-color-150x150.png\",\"contentUrl\":\"https:\/\/www.billin.net\/blog\/wp-content\/uploads\/2023\/10\/marcos-color-150x150.png\",\"caption\":\"Marcos De La Cueva - CEO TeamSystem Facturas Billin\"},\"description\":\"Licenciado en ADE por la Universidad Aut\u00f3noma de Madrid, Marcos De la Cueva es CEO y cofundador de TeamSystem Facturas Billin, un programa online que lleva m\u00e1s de 9 a\u00f1os ayudando a aut\u00f3nomos, peque\u00f1os negocios y gestor\u00edas a digitalizar sus presupuestos, facturas, tickets y gastos. \u00a0 Sobre Marcos De La Cueva \u00a0 Apasionado por el mundo empresarial y la tecnolog\u00eda, curs\u00f3 su M\u00e1ster de Finanzas en la Universidad Pontificia de Comillas y estuvo en el Programa de Cooperaci\u00f3n Educativa de la Universidad Aut\u00f3noma de Madrid. \u00a0 Marcos siempre ha tenido su objetivo claro: ayudar a la creaci\u00f3n de negocios financieramente sostenibles a trav\u00e9s de una herramienta de facturaci\u00f3n que les permita ahorrar tiempo y tener la contabilidad bajo control. \u00a0 Marcos De La Cueva en los medios \u2014 Noticia sobre Kit Digital y Ley Antifraude (VeriFactu) en El Economista. \u2014 Noticia sobre Kit Digital y factura electr\u00f3nica obligatoria en Diario Jur\u00eddico. \u2014 Noticia sobre el a\u00f1o de transici\u00f3n para la factura electr\u00f3nica en Muy Pymes. \u2014 Entrevista sobre factura electr\u00f3nica obligatoria en Canal Sur. \u2014 Noticia sobre el informe factura electr\u00f3nica de TeamSystem en Channel Partner. \u2014 Charla sobre productividad y Ley Crea y Crece en El Economista. \u2014 Charla sobre factura electr\u00f3nica obligatoria en Muy Pymes. \u2014 Charla sobre digitalizaci\u00f3n aut\u00f3nomos y productividad en esdiario. \u2014 Charla sobre productividad y factura electr\u00f3nica en La Raz\u00f3n. \u2014 Charla sobre factura electr\u00f3nica obligatoria en Aut\u00f3nomos y Emprendedores. \u2014 Entrevista sobre Ley Antifraude y Ley Crea y Crece en Expansi\u00f3n. \u2014 Entrevista sobre Ley Antifraude y Ley Crea y Crece en La Raz\u00f3n. \u2014 Entrevista sobre factura electr\u00f3nica obligatoria en El Economista. \u2014 Comunicado Billin y TeamSystem en Business Insider. \u2014 Entrevista en Econom\u00eda Digital. \u2014 Entrevista en Ideas para tu empresa de Vodafone. \u2014 Entrevista en M\u00e1sQradio. \u2014 Entrevista en Armas para emprender de El M\u00e9todo Gallardo. \u2014 Entrevista en KFund. \u2014 Entrevista en AXA Seguros Espa\u00f1a. \u2014 Entrevista en GestionaRadio. \u00a0 Marcos De La Cueva en eventos \u00a0 \u2014 Participaci\u00f3n como ponente en Accountex Espa\u00f1a 2023. \u00a0 Tem\u00e1ticas de especializaci\u00f3n \u00a0 negocios | startups | contabilidad| fiscalidad | empresas| asesor\u00edas| autonomos | emprendedores | peque\u00f1os negocios | econom\u00eda | ADE | pymes | desarrollo de negocio\u00a0\",\"sameAs\":[\"https:\/\/www.billin.net\/\",\"https:\/\/www.linkedin.com\/in\/marcos-de-la-cueva-19750ba3\/\"],\"url\":\"https:\/\/www.billin.net\/blog\/author\/marcosdelacueva\/\",\"jobTitle\":\"CEO y cofundador de TS Facturas Billin\"}]}<\/script>\n<!-- \/ Yoast SEO plugin. -->","yoast_head_json":{"title":"\u25b7 El BOE: Hacienda elimina el Modelo 037 para Aut\u00f3nomos","description":"Confirmado por El BOE: La eliminaci\u00f3n del Modelo 037 a los aut\u00f3nomos a partir del 3 de febrero \u27a4 Descubre los motivos y objetivos \u00a1Aqu\u00ed!","robots":{"index":"index","follow":"follow","max-snippet":"max-snippet:-1","max-image-preview":"max-image-preview:large","max-video-preview":"max-video-preview:-1"},"canonical":"https:\/\/www.billin.net\/blog\/hacienda-elimina-modelo-037-autonomos\/","og_locale":"es_ES","og_type":"article","og_title":"\u25b7 El BOE: Hacienda elimina el Modelo 037 para Aut\u00f3nomos","og_description":"Confirmado por El BOE: La eliminaci\u00f3n del Modelo 037 a los aut\u00f3nomos a partir del 3 de febrero \u27a4 Descubre los motivos y objetivos \u00a1Aqu\u00ed!","og_url":"https:\/\/www.billin.net\/blog\/hacienda-elimina-modelo-037-autonomos\/","og_site_name":"Blog de TeamSystem Facturas Billin","article_publisher":"https:\/\/www.facebook.com\/EsBillin","article_published_time":"2025-01-23T17:04:14+00:00","article_modified_time":"2025-09-25T18:26:46+00:00","og_image":[{"width":2000,"height":1334,"url":"https:\/\/www.billin.net\/blog\/wp-content\/uploads\/2025\/01\/hacienda-elimina-el-modelo-037-para-autonomos.jpg","type":"image\/jpeg"}],"author":"Marcos De La Cueva - CEO TeamSystem Facturas Billin","twitter_card":"summary_large_image","twitter_creator":"@Billin_ES","twitter_site":"@Billin_ES","twitter_misc":{"Escrito por":"Marcos De La Cueva - CEO TeamSystem Facturas Billin","Tiempo de lectura":"9 minutos"},"schema":{"@context":"https:\/\/schema.org","@graph":[{"@type":"Article","@id":"https:\/\/www.billin.net\/blog\/hacienda-elimina-modelo-037-autonomos\/#article","isPartOf":{"@id":"https:\/\/www.billin.net\/blog\/hacienda-elimina-modelo-037-autonomos\/"},"author":{"name":"Marcos De La Cueva - CEO TeamSystem Facturas Billin","@id":"https:\/\/www.billin.net\/blog\/#\/schema\/person\/d0339ee6e869234614541b1e80a793e7"},"headline":"El BOE confirma: Hacienda elimina el Modelo 037 a los aut\u00f3nomos desde febrero","datePublished":"2025-01-23T17:04:14+00:00","dateModified":"2025-09-25T18:26:46+00:00","mainEntityOfPage":{"@id":"https:\/\/www.billin.net\/blog\/hacienda-elimina-modelo-037-autonomos\/"},"wordCount":1995,"commentCount":0,"publisher":{"@id":"https:\/\/www.billin.net\/blog\/#organization"},"image":{"@id":"https:\/\/www.billin.net\/blog\/hacienda-elimina-modelo-037-autonomos\/#primaryimage"},"thumbnailUrl":"https:\/\/www.billin.net\/blog\/wp-content\/uploads\/2025\/01\/hacienda-elimina-el-modelo-037-para-autonomos.jpg","articleSection":["Facturaci\u00f3n"],"inLanguage":"es","potentialAction":[{"@type":"CommentAction","name":"Comment","target":["https:\/\/www.billin.net\/blog\/hacienda-elimina-modelo-037-autonomos\/#respond"]}]},{"@type":"WebPage","@id":"https:\/\/www.billin.net\/blog\/hacienda-elimina-modelo-037-autonomos\/","url":"https:\/\/www.billin.net\/blog\/hacienda-elimina-modelo-037-autonomos\/","name":"\u25b7 El BOE: Hacienda elimina el Modelo 037 para Aut\u00f3nomos","isPartOf":{"@id":"https:\/\/www.billin.net\/blog\/#website"},"primaryImageOfPage":{"@id":"https:\/\/www.billin.net\/blog\/hacienda-elimina-modelo-037-autonomos\/#primaryimage"},"image":{"@id":"https:\/\/www.billin.net\/blog\/hacienda-elimina-modelo-037-autonomos\/#primaryimage"},"thumbnailUrl":"https:\/\/www.billin.net\/blog\/wp-content\/uploads\/2025\/01\/hacienda-elimina-el-modelo-037-para-autonomos.jpg","datePublished":"2025-01-23T17:04:14+00:00","dateModified":"2025-09-25T18:26:46+00:00","description":"Confirmado por El BOE: La eliminaci\u00f3n del Modelo 037 a los aut\u00f3nomos a partir del 3 de febrero \u27a4 Descubre los motivos y objetivos \u00a1Aqu\u00ed!","breadcrumb":{"@id":"https:\/\/www.billin.net\/blog\/hacienda-elimina-modelo-037-autonomos\/#breadcrumb"},"inLanguage":"es","potentialAction":[{"@type":"ReadAction","target":["https:\/\/www.billin.net\/blog\/hacienda-elimina-modelo-037-autonomos\/"]}]},{"@type":"ImageObject","inLanguage":"es","@id":"https:\/\/www.billin.net\/blog\/hacienda-elimina-modelo-037-autonomos\/#primaryimage","url":"https:\/\/www.billin.net\/blog\/wp-content\/uploads\/2025\/01\/hacienda-elimina-el-modelo-037-para-autonomos.jpg","contentUrl":"https:\/\/www.billin.net\/blog\/wp-content\/uploads\/2025\/01\/hacienda-elimina-el-modelo-037-para-autonomos.jpg","width":2000,"height":1334,"caption":"hacienda elimina el modelo 037 para autonomos"},{"@type":"BreadcrumbList","@id":"https:\/\/www.billin.net\/blog\/hacienda-elimina-modelo-037-autonomos\/#breadcrumb","itemListElement":[{"@type":"ListItem","position":1,"name":"Blog","item":"https:\/\/www.billin.net\/blog\/"},{"@type":"ListItem","position":2,"name":"Facturaci\u00f3n","item":"https:\/\/www.billin.net\/blog\/facturacion\/"},{"@type":"ListItem","position":3,"name":"El BOE confirma: Hacienda elimina el Modelo 037 a los aut\u00f3nomos desde febrero"}]},{"@type":"WebSite","@id":"https:\/\/www.billin.net\/blog\/#website","url":"https:\/\/www.billin.net\/blog\/","name":"Blog de Billin","description":"Mantente informado con el blog de TeamSystem Facturas Billin:  facturaci\u00f3n, legislaci\u00f3n, contabilidad, management y toda la informaci\u00f3n \u00fatil para pymes y aut\u00f3nomos.","publisher":{"@id":"https:\/\/www.billin.net\/blog\/#organization"},"potentialAction":[{"@type":"SearchAction","target":{"@type":"EntryPoint","urlTemplate":"https:\/\/www.billin.net\/blog\/?s={search_term_string}"},"query-input":{"@type":"PropertyValueSpecification","valueRequired":true,"valueName":"search_term_string"}}],"inLanguage":"es"},{"@type":"Organization","@id":"https:\/\/www.billin.net\/blog\/#organization","name":"Billin","alternateName":"Blog de Billin","url":"https:\/\/www.billin.net\/blog\/","logo":{"@type":"ImageObject","inLanguage":"es","@id":"https:\/\/www.billin.net\/blog\/#\/schema\/logo\/image\/","url":"https:\/\/www.billin.net\/blog\/wp-content\/uploads\/2019\/06\/logotipo-billin-blog-1.png","contentUrl":"https:\/\/www.billin.net\/blog\/wp-content\/uploads\/2019\/06\/logotipo-billin-blog-1.png","width":126,"height":50,"caption":"Billin"},"image":{"@id":"https:\/\/www.billin.net\/blog\/#\/schema\/logo\/image\/"},"sameAs":["https:\/\/www.facebook.com\/EsBillin","https:\/\/x.com\/Billin_ES","https:\/\/www.instagram.com\/billin_es\/","https:\/\/www.linkedin.com\/company\/billin-spain","https:\/\/www.youtube.com\/c\/BillinEsintercambiodefacturas\/"],"legalName":"MY EXPENSES SL","contactPoint":{"@type":"ContactPoint","telephone":"+34918318883","contactType":"customer service","email":"info@billin.eu","availableLanguage":"es"},"foundingDate":"2015","numberOfEmployees":{"@type":"QuantitativeValue","minValue":10,"maxValue":50},"parentOrganization":{"@type":"Organization","name":"TeamSystem","url":"https:\/\/www.teamsystem.com\/"},"description":"Billin es el programa de facturaci\u00f3n online de TeamSystem para aut\u00f3nomos y pymes en Espa\u00f1a. Permite crear facturas, controlar gastos y cumplir con Verifactu.","address":{"@type":"PostalAddress","streetAddress":"Calle Arturo Soria, 336","addressLocality":"Madrid","addressRegion":"Madrid","postalCode":"28033","addressCountry":"ES"}},{"@type":"Person","@id":"https:\/\/www.billin.net\/blog\/#\/schema\/person\/d0339ee6e869234614541b1e80a793e7","name":"Marcos De La Cueva - CEO TeamSystem Facturas Billin","image":{"@type":"ImageObject","inLanguage":"es","@id":"https:\/\/www.billin.net\/blog\/#\/schema\/person\/image\/","url":"https:\/\/www.billin.net\/blog\/wp-content\/uploads\/2023\/10\/marcos-color-150x150.png","contentUrl":"https:\/\/www.billin.net\/blog\/wp-content\/uploads\/2023\/10\/marcos-color-150x150.png","caption":"Marcos De La Cueva - CEO TeamSystem Facturas Billin"},"description":"Licenciado en ADE por la Universidad Aut\u00f3noma de Madrid, Marcos De la Cueva es CEO y cofundador de TeamSystem Facturas Billin, un programa online que lleva m\u00e1s de 9 a\u00f1os ayudando a aut\u00f3nomos, peque\u00f1os negocios y gestor\u00edas a digitalizar sus presupuestos, facturas, tickets y gastos. \u00a0 Sobre Marcos De La Cueva \u00a0 Apasionado por el mundo empresarial y la tecnolog\u00eda, curs\u00f3 su M\u00e1ster de Finanzas en la Universidad Pontificia de Comillas y estuvo en el Programa de Cooperaci\u00f3n Educativa de la Universidad Aut\u00f3noma de Madrid. \u00a0 Marcos siempre ha tenido su objetivo claro: ayudar a la creaci\u00f3n de negocios financieramente sostenibles a trav\u00e9s de una herramienta de facturaci\u00f3n que les permita ahorrar tiempo y tener la contabilidad bajo control. \u00a0 Marcos De La Cueva en los medios \u2014 Noticia sobre Kit Digital y Ley Antifraude (VeriFactu) en El Economista. \u2014 Noticia sobre Kit Digital y factura electr\u00f3nica obligatoria en Diario Jur\u00eddico. \u2014 Noticia sobre el a\u00f1o de transici\u00f3n para la factura electr\u00f3nica en Muy Pymes. \u2014 Entrevista sobre factura electr\u00f3nica obligatoria en Canal Sur. \u2014 Noticia sobre el informe factura electr\u00f3nica de TeamSystem en Channel Partner. \u2014 Charla sobre productividad y Ley Crea y Crece en El Economista. \u2014 Charla sobre factura electr\u00f3nica obligatoria en Muy Pymes. \u2014 Charla sobre digitalizaci\u00f3n aut\u00f3nomos y productividad en esdiario. \u2014 Charla sobre productividad y factura electr\u00f3nica en La Raz\u00f3n. \u2014 Charla sobre factura electr\u00f3nica obligatoria en Aut\u00f3nomos y Emprendedores. \u2014 Entrevista sobre Ley Antifraude y Ley Crea y Crece en Expansi\u00f3n. \u2014 Entrevista sobre Ley Antifraude y Ley Crea y Crece en La Raz\u00f3n. \u2014 Entrevista sobre factura electr\u00f3nica obligatoria en El Economista. \u2014 Comunicado Billin y TeamSystem en Business Insider. \u2014 Entrevista en Econom\u00eda Digital. \u2014 Entrevista en Ideas para tu empresa de Vodafone. \u2014 Entrevista en M\u00e1sQradio. \u2014 Entrevista en Armas para emprender de El M\u00e9todo Gallardo. \u2014 Entrevista en KFund. \u2014 Entrevista en AXA Seguros Espa\u00f1a. \u2014 Entrevista en GestionaRadio. \u00a0 Marcos De La Cueva en eventos \u00a0 \u2014 Participaci\u00f3n como ponente en Accountex Espa\u00f1a 2023. \u00a0 Tem\u00e1ticas de especializaci\u00f3n \u00a0 negocios | startups | contabilidad| fiscalidad | empresas| asesor\u00edas| autonomos | emprendedores | peque\u00f1os negocios | econom\u00eda | ADE | pymes | desarrollo de negocio\u00a0","sameAs":["https:\/\/www.billin.net\/","https:\/\/www.linkedin.com\/in\/marcos-de-la-cueva-19750ba3\/"],"url":"https:\/\/www.billin.net\/blog\/author\/marcosdelacueva\/","jobTitle":"CEO y cofundador de TS Facturas Billin"}]}},"_links":{"self":[{"href":"https:\/\/www.billin.net\/blog\/wp-json\/wp\/v2\/posts\/24171","targetHints":{"allow":["GET"]}}],"collection":[{"href":"https:\/\/www.billin.net\/blog\/wp-json\/wp\/v2\/posts"}],"about":[{"href":"https:\/\/www.billin.net\/blog\/wp-json\/wp\/v2\/types\/post"}],"author":[{"embeddable":true,"href":"https:\/\/www.billin.net\/blog\/wp-json\/wp\/v2\/users\/20"}],"replies":[{"embeddable":true,"href":"https:\/\/www.billin.net\/blog\/wp-json\/wp\/v2\/comments?post=24171"}],"version-history":[{"count":5,"href":"https:\/\/www.billin.net\/blog\/wp-json\/wp\/v2\/posts\/24171\/revisions"}],"predecessor-version":[{"id":26578,"href":"https:\/\/www.billin.net\/blog\/wp-json\/wp\/v2\/posts\/24171\/revisions\/26578"}],"wp:featuredmedia":[{"embeddable":true,"href":"https:\/\/www.billin.net\/blog\/wp-json\/wp\/v2\/media\/24188"}],"wp:attachment":[{"href":"https:\/\/www.billin.net\/blog\/wp-json\/wp\/v2\/media?parent=24171"}],"wp:term":[{"taxonomy":"category","embeddable":true,"href":"https:\/\/www.billin.net\/blog\/wp-json\/wp\/v2\/categories?post=24171"},{"taxonomy":"post_tag","embeddable":true,"href":"https:\/\/www.billin.net\/blog\/wp-json\/wp\/v2\/tags?post=24171"}],"curies":[{"name":"wp","href":"https:\/\/api.w.org\/{rel}","templated":true}]}}