{"id":24161,"date":"2025-01-20T12:21:09","date_gmt":"2025-01-20T10:21:09","guid":{"rendered":"https:\/\/www.billin.net\/blog\/?p=24161"},"modified":"2025-09-25T20:26:48","modified_gmt":"2025-09-25T18:26:48","slug":"cuota-cero-autonomos-comunidad-valenciana","status":"publish","type":"post","link":"https:\/\/www.billin.net\/blog\/cuota-cero-autonomos-comunidad-valenciana\/","title":{"rendered":"Cuota cero de aut\u00f3nomos en la Comunidad Valenciana: \u00bfpuedo acogerme a ella?"},"content":{"rendered":"<p><span style=\"font-weight: 400;\">El <\/span><b>emprendimiento<\/b><span style=\"font-weight: 400;\"> es una de las principales v\u00edas para dinamizar la econom\u00eda y generar empleo en la Comunidad Valenciana.\u00a0<\/span><\/p>\n<p><span style=\"font-weight: 400;\">Conscientes de los retos que enfrentan los aut\u00f3nomos y peque\u00f1os empresarios, tanto la Generalitat Valenciana como el Gobierno de Espa\u00f1a han desarrollado un conjunto de <\/span><b>ayudas y subvenciones<\/b><span style=\"font-weight: 400;\"> destinadas a apoyar el inicio, mantenimiento y crecimiento de los negocios.<\/span><\/p>\n<p><span style=\"font-weight: 400;\">Este art\u00edculo re\u00fane informaci\u00f3n clave sobre la <\/span><b>cuota cero para aut\u00f3nomos en Valencia<\/b><span style=\"font-weight: 400;\">, las ayudas espec\u00edficas para aut\u00f3nomos en la Comunidad Valenciana, as\u00ed como iniciativas nacionales que tambi\u00e9n benefician a los emprendedores de la regi\u00f3n.\u00a0<\/span><\/p>\n<p><span style=\"font-weight: 400;\">Desde <\/span><b>subvenciones para proyectos innovadores hasta l\u00edneas de financiaci\u00f3n<\/b><span style=\"font-weight: 400;\">, estas medidas buscan facilitar la puesta en marcha de nuevas actividades y contribuir a la sostenibilidad de las ya existentes.<\/span><\/p>\n<p><span style=\"font-weight: 400;\">Si est\u00e1s <\/span><a href=\"https:\/\/www.billin.net\/blog\/beneficios-de-emprender\/\"><span style=\"font-weight: 400;\">considerando emprender<\/span><\/a><span style=\"font-weight: 400;\"> o buscas apoyo para consolidar tu negocio, aqu\u00ed encontrar\u00e1s un resumen detallado de la cuota cero para aut\u00f3nomos en la Comunidad Valenciana, de las <\/span><b>principales ayudas y c\u00f3mo acceder a ellas.<\/b><\/p>\n<h2><b>\u00bfQu\u00e9 es la \u00abcuota cero\u00bb de aut\u00f3nomos?<\/b><\/h2>\n<p><span style=\"font-weight: 400;\">La <\/span><b>cuota cero de aut\u00f3nomos<\/b><span style=\"font-weight: 400;\"> es una medida destinada a apoyar a los nuevos trabajadores aut\u00f3nomos, eximi\u00e9ndoles del pago de la cuota inicial del<\/span><b> R\u00e9gimen Especial de Trabajadores Aut\u00f3nomos (<\/b><a href=\"https:\/\/www.billin.net\/blog\/reta-la-seguridad-social-de-los-autonomos\/\"><b>RETA<\/b><\/a><b>)<\/b><span style=\"font-weight: 400;\"> durante un periodo de hasta dos a\u00f1os, dependiendo de sus ingresos.\u00a0<\/span><\/p>\n<p><span style=\"font-weight: 400;\">Este beneficio busca fomentar el emprendimiento, reduciendo la carga econ\u00f3mica inicial que enfrentan quienes deciden iniciar su actividad como aut\u00f3nomos.<\/span><\/p>\n<p><span style=\"font-weight: 400;\">En el marco del <\/span><a href=\"https:\/\/www.boe.es\/buscar\/doc.php?id=BOE-A-2022-12482\"><span style=\"font-weight: 400;\">nuevo sistema de cotizaci\u00f3n basado en ingresos reales<\/span><\/a><span style=\"font-weight: 400;\">, aprobado por Real Decreto-ley 13\/2022, de 26 de julio, se mantiene la bonificaci\u00f3n conocida como <\/span><b>\u00abtarifa plana de 80 euros para nuevos aut\u00f3nomos\u00bb<\/b><span style=\"font-weight: 400;\">.\u00a0<\/span><\/p>\n<p><span style=\"font-weight: 400;\">Esta tarifa reducida se aplica durante los primeros doce meses desde el alta inicial en el RETA o en casos donde el aut\u00f3nomo no haya estado de alta en los dos a\u00f1os previos.\u00a0<\/span><\/p>\n<p><span style=\"font-weight: 400;\">Esta reducci\u00f3n cubre las cotizaciones por contingencias comunes y profesionales, pero excluye las relacionadas con el cese de actividad y la formaci\u00f3n profesional.<\/span><\/p>\n<p><span style=\"font-weight: 400;\">Adem\u00e1s, si tras el primer a\u00f1o de alta los rendimientos netos anuales del aut\u00f3nomo son inferiores al salario m\u00ednimo interprofesional (SMI), es posible extender esta cuota reducida por otros doce meses adicionales.<\/span><\/p>\n<p><span style=\"font-weight: 400;\">La solicitud se realizar\u00e1 en el momento de tramitar el <\/span><a href=\"https:\/\/www.billin.net\/blog\/darse-de-alta-como-autonomo\/\"><span style=\"font-weight: 400;\">alta como aut\u00f3nomo en el RETA<\/span><\/a><\/p>\n<p><span style=\"font-weight: 400;\">Las personas aut\u00f3nomas con una <\/span><b>discapacidad igual o superior al 33 por ciento<\/b><span style=\"font-weight: 400;\">, v\u00edctima de <\/span><b>violencia de g\u00e9nero o <\/b><span style=\"font-weight: 400;\">v\u00edctima de<\/span><b> terrorismo<\/b><span style=\"font-weight: 400;\">, podr\u00e1n solicitar la aplicaci\u00f3n, en el momento del alta, de una cuota reducida de 80 euros durante los primeros 24 meses, ampliable a 12 meses m\u00e1s si sus rendimientos netos no superan el SMI.<\/span><\/p>\n<p><span style=\"font-weight: 400;\">Sin embargo, algunas <\/span><b>comunidades aut\u00f3nomas han ampliado esta medida<\/b><span style=\"font-weight: 400;\">, asumiendo el coste de las cuotas reducidas para<\/span><b> subvencionarlas al 100%<\/b><span style=\"font-weight: 400;\"> en determinados casos.\u00a0<\/span><\/p>\n<p><span style=\"font-weight: 400;\">Esto implica que los nuevos aut\u00f3nomos, dependiendo de la comunidad en la que residan y cumpliendo con ciertos requisitos, podr\u00edan quedar completamente exentos del pago de la cuota durante un periodo determinado.<\/span><\/p>\n<h2><b>\u00bfEn qu\u00e9 comunidades aut\u00f3nomas se aplica la \u00abcuota cero\u00bb?<\/b><\/h2>\n<p><span style=\"font-weight: 400;\">Actualmente, varias comunidades aut\u00f3nomas han implementado la <\/span><b>cuota cero para aut\u00f3nomos<\/b><span style=\"font-weight: 400;\"> como una medida para incentivar la creaci\u00f3n de negocios y apoyar a los emprendedores.\u00a0<\/span><\/p>\n<p><b>Entre las regiones que ofrecen esta ayuda se encuentran:<\/b><\/p>\n<ul>\n<li style=\"font-weight: 400;\" aria-level=\"1\"><b>Andaluc\u00eda<\/b><\/li>\n<li style=\"font-weight: 400;\" aria-level=\"1\"><b>Murcia<\/b><span style=\"font-weight: 400;\"> (con la variante de \u00abcuota cero ampliada\u00bb)<\/span><\/li>\n<li style=\"font-weight: 400;\" aria-level=\"1\"><b>Madrid<\/b><\/li>\n<li style=\"font-weight: 400;\" aria-level=\"1\"><b>Galicia<\/b><\/li>\n<li style=\"font-weight: 400;\" aria-level=\"1\"><b>Extremadura<\/b><\/li>\n<li style=\"font-weight: 400;\" aria-level=\"1\"><b>Islas Baleares<\/b><\/li>\n<li style=\"font-weight: 400;\" aria-level=\"1\"><b>Castilla y Le\u00f3n<\/b><span style=\"font-weight: 400;\"> (a trav\u00e9s de la llamada \u00abtarifa plana plus\u00bb)<\/span><\/li>\n<li style=\"font-weight: 400;\" aria-level=\"1\"><b>Canarias<\/b><\/li>\n<li style=\"font-weight: 400;\" aria-level=\"1\"><b>La Rioja<\/b><\/li>\n<li style=\"font-weight: 400;\" aria-level=\"1\"><b>Castilla-La Mancha<\/b><\/li>\n<li style=\"font-weight: 400;\" aria-level=\"1\"><b>Arag\u00f3n<\/b><\/li>\n<\/ul>\n<p><span style=\"font-weight: 400;\">En estas comunidades, la exoneraci\u00f3n total de la cuota suele aplicarse durante un periodo inicial, y en algunos casos se ampl\u00eda a colectivos espec\u00edficos, como j\u00f3venes emprendedores o personas en situaciones vulnerables.\u00a0<\/span><\/p>\n<p><span style=\"font-weight: 400;\">La duraci\u00f3n y los requisitos exactos para acceder a este beneficio pueden variar, por lo que es recomendable consultar las bases reguladoras de cada comunidad aut\u00f3noma para obtener informaci\u00f3n detallada.<\/span><\/p>\n<p><span style=\"font-weight: 400;\">Si deseas m\u00e1s detalles sobre la <\/span><a href=\"https:\/\/www.billin.net\/blog\/requisitos-cumplir-tarifa-plana\/#:~:text=aut%C3%B3nomos%20en%202023%3F-,%C2%BFQu%C3%A9%20es%20la%20tarifa%20plana%20de%20aut%C3%B3nomos%202024%3F,como%20cuota%20m%C3%ADnima%20de%20aut%C3%B3nomos\"><b>tarifa plana de 80 euros para nuevos aut\u00f3nomos<\/b><\/a><span style=\"font-weight: 400;\"> a nivel estatal, puedes consultar la normativa vigente en el sitio web oficial de la Seguridad Social.<\/span><\/p>\n<h2><b>Cuota cero de aut\u00f3nomos en la Comunidad Valenciana<\/b><\/h2>\n<p><span style=\"font-weight: 400;\">En la Comunidad Valenciana, actualmente no existe una medida espec\u00edfica denominada \u201ccuota cero de aut\u00f3nomos en Valencia\u201d que exima completamente a los nuevos aut\u00f3nomos del pago de la <\/span><b>cuota al R\u00e9gimen Especial de Trabajadores Aut\u00f3nomos (RETA).<\/b><span style=\"font-weight: 400;\">\u00a0<\/span><\/p>\n<p><span style=\"font-weight: 400;\">Sin embargo, los nuevos aut\u00f3nomos pueden acogerse a la <\/span><b>tarifa plana estatal<\/b><span style=\"font-weight: 400;\">, que establece una<\/span><b> cuota reducida de 80 euros mensuales durante los primeros 12 meses<\/b><span style=\"font-weight: 400;\"> de actividad.\u00a0<\/span><\/p>\n<p><span style=\"font-weight: 400;\">Esta tarifa est\u00e1 disponible para aquellos que no hayan estado dados de alta como aut\u00f3nomos en los dos a\u00f1os anteriores y que no sean aut\u00f3nomos colaboradores.<\/span><\/p>\n<p><span style=\"font-weight: 400;\">A la espera de que se implante la cuota cero de aut\u00f3nomos en la Comunidad Valencia,<\/span><b> la<\/b> <b>Generalitat Valenciana ofrece diversas ayudas destinadas a apoyar a los trabajadores aut\u00f3nomos en la regi\u00f3n.\u00a0<\/b><\/p>\n<h3><b>Ayudas destinadas a financiar los costes fijos de inclusi\u00f3n en el RETA<\/b><\/h3>\n<p><span style=\"font-weight: 400;\">La concesi\u00f3n de ayudas para financiar los costes fijos de inclusi\u00f3n en el RETA o en la Mutualidad alternativa a la Seguridad Social del colegio profesional que corresponda, est\u00e1 destinada a<\/span><b> personas trabajadoras aut\u00f3nomas empadronadas en un municipio de la Comunidad Valenciana con poblaci\u00f3n inferior a 5.000 habitantes.\u00a0<\/b><\/p>\n<p><span style=\"font-weight: 400;\">Estas ayudas son para aquellas que, dentro del a\u00f1o natural de la publicaci\u00f3n de la correspondiente convocatoria en el Diario Oficial de la Generalitat Valenciana <\/span><b>(DOGV)<\/b><span style=\"font-weight: 400;\">, hayan cotizado o est\u00e9n en condiciones de cotizar al menos tres a\u00f1os y hasta un m\u00e1ximo de cinco a\u00f1os ininterrumpidamente.<\/span><\/p>\n<p><span style=\"font-weight: 400;\">Se consideran costes fijos de inclusi\u00f3n en el RETA los derivados de la afiliaci\u00f3n y cotizaci\u00f3n por las contingencias previstas en el T\u00edtulo IV de la <\/span><a href=\"https:\/\/www.boe.es\/buscar\/act.php?id=BOE-A-2015-11724\"><span style=\"font-weight: 400;\">Ley General de la Seguridad Social<\/span><\/a><span style=\"font-weight: 400;\">, aprobada por<\/span><a href=\"https:\/\/www.boe.es\/buscar\/act.php?id=BOE-A-2015-11724\"><span style=\"font-weight: 400;\"> Real Decreto Legislativo 8\/2015, de 30 de octubre.<\/span><\/a><\/p>\n<p><span style=\"font-weight: 400;\">El objeto de estas ayudas es la<\/span><b> consolidaci\u00f3n del empleo aut\u00f3nomo<\/b> <b>en la Comunidad Valenciana.<\/b><\/p>\n<p><span style=\"font-weight: 400;\">Este tipo de subvenciones son concedidas, de acuerdo con los principios de publicidad, transparencia, objetividad, igualdad y no discriminaci\u00f3n, hasta agotar el cr\u00e9dito disponible en cada convocatoria.\u00a0\u00a0<\/span><\/p>\n<p><span style=\"font-weight: 400;\">La convocatoria correspondiente al a\u00f1o 2024 est\u00e1 cerrada, pero la del a\u00f1o 2025 est\u00e1 pr\u00f3xima a aparecer publicada en el DOGV. Por lo que es recomendable estar muy atento a la publicaci\u00f3n de la pr\u00f3xima convocatoria y ver las bases para poder solicitar esta subvenci\u00f3n.\u00a0<\/span><\/p>\n<p><span style=\"font-weight: 400;\">Los<\/span><b> requisitos generales para acceder a esta ayuda son los siguientes:<\/b><\/p>\n<ul>\n<li aria-level=\"1\"><b>Residencia: <\/b><span style=\"font-weight: 400;\">estar empadronado en un municipio de la Comunidad Valenciana con poblaci\u00f3n inferior a 5.000 habitantes.<\/span><\/li>\n<\/ul>\n<ul>\n<li aria-level=\"1\"><b>Situaci\u00f3n fiscal: <\/b><span style=\"font-weight: 400;\">hallarse al corriente de las obligaciones fiscales y con la Seguridad Social.<\/span><\/li>\n<\/ul>\n<ul>\n<li aria-level=\"1\"><b>Actividad: <\/b><span style=\"font-weight: 400;\">desarrollar una actividad econ\u00f3mica como trabajador aut\u00f3nomo.<\/span><\/li>\n<\/ul>\n<ul>\n<li style=\"font-weight: 400;\" aria-level=\"1\"><b>Alta en RETA: <\/b><span style=\"font-weight: 400;\">llevar de alta en el RETA o en la Mutualidad alternativa a la Seguridad Social del colegio profesional que corresponda, un m\u00e1ximo de 5 a\u00f1os y un m\u00ednimo de 3, ininterrumpidos.<\/span><\/li>\n<\/ul>\n<p><span style=\"font-weight: 400;\">Los<\/span><b> pasos para solicitar esta ayuda para aut\u00f3nomos en la Comunidad Valenciana<\/b> <b>son estos:<\/b><\/p>\n<ul>\n<li aria-level=\"1\"><b>Consulta la convocatoria: <\/b><span style=\"font-weight: 400;\">revisa la <\/span><b>convocatoria vigente<\/b><span style=\"font-weight: 400;\"> en la web de la Generalitat Valenciana, en el buscador de <\/span><a href=\"https:\/\/www.gva.es\/es\/inicio\/atencion_ciudadano\/buscadores\/tramites_servicios?_es_gva_es_siac_portlet_SiacTramitesPortlet_formDate=1737106617244&amp;_es_gva_es_siac_portlet_SiacTramitesPortlet_descripcion=ayudas+aut%C3%B3nomos&amp;_es_gva_es_siac_portlet_SiacTramitesPortlet_consellerias=0&amp;_es_gva_es_siac_portlet_SiacTramitesPortlet_entesPublicos=0&amp;_es_gva_es_siac_portlet_SiacTramitesPortlet_pagina=0&amp;_es_gva_es_siac_portlet_SiacTramitesPortlet_tamanyoPagina=30&amp;_es_gva_es_siac_portlet_SiacTramitesPortlet_checkboxNames=plazo%2Celectronicos%2Ccertificado\"><span style=\"font-weight: 400;\">tr\u00e1mites y servicios<\/span><\/a><span style=\"font-weight: 400;\">.<\/span><\/li>\n<\/ul>\n<p><img loading=\"lazy\" decoding=\"async\" class=\"alignnone wp-image-24162 \" src=\"https:\/\/www.billin.net\/blog\/wp-content\/uploads\/2025\/01\/pedir-cuota-cero-autonomos-en-Valencia-.png\" alt=\"cuota cero aut\u00f3nomos Comunidad Valenciana\" width=\"1004\" height=\"466\" srcset=\"https:\/\/www.billin.net\/blog\/wp-content\/uploads\/2025\/01\/pedir-cuota-cero-autonomos-en-Valencia-.png 952w, https:\/\/www.billin.net\/blog\/wp-content\/uploads\/2025\/01\/pedir-cuota-cero-autonomos-en-Valencia--300x139.png 300w, https:\/\/www.billin.net\/blog\/wp-content\/uploads\/2025\/01\/pedir-cuota-cero-autonomos-en-Valencia--768x357.png 768w\" sizes=\"(max-width: 1004px) 100vw, 1004px\" \/><\/p>\n<p><span style=\"font-weight: 400;\">En el apartado \u201c<\/span><b>Descripci\u00f3n\u201d<\/b><span style=\"font-weight: 400;\">, escribe \u201c<\/span><b>ayudas aut\u00f3nomos\u201d<\/b><span style=\"font-weight: 400;\"> y pulsa \u201c<\/span><b>Buscar\u201d<\/b><span style=\"font-weight: 400;\">.\u00a0<\/span><\/p>\n<p><span style=\"font-weight: 400;\">M\u00e1s abajo te aparecer\u00e1n las ayudas y subvenciones que la Generalitat Valenciana dispone para sus trabajadores aut\u00f3nomos. Entre ellas, la ayuda para financiar los costes fijos en el RETA.<\/span><\/p>\n<p><img loading=\"lazy\" decoding=\"async\" class=\"alignnone wp-image-24163 \" src=\"https:\/\/www.billin.net\/blog\/wp-content\/uploads\/2025\/01\/Captura-de-pantalla-2025-01-20-111353.png\" alt=\"\" width=\"971\" height=\"434\" srcset=\"https:\/\/www.billin.net\/blog\/wp-content\/uploads\/2025\/01\/Captura-de-pantalla-2025-01-20-111353.png 897w, https:\/\/www.billin.net\/blog\/wp-content\/uploads\/2025\/01\/Captura-de-pantalla-2025-01-20-111353-300x134.png 300w, https:\/\/www.billin.net\/blog\/wp-content\/uploads\/2025\/01\/Captura-de-pantalla-2025-01-20-111353-768x343.png 768w\" sizes=\"(max-width: 971px) 100vw, 971px\" \/><\/p>\n<ul>\n<li aria-level=\"1\"><b>Prepara tus documentos: <\/b><span style=\"font-weight: 400;\">re\u00fane la documentaci\u00f3n requerida, entre ella, adem\u00e1s de tu DNI, certificado de situaci\u00f3n en el censo de actividades econ\u00f3micas de la AEAT actualizado a fecha de publicaci\u00f3n de la convocatoria.\u00a0<\/span><\/li>\n<\/ul>\n<p><span style=\"font-weight: 400;\">Tambi\u00e9n el certificado de empadronamiento actualizado, informe de vida laboral actualizado y declaraci\u00f3n de IRPF del ejercicio anterior a la fecha de la convocatoria.<\/span><\/p>\n<ul>\n<li aria-level=\"1\"><b>Presentaci\u00f3n de la solicitud: <\/b><span style=\"font-weight: 400;\">la presentaci\u00f3n solo se puede realizar por <\/span><b>v\u00eda telem\u00e1tica<\/b><span style=\"font-weight: 400;\"><span style=\"font-weight: 400;\">.<\/span><\/span><span style=\"font-weight: 400;\">Cuando la solicitud no re\u00fana los requisitos exigidos o no se acompa\u00f1e la documentaci\u00f3n necesaria, se requerir\u00e1 a la persona interesada para que, en el plazo de 10 d\u00edas, subsane la falta o acompa\u00f1e los documentos preceptivos, con indicaci\u00f3n de que, si as\u00ed no lo hiciere, se le tendr\u00e1 por desistido de su petici\u00f3n.<\/span><\/li>\n<\/ul>\n<p><span style=\"font-weight: 400;\">El per\u00edodo para solicitar esta ayuda suele establecerse <\/span><b>anualmente<\/b><span style=\"font-weight: 400;\">. Las fechas concretas, requisitos espec\u00edficos y documentaci\u00f3n necesaria se publican en el DOGV.<\/span><\/p>\n<ul>\n<li aria-level=\"1\"><b>Esperar a la resoluci\u00f3n: <\/b><span style=\"font-weight: 400;\">la resoluci\u00f3n deber\u00e1 ser dictada de forma expresa y notificada en el plazo m\u00e1ximo de<\/span><b> seis meses<\/b><span style=\"font-weight: 400;\"> contados a partir del d\u00eda siguiente a la fecha en que hubiere finalizado el plazo de presentaci\u00f3n de solicitudes.<\/span><\/li>\n<\/ul>\n<ul>\n<li aria-level=\"1\"><b>Justificaci\u00f3n de la ayuda: <\/b><span style=\"font-weight: 400;\"><span style=\"font-weight: 400;\">las personas beneficiarias justificar\u00e1n la subvenci\u00f3n concedida, ante la Direcci\u00f3n General competente en materia de trabajo.<\/span><\/span>Mediante la acreditaci\u00f3n del abono de las cuotas del RETA o Mutualidad alternativa que corresponda de enero a noviembre del a\u00f1o en que se publique la correspondiente resoluci\u00f3n por la que se convoquen estas ayudas.<\/li>\n<\/ul>\n<h3><b>Otras ayudas para aut\u00f3nomos en la Comunidad Valenciana<\/b><\/h3>\n<p><span style=\"font-weight: 400;\">Para fomentar el emprendimiento, el autoempleo y la consolidaci\u00f3n de aut\u00f3nomos y empresas, <\/span><b>la Comunidad Aut\u00f3noma Valenciana ofrece otras ayudas, subvenciones y financiaci\u00f3n:<\/b><\/p>\n<ul>\n<li style=\"font-weight: 400;\" aria-level=\"1\"><b>Ayudas a personas desempleadas que inicien actividad como aut\u00f3nomos en proyectos innovadores: <\/b><span style=\"font-weight: 400;\">estas subvenciones est\u00e1n destinadas a personas desempleadas que se registren como aut\u00f3nomos en proyectos innovadores.<\/span><\/li>\n<\/ul>\n<p><b>Requisitos principales:<\/b><\/p>\n<ul>\n<li style=\"font-weight: 400;\" aria-level=\"1\"><span style=\"font-weight: 400;\">Estar inscrito como demandante de empleo en LABORA antes de la solicitud.<\/span><\/li>\n<li style=\"font-weight: 400;\" aria-level=\"1\"><span style=\"font-weight: 400;\">Presentar un plan de negocio detallado que incluya viabilidad y proyecci\u00f3n financiera.<\/span><\/li>\n<li style=\"font-weight: 400;\" aria-level=\"1\"><span style=\"font-weight: 400;\">La actividad debe tener un car\u00e1cter innovador.<\/span><\/li>\n<li style=\"font-weight: 400;\" aria-level=\"1\"><span style=\"font-weight: 400;\">Acreditar la formaci\u00f3n exigida en la convocatoria.<\/span><\/li>\n<\/ul>\n<p><b>Plazo de solicitud: <\/b><span style=\"font-weight: 400;\">la convocatoria <\/span><b>EAUTOE 2024 <\/b><span style=\"font-weight: 400;\">est\u00e1 cerrada y, en breve, se publicar\u00e1n las bases para la ayuda correspondiente al a\u00f1o 2025.<\/span><\/p>\n<ul>\n<li style=\"font-weight: 400;\" aria-level=\"1\"><b>Ayudas para el mantenimiento del trabajo aut\u00f3nomo de mujeres: <\/b><span style=\"font-weight: 400;\">esta medida busca apoyar a mujeres aut\u00f3nomas, embarazadas o en proceso de adopci\u00f3n mediante subvenciones para la contrataci\u00f3n de personal que permita la continuidad de su actividad durante la baja maternal.<\/span><\/li>\n<\/ul>\n<p><b>Requisitos principales:<\/b><\/p>\n<ul>\n<li style=\"font-weight: 400;\" aria-level=\"1\"><span style=\"font-weight: 400;\">Contrataci\u00f3n realizada a partir del 1 de enero de 2024.<\/span><\/li>\n<li style=\"font-weight: 400;\" aria-level=\"1\"><span style=\"font-weight: 400;\">La persona contratada debe haber estado en situaci\u00f3n de desempleo.<\/span><\/li>\n<li style=\"font-weight: 400;\" aria-level=\"1\"><span style=\"font-weight: 400;\">No debe haber relaci\u00f3n de parentesco con la beneficiaria.<\/span><\/li>\n<\/ul>\n<p><b>Plazo de solicitud:<\/b><span style=\"font-weight: 400;\">\u00a0 la convocatoria <\/span><b>EAUTOM 2024 <\/b><span style=\"font-weight: 400;\">tambi\u00e9n est\u00e1 cerrada y a la espera de su continuidad y la publicaci\u00f3n de las nuevas bases para 2025.<\/span><\/p>\n<ul>\n<li style=\"font-weight: 400;\" aria-level=\"1\"><b>Pr\u00e9stamos participativos para startups y pymes: <\/b><span style=\"font-weight: 400;\">el Instituto Valenciano de Finanzas (IVF) ofrece pr\u00e9stamos participativos dirigidos a startups y pymes con alto car\u00e1cter innovador.<\/span><\/li>\n<\/ul>\n<p><b>Caracter\u00edsticas principales:<\/b><\/p>\n<ul>\n<li style=\"font-weight: 400;\" aria-level=\"1\"><span style=\"font-weight: 400;\">Importe: Entre 200.000 euros y 1 mill\u00f3n de euros.<\/span><\/li>\n<li style=\"font-weight: 400;\" aria-level=\"1\"><span style=\"font-weight: 400;\">Requisitos:<\/span>\n<ul>\n<li style=\"font-weight: 400;\" aria-level=\"2\"><span style=\"font-weight: 400;\">Empresas con menos de 5 a\u00f1os de antig\u00fcedad.<\/span><\/li>\n<li style=\"font-weight: 400;\" aria-level=\"2\"><span style=\"font-weight: 400;\">Aportaci\u00f3n de nuevos fondos o financiaci\u00f3n ajena del 50% del pr\u00e9stamo.<\/span><\/li>\n<\/ul>\n<\/li>\n<\/ul>\n<p><b>Solicitudes<\/b> <b>abiertas durante todo el a\u00f1o.<\/b><\/p>\n<h2><b>2025: el a\u00f1o de la cuota cero para aut\u00f3nomos en la Comunidad Valenciana<\/b><\/h2>\n<p><span style=\"font-weight: 400;\">La <\/span><b>cuota cero para aut\u00f3nomos<\/b><span style=\"font-weight: 400;\"> se ha convertido en una herramienta clave para impulsar el emprendimiento.\u00a0<\/span><\/p>\n<p><span style=\"font-weight: 400;\">Al eliminar los costes iniciales del RETA, esta medida<\/span><b> alivia la carga financiera en los primeros a\u00f1os de actividad<\/b><span style=\"font-weight: 400;\">, permitiendo a los emprendedores centrarse en consolidar sus proyectos.\u00a0<\/span><\/p>\n<p><span style=\"font-weight: 400;\">La implementaci\u00f3n de la cuota cero para aut\u00f3nomos en la Comunidad Valenciana en 2025 ser\u00eda un paso fundamental para <\/span><b>fomentar el autoempleo, reducir el desempleo y dinamizar la econom\u00eda valenciana.<\/b><span style=\"font-weight: 400;\">\u00a0<\/span><\/p>\n<p><span style=\"font-weight: 400;\">Esta medida no solo incentivar\u00eda a nuevos emprendedores, sino que tambi\u00e9n contribuir\u00eda a la supervivencia de peque\u00f1os negocios en sus fases m\u00e1s cr\u00edticas.<\/span><\/p>\n<p><span style=\"font-weight: 400;\">Si eres aut\u00f3nomo o peque\u00f1o empresario, contar con herramientas que te faciliten la gesti\u00f3n diaria es clave para superar los desaf\u00edos del emprendimiento.\u00a0<\/span><\/p>\n<p><span style=\"font-weight: 400;\">Plataformas como <\/span><a href=\"https:\/\/www.billin.net\/\"><b>Billin<\/b><\/a><span style=\"font-weight: 400;\"> pueden ser un gran aliado, ayud\u00e1ndote a <\/span><b>gestionar tus facturas, presupuestos y control financiero<\/b><span style=\"font-weight: 400;\"> de manera sencilla y eficiente.<\/span><\/p>\n<p><span style=\"font-weight: 400;\">\u00a1Prueba nuestro <\/span><a href=\"https:\/\/www.billin.net\/signup-mkt-app-nueva\/\"><span style=\"font-weight: 400;\">software de facturaci\u00f3n electr\u00f3nica gratis<\/span><\/a> <b>y empieza hoy mismo a optimizar la gesti\u00f3n de tu negocio!<\/b><\/p>\n","protected":false},"excerpt":{"rendered":"<p>El emprendimiento es una de las principales v\u00edas para dinamizar la econom\u00eda y generar empleo en la Comunidad Valenciana.\u00a0 Conscientes de los retos que enfrentan los aut\u00f3nomos y peque\u00f1os empresarios, tanto la Generalitat Valenciana como el Gobierno de Espa\u00f1a han desarrollado un conjunto de ayudas y subvenciones destinadas a apoyar el inicio, mantenimiento y crecimiento [&hellip;]<\/p>\n","protected":false},"author":20,"featured_media":24164,"comment_status":"open","ping_status":"open","sticky":false,"template":"","format":"standard","meta":{"_acf_changed":false,"_et_pb_use_builder":"","_et_pb_old_content":"","_et_gb_content_width":"","om_disable_all_campaigns":false,"inline_featured_image":false,"footnotes":""},"categories":[1015],"tags":[],"class_list":{"0":"post-24161","1":"post","2":"type-post","3":"status-publish","4":"format-standard","5":"has-post-thumbnail","7":"category-facturacion"},"acf":{"selector_de_usuario":"","fecha_de_revision":null},"yoast_head":"<!-- This site is optimized with the Yoast SEO plugin v27.1 - https:\/\/yoast.com\/product\/yoast-seo-wordpress\/ -->\n<title>\u25b7 Cuota Cero en la Comunidad Valenciana para Aut\u00f3nomos<\/title>\n<meta name=\"description\" content=\"Gu\u00eda COMPLETA 2025 \u2192 \u00bfQu\u00e9 es la cuota cero para aut\u00f3nomos en la Comunidad Valenciana? \u00bfC\u00f3mo puedo solicitarla? Resuelve tus dudas aqu\u00ed \u2714\ufe0f\u00a1Entra!\" \/>\n<meta name=\"robots\" content=\"index, follow, max-snippet:-1, max-image-preview:large, max-video-preview:-1\" \/>\n<link rel=\"canonical\" href=\"https:\/\/www.billin.net\/blog\/cuota-cero-autonomos-comunidad-valenciana\/\" \/>\n<meta property=\"og:locale\" content=\"es_ES\" \/>\n<meta property=\"og:type\" content=\"article\" \/>\n<meta property=\"og:title\" content=\"\u25b7 Cuota Cero en la Comunidad Valenciana para Aut\u00f3nomos\" \/>\n<meta property=\"og:description\" content=\"Gu\u00eda COMPLETA 2025 \u2192 \u00bfQu\u00e9 es la cuota cero para aut\u00f3nomos en la Comunidad Valenciana? \u00bfC\u00f3mo puedo solicitarla? Resuelve tus dudas aqu\u00ed \u2714\ufe0f\u00a1Entra!\" \/>\n<meta property=\"og:url\" content=\"https:\/\/www.billin.net\/blog\/cuota-cero-autonomos-comunidad-valenciana\/\" \/>\n<meta property=\"og:site_name\" content=\"Blog de TeamSystem Facturas Billin\" \/>\n<meta property=\"article:publisher\" content=\"https:\/\/www.facebook.com\/EsBillin\" \/>\n<meta property=\"article:published_time\" content=\"2025-01-20T10:21:09+00:00\" \/>\n<meta property=\"article:modified_time\" content=\"2025-09-25T18:26:48+00:00\" \/>\n<meta property=\"og:image\" content=\"https:\/\/www.billin.net\/blog\/wp-content\/uploads\/2025\/01\/cuota-cero-autonomos-Comunidad-Valenciana-scaled.jpg\" \/>\n\t<meta property=\"og:image:width\" content=\"2048\" \/>\n\t<meta property=\"og:image:height\" content=\"1083\" \/>\n\t<meta property=\"og:image:type\" content=\"image\/jpeg\" \/>\n<meta name=\"author\" content=\"Marcos De La Cueva - CEO TeamSystem Facturas Billin\" \/>\n<meta name=\"twitter:card\" content=\"summary_large_image\" \/>\n<meta name=\"twitter:creator\" content=\"@Billin_ES\" \/>\n<meta name=\"twitter:site\" content=\"@Billin_ES\" \/>\n<meta name=\"twitter:label1\" content=\"Escrito por\" \/>\n\t<meta name=\"twitter:data1\" content=\"Marcos De La Cueva - CEO TeamSystem Facturas Billin\" \/>\n\t<meta name=\"twitter:label2\" content=\"Tiempo de lectura\" \/>\n\t<meta name=\"twitter:data2\" content=\"10 minutos\" \/>\n<script type=\"application\/ld+json\" class=\"yoast-schema-graph\">{\"@context\":\"https:\/\/schema.org\",\"@graph\":[{\"@type\":\"Article\",\"@id\":\"https:\/\/www.billin.net\/blog\/cuota-cero-autonomos-comunidad-valenciana\/#article\",\"isPartOf\":{\"@id\":\"https:\/\/www.billin.net\/blog\/cuota-cero-autonomos-comunidad-valenciana\/\"},\"author\":{\"name\":\"Marcos De La Cueva - CEO TeamSystem Facturas Billin\",\"@id\":\"https:\/\/www.billin.net\/blog\/#\/schema\/person\/d0339ee6e869234614541b1e80a793e7\"},\"headline\":\"Cuota cero de aut\u00f3nomos en la Comunidad Valenciana: \u00bfpuedo acogerme a ella?\",\"datePublished\":\"2025-01-20T10:21:09+00:00\",\"dateModified\":\"2025-09-25T18:26:48+00:00\",\"mainEntityOfPage\":{\"@id\":\"https:\/\/www.billin.net\/blog\/cuota-cero-autonomos-comunidad-valenciana\/\"},\"wordCount\":2046,\"commentCount\":0,\"publisher\":{\"@id\":\"https:\/\/www.billin.net\/blog\/#organization\"},\"image\":{\"@id\":\"https:\/\/www.billin.net\/blog\/cuota-cero-autonomos-comunidad-valenciana\/#primaryimage\"},\"thumbnailUrl\":\"https:\/\/www.billin.net\/blog\/wp-content\/uploads\/2025\/01\/cuota-cero-autonomos-Comunidad-Valenciana-scaled.jpg\",\"articleSection\":[\"Facturaci\u00f3n\"],\"inLanguage\":\"es\",\"potentialAction\":[{\"@type\":\"CommentAction\",\"name\":\"Comment\",\"target\":[\"https:\/\/www.billin.net\/blog\/cuota-cero-autonomos-comunidad-valenciana\/#respond\"]}]},{\"@type\":\"WebPage\",\"@id\":\"https:\/\/www.billin.net\/blog\/cuota-cero-autonomos-comunidad-valenciana\/\",\"url\":\"https:\/\/www.billin.net\/blog\/cuota-cero-autonomos-comunidad-valenciana\/\",\"name\":\"\u25b7 Cuota Cero en la Comunidad Valenciana para Aut\u00f3nomos\",\"isPartOf\":{\"@id\":\"https:\/\/www.billin.net\/blog\/#website\"},\"primaryImageOfPage\":{\"@id\":\"https:\/\/www.billin.net\/blog\/cuota-cero-autonomos-comunidad-valenciana\/#primaryimage\"},\"image\":{\"@id\":\"https:\/\/www.billin.net\/blog\/cuota-cero-autonomos-comunidad-valenciana\/#primaryimage\"},\"thumbnailUrl\":\"https:\/\/www.billin.net\/blog\/wp-content\/uploads\/2025\/01\/cuota-cero-autonomos-Comunidad-Valenciana-scaled.jpg\",\"datePublished\":\"2025-01-20T10:21:09+00:00\",\"dateModified\":\"2025-09-25T18:26:48+00:00\",\"description\":\"Gu\u00eda COMPLETA 2025 \u2192 \u00bfQu\u00e9 es la cuota cero para aut\u00f3nomos en la Comunidad Valenciana? \u00bfC\u00f3mo puedo solicitarla? Resuelve tus dudas aqu\u00ed \u2714\ufe0f\u00a1Entra!\",\"breadcrumb\":{\"@id\":\"https:\/\/www.billin.net\/blog\/cuota-cero-autonomos-comunidad-valenciana\/#breadcrumb\"},\"inLanguage\":\"es\",\"potentialAction\":[{\"@type\":\"ReadAction\",\"target\":[\"https:\/\/www.billin.net\/blog\/cuota-cero-autonomos-comunidad-valenciana\/\"]}]},{\"@type\":\"ImageObject\",\"inLanguage\":\"es\",\"@id\":\"https:\/\/www.billin.net\/blog\/cuota-cero-autonomos-comunidad-valenciana\/#primaryimage\",\"url\":\"https:\/\/www.billin.net\/blog\/wp-content\/uploads\/2025\/01\/cuota-cero-autonomos-Comunidad-Valenciana-scaled.jpg\",\"contentUrl\":\"https:\/\/www.billin.net\/blog\/wp-content\/uploads\/2025\/01\/cuota-cero-autonomos-Comunidad-Valenciana-scaled.jpg\",\"width\":2048,\"height\":1083,\"caption\":\"cuota cero aut\u00f3nomos Comunidad Valenciana\"},{\"@type\":\"BreadcrumbList\",\"@id\":\"https:\/\/www.billin.net\/blog\/cuota-cero-autonomos-comunidad-valenciana\/#breadcrumb\",\"itemListElement\":[{\"@type\":\"ListItem\",\"position\":1,\"name\":\"Blog\",\"item\":\"https:\/\/www.billin.net\/blog\/\"},{\"@type\":\"ListItem\",\"position\":2,\"name\":\"Facturaci\u00f3n\",\"item\":\"https:\/\/www.billin.net\/blog\/facturacion\/\"},{\"@type\":\"ListItem\",\"position\":3,\"name\":\"Cuota cero de aut\u00f3nomos en la Comunidad Valenciana: \u00bfpuedo acogerme a ella?\"}]},{\"@type\":\"WebSite\",\"@id\":\"https:\/\/www.billin.net\/blog\/#website\",\"url\":\"https:\/\/www.billin.net\/blog\/\",\"name\":\"Blog de Billin\",\"description\":\"Mantente informado con el blog de TeamSystem Facturas Billin:  facturaci\u00f3n, legislaci\u00f3n, contabilidad, management y toda la informaci\u00f3n \u00fatil para pymes y aut\u00f3nomos.\",\"publisher\":{\"@id\":\"https:\/\/www.billin.net\/blog\/#organization\"},\"potentialAction\":[{\"@type\":\"SearchAction\",\"target\":{\"@type\":\"EntryPoint\",\"urlTemplate\":\"https:\/\/www.billin.net\/blog\/?s={search_term_string}\"},\"query-input\":{\"@type\":\"PropertyValueSpecification\",\"valueRequired\":true,\"valueName\":\"search_term_string\"}}],\"inLanguage\":\"es\"},{\"@type\":\"Organization\",\"@id\":\"https:\/\/www.billin.net\/blog\/#organization\",\"name\":\"Billin\",\"alternateName\":\"Blog de Billin\",\"url\":\"https:\/\/www.billin.net\/blog\/\",\"logo\":{\"@type\":\"ImageObject\",\"inLanguage\":\"es\",\"@id\":\"https:\/\/www.billin.net\/blog\/#\/schema\/logo\/image\/\",\"url\":\"https:\/\/www.billin.net\/blog\/wp-content\/uploads\/2019\/06\/logotipo-billin-blog-1.png\",\"contentUrl\":\"https:\/\/www.billin.net\/blog\/wp-content\/uploads\/2019\/06\/logotipo-billin-blog-1.png\",\"width\":126,\"height\":50,\"caption\":\"Billin\"},\"image\":{\"@id\":\"https:\/\/www.billin.net\/blog\/#\/schema\/logo\/image\/\"},\"sameAs\":[\"https:\/\/www.facebook.com\/EsBillin\",\"https:\/\/x.com\/Billin_ES\",\"https:\/\/www.instagram.com\/billin_es\/\",\"https:\/\/www.linkedin.com\/company\/billin-spain\",\"https:\/\/www.youtube.com\/c\/BillinEsintercambiodefacturas\/\"],\"legalName\":\"MY EXPENSES SL\",\"contactPoint\":{\"@type\":\"ContactPoint\",\"telephone\":\"+34918318883\",\"contactType\":\"customer service\",\"email\":\"info@billin.eu\",\"availableLanguage\":\"es\"},\"foundingDate\":\"2015\",\"numberOfEmployees\":{\"@type\":\"QuantitativeValue\",\"minValue\":10,\"maxValue\":50},\"parentOrganization\":{\"@type\":\"Organization\",\"name\":\"TeamSystem\",\"url\":\"https:\/\/www.teamsystem.com\/\"},\"description\":\"Billin es el programa de facturaci\u00f3n online de TeamSystem para aut\u00f3nomos y pymes en Espa\u00f1a. Permite crear facturas, controlar gastos y cumplir con Verifactu.\",\"address\":{\"@type\":\"PostalAddress\",\"streetAddress\":\"Calle Arturo Soria, 336\",\"addressLocality\":\"Madrid\",\"addressRegion\":\"Madrid\",\"postalCode\":\"28033\",\"addressCountry\":\"ES\"}},{\"@type\":\"Person\",\"@id\":\"https:\/\/www.billin.net\/blog\/#\/schema\/person\/d0339ee6e869234614541b1e80a793e7\",\"name\":\"Marcos De La Cueva - CEO TeamSystem Facturas Billin\",\"image\":{\"@type\":\"ImageObject\",\"inLanguage\":\"es\",\"@id\":\"https:\/\/www.billin.net\/blog\/#\/schema\/person\/image\/\",\"url\":\"https:\/\/www.billin.net\/blog\/wp-content\/uploads\/2023\/10\/marcos-color-150x150.png\",\"contentUrl\":\"https:\/\/www.billin.net\/blog\/wp-content\/uploads\/2023\/10\/marcos-color-150x150.png\",\"caption\":\"Marcos De La Cueva - CEO TeamSystem Facturas Billin\"},\"description\":\"Licenciado en ADE por la Universidad Aut\u00f3noma de Madrid, Marcos De la Cueva es CEO y cofundador de TeamSystem Facturas Billin, un programa online que lleva m\u00e1s de 9 a\u00f1os ayudando a aut\u00f3nomos, peque\u00f1os negocios y gestor\u00edas a digitalizar sus presupuestos, facturas, tickets y gastos. \u00a0 Sobre Marcos De La Cueva \u00a0 Apasionado por el mundo empresarial y la tecnolog\u00eda, curs\u00f3 su M\u00e1ster de Finanzas en la Universidad Pontificia de Comillas y estuvo en el Programa de Cooperaci\u00f3n Educativa de la Universidad Aut\u00f3noma de Madrid. \u00a0 Marcos siempre ha tenido su objetivo claro: ayudar a la creaci\u00f3n de negocios financieramente sostenibles a trav\u00e9s de una herramienta de facturaci\u00f3n que les permita ahorrar tiempo y tener la contabilidad bajo control. \u00a0 Marcos De La Cueva en los medios \u2014 Noticia sobre Kit Digital y Ley Antifraude (VeriFactu) en El Economista. \u2014 Noticia sobre Kit Digital y factura electr\u00f3nica obligatoria en Diario Jur\u00eddico. \u2014 Noticia sobre el a\u00f1o de transici\u00f3n para la factura electr\u00f3nica en Muy Pymes. \u2014 Entrevista sobre factura electr\u00f3nica obligatoria en Canal Sur. \u2014 Noticia sobre el informe factura electr\u00f3nica de TeamSystem en Channel Partner. \u2014 Charla sobre productividad y Ley Crea y Crece en El Economista. \u2014 Charla sobre factura electr\u00f3nica obligatoria en Muy Pymes. \u2014 Charla sobre digitalizaci\u00f3n aut\u00f3nomos y productividad en esdiario. \u2014 Charla sobre productividad y factura electr\u00f3nica en La Raz\u00f3n. \u2014 Charla sobre factura electr\u00f3nica obligatoria en Aut\u00f3nomos y Emprendedores. \u2014 Entrevista sobre Ley Antifraude y Ley Crea y Crece en Expansi\u00f3n. \u2014 Entrevista sobre Ley Antifraude y Ley Crea y Crece en La Raz\u00f3n. \u2014 Entrevista sobre factura electr\u00f3nica obligatoria en El Economista. \u2014 Comunicado Billin y TeamSystem en Business Insider. \u2014 Entrevista en Econom\u00eda Digital. \u2014 Entrevista en Ideas para tu empresa de Vodafone. \u2014 Entrevista en M\u00e1sQradio. \u2014 Entrevista en Armas para emprender de El M\u00e9todo Gallardo. \u2014 Entrevista en KFund. \u2014 Entrevista en AXA Seguros Espa\u00f1a. \u2014 Entrevista en GestionaRadio. \u00a0 Marcos De La Cueva en eventos \u00a0 \u2014 Participaci\u00f3n como ponente en Accountex Espa\u00f1a 2023. \u00a0 Tem\u00e1ticas de especializaci\u00f3n \u00a0 negocios | startups | contabilidad| fiscalidad | empresas| asesor\u00edas| autonomos | emprendedores | peque\u00f1os negocios | econom\u00eda | ADE | pymes | desarrollo de negocio\u00a0\",\"sameAs\":[\"https:\/\/www.billin.net\/\",\"https:\/\/www.linkedin.com\/in\/marcos-de-la-cueva-19750ba3\/\"],\"url\":\"https:\/\/www.billin.net\/blog\/author\/marcosdelacueva\/\",\"jobTitle\":\"CEO y cofundador de TS Facturas Billin\"}]}<\/script>\n<!-- \/ Yoast SEO plugin. -->","yoast_head_json":{"title":"\u25b7 Cuota Cero en la Comunidad Valenciana para Aut\u00f3nomos","description":"Gu\u00eda COMPLETA 2025 \u2192 \u00bfQu\u00e9 es la cuota cero para aut\u00f3nomos en la Comunidad Valenciana? \u00bfC\u00f3mo puedo solicitarla? Resuelve tus dudas aqu\u00ed \u2714\ufe0f\u00a1Entra!","robots":{"index":"index","follow":"follow","max-snippet":"max-snippet:-1","max-image-preview":"max-image-preview:large","max-video-preview":"max-video-preview:-1"},"canonical":"https:\/\/www.billin.net\/blog\/cuota-cero-autonomos-comunidad-valenciana\/","og_locale":"es_ES","og_type":"article","og_title":"\u25b7 Cuota Cero en la Comunidad Valenciana para Aut\u00f3nomos","og_description":"Gu\u00eda COMPLETA 2025 \u2192 \u00bfQu\u00e9 es la cuota cero para aut\u00f3nomos en la Comunidad Valenciana? \u00bfC\u00f3mo puedo solicitarla? Resuelve tus dudas aqu\u00ed \u2714\ufe0f\u00a1Entra!","og_url":"https:\/\/www.billin.net\/blog\/cuota-cero-autonomos-comunidad-valenciana\/","og_site_name":"Blog de TeamSystem Facturas Billin","article_publisher":"https:\/\/www.facebook.com\/EsBillin","article_published_time":"2025-01-20T10:21:09+00:00","article_modified_time":"2025-09-25T18:26:48+00:00","og_image":[{"width":2048,"height":1083,"url":"https:\/\/www.billin.net\/blog\/wp-content\/uploads\/2025\/01\/cuota-cero-autonomos-Comunidad-Valenciana-scaled.jpg","type":"image\/jpeg"}],"author":"Marcos De La Cueva - CEO TeamSystem Facturas Billin","twitter_card":"summary_large_image","twitter_creator":"@Billin_ES","twitter_site":"@Billin_ES","twitter_misc":{"Escrito por":"Marcos De La Cueva - CEO TeamSystem Facturas Billin","Tiempo de lectura":"10 minutos"},"schema":{"@context":"https:\/\/schema.org","@graph":[{"@type":"Article","@id":"https:\/\/www.billin.net\/blog\/cuota-cero-autonomos-comunidad-valenciana\/#article","isPartOf":{"@id":"https:\/\/www.billin.net\/blog\/cuota-cero-autonomos-comunidad-valenciana\/"},"author":{"name":"Marcos De La Cueva - CEO TeamSystem Facturas Billin","@id":"https:\/\/www.billin.net\/blog\/#\/schema\/person\/d0339ee6e869234614541b1e80a793e7"},"headline":"Cuota cero de aut\u00f3nomos en la Comunidad Valenciana: \u00bfpuedo acogerme a ella?","datePublished":"2025-01-20T10:21:09+00:00","dateModified":"2025-09-25T18:26:48+00:00","mainEntityOfPage":{"@id":"https:\/\/www.billin.net\/blog\/cuota-cero-autonomos-comunidad-valenciana\/"},"wordCount":2046,"commentCount":0,"publisher":{"@id":"https:\/\/www.billin.net\/blog\/#organization"},"image":{"@id":"https:\/\/www.billin.net\/blog\/cuota-cero-autonomos-comunidad-valenciana\/#primaryimage"},"thumbnailUrl":"https:\/\/www.billin.net\/blog\/wp-content\/uploads\/2025\/01\/cuota-cero-autonomos-Comunidad-Valenciana-scaled.jpg","articleSection":["Facturaci\u00f3n"],"inLanguage":"es","potentialAction":[{"@type":"CommentAction","name":"Comment","target":["https:\/\/www.billin.net\/blog\/cuota-cero-autonomos-comunidad-valenciana\/#respond"]}]},{"@type":"WebPage","@id":"https:\/\/www.billin.net\/blog\/cuota-cero-autonomos-comunidad-valenciana\/","url":"https:\/\/www.billin.net\/blog\/cuota-cero-autonomos-comunidad-valenciana\/","name":"\u25b7 Cuota Cero en la Comunidad Valenciana para Aut\u00f3nomos","isPartOf":{"@id":"https:\/\/www.billin.net\/blog\/#website"},"primaryImageOfPage":{"@id":"https:\/\/www.billin.net\/blog\/cuota-cero-autonomos-comunidad-valenciana\/#primaryimage"},"image":{"@id":"https:\/\/www.billin.net\/blog\/cuota-cero-autonomos-comunidad-valenciana\/#primaryimage"},"thumbnailUrl":"https:\/\/www.billin.net\/blog\/wp-content\/uploads\/2025\/01\/cuota-cero-autonomos-Comunidad-Valenciana-scaled.jpg","datePublished":"2025-01-20T10:21:09+00:00","dateModified":"2025-09-25T18:26:48+00:00","description":"Gu\u00eda COMPLETA 2025 \u2192 \u00bfQu\u00e9 es la cuota cero para aut\u00f3nomos en la Comunidad Valenciana? \u00bfC\u00f3mo puedo solicitarla? Resuelve tus dudas aqu\u00ed \u2714\ufe0f\u00a1Entra!","breadcrumb":{"@id":"https:\/\/www.billin.net\/blog\/cuota-cero-autonomos-comunidad-valenciana\/#breadcrumb"},"inLanguage":"es","potentialAction":[{"@type":"ReadAction","target":["https:\/\/www.billin.net\/blog\/cuota-cero-autonomos-comunidad-valenciana\/"]}]},{"@type":"ImageObject","inLanguage":"es","@id":"https:\/\/www.billin.net\/blog\/cuota-cero-autonomos-comunidad-valenciana\/#primaryimage","url":"https:\/\/www.billin.net\/blog\/wp-content\/uploads\/2025\/01\/cuota-cero-autonomos-Comunidad-Valenciana-scaled.jpg","contentUrl":"https:\/\/www.billin.net\/blog\/wp-content\/uploads\/2025\/01\/cuota-cero-autonomos-Comunidad-Valenciana-scaled.jpg","width":2048,"height":1083,"caption":"cuota cero aut\u00f3nomos Comunidad Valenciana"},{"@type":"BreadcrumbList","@id":"https:\/\/www.billin.net\/blog\/cuota-cero-autonomos-comunidad-valenciana\/#breadcrumb","itemListElement":[{"@type":"ListItem","position":1,"name":"Blog","item":"https:\/\/www.billin.net\/blog\/"},{"@type":"ListItem","position":2,"name":"Facturaci\u00f3n","item":"https:\/\/www.billin.net\/blog\/facturacion\/"},{"@type":"ListItem","position":3,"name":"Cuota cero de aut\u00f3nomos en la Comunidad Valenciana: \u00bfpuedo acogerme a ella?"}]},{"@type":"WebSite","@id":"https:\/\/www.billin.net\/blog\/#website","url":"https:\/\/www.billin.net\/blog\/","name":"Blog de Billin","description":"Mantente informado con el blog de TeamSystem Facturas Billin:  facturaci\u00f3n, legislaci\u00f3n, contabilidad, management y toda la informaci\u00f3n \u00fatil para pymes y aut\u00f3nomos.","publisher":{"@id":"https:\/\/www.billin.net\/blog\/#organization"},"potentialAction":[{"@type":"SearchAction","target":{"@type":"EntryPoint","urlTemplate":"https:\/\/www.billin.net\/blog\/?s={search_term_string}"},"query-input":{"@type":"PropertyValueSpecification","valueRequired":true,"valueName":"search_term_string"}}],"inLanguage":"es"},{"@type":"Organization","@id":"https:\/\/www.billin.net\/blog\/#organization","name":"Billin","alternateName":"Blog de Billin","url":"https:\/\/www.billin.net\/blog\/","logo":{"@type":"ImageObject","inLanguage":"es","@id":"https:\/\/www.billin.net\/blog\/#\/schema\/logo\/image\/","url":"https:\/\/www.billin.net\/blog\/wp-content\/uploads\/2019\/06\/logotipo-billin-blog-1.png","contentUrl":"https:\/\/www.billin.net\/blog\/wp-content\/uploads\/2019\/06\/logotipo-billin-blog-1.png","width":126,"height":50,"caption":"Billin"},"image":{"@id":"https:\/\/www.billin.net\/blog\/#\/schema\/logo\/image\/"},"sameAs":["https:\/\/www.facebook.com\/EsBillin","https:\/\/x.com\/Billin_ES","https:\/\/www.instagram.com\/billin_es\/","https:\/\/www.linkedin.com\/company\/billin-spain","https:\/\/www.youtube.com\/c\/BillinEsintercambiodefacturas\/"],"legalName":"MY EXPENSES SL","contactPoint":{"@type":"ContactPoint","telephone":"+34918318883","contactType":"customer service","email":"info@billin.eu","availableLanguage":"es"},"foundingDate":"2015","numberOfEmployees":{"@type":"QuantitativeValue","minValue":10,"maxValue":50},"parentOrganization":{"@type":"Organization","name":"TeamSystem","url":"https:\/\/www.teamsystem.com\/"},"description":"Billin es el programa de facturaci\u00f3n online de TeamSystem para aut\u00f3nomos y pymes en Espa\u00f1a. Permite crear facturas, controlar gastos y cumplir con Verifactu.","address":{"@type":"PostalAddress","streetAddress":"Calle Arturo Soria, 336","addressLocality":"Madrid","addressRegion":"Madrid","postalCode":"28033","addressCountry":"ES"}},{"@type":"Person","@id":"https:\/\/www.billin.net\/blog\/#\/schema\/person\/d0339ee6e869234614541b1e80a793e7","name":"Marcos De La Cueva - CEO TeamSystem Facturas Billin","image":{"@type":"ImageObject","inLanguage":"es","@id":"https:\/\/www.billin.net\/blog\/#\/schema\/person\/image\/","url":"https:\/\/www.billin.net\/blog\/wp-content\/uploads\/2023\/10\/marcos-color-150x150.png","contentUrl":"https:\/\/www.billin.net\/blog\/wp-content\/uploads\/2023\/10\/marcos-color-150x150.png","caption":"Marcos De La Cueva - CEO TeamSystem Facturas Billin"},"description":"Licenciado en ADE por la Universidad Aut\u00f3noma de Madrid, Marcos De la Cueva es CEO y cofundador de TeamSystem Facturas Billin, un programa online que lleva m\u00e1s de 9 a\u00f1os ayudando a aut\u00f3nomos, peque\u00f1os negocios y gestor\u00edas a digitalizar sus presupuestos, facturas, tickets y gastos. \u00a0 Sobre Marcos De La Cueva \u00a0 Apasionado por el mundo empresarial y la tecnolog\u00eda, curs\u00f3 su M\u00e1ster de Finanzas en la Universidad Pontificia de Comillas y estuvo en el Programa de Cooperaci\u00f3n Educativa de la Universidad Aut\u00f3noma de Madrid. \u00a0 Marcos siempre ha tenido su objetivo claro: ayudar a la creaci\u00f3n de negocios financieramente sostenibles a trav\u00e9s de una herramienta de facturaci\u00f3n que les permita ahorrar tiempo y tener la contabilidad bajo control. \u00a0 Marcos De La Cueva en los medios \u2014 Noticia sobre Kit Digital y Ley Antifraude (VeriFactu) en El Economista. \u2014 Noticia sobre Kit Digital y factura electr\u00f3nica obligatoria en Diario Jur\u00eddico. \u2014 Noticia sobre el a\u00f1o de transici\u00f3n para la factura electr\u00f3nica en Muy Pymes. \u2014 Entrevista sobre factura electr\u00f3nica obligatoria en Canal Sur. \u2014 Noticia sobre el informe factura electr\u00f3nica de TeamSystem en Channel Partner. \u2014 Charla sobre productividad y Ley Crea y Crece en El Economista. \u2014 Charla sobre factura electr\u00f3nica obligatoria en Muy Pymes. \u2014 Charla sobre digitalizaci\u00f3n aut\u00f3nomos y productividad en esdiario. \u2014 Charla sobre productividad y factura electr\u00f3nica en La Raz\u00f3n. \u2014 Charla sobre factura electr\u00f3nica obligatoria en Aut\u00f3nomos y Emprendedores. \u2014 Entrevista sobre Ley Antifraude y Ley Crea y Crece en Expansi\u00f3n. \u2014 Entrevista sobre Ley Antifraude y Ley Crea y Crece en La Raz\u00f3n. \u2014 Entrevista sobre factura electr\u00f3nica obligatoria en El Economista. \u2014 Comunicado Billin y TeamSystem en Business Insider. \u2014 Entrevista en Econom\u00eda Digital. \u2014 Entrevista en Ideas para tu empresa de Vodafone. \u2014 Entrevista en M\u00e1sQradio. \u2014 Entrevista en Armas para emprender de El M\u00e9todo Gallardo. \u2014 Entrevista en KFund. \u2014 Entrevista en AXA Seguros Espa\u00f1a. \u2014 Entrevista en GestionaRadio. \u00a0 Marcos De La Cueva en eventos \u00a0 \u2014 Participaci\u00f3n como ponente en Accountex Espa\u00f1a 2023. \u00a0 Tem\u00e1ticas de especializaci\u00f3n \u00a0 negocios | startups | contabilidad| fiscalidad | empresas| asesor\u00edas| autonomos | emprendedores | peque\u00f1os negocios | econom\u00eda | ADE | pymes | desarrollo de negocio\u00a0","sameAs":["https:\/\/www.billin.net\/","https:\/\/www.linkedin.com\/in\/marcos-de-la-cueva-19750ba3\/"],"url":"https:\/\/www.billin.net\/blog\/author\/marcosdelacueva\/","jobTitle":"CEO y cofundador de TS Facturas Billin"}]}},"_links":{"self":[{"href":"https:\/\/www.billin.net\/blog\/wp-json\/wp\/v2\/posts\/24161","targetHints":{"allow":["GET"]}}],"collection":[{"href":"https:\/\/www.billin.net\/blog\/wp-json\/wp\/v2\/posts"}],"about":[{"href":"https:\/\/www.billin.net\/blog\/wp-json\/wp\/v2\/types\/post"}],"author":[{"embeddable":true,"href":"https:\/\/www.billin.net\/blog\/wp-json\/wp\/v2\/users\/20"}],"replies":[{"embeddable":true,"href":"https:\/\/www.billin.net\/blog\/wp-json\/wp\/v2\/comments?post=24161"}],"version-history":[{"count":7,"href":"https:\/\/www.billin.net\/blog\/wp-json\/wp\/v2\/posts\/24161\/revisions"}],"predecessor-version":[{"id":26579,"href":"https:\/\/www.billin.net\/blog\/wp-json\/wp\/v2\/posts\/24161\/revisions\/26579"}],"wp:featuredmedia":[{"embeddable":true,"href":"https:\/\/www.billin.net\/blog\/wp-json\/wp\/v2\/media\/24164"}],"wp:attachment":[{"href":"https:\/\/www.billin.net\/blog\/wp-json\/wp\/v2\/media?parent=24161"}],"wp:term":[{"taxonomy":"category","embeddable":true,"href":"https:\/\/www.billin.net\/blog\/wp-json\/wp\/v2\/categories?post=24161"},{"taxonomy":"post_tag","embeddable":true,"href":"https:\/\/www.billin.net\/blog\/wp-json\/wp\/v2\/tags?post=24161"}],"curies":[{"name":"wp","href":"https:\/\/api.w.org\/{rel}","templated":true}]}}