{"id":24041,"date":"2024-12-20T09:15:27","date_gmt":"2024-12-20T07:15:27","guid":{"rendered":"https:\/\/www.billin.net\/blog\/?p=24041"},"modified":"2025-09-25T20:26:57","modified_gmt":"2025-09-25T18:26:57","slug":"cuota-cero-autonomos-junta-andalucia","status":"publish","type":"post","link":"https:\/\/www.billin.net\/blog\/cuota-cero-autonomos-junta-andalucia\/","title":{"rendered":"Cuota cero aut\u00f3nomos junta de Andaluc\u00eda: c\u00f3mo funciona y qu\u00e9 debes hacer"},"content":{"rendered":"<p><span style=\"font-weight: 400;\">Si est\u00e1s pensando en emprender en Andaluc\u00eda, la <\/span><b>cuota cero para aut\u00f3nomos de la Junta de Andaluc\u00eda<\/b><span style=\"font-weight: 400;\"> puede ser el impulso econ\u00f3mico que necesitas.\u00a0<\/span><\/p>\n<p><span style=\"font-weight: 400;\">Este programa permite a nuevos aut\u00f3nomos y aut\u00f3nomos en situaci\u00f3n de tarifa plana eliminar el coste de las cotizaciones a la Seguridad Social durante un tiempo determinado.\u00a0<\/span><\/p>\n<p><span style=\"font-weight: 400;\">En este art\u00edculo, te explicamos de manera sencilla <\/span><b>c\u00f3mo funciona esta ayuda, qui\u00e9nes pueden acceder a ella y c\u00f3mo solicitarla paso a paso<\/b><span style=\"font-weight: 400;\">.<\/span><\/p>\n<p><span style=\"font-weight: 400;\">\u00a1Sigue leyendo y descubre c\u00f3mo dar tus primeros pasos en el mundo del emprendimiento sin preocuparte por la cuota de aut\u00f3nomos!<\/span><\/p>\n<h2><b>\u00bfQu\u00e9 es la cuota cero para aut\u00f3nomos en Andaluc\u00eda?<\/b><\/h2>\n<p><span style=\"font-weight: 400;\">La cuota cero para aut\u00f3nomos en Andaluc\u00eda es una iniciativa de la Junta de Andaluc\u00eda destinada a fomentar el autoempleo y apoyar a los <\/span><a href=\"https:\/\/www.billin.net\/glosario\/emprendedor\/\"><span style=\"font-weight: 400;\">emprendedores<\/span><\/a><span style=\"font-weight: 400;\"> en sus primeros pasos, consistente en una<\/span><b> bonificaci\u00f3n<\/b><span style=\"font-weight: 400;\"> que permite a ciertos trabajadores por cuenta propia <\/span><b>no pagar las cotizaciones a la Seguridad Social durante un periodo determinado<\/b><span style=\"font-weight: 400;\">.<\/span><\/p>\n<p><span style=\"font-weight: 400;\">El programa busca reducir los costes iniciales de emprender, algo que suele ser una barrera importante para muchos trabajadores por cuenta propia.\u00a0<\/span><\/p>\n<p><span style=\"font-weight: 400;\">Al eliminar el gasto de la cuota mensual de la Seguridad Social, la cuota cero ofrece un alivio econ\u00f3mico significativo que permite a los aut\u00f3nomos centrarse en hacer crecer su negocio.<\/span><\/p>\n<p><span style=\"font-weight: 400;\">En definitiva, es una herramienta dise\u00f1ada para incentivar el autoempleo, aumentar el n\u00famero de aut\u00f3nomos en la regi\u00f3n y promover el desarrollo econ\u00f3mico local.<\/span><\/p>\n<h2><b>\u00bfQui\u00e9n puede beneficiarse de la cuota cero en Andaluc\u00eda?<\/b><\/h2>\n<p><span style=\"font-weight: 400;\">La cuota cero para aut\u00f3nomos en Andaluc\u00eda est\u00e1 dirigida a apoyar a ciertos perfiles de trabajadores por cuenta propia, ayud\u00e1ndoles a reducir sus costes iniciales al eliminar la cuota de la Seguridad Social.\u00a0<\/span><\/p>\n<p><span style=\"font-weight: 400;\">Seg\u00fan los criterios establecidos por la Junta de Andaluc\u00eda, <\/span><b>las personas que pueden beneficiarse de esta bonificaci\u00f3n son:<\/b><\/p>\n<ul>\n<li style=\"font-weight: 400;\" aria-level=\"1\"><b>Nuevos aut\u00f3nomos: <\/b><span style=\"font-weight: 400;\">la ayuda est\u00e1 disponible para aquellos que se den de alta por primera vez en el <\/span><b>R\u00e9gimen especial de trabajadores aut\u00f3nomos (RETA)<\/b><span style=\"font-weight: 400;\">. Es una medida que busca incentivar el autoempleo, especialmente entre quienes comienzan su andadura como trabajadores por cuenta propia.<\/span><\/li>\n<\/ul>\n<p><b><i>Te podr\u00eda interesar \u2192<\/i><\/b> <a href=\"https:\/\/www.billin.net\/blog\/darse-de-alta-como-autonomo\/\"><i><span style=\"font-weight: 400;\">C\u00f3mo darse de alta como aut\u00f3nomo en el RETA<\/span><\/i><\/a><i><span style=\"font-weight: 400;\">.<\/span><\/i><\/p>\n<ul>\n<li style=\"font-weight: 400;\" aria-level=\"1\"><b>Aut\u00f3nomos acogidos a la tarifa plana: <\/b><span style=\"font-weight: 400;\">si ya est\u00e1s disfrutando de <\/span><a href=\"https:\/\/www.billin.net\/blog\/requisitos-cumplir-tarifa-plana\/\"><span style=\"font-weight: 400;\">la tarifa plana<\/span><\/a><span style=\"font-weight: 400;\"> (actualmente fijada en 80 euros al mes durante el primer a\u00f1o), tambi\u00e9n puedes optar a la cuota cero.\u00a0<\/span><\/li>\n<\/ul>\n<h3><b>\u00bfCu\u00e1nto tiempo se puede disfrutar la cuota cero para aut\u00f3nomos?<\/b><\/h3>\n<p><span style=\"font-weight: 400;\">La cuota cero para aut\u00f3nomos en Andaluc\u00eda tiene una duraci\u00f3n limitada.<\/span><\/p>\n<p><span style=\"font-weight: 400;\">Los aut\u00f3nomos que se den de alta por primera vez pueden disfrutar de la cuota cero durante los <\/span><b>12 meses iniciales<\/b><span style=\"font-weight: 400;\"> de su actividad, siempre que est\u00e9n acogidos a la tarifa plana estatal. En algunos casos, este beneficio puede prolongarse hasta los <\/span><b>24 meses<\/b><span style=\"font-weight: 400;\">.<\/span><\/p>\n<p><span style=\"font-weight: 400;\">Los nuevos aut\u00f3nomos podr\u00e1n disfrutar de un segundo a\u00f1o de bonificaci\u00f3n <\/span><b>si cumplen con alguno de estos criterios:<\/b><\/p>\n<ul>\n<li style=\"font-weight: 400;\" aria-level=\"1\"><b>Ingresos bajos<\/b><span style=\"font-weight: 400;\">: haber generado ingresos inferiores al <\/span><b>Salario m\u00ednimo interprofesional (SMI)<\/b><span style=\"font-weight: 400;\"> durante el primer a\u00f1o de actividad.<\/span><\/li>\n<li style=\"font-weight: 400;\" aria-level=\"1\"><b>Reincorporaci\u00f3n tras la maternidad<\/b><span style=\"font-weight: 400;\">: aut\u00f3nomas que vuelvan a trabajar por cuenta propia dentro de los <\/span><b>dos a\u00f1os siguientes al cese<\/b><span style=\"font-weight: 400;\"> por maternidad, computados desde la fecha de reincorporaci\u00f3n.<\/span><\/li>\n<li style=\"font-weight: 400;\" aria-level=\"1\"><b>Situaci\u00f3n de discapacidad<\/b><span style=\"font-weight: 400;\">: tener un grado de discapacidad igual o superior al <\/span><b>33%<\/b><span style=\"font-weight: 400;\">.<\/span><\/li>\n<li style=\"font-weight: 400;\" aria-level=\"1\"><b>Condici\u00f3n de v\u00edctima<\/b><span style=\"font-weight: 400;\">: ser v\u00edctima de violencia de g\u00e9nero o terrorismo.<\/span><\/li>\n<\/ul>\n<h2><b>Ventajas de la cuota cero para aut\u00f3nomos en Andaluc\u00eda<\/b><\/h2>\n<p><span style=\"font-weight: 400;\">La <\/span><b>cuota cero<\/b><span style=\"font-weight: 400;\"> para aut\u00f3nomos en Andaluc\u00eda es una medida dise\u00f1ada para aliviar la carga econ\u00f3mica de los emprendedores, especialmente durante los primeros meses de actividad.\u00a0<\/span><\/p>\n<p><span style=\"font-weight: 400;\">A continuaci\u00f3n, <\/span><b>te detallamos las principales ventajas de la cuota cero:<\/b><\/p>\n<h3><b>Reducci\u00f3n significativa de los costes iniciales<\/b><\/h3>\n<p><span style=\"font-weight: 400;\">Una de las principales ventajas de la cuota cero es la <\/span><b>eliminaci\u00f3n de la cuota de aut\u00f3nomos<\/b><span style=\"font-weight: 400;\"> durante el periodo bonificado.<\/span><\/p>\n<p><span style=\"font-weight: 400;\">Esto supone un gran ahorro, especialmente para aquellos que est\u00e1n comenzando su actividad, ya que los primeros meses de un negocio suelen ser los m\u00e1s complicados econ\u00f3micamente.\u00a0<\/span><\/p>\n<p><span style=\"font-weight: 400;\">La bonificaci\u00f3n en la cotizaci\u00f3n a la Seguridad Social permite que el aut\u00f3nomo pueda centrarse en otros aspectos de su emprendimiento sin la presi\u00f3n de los pagos mensuales de la cuota.<\/span><\/p>\n<h3><b>Fomento del emprendimiento<\/b><\/h3>\n<p><span style=\"font-weight: 400;\">La cuota cero es una herramienta clave para <\/span><b>fomentar el emprendimiento en Andaluc\u00eda<\/b><span style=\"font-weight: 400;\">, especialmente entre aquellos que a\u00fan no han dado el paso de convertirse en aut\u00f3nomos por el temor a los altos costes de la cuota mensual.\u00a0<\/span><\/p>\n<p><span style=\"font-weight: 400;\">Al eliminar esta barrera econ\u00f3mica, la medida anima a muchos a comenzar su actividad profesional y probar su idea de negocio, lo que puede generar nuevos puestos de trabajo y dinamizar la econom\u00eda local.<\/span><\/p>\n<h3><b>Apoyo adicional para colectivos vulnerables<\/b><\/h3>\n<p><span style=\"font-weight: 400;\">La cuota cero no solo est\u00e1 disponible para nuevos aut\u00f3nomos, sino que tambi\u00e9n se extiende a determinados <\/span><b>colectivos vulnerables<\/b><span style=\"font-weight: 400;\"> como v\u00edctimas de violencia de g\u00e9nero, personas con discapacidad o aquellas que hayan retornado al trabajo por cuenta propia despu\u00e9s de la maternidad.\u00a0<\/span><\/p>\n<p><span style=\"font-weight: 400;\">Este apoyo adicional <\/span><b>contribuye a una mayor inclusi\u00f3n social y laboral<\/b><span style=\"font-weight: 400;\">, permitiendo que m\u00e1s personas puedan emprender y gestionar su negocio de forma independiente.<\/span><\/p>\n<h3><b>Facilita la transici\u00f3n entre el empleo y el autoempleo<\/b><\/h3>\n<p><span style=\"font-weight: 400;\">La cuota cero permite a los aut\u00f3nomos <\/span><b>hacer la transici\u00f3n <\/b><span style=\"font-weight: 400;\">del empleo por cuenta ajena al autoempleo <\/span><b>de manera m\u00e1s suave<\/b><span style=\"font-weight: 400;\">, sin la preocupaci\u00f3n de afrontar el pago de la cuota de aut\u00f3nomos en sus primeros meses de actividad.\u00a0<\/span><\/p>\n<p><span style=\"font-weight: 400;\">Esta bonificaci\u00f3n se convierte en un bal\u00f3n de ox\u00edgeno para quienes deciden arriesgarse a emprender tras dejar su empleo, lo que<\/span><b> aumenta las probabilidades de \u00e9xito en su nuevo proyecto.<\/b><\/p>\n<h3><b>Mayor flexibilidad y tranquilidad financiera<\/b><\/h3>\n<p><span style=\"font-weight: 400;\">Al no tener que pagar la cuota de aut\u00f3nomos, los emprendedores <\/span><b>pueden disponer de una mayor flexibilidad financiera<\/b><span style=\"font-weight: 400;\"> durante los primeros meses de su actividad.\u00a0<\/span><\/p>\n<p><span style=\"font-weight: 400;\">Esto les da la oportunidad de invertir ese dinero en <\/span><b>herramientas<\/b><span style=\"font-weight: 400;\"> o <\/span><b>recursos<\/b><span style=\"font-weight: 400;\"> para hacer crecer su negocio, como <\/span><b>formaci\u00f3n, marketing, o infraestructura b\u00e1sica<\/b><span style=\"font-weight: 400;\">, como un <\/span><a href=\"https:\/\/www.billin.net\/\"><span style=\"font-weight: 400;\">software de facturaci\u00f3n<\/span><\/a><span style=\"font-weight: 400;\">, que puede marcar la diferencia en el inicio de su andadura como aut\u00f3nomos.<\/span><\/p>\n<h3><b>Impulso al empleo aut\u00f3nomo en la comunidad<\/b><\/h3>\n<p><span style=\"font-weight: 400;\">La medida de la cuota cero no solo beneficia a los aut\u00f3nomos, sino que tambi\u00e9n tiene un <\/span><b>impacto positivo en la econom\u00eda de Andaluc\u00eda<\/b><span style=\"font-weight: 400;\">.<\/span><\/p>\n<p><span style=\"font-weight: 400;\">Al apoyar a los emprendedores locales, se fomenta el desarrollo de nuevas empresas, lo que puede generar empleo indirecto, productos y servicios innovadores y una mayor diversidad en el mercado.<\/span><\/p>\n<h2><b>Condiciones para mantener la cuota cero<\/b><\/h2>\n<p><span style=\"font-weight: 400;\">Para beneficiarte de la <\/span><b>cuota cero para aut\u00f3nomos en Andaluc\u00eda<\/b><span style=\"font-weight: 400;\">, es fundamental cumplir una serie de requisitos a lo largo de todo el periodo en que se disfrute de esta bonificaci\u00f3n.\u00a0<\/span><\/p>\n<p><span style=\"font-weight: 400;\">Estos son los<\/span><b> puntos clave a tener en cuenta:<\/b><\/p>\n<ul>\n<li style=\"font-weight: 400;\" aria-level=\"1\"><b>Estar acogido a la tarifa plana estatal: <\/b><span style=\"font-weight: 400;\">la cuota cero es un complemento a la tarifa plana estatal. Por ello, para poder beneficiarte de esta bonificaci\u00f3n auton\u00f3mica, es imprescindible estar disfrutando previamente de este beneficio.<\/span><\/li>\n<li style=\"font-weight: 400;\" aria-level=\"1\"><b>Alta como aut\u00f3nomo a partir de 2023: <\/b><span style=\"font-weight: 400;\">la<\/span> <a href=\"https:\/\/www.juntadeandalucia.es\/boja\/2023\/248\/4\"><span style=\"font-weight: 400;\">Resoluci\u00f3n de 22 de diciembre de 2023, de Direcci\u00f3n General de Trabajo Aut\u00f3nomo y Econom\u00eda Social de la Junta de Andaluc\u00eda<\/span><\/a><span style=\"font-weight: 400;\"> que aprueba la concesi\u00f3n de esta subvenci\u00f3n estipula que s\u00f3lo pueden acceder a la cuota cero los aut\u00f3nomos que se hayan dado de alta en el R\u00e9gimen Especial de Trabajadores Aut\u00f3nomos (RETA) <\/span><b>a partir de enero de 2023<\/b><span style=\"font-weight: 400;\">. Las altas anteriores a esta fecha no est\u00e1n contempladas en el programa.<\/span><\/li>\n<li style=\"font-weight: 400;\" aria-level=\"1\"><b>Mantenerse dado de alta en el RETA: <\/b><span style=\"font-weight: 400;\">es obligatorio permanecer inscrito en el RETA durante todo el tiempo que se quiera disfrutar de la cuota cero. Si el aut\u00f3nomo se da de baja durante el periodo bonificado, perder\u00e1 el derecho a seguir recibiendo esta ayuda.<\/span><\/li>\n<li style=\"font-weight: 400;\" aria-level=\"1\"><b>Residencia y actividad en Andaluc\u00eda: <\/b><span style=\"font-weight: 400;\">la cuota cero es una medida de apoyo regional, por lo que est\u00e1 limitada a quienes residan y desarrollen su actividad profesional en Andaluc\u00eda. Por tanto, ser\u00e1 <\/span><b>necesario acreditar el empadronamiento <\/b><span style=\"font-weight: 400;\">en un municipio de la comunidad aut\u00f3noma.<\/span><\/li>\n<li style=\"font-weight: 400;\" aria-level=\"1\"><b>Cumplimiento de obligaciones fiscales y con la Seguridad Social: <\/b><span style=\"font-weight: 400;\">es imprescindible estar al corriente con las obligaciones tributarias, tanto con la Agencia Tributaria como con la Seguridad Social. Cualquier deuda o irregularidad podr\u00eda suponer la p\u00e9rdida del derecho a la bonificaci\u00f3n.<\/span><\/li>\n<\/ul>\n<h3><b>Exclusiones espec\u00edficas<\/b><\/h3>\n<p><span style=\"font-weight: 400;\">La Junta de Andaluc\u00eda establece que <\/span><b>no podr\u00e1n beneficiarse de la cuota cero aquellos aut\u00f3nomos que:<\/b><\/p>\n<ul>\n<li style=\"font-weight: 400;\" aria-level=\"1\"><b>Hayan sido condenados<\/b><span style=\"font-weight: 400;\"> por una sentencia firme que les proh\u00edba acceder a ayudas o subvenciones p\u00fablicas.<\/span><\/li>\n<li style=\"font-weight: 400;\" aria-level=\"1\"><b>Est\u00e9n en situaci\u00f3n de insolvencia o concurso<\/b><span style=\"font-weight: 400;\">: esto incluye haber solicitado la declaraci\u00f3n de concurso voluntario o haber sido declarados insolventes en cualquier procedimiento.<\/span><\/li>\n<li style=\"font-weight: 400;\" aria-level=\"1\"><b>Residan fiscalmente en para\u00edsos fiscales<\/b><span style=\"font-weight: 400;\">: aut\u00f3nomos con residencia fiscal en territorios clasificados como para\u00edsos fiscales est\u00e1n expresamente excluidos de esta bonificaci\u00f3n.<\/span><\/li>\n<\/ul>\n<h3><b>Consecuencias del incumplimiento<\/b><\/h3>\n<p><span style=\"font-weight: 400;\">Es importante recordar que el incumplimiento de cualquiera de estos requisitos puede llevar a la <\/span><b>p\u00e9rdida del beneficio de la cuota cero<\/b><span style=\"font-weight: 400;\">. Adem\u00e1s, en caso de irregularidades, se podr\u00eda exigir la <\/span><b>devoluci\u00f3n de las cantidades bonificadas<\/b><span style=\"font-weight: 400;\">.<\/span><\/p>\n<p><span style=\"font-weight: 400;\">Por ello, es fundamental cumplir con todas las obligaciones legales y asegurarte de que tu situaci\u00f3n se ajuste a los requisitos establecidos para aprovechar esta medida sin problemas.<\/span><\/p>\n<h2><b>Pasos para solicitar la cuota cero de aut\u00f3nomos en Andaluc\u00eda<\/b><\/h2>\n<p><span style=\"font-weight: 400;\">A continuaci\u00f3n, <\/span><b>te explicamos el procedimiento detallado para formalizar tu solicitud:<\/b><\/p>\n<h3><b>Accede al portal oficial de la Junta de Andaluc\u00eda<\/b><\/h3>\n<p><span style=\"font-weight: 400;\">El primer paso es dirigirte al portal web de la <\/span><b>Junta de Andaluc\u00eda<\/b><span style=\"font-weight: 400;\">, donde encontrar\u00e1s toda la informaci\u00f3n sobre la cuota cero y el <\/span><b>formulario necesario para realizar la solicitud<\/b><span style=\"font-weight: 400;\">.\u00a0<\/span><\/p>\n<p><span style=\"font-weight: 400;\">Puedes buscar directamente en el apartado relacionado con el <\/span><b>fomento del trabajo aut\u00f3nomo<\/b><span style=\"font-weight: 400;\"> de la consejer\u00eda de empleo, empresa y trabajo aut\u00f3nomo.<\/span><\/p>\n<p><b>Puedes consultarlo en<\/b> <b>\u2192<\/b> <a href=\"https:\/\/www.juntadeandalucia.es\/organismos\/empleoempresaytrabajoautonomo\/servicios\/procedimientos\/detalle\/25342.html#toc-c-mo-realizar-el-tr-mite\"><span style=\"font-weight: 400;\">este enlace<\/span><\/a><\/p>\n<p><img loading=\"lazy\" decoding=\"async\" class=\"alignnone wp-image-24042 size-full\" src=\"https:\/\/www.billin.net\/blog\/wp-content\/uploads\/2024\/12\/solicitar-cuota-cero-para-autonomos-de-la-junta-de-Andalucia.png\" alt=\"solicitar cuota cero de aut\u00f3nomos para la junta de Andaluc\u00eda \" width=\"984\" height=\"358\" srcset=\"https:\/\/www.billin.net\/blog\/wp-content\/uploads\/2024\/12\/solicitar-cuota-cero-para-autonomos-de-la-junta-de-Andalucia.png 984w, https:\/\/www.billin.net\/blog\/wp-content\/uploads\/2024\/12\/solicitar-cuota-cero-para-autonomos-de-la-junta-de-Andalucia-300x109.png 300w, https:\/\/www.billin.net\/blog\/wp-content\/uploads\/2024\/12\/solicitar-cuota-cero-para-autonomos-de-la-junta-de-Andalucia-768x279.png 768w\" sizes=\"(max-width: 984px) 100vw, 984px\" \/><\/p>\n<p><span style=\"font-weight: 400;\">A continuaci\u00f3n, m\u00e1s abajo, en el apartado <\/span><b>c\u00f3mo realizar el tr\u00e1mite,<\/b><span style=\"font-weight: 400;\"> podr\u00e1s encontrar el formulario y <strong>descargarlo en formato PDF.<\/strong><\/span><\/p>\n<p><img loading=\"lazy\" decoding=\"async\" class=\"alignnone wp-image-24043 size-full\" src=\"https:\/\/www.billin.net\/blog\/wp-content\/uploads\/2024\/12\/Captura-de-pantalla-2024-12-19-100807.png\" alt=\"\" width=\"960\" height=\"297\" srcset=\"https:\/\/www.billin.net\/blog\/wp-content\/uploads\/2024\/12\/Captura-de-pantalla-2024-12-19-100807.png 960w, https:\/\/www.billin.net\/blog\/wp-content\/uploads\/2024\/12\/Captura-de-pantalla-2024-12-19-100807-300x93.png 300w, https:\/\/www.billin.net\/blog\/wp-content\/uploads\/2024\/12\/Captura-de-pantalla-2024-12-19-100807-768x238.png 768w\" sizes=\"(max-width: 960px) 100vw, 960px\" \/><\/p>\n<h3><b>Completa el formulario de solicitud<\/b><\/h3>\n<p><span style=\"font-weight: 400;\">Una vez dentro del portal, debes rellenar el formulario espec\u00edfico para la cuota cero. <\/span><b>En este documento:<\/b><\/p>\n<ul>\n<li style=\"font-weight: 400;\" aria-level=\"1\"><span style=\"font-weight: 400;\">Proporcionas tus <\/span><b>datos personales<\/b><span style=\"font-weight: 400;\"> y la<\/span><b> informaci\u00f3n relacionada con tu actividad <\/b><span style=\"font-weight: 400;\">como aut\u00f3nomo.<\/span><\/li>\n<li style=\"font-weight: 400;\" aria-level=\"1\"><span style=\"font-weight: 400;\">Indicas si perteneces a la l\u00ednea de <\/span><b>cuota cero general<\/b><span style=\"font-weight: 400;\"> (para los 12 meses iniciales) o a la <\/span><b>extensi\u00f3n a 24 meses<\/b><span style=\"font-weight: 400;\">. Si optas por esta \u00faltima, tendr\u00e1s que especificar el colectivo al que perteneces (por ejemplo, ingreso por debajo del SMI, reincorporaci\u00f3n tras maternidad, discapacidad, entre otros).<\/span><\/li>\n<\/ul>\n<h3><b>Re\u00fane y adjunta la documentaci\u00f3n necesaria<\/b><\/h3>\n<p><span style=\"font-weight: 400;\">Para completar tu solicitud, <\/span><b>deber\u00e1s aportar los siguientes documentos:<\/b><\/p>\n<ul>\n<li style=\"font-weight: 400;\" aria-level=\"1\"><b>Alta en el RETA<\/b><span style=\"font-weight: 400;\">: acreditar que est\u00e1s dado de alta como aut\u00f3nomo.<\/span><\/li>\n<li style=\"font-weight: 400;\" aria-level=\"1\"><b>Documento de identidad<\/b><span style=\"font-weight: 400;\">: DNI o NIE.<\/span><\/li>\n<li style=\"font-weight: 400;\" aria-level=\"1\"><b>Declaraci\u00f3n responsable<\/b><span style=\"font-weight: 400;\">: confirmando que cumples con los requisitos exigidos para acceder a la bonificaci\u00f3n.<\/span><\/li>\n<\/ul>\n<h3><b>Presenta la solicitud de forma telem\u00e1tica<\/b><\/h3>\n<p><span style=\"font-weight: 400;\">La gesti\u00f3n de la cuota cero se realiza exclusivamente <\/span><a href=\"https:\/\/www.juntadeandalucia.es\/empleoformacionytrabajoautonomo\/ovorion\/auth\/loginjs?procedimiento=567\"><span style=\"font-weight: 400;\">de manera telem\u00e1tica<\/span><\/a><span style=\"font-weight: 400;\"> . Para ello, necesitar\u00e1s un <\/span><a href=\"https:\/\/www.billin.net\/blog\/para-que-sirve-certificado-digital\/\"><span style=\"font-weight: 400;\">certificado digital<\/span><\/a><span style=\"font-weight: 400;\"> o un sistema de identificaci\u00f3n v\u00e1lido, como <\/span><a href=\"https:\/\/www.billin.net\/blog\/clave-pin-permanente\/\"><span style=\"font-weight: 400;\">Cl@ve PIN<\/span><\/a><span style=\"font-weight: 400;\">.\u00a0<\/span><\/p>\n<p><span style=\"font-weight: 400;\">Una vez tengas todo listo, sube los documentos y el formulario a trav\u00e9s de la plataforma habilitada en el portal de la Junta.<\/span><\/p>\n<h3><b>Confirma y env\u00eda tu solicitud<\/b><\/h3>\n<p><span style=\"font-weight: 400;\">Al finalizar el proceso, recibir\u00e1s un comprobante de que tu solicitud ha sido registrada correctamente. <\/span><b>Aseg\u00farate de guardar esta confirmaci\u00f3n<\/b><span style=\"font-weight: 400;\">, ya que puede ser \u00fatil para realizar un seguimiento del estado de tu petici\u00f3n.<\/span><\/p>\n<h3><b>Espera la resoluci\u00f3n<\/b><\/h3>\n<p><span style=\"font-weight: 400;\">Una vez enviada la solicitud, la Junta de Andaluc\u00eda revisar\u00e1 tu caso y emitir\u00e1 una resoluci\u00f3n. Si todo est\u00e1 en orden y cumples con los requisitos,<\/span><b> recibir\u00e1s la aprobaci\u00f3n de la ayuda<\/b><span style=\"font-weight: 400;\"> y comenzar\u00e1s a disfrutar de los beneficios de la cuota cero.<\/span><\/p>\n<h2><b>\u00bfCu\u00e1nto tarda en hacerse efectiva la cuota cero en Andaluc\u00eda?<\/b><\/h2>\n<p><span style=\"font-weight: 400;\">El tiempo que tarda en hacerse efectiva la cuota cero para aut\u00f3nomos en Andaluc\u00eda puede variar dependiendo de diversos factores, como la fecha de alta del aut\u00f3nomo y el momento en que se presente la solicitud.<\/span><\/p>\n<p><span style=\"font-weight: 400;\">Sin embargo, recientemente, la Junta de Andaluc\u00eda ha implementado una serie de medidas para agilizar este proceso y reducir los tiempos de espera.<\/span><\/p>\n<h3><b>Sistema automatizado para acelerar la gesti\u00f3n<\/b><\/h3>\n<p><span style=\"font-weight: 400;\">La <\/span><b>gesti\u00f3n de la cuota cero<\/b><span style=\"font-weight: 400;\"> se realiza ahora mediante un <\/span><b>sistema automatizado <\/b><span style=\"font-weight: 400;\">que permite <\/span><b>comprobar de forma autom\u00e1tica que el solicitante cumple con todos los requisitos establecidos<\/b><span style=\"font-weight: 400;\"> para acceder a la bonificaci\u00f3n, sin necesidad de que el aut\u00f3nomo aporte documentaci\u00f3n adicional.\u00a0<\/span><\/p>\n<p><span style=\"font-weight: 400;\">La Junta puede consultar la informaci\u00f3n de oficio, lo que reduce significativamente los tiempos de espera.<\/span><\/p>\n<h3><b>Tiempo estimado para recibir la bonificaci\u00f3n<\/b><\/h3>\n<p><span style=\"font-weight: 400;\">Con estas mejoras en el proceso, la cuota cero es aplicada en un plazo mucho m\u00e1s corto. Si todo est\u00e1 en orden con la solicitud, el pago de la bonificaci\u00f3n puede realizarse en tan solo <\/span><b>unas semanas<\/b><span style=\"font-weight: 400;\">.\u00a0<\/span><\/p>\n<p><span style=\"font-weight: 400;\">Si eres aut\u00f3nomo, tienes una peque\u00f1a empresa o negocio y quieres simplificar la gesti\u00f3n de tus gastos e ingresos, <\/span><a href=\"https:\/\/www.billin.net\/\"><b>Billin<\/b><\/a><span style=\"font-weight: 400;\"> es la soluci\u00f3n perfecta para ti. Con nuestra plataforma, podr\u00e1s <\/span><b>crear facturas, controlar tus pagos, gestionar tus presupuestos<\/b><span style=\"font-weight: 400;\"> y mucho m\u00e1s, todo de manera f\u00e1cil y r\u00e1pida.<\/span><\/p>\n<p><b>Prueba TeamSystem Facturas Billin gratis<\/b><span style=\"font-weight: 400;\"> y descubre c\u00f3mo puede ayudarte a mejorar la gesti\u00f3n financiera de tu actividad.<\/span><\/p>\n<p><a href=\"https:\/\/www.billin.net\"><span style=\"font-weight: 400;\">\u00a1<\/span><span style=\"font-weight: 400;\">Reg\u00edstrate ahora en TeamSystem Facturas Billin<\/span><\/a><span style=\"font-weight: 400;\">!<\/span><\/p>\n","protected":false},"excerpt":{"rendered":"<p>Si est\u00e1s pensando en emprender en Andaluc\u00eda, la cuota cero para aut\u00f3nomos de la Junta de Andaluc\u00eda puede ser el impulso econ\u00f3mico que necesitas.\u00a0 Este programa permite a nuevos aut\u00f3nomos y aut\u00f3nomos en situaci\u00f3n de tarifa plana eliminar el coste de las cotizaciones a la Seguridad Social durante un tiempo determinado.\u00a0 En este art\u00edculo, te [&hellip;]<\/p>\n","protected":false},"author":20,"featured_media":24044,"comment_status":"open","ping_status":"open","sticky":false,"template":"","format":"standard","meta":{"_acf_changed":false,"_et_pb_use_builder":"","_et_pb_old_content":"","_et_gb_content_width":"","om_disable_all_campaigns":false,"inline_featured_image":false,"footnotes":""},"categories":[1015],"tags":[],"class_list":{"0":"post-24041","1":"post","2":"type-post","3":"status-publish","4":"format-standard","5":"has-post-thumbnail","7":"category-facturacion"},"acf":{"selector_de_usuario":"","fecha_de_revision":null},"yoast_head":"<!-- This site is optimized with the Yoast SEO plugin v27.1 - https:\/\/yoast.com\/product\/yoast-seo-wordpress\/ -->\n<title>\u25b7 Cuota cero para aut\u00f3nomos en Andaluc\u00eda: c\u00f3mo solicitarla<\/title>\n<meta name=\"description\" content=\"Descubre c\u00f3mo aprovechar la cuota cero aut\u00f3nomos en Andaluc\u00eda: qui\u00e9nes pueden beneficiarse y los pasos para solicitar esta bonificaci\u00f3n \u27a4 \u00a1Solic\u00edtala!\" \/>\n<meta name=\"robots\" content=\"index, follow, max-snippet:-1, max-image-preview:large, max-video-preview:-1\" \/>\n<link rel=\"canonical\" href=\"https:\/\/www.billin.net\/blog\/cuota-cero-autonomos-junta-andalucia\/\" \/>\n<meta property=\"og:locale\" content=\"es_ES\" \/>\n<meta property=\"og:type\" content=\"article\" \/>\n<meta property=\"og:title\" content=\"\u25b7 Cuota cero para aut\u00f3nomos en Andaluc\u00eda: c\u00f3mo solicitarla\" \/>\n<meta property=\"og:description\" content=\"Descubre c\u00f3mo aprovechar la cuota cero aut\u00f3nomos en Andaluc\u00eda: qui\u00e9nes pueden beneficiarse y los pasos para solicitar esta bonificaci\u00f3n \u27a4 \u00a1Solic\u00edtala!\" \/>\n<meta property=\"og:url\" content=\"https:\/\/www.billin.net\/blog\/cuota-cero-autonomos-junta-andalucia\/\" \/>\n<meta property=\"og:site_name\" content=\"Blog de TeamSystem Facturas Billin\" \/>\n<meta property=\"article:publisher\" content=\"https:\/\/www.facebook.com\/EsBillin\" \/>\n<meta property=\"article:published_time\" content=\"2024-12-20T07:15:27+00:00\" \/>\n<meta property=\"article:modified_time\" content=\"2025-09-25T18:26:57+00:00\" \/>\n<meta property=\"og:image\" content=\"https:\/\/www.billin.net\/blog\/wp-content\/uploads\/2024\/12\/solicitar-cuota-cero-para-autonomos-en-la-junta-de-Andalucia-scaled.jpg\" \/>\n\t<meta property=\"og:image:width\" content=\"2048\" \/>\n\t<meta property=\"og:image:height\" content=\"1367\" \/>\n\t<meta property=\"og:image:type\" content=\"image\/jpeg\" \/>\n<meta name=\"author\" content=\"Marcos De La Cueva - CEO TeamSystem Facturas Billin\" \/>\n<meta name=\"twitter:card\" content=\"summary_large_image\" \/>\n<meta name=\"twitter:creator\" content=\"@Billin_ES\" \/>\n<meta name=\"twitter:site\" content=\"@Billin_ES\" \/>\n<meta name=\"twitter:label1\" content=\"Escrito por\" \/>\n\t<meta name=\"twitter:data1\" content=\"Marcos De La Cueva - CEO TeamSystem Facturas Billin\" \/>\n\t<meta name=\"twitter:label2\" content=\"Tiempo de lectura\" \/>\n\t<meta name=\"twitter:data2\" content=\"11 minutos\" \/>\n<script type=\"application\/ld+json\" class=\"yoast-schema-graph\">{\"@context\":\"https:\/\/schema.org\",\"@graph\":[{\"@type\":\"Article\",\"@id\":\"https:\/\/www.billin.net\/blog\/cuota-cero-autonomos-junta-andalucia\/#article\",\"isPartOf\":{\"@id\":\"https:\/\/www.billin.net\/blog\/cuota-cero-autonomos-junta-andalucia\/\"},\"author\":{\"name\":\"Marcos De La Cueva - CEO TeamSystem Facturas Billin\",\"@id\":\"https:\/\/www.billin.net\/blog\/#\/schema\/person\/d0339ee6e869234614541b1e80a793e7\"},\"headline\":\"Cuota cero aut\u00f3nomos junta de Andaluc\u00eda: c\u00f3mo funciona y qu\u00e9 debes hacer\",\"datePublished\":\"2024-12-20T07:15:27+00:00\",\"dateModified\":\"2025-09-25T18:26:57+00:00\",\"mainEntityOfPage\":{\"@id\":\"https:\/\/www.billin.net\/blog\/cuota-cero-autonomos-junta-andalucia\/\"},\"wordCount\":2320,\"commentCount\":0,\"publisher\":{\"@id\":\"https:\/\/www.billin.net\/blog\/#organization\"},\"image\":{\"@id\":\"https:\/\/www.billin.net\/blog\/cuota-cero-autonomos-junta-andalucia\/#primaryimage\"},\"thumbnailUrl\":\"https:\/\/www.billin.net\/blog\/wp-content\/uploads\/2024\/12\/solicitar-cuota-cero-para-autonomos-en-la-junta-de-Andalucia-scaled.jpg\",\"articleSection\":[\"Facturaci\u00f3n\"],\"inLanguage\":\"es\",\"potentialAction\":[{\"@type\":\"CommentAction\",\"name\":\"Comment\",\"target\":[\"https:\/\/www.billin.net\/blog\/cuota-cero-autonomos-junta-andalucia\/#respond\"]}]},{\"@type\":\"WebPage\",\"@id\":\"https:\/\/www.billin.net\/blog\/cuota-cero-autonomos-junta-andalucia\/\",\"url\":\"https:\/\/www.billin.net\/blog\/cuota-cero-autonomos-junta-andalucia\/\",\"name\":\"\u25b7 Cuota cero para aut\u00f3nomos en Andaluc\u00eda: c\u00f3mo solicitarla\",\"isPartOf\":{\"@id\":\"https:\/\/www.billin.net\/blog\/#website\"},\"primaryImageOfPage\":{\"@id\":\"https:\/\/www.billin.net\/blog\/cuota-cero-autonomos-junta-andalucia\/#primaryimage\"},\"image\":{\"@id\":\"https:\/\/www.billin.net\/blog\/cuota-cero-autonomos-junta-andalucia\/#primaryimage\"},\"thumbnailUrl\":\"https:\/\/www.billin.net\/blog\/wp-content\/uploads\/2024\/12\/solicitar-cuota-cero-para-autonomos-en-la-junta-de-Andalucia-scaled.jpg\",\"datePublished\":\"2024-12-20T07:15:27+00:00\",\"dateModified\":\"2025-09-25T18:26:57+00:00\",\"description\":\"Descubre c\u00f3mo aprovechar la cuota cero aut\u00f3nomos en Andaluc\u00eda: qui\u00e9nes pueden beneficiarse y los pasos para solicitar esta bonificaci\u00f3n \u27a4 \u00a1Solic\u00edtala!\",\"breadcrumb\":{\"@id\":\"https:\/\/www.billin.net\/blog\/cuota-cero-autonomos-junta-andalucia\/#breadcrumb\"},\"inLanguage\":\"es\",\"potentialAction\":[{\"@type\":\"ReadAction\",\"target\":[\"https:\/\/www.billin.net\/blog\/cuota-cero-autonomos-junta-andalucia\/\"]}]},{\"@type\":\"ImageObject\",\"inLanguage\":\"es\",\"@id\":\"https:\/\/www.billin.net\/blog\/cuota-cero-autonomos-junta-andalucia\/#primaryimage\",\"url\":\"https:\/\/www.billin.net\/blog\/wp-content\/uploads\/2024\/12\/solicitar-cuota-cero-para-autonomos-en-la-junta-de-Andalucia-scaled.jpg\",\"contentUrl\":\"https:\/\/www.billin.net\/blog\/wp-content\/uploads\/2024\/12\/solicitar-cuota-cero-para-autonomos-en-la-junta-de-Andalucia-scaled.jpg\",\"width\":2048,\"height\":1367},{\"@type\":\"BreadcrumbList\",\"@id\":\"https:\/\/www.billin.net\/blog\/cuota-cero-autonomos-junta-andalucia\/#breadcrumb\",\"itemListElement\":[{\"@type\":\"ListItem\",\"position\":1,\"name\":\"Blog\",\"item\":\"https:\/\/www.billin.net\/blog\/\"},{\"@type\":\"ListItem\",\"position\":2,\"name\":\"Facturaci\u00f3n\",\"item\":\"https:\/\/www.billin.net\/blog\/facturacion\/\"},{\"@type\":\"ListItem\",\"position\":3,\"name\":\"Cuota cero aut\u00f3nomos junta de Andaluc\u00eda: c\u00f3mo funciona y qu\u00e9 debes hacer\"}]},{\"@type\":\"WebSite\",\"@id\":\"https:\/\/www.billin.net\/blog\/#website\",\"url\":\"https:\/\/www.billin.net\/blog\/\",\"name\":\"Blog de Billin\",\"description\":\"Mantente informado con el blog de TeamSystem Facturas Billin:  facturaci\u00f3n, legislaci\u00f3n, contabilidad, management y toda la informaci\u00f3n \u00fatil para pymes y aut\u00f3nomos.\",\"publisher\":{\"@id\":\"https:\/\/www.billin.net\/blog\/#organization\"},\"potentialAction\":[{\"@type\":\"SearchAction\",\"target\":{\"@type\":\"EntryPoint\",\"urlTemplate\":\"https:\/\/www.billin.net\/blog\/?s={search_term_string}\"},\"query-input\":{\"@type\":\"PropertyValueSpecification\",\"valueRequired\":true,\"valueName\":\"search_term_string\"}}],\"inLanguage\":\"es\"},{\"@type\":\"Organization\",\"@id\":\"https:\/\/www.billin.net\/blog\/#organization\",\"name\":\"Billin\",\"alternateName\":\"Blog de Billin\",\"url\":\"https:\/\/www.billin.net\/blog\/\",\"logo\":{\"@type\":\"ImageObject\",\"inLanguage\":\"es\",\"@id\":\"https:\/\/www.billin.net\/blog\/#\/schema\/logo\/image\/\",\"url\":\"https:\/\/www.billin.net\/blog\/wp-content\/uploads\/2019\/06\/logotipo-billin-blog-1.png\",\"contentUrl\":\"https:\/\/www.billin.net\/blog\/wp-content\/uploads\/2019\/06\/logotipo-billin-blog-1.png\",\"width\":126,\"height\":50,\"caption\":\"Billin\"},\"image\":{\"@id\":\"https:\/\/www.billin.net\/blog\/#\/schema\/logo\/image\/\"},\"sameAs\":[\"https:\/\/www.facebook.com\/EsBillin\",\"https:\/\/x.com\/Billin_ES\",\"https:\/\/www.instagram.com\/billin_es\/\",\"https:\/\/www.linkedin.com\/company\/billin-spain\",\"https:\/\/www.youtube.com\/c\/BillinEsintercambiodefacturas\/\"],\"legalName\":\"MY EXPENSES SL\",\"contactPoint\":{\"@type\":\"ContactPoint\",\"telephone\":\"+34918318883\",\"contactType\":\"customer service\",\"email\":\"info@billin.eu\",\"availableLanguage\":\"es\"},\"foundingDate\":\"2015\",\"numberOfEmployees\":{\"@type\":\"QuantitativeValue\",\"minValue\":10,\"maxValue\":50},\"parentOrganization\":{\"@type\":\"Organization\",\"name\":\"TeamSystem\",\"url\":\"https:\/\/www.teamsystem.com\/\"},\"description\":\"Billin es el programa de facturaci\u00f3n online de TeamSystem para aut\u00f3nomos y pymes en Espa\u00f1a. Permite crear facturas, controlar gastos y cumplir con Verifactu.\",\"address\":{\"@type\":\"PostalAddress\",\"streetAddress\":\"Calle Arturo Soria, 336\",\"addressLocality\":\"Madrid\",\"addressRegion\":\"Madrid\",\"postalCode\":\"28033\",\"addressCountry\":\"ES\"}},{\"@type\":\"Person\",\"@id\":\"https:\/\/www.billin.net\/blog\/#\/schema\/person\/d0339ee6e869234614541b1e80a793e7\",\"name\":\"Marcos De La Cueva - CEO TeamSystem Facturas Billin\",\"image\":{\"@type\":\"ImageObject\",\"inLanguage\":\"es\",\"@id\":\"https:\/\/www.billin.net\/blog\/#\/schema\/person\/image\/\",\"url\":\"https:\/\/www.billin.net\/blog\/wp-content\/uploads\/2023\/10\/marcos-color-150x150.png\",\"contentUrl\":\"https:\/\/www.billin.net\/blog\/wp-content\/uploads\/2023\/10\/marcos-color-150x150.png\",\"caption\":\"Marcos De La Cueva - CEO TeamSystem Facturas Billin\"},\"description\":\"Licenciado en ADE por la Universidad Aut\u00f3noma de Madrid, Marcos De la Cueva es CEO y cofundador de TeamSystem Facturas Billin, un programa online que lleva m\u00e1s de 9 a\u00f1os ayudando a aut\u00f3nomos, peque\u00f1os negocios y gestor\u00edas a digitalizar sus presupuestos, facturas, tickets y gastos. \u00a0 Sobre Marcos De La Cueva \u00a0 Apasionado por el mundo empresarial y la tecnolog\u00eda, curs\u00f3 su M\u00e1ster de Finanzas en la Universidad Pontificia de Comillas y estuvo en el Programa de Cooperaci\u00f3n Educativa de la Universidad Aut\u00f3noma de Madrid. \u00a0 Marcos siempre ha tenido su objetivo claro: ayudar a la creaci\u00f3n de negocios financieramente sostenibles a trav\u00e9s de una herramienta de facturaci\u00f3n que les permita ahorrar tiempo y tener la contabilidad bajo control. \u00a0 Marcos De La Cueva en los medios \u2014 Noticia sobre Kit Digital y Ley Antifraude (VeriFactu) en El Economista. \u2014 Noticia sobre Kit Digital y factura electr\u00f3nica obligatoria en Diario Jur\u00eddico. \u2014 Noticia sobre el a\u00f1o de transici\u00f3n para la factura electr\u00f3nica en Muy Pymes. \u2014 Entrevista sobre factura electr\u00f3nica obligatoria en Canal Sur. \u2014 Noticia sobre el informe factura electr\u00f3nica de TeamSystem en Channel Partner. \u2014 Charla sobre productividad y Ley Crea y Crece en El Economista. \u2014 Charla sobre factura electr\u00f3nica obligatoria en Muy Pymes. \u2014 Charla sobre digitalizaci\u00f3n aut\u00f3nomos y productividad en esdiario. \u2014 Charla sobre productividad y factura electr\u00f3nica en La Raz\u00f3n. \u2014 Charla sobre factura electr\u00f3nica obligatoria en Aut\u00f3nomos y Emprendedores. \u2014 Entrevista sobre Ley Antifraude y Ley Crea y Crece en Expansi\u00f3n. \u2014 Entrevista sobre Ley Antifraude y Ley Crea y Crece en La Raz\u00f3n. \u2014 Entrevista sobre factura electr\u00f3nica obligatoria en El Economista. \u2014 Comunicado Billin y TeamSystem en Business Insider. \u2014 Entrevista en Econom\u00eda Digital. \u2014 Entrevista en Ideas para tu empresa de Vodafone. \u2014 Entrevista en M\u00e1sQradio. \u2014 Entrevista en Armas para emprender de El M\u00e9todo Gallardo. \u2014 Entrevista en KFund. \u2014 Entrevista en AXA Seguros Espa\u00f1a. \u2014 Entrevista en GestionaRadio. \u00a0 Marcos De La Cueva en eventos \u00a0 \u2014 Participaci\u00f3n como ponente en Accountex Espa\u00f1a 2023. \u00a0 Tem\u00e1ticas de especializaci\u00f3n \u00a0 negocios | startups | contabilidad| fiscalidad | empresas| asesor\u00edas| autonomos | emprendedores | peque\u00f1os negocios | econom\u00eda | ADE | pymes | desarrollo de negocio\u00a0\",\"sameAs\":[\"https:\/\/www.billin.net\/\",\"https:\/\/www.linkedin.com\/in\/marcos-de-la-cueva-19750ba3\/\"],\"url\":\"https:\/\/www.billin.net\/blog\/author\/marcosdelacueva\/\",\"jobTitle\":\"CEO y cofundador de TS Facturas Billin\"}]}<\/script>\n<!-- \/ Yoast SEO plugin. -->","yoast_head_json":{"title":"\u25b7 Cuota cero para aut\u00f3nomos en Andaluc\u00eda: c\u00f3mo solicitarla","description":"Descubre c\u00f3mo aprovechar la cuota cero aut\u00f3nomos en Andaluc\u00eda: qui\u00e9nes pueden beneficiarse y los pasos para solicitar esta bonificaci\u00f3n \u27a4 \u00a1Solic\u00edtala!","robots":{"index":"index","follow":"follow","max-snippet":"max-snippet:-1","max-image-preview":"max-image-preview:large","max-video-preview":"max-video-preview:-1"},"canonical":"https:\/\/www.billin.net\/blog\/cuota-cero-autonomos-junta-andalucia\/","og_locale":"es_ES","og_type":"article","og_title":"\u25b7 Cuota cero para aut\u00f3nomos en Andaluc\u00eda: c\u00f3mo solicitarla","og_description":"Descubre c\u00f3mo aprovechar la cuota cero aut\u00f3nomos en Andaluc\u00eda: qui\u00e9nes pueden beneficiarse y los pasos para solicitar esta bonificaci\u00f3n \u27a4 \u00a1Solic\u00edtala!","og_url":"https:\/\/www.billin.net\/blog\/cuota-cero-autonomos-junta-andalucia\/","og_site_name":"Blog de TeamSystem Facturas Billin","article_publisher":"https:\/\/www.facebook.com\/EsBillin","article_published_time":"2024-12-20T07:15:27+00:00","article_modified_time":"2025-09-25T18:26:57+00:00","og_image":[{"width":2048,"height":1367,"url":"https:\/\/www.billin.net\/blog\/wp-content\/uploads\/2024\/12\/solicitar-cuota-cero-para-autonomos-en-la-junta-de-Andalucia-scaled.jpg","type":"image\/jpeg"}],"author":"Marcos De La Cueva - CEO TeamSystem Facturas Billin","twitter_card":"summary_large_image","twitter_creator":"@Billin_ES","twitter_site":"@Billin_ES","twitter_misc":{"Escrito por":"Marcos De La Cueva - CEO TeamSystem Facturas Billin","Tiempo de lectura":"11 minutos"},"schema":{"@context":"https:\/\/schema.org","@graph":[{"@type":"Article","@id":"https:\/\/www.billin.net\/blog\/cuota-cero-autonomos-junta-andalucia\/#article","isPartOf":{"@id":"https:\/\/www.billin.net\/blog\/cuota-cero-autonomos-junta-andalucia\/"},"author":{"name":"Marcos De La Cueva - CEO TeamSystem Facturas Billin","@id":"https:\/\/www.billin.net\/blog\/#\/schema\/person\/d0339ee6e869234614541b1e80a793e7"},"headline":"Cuota cero aut\u00f3nomos junta de Andaluc\u00eda: c\u00f3mo funciona y qu\u00e9 debes hacer","datePublished":"2024-12-20T07:15:27+00:00","dateModified":"2025-09-25T18:26:57+00:00","mainEntityOfPage":{"@id":"https:\/\/www.billin.net\/blog\/cuota-cero-autonomos-junta-andalucia\/"},"wordCount":2320,"commentCount":0,"publisher":{"@id":"https:\/\/www.billin.net\/blog\/#organization"},"image":{"@id":"https:\/\/www.billin.net\/blog\/cuota-cero-autonomos-junta-andalucia\/#primaryimage"},"thumbnailUrl":"https:\/\/www.billin.net\/blog\/wp-content\/uploads\/2024\/12\/solicitar-cuota-cero-para-autonomos-en-la-junta-de-Andalucia-scaled.jpg","articleSection":["Facturaci\u00f3n"],"inLanguage":"es","potentialAction":[{"@type":"CommentAction","name":"Comment","target":["https:\/\/www.billin.net\/blog\/cuota-cero-autonomos-junta-andalucia\/#respond"]}]},{"@type":"WebPage","@id":"https:\/\/www.billin.net\/blog\/cuota-cero-autonomos-junta-andalucia\/","url":"https:\/\/www.billin.net\/blog\/cuota-cero-autonomos-junta-andalucia\/","name":"\u25b7 Cuota cero para aut\u00f3nomos en Andaluc\u00eda: c\u00f3mo solicitarla","isPartOf":{"@id":"https:\/\/www.billin.net\/blog\/#website"},"primaryImageOfPage":{"@id":"https:\/\/www.billin.net\/blog\/cuota-cero-autonomos-junta-andalucia\/#primaryimage"},"image":{"@id":"https:\/\/www.billin.net\/blog\/cuota-cero-autonomos-junta-andalucia\/#primaryimage"},"thumbnailUrl":"https:\/\/www.billin.net\/blog\/wp-content\/uploads\/2024\/12\/solicitar-cuota-cero-para-autonomos-en-la-junta-de-Andalucia-scaled.jpg","datePublished":"2024-12-20T07:15:27+00:00","dateModified":"2025-09-25T18:26:57+00:00","description":"Descubre c\u00f3mo aprovechar la cuota cero aut\u00f3nomos en Andaluc\u00eda: qui\u00e9nes pueden beneficiarse y los pasos para solicitar esta bonificaci\u00f3n \u27a4 \u00a1Solic\u00edtala!","breadcrumb":{"@id":"https:\/\/www.billin.net\/blog\/cuota-cero-autonomos-junta-andalucia\/#breadcrumb"},"inLanguage":"es","potentialAction":[{"@type":"ReadAction","target":["https:\/\/www.billin.net\/blog\/cuota-cero-autonomos-junta-andalucia\/"]}]},{"@type":"ImageObject","inLanguage":"es","@id":"https:\/\/www.billin.net\/blog\/cuota-cero-autonomos-junta-andalucia\/#primaryimage","url":"https:\/\/www.billin.net\/blog\/wp-content\/uploads\/2024\/12\/solicitar-cuota-cero-para-autonomos-en-la-junta-de-Andalucia-scaled.jpg","contentUrl":"https:\/\/www.billin.net\/blog\/wp-content\/uploads\/2024\/12\/solicitar-cuota-cero-para-autonomos-en-la-junta-de-Andalucia-scaled.jpg","width":2048,"height":1367},{"@type":"BreadcrumbList","@id":"https:\/\/www.billin.net\/blog\/cuota-cero-autonomos-junta-andalucia\/#breadcrumb","itemListElement":[{"@type":"ListItem","position":1,"name":"Blog","item":"https:\/\/www.billin.net\/blog\/"},{"@type":"ListItem","position":2,"name":"Facturaci\u00f3n","item":"https:\/\/www.billin.net\/blog\/facturacion\/"},{"@type":"ListItem","position":3,"name":"Cuota cero aut\u00f3nomos junta de Andaluc\u00eda: c\u00f3mo funciona y qu\u00e9 debes hacer"}]},{"@type":"WebSite","@id":"https:\/\/www.billin.net\/blog\/#website","url":"https:\/\/www.billin.net\/blog\/","name":"Blog de Billin","description":"Mantente informado con el blog de TeamSystem Facturas Billin:  facturaci\u00f3n, legislaci\u00f3n, contabilidad, management y toda la informaci\u00f3n \u00fatil para pymes y aut\u00f3nomos.","publisher":{"@id":"https:\/\/www.billin.net\/blog\/#organization"},"potentialAction":[{"@type":"SearchAction","target":{"@type":"EntryPoint","urlTemplate":"https:\/\/www.billin.net\/blog\/?s={search_term_string}"},"query-input":{"@type":"PropertyValueSpecification","valueRequired":true,"valueName":"search_term_string"}}],"inLanguage":"es"},{"@type":"Organization","@id":"https:\/\/www.billin.net\/blog\/#organization","name":"Billin","alternateName":"Blog de Billin","url":"https:\/\/www.billin.net\/blog\/","logo":{"@type":"ImageObject","inLanguage":"es","@id":"https:\/\/www.billin.net\/blog\/#\/schema\/logo\/image\/","url":"https:\/\/www.billin.net\/blog\/wp-content\/uploads\/2019\/06\/logotipo-billin-blog-1.png","contentUrl":"https:\/\/www.billin.net\/blog\/wp-content\/uploads\/2019\/06\/logotipo-billin-blog-1.png","width":126,"height":50,"caption":"Billin"},"image":{"@id":"https:\/\/www.billin.net\/blog\/#\/schema\/logo\/image\/"},"sameAs":["https:\/\/www.facebook.com\/EsBillin","https:\/\/x.com\/Billin_ES","https:\/\/www.instagram.com\/billin_es\/","https:\/\/www.linkedin.com\/company\/billin-spain","https:\/\/www.youtube.com\/c\/BillinEsintercambiodefacturas\/"],"legalName":"MY EXPENSES SL","contactPoint":{"@type":"ContactPoint","telephone":"+34918318883","contactType":"customer service","email":"info@billin.eu","availableLanguage":"es"},"foundingDate":"2015","numberOfEmployees":{"@type":"QuantitativeValue","minValue":10,"maxValue":50},"parentOrganization":{"@type":"Organization","name":"TeamSystem","url":"https:\/\/www.teamsystem.com\/"},"description":"Billin es el programa de facturaci\u00f3n online de TeamSystem para aut\u00f3nomos y pymes en Espa\u00f1a. Permite crear facturas, controlar gastos y cumplir con Verifactu.","address":{"@type":"PostalAddress","streetAddress":"Calle Arturo Soria, 336","addressLocality":"Madrid","addressRegion":"Madrid","postalCode":"28033","addressCountry":"ES"}},{"@type":"Person","@id":"https:\/\/www.billin.net\/blog\/#\/schema\/person\/d0339ee6e869234614541b1e80a793e7","name":"Marcos De La Cueva - CEO TeamSystem Facturas Billin","image":{"@type":"ImageObject","inLanguage":"es","@id":"https:\/\/www.billin.net\/blog\/#\/schema\/person\/image\/","url":"https:\/\/www.billin.net\/blog\/wp-content\/uploads\/2023\/10\/marcos-color-150x150.png","contentUrl":"https:\/\/www.billin.net\/blog\/wp-content\/uploads\/2023\/10\/marcos-color-150x150.png","caption":"Marcos De La Cueva - CEO TeamSystem Facturas Billin"},"description":"Licenciado en ADE por la Universidad Aut\u00f3noma de Madrid, Marcos De la Cueva es CEO y cofundador de TeamSystem Facturas Billin, un programa online que lleva m\u00e1s de 9 a\u00f1os ayudando a aut\u00f3nomos, peque\u00f1os negocios y gestor\u00edas a digitalizar sus presupuestos, facturas, tickets y gastos. \u00a0 Sobre Marcos De La Cueva \u00a0 Apasionado por el mundo empresarial y la tecnolog\u00eda, curs\u00f3 su M\u00e1ster de Finanzas en la Universidad Pontificia de Comillas y estuvo en el Programa de Cooperaci\u00f3n Educativa de la Universidad Aut\u00f3noma de Madrid. \u00a0 Marcos siempre ha tenido su objetivo claro: ayudar a la creaci\u00f3n de negocios financieramente sostenibles a trav\u00e9s de una herramienta de facturaci\u00f3n que les permita ahorrar tiempo y tener la contabilidad bajo control. \u00a0 Marcos De La Cueva en los medios \u2014 Noticia sobre Kit Digital y Ley Antifraude (VeriFactu) en El Economista. \u2014 Noticia sobre Kit Digital y factura electr\u00f3nica obligatoria en Diario Jur\u00eddico. \u2014 Noticia sobre el a\u00f1o de transici\u00f3n para la factura electr\u00f3nica en Muy Pymes. \u2014 Entrevista sobre factura electr\u00f3nica obligatoria en Canal Sur. \u2014 Noticia sobre el informe factura electr\u00f3nica de TeamSystem en Channel Partner. \u2014 Charla sobre productividad y Ley Crea y Crece en El Economista. \u2014 Charla sobre factura electr\u00f3nica obligatoria en Muy Pymes. \u2014 Charla sobre digitalizaci\u00f3n aut\u00f3nomos y productividad en esdiario. \u2014 Charla sobre productividad y factura electr\u00f3nica en La Raz\u00f3n. \u2014 Charla sobre factura electr\u00f3nica obligatoria en Aut\u00f3nomos y Emprendedores. \u2014 Entrevista sobre Ley Antifraude y Ley Crea y Crece en Expansi\u00f3n. \u2014 Entrevista sobre Ley Antifraude y Ley Crea y Crece en La Raz\u00f3n. \u2014 Entrevista sobre factura electr\u00f3nica obligatoria en El Economista. \u2014 Comunicado Billin y TeamSystem en Business Insider. \u2014 Entrevista en Econom\u00eda Digital. \u2014 Entrevista en Ideas para tu empresa de Vodafone. \u2014 Entrevista en M\u00e1sQradio. \u2014 Entrevista en Armas para emprender de El M\u00e9todo Gallardo. \u2014 Entrevista en KFund. \u2014 Entrevista en AXA Seguros Espa\u00f1a. \u2014 Entrevista en GestionaRadio. \u00a0 Marcos De La Cueva en eventos \u00a0 \u2014 Participaci\u00f3n como ponente en Accountex Espa\u00f1a 2023. \u00a0 Tem\u00e1ticas de especializaci\u00f3n \u00a0 negocios | startups | contabilidad| fiscalidad | empresas| asesor\u00edas| autonomos | emprendedores | peque\u00f1os negocios | econom\u00eda | ADE | pymes | desarrollo de negocio\u00a0","sameAs":["https:\/\/www.billin.net\/","https:\/\/www.linkedin.com\/in\/marcos-de-la-cueva-19750ba3\/"],"url":"https:\/\/www.billin.net\/blog\/author\/marcosdelacueva\/","jobTitle":"CEO y cofundador de TS Facturas Billin"}]}},"_links":{"self":[{"href":"https:\/\/www.billin.net\/blog\/wp-json\/wp\/v2\/posts\/24041","targetHints":{"allow":["GET"]}}],"collection":[{"href":"https:\/\/www.billin.net\/blog\/wp-json\/wp\/v2\/posts"}],"about":[{"href":"https:\/\/www.billin.net\/blog\/wp-json\/wp\/v2\/types\/post"}],"author":[{"embeddable":true,"href":"https:\/\/www.billin.net\/blog\/wp-json\/wp\/v2\/users\/20"}],"replies":[{"embeddable":true,"href":"https:\/\/www.billin.net\/blog\/wp-json\/wp\/v2\/comments?post=24041"}],"version-history":[{"count":6,"href":"https:\/\/www.billin.net\/blog\/wp-json\/wp\/v2\/posts\/24041\/revisions"}],"predecessor-version":[{"id":26583,"href":"https:\/\/www.billin.net\/blog\/wp-json\/wp\/v2\/posts\/24041\/revisions\/26583"}],"wp:featuredmedia":[{"embeddable":true,"href":"https:\/\/www.billin.net\/blog\/wp-json\/wp\/v2\/media\/24044"}],"wp:attachment":[{"href":"https:\/\/www.billin.net\/blog\/wp-json\/wp\/v2\/media?parent=24041"}],"wp:term":[{"taxonomy":"category","embeddable":true,"href":"https:\/\/www.billin.net\/blog\/wp-json\/wp\/v2\/categories?post=24041"},{"taxonomy":"post_tag","embeddable":true,"href":"https:\/\/www.billin.net\/blog\/wp-json\/wp\/v2\/tags?post=24041"}],"curies":[{"name":"wp","href":"https:\/\/api.w.org\/{rel}","templated":true}]}}