{"id":23871,"date":"2024-11-07T14:31:58","date_gmt":"2024-11-07T12:31:58","guid":{"rendered":"https:\/\/www.billin.net\/blog\/?p=23871"},"modified":"2025-09-25T20:27:28","modified_gmt":"2025-09-25T18:27:28","slug":"como-hacer-factura-peluqueria","status":"publish","type":"post","link":"https:\/\/www.billin.net\/blog\/como-hacer-factura-peluqueria\/","title":{"rendered":"C\u00f3mo realizar una factura si tengo una peluquer\u00eda"},"content":{"rendered":"<p><span style=\"font-weight: 400;\">Si eres due\u00f1a o due\u00f1o de una <\/span><b>peluquer\u00eda<\/b><span style=\"font-weight: 400;\"> y te encuentras en el proceso de organizar la gesti\u00f3n y la <\/span><b>facturaci\u00f3n de tu peluquer\u00eda<\/b><span style=\"font-weight: 400;\">, probablemente te has preguntado c\u00f3mo hacer una factura correctamente.\u00a0<\/span><\/p>\n<p><span style=\"font-weight: 400;\">La <\/span><b>factura de tu peluquer\u00eda <\/b><span style=\"font-weight: 400;\">no solo te permite registrar las ventas de productos y servicios prestados, sino que tambi\u00e9n es una herramienta esencial para llevar un control financiero adecuado y proyectar una imagen seria y profesional ante tus clientes.\u00a0<\/span><\/p>\n<p><span style=\"font-weight: 400;\">En este art\u00edculo, te proporcionamos una gu\u00eda completa para saber <\/span><b>c\u00f3mo hacer una factura si tengo una peluquer\u00eda<\/b><span style=\"font-weight: 400;\">, los tipos de factura m\u00e1s comunes y los datos que debes incluir.<\/span><\/p>\n<p><span style=\"font-weight: 400;\">Adem\u00e1s, analizaremos los gastos deducibles y las obligaciones fiscales que deber\u00e1s tener en cuenta para mantener tu negocio en cumplimiento con la normativa vigente.\u00a0<\/span><\/p>\n<p><span style=\"font-weight: 400;\">Sigue leyendo para obtener toda la informaci\u00f3n necesaria que te ayudar\u00e1 a gestionar la <\/span><b>facturaci\u00f3n de peluquer\u00eda<\/b><span style=\"font-weight: 400;\"> de manera efectiva y sin complicaciones.<\/span><\/p>\n<h2><b>Tipos de factura m\u00e1s comunes para peluquer\u00edas<\/b><\/h2>\n<p><span style=\"font-weight: 400;\">En una peluquer\u00eda, como en cualquier negocio, puedes encontrar distintos tipos de facturas. <\/span><\/p>\n<p><strong>A continuaci\u00f3n, detallamos los tipos m\u00e1s comunes para que sepas cu\u00e1l utilizar en cada ocasi\u00f3n:<\/strong><\/p>\n<h3><b>Factura ordinaria<\/b><\/h3>\n<p><span style=\"font-weight: 400;\">La <\/span><b>factura ordinaria<\/b><span style=\"font-weight: 400;\"> es el tipo de factura m\u00e1s utilizado, especialmente cuando se necesita detallar todos los conceptos del servicio prestado, por ejemplo, tratamientos capilares, cortes de cabello y otros servicios adicionales.\u00a0<\/span><\/p>\n<p><span style=\"font-weight: 400;\">Este tipo de factura se usa cuando el cliente necesita una factura completa, incluyendo el desglose del IVA.<\/span><\/p>\n<p><b>Caracter\u00edsticas de la factura ordinaria:<\/b><\/p>\n<ul>\n<li style=\"font-weight: 400;\" aria-level=\"1\"><b>Desglose de servicios<\/b><span style=\"font-weight: 400;\">: debes incluir una descripci\u00f3n detallada de cada servicio realizado, as\u00ed como los precios individuales y el total.<\/span><\/li>\n<li style=\"font-weight: 400;\" aria-level=\"1\"><b>Informaci\u00f3n fiscal<\/b><span style=\"font-weight: 400;\">: debe contener los datos del emisor (tu peluquer\u00eda) y del cliente, el n\u00famero de factura, la fecha de emisi\u00f3n y la base imponible.<\/span><\/li>\n<li style=\"font-weight: 400;\" aria-level=\"1\"><b>IVA desglosado<\/b><span style=\"font-weight: 400;\">: en la <\/span><b>factura de peluquer\u00eda<\/b><span style=\"font-weight: 400;\">, es obligatorio detallar el importe del IVA aplicado, lo que ayuda a tus clientes a entender mejor el costo total de los servicios.<\/span><\/li>\n<\/ul>\n<p><span style=\"font-weight: 400;\">Este tipo de factura es fundamental para aquellos clientes que necesitan un comprobante m\u00e1s formal ya sea para fines fiscales o para la empresa.<\/span><\/p>\n<h3><b>Factura simplificativa o ticket<\/b><\/h3>\n<p><span style=\"font-weight: 400;\">Para peque\u00f1as transacciones, muchas peluquer\u00edas prefieren emitir una <\/span><b>factura simplificativa<\/b><span style=\"font-weight: 400;\"> o ticket, ya que resulta m\u00e1s f\u00e1cil y r\u00e1pida de gestionar.\u00a0<\/span><\/p>\n<p><span style=\"font-weight: 400;\">Esta opci\u00f3n es ideal para aut\u00f3nomos y peque\u00f1os comercios como peluquer\u00edas, bares y tiendas. En esta factura no es necesario incluir toda la informaci\u00f3n detallada, solo debe mostrar el total de la venta y, si el cliente lo solicita, desglosar el IVA.<\/span><\/p>\n<p><b>Caracter\u00edsticas de la factura simplificativa:<\/b><\/p>\n<ul>\n<li style=\"font-weight: 400;\" aria-level=\"1\"><b>Informaci\u00f3n b\u00e1sica<\/b><span style=\"font-weight: 400;\">: generalmente incluye el total de la venta, el importe del IVA y una descripci\u00f3n breve de los servicios, sin necesidad de un desglose detallado.<\/span><\/li>\n<li style=\"font-weight: 400;\" aria-level=\"1\"><b>Formato r\u00e1pido<\/b><span style=\"font-weight: 400;\">: su emisi\u00f3n es m\u00e1s r\u00e1pida y sencilla, lo que permite al personal de la peluquer\u00eda atender a los clientes de manera m\u00e1s eficiente.<\/span><\/li>\n<li style=\"font-weight: 400;\" aria-level=\"1\"><b>Ideal para clientes regulares<\/b><span style=\"font-weight: 400;\">: es perfecta para aquellos clientes que visitan la peluquer\u00eda con frecuencia y no requieren una factura formal para cada servicio.<\/span><\/li>\n<\/ul>\n<h3><b>Factura rectificativa o abono<\/b><\/h3>\n<p><span style=\"font-weight: 400;\">La <\/span><b>factura rectificativa<\/b><span style=\"font-weight: 400;\"> es utilizada para corregir errores en facturas ya emitidas, o bien para anular una factura cuando se realiza un abono o descuento especial. <\/span><\/p>\n<p><span style=\"font-weight: 400;\">Este tipo de factura es muy \u00fatil en cualquier negocio, incluida una peluquer\u00eda, en caso de que un cliente necesite ajustar el pago o en situaciones de devoluciones, ya que permite realizar ajustes en la contabilidad de manera clara y transparente.<\/span><\/p>\n<p><strong>Caracter\u00edsticas de la factura rectificativa:<\/strong><\/p>\n<ul>\n<li style=\"font-weight: 400;\" aria-level=\"1\"><b>Correcci\u00f3n de errores<\/b><span style=\"font-weight: 400;\">: se utiliza cuando hay errores en la factura original, como precios incorrectos o servicios no reflejados.<\/span><\/li>\n<li style=\"font-weight: 400;\" aria-level=\"1\"><b>Registro de devoluciones<\/b><span style=\"font-weight: 400;\">: si un cliente devuelve un producto o si se le hace un abono por un servicio insatisfecho, esta factura permite reflejar dicho ajuste en la contabilidad.<\/span><\/li>\n<li style=\"font-weight: 400;\" aria-level=\"1\"><b>Identificaci\u00f3n clara<\/b><span style=\"font-weight: 400;\">: debe indicar claramente que se trata de una factura rectificativa, para que no haya confusiones con la factura original.<\/span><\/li>\n<\/ul>\n<h2><b>C\u00f3mo hacer una factura si tengo una peluquer\u00eda<\/b><\/h2>\n<p><span style=\"font-weight: 400;\">Emitir una <\/span><b>factura de peluquer\u00eda<\/b><span style=\"font-weight: 400;\"> correcta y completa es fundamental para llevar una contabilidad adecuada y cumplir con la normativa fiscal.\u00a0<\/span><\/p>\n<p><a href=\"https:\/\/www.billin.net\/blog\/partes-de-una-factura-legal\/\"><span style=\"font-weight: 400;\">Para que una factura sea legal<\/span><\/a><span style=\"font-weight: 400;\"> debe cumplir con los requisitos generales establecidos por la normativa vigente, espec\u00edficamente conforme al <\/span><a href=\"https:\/\/www.boe.es\/buscar\/act.php?id=BOE-A-2012-14696\"><span style=\"font-weight: 400;\">Reglamento que regula las obligaciones de facturaci\u00f3n<\/span><\/a><span style=\"font-weight: 400;\">, aprobado por el Real Decreto 1619\/2012, de 30 de noviembre.<\/span><\/p>\n<p><b>Te podr\u00eda interesar <\/b><b>\u2192<\/b> <a href=\"https:\/\/www.billin.net\/blog\/factura-emitida-no-declarada-como-regularizarla\/\"><span style=\"font-weight: 400;\">Factura emitida y no declarada: c\u00f3mo regularizarla<\/span><\/a><\/p>\n<p><span style=\"font-weight: 400;\">Estos son los <\/span><b>elementos esenciales que debes incluir en una factura de peluquer\u00eda, asegurando as\u00ed que sea v\u00e1lida y cumpla con todos los requisitos legales:<\/b><\/p>\n<ul>\n<li style=\"font-weight: 400;\" aria-level=\"1\"><b>Datos del emisor:<\/b><span style=\"font-weight: 400;\"> es necesario que la factura incluya la informaci\u00f3n del emisor, que en este caso es tu peluquer\u00eda.\u00a0<\/span><\/li>\n<\/ul>\n<p><b>Los datos a incluir son:<\/b><\/p>\n<ul>\n<li style=\"font-weight: 400;\" aria-level=\"2\"><b>Nombre o raz\u00f3n social<\/b><span style=\"font-weight: 400;\">: el nombre comercial de la peluquer\u00eda o el nombre completo del <\/span><a href=\"https:\/\/www.billin.net\/glosario\/autonomo\/\"><span style=\"font-weight: 400;\">aut\u00f3nomo<\/span><\/a><span style=\"font-weight: 400;\"> que la regenta.<\/span><\/li>\n<li style=\"font-weight: 400;\" aria-level=\"2\"><b>Direcci\u00f3n fiscal<\/b><span style=\"font-weight: 400;\">: la direcci\u00f3n donde se encuentra ubicada la peluquer\u00eda.<\/span><\/li>\n<li style=\"font-weight: 400;\" aria-level=\"2\"><b>N\u00famero de Identificaci\u00f3n Fiscal (NIF)<\/b><span style=\"font-weight: 400;\">: este n\u00famero es fundamental para cualquier tipo de actividad econ\u00f3mica y debe aparecer claramente en la factura.<\/span><\/li>\n<\/ul>\n<ul>\n<li style=\"font-weight: 400;\" aria-level=\"1\"><b>Datos del cliente:<\/b><span style=\"font-weight: 400;\"> para que la factura sea considerada v\u00e1lida, tambi\u00e9n se deben incluir los datos del cliente. Aunque no siempre es obligatorio incluir la informaci\u00f3n del cliente en el caso de un ticket simplificado, es recomendable para las facturas ordinarias.\u00a0<\/span><\/li>\n<\/ul>\n<p><b>Los datos necesarios son:<\/b><\/p>\n<ul>\n<li style=\"font-weight: 400;\" aria-level=\"2\"><b>Nombre y apellidos<\/b><span style=\"font-weight: 400;\">: el nombre completo del cliente que recibe el servicio.<\/span><\/li>\n<li style=\"font-weight: 400;\" aria-level=\"2\"><b>Direcci\u00f3n<\/b><span style=\"font-weight: 400;\">: la direcci\u00f3n del cliente, especialmente si la factura es para fines fiscales.<\/span><\/li>\n<li style=\"font-weight: 400;\" aria-level=\"2\"><b>NIF<\/b><span style=\"font-weight: 400;\">: es necesario incluir el NIF si el cliente es una empresa o si solicita una factura para justificar un gasto.<\/span><\/li>\n<\/ul>\n<ul>\n<li style=\"font-weight: 400;\" aria-level=\"1\"><b>Fecha de emisi\u00f3n: <\/b><span style=\"font-weight: 400;\">cada factura debe tener claramente indicada la <\/span><a href=\"https:\/\/www.billin.net\/blog\/fecha-emision-factura\/#:~:text=Personas%20jur%C3%ADdicas%3A%20la%20fecha%20m%C3%A1xima,un%20mes%20para%20su%20env%C3%ADo\"><span style=\"font-weight: 400;\">fecha en que se emite<\/span><\/a><span style=\"font-weight: 400;\">. Este dato es esencial tanto para el control interno de la peluquer\u00eda como para el cliente, ya que permite llevar un seguimiento adecuado de los servicios prestados y de los pagos realizados.<\/span><\/li>\n<li style=\"font-weight: 400;\" aria-level=\"1\"><b>N\u00famero de factura: <\/b><span style=\"font-weight: 400;\">el <\/span><a href=\"https:\/\/www.billin.net\/blog\/numeracion-facturas\/\"><span style=\"font-weight: 400;\">n\u00famero de factura<\/span><\/a><span style=\"font-weight: 400;\"> es un elemento clave en la facturaci\u00f3n, ya que cada factura emitida debe tener un n\u00famero \u00fanico que siga una secuencia correlativa.\u00a0<\/span><\/li>\n<\/ul>\n<ul>\n<li style=\"font-weight: 400;\" aria-level=\"1\"><b>Descripci\u00f3n de los servicios: <\/b><span style=\"font-weight: 400;\">una <\/span><b>factura de peluquer\u00eda<\/b><span style=\"font-weight: 400;\"> debe incluir una descripci\u00f3n clara de los servicios prestados. Esto es fundamental para que el cliente sepa exactamente por qu\u00e9 est\u00e1 pagando.<\/span><\/li>\n<\/ul>\n<p><b>\u00a0Algunos puntos a considerar son:<\/b><\/p>\n<ul>\n<li style=\"font-weight: 400;\" aria-level=\"2\"><b>Tipo de servicio<\/b><span style=\"font-weight: 400;\">: cortes de cabello, peinados, tratamientos capilares, coloraci\u00f3n, etc.<\/span><\/li>\n<li style=\"font-weight: 400;\" aria-level=\"2\"><b>Precio unitario<\/b><span style=\"font-weight: 400;\">: especificar el precio de cada servicio por separado, especialmente si se han realizado m\u00faltiples servicios en una sola visita.<\/span><\/li>\n<\/ul>\n<ul>\n<li style=\"font-weight: 400;\" aria-level=\"1\"><b>Base Imponible: <\/b><span style=\"font-weight: 400;\">es el total del importe de los servicios prestados antes de aplicar impuestos. Este monto es esencial para el c\u00e1lculo final de la factura y debe ser claramente visible.\u00a0<\/span><\/li>\n<\/ul>\n<p><span style=\"font-weight: 400;\">Es importante asegurarse de que esta cifra refleja con precisi\u00f3n el total de los servicios.<\/span><\/p>\n<ul>\n<li style=\"font-weight: 400;\" aria-level=\"1\"><b>IVA: <\/b><span style=\"font-weight: 400;\">el <\/span><b>impuesto sobre el valor a\u00f1adido (<\/b><a href=\"https:\/\/www.billin.net\/blog\/tipos-iva-espana\/\"><b>IVA<\/b><\/a><b>)<\/b><span style=\"font-weight: 400;\"> es un componente clave en la facturaci\u00f3n de peluquer\u00eda. En el caso de las peluquer\u00edas en Espa\u00f1a,<\/span><b> el IVA habitual es del 21%.<\/b><\/li>\n<li style=\"font-weight: 400;\" aria-level=\"1\"><b>Total de la factura: <\/b><span style=\"font-weight: 400;\">finalmente, la factura debe mostrar el <\/span><b>total a pagar<\/b><span style=\"font-weight: 400;\">, que es la suma de la base imponible m\u00e1s el IVA. Este monto es el que el cliente deber\u00e1 abonar y debe estar resaltado para que sea f\u00e1cilmente visible.<\/span><\/li>\n<li style=\"font-weight: 400;\" aria-level=\"1\"><b>Inclusi\u00f3n de la palabra \u00abFactura\u00bb:<\/b><span style=\"font-weight: 400;\"> es requisito fundamental que el documento contenga la palabra <\/span><b>\u201cfactura\u201d<\/b><span style=\"font-weight: 400;\"> de forma destacada, preferiblemente en la parte superior del documento.\u00a0<\/span><\/li>\n<\/ul>\n<p><span style=\"font-weight: 400;\">Esto asegura que tanto el emisor como el receptor identifiquen inmediatamente el tipo de documento que est\u00e1n tratando, que es crucial para su validez y para evitar confusiones.<\/span><\/p>\n<h2><b>\u00bfPuedo emitir una factura de peluquer\u00eda sin ser aut\u00f3nomo?<\/b><\/h2>\n<p><span style=\"font-weight: 400;\">La respuesta es<\/span><b> no<\/b><span style=\"font-weight: 400;\">, <\/span><b>no es posible emitir una factura de peluquer\u00eda de manera legal si no est\u00e1s dado de alta como aut\u00f3nomo.\u00a0<\/b><\/p>\n<p><span style=\"font-weight: 400;\">Para facturar en Espa\u00f1a, es obligatorio estar registrado tanto en la Seguridad Social como en Hacienda.\u00a0<\/span><\/p>\n<p><span style=\"font-weight: 400;\">Esto significa que, incluso si realizas trabajos de manera ocasional o desde casa,<\/span><b> necesitas estar formalmente registrado como trabajador aut\u00f3nomo para emitir facturas v\u00e1lidas y cumplir con las obligaciones fiscales.<\/b><\/p>\n<p><span style=\"font-weight: 400;\">Emitir facturas sin ser aut\u00f3nomo se considera una actividad econ\u00f3mica irregular y puede conllevar sanciones de Hacienda.\u00a0<\/span><\/p>\n<p><span style=\"font-weight: 400;\">Adem\u00e1s, al no estar dado de alta, tambi\u00e9n pierdes la posibilidad de deducir gastos relacionados con tu actividad y de beneficiarte de la cobertura de la Seguridad Social como trabajador independiente.\u00a0<\/span><\/p>\n<p><span style=\"font-weight: 400;\">Si tienes una peluquer\u00eda o trabajas en servicios de peluquer\u00eda, <\/span><b>registrarte como aut\u00f3nomo es el primer paso para operar de manera legal y profesional <\/b><span style=\"font-weight: 400;\">en este sector.<\/span><\/p>\n<h3><b>\u00bfQu\u00e9 tengo que hacer para darme de alta como aut\u00f3nomo?<\/b><\/h3>\n<p><b>Darse de alta como aut\u00f3nomo implica completar dos tr\u00e1mites fundamentales: <\/b><span style=\"font-weight: 400;\">registrarse en Hacienda y en la Seguridad Social.\u00a0<\/span><\/p>\n<p><span style=\"font-weight: 400;\">A continuaci\u00f3n, <\/span><b>te explicamos los pasos a seguir para formalizar tu actividad en el sector de la peluquer\u00eda:<\/b><\/p>\n<h4><b>Paso 1: Alta en Hacienda<\/b><\/h4>\n<p><span style=\"font-weight: 400;\">Para darte de alta en Hacienda, deber\u00e1s presentar el <\/span><b>modelo 036<\/b><span style=\"font-weight: 400;\"> o el <\/span><a href=\"https:\/\/www.billin.net\/blog\/modelo-037-alta-hacienda-autonomos\/\"><b>modelo 037<\/b><\/a><span style=\"font-weight: 400;\"> (una versi\u00f3n simplificada para aut\u00f3nomos) en la Agencia Tributaria.\u00a0<\/span><\/p>\n<p><span style=\"font-weight: 400;\">Este proceso es gratuito y puedes realizarlo tanto online como de forma presencial. En este paso, tendr\u00e1s que especificar la actividad econ\u00f3mica que vas a desarrollar, en este caso, servicios de peluquer\u00eda, y seleccionar el <\/span><a href=\"https:\/\/www.billin.net\/blog\/epigrafes-autonomos\/\"><span style=\"font-weight: 400;\">ep\u00edgrafe en el Impuesto sobre Actividades Econ\u00f3micas<\/span><\/a><span style=\"font-weight: 400;\"> (IAE).<\/span><\/p>\n<p><span style=\"font-weight: 400;\">Una vez presentado este modelo, quedas registrado en Hacienda y comienza tu obligaci\u00f3n de declarar por el <\/span><a href=\"https:\/\/www.billin.net\/blog\/rendimiento-neto-autonomos\/\"><span style=\"font-weight: 400;\">rendimiento neto<\/span><\/a><span style=\"font-weight: 400;\"> obtenido en tu actividad. A partir de aqu\u00ed, deber\u00e1s presentar tus <\/span><b>declaraciones de IVA e IRPF trimestrales y anuales<\/b><span style=\"font-weight: 400;\"> seg\u00fan corresponda.<\/span><\/p>\n<h4><b>Paso 2: Alta en la Seguridad Social<\/b><\/h4>\n<p><span style=\"font-weight: 400;\">El siguiente paso es <\/span><a href=\"https:\/\/www.billin.net\/blog\/darse-de-alta-como-autonomo\/\"><span style=\"font-weight: 400;\">darte de alta como aut\u00f3nomo en el RETA<\/span><\/a><span style=\"font-weight: 400;\">, el R\u00e9gimen especial de trabajadores aut\u00f3nomos, en un <\/span><b>plazo m\u00e1ximo de 60 d\u00edas previos al inicio de tu actividad<\/b><span style=\"font-weight: 400;\"> en la peluquer\u00eda. Puedes realizar el tr\u00e1mite en persona en la oficina de la Seguridad Social o a trav\u00e9s de su <\/span><a href=\"https:\/\/sede.seg-social.gob.es\/wps\/portal\/sede\/sede\/Ciudadanos\/afiliacion+e+inscripcion\/07afiliacion+e+inscripcion\"><span style=\"font-weight: 400;\">sede electr\u00f3nica<\/span><\/a><span style=\"font-weight: 400;\">.<\/span><\/p>\n<p><span style=\"font-weight: 400;\">Para ello, <\/span><b>deber\u00e1s aportar tus datos personales y confirmar la fecha del inicio de tu actividad.<\/b><\/p>\n<p><b>\u00a0<\/b><span style=\"font-weight: 400;\">Adem\u00e1s, elegir\u00e1s la base de cotizaci\u00f3n en funci\u00f3n de tus rendimientos previstos, lo que determinar\u00e1 la cuota mensual que pagar\u00e1s como aut\u00f3nomo y el nivel de cobertura que tendr\u00e1s.\u00a0<\/span><\/p>\n<p><span style=\"font-weight: 400;\">El pago de la <\/span><a href=\"https:\/\/www.billin.net\/blog\/cuotas-autonomos-2023-2031\/\"><span style=\"font-weight: 400;\">cuota de aut\u00f3nomos<\/span><\/a><span style=\"font-weight: 400;\"> te garantiza acceso a servicios de salud y prestaciones por enfermedad o baja laboral, entre otros beneficios.<\/span><\/p>\n<h4><b>Paso 3: Conservar documentaci\u00f3n y empezar a facturar<\/b><\/h4>\n<p><span style=\"font-weight: 400;\">Una vez completada tu alta en Hacienda y en la Seguridad Social, ya puedes emitir <\/span><b>facturas de peluquer\u00eda<\/b><span style=\"font-weight: 400;\"> de forma completamente legal.\u00a0<\/span><\/p>\n<p><span style=\"font-weight: 400;\">Recuerda que es importante llevar un control de todas las facturas y conservar la documentaci\u00f3n relacionada con tu actividad, como los comprobantes de gastos, ya que podr\u00e1s deducir ciertos gastos en tus declaraciones fiscales.<\/span><\/p>\n<p><span style=\"font-weight: 400;\">Contar con un <\/span><a href=\"https:\/\/www.billin.net\/\"><b>software de facturaci\u00f3n<\/b><\/a><span style=\"font-weight: 400;\"> te <\/span><b>permite emitir, organizar y almacenar facturas de manera digital<\/b><span style=\"font-weight: 400;\">, evitando la acumulaci\u00f3n de papeles y minimizando el riesgo de perder documentos importantes.\u00a0<\/span><\/p>\n<p><span style=\"font-weight: 400;\">Adem\u00e1s, en algunos casos, tambi\u00e9n permite calcular autom\u00e1ticamente los impuestos y generar reportes financieros.<\/span><\/p>\n<p><b>Ventajas de usar un software de facturaci\u00f3n para tu peluquer\u00eda:<\/b><\/p>\n<ul>\n<li style=\"font-weight: 400;\" aria-level=\"1\"><b>Automatizaci\u00f3n de tareas<\/b><span style=\"font-weight: 400;\">: la facturaci\u00f3n autom\u00e1tica y el c\u00e1lculo de impuestos ahorran tiempo y reducen errores.<\/span><\/li>\n<li style=\"font-weight: 400;\" aria-level=\"1\"><b>Organizaci\u00f3n de documentos<\/b><span style=\"font-weight: 400;\">: todos tus documentos estar\u00e1n centralizados y accesibles en formato digital.<\/span><\/li>\n<li style=\"font-weight: 400;\" aria-level=\"1\"><b>Control de ingresos y gastos<\/b><span style=\"font-weight: 400;\">: podr\u00e1s hacer un seguimiento de tus finanzas en tiempo real y llevar un control detallado de la rentabilidad de tu peluquer\u00eda.<\/span><\/li>\n<li style=\"font-weight: 400;\" aria-level=\"1\"><b>Cumplimiento normativo<\/b><span style=\"font-weight: 400;\">: estos programas est\u00e1n actualizados con la normativa vigente, asegurando que todas las facturas emitidas cumplan los requisitos legales.<\/span><\/li>\n<\/ul>\n<h2><b>Gastos deducibles a la hora de realizar facturas para peluquer\u00edas<\/b><\/h2>\n<p><span style=\"font-weight: 400;\">Uno de los aspectos que m\u00e1s preocupa a los aut\u00f3nomos es saber si se pueden deducir algunos gastos. La <\/span><b>facturaci\u00f3n de peluquer\u00eda<\/b><span style=\"font-weight: 400;\"> permite deducir ciertos gastos que est\u00e1n directamente relacionados con la actividad.\u00a0<\/span><\/p>\n<p><b>Descubre como <\/b><b>\u2192<\/b> <a href=\"https:\/\/www.billin.net\/blog\/como-pago-menos-impuestos\/\"><span style=\"font-weight: 400;\">Minimizar el pago de impuestos como aut\u00f3nomos\u00a0<\/span><\/a><\/p>\n<p><b>Veamos algunos ejemplos de gastos deducibles:<\/b><\/p>\n<ul>\n<li style=\"font-weight: 400;\" aria-level=\"1\"><b>Alquiler del local<\/b><span style=\"font-weight: 400;\">: si tienes una peluquer\u00eda f\u00edsica, puedes deducir el coste del alquiler.<\/span><\/li>\n<li style=\"font-weight: 400;\" aria-level=\"1\"><b>Materiales<\/b><span style=\"font-weight: 400;\">: productos como tintes, champ\u00fas, acondicionadores y otros productos que utilizas en tu servicio.<\/span><\/li>\n<li style=\"font-weight: 400;\" aria-level=\"1\"><b>Mantenimiento y limpieza<\/b><span style=\"font-weight: 400;\">: gastos de limpieza del local y reparaci\u00f3n de equipos.<\/span><\/li>\n<li style=\"font-weight: 400;\" aria-level=\"1\"><b>Gastos de luz y agua<\/b><span style=\"font-weight: 400;\">: esenciales para el funcionamiento de la peluquer\u00eda.<\/span><\/li>\n<li style=\"font-weight: 400;\" aria-level=\"1\"><b>Seguro<\/b><span style=\"font-weight: 400;\">: el seguro de responsabilidad civil para proteger tu negocio y a tus clientes.<\/span><\/li>\n<\/ul>\n<p><span style=\"font-weight: 400;\">Para deducir estos gastos, <\/span><b>es importante guardar todas las facturas y justificar que estos est\u00e1n directamente relacionados con tu actividad.<\/b><\/p>\n<p><span style=\"font-weight: 400;\">Cumplir con los requisitos legales, conservar la documentaci\u00f3n y contar con herramientas que simplifiquen la facturaci\u00f3n y la gesti\u00f3n de tus ingresos te ayudar\u00e1 a mantener tu negocio de peluquer\u00eda en orden.<\/span><\/p>\n<p><span style=\"font-weight: 400;\">Si quieres simplificar y optimizar la <\/span><b>facturaci\u00f3n de tu peluquer\u00eda<\/b><span style=\"font-weight: 400;\">, <\/span><b>TeamSystem Facturas Billin<\/b><span style=\"font-weight: 400;\"> es la soluci\u00f3n ideal.<\/span><\/p>\n<p><span style=\"font-weight: 400;\">\u00a0Con nuestro <\/span><b>software de facturaci\u00f3n<\/b><span style=\"font-weight: 400;\">, podr\u00e1s emitir facturas, controlar gastos y gestionar tus ingresos de manera r\u00e1pida, profesional y segura.\u00a0<\/span><\/p>\n<p><span style=\"font-weight: 400;\">\u00a1Empieza hoy mismo! <\/span><a href=\"https:\/\/www.billin.net\/signup-mkt-app-nueva\/\"><span style=\"font-weight: 400;\">Reg\u00edstrate de manera gratuita en <\/span><b>TeamSystem Facturas Billin<\/b><\/a><span style=\"font-weight: 400;\"> y optimiza la administraci\u00f3n de tu peluquer\u00eda.<\/span><\/p>\n","protected":false},"excerpt":{"rendered":"<p>Si eres due\u00f1a o due\u00f1o de una peluquer\u00eda y te encuentras en el proceso de organizar la gesti\u00f3n y la facturaci\u00f3n de tu peluquer\u00eda, probablemente te has preguntado c\u00f3mo hacer una factura correctamente.\u00a0 La factura de tu peluquer\u00eda no solo te permite registrar las ventas de productos y servicios prestados, sino que tambi\u00e9n es una [&hellip;]<\/p>\n","protected":false},"author":20,"featured_media":23872,"comment_status":"open","ping_status":"open","sticky":false,"template":"","format":"standard","meta":{"_acf_changed":false,"_et_pb_use_builder":"","_et_pb_old_content":"","_et_gb_content_width":"","om_disable_all_campaigns":false,"inline_featured_image":false,"footnotes":""},"categories":[1015],"tags":[],"class_list":{"0":"post-23871","1":"post","2":"type-post","3":"status-publish","4":"format-standard","5":"has-post-thumbnail","7":"category-facturacion"},"acf":{"selector_de_usuario":"","fecha_de_revision":null},"yoast_head":"<!-- This site is optimized with the Yoast SEO plugin v27.1 - https:\/\/yoast.com\/product\/yoast-seo-wordpress\/ -->\n<title>\u25b7 C\u00f3mo realizar una factura si tengo una peluquer\u00eda<\/title>\n<meta name=\"description\" content=\"Te ofrecemos la informaci\u00f3n m\u00e1s detallada y actualizada sobre c\u00f3mo realizar una factura si tienes una peluquer\u00eda \u2192 Sigue leyendo aqu\u00ed\" \/>\n<meta name=\"robots\" content=\"index, follow, max-snippet:-1, max-image-preview:large, max-video-preview:-1\" \/>\n<link rel=\"canonical\" href=\"https:\/\/www.billin.net\/blog\/como-hacer-factura-peluqueria\/\" \/>\n<meta property=\"og:locale\" content=\"es_ES\" \/>\n<meta property=\"og:type\" content=\"article\" \/>\n<meta property=\"og:title\" content=\"\u25b7 C\u00f3mo realizar una factura si tengo una peluquer\u00eda\" \/>\n<meta property=\"og:description\" content=\"Te ofrecemos la informaci\u00f3n m\u00e1s detallada y actualizada sobre c\u00f3mo realizar una factura si tienes una peluquer\u00eda \u2192 Sigue leyendo aqu\u00ed\" \/>\n<meta property=\"og:url\" content=\"https:\/\/www.billin.net\/blog\/como-hacer-factura-peluqueria\/\" \/>\n<meta property=\"og:site_name\" content=\"Blog de TeamSystem Facturas Billin\" \/>\n<meta property=\"article:publisher\" content=\"https:\/\/www.facebook.com\/EsBillin\" \/>\n<meta property=\"article:published_time\" content=\"2024-11-07T12:31:58+00:00\" \/>\n<meta property=\"article:modified_time\" content=\"2025-09-25T18:27:28+00:00\" \/>\n<meta property=\"og:image\" content=\"https:\/\/www.billin.net\/blog\/wp-content\/uploads\/2024\/11\/factura-de-peluqueria.jpg\" \/>\n\t<meta property=\"og:image:width\" content=\"900\" \/>\n\t<meta property=\"og:image:height\" content=\"600\" \/>\n\t<meta property=\"og:image:type\" content=\"image\/jpeg\" \/>\n<meta name=\"author\" content=\"Marcos De La Cueva - CEO TeamSystem Facturas Billin\" \/>\n<meta name=\"twitter:card\" content=\"summary_large_image\" \/>\n<meta name=\"twitter:creator\" content=\"@Billin_ES\" \/>\n<meta name=\"twitter:site\" content=\"@Billin_ES\" \/>\n<meta name=\"twitter:label1\" content=\"Escrito por\" \/>\n\t<meta name=\"twitter:data1\" content=\"Marcos De La Cueva - CEO TeamSystem Facturas Billin\" \/>\n\t<meta name=\"twitter:label2\" content=\"Tiempo de lectura\" \/>\n\t<meta name=\"twitter:data2\" content=\"10 minutos\" \/>\n<script type=\"application\/ld+json\" class=\"yoast-schema-graph\">{\"@context\":\"https:\/\/schema.org\",\"@graph\":[{\"@type\":\"Article\",\"@id\":\"https:\/\/www.billin.net\/blog\/como-hacer-factura-peluqueria\/#article\",\"isPartOf\":{\"@id\":\"https:\/\/www.billin.net\/blog\/como-hacer-factura-peluqueria\/\"},\"author\":{\"name\":\"Marcos De La Cueva - CEO TeamSystem Facturas Billin\",\"@id\":\"https:\/\/www.billin.net\/blog\/#\/schema\/person\/d0339ee6e869234614541b1e80a793e7\"},\"headline\":\"C\u00f3mo realizar una factura si tengo una peluquer\u00eda\",\"datePublished\":\"2024-11-07T12:31:58+00:00\",\"dateModified\":\"2025-09-25T18:27:28+00:00\",\"mainEntityOfPage\":{\"@id\":\"https:\/\/www.billin.net\/blog\/como-hacer-factura-peluqueria\/\"},\"wordCount\":2284,\"commentCount\":0,\"publisher\":{\"@id\":\"https:\/\/www.billin.net\/blog\/#organization\"},\"image\":{\"@id\":\"https:\/\/www.billin.net\/blog\/como-hacer-factura-peluqueria\/#primaryimage\"},\"thumbnailUrl\":\"https:\/\/www.billin.net\/blog\/wp-content\/uploads\/2024\/11\/factura-de-peluqueria.jpg\",\"articleSection\":[\"Facturaci\u00f3n\"],\"inLanguage\":\"es\",\"potentialAction\":[{\"@type\":\"CommentAction\",\"name\":\"Comment\",\"target\":[\"https:\/\/www.billin.net\/blog\/como-hacer-factura-peluqueria\/#respond\"]}]},{\"@type\":\"WebPage\",\"@id\":\"https:\/\/www.billin.net\/blog\/como-hacer-factura-peluqueria\/\",\"url\":\"https:\/\/www.billin.net\/blog\/como-hacer-factura-peluqueria\/\",\"name\":\"\u25b7 C\u00f3mo realizar una factura si tengo una peluquer\u00eda\",\"isPartOf\":{\"@id\":\"https:\/\/www.billin.net\/blog\/#website\"},\"primaryImageOfPage\":{\"@id\":\"https:\/\/www.billin.net\/blog\/como-hacer-factura-peluqueria\/#primaryimage\"},\"image\":{\"@id\":\"https:\/\/www.billin.net\/blog\/como-hacer-factura-peluqueria\/#primaryimage\"},\"thumbnailUrl\":\"https:\/\/www.billin.net\/blog\/wp-content\/uploads\/2024\/11\/factura-de-peluqueria.jpg\",\"datePublished\":\"2024-11-07T12:31:58+00:00\",\"dateModified\":\"2025-09-25T18:27:28+00:00\",\"description\":\"Te ofrecemos la informaci\u00f3n m\u00e1s detallada y actualizada sobre c\u00f3mo realizar una factura si tienes una peluquer\u00eda \u2192 Sigue leyendo aqu\u00ed\",\"breadcrumb\":{\"@id\":\"https:\/\/www.billin.net\/blog\/como-hacer-factura-peluqueria\/#breadcrumb\"},\"inLanguage\":\"es\",\"potentialAction\":[{\"@type\":\"ReadAction\",\"target\":[\"https:\/\/www.billin.net\/blog\/como-hacer-factura-peluqueria\/\"]}]},{\"@type\":\"ImageObject\",\"inLanguage\":\"es\",\"@id\":\"https:\/\/www.billin.net\/blog\/como-hacer-factura-peluqueria\/#primaryimage\",\"url\":\"https:\/\/www.billin.net\/blog\/wp-content\/uploads\/2024\/11\/factura-de-peluqueria.jpg\",\"contentUrl\":\"https:\/\/www.billin.net\/blog\/wp-content\/uploads\/2024\/11\/factura-de-peluqueria.jpg\",\"width\":900,\"height\":600,\"caption\":\"factura de peluquer\u00eda\"},{\"@type\":\"BreadcrumbList\",\"@id\":\"https:\/\/www.billin.net\/blog\/como-hacer-factura-peluqueria\/#breadcrumb\",\"itemListElement\":[{\"@type\":\"ListItem\",\"position\":1,\"name\":\"Blog\",\"item\":\"https:\/\/www.billin.net\/blog\/\"},{\"@type\":\"ListItem\",\"position\":2,\"name\":\"Facturaci\u00f3n\",\"item\":\"https:\/\/www.billin.net\/blog\/facturacion\/\"},{\"@type\":\"ListItem\",\"position\":3,\"name\":\"C\u00f3mo realizar una factura si tengo una peluquer\u00eda\"}]},{\"@type\":\"WebSite\",\"@id\":\"https:\/\/www.billin.net\/blog\/#website\",\"url\":\"https:\/\/www.billin.net\/blog\/\",\"name\":\"Blog de Billin\",\"description\":\"Mantente informado con el blog de TeamSystem Facturas Billin:  facturaci\u00f3n, legislaci\u00f3n, contabilidad, management y toda la informaci\u00f3n \u00fatil para pymes y aut\u00f3nomos.\",\"publisher\":{\"@id\":\"https:\/\/www.billin.net\/blog\/#organization\"},\"potentialAction\":[{\"@type\":\"SearchAction\",\"target\":{\"@type\":\"EntryPoint\",\"urlTemplate\":\"https:\/\/www.billin.net\/blog\/?s={search_term_string}\"},\"query-input\":{\"@type\":\"PropertyValueSpecification\",\"valueRequired\":true,\"valueName\":\"search_term_string\"}}],\"inLanguage\":\"es\"},{\"@type\":\"Organization\",\"@id\":\"https:\/\/www.billin.net\/blog\/#organization\",\"name\":\"Billin\",\"alternateName\":\"Blog de Billin\",\"url\":\"https:\/\/www.billin.net\/blog\/\",\"logo\":{\"@type\":\"ImageObject\",\"inLanguage\":\"es\",\"@id\":\"https:\/\/www.billin.net\/blog\/#\/schema\/logo\/image\/\",\"url\":\"https:\/\/www.billin.net\/blog\/wp-content\/uploads\/2019\/06\/logotipo-billin-blog-1.png\",\"contentUrl\":\"https:\/\/www.billin.net\/blog\/wp-content\/uploads\/2019\/06\/logotipo-billin-blog-1.png\",\"width\":126,\"height\":50,\"caption\":\"Billin\"},\"image\":{\"@id\":\"https:\/\/www.billin.net\/blog\/#\/schema\/logo\/image\/\"},\"sameAs\":[\"https:\/\/www.facebook.com\/EsBillin\",\"https:\/\/x.com\/Billin_ES\",\"https:\/\/www.instagram.com\/billin_es\/\",\"https:\/\/www.linkedin.com\/company\/billin-spain\",\"https:\/\/www.youtube.com\/c\/BillinEsintercambiodefacturas\/\"],\"legalName\":\"MY EXPENSES SL\",\"contactPoint\":{\"@type\":\"ContactPoint\",\"telephone\":\"+34918318883\",\"contactType\":\"customer service\",\"email\":\"info@billin.eu\",\"availableLanguage\":\"es\"},\"foundingDate\":\"2015\",\"numberOfEmployees\":{\"@type\":\"QuantitativeValue\",\"minValue\":10,\"maxValue\":50},\"parentOrganization\":{\"@type\":\"Organization\",\"name\":\"TeamSystem\",\"url\":\"https:\/\/www.teamsystem.com\/\"},\"description\":\"Billin es el programa de facturaci\u00f3n online de TeamSystem para aut\u00f3nomos y pymes en Espa\u00f1a. Permite crear facturas, controlar gastos y cumplir con Verifactu.\",\"address\":{\"@type\":\"PostalAddress\",\"streetAddress\":\"Calle Arturo Soria, 336\",\"addressLocality\":\"Madrid\",\"addressRegion\":\"Madrid\",\"postalCode\":\"28033\",\"addressCountry\":\"ES\"}},{\"@type\":\"Person\",\"@id\":\"https:\/\/www.billin.net\/blog\/#\/schema\/person\/d0339ee6e869234614541b1e80a793e7\",\"name\":\"Marcos De La Cueva - CEO TeamSystem Facturas Billin\",\"image\":{\"@type\":\"ImageObject\",\"inLanguage\":\"es\",\"@id\":\"https:\/\/www.billin.net\/blog\/#\/schema\/person\/image\/\",\"url\":\"https:\/\/www.billin.net\/blog\/wp-content\/uploads\/2023\/10\/marcos-color-150x150.png\",\"contentUrl\":\"https:\/\/www.billin.net\/blog\/wp-content\/uploads\/2023\/10\/marcos-color-150x150.png\",\"caption\":\"Marcos De La Cueva - CEO TeamSystem Facturas Billin\"},\"description\":\"Licenciado en ADE por la Universidad Aut\u00f3noma de Madrid, Marcos De la Cueva es CEO y cofundador de TeamSystem Facturas Billin, un programa online que lleva m\u00e1s de 9 a\u00f1os ayudando a aut\u00f3nomos, peque\u00f1os negocios y gestor\u00edas a digitalizar sus presupuestos, facturas, tickets y gastos. \u00a0 Sobre Marcos De La Cueva \u00a0 Apasionado por el mundo empresarial y la tecnolog\u00eda, curs\u00f3 su M\u00e1ster de Finanzas en la Universidad Pontificia de Comillas y estuvo en el Programa de Cooperaci\u00f3n Educativa de la Universidad Aut\u00f3noma de Madrid. \u00a0 Marcos siempre ha tenido su objetivo claro: ayudar a la creaci\u00f3n de negocios financieramente sostenibles a trav\u00e9s de una herramienta de facturaci\u00f3n que les permita ahorrar tiempo y tener la contabilidad bajo control. \u00a0 Marcos De La Cueva en los medios \u2014 Noticia sobre Kit Digital y Ley Antifraude (VeriFactu) en El Economista. \u2014 Noticia sobre Kit Digital y factura electr\u00f3nica obligatoria en Diario Jur\u00eddico. \u2014 Noticia sobre el a\u00f1o de transici\u00f3n para la factura electr\u00f3nica en Muy Pymes. \u2014 Entrevista sobre factura electr\u00f3nica obligatoria en Canal Sur. \u2014 Noticia sobre el informe factura electr\u00f3nica de TeamSystem en Channel Partner. \u2014 Charla sobre productividad y Ley Crea y Crece en El Economista. \u2014 Charla sobre factura electr\u00f3nica obligatoria en Muy Pymes. \u2014 Charla sobre digitalizaci\u00f3n aut\u00f3nomos y productividad en esdiario. \u2014 Charla sobre productividad y factura electr\u00f3nica en La Raz\u00f3n. \u2014 Charla sobre factura electr\u00f3nica obligatoria en Aut\u00f3nomos y Emprendedores. \u2014 Entrevista sobre Ley Antifraude y Ley Crea y Crece en Expansi\u00f3n. \u2014 Entrevista sobre Ley Antifraude y Ley Crea y Crece en La Raz\u00f3n. \u2014 Entrevista sobre factura electr\u00f3nica obligatoria en El Economista. \u2014 Comunicado Billin y TeamSystem en Business Insider. \u2014 Entrevista en Econom\u00eda Digital. \u2014 Entrevista en Ideas para tu empresa de Vodafone. \u2014 Entrevista en M\u00e1sQradio. \u2014 Entrevista en Armas para emprender de El M\u00e9todo Gallardo. \u2014 Entrevista en KFund. \u2014 Entrevista en AXA Seguros Espa\u00f1a. \u2014 Entrevista en GestionaRadio. \u00a0 Marcos De La Cueva en eventos \u00a0 \u2014 Participaci\u00f3n como ponente en Accountex Espa\u00f1a 2023. \u00a0 Tem\u00e1ticas de especializaci\u00f3n \u00a0 negocios | startups | contabilidad| fiscalidad | empresas| asesor\u00edas| autonomos | emprendedores | peque\u00f1os negocios | econom\u00eda | ADE | pymes | desarrollo de negocio\u00a0\",\"sameAs\":[\"https:\/\/www.billin.net\/\",\"https:\/\/www.linkedin.com\/in\/marcos-de-la-cueva-19750ba3\/\"],\"url\":\"https:\/\/www.billin.net\/blog\/author\/marcosdelacueva\/\",\"jobTitle\":\"CEO y cofundador de TS Facturas Billin\"}]}<\/script>\n<!-- \/ Yoast SEO plugin. -->","yoast_head_json":{"title":"\u25b7 C\u00f3mo realizar una factura si tengo una peluquer\u00eda","description":"Te ofrecemos la informaci\u00f3n m\u00e1s detallada y actualizada sobre c\u00f3mo realizar una factura si tienes una peluquer\u00eda \u2192 Sigue leyendo aqu\u00ed","robots":{"index":"index","follow":"follow","max-snippet":"max-snippet:-1","max-image-preview":"max-image-preview:large","max-video-preview":"max-video-preview:-1"},"canonical":"https:\/\/www.billin.net\/blog\/como-hacer-factura-peluqueria\/","og_locale":"es_ES","og_type":"article","og_title":"\u25b7 C\u00f3mo realizar una factura si tengo una peluquer\u00eda","og_description":"Te ofrecemos la informaci\u00f3n m\u00e1s detallada y actualizada sobre c\u00f3mo realizar una factura si tienes una peluquer\u00eda \u2192 Sigue leyendo aqu\u00ed","og_url":"https:\/\/www.billin.net\/blog\/como-hacer-factura-peluqueria\/","og_site_name":"Blog de TeamSystem Facturas Billin","article_publisher":"https:\/\/www.facebook.com\/EsBillin","article_published_time":"2024-11-07T12:31:58+00:00","article_modified_time":"2025-09-25T18:27:28+00:00","og_image":[{"width":900,"height":600,"url":"https:\/\/www.billin.net\/blog\/wp-content\/uploads\/2024\/11\/factura-de-peluqueria.jpg","type":"image\/jpeg"}],"author":"Marcos De La Cueva - CEO TeamSystem Facturas Billin","twitter_card":"summary_large_image","twitter_creator":"@Billin_ES","twitter_site":"@Billin_ES","twitter_misc":{"Escrito por":"Marcos De La Cueva - CEO TeamSystem Facturas Billin","Tiempo de lectura":"10 minutos"},"schema":{"@context":"https:\/\/schema.org","@graph":[{"@type":"Article","@id":"https:\/\/www.billin.net\/blog\/como-hacer-factura-peluqueria\/#article","isPartOf":{"@id":"https:\/\/www.billin.net\/blog\/como-hacer-factura-peluqueria\/"},"author":{"name":"Marcos De La Cueva - CEO TeamSystem Facturas Billin","@id":"https:\/\/www.billin.net\/blog\/#\/schema\/person\/d0339ee6e869234614541b1e80a793e7"},"headline":"C\u00f3mo realizar una factura si tengo una peluquer\u00eda","datePublished":"2024-11-07T12:31:58+00:00","dateModified":"2025-09-25T18:27:28+00:00","mainEntityOfPage":{"@id":"https:\/\/www.billin.net\/blog\/como-hacer-factura-peluqueria\/"},"wordCount":2284,"commentCount":0,"publisher":{"@id":"https:\/\/www.billin.net\/blog\/#organization"},"image":{"@id":"https:\/\/www.billin.net\/blog\/como-hacer-factura-peluqueria\/#primaryimage"},"thumbnailUrl":"https:\/\/www.billin.net\/blog\/wp-content\/uploads\/2024\/11\/factura-de-peluqueria.jpg","articleSection":["Facturaci\u00f3n"],"inLanguage":"es","potentialAction":[{"@type":"CommentAction","name":"Comment","target":["https:\/\/www.billin.net\/blog\/como-hacer-factura-peluqueria\/#respond"]}]},{"@type":"WebPage","@id":"https:\/\/www.billin.net\/blog\/como-hacer-factura-peluqueria\/","url":"https:\/\/www.billin.net\/blog\/como-hacer-factura-peluqueria\/","name":"\u25b7 C\u00f3mo realizar una factura si tengo una peluquer\u00eda","isPartOf":{"@id":"https:\/\/www.billin.net\/blog\/#website"},"primaryImageOfPage":{"@id":"https:\/\/www.billin.net\/blog\/como-hacer-factura-peluqueria\/#primaryimage"},"image":{"@id":"https:\/\/www.billin.net\/blog\/como-hacer-factura-peluqueria\/#primaryimage"},"thumbnailUrl":"https:\/\/www.billin.net\/blog\/wp-content\/uploads\/2024\/11\/factura-de-peluqueria.jpg","datePublished":"2024-11-07T12:31:58+00:00","dateModified":"2025-09-25T18:27:28+00:00","description":"Te ofrecemos la informaci\u00f3n m\u00e1s detallada y actualizada sobre c\u00f3mo realizar una factura si tienes una peluquer\u00eda \u2192 Sigue leyendo aqu\u00ed","breadcrumb":{"@id":"https:\/\/www.billin.net\/blog\/como-hacer-factura-peluqueria\/#breadcrumb"},"inLanguage":"es","potentialAction":[{"@type":"ReadAction","target":["https:\/\/www.billin.net\/blog\/como-hacer-factura-peluqueria\/"]}]},{"@type":"ImageObject","inLanguage":"es","@id":"https:\/\/www.billin.net\/blog\/como-hacer-factura-peluqueria\/#primaryimage","url":"https:\/\/www.billin.net\/blog\/wp-content\/uploads\/2024\/11\/factura-de-peluqueria.jpg","contentUrl":"https:\/\/www.billin.net\/blog\/wp-content\/uploads\/2024\/11\/factura-de-peluqueria.jpg","width":900,"height":600,"caption":"factura de peluquer\u00eda"},{"@type":"BreadcrumbList","@id":"https:\/\/www.billin.net\/blog\/como-hacer-factura-peluqueria\/#breadcrumb","itemListElement":[{"@type":"ListItem","position":1,"name":"Blog","item":"https:\/\/www.billin.net\/blog\/"},{"@type":"ListItem","position":2,"name":"Facturaci\u00f3n","item":"https:\/\/www.billin.net\/blog\/facturacion\/"},{"@type":"ListItem","position":3,"name":"C\u00f3mo realizar una factura si tengo una peluquer\u00eda"}]},{"@type":"WebSite","@id":"https:\/\/www.billin.net\/blog\/#website","url":"https:\/\/www.billin.net\/blog\/","name":"Blog de Billin","description":"Mantente informado con el blog de TeamSystem Facturas Billin:  facturaci\u00f3n, legislaci\u00f3n, contabilidad, management y toda la informaci\u00f3n \u00fatil para pymes y aut\u00f3nomos.","publisher":{"@id":"https:\/\/www.billin.net\/blog\/#organization"},"potentialAction":[{"@type":"SearchAction","target":{"@type":"EntryPoint","urlTemplate":"https:\/\/www.billin.net\/blog\/?s={search_term_string}"},"query-input":{"@type":"PropertyValueSpecification","valueRequired":true,"valueName":"search_term_string"}}],"inLanguage":"es"},{"@type":"Organization","@id":"https:\/\/www.billin.net\/blog\/#organization","name":"Billin","alternateName":"Blog de Billin","url":"https:\/\/www.billin.net\/blog\/","logo":{"@type":"ImageObject","inLanguage":"es","@id":"https:\/\/www.billin.net\/blog\/#\/schema\/logo\/image\/","url":"https:\/\/www.billin.net\/blog\/wp-content\/uploads\/2019\/06\/logotipo-billin-blog-1.png","contentUrl":"https:\/\/www.billin.net\/blog\/wp-content\/uploads\/2019\/06\/logotipo-billin-blog-1.png","width":126,"height":50,"caption":"Billin"},"image":{"@id":"https:\/\/www.billin.net\/blog\/#\/schema\/logo\/image\/"},"sameAs":["https:\/\/www.facebook.com\/EsBillin","https:\/\/x.com\/Billin_ES","https:\/\/www.instagram.com\/billin_es\/","https:\/\/www.linkedin.com\/company\/billin-spain","https:\/\/www.youtube.com\/c\/BillinEsintercambiodefacturas\/"],"legalName":"MY EXPENSES SL","contactPoint":{"@type":"ContactPoint","telephone":"+34918318883","contactType":"customer service","email":"info@billin.eu","availableLanguage":"es"},"foundingDate":"2015","numberOfEmployees":{"@type":"QuantitativeValue","minValue":10,"maxValue":50},"parentOrganization":{"@type":"Organization","name":"TeamSystem","url":"https:\/\/www.teamsystem.com\/"},"description":"Billin es el programa de facturaci\u00f3n online de TeamSystem para aut\u00f3nomos y pymes en Espa\u00f1a. Permite crear facturas, controlar gastos y cumplir con Verifactu.","address":{"@type":"PostalAddress","streetAddress":"Calle Arturo Soria, 336","addressLocality":"Madrid","addressRegion":"Madrid","postalCode":"28033","addressCountry":"ES"}},{"@type":"Person","@id":"https:\/\/www.billin.net\/blog\/#\/schema\/person\/d0339ee6e869234614541b1e80a793e7","name":"Marcos De La Cueva - CEO TeamSystem Facturas Billin","image":{"@type":"ImageObject","inLanguage":"es","@id":"https:\/\/www.billin.net\/blog\/#\/schema\/person\/image\/","url":"https:\/\/www.billin.net\/blog\/wp-content\/uploads\/2023\/10\/marcos-color-150x150.png","contentUrl":"https:\/\/www.billin.net\/blog\/wp-content\/uploads\/2023\/10\/marcos-color-150x150.png","caption":"Marcos De La Cueva - CEO TeamSystem Facturas Billin"},"description":"Licenciado en ADE por la Universidad Aut\u00f3noma de Madrid, Marcos De la Cueva es CEO y cofundador de TeamSystem Facturas Billin, un programa online que lleva m\u00e1s de 9 a\u00f1os ayudando a aut\u00f3nomos, peque\u00f1os negocios y gestor\u00edas a digitalizar sus presupuestos, facturas, tickets y gastos. \u00a0 Sobre Marcos De La Cueva \u00a0 Apasionado por el mundo empresarial y la tecnolog\u00eda, curs\u00f3 su M\u00e1ster de Finanzas en la Universidad Pontificia de Comillas y estuvo en el Programa de Cooperaci\u00f3n Educativa de la Universidad Aut\u00f3noma de Madrid. \u00a0 Marcos siempre ha tenido su objetivo claro: ayudar a la creaci\u00f3n de negocios financieramente sostenibles a trav\u00e9s de una herramienta de facturaci\u00f3n que les permita ahorrar tiempo y tener la contabilidad bajo control. \u00a0 Marcos De La Cueva en los medios \u2014 Noticia sobre Kit Digital y Ley Antifraude (VeriFactu) en El Economista. \u2014 Noticia sobre Kit Digital y factura electr\u00f3nica obligatoria en Diario Jur\u00eddico. \u2014 Noticia sobre el a\u00f1o de transici\u00f3n para la factura electr\u00f3nica en Muy Pymes. \u2014 Entrevista sobre factura electr\u00f3nica obligatoria en Canal Sur. \u2014 Noticia sobre el informe factura electr\u00f3nica de TeamSystem en Channel Partner. \u2014 Charla sobre productividad y Ley Crea y Crece en El Economista. \u2014 Charla sobre factura electr\u00f3nica obligatoria en Muy Pymes. \u2014 Charla sobre digitalizaci\u00f3n aut\u00f3nomos y productividad en esdiario. \u2014 Charla sobre productividad y factura electr\u00f3nica en La Raz\u00f3n. \u2014 Charla sobre factura electr\u00f3nica obligatoria en Aut\u00f3nomos y Emprendedores. \u2014 Entrevista sobre Ley Antifraude y Ley Crea y Crece en Expansi\u00f3n. \u2014 Entrevista sobre Ley Antifraude y Ley Crea y Crece en La Raz\u00f3n. \u2014 Entrevista sobre factura electr\u00f3nica obligatoria en El Economista. \u2014 Comunicado Billin y TeamSystem en Business Insider. \u2014 Entrevista en Econom\u00eda Digital. \u2014 Entrevista en Ideas para tu empresa de Vodafone. \u2014 Entrevista en M\u00e1sQradio. \u2014 Entrevista en Armas para emprender de El M\u00e9todo Gallardo. \u2014 Entrevista en KFund. \u2014 Entrevista en AXA Seguros Espa\u00f1a. \u2014 Entrevista en GestionaRadio. \u00a0 Marcos De La Cueva en eventos \u00a0 \u2014 Participaci\u00f3n como ponente en Accountex Espa\u00f1a 2023. \u00a0 Tem\u00e1ticas de especializaci\u00f3n \u00a0 negocios | startups | contabilidad| fiscalidad | empresas| asesor\u00edas| autonomos | emprendedores | peque\u00f1os negocios | econom\u00eda | ADE | pymes | desarrollo de negocio\u00a0","sameAs":["https:\/\/www.billin.net\/","https:\/\/www.linkedin.com\/in\/marcos-de-la-cueva-19750ba3\/"],"url":"https:\/\/www.billin.net\/blog\/author\/marcosdelacueva\/","jobTitle":"CEO y cofundador de TS Facturas Billin"}]}},"_links":{"self":[{"href":"https:\/\/www.billin.net\/blog\/wp-json\/wp\/v2\/posts\/23871","targetHints":{"allow":["GET"]}}],"collection":[{"href":"https:\/\/www.billin.net\/blog\/wp-json\/wp\/v2\/posts"}],"about":[{"href":"https:\/\/www.billin.net\/blog\/wp-json\/wp\/v2\/types\/post"}],"author":[{"embeddable":true,"href":"https:\/\/www.billin.net\/blog\/wp-json\/wp\/v2\/users\/20"}],"replies":[{"embeddable":true,"href":"https:\/\/www.billin.net\/blog\/wp-json\/wp\/v2\/comments?post=23871"}],"version-history":[{"count":5,"href":"https:\/\/www.billin.net\/blog\/wp-json\/wp\/v2\/posts\/23871\/revisions"}],"predecessor-version":[{"id":26596,"href":"https:\/\/www.billin.net\/blog\/wp-json\/wp\/v2\/posts\/23871\/revisions\/26596"}],"wp:featuredmedia":[{"embeddable":true,"href":"https:\/\/www.billin.net\/blog\/wp-json\/wp\/v2\/media\/23872"}],"wp:attachment":[{"href":"https:\/\/www.billin.net\/blog\/wp-json\/wp\/v2\/media?parent=23871"}],"wp:term":[{"taxonomy":"category","embeddable":true,"href":"https:\/\/www.billin.net\/blog\/wp-json\/wp\/v2\/categories?post=23871"},{"taxonomy":"post_tag","embeddable":true,"href":"https:\/\/www.billin.net\/blog\/wp-json\/wp\/v2\/tags?post=23871"}],"curies":[{"name":"wp","href":"https:\/\/api.w.org\/{rel}","templated":true}]}}