{"id":23828,"date":"2024-10-30T13:09:31","date_gmt":"2024-10-30T11:09:31","guid":{"rendered":"https:\/\/www.billin.net\/blog\/?p=23828"},"modified":"2025-09-25T20:27:32","modified_gmt":"2025-09-25T18:27:32","slug":"que-pasa-si-soy-autonomo-y-no-facturo-nada","status":"publish","type":"post","link":"https:\/\/www.billin.net\/blog\/que-pasa-si-soy-autonomo-y-no-facturo-nada\/","title":{"rendered":"\u00bfQu\u00e9 pasa si soy aut\u00f3nomo y no facturo nada?"},"content":{"rendered":"<p><span style=\"font-weight: 400;\">Ser<\/span> <a href=\"https:\/\/www.billin.net\/glosario\/autonomo\/\"><span style=\"font-weight: 400;\">aut\u00f3nomo<\/span><\/a> <span style=\"font-weight: 400;\">implica una serie de compromisos y responsabilidades, tanto si se generan ingresos como si no. <\/span><\/p>\n<p><span style=\"font-weight: 400;\">Muchos trabajadores por cuenta propia pasan por etapas en las que no facturan o tienen ingresos muy bajos, ya sea por la naturaleza de su actividad o por circunstancias del mercado.\u00a0<\/span><\/p>\n<p><span style=\"font-weight: 400;\">En estos casos, es natural preguntarse <\/span><b>qu\u00e9 pasa si soy aut\u00f3nomo y no facturo nada<\/b><span style=\"font-weight: 400;\"> y c\u00f3mo afecta esto a mis obligaciones fiscales y de cotizaci\u00f3n.<\/span><\/p>\n<p><span style=\"font-weight: 400;\">A diferencia de lo que muchos creen, el hecho de no generar ingresos no exime de cumplir con las responsabilidades legales.<\/span><\/p>\n<p><span style=\"font-weight: 400;\"> Tanto Hacienda como la Seguridad Social siguen exigiendo el cumplimiento de una serie de obligaciones, entre ellas el pago de la cuota de aut\u00f3nomos y la presentaci\u00f3n de las declaraciones fiscales correspondientes, aunque estas tengan cero como resultado.\u00a0<\/span><\/p>\n<p><span style=\"font-weight: 400;\">Ignorar estas obligaciones puede derivar en sanciones econ\u00f3micas, complicando a\u00fan m\u00e1s la situaci\u00f3n de los <\/span><b>aut\u00f3nomos sin ingresos<\/b><span style=\"font-weight: 400;\">.<\/span><\/p>\n<p><span style=\"font-weight: 400;\">En este art\u00edculo, vamos a examinar en detalle qu\u00e9 ocurre en estos casos, c\u00f3mo afecta a tu situaci\u00f3n econ\u00f3mica y qu\u00e9 opciones tienes para gestionar de manera eficiente tus obligaciones, evitando posibles sanciones.\u00a0<\/span><\/p>\n<p><span style=\"font-weight: 400;\">Adem\u00e1s, responderemos a preguntas clave, tales como si es necesario <\/span><b>pagar la cuota de aut\u00f3nomo sin ingresos<\/b><span style=\"font-weight: 400;\"> o si debes realizar la <\/span><b>declaraci\u00f3n de la renta siendo aut\u00f3nomo sin ingresos<\/b><span style=\"font-weight: 400;\">.<\/span><\/p>\n<h2><b>Soy un aut\u00f3nomo sin ingresos o con ingresos bajos<\/b><\/h2>\n<p><span style=\"font-weight: 400;\">Encontrarse en una situaci\u00f3n en la que no se generan ingresos o estos son muy bajos es una realidad com\u00fan para muchos trabajadores aut\u00f3nomos. <\/span><\/p>\n<p><span style=\"font-weight: 400;\">En estos casos, ser <\/span><b>aut\u00f3nomo sin ingresos<\/b><span style=\"font-weight: 400;\"> no te exime de los compromisos con la Seguridad Social y Hacienda, por lo que es esencial conocer qu\u00e9 pasos debes seguir para evitar sanciones.<\/span><\/p>\n<p><span style=\"font-weight: 400;\">Uno de los principales retos que enfrentan los aut\u00f3nomos en esta situaci\u00f3n es el pago de la <\/span><b>cuota de aut\u00f3nomos<\/b><span style=\"font-weight: 400;\">, un gasto fijo que debes afrontar cada mes. <\/span><\/p>\n<p><span style=\"font-weight: 400;\">A partir de 2023, con la <\/span><a href=\"https:\/\/www.boe.es\/buscar\/doc.php?id=BOE-A-2022-12482\"><span style=\"font-weight: 400;\">nueva normativa de cotizaci\u00f3n por ingresos <\/span><\/a><span style=\"font-weight: 400;\">reales, es posible ajustar esta cuota en funci\u00f3n de lo que factures, lo que supone un alivio para los aut\u00f3nomos con ingresos bajos, pero en cualquier caso, sigue siendo un coste fijo a tener en cuenta.<\/span><\/p>\n<p><span style=\"font-weight: 400;\">Adem\u00e1s del pago de la cuota, l<\/span><b>os aut\u00f3nomos deben presentar las declaraciones trimestrales de impuestos, aunque no hayan facturado.<\/b><span style=\"font-weight: 400;\"> Dejar de presentar estas declaraciones, aunque no hayas generado ingresos, puede acarrear sanciones por parte de Hacienda.<\/span><\/p>\n<p><span style=\"font-weight: 400;\">Si te encuentras en una situaci\u00f3n prolongada de falta de ingresos o con ingresos bajos, podr\u00edas considerar otras opciones, como <\/span><b>darte de baja temporalmente como aut\u00f3nomo<\/b><span style=\"font-weight: 400;\"> para no seguir asumiendo los costes, aunque esto tiene implicaciones tanto a nivel de cotizaci\u00f3n como de cobertura social.\u00a0<\/span><\/p>\n<p><span style=\"font-weight: 400;\">Estar <\/span><b>sin ingresos como aut\u00f3nomo<\/b><span style=\"font-weight: 400;\"> es una situaci\u00f3n dif\u00edcil, pero con planificaci\u00f3n y gesti\u00f3n adecuada de tus obligaciones fiscales, puedes evitar problemas mayores.<\/span><\/p>\n<h2><b>\u00bfQu\u00e9 pasa si soy aut\u00f3nomo y no facturo nada?<\/b><\/h2>\n<p><span style=\"font-weight: 400;\">Si te encuentras en la situaci\u00f3n de ser aut\u00f3nomo y no generar ning\u00fan tipo de ingresos, es fundamental saber <\/span><b>qu\u00e9 pasa si soy aut\u00f3nomo y no facturo nada<\/b> <span style=\"font-weight: 400;\">y c\u00f3mo puede afectar a tus responsabilidades fiscales y cotizaciones.\u00a0<\/span><\/p>\n<h3><b>\u00bfTengo que pagar la cuota si soy un aut\u00f3nomo sin ingresos?<\/b><\/h3>\n<p><span style=\"font-weight: 400;\">Una de las principales dudas que surge entre los trabajadores por cuenta propia es si es necesario seguir pagando la cuota cuando no se generan ingresos. <\/span><b>La respuesta general es que s\u00ed<\/b><span style=\"font-weight: 400;\">.\u00a0<\/span><\/p>\n<p><span style=\"font-weight: 400;\">Aunque no tengas ingresos, la normativa actual exige <\/span><b>pagar la<\/b> <b>cuota de aut\u00f3nomo sin ingresos<\/b><span style=\"font-weight: 400;\">, ya que el hecho de estar dado de<\/span> <a href=\"https:\/\/www.billin.net\/blog\/darse-de-alta-como-autonomo\/\"><span style=\"font-weight: 400;\">alta en el RETA<\/span><\/a> <span style=\"font-weight: 400;\">te obliga a cotizar mensualmente a la Seguridad Social.<\/span><\/p>\n<p><span style=\"font-weight: 400;\">Con la reforma de 2023 y el nuevo sistema de <\/span><b>cotizaci\u00f3n por ingresos reales<\/b><span style=\"font-weight: 400;\">, los aut\u00f3nomos pueden ajustar su cuota en funci\u00f3n de lo que ganen. Esto supone una ventaja para los <\/span><b>aut\u00f3nomos sin ingresos<\/b><span style=\"font-weight: 400;\"> o con ingresos bajos, ya que permite pagar una cuota m\u00e1s reducida si tus ingresos son m\u00ednimos o inexistentes.\u00a0<\/span><\/p>\n<p><span style=\"font-weight: 400;\">Sin embargo, incluso bajo este nuevo sistema, <\/span><b>la cuota no desaparece y debes cumplir con esta obligaci\u00f3n <\/b><span style=\"font-weight: 400;\">mientras permanezcas dado de alta como aut\u00f3nomo.<\/span><\/p>\n<p><span style=\"font-weight: 400;\">Por otro lado, <\/span><b>dejar de pagar la cuota de aut\u00f3nomos<\/b><span style=\"font-weight: 400;\"> sin haber solicitado previamente la baja en el RETA no es una opci\u00f3n viable. Si decides no pagarla, podr\u00edas enfrentarte a recargos e intereses de demora, lo que aumentar\u00eda a\u00fan m\u00e1s tu deuda con la Seguridad Social.<\/span><\/p>\n<p><span style=\"font-weight: 400;\">Si prev\u00e9s que no tendr\u00e1s ingresos por un per\u00edodo prolongado, <\/span><b>otra opci\u00f3n es<\/b> <a href=\"https:\/\/www.billin.net\/blog\/darse-de-baja-autonomo-online\/#:~:text=Dir%C3%ADgete%20a%20%E2%80%9Csede%20electr%C3%B3nica%E2%80%9D%2F,Resoluci%C3%B3n%20de%20baja%20del%20RETA\"><span style=\"font-weight: 400;\">darte de baja como aut\u00f3nomo<\/span><\/a> <span style=\"font-weight: 400;\">temporalmente. En este caso, dejar\u00edas de pagar la cuota, aunque tambi\u00e9n <\/span><b>perder\u00edas los derechos asociados a estar dado de alta<\/b><span style=\"font-weight: 400;\">, como la cotizaci\u00f3n a efectos de jubilaci\u00f3n o el acceso a prestaciones por cese de actividad.<\/span><\/p>\n<h3><b>\u00bfPuedo facturar sin darme de alta como aut\u00f3nomo?<\/b><\/h3>\n<p><span style=\"font-weight: 400;\">Una de las preguntas m\u00e1s comunes entre quienes comienzan a trabajar por cuenta propia es si es posible facturar sin estar dado de alta como aut\u00f3nomo. <strong>La respuesta general es que <\/strong><\/span><b>no<\/b><span style=\"font-weight: 400;\">.\u00a0<\/span><\/p>\n<p><span style=\"font-weight: 400;\">Sin embargo, existe una <\/span><b>excepci\u00f3n<\/b><span style=\"font-weight: 400;\"> a esta norma cuando tu actividad es <\/span><b>espor\u00e1dica<\/b><span style=\"font-weight: 400;\"> y los ingresos que generas no superan el <\/span><b>Salario M\u00ednimo Interprofesional (SMI)<\/b><span style=\"font-weight: 400;\"> anual, que en 2024 es de 15.120 euros. En estos casos espec\u00edficos, podr\u00edas facturar sin darte de alta en el RETA, siempre que se cumplan ciertos requisitos.<\/span><\/p>\n<p><span style=\"font-weight: 400;\">La<\/span><b> clave para poder facturar sin darte de alta como aut\u00f3nomo<\/b><span style=\"font-weight: 400;\"> reside en el car\u00e1cter espor\u00e1dico de la actividad. Esto significa que <\/span><b>los trabajos que realices deben ser ocasionales, no habituales ni recurrentes<\/b><span style=\"font-weight: 400;\">.\u00a0<\/span><\/p>\n<p><span style=\"font-weight: 400;\">Si se trata de una actividad puntual, por ejemplo, un proyecto \u00fanico o colaboraciones espor\u00e1dicas, podr\u00edas evitar el alta en el RETA. Sin embargo, si realizas trabajos de forma frecuente o regular, aunque los ingresos sean bajos, estar\u00e1s obligado a darte de alta como aut\u00f3nomo.<\/span><\/p>\n<p><span style=\"font-weight: 400;\">Es importante destacar que la Seguridad Social y Hacienda suelen interpretar el car\u00e1cter habitual de manera estricta. Por lo tanto, si facturas de forma regular, aunque sea por peque\u00f1as cantidades, podr\u00edas tener problemas si no est\u00e1s dado de alta. <\/span><\/p>\n<p><b>Nuestra recomendaci\u00f3n es que te des de alta en RETA<\/b><span style=\"font-weight: 400;\"> y disfrutes as\u00ed de los beneficios de este r\u00e9gimen.\u00a0<\/span><\/p>\n<p><span style=\"font-weight: 400;\">El otro requisito esencial es que los ingresos anuales por esta actividad espor\u00e1dica no deben superar el <\/span><b>Salario M\u00ednimo Interprofesional (SMI)<\/b><span style=\"font-weight: 400;\">, que en 2024 es de 1.080 euros al mes, por 14 pagas, es decir, 15.120 euros al a\u00f1o. Si tus rendimientos brutos anuales son inferiores a esta cifra, podr\u00edas estar exento de darte de alta en el RETA.<\/span><\/p>\n<p><span style=\"font-weight: 400;\">Es importante tener en cuenta que, aunque no est\u00e9s obligado a darte de alta como aut\u00f3nomo si cumples estos dos requisitos <strong>(actividad espor\u00e1dica e ingresos por debajo del SMI)<\/strong>, tienes que cumplir con las obligaciones fiscales, como declarar esos ingresos en tu declaraci\u00f3n de la renta y aplicar el<\/span> <a href=\"https:\/\/www.billin.net\/blog\/tipos-iva-espana\/\"><span style=\"font-weight: 400;\">IVA<\/span><\/a> <span style=\"font-weight: 400;\">correspondiente en las facturas que emitas.<\/span><\/p>\n<h2><b>\u00bfTengo que hacer la declaraci\u00f3n de la renta si soy un aut\u00f3nomo sin ingresos?<\/b><\/h2>\n<p><span style=\"font-weight: 400;\">Si eres aut\u00f3nomo y no has generado ingresos durante el a\u00f1o, es natural preguntarse si tienes que presentar la <\/span><b>declaraci\u00f3n de la renta<\/b><span style=\"font-weight: 400;\">. <\/span><\/p>\n<p><span style=\"font-weight: 400;\">La respuesta, <strong>en la mayor\u00eda de los casos, es que<\/strong> <\/span><b>s\u00ed<\/b><span style=\"font-weight: 400;\">, est\u00e1s obligado a realizarla, incluso si no has facturado nada.\u00a0<\/span><\/p>\n<p><span style=\"font-weight: 400;\">Esto se debe a que, al estar dado de alta como aut\u00f3nomo, te encuentras dentro de un r\u00e9gimen fiscal que exige el cumplimiento de ciertas obligaciones, independientemente de si has tenido ingresos o no.<\/span><\/p>\n<p><span style=\"font-weight: 400;\">No hacerlo podr\u00eda acarrear problemas con Hacienda, ya que el hecho de no presentar la declaraci\u00f3n, aunque no hayas generado ingresos, podr\u00eda considerarse una infracci\u00f3n. Adem\u00e1s, es posible que Hacienda te reclame informaci\u00f3n o, en casos extremos, imponga sanciones por omisi\u00f3n.<\/span><\/p>\n<h3><b>Aut\u00f3nomos sin ingresos: gastos deducibles<\/b><\/h3>\n<p><span style=\"font-weight: 400;\">Aunque te encuentres en una situaci\u00f3n de <\/span><b>aut\u00f3nomo sin ingresos<\/b><span style=\"font-weight: 400;\">, es importante saber que, a pesar de no facturar, puedes seguir teniendo ciertos <\/span><b>gastos deducibles<\/b><span style=\"font-weight: 400;\"> relacionados con tu actividad.\u00a0<\/span><\/p>\n<p><span style=\"font-weight: 400;\">Estos gastos te permitir\u00e1n reducir tu base imponible y, en algunos casos, acumular p\u00e9rdidas que podr\u00e1s compensar en futuras declaraciones cuando tu actividad vuelva a generar ingresos.<\/span><\/p>\n<p><span style=\"font-weight: 400;\"><strong>Veamos qu\u00e9 tipos de gastos puedes deducir y c\u00f3mo gestionarlos correctamente, incluso cuando no est\u00e1s generando ingresos<\/strong>:<\/span><\/p>\n<ul>\n<li style=\"font-weight: 400;\" aria-level=\"1\"><b>Cuota de aut\u00f3nomos: <\/b><span style=\"font-weight: 400;\"><span style=\"font-weight: 400;\">aunque no est\u00e9s generando ingresos, este pago es obligatorio mientras est\u00e9s dado de alta en el RETA, como hemos visto. La buena noticia es que la cuota de aut\u00f3nomos es un gasto deducible que puedes incluir en tu declaraci\u00f3n de la renta como gasto relacionado con tu actividad econ\u00f3mica.<\/span><\/span><\/li>\n<li style=\"font-weight: 400;\" aria-level=\"1\"><b>Gastos relacionados con tu actividad: <\/b><span style=\"font-weight: 400;\">como aut\u00f3nomo, puedes deducir los gastos que est\u00e9n directamente relacionados con el desarrollo de tu actividad, siempre y cuando est\u00e9n justificados y debidamente documentados con<\/span> <a href=\"https:\/\/www.billin.net\/blog\/como-hacer-factura-autonomos\/\"><span style=\"font-weight: 400;\">facturas<\/span><\/a><span style=\"font-weight: 400;\">.<\/span><\/li>\n<\/ul>\n<ul>\n<li style=\"font-weight: 400;\" aria-level=\"1\"><b><b>Alquiler de un local o despacho<\/b><\/b><\/li>\n<li style=\"font-weight: 400;\" aria-level=\"1\"><b>Suministros<\/b><span style=\"font-weight: 400;\"><span style=\"font-weight: 400;\">: los gastos de luz, agua, tel\u00e9fono o internet asociados a tu negocio son deducibles, siempre que se puedan atribuir a tu actividad profesional.<\/span><\/span><\/li>\n<li style=\"font-weight: 400;\" aria-level=\"1\"><b>Material de oficina y equipo<\/b><span style=\"font-weight: 400;\">: si has comprado herramientas, equipos inform\u00e1ticos, mobiliario o cualquier otro material necesario para el desarrollo de tu actividad, estos gastos tambi\u00e9n pueden deducirse.<\/span><\/li>\n<\/ul>\n<p><span style=\"font-weight: 400;\">Es <\/span><b>fundamental que conserves las facturas de todos estos gastos<\/b><span style=\"font-weight: 400;\">, ya que Hacienda puede solicitarlas para verificar la deducci\u00f3n.<\/span><\/p>\n<ul>\n<li style=\"font-weight: 400;\" aria-level=\"1\"><b>Gastos de transporte y viajes:<\/b><span style=\"font-weight: 400;\"> Si tu actividad requiere desplazamientos, puedes deducir los gastos de transporte relacionados con tu negocio como billetes de tren, autob\u00fas, avi\u00f3n o incluso los gastos de kilometraje si usas tu veh\u00edculo personal para tu trabajo.\u00a0<\/span><\/li>\n<\/ul>\n<p><span style=\"font-weight: 400;\">Tambi\u00e9n son deducibles los gastos en dietas y alojamiento en caso de viajes profesionales. Sin embargo, es importante que estos gastos est\u00e9n <\/span><b>bien justificados y claramente relacionados con tu actividad econ\u00f3mica<\/b><span style=\"font-weight: 400;\">.<\/span><\/p>\n<ul>\n<li style=\"font-weight: 400;\" aria-level=\"1\"><b>Gastos de formaci\u00f3n:<\/b><span style=\"font-weight: 400;\"> invertir en formaci\u00f3n relacionada con tu actividad es otro gasto deducible. Si has realizado cursos, seminarios o talleres que mejoren tus habilidades profesionales, estos gastos pueden deducirse en la declaraci\u00f3n de la renta, siempre que est\u00e9n debidamente <\/span><b>acreditados y relacionados<\/b> <b>con tu actividad<\/b><span style=\"font-weight: 400;\"><span style=\"font-weight: 400;\">.<\/span><\/span><\/li>\n<li style=\"font-weight: 400;\" aria-level=\"1\"><b>Amortizaciones: <\/b><span style=\"font-weight: 400;\">si has realizado inversiones en activos como maquinaria, ordenadores o veh\u00edculos para tu actividad, aunque no hayas generado ingresos, puedes deducir la amortizaci\u00f3n de estos bienes. La<\/span> <a href=\"https:\/\/www.billin.net\/calculadora-tablas-amortizacion\/\"><span style=\"font-weight: 400;\">amortizaci\u00f3n<\/span><\/a> <span style=\"font-weight: 400;\"><span style=\"font-weight: 400;\">es el valor que va perdiendo un bien a lo largo del tiempo y puedes aplicarlo como gasto deducible en tu declaraci\u00f3n fiscal.<\/span><\/span><\/li>\n<li style=\"font-weight: 400;\" aria-level=\"1\"><b>Otras deducciones fiscales: <\/b><span style=\"font-weight: 400;\">dependiendo de tu situaci\u00f3n y del tipo de actividad que desarrolles, podr\u00edas tener derecho a otras deducciones fiscales, como por ejemplo, los seguros de responsabilidad civil, las comisiones bancarias de cuentas profesionales o los gastos en publicidad y marketing.\u00a0<\/span><\/li>\n<\/ul>\n<p><span style=\"font-weight: 400;\">Aunque no est\u00e9s facturando, estos gastos pueden formar parte de tus deducciones y contribuir a reducir tu carga fiscal futura.<\/span><\/p>\n<p><span style=\"font-weight: 400;\">Aunque no hayas tenido ingresos en un ejercicio fiscal, es importante que presentes la <\/span><b>declaraci\u00f3n de la renta<\/b><span style=\"font-weight: 400;\"> para poder aplicar estas deducciones y compensarlas en los a\u00f1os futuros, cuando tu actividad vuelva a generar ingresos. Esto te permitir\u00e1 optimizar tu fiscalidad y reducir tu carga impositiva en los siguientes a\u00f1os.<\/span><\/p>\n<p><span style=\"font-weight: 400;\"><strong>\u00bfEres aut\u00f3nomo y te preocupa c\u00f3mo gestionar tus facturas y gastos, incluso cuando no generas ingresos?<\/strong> En<\/span> <a href=\"https:\/\/www.billin.net\/\"><b>Billin<\/b><\/a> <span style=\"font-weight: 400;\">te ofrecemos una soluci\u00f3n sencilla y eficiente para gestionar tu facturaci\u00f3n, organizar tus finanzas y cumplir con tus obligaciones fiscales.<\/span><\/p>\n<p><b>\u00a0\u00a1<\/b><a href=\"https:\/\/www.billin.net\/signup-mkt-app-nueva\/\"><b>Reg\u00edstrate gratis<\/b><\/a><b> y comienza a optimizar la gesti\u00f3n de tu negocio sin complicaciones!<\/b><\/p>\n","protected":false},"excerpt":{"rendered":"<p>Ser aut\u00f3nomo implica una serie de compromisos y responsabilidades, tanto si se generan ingresos como si no. Muchos trabajadores por cuenta propia pasan por etapas en las que no facturan o tienen ingresos muy bajos, ya sea por la naturaleza de su actividad o por circunstancias del mercado.\u00a0 En estos casos, es natural preguntarse qu\u00e9 [&hellip;]<\/p>\n","protected":false},"author":20,"featured_media":23829,"comment_status":"open","ping_status":"open","sticky":false,"template":"","format":"standard","meta":{"_acf_changed":false,"_et_pb_use_builder":"","_et_pb_old_content":"","_et_gb_content_width":"","om_disable_all_campaigns":false,"inline_featured_image":false,"footnotes":""},"categories":[1015],"tags":[],"class_list":{"0":"post-23828","1":"post","2":"type-post","3":"status-publish","4":"format-standard","5":"has-post-thumbnail","7":"category-facturacion"},"acf":{"selector_de_usuario":"","fecha_de_revision":null},"yoast_head":"<!-- This site is optimized with the Yoast SEO plugin v27.1 - https:\/\/yoast.com\/product\/yoast-seo-wordpress\/ -->\n<title>\u25b7 \u00bfQu\u00e9 pasa si soy aut\u00f3nomo y no facturo nada?<\/title>\n<meta name=\"description\" content=\"Sabes qu\u00e9 pasa si eres aut\u00f3nomo y no facturas \u27a4 Conoce tus obligaciones fiscales, posibles sanciones y c\u00f3mo gestionar tu situaci\u00f3n\" \/>\n<meta name=\"robots\" content=\"index, follow, max-snippet:-1, max-image-preview:large, max-video-preview:-1\" \/>\n<link rel=\"canonical\" href=\"https:\/\/www.billin.net\/blog\/que-pasa-si-soy-autonomo-y-no-facturo-nada\/\" \/>\n<meta property=\"og:locale\" content=\"es_ES\" \/>\n<meta property=\"og:type\" content=\"article\" \/>\n<meta property=\"og:title\" content=\"\u25b7 \u00bfQu\u00e9 pasa si soy aut\u00f3nomo y no facturo nada?\" \/>\n<meta property=\"og:description\" content=\"Sabes qu\u00e9 pasa si eres aut\u00f3nomo y no facturas \u27a4 Conoce tus obligaciones fiscales, posibles sanciones y c\u00f3mo gestionar tu situaci\u00f3n\" \/>\n<meta property=\"og:url\" content=\"https:\/\/www.billin.net\/blog\/que-pasa-si-soy-autonomo-y-no-facturo-nada\/\" \/>\n<meta property=\"og:site_name\" content=\"Blog de TeamSystem Facturas Billin\" \/>\n<meta property=\"article:publisher\" content=\"https:\/\/www.facebook.com\/EsBillin\" \/>\n<meta property=\"article:published_time\" content=\"2024-10-30T11:09:31+00:00\" \/>\n<meta property=\"article:modified_time\" content=\"2025-09-25T18:27:32+00:00\" \/>\n<meta property=\"og:image\" content=\"https:\/\/www.billin.net\/blog\/wp-content\/uploads\/2024\/10\/que-pasa-si-soy-autonomo-y-no-facturo-nada-scaled.jpg\" \/>\n\t<meta property=\"og:image:width\" content=\"2048\" \/>\n\t<meta property=\"og:image:height\" content=\"1365\" \/>\n\t<meta property=\"og:image:type\" content=\"image\/jpeg\" \/>\n<meta name=\"author\" content=\"Marcos De La Cueva - CEO TeamSystem Facturas Billin\" \/>\n<meta name=\"twitter:card\" content=\"summary_large_image\" \/>\n<meta name=\"twitter:creator\" content=\"@Billin_ES\" \/>\n<meta name=\"twitter:site\" content=\"@Billin_ES\" \/>\n<meta name=\"twitter:label1\" content=\"Escrito por\" \/>\n\t<meta name=\"twitter:data1\" content=\"Marcos De La Cueva - CEO TeamSystem Facturas Billin\" \/>\n\t<meta name=\"twitter:label2\" content=\"Tiempo de lectura\" \/>\n\t<meta name=\"twitter:data2\" content=\"9 minutos\" \/>\n<script type=\"application\/ld+json\" class=\"yoast-schema-graph\">{\"@context\":\"https:\/\/schema.org\",\"@graph\":[{\"@type\":\"Article\",\"@id\":\"https:\/\/www.billin.net\/blog\/que-pasa-si-soy-autonomo-y-no-facturo-nada\/#article\",\"isPartOf\":{\"@id\":\"https:\/\/www.billin.net\/blog\/que-pasa-si-soy-autonomo-y-no-facturo-nada\/\"},\"author\":{\"name\":\"Marcos De La Cueva - CEO TeamSystem Facturas Billin\",\"@id\":\"https:\/\/www.billin.net\/blog\/#\/schema\/person\/d0339ee6e869234614541b1e80a793e7\"},\"headline\":\"\u00bfQu\u00e9 pasa si soy aut\u00f3nomo y no facturo nada?\",\"datePublished\":\"2024-10-30T11:09:31+00:00\",\"dateModified\":\"2025-09-25T18:27:32+00:00\",\"mainEntityOfPage\":{\"@id\":\"https:\/\/www.billin.net\/blog\/que-pasa-si-soy-autonomo-y-no-facturo-nada\/\"},\"wordCount\":1979,\"commentCount\":0,\"publisher\":{\"@id\":\"https:\/\/www.billin.net\/blog\/#organization\"},\"image\":{\"@id\":\"https:\/\/www.billin.net\/blog\/que-pasa-si-soy-autonomo-y-no-facturo-nada\/#primaryimage\"},\"thumbnailUrl\":\"https:\/\/www.billin.net\/blog\/wp-content\/uploads\/2024\/10\/que-pasa-si-soy-autonomo-y-no-facturo-nada-scaled.jpg\",\"articleSection\":[\"Facturaci\u00f3n\"],\"inLanguage\":\"es\",\"potentialAction\":[{\"@type\":\"CommentAction\",\"name\":\"Comment\",\"target\":[\"https:\/\/www.billin.net\/blog\/que-pasa-si-soy-autonomo-y-no-facturo-nada\/#respond\"]}]},{\"@type\":\"WebPage\",\"@id\":\"https:\/\/www.billin.net\/blog\/que-pasa-si-soy-autonomo-y-no-facturo-nada\/\",\"url\":\"https:\/\/www.billin.net\/blog\/que-pasa-si-soy-autonomo-y-no-facturo-nada\/\",\"name\":\"\u25b7 \u00bfQu\u00e9 pasa si soy aut\u00f3nomo y no facturo nada?\",\"isPartOf\":{\"@id\":\"https:\/\/www.billin.net\/blog\/#website\"},\"primaryImageOfPage\":{\"@id\":\"https:\/\/www.billin.net\/blog\/que-pasa-si-soy-autonomo-y-no-facturo-nada\/#primaryimage\"},\"image\":{\"@id\":\"https:\/\/www.billin.net\/blog\/que-pasa-si-soy-autonomo-y-no-facturo-nada\/#primaryimage\"},\"thumbnailUrl\":\"https:\/\/www.billin.net\/blog\/wp-content\/uploads\/2024\/10\/que-pasa-si-soy-autonomo-y-no-facturo-nada-scaled.jpg\",\"datePublished\":\"2024-10-30T11:09:31+00:00\",\"dateModified\":\"2025-09-25T18:27:32+00:00\",\"description\":\"Sabes qu\u00e9 pasa si eres aut\u00f3nomo y no facturas \u27a4 Conoce tus obligaciones fiscales, posibles sanciones y c\u00f3mo gestionar tu situaci\u00f3n\",\"breadcrumb\":{\"@id\":\"https:\/\/www.billin.net\/blog\/que-pasa-si-soy-autonomo-y-no-facturo-nada\/#breadcrumb\"},\"inLanguage\":\"es\",\"potentialAction\":[{\"@type\":\"ReadAction\",\"target\":[\"https:\/\/www.billin.net\/blog\/que-pasa-si-soy-autonomo-y-no-facturo-nada\/\"]}]},{\"@type\":\"ImageObject\",\"inLanguage\":\"es\",\"@id\":\"https:\/\/www.billin.net\/blog\/que-pasa-si-soy-autonomo-y-no-facturo-nada\/#primaryimage\",\"url\":\"https:\/\/www.billin.net\/blog\/wp-content\/uploads\/2024\/10\/que-pasa-si-soy-autonomo-y-no-facturo-nada-scaled.jpg\",\"contentUrl\":\"https:\/\/www.billin.net\/blog\/wp-content\/uploads\/2024\/10\/que-pasa-si-soy-autonomo-y-no-facturo-nada-scaled.jpg\",\"width\":2048,\"height\":1365,\"caption\":\"que pasa si soy aut\u00f3nomo y no facturo nada\"},{\"@type\":\"BreadcrumbList\",\"@id\":\"https:\/\/www.billin.net\/blog\/que-pasa-si-soy-autonomo-y-no-facturo-nada\/#breadcrumb\",\"itemListElement\":[{\"@type\":\"ListItem\",\"position\":1,\"name\":\"Blog\",\"item\":\"https:\/\/www.billin.net\/blog\/\"},{\"@type\":\"ListItem\",\"position\":2,\"name\":\"Facturaci\u00f3n\",\"item\":\"https:\/\/www.billin.net\/blog\/facturacion\/\"},{\"@type\":\"ListItem\",\"position\":3,\"name\":\"\u00bfQu\u00e9 pasa si soy aut\u00f3nomo y no facturo nada?\"}]},{\"@type\":\"WebSite\",\"@id\":\"https:\/\/www.billin.net\/blog\/#website\",\"url\":\"https:\/\/www.billin.net\/blog\/\",\"name\":\"Blog de Billin\",\"description\":\"Mantente informado con el blog de TeamSystem Facturas Billin:  facturaci\u00f3n, legislaci\u00f3n, contabilidad, management y toda la informaci\u00f3n \u00fatil para pymes y aut\u00f3nomos.\",\"publisher\":{\"@id\":\"https:\/\/www.billin.net\/blog\/#organization\"},\"potentialAction\":[{\"@type\":\"SearchAction\",\"target\":{\"@type\":\"EntryPoint\",\"urlTemplate\":\"https:\/\/www.billin.net\/blog\/?s={search_term_string}\"},\"query-input\":{\"@type\":\"PropertyValueSpecification\",\"valueRequired\":true,\"valueName\":\"search_term_string\"}}],\"inLanguage\":\"es\"},{\"@type\":\"Organization\",\"@id\":\"https:\/\/www.billin.net\/blog\/#organization\",\"name\":\"Billin\",\"alternateName\":\"Blog de Billin\",\"url\":\"https:\/\/www.billin.net\/blog\/\",\"logo\":{\"@type\":\"ImageObject\",\"inLanguage\":\"es\",\"@id\":\"https:\/\/www.billin.net\/blog\/#\/schema\/logo\/image\/\",\"url\":\"https:\/\/www.billin.net\/blog\/wp-content\/uploads\/2019\/06\/logotipo-billin-blog-1.png\",\"contentUrl\":\"https:\/\/www.billin.net\/blog\/wp-content\/uploads\/2019\/06\/logotipo-billin-blog-1.png\",\"width\":126,\"height\":50,\"caption\":\"Billin\"},\"image\":{\"@id\":\"https:\/\/www.billin.net\/blog\/#\/schema\/logo\/image\/\"},\"sameAs\":[\"https:\/\/www.facebook.com\/EsBillin\",\"https:\/\/x.com\/Billin_ES\",\"https:\/\/www.instagram.com\/billin_es\/\",\"https:\/\/www.linkedin.com\/company\/billin-spain\",\"https:\/\/www.youtube.com\/c\/BillinEsintercambiodefacturas\/\"],\"legalName\":\"MY EXPENSES SL\",\"contactPoint\":{\"@type\":\"ContactPoint\",\"telephone\":\"+34918318883\",\"contactType\":\"customer service\",\"email\":\"info@billin.eu\",\"availableLanguage\":\"es\"},\"foundingDate\":\"2015\",\"numberOfEmployees\":{\"@type\":\"QuantitativeValue\",\"minValue\":10,\"maxValue\":50},\"parentOrganization\":{\"@type\":\"Organization\",\"name\":\"TeamSystem\",\"url\":\"https:\/\/www.teamsystem.com\/\"},\"description\":\"Billin es el programa de facturaci\u00f3n online de TeamSystem para aut\u00f3nomos y pymes en Espa\u00f1a. Permite crear facturas, controlar gastos y cumplir con Verifactu.\",\"address\":{\"@type\":\"PostalAddress\",\"streetAddress\":\"Calle Arturo Soria, 336\",\"addressLocality\":\"Madrid\",\"addressRegion\":\"Madrid\",\"postalCode\":\"28033\",\"addressCountry\":\"ES\"}},{\"@type\":\"Person\",\"@id\":\"https:\/\/www.billin.net\/blog\/#\/schema\/person\/d0339ee6e869234614541b1e80a793e7\",\"name\":\"Marcos De La Cueva - CEO TeamSystem Facturas Billin\",\"image\":{\"@type\":\"ImageObject\",\"inLanguage\":\"es\",\"@id\":\"https:\/\/www.billin.net\/blog\/#\/schema\/person\/image\/\",\"url\":\"https:\/\/www.billin.net\/blog\/wp-content\/uploads\/2023\/10\/marcos-color-150x150.png\",\"contentUrl\":\"https:\/\/www.billin.net\/blog\/wp-content\/uploads\/2023\/10\/marcos-color-150x150.png\",\"caption\":\"Marcos De La Cueva - CEO TeamSystem Facturas Billin\"},\"description\":\"Licenciado en ADE por la Universidad Aut\u00f3noma de Madrid, Marcos De la Cueva es CEO y cofundador de TeamSystem Facturas Billin, un programa online que lleva m\u00e1s de 9 a\u00f1os ayudando a aut\u00f3nomos, peque\u00f1os negocios y gestor\u00edas a digitalizar sus presupuestos, facturas, tickets y gastos. \u00a0 Sobre Marcos De La Cueva \u00a0 Apasionado por el mundo empresarial y la tecnolog\u00eda, curs\u00f3 su M\u00e1ster de Finanzas en la Universidad Pontificia de Comillas y estuvo en el Programa de Cooperaci\u00f3n Educativa de la Universidad Aut\u00f3noma de Madrid. \u00a0 Marcos siempre ha tenido su objetivo claro: ayudar a la creaci\u00f3n de negocios financieramente sostenibles a trav\u00e9s de una herramienta de facturaci\u00f3n que les permita ahorrar tiempo y tener la contabilidad bajo control. \u00a0 Marcos De La Cueva en los medios \u2014 Noticia sobre Kit Digital y Ley Antifraude (VeriFactu) en El Economista. \u2014 Noticia sobre Kit Digital y factura electr\u00f3nica obligatoria en Diario Jur\u00eddico. \u2014 Noticia sobre el a\u00f1o de transici\u00f3n para la factura electr\u00f3nica en Muy Pymes. \u2014 Entrevista sobre factura electr\u00f3nica obligatoria en Canal Sur. \u2014 Noticia sobre el informe factura electr\u00f3nica de TeamSystem en Channel Partner. \u2014 Charla sobre productividad y Ley Crea y Crece en El Economista. \u2014 Charla sobre factura electr\u00f3nica obligatoria en Muy Pymes. \u2014 Charla sobre digitalizaci\u00f3n aut\u00f3nomos y productividad en esdiario. \u2014 Charla sobre productividad y factura electr\u00f3nica en La Raz\u00f3n. \u2014 Charla sobre factura electr\u00f3nica obligatoria en Aut\u00f3nomos y Emprendedores. \u2014 Entrevista sobre Ley Antifraude y Ley Crea y Crece en Expansi\u00f3n. \u2014 Entrevista sobre Ley Antifraude y Ley Crea y Crece en La Raz\u00f3n. \u2014 Entrevista sobre factura electr\u00f3nica obligatoria en El Economista. \u2014 Comunicado Billin y TeamSystem en Business Insider. \u2014 Entrevista en Econom\u00eda Digital. \u2014 Entrevista en Ideas para tu empresa de Vodafone. \u2014 Entrevista en M\u00e1sQradio. \u2014 Entrevista en Armas para emprender de El M\u00e9todo Gallardo. \u2014 Entrevista en KFund. \u2014 Entrevista en AXA Seguros Espa\u00f1a. \u2014 Entrevista en GestionaRadio. \u00a0 Marcos De La Cueva en eventos \u00a0 \u2014 Participaci\u00f3n como ponente en Accountex Espa\u00f1a 2023. \u00a0 Tem\u00e1ticas de especializaci\u00f3n \u00a0 negocios | startups | contabilidad| fiscalidad | empresas| asesor\u00edas| autonomos | emprendedores | peque\u00f1os negocios | econom\u00eda | ADE | pymes | desarrollo de negocio\u00a0\",\"sameAs\":[\"https:\/\/www.billin.net\/\",\"https:\/\/www.linkedin.com\/in\/marcos-de-la-cueva-19750ba3\/\"],\"url\":\"https:\/\/www.billin.net\/blog\/author\/marcosdelacueva\/\",\"jobTitle\":\"CEO y cofundador de TS Facturas Billin\"}]}<\/script>\n<!-- \/ Yoast SEO plugin. -->","yoast_head_json":{"title":"\u25b7 \u00bfQu\u00e9 pasa si soy aut\u00f3nomo y no facturo nada?","description":"Sabes qu\u00e9 pasa si eres aut\u00f3nomo y no facturas \u27a4 Conoce tus obligaciones fiscales, posibles sanciones y c\u00f3mo gestionar tu situaci\u00f3n","robots":{"index":"index","follow":"follow","max-snippet":"max-snippet:-1","max-image-preview":"max-image-preview:large","max-video-preview":"max-video-preview:-1"},"canonical":"https:\/\/www.billin.net\/blog\/que-pasa-si-soy-autonomo-y-no-facturo-nada\/","og_locale":"es_ES","og_type":"article","og_title":"\u25b7 \u00bfQu\u00e9 pasa si soy aut\u00f3nomo y no facturo nada?","og_description":"Sabes qu\u00e9 pasa si eres aut\u00f3nomo y no facturas \u27a4 Conoce tus obligaciones fiscales, posibles sanciones y c\u00f3mo gestionar tu situaci\u00f3n","og_url":"https:\/\/www.billin.net\/blog\/que-pasa-si-soy-autonomo-y-no-facturo-nada\/","og_site_name":"Blog de TeamSystem Facturas Billin","article_publisher":"https:\/\/www.facebook.com\/EsBillin","article_published_time":"2024-10-30T11:09:31+00:00","article_modified_time":"2025-09-25T18:27:32+00:00","og_image":[{"width":2048,"height":1365,"url":"https:\/\/www.billin.net\/blog\/wp-content\/uploads\/2024\/10\/que-pasa-si-soy-autonomo-y-no-facturo-nada-scaled.jpg","type":"image\/jpeg"}],"author":"Marcos De La Cueva - CEO TeamSystem Facturas Billin","twitter_card":"summary_large_image","twitter_creator":"@Billin_ES","twitter_site":"@Billin_ES","twitter_misc":{"Escrito por":"Marcos De La Cueva - CEO TeamSystem Facturas Billin","Tiempo de lectura":"9 minutos"},"schema":{"@context":"https:\/\/schema.org","@graph":[{"@type":"Article","@id":"https:\/\/www.billin.net\/blog\/que-pasa-si-soy-autonomo-y-no-facturo-nada\/#article","isPartOf":{"@id":"https:\/\/www.billin.net\/blog\/que-pasa-si-soy-autonomo-y-no-facturo-nada\/"},"author":{"name":"Marcos De La Cueva - CEO TeamSystem Facturas Billin","@id":"https:\/\/www.billin.net\/blog\/#\/schema\/person\/d0339ee6e869234614541b1e80a793e7"},"headline":"\u00bfQu\u00e9 pasa si soy aut\u00f3nomo y no facturo nada?","datePublished":"2024-10-30T11:09:31+00:00","dateModified":"2025-09-25T18:27:32+00:00","mainEntityOfPage":{"@id":"https:\/\/www.billin.net\/blog\/que-pasa-si-soy-autonomo-y-no-facturo-nada\/"},"wordCount":1979,"commentCount":0,"publisher":{"@id":"https:\/\/www.billin.net\/blog\/#organization"},"image":{"@id":"https:\/\/www.billin.net\/blog\/que-pasa-si-soy-autonomo-y-no-facturo-nada\/#primaryimage"},"thumbnailUrl":"https:\/\/www.billin.net\/blog\/wp-content\/uploads\/2024\/10\/que-pasa-si-soy-autonomo-y-no-facturo-nada-scaled.jpg","articleSection":["Facturaci\u00f3n"],"inLanguage":"es","potentialAction":[{"@type":"CommentAction","name":"Comment","target":["https:\/\/www.billin.net\/blog\/que-pasa-si-soy-autonomo-y-no-facturo-nada\/#respond"]}]},{"@type":"WebPage","@id":"https:\/\/www.billin.net\/blog\/que-pasa-si-soy-autonomo-y-no-facturo-nada\/","url":"https:\/\/www.billin.net\/blog\/que-pasa-si-soy-autonomo-y-no-facturo-nada\/","name":"\u25b7 \u00bfQu\u00e9 pasa si soy aut\u00f3nomo y no facturo nada?","isPartOf":{"@id":"https:\/\/www.billin.net\/blog\/#website"},"primaryImageOfPage":{"@id":"https:\/\/www.billin.net\/blog\/que-pasa-si-soy-autonomo-y-no-facturo-nada\/#primaryimage"},"image":{"@id":"https:\/\/www.billin.net\/blog\/que-pasa-si-soy-autonomo-y-no-facturo-nada\/#primaryimage"},"thumbnailUrl":"https:\/\/www.billin.net\/blog\/wp-content\/uploads\/2024\/10\/que-pasa-si-soy-autonomo-y-no-facturo-nada-scaled.jpg","datePublished":"2024-10-30T11:09:31+00:00","dateModified":"2025-09-25T18:27:32+00:00","description":"Sabes qu\u00e9 pasa si eres aut\u00f3nomo y no facturas \u27a4 Conoce tus obligaciones fiscales, posibles sanciones y c\u00f3mo gestionar tu situaci\u00f3n","breadcrumb":{"@id":"https:\/\/www.billin.net\/blog\/que-pasa-si-soy-autonomo-y-no-facturo-nada\/#breadcrumb"},"inLanguage":"es","potentialAction":[{"@type":"ReadAction","target":["https:\/\/www.billin.net\/blog\/que-pasa-si-soy-autonomo-y-no-facturo-nada\/"]}]},{"@type":"ImageObject","inLanguage":"es","@id":"https:\/\/www.billin.net\/blog\/que-pasa-si-soy-autonomo-y-no-facturo-nada\/#primaryimage","url":"https:\/\/www.billin.net\/blog\/wp-content\/uploads\/2024\/10\/que-pasa-si-soy-autonomo-y-no-facturo-nada-scaled.jpg","contentUrl":"https:\/\/www.billin.net\/blog\/wp-content\/uploads\/2024\/10\/que-pasa-si-soy-autonomo-y-no-facturo-nada-scaled.jpg","width":2048,"height":1365,"caption":"que pasa si soy aut\u00f3nomo y no facturo nada"},{"@type":"BreadcrumbList","@id":"https:\/\/www.billin.net\/blog\/que-pasa-si-soy-autonomo-y-no-facturo-nada\/#breadcrumb","itemListElement":[{"@type":"ListItem","position":1,"name":"Blog","item":"https:\/\/www.billin.net\/blog\/"},{"@type":"ListItem","position":2,"name":"Facturaci\u00f3n","item":"https:\/\/www.billin.net\/blog\/facturacion\/"},{"@type":"ListItem","position":3,"name":"\u00bfQu\u00e9 pasa si soy aut\u00f3nomo y no facturo nada?"}]},{"@type":"WebSite","@id":"https:\/\/www.billin.net\/blog\/#website","url":"https:\/\/www.billin.net\/blog\/","name":"Blog de Billin","description":"Mantente informado con el blog de TeamSystem Facturas Billin:  facturaci\u00f3n, legislaci\u00f3n, contabilidad, management y toda la informaci\u00f3n \u00fatil para pymes y aut\u00f3nomos.","publisher":{"@id":"https:\/\/www.billin.net\/blog\/#organization"},"potentialAction":[{"@type":"SearchAction","target":{"@type":"EntryPoint","urlTemplate":"https:\/\/www.billin.net\/blog\/?s={search_term_string}"},"query-input":{"@type":"PropertyValueSpecification","valueRequired":true,"valueName":"search_term_string"}}],"inLanguage":"es"},{"@type":"Organization","@id":"https:\/\/www.billin.net\/blog\/#organization","name":"Billin","alternateName":"Blog de Billin","url":"https:\/\/www.billin.net\/blog\/","logo":{"@type":"ImageObject","inLanguage":"es","@id":"https:\/\/www.billin.net\/blog\/#\/schema\/logo\/image\/","url":"https:\/\/www.billin.net\/blog\/wp-content\/uploads\/2019\/06\/logotipo-billin-blog-1.png","contentUrl":"https:\/\/www.billin.net\/blog\/wp-content\/uploads\/2019\/06\/logotipo-billin-blog-1.png","width":126,"height":50,"caption":"Billin"},"image":{"@id":"https:\/\/www.billin.net\/blog\/#\/schema\/logo\/image\/"},"sameAs":["https:\/\/www.facebook.com\/EsBillin","https:\/\/x.com\/Billin_ES","https:\/\/www.instagram.com\/billin_es\/","https:\/\/www.linkedin.com\/company\/billin-spain","https:\/\/www.youtube.com\/c\/BillinEsintercambiodefacturas\/"],"legalName":"MY EXPENSES SL","contactPoint":{"@type":"ContactPoint","telephone":"+34918318883","contactType":"customer service","email":"info@billin.eu","availableLanguage":"es"},"foundingDate":"2015","numberOfEmployees":{"@type":"QuantitativeValue","minValue":10,"maxValue":50},"parentOrganization":{"@type":"Organization","name":"TeamSystem","url":"https:\/\/www.teamsystem.com\/"},"description":"Billin es el programa de facturaci\u00f3n online de TeamSystem para aut\u00f3nomos y pymes en Espa\u00f1a. Permite crear facturas, controlar gastos y cumplir con Verifactu.","address":{"@type":"PostalAddress","streetAddress":"Calle Arturo Soria, 336","addressLocality":"Madrid","addressRegion":"Madrid","postalCode":"28033","addressCountry":"ES"}},{"@type":"Person","@id":"https:\/\/www.billin.net\/blog\/#\/schema\/person\/d0339ee6e869234614541b1e80a793e7","name":"Marcos De La Cueva - CEO TeamSystem Facturas Billin","image":{"@type":"ImageObject","inLanguage":"es","@id":"https:\/\/www.billin.net\/blog\/#\/schema\/person\/image\/","url":"https:\/\/www.billin.net\/blog\/wp-content\/uploads\/2023\/10\/marcos-color-150x150.png","contentUrl":"https:\/\/www.billin.net\/blog\/wp-content\/uploads\/2023\/10\/marcos-color-150x150.png","caption":"Marcos De La Cueva - CEO TeamSystem Facturas Billin"},"description":"Licenciado en ADE por la Universidad Aut\u00f3noma de Madrid, Marcos De la Cueva es CEO y cofundador de TeamSystem Facturas Billin, un programa online que lleva m\u00e1s de 9 a\u00f1os ayudando a aut\u00f3nomos, peque\u00f1os negocios y gestor\u00edas a digitalizar sus presupuestos, facturas, tickets y gastos. \u00a0 Sobre Marcos De La Cueva \u00a0 Apasionado por el mundo empresarial y la tecnolog\u00eda, curs\u00f3 su M\u00e1ster de Finanzas en la Universidad Pontificia de Comillas y estuvo en el Programa de Cooperaci\u00f3n Educativa de la Universidad Aut\u00f3noma de Madrid. \u00a0 Marcos siempre ha tenido su objetivo claro: ayudar a la creaci\u00f3n de negocios financieramente sostenibles a trav\u00e9s de una herramienta de facturaci\u00f3n que les permita ahorrar tiempo y tener la contabilidad bajo control. \u00a0 Marcos De La Cueva en los medios \u2014 Noticia sobre Kit Digital y Ley Antifraude (VeriFactu) en El Economista. \u2014 Noticia sobre Kit Digital y factura electr\u00f3nica obligatoria en Diario Jur\u00eddico. \u2014 Noticia sobre el a\u00f1o de transici\u00f3n para la factura electr\u00f3nica en Muy Pymes. \u2014 Entrevista sobre factura electr\u00f3nica obligatoria en Canal Sur. \u2014 Noticia sobre el informe factura electr\u00f3nica de TeamSystem en Channel Partner. \u2014 Charla sobre productividad y Ley Crea y Crece en El Economista. \u2014 Charla sobre factura electr\u00f3nica obligatoria en Muy Pymes. \u2014 Charla sobre digitalizaci\u00f3n aut\u00f3nomos y productividad en esdiario. \u2014 Charla sobre productividad y factura electr\u00f3nica en La Raz\u00f3n. \u2014 Charla sobre factura electr\u00f3nica obligatoria en Aut\u00f3nomos y Emprendedores. \u2014 Entrevista sobre Ley Antifraude y Ley Crea y Crece en Expansi\u00f3n. \u2014 Entrevista sobre Ley Antifraude y Ley Crea y Crece en La Raz\u00f3n. \u2014 Entrevista sobre factura electr\u00f3nica obligatoria en El Economista. \u2014 Comunicado Billin y TeamSystem en Business Insider. \u2014 Entrevista en Econom\u00eda Digital. \u2014 Entrevista en Ideas para tu empresa de Vodafone. \u2014 Entrevista en M\u00e1sQradio. \u2014 Entrevista en Armas para emprender de El M\u00e9todo Gallardo. \u2014 Entrevista en KFund. \u2014 Entrevista en AXA Seguros Espa\u00f1a. \u2014 Entrevista en GestionaRadio. \u00a0 Marcos De La Cueva en eventos \u00a0 \u2014 Participaci\u00f3n como ponente en Accountex Espa\u00f1a 2023. \u00a0 Tem\u00e1ticas de especializaci\u00f3n \u00a0 negocios | startups | contabilidad| fiscalidad | empresas| asesor\u00edas| autonomos | emprendedores | peque\u00f1os negocios | econom\u00eda | ADE | pymes | desarrollo de negocio\u00a0","sameAs":["https:\/\/www.billin.net\/","https:\/\/www.linkedin.com\/in\/marcos-de-la-cueva-19750ba3\/"],"url":"https:\/\/www.billin.net\/blog\/author\/marcosdelacueva\/","jobTitle":"CEO y cofundador de TS Facturas Billin"}]}},"_links":{"self":[{"href":"https:\/\/www.billin.net\/blog\/wp-json\/wp\/v2\/posts\/23828","targetHints":{"allow":["GET"]}}],"collection":[{"href":"https:\/\/www.billin.net\/blog\/wp-json\/wp\/v2\/posts"}],"about":[{"href":"https:\/\/www.billin.net\/blog\/wp-json\/wp\/v2\/types\/post"}],"author":[{"embeddable":true,"href":"https:\/\/www.billin.net\/blog\/wp-json\/wp\/v2\/users\/20"}],"replies":[{"embeddable":true,"href":"https:\/\/www.billin.net\/blog\/wp-json\/wp\/v2\/comments?post=23828"}],"version-history":[{"count":7,"href":"https:\/\/www.billin.net\/blog\/wp-json\/wp\/v2\/posts\/23828\/revisions"}],"predecessor-version":[{"id":26598,"href":"https:\/\/www.billin.net\/blog\/wp-json\/wp\/v2\/posts\/23828\/revisions\/26598"}],"wp:featuredmedia":[{"embeddable":true,"href":"https:\/\/www.billin.net\/blog\/wp-json\/wp\/v2\/media\/23829"}],"wp:attachment":[{"href":"https:\/\/www.billin.net\/blog\/wp-json\/wp\/v2\/media?parent=23828"}],"wp:term":[{"taxonomy":"category","embeddable":true,"href":"https:\/\/www.billin.net\/blog\/wp-json\/wp\/v2\/categories?post=23828"},{"taxonomy":"post_tag","embeddable":true,"href":"https:\/\/www.billin.net\/blog\/wp-json\/wp\/v2\/tags?post=23828"}],"curies":[{"name":"wp","href":"https:\/\/api.w.org\/{rel}","templated":true}]}}