{"id":23635,"date":"2024-09-30T16:50:56","date_gmt":"2024-09-30T14:50:56","guid":{"rendered":"https:\/\/www.billin.net\/blog\/?p=23635"},"modified":"2025-09-25T20:27:45","modified_gmt":"2025-09-25T18:27:45","slug":"factura-dentista","status":"publish","type":"post","link":"https:\/\/www.billin.net\/blog\/factura-dentista\/","title":{"rendered":"\u00bfC\u00f3mo factura un dentista? Gu\u00eda para odont\u00f3logos aut\u00f3nomos"},"content":{"rendered":"<p><span style=\"font-weight: 400;\">Si eres un dentista aut\u00f3nomo, debes gestionar correctamente la facturaci\u00f3n para cumplir con tus obligaciones fiscales. <\/span><\/p>\n<p><span style=\"font-weight: 400;\">Emitir facturas no solo es un requisito legal, es tambi\u00e9n una manera de reflejar con transparencia y precisi\u00f3n los servicios que ofreces a tus pacientes. <\/span><\/p>\n<p><span style=\"font-weight: 400;\">En estos casos, la <\/span><b>factura de un odont\u00f3logo aut\u00f3nomo<\/b><span style=\"font-weight: 400;\"> puede contemplar tanto <\/span><b>servicios sanitarios<\/b><span style=\"font-weight: 400;\"> como <\/span><b>servicios est\u00e9ticos<\/b><span style=\"font-weight: 400;\">.<\/span><\/p>\n<p><span style=\"font-weight: 400;\">Como cada uno de estos servicios tiene sus propias particularidades, a la hora de facturar es importante conocerlas para detallar claramente los tratamientos prestados y aplicar correctamente los impuestos. En esta gu\u00eda, te explicaremos paso a paso <\/span><b>c\u00f3mo emitir una factura de dentista<\/b><span style=\"font-weight: 400;\">, qu\u00e9 datos son imprescindibles y c\u00f3mo gestionar los impuestos aplicables seg\u00fan el tipo de servicio.<\/span><\/p>\n<h2><b>Datos que debe contener una factura de dentista<\/b><\/h2>\n<p><span style=\"font-weight: 400;\">Cuando hablamos de una factura de dentista, nos estamos refiriendo a emitir una <\/span><b>factura de prestaci\u00f3n de servicios<\/b><span style=\"font-weight: 400;\">, por lo que el proceso es id\u00e9ntico al de cualquier otro profesional.\u00a0<\/span><\/p>\n<p><span style=\"font-weight: 400;\">Aunque existen ciertas particularidades relacionadas con los impuestos que se aplican en el \u00e1mbito odontol\u00f3gico, el <\/span><a href=\"https:\/\/www.billin.net\/blog\/partes-de-una-factura-legal\/\"><span style=\"font-weight: 400;\">formato b\u00e1sico de la factura<\/span><\/a><span style=\"font-weight: 400;\"> debe cumplir con los requisitos generales establecidos por la normativa vigente, es decir, <\/span><a href=\"https:\/\/www.boe.es\/buscar\/act.php?id=BOE-A-2012-14696\"><span style=\"font-weight: 400;\">el Reglamento que regula las obligaciones de facturaci\u00f3n<\/span><\/a><span style=\"font-weight: 400;\">, aprobado por <\/span><b>Real Decreto 1619\/2012, de 30 de noviembre.<\/b><\/p>\n<p><span style=\"font-weight: 400;\">Independientemente de si decides hacer las facturas manualmente o a trav\u00e9s de un <\/span><a href=\"https:\/\/www.billin.net\/inicio-3\/\"><span style=\"font-weight: 400;\">software de facturaci\u00f3n<\/span><\/a><span style=\"font-weight: 400;\">, cada factura debe incluir una serie de datos esenciales para que sea v\u00e1lida y reconocida por Hacienda. <\/span><\/p>\n<p><span style=\"font-weight: 400;\">Veamos cu\u00e1les son los elementos indispensables que no pueden faltar en una <\/span><b>factura de dentista<\/b><span style=\"font-weight: 400;\">:<\/span><\/p>\n<ul>\n<li style=\"font-weight: 400;\" aria-level=\"1\"><b>La palabra \u201cfactura\u201d: <\/b><span style=\"font-weight: 400;\">Es importante que la palabra \u201cfactura\u201d aparezca claramente en un lugar destacado del documento. Esto ayuda a identificar el documento como una factura formal y no como un simple recibo o una nota.<\/span><\/li>\n<li style=\"font-weight: 400;\" aria-level=\"1\"><a href=\"https:\/\/www.billin.net\/blog\/numeracion-facturas\/\"><b>N\u00famero de factura<\/b><\/a><b>:<\/b><span style=\"font-weight: 400;\"> Cada factura debe tener un n\u00famero \u00fanico y correlativo, lo que significa que no puede repetirse ni saltarse n\u00fameros. Si utilizas series distintas para diferentes tipos de servicios o clientes, tambi\u00e9n es necesario que indiques la serie correspondiente.<\/span><\/li>\n<li style=\"font-weight: 400;\" aria-level=\"1\"><b>Fecha de emisi\u00f3n:<\/b><span style=\"font-weight: 400;\"> La factura debe incluir la <\/span><a href=\"https:\/\/www.billin.net\/blog\/fecha-emision-factura\/#:~:text=Personas%20jur%C3%ADdicas%3A%20la%20fecha%20m%C3%A1xima,un%20mes%20para%20su%20env%C3%ADo\"><span style=\"font-weight: 400;\">fecha en que se emite<\/span><\/a><span style=\"font-weight: 400;\">, que puede no coincidir con la fecha en que se realiza el pago. Esta fecha es crucial, ya que determina el momento en que se genera la obligaci\u00f3n tributaria.<\/span><\/li>\n<li style=\"font-weight: 400;\" aria-level=\"1\"><b>Datos fiscales del dentista:<\/b><span style=\"font-weight: 400;\"> Se deben incluir los datos completos del emisor de la factura, es decir, del dentista o de la cl\u00ednica que ofrece los servicios. Esto incluye el nombre completo o raz\u00f3n social, el n\u00famero de identificaci\u00f3n fiscal (NIF) y la direcci\u00f3n fiscal.<\/span><\/li>\n<li style=\"font-weight: 400;\" aria-level=\"1\"><b>Datos del cliente:<\/b><span style=\"font-weight: 400;\"> Asimismo, deben aparecer los datos fiscales del cliente, que incluyen su nombre, NIF y direcci\u00f3n. Esto es fundamental para identificar qui\u00e9n recibe el servicio.<\/span><\/li>\n<li style=\"font-weight: 400;\" aria-level=\"1\"><b>Descripci\u00f3n de los servicios prestados:<\/b><span style=\"font-weight: 400;\"> Cada uno de los tratamientos o servicios realizados debe describirse de manera clara y detallada. Por ejemplo, si se realiz\u00f3 una limpieza dental y un empaste, ambos deben especificarse como conceptos separados en la factura para que el paciente entienda exactamente qu\u00e9 est\u00e1 pagando.<\/span><\/li>\n<li style=\"font-weight: 400;\" aria-level=\"1\"><b>Base imponible:<\/b><span style=\"font-weight: 400;\"> Es el importe total de los servicios prestados antes de aplicar cualquier tipo de impuesto o retenci\u00f3n. Este valor refleja el coste bruto del tratamiento.<\/span><\/li>\n<li style=\"font-weight: 400;\" aria-level=\"1\"><b>Impuestos aplicables:<\/b><span style=\"font-weight: 400;\"> Dependiendo del tipo de servicio ofrecido, puede ser necesario incluir impuestos como el <\/span><a href=\"https:\/\/www.billin.net\/blog\/tipos-iva-espana\/\"><b>IVA<\/b><\/a><span style=\"font-weight: 400;\">, que se debe desglosar adecuadamente. M\u00e1s adelante, explicaremos en detalle c\u00f3mo aplicar estos impuestos.<\/span><\/li>\n<li style=\"font-weight: 400;\" aria-level=\"1\"><b>Importe total:<\/b><span style=\"font-weight: 400;\"> Finalmente, la factura debe reflejar el importe total a pagar, que es la suma de la base imponible m\u00e1s los impuestos y cualquier otro concepto que se deba a\u00f1adir, como descuentos o retenciones.<\/span><\/li>\n<\/ul>\n<h2><b>Aplicaci\u00f3n de impuestos en una factura de dentista<\/b><\/h2>\n<p><span style=\"font-weight: 400;\">Uno de los aspectos m\u00e1s importantes al emitir una factura como dentista aut\u00f3nomo es la correcta aplicaci\u00f3n de los impuestos. Los dos principales impuestos que afectan a la factura de un dentista son el <\/span><b>IVA<\/b><span style=\"font-weight: 400;\"> y el <\/span><b>IRPF<\/b><span style=\"font-weight: 400;\">. <\/span><\/p>\n<p><span style=\"font-weight: 400;\">A continuaci\u00f3n, te explicamos c\u00f3mo y cu\u00e1ndo aplicarlos.<\/span><\/p>\n<h3><b>IVA en una factura de dentista<\/b><\/h3>\n<p><span style=\"font-weight: 400;\">El <\/span><b>IVA (impuesto sobre el valor a\u00f1adido)<\/b><span style=\"font-weight: 400;\"> es uno de los impuestos clave a tener en cuenta al emitir una factura como dentista aut\u00f3nomo. <\/span><\/p>\n<p><span style=\"font-weight: 400;\">Sin embargo, en el \u00e1mbito de la odontolog\u00eda, su aplicaci\u00f3n var\u00eda en funci\u00f3n del tipo de servicio prestado. <\/span><\/p>\n<p><span style=\"font-weight: 400;\">Veamos c\u00f3mo funciona el IVA en los dentistas:<\/span><\/p>\n<ul>\n<li style=\"font-weight: 400;\" aria-level=\"1\"><span style=\"font-weight: 400;\">Seg\u00fan <\/span><a href=\"https:\/\/www.boe.es\/buscar\/act.php?id=BOE-A-1992-28740\"><span style=\"font-weight: 400;\">la Ley del IVA<\/span><\/a><span style=\"font-weight: 400;\">, los <\/span><b>servicios sanitarios<\/b><span style=\"font-weight: 400;\"> relacionados con el cuidado de la salud bucodental, como tratamientos de ortodoncia, empastes, limpiezas o extracciones, est\u00e1n <\/span><b>exentos de IVA<\/b><span style=\"font-weight: 400;\"> en Espa\u00f1a.\u00a0<\/span><\/li>\n<\/ul>\n<p><span style=\"font-weight: 400;\">A tenor del <\/span><b>art\u00edculo 20 <\/b><span style=\"font-weight: 400;\">de la precitada Ley, est\u00e1n exentas <\/span><i><span style=\"font-weight: 400;\">\u201cla asistencia a personas f\u00edsicas por profesionales m\u00e9dicos o sanitarios que consistan en diagn\u00f3stico, prevenci\u00f3n y tratamiento de enfermedades\u201d.<\/span><\/i><\/p>\n<p><span style=\"font-weight: 400;\">Esta exenci\u00f3n comprende \u201c<\/span><i><span style=\"font-weight: 400;\">las prestaciones de servicios realizadas en el \u00e1mbito de sus respectivas profesiones por estomat\u00f3logos,<\/span><\/i><b><i> odont\u00f3logos<\/i><\/b><i><span style=\"font-weight: 400;\">, mec\u00e1nicos dentistas y prot\u00e9sicos dentales, as\u00ed como la entrega, reparaci\u00f3n y colocaci\u00f3n de pr\u00f3tesis dentales y ortopedias maxilares realizadas por los mismos, cualquiera que sea la persona a cuyo cargo se realicen dichas operaciones\u201d.<\/span><\/i><\/p>\n<ul>\n<li style=\"font-weight: 400;\" aria-level=\"1\"><span style=\"font-weight: 400;\">Por otro lado, los <\/span><b>tratamientos dentales est\u00e9ticos<\/b><span style=\"font-weight: 400;\">, que no tienen una finalidad m\u00e9dica, sino cosm\u00e9tica, como la colocaci\u00f3n de carillas con fines est\u00e9ticos, <\/span><b>s\u00ed est\u00e1n sujetos al IVA<\/b><span style=\"font-weight: 400;\">, con un tipo impositivo del <\/span><b>21%<\/b><span style=\"font-weight: 400;\">.<\/span><\/li>\n<\/ul>\n<p><span style=\"font-weight: 400;\">Una aclaraci\u00f3n, los tratamientos de blanqueamiento dental, no est\u00e1n considerados como un tratamiento est\u00e9tico, por lo tanto, se encuentran exentos de IVA, seg\u00fan la Direcci\u00f3n General de Tributos.<\/span><\/p>\n<h4><b>Inciso: Exenci\u00f3n de IVA no implica ausencia de factura<\/b><\/h4>\n<p><span style=\"font-weight: 400;\">Es importante hacer una aclaraci\u00f3n: que un servicio est\u00e9 exento de IVA <\/span><b>no significa<\/b><span style=\"font-weight: 400;\"> que no se deba emitir una factura. Al contrario, es obligatorio seguir emitiendo facturas por todos los servicios prestados, tal como lo establece la legislaci\u00f3n.\u00a0<\/span><\/p>\n<p><span style=\"font-weight: 400;\">En casos de exenci\u00f3n de IVA, es fundamental <\/span><b>especificar claramente en la factura<\/b><span style=\"font-weight: 400;\"> que el servicio est\u00e1 exento, indicando la referencia legal que justifica esta exenci\u00f3n. Para ello, se puede a\u00f1adir en un apartado visible de la factura, por ejemplo, en \u201cobservaciones\u201d, la siguiente menci\u00f3n: <\/span><b><i>\u201cExento de IVA seg\u00fan el art\u00edculo 20. Uno. 5\u00ba de la Ley del IVA\u201d<\/i><\/b><i><span style=\"font-weight: 400;\">.<\/span><\/i><\/p>\n<h4><b>Recordatorio: obligaci\u00f3n de declarar el IVA<\/b><\/h4>\n<p><span style=\"font-weight: 400;\">En aquellos servicios que s\u00ed lo incluyen, como los tratamientos est\u00e9ticos, los importes cobrados en concepto de IVA deben ser declarados y entregados a la Agencia Tributaria de forma trimestral a trav\u00e9s del <\/span><a href=\"https:\/\/www.billin.net\/blog\/como-rellenar-modelo-303\/\"><b>modelo 303<\/b><\/a><span style=\"font-weight: 400;\">. <\/span><\/p>\n<p><span style=\"font-weight: 400;\">Es decir, el dentista cobra el IVA a sus pacientes y lo ingresa a Hacienda en los plazos establecidos, asegurando el cumplimiento de sus obligaciones fiscales.<\/span><\/p>\n<h3><b>IRPF en una factura de dentista<\/b><\/h3>\n<p><span style=\"font-weight: 400;\">El <\/span><a href=\"https:\/\/www.billin.net\/blog\/nuevas-tablas-irpf\/\"><b>IRPF<\/b><\/a><b> (Impuesto sobre la renta de las personas f\u00edsicas)<\/b><span style=\"font-weight: 400;\"> es otro impuesto que puede afectar a tus facturas de dentista. Sin embargo, solo deber\u00e1s incluir retenciones de IRPF en tus facturas cuando trabajes para <\/span><b>empresas o profesionales<\/b><span style=\"font-weight: 400;\">. <\/span><\/p>\n<p><span style=\"font-weight: 400;\">En este caso, debes aplicar una retenci\u00f3n del <\/span><b>15% de IRPF<\/b><span style=\"font-weight: 400;\"> (o del 7% durante los dos primeros a\u00f1os de actividad) sobre la <\/span><a href=\"https:\/\/www.billin.net\/glosario\/definicion-base-imponible\/\"><span style=\"font-weight: 400;\">base imponible<\/span><\/a><span style=\"font-weight: 400;\">.<\/span><\/p>\n<p><span style=\"font-weight: 400;\">Si facturas a <\/span><b>particulares<\/b><span style=\"font-weight: 400;\">, como es el caso de la mayor\u00eda de los pacientes en una consulta dental, <\/span><b>no se debe aplicar retenci\u00f3n de IRPF<\/b><span style=\"font-weight: 400;\"> en la factura. <\/span><\/p>\n<p><span style=\"font-weight: 400;\">Esto es importante, ya que las facturas emitidas a particulares solo requerir\u00e1n la menci\u00f3n de los impuestos si procede, como el IVA de dentista en los casos de servicios est\u00e9ticos.<\/span><\/p>\n<h2><b>Ejemplo factura de dentista<\/b><\/h2>\n<p><span style=\"font-weight: 400;\">Una vez que el dentista ha determinado si el servicio que ha prestado est\u00e1 sujeto o exento de IVA, est\u00e1 obligado a emitir una factura cuando el cliente lo solicite. <\/span><\/p>\n<p><span style=\"font-weight: 400;\">Tanto si el servicio est\u00e1 exento de IVA como si debe incluir este impuesto, la factura debe cumplir con la normativa vigente de facturaci\u00f3n.<\/span><\/p>\n<p><span style=\"font-weight: 400;\">Seg\u00fan la legislaci\u00f3n fiscal, una factura emitida por un odont\u00f3logo aut\u00f3nomo debe contener todos elementos esenciales, ya enumerados y explicados en apartado anterior.<\/span><\/p>\n<h3><b>Plazos de emisi\u00f3n de la factura<\/b><\/h3>\n<p><span style=\"font-weight: 400;\">El plazo para emitir una factura depende del tipo de cliente al que va dirigida:<\/span><\/p>\n<ul>\n<li style=\"font-weight: 400;\" aria-level=\"1\"><b>Factura para particulares:<\/b><span style=\"font-weight: 400;\"> Si la factura es para un particular, debe emitirse en el mismo momento en que se ha realizado el servicio y se ha recibido el pago.\u00a0 Aunque no es obligatorio emitir una factura para un particular a menos que lo solicite, es importante estar preparado para hacerlo si el paciente lo requiere.<\/span><\/li>\n<li style=\"font-weight: 400;\" aria-level=\"1\"><b>Factura para empresas o aut\u00f3nomos:<\/b><span style=\"font-weight: 400;\"> Si el servicio ha sido prestado a una empresa o a otro profesional, el plazo m\u00e1ximo para emitir la factura es hasta el d\u00eda <\/span><b>16 del mes siguiente<\/b><span style=\"font-weight: 400;\"> al que se realiz\u00f3 el servicio dental. Este margen da tiempo para gestionar la facturaci\u00f3n con mayor flexibilidad.<\/span><\/li>\n<\/ul>\n<p><span style=\"font-weight: 400;\">Emitir facturas correctamente garantiza el cumplimiento de la normativa fiscal y facilita la gesti\u00f3n de ingresos y <\/span><a href=\"https:\/\/www.billin.net\/blog\/obligaciones-tributarias-emprendedores\/\"><span style=\"font-weight: 400;\">obligaciones tributarias<\/span><\/a><span style=\"font-weight: 400;\">. <\/span><\/p>\n<p><span style=\"font-weight: 400;\">Mantener un registro ordenado y cumplir con los plazos de emisi\u00f3n ayudar\u00e1 a evitar problemas con Hacienda y a mantener una relaci\u00f3n profesional transparente con los pacientes y clientes.<\/span><\/p>\n<p><b>Con nuestro programa de facturaci\u00f3n<\/b><span style=\"font-weight: 400;\">, puedes crear facturas de dentista que incluyan todos los elementos legales necesarios de manera r\u00e1pida y sencilla. Si necesitas emitir facturas con o sin IVA, nuestro software te asegura que cumples con la normativa vigente.\u00a0<\/span><\/p>\n<p><span style=\"font-weight: 400;\">Para que la teor\u00eda quede m\u00e1s clara, a continuaci\u00f3n te mostramos un ejemplo de c\u00f3mo ser\u00eda una <\/span><b>factura para un odont\u00f3logo aut\u00f3nomo por un servicio exento de IVA<\/b><span style=\"font-weight: 400;\">:<\/span><\/p>\n<p><b>Factura n\u00ba:<\/b><span style=\"font-weight: 400;\"> 0010-2024<\/span><span style=\"font-weight: 400;\"><br \/>\n<\/span><b>Fecha de emisi\u00f3n:<\/b><span style=\"font-weight: 400;\"> 01\/09\/2024<\/span><\/p>\n<p><span style=\"font-weight: 400;\"><br \/>\n<\/span><b>Datos del emisor (dentista):<\/b><\/p>\n<ul>\n<li style=\"font-weight: 400;\" aria-level=\"1\"><span style=\"font-weight: 400;\">Nombre: Dr. Juan P\u00e9rez<\/span><\/li>\n<li style=\"font-weight: 400;\" aria-level=\"1\"><span style=\"font-weight: 400;\">NIF: 12345678Z<\/span><\/li>\n<li style=\"font-weight: 400;\" aria-level=\"1\"><span style=\"font-weight: 400;\">Direcci\u00f3n: Calle Salud, 15, Madrid<\/span><\/li>\n<\/ul>\n<p><b>Datos del cliente (paciente):<\/b><\/p>\n<ul>\n<li style=\"font-weight: 400;\" aria-level=\"1\"><span style=\"font-weight: 400;\">Nombre: Marta Garc\u00eda<\/span><\/li>\n<li style=\"font-weight: 400;\" aria-level=\"1\"><span style=\"font-weight: 400;\">DNI: 87654321L<\/span><\/li>\n<li style=\"font-weight: 400;\" aria-level=\"1\"><span style=\"font-weight: 400;\">Direcci\u00f3n: Calle Flores, 8, Madrid<\/span><\/li>\n<\/ul>\n<p><b>Descripci\u00f3n del servicio:<\/b><\/p>\n<ul>\n<li style=\"font-weight: 400;\" aria-level=\"1\"><span style=\"font-weight: 400;\">Empaste dental molar derecho<\/span><\/li>\n<li style=\"font-weight: 400;\" aria-level=\"1\"><span style=\"font-weight: 400;\">Limpieza bucal profesional<\/span><\/li>\n<\/ul>\n<p><b>Base imponible:<\/b><\/p>\n<ul>\n<li style=\"font-weight: 400;\" aria-level=\"1\"><span style=\"font-weight: 400;\">Empaste dental: 100,00\u20ac (exento de IVA)<\/span><\/li>\n<li style=\"font-weight: 400;\" aria-level=\"1\"><span style=\"font-weight: 400;\">Limpieza bucal: 50,00\u20ac (exento de IVA)<\/span><\/li>\n<\/ul>\n<p><b>Total factura:<\/b><span style=\"font-weight: 400;\"> 150,00\u20ac<\/span><\/p>\n<p><b>Observaciones: <\/b><span style=\"font-weight: 400;\">\u00a0<\/span><b><i>\u201cExento de IVA seg\u00fan el art\u00edculo 20. Uno. 5\u00ba de la Ley del IVA\u00bb<\/i><\/b><i><span style=\"font-weight: 400;\">.<\/span><\/i><\/p>\n<p><b>Forma de pago:<\/b><span style=\"font-weight: 400;\"> Transferencia bancaria<\/span><\/p>\n<p><b>N\u00famero de cuenta:<\/b><span style=\"font-weight: 400;\"> ES12 3456 7890 1234 5678 9012<\/span><\/p>\n<p><span style=\"font-weight: 400;\">Este ejemplo refleja una factura sin la aplicaci\u00f3n de IVA, ya que los servicios prestados est\u00e1n exentos. Sin embargo, si el tratamiento hubiera incluido un producto cosm\u00e9tico como un blanqueamiento dental, la base imponible correspondiente llevar\u00eda el 21% de IVA desglosado.<\/span><\/p>\n<p><span style=\"font-weight: 400;\">A continuaci\u00f3n, vemos un ejemplo de<\/span><b> factura para un dentista aut\u00f3nomo que incluye el IVA<\/b><span style=\"font-weight: 400;\">, correspondiente a un servicio est\u00e9tico de colocaci\u00f3n de carillas dentales. Este modelo te ayudar\u00e1 a entender c\u00f3mo debe estructurarse una factura con IVA aplicado para servicios no exentos.<\/span><\/p>\n<p><b>Factura n\u00ba:<\/b><span style=\"font-weight: 400;\"> 0015-2024<\/span><span style=\"font-weight: 400;\"><br \/>\n<\/span><b>Fecha de emisi\u00f3n:<\/b><span style=\"font-weight: 400;\"> 01\/09\/2024<\/span><\/p>\n<p><b>Datos del emisor (dentista):<\/b><\/p>\n<ul>\n<li style=\"font-weight: 400;\" aria-level=\"1\"><b>Nombre:<\/b><span style=\"font-weight: 400;\"> Dr. Alejandro Mart\u00ednez<\/span><\/li>\n<li style=\"font-weight: 400;\" aria-level=\"1\"><b>NIF:<\/b><span style=\"font-weight: 400;\"> 12345678X<\/span><\/li>\n<li style=\"font-weight: 400;\" aria-level=\"1\"><b>Direcci\u00f3n:<\/b><span style=\"font-weight: 400;\"> Calle Salud, 20, Madrid<\/span><\/li>\n<\/ul>\n<p><b>Datos del cliente (paciente):<\/b><\/p>\n<ul>\n<li style=\"font-weight: 400;\" aria-level=\"1\"><b>Nombre:<\/b><span style=\"font-weight: 400;\"> Laura S\u00e1nchez<\/span><\/li>\n<li style=\"font-weight: 400;\" aria-level=\"1\"><b>DNI:<\/b><span style=\"font-weight: 400;\"> 23456789Y<\/span><\/li>\n<li style=\"font-weight: 400;\" aria-level=\"1\"><b>Direcci\u00f3n:<\/b><span style=\"font-weight: 400;\"> Calle Alegr\u00eda, 10, Madrid<\/span><\/li>\n<\/ul>\n<p><b>Descripci\u00f3n del servicio:<\/b><\/p>\n<p><span style=\"font-weight: 400;\">Carillas dentales (4 unidades)<\/span><\/p>\n<p><b>Precio unitario: <\/b><span style=\"font-weight: 400;\">500,00\u20ac<\/span><\/p>\n<p><b>Base imponible:<\/b><span style=\"font-weight: 400;\"> 500,00 \u20ac<\/span><span style=\"font-weight: 400;\"><br \/>\n<\/span><b>IVA (21%):<\/b><span style=\"font-weight: 400;\"> 105,00 \u20ac<\/span><span style=\"font-weight: 400;\"><br \/>\n<\/span><b>Total Factura:<\/b><span style=\"font-weight: 400;\"> 605,00 \u20ac<\/span><\/p>\n<p><b>Observaciones:<\/b><b><br \/>\n<\/b><span style=\"font-weight: 400;\">Este servicio est\u00e1 sujeto a IVA conforme al tipo impositivo del 21%.<\/span><span style=\"font-weight: 400;\"><br \/>\n<\/span><span style=\"font-weight: 400;\">El total de la factura incluye IVA.<\/span><\/p>\n<p><b>Forma de pago:<\/b><span style=\"font-weight: 400;\"> Transferencia bancaria<\/span><span style=\"font-weight: 400;\"><br \/>\n<\/span><b>N\u00famero de cuenta:<\/b><span style=\"font-weight: 400;\"> ES12 3456 7890 1234 5678 9012<\/span><\/p>\n<p><span style=\"font-weight: 400;\">Cualquier dentista aut\u00f3nomo necesita emitir sus facturas de forma correcta, no solo para cumplir con las obligaciones fiscales, sino tambi\u00e9n para mantener una gesti\u00f3n financiera ordenada y profesional. Con la variedad de tipos de servicios prestados y las diferentes implicaciones fiscales, contar con una herramienta eficaz para la facturaci\u00f3n puede marcar la diferencia.<\/span><\/p>\n<p><a href=\"https:\/\/www.billin.net\/inicio-3\/\"><b>Billin<\/b><\/a><span style=\"font-weight: 400;\"> es la soluci\u00f3n ideal para los dentistas que buscan simplificar el proceso de facturaci\u00f3n. Con nuestra plataforma, puedes generar facturas que cumplen con todos los requisitos legales si necesitas emitir facturas con IVA para servicios est\u00e9ticos o sin IVA para tratamientos m\u00e9dicos. <\/span><\/p>\n<p><span style=\"font-weight: 400;\">Nuestra herramienta te permite personalizar tus facturas f\u00e1cilmente, asegurar que todos los elementos necesarios est\u00e9n presentes y mantener un control preciso sobre tus ingresos.<\/span><\/p>\n<p><b>No dejes que la gesti\u00f3n de facturaci\u00f3n sea una carga para ti.<\/b><\/p>\n<p><span style=\"font-weight: 400;\">Aprovecha las ventajas de <\/span><b>TeamSystem Facturas Billin <\/b><span style=\"font-weight: 400;\">y optimiza tu administraci\u00f3n con nuestra plataforma. Reg\u00edstrate hoy y comienza a disfrutar de una facturaci\u00f3n m\u00e1s sencilla y eficiente para tu consulta dental.<\/span><\/p>\n","protected":false},"excerpt":{"rendered":"<p>Si eres un dentista aut\u00f3nomo, debes gestionar correctamente la facturaci\u00f3n para cumplir con tus obligaciones fiscales. Emitir facturas no solo es un requisito legal, es tambi\u00e9n una manera de reflejar con transparencia y precisi\u00f3n los servicios que ofreces a tus pacientes. En estos casos, la factura de un odont\u00f3logo aut\u00f3nomo puede contemplar tanto servicios sanitarios [&hellip;]<\/p>\n","protected":false},"author":20,"featured_media":23636,"comment_status":"open","ping_status":"open","sticky":false,"template":"","format":"standard","meta":{"_acf_changed":false,"_et_pb_use_builder":"","_et_pb_old_content":"","_et_gb_content_width":"","om_disable_all_campaigns":false,"inline_featured_image":false,"footnotes":""},"categories":[1015],"tags":[],"class_list":{"0":"post-23635","1":"post","2":"type-post","3":"status-publish","4":"format-standard","5":"has-post-thumbnail","7":"category-facturacion"},"acf":{"selector_de_usuario":"","fecha_de_revision":null},"yoast_head":"<!-- This site is optimized with the Yoast SEO plugin v27.1 - https:\/\/yoast.com\/product\/yoast-seo-wordpress\/ -->\n<title>C\u00f3mo debes facturar si eres dentista aut\u00f3nomo: gu\u00eda completa<\/title>\n<meta name=\"description\" content=\"Descubre c\u00f3mo facturar como dentista aut\u00f3nomo. \u261d\ufe0fAprende con TeamSystem Facturas Billin qu\u00e9 datos incluir en la factura y c\u00f3mo aplicar el IVA en servicios odontol\u00f3gicos\" \/>\n<meta name=\"robots\" content=\"index, follow, max-snippet:-1, max-image-preview:large, max-video-preview:-1\" \/>\n<link rel=\"canonical\" href=\"https:\/\/www.billin.net\/blog\/factura-dentista\/\" \/>\n<meta property=\"og:locale\" content=\"es_ES\" \/>\n<meta property=\"og:type\" content=\"article\" \/>\n<meta property=\"og:title\" content=\"C\u00f3mo debes facturar si eres dentista aut\u00f3nomo: gu\u00eda completa\" \/>\n<meta property=\"og:description\" content=\"Descubre c\u00f3mo facturar como dentista aut\u00f3nomo. \u261d\ufe0fAprende con TeamSystem Facturas Billin qu\u00e9 datos incluir en la factura y c\u00f3mo aplicar el IVA en servicios odontol\u00f3gicos\" \/>\n<meta property=\"og:url\" content=\"https:\/\/www.billin.net\/blog\/factura-dentista\/\" \/>\n<meta property=\"og:site_name\" content=\"Blog de TeamSystem Facturas Billin\" \/>\n<meta property=\"article:publisher\" content=\"https:\/\/www.facebook.com\/EsBillin\" \/>\n<meta property=\"article:published_time\" content=\"2024-09-30T14:50:56+00:00\" \/>\n<meta property=\"article:modified_time\" content=\"2025-09-25T18:27:45+00:00\" \/>\n<meta property=\"og:image\" content=\"https:\/\/www.billin.net\/blog\/wp-content\/uploads\/2024\/09\/factura-dentista.jpg\" \/>\n\t<meta property=\"og:image:width\" content=\"800\" \/>\n\t<meta property=\"og:image:height\" content=\"533\" \/>\n\t<meta property=\"og:image:type\" content=\"image\/jpeg\" \/>\n<meta name=\"author\" content=\"Marcos De La Cueva - CEO TeamSystem Facturas Billin\" \/>\n<meta name=\"twitter:card\" content=\"summary_large_image\" \/>\n<meta name=\"twitter:creator\" content=\"@Billin_ES\" \/>\n<meta name=\"twitter:site\" content=\"@Billin_ES\" \/>\n<meta name=\"twitter:label1\" content=\"Escrito por\" \/>\n\t<meta name=\"twitter:data1\" content=\"Marcos De La Cueva - CEO TeamSystem Facturas Billin\" \/>\n\t<meta name=\"twitter:label2\" content=\"Tiempo de lectura\" \/>\n\t<meta name=\"twitter:data2\" content=\"10 minutos\" \/>\n<script type=\"application\/ld+json\" class=\"yoast-schema-graph\">{\"@context\":\"https:\/\/schema.org\",\"@graph\":[{\"@type\":\"Article\",\"@id\":\"https:\/\/www.billin.net\/blog\/factura-dentista\/#article\",\"isPartOf\":{\"@id\":\"https:\/\/www.billin.net\/blog\/factura-dentista\/\"},\"author\":{\"name\":\"Marcos De La Cueva - CEO TeamSystem Facturas Billin\",\"@id\":\"https:\/\/www.billin.net\/blog\/#\/schema\/person\/d0339ee6e869234614541b1e80a793e7\"},\"headline\":\"\u00bfC\u00f3mo factura un dentista? Gu\u00eda para odont\u00f3logos aut\u00f3nomos\",\"datePublished\":\"2024-09-30T14:50:56+00:00\",\"dateModified\":\"2025-09-25T18:27:45+00:00\",\"mainEntityOfPage\":{\"@id\":\"https:\/\/www.billin.net\/blog\/factura-dentista\/\"},\"wordCount\":2061,\"commentCount\":0,\"publisher\":{\"@id\":\"https:\/\/www.billin.net\/blog\/#organization\"},\"image\":{\"@id\":\"https:\/\/www.billin.net\/blog\/factura-dentista\/#primaryimage\"},\"thumbnailUrl\":\"https:\/\/www.billin.net\/blog\/wp-content\/uploads\/2024\/09\/factura-dentista.jpg\",\"articleSection\":[\"Facturaci\u00f3n\"],\"inLanguage\":\"es\",\"potentialAction\":[{\"@type\":\"CommentAction\",\"name\":\"Comment\",\"target\":[\"https:\/\/www.billin.net\/blog\/factura-dentista\/#respond\"]}]},{\"@type\":\"WebPage\",\"@id\":\"https:\/\/www.billin.net\/blog\/factura-dentista\/\",\"url\":\"https:\/\/www.billin.net\/blog\/factura-dentista\/\",\"name\":\"C\u00f3mo debes facturar si eres dentista aut\u00f3nomo: gu\u00eda completa\",\"isPartOf\":{\"@id\":\"https:\/\/www.billin.net\/blog\/#website\"},\"primaryImageOfPage\":{\"@id\":\"https:\/\/www.billin.net\/blog\/factura-dentista\/#primaryimage\"},\"image\":{\"@id\":\"https:\/\/www.billin.net\/blog\/factura-dentista\/#primaryimage\"},\"thumbnailUrl\":\"https:\/\/www.billin.net\/blog\/wp-content\/uploads\/2024\/09\/factura-dentista.jpg\",\"datePublished\":\"2024-09-30T14:50:56+00:00\",\"dateModified\":\"2025-09-25T18:27:45+00:00\",\"description\":\"Descubre c\u00f3mo facturar como dentista aut\u00f3nomo. \u261d\ufe0fAprende con TeamSystem Facturas Billin qu\u00e9 datos incluir en la factura y c\u00f3mo aplicar el IVA en servicios odontol\u00f3gicos\",\"breadcrumb\":{\"@id\":\"https:\/\/www.billin.net\/blog\/factura-dentista\/#breadcrumb\"},\"inLanguage\":\"es\",\"potentialAction\":[{\"@type\":\"ReadAction\",\"target\":[\"https:\/\/www.billin.net\/blog\/factura-dentista\/\"]}]},{\"@type\":\"ImageObject\",\"inLanguage\":\"es\",\"@id\":\"https:\/\/www.billin.net\/blog\/factura-dentista\/#primaryimage\",\"url\":\"https:\/\/www.billin.net\/blog\/wp-content\/uploads\/2024\/09\/factura-dentista.jpg\",\"contentUrl\":\"https:\/\/www.billin.net\/blog\/wp-content\/uploads\/2024\/09\/factura-dentista.jpg\",\"width\":800,\"height\":533,\"caption\":\"factura dentista\"},{\"@type\":\"BreadcrumbList\",\"@id\":\"https:\/\/www.billin.net\/blog\/factura-dentista\/#breadcrumb\",\"itemListElement\":[{\"@type\":\"ListItem\",\"position\":1,\"name\":\"Blog\",\"item\":\"https:\/\/www.billin.net\/blog\/\"},{\"@type\":\"ListItem\",\"position\":2,\"name\":\"Facturaci\u00f3n\",\"item\":\"https:\/\/www.billin.net\/blog\/facturacion\/\"},{\"@type\":\"ListItem\",\"position\":3,\"name\":\"\u00bfC\u00f3mo factura un dentista? Gu\u00eda para odont\u00f3logos aut\u00f3nomos\"}]},{\"@type\":\"WebSite\",\"@id\":\"https:\/\/www.billin.net\/blog\/#website\",\"url\":\"https:\/\/www.billin.net\/blog\/\",\"name\":\"Blog de Billin\",\"description\":\"Mantente informado con el blog de TeamSystem Facturas Billin:  facturaci\u00f3n, legislaci\u00f3n, contabilidad, management y toda la informaci\u00f3n \u00fatil para pymes y aut\u00f3nomos.\",\"publisher\":{\"@id\":\"https:\/\/www.billin.net\/blog\/#organization\"},\"potentialAction\":[{\"@type\":\"SearchAction\",\"target\":{\"@type\":\"EntryPoint\",\"urlTemplate\":\"https:\/\/www.billin.net\/blog\/?s={search_term_string}\"},\"query-input\":{\"@type\":\"PropertyValueSpecification\",\"valueRequired\":true,\"valueName\":\"search_term_string\"}}],\"inLanguage\":\"es\"},{\"@type\":\"Organization\",\"@id\":\"https:\/\/www.billin.net\/blog\/#organization\",\"name\":\"Billin\",\"alternateName\":\"Blog de Billin\",\"url\":\"https:\/\/www.billin.net\/blog\/\",\"logo\":{\"@type\":\"ImageObject\",\"inLanguage\":\"es\",\"@id\":\"https:\/\/www.billin.net\/blog\/#\/schema\/logo\/image\/\",\"url\":\"https:\/\/www.billin.net\/blog\/wp-content\/uploads\/2019\/06\/logotipo-billin-blog-1.png\",\"contentUrl\":\"https:\/\/www.billin.net\/blog\/wp-content\/uploads\/2019\/06\/logotipo-billin-blog-1.png\",\"width\":126,\"height\":50,\"caption\":\"Billin\"},\"image\":{\"@id\":\"https:\/\/www.billin.net\/blog\/#\/schema\/logo\/image\/\"},\"sameAs\":[\"https:\/\/www.facebook.com\/EsBillin\",\"https:\/\/x.com\/Billin_ES\",\"https:\/\/www.instagram.com\/billin_es\/\",\"https:\/\/www.linkedin.com\/company\/billin-spain\",\"https:\/\/www.youtube.com\/c\/BillinEsintercambiodefacturas\/\"],\"legalName\":\"MY EXPENSES SL\",\"contactPoint\":{\"@type\":\"ContactPoint\",\"telephone\":\"+34918318883\",\"contactType\":\"customer service\",\"email\":\"info@billin.eu\",\"availableLanguage\":\"es\"},\"foundingDate\":\"2015\",\"numberOfEmployees\":{\"@type\":\"QuantitativeValue\",\"minValue\":10,\"maxValue\":50},\"parentOrganization\":{\"@type\":\"Organization\",\"name\":\"TeamSystem\",\"url\":\"https:\/\/www.teamsystem.com\/\"},\"description\":\"Billin es el programa de facturaci\u00f3n online de TeamSystem para aut\u00f3nomos y pymes en Espa\u00f1a. Permite crear facturas, controlar gastos y cumplir con Verifactu.\",\"address\":{\"@type\":\"PostalAddress\",\"streetAddress\":\"Calle Arturo Soria, 336\",\"addressLocality\":\"Madrid\",\"addressRegion\":\"Madrid\",\"postalCode\":\"28033\",\"addressCountry\":\"ES\"}},{\"@type\":\"Person\",\"@id\":\"https:\/\/www.billin.net\/blog\/#\/schema\/person\/d0339ee6e869234614541b1e80a793e7\",\"name\":\"Marcos De La Cueva - CEO TeamSystem Facturas Billin\",\"image\":{\"@type\":\"ImageObject\",\"inLanguage\":\"es\",\"@id\":\"https:\/\/www.billin.net\/blog\/#\/schema\/person\/image\/\",\"url\":\"https:\/\/www.billin.net\/blog\/wp-content\/uploads\/2023\/10\/marcos-color-150x150.png\",\"contentUrl\":\"https:\/\/www.billin.net\/blog\/wp-content\/uploads\/2023\/10\/marcos-color-150x150.png\",\"caption\":\"Marcos De La Cueva - CEO TeamSystem Facturas Billin\"},\"description\":\"Licenciado en ADE por la Universidad Aut\u00f3noma de Madrid, Marcos De la Cueva es CEO y cofundador de TeamSystem Facturas Billin, un programa online que lleva m\u00e1s de 9 a\u00f1os ayudando a aut\u00f3nomos, peque\u00f1os negocios y gestor\u00edas a digitalizar sus presupuestos, facturas, tickets y gastos. \u00a0 Sobre Marcos De La Cueva \u00a0 Apasionado por el mundo empresarial y la tecnolog\u00eda, curs\u00f3 su M\u00e1ster de Finanzas en la Universidad Pontificia de Comillas y estuvo en el Programa de Cooperaci\u00f3n Educativa de la Universidad Aut\u00f3noma de Madrid. \u00a0 Marcos siempre ha tenido su objetivo claro: ayudar a la creaci\u00f3n de negocios financieramente sostenibles a trav\u00e9s de una herramienta de facturaci\u00f3n que les permita ahorrar tiempo y tener la contabilidad bajo control. \u00a0 Marcos De La Cueva en los medios \u2014 Noticia sobre Kit Digital y Ley Antifraude (VeriFactu) en El Economista. \u2014 Noticia sobre Kit Digital y factura electr\u00f3nica obligatoria en Diario Jur\u00eddico. \u2014 Noticia sobre el a\u00f1o de transici\u00f3n para la factura electr\u00f3nica en Muy Pymes. \u2014 Entrevista sobre factura electr\u00f3nica obligatoria en Canal Sur. \u2014 Noticia sobre el informe factura electr\u00f3nica de TeamSystem en Channel Partner. \u2014 Charla sobre productividad y Ley Crea y Crece en El Economista. \u2014 Charla sobre factura electr\u00f3nica obligatoria en Muy Pymes. \u2014 Charla sobre digitalizaci\u00f3n aut\u00f3nomos y productividad en esdiario. \u2014 Charla sobre productividad y factura electr\u00f3nica en La Raz\u00f3n. \u2014 Charla sobre factura electr\u00f3nica obligatoria en Aut\u00f3nomos y Emprendedores. \u2014 Entrevista sobre Ley Antifraude y Ley Crea y Crece en Expansi\u00f3n. \u2014 Entrevista sobre Ley Antifraude y Ley Crea y Crece en La Raz\u00f3n. \u2014 Entrevista sobre factura electr\u00f3nica obligatoria en El Economista. \u2014 Comunicado Billin y TeamSystem en Business Insider. \u2014 Entrevista en Econom\u00eda Digital. \u2014 Entrevista en Ideas para tu empresa de Vodafone. \u2014 Entrevista en M\u00e1sQradio. \u2014 Entrevista en Armas para emprender de El M\u00e9todo Gallardo. \u2014 Entrevista en KFund. \u2014 Entrevista en AXA Seguros Espa\u00f1a. \u2014 Entrevista en GestionaRadio. \u00a0 Marcos De La Cueva en eventos \u00a0 \u2014 Participaci\u00f3n como ponente en Accountex Espa\u00f1a 2023. \u00a0 Tem\u00e1ticas de especializaci\u00f3n \u00a0 negocios | startups | contabilidad| fiscalidad | empresas| asesor\u00edas| autonomos | emprendedores | peque\u00f1os negocios | econom\u00eda | ADE | pymes | desarrollo de negocio\u00a0\",\"sameAs\":[\"https:\/\/www.billin.net\/\",\"https:\/\/www.linkedin.com\/in\/marcos-de-la-cueva-19750ba3\/\"],\"url\":\"https:\/\/www.billin.net\/blog\/author\/marcosdelacueva\/\",\"jobTitle\":\"CEO y cofundador de TS Facturas Billin\"}]}<\/script>\n<!-- \/ Yoast SEO plugin. -->","yoast_head_json":{"title":"C\u00f3mo debes facturar si eres dentista aut\u00f3nomo: gu\u00eda completa","description":"Descubre c\u00f3mo facturar como dentista aut\u00f3nomo. \u261d\ufe0fAprende con TeamSystem Facturas Billin qu\u00e9 datos incluir en la factura y c\u00f3mo aplicar el IVA en servicios odontol\u00f3gicos","robots":{"index":"index","follow":"follow","max-snippet":"max-snippet:-1","max-image-preview":"max-image-preview:large","max-video-preview":"max-video-preview:-1"},"canonical":"https:\/\/www.billin.net\/blog\/factura-dentista\/","og_locale":"es_ES","og_type":"article","og_title":"C\u00f3mo debes facturar si eres dentista aut\u00f3nomo: gu\u00eda completa","og_description":"Descubre c\u00f3mo facturar como dentista aut\u00f3nomo. \u261d\ufe0fAprende con TeamSystem Facturas Billin qu\u00e9 datos incluir en la factura y c\u00f3mo aplicar el IVA en servicios odontol\u00f3gicos","og_url":"https:\/\/www.billin.net\/blog\/factura-dentista\/","og_site_name":"Blog de TeamSystem Facturas Billin","article_publisher":"https:\/\/www.facebook.com\/EsBillin","article_published_time":"2024-09-30T14:50:56+00:00","article_modified_time":"2025-09-25T18:27:45+00:00","og_image":[{"width":800,"height":533,"url":"https:\/\/www.billin.net\/blog\/wp-content\/uploads\/2024\/09\/factura-dentista.jpg","type":"image\/jpeg"}],"author":"Marcos De La Cueva - CEO TeamSystem Facturas Billin","twitter_card":"summary_large_image","twitter_creator":"@Billin_ES","twitter_site":"@Billin_ES","twitter_misc":{"Escrito por":"Marcos De La Cueva - CEO TeamSystem Facturas Billin","Tiempo de lectura":"10 minutos"},"schema":{"@context":"https:\/\/schema.org","@graph":[{"@type":"Article","@id":"https:\/\/www.billin.net\/blog\/factura-dentista\/#article","isPartOf":{"@id":"https:\/\/www.billin.net\/blog\/factura-dentista\/"},"author":{"name":"Marcos De La Cueva - CEO TeamSystem Facturas Billin","@id":"https:\/\/www.billin.net\/blog\/#\/schema\/person\/d0339ee6e869234614541b1e80a793e7"},"headline":"\u00bfC\u00f3mo factura un dentista? Gu\u00eda para odont\u00f3logos aut\u00f3nomos","datePublished":"2024-09-30T14:50:56+00:00","dateModified":"2025-09-25T18:27:45+00:00","mainEntityOfPage":{"@id":"https:\/\/www.billin.net\/blog\/factura-dentista\/"},"wordCount":2061,"commentCount":0,"publisher":{"@id":"https:\/\/www.billin.net\/blog\/#organization"},"image":{"@id":"https:\/\/www.billin.net\/blog\/factura-dentista\/#primaryimage"},"thumbnailUrl":"https:\/\/www.billin.net\/blog\/wp-content\/uploads\/2024\/09\/factura-dentista.jpg","articleSection":["Facturaci\u00f3n"],"inLanguage":"es","potentialAction":[{"@type":"CommentAction","name":"Comment","target":["https:\/\/www.billin.net\/blog\/factura-dentista\/#respond"]}]},{"@type":"WebPage","@id":"https:\/\/www.billin.net\/blog\/factura-dentista\/","url":"https:\/\/www.billin.net\/blog\/factura-dentista\/","name":"C\u00f3mo debes facturar si eres dentista aut\u00f3nomo: gu\u00eda completa","isPartOf":{"@id":"https:\/\/www.billin.net\/blog\/#website"},"primaryImageOfPage":{"@id":"https:\/\/www.billin.net\/blog\/factura-dentista\/#primaryimage"},"image":{"@id":"https:\/\/www.billin.net\/blog\/factura-dentista\/#primaryimage"},"thumbnailUrl":"https:\/\/www.billin.net\/blog\/wp-content\/uploads\/2024\/09\/factura-dentista.jpg","datePublished":"2024-09-30T14:50:56+00:00","dateModified":"2025-09-25T18:27:45+00:00","description":"Descubre c\u00f3mo facturar como dentista aut\u00f3nomo. \u261d\ufe0fAprende con TeamSystem Facturas Billin qu\u00e9 datos incluir en la factura y c\u00f3mo aplicar el IVA en servicios odontol\u00f3gicos","breadcrumb":{"@id":"https:\/\/www.billin.net\/blog\/factura-dentista\/#breadcrumb"},"inLanguage":"es","potentialAction":[{"@type":"ReadAction","target":["https:\/\/www.billin.net\/blog\/factura-dentista\/"]}]},{"@type":"ImageObject","inLanguage":"es","@id":"https:\/\/www.billin.net\/blog\/factura-dentista\/#primaryimage","url":"https:\/\/www.billin.net\/blog\/wp-content\/uploads\/2024\/09\/factura-dentista.jpg","contentUrl":"https:\/\/www.billin.net\/blog\/wp-content\/uploads\/2024\/09\/factura-dentista.jpg","width":800,"height":533,"caption":"factura dentista"},{"@type":"BreadcrumbList","@id":"https:\/\/www.billin.net\/blog\/factura-dentista\/#breadcrumb","itemListElement":[{"@type":"ListItem","position":1,"name":"Blog","item":"https:\/\/www.billin.net\/blog\/"},{"@type":"ListItem","position":2,"name":"Facturaci\u00f3n","item":"https:\/\/www.billin.net\/blog\/facturacion\/"},{"@type":"ListItem","position":3,"name":"\u00bfC\u00f3mo factura un dentista? Gu\u00eda para odont\u00f3logos aut\u00f3nomos"}]},{"@type":"WebSite","@id":"https:\/\/www.billin.net\/blog\/#website","url":"https:\/\/www.billin.net\/blog\/","name":"Blog de Billin","description":"Mantente informado con el blog de TeamSystem Facturas Billin:  facturaci\u00f3n, legislaci\u00f3n, contabilidad, management y toda la informaci\u00f3n \u00fatil para pymes y aut\u00f3nomos.","publisher":{"@id":"https:\/\/www.billin.net\/blog\/#organization"},"potentialAction":[{"@type":"SearchAction","target":{"@type":"EntryPoint","urlTemplate":"https:\/\/www.billin.net\/blog\/?s={search_term_string}"},"query-input":{"@type":"PropertyValueSpecification","valueRequired":true,"valueName":"search_term_string"}}],"inLanguage":"es"},{"@type":"Organization","@id":"https:\/\/www.billin.net\/blog\/#organization","name":"Billin","alternateName":"Blog de Billin","url":"https:\/\/www.billin.net\/blog\/","logo":{"@type":"ImageObject","inLanguage":"es","@id":"https:\/\/www.billin.net\/blog\/#\/schema\/logo\/image\/","url":"https:\/\/www.billin.net\/blog\/wp-content\/uploads\/2019\/06\/logotipo-billin-blog-1.png","contentUrl":"https:\/\/www.billin.net\/blog\/wp-content\/uploads\/2019\/06\/logotipo-billin-blog-1.png","width":126,"height":50,"caption":"Billin"},"image":{"@id":"https:\/\/www.billin.net\/blog\/#\/schema\/logo\/image\/"},"sameAs":["https:\/\/www.facebook.com\/EsBillin","https:\/\/x.com\/Billin_ES","https:\/\/www.instagram.com\/billin_es\/","https:\/\/www.linkedin.com\/company\/billin-spain","https:\/\/www.youtube.com\/c\/BillinEsintercambiodefacturas\/"],"legalName":"MY EXPENSES SL","contactPoint":{"@type":"ContactPoint","telephone":"+34918318883","contactType":"customer service","email":"info@billin.eu","availableLanguage":"es"},"foundingDate":"2015","numberOfEmployees":{"@type":"QuantitativeValue","minValue":10,"maxValue":50},"parentOrganization":{"@type":"Organization","name":"TeamSystem","url":"https:\/\/www.teamsystem.com\/"},"description":"Billin es el programa de facturaci\u00f3n online de TeamSystem para aut\u00f3nomos y pymes en Espa\u00f1a. Permite crear facturas, controlar gastos y cumplir con Verifactu.","address":{"@type":"PostalAddress","streetAddress":"Calle Arturo Soria, 336","addressLocality":"Madrid","addressRegion":"Madrid","postalCode":"28033","addressCountry":"ES"}},{"@type":"Person","@id":"https:\/\/www.billin.net\/blog\/#\/schema\/person\/d0339ee6e869234614541b1e80a793e7","name":"Marcos De La Cueva - CEO TeamSystem Facturas Billin","image":{"@type":"ImageObject","inLanguage":"es","@id":"https:\/\/www.billin.net\/blog\/#\/schema\/person\/image\/","url":"https:\/\/www.billin.net\/blog\/wp-content\/uploads\/2023\/10\/marcos-color-150x150.png","contentUrl":"https:\/\/www.billin.net\/blog\/wp-content\/uploads\/2023\/10\/marcos-color-150x150.png","caption":"Marcos De La Cueva - CEO TeamSystem Facturas Billin"},"description":"Licenciado en ADE por la Universidad Aut\u00f3noma de Madrid, Marcos De la Cueva es CEO y cofundador de TeamSystem Facturas Billin, un programa online que lleva m\u00e1s de 9 a\u00f1os ayudando a aut\u00f3nomos, peque\u00f1os negocios y gestor\u00edas a digitalizar sus presupuestos, facturas, tickets y gastos. \u00a0 Sobre Marcos De La Cueva \u00a0 Apasionado por el mundo empresarial y la tecnolog\u00eda, curs\u00f3 su M\u00e1ster de Finanzas en la Universidad Pontificia de Comillas y estuvo en el Programa de Cooperaci\u00f3n Educativa de la Universidad Aut\u00f3noma de Madrid. \u00a0 Marcos siempre ha tenido su objetivo claro: ayudar a la creaci\u00f3n de negocios financieramente sostenibles a trav\u00e9s de una herramienta de facturaci\u00f3n que les permita ahorrar tiempo y tener la contabilidad bajo control. \u00a0 Marcos De La Cueva en los medios \u2014 Noticia sobre Kit Digital y Ley Antifraude (VeriFactu) en El Economista. \u2014 Noticia sobre Kit Digital y factura electr\u00f3nica obligatoria en Diario Jur\u00eddico. \u2014 Noticia sobre el a\u00f1o de transici\u00f3n para la factura electr\u00f3nica en Muy Pymes. \u2014 Entrevista sobre factura electr\u00f3nica obligatoria en Canal Sur. \u2014 Noticia sobre el informe factura electr\u00f3nica de TeamSystem en Channel Partner. \u2014 Charla sobre productividad y Ley Crea y Crece en El Economista. \u2014 Charla sobre factura electr\u00f3nica obligatoria en Muy Pymes. \u2014 Charla sobre digitalizaci\u00f3n aut\u00f3nomos y productividad en esdiario. \u2014 Charla sobre productividad y factura electr\u00f3nica en La Raz\u00f3n. \u2014 Charla sobre factura electr\u00f3nica obligatoria en Aut\u00f3nomos y Emprendedores. \u2014 Entrevista sobre Ley Antifraude y Ley Crea y Crece en Expansi\u00f3n. \u2014 Entrevista sobre Ley Antifraude y Ley Crea y Crece en La Raz\u00f3n. \u2014 Entrevista sobre factura electr\u00f3nica obligatoria en El Economista. \u2014 Comunicado Billin y TeamSystem en Business Insider. \u2014 Entrevista en Econom\u00eda Digital. \u2014 Entrevista en Ideas para tu empresa de Vodafone. \u2014 Entrevista en M\u00e1sQradio. \u2014 Entrevista en Armas para emprender de El M\u00e9todo Gallardo. \u2014 Entrevista en KFund. \u2014 Entrevista en AXA Seguros Espa\u00f1a. \u2014 Entrevista en GestionaRadio. \u00a0 Marcos De La Cueva en eventos \u00a0 \u2014 Participaci\u00f3n como ponente en Accountex Espa\u00f1a 2023. \u00a0 Tem\u00e1ticas de especializaci\u00f3n \u00a0 negocios | startups | contabilidad| fiscalidad | empresas| asesor\u00edas| autonomos | emprendedores | peque\u00f1os negocios | econom\u00eda | ADE | pymes | desarrollo de negocio\u00a0","sameAs":["https:\/\/www.billin.net\/","https:\/\/www.linkedin.com\/in\/marcos-de-la-cueva-19750ba3\/"],"url":"https:\/\/www.billin.net\/blog\/author\/marcosdelacueva\/","jobTitle":"CEO y cofundador de TS Facturas Billin"}]}},"_links":{"self":[{"href":"https:\/\/www.billin.net\/blog\/wp-json\/wp\/v2\/posts\/23635","targetHints":{"allow":["GET"]}}],"collection":[{"href":"https:\/\/www.billin.net\/blog\/wp-json\/wp\/v2\/posts"}],"about":[{"href":"https:\/\/www.billin.net\/blog\/wp-json\/wp\/v2\/types\/post"}],"author":[{"embeddable":true,"href":"https:\/\/www.billin.net\/blog\/wp-json\/wp\/v2\/users\/20"}],"replies":[{"embeddable":true,"href":"https:\/\/www.billin.net\/blog\/wp-json\/wp\/v2\/comments?post=23635"}],"version-history":[{"count":7,"href":"https:\/\/www.billin.net\/blog\/wp-json\/wp\/v2\/posts\/23635\/revisions"}],"predecessor-version":[{"id":26604,"href":"https:\/\/www.billin.net\/blog\/wp-json\/wp\/v2\/posts\/23635\/revisions\/26604"}],"wp:featuredmedia":[{"embeddable":true,"href":"https:\/\/www.billin.net\/blog\/wp-json\/wp\/v2\/media\/23636"}],"wp:attachment":[{"href":"https:\/\/www.billin.net\/blog\/wp-json\/wp\/v2\/media?parent=23635"}],"wp:term":[{"taxonomy":"category","embeddable":true,"href":"https:\/\/www.billin.net\/blog\/wp-json\/wp\/v2\/categories?post=23635"},{"taxonomy":"post_tag","embeddable":true,"href":"https:\/\/www.billin.net\/blog\/wp-json\/wp\/v2\/tags?post=23635"}],"curies":[{"name":"wp","href":"https:\/\/api.w.org\/{rel}","templated":true}]}}