{"id":23460,"date":"2024-08-30T11:30:10","date_gmt":"2024-08-30T09:30:10","guid":{"rendered":"https:\/\/www.billin.net\/blog\/?p=23460"},"modified":"2025-09-25T20:28:10","modified_gmt":"2025-09-25T18:28:10","slug":"vacaciones-fiscales","status":"publish","type":"post","link":"https:\/\/www.billin.net\/blog\/vacaciones-fiscales\/","title":{"rendered":"Vacaciones fiscales de los aut\u00f3nomos: c\u00f3mo solicitarlas"},"content":{"rendered":"<p>Las obligaciones tributarias pueden llegar a convertirse en una preocupaci\u00f3n constante para los aut\u00f3nomos, que deben estar siempre al tanto de los plazos y notificaciones de Hacienda y esto puede resultar especialmente complicado durante los periodos de vacaciones, cuando la desconexi\u00f3n deber\u00eda ser una prioridad, para poder garantizar el descanso que todos necesitamos, al menos, una vez al a\u00f1o.<\/p>\n<p>Sin embargo, existe una opci\u00f3n que permite a los aut\u00f3nomos disfrutar de un merecido descanso sin la preocupaci\u00f3n de perder una notificaci\u00f3n importante: <strong>las vacaciones fiscales<\/strong>.<\/p>\n<p>Este mecanismo, a\u00fan poco conocido, es un recurso clave que permite a los trabajadores por cuenta propia suspender temporalmente la recepci\u00f3n de notificaciones electr\u00f3nicas de la Agencia Tributaria.<\/p>\n<p>En este art\u00edculo, te explicamos en qu\u00e9 consisten las vacaciones fiscales para aut\u00f3nomos, qui\u00e9nes pueden beneficiarse de ellas y c\u00f3mo solicitar este respiro fiscal de manera correcta, asegur\u00e1ndote as\u00ed de evitar sanciones innecesarias.<\/p>\n<h2><strong>Qu\u00e9 son las vacaciones fiscales<\/strong><\/h2>\n<p>Las vacaciones fiscales, tambi\u00e9n conocidas como \u201c<strong>d\u00edas de cortes\u00eda<\/strong>\u201d, son un periodo de <strong>hasta 30 d\u00edas naturales al a\u00f1o<\/strong> durante los cuales los aut\u00f3nomos pueden evitar recibir notificaciones electr\u00f3nicas de la Agencia Tributaria. Este mecanismo es especialmente \u00fatil para aquellos aut\u00f3nomos que desean desconectar durante sus vacaciones sin preocuparse por la posibilidad de recibir una notificaci\u00f3n oficial de Hacienda, la cual podr\u00eda requerir una acci\u00f3n inmediata.<\/p>\n<p>Durante los d\u00edas seleccionados como vacaciones fiscales, la Agencia Tributaria se compromete a no enviar ninguna notificaci\u00f3n a la <strong>direcci\u00f3n electr\u00f3nica habilitada \u00fanica<\/strong> (DEH\u00fa) de los aut\u00f3nomos incluidos en el <strong>sistema de notificaciones electr\u00f3nicas obligatorias <\/strong>(NEO) o que se hayan suscrito voluntariamente a los procedimientos para recepci\u00f3n de notificaciones en la sede electr\u00f3nica de AEAT. Esto significa que, aunque se generen notificaciones en esos d\u00edas, no ser\u00e1n enviadas ni tendr\u00e1n efectos legales hasta que finalice el periodo de cortes\u00eda.<\/p>\n<p>Es importante tener en cuenta que <strong>las vacaciones fiscales no eximen al aut\u00f3nomo de cumplir con sus obligaciones tributarias ni de presentar sus declaraciones en plazo<\/strong>. Simplemente, permiten que no se reciba ninguna notificaci\u00f3n oficial durante el periodo solicitado, lo cual ofrece una mayor tranquilidad y la posibilidad de desconectar sin preocupaciones.<\/p>\n<p>Adem\u00e1s, este mecanismo est\u00e1 pensado para <strong>evitar que el aut\u00f3nomo incurra en sanciones por no atender a tiempo una notificaci\u00f3n de Hacienda<\/strong>, que podr\u00eda pasar inadvertida durante las vacaciones. Sin embargo, para beneficiarse de este derecho, es fundamental solicitar las vacaciones fiscales con antelaci\u00f3n, ya que no se aplican de manera autom\u00e1tica.<\/p>\n<p>En resumen, las vacaciones fiscales son una herramienta clave que permite a los aut\u00f3nomos <strong>gestionar mejor su tiempo y evitar posibles contratiempos con la Agencia Tributaria durante sus periodos de descanso<\/strong>.<\/p>\n<p>\u2794 Te puede interesar: <a href=\"https:\/\/www.billin.net\/blog\/darse-de-alta-como-autonomo\/\">\u00bfC\u00f3mo darse de alta como aut\u00f3nomo?<\/a><\/p>\n<h2><strong>Qui\u00e9nes tienen derecho a solicitar vacaciones fiscales<\/strong><\/h2>\n<p>Las vacaciones fiscales permiten suspender temporalmente las notificaciones electr\u00f3nicas enviadas por Hacienda. Por lo tanto, solo pueden disfrutar estos \u201cd\u00edas de cortes\u00eda\u201d aquellos aut\u00f3nomos que tienen activa la direcci\u00f3n electr\u00f3nica habilitada \u00fanica (DEH\u00fa).<\/p>\n<p>La<strong> agencia estatal de la administraci\u00f3n tributaria <\/strong>ofrece la posibilidad de recibir notificaciones y comunicaciones administrativas en la <strong>direcci\u00f3n electr\u00f3nica habilitada \u00fanica <\/strong> (DEH\u00fa), disponible para toda la administraci\u00f3n general del estado.<\/p>\n<p>La direcci\u00f3n electr\u00f3nica habilitada \u00fanica es un servicio electr\u00f3nico que facilita el acceso a los ciudadanos y empresas a las notificaciones y comunicaciones emitidas por las administraciones p\u00fablicas adheridas. No requiere registro previo y a ella se enviar\u00e1n todas las notificaciones emitidas por la AEAT, no s\u00f3lo las electr\u00f3nicas.<\/p>\n<p>Desde la gesti\u00f3n <strong>\u00abSuscribirse voluntariamente a las notificaciones electr\u00f3nicas\u00bb<\/strong>, disponible en la sede electr\u00f3nica de AEAT, el usuario puede darse de alta en los procedimientos correspondientes para recibir las notificaciones por v\u00eda electr\u00f3nica.<\/p>\n<p><img loading=\"lazy\" decoding=\"async\" class=\"alignnone size-full wp-image-23469\" src=\"https:\/\/www.billin.net\/blog\/wp-content\/uploads\/2024\/08\/vacaciones-fiscales-pasos-1.png\" alt=\"vacaciones fiscales pasos\" width=\"624\" height=\"265\" srcset=\"https:\/\/www.billin.net\/blog\/wp-content\/uploads\/2024\/08\/vacaciones-fiscales-pasos-1.png 624w, https:\/\/www.billin.net\/blog\/wp-content\/uploads\/2024\/08\/vacaciones-fiscales-pasos-1-300x127.png 300w\" sizes=\"(max-width: 624px) 100vw, 624px\" \/><\/p>\n<p>Algunos aut\u00f3nomos optan voluntariamente por activar este buz\u00f3n electr\u00f3nico para recibir notificaciones de manera m\u00e1s r\u00e1pida y eficiente, sin depender del correo postal tradicional. No obstante, ciertos contribuyentes est\u00e1n obligados a disponer de este buz\u00f3n. De hecho, su direcci\u00f3n electr\u00f3nica se activa autom\u00e1ticamente en cuanto inician su actividad empresarial.<\/p>\n<p>Los contribuyentes obligados a utilizar el sistema de notificaciones electr\u00f3nicas obligatorias (NEO), y que por tanto tienen derecho a solicitar los d\u00edas de cortes\u00eda, incluyen:<\/p>\n<ul>\n<li style=\"font-weight: 400;\" aria-level=\"1\"><a href=\"https:\/\/www.billin.net\/blog\/sociedad-anonima\/\">Sociedades an\u00f3nimas<\/a> y de <a href=\"https:\/\/www.billin.net\/blog\/emprendedor-responsabilidad-limitada\/\">responsabilidad limitada<\/a>.<\/li>\n<li style=\"font-weight: 400;\" aria-level=\"1\"><a href=\"https:\/\/www.billin.net\/blog\/persona-fisica-juridica\/\">Personas jur\u00eddicas<\/a> y entidades sin personalidad Jur\u00eddica (comunidades de bienes, herencias yacentes y comunidades de propietarios).<\/li>\n<li style=\"font-weight: 400;\" aria-level=\"1\">Establecimientos permanentes y sucursales de entidades no residentes en territorio espa\u00f1ol.<\/li>\n<li style=\"font-weight: 400;\" aria-level=\"1\">Uniones temporales de empresas.<\/li>\n<li style=\"font-weight: 400;\" aria-level=\"1\">Contribuyentes inscritos en el Registro de grandes empresas.<\/li>\n<li style=\"font-weight: 400;\" aria-level=\"1\">Contribuyentes que tributen en el r\u00e9gimen de consolidaci\u00f3n fiscal del IS.<\/li>\n<li style=\"font-weight: 400;\" aria-level=\"1\">Contribuyentes que tributen en el r\u00e9gimen especial del grupo de entidades del <a href=\"https:\/\/www.billin.net\/blog\/tipos-iva-espana\/\">IVA<\/a><\/li>\n<li style=\"font-weight: 400;\" aria-level=\"1\">Contribuyentes inscritos en el REDEME (sistema de devoluci\u00f3n mensual de IVA)<\/li>\n<li style=\"font-weight: 400;\" aria-level=\"1\">Contribuyentes con autorizaci\u00f3n para la presentaci\u00f3n de declaraciones aduaneras mediante el sistema de transmisi\u00f3n electr\u00f3nica de datos (EDI).<\/li>\n<\/ul>\n<h2><strong>C\u00f3mo solicitar las vacaciones fiscales<\/strong><\/h2>\n<p>Los usuarios incluidos en el sistema de notificaciones electr\u00f3nicas obligatorias (NEO) o que se hayan suscrito voluntariamente a los procedimientos para recepci\u00f3n de notificaciones en la sede electr\u00f3nica de AEAT, podr\u00e1n se\u00f1alar hasta un m\u00e1ximo de 30 d\u00edas en cada a\u00f1o natural durante los que la Agencia no podr\u00e1 poner notificaciones a su disposici\u00f3n en la direcci\u00f3n electr\u00f3nica habilitada \u00fanica (DEH\u00fa).<\/p>\n<p>Los d\u00edas de cortes\u00eda deber\u00e1n <strong>solicitarse con un m\u00ednimo de 7 d\u00edas naturales de antelaci\u00f3n <\/strong>al comienzo del periodo deseado.<\/p>\n<p>Al acceder al <strong>servicio de notificaciones<\/strong>, dentro del \u00e1rea personal del usuario, la aplicaci\u00f3n valida si el titular del <a href=\"https:\/\/www.billin.net\/blog\/para-que-sirve-certificado-digital\/\">certificado electr\u00f3nico<\/a> est\u00e1 suscrito a alguno de los procedimientos de <strong>notificaciones electr\u00f3nicas de AEAT<\/strong>. En ese caso, se mostrar\u00e1 el calendario del a\u00f1o natural en curso para se\u00f1alar los d\u00edas deseados.<\/p>\n<p><img loading=\"lazy\" decoding=\"async\" class=\"alignnone size-full wp-image-23471\" src=\"https:\/\/www.billin.net\/blog\/wp-content\/uploads\/2024\/08\/calendario-vacaciones-fiscales.png\" alt=\"calendario vacaciones fiscales\" width=\"621\" height=\"296\" srcset=\"https:\/\/www.billin.net\/blog\/wp-content\/uploads\/2024\/08\/calendario-vacaciones-fiscales.png 621w, https:\/\/www.billin.net\/blog\/wp-content\/uploads\/2024\/08\/calendario-vacaciones-fiscales-300x143.png 300w\" sizes=\"(max-width: 621px) 100vw, 621px\" \/><\/p>\n<p>Pulsando sobre la opci\u00f3n <strong>\u00abModificar\u00bb <\/strong>puedes iniciar la solicitud de d\u00edas de cortes\u00eda. S\u00f3lo podr\u00e1s marcar los d\u00edas disponibles. Se deben marcar tambi\u00e9n los s\u00e1bados y domingos. Una vez seleccionados quedar\u00e1n marcados en verde. A continuaci\u00f3n, haz clic en <strong>\u00abValidar\u00bb <\/strong>y, por \u00faltimo, en <strong>\u00abFirmar y Enviar\u00bb<\/strong>.<\/p>\n<p><img loading=\"lazy\" decoding=\"async\" class=\"alignnone size-full wp-image-23470\" src=\"https:\/\/www.billin.net\/blog\/wp-content\/uploads\/2024\/08\/calendario-vacaciones-fiscales-autonomos-1.png\" alt=\"calendario vacaciones fiscales autonomos\" width=\"512\" height=\"244\" srcset=\"https:\/\/www.billin.net\/blog\/wp-content\/uploads\/2024\/08\/calendario-vacaciones-fiscales-autonomos-1.png 512w, https:\/\/www.billin.net\/blog\/wp-content\/uploads\/2024\/08\/calendario-vacaciones-fiscales-autonomos-1-300x143.png 300w, https:\/\/www.billin.net\/blog\/wp-content\/uploads\/2024\/08\/calendario-vacaciones-fiscales-autonomos-1-510x244.png 510w\" sizes=\"(max-width: 512px) 100vw, 512px\" \/><\/p>\n<p><img loading=\"lazy\" decoding=\"async\" class=\"alignnone size-full wp-image-23472\" src=\"https:\/\/www.billin.net\/blog\/wp-content\/uploads\/2024\/08\/calendario-vacaciones-fiscales-validar-1.png\" alt=\"calendario vacaciones fiscales validar\" width=\"621\" height=\"317\" srcset=\"https:\/\/www.billin.net\/blog\/wp-content\/uploads\/2024\/08\/calendario-vacaciones-fiscales-validar-1.png 621w, https:\/\/www.billin.net\/blog\/wp-content\/uploads\/2024\/08\/calendario-vacaciones-fiscales-validar-1-300x153.png 300w\" sizes=\"(max-width: 621px) 100vw, 621px\" \/><\/p>\n<p><img loading=\"lazy\" decoding=\"async\" class=\"alignnone size-full wp-image-23473\" src=\"https:\/\/www.billin.net\/blog\/wp-content\/uploads\/2024\/08\/calendario-vacaciones-fiscales-firmar-y-enviar-1.png\" alt=\"calendario vacaciones fiscales firmar y enviar\" width=\"621\" height=\"304\" srcset=\"https:\/\/www.billin.net\/blog\/wp-content\/uploads\/2024\/08\/calendario-vacaciones-fiscales-firmar-y-enviar-1.png 621w, https:\/\/www.billin.net\/blog\/wp-content\/uploads\/2024\/08\/calendario-vacaciones-fiscales-firmar-y-enviar-1-300x147.png 300w\" sizes=\"(max-width: 621px) 100vw, 621px\" \/><\/p>\n<p>En la siguiente ventana marca <strong>\u00abConforme\u00bb <\/strong>y pulsa nuevamente <strong>\u00abFirmar y Enviar\u00bb<\/strong>. Se generar\u00e1 un resguardo de solicitud con un c\u00f3digo CSV de 16 caracteres y el calendario con los d\u00edas de cortes\u00eda seleccionados y actualizados, adem\u00e1s de la fecha y hora de la solicitud.<\/p>\n<p>Para consultar el recibo de presentaci\u00f3n en formato PDF pulsa <strong>\u00abVisualizar el recibo de presentaci\u00f3n\u00bb<\/strong>. No obstante, en el aviso de la parte superior encontrar\u00e1s el CSV para recuperar este justificante a trav\u00e9s de la opci\u00f3n \u00abCotejo de documentos mediante c\u00f3digo seguro de verificaci\u00f3n (CSV)\u00bb.<\/p>\n<p><img loading=\"lazy\" decoding=\"async\" class=\"alignnone size-full wp-image-23474\" src=\"https:\/\/www.billin.net\/blog\/wp-content\/uploads\/2024\/08\/visualizar-recibo-presentacion-2.png\" alt=\"visualizar-recibo-presentacion\" width=\"512\" height=\"392\" srcset=\"https:\/\/www.billin.net\/blog\/wp-content\/uploads\/2024\/08\/visualizar-recibo-presentacion-2.png 512w, https:\/\/www.billin.net\/blog\/wp-content\/uploads\/2024\/08\/visualizar-recibo-presentacion-2-300x230.png 300w\" sizes=\"(max-width: 512px) 100vw, 512px\" \/><\/p>\n<p><img loading=\"lazy\" decoding=\"async\" class=\"alignnone size-full wp-image-23475\" src=\"https:\/\/www.billin.net\/blog\/wp-content\/uploads\/2024\/08\/recibo-presentacion-vacaciones-fiscales-1.png\" alt=\"recibo-presentacion-vacaciones-fiscales\" width=\"621\" height=\"575\" srcset=\"https:\/\/www.billin.net\/blog\/wp-content\/uploads\/2024\/08\/recibo-presentacion-vacaciones-fiscales-1.png 621w, https:\/\/www.billin.net\/blog\/wp-content\/uploads\/2024\/08\/recibo-presentacion-vacaciones-fiscales-1-300x278.png 300w\" sizes=\"(max-width: 621px) 100vw, 621px\" \/><\/p>\n<p>Al hacer clic en <strong>\u00abVolver a la pantalla principal\u00bb<\/strong> (situado bajo el calendario) vuelves a la consulta de d\u00edas de cortes\u00eda y aparecen marcados todos aquellos d\u00edas que has solicitado. Se distinguen dos tipos: modificables y no modificables.<\/p>\n<p>En el caso de querer cambiar o anular alguna de las fechas se\u00f1aladas utiliza de nuevo la opci\u00f3n <strong>\u00abModificar\u00bb<\/strong>. Para poder modificar es necesario encontrarse dentro del periodo de cambio, es decir, 7 d\u00edas antes del inicio.<\/p>\n<p>Adem\u00e1s, si accedes en cualquier otro momento a la solicitud de d\u00edas de cortes\u00eda, puedes obtener el PDF correspondiente al resguardo de la \u00faltima asignaci\u00f3n utilizando el enlace <strong>\u00abVisualizar \u00faltimo recibo\u00bb<\/strong> situado en la parte superior.<\/p>\n<p><img loading=\"lazy\" decoding=\"async\" class=\"alignnone size-full wp-image-23476\" src=\"https:\/\/www.billin.net\/blog\/wp-content\/uploads\/2024\/08\/visualizar-ultimo-recibo.png\" alt=\"visualizar-ultimo-recibo\" width=\"621\" height=\"221\" srcset=\"https:\/\/www.billin.net\/blog\/wp-content\/uploads\/2024\/08\/visualizar-ultimo-recibo.png 621w, https:\/\/www.billin.net\/blog\/wp-content\/uploads\/2024\/08\/visualizar-ultimo-recibo-300x107.png 300w\" sizes=\"(max-width: 621px) 100vw, 621px\" \/><\/p>\n<h2><strong>Sanciones por no atender notificaciones de Hacienda<\/strong><\/h2>\n<p>No atender a tiempo las notificaciones de Hacienda puede acarrear consecuencias graves para los aut\u00f3nomos, incluyendo <strong>sanciones econ\u00f3micas significativas<\/strong>. Cuando un aut\u00f3nomo no abre una notificaci\u00f3n en el plazo establecido, se considera que ha sido notificado de manera legal y efectiva, incluso si no ha tenido conocimiento real de ella. Esta situaci\u00f3n puede derivar en recargos, multas, e incluso en la p\u00e9rdida de derechos en procedimientos administrativos.<\/p>\n<p>No acceder al contenido de una notificaci\u00f3n puede considerarse como una infracci\u00f3n seg\u00fan el <strong>art\u00edculo 203 de la ley general tributaria<\/strong>, que tipifica esta conducta como<i> \u00abresistencia, obstrucci\u00f3n, excusa o negativa a las actuaciones de la administraci\u00f3n tributaria.\u00bb<\/i> Este tipo de infracci\u00f3n es sancionable con multas que pueden variar<strong> desde 150 euros<\/strong> en los casos m\u00e1s leves, hasta 600.000 euros en los casos m\u00e1s graves.<\/p>\n<p>Una notificaci\u00f3n no atendida puede desencadenar diversas sanciones, dependiendo de la gravedad de la falta cometida:<\/p>\n<ul>\n<li style=\"font-weight: 400;\" aria-level=\"1\"><strong>Recargos por presentaci\u00f3n fuera de plazo:<\/strong> Si un aut\u00f3nomo no atiende una notificaci\u00f3n relacionada con la presentaci\u00f3n de una declaraci\u00f3n o liquidaci\u00f3n de impuestos, y como consecuencia no cumple con la obligaci\u00f3n en el tiempo establecido, puede enfrentar <strong>recargos que van desde el 5% hasta el 20% del importe adeudado<\/strong>. Estos recargos se aplican autom\u00e1ticamente en funci\u00f3n del retraso en la presentaci\u00f3n.<\/li>\n<li style=\"font-weight: 400;\" aria-level=\"1\"><strong>Multas por incumplimiento:<\/strong> En caso de no responder a requerimientos de informaci\u00f3n o de no cumplir con obligaciones derivadas de las notificaciones, Hacienda puede imponer multas que var\u00edan seg\u00fan la infracci\u00f3n cometida. Estas multas pueden ser fijas o proporcionales al importe que se pretende ocultar o evadir.<\/li>\n<li style=\"font-weight: 400;\" aria-level=\"1\"><strong>P\u00e9rdida de derechos:<\/strong> En procedimientos como recursos o alegaciones, no atender a tiempo una notificaci\u00f3n puede implicar la p\u00e9rdida autom\u00e1tica del derecho a presentar pruebas o a interponer recursos, lo que podr\u00eda perjudicar seriamente la posici\u00f3n del aut\u00f3nomo en un proceso administrativo.<\/li>\n<\/ul>\n<p>Para evitar estos problemas, es fundamental que los aut\u00f3nomos gestionen de manera adecuada su buz\u00f3n electr\u00f3nico y soliciten las vacaciones fiscales si planean ausentarse durante un periodo prolongado. As\u00ed, pueden asegurarse de no recibir notificaciones mientras est\u00e1n de vacaciones, evitando sanciones por no atenderlas.<\/p>\n<p>Las <strong>vacaciones fiscales para aut\u00f3nomos<\/strong> son un recurso valioso para los trabajadores por cuenta propia, permiti\u00e9ndoles desconectar de sus obligaciones sin preocuparse por las notificaciones de Hacienda. Planificar y solicitar estos d\u00edas de cortes\u00eda es fundamental para evitar sanciones y gestionar con tranquilidad los periodos de descanso. As\u00ed, podr\u00e1s concentrarte en tu bienestar y en el desarrollo de tu negocio sin sorpresas fiscales desagradables.<\/p>\n<p>Para optimizar a\u00fan m\u00e1s la gesti\u00f3n de tu actividad como aut\u00f3nomo o PYME, contar con un <a href=\"https:\/\/www.billin.net\"><strong>software de facturaci\u00f3n<\/strong><\/a><strong> eficiente es clave<\/strong>. Aqu\u00ed es donde TeamSystem Facturas TeamSystem Facturas Billin puede convertirse en tu mejor aliado ya que te permite <a href=\"https:\/\/www.billin.net\/crear-enviar-facturas\/\"><strong>gestionar tus facturas<\/strong><\/a> de manera sencilla, emiti\u00e9ndolas y recibi\u00e9ndolas en segundos, todo desde una plataforma intuitiva y segura.<\/p>\n<p>Adem\u00e1s, podr\u00e1s llevar un control exhaustivo de tus ingresos y gastos, automatizar recordatorios de pagos y gestionar tus clientes y proveedores desde un mismo lugar. Con TeamSystem Facturas TeamSystem Facturas Billin, ahorrar\u00e1s tiempo y reducir\u00e1s errores, permiti\u00e9ndote enfocarte en lo que realmente importa: hacer crecer tu negocio.<\/p>\n","protected":false},"excerpt":{"rendered":"<p>Las obligaciones tributarias pueden llegar a convertirse en una preocupaci\u00f3n constante para los aut\u00f3nomos, que deben estar siempre al tanto de los plazos y notificaciones de Hacienda y esto puede resultar especialmente complicado durante los periodos de vacaciones, cuando la desconexi\u00f3n deber\u00eda ser una prioridad, para poder garantizar el descanso que todos necesitamos, al menos, [&hellip;]<\/p>\n","protected":false},"author":20,"featured_media":23478,"comment_status":"open","ping_status":"open","sticky":false,"template":"","format":"standard","meta":{"_acf_changed":false,"_et_pb_use_builder":"","_et_pb_old_content":"","_et_gb_content_width":"","om_disable_all_campaigns":false,"inline_featured_image":false,"footnotes":""},"categories":[1014],"tags":[1380],"class_list":{"0":"post-23460","1":"post","2":"type-post","3":"status-publish","4":"format-standard","5":"has-post-thumbnail","7":"category-fiscalidad","8":"tag-autonomos"},"acf":{"selector_de_usuario":"","fecha_de_revision":null},"yoast_head":"<!-- This site is optimized with the Yoast SEO plugin v27.1 - https:\/\/yoast.com\/product\/yoast-seo-wordpress\/ -->\n<title>Vacaciones fiscales: c\u00f3mo solicitarlas y evitar sanciones<\/title>\n<meta name=\"description\" content=\"Gu\u00eda paso a paso para solicitar vacaciones fiscales para aut\u00f3nomos correctamente y evitar sanciones de Hacienda\" \/>\n<meta name=\"robots\" content=\"index, follow, max-snippet:-1, max-image-preview:large, max-video-preview:-1\" \/>\n<link rel=\"canonical\" href=\"https:\/\/www.billin.net\/blog\/vacaciones-fiscales\/\" \/>\n<meta property=\"og:locale\" content=\"es_ES\" \/>\n<meta property=\"og:type\" content=\"article\" \/>\n<meta property=\"og:title\" content=\"Vacaciones fiscales: c\u00f3mo solicitarlas y evitar sanciones\" \/>\n<meta property=\"og:description\" content=\"Gu\u00eda paso a paso para solicitar vacaciones fiscales para aut\u00f3nomos correctamente y evitar sanciones de Hacienda\" \/>\n<meta property=\"og:url\" content=\"https:\/\/www.billin.net\/blog\/vacaciones-fiscales\/\" \/>\n<meta property=\"og:site_name\" content=\"Blog de TeamSystem Facturas Billin\" \/>\n<meta property=\"article:publisher\" content=\"https:\/\/www.facebook.com\/EsBillin\" \/>\n<meta property=\"article:published_time\" content=\"2024-08-30T09:30:10+00:00\" \/>\n<meta property=\"article:modified_time\" content=\"2025-09-25T18:28:10+00:00\" \/>\n<meta property=\"og:image\" content=\"https:\/\/www.billin.net\/blog\/wp-content\/uploads\/2024\/08\/vacaciones-fiscales.jpg\" \/>\n\t<meta property=\"og:image:width\" content=\"800\" \/>\n\t<meta property=\"og:image:height\" content=\"533\" \/>\n\t<meta property=\"og:image:type\" content=\"image\/jpeg\" \/>\n<meta name=\"author\" content=\"Marcos De La Cueva - CEO TeamSystem Facturas Billin\" \/>\n<meta name=\"twitter:card\" content=\"summary_large_image\" \/>\n<meta name=\"twitter:creator\" content=\"@Billin_ES\" \/>\n<meta name=\"twitter:site\" content=\"@Billin_ES\" \/>\n<meta name=\"twitter:label1\" content=\"Escrito por\" \/>\n\t<meta name=\"twitter:data1\" content=\"Marcos De La Cueva - CEO TeamSystem Facturas Billin\" \/>\n\t<meta name=\"twitter:label2\" content=\"Tiempo de lectura\" \/>\n\t<meta name=\"twitter:data2\" content=\"10 minutos\" \/>\n<script type=\"application\/ld+json\" class=\"yoast-schema-graph\">{\"@context\":\"https:\/\/schema.org\",\"@graph\":[{\"@type\":\"Article\",\"@id\":\"https:\/\/www.billin.net\/blog\/vacaciones-fiscales\/#article\",\"isPartOf\":{\"@id\":\"https:\/\/www.billin.net\/blog\/vacaciones-fiscales\/\"},\"author\":{\"name\":\"Marcos De La Cueva - CEO TeamSystem Facturas Billin\",\"@id\":\"https:\/\/www.billin.net\/blog\/#\/schema\/person\/d0339ee6e869234614541b1e80a793e7\"},\"headline\":\"Vacaciones fiscales de los aut\u00f3nomos: c\u00f3mo solicitarlas\",\"datePublished\":\"2024-08-30T09:30:10+00:00\",\"dateModified\":\"2025-09-25T18:28:10+00:00\",\"mainEntityOfPage\":{\"@id\":\"https:\/\/www.billin.net\/blog\/vacaciones-fiscales\/\"},\"wordCount\":1879,\"commentCount\":0,\"publisher\":{\"@id\":\"https:\/\/www.billin.net\/blog\/#organization\"},\"image\":{\"@id\":\"https:\/\/www.billin.net\/blog\/vacaciones-fiscales\/#primaryimage\"},\"thumbnailUrl\":\"https:\/\/www.billin.net\/blog\/wp-content\/uploads\/2024\/08\/vacaciones-fiscales.jpg\",\"keywords\":[\"Aut\u00f3nomos\"],\"articleSection\":[\"Fiscalidad\"],\"inLanguage\":\"es\",\"potentialAction\":[{\"@type\":\"CommentAction\",\"name\":\"Comment\",\"target\":[\"https:\/\/www.billin.net\/blog\/vacaciones-fiscales\/#respond\"]}]},{\"@type\":\"WebPage\",\"@id\":\"https:\/\/www.billin.net\/blog\/vacaciones-fiscales\/\",\"url\":\"https:\/\/www.billin.net\/blog\/vacaciones-fiscales\/\",\"name\":\"Vacaciones fiscales: c\u00f3mo solicitarlas y evitar sanciones\",\"isPartOf\":{\"@id\":\"https:\/\/www.billin.net\/blog\/#website\"},\"primaryImageOfPage\":{\"@id\":\"https:\/\/www.billin.net\/blog\/vacaciones-fiscales\/#primaryimage\"},\"image\":{\"@id\":\"https:\/\/www.billin.net\/blog\/vacaciones-fiscales\/#primaryimage\"},\"thumbnailUrl\":\"https:\/\/www.billin.net\/blog\/wp-content\/uploads\/2024\/08\/vacaciones-fiscales.jpg\",\"datePublished\":\"2024-08-30T09:30:10+00:00\",\"dateModified\":\"2025-09-25T18:28:10+00:00\",\"description\":\"Gu\u00eda paso a paso para solicitar vacaciones fiscales para aut\u00f3nomos correctamente y evitar sanciones de Hacienda\",\"breadcrumb\":{\"@id\":\"https:\/\/www.billin.net\/blog\/vacaciones-fiscales\/#breadcrumb\"},\"inLanguage\":\"es\",\"potentialAction\":[{\"@type\":\"ReadAction\",\"target\":[\"https:\/\/www.billin.net\/blog\/vacaciones-fiscales\/\"]}]},{\"@type\":\"ImageObject\",\"inLanguage\":\"es\",\"@id\":\"https:\/\/www.billin.net\/blog\/vacaciones-fiscales\/#primaryimage\",\"url\":\"https:\/\/www.billin.net\/blog\/wp-content\/uploads\/2024\/08\/vacaciones-fiscales.jpg\",\"contentUrl\":\"https:\/\/www.billin.net\/blog\/wp-content\/uploads\/2024\/08\/vacaciones-fiscales.jpg\",\"width\":800,\"height\":533,\"caption\":\"vacaciones-fiscales\"},{\"@type\":\"BreadcrumbList\",\"@id\":\"https:\/\/www.billin.net\/blog\/vacaciones-fiscales\/#breadcrumb\",\"itemListElement\":[{\"@type\":\"ListItem\",\"position\":1,\"name\":\"Blog\",\"item\":\"https:\/\/www.billin.net\/blog\/\"},{\"@type\":\"ListItem\",\"position\":2,\"name\":\"Fiscalidad\",\"item\":\"https:\/\/www.billin.net\/blog\/fiscalidad\/\"},{\"@type\":\"ListItem\",\"position\":3,\"name\":\"Vacaciones fiscales de los aut\u00f3nomos: c\u00f3mo solicitarlas\"}]},{\"@type\":\"WebSite\",\"@id\":\"https:\/\/www.billin.net\/blog\/#website\",\"url\":\"https:\/\/www.billin.net\/blog\/\",\"name\":\"Blog de Billin\",\"description\":\"Mantente informado con el blog de TeamSystem Facturas Billin:  facturaci\u00f3n, legislaci\u00f3n, contabilidad, management y toda la informaci\u00f3n \u00fatil para pymes y aut\u00f3nomos.\",\"publisher\":{\"@id\":\"https:\/\/www.billin.net\/blog\/#organization\"},\"potentialAction\":[{\"@type\":\"SearchAction\",\"target\":{\"@type\":\"EntryPoint\",\"urlTemplate\":\"https:\/\/www.billin.net\/blog\/?s={search_term_string}\"},\"query-input\":{\"@type\":\"PropertyValueSpecification\",\"valueRequired\":true,\"valueName\":\"search_term_string\"}}],\"inLanguage\":\"es\"},{\"@type\":\"Organization\",\"@id\":\"https:\/\/www.billin.net\/blog\/#organization\",\"name\":\"Billin\",\"alternateName\":\"Blog de Billin\",\"url\":\"https:\/\/www.billin.net\/blog\/\",\"logo\":{\"@type\":\"ImageObject\",\"inLanguage\":\"es\",\"@id\":\"https:\/\/www.billin.net\/blog\/#\/schema\/logo\/image\/\",\"url\":\"https:\/\/www.billin.net\/blog\/wp-content\/uploads\/2019\/06\/logotipo-billin-blog-1.png\",\"contentUrl\":\"https:\/\/www.billin.net\/blog\/wp-content\/uploads\/2019\/06\/logotipo-billin-blog-1.png\",\"width\":126,\"height\":50,\"caption\":\"Billin\"},\"image\":{\"@id\":\"https:\/\/www.billin.net\/blog\/#\/schema\/logo\/image\/\"},\"sameAs\":[\"https:\/\/www.facebook.com\/EsBillin\",\"https:\/\/x.com\/Billin_ES\",\"https:\/\/www.instagram.com\/billin_es\/\",\"https:\/\/www.linkedin.com\/company\/billin-spain\",\"https:\/\/www.youtube.com\/c\/BillinEsintercambiodefacturas\/\"],\"legalName\":\"MY EXPENSES SL\",\"contactPoint\":{\"@type\":\"ContactPoint\",\"telephone\":\"+34918318883\",\"contactType\":\"customer service\",\"email\":\"info@billin.eu\",\"availableLanguage\":\"es\"},\"foundingDate\":\"2015\",\"numberOfEmployees\":{\"@type\":\"QuantitativeValue\",\"minValue\":10,\"maxValue\":50},\"parentOrganization\":{\"@type\":\"Organization\",\"name\":\"TeamSystem\",\"url\":\"https:\/\/www.teamsystem.com\/\"},\"description\":\"Billin es el programa de facturaci\u00f3n online de TeamSystem para aut\u00f3nomos y pymes en Espa\u00f1a. Permite crear facturas, controlar gastos y cumplir con Verifactu.\",\"address\":{\"@type\":\"PostalAddress\",\"streetAddress\":\"Calle Arturo Soria, 336\",\"addressLocality\":\"Madrid\",\"addressRegion\":\"Madrid\",\"postalCode\":\"28033\",\"addressCountry\":\"ES\"}},{\"@type\":\"Person\",\"@id\":\"https:\/\/www.billin.net\/blog\/#\/schema\/person\/d0339ee6e869234614541b1e80a793e7\",\"name\":\"Marcos De La Cueva - CEO TeamSystem Facturas Billin\",\"image\":{\"@type\":\"ImageObject\",\"inLanguage\":\"es\",\"@id\":\"https:\/\/www.billin.net\/blog\/#\/schema\/person\/image\/\",\"url\":\"https:\/\/www.billin.net\/blog\/wp-content\/uploads\/2023\/10\/marcos-color-150x150.png\",\"contentUrl\":\"https:\/\/www.billin.net\/blog\/wp-content\/uploads\/2023\/10\/marcos-color-150x150.png\",\"caption\":\"Marcos De La Cueva - CEO TeamSystem Facturas Billin\"},\"description\":\"Licenciado en ADE por la Universidad Aut\u00f3noma de Madrid, Marcos De la Cueva es CEO y cofundador de TeamSystem Facturas Billin, un programa online que lleva m\u00e1s de 9 a\u00f1os ayudando a aut\u00f3nomos, peque\u00f1os negocios y gestor\u00edas a digitalizar sus presupuestos, facturas, tickets y gastos. \u00a0 Sobre Marcos De La Cueva \u00a0 Apasionado por el mundo empresarial y la tecnolog\u00eda, curs\u00f3 su M\u00e1ster de Finanzas en la Universidad Pontificia de Comillas y estuvo en el Programa de Cooperaci\u00f3n Educativa de la Universidad Aut\u00f3noma de Madrid. \u00a0 Marcos siempre ha tenido su objetivo claro: ayudar a la creaci\u00f3n de negocios financieramente sostenibles a trav\u00e9s de una herramienta de facturaci\u00f3n que les permita ahorrar tiempo y tener la contabilidad bajo control. \u00a0 Marcos De La Cueva en los medios \u2014 Noticia sobre Kit Digital y Ley Antifraude (VeriFactu) en El Economista. \u2014 Noticia sobre Kit Digital y factura electr\u00f3nica obligatoria en Diario Jur\u00eddico. \u2014 Noticia sobre el a\u00f1o de transici\u00f3n para la factura electr\u00f3nica en Muy Pymes. \u2014 Entrevista sobre factura electr\u00f3nica obligatoria en Canal Sur. \u2014 Noticia sobre el informe factura electr\u00f3nica de TeamSystem en Channel Partner. \u2014 Charla sobre productividad y Ley Crea y Crece en El Economista. \u2014 Charla sobre factura electr\u00f3nica obligatoria en Muy Pymes. \u2014 Charla sobre digitalizaci\u00f3n aut\u00f3nomos y productividad en esdiario. \u2014 Charla sobre productividad y factura electr\u00f3nica en La Raz\u00f3n. \u2014 Charla sobre factura electr\u00f3nica obligatoria en Aut\u00f3nomos y Emprendedores. \u2014 Entrevista sobre Ley Antifraude y Ley Crea y Crece en Expansi\u00f3n. \u2014 Entrevista sobre Ley Antifraude y Ley Crea y Crece en La Raz\u00f3n. \u2014 Entrevista sobre factura electr\u00f3nica obligatoria en El Economista. \u2014 Comunicado Billin y TeamSystem en Business Insider. \u2014 Entrevista en Econom\u00eda Digital. \u2014 Entrevista en Ideas para tu empresa de Vodafone. \u2014 Entrevista en M\u00e1sQradio. \u2014 Entrevista en Armas para emprender de El M\u00e9todo Gallardo. \u2014 Entrevista en KFund. \u2014 Entrevista en AXA Seguros Espa\u00f1a. \u2014 Entrevista en GestionaRadio. \u00a0 Marcos De La Cueva en eventos \u00a0 \u2014 Participaci\u00f3n como ponente en Accountex Espa\u00f1a 2023. \u00a0 Tem\u00e1ticas de especializaci\u00f3n \u00a0 negocios | startups | contabilidad| fiscalidad | empresas| asesor\u00edas| autonomos | emprendedores | peque\u00f1os negocios | econom\u00eda | ADE | pymes | desarrollo de negocio\u00a0\",\"sameAs\":[\"https:\/\/www.billin.net\/\",\"https:\/\/www.linkedin.com\/in\/marcos-de-la-cueva-19750ba3\/\"],\"url\":\"https:\/\/www.billin.net\/blog\/author\/marcosdelacueva\/\",\"jobTitle\":\"CEO y cofundador de TS Facturas Billin\"}]}<\/script>\n<!-- \/ Yoast SEO plugin. -->","yoast_head_json":{"title":"Vacaciones fiscales: c\u00f3mo solicitarlas y evitar sanciones","description":"Gu\u00eda paso a paso para solicitar vacaciones fiscales para aut\u00f3nomos correctamente y evitar sanciones de Hacienda","robots":{"index":"index","follow":"follow","max-snippet":"max-snippet:-1","max-image-preview":"max-image-preview:large","max-video-preview":"max-video-preview:-1"},"canonical":"https:\/\/www.billin.net\/blog\/vacaciones-fiscales\/","og_locale":"es_ES","og_type":"article","og_title":"Vacaciones fiscales: c\u00f3mo solicitarlas y evitar sanciones","og_description":"Gu\u00eda paso a paso para solicitar vacaciones fiscales para aut\u00f3nomos correctamente y evitar sanciones de Hacienda","og_url":"https:\/\/www.billin.net\/blog\/vacaciones-fiscales\/","og_site_name":"Blog de TeamSystem Facturas Billin","article_publisher":"https:\/\/www.facebook.com\/EsBillin","article_published_time":"2024-08-30T09:30:10+00:00","article_modified_time":"2025-09-25T18:28:10+00:00","og_image":[{"width":800,"height":533,"url":"https:\/\/www.billin.net\/blog\/wp-content\/uploads\/2024\/08\/vacaciones-fiscales.jpg","type":"image\/jpeg"}],"author":"Marcos De La Cueva - CEO TeamSystem Facturas Billin","twitter_card":"summary_large_image","twitter_creator":"@Billin_ES","twitter_site":"@Billin_ES","twitter_misc":{"Escrito por":"Marcos De La Cueva - CEO TeamSystem Facturas Billin","Tiempo de lectura":"10 minutos"},"schema":{"@context":"https:\/\/schema.org","@graph":[{"@type":"Article","@id":"https:\/\/www.billin.net\/blog\/vacaciones-fiscales\/#article","isPartOf":{"@id":"https:\/\/www.billin.net\/blog\/vacaciones-fiscales\/"},"author":{"name":"Marcos De La Cueva - CEO TeamSystem Facturas Billin","@id":"https:\/\/www.billin.net\/blog\/#\/schema\/person\/d0339ee6e869234614541b1e80a793e7"},"headline":"Vacaciones fiscales de los aut\u00f3nomos: c\u00f3mo solicitarlas","datePublished":"2024-08-30T09:30:10+00:00","dateModified":"2025-09-25T18:28:10+00:00","mainEntityOfPage":{"@id":"https:\/\/www.billin.net\/blog\/vacaciones-fiscales\/"},"wordCount":1879,"commentCount":0,"publisher":{"@id":"https:\/\/www.billin.net\/blog\/#organization"},"image":{"@id":"https:\/\/www.billin.net\/blog\/vacaciones-fiscales\/#primaryimage"},"thumbnailUrl":"https:\/\/www.billin.net\/blog\/wp-content\/uploads\/2024\/08\/vacaciones-fiscales.jpg","keywords":["Aut\u00f3nomos"],"articleSection":["Fiscalidad"],"inLanguage":"es","potentialAction":[{"@type":"CommentAction","name":"Comment","target":["https:\/\/www.billin.net\/blog\/vacaciones-fiscales\/#respond"]}]},{"@type":"WebPage","@id":"https:\/\/www.billin.net\/blog\/vacaciones-fiscales\/","url":"https:\/\/www.billin.net\/blog\/vacaciones-fiscales\/","name":"Vacaciones fiscales: c\u00f3mo solicitarlas y evitar sanciones","isPartOf":{"@id":"https:\/\/www.billin.net\/blog\/#website"},"primaryImageOfPage":{"@id":"https:\/\/www.billin.net\/blog\/vacaciones-fiscales\/#primaryimage"},"image":{"@id":"https:\/\/www.billin.net\/blog\/vacaciones-fiscales\/#primaryimage"},"thumbnailUrl":"https:\/\/www.billin.net\/blog\/wp-content\/uploads\/2024\/08\/vacaciones-fiscales.jpg","datePublished":"2024-08-30T09:30:10+00:00","dateModified":"2025-09-25T18:28:10+00:00","description":"Gu\u00eda paso a paso para solicitar vacaciones fiscales para aut\u00f3nomos correctamente y evitar sanciones de Hacienda","breadcrumb":{"@id":"https:\/\/www.billin.net\/blog\/vacaciones-fiscales\/#breadcrumb"},"inLanguage":"es","potentialAction":[{"@type":"ReadAction","target":["https:\/\/www.billin.net\/blog\/vacaciones-fiscales\/"]}]},{"@type":"ImageObject","inLanguage":"es","@id":"https:\/\/www.billin.net\/blog\/vacaciones-fiscales\/#primaryimage","url":"https:\/\/www.billin.net\/blog\/wp-content\/uploads\/2024\/08\/vacaciones-fiscales.jpg","contentUrl":"https:\/\/www.billin.net\/blog\/wp-content\/uploads\/2024\/08\/vacaciones-fiscales.jpg","width":800,"height":533,"caption":"vacaciones-fiscales"},{"@type":"BreadcrumbList","@id":"https:\/\/www.billin.net\/blog\/vacaciones-fiscales\/#breadcrumb","itemListElement":[{"@type":"ListItem","position":1,"name":"Blog","item":"https:\/\/www.billin.net\/blog\/"},{"@type":"ListItem","position":2,"name":"Fiscalidad","item":"https:\/\/www.billin.net\/blog\/fiscalidad\/"},{"@type":"ListItem","position":3,"name":"Vacaciones fiscales de los aut\u00f3nomos: c\u00f3mo solicitarlas"}]},{"@type":"WebSite","@id":"https:\/\/www.billin.net\/blog\/#website","url":"https:\/\/www.billin.net\/blog\/","name":"Blog de Billin","description":"Mantente informado con el blog de TeamSystem Facturas Billin:  facturaci\u00f3n, legislaci\u00f3n, contabilidad, management y toda la informaci\u00f3n \u00fatil para pymes y aut\u00f3nomos.","publisher":{"@id":"https:\/\/www.billin.net\/blog\/#organization"},"potentialAction":[{"@type":"SearchAction","target":{"@type":"EntryPoint","urlTemplate":"https:\/\/www.billin.net\/blog\/?s={search_term_string}"},"query-input":{"@type":"PropertyValueSpecification","valueRequired":true,"valueName":"search_term_string"}}],"inLanguage":"es"},{"@type":"Organization","@id":"https:\/\/www.billin.net\/blog\/#organization","name":"Billin","alternateName":"Blog de Billin","url":"https:\/\/www.billin.net\/blog\/","logo":{"@type":"ImageObject","inLanguage":"es","@id":"https:\/\/www.billin.net\/blog\/#\/schema\/logo\/image\/","url":"https:\/\/www.billin.net\/blog\/wp-content\/uploads\/2019\/06\/logotipo-billin-blog-1.png","contentUrl":"https:\/\/www.billin.net\/blog\/wp-content\/uploads\/2019\/06\/logotipo-billin-blog-1.png","width":126,"height":50,"caption":"Billin"},"image":{"@id":"https:\/\/www.billin.net\/blog\/#\/schema\/logo\/image\/"},"sameAs":["https:\/\/www.facebook.com\/EsBillin","https:\/\/x.com\/Billin_ES","https:\/\/www.instagram.com\/billin_es\/","https:\/\/www.linkedin.com\/company\/billin-spain","https:\/\/www.youtube.com\/c\/BillinEsintercambiodefacturas\/"],"legalName":"MY EXPENSES SL","contactPoint":{"@type":"ContactPoint","telephone":"+34918318883","contactType":"customer service","email":"info@billin.eu","availableLanguage":"es"},"foundingDate":"2015","numberOfEmployees":{"@type":"QuantitativeValue","minValue":10,"maxValue":50},"parentOrganization":{"@type":"Organization","name":"TeamSystem","url":"https:\/\/www.teamsystem.com\/"},"description":"Billin es el programa de facturaci\u00f3n online de TeamSystem para aut\u00f3nomos y pymes en Espa\u00f1a. Permite crear facturas, controlar gastos y cumplir con Verifactu.","address":{"@type":"PostalAddress","streetAddress":"Calle Arturo Soria, 336","addressLocality":"Madrid","addressRegion":"Madrid","postalCode":"28033","addressCountry":"ES"}},{"@type":"Person","@id":"https:\/\/www.billin.net\/blog\/#\/schema\/person\/d0339ee6e869234614541b1e80a793e7","name":"Marcos De La Cueva - CEO TeamSystem Facturas Billin","image":{"@type":"ImageObject","inLanguage":"es","@id":"https:\/\/www.billin.net\/blog\/#\/schema\/person\/image\/","url":"https:\/\/www.billin.net\/blog\/wp-content\/uploads\/2023\/10\/marcos-color-150x150.png","contentUrl":"https:\/\/www.billin.net\/blog\/wp-content\/uploads\/2023\/10\/marcos-color-150x150.png","caption":"Marcos De La Cueva - CEO TeamSystem Facturas Billin"},"description":"Licenciado en ADE por la Universidad Aut\u00f3noma de Madrid, Marcos De la Cueva es CEO y cofundador de TeamSystem Facturas Billin, un programa online que lleva m\u00e1s de 9 a\u00f1os ayudando a aut\u00f3nomos, peque\u00f1os negocios y gestor\u00edas a digitalizar sus presupuestos, facturas, tickets y gastos. \u00a0 Sobre Marcos De La Cueva \u00a0 Apasionado por el mundo empresarial y la tecnolog\u00eda, curs\u00f3 su M\u00e1ster de Finanzas en la Universidad Pontificia de Comillas y estuvo en el Programa de Cooperaci\u00f3n Educativa de la Universidad Aut\u00f3noma de Madrid. \u00a0 Marcos siempre ha tenido su objetivo claro: ayudar a la creaci\u00f3n de negocios financieramente sostenibles a trav\u00e9s de una herramienta de facturaci\u00f3n que les permita ahorrar tiempo y tener la contabilidad bajo control. \u00a0 Marcos De La Cueva en los medios \u2014 Noticia sobre Kit Digital y Ley Antifraude (VeriFactu) en El Economista. \u2014 Noticia sobre Kit Digital y factura electr\u00f3nica obligatoria en Diario Jur\u00eddico. \u2014 Noticia sobre el a\u00f1o de transici\u00f3n para la factura electr\u00f3nica en Muy Pymes. \u2014 Entrevista sobre factura electr\u00f3nica obligatoria en Canal Sur. \u2014 Noticia sobre el informe factura electr\u00f3nica de TeamSystem en Channel Partner. \u2014 Charla sobre productividad y Ley Crea y Crece en El Economista. \u2014 Charla sobre factura electr\u00f3nica obligatoria en Muy Pymes. \u2014 Charla sobre digitalizaci\u00f3n aut\u00f3nomos y productividad en esdiario. \u2014 Charla sobre productividad y factura electr\u00f3nica en La Raz\u00f3n. \u2014 Charla sobre factura electr\u00f3nica obligatoria en Aut\u00f3nomos y Emprendedores. \u2014 Entrevista sobre Ley Antifraude y Ley Crea y Crece en Expansi\u00f3n. \u2014 Entrevista sobre Ley Antifraude y Ley Crea y Crece en La Raz\u00f3n. \u2014 Entrevista sobre factura electr\u00f3nica obligatoria en El Economista. \u2014 Comunicado Billin y TeamSystem en Business Insider. \u2014 Entrevista en Econom\u00eda Digital. \u2014 Entrevista en Ideas para tu empresa de Vodafone. \u2014 Entrevista en M\u00e1sQradio. \u2014 Entrevista en Armas para emprender de El M\u00e9todo Gallardo. \u2014 Entrevista en KFund. \u2014 Entrevista en AXA Seguros Espa\u00f1a. \u2014 Entrevista en GestionaRadio. \u00a0 Marcos De La Cueva en eventos \u00a0 \u2014 Participaci\u00f3n como ponente en Accountex Espa\u00f1a 2023. \u00a0 Tem\u00e1ticas de especializaci\u00f3n \u00a0 negocios | startups | contabilidad| fiscalidad | empresas| asesor\u00edas| autonomos | emprendedores | peque\u00f1os negocios | econom\u00eda | ADE | pymes | desarrollo de negocio\u00a0","sameAs":["https:\/\/www.billin.net\/","https:\/\/www.linkedin.com\/in\/marcos-de-la-cueva-19750ba3\/"],"url":"https:\/\/www.billin.net\/blog\/author\/marcosdelacueva\/","jobTitle":"CEO y cofundador de TS Facturas Billin"}]}},"_links":{"self":[{"href":"https:\/\/www.billin.net\/blog\/wp-json\/wp\/v2\/posts\/23460","targetHints":{"allow":["GET"]}}],"collection":[{"href":"https:\/\/www.billin.net\/blog\/wp-json\/wp\/v2\/posts"}],"about":[{"href":"https:\/\/www.billin.net\/blog\/wp-json\/wp\/v2\/types\/post"}],"author":[{"embeddable":true,"href":"https:\/\/www.billin.net\/blog\/wp-json\/wp\/v2\/users\/20"}],"replies":[{"embeddable":true,"href":"https:\/\/www.billin.net\/blog\/wp-json\/wp\/v2\/comments?post=23460"}],"version-history":[{"count":8,"href":"https:\/\/www.billin.net\/blog\/wp-json\/wp\/v2\/posts\/23460\/revisions"}],"predecessor-version":[{"id":26615,"href":"https:\/\/www.billin.net\/blog\/wp-json\/wp\/v2\/posts\/23460\/revisions\/26615"}],"wp:featuredmedia":[{"embeddable":true,"href":"https:\/\/www.billin.net\/blog\/wp-json\/wp\/v2\/media\/23478"}],"wp:attachment":[{"href":"https:\/\/www.billin.net\/blog\/wp-json\/wp\/v2\/media?parent=23460"}],"wp:term":[{"taxonomy":"category","embeddable":true,"href":"https:\/\/www.billin.net\/blog\/wp-json\/wp\/v2\/categories?post=23460"},{"taxonomy":"post_tag","embeddable":true,"href":"https:\/\/www.billin.net\/blog\/wp-json\/wp\/v2\/tags?post=23460"}],"curies":[{"name":"wp","href":"https:\/\/api.w.org\/{rel}","templated":true}]}}