{"id":21674,"date":"2023-11-15T12:44:38","date_gmt":"2023-11-15T10:44:38","guid":{"rendered":"https:\/\/www.billin.net\/blog\/?p=21674"},"modified":"2025-09-25T20:30:14","modified_gmt":"2025-09-25T18:30:14","slug":"cargo-autonomo-en-su-empresa","status":"publish","type":"post","link":"https:\/\/www.billin.net\/blog\/cargo-autonomo-en-su-empresa\/","title":{"rendered":"\u00bfQu\u00e9 cargo ejerce un aut\u00f3nomo dentro de su empresa?"},"content":{"rendered":"<p>Cuando eres un <a href=\"https:\/\/administracion.gob.es\/pagFront\/tramites\/miVidaEnTramites\/listadoHechosVitales\/previsualizacionHechoVital.htm?idHechoVital=83&amp;origen=miVidaEnTramites\">profesional por cuenta propia<\/a> y tienes un negocio, si todo va bien y sigues creciendo, llega un momento en el que es necesario que este tenga <strong>una entidad propia<\/strong> y, por eso, constituyes una empresa.<\/p>\n<p>\u00bfQu\u00e9 ocurre entonces y cu\u00e1l ser\u00e1 tu cargo como aut\u00f3nomo? Te lo explicamos todo a continuaci\u00f3n.<\/p>\n<p><!--more--><\/p>\n<h2>\u00bfPor qu\u00e9 es necesario definir la posici\u00f3n dentro de tu empresa?<\/h2>\n<p>Cuando constituyes una empresa, en principio se convierte en algo independiente a ti, ya que tiene <strong>personalidad jur\u00eddica propia<\/strong> y no tienes que responder con tu patrimonio de las obligaciones o deudas que se contraigan en el ejercicio de la actividad.<\/p>\n<p>Desde ese momento, te habr\u00e1s convertido en lo que se denomina \u201c<a href=\"https:\/\/www.billin.net\/blog\/autonomo-societario\/\">aut\u00f3nomo societario<\/a>\u201d porque eres un trabajador por cuenta propia (aut\u00f3nomo) que ha construido su sociedad mercantil (tu empresa).<\/p>\n<p>Sin embargo, aunque la empresa a partir de ahora tiene \u201cvida propia\u201d sigue necesitando estar vinculada a una persona f\u00edsica porque no se puede gestionar por s\u00ed sola.<\/p>\n<p>Por eso, tu relaci\u00f3n legal con ella va a ser la de ser aut\u00f3nomo con un puesto de responsabilidad reconocido y definido legalmente en los estatutos del negocio (lo que se conoce como cargo del aut\u00f3nomo).<\/p>\n<p>Tambi\u00e9n tendr\u00e1s diferencias legales, administrativas y tributarias frente a un profesional por cuenta propia sin empresa.<\/p>\n<p>Si se diera el caso de que hubiera m\u00e1s socios, el puesto del aut\u00f3nomo en la empresa ser\u00eda la forma l\u00f3gica de repartir las funciones, facilitar la gesti\u00f3n, tomar decisiones informadas y dar una imagen de transparencia frente a terceros, adem\u00e1s de cumplir con la legalidad y dejar claras las obligaciones y derechos de cada uno.<\/p>\n<p><img loading=\"lazy\" decoding=\"async\" class=\"aligncenter wp-image-21678 size-large\" src=\"https:\/\/www.billin.net\/blog\/wp-content\/uploads\/2023\/11\/pexels-sora-shimazaki-5673488-1-1024x683.jpg\" alt=\"\" width=\"810\" height=\"540\" \/><\/p>\n<h2>Roles de un aut\u00f3nomo dentro de su empresa<\/h2>\n<p>Ya sabemos que, como profesional por cuenta propia, en tu empresa es necesario que tengas un cargo de aut\u00f3nomo.<\/p>\n<p>De hecho, hay <strong>4 figuras de mando<\/strong> dentro de la empresa que puedes adoptar seg\u00fan como quieras definirte: CEO, gerente, administrador y director ejecutivo.<\/p>\n<p>Cualquiera de ellas transmite el mensaje de ser un agente decisor, aunque son diferentes seg\u00fan las funciones con las que te identifiques y est\u00e9s realizando.<\/p>\n<p>En cualquier caso, siendo aut\u00f3nomo y estando solo en la empresa, va a dar igual c\u00f3mo te quieras llamar porque, al final, t\u00fa lo haces todo. Pero esto cambia cuando tienes socios.<\/p>\n<p>Entonces, s\u00ed ser\u00e1 importante saber cu\u00e1l es tu cargo de aut\u00f3nomo, ya que identificar\u00e1 tu posici\u00f3n, funciones y responsabilidades respecto a ellos y con relaci\u00f3n a terceros.<\/p>\n<p>Adem\u00e1s, hay otro factor que debes considerar con respecto al cargo de aut\u00f3nomo: <strong>la imagen que vas a dar de tu propia empresa<\/strong> y la percepci\u00f3n que van a tener de ella los dem\u00e1s.<\/p>\n<h3>CEO<\/h3>\n<p>Son las siglas de Chief Executive Office, el equivalente en espa\u00f1ol al director general. Este <strong>es el cargo de aut\u00f3nomo de mayor nivel en una empresa<\/strong> y entre sus responsabilidades est\u00e1n la toma de decisiones estrat\u00e9gicas y la de liderar el negocio.<\/p>\n<p>En una organizaci\u00f3n grande, el CEO es el superjefazo, el que tiene la \u00faltima palabra y que supervisa al resto de directores: el de operaciones, el financiero, el de marketing, etc.<\/p>\n<p>Este cargo de aut\u00f3nomo es muy com\u00fan entre las nuevas empresas y las startups, sobre todo las relacionadas con la tecnolog\u00eda.<\/p>\n<p>Adem\u00e1s, esto transmite que tu negocio tiene gran potencial de crecimiento y que hay una infraestructura interna, por eso no es muy com\u00fan entre profesionales por cuenta propia.<\/p>\n<h3>Gerente<\/h3>\n<p>La palabra gerente <strong>es el \u201cencargado\u201d de toda la vida<\/strong>.<\/p>\n<p>Define a la persona responsable de supervisar un \u00e1rea o departamento espec\u00edfico de la empresa y organizar a un equipo.<\/p>\n<p>Su funci\u00f3n es garantizar que su \u00e1rea funcione de forma eficiente, como el gerente de ventas o el de almac\u00e9n. Es el cargo de aut\u00f3nomo m\u00e1s com\u00fan junto con el de administrador.<\/p>\n<p>El gerente, adem\u00e1s, se asocia a una estructura empresarial m\u00e1s tradicional y en la que, si hay una jerarqu\u00eda, transmite cierta autoridad frente a terceros. Aunque, ofrece la posibilidad de que exista alguien por encima, como el director.<\/p>\n<h3>Administrador<\/h3>\n<p>Por definici\u00f3n, un <a href=\"https:\/\/www.billin.net\/blog\/funciones-administrador-empresa\/\">administrador<\/a> es la persona que dirige y gestiona las operaciones diarias del negocio, por eso tambi\u00e9n es un cargo muy com\u00fan para un aut\u00f3nomo, porque da a entender que la empresa es un ente independiente, pero que \u00e9l es quien la administra.<\/p>\n<p>En el caso de que hubiera m\u00e1s socios, el administrador ser\u00eda la persona que <strong>se encarga de la gesti\u00f3n y el papeleo de la empresa.<\/strong><\/p>\n<p>Adem\u00e1s, da la opci\u00f3n de que exista otro cargo, como director, que puede ser igual o superior a \u00e9l, pero sin restarle autoridad. Llamarte de esta forma da a entender que tu empresa es s\u00f3lida y de operativa tradicional.<\/p>\n<h3>Director Ejecutivo<\/h3>\n<p>El director ejecutivo se suele identificar tambi\u00e9n con la posici\u00f3n de CEO, aunque la diferencia est\u00e1 en que el CEO se encarga de las grandes decisiones estrat\u00e9gicas y de futuro para la empresa, y el director ejecutivo est\u00e1 m\u00e1s orientado a las <strong>decisiones de gesti\u00f3n empresarial, m\u00e1s pr\u00e1cticas y directas.<\/strong><\/p>\n<p>Cuando la empresa tiene estructura jer\u00e1rquica puede haber varios directores ejecutivos, especializados en las diferentes \u00e1reas, mientras que el CEO solo hay uno que controla a todos.<\/p>\n<p>Ser director ejecutivo se puso de moda a partir de los a\u00f1os 80 y ha ido evolucionando hacia el de CEO.<\/p>\n<p>En el caso de los aut\u00f3nomos, si est\u00e1 uno solo en la empresa o tienen empleados, al final ser\u00e1 simplemente el director porque tendr\u00e1 todas las funciones de <a href=\"https:\/\/www.billin.net\/blog\/seguro-responsabilidad-civil-autonomos-empresas\/\">responsabilidad<\/a>.<\/p>\n<h2>\u00bfQu\u00e9 otros cargos puede ejercer un aut\u00f3nomo?<\/h2>\n<p>En realidad, cuando una persona crea su propia empresa puede ejercer el <strong>cargo de aut\u00f3nomo<\/strong> que quiera, puesto que es suya y va a sumir todo tipo de roles.<\/p>\n<p>Sobre todo, al principio, cuando se convierte casi en un hombre orquesta que hace de todo.<\/p>\n<p>Lo m\u00e1s habitual es que el aut\u00f3nomo se denomine a s\u00ed mismo gerente o administrador y, si tuviera a otras personas trabajando con \u00e9l, podr\u00eda tener otros cargos m\u00e1s de acuerdo a las funciones que haga directamente y que no vaya a delegar o externalizar, ya sea por importancia o estrategia.<\/p>\n<p><strong>Estos ser\u00edan algunos de ellos:<\/strong><\/p>\n<ul>\n<li><strong>Account Manager o Jefe de Cuentas.<\/strong><\/li>\n<li><strong>Director de Marketing.<\/strong><\/li>\n<li><strong>Director Financiero.<\/strong><\/li>\n<li><strong>Director de Recursos Humanos.<\/strong><\/li>\n<li><strong>Director de Tecnolog\u00eda de la Informaci\u00f3n (TI).<\/strong><\/li>\n<li><strong>Director de Producci\u00f3n.<\/strong><\/li>\n<\/ul>\n<p>En resumen, el <strong>cargo de aut\u00f3nomo<\/strong> es una <strong>decisi\u00f3n muy personal<\/strong> que el empresario debe tomar, eligiendo aquel t\u00e9rmino que defina mejor la actividad que realiza dentro de su negocio.<\/p>\n","protected":false},"excerpt":{"rendered":"<p>Cuando eres un profesional por cuenta propia y tienes un negocio, si todo va bien y sigues creciendo, llega un momento en el que es necesario que este tenga una entidad propia y, por eso, constituyes una empresa. \u00bfQu\u00e9 ocurre entonces y cu\u00e1l ser\u00e1 tu cargo como aut\u00f3nomo? Te lo explicamos todo a continuaci\u00f3n.<\/p>\n","protected":false},"author":20,"featured_media":21677,"comment_status":"open","ping_status":"open","sticky":false,"template":"","format":"standard","meta":{"_acf_changed":false,"_et_pb_use_builder":"","_et_pb_old_content":"","_et_gb_content_width":"","om_disable_all_campaigns":false,"inline_featured_image":false,"footnotes":""},"categories":[1023],"tags":[1380],"class_list":{"0":"post-21674","1":"post","2":"type-post","3":"status-publish","4":"format-standard","5":"has-post-thumbnail","7":"category-negocios","8":"tag-autonomos"},"acf":{"selector_de_usuario":"","fecha_de_revision":null},"yoast_head":"<!-- This site is optimized with the Yoast SEO plugin v27.1 - https:\/\/yoast.com\/product\/yoast-seo-wordpress\/ -->\n<title>El cargo del aut\u00f3nomo dentro de su empresa- TeamSystem Facturas Billin<\/title>\n<meta name=\"description\" content=\"Definir la posici\u00f3n dentro de una empresa es importante para el aut\u00f3nomo y la empresa. Conoce todos los detalles aqu\u00ed.\" \/>\n<meta name=\"robots\" content=\"index, follow, max-snippet:-1, max-image-preview:large, max-video-preview:-1\" \/>\n<link rel=\"canonical\" href=\"https:\/\/www.billin.net\/blog\/cargo-autonomo-en-su-empresa\/\" \/>\n<meta property=\"og:locale\" content=\"es_ES\" \/>\n<meta property=\"og:type\" content=\"article\" \/>\n<meta property=\"og:title\" content=\"El cargo del aut\u00f3nomo dentro de su empresa- TeamSystem Facturas Billin\" \/>\n<meta property=\"og:description\" content=\"Definir la posici\u00f3n dentro de una empresa es importante para el aut\u00f3nomo y la empresa. Conoce todos los detalles aqu\u00ed.\" \/>\n<meta property=\"og:url\" content=\"https:\/\/www.billin.net\/blog\/cargo-autonomo-en-su-empresa\/\" \/>\n<meta property=\"og:site_name\" content=\"Blog de TeamSystem Facturas Billin\" \/>\n<meta property=\"article:publisher\" content=\"https:\/\/www.facebook.com\/EsBillin\" \/>\n<meta property=\"article:published_time\" content=\"2023-11-15T10:44:38+00:00\" \/>\n<meta property=\"article:modified_time\" content=\"2025-09-25T18:30:14+00:00\" \/>\n<meta property=\"og:image\" content=\"https:\/\/www.billin.net\/blog\/wp-content\/uploads\/2023\/11\/pexels-sora-shimazaki-5673488-scaled.jpg\" \/>\n\t<meta property=\"og:image:width\" content=\"2048\" \/>\n\t<meta property=\"og:image:height\" content=\"1365\" \/>\n\t<meta property=\"og:image:type\" content=\"image\/jpeg\" \/>\n<meta name=\"author\" content=\"Marcos De La Cueva - CEO TeamSystem Facturas Billin\" \/>\n<meta name=\"twitter:card\" content=\"summary_large_image\" \/>\n<meta name=\"twitter:creator\" content=\"@Billin_ES\" \/>\n<meta name=\"twitter:site\" content=\"@Billin_ES\" \/>\n<meta name=\"twitter:label1\" content=\"Escrito por\" \/>\n\t<meta name=\"twitter:data1\" content=\"Marcos De La Cueva - CEO TeamSystem Facturas Billin\" \/>\n\t<meta name=\"twitter:label2\" content=\"Tiempo de lectura\" \/>\n\t<meta name=\"twitter:data2\" content=\"6 minutos\" \/>\n<script type=\"application\/ld+json\" class=\"yoast-schema-graph\">{\"@context\":\"https:\/\/schema.org\",\"@graph\":[{\"@type\":\"Article\",\"@id\":\"https:\/\/www.billin.net\/blog\/cargo-autonomo-en-su-empresa\/#article\",\"isPartOf\":{\"@id\":\"https:\/\/www.billin.net\/blog\/cargo-autonomo-en-su-empresa\/\"},\"author\":{\"name\":\"Marcos De La Cueva - CEO TeamSystem Facturas Billin\",\"@id\":\"https:\/\/www.billin.net\/blog\/#\/schema\/person\/d0339ee6e869234614541b1e80a793e7\"},\"headline\":\"\u00bfQu\u00e9 cargo ejerce un aut\u00f3nomo dentro de su empresa?\",\"datePublished\":\"2023-11-15T10:44:38+00:00\",\"dateModified\":\"2025-09-25T18:30:14+00:00\",\"mainEntityOfPage\":{\"@id\":\"https:\/\/www.billin.net\/blog\/cargo-autonomo-en-su-empresa\/\"},\"wordCount\":1161,\"commentCount\":0,\"publisher\":{\"@id\":\"https:\/\/www.billin.net\/blog\/#organization\"},\"image\":{\"@id\":\"https:\/\/www.billin.net\/blog\/cargo-autonomo-en-su-empresa\/#primaryimage\"},\"thumbnailUrl\":\"https:\/\/www.billin.net\/blog\/wp-content\/uploads\/2023\/11\/pexels-sora-shimazaki-5673488-scaled.jpg\",\"keywords\":[\"Aut\u00f3nomos\"],\"articleSection\":[\"Negocios\"],\"inLanguage\":\"es\",\"potentialAction\":[{\"@type\":\"CommentAction\",\"name\":\"Comment\",\"target\":[\"https:\/\/www.billin.net\/blog\/cargo-autonomo-en-su-empresa\/#respond\"]}]},{\"@type\":\"WebPage\",\"@id\":\"https:\/\/www.billin.net\/blog\/cargo-autonomo-en-su-empresa\/\",\"url\":\"https:\/\/www.billin.net\/blog\/cargo-autonomo-en-su-empresa\/\",\"name\":\"El cargo del aut\u00f3nomo dentro de su empresa- TeamSystem Facturas Billin\",\"isPartOf\":{\"@id\":\"https:\/\/www.billin.net\/blog\/#website\"},\"primaryImageOfPage\":{\"@id\":\"https:\/\/www.billin.net\/blog\/cargo-autonomo-en-su-empresa\/#primaryimage\"},\"image\":{\"@id\":\"https:\/\/www.billin.net\/blog\/cargo-autonomo-en-su-empresa\/#primaryimage\"},\"thumbnailUrl\":\"https:\/\/www.billin.net\/blog\/wp-content\/uploads\/2023\/11\/pexels-sora-shimazaki-5673488-scaled.jpg\",\"datePublished\":\"2023-11-15T10:44:38+00:00\",\"dateModified\":\"2025-09-25T18:30:14+00:00\",\"description\":\"Definir la posici\u00f3n dentro de una empresa es importante para el aut\u00f3nomo y la empresa. Conoce todos los detalles aqu\u00ed.\",\"breadcrumb\":{\"@id\":\"https:\/\/www.billin.net\/blog\/cargo-autonomo-en-su-empresa\/#breadcrumb\"},\"inLanguage\":\"es\",\"potentialAction\":[{\"@type\":\"ReadAction\",\"target\":[\"https:\/\/www.billin.net\/blog\/cargo-autonomo-en-su-empresa\/\"]}]},{\"@type\":\"ImageObject\",\"inLanguage\":\"es\",\"@id\":\"https:\/\/www.billin.net\/blog\/cargo-autonomo-en-su-empresa\/#primaryimage\",\"url\":\"https:\/\/www.billin.net\/blog\/wp-content\/uploads\/2023\/11\/pexels-sora-shimazaki-5673488-scaled.jpg\",\"contentUrl\":\"https:\/\/www.billin.net\/blog\/wp-content\/uploads\/2023\/11\/pexels-sora-shimazaki-5673488-scaled.jpg\",\"width\":2048,\"height\":1365},{\"@type\":\"BreadcrumbList\",\"@id\":\"https:\/\/www.billin.net\/blog\/cargo-autonomo-en-su-empresa\/#breadcrumb\",\"itemListElement\":[{\"@type\":\"ListItem\",\"position\":1,\"name\":\"Blog\",\"item\":\"https:\/\/www.billin.net\/blog\/\"},{\"@type\":\"ListItem\",\"position\":2,\"name\":\"Negocios\",\"item\":\"https:\/\/www.billin.net\/blog\/negocios\/\"},{\"@type\":\"ListItem\",\"position\":3,\"name\":\"\u00bfQu\u00e9 cargo ejerce un aut\u00f3nomo dentro de su empresa?\"}]},{\"@type\":\"WebSite\",\"@id\":\"https:\/\/www.billin.net\/blog\/#website\",\"url\":\"https:\/\/www.billin.net\/blog\/\",\"name\":\"Blog de Billin\",\"description\":\"Mantente informado con el blog de TeamSystem Facturas Billin:  facturaci\u00f3n, legislaci\u00f3n, contabilidad, management y toda la informaci\u00f3n \u00fatil para pymes y aut\u00f3nomos.\",\"publisher\":{\"@id\":\"https:\/\/www.billin.net\/blog\/#organization\"},\"potentialAction\":[{\"@type\":\"SearchAction\",\"target\":{\"@type\":\"EntryPoint\",\"urlTemplate\":\"https:\/\/www.billin.net\/blog\/?s={search_term_string}\"},\"query-input\":{\"@type\":\"PropertyValueSpecification\",\"valueRequired\":true,\"valueName\":\"search_term_string\"}}],\"inLanguage\":\"es\"},{\"@type\":\"Organization\",\"@id\":\"https:\/\/www.billin.net\/blog\/#organization\",\"name\":\"Billin\",\"alternateName\":\"Blog de Billin\",\"url\":\"https:\/\/www.billin.net\/blog\/\",\"logo\":{\"@type\":\"ImageObject\",\"inLanguage\":\"es\",\"@id\":\"https:\/\/www.billin.net\/blog\/#\/schema\/logo\/image\/\",\"url\":\"https:\/\/www.billin.net\/blog\/wp-content\/uploads\/2019\/06\/logotipo-billin-blog-1.png\",\"contentUrl\":\"https:\/\/www.billin.net\/blog\/wp-content\/uploads\/2019\/06\/logotipo-billin-blog-1.png\",\"width\":126,\"height\":50,\"caption\":\"Billin\"},\"image\":{\"@id\":\"https:\/\/www.billin.net\/blog\/#\/schema\/logo\/image\/\"},\"sameAs\":[\"https:\/\/www.facebook.com\/EsBillin\",\"https:\/\/x.com\/Billin_ES\",\"https:\/\/www.instagram.com\/billin_es\/\",\"https:\/\/www.linkedin.com\/company\/billin-spain\",\"https:\/\/www.youtube.com\/c\/BillinEsintercambiodefacturas\/\"],\"legalName\":\"MY EXPENSES SL\",\"contactPoint\":{\"@type\":\"ContactPoint\",\"telephone\":\"+34918318883\",\"contactType\":\"customer service\",\"email\":\"info@billin.eu\",\"availableLanguage\":\"es\"},\"foundingDate\":\"2015\",\"numberOfEmployees\":{\"@type\":\"QuantitativeValue\",\"minValue\":10,\"maxValue\":50},\"parentOrganization\":{\"@type\":\"Organization\",\"name\":\"TeamSystem\",\"url\":\"https:\/\/www.teamsystem.com\/\"},\"description\":\"Billin es el programa de facturaci\u00f3n online de TeamSystem para aut\u00f3nomos y pymes en Espa\u00f1a. Permite crear facturas, controlar gastos y cumplir con Verifactu.\",\"address\":{\"@type\":\"PostalAddress\",\"streetAddress\":\"Calle Arturo Soria, 336\",\"addressLocality\":\"Madrid\",\"addressRegion\":\"Madrid\",\"postalCode\":\"28033\",\"addressCountry\":\"ES\"}},{\"@type\":\"Person\",\"@id\":\"https:\/\/www.billin.net\/blog\/#\/schema\/person\/d0339ee6e869234614541b1e80a793e7\",\"name\":\"Marcos De La Cueva - CEO TeamSystem Facturas Billin\",\"image\":{\"@type\":\"ImageObject\",\"inLanguage\":\"es\",\"@id\":\"https:\/\/www.billin.net\/blog\/#\/schema\/person\/image\/\",\"url\":\"https:\/\/www.billin.net\/blog\/wp-content\/uploads\/2023\/10\/marcos-color-150x150.png\",\"contentUrl\":\"https:\/\/www.billin.net\/blog\/wp-content\/uploads\/2023\/10\/marcos-color-150x150.png\",\"caption\":\"Marcos De La Cueva - CEO TeamSystem Facturas Billin\"},\"description\":\"Licenciado en ADE por la Universidad Aut\u00f3noma de Madrid, Marcos De la Cueva es CEO y cofundador de TeamSystem Facturas Billin, un programa online que lleva m\u00e1s de 9 a\u00f1os ayudando a aut\u00f3nomos, peque\u00f1os negocios y gestor\u00edas a digitalizar sus presupuestos, facturas, tickets y gastos. \u00a0 Sobre Marcos De La Cueva \u00a0 Apasionado por el mundo empresarial y la tecnolog\u00eda, curs\u00f3 su M\u00e1ster de Finanzas en la Universidad Pontificia de Comillas y estuvo en el Programa de Cooperaci\u00f3n Educativa de la Universidad Aut\u00f3noma de Madrid. \u00a0 Marcos siempre ha tenido su objetivo claro: ayudar a la creaci\u00f3n de negocios financieramente sostenibles a trav\u00e9s de una herramienta de facturaci\u00f3n que les permita ahorrar tiempo y tener la contabilidad bajo control. \u00a0 Marcos De La Cueva en los medios \u2014 Noticia sobre Kit Digital y Ley Antifraude (VeriFactu) en El Economista. \u2014 Noticia sobre Kit Digital y factura electr\u00f3nica obligatoria en Diario Jur\u00eddico. \u2014 Noticia sobre el a\u00f1o de transici\u00f3n para la factura electr\u00f3nica en Muy Pymes. \u2014 Entrevista sobre factura electr\u00f3nica obligatoria en Canal Sur. \u2014 Noticia sobre el informe factura electr\u00f3nica de TeamSystem en Channel Partner. \u2014 Charla sobre productividad y Ley Crea y Crece en El Economista. \u2014 Charla sobre factura electr\u00f3nica obligatoria en Muy Pymes. \u2014 Charla sobre digitalizaci\u00f3n aut\u00f3nomos y productividad en esdiario. \u2014 Charla sobre productividad y factura electr\u00f3nica en La Raz\u00f3n. \u2014 Charla sobre factura electr\u00f3nica obligatoria en Aut\u00f3nomos y Emprendedores. \u2014 Entrevista sobre Ley Antifraude y Ley Crea y Crece en Expansi\u00f3n. \u2014 Entrevista sobre Ley Antifraude y Ley Crea y Crece en La Raz\u00f3n. \u2014 Entrevista sobre factura electr\u00f3nica obligatoria en El Economista. \u2014 Comunicado Billin y TeamSystem en Business Insider. \u2014 Entrevista en Econom\u00eda Digital. \u2014 Entrevista en Ideas para tu empresa de Vodafone. \u2014 Entrevista en M\u00e1sQradio. \u2014 Entrevista en Armas para emprender de El M\u00e9todo Gallardo. \u2014 Entrevista en KFund. \u2014 Entrevista en AXA Seguros Espa\u00f1a. \u2014 Entrevista en GestionaRadio. \u00a0 Marcos De La Cueva en eventos \u00a0 \u2014 Participaci\u00f3n como ponente en Accountex Espa\u00f1a 2023. \u00a0 Tem\u00e1ticas de especializaci\u00f3n \u00a0 negocios | startups | contabilidad| fiscalidad | empresas| asesor\u00edas| autonomos | emprendedores | peque\u00f1os negocios | econom\u00eda | ADE | pymes | desarrollo de negocio\u00a0\",\"sameAs\":[\"https:\/\/www.billin.net\/\",\"https:\/\/www.linkedin.com\/in\/marcos-de-la-cueva-19750ba3\/\"],\"url\":\"https:\/\/www.billin.net\/blog\/author\/marcosdelacueva\/\",\"jobTitle\":\"CEO y cofundador de TS Facturas Billin\"}]}<\/script>\n<!-- \/ Yoast SEO plugin. -->","yoast_head_json":{"title":"El cargo del aut\u00f3nomo dentro de su empresa- TeamSystem Facturas Billin","description":"Definir la posici\u00f3n dentro de una empresa es importante para el aut\u00f3nomo y la empresa. Conoce todos los detalles aqu\u00ed.","robots":{"index":"index","follow":"follow","max-snippet":"max-snippet:-1","max-image-preview":"max-image-preview:large","max-video-preview":"max-video-preview:-1"},"canonical":"https:\/\/www.billin.net\/blog\/cargo-autonomo-en-su-empresa\/","og_locale":"es_ES","og_type":"article","og_title":"El cargo del aut\u00f3nomo dentro de su empresa- TeamSystem Facturas Billin","og_description":"Definir la posici\u00f3n dentro de una empresa es importante para el aut\u00f3nomo y la empresa. Conoce todos los detalles aqu\u00ed.","og_url":"https:\/\/www.billin.net\/blog\/cargo-autonomo-en-su-empresa\/","og_site_name":"Blog de TeamSystem Facturas Billin","article_publisher":"https:\/\/www.facebook.com\/EsBillin","article_published_time":"2023-11-15T10:44:38+00:00","article_modified_time":"2025-09-25T18:30:14+00:00","og_image":[{"width":2048,"height":1365,"url":"https:\/\/www.billin.net\/blog\/wp-content\/uploads\/2023\/11\/pexels-sora-shimazaki-5673488-scaled.jpg","type":"image\/jpeg"}],"author":"Marcos De La Cueva - CEO TeamSystem Facturas Billin","twitter_card":"summary_large_image","twitter_creator":"@Billin_ES","twitter_site":"@Billin_ES","twitter_misc":{"Escrito por":"Marcos De La Cueva - CEO TeamSystem Facturas Billin","Tiempo de lectura":"6 minutos"},"schema":{"@context":"https:\/\/schema.org","@graph":[{"@type":"Article","@id":"https:\/\/www.billin.net\/blog\/cargo-autonomo-en-su-empresa\/#article","isPartOf":{"@id":"https:\/\/www.billin.net\/blog\/cargo-autonomo-en-su-empresa\/"},"author":{"name":"Marcos De La Cueva - CEO TeamSystem Facturas Billin","@id":"https:\/\/www.billin.net\/blog\/#\/schema\/person\/d0339ee6e869234614541b1e80a793e7"},"headline":"\u00bfQu\u00e9 cargo ejerce un aut\u00f3nomo dentro de su empresa?","datePublished":"2023-11-15T10:44:38+00:00","dateModified":"2025-09-25T18:30:14+00:00","mainEntityOfPage":{"@id":"https:\/\/www.billin.net\/blog\/cargo-autonomo-en-su-empresa\/"},"wordCount":1161,"commentCount":0,"publisher":{"@id":"https:\/\/www.billin.net\/blog\/#organization"},"image":{"@id":"https:\/\/www.billin.net\/blog\/cargo-autonomo-en-su-empresa\/#primaryimage"},"thumbnailUrl":"https:\/\/www.billin.net\/blog\/wp-content\/uploads\/2023\/11\/pexels-sora-shimazaki-5673488-scaled.jpg","keywords":["Aut\u00f3nomos"],"articleSection":["Negocios"],"inLanguage":"es","potentialAction":[{"@type":"CommentAction","name":"Comment","target":["https:\/\/www.billin.net\/blog\/cargo-autonomo-en-su-empresa\/#respond"]}]},{"@type":"WebPage","@id":"https:\/\/www.billin.net\/blog\/cargo-autonomo-en-su-empresa\/","url":"https:\/\/www.billin.net\/blog\/cargo-autonomo-en-su-empresa\/","name":"El cargo del aut\u00f3nomo dentro de su empresa- TeamSystem Facturas Billin","isPartOf":{"@id":"https:\/\/www.billin.net\/blog\/#website"},"primaryImageOfPage":{"@id":"https:\/\/www.billin.net\/blog\/cargo-autonomo-en-su-empresa\/#primaryimage"},"image":{"@id":"https:\/\/www.billin.net\/blog\/cargo-autonomo-en-su-empresa\/#primaryimage"},"thumbnailUrl":"https:\/\/www.billin.net\/blog\/wp-content\/uploads\/2023\/11\/pexels-sora-shimazaki-5673488-scaled.jpg","datePublished":"2023-11-15T10:44:38+00:00","dateModified":"2025-09-25T18:30:14+00:00","description":"Definir la posici\u00f3n dentro de una empresa es importante para el aut\u00f3nomo y la empresa. Conoce todos los detalles aqu\u00ed.","breadcrumb":{"@id":"https:\/\/www.billin.net\/blog\/cargo-autonomo-en-su-empresa\/#breadcrumb"},"inLanguage":"es","potentialAction":[{"@type":"ReadAction","target":["https:\/\/www.billin.net\/blog\/cargo-autonomo-en-su-empresa\/"]}]},{"@type":"ImageObject","inLanguage":"es","@id":"https:\/\/www.billin.net\/blog\/cargo-autonomo-en-su-empresa\/#primaryimage","url":"https:\/\/www.billin.net\/blog\/wp-content\/uploads\/2023\/11\/pexels-sora-shimazaki-5673488-scaled.jpg","contentUrl":"https:\/\/www.billin.net\/blog\/wp-content\/uploads\/2023\/11\/pexels-sora-shimazaki-5673488-scaled.jpg","width":2048,"height":1365},{"@type":"BreadcrumbList","@id":"https:\/\/www.billin.net\/blog\/cargo-autonomo-en-su-empresa\/#breadcrumb","itemListElement":[{"@type":"ListItem","position":1,"name":"Blog","item":"https:\/\/www.billin.net\/blog\/"},{"@type":"ListItem","position":2,"name":"Negocios","item":"https:\/\/www.billin.net\/blog\/negocios\/"},{"@type":"ListItem","position":3,"name":"\u00bfQu\u00e9 cargo ejerce un aut\u00f3nomo dentro de su empresa?"}]},{"@type":"WebSite","@id":"https:\/\/www.billin.net\/blog\/#website","url":"https:\/\/www.billin.net\/blog\/","name":"Blog de Billin","description":"Mantente informado con el blog de TeamSystem Facturas Billin:  facturaci\u00f3n, legislaci\u00f3n, contabilidad, management y toda la informaci\u00f3n \u00fatil para pymes y aut\u00f3nomos.","publisher":{"@id":"https:\/\/www.billin.net\/blog\/#organization"},"potentialAction":[{"@type":"SearchAction","target":{"@type":"EntryPoint","urlTemplate":"https:\/\/www.billin.net\/blog\/?s={search_term_string}"},"query-input":{"@type":"PropertyValueSpecification","valueRequired":true,"valueName":"search_term_string"}}],"inLanguage":"es"},{"@type":"Organization","@id":"https:\/\/www.billin.net\/blog\/#organization","name":"Billin","alternateName":"Blog de Billin","url":"https:\/\/www.billin.net\/blog\/","logo":{"@type":"ImageObject","inLanguage":"es","@id":"https:\/\/www.billin.net\/blog\/#\/schema\/logo\/image\/","url":"https:\/\/www.billin.net\/blog\/wp-content\/uploads\/2019\/06\/logotipo-billin-blog-1.png","contentUrl":"https:\/\/www.billin.net\/blog\/wp-content\/uploads\/2019\/06\/logotipo-billin-blog-1.png","width":126,"height":50,"caption":"Billin"},"image":{"@id":"https:\/\/www.billin.net\/blog\/#\/schema\/logo\/image\/"},"sameAs":["https:\/\/www.facebook.com\/EsBillin","https:\/\/x.com\/Billin_ES","https:\/\/www.instagram.com\/billin_es\/","https:\/\/www.linkedin.com\/company\/billin-spain","https:\/\/www.youtube.com\/c\/BillinEsintercambiodefacturas\/"],"legalName":"MY EXPENSES SL","contactPoint":{"@type":"ContactPoint","telephone":"+34918318883","contactType":"customer service","email":"info@billin.eu","availableLanguage":"es"},"foundingDate":"2015","numberOfEmployees":{"@type":"QuantitativeValue","minValue":10,"maxValue":50},"parentOrganization":{"@type":"Organization","name":"TeamSystem","url":"https:\/\/www.teamsystem.com\/"},"description":"Billin es el programa de facturaci\u00f3n online de TeamSystem para aut\u00f3nomos y pymes en Espa\u00f1a. Permite crear facturas, controlar gastos y cumplir con Verifactu.","address":{"@type":"PostalAddress","streetAddress":"Calle Arturo Soria, 336","addressLocality":"Madrid","addressRegion":"Madrid","postalCode":"28033","addressCountry":"ES"}},{"@type":"Person","@id":"https:\/\/www.billin.net\/blog\/#\/schema\/person\/d0339ee6e869234614541b1e80a793e7","name":"Marcos De La Cueva - CEO TeamSystem Facturas Billin","image":{"@type":"ImageObject","inLanguage":"es","@id":"https:\/\/www.billin.net\/blog\/#\/schema\/person\/image\/","url":"https:\/\/www.billin.net\/blog\/wp-content\/uploads\/2023\/10\/marcos-color-150x150.png","contentUrl":"https:\/\/www.billin.net\/blog\/wp-content\/uploads\/2023\/10\/marcos-color-150x150.png","caption":"Marcos De La Cueva - CEO TeamSystem Facturas Billin"},"description":"Licenciado en ADE por la Universidad Aut\u00f3noma de Madrid, Marcos De la Cueva es CEO y cofundador de TeamSystem Facturas Billin, un programa online que lleva m\u00e1s de 9 a\u00f1os ayudando a aut\u00f3nomos, peque\u00f1os negocios y gestor\u00edas a digitalizar sus presupuestos, facturas, tickets y gastos. \u00a0 Sobre Marcos De La Cueva \u00a0 Apasionado por el mundo empresarial y la tecnolog\u00eda, curs\u00f3 su M\u00e1ster de Finanzas en la Universidad Pontificia de Comillas y estuvo en el Programa de Cooperaci\u00f3n Educativa de la Universidad Aut\u00f3noma de Madrid. \u00a0 Marcos siempre ha tenido su objetivo claro: ayudar a la creaci\u00f3n de negocios financieramente sostenibles a trav\u00e9s de una herramienta de facturaci\u00f3n que les permita ahorrar tiempo y tener la contabilidad bajo control. \u00a0 Marcos De La Cueva en los medios \u2014 Noticia sobre Kit Digital y Ley Antifraude (VeriFactu) en El Economista. \u2014 Noticia sobre Kit Digital y factura electr\u00f3nica obligatoria en Diario Jur\u00eddico. \u2014 Noticia sobre el a\u00f1o de transici\u00f3n para la factura electr\u00f3nica en Muy Pymes. \u2014 Entrevista sobre factura electr\u00f3nica obligatoria en Canal Sur. \u2014 Noticia sobre el informe factura electr\u00f3nica de TeamSystem en Channel Partner. \u2014 Charla sobre productividad y Ley Crea y Crece en El Economista. \u2014 Charla sobre factura electr\u00f3nica obligatoria en Muy Pymes. \u2014 Charla sobre digitalizaci\u00f3n aut\u00f3nomos y productividad en esdiario. \u2014 Charla sobre productividad y factura electr\u00f3nica en La Raz\u00f3n. \u2014 Charla sobre factura electr\u00f3nica obligatoria en Aut\u00f3nomos y Emprendedores. \u2014 Entrevista sobre Ley Antifraude y Ley Crea y Crece en Expansi\u00f3n. \u2014 Entrevista sobre Ley Antifraude y Ley Crea y Crece en La Raz\u00f3n. \u2014 Entrevista sobre factura electr\u00f3nica obligatoria en El Economista. \u2014 Comunicado Billin y TeamSystem en Business Insider. \u2014 Entrevista en Econom\u00eda Digital. \u2014 Entrevista en Ideas para tu empresa de Vodafone. \u2014 Entrevista en M\u00e1sQradio. \u2014 Entrevista en Armas para emprender de El M\u00e9todo Gallardo. \u2014 Entrevista en KFund. \u2014 Entrevista en AXA Seguros Espa\u00f1a. \u2014 Entrevista en GestionaRadio. \u00a0 Marcos De La Cueva en eventos \u00a0 \u2014 Participaci\u00f3n como ponente en Accountex Espa\u00f1a 2023. \u00a0 Tem\u00e1ticas de especializaci\u00f3n \u00a0 negocios | startups | contabilidad| fiscalidad | empresas| asesor\u00edas| autonomos | emprendedores | peque\u00f1os negocios | econom\u00eda | ADE | pymes | desarrollo de negocio\u00a0","sameAs":["https:\/\/www.billin.net\/","https:\/\/www.linkedin.com\/in\/marcos-de-la-cueva-19750ba3\/"],"url":"https:\/\/www.billin.net\/blog\/author\/marcosdelacueva\/","jobTitle":"CEO y cofundador de TS Facturas Billin"}]}},"_links":{"self":[{"href":"https:\/\/www.billin.net\/blog\/wp-json\/wp\/v2\/posts\/21674","targetHints":{"allow":["GET"]}}],"collection":[{"href":"https:\/\/www.billin.net\/blog\/wp-json\/wp\/v2\/posts"}],"about":[{"href":"https:\/\/www.billin.net\/blog\/wp-json\/wp\/v2\/types\/post"}],"author":[{"embeddable":true,"href":"https:\/\/www.billin.net\/blog\/wp-json\/wp\/v2\/users\/20"}],"replies":[{"embeddable":true,"href":"https:\/\/www.billin.net\/blog\/wp-json\/wp\/v2\/comments?post=21674"}],"version-history":[{"count":9,"href":"https:\/\/www.billin.net\/blog\/wp-json\/wp\/v2\/posts\/21674\/revisions"}],"predecessor-version":[{"id":26666,"href":"https:\/\/www.billin.net\/blog\/wp-json\/wp\/v2\/posts\/21674\/revisions\/26666"}],"wp:featuredmedia":[{"embeddable":true,"href":"https:\/\/www.billin.net\/blog\/wp-json\/wp\/v2\/media\/21677"}],"wp:attachment":[{"href":"https:\/\/www.billin.net\/blog\/wp-json\/wp\/v2\/media?parent=21674"}],"wp:term":[{"taxonomy":"category","embeddable":true,"href":"https:\/\/www.billin.net\/blog\/wp-json\/wp\/v2\/categories?post=21674"},{"taxonomy":"post_tag","embeddable":true,"href":"https:\/\/www.billin.net\/blog\/wp-json\/wp\/v2\/tags?post=21674"}],"curies":[{"name":"wp","href":"https:\/\/api.w.org\/{rel}","templated":true}]}}