{"id":21054,"date":"2023-09-04T00:00:00","date_gmt":"2023-09-03T22:00:00","guid":{"rendered":"https:\/\/www.billin.net\/blog\/?p=21054"},"modified":"2025-09-25T20:30:34","modified_gmt":"2025-09-25T18:30:34","slug":"jubilacion-activa-autonomos-societarios","status":"publish","type":"post","link":"https:\/\/www.billin.net\/blog\/jubilacion-activa-autonomos-societarios\/","title":{"rendered":"Jubilaci\u00f3n activa para aut\u00f3nomos societarios: gu\u00eda completa"},"content":{"rendered":"<p>Recientemente, el Tribunal Supremo se ha pronunciado sobre el caso y la posibilidad de optar por una situaci\u00f3n de<strong> jubilaci\u00f3n activa de un aut\u00f3nomo societario<\/strong> y las condiciones que se deben de cumplir para cobrar el 100% de la pensi\u00f3n.<\/p>\n<p>Hoy te contamos todo lo que debes saber para que puedas tomar la mejor decisi\u00f3n cuando corresponda.<\/p>\n<p><!--more--><\/p>\n<h2>\u00bfQu\u00e9 es la jubilaci\u00f3n activa para aut\u00f3nomos societarios?<\/h2>\n<p>Como sabes, el aut\u00f3nomo es una persona f\u00edsica que ejerce una actividad econ\u00f3mica y que responde de forma personal e ilimitada con su patrimonio personal de las deudas que pueda tener su negocio tanto en el presente como en el futuro.<\/p>\n<p>Algunos empresarios prefieren constituirse como persona jur\u00eddica mediante la figura del aut\u00f3nomo societario para limitar esta responsabilidad y salvaguardar su patrimonio, constituyendo una sociedad donde \u00e9l sea socio \u00fanico o tener otros socios.<\/p>\n<p>Tienes toda la informaci\u00f3n sobre ello en nuestro art\u00edculo de blog <a href=\"https:\/\/www.billin.net\/blog\/autonomo-societario\/\">aut\u00f3nomo societario<\/a>.<\/p>\n<p>Al llegar la edad de jubilaci\u00f3n, el aut\u00f3nomo puede plantearse la llamada <strong>jubilaci\u00f3n activa<\/strong>, que es seguir trabajando mientras recibe la pensi\u00f3n de jubilaci\u00f3n.<\/p>\n<h3>\u00bfQu\u00e9 implica la jubilaci\u00f3n activa para los aut\u00f3nomos societarios?<\/h3>\n<p>La <strong>jubilaci\u00f3n activa del aut\u00f3nomo societario<\/strong> es cuando, a pesar de tener edad para jubilarse y haber cotizado los a\u00f1os necesarios, el aut\u00f3nomo decide seguir con su actividad econ\u00f3mica.<\/p>\n<p>Cualquier aut\u00f3nomo puede solicitar la jubilaci\u00f3n activa, pero debe saber que solamente cobrar\u00e1 el 50% de la pensi\u00f3n, ya que va a seguir obteniendo ingresos por su actividad econ\u00f3mica.<\/p>\n<p>Adem\u00e1s, es diferente ser un aut\u00f3nomo cl\u00e1sico o ser aut\u00f3nomo societario y, por tanto, tambi\u00e9n se ve afectado el porcentaje de la pensi\u00f3n, tal y como ha ratificado el Tribunal Supremo.<\/p>\n<p>De esta manera, un aut\u00f3nomo normal con jubilaci\u00f3n activa tiene la posibilidad de conseguir el total de la pensi\u00f3n si contrata a un empleado, mientras que el aut\u00f3nomo societario no tiene esa opci\u00f3n a pesar de que haga contrataciones.<\/p>\n<p>Este \u00faltimo fallo del Supremo basado en el recurso del INSS y amparado bajo el art. 241.2 del Real Decreto Legislativo 8\/2015 de 30 de septiembre es firme y ha creado jurisprudencia.<\/p>\n<h2>Beneficios de la jubilaci\u00f3n activa para aut\u00f3nomos societarios<\/h2>\n<p>Si eres aut\u00f3nomo societario, aunque en principio optar por la jubilaci\u00f3n activa suponga renunciar a una buena parte de tu pensi\u00f3n de jubilaci\u00f3n, tambi\u00e9n puede tener una serie de beneficios que te puede interesar, como poder aplicar tu plan de pensiones privado (si lo tienes) o seguir aumentando tu patrimonio con tu trabajo.<\/p>\n<h3>\u00a0Sacar el m\u00e1ximo provecho de la jubilaci\u00f3n activa como aut\u00f3nomo societario<\/h3>\n<p>Durante la jubilaci\u00f3n activa como aut\u00f3nomo societario no puedes disfrutar del total de tu pensi\u00f3n, pero puedes contribuir a elevar la prestaci\u00f3n que cobrar\u00e1s cuando te jubiles totalmente y, adem\u00e1s, puedes acogerte a la cuota de solidaridad creada para estos casos.<\/p>\n<p>Seg\u00fan el Real Decreto-ley 13\/2022, de 26 de julio, en su art\u00edculo 301, establece que mientras el aut\u00f3nomo societario est\u00e9 en situaci\u00f3n de jubilaci\u00f3n activa, cotizar\u00e1 solo y \u00fanicamente por incapacidad temporal y contingencias profesionales.<\/p>\n<p>Por tanto, la cuota que se debe pagar con este tipo cotizaci\u00f3n especial de solidaridad es del 9 % sobre su base de cotizaci\u00f3n por contingencias comunes, no computable a efectos de prestaciones.<\/p>\n<p><strong>Adem\u00e1s, no olvides que durante la jubilaci\u00f3n activa puedes:<\/strong><\/p>\n<ul>\n<li>Continuar activo en el terreno laboral y aumentar tu prestigio y reconocimiento profesional.<\/li>\n<li>Elegir tu propia jornada, parcial o completa.<\/li>\n<li>Mantener vivo tu negocio el tiempo que quieras o hasta que decidas o encuentres la persona adecuada para dej\u00e1rselo o traspasarlo.<\/li>\n<li>Poder rescatar tu plan de pensiones privado con las mismas condiciones como si te hubieras jubilado totalmente.<\/li>\n<li>Seguir aumentan tus ahorros y patrimonio.<\/li>\n<\/ul>\n<p>Y sobre todo ten presente que cuando decidas optar por la <strong>jubilaci\u00f3n definitiva y dejar de trabajar<\/strong>, disfrutar\u00e1s del 100% de tu pensi\u00f3n.<\/p>\n<h2>Planificaci\u00f3n financiera: prepar\u00e1ndote para la jubilaci\u00f3n activa<\/h2>\n<p>Para poder disfrutar plenamente de todo lo bueno que puede tener estar situaci\u00f3n de jubilaci\u00f3n activa para un aut\u00f3nomo societario, es necesario que previamente se haya preparado con una buena planificaci\u00f3n financiera.<\/p>\n<p>Porque como ya hemos mencionado, va a tener el <strong>inconveniente de cobrar solo el 50% de la pensi\u00f3n<\/strong>, no poder cotizar en favor de su jubilaci\u00f3n definitiva y pagar cuota de aut\u00f3nomos e impuestos por su actividad.<\/p>\n<p><strong>Por eso, nuestro consejo es:<\/strong><\/p>\n<ul>\n<li>Conocer exactamente los a\u00f1os que llevas cotizados y los que te quedan por delante hasta la edad de jubilaci\u00f3n.<\/li>\n<li>Hacer un c\u00e1lculo del importe de tu futura pensi\u00f3n con base en los datos que haya recopilado.<\/li>\n<li>Hacer un estudio de tu situaci\u00f3n personal y la de tu negocio para determinar si es rentable para ti la jubilaci\u00f3n activa: ingresos, gastos, ahorros\u2026<\/li>\n<li>Realizar una estimaci\u00f3n los gastos que puedan surgir en un futuro que tenga en cuenta tu calidad de vida y tu salud para poder afrontar imprevistos o posibles tratamientos por enfermedad.<\/li>\n<li>Consultar con un experto fiscal y que te ayude a planificar tu futuro profesional y econ\u00f3mico para afrontar tanto la jubilaci\u00f3n activa como la total, conforme a la legalidad vigente.<\/li>\n<\/ul>\n<h3>Requisitos y documentaci\u00f3n para la jubilaci\u00f3n activa<\/h3>\n<p>La jubilaci\u00f3n activa puede ser una opci\u00f3n muy atractiva para un aut\u00f3nomo societario si ha hecho un buen estudio previo de su situaci\u00f3n y una buena planificaci\u00f3n financiera.<\/p>\n<p><strong>Pero no olvides que tambi\u00e9n tienes que tener unas determinadas condiciones para poder solicitarla y que lo debes de hacer todo con tiempo suficiente:<\/strong><\/p>\n<ul>\n<li>Haber cumplido los 65 a\u00f1os (o 67 a\u00f1os a partir del 2027).<\/li>\n<li>Tener ya cotizados como m\u00ednimo de 37 a\u00f1os y 9 meses, o a 38 a\u00f1os y 6 meses para el 2027.<\/li>\n<li>No haber solicitado la jubilaci\u00f3n anticipada ni haberse acogido a bonificaciones.<\/li>\n<li>Ejercer tu actividad profesional de manera regular.<\/li>\n<\/ul>\n<p>Para poder solicitarla debes ir a una sede de la Seguridad social y llenar el formulario all\u00ed o descargarlo en el link <a href=\"https:\/\/www.seg-social.es\/wps\/portal\/wss\/internet\/Pensionistas\/Servicios\/34887\/40968\/34888#BIN34890\">formulario de solicitud de jubilaci\u00f3n.<\/a><\/p>\n<p>Si cumples todas las condiciones anteriores, la concesi\u00f3n es autom\u00e1tica y ser\u00e1s considerado como pensionista a todos los efectos.<\/p>\n","protected":false},"excerpt":{"rendered":"<p>Recientemente, el Tribunal Supremo se ha pronunciado sobre el caso y la posibilidad de optar por una situaci\u00f3n de jubilaci\u00f3n activa de un aut\u00f3nomo societario y las condiciones que se deben de cumplir para cobrar el 100% de la pensi\u00f3n. Hoy te contamos todo lo que debes saber para que puedas tomar la mejor decisi\u00f3n [&hellip;]<\/p>\n","protected":false},"author":20,"featured_media":21055,"comment_status":"open","ping_status":"open","sticky":false,"template":"","format":"standard","meta":{"_acf_changed":false,"_et_pb_use_builder":"","_et_pb_old_content":"","_et_gb_content_width":"","om_disable_all_campaigns":false,"inline_featured_image":false,"footnotes":""},"categories":[1014],"tags":[1380],"class_list":{"0":"post-21054","1":"post","2":"type-post","3":"status-publish","4":"format-standard","5":"has-post-thumbnail","7":"category-fiscalidad","8":"tag-autonomos"},"acf":{"selector_de_usuario":"","fecha_de_revision":"20230906"},"yoast_head":"<!-- This site is optimized with the Yoast SEO plugin v27.1 - https:\/\/yoast.com\/product\/yoast-seo-wordpress\/ -->\n<title>Jubilaci\u00f3n activa para aut\u00f3nomos societarios - TeamSystem Facturas Billin<\/title>\n<meta name=\"description\" content=\"En este art\u00edculo te contamos todo lo que debes saber sobre la situaci\u00f3n de jubilaci\u00f3n activa de un aut\u00f3nomo societario y lo que puede ayudarte\" \/>\n<meta name=\"robots\" content=\"index, follow, max-snippet:-1, max-image-preview:large, max-video-preview:-1\" \/>\n<link rel=\"canonical\" href=\"https:\/\/www.billin.net\/blog\/jubilacion-activa-autonomos-societarios\/\" \/>\n<meta property=\"og:locale\" content=\"es_ES\" \/>\n<meta property=\"og:type\" content=\"article\" \/>\n<meta property=\"og:title\" content=\"Jubilaci\u00f3n activa para aut\u00f3nomos societarios - TeamSystem Facturas Billin\" \/>\n<meta property=\"og:description\" content=\"En este art\u00edculo te contamos todo lo que debes saber sobre la situaci\u00f3n de jubilaci\u00f3n activa de un aut\u00f3nomo societario y lo que puede ayudarte\" \/>\n<meta property=\"og:url\" content=\"https:\/\/www.billin.net\/blog\/jubilacion-activa-autonomos-societarios\/\" \/>\n<meta property=\"og:site_name\" content=\"Blog de TeamSystem Facturas Billin\" \/>\n<meta property=\"article:publisher\" content=\"https:\/\/www.facebook.com\/EsBillin\" \/>\n<meta property=\"article:published_time\" content=\"2023-09-03T22:00:00+00:00\" \/>\n<meta property=\"article:modified_time\" content=\"2025-09-25T18:30:34+00:00\" \/>\n<meta property=\"og:image\" content=\"https:\/\/www.billin.net\/blog\/wp-content\/uploads\/2023\/09\/jubilacion-autonomos-societarios.jpeg\" \/>\n\t<meta property=\"og:image:width\" content=\"1125\" \/>\n\t<meta property=\"og:image:height\" content=\"750\" \/>\n\t<meta property=\"og:image:type\" content=\"image\/jpeg\" \/>\n<meta name=\"author\" content=\"Marcos De La Cueva - CEO TeamSystem Facturas Billin\" \/>\n<meta name=\"twitter:card\" content=\"summary_large_image\" \/>\n<meta name=\"twitter:creator\" content=\"@Billin_ES\" \/>\n<meta name=\"twitter:site\" content=\"@Billin_ES\" \/>\n<meta name=\"twitter:label1\" content=\"Escrito por\" \/>\n\t<meta name=\"twitter:data1\" content=\"Marcos De La Cueva - CEO TeamSystem Facturas Billin\" \/>\n\t<meta name=\"twitter:label2\" content=\"Tiempo de lectura\" \/>\n\t<meta name=\"twitter:data2\" content=\"5 minutos\" \/>\n<script type=\"application\/ld+json\" class=\"yoast-schema-graph\">{\"@context\":\"https:\/\/schema.org\",\"@graph\":[{\"@type\":\"Article\",\"@id\":\"https:\/\/www.billin.net\/blog\/jubilacion-activa-autonomos-societarios\/#article\",\"isPartOf\":{\"@id\":\"https:\/\/www.billin.net\/blog\/jubilacion-activa-autonomos-societarios\/\"},\"author\":{\"name\":\"Marcos De La Cueva - CEO TeamSystem Facturas Billin\",\"@id\":\"https:\/\/www.billin.net\/blog\/#\/schema\/person\/d0339ee6e869234614541b1e80a793e7\"},\"headline\":\"Jubilaci\u00f3n activa para aut\u00f3nomos societarios: gu\u00eda completa\",\"datePublished\":\"2023-09-03T22:00:00+00:00\",\"dateModified\":\"2025-09-25T18:30:34+00:00\",\"mainEntityOfPage\":{\"@id\":\"https:\/\/www.billin.net\/blog\/jubilacion-activa-autonomos-societarios\/\"},\"wordCount\":1079,\"commentCount\":4,\"publisher\":{\"@id\":\"https:\/\/www.billin.net\/blog\/#organization\"},\"image\":{\"@id\":\"https:\/\/www.billin.net\/blog\/jubilacion-activa-autonomos-societarios\/#primaryimage\"},\"thumbnailUrl\":\"https:\/\/www.billin.net\/blog\/wp-content\/uploads\/2023\/09\/jubilacion-autonomos-societarios.jpeg\",\"keywords\":[\"Aut\u00f3nomos\"],\"articleSection\":[\"Fiscalidad\"],\"inLanguage\":\"es\",\"potentialAction\":[{\"@type\":\"CommentAction\",\"name\":\"Comment\",\"target\":[\"https:\/\/www.billin.net\/blog\/jubilacion-activa-autonomos-societarios\/#respond\"]}]},{\"@type\":\"WebPage\",\"@id\":\"https:\/\/www.billin.net\/blog\/jubilacion-activa-autonomos-societarios\/\",\"url\":\"https:\/\/www.billin.net\/blog\/jubilacion-activa-autonomos-societarios\/\",\"name\":\"Jubilaci\u00f3n activa para aut\u00f3nomos societarios - TeamSystem Facturas Billin\",\"isPartOf\":{\"@id\":\"https:\/\/www.billin.net\/blog\/#website\"},\"primaryImageOfPage\":{\"@id\":\"https:\/\/www.billin.net\/blog\/jubilacion-activa-autonomos-societarios\/#primaryimage\"},\"image\":{\"@id\":\"https:\/\/www.billin.net\/blog\/jubilacion-activa-autonomos-societarios\/#primaryimage\"},\"thumbnailUrl\":\"https:\/\/www.billin.net\/blog\/wp-content\/uploads\/2023\/09\/jubilacion-autonomos-societarios.jpeg\",\"datePublished\":\"2023-09-03T22:00:00+00:00\",\"dateModified\":\"2025-09-25T18:30:34+00:00\",\"description\":\"En este art\u00edculo te contamos todo lo que debes saber sobre la situaci\u00f3n de jubilaci\u00f3n activa de un aut\u00f3nomo societario y lo que puede ayudarte\",\"breadcrumb\":{\"@id\":\"https:\/\/www.billin.net\/blog\/jubilacion-activa-autonomos-societarios\/#breadcrumb\"},\"inLanguage\":\"es\",\"potentialAction\":[{\"@type\":\"ReadAction\",\"target\":[\"https:\/\/www.billin.net\/blog\/jubilacion-activa-autonomos-societarios\/\"]}]},{\"@type\":\"ImageObject\",\"inLanguage\":\"es\",\"@id\":\"https:\/\/www.billin.net\/blog\/jubilacion-activa-autonomos-societarios\/#primaryimage\",\"url\":\"https:\/\/www.billin.net\/blog\/wp-content\/uploads\/2023\/09\/jubilacion-autonomos-societarios.jpeg\",\"contentUrl\":\"https:\/\/www.billin.net\/blog\/wp-content\/uploads\/2023\/09\/jubilacion-autonomos-societarios.jpeg\",\"width\":1125,\"height\":750,\"caption\":\"autonomos societarios jubilacion activa\"},{\"@type\":\"BreadcrumbList\",\"@id\":\"https:\/\/www.billin.net\/blog\/jubilacion-activa-autonomos-societarios\/#breadcrumb\",\"itemListElement\":[{\"@type\":\"ListItem\",\"position\":1,\"name\":\"Blog\",\"item\":\"https:\/\/www.billin.net\/blog\/\"},{\"@type\":\"ListItem\",\"position\":2,\"name\":\"Fiscalidad\",\"item\":\"https:\/\/www.billin.net\/blog\/fiscalidad\/\"},{\"@type\":\"ListItem\",\"position\":3,\"name\":\"Jubilaci\u00f3n activa para aut\u00f3nomos societarios: gu\u00eda completa\"}]},{\"@type\":\"WebSite\",\"@id\":\"https:\/\/www.billin.net\/blog\/#website\",\"url\":\"https:\/\/www.billin.net\/blog\/\",\"name\":\"Blog de Billin\",\"description\":\"Mantente informado con el blog de TeamSystem Facturas Billin:  facturaci\u00f3n, legislaci\u00f3n, contabilidad, management y toda la informaci\u00f3n \u00fatil para pymes y aut\u00f3nomos.\",\"publisher\":{\"@id\":\"https:\/\/www.billin.net\/blog\/#organization\"},\"potentialAction\":[{\"@type\":\"SearchAction\",\"target\":{\"@type\":\"EntryPoint\",\"urlTemplate\":\"https:\/\/www.billin.net\/blog\/?s={search_term_string}\"},\"query-input\":{\"@type\":\"PropertyValueSpecification\",\"valueRequired\":true,\"valueName\":\"search_term_string\"}}],\"inLanguage\":\"es\"},{\"@type\":\"Organization\",\"@id\":\"https:\/\/www.billin.net\/blog\/#organization\",\"name\":\"Billin\",\"alternateName\":\"Blog de Billin\",\"url\":\"https:\/\/www.billin.net\/blog\/\",\"logo\":{\"@type\":\"ImageObject\",\"inLanguage\":\"es\",\"@id\":\"https:\/\/www.billin.net\/blog\/#\/schema\/logo\/image\/\",\"url\":\"https:\/\/www.billin.net\/blog\/wp-content\/uploads\/2019\/06\/logotipo-billin-blog-1.png\",\"contentUrl\":\"https:\/\/www.billin.net\/blog\/wp-content\/uploads\/2019\/06\/logotipo-billin-blog-1.png\",\"width\":126,\"height\":50,\"caption\":\"Billin\"},\"image\":{\"@id\":\"https:\/\/www.billin.net\/blog\/#\/schema\/logo\/image\/\"},\"sameAs\":[\"https:\/\/www.facebook.com\/EsBillin\",\"https:\/\/x.com\/Billin_ES\",\"https:\/\/www.instagram.com\/billin_es\/\",\"https:\/\/www.linkedin.com\/company\/billin-spain\",\"https:\/\/www.youtube.com\/c\/BillinEsintercambiodefacturas\/\"],\"legalName\":\"MY EXPENSES SL\",\"contactPoint\":{\"@type\":\"ContactPoint\",\"telephone\":\"+34918318883\",\"contactType\":\"customer service\",\"email\":\"info@billin.eu\",\"availableLanguage\":\"es\"},\"foundingDate\":\"2015\",\"numberOfEmployees\":{\"@type\":\"QuantitativeValue\",\"minValue\":10,\"maxValue\":50},\"parentOrganization\":{\"@type\":\"Organization\",\"name\":\"TeamSystem\",\"url\":\"https:\/\/www.teamsystem.com\/\"},\"description\":\"Billin es el programa de facturaci\u00f3n online de TeamSystem para aut\u00f3nomos y pymes en Espa\u00f1a. Permite crear facturas, controlar gastos y cumplir con Verifactu.\",\"address\":{\"@type\":\"PostalAddress\",\"streetAddress\":\"Calle Arturo Soria, 336\",\"addressLocality\":\"Madrid\",\"addressRegion\":\"Madrid\",\"postalCode\":\"28033\",\"addressCountry\":\"ES\"}},{\"@type\":\"Person\",\"@id\":\"https:\/\/www.billin.net\/blog\/#\/schema\/person\/d0339ee6e869234614541b1e80a793e7\",\"name\":\"Marcos De La Cueva - CEO TeamSystem Facturas Billin\",\"image\":{\"@type\":\"ImageObject\",\"inLanguage\":\"es\",\"@id\":\"https:\/\/www.billin.net\/blog\/#\/schema\/person\/image\/\",\"url\":\"https:\/\/www.billin.net\/blog\/wp-content\/uploads\/2023\/10\/marcos-color-150x150.png\",\"contentUrl\":\"https:\/\/www.billin.net\/blog\/wp-content\/uploads\/2023\/10\/marcos-color-150x150.png\",\"caption\":\"Marcos De La Cueva - CEO TeamSystem Facturas Billin\"},\"description\":\"Licenciado en ADE por la Universidad Aut\u00f3noma de Madrid, Marcos De la Cueva es CEO y cofundador de TeamSystem Facturas Billin, un programa online que lleva m\u00e1s de 9 a\u00f1os ayudando a aut\u00f3nomos, peque\u00f1os negocios y gestor\u00edas a digitalizar sus presupuestos, facturas, tickets y gastos. \u00a0 Sobre Marcos De La Cueva \u00a0 Apasionado por el mundo empresarial y la tecnolog\u00eda, curs\u00f3 su M\u00e1ster de Finanzas en la Universidad Pontificia de Comillas y estuvo en el Programa de Cooperaci\u00f3n Educativa de la Universidad Aut\u00f3noma de Madrid. \u00a0 Marcos siempre ha tenido su objetivo claro: ayudar a la creaci\u00f3n de negocios financieramente sostenibles a trav\u00e9s de una herramienta de facturaci\u00f3n que les permita ahorrar tiempo y tener la contabilidad bajo control. \u00a0 Marcos De La Cueva en los medios \u2014 Noticia sobre Kit Digital y Ley Antifraude (VeriFactu) en El Economista. \u2014 Noticia sobre Kit Digital y factura electr\u00f3nica obligatoria en Diario Jur\u00eddico. \u2014 Noticia sobre el a\u00f1o de transici\u00f3n para la factura electr\u00f3nica en Muy Pymes. \u2014 Entrevista sobre factura electr\u00f3nica obligatoria en Canal Sur. \u2014 Noticia sobre el informe factura electr\u00f3nica de TeamSystem en Channel Partner. \u2014 Charla sobre productividad y Ley Crea y Crece en El Economista. \u2014 Charla sobre factura electr\u00f3nica obligatoria en Muy Pymes. \u2014 Charla sobre digitalizaci\u00f3n aut\u00f3nomos y productividad en esdiario. \u2014 Charla sobre productividad y factura electr\u00f3nica en La Raz\u00f3n. \u2014 Charla sobre factura electr\u00f3nica obligatoria en Aut\u00f3nomos y Emprendedores. \u2014 Entrevista sobre Ley Antifraude y Ley Crea y Crece en Expansi\u00f3n. \u2014 Entrevista sobre Ley Antifraude y Ley Crea y Crece en La Raz\u00f3n. \u2014 Entrevista sobre factura electr\u00f3nica obligatoria en El Economista. \u2014 Comunicado Billin y TeamSystem en Business Insider. \u2014 Entrevista en Econom\u00eda Digital. \u2014 Entrevista en Ideas para tu empresa de Vodafone. \u2014 Entrevista en M\u00e1sQradio. \u2014 Entrevista en Armas para emprender de El M\u00e9todo Gallardo. \u2014 Entrevista en KFund. \u2014 Entrevista en AXA Seguros Espa\u00f1a. \u2014 Entrevista en GestionaRadio. \u00a0 Marcos De La Cueva en eventos \u00a0 \u2014 Participaci\u00f3n como ponente en Accountex Espa\u00f1a 2023. \u00a0 Tem\u00e1ticas de especializaci\u00f3n \u00a0 negocios | startups | contabilidad| fiscalidad | empresas| asesor\u00edas| autonomos | emprendedores | peque\u00f1os negocios | econom\u00eda | ADE | pymes | desarrollo de negocio\u00a0\",\"sameAs\":[\"https:\/\/www.billin.net\/\",\"https:\/\/www.linkedin.com\/in\/marcos-de-la-cueva-19750ba3\/\"],\"url\":\"https:\/\/www.billin.net\/blog\/author\/marcosdelacueva\/\",\"jobTitle\":\"CEO y cofundador de TS Facturas Billin\"}]}<\/script>\n<!-- \/ Yoast SEO plugin. -->","yoast_head_json":{"title":"Jubilaci\u00f3n activa para aut\u00f3nomos societarios - TeamSystem Facturas Billin","description":"En este art\u00edculo te contamos todo lo que debes saber sobre la situaci\u00f3n de jubilaci\u00f3n activa de un aut\u00f3nomo societario y lo que puede ayudarte","robots":{"index":"index","follow":"follow","max-snippet":"max-snippet:-1","max-image-preview":"max-image-preview:large","max-video-preview":"max-video-preview:-1"},"canonical":"https:\/\/www.billin.net\/blog\/jubilacion-activa-autonomos-societarios\/","og_locale":"es_ES","og_type":"article","og_title":"Jubilaci\u00f3n activa para aut\u00f3nomos societarios - TeamSystem Facturas Billin","og_description":"En este art\u00edculo te contamos todo lo que debes saber sobre la situaci\u00f3n de jubilaci\u00f3n activa de un aut\u00f3nomo societario y lo que puede ayudarte","og_url":"https:\/\/www.billin.net\/blog\/jubilacion-activa-autonomos-societarios\/","og_site_name":"Blog de TeamSystem Facturas Billin","article_publisher":"https:\/\/www.facebook.com\/EsBillin","article_published_time":"2023-09-03T22:00:00+00:00","article_modified_time":"2025-09-25T18:30:34+00:00","og_image":[{"width":1125,"height":750,"url":"https:\/\/www.billin.net\/blog\/wp-content\/uploads\/2023\/09\/jubilacion-autonomos-societarios.jpeg","type":"image\/jpeg"}],"author":"Marcos De La Cueva - CEO TeamSystem Facturas Billin","twitter_card":"summary_large_image","twitter_creator":"@Billin_ES","twitter_site":"@Billin_ES","twitter_misc":{"Escrito por":"Marcos De La Cueva - CEO TeamSystem Facturas Billin","Tiempo de lectura":"5 minutos"},"schema":{"@context":"https:\/\/schema.org","@graph":[{"@type":"Article","@id":"https:\/\/www.billin.net\/blog\/jubilacion-activa-autonomos-societarios\/#article","isPartOf":{"@id":"https:\/\/www.billin.net\/blog\/jubilacion-activa-autonomos-societarios\/"},"author":{"name":"Marcos De La Cueva - CEO TeamSystem Facturas Billin","@id":"https:\/\/www.billin.net\/blog\/#\/schema\/person\/d0339ee6e869234614541b1e80a793e7"},"headline":"Jubilaci\u00f3n activa para aut\u00f3nomos societarios: gu\u00eda completa","datePublished":"2023-09-03T22:00:00+00:00","dateModified":"2025-09-25T18:30:34+00:00","mainEntityOfPage":{"@id":"https:\/\/www.billin.net\/blog\/jubilacion-activa-autonomos-societarios\/"},"wordCount":1079,"commentCount":4,"publisher":{"@id":"https:\/\/www.billin.net\/blog\/#organization"},"image":{"@id":"https:\/\/www.billin.net\/blog\/jubilacion-activa-autonomos-societarios\/#primaryimage"},"thumbnailUrl":"https:\/\/www.billin.net\/blog\/wp-content\/uploads\/2023\/09\/jubilacion-autonomos-societarios.jpeg","keywords":["Aut\u00f3nomos"],"articleSection":["Fiscalidad"],"inLanguage":"es","potentialAction":[{"@type":"CommentAction","name":"Comment","target":["https:\/\/www.billin.net\/blog\/jubilacion-activa-autonomos-societarios\/#respond"]}]},{"@type":"WebPage","@id":"https:\/\/www.billin.net\/blog\/jubilacion-activa-autonomos-societarios\/","url":"https:\/\/www.billin.net\/blog\/jubilacion-activa-autonomos-societarios\/","name":"Jubilaci\u00f3n activa para aut\u00f3nomos societarios - TeamSystem Facturas Billin","isPartOf":{"@id":"https:\/\/www.billin.net\/blog\/#website"},"primaryImageOfPage":{"@id":"https:\/\/www.billin.net\/blog\/jubilacion-activa-autonomos-societarios\/#primaryimage"},"image":{"@id":"https:\/\/www.billin.net\/blog\/jubilacion-activa-autonomos-societarios\/#primaryimage"},"thumbnailUrl":"https:\/\/www.billin.net\/blog\/wp-content\/uploads\/2023\/09\/jubilacion-autonomos-societarios.jpeg","datePublished":"2023-09-03T22:00:00+00:00","dateModified":"2025-09-25T18:30:34+00:00","description":"En este art\u00edculo te contamos todo lo que debes saber sobre la situaci\u00f3n de jubilaci\u00f3n activa de un aut\u00f3nomo societario y lo que puede ayudarte","breadcrumb":{"@id":"https:\/\/www.billin.net\/blog\/jubilacion-activa-autonomos-societarios\/#breadcrumb"},"inLanguage":"es","potentialAction":[{"@type":"ReadAction","target":["https:\/\/www.billin.net\/blog\/jubilacion-activa-autonomos-societarios\/"]}]},{"@type":"ImageObject","inLanguage":"es","@id":"https:\/\/www.billin.net\/blog\/jubilacion-activa-autonomos-societarios\/#primaryimage","url":"https:\/\/www.billin.net\/blog\/wp-content\/uploads\/2023\/09\/jubilacion-autonomos-societarios.jpeg","contentUrl":"https:\/\/www.billin.net\/blog\/wp-content\/uploads\/2023\/09\/jubilacion-autonomos-societarios.jpeg","width":1125,"height":750,"caption":"autonomos societarios jubilacion activa"},{"@type":"BreadcrumbList","@id":"https:\/\/www.billin.net\/blog\/jubilacion-activa-autonomos-societarios\/#breadcrumb","itemListElement":[{"@type":"ListItem","position":1,"name":"Blog","item":"https:\/\/www.billin.net\/blog\/"},{"@type":"ListItem","position":2,"name":"Fiscalidad","item":"https:\/\/www.billin.net\/blog\/fiscalidad\/"},{"@type":"ListItem","position":3,"name":"Jubilaci\u00f3n activa para aut\u00f3nomos societarios: gu\u00eda completa"}]},{"@type":"WebSite","@id":"https:\/\/www.billin.net\/blog\/#website","url":"https:\/\/www.billin.net\/blog\/","name":"Blog de Billin","description":"Mantente informado con el blog de TeamSystem Facturas Billin:  facturaci\u00f3n, legislaci\u00f3n, contabilidad, management y toda la informaci\u00f3n \u00fatil para pymes y aut\u00f3nomos.","publisher":{"@id":"https:\/\/www.billin.net\/blog\/#organization"},"potentialAction":[{"@type":"SearchAction","target":{"@type":"EntryPoint","urlTemplate":"https:\/\/www.billin.net\/blog\/?s={search_term_string}"},"query-input":{"@type":"PropertyValueSpecification","valueRequired":true,"valueName":"search_term_string"}}],"inLanguage":"es"},{"@type":"Organization","@id":"https:\/\/www.billin.net\/blog\/#organization","name":"Billin","alternateName":"Blog de Billin","url":"https:\/\/www.billin.net\/blog\/","logo":{"@type":"ImageObject","inLanguage":"es","@id":"https:\/\/www.billin.net\/blog\/#\/schema\/logo\/image\/","url":"https:\/\/www.billin.net\/blog\/wp-content\/uploads\/2019\/06\/logotipo-billin-blog-1.png","contentUrl":"https:\/\/www.billin.net\/blog\/wp-content\/uploads\/2019\/06\/logotipo-billin-blog-1.png","width":126,"height":50,"caption":"Billin"},"image":{"@id":"https:\/\/www.billin.net\/blog\/#\/schema\/logo\/image\/"},"sameAs":["https:\/\/www.facebook.com\/EsBillin","https:\/\/x.com\/Billin_ES","https:\/\/www.instagram.com\/billin_es\/","https:\/\/www.linkedin.com\/company\/billin-spain","https:\/\/www.youtube.com\/c\/BillinEsintercambiodefacturas\/"],"legalName":"MY EXPENSES SL","contactPoint":{"@type":"ContactPoint","telephone":"+34918318883","contactType":"customer service","email":"info@billin.eu","availableLanguage":"es"},"foundingDate":"2015","numberOfEmployees":{"@type":"QuantitativeValue","minValue":10,"maxValue":50},"parentOrganization":{"@type":"Organization","name":"TeamSystem","url":"https:\/\/www.teamsystem.com\/"},"description":"Billin es el programa de facturaci\u00f3n online de TeamSystem para aut\u00f3nomos y pymes en Espa\u00f1a. Permite crear facturas, controlar gastos y cumplir con Verifactu.","address":{"@type":"PostalAddress","streetAddress":"Calle Arturo Soria, 336","addressLocality":"Madrid","addressRegion":"Madrid","postalCode":"28033","addressCountry":"ES"}},{"@type":"Person","@id":"https:\/\/www.billin.net\/blog\/#\/schema\/person\/d0339ee6e869234614541b1e80a793e7","name":"Marcos De La Cueva - CEO TeamSystem Facturas Billin","image":{"@type":"ImageObject","inLanguage":"es","@id":"https:\/\/www.billin.net\/blog\/#\/schema\/person\/image\/","url":"https:\/\/www.billin.net\/blog\/wp-content\/uploads\/2023\/10\/marcos-color-150x150.png","contentUrl":"https:\/\/www.billin.net\/blog\/wp-content\/uploads\/2023\/10\/marcos-color-150x150.png","caption":"Marcos De La Cueva - CEO TeamSystem Facturas Billin"},"description":"Licenciado en ADE por la Universidad Aut\u00f3noma de Madrid, Marcos De la Cueva es CEO y cofundador de TeamSystem Facturas Billin, un programa online que lleva m\u00e1s de 9 a\u00f1os ayudando a aut\u00f3nomos, peque\u00f1os negocios y gestor\u00edas a digitalizar sus presupuestos, facturas, tickets y gastos. \u00a0 Sobre Marcos De La Cueva \u00a0 Apasionado por el mundo empresarial y la tecnolog\u00eda, curs\u00f3 su M\u00e1ster de Finanzas en la Universidad Pontificia de Comillas y estuvo en el Programa de Cooperaci\u00f3n Educativa de la Universidad Aut\u00f3noma de Madrid. \u00a0 Marcos siempre ha tenido su objetivo claro: ayudar a la creaci\u00f3n de negocios financieramente sostenibles a trav\u00e9s de una herramienta de facturaci\u00f3n que les permita ahorrar tiempo y tener la contabilidad bajo control. \u00a0 Marcos De La Cueva en los medios \u2014 Noticia sobre Kit Digital y Ley Antifraude (VeriFactu) en El Economista. \u2014 Noticia sobre Kit Digital y factura electr\u00f3nica obligatoria en Diario Jur\u00eddico. \u2014 Noticia sobre el a\u00f1o de transici\u00f3n para la factura electr\u00f3nica en Muy Pymes. \u2014 Entrevista sobre factura electr\u00f3nica obligatoria en Canal Sur. \u2014 Noticia sobre el informe factura electr\u00f3nica de TeamSystem en Channel Partner. \u2014 Charla sobre productividad y Ley Crea y Crece en El Economista. \u2014 Charla sobre factura electr\u00f3nica obligatoria en Muy Pymes. \u2014 Charla sobre digitalizaci\u00f3n aut\u00f3nomos y productividad en esdiario. \u2014 Charla sobre productividad y factura electr\u00f3nica en La Raz\u00f3n. \u2014 Charla sobre factura electr\u00f3nica obligatoria en Aut\u00f3nomos y Emprendedores. \u2014 Entrevista sobre Ley Antifraude y Ley Crea y Crece en Expansi\u00f3n. \u2014 Entrevista sobre Ley Antifraude y Ley Crea y Crece en La Raz\u00f3n. \u2014 Entrevista sobre factura electr\u00f3nica obligatoria en El Economista. \u2014 Comunicado Billin y TeamSystem en Business Insider. \u2014 Entrevista en Econom\u00eda Digital. \u2014 Entrevista en Ideas para tu empresa de Vodafone. \u2014 Entrevista en M\u00e1sQradio. \u2014 Entrevista en Armas para emprender de El M\u00e9todo Gallardo. \u2014 Entrevista en KFund. \u2014 Entrevista en AXA Seguros Espa\u00f1a. \u2014 Entrevista en GestionaRadio. \u00a0 Marcos De La Cueva en eventos \u00a0 \u2014 Participaci\u00f3n como ponente en Accountex Espa\u00f1a 2023. \u00a0 Tem\u00e1ticas de especializaci\u00f3n \u00a0 negocios | startups | contabilidad| fiscalidad | empresas| asesor\u00edas| autonomos | emprendedores | peque\u00f1os negocios | econom\u00eda | ADE | pymes | desarrollo de negocio\u00a0","sameAs":["https:\/\/www.billin.net\/","https:\/\/www.linkedin.com\/in\/marcos-de-la-cueva-19750ba3\/"],"url":"https:\/\/www.billin.net\/blog\/author\/marcosdelacueva\/","jobTitle":"CEO y cofundador de TS Facturas Billin"}]}},"_links":{"self":[{"href":"https:\/\/www.billin.net\/blog\/wp-json\/wp\/v2\/posts\/21054","targetHints":{"allow":["GET"]}}],"collection":[{"href":"https:\/\/www.billin.net\/blog\/wp-json\/wp\/v2\/posts"}],"about":[{"href":"https:\/\/www.billin.net\/blog\/wp-json\/wp\/v2\/types\/post"}],"author":[{"embeddable":true,"href":"https:\/\/www.billin.net\/blog\/wp-json\/wp\/v2\/users\/20"}],"replies":[{"embeddable":true,"href":"https:\/\/www.billin.net\/blog\/wp-json\/wp\/v2\/comments?post=21054"}],"version-history":[{"count":7,"href":"https:\/\/www.billin.net\/blog\/wp-json\/wp\/v2\/posts\/21054\/revisions"}],"predecessor-version":[{"id":26675,"href":"https:\/\/www.billin.net\/blog\/wp-json\/wp\/v2\/posts\/21054\/revisions\/26675"}],"wp:featuredmedia":[{"embeddable":true,"href":"https:\/\/www.billin.net\/blog\/wp-json\/wp\/v2\/media\/21055"}],"wp:attachment":[{"href":"https:\/\/www.billin.net\/blog\/wp-json\/wp\/v2\/media?parent=21054"}],"wp:term":[{"taxonomy":"category","embeddable":true,"href":"https:\/\/www.billin.net\/blog\/wp-json\/wp\/v2\/categories?post=21054"},{"taxonomy":"post_tag","embeddable":true,"href":"https:\/\/www.billin.net\/blog\/wp-json\/wp\/v2\/tags?post=21054"}],"curies":[{"name":"wp","href":"https:\/\/api.w.org\/{rel}","templated":true}]}}