{"id":21047,"date":"2023-09-04T00:00:00","date_gmt":"2023-09-03T22:00:00","guid":{"rendered":"https:\/\/www.billin.net\/blog\/?p=21047"},"modified":"2025-09-25T20:30:39","modified_gmt":"2025-09-25T18:30:39","slug":"sanciones-impago-iva-trimestral-autonomos","status":"publish","type":"post","link":"https:\/\/www.billin.net\/blog\/sanciones-impago-iva-trimestral-autonomos\/","title":{"rendered":"Informaci\u00f3n sobre sanciones por impago de IVA trimestral para aut\u00f3nomos"},"content":{"rendered":"<p>El IVA o Impuesto sobre el Valor A\u00f1adido es un impuesto indirecto de recaudaci\u00f3n del Estado que graba al consumo.<\/p>\n<p>Al ser indirecto, los agentes recaudadores son las empresas y aut\u00f3nomos y se transfiere al Estado a trav\u00e9s de declaraciones peri\u00f3dicas. \u00bfQu\u00e9 ocurre si no se hace?<\/p>\n<p>Te contamos a continuaci\u00f3n las posibles <strong>sanciones por impago del IVA trimestral para aut\u00f3nomos<\/strong>.<\/p>\n<p><!--more--><\/p>\n<h2>Sanciones a aut\u00f3nomos por no pagar IVA trimestral<\/h2>\n<p>Cuando se realiza una actividad econ\u00f3mica se tiene la obligaci\u00f3n de emitir una<strong> factura y aplicar el porcentaje de IVA<\/strong> correspondiente cuyo destinatario final es el Estado. Por lo tanto, los aut\u00f3nomos act\u00faan como recaudadores del impuesto en nombre del mismo.<\/p>\n<p>Para hacer llegar el dinero del impuesto recaudado a Hacienda, los aut\u00f3nomos deben realizar declaraciones trimestrales del IVA, en las que al IVA repercutido a sus clientes se descuenta el IVA que han soportado en sus compras a proveedores y colaboradores.<\/p>\n<p>La diferencia que resulta es lo que se liquida con Hacienda.<\/p>\n<p>La presentaci\u00f3n de la liquidaci\u00f3n se hace a trav\u00e9s del modelo 303 y siempre respaldado y justificado con las facturas tanto emitidas como recibidas. En el caso de que a\u00fan no existiera actividad, tambi\u00e9n tiene que hacerse la liquidaci\u00f3n, aunque solo se informe de las facturas recibidas y el IVA soportado, y se debe marcar la casilla \u201cSin Actividad\u201d.<\/p>\n<p>El pago del impuesto se hace en el mismo momento de la presentaci\u00f3n de la declaraci\u00f3n, salvo que se opte por el pago aplazado.<\/p>\n<p><strong>Si un aut\u00f3nomo no liquida el IVA puede ser por 2 motivos:<\/strong><\/p>\n<p>1. La actividad est\u00e9 no sujeta o exenta de IVA.<br \/>\n2. No se ha presentado la liquidaci\u00f3n (omisi\u00f3n).<\/p>\n<p>Si no se presenta la liquidaci\u00f3n, Hacienda aplicar\u00e1 <strong>sanciones por impago de IVA trimestral<\/strong> a aut\u00f3nomos que puede ser desde una peque\u00f1a multa como toque de atenci\u00f3n hasta el embargo de los bienes. Todo depende del motivo de la omisi\u00f3n de la declaraci\u00f3n.<\/p>\n<h3>Lo que debes saber sobre las sanciones por Impago del IVA trimestral<\/h3>\n<p><strong>Para Hacienda existe 2 motivos de infracci\u00f3n:<\/strong><\/p>\n<ul>\n<li>Por omisi\u00f3n involuntaria, por despiste en la fecha de presentaci\u00f3n o por desconocimiento<\/li>\n<li>Por omisi\u00f3n voluntaria, cuando no se presenta de manera consciente para intentar evitar el pago del impuesto.<\/li>\n<\/ul>\n<p>En cualquiera de los 2 casos, el siguiente paso de Hacienda es hacer constar en los registros al aut\u00f3nomo como \u201cNo declarante\u201d y enviarle una notificaci\u00f3n, inst\u00e1ndole a cumplir con la obligaci\u00f3n tributaria lo antes posible, dentro de un plazo espec\u00edfico se\u00f1alado y con un recargo adicional.<\/p>\n<p>Esta es una segunda oportunidad que Hacienda ofrece al aut\u00f3nomo para rectificar y cumplir con su obligaci\u00f3n.<\/p>\n<h2><img loading=\"lazy\" decoding=\"async\" class=\"aligncenter wp-image-21048 size-full\" src=\"https:\/\/www.billin.net\/blog\/wp-content\/uploads\/2023\/09\/sanciones-impago-autonomos-iva-trimestral.jpeg\" alt=\"sanciones impago autonomos iva trimestral\" width=\"1125\" height=\"750\" srcset=\"https:\/\/www.billin.net\/blog\/wp-content\/uploads\/2023\/09\/sanciones-impago-autonomos-iva-trimestral.jpeg 1125w, https:\/\/www.billin.net\/blog\/wp-content\/uploads\/2023\/09\/sanciones-impago-autonomos-iva-trimestral-300x200.jpeg 300w, https:\/\/www.billin.net\/blog\/wp-content\/uploads\/2023\/09\/sanciones-impago-autonomos-iva-trimestral-1024x683.jpeg 1024w, https:\/\/www.billin.net\/blog\/wp-content\/uploads\/2023\/09\/sanciones-impago-autonomos-iva-trimestral-768x512.jpeg 768w, https:\/\/www.billin.net\/blog\/wp-content\/uploads\/2023\/09\/sanciones-impago-autonomos-iva-trimestral-810x540.jpeg 810w\" sizes=\"(max-width: 1125px) 100vw, 1125px\" \/><br \/>\nConsecuencias del impago del IVA trimestral para aut\u00f3nomos<\/h2>\n<p>Como parte de la lucha contra el fraude fiscal, la Ley General Tributaria en los art\u00edculos 191-206 establece las sanciones por impago del IVA trimestral a aut\u00f3nomos, detallando las infracciones consideradas sancionables y las medidas que se deben aplicar a los infractores.<\/p>\n<p>Tambi\u00e9n se contemplan las penalizaciones que se aplicar\u00e1n en el caso de que la liquidaci\u00f3n se presente, pero no sea correcta.<\/p>\n<p>Como hemos dicho, el hecho de no declarar el IVA trimestral es algo sobre lo que Hacienda va a actuar, pero el c\u00f3mo lo haga depender\u00e1 de si ha sido algo puntual por omisi\u00f3n involuntaria o si, por el contrario, ha sido de manera consciente y voluntaria.<\/p>\n<p>Otro punto importante a tener en cuenta es que cuando no se liquida el IVA, adem\u00e1s de las sanciones econ\u00f3micas derivabas del impago del IVA, como no se regulariza la situaci\u00f3n del aut\u00f3nomo y sigue constando como \u201cNo declarante\u201d Hacienda generar\u00e1 una anotaci\u00f3n por Inconcurrente a Operaci\u00f3n IVA que le va a impedir realizar algunos tr\u00e1mites importantes.<\/p>\n<h2>Detalles de las sanciones por no pagar el IVA trimestral<\/h2>\n<p><strong>Las sanciones asociadas tendr\u00e1n como base la cuant\u00eda no ingresada y se califican como:<\/strong><\/p>\n<ul>\n<li><strong>Infracci\u00f3n leve:<\/strong> la sanci\u00f3n es multa proporcional del 50 %.<\/li>\n<li><strong>Infracci\u00f3n grave:<\/strong> la sanci\u00f3n es la multa proporcional del 50% al 100 %. El porcentaje m\u00ednimo se puede aumentar si hay perjuicio econ\u00f3mico a Hacienda o se han cometido infracciones de forma continuada.<\/li>\n<li><strong>Infracci\u00f3n muy grave:<\/strong> la sanci\u00f3n consistir\u00e1 en multa proporcional del 100% al 150 %.<\/li>\n<\/ul>\n<p>Adem\u00e1s, desde la <strong>entrada en vigor de la Ley 11\/2021<\/strong>, las penalizaciones por retraso en el pago del IVA para los aut\u00f3nomos se han reducido: el sistema de recargos aplica el 1% por cada mes completo de retraso sin intereses de demora.<\/p>\n<h2>C\u00f3mo evitar sanciones por no abonar el IVA trimestral<\/h2>\n<p>La liquidaci\u00f3n del IVA y el pago es obligatoria para todo tipo de empresas y aut\u00f3nomos, excepto para los que est\u00e9n legalmente reconocidos, bien por realizar actividades no sujetas a IVA o bien porque su actividad est\u00e9 exenta:<\/p>\n<ul>\n<li><strong>Actividades no sujetas:<\/strong> no tienen obligaci\u00f3n de tributar debido a su naturaleza.<\/li>\n<li><strong>Actividades exentas:<\/strong> la ley exime de la obligaci\u00f3n tributaria de aplicar y declarar IVA.<\/li>\n<\/ul>\n<p>Revisa si tu actividad econ\u00f3mica pertenece a uno de estos 2 grupos. En caso contrario, tienes la obligaci\u00f3n inexcusable de declarar, por lo que lo mejor que puedes hacer es seguir las siguientes recomendaciones.<\/p>\n<h2>Consejos para cumplir con el pago del IVA trimestral<\/h2>\n<p><strong>Para evitar encontrarte en la situaci\u00f3n de impago de IVA, te sugerimos tengas en cuenta las siguientes indicaciones:<\/strong><\/p>\n<p>1. Presentar la declaraci\u00f3n puntualmente y de manera correcta.<br \/>\n2. En caso de omisi\u00f3n involuntaria o retraso, justificar el hecho.<br \/>\n3. Si est\u00e1s fuera de plazo de presentaci\u00f3n, utilizar el procedimiento de regularizaci\u00f3n.<br \/>\n4. Si no es posible hacer una declaraci\u00f3n completa en el momento, elige hacerla por estimaci\u00f3n objetiva para poder regularizar la situaci\u00f3n posteriormente y evitar <strong>sanciones por impago del IVA trimestral a aut\u00f3nomos.<\/strong><br \/>\n5. Solicita la aplicaci\u00f3n del r\u00e9gimen de m\u00ednimos si tu actividad econ\u00f3mica es reducida. Si te la conceden estar\u00e1s eximido de la obligaci\u00f3n de presentar la declaraci\u00f3n de IVA.<br \/>\n6. Contratar los servicios de una gestor\u00eda o un experto en tributaci\u00f3n que te asesore y te ayude a cumplir con tus obligaciones tributarias.<\/p>\n<p>En el caso de <strong>no poder hacer frente al pago del IVA<\/strong>, lo m\u00e1s aconsejable es elegir la opci\u00f3n del pago fraccionado, que te permitir\u00e1 afrontar el pago de una forma m\u00e1s asequible y autorizada por Hacienda.<\/p>\n","protected":false},"excerpt":{"rendered":"<p>El IVA o Impuesto sobre el Valor A\u00f1adido es un impuesto indirecto de recaudaci\u00f3n del Estado que graba al consumo. Al ser indirecto, los agentes recaudadores son las empresas y aut\u00f3nomos y se transfiere al Estado a trav\u00e9s de declaraciones peri\u00f3dicas. \u00bfQu\u00e9 ocurre si no se hace? Te contamos a continuaci\u00f3n las posibles sanciones por [&hellip;]<\/p>\n","protected":false},"author":20,"featured_media":21048,"comment_status":"open","ping_status":"open","sticky":false,"template":"","format":"standard","meta":{"_acf_changed":false,"_et_pb_use_builder":"","_et_pb_old_content":"","_et_gb_content_width":"","om_disable_all_campaigns":false,"inline_featured_image":false,"footnotes":""},"categories":[1014],"tags":[1380],"class_list":{"0":"post-21047","1":"post","2":"type-post","3":"status-publish","4":"format-standard","5":"has-post-thumbnail","7":"category-fiscalidad","8":"tag-autonomos"},"acf":{"selector_de_usuario":"","fecha_de_revision":"20230906"},"yoast_head":"<!-- This site is optimized with the Yoast SEO plugin v27.1 - https:\/\/yoast.com\/product\/yoast-seo-wordpress\/ -->\n<title>Sanciones aut\u00f3nomos por impago IVA trimestral- TeamSystem Facturas Billin<\/title>\n<meta name=\"description\" content=\"En este art\u00edculo te contamos las posibles sanciones por impago del IVA trimestral para aut\u00f3nomos y todas las novedades sobre ello.\" \/>\n<meta name=\"robots\" content=\"index, follow, max-snippet:-1, max-image-preview:large, max-video-preview:-1\" \/>\n<link rel=\"canonical\" href=\"https:\/\/www.billin.net\/blog\/sanciones-impago-iva-trimestral-autonomos\/\" \/>\n<meta property=\"og:locale\" content=\"es_ES\" \/>\n<meta property=\"og:type\" content=\"article\" \/>\n<meta property=\"og:title\" content=\"Sanciones aut\u00f3nomos por impago IVA trimestral- TeamSystem Facturas Billin\" \/>\n<meta property=\"og:description\" content=\"En este art\u00edculo te contamos las posibles sanciones por impago del IVA trimestral para aut\u00f3nomos y todas las novedades sobre ello.\" \/>\n<meta property=\"og:url\" content=\"https:\/\/www.billin.net\/blog\/sanciones-impago-iva-trimestral-autonomos\/\" \/>\n<meta property=\"og:site_name\" content=\"Blog de TeamSystem Facturas Billin\" \/>\n<meta property=\"article:publisher\" content=\"https:\/\/www.facebook.com\/EsBillin\" \/>\n<meta property=\"article:published_time\" content=\"2023-09-03T22:00:00+00:00\" \/>\n<meta property=\"article:modified_time\" content=\"2025-09-25T18:30:39+00:00\" \/>\n<meta property=\"og:image\" content=\"https:\/\/www.billin.net\/blog\/wp-content\/uploads\/2023\/09\/sanciones-impago-autonomos-iva-trimestral.jpeg\" \/>\n\t<meta property=\"og:image:width\" content=\"1125\" \/>\n\t<meta property=\"og:image:height\" content=\"750\" \/>\n\t<meta property=\"og:image:type\" content=\"image\/jpeg\" \/>\n<meta name=\"author\" content=\"Marcos De La Cueva - CEO TeamSystem Facturas Billin\" \/>\n<meta name=\"twitter:card\" content=\"summary_large_image\" \/>\n<meta name=\"twitter:creator\" content=\"@Billin_ES\" \/>\n<meta name=\"twitter:site\" content=\"@Billin_ES\" \/>\n<meta name=\"twitter:label1\" content=\"Escrito por\" \/>\n\t<meta name=\"twitter:data1\" content=\"Marcos De La Cueva - CEO TeamSystem Facturas Billin\" \/>\n\t<meta name=\"twitter:label2\" content=\"Tiempo de lectura\" \/>\n\t<meta name=\"twitter:data2\" content=\"5 minutos\" \/>\n<script type=\"application\/ld+json\" class=\"yoast-schema-graph\">{\"@context\":\"https:\/\/schema.org\",\"@graph\":[{\"@type\":\"Article\",\"@id\":\"https:\/\/www.billin.net\/blog\/sanciones-impago-iva-trimestral-autonomos\/#article\",\"isPartOf\":{\"@id\":\"https:\/\/www.billin.net\/blog\/sanciones-impago-iva-trimestral-autonomos\/\"},\"author\":{\"name\":\"Marcos De La Cueva - CEO TeamSystem Facturas Billin\",\"@id\":\"https:\/\/www.billin.net\/blog\/#\/schema\/person\/d0339ee6e869234614541b1e80a793e7\"},\"headline\":\"Informaci\u00f3n sobre sanciones por impago de IVA trimestral para aut\u00f3nomos\",\"datePublished\":\"2023-09-03T22:00:00+00:00\",\"dateModified\":\"2025-09-25T18:30:39+00:00\",\"mainEntityOfPage\":{\"@id\":\"https:\/\/www.billin.net\/blog\/sanciones-impago-iva-trimestral-autonomos\/\"},\"wordCount\":1107,\"commentCount\":0,\"publisher\":{\"@id\":\"https:\/\/www.billin.net\/blog\/#organization\"},\"image\":{\"@id\":\"https:\/\/www.billin.net\/blog\/sanciones-impago-iva-trimestral-autonomos\/#primaryimage\"},\"thumbnailUrl\":\"https:\/\/www.billin.net\/blog\/wp-content\/uploads\/2023\/09\/sanciones-impago-autonomos-iva-trimestral.jpeg\",\"keywords\":[\"Aut\u00f3nomos\"],\"articleSection\":[\"Fiscalidad\"],\"inLanguage\":\"es\",\"potentialAction\":[{\"@type\":\"CommentAction\",\"name\":\"Comment\",\"target\":[\"https:\/\/www.billin.net\/blog\/sanciones-impago-iva-trimestral-autonomos\/#respond\"]}]},{\"@type\":\"WebPage\",\"@id\":\"https:\/\/www.billin.net\/blog\/sanciones-impago-iva-trimestral-autonomos\/\",\"url\":\"https:\/\/www.billin.net\/blog\/sanciones-impago-iva-trimestral-autonomos\/\",\"name\":\"Sanciones aut\u00f3nomos por impago IVA trimestral- TeamSystem Facturas Billin\",\"isPartOf\":{\"@id\":\"https:\/\/www.billin.net\/blog\/#website\"},\"primaryImageOfPage\":{\"@id\":\"https:\/\/www.billin.net\/blog\/sanciones-impago-iva-trimestral-autonomos\/#primaryimage\"},\"image\":{\"@id\":\"https:\/\/www.billin.net\/blog\/sanciones-impago-iva-trimestral-autonomos\/#primaryimage\"},\"thumbnailUrl\":\"https:\/\/www.billin.net\/blog\/wp-content\/uploads\/2023\/09\/sanciones-impago-autonomos-iva-trimestral.jpeg\",\"datePublished\":\"2023-09-03T22:00:00+00:00\",\"dateModified\":\"2025-09-25T18:30:39+00:00\",\"description\":\"En este art\u00edculo te contamos las posibles sanciones por impago del IVA trimestral para aut\u00f3nomos y todas las novedades sobre ello.\",\"breadcrumb\":{\"@id\":\"https:\/\/www.billin.net\/blog\/sanciones-impago-iva-trimestral-autonomos\/#breadcrumb\"},\"inLanguage\":\"es\",\"potentialAction\":[{\"@type\":\"ReadAction\",\"target\":[\"https:\/\/www.billin.net\/blog\/sanciones-impago-iva-trimestral-autonomos\/\"]}]},{\"@type\":\"ImageObject\",\"inLanguage\":\"es\",\"@id\":\"https:\/\/www.billin.net\/blog\/sanciones-impago-iva-trimestral-autonomos\/#primaryimage\",\"url\":\"https:\/\/www.billin.net\/blog\/wp-content\/uploads\/2023\/09\/sanciones-impago-autonomos-iva-trimestral.jpeg\",\"contentUrl\":\"https:\/\/www.billin.net\/blog\/wp-content\/uploads\/2023\/09\/sanciones-impago-autonomos-iva-trimestral.jpeg\",\"width\":1125,\"height\":750,\"caption\":\"sanciones impago autonomos iva trimestral\"},{\"@type\":\"BreadcrumbList\",\"@id\":\"https:\/\/www.billin.net\/blog\/sanciones-impago-iva-trimestral-autonomos\/#breadcrumb\",\"itemListElement\":[{\"@type\":\"ListItem\",\"position\":1,\"name\":\"Blog\",\"item\":\"https:\/\/www.billin.net\/blog\/\"},{\"@type\":\"ListItem\",\"position\":2,\"name\":\"Fiscalidad\",\"item\":\"https:\/\/www.billin.net\/blog\/fiscalidad\/\"},{\"@type\":\"ListItem\",\"position\":3,\"name\":\"Informaci\u00f3n sobre sanciones por impago de IVA trimestral para aut\u00f3nomos\"}]},{\"@type\":\"WebSite\",\"@id\":\"https:\/\/www.billin.net\/blog\/#website\",\"url\":\"https:\/\/www.billin.net\/blog\/\",\"name\":\"Blog de Billin\",\"description\":\"Mantente informado con el blog de TeamSystem Facturas Billin:  facturaci\u00f3n, legislaci\u00f3n, contabilidad, management y toda la informaci\u00f3n \u00fatil para pymes y aut\u00f3nomos.\",\"publisher\":{\"@id\":\"https:\/\/www.billin.net\/blog\/#organization\"},\"potentialAction\":[{\"@type\":\"SearchAction\",\"target\":{\"@type\":\"EntryPoint\",\"urlTemplate\":\"https:\/\/www.billin.net\/blog\/?s={search_term_string}\"},\"query-input\":{\"@type\":\"PropertyValueSpecification\",\"valueRequired\":true,\"valueName\":\"search_term_string\"}}],\"inLanguage\":\"es\"},{\"@type\":\"Organization\",\"@id\":\"https:\/\/www.billin.net\/blog\/#organization\",\"name\":\"Billin\",\"alternateName\":\"Blog de Billin\",\"url\":\"https:\/\/www.billin.net\/blog\/\",\"logo\":{\"@type\":\"ImageObject\",\"inLanguage\":\"es\",\"@id\":\"https:\/\/www.billin.net\/blog\/#\/schema\/logo\/image\/\",\"url\":\"https:\/\/www.billin.net\/blog\/wp-content\/uploads\/2019\/06\/logotipo-billin-blog-1.png\",\"contentUrl\":\"https:\/\/www.billin.net\/blog\/wp-content\/uploads\/2019\/06\/logotipo-billin-blog-1.png\",\"width\":126,\"height\":50,\"caption\":\"Billin\"},\"image\":{\"@id\":\"https:\/\/www.billin.net\/blog\/#\/schema\/logo\/image\/\"},\"sameAs\":[\"https:\/\/www.facebook.com\/EsBillin\",\"https:\/\/x.com\/Billin_ES\",\"https:\/\/www.instagram.com\/billin_es\/\",\"https:\/\/www.linkedin.com\/company\/billin-spain\",\"https:\/\/www.youtube.com\/c\/BillinEsintercambiodefacturas\/\"],\"legalName\":\"MY EXPENSES SL\",\"contactPoint\":{\"@type\":\"ContactPoint\",\"telephone\":\"+34918318883\",\"contactType\":\"customer service\",\"email\":\"info@billin.eu\",\"availableLanguage\":\"es\"},\"foundingDate\":\"2015\",\"numberOfEmployees\":{\"@type\":\"QuantitativeValue\",\"minValue\":10,\"maxValue\":50},\"parentOrganization\":{\"@type\":\"Organization\",\"name\":\"TeamSystem\",\"url\":\"https:\/\/www.teamsystem.com\/\"},\"description\":\"Billin es el programa de facturaci\u00f3n online de TeamSystem para aut\u00f3nomos y pymes en Espa\u00f1a. Permite crear facturas, controlar gastos y cumplir con Verifactu.\",\"address\":{\"@type\":\"PostalAddress\",\"streetAddress\":\"Calle Arturo Soria, 336\",\"addressLocality\":\"Madrid\",\"addressRegion\":\"Madrid\",\"postalCode\":\"28033\",\"addressCountry\":\"ES\"}},{\"@type\":\"Person\",\"@id\":\"https:\/\/www.billin.net\/blog\/#\/schema\/person\/d0339ee6e869234614541b1e80a793e7\",\"name\":\"Marcos De La Cueva - CEO TeamSystem Facturas Billin\",\"image\":{\"@type\":\"ImageObject\",\"inLanguage\":\"es\",\"@id\":\"https:\/\/www.billin.net\/blog\/#\/schema\/person\/image\/\",\"url\":\"https:\/\/www.billin.net\/blog\/wp-content\/uploads\/2023\/10\/marcos-color-150x150.png\",\"contentUrl\":\"https:\/\/www.billin.net\/blog\/wp-content\/uploads\/2023\/10\/marcos-color-150x150.png\",\"caption\":\"Marcos De La Cueva - CEO TeamSystem Facturas Billin\"},\"description\":\"Licenciado en ADE por la Universidad Aut\u00f3noma de Madrid, Marcos De la Cueva es CEO y cofundador de TeamSystem Facturas Billin, un programa online que lleva m\u00e1s de 9 a\u00f1os ayudando a aut\u00f3nomos, peque\u00f1os negocios y gestor\u00edas a digitalizar sus presupuestos, facturas, tickets y gastos. \u00a0 Sobre Marcos De La Cueva \u00a0 Apasionado por el mundo empresarial y la tecnolog\u00eda, curs\u00f3 su M\u00e1ster de Finanzas en la Universidad Pontificia de Comillas y estuvo en el Programa de Cooperaci\u00f3n Educativa de la Universidad Aut\u00f3noma de Madrid. \u00a0 Marcos siempre ha tenido su objetivo claro: ayudar a la creaci\u00f3n de negocios financieramente sostenibles a trav\u00e9s de una herramienta de facturaci\u00f3n que les permita ahorrar tiempo y tener la contabilidad bajo control. \u00a0 Marcos De La Cueva en los medios \u2014 Noticia sobre Kit Digital y Ley Antifraude (VeriFactu) en El Economista. \u2014 Noticia sobre Kit Digital y factura electr\u00f3nica obligatoria en Diario Jur\u00eddico. \u2014 Noticia sobre el a\u00f1o de transici\u00f3n para la factura electr\u00f3nica en Muy Pymes. \u2014 Entrevista sobre factura electr\u00f3nica obligatoria en Canal Sur. \u2014 Noticia sobre el informe factura electr\u00f3nica de TeamSystem en Channel Partner. \u2014 Charla sobre productividad y Ley Crea y Crece en El Economista. \u2014 Charla sobre factura electr\u00f3nica obligatoria en Muy Pymes. \u2014 Charla sobre digitalizaci\u00f3n aut\u00f3nomos y productividad en esdiario. \u2014 Charla sobre productividad y factura electr\u00f3nica en La Raz\u00f3n. \u2014 Charla sobre factura electr\u00f3nica obligatoria en Aut\u00f3nomos y Emprendedores. \u2014 Entrevista sobre Ley Antifraude y Ley Crea y Crece en Expansi\u00f3n. \u2014 Entrevista sobre Ley Antifraude y Ley Crea y Crece en La Raz\u00f3n. \u2014 Entrevista sobre factura electr\u00f3nica obligatoria en El Economista. \u2014 Comunicado Billin y TeamSystem en Business Insider. \u2014 Entrevista en Econom\u00eda Digital. \u2014 Entrevista en Ideas para tu empresa de Vodafone. \u2014 Entrevista en M\u00e1sQradio. \u2014 Entrevista en Armas para emprender de El M\u00e9todo Gallardo. \u2014 Entrevista en KFund. \u2014 Entrevista en AXA Seguros Espa\u00f1a. \u2014 Entrevista en GestionaRadio. \u00a0 Marcos De La Cueva en eventos \u00a0 \u2014 Participaci\u00f3n como ponente en Accountex Espa\u00f1a 2023. \u00a0 Tem\u00e1ticas de especializaci\u00f3n \u00a0 negocios | startups | contabilidad| fiscalidad | empresas| asesor\u00edas| autonomos | emprendedores | peque\u00f1os negocios | econom\u00eda | ADE | pymes | desarrollo de negocio\u00a0\",\"sameAs\":[\"https:\/\/www.billin.net\/\",\"https:\/\/www.linkedin.com\/in\/marcos-de-la-cueva-19750ba3\/\"],\"url\":\"https:\/\/www.billin.net\/blog\/author\/marcosdelacueva\/\",\"jobTitle\":\"CEO y cofundador de TS Facturas Billin\"}]}<\/script>\n<!-- \/ Yoast SEO plugin. -->","yoast_head_json":{"title":"Sanciones aut\u00f3nomos por impago IVA trimestral- TeamSystem Facturas Billin","description":"En este art\u00edculo te contamos las posibles sanciones por impago del IVA trimestral para aut\u00f3nomos y todas las novedades sobre ello.","robots":{"index":"index","follow":"follow","max-snippet":"max-snippet:-1","max-image-preview":"max-image-preview:large","max-video-preview":"max-video-preview:-1"},"canonical":"https:\/\/www.billin.net\/blog\/sanciones-impago-iva-trimestral-autonomos\/","og_locale":"es_ES","og_type":"article","og_title":"Sanciones aut\u00f3nomos por impago IVA trimestral- TeamSystem Facturas Billin","og_description":"En este art\u00edculo te contamos las posibles sanciones por impago del IVA trimestral para aut\u00f3nomos y todas las novedades sobre ello.","og_url":"https:\/\/www.billin.net\/blog\/sanciones-impago-iva-trimestral-autonomos\/","og_site_name":"Blog de TeamSystem Facturas Billin","article_publisher":"https:\/\/www.facebook.com\/EsBillin","article_published_time":"2023-09-03T22:00:00+00:00","article_modified_time":"2025-09-25T18:30:39+00:00","og_image":[{"width":1125,"height":750,"url":"https:\/\/www.billin.net\/blog\/wp-content\/uploads\/2023\/09\/sanciones-impago-autonomos-iva-trimestral.jpeg","type":"image\/jpeg"}],"author":"Marcos De La Cueva - CEO TeamSystem Facturas Billin","twitter_card":"summary_large_image","twitter_creator":"@Billin_ES","twitter_site":"@Billin_ES","twitter_misc":{"Escrito por":"Marcos De La Cueva - CEO TeamSystem Facturas Billin","Tiempo de lectura":"5 minutos"},"schema":{"@context":"https:\/\/schema.org","@graph":[{"@type":"Article","@id":"https:\/\/www.billin.net\/blog\/sanciones-impago-iva-trimestral-autonomos\/#article","isPartOf":{"@id":"https:\/\/www.billin.net\/blog\/sanciones-impago-iva-trimestral-autonomos\/"},"author":{"name":"Marcos De La Cueva - CEO TeamSystem Facturas Billin","@id":"https:\/\/www.billin.net\/blog\/#\/schema\/person\/d0339ee6e869234614541b1e80a793e7"},"headline":"Informaci\u00f3n sobre sanciones por impago de IVA trimestral para aut\u00f3nomos","datePublished":"2023-09-03T22:00:00+00:00","dateModified":"2025-09-25T18:30:39+00:00","mainEntityOfPage":{"@id":"https:\/\/www.billin.net\/blog\/sanciones-impago-iva-trimestral-autonomos\/"},"wordCount":1107,"commentCount":0,"publisher":{"@id":"https:\/\/www.billin.net\/blog\/#organization"},"image":{"@id":"https:\/\/www.billin.net\/blog\/sanciones-impago-iva-trimestral-autonomos\/#primaryimage"},"thumbnailUrl":"https:\/\/www.billin.net\/blog\/wp-content\/uploads\/2023\/09\/sanciones-impago-autonomos-iva-trimestral.jpeg","keywords":["Aut\u00f3nomos"],"articleSection":["Fiscalidad"],"inLanguage":"es","potentialAction":[{"@type":"CommentAction","name":"Comment","target":["https:\/\/www.billin.net\/blog\/sanciones-impago-iva-trimestral-autonomos\/#respond"]}]},{"@type":"WebPage","@id":"https:\/\/www.billin.net\/blog\/sanciones-impago-iva-trimestral-autonomos\/","url":"https:\/\/www.billin.net\/blog\/sanciones-impago-iva-trimestral-autonomos\/","name":"Sanciones aut\u00f3nomos por impago IVA trimestral- TeamSystem Facturas Billin","isPartOf":{"@id":"https:\/\/www.billin.net\/blog\/#website"},"primaryImageOfPage":{"@id":"https:\/\/www.billin.net\/blog\/sanciones-impago-iva-trimestral-autonomos\/#primaryimage"},"image":{"@id":"https:\/\/www.billin.net\/blog\/sanciones-impago-iva-trimestral-autonomos\/#primaryimage"},"thumbnailUrl":"https:\/\/www.billin.net\/blog\/wp-content\/uploads\/2023\/09\/sanciones-impago-autonomos-iva-trimestral.jpeg","datePublished":"2023-09-03T22:00:00+00:00","dateModified":"2025-09-25T18:30:39+00:00","description":"En este art\u00edculo te contamos las posibles sanciones por impago del IVA trimestral para aut\u00f3nomos y todas las novedades sobre ello.","breadcrumb":{"@id":"https:\/\/www.billin.net\/blog\/sanciones-impago-iva-trimestral-autonomos\/#breadcrumb"},"inLanguage":"es","potentialAction":[{"@type":"ReadAction","target":["https:\/\/www.billin.net\/blog\/sanciones-impago-iva-trimestral-autonomos\/"]}]},{"@type":"ImageObject","inLanguage":"es","@id":"https:\/\/www.billin.net\/blog\/sanciones-impago-iva-trimestral-autonomos\/#primaryimage","url":"https:\/\/www.billin.net\/blog\/wp-content\/uploads\/2023\/09\/sanciones-impago-autonomos-iva-trimestral.jpeg","contentUrl":"https:\/\/www.billin.net\/blog\/wp-content\/uploads\/2023\/09\/sanciones-impago-autonomos-iva-trimestral.jpeg","width":1125,"height":750,"caption":"sanciones impago autonomos iva trimestral"},{"@type":"BreadcrumbList","@id":"https:\/\/www.billin.net\/blog\/sanciones-impago-iva-trimestral-autonomos\/#breadcrumb","itemListElement":[{"@type":"ListItem","position":1,"name":"Blog","item":"https:\/\/www.billin.net\/blog\/"},{"@type":"ListItem","position":2,"name":"Fiscalidad","item":"https:\/\/www.billin.net\/blog\/fiscalidad\/"},{"@type":"ListItem","position":3,"name":"Informaci\u00f3n sobre sanciones por impago de IVA trimestral para aut\u00f3nomos"}]},{"@type":"WebSite","@id":"https:\/\/www.billin.net\/blog\/#website","url":"https:\/\/www.billin.net\/blog\/","name":"Blog de Billin","description":"Mantente informado con el blog de TeamSystem Facturas Billin:  facturaci\u00f3n, legislaci\u00f3n, contabilidad, management y toda la informaci\u00f3n \u00fatil para pymes y aut\u00f3nomos.","publisher":{"@id":"https:\/\/www.billin.net\/blog\/#organization"},"potentialAction":[{"@type":"SearchAction","target":{"@type":"EntryPoint","urlTemplate":"https:\/\/www.billin.net\/blog\/?s={search_term_string}"},"query-input":{"@type":"PropertyValueSpecification","valueRequired":true,"valueName":"search_term_string"}}],"inLanguage":"es"},{"@type":"Organization","@id":"https:\/\/www.billin.net\/blog\/#organization","name":"Billin","alternateName":"Blog de Billin","url":"https:\/\/www.billin.net\/blog\/","logo":{"@type":"ImageObject","inLanguage":"es","@id":"https:\/\/www.billin.net\/blog\/#\/schema\/logo\/image\/","url":"https:\/\/www.billin.net\/blog\/wp-content\/uploads\/2019\/06\/logotipo-billin-blog-1.png","contentUrl":"https:\/\/www.billin.net\/blog\/wp-content\/uploads\/2019\/06\/logotipo-billin-blog-1.png","width":126,"height":50,"caption":"Billin"},"image":{"@id":"https:\/\/www.billin.net\/blog\/#\/schema\/logo\/image\/"},"sameAs":["https:\/\/www.facebook.com\/EsBillin","https:\/\/x.com\/Billin_ES","https:\/\/www.instagram.com\/billin_es\/","https:\/\/www.linkedin.com\/company\/billin-spain","https:\/\/www.youtube.com\/c\/BillinEsintercambiodefacturas\/"],"legalName":"MY EXPENSES SL","contactPoint":{"@type":"ContactPoint","telephone":"+34918318883","contactType":"customer service","email":"info@billin.eu","availableLanguage":"es"},"foundingDate":"2015","numberOfEmployees":{"@type":"QuantitativeValue","minValue":10,"maxValue":50},"parentOrganization":{"@type":"Organization","name":"TeamSystem","url":"https:\/\/www.teamsystem.com\/"},"description":"Billin es el programa de facturaci\u00f3n online de TeamSystem para aut\u00f3nomos y pymes en Espa\u00f1a. Permite crear facturas, controlar gastos y cumplir con Verifactu.","address":{"@type":"PostalAddress","streetAddress":"Calle Arturo Soria, 336","addressLocality":"Madrid","addressRegion":"Madrid","postalCode":"28033","addressCountry":"ES"}},{"@type":"Person","@id":"https:\/\/www.billin.net\/blog\/#\/schema\/person\/d0339ee6e869234614541b1e80a793e7","name":"Marcos De La Cueva - CEO TeamSystem Facturas Billin","image":{"@type":"ImageObject","inLanguage":"es","@id":"https:\/\/www.billin.net\/blog\/#\/schema\/person\/image\/","url":"https:\/\/www.billin.net\/blog\/wp-content\/uploads\/2023\/10\/marcos-color-150x150.png","contentUrl":"https:\/\/www.billin.net\/blog\/wp-content\/uploads\/2023\/10\/marcos-color-150x150.png","caption":"Marcos De La Cueva - CEO TeamSystem Facturas Billin"},"description":"Licenciado en ADE por la Universidad Aut\u00f3noma de Madrid, Marcos De la Cueva es CEO y cofundador de TeamSystem Facturas Billin, un programa online que lleva m\u00e1s de 9 a\u00f1os ayudando a aut\u00f3nomos, peque\u00f1os negocios y gestor\u00edas a digitalizar sus presupuestos, facturas, tickets y gastos. \u00a0 Sobre Marcos De La Cueva \u00a0 Apasionado por el mundo empresarial y la tecnolog\u00eda, curs\u00f3 su M\u00e1ster de Finanzas en la Universidad Pontificia de Comillas y estuvo en el Programa de Cooperaci\u00f3n Educativa de la Universidad Aut\u00f3noma de Madrid. \u00a0 Marcos siempre ha tenido su objetivo claro: ayudar a la creaci\u00f3n de negocios financieramente sostenibles a trav\u00e9s de una herramienta de facturaci\u00f3n que les permita ahorrar tiempo y tener la contabilidad bajo control. \u00a0 Marcos De La Cueva en los medios \u2014 Noticia sobre Kit Digital y Ley Antifraude (VeriFactu) en El Economista. \u2014 Noticia sobre Kit Digital y factura electr\u00f3nica obligatoria en Diario Jur\u00eddico. \u2014 Noticia sobre el a\u00f1o de transici\u00f3n para la factura electr\u00f3nica en Muy Pymes. \u2014 Entrevista sobre factura electr\u00f3nica obligatoria en Canal Sur. \u2014 Noticia sobre el informe factura electr\u00f3nica de TeamSystem en Channel Partner. \u2014 Charla sobre productividad y Ley Crea y Crece en El Economista. \u2014 Charla sobre factura electr\u00f3nica obligatoria en Muy Pymes. \u2014 Charla sobre digitalizaci\u00f3n aut\u00f3nomos y productividad en esdiario. \u2014 Charla sobre productividad y factura electr\u00f3nica en La Raz\u00f3n. \u2014 Charla sobre factura electr\u00f3nica obligatoria en Aut\u00f3nomos y Emprendedores. \u2014 Entrevista sobre Ley Antifraude y Ley Crea y Crece en Expansi\u00f3n. \u2014 Entrevista sobre Ley Antifraude y Ley Crea y Crece en La Raz\u00f3n. \u2014 Entrevista sobre factura electr\u00f3nica obligatoria en El Economista. \u2014 Comunicado Billin y TeamSystem en Business Insider. \u2014 Entrevista en Econom\u00eda Digital. \u2014 Entrevista en Ideas para tu empresa de Vodafone. \u2014 Entrevista en M\u00e1sQradio. \u2014 Entrevista en Armas para emprender de El M\u00e9todo Gallardo. \u2014 Entrevista en KFund. \u2014 Entrevista en AXA Seguros Espa\u00f1a. \u2014 Entrevista en GestionaRadio. \u00a0 Marcos De La Cueva en eventos \u00a0 \u2014 Participaci\u00f3n como ponente en Accountex Espa\u00f1a 2023. \u00a0 Tem\u00e1ticas de especializaci\u00f3n \u00a0 negocios | startups | contabilidad| fiscalidad | empresas| asesor\u00edas| autonomos | emprendedores | peque\u00f1os negocios | econom\u00eda | ADE | pymes | desarrollo de negocio\u00a0","sameAs":["https:\/\/www.billin.net\/","https:\/\/www.linkedin.com\/in\/marcos-de-la-cueva-19750ba3\/"],"url":"https:\/\/www.billin.net\/blog\/author\/marcosdelacueva\/","jobTitle":"CEO y cofundador de TS Facturas Billin"}]}},"_links":{"self":[{"href":"https:\/\/www.billin.net\/blog\/wp-json\/wp\/v2\/posts\/21047","targetHints":{"allow":["GET"]}}],"collection":[{"href":"https:\/\/www.billin.net\/blog\/wp-json\/wp\/v2\/posts"}],"about":[{"href":"https:\/\/www.billin.net\/blog\/wp-json\/wp\/v2\/types\/post"}],"author":[{"embeddable":true,"href":"https:\/\/www.billin.net\/blog\/wp-json\/wp\/v2\/users\/20"}],"replies":[{"embeddable":true,"href":"https:\/\/www.billin.net\/blog\/wp-json\/wp\/v2\/comments?post=21047"}],"version-history":[{"count":7,"href":"https:\/\/www.billin.net\/blog\/wp-json\/wp\/v2\/posts\/21047\/revisions"}],"predecessor-version":[{"id":26677,"href":"https:\/\/www.billin.net\/blog\/wp-json\/wp\/v2\/posts\/21047\/revisions\/26677"}],"wp:featuredmedia":[{"embeddable":true,"href":"https:\/\/www.billin.net\/blog\/wp-json\/wp\/v2\/media\/21048"}],"wp:attachment":[{"href":"https:\/\/www.billin.net\/blog\/wp-json\/wp\/v2\/media?parent=21047"}],"wp:term":[{"taxonomy":"category","embeddable":true,"href":"https:\/\/www.billin.net\/blog\/wp-json\/wp\/v2\/categories?post=21047"},{"taxonomy":"post_tag","embeddable":true,"href":"https:\/\/www.billin.net\/blog\/wp-json\/wp\/v2\/tags?post=21047"}],"curies":[{"name":"wp","href":"https:\/\/api.w.org\/{rel}","templated":true}]}}