{"id":20900,"date":"2023-08-28T10:40:58","date_gmt":"2023-08-28T08:40:58","guid":{"rendered":"https:\/\/www.billin.net\/blog\/?p=20900"},"modified":"2025-09-25T20:30:43","modified_gmt":"2025-09-25T18:30:43","slug":"cuesta-autonomos-septiembre","status":"publish","type":"post","link":"https:\/\/www.billin.net\/blog\/cuesta-autonomos-septiembre\/","title":{"rendered":"Los impuestos que deber\u00e1n pagar los aut\u00f3nomos a partir de septiembre"},"content":{"rendered":"<p>En septiembre se vuelve al cole y a las rutinas, y comienza el a\u00f1o laboral para los negocios: nuevos proyectos, estrategias, campa\u00f1as comerciales, etc.<\/p>\n<p>A nivel impositivo, septiembre tambi\u00e9n es mes intenso para los trabajadores por cuenta propia, ya que se deben preparar para la presentaci\u00f3n de los impuestos del tercer trimestre de aut\u00f3nomos con el arranque de octubre.<\/p>\n<p>Veamos c\u00f3mo superar la cuesta de septiembre para aut\u00f3nomos.<\/p>\n<p><img loading=\"lazy\" decoding=\"async\" class=\"aligncenter wp-image-20902 size-full\" src=\"https:\/\/www.billin.net\/blog\/wp-content\/uploads\/2023\/08\/Impuestos-autonomos-septiembre.jpeg\" alt=\"Cuesta de septiembre aut\u00f3nomos\" width=\"1125\" height=\"750\" srcset=\"https:\/\/www.billin.net\/blog\/wp-content\/uploads\/2023\/08\/Impuestos-autonomos-septiembre.jpeg 1125w, https:\/\/www.billin.net\/blog\/wp-content\/uploads\/2023\/08\/Impuestos-autonomos-septiembre-300x200.jpeg 300w, https:\/\/www.billin.net\/blog\/wp-content\/uploads\/2023\/08\/Impuestos-autonomos-septiembre-1024x683.jpeg 1024w, https:\/\/www.billin.net\/blog\/wp-content\/uploads\/2023\/08\/Impuestos-autonomos-septiembre-768x512.jpeg 768w, https:\/\/www.billin.net\/blog\/wp-content\/uploads\/2023\/08\/Impuestos-autonomos-septiembre-810x540.jpeg 810w\" sizes=\"(max-width: 1125px) 100vw, 1125px\" \/><\/p>\n<p><!--more--><\/p>\n<h2>Qu\u00e9 modelos deben presentar los aut\u00f3nomos en septiembre<\/h2>\n<p>Cuando nos referimos a la <strong>cuesta de septiembre para aut\u00f3nomos<\/strong> hablamos con la vista puesta en las obligaciones de estos con Hacienda al finalizar septiembre.<\/p>\n<p>Entre las obligaciones m\u00e1s temerosas est\u00e1 la declaraci\u00f3n de <strong>IVA de los aut\u00f3nomos<\/strong>, a trav\u00e9s del modelo 303, pero existen otros modelos tributarios para cuya presentaci\u00f3n tienen que ir prepar\u00e1ndose los aut\u00f3nomos en octubre:<\/p>\n<ul>\n<li>Modelos 592.<\/li>\n<li>Modelo 349.<\/li>\n<li>Modelo 111.<\/li>\n<li>Modelo 115.<\/li>\n<\/ul>\n<p>Los per\u00edodos que devengados ser\u00e1n mensuales o trimestrales seg\u00fan las caracter\u00edsticas del sujeto pasivo.<\/p>\n<h3>Modelo 592<\/h3>\n<p>Es el I<strong>mpuesto especial sobre los envases de pl\u00e1stico no reutilizables<\/strong> que entr\u00f3 en vigor con fecha del 1 de enero de 2023 por la aplicaci\u00f3n la Ley de Residuos y Suelos Contaminados para una Econom\u00eda Circular 7\/2022.<\/p>\n<p><strong>Es un impuesto indirecto cuyo hecho imponible es:<\/strong><\/p>\n<ul>\n<li>La fabricaci\u00f3n de envases.<\/li>\n<li>La importaci\u00f3n de envases.<\/li>\n<li>La adquisici\u00f3n intracomunitaria de envases.<\/li>\n<li>La introducci\u00f3n irregular de envases, que es cuando no se puede saber si su origen procede de alguno de los hechos anteriores, incluida la adquisici\u00f3n nacional.<\/li>\n<\/ul>\n<p><strong>En la Orden HFP\/1314\/2022 tambi\u00e9n se indica que:<\/strong><\/p>\n<p>&#8211; Hay que estar inscrito en el <a href=\"https:\/\/sede.agenciatributaria.gob.es\/Sede\/impuestos-especiales-medioambientales\/registros-territoriales-impuestos-especiales-medioambientales\/registro-territorial-impuesto-especial-sobre-plastico.html\">Registro Territorial del Impuesto especial sobre los envases de pl\u00e1stico no reutilizables<\/a><br \/>\n&#8211; Los fabricantes de envases tienen que llevar una contabilidad de los productos objeto del impuesto (anexo V)<br \/>\n&#8211; Los adquirientes intracomunitarios se tienen que inscribir en el registro territorial y llevar un libro registro de existencias anexo V)<\/p>\n<p><strong>El periodo de<a href=\"https:\/\/sede.agenciatributaria.gob.es\/Sede\/impuestos-especiales-medioambientales\/impuesto-especial-sobre-envases-plastico-reutilizables\/liquidacion-pago-impuesto-inscripcion-obligaciones-contables___\/plazos-presentacion-pago.html#:~:text=El%20plazo%20para%20presentar%20la,periodo%20de%20liquidaci%C3%B3n%20que%20corresponda.\"> liquidaci\u00f3n del modelo 592<\/a> coincide la liquidaci\u00f3n del IVA (trimestral o mensual):<\/strong><\/p>\n<ul>\n<li>Del 1 al 15 si el pago est\u00e1 domiciliado.<\/li>\n<li>Del 1 al 20 si no est\u00e1 domiciliado.<\/li>\n<\/ul>\n<p>La presentaci\u00f3n se realiza obligatoriamente v\u00eda telem\u00e1tica en la <strong>sede electr\u00f3nica de la Agencia Tributaria<\/strong>.<\/p>\n<h3>Modelo 349<\/h3>\n<p>El <strong>modelo 349 (art. 79 del IVA)<\/strong> es la <em>\u201cDeclaraci\u00f3n recapitulativa de operaciones intracomunitarias\u201d<\/em> recoge las compras o ventas de productos o servicios que se realizan entre estados miembros de la Uni\u00f3n Europea y se debe tener en NIF Comunitario y estar dado de alta en el Registro de Operaciones Intracomunitarias (ROI).<\/p>\n<p><strong>El devengo del modelo 349 depender\u00e1 del importe total de operaciones si:<\/strong><\/p>\n<ul>\n<li>Es mayor a 50.000 \u20ac =&gt; mensual o trimestral.<\/li>\n<li>El a\u00f1o anterior es menor a 35.000 \u20ac y el de bienes exentos menor de 15.000 \u20ac =&gt; anual.<\/li>\n<\/ul>\n<p><strong>El per\u00edodo de <a href=\"https:\/\/sede.agenciatributaria.gob.es\/Sede\/procedimientoini\/GI28.shtml\">liquidaci\u00f3n del modelo 349<\/a> es del 1 y el 20 del mes siguiente al per\u00edodo declarado y se puede presentar de forma telem\u00e1tica con DNI o certificado electr\u00f3nico:<\/strong><\/p>\n<ul>\n<li>A trav\u00e9s de la Oficina Virtual de Hacienda o,<\/li>\n<li>Mediante un software de contabilidad que te permita el c\u00e1lculo, la descarga y la importaci\u00f3n del fichero desde tu ordenador al sistema de Hacienda.<\/li>\n<\/ul>\n<h3>Modelo 111<\/h3>\n<p>Este modelo es para declarar y liquidar las retenciones de IRPF practicadas a trabajadores, profesionales o empresarios en la realizaci\u00f3n de la actividad.<\/p>\n<p><strong>Es obligatorio presentar el modelo 111 si se han practicado retenciones sobre:<\/strong><\/p>\n<ul>\n<li>Rendimientos de trabajo de empleados, aunque los trabajadores tengan IRPF O.<\/li>\n<li>Rendimientos actividades econ\u00f3micas.<\/li>\n<li>Rendimientos por propiedad intelectual, industrial, derechos de imagen, etc.<\/li>\n<li>Premios de juegos, rifas o concursos.<\/li>\n<li>Ganancias patrimoniales por aprovechamiento forestal en montes p\u00fablicos.<\/li>\n<\/ul>\n<p>En el caso de recibir facturas de profesionales sin retenci\u00f3n de IRPF, no hay que presentarlo.<\/p>\n<p>La <strong>presentaci\u00f3n se debe hacer de manera electr\u00f3nica<\/strong>, a trav\u00e9s de internet, con firma electr\u00f3nica avanzada o un sistema de identificaci\u00f3n y autenticaci\u00f3n mediante certificado electr\u00f3nico.<\/p>\n<p>El modelo 111 se devenga trimestralmente, aunque si el presupuesto anual es mayor a 6 millones de euros se podr\u00e1 hacer mensual.<br \/>\nEl plazo de <a href=\"https:\/\/sede.agenciatributaria.gob.es\/Sede\/procedimientoini\/GH01.shtml\">presentaci\u00f3n del modelo 111<\/a> es del 1 al 20 del mes siguiente al per\u00edodo de devengo.<\/p>\n<h3>Modelo 115<\/h3>\n<p>Cuando se alquila un local comercial u oficinas en un inmueble urbano para realizar una actividad econ\u00f3mica, el arrendatario est\u00e1 obligado a presentar este modelo por las retenciones aplicadas en la factura se practican sobre el pago del alquiler. Las plazas de garaje alquiladas tambi\u00e9n deber\u00e1n incluirse.<\/p>\n<p><strong>Este modelo se debe prestar siempre que alquilas, aunque el arrendador sea un particular y no indique el IRPF en la factura, salvo que:<\/strong><\/p>\n<ul>\n<li>El arrendador entrega un certificado de exenci\u00f3n por parte de la Agencia Tributaria al estar incluido en el ep\u00edgrafe de actividad 861 del IAE.<\/li>\n<li>Si el alquiler es de parcela r\u00fastica.<\/li>\n<li>Si el alquiler no supera los 900 euros anuales con el mismo arrendador.<\/li>\n<li>Si se trata de arrendamientos financieros.<\/li>\n<\/ul>\n<p><strong>El <a href=\"https:\/\/sede.agenciatributaria.gob.es\/Sede\/procedimientoini\/GH02.shtml\">modelo 115 se liquida<\/a> trimestralmente del 1 al 20 del mes siguiente y se puede prestar de 2 formas:<\/strong><\/p>\n<ul>\n<li>Presentaci\u00f3n electr\u00f3nica por Internet (con certificado y firma no avanzada).<\/li>\n<li>En papel impreso generado exclusivamente por el servicio de impresi\u00f3n desarrollado por la AEAT en Sede Electr\u00f3nica.<\/li>\n<\/ul>\n<h2>Pr\u00f3ximas fechas que los aut\u00f3nomos deben tener en cuenta<\/h2>\n<p>Septiembre llama a la puerta de los aut\u00f3nomos para que a la vuelta del verano, y con el arranque del oto\u00f1o, aborden las siguientes fechas importantes para el cumplimiento de sus obligaciones fiscales, las m\u00e1s destacadas, las que tiene que ver con el IRPF, pago trimestral, y el <strong>IVA de los aut\u00f3nomos<\/strong>:<\/p>\n<h3>Principios y mediados de octubre<\/h3>\n<p><strong>A continuaci\u00f3n, te indicamos en la siguiente tabla las fechas que debes tener en cuenta en el mes de octubre lo que los aut\u00f3nomos deben hacer:<\/strong><\/p>\n<p><img loading=\"lazy\" decoding=\"async\" class=\"aligncenter wp-image-20901 size-full\" src=\"https:\/\/www.billin.net\/blog\/wp-content\/uploads\/2023\/08\/Modelos-a-presentar-autonomos.png\" alt=\"Modelos aut\u00f3nomos\" width=\"617\" height=\"747\" srcset=\"https:\/\/www.billin.net\/blog\/wp-content\/uploads\/2023\/08\/Modelos-a-presentar-autonomos.png 617w, https:\/\/www.billin.net\/blog\/wp-content\/uploads\/2023\/08\/Modelos-a-presentar-autonomos-248x300.png 248w\" sizes=\"(max-width: 617px) 100vw, 617px\" \/><\/p>\n<p>&nbsp;<\/p>\n","protected":false},"excerpt":{"rendered":"<p>En septiembre se vuelve al cole y a las rutinas, y comienza el a\u00f1o laboral para los negocios: nuevos proyectos, estrategias, campa\u00f1as comerciales, etc. A nivel impositivo, septiembre tambi\u00e9n es mes intenso para los trabajadores por cuenta propia, ya que se deben preparar para la presentaci\u00f3n de los impuestos del tercer trimestre de aut\u00f3nomos con [&hellip;]<\/p>\n","protected":false},"author":20,"featured_media":20902,"comment_status":"open","ping_status":"open","sticky":false,"template":"","format":"standard","meta":{"_acf_changed":false,"_et_pb_use_builder":"","_et_pb_old_content":"","_et_gb_content_width":"","om_disable_all_campaigns":false,"inline_featured_image":false,"footnotes":""},"categories":[1014],"tags":[1380],"class_list":{"0":"post-20900","1":"post","2":"type-post","3":"status-publish","4":"format-standard","5":"has-post-thumbnail","7":"category-fiscalidad","8":"tag-autonomos"},"acf":{"selector_de_usuario":"","fecha_de_revision":"20230830"},"yoast_head":"<!-- This site is optimized with the Yoast SEO plugin v27.1 - https:\/\/yoast.com\/product\/yoast-seo-wordpress\/ -->\n<title>Cuesta de septiembre para aut\u00f3nomos [Gu\u00eda] | TeamSystem Facturas Billin Blog<\/title>\n<meta name=\"description\" content=\"Si eres aut\u00f3nomo, este art\u00edculo te interesa. Aprende a superar la cuesta de septiembre y prep\u00e1rate para la presentaci\u00f3n de los impuestos.\" \/>\n<meta name=\"robots\" content=\"index, follow, max-snippet:-1, max-image-preview:large, max-video-preview:-1\" \/>\n<link rel=\"canonical\" href=\"https:\/\/www.billin.net\/blog\/cuesta-autonomos-septiembre\/\" \/>\n<meta property=\"og:locale\" content=\"es_ES\" \/>\n<meta property=\"og:type\" content=\"article\" \/>\n<meta property=\"og:title\" content=\"Cuesta de septiembre para aut\u00f3nomos [Gu\u00eda] | TeamSystem Facturas Billin Blog\" \/>\n<meta property=\"og:description\" content=\"Si eres aut\u00f3nomo, este art\u00edculo te interesa. Aprende a superar la cuesta de septiembre y prep\u00e1rate para la presentaci\u00f3n de los impuestos.\" \/>\n<meta property=\"og:url\" content=\"https:\/\/www.billin.net\/blog\/cuesta-autonomos-septiembre\/\" \/>\n<meta property=\"og:site_name\" content=\"Blog de TeamSystem Facturas Billin\" \/>\n<meta property=\"article:publisher\" content=\"https:\/\/www.facebook.com\/EsBillin\" \/>\n<meta property=\"article:published_time\" content=\"2023-08-28T08:40:58+00:00\" \/>\n<meta property=\"article:modified_time\" content=\"2025-09-25T18:30:43+00:00\" \/>\n<meta property=\"og:image\" content=\"https:\/\/www.billin.net\/blog\/wp-content\/uploads\/2023\/08\/Impuestos-autonomos-septiembre.jpeg\" \/>\n\t<meta property=\"og:image:width\" content=\"1125\" \/>\n\t<meta property=\"og:image:height\" content=\"750\" \/>\n\t<meta property=\"og:image:type\" content=\"image\/jpeg\" \/>\n<meta name=\"author\" content=\"Marcos De La Cueva - CEO TeamSystem Facturas Billin\" \/>\n<meta name=\"twitter:card\" content=\"summary_large_image\" \/>\n<meta name=\"twitter:creator\" content=\"@Billin_ES\" \/>\n<meta name=\"twitter:site\" content=\"@Billin_ES\" \/>\n<meta name=\"twitter:label1\" content=\"Escrito por\" \/>\n\t<meta name=\"twitter:data1\" content=\"Marcos De La Cueva - CEO TeamSystem Facturas Billin\" \/>\n\t<meta name=\"twitter:label2\" content=\"Tiempo de lectura\" \/>\n\t<meta name=\"twitter:data2\" content=\"5 minutos\" \/>\n<script type=\"application\/ld+json\" class=\"yoast-schema-graph\">{\"@context\":\"https:\/\/schema.org\",\"@graph\":[{\"@type\":\"Article\",\"@id\":\"https:\/\/www.billin.net\/blog\/cuesta-autonomos-septiembre\/#article\",\"isPartOf\":{\"@id\":\"https:\/\/www.billin.net\/blog\/cuesta-autonomos-septiembre\/\"},\"author\":{\"name\":\"Marcos De La Cueva - CEO TeamSystem Facturas Billin\",\"@id\":\"https:\/\/www.billin.net\/blog\/#\/schema\/person\/d0339ee6e869234614541b1e80a793e7\"},\"headline\":\"Los impuestos que deber\u00e1n pagar los aut\u00f3nomos a partir de septiembre\",\"datePublished\":\"2023-08-28T08:40:58+00:00\",\"dateModified\":\"2025-09-25T18:30:43+00:00\",\"mainEntityOfPage\":{\"@id\":\"https:\/\/www.billin.net\/blog\/cuesta-autonomos-septiembre\/\"},\"wordCount\":985,\"commentCount\":0,\"publisher\":{\"@id\":\"https:\/\/www.billin.net\/blog\/#organization\"},\"image\":{\"@id\":\"https:\/\/www.billin.net\/blog\/cuesta-autonomos-septiembre\/#primaryimage\"},\"thumbnailUrl\":\"https:\/\/www.billin.net\/blog\/wp-content\/uploads\/2023\/08\/Impuestos-autonomos-septiembre.jpeg\",\"keywords\":[\"Aut\u00f3nomos\"],\"articleSection\":[\"Fiscalidad\"],\"inLanguage\":\"es\",\"potentialAction\":[{\"@type\":\"CommentAction\",\"name\":\"Comment\",\"target\":[\"https:\/\/www.billin.net\/blog\/cuesta-autonomos-septiembre\/#respond\"]}]},{\"@type\":\"WebPage\",\"@id\":\"https:\/\/www.billin.net\/blog\/cuesta-autonomos-septiembre\/\",\"url\":\"https:\/\/www.billin.net\/blog\/cuesta-autonomos-septiembre\/\",\"name\":\"Cuesta de septiembre para aut\u00f3nomos [Gu\u00eda] | TeamSystem Facturas Billin Blog\",\"isPartOf\":{\"@id\":\"https:\/\/www.billin.net\/blog\/#website\"},\"primaryImageOfPage\":{\"@id\":\"https:\/\/www.billin.net\/blog\/cuesta-autonomos-septiembre\/#primaryimage\"},\"image\":{\"@id\":\"https:\/\/www.billin.net\/blog\/cuesta-autonomos-septiembre\/#primaryimage\"},\"thumbnailUrl\":\"https:\/\/www.billin.net\/blog\/wp-content\/uploads\/2023\/08\/Impuestos-autonomos-septiembre.jpeg\",\"datePublished\":\"2023-08-28T08:40:58+00:00\",\"dateModified\":\"2025-09-25T18:30:43+00:00\",\"description\":\"Si eres aut\u00f3nomo, este art\u00edculo te interesa. Aprende a superar la cuesta de septiembre y prep\u00e1rate para la presentaci\u00f3n de los impuestos.\",\"breadcrumb\":{\"@id\":\"https:\/\/www.billin.net\/blog\/cuesta-autonomos-septiembre\/#breadcrumb\"},\"inLanguage\":\"es\",\"potentialAction\":[{\"@type\":\"ReadAction\",\"target\":[\"https:\/\/www.billin.net\/blog\/cuesta-autonomos-septiembre\/\"]}]},{\"@type\":\"ImageObject\",\"inLanguage\":\"es\",\"@id\":\"https:\/\/www.billin.net\/blog\/cuesta-autonomos-septiembre\/#primaryimage\",\"url\":\"https:\/\/www.billin.net\/blog\/wp-content\/uploads\/2023\/08\/Impuestos-autonomos-septiembre.jpeg\",\"contentUrl\":\"https:\/\/www.billin.net\/blog\/wp-content\/uploads\/2023\/08\/Impuestos-autonomos-septiembre.jpeg\",\"width\":1125,\"height\":750,\"caption\":\"Cuesta de septiembre aut\u00f3nomos\"},{\"@type\":\"BreadcrumbList\",\"@id\":\"https:\/\/www.billin.net\/blog\/cuesta-autonomos-septiembre\/#breadcrumb\",\"itemListElement\":[{\"@type\":\"ListItem\",\"position\":1,\"name\":\"Blog\",\"item\":\"https:\/\/www.billin.net\/blog\/\"},{\"@type\":\"ListItem\",\"position\":2,\"name\":\"Fiscalidad\",\"item\":\"https:\/\/www.billin.net\/blog\/fiscalidad\/\"},{\"@type\":\"ListItem\",\"position\":3,\"name\":\"Los impuestos que deber\u00e1n pagar los aut\u00f3nomos a partir de septiembre\"}]},{\"@type\":\"WebSite\",\"@id\":\"https:\/\/www.billin.net\/blog\/#website\",\"url\":\"https:\/\/www.billin.net\/blog\/\",\"name\":\"Blog de Billin\",\"description\":\"Mantente informado con el blog de TeamSystem Facturas Billin:  facturaci\u00f3n, legislaci\u00f3n, contabilidad, management y toda la informaci\u00f3n \u00fatil para pymes y aut\u00f3nomos.\",\"publisher\":{\"@id\":\"https:\/\/www.billin.net\/blog\/#organization\"},\"potentialAction\":[{\"@type\":\"SearchAction\",\"target\":{\"@type\":\"EntryPoint\",\"urlTemplate\":\"https:\/\/www.billin.net\/blog\/?s={search_term_string}\"},\"query-input\":{\"@type\":\"PropertyValueSpecification\",\"valueRequired\":true,\"valueName\":\"search_term_string\"}}],\"inLanguage\":\"es\"},{\"@type\":\"Organization\",\"@id\":\"https:\/\/www.billin.net\/blog\/#organization\",\"name\":\"Billin\",\"alternateName\":\"Blog de Billin\",\"url\":\"https:\/\/www.billin.net\/blog\/\",\"logo\":{\"@type\":\"ImageObject\",\"inLanguage\":\"es\",\"@id\":\"https:\/\/www.billin.net\/blog\/#\/schema\/logo\/image\/\",\"url\":\"https:\/\/www.billin.net\/blog\/wp-content\/uploads\/2019\/06\/logotipo-billin-blog-1.png\",\"contentUrl\":\"https:\/\/www.billin.net\/blog\/wp-content\/uploads\/2019\/06\/logotipo-billin-blog-1.png\",\"width\":126,\"height\":50,\"caption\":\"Billin\"},\"image\":{\"@id\":\"https:\/\/www.billin.net\/blog\/#\/schema\/logo\/image\/\"},\"sameAs\":[\"https:\/\/www.facebook.com\/EsBillin\",\"https:\/\/x.com\/Billin_ES\",\"https:\/\/www.instagram.com\/billin_es\/\",\"https:\/\/www.linkedin.com\/company\/billin-spain\",\"https:\/\/www.youtube.com\/c\/BillinEsintercambiodefacturas\/\"],\"legalName\":\"MY EXPENSES SL\",\"contactPoint\":{\"@type\":\"ContactPoint\",\"telephone\":\"+34918318883\",\"contactType\":\"customer service\",\"email\":\"info@billin.eu\",\"availableLanguage\":\"es\"},\"foundingDate\":\"2015\",\"numberOfEmployees\":{\"@type\":\"QuantitativeValue\",\"minValue\":10,\"maxValue\":50},\"parentOrganization\":{\"@type\":\"Organization\",\"name\":\"TeamSystem\",\"url\":\"https:\/\/www.teamsystem.com\/\"},\"description\":\"Billin es el programa de facturaci\u00f3n online de TeamSystem para aut\u00f3nomos y pymes en Espa\u00f1a. Permite crear facturas, controlar gastos y cumplir con Verifactu.\",\"address\":{\"@type\":\"PostalAddress\",\"streetAddress\":\"Calle Arturo Soria, 336\",\"addressLocality\":\"Madrid\",\"addressRegion\":\"Madrid\",\"postalCode\":\"28033\",\"addressCountry\":\"ES\"}},{\"@type\":\"Person\",\"@id\":\"https:\/\/www.billin.net\/blog\/#\/schema\/person\/d0339ee6e869234614541b1e80a793e7\",\"name\":\"Marcos De La Cueva - CEO TeamSystem Facturas Billin\",\"image\":{\"@type\":\"ImageObject\",\"inLanguage\":\"es\",\"@id\":\"https:\/\/www.billin.net\/blog\/#\/schema\/person\/image\/\",\"url\":\"https:\/\/www.billin.net\/blog\/wp-content\/uploads\/2023\/10\/marcos-color-150x150.png\",\"contentUrl\":\"https:\/\/www.billin.net\/blog\/wp-content\/uploads\/2023\/10\/marcos-color-150x150.png\",\"caption\":\"Marcos De La Cueva - CEO TeamSystem Facturas Billin\"},\"description\":\"Licenciado en ADE por la Universidad Aut\u00f3noma de Madrid, Marcos De la Cueva es CEO y cofundador de TeamSystem Facturas Billin, un programa online que lleva m\u00e1s de 9 a\u00f1os ayudando a aut\u00f3nomos, peque\u00f1os negocios y gestor\u00edas a digitalizar sus presupuestos, facturas, tickets y gastos. \u00a0 Sobre Marcos De La Cueva \u00a0 Apasionado por el mundo empresarial y la tecnolog\u00eda, curs\u00f3 su M\u00e1ster de Finanzas en la Universidad Pontificia de Comillas y estuvo en el Programa de Cooperaci\u00f3n Educativa de la Universidad Aut\u00f3noma de Madrid. \u00a0 Marcos siempre ha tenido su objetivo claro: ayudar a la creaci\u00f3n de negocios financieramente sostenibles a trav\u00e9s de una herramienta de facturaci\u00f3n que les permita ahorrar tiempo y tener la contabilidad bajo control. \u00a0 Marcos De La Cueva en los medios \u2014 Noticia sobre Kit Digital y Ley Antifraude (VeriFactu) en El Economista. \u2014 Noticia sobre Kit Digital y factura electr\u00f3nica obligatoria en Diario Jur\u00eddico. \u2014 Noticia sobre el a\u00f1o de transici\u00f3n para la factura electr\u00f3nica en Muy Pymes. \u2014 Entrevista sobre factura electr\u00f3nica obligatoria en Canal Sur. \u2014 Noticia sobre el informe factura electr\u00f3nica de TeamSystem en Channel Partner. \u2014 Charla sobre productividad y Ley Crea y Crece en El Economista. \u2014 Charla sobre factura electr\u00f3nica obligatoria en Muy Pymes. \u2014 Charla sobre digitalizaci\u00f3n aut\u00f3nomos y productividad en esdiario. \u2014 Charla sobre productividad y factura electr\u00f3nica en La Raz\u00f3n. \u2014 Charla sobre factura electr\u00f3nica obligatoria en Aut\u00f3nomos y Emprendedores. \u2014 Entrevista sobre Ley Antifraude y Ley Crea y Crece en Expansi\u00f3n. \u2014 Entrevista sobre Ley Antifraude y Ley Crea y Crece en La Raz\u00f3n. \u2014 Entrevista sobre factura electr\u00f3nica obligatoria en El Economista. \u2014 Comunicado Billin y TeamSystem en Business Insider. \u2014 Entrevista en Econom\u00eda Digital. \u2014 Entrevista en Ideas para tu empresa de Vodafone. \u2014 Entrevista en M\u00e1sQradio. \u2014 Entrevista en Armas para emprender de El M\u00e9todo Gallardo. \u2014 Entrevista en KFund. \u2014 Entrevista en AXA Seguros Espa\u00f1a. \u2014 Entrevista en GestionaRadio. \u00a0 Marcos De La Cueva en eventos \u00a0 \u2014 Participaci\u00f3n como ponente en Accountex Espa\u00f1a 2023. \u00a0 Tem\u00e1ticas de especializaci\u00f3n \u00a0 negocios | startups | contabilidad| fiscalidad | empresas| asesor\u00edas| autonomos | emprendedores | peque\u00f1os negocios | econom\u00eda | ADE | pymes | desarrollo de negocio\u00a0\",\"sameAs\":[\"https:\/\/www.billin.net\/\",\"https:\/\/www.linkedin.com\/in\/marcos-de-la-cueva-19750ba3\/\"],\"url\":\"https:\/\/www.billin.net\/blog\/author\/marcosdelacueva\/\",\"jobTitle\":\"CEO y cofundador de TS Facturas Billin\"}]}<\/script>\n<!-- \/ Yoast SEO plugin. -->","yoast_head_json":{"title":"Cuesta de septiembre para aut\u00f3nomos [Gu\u00eda] | TeamSystem Facturas Billin Blog","description":"Si eres aut\u00f3nomo, este art\u00edculo te interesa. Aprende a superar la cuesta de septiembre y prep\u00e1rate para la presentaci\u00f3n de los impuestos.","robots":{"index":"index","follow":"follow","max-snippet":"max-snippet:-1","max-image-preview":"max-image-preview:large","max-video-preview":"max-video-preview:-1"},"canonical":"https:\/\/www.billin.net\/blog\/cuesta-autonomos-septiembre\/","og_locale":"es_ES","og_type":"article","og_title":"Cuesta de septiembre para aut\u00f3nomos [Gu\u00eda] | TeamSystem Facturas Billin Blog","og_description":"Si eres aut\u00f3nomo, este art\u00edculo te interesa. Aprende a superar la cuesta de septiembre y prep\u00e1rate para la presentaci\u00f3n de los impuestos.","og_url":"https:\/\/www.billin.net\/blog\/cuesta-autonomos-septiembre\/","og_site_name":"Blog de TeamSystem Facturas Billin","article_publisher":"https:\/\/www.facebook.com\/EsBillin","article_published_time":"2023-08-28T08:40:58+00:00","article_modified_time":"2025-09-25T18:30:43+00:00","og_image":[{"width":1125,"height":750,"url":"https:\/\/www.billin.net\/blog\/wp-content\/uploads\/2023\/08\/Impuestos-autonomos-septiembre.jpeg","type":"image\/jpeg"}],"author":"Marcos De La Cueva - CEO TeamSystem Facturas Billin","twitter_card":"summary_large_image","twitter_creator":"@Billin_ES","twitter_site":"@Billin_ES","twitter_misc":{"Escrito por":"Marcos De La Cueva - CEO TeamSystem Facturas Billin","Tiempo de lectura":"5 minutos"},"schema":{"@context":"https:\/\/schema.org","@graph":[{"@type":"Article","@id":"https:\/\/www.billin.net\/blog\/cuesta-autonomos-septiembre\/#article","isPartOf":{"@id":"https:\/\/www.billin.net\/blog\/cuesta-autonomos-septiembre\/"},"author":{"name":"Marcos De La Cueva - CEO TeamSystem Facturas Billin","@id":"https:\/\/www.billin.net\/blog\/#\/schema\/person\/d0339ee6e869234614541b1e80a793e7"},"headline":"Los impuestos que deber\u00e1n pagar los aut\u00f3nomos a partir de septiembre","datePublished":"2023-08-28T08:40:58+00:00","dateModified":"2025-09-25T18:30:43+00:00","mainEntityOfPage":{"@id":"https:\/\/www.billin.net\/blog\/cuesta-autonomos-septiembre\/"},"wordCount":985,"commentCount":0,"publisher":{"@id":"https:\/\/www.billin.net\/blog\/#organization"},"image":{"@id":"https:\/\/www.billin.net\/blog\/cuesta-autonomos-septiembre\/#primaryimage"},"thumbnailUrl":"https:\/\/www.billin.net\/blog\/wp-content\/uploads\/2023\/08\/Impuestos-autonomos-septiembre.jpeg","keywords":["Aut\u00f3nomos"],"articleSection":["Fiscalidad"],"inLanguage":"es","potentialAction":[{"@type":"CommentAction","name":"Comment","target":["https:\/\/www.billin.net\/blog\/cuesta-autonomos-septiembre\/#respond"]}]},{"@type":"WebPage","@id":"https:\/\/www.billin.net\/blog\/cuesta-autonomos-septiembre\/","url":"https:\/\/www.billin.net\/blog\/cuesta-autonomos-septiembre\/","name":"Cuesta de septiembre para aut\u00f3nomos [Gu\u00eda] | TeamSystem Facturas Billin Blog","isPartOf":{"@id":"https:\/\/www.billin.net\/blog\/#website"},"primaryImageOfPage":{"@id":"https:\/\/www.billin.net\/blog\/cuesta-autonomos-septiembre\/#primaryimage"},"image":{"@id":"https:\/\/www.billin.net\/blog\/cuesta-autonomos-septiembre\/#primaryimage"},"thumbnailUrl":"https:\/\/www.billin.net\/blog\/wp-content\/uploads\/2023\/08\/Impuestos-autonomos-septiembre.jpeg","datePublished":"2023-08-28T08:40:58+00:00","dateModified":"2025-09-25T18:30:43+00:00","description":"Si eres aut\u00f3nomo, este art\u00edculo te interesa. Aprende a superar la cuesta de septiembre y prep\u00e1rate para la presentaci\u00f3n de los impuestos.","breadcrumb":{"@id":"https:\/\/www.billin.net\/blog\/cuesta-autonomos-septiembre\/#breadcrumb"},"inLanguage":"es","potentialAction":[{"@type":"ReadAction","target":["https:\/\/www.billin.net\/blog\/cuesta-autonomos-septiembre\/"]}]},{"@type":"ImageObject","inLanguage":"es","@id":"https:\/\/www.billin.net\/blog\/cuesta-autonomos-septiembre\/#primaryimage","url":"https:\/\/www.billin.net\/blog\/wp-content\/uploads\/2023\/08\/Impuestos-autonomos-septiembre.jpeg","contentUrl":"https:\/\/www.billin.net\/blog\/wp-content\/uploads\/2023\/08\/Impuestos-autonomos-septiembre.jpeg","width":1125,"height":750,"caption":"Cuesta de septiembre aut\u00f3nomos"},{"@type":"BreadcrumbList","@id":"https:\/\/www.billin.net\/blog\/cuesta-autonomos-septiembre\/#breadcrumb","itemListElement":[{"@type":"ListItem","position":1,"name":"Blog","item":"https:\/\/www.billin.net\/blog\/"},{"@type":"ListItem","position":2,"name":"Fiscalidad","item":"https:\/\/www.billin.net\/blog\/fiscalidad\/"},{"@type":"ListItem","position":3,"name":"Los impuestos que deber\u00e1n pagar los aut\u00f3nomos a partir de septiembre"}]},{"@type":"WebSite","@id":"https:\/\/www.billin.net\/blog\/#website","url":"https:\/\/www.billin.net\/blog\/","name":"Blog de Billin","description":"Mantente informado con el blog de TeamSystem Facturas Billin:  facturaci\u00f3n, legislaci\u00f3n, contabilidad, management y toda la informaci\u00f3n \u00fatil para pymes y aut\u00f3nomos.","publisher":{"@id":"https:\/\/www.billin.net\/blog\/#organization"},"potentialAction":[{"@type":"SearchAction","target":{"@type":"EntryPoint","urlTemplate":"https:\/\/www.billin.net\/blog\/?s={search_term_string}"},"query-input":{"@type":"PropertyValueSpecification","valueRequired":true,"valueName":"search_term_string"}}],"inLanguage":"es"},{"@type":"Organization","@id":"https:\/\/www.billin.net\/blog\/#organization","name":"Billin","alternateName":"Blog de Billin","url":"https:\/\/www.billin.net\/blog\/","logo":{"@type":"ImageObject","inLanguage":"es","@id":"https:\/\/www.billin.net\/blog\/#\/schema\/logo\/image\/","url":"https:\/\/www.billin.net\/blog\/wp-content\/uploads\/2019\/06\/logotipo-billin-blog-1.png","contentUrl":"https:\/\/www.billin.net\/blog\/wp-content\/uploads\/2019\/06\/logotipo-billin-blog-1.png","width":126,"height":50,"caption":"Billin"},"image":{"@id":"https:\/\/www.billin.net\/blog\/#\/schema\/logo\/image\/"},"sameAs":["https:\/\/www.facebook.com\/EsBillin","https:\/\/x.com\/Billin_ES","https:\/\/www.instagram.com\/billin_es\/","https:\/\/www.linkedin.com\/company\/billin-spain","https:\/\/www.youtube.com\/c\/BillinEsintercambiodefacturas\/"],"legalName":"MY EXPENSES SL","contactPoint":{"@type":"ContactPoint","telephone":"+34918318883","contactType":"customer service","email":"info@billin.eu","availableLanguage":"es"},"foundingDate":"2015","numberOfEmployees":{"@type":"QuantitativeValue","minValue":10,"maxValue":50},"parentOrganization":{"@type":"Organization","name":"TeamSystem","url":"https:\/\/www.teamsystem.com\/"},"description":"Billin es el programa de facturaci\u00f3n online de TeamSystem para aut\u00f3nomos y pymes en Espa\u00f1a. Permite crear facturas, controlar gastos y cumplir con Verifactu.","address":{"@type":"PostalAddress","streetAddress":"Calle Arturo Soria, 336","addressLocality":"Madrid","addressRegion":"Madrid","postalCode":"28033","addressCountry":"ES"}},{"@type":"Person","@id":"https:\/\/www.billin.net\/blog\/#\/schema\/person\/d0339ee6e869234614541b1e80a793e7","name":"Marcos De La Cueva - CEO TeamSystem Facturas Billin","image":{"@type":"ImageObject","inLanguage":"es","@id":"https:\/\/www.billin.net\/blog\/#\/schema\/person\/image\/","url":"https:\/\/www.billin.net\/blog\/wp-content\/uploads\/2023\/10\/marcos-color-150x150.png","contentUrl":"https:\/\/www.billin.net\/blog\/wp-content\/uploads\/2023\/10\/marcos-color-150x150.png","caption":"Marcos De La Cueva - CEO TeamSystem Facturas Billin"},"description":"Licenciado en ADE por la Universidad Aut\u00f3noma de Madrid, Marcos De la Cueva es CEO y cofundador de TeamSystem Facturas Billin, un programa online que lleva m\u00e1s de 9 a\u00f1os ayudando a aut\u00f3nomos, peque\u00f1os negocios y gestor\u00edas a digitalizar sus presupuestos, facturas, tickets y gastos. \u00a0 Sobre Marcos De La Cueva \u00a0 Apasionado por el mundo empresarial y la tecnolog\u00eda, curs\u00f3 su M\u00e1ster de Finanzas en la Universidad Pontificia de Comillas y estuvo en el Programa de Cooperaci\u00f3n Educativa de la Universidad Aut\u00f3noma de Madrid. \u00a0 Marcos siempre ha tenido su objetivo claro: ayudar a la creaci\u00f3n de negocios financieramente sostenibles a trav\u00e9s de una herramienta de facturaci\u00f3n que les permita ahorrar tiempo y tener la contabilidad bajo control. \u00a0 Marcos De La Cueva en los medios \u2014 Noticia sobre Kit Digital y Ley Antifraude (VeriFactu) en El Economista. \u2014 Noticia sobre Kit Digital y factura electr\u00f3nica obligatoria en Diario Jur\u00eddico. \u2014 Noticia sobre el a\u00f1o de transici\u00f3n para la factura electr\u00f3nica en Muy Pymes. \u2014 Entrevista sobre factura electr\u00f3nica obligatoria en Canal Sur. \u2014 Noticia sobre el informe factura electr\u00f3nica de TeamSystem en Channel Partner. \u2014 Charla sobre productividad y Ley Crea y Crece en El Economista. \u2014 Charla sobre factura electr\u00f3nica obligatoria en Muy Pymes. \u2014 Charla sobre digitalizaci\u00f3n aut\u00f3nomos y productividad en esdiario. \u2014 Charla sobre productividad y factura electr\u00f3nica en La Raz\u00f3n. \u2014 Charla sobre factura electr\u00f3nica obligatoria en Aut\u00f3nomos y Emprendedores. \u2014 Entrevista sobre Ley Antifraude y Ley Crea y Crece en Expansi\u00f3n. \u2014 Entrevista sobre Ley Antifraude y Ley Crea y Crece en La Raz\u00f3n. \u2014 Entrevista sobre factura electr\u00f3nica obligatoria en El Economista. \u2014 Comunicado Billin y TeamSystem en Business Insider. \u2014 Entrevista en Econom\u00eda Digital. \u2014 Entrevista en Ideas para tu empresa de Vodafone. \u2014 Entrevista en M\u00e1sQradio. \u2014 Entrevista en Armas para emprender de El M\u00e9todo Gallardo. \u2014 Entrevista en KFund. \u2014 Entrevista en AXA Seguros Espa\u00f1a. \u2014 Entrevista en GestionaRadio. \u00a0 Marcos De La Cueva en eventos \u00a0 \u2014 Participaci\u00f3n como ponente en Accountex Espa\u00f1a 2023. \u00a0 Tem\u00e1ticas de especializaci\u00f3n \u00a0 negocios | startups | contabilidad| fiscalidad | empresas| asesor\u00edas| autonomos | emprendedores | peque\u00f1os negocios | econom\u00eda | ADE | pymes | desarrollo de negocio\u00a0","sameAs":["https:\/\/www.billin.net\/","https:\/\/www.linkedin.com\/in\/marcos-de-la-cueva-19750ba3\/"],"url":"https:\/\/www.billin.net\/blog\/author\/marcosdelacueva\/","jobTitle":"CEO y cofundador de TS Facturas Billin"}]}},"_links":{"self":[{"href":"https:\/\/www.billin.net\/blog\/wp-json\/wp\/v2\/posts\/20900","targetHints":{"allow":["GET"]}}],"collection":[{"href":"https:\/\/www.billin.net\/blog\/wp-json\/wp\/v2\/posts"}],"about":[{"href":"https:\/\/www.billin.net\/blog\/wp-json\/wp\/v2\/types\/post"}],"author":[{"embeddable":true,"href":"https:\/\/www.billin.net\/blog\/wp-json\/wp\/v2\/users\/20"}],"replies":[{"embeddable":true,"href":"https:\/\/www.billin.net\/blog\/wp-json\/wp\/v2\/comments?post=20900"}],"version-history":[{"count":12,"href":"https:\/\/www.billin.net\/blog\/wp-json\/wp\/v2\/posts\/20900\/revisions"}],"predecessor-version":[{"id":26679,"href":"https:\/\/www.billin.net\/blog\/wp-json\/wp\/v2\/posts\/20900\/revisions\/26679"}],"wp:featuredmedia":[{"embeddable":true,"href":"https:\/\/www.billin.net\/blog\/wp-json\/wp\/v2\/media\/20902"}],"wp:attachment":[{"href":"https:\/\/www.billin.net\/blog\/wp-json\/wp\/v2\/media?parent=20900"}],"wp:term":[{"taxonomy":"category","embeddable":true,"href":"https:\/\/www.billin.net\/blog\/wp-json\/wp\/v2\/categories?post=20900"},{"taxonomy":"post_tag","embeddable":true,"href":"https:\/\/www.billin.net\/blog\/wp-json\/wp\/v2\/tags?post=20900"}],"curies":[{"name":"wp","href":"https:\/\/api.w.org\/{rel}","templated":true}]}}