{"id":20630,"date":"2023-06-16T00:00:00","date_gmt":"2023-06-15T22:00:00","guid":{"rendered":"https:\/\/www.billin.net\/blog\/?p=20630"},"modified":"2025-09-25T20:31:14","modified_gmt":"2025-09-25T18:31:14","slug":"declarar-kit-digital-autonomos","status":"publish","type":"post","link":"https:\/\/www.billin.net\/blog\/declarar-kit-digital-autonomos\/","title":{"rendered":"C\u00f3mo declarar el Kit Digital si eres aut\u00f3nomo: conoce su tratamiento fiscal"},"content":{"rendered":"<p>En este art\u00edculo te desvelamos <strong>c\u00f3mo declarar el Kit Digital<\/strong> para aut\u00f3nomos y cu\u00e1les son las consecuencias fiscales de recibir esta subvenci\u00f3n, tanto de cara a la liquidaci\u00f3n del IVA como del IRPF.<\/p>\n<p>El Kit Digital es una iniciativa promovida por el Gobierno con los Fondos Europeos Next Generation, con el fin de <strong>impulsar la Transformaci\u00f3n Digital y mejorar la eficiencia del tejido empresarial en Espa\u00f1a<\/strong>.<\/p>\n<p>Se trata de un programa de ayudas que <a href=\"https:\/\/www.billin.net\/solicitud-kit-digital\/\">pueden solicitar pymes, microempresas y trabajadores aut\u00f3nomos<\/a> con menos de 50 empleados, sin importar el sector econ\u00f3mico o su modelo de negocio.<\/p>\n<p>&nbsp;<\/p>\n<h2>C\u00f3mo tributa el Kit Digital para aut\u00f3nomos en la declaraci\u00f3n de la Renta<\/h2>\n<p>La fiscalidad de las subvenciones es concreta e indica que no est\u00e1n exentas de tributaci\u00f3n. Por este motivo, los <strong>aut\u00f3nomos tienen que declarar por el Kit Digital en el IRPF<\/strong>.<\/p>\n<p>No obstante, este programa de ayudas tiene como particularidad que no se conceden de un modo directo, sino que el trabajador aut\u00f3nomo o pyme recibe un \u201c<strong>bono digital<\/strong>\u201d y puede utilizarlo para implementar en su negocio alguna de las soluciones digitales que se especifican en las categor\u00edas del Kit Digital.<\/p>\n<p>Para ello es necesario la <strong>contrataci\u00f3n de un \u201cagente digitalizador<\/strong>\u201d y ello tambi\u00e9n supone un gasto a efectos fiscales.<\/p>\n<p>El agente digitalizador es la figura es la encargada de suministrar los productos y servicios previstos en el paquete de soluciones que ofrece el Kit Digital, como la <a href=\"https:\/\/www.billin.net\/blog\/factura-electronica-autonomos-pymes-kit-digital\/\">factura electr\u00f3nica<\/a> o la gesti\u00f3n de las redes sociales.<\/p>\n<p>\u00bfC\u00f3mo repercute todo esto en la fiscalidad del Kit Digital para los trabajadores aut\u00f3nomos?<\/p>\n<h3>\u00bfRendimiento de trabajo o ganancia patrimonial?<\/h3>\n<p>Como norma general, las subvenciones est\u00e1n consideradas como una ganancia patrimonial y se integran en la base imponible del ahorro.<\/p>\n<p>Sin embargo, en el caso de los trabajadores aut\u00f3nomos, las ayudas recibidas por el Kit Digital se destinan a financiar la <strong>adquisici\u00f3n de elementos que est\u00e1n ligados al negocio<\/strong>.<\/p>\n<p>Por consiguiente, a efectos fiscales, estas subvenciones tienen la consideraci\u00f3n de ingresos por actividad econ\u00f3mica y pasan a formar parte de la base imponible general como rendimientos del trabajo.<\/p>\n<p><strong>Los tramos de tributaci\u00f3n de la base imponible general para la Renta 2023 (ejercicio 2022) son los siguientes:<\/strong><\/p>\n<ul>\n<li>Hasta 12.450 euros: se aplica un tipo del 19%.<\/li>\n<li>Desde 12.450 hasta 20.199 euros:se aplica un tipo del 24%.<\/li>\n<li>Desde 20.200 hasta 35.199 euros: se aplica un tipo del 30%.<\/li>\n<li>Desde 35.200 hasta 59.999 euros: se aplica un tipo del 37%.<\/li>\n<li>Desde 60.000 hasta 299.999: se aplica un tipo del 45%.<\/li>\n<li>M\u00e1s de 300.000 euros: se aplica un tipo del 47%.<\/li>\n<\/ul>\n<p><strong>Las ayudas del Kit Digital para aut\u00f3nomos var\u00edan en funci\u00f3n del n\u00famero de empleados que tenga la empresa<\/strong>, pudiendo oscilar entre los 2.000 \u20ac (para aquellos con menos de 3 empleados) y los 12.000 \u20ac (entre 10 y 49 empleados).<\/p>\n<p>De esta manera, si tus rendimientos del trabajo en el ejercicio ascienden a 20.000 euros y has recibido un \u201cbono digital\u201d de 2.000 euros, la base imponible general aumentar\u00eda hasta los 22.000 euros.<\/p>\n<p>Pero esto <strong>no quiere decir que tengas que pagar m\u00e1s impuestos<\/strong> por recibir las ayudas, como tratamos a continuaci\u00f3n.<\/p>\n<h3>\u00bfCu\u00e1nto tendr\u00e1 que pagar un aut\u00f3nomo en la renta por recibir el Kit Digital?<\/h3>\n<p>Cabe la pena destacar que los primeros 2.000 \u20ac del Kit Digital est\u00e1n exentos de tributaci\u00f3n y el <strong>trabajador por cuenta propia no tiene que realizar ning\u00fan pago a la Agencia Tributaria por disfrutar del Kit Digital.<\/strong><\/p>\n<p>Debido a que los beneficiarios de las ayudas deben contratar a un proveedor de servicio <strong>adherido al programa<\/strong> (denominado como \u201cagente digitalizador\u201d), tambi\u00e9n tienen que declarar como gasto el pago de sus servicios.<\/p>\n<p>Es decir, a pesar de que el trabajador aut\u00f3nomo <strong>no tiene que realizar el abono efectivo<\/strong> de los honorarios del agente digitalizador, representa un gasto deducible.<\/p>\n<p>De este modo, a pesar de que es obligatorio incluir el importe de las ayudas del Kit Digital en la Declaraci\u00f3n de la Renta para aut\u00f3nomos, en la pr\u00e1ctica no tiene impacto fiscal: esta subvenci\u00f3n no supone un desembolso efectivo de impuestos.<\/p>\n<p><img loading=\"lazy\" decoding=\"async\" class=\"aligncenter wp-image-20631 size-large\" src=\"https:\/\/www.billin.net\/blog\/wp-content\/uploads\/2023\/06\/pexels-christina-morillo-1181675-1024x684.jpg\" alt=\"\" width=\"810\" height=\"541\" srcset=\"https:\/\/www.billin.net\/blog\/wp-content\/uploads\/2023\/06\/pexels-christina-morillo-1181675-1024x684.jpg 1024w, https:\/\/www.billin.net\/blog\/wp-content\/uploads\/2023\/06\/pexels-christina-morillo-1181675-300x200.jpg 300w, https:\/\/www.billin.net\/blog\/wp-content\/uploads\/2023\/06\/pexels-christina-morillo-1181675-768x513.jpg 768w, https:\/\/www.billin.net\/blog\/wp-content\/uploads\/2023\/06\/pexels-christina-morillo-1181675-1536x1025.jpg 1536w, https:\/\/www.billin.net\/blog\/wp-content\/uploads\/2023\/06\/pexels-christina-morillo-1181675-2048x1367.jpg 2048w, https:\/\/www.billin.net\/blog\/wp-content\/uploads\/2023\/06\/pexels-christina-morillo-1181675-810x541.jpg 810w, https:\/\/www.billin.net\/blog\/wp-content\/uploads\/2023\/06\/pexels-christina-morillo-1181675-1140x761.jpg 1140w\" sizes=\"(max-width: 810px) 100vw, 810px\" \/><\/p>\n<h2>El IVA del Kit Digital para trabajadores por cuenta propia. Deducciones<\/h2>\n<p>Como se ha comentado anteriormente, las ayudas del Kit Digital est\u00e1n orientadas a que contrates a un <a href=\"https:\/\/www.billin.net\/blog\/agentes-digitalizadores\/\">agente digitalizador<\/a> adherido al programa para que implante alguna soluci\u00f3n digital que mejore la eficiencia de tu negocio.<\/p>\n<p>As\u00ed pues, el agente digitalizador, tras realizar su trabajo, emitir\u00e1 la correspondiente factura a tu nombre; y dicha factura est\u00e1 sujeta a IVA.<\/p>\n<p>En principio, no tienes que pagar los honorarios del agente digitalizador, puesto que los abona directamente Red.es en su cuenta. Sin embargo, bas\u00e1ndonos en la Ley General de Subvenciones, los impuestos indirectos no son subvencionables.<\/p>\n<p>Por este motivo, lo \u00fanico que debes abonar en primera instancia es el IVA de la mencionada factura. Es decir, a priori tienes que pagar el 21% del coste del servicio subvencionado. Pero, como aut\u00f3nomo, ese importe puedes deducirlo en tu siguiente autoliquidaci\u00f3n (modelo 303).<\/p>\n<p>Las <strong>declaraciones trimestrales de IVA<\/strong> tienen lugar <strong>entre el 1 y el 20 del mes siguiente al cierre de un trimestre natural<\/strong>.<\/p>\n<p>Por lo tanto, no estar\u00e1s m\u00e1s de 3 meses sin recuperar el IVA pagado.<\/p>\n<p>Por ejemplo, si eres un aut\u00f3nomo y has contratado al agente digitalizador a principios de a\u00f1o, lo m\u00e1s probable es que hayas abonado el IVA de factura durante el primer trimestre del ejercicio.<\/p>\n<p>En consecuencia, puedes deducir el IVA de la factura en la liquidaci\u00f3n que se produce desde el 1 hasta el 20 de abril.<\/p>\n<p>Si tienes menos de 3 empleados, <strong>te corresponde una subvenci\u00f3n de 2.000 \u20ac<\/strong>. El IVA que debes abonar es de 420 \u20ac (el 21%). En la pr\u00f3xima declaraci\u00f3n de IVA deber\u00e1s incluir <strong>esta factura como gasto<\/strong> y Hacienda te compensar\u00e1 esta cantidad.<\/p>\n<p>En definitiva, el <strong>IVA del Kit Digital no tiene repercusi\u00f3n en tus resultados<\/strong>. Simplemente, supone adelantar un dinero a Hacienda.<\/p>\n","protected":false},"excerpt":{"rendered":"<p>En este art\u00edculo te desvelamos c\u00f3mo declarar el Kit Digital para aut\u00f3nomos y cu\u00e1les son las consecuencias fiscales de recibir esta subvenci\u00f3n, tanto de cara a la liquidaci\u00f3n del IVA como del IRPF. El Kit Digital es una iniciativa promovida por el Gobierno con los Fondos Europeos Next Generation, con el fin de impulsar la [&hellip;]<\/p>\n","protected":false},"author":20,"featured_media":20631,"comment_status":"open","ping_status":"open","sticky":false,"template":"","format":"standard","meta":{"_acf_changed":false,"_et_pb_use_builder":"","_et_pb_old_content":"","_et_gb_content_width":"","om_disable_all_campaigns":false,"inline_featured_image":false,"footnotes":""},"categories":[1014],"tags":[1380],"class_list":{"0":"post-20630","1":"post","2":"type-post","3":"status-publish","4":"format-standard","5":"has-post-thumbnail","7":"category-fiscalidad","8":"tag-autonomos"},"acf":{"selector_de_usuario":"","fecha_de_revision":null},"yoast_head":"<!-- This site is optimized with the Yoast SEO plugin v27.1 - https:\/\/yoast.com\/product\/yoast-seo-wordpress\/ -->\n<title>Como declarar las ayudas Kit Digital si eres aut\u00f3nomo - TeamSystem Facturas Billin<\/title>\n<meta name=\"description\" content=\"Descubre las consecuencias fiscales del Kit Digital para aut\u00f3nomos y c\u00f3mo declararlo correctamente.\" \/>\n<meta name=\"robots\" content=\"index, follow, max-snippet:-1, max-image-preview:large, max-video-preview:-1\" \/>\n<link rel=\"canonical\" href=\"https:\/\/www.billin.net\/blog\/declarar-kit-digital-autonomos\/\" \/>\n<meta property=\"og:locale\" content=\"es_ES\" \/>\n<meta property=\"og:type\" content=\"article\" \/>\n<meta property=\"og:title\" content=\"Como declarar las ayudas Kit Digital si eres aut\u00f3nomo - TeamSystem Facturas Billin\" \/>\n<meta property=\"og:description\" content=\"Descubre las consecuencias fiscales del Kit Digital para aut\u00f3nomos y c\u00f3mo declararlo correctamente.\" \/>\n<meta property=\"og:url\" content=\"https:\/\/www.billin.net\/blog\/declarar-kit-digital-autonomos\/\" \/>\n<meta property=\"og:site_name\" content=\"Blog de TeamSystem Facturas Billin\" \/>\n<meta property=\"article:publisher\" content=\"https:\/\/www.facebook.com\/EsBillin\" \/>\n<meta property=\"article:published_time\" content=\"2023-06-15T22:00:00+00:00\" \/>\n<meta property=\"article:modified_time\" content=\"2025-09-25T18:31:14+00:00\" \/>\n<meta property=\"og:image\" content=\"https:\/\/www.billin.net\/blog\/wp-content\/uploads\/2023\/06\/pexels-christina-morillo-1181675-1024x684.jpg\" \/>\n\t<meta property=\"og:image:width\" content=\"1024\" \/>\n\t<meta property=\"og:image:height\" content=\"684\" \/>\n\t<meta property=\"og:image:type\" content=\"image\/jpeg\" \/>\n<meta name=\"author\" content=\"Marcos De La Cueva - CEO TeamSystem Facturas Billin\" \/>\n<meta name=\"twitter:card\" content=\"summary_large_image\" \/>\n<meta name=\"twitter:creator\" content=\"@Billin_ES\" \/>\n<meta name=\"twitter:site\" content=\"@Billin_ES\" \/>\n<meta name=\"twitter:label1\" content=\"Escrito por\" \/>\n\t<meta name=\"twitter:data1\" content=\"Marcos De La Cueva - CEO TeamSystem Facturas Billin\" \/>\n\t<meta name=\"twitter:label2\" content=\"Tiempo de lectura\" \/>\n\t<meta name=\"twitter:data2\" content=\"5 minutos\" \/>\n<script type=\"application\/ld+json\" class=\"yoast-schema-graph\">{\"@context\":\"https:\/\/schema.org\",\"@graph\":[{\"@type\":\"Article\",\"@id\":\"https:\/\/www.billin.net\/blog\/declarar-kit-digital-autonomos\/#article\",\"isPartOf\":{\"@id\":\"https:\/\/www.billin.net\/blog\/declarar-kit-digital-autonomos\/\"},\"author\":{\"name\":\"Marcos De La Cueva - CEO TeamSystem Facturas Billin\",\"@id\":\"https:\/\/www.billin.net\/blog\/#\/schema\/person\/d0339ee6e869234614541b1e80a793e7\"},\"headline\":\"C\u00f3mo declarar el Kit Digital si eres aut\u00f3nomo: conoce su tratamiento fiscal\",\"datePublished\":\"2023-06-15T22:00:00+00:00\",\"dateModified\":\"2025-09-25T18:31:14+00:00\",\"mainEntityOfPage\":{\"@id\":\"https:\/\/www.billin.net\/blog\/declarar-kit-digital-autonomos\/\"},\"wordCount\":1008,\"commentCount\":4,\"publisher\":{\"@id\":\"https:\/\/www.billin.net\/blog\/#organization\"},\"image\":{\"@id\":\"https:\/\/www.billin.net\/blog\/declarar-kit-digital-autonomos\/#primaryimage\"},\"thumbnailUrl\":\"https:\/\/www.billin.net\/blog\/wp-content\/uploads\/2023\/06\/pexels-christina-morillo-1181675.jpg\",\"keywords\":[\"Aut\u00f3nomos\"],\"articleSection\":[\"Fiscalidad\"],\"inLanguage\":\"es\",\"potentialAction\":[{\"@type\":\"CommentAction\",\"name\":\"Comment\",\"target\":[\"https:\/\/www.billin.net\/blog\/declarar-kit-digital-autonomos\/#respond\"]}]},{\"@type\":\"WebPage\",\"@id\":\"https:\/\/www.billin.net\/blog\/declarar-kit-digital-autonomos\/\",\"url\":\"https:\/\/www.billin.net\/blog\/declarar-kit-digital-autonomos\/\",\"name\":\"Como declarar las ayudas Kit Digital si eres aut\u00f3nomo - TeamSystem Facturas Billin\",\"isPartOf\":{\"@id\":\"https:\/\/www.billin.net\/blog\/#website\"},\"primaryImageOfPage\":{\"@id\":\"https:\/\/www.billin.net\/blog\/declarar-kit-digital-autonomos\/#primaryimage\"},\"image\":{\"@id\":\"https:\/\/www.billin.net\/blog\/declarar-kit-digital-autonomos\/#primaryimage\"},\"thumbnailUrl\":\"https:\/\/www.billin.net\/blog\/wp-content\/uploads\/2023\/06\/pexels-christina-morillo-1181675.jpg\",\"datePublished\":\"2023-06-15T22:00:00+00:00\",\"dateModified\":\"2025-09-25T18:31:14+00:00\",\"description\":\"Descubre las consecuencias fiscales del Kit Digital para aut\u00f3nomos y c\u00f3mo declararlo correctamente.\",\"breadcrumb\":{\"@id\":\"https:\/\/www.billin.net\/blog\/declarar-kit-digital-autonomos\/#breadcrumb\"},\"inLanguage\":\"es\",\"potentialAction\":[{\"@type\":\"ReadAction\",\"target\":[\"https:\/\/www.billin.net\/blog\/declarar-kit-digital-autonomos\/\"]}]},{\"@type\":\"ImageObject\",\"inLanguage\":\"es\",\"@id\":\"https:\/\/www.billin.net\/blog\/declarar-kit-digital-autonomos\/#primaryimage\",\"url\":\"https:\/\/www.billin.net\/blog\/wp-content\/uploads\/2023\/06\/pexels-christina-morillo-1181675.jpg\",\"contentUrl\":\"https:\/\/www.billin.net\/blog\/wp-content\/uploads\/2023\/06\/pexels-christina-morillo-1181675.jpg\",\"width\":6016,\"height\":4016},{\"@type\":\"BreadcrumbList\",\"@id\":\"https:\/\/www.billin.net\/blog\/declarar-kit-digital-autonomos\/#breadcrumb\",\"itemListElement\":[{\"@type\":\"ListItem\",\"position\":1,\"name\":\"Blog\",\"item\":\"https:\/\/www.billin.net\/blog\/\"},{\"@type\":\"ListItem\",\"position\":2,\"name\":\"Fiscalidad\",\"item\":\"https:\/\/www.billin.net\/blog\/fiscalidad\/\"},{\"@type\":\"ListItem\",\"position\":3,\"name\":\"C\u00f3mo declarar el Kit Digital si eres aut\u00f3nomo: conoce su tratamiento fiscal\"}]},{\"@type\":\"WebSite\",\"@id\":\"https:\/\/www.billin.net\/blog\/#website\",\"url\":\"https:\/\/www.billin.net\/blog\/\",\"name\":\"Blog de Billin\",\"description\":\"Mantente informado con el blog de TeamSystem Facturas Billin:  facturaci\u00f3n, legislaci\u00f3n, contabilidad, management y toda la informaci\u00f3n \u00fatil para pymes y aut\u00f3nomos.\",\"publisher\":{\"@id\":\"https:\/\/www.billin.net\/blog\/#organization\"},\"potentialAction\":[{\"@type\":\"SearchAction\",\"target\":{\"@type\":\"EntryPoint\",\"urlTemplate\":\"https:\/\/www.billin.net\/blog\/?s={search_term_string}\"},\"query-input\":{\"@type\":\"PropertyValueSpecification\",\"valueRequired\":true,\"valueName\":\"search_term_string\"}}],\"inLanguage\":\"es\"},{\"@type\":\"Organization\",\"@id\":\"https:\/\/www.billin.net\/blog\/#organization\",\"name\":\"Billin\",\"alternateName\":\"Blog de Billin\",\"url\":\"https:\/\/www.billin.net\/blog\/\",\"logo\":{\"@type\":\"ImageObject\",\"inLanguage\":\"es\",\"@id\":\"https:\/\/www.billin.net\/blog\/#\/schema\/logo\/image\/\",\"url\":\"https:\/\/www.billin.net\/blog\/wp-content\/uploads\/2019\/06\/logotipo-billin-blog-1.png\",\"contentUrl\":\"https:\/\/www.billin.net\/blog\/wp-content\/uploads\/2019\/06\/logotipo-billin-blog-1.png\",\"width\":126,\"height\":50,\"caption\":\"Billin\"},\"image\":{\"@id\":\"https:\/\/www.billin.net\/blog\/#\/schema\/logo\/image\/\"},\"sameAs\":[\"https:\/\/www.facebook.com\/EsBillin\",\"https:\/\/x.com\/Billin_ES\",\"https:\/\/www.instagram.com\/billin_es\/\",\"https:\/\/www.linkedin.com\/company\/billin-spain\",\"https:\/\/www.youtube.com\/c\/BillinEsintercambiodefacturas\/\"],\"legalName\":\"MY EXPENSES SL\",\"contactPoint\":{\"@type\":\"ContactPoint\",\"telephone\":\"+34918318883\",\"contactType\":\"customer service\",\"email\":\"info@billin.eu\",\"availableLanguage\":\"es\"},\"foundingDate\":\"2015\",\"numberOfEmployees\":{\"@type\":\"QuantitativeValue\",\"minValue\":10,\"maxValue\":50},\"parentOrganization\":{\"@type\":\"Organization\",\"name\":\"TeamSystem\",\"url\":\"https:\/\/www.teamsystem.com\/\"},\"description\":\"Billin es el programa de facturaci\u00f3n online de TeamSystem para aut\u00f3nomos y pymes en Espa\u00f1a. Permite crear facturas, controlar gastos y cumplir con Verifactu.\",\"address\":{\"@type\":\"PostalAddress\",\"streetAddress\":\"Calle Arturo Soria, 336\",\"addressLocality\":\"Madrid\",\"addressRegion\":\"Madrid\",\"postalCode\":\"28033\",\"addressCountry\":\"ES\"}},{\"@type\":\"Person\",\"@id\":\"https:\/\/www.billin.net\/blog\/#\/schema\/person\/d0339ee6e869234614541b1e80a793e7\",\"name\":\"Marcos De La Cueva - CEO TeamSystem Facturas Billin\",\"image\":{\"@type\":\"ImageObject\",\"inLanguage\":\"es\",\"@id\":\"https:\/\/www.billin.net\/blog\/#\/schema\/person\/image\/\",\"url\":\"https:\/\/www.billin.net\/blog\/wp-content\/uploads\/2023\/10\/marcos-color-150x150.png\",\"contentUrl\":\"https:\/\/www.billin.net\/blog\/wp-content\/uploads\/2023\/10\/marcos-color-150x150.png\",\"caption\":\"Marcos De La Cueva - CEO TeamSystem Facturas Billin\"},\"description\":\"Licenciado en ADE por la Universidad Aut\u00f3noma de Madrid, Marcos De la Cueva es CEO y cofundador de TeamSystem Facturas Billin, un programa online que lleva m\u00e1s de 9 a\u00f1os ayudando a aut\u00f3nomos, peque\u00f1os negocios y gestor\u00edas a digitalizar sus presupuestos, facturas, tickets y gastos. \u00a0 Sobre Marcos De La Cueva \u00a0 Apasionado por el mundo empresarial y la tecnolog\u00eda, curs\u00f3 su M\u00e1ster de Finanzas en la Universidad Pontificia de Comillas y estuvo en el Programa de Cooperaci\u00f3n Educativa de la Universidad Aut\u00f3noma de Madrid. \u00a0 Marcos siempre ha tenido su objetivo claro: ayudar a la creaci\u00f3n de negocios financieramente sostenibles a trav\u00e9s de una herramienta de facturaci\u00f3n que les permita ahorrar tiempo y tener la contabilidad bajo control. \u00a0 Marcos De La Cueva en los medios \u2014 Noticia sobre Kit Digital y Ley Antifraude (VeriFactu) en El Economista. \u2014 Noticia sobre Kit Digital y factura electr\u00f3nica obligatoria en Diario Jur\u00eddico. \u2014 Noticia sobre el a\u00f1o de transici\u00f3n para la factura electr\u00f3nica en Muy Pymes. \u2014 Entrevista sobre factura electr\u00f3nica obligatoria en Canal Sur. \u2014 Noticia sobre el informe factura electr\u00f3nica de TeamSystem en Channel Partner. \u2014 Charla sobre productividad y Ley Crea y Crece en El Economista. \u2014 Charla sobre factura electr\u00f3nica obligatoria en Muy Pymes. \u2014 Charla sobre digitalizaci\u00f3n aut\u00f3nomos y productividad en esdiario. \u2014 Charla sobre productividad y factura electr\u00f3nica en La Raz\u00f3n. \u2014 Charla sobre factura electr\u00f3nica obligatoria en Aut\u00f3nomos y Emprendedores. \u2014 Entrevista sobre Ley Antifraude y Ley Crea y Crece en Expansi\u00f3n. \u2014 Entrevista sobre Ley Antifraude y Ley Crea y Crece en La Raz\u00f3n. \u2014 Entrevista sobre factura electr\u00f3nica obligatoria en El Economista. \u2014 Comunicado Billin y TeamSystem en Business Insider. \u2014 Entrevista en Econom\u00eda Digital. \u2014 Entrevista en Ideas para tu empresa de Vodafone. \u2014 Entrevista en M\u00e1sQradio. \u2014 Entrevista en Armas para emprender de El M\u00e9todo Gallardo. \u2014 Entrevista en KFund. \u2014 Entrevista en AXA Seguros Espa\u00f1a. \u2014 Entrevista en GestionaRadio. \u00a0 Marcos De La Cueva en eventos \u00a0 \u2014 Participaci\u00f3n como ponente en Accountex Espa\u00f1a 2023. \u00a0 Tem\u00e1ticas de especializaci\u00f3n \u00a0 negocios | startups | contabilidad| fiscalidad | empresas| asesor\u00edas| autonomos | emprendedores | peque\u00f1os negocios | econom\u00eda | ADE | pymes | desarrollo de negocio\u00a0\",\"sameAs\":[\"https:\/\/www.billin.net\/\",\"https:\/\/www.linkedin.com\/in\/marcos-de-la-cueva-19750ba3\/\"],\"url\":\"https:\/\/www.billin.net\/blog\/author\/marcosdelacueva\/\",\"jobTitle\":\"CEO y cofundador de TS Facturas Billin\"}]}<\/script>\n<!-- \/ Yoast SEO plugin. -->","yoast_head_json":{"title":"Como declarar las ayudas Kit Digital si eres aut\u00f3nomo - TeamSystem Facturas Billin","description":"Descubre las consecuencias fiscales del Kit Digital para aut\u00f3nomos y c\u00f3mo declararlo correctamente.","robots":{"index":"index","follow":"follow","max-snippet":"max-snippet:-1","max-image-preview":"max-image-preview:large","max-video-preview":"max-video-preview:-1"},"canonical":"https:\/\/www.billin.net\/blog\/declarar-kit-digital-autonomos\/","og_locale":"es_ES","og_type":"article","og_title":"Como declarar las ayudas Kit Digital si eres aut\u00f3nomo - TeamSystem Facturas Billin","og_description":"Descubre las consecuencias fiscales del Kit Digital para aut\u00f3nomos y c\u00f3mo declararlo correctamente.","og_url":"https:\/\/www.billin.net\/blog\/declarar-kit-digital-autonomos\/","og_site_name":"Blog de TeamSystem Facturas Billin","article_publisher":"https:\/\/www.facebook.com\/EsBillin","article_published_time":"2023-06-15T22:00:00+00:00","article_modified_time":"2025-09-25T18:31:14+00:00","og_image":[{"width":1024,"height":684,"url":"https:\/\/www.billin.net\/blog\/wp-content\/uploads\/2023\/06\/pexels-christina-morillo-1181675-1024x684.jpg","type":"image\/jpeg"}],"author":"Marcos De La Cueva - CEO TeamSystem Facturas Billin","twitter_card":"summary_large_image","twitter_creator":"@Billin_ES","twitter_site":"@Billin_ES","twitter_misc":{"Escrito por":"Marcos De La Cueva - CEO TeamSystem Facturas Billin","Tiempo de lectura":"5 minutos"},"schema":{"@context":"https:\/\/schema.org","@graph":[{"@type":"Article","@id":"https:\/\/www.billin.net\/blog\/declarar-kit-digital-autonomos\/#article","isPartOf":{"@id":"https:\/\/www.billin.net\/blog\/declarar-kit-digital-autonomos\/"},"author":{"name":"Marcos De La Cueva - CEO TeamSystem Facturas Billin","@id":"https:\/\/www.billin.net\/blog\/#\/schema\/person\/d0339ee6e869234614541b1e80a793e7"},"headline":"C\u00f3mo declarar el Kit Digital si eres aut\u00f3nomo: conoce su tratamiento fiscal","datePublished":"2023-06-15T22:00:00+00:00","dateModified":"2025-09-25T18:31:14+00:00","mainEntityOfPage":{"@id":"https:\/\/www.billin.net\/blog\/declarar-kit-digital-autonomos\/"},"wordCount":1008,"commentCount":4,"publisher":{"@id":"https:\/\/www.billin.net\/blog\/#organization"},"image":{"@id":"https:\/\/www.billin.net\/blog\/declarar-kit-digital-autonomos\/#primaryimage"},"thumbnailUrl":"https:\/\/www.billin.net\/blog\/wp-content\/uploads\/2023\/06\/pexels-christina-morillo-1181675.jpg","keywords":["Aut\u00f3nomos"],"articleSection":["Fiscalidad"],"inLanguage":"es","potentialAction":[{"@type":"CommentAction","name":"Comment","target":["https:\/\/www.billin.net\/blog\/declarar-kit-digital-autonomos\/#respond"]}]},{"@type":"WebPage","@id":"https:\/\/www.billin.net\/blog\/declarar-kit-digital-autonomos\/","url":"https:\/\/www.billin.net\/blog\/declarar-kit-digital-autonomos\/","name":"Como declarar las ayudas Kit Digital si eres aut\u00f3nomo - TeamSystem Facturas Billin","isPartOf":{"@id":"https:\/\/www.billin.net\/blog\/#website"},"primaryImageOfPage":{"@id":"https:\/\/www.billin.net\/blog\/declarar-kit-digital-autonomos\/#primaryimage"},"image":{"@id":"https:\/\/www.billin.net\/blog\/declarar-kit-digital-autonomos\/#primaryimage"},"thumbnailUrl":"https:\/\/www.billin.net\/blog\/wp-content\/uploads\/2023\/06\/pexels-christina-morillo-1181675.jpg","datePublished":"2023-06-15T22:00:00+00:00","dateModified":"2025-09-25T18:31:14+00:00","description":"Descubre las consecuencias fiscales del Kit Digital para aut\u00f3nomos y c\u00f3mo declararlo correctamente.","breadcrumb":{"@id":"https:\/\/www.billin.net\/blog\/declarar-kit-digital-autonomos\/#breadcrumb"},"inLanguage":"es","potentialAction":[{"@type":"ReadAction","target":["https:\/\/www.billin.net\/blog\/declarar-kit-digital-autonomos\/"]}]},{"@type":"ImageObject","inLanguage":"es","@id":"https:\/\/www.billin.net\/blog\/declarar-kit-digital-autonomos\/#primaryimage","url":"https:\/\/www.billin.net\/blog\/wp-content\/uploads\/2023\/06\/pexels-christina-morillo-1181675.jpg","contentUrl":"https:\/\/www.billin.net\/blog\/wp-content\/uploads\/2023\/06\/pexels-christina-morillo-1181675.jpg","width":6016,"height":4016},{"@type":"BreadcrumbList","@id":"https:\/\/www.billin.net\/blog\/declarar-kit-digital-autonomos\/#breadcrumb","itemListElement":[{"@type":"ListItem","position":1,"name":"Blog","item":"https:\/\/www.billin.net\/blog\/"},{"@type":"ListItem","position":2,"name":"Fiscalidad","item":"https:\/\/www.billin.net\/blog\/fiscalidad\/"},{"@type":"ListItem","position":3,"name":"C\u00f3mo declarar el Kit Digital si eres aut\u00f3nomo: conoce su tratamiento fiscal"}]},{"@type":"WebSite","@id":"https:\/\/www.billin.net\/blog\/#website","url":"https:\/\/www.billin.net\/blog\/","name":"Blog de Billin","description":"Mantente informado con el blog de TeamSystem Facturas Billin:  facturaci\u00f3n, legislaci\u00f3n, contabilidad, management y toda la informaci\u00f3n \u00fatil para pymes y aut\u00f3nomos.","publisher":{"@id":"https:\/\/www.billin.net\/blog\/#organization"},"potentialAction":[{"@type":"SearchAction","target":{"@type":"EntryPoint","urlTemplate":"https:\/\/www.billin.net\/blog\/?s={search_term_string}"},"query-input":{"@type":"PropertyValueSpecification","valueRequired":true,"valueName":"search_term_string"}}],"inLanguage":"es"},{"@type":"Organization","@id":"https:\/\/www.billin.net\/blog\/#organization","name":"Billin","alternateName":"Blog de Billin","url":"https:\/\/www.billin.net\/blog\/","logo":{"@type":"ImageObject","inLanguage":"es","@id":"https:\/\/www.billin.net\/blog\/#\/schema\/logo\/image\/","url":"https:\/\/www.billin.net\/blog\/wp-content\/uploads\/2019\/06\/logotipo-billin-blog-1.png","contentUrl":"https:\/\/www.billin.net\/blog\/wp-content\/uploads\/2019\/06\/logotipo-billin-blog-1.png","width":126,"height":50,"caption":"Billin"},"image":{"@id":"https:\/\/www.billin.net\/blog\/#\/schema\/logo\/image\/"},"sameAs":["https:\/\/www.facebook.com\/EsBillin","https:\/\/x.com\/Billin_ES","https:\/\/www.instagram.com\/billin_es\/","https:\/\/www.linkedin.com\/company\/billin-spain","https:\/\/www.youtube.com\/c\/BillinEsintercambiodefacturas\/"],"legalName":"MY EXPENSES SL","contactPoint":{"@type":"ContactPoint","telephone":"+34918318883","contactType":"customer service","email":"info@billin.eu","availableLanguage":"es"},"foundingDate":"2015","numberOfEmployees":{"@type":"QuantitativeValue","minValue":10,"maxValue":50},"parentOrganization":{"@type":"Organization","name":"TeamSystem","url":"https:\/\/www.teamsystem.com\/"},"description":"Billin es el programa de facturaci\u00f3n online de TeamSystem para aut\u00f3nomos y pymes en Espa\u00f1a. Permite crear facturas, controlar gastos y cumplir con Verifactu.","address":{"@type":"PostalAddress","streetAddress":"Calle Arturo Soria, 336","addressLocality":"Madrid","addressRegion":"Madrid","postalCode":"28033","addressCountry":"ES"}},{"@type":"Person","@id":"https:\/\/www.billin.net\/blog\/#\/schema\/person\/d0339ee6e869234614541b1e80a793e7","name":"Marcos De La Cueva - CEO TeamSystem Facturas Billin","image":{"@type":"ImageObject","inLanguage":"es","@id":"https:\/\/www.billin.net\/blog\/#\/schema\/person\/image\/","url":"https:\/\/www.billin.net\/blog\/wp-content\/uploads\/2023\/10\/marcos-color-150x150.png","contentUrl":"https:\/\/www.billin.net\/blog\/wp-content\/uploads\/2023\/10\/marcos-color-150x150.png","caption":"Marcos De La Cueva - CEO TeamSystem Facturas Billin"},"description":"Licenciado en ADE por la Universidad Aut\u00f3noma de Madrid, Marcos De la Cueva es CEO y cofundador de TeamSystem Facturas Billin, un programa online que lleva m\u00e1s de 9 a\u00f1os ayudando a aut\u00f3nomos, peque\u00f1os negocios y gestor\u00edas a digitalizar sus presupuestos, facturas, tickets y gastos. \u00a0 Sobre Marcos De La Cueva \u00a0 Apasionado por el mundo empresarial y la tecnolog\u00eda, curs\u00f3 su M\u00e1ster de Finanzas en la Universidad Pontificia de Comillas y estuvo en el Programa de Cooperaci\u00f3n Educativa de la Universidad Aut\u00f3noma de Madrid. \u00a0 Marcos siempre ha tenido su objetivo claro: ayudar a la creaci\u00f3n de negocios financieramente sostenibles a trav\u00e9s de una herramienta de facturaci\u00f3n que les permita ahorrar tiempo y tener la contabilidad bajo control. \u00a0 Marcos De La Cueva en los medios \u2014 Noticia sobre Kit Digital y Ley Antifraude (VeriFactu) en El Economista. \u2014 Noticia sobre Kit Digital y factura electr\u00f3nica obligatoria en Diario Jur\u00eddico. \u2014 Noticia sobre el a\u00f1o de transici\u00f3n para la factura electr\u00f3nica en Muy Pymes. \u2014 Entrevista sobre factura electr\u00f3nica obligatoria en Canal Sur. \u2014 Noticia sobre el informe factura electr\u00f3nica de TeamSystem en Channel Partner. \u2014 Charla sobre productividad y Ley Crea y Crece en El Economista. \u2014 Charla sobre factura electr\u00f3nica obligatoria en Muy Pymes. \u2014 Charla sobre digitalizaci\u00f3n aut\u00f3nomos y productividad en esdiario. \u2014 Charla sobre productividad y factura electr\u00f3nica en La Raz\u00f3n. \u2014 Charla sobre factura electr\u00f3nica obligatoria en Aut\u00f3nomos y Emprendedores. \u2014 Entrevista sobre Ley Antifraude y Ley Crea y Crece en Expansi\u00f3n. \u2014 Entrevista sobre Ley Antifraude y Ley Crea y Crece en La Raz\u00f3n. \u2014 Entrevista sobre factura electr\u00f3nica obligatoria en El Economista. \u2014 Comunicado Billin y TeamSystem en Business Insider. \u2014 Entrevista en Econom\u00eda Digital. \u2014 Entrevista en Ideas para tu empresa de Vodafone. \u2014 Entrevista en M\u00e1sQradio. \u2014 Entrevista en Armas para emprender de El M\u00e9todo Gallardo. \u2014 Entrevista en KFund. \u2014 Entrevista en AXA Seguros Espa\u00f1a. \u2014 Entrevista en GestionaRadio. \u00a0 Marcos De La Cueva en eventos \u00a0 \u2014 Participaci\u00f3n como ponente en Accountex Espa\u00f1a 2023. \u00a0 Tem\u00e1ticas de especializaci\u00f3n \u00a0 negocios | startups | contabilidad| fiscalidad | empresas| asesor\u00edas| autonomos | emprendedores | peque\u00f1os negocios | econom\u00eda | ADE | pymes | desarrollo de negocio\u00a0","sameAs":["https:\/\/www.billin.net\/","https:\/\/www.linkedin.com\/in\/marcos-de-la-cueva-19750ba3\/"],"url":"https:\/\/www.billin.net\/blog\/author\/marcosdelacueva\/","jobTitle":"CEO y cofundador de TS Facturas Billin"}]}},"_links":{"self":[{"href":"https:\/\/www.billin.net\/blog\/wp-json\/wp\/v2\/posts\/20630","targetHints":{"allow":["GET"]}}],"collection":[{"href":"https:\/\/www.billin.net\/blog\/wp-json\/wp\/v2\/posts"}],"about":[{"href":"https:\/\/www.billin.net\/blog\/wp-json\/wp\/v2\/types\/post"}],"author":[{"embeddable":true,"href":"https:\/\/www.billin.net\/blog\/wp-json\/wp\/v2\/users\/20"}],"replies":[{"embeddable":true,"href":"https:\/\/www.billin.net\/blog\/wp-json\/wp\/v2\/comments?post=20630"}],"version-history":[{"count":12,"href":"https:\/\/www.billin.net\/blog\/wp-json\/wp\/v2\/posts\/20630\/revisions"}],"predecessor-version":[{"id":26692,"href":"https:\/\/www.billin.net\/blog\/wp-json\/wp\/v2\/posts\/20630\/revisions\/26692"}],"wp:featuredmedia":[{"embeddable":true,"href":"https:\/\/www.billin.net\/blog\/wp-json\/wp\/v2\/media\/20631"}],"wp:attachment":[{"href":"https:\/\/www.billin.net\/blog\/wp-json\/wp\/v2\/media?parent=20630"}],"wp:term":[{"taxonomy":"category","embeddable":true,"href":"https:\/\/www.billin.net\/blog\/wp-json\/wp\/v2\/categories?post=20630"},{"taxonomy":"post_tag","embeddable":true,"href":"https:\/\/www.billin.net\/blog\/wp-json\/wp\/v2\/tags?post=20630"}],"curies":[{"name":"wp","href":"https:\/\/api.w.org\/{rel}","templated":true}]}}