{"id":20546,"date":"2023-06-01T00:00:00","date_gmt":"2023-05-31T22:00:00","guid":{"rendered":"https:\/\/www.billin.net\/blog\/?p=20546"},"modified":"2025-09-25T20:31:23","modified_gmt":"2025-09-25T18:31:23","slug":"primer-plan-pensiones-online-autonomos","status":"publish","type":"post","link":"https:\/\/www.billin.net\/blog\/primer-plan-pensiones-online-autonomos\/","title":{"rendered":"El primer plan de pensiones para aut\u00f3nomos contratable 100% online en Espa\u00f1a"},"content":{"rendered":"<p>Desde <a href=\"https:\/\/www.billin.net\/\"><strong>Billin<\/strong><\/a> te contamos la entrada en vigor de la nueva normativa sobre <strong>planes de pensiones para aut\u00f3nomos online<\/strong>, que ahora, da a los aut\u00f3nomos la posibilidad de aportar hasta 5.750 euros anuales, frente a los 1.500 euros que se pod\u00edan aportar antes de esta nueva reforma.<\/p>\n<p>A continuaci\u00f3n, analizamos este cambio normativo, que permitir\u00e1 que todos los aut\u00f3nomos puedan aumentar sus deducciones de IRPF y tener mejores ventajas fiscales en cada Declaraci\u00f3n de la Renta.<\/p>\n<p><!--more--><\/p>\n<h2><strong>El nuevo plan de pensiones para aut\u00f3nomos online<\/strong><\/h2>\n<p>Hasta ahora, la ley vigente sobre planes de pensiones de empleo para aut\u00f3nomos, solo permit\u00eda al aut\u00f3nomo poder deducir hasta 1.500 euros anuales a planes de pensiones individuales.<\/p>\n<p>Desde enero de 2023, <strong>la nueva ley permite que los aut\u00f3nomos puedan adquirir un plan de pensiones de empleo \u201csimplificado\u201d<\/strong> promovidos por Asociaciones de aut\u00f3nomos, en el que podr\u00e1n aportar hasta 5.750 euros anuales, es decir, 4.250 euros m\u00e1s de lo que se aporta a un plan de pensiones individual.<\/p>\n<p>Esto significa, qu\u00e9 si un aut\u00f3nomo aporta la cantidad m\u00e1xima a su plan de pensiones de empleo, podr\u00e1 obtener una <strong>ventaja fiscal en la Declaraci\u00f3n de la Renta adicional de hasta 2.000 euros<\/strong> (para un tipo marginal de IRPF del 47%).<\/p>\n<p>Para ofrecer este servicio a los aut\u00f3nomos, <a href=\"https:\/\/indexacapital.com\/es\/epm-holder-initialize?invitation_code=QDXTdy&amp;utm_source=billin&amp;utm_medium=referral&amp;utm_campaign=mailing\">Indexa Capital<\/a>, empresa pionera en servicios para aut\u00f3nomos y planes de pensiones, ha firmado un acuerdo con el Colegio de Ambient\u00f3logos de Catalu\u00f1a, para dar la oportunidad a los aut\u00f3nomos de poder contratar ya un plan de pensiones de empleo en Espa\u00f1a 100% online.<\/p>\n<p>Se prev\u00e9 que en los pr\u00f3ximos meses tambi\u00e9n se sumar\u00e1n otras asociaciones de aut\u00f3nomos que quieran hacerlo libremente, con el fin de ofrecer esta ventaja fiscal para aut\u00f3nomos.<\/p>\n<h2><strong>\u00bfEn qu\u00e9 consiste el nuevo plan de pensiones de empleo de Indexa Capital?<\/strong><\/h2>\n<p>Desde TeamSystem Facturas Billin te informamos de todos los detalles de este primer plan de pensiones de empleo para aut\u00f3nomos contratable online de Indexa Capital en Espa\u00f1a.<\/p>\n<h3>Inversi\u00f3n<\/h3>\n<p>Su modelo de inversi\u00f3n denominado <strong>Indexa Empleo Aut\u00f3nomos PPE simplificado<\/strong>, est\u00e1 formado por dos planes, uno de acciones y otro de bonos, los cuales, se rigen por la misma pol\u00edtica de inversi\u00f3n que un plan de pensiones individual.<\/p>\n<ul>\n<li>Indexa M\u00e1s Rentabilidad Acciones PP.<\/li>\n<li>Indexa M\u00e1s Rentabilidad Bonos PP.<\/li>\n<\/ul>\n<p>Su finalidad es invertir en una cartera de ETFs indexados, que est\u00e9n diversificados globalmente y con bajos costes.<\/p>\n<p>Adem\u00e1s, Indexa Empleo Aut\u00f3nomos PPES est\u00e1 incluido en los Indexa Empleo Acciones y Bonos FP, es decir, los mismos fondos de pensiones que Indexa Empleo PPE para personas jur\u00eddicas.<\/p>\n<p>Su objetivo es lanzar dos planes m\u00e1s, uno de acciones y otro de bonos, con sesgo de inversi\u00f3n socialmente responsable.<\/p>\n<h3>Ciclo de vida<\/h3>\n<p><strong>El ciclo de vida de un plan de pensiones de empleo para empresas<\/strong> es igual que el nuevo plan para aut\u00f3nomos, ya que, se invierte en una combinaci\u00f3n entre acciones y bonos en funci\u00f3n de la edad del cliente, siendo un 80% de acciones para los menores de 35 a\u00f1os y hasta un 40% para los mayores de 65 a\u00f1os.<\/p>\n<p>Desde <a href=\"https:\/\/indexacapital.com\/es\/epm-holder-initialize?invitation_code=QDXTdy&amp;utm_source=billin&amp;utm_medium=referral&amp;utm_campaign=mailing\"><u>Indexa Capital<\/u><\/a> te pueden informar sin coste de todas las tablas por ciclo de vida de forma detallada.<\/p>\n<h2><strong>Caracter\u00edsticas del plan de pensiones de empleo para aut\u00f3nomos<\/strong><\/h2>\n<p>Una de las principales ventajas que tiene contratar <a href=\"https:\/\/indexacapital.com\/es\/epm-holder-initialize?invitation_code=QDXTdy&amp;utm_source=billin&amp;utm_medium=referral&amp;utm_campaign=mailing\">Indexa Empleo Aut\u00f3nomos PPES<\/a> es que puedes hacerlo con tan solo 50 euros, hasta el m\u00e1ximo legal que hemos indicado anteriormente, 5.750 euros anuales.<\/p>\n<p>Adem\u00e1s, si el aut\u00f3nomo cesa en la actividad en el futuro puede <strong>traspasar el plan de pensiones online a otro plan de pensiones individual o a un plan de empleo de su empleador<\/strong>.<\/p>\n<p>O, si hubiera constituido un plan de pensiones de aut\u00f3nomos en otra Compa\u00f1\u00eda puede traspasarlo a Indexa Capital, sin ning\u00fan coste y sin repercusi\u00f3n fiscal.<\/p>\n<h2><strong>\u00bfQu\u00e9 pron\u00f3stico tiene de rentabilidad un plan de pensiones de empleo para aut\u00f3nomos?<\/strong><\/h2>\n<p>Otra informaci\u00f3n importante que conocemos de este nuevo plan de Indexa Capital, es que el pron\u00f3stico de rentabilidad y de riesgo a largo plazo de un plan de pensiones aut\u00f3nomos online es el mismo que para las carteras de planes de pensiones individuales.<\/p>\n<p>La media de rentabilidad anual se sit\u00faa en el 5,8% anual, siendo desde un 5,1% anual para los mayores de 65 a\u00f1os (con un 40 % de acciones y un 60 % de bonos), y hasta el 6,5% anuales para los part\u00edcipes menos de 35 a\u00f1os (con un 80 % de acciones y un 20 % de bonos).<\/p>\n<p>El pron\u00f3stico de volatilidad media se sit\u00faa en el 9,4%, es decir, la rentabilidad fluct\u00faa entre 12,6% y 24,2% cada a\u00f1o, con una probabilidad del 95%.<\/p>\n<p>Indexa Capital ha tenido una rentabilidad desde 2016 al 2022 de los planes de pensiones individuales, con la misma composici\u00f3n que los planes de empleo, de un 27,1 % (una media de un 4% anual).<\/p>\n<h2><strong>\u00bfC\u00f3mo afecta fiscalmente el plan de pensiones de empleo para aut\u00f3nomos?<\/strong><\/h2>\n<p>Por \u00faltimo, destacamos las ventajas fiscales del plan de pensiones para aut\u00f3nomos, ya que, este se incluye en la base imponible del IRPF, igual que un plan de pensiones individual, consiguiendo que tus aportaciones reduzcan la base imponible y el porcentaje de IRPF.<\/p>\n<p>Por tanto, <strong>la principal ventaja del plan pensiones de empleo para aut\u00f3nomos es su deducci\u00f3n fiscal<\/strong>, ya que, se incluyen en tu base imponible del IRPF, al igual que un plan de pensiones individual.<\/p>\n<p>Por ejemplo, una aportaci\u00f3n de 5.750 euros con un tipo marginal del 30%, equivaldr\u00eda a una reducci\u00f3n de 1.725 euros al a\u00f1o.<\/p>\n<p>Y, a la hora de recibir lo aportado del plan de pensiones de aut\u00f3nomos, como probablemente el aut\u00f3nomo ya estar\u00e1 jubilado, tributar\u00e1 a un tipo marginal m\u00e1s bajo que el que tiene actualmente, obteniendo nuevamente otra ventaja fiscal.<\/p>\n<p>Tambi\u00e9n, hay que tener en cuenta que la inversi\u00f3n en planes de empleo no es l\u00edquida, ya que, para su rescate hay que cumplir determinados requisitos establecidos por ley.<\/p>\n<p><strong>Desde TeamSystem Facturas Billin hemos repasado los determinados supuestos para rescatar el plan de pensiones de aut\u00f3nomos en Espa\u00f1a:<\/strong><\/p>\n<ul>\n<li>Jubilaci\u00f3n.<\/li>\n<li>Gran dependencia o dependencia severa.<\/li>\n<li>Desempleado de larga duraci\u00f3n.<\/li>\n<li>Enfermedad grave.<\/li>\n<li>Fallecimiento del titular.<\/li>\n<li>Invalidez.<\/li>\n<li>A partir del a\u00f1o 2025 se podr\u00e1n rescatar las participaciones que correspondan a m\u00e1s de 10 a\u00f1os de antig\u00fcedad.<\/li>\n<\/ul>\n<p>Si eres aut\u00f3nomo o persona jur\u00eddica, con o sin trabajadores, ya puedes contratar el nuevo <a href=\"https:\/\/indexacapital.com\/es\/epm-holder-initialize?invitation_code=QDXTdy&amp;utm_source=billin&amp;utm_medium=referral&amp;utm_campaign=mailing\">plan de pensiones Indexa online<\/a>.<\/p>\n<p>Las asociaciones de aut\u00f3nomos que quieran adherirse a este plan de pensiones de empleo pueden hacerlo a trav\u00e9s de un procedimiento muy sencillo, que les permitir\u00e1 sumarse a esta nueva iniciativa sin ning\u00fan coste.<\/p>\n<p>&nbsp;<\/p>\n","protected":false},"excerpt":{"rendered":"<p>Desde Billin te contamos la entrada en vigor de la nueva normativa sobre planes de pensiones para aut\u00f3nomos online, que ahora, da a los aut\u00f3nomos la posibilidad de aportar hasta 5.750 euros anuales, frente a los 1.500 euros que se pod\u00edan aportar antes de esta nueva reforma. A continuaci\u00f3n, analizamos este cambio normativo, que permitir\u00e1 [&hellip;]<\/p>\n","protected":false},"author":20,"featured_media":20588,"comment_status":"open","ping_status":"open","sticky":false,"template":"","format":"standard","meta":{"_acf_changed":false,"_et_pb_use_builder":"","_et_pb_old_content":"","_et_gb_content_width":"","om_disable_all_campaigns":false,"inline_featured_image":false,"footnotes":""},"categories":[1019],"tags":[1380],"class_list":{"0":"post-20546","1":"post","2":"type-post","3":"status-publish","4":"format-standard","5":"has-post-thumbnail","7":"category-tesoreria","8":"tag-autonomos"},"acf":{"selector_de_usuario":null,"fecha_de_revision":"20230606"},"yoast_head":"<!-- This site is optimized with the Yoast SEO plugin v27.1 - https:\/\/yoast.com\/product\/yoast-seo-wordpress\/ -->\n<title>Plan pensiones para aut\u00f3nomos online Espa\u00f1a \u2013 TeamSystem Facturas Billin<\/title>\n<meta name=\"description\" content=\"Desde Billin te contamos la entrada en vigor de la nueva normativa sobre planes de pensiones para aut\u00f3nomos online, que ahora, da a los aut\u00f3nomos la\" \/>\n<meta name=\"robots\" content=\"index, follow, max-snippet:-1, max-image-preview:large, max-video-preview:-1\" \/>\n<link rel=\"canonical\" href=\"https:\/\/www.billin.net\/blog\/primer-plan-pensiones-online-autonomos\/\" \/>\n<meta property=\"og:locale\" content=\"es_ES\" \/>\n<meta property=\"og:type\" content=\"article\" \/>\n<meta property=\"og:title\" content=\"Plan pensiones para aut\u00f3nomos online Espa\u00f1a \u2013 TeamSystem Facturas Billin\" \/>\n<meta property=\"og:description\" content=\"Desde Billin te contamos la entrada en vigor de la nueva normativa sobre planes de pensiones para aut\u00f3nomos online, que ahora, da a los aut\u00f3nomos la\" \/>\n<meta property=\"og:url\" content=\"https:\/\/www.billin.net\/blog\/primer-plan-pensiones-online-autonomos\/\" \/>\n<meta property=\"og:site_name\" content=\"Blog de TeamSystem Facturas Billin\" \/>\n<meta property=\"article:publisher\" content=\"https:\/\/www.facebook.com\/EsBillin\" \/>\n<meta property=\"article:published_time\" content=\"2023-05-31T22:00:00+00:00\" \/>\n<meta property=\"article:modified_time\" content=\"2025-09-25T18:31:23+00:00\" \/>\n<meta property=\"og:image\" content=\"https:\/\/www.billin.net\/blog\/wp-content\/uploads\/2023\/06\/shutterstock_1941923092-1024x683.jpg\" \/>\n\t<meta property=\"og:image:width\" content=\"1024\" \/>\n\t<meta property=\"og:image:height\" content=\"683\" \/>\n\t<meta property=\"og:image:type\" content=\"image\/jpeg\" \/>\n<meta name=\"author\" content=\"Marcos De La Cueva - CEO TeamSystem Facturas Billin\" \/>\n<meta name=\"twitter:card\" content=\"summary_large_image\" \/>\n<meta name=\"twitter:creator\" content=\"@Billin_ES\" \/>\n<meta name=\"twitter:site\" content=\"@Billin_ES\" \/>\n<meta name=\"twitter:label1\" content=\"Escrito por\" \/>\n\t<meta name=\"twitter:data1\" content=\"Marcos De La Cueva - CEO TeamSystem Facturas Billin\" \/>\n\t<meta name=\"twitter:label2\" content=\"Tiempo de lectura\" \/>\n\t<meta name=\"twitter:data2\" content=\"5 minutos\" \/>\n<script type=\"application\/ld+json\" class=\"yoast-schema-graph\">{\"@context\":\"https:\/\/schema.org\",\"@graph\":[{\"@type\":\"Article\",\"@id\":\"https:\/\/www.billin.net\/blog\/primer-plan-pensiones-online-autonomos\/#article\",\"isPartOf\":{\"@id\":\"https:\/\/www.billin.net\/blog\/primer-plan-pensiones-online-autonomos\/\"},\"author\":{\"name\":\"Marcos De La Cueva - CEO TeamSystem Facturas Billin\",\"@id\":\"https:\/\/www.billin.net\/blog\/#\/schema\/person\/d0339ee6e869234614541b1e80a793e7\"},\"headline\":\"El primer plan de pensiones para aut\u00f3nomos contratable 100% online en Espa\u00f1a\",\"datePublished\":\"2023-05-31T22:00:00+00:00\",\"dateModified\":\"2025-09-25T18:31:23+00:00\",\"mainEntityOfPage\":{\"@id\":\"https:\/\/www.billin.net\/blog\/primer-plan-pensiones-online-autonomos\/\"},\"wordCount\":1152,\"commentCount\":0,\"publisher\":{\"@id\":\"https:\/\/www.billin.net\/blog\/#organization\"},\"image\":{\"@id\":\"https:\/\/www.billin.net\/blog\/primer-plan-pensiones-online-autonomos\/#primaryimage\"},\"thumbnailUrl\":\"https:\/\/www.billin.net\/blog\/wp-content\/uploads\/2023\/06\/shutterstock_1941923092.jpg\",\"keywords\":[\"Aut\u00f3nomos\"],\"articleSection\":[\"Tesorer\u00eda\"],\"inLanguage\":\"es\",\"potentialAction\":[{\"@type\":\"CommentAction\",\"name\":\"Comment\",\"target\":[\"https:\/\/www.billin.net\/blog\/primer-plan-pensiones-online-autonomos\/#respond\"]}]},{\"@type\":\"WebPage\",\"@id\":\"https:\/\/www.billin.net\/blog\/primer-plan-pensiones-online-autonomos\/\",\"url\":\"https:\/\/www.billin.net\/blog\/primer-plan-pensiones-online-autonomos\/\",\"name\":\"Plan pensiones para aut\u00f3nomos online Espa\u00f1a \u2013 TeamSystem Facturas Billin\",\"isPartOf\":{\"@id\":\"https:\/\/www.billin.net\/blog\/#website\"},\"primaryImageOfPage\":{\"@id\":\"https:\/\/www.billin.net\/blog\/primer-plan-pensiones-online-autonomos\/#primaryimage\"},\"image\":{\"@id\":\"https:\/\/www.billin.net\/blog\/primer-plan-pensiones-online-autonomos\/#primaryimage\"},\"thumbnailUrl\":\"https:\/\/www.billin.net\/blog\/wp-content\/uploads\/2023\/06\/shutterstock_1941923092.jpg\",\"datePublished\":\"2023-05-31T22:00:00+00:00\",\"dateModified\":\"2025-09-25T18:31:23+00:00\",\"description\":\"Desde Billin te contamos la entrada en vigor de la nueva normativa sobre planes de pensiones para aut\u00f3nomos online, que ahora, da a los aut\u00f3nomos la\",\"breadcrumb\":{\"@id\":\"https:\/\/www.billin.net\/blog\/primer-plan-pensiones-online-autonomos\/#breadcrumb\"},\"inLanguage\":\"es\",\"potentialAction\":[{\"@type\":\"ReadAction\",\"target\":[\"https:\/\/www.billin.net\/blog\/primer-plan-pensiones-online-autonomos\/\"]}]},{\"@type\":\"ImageObject\",\"inLanguage\":\"es\",\"@id\":\"https:\/\/www.billin.net\/blog\/primer-plan-pensiones-online-autonomos\/#primaryimage\",\"url\":\"https:\/\/www.billin.net\/blog\/wp-content\/uploads\/2023\/06\/shutterstock_1941923092.jpg\",\"contentUrl\":\"https:\/\/www.billin.net\/blog\/wp-content\/uploads\/2023\/06\/shutterstock_1941923092.jpg\",\"width\":7952,\"height\":5304,\"caption\":\"imagen plan pensiones indexa\"},{\"@type\":\"BreadcrumbList\",\"@id\":\"https:\/\/www.billin.net\/blog\/primer-plan-pensiones-online-autonomos\/#breadcrumb\",\"itemListElement\":[{\"@type\":\"ListItem\",\"position\":1,\"name\":\"Blog\",\"item\":\"https:\/\/www.billin.net\/blog\/\"},{\"@type\":\"ListItem\",\"position\":2,\"name\":\"Tesorer\u00eda\",\"item\":\"https:\/\/www.billin.net\/blog\/tesoreria\/\"},{\"@type\":\"ListItem\",\"position\":3,\"name\":\"El primer plan de pensiones para aut\u00f3nomos contratable 100% online en Espa\u00f1a\"}]},{\"@type\":\"WebSite\",\"@id\":\"https:\/\/www.billin.net\/blog\/#website\",\"url\":\"https:\/\/www.billin.net\/blog\/\",\"name\":\"Blog de Billin\",\"description\":\"Mantente informado con el blog de TeamSystem Facturas Billin:  facturaci\u00f3n, legislaci\u00f3n, contabilidad, management y toda la informaci\u00f3n \u00fatil para pymes y aut\u00f3nomos.\",\"publisher\":{\"@id\":\"https:\/\/www.billin.net\/blog\/#organization\"},\"potentialAction\":[{\"@type\":\"SearchAction\",\"target\":{\"@type\":\"EntryPoint\",\"urlTemplate\":\"https:\/\/www.billin.net\/blog\/?s={search_term_string}\"},\"query-input\":{\"@type\":\"PropertyValueSpecification\",\"valueRequired\":true,\"valueName\":\"search_term_string\"}}],\"inLanguage\":\"es\"},{\"@type\":\"Organization\",\"@id\":\"https:\/\/www.billin.net\/blog\/#organization\",\"name\":\"Billin\",\"alternateName\":\"Blog de Billin\",\"url\":\"https:\/\/www.billin.net\/blog\/\",\"logo\":{\"@type\":\"ImageObject\",\"inLanguage\":\"es\",\"@id\":\"https:\/\/www.billin.net\/blog\/#\/schema\/logo\/image\/\",\"url\":\"https:\/\/www.billin.net\/blog\/wp-content\/uploads\/2019\/06\/logotipo-billin-blog-1.png\",\"contentUrl\":\"https:\/\/www.billin.net\/blog\/wp-content\/uploads\/2019\/06\/logotipo-billin-blog-1.png\",\"width\":126,\"height\":50,\"caption\":\"Billin\"},\"image\":{\"@id\":\"https:\/\/www.billin.net\/blog\/#\/schema\/logo\/image\/\"},\"sameAs\":[\"https:\/\/www.facebook.com\/EsBillin\",\"https:\/\/x.com\/Billin_ES\",\"https:\/\/www.instagram.com\/billin_es\/\",\"https:\/\/www.linkedin.com\/company\/billin-spain\",\"https:\/\/www.youtube.com\/c\/BillinEsintercambiodefacturas\/\"],\"legalName\":\"MY EXPENSES SL\",\"contactPoint\":{\"@type\":\"ContactPoint\",\"telephone\":\"+34918318883\",\"contactType\":\"customer service\",\"email\":\"info@billin.eu\",\"availableLanguage\":\"es\"},\"foundingDate\":\"2015\",\"numberOfEmployees\":{\"@type\":\"QuantitativeValue\",\"minValue\":10,\"maxValue\":50},\"parentOrganization\":{\"@type\":\"Organization\",\"name\":\"TeamSystem\",\"url\":\"https:\/\/www.teamsystem.com\/\"},\"description\":\"Billin es el programa de facturaci\u00f3n online de TeamSystem para aut\u00f3nomos y pymes en Espa\u00f1a. Permite crear facturas, controlar gastos y cumplir con Verifactu.\",\"address\":{\"@type\":\"PostalAddress\",\"streetAddress\":\"Calle Arturo Soria, 336\",\"addressLocality\":\"Madrid\",\"addressRegion\":\"Madrid\",\"postalCode\":\"28033\",\"addressCountry\":\"ES\"}},{\"@type\":\"Person\",\"@id\":\"https:\/\/www.billin.net\/blog\/#\/schema\/person\/d0339ee6e869234614541b1e80a793e7\",\"name\":\"Marcos De La Cueva - CEO TeamSystem Facturas Billin\",\"image\":{\"@type\":\"ImageObject\",\"inLanguage\":\"es\",\"@id\":\"https:\/\/www.billin.net\/blog\/#\/schema\/person\/image\/\",\"url\":\"https:\/\/www.billin.net\/blog\/wp-content\/uploads\/2023\/10\/marcos-color-150x150.png\",\"contentUrl\":\"https:\/\/www.billin.net\/blog\/wp-content\/uploads\/2023\/10\/marcos-color-150x150.png\",\"caption\":\"Marcos De La Cueva - CEO TeamSystem Facturas Billin\"},\"description\":\"Licenciado en ADE por la Universidad Aut\u00f3noma de Madrid, Marcos De la Cueva es CEO y cofundador de TeamSystem Facturas Billin, un programa online que lleva m\u00e1s de 9 a\u00f1os ayudando a aut\u00f3nomos, peque\u00f1os negocios y gestor\u00edas a digitalizar sus presupuestos, facturas, tickets y gastos. \u00a0 Sobre Marcos De La Cueva \u00a0 Apasionado por el mundo empresarial y la tecnolog\u00eda, curs\u00f3 su M\u00e1ster de Finanzas en la Universidad Pontificia de Comillas y estuvo en el Programa de Cooperaci\u00f3n Educativa de la Universidad Aut\u00f3noma de Madrid. \u00a0 Marcos siempre ha tenido su objetivo claro: ayudar a la creaci\u00f3n de negocios financieramente sostenibles a trav\u00e9s de una herramienta de facturaci\u00f3n que les permita ahorrar tiempo y tener la contabilidad bajo control. \u00a0 Marcos De La Cueva en los medios \u2014 Noticia sobre Kit Digital y Ley Antifraude (VeriFactu) en El Economista. \u2014 Noticia sobre Kit Digital y factura electr\u00f3nica obligatoria en Diario Jur\u00eddico. \u2014 Noticia sobre el a\u00f1o de transici\u00f3n para la factura electr\u00f3nica en Muy Pymes. \u2014 Entrevista sobre factura electr\u00f3nica obligatoria en Canal Sur. \u2014 Noticia sobre el informe factura electr\u00f3nica de TeamSystem en Channel Partner. \u2014 Charla sobre productividad y Ley Crea y Crece en El Economista. \u2014 Charla sobre factura electr\u00f3nica obligatoria en Muy Pymes. \u2014 Charla sobre digitalizaci\u00f3n aut\u00f3nomos y productividad en esdiario. \u2014 Charla sobre productividad y factura electr\u00f3nica en La Raz\u00f3n. \u2014 Charla sobre factura electr\u00f3nica obligatoria en Aut\u00f3nomos y Emprendedores. \u2014 Entrevista sobre Ley Antifraude y Ley Crea y Crece en Expansi\u00f3n. \u2014 Entrevista sobre Ley Antifraude y Ley Crea y Crece en La Raz\u00f3n. \u2014 Entrevista sobre factura electr\u00f3nica obligatoria en El Economista. \u2014 Comunicado Billin y TeamSystem en Business Insider. \u2014 Entrevista en Econom\u00eda Digital. \u2014 Entrevista en Ideas para tu empresa de Vodafone. \u2014 Entrevista en M\u00e1sQradio. \u2014 Entrevista en Armas para emprender de El M\u00e9todo Gallardo. \u2014 Entrevista en KFund. \u2014 Entrevista en AXA Seguros Espa\u00f1a. \u2014 Entrevista en GestionaRadio. \u00a0 Marcos De La Cueva en eventos \u00a0 \u2014 Participaci\u00f3n como ponente en Accountex Espa\u00f1a 2023. \u00a0 Tem\u00e1ticas de especializaci\u00f3n \u00a0 negocios | startups | contabilidad| fiscalidad | empresas| asesor\u00edas| autonomos | emprendedores | peque\u00f1os negocios | econom\u00eda | ADE | pymes | desarrollo de negocio\u00a0\",\"sameAs\":[\"https:\/\/www.billin.net\/\",\"https:\/\/www.linkedin.com\/in\/marcos-de-la-cueva-19750ba3\/\"],\"url\":\"https:\/\/www.billin.net\/blog\/author\/marcosdelacueva\/\",\"jobTitle\":\"CEO y cofundador de TS Facturas Billin\"}]}<\/script>\n<!-- \/ Yoast SEO plugin. -->","yoast_head_json":{"title":"Plan pensiones para aut\u00f3nomos online Espa\u00f1a \u2013 TeamSystem Facturas Billin","description":"Desde Billin te contamos la entrada en vigor de la nueva normativa sobre planes de pensiones para aut\u00f3nomos online, que ahora, da a los aut\u00f3nomos la","robots":{"index":"index","follow":"follow","max-snippet":"max-snippet:-1","max-image-preview":"max-image-preview:large","max-video-preview":"max-video-preview:-1"},"canonical":"https:\/\/www.billin.net\/blog\/primer-plan-pensiones-online-autonomos\/","og_locale":"es_ES","og_type":"article","og_title":"Plan pensiones para aut\u00f3nomos online Espa\u00f1a \u2013 TeamSystem Facturas Billin","og_description":"Desde Billin te contamos la entrada en vigor de la nueva normativa sobre planes de pensiones para aut\u00f3nomos online, que ahora, da a los aut\u00f3nomos la","og_url":"https:\/\/www.billin.net\/blog\/primer-plan-pensiones-online-autonomos\/","og_site_name":"Blog de TeamSystem Facturas Billin","article_publisher":"https:\/\/www.facebook.com\/EsBillin","article_published_time":"2023-05-31T22:00:00+00:00","article_modified_time":"2025-09-25T18:31:23+00:00","og_image":[{"width":1024,"height":683,"url":"https:\/\/www.billin.net\/blog\/wp-content\/uploads\/2023\/06\/shutterstock_1941923092-1024x683.jpg","type":"image\/jpeg"}],"author":"Marcos De La Cueva - CEO TeamSystem Facturas Billin","twitter_card":"summary_large_image","twitter_creator":"@Billin_ES","twitter_site":"@Billin_ES","twitter_misc":{"Escrito por":"Marcos De La Cueva - CEO TeamSystem Facturas Billin","Tiempo de lectura":"5 minutos"},"schema":{"@context":"https:\/\/schema.org","@graph":[{"@type":"Article","@id":"https:\/\/www.billin.net\/blog\/primer-plan-pensiones-online-autonomos\/#article","isPartOf":{"@id":"https:\/\/www.billin.net\/blog\/primer-plan-pensiones-online-autonomos\/"},"author":{"name":"Marcos De La Cueva - CEO TeamSystem Facturas Billin","@id":"https:\/\/www.billin.net\/blog\/#\/schema\/person\/d0339ee6e869234614541b1e80a793e7"},"headline":"El primer plan de pensiones para aut\u00f3nomos contratable 100% online en Espa\u00f1a","datePublished":"2023-05-31T22:00:00+00:00","dateModified":"2025-09-25T18:31:23+00:00","mainEntityOfPage":{"@id":"https:\/\/www.billin.net\/blog\/primer-plan-pensiones-online-autonomos\/"},"wordCount":1152,"commentCount":0,"publisher":{"@id":"https:\/\/www.billin.net\/blog\/#organization"},"image":{"@id":"https:\/\/www.billin.net\/blog\/primer-plan-pensiones-online-autonomos\/#primaryimage"},"thumbnailUrl":"https:\/\/www.billin.net\/blog\/wp-content\/uploads\/2023\/06\/shutterstock_1941923092.jpg","keywords":["Aut\u00f3nomos"],"articleSection":["Tesorer\u00eda"],"inLanguage":"es","potentialAction":[{"@type":"CommentAction","name":"Comment","target":["https:\/\/www.billin.net\/blog\/primer-plan-pensiones-online-autonomos\/#respond"]}]},{"@type":"WebPage","@id":"https:\/\/www.billin.net\/blog\/primer-plan-pensiones-online-autonomos\/","url":"https:\/\/www.billin.net\/blog\/primer-plan-pensiones-online-autonomos\/","name":"Plan pensiones para aut\u00f3nomos online Espa\u00f1a \u2013 TeamSystem Facturas Billin","isPartOf":{"@id":"https:\/\/www.billin.net\/blog\/#website"},"primaryImageOfPage":{"@id":"https:\/\/www.billin.net\/blog\/primer-plan-pensiones-online-autonomos\/#primaryimage"},"image":{"@id":"https:\/\/www.billin.net\/blog\/primer-plan-pensiones-online-autonomos\/#primaryimage"},"thumbnailUrl":"https:\/\/www.billin.net\/blog\/wp-content\/uploads\/2023\/06\/shutterstock_1941923092.jpg","datePublished":"2023-05-31T22:00:00+00:00","dateModified":"2025-09-25T18:31:23+00:00","description":"Desde Billin te contamos la entrada en vigor de la nueva normativa sobre planes de pensiones para aut\u00f3nomos online, que ahora, da a los aut\u00f3nomos la","breadcrumb":{"@id":"https:\/\/www.billin.net\/blog\/primer-plan-pensiones-online-autonomos\/#breadcrumb"},"inLanguage":"es","potentialAction":[{"@type":"ReadAction","target":["https:\/\/www.billin.net\/blog\/primer-plan-pensiones-online-autonomos\/"]}]},{"@type":"ImageObject","inLanguage":"es","@id":"https:\/\/www.billin.net\/blog\/primer-plan-pensiones-online-autonomos\/#primaryimage","url":"https:\/\/www.billin.net\/blog\/wp-content\/uploads\/2023\/06\/shutterstock_1941923092.jpg","contentUrl":"https:\/\/www.billin.net\/blog\/wp-content\/uploads\/2023\/06\/shutterstock_1941923092.jpg","width":7952,"height":5304,"caption":"imagen plan pensiones indexa"},{"@type":"BreadcrumbList","@id":"https:\/\/www.billin.net\/blog\/primer-plan-pensiones-online-autonomos\/#breadcrumb","itemListElement":[{"@type":"ListItem","position":1,"name":"Blog","item":"https:\/\/www.billin.net\/blog\/"},{"@type":"ListItem","position":2,"name":"Tesorer\u00eda","item":"https:\/\/www.billin.net\/blog\/tesoreria\/"},{"@type":"ListItem","position":3,"name":"El primer plan de pensiones para aut\u00f3nomos contratable 100% online en Espa\u00f1a"}]},{"@type":"WebSite","@id":"https:\/\/www.billin.net\/blog\/#website","url":"https:\/\/www.billin.net\/blog\/","name":"Blog de Billin","description":"Mantente informado con el blog de TeamSystem Facturas Billin:  facturaci\u00f3n, legislaci\u00f3n, contabilidad, management y toda la informaci\u00f3n \u00fatil para pymes y aut\u00f3nomos.","publisher":{"@id":"https:\/\/www.billin.net\/blog\/#organization"},"potentialAction":[{"@type":"SearchAction","target":{"@type":"EntryPoint","urlTemplate":"https:\/\/www.billin.net\/blog\/?s={search_term_string}"},"query-input":{"@type":"PropertyValueSpecification","valueRequired":true,"valueName":"search_term_string"}}],"inLanguage":"es"},{"@type":"Organization","@id":"https:\/\/www.billin.net\/blog\/#organization","name":"Billin","alternateName":"Blog de Billin","url":"https:\/\/www.billin.net\/blog\/","logo":{"@type":"ImageObject","inLanguage":"es","@id":"https:\/\/www.billin.net\/blog\/#\/schema\/logo\/image\/","url":"https:\/\/www.billin.net\/blog\/wp-content\/uploads\/2019\/06\/logotipo-billin-blog-1.png","contentUrl":"https:\/\/www.billin.net\/blog\/wp-content\/uploads\/2019\/06\/logotipo-billin-blog-1.png","width":126,"height":50,"caption":"Billin"},"image":{"@id":"https:\/\/www.billin.net\/blog\/#\/schema\/logo\/image\/"},"sameAs":["https:\/\/www.facebook.com\/EsBillin","https:\/\/x.com\/Billin_ES","https:\/\/www.instagram.com\/billin_es\/","https:\/\/www.linkedin.com\/company\/billin-spain","https:\/\/www.youtube.com\/c\/BillinEsintercambiodefacturas\/"],"legalName":"MY EXPENSES SL","contactPoint":{"@type":"ContactPoint","telephone":"+34918318883","contactType":"customer service","email":"info@billin.eu","availableLanguage":"es"},"foundingDate":"2015","numberOfEmployees":{"@type":"QuantitativeValue","minValue":10,"maxValue":50},"parentOrganization":{"@type":"Organization","name":"TeamSystem","url":"https:\/\/www.teamsystem.com\/"},"description":"Billin es el programa de facturaci\u00f3n online de TeamSystem para aut\u00f3nomos y pymes en Espa\u00f1a. Permite crear facturas, controlar gastos y cumplir con Verifactu.","address":{"@type":"PostalAddress","streetAddress":"Calle Arturo Soria, 336","addressLocality":"Madrid","addressRegion":"Madrid","postalCode":"28033","addressCountry":"ES"}},{"@type":"Person","@id":"https:\/\/www.billin.net\/blog\/#\/schema\/person\/d0339ee6e869234614541b1e80a793e7","name":"Marcos De La Cueva - CEO TeamSystem Facturas Billin","image":{"@type":"ImageObject","inLanguage":"es","@id":"https:\/\/www.billin.net\/blog\/#\/schema\/person\/image\/","url":"https:\/\/www.billin.net\/blog\/wp-content\/uploads\/2023\/10\/marcos-color-150x150.png","contentUrl":"https:\/\/www.billin.net\/blog\/wp-content\/uploads\/2023\/10\/marcos-color-150x150.png","caption":"Marcos De La Cueva - CEO TeamSystem Facturas Billin"},"description":"Licenciado en ADE por la Universidad Aut\u00f3noma de Madrid, Marcos De la Cueva es CEO y cofundador de TeamSystem Facturas Billin, un programa online que lleva m\u00e1s de 9 a\u00f1os ayudando a aut\u00f3nomos, peque\u00f1os negocios y gestor\u00edas a digitalizar sus presupuestos, facturas, tickets y gastos. \u00a0 Sobre Marcos De La Cueva \u00a0 Apasionado por el mundo empresarial y la tecnolog\u00eda, curs\u00f3 su M\u00e1ster de Finanzas en la Universidad Pontificia de Comillas y estuvo en el Programa de Cooperaci\u00f3n Educativa de la Universidad Aut\u00f3noma de Madrid. \u00a0 Marcos siempre ha tenido su objetivo claro: ayudar a la creaci\u00f3n de negocios financieramente sostenibles a trav\u00e9s de una herramienta de facturaci\u00f3n que les permita ahorrar tiempo y tener la contabilidad bajo control. \u00a0 Marcos De La Cueva en los medios \u2014 Noticia sobre Kit Digital y Ley Antifraude (VeriFactu) en El Economista. \u2014 Noticia sobre Kit Digital y factura electr\u00f3nica obligatoria en Diario Jur\u00eddico. \u2014 Noticia sobre el a\u00f1o de transici\u00f3n para la factura electr\u00f3nica en Muy Pymes. \u2014 Entrevista sobre factura electr\u00f3nica obligatoria en Canal Sur. \u2014 Noticia sobre el informe factura electr\u00f3nica de TeamSystem en Channel Partner. \u2014 Charla sobre productividad y Ley Crea y Crece en El Economista. \u2014 Charla sobre factura electr\u00f3nica obligatoria en Muy Pymes. \u2014 Charla sobre digitalizaci\u00f3n aut\u00f3nomos y productividad en esdiario. \u2014 Charla sobre productividad y factura electr\u00f3nica en La Raz\u00f3n. \u2014 Charla sobre factura electr\u00f3nica obligatoria en Aut\u00f3nomos y Emprendedores. \u2014 Entrevista sobre Ley Antifraude y Ley Crea y Crece en Expansi\u00f3n. \u2014 Entrevista sobre Ley Antifraude y Ley Crea y Crece en La Raz\u00f3n. \u2014 Entrevista sobre factura electr\u00f3nica obligatoria en El Economista. \u2014 Comunicado Billin y TeamSystem en Business Insider. \u2014 Entrevista en Econom\u00eda Digital. \u2014 Entrevista en Ideas para tu empresa de Vodafone. \u2014 Entrevista en M\u00e1sQradio. \u2014 Entrevista en Armas para emprender de El M\u00e9todo Gallardo. \u2014 Entrevista en KFund. \u2014 Entrevista en AXA Seguros Espa\u00f1a. \u2014 Entrevista en GestionaRadio. \u00a0 Marcos De La Cueva en eventos \u00a0 \u2014 Participaci\u00f3n como ponente en Accountex Espa\u00f1a 2023. \u00a0 Tem\u00e1ticas de especializaci\u00f3n \u00a0 negocios | startups | contabilidad| fiscalidad | empresas| asesor\u00edas| autonomos | emprendedores | peque\u00f1os negocios | econom\u00eda | ADE | pymes | desarrollo de negocio\u00a0","sameAs":["https:\/\/www.billin.net\/","https:\/\/www.linkedin.com\/in\/marcos-de-la-cueva-19750ba3\/"],"url":"https:\/\/www.billin.net\/blog\/author\/marcosdelacueva\/","jobTitle":"CEO y cofundador de TS Facturas Billin"}]}},"_links":{"self":[{"href":"https:\/\/www.billin.net\/blog\/wp-json\/wp\/v2\/posts\/20546","targetHints":{"allow":["GET"]}}],"collection":[{"href":"https:\/\/www.billin.net\/blog\/wp-json\/wp\/v2\/posts"}],"about":[{"href":"https:\/\/www.billin.net\/blog\/wp-json\/wp\/v2\/types\/post"}],"author":[{"embeddable":true,"href":"https:\/\/www.billin.net\/blog\/wp-json\/wp\/v2\/users\/20"}],"replies":[{"embeddable":true,"href":"https:\/\/www.billin.net\/blog\/wp-json\/wp\/v2\/comments?post=20546"}],"version-history":[{"count":14,"href":"https:\/\/www.billin.net\/blog\/wp-json\/wp\/v2\/posts\/20546\/revisions"}],"predecessor-version":[{"id":26696,"href":"https:\/\/www.billin.net\/blog\/wp-json\/wp\/v2\/posts\/20546\/revisions\/26696"}],"wp:featuredmedia":[{"embeddable":true,"href":"https:\/\/www.billin.net\/blog\/wp-json\/wp\/v2\/media\/20588"}],"wp:attachment":[{"href":"https:\/\/www.billin.net\/blog\/wp-json\/wp\/v2\/media?parent=20546"}],"wp:term":[{"taxonomy":"category","embeddable":true,"href":"https:\/\/www.billin.net\/blog\/wp-json\/wp\/v2\/categories?post=20546"},{"taxonomy":"post_tag","embeddable":true,"href":"https:\/\/www.billin.net\/blog\/wp-json\/wp\/v2\/tags?post=20546"}],"curies":[{"name":"wp","href":"https:\/\/api.w.org\/{rel}","templated":true}]}}