{"id":20495,"date":"2023-04-28T16:05:20","date_gmt":"2023-04-28T14:05:20","guid":{"rendered":"https:\/\/www.billin.net\/blog\/?p=20495"},"modified":"2025-09-25T20:31:25","modified_gmt":"2025-09-25T18:31:25","slug":"modelo-216","status":"publish","type":"post","link":"https:\/\/www.billin.net\/blog\/modelo-216\/","title":{"rendered":"Gu\u00eda completa del Modelo 216: Impuesto sobre la Renta de no Residentes en Espa\u00f1a"},"content":{"rendered":"<p>El Impuesto sobre la Renta de no Residentes en Espa\u00f1a es el Modelo 216, son no residentes sin establecimiento permanente y rentas obtenidos sin mediaci\u00f3n de dicho establecimiento.<\/p>\n<p><!--more--><\/p>\n<p>Desde TeamSystem Facturas Billin te explicamos los requisitos que deben cumplir estos contribuyentes para presentar el Modelo 216 sin cometer errores, cu\u00e1ndo y d\u00f3nde hay que presentarlos, qu\u00e9 soluciones profesionales son las m\u00e1s adecuadas para su cumplimentaci\u00f3n y vamos a analizar todos los aspectos claves sobre el Modelo 216.<\/p>\n<p><!--more--><\/p>\n<h2>\u00bfQu\u00e9 es y para qu\u00e9 sirve Modelo 216?<\/h2>\n<h3>\u00bfQu\u00e9 es el IRNR?<\/h3>\n<p>El Modelo 216 de Hacienda hace referencia a la declaraci\u00f3n del <a href=\"https:\/\/www.billin.net\/blog\/modelo-210-irnr\/\" target=\"_blank\" rel=\"noopener\">Impuesto sobre la Renta de no Residentes en Espa\u00f1a<\/a>.<\/p>\n<p>Veamos la limitaci\u00f3n existente para ser residentes en Espa\u00f1a (persona f\u00edsica o persona jur\u00eddica), ya que, deben cumplir una serie de requisitos.<\/p>\n<ul>\n<li>Haber residido en Espa\u00f1a durante un m\u00ednimo de 183 d\u00edas al a\u00f1o.<\/li>\n<li>Que la sede de la actividad econ\u00f3mica principal del aut\u00f3nomo o pyme sea Espa\u00f1a.<\/li>\n<li>Y, que el c\u00f3nyuge y los hijos menores, si hubiera o hubiese, tengan su residencia establecida en Espa\u00f1a.<\/li>\n<\/ul>\n<p>Por tanto, aquel contribuyente que no cumpla los anteriores requisitos no se considera un residente en Espa\u00f1a.<\/p>\n<p><img loading=\"lazy\" decoding=\"async\" class=\"aligncenter wp-image-20496\" src=\"https:\/\/www.billin.net\/blog\/wp-content\/uploads\/2023\/04\/pexels-mikhail-nilov-8297478-1024x683.jpg\" alt=\"\" width=\"1200\" height=\"800\" srcset=\"https:\/\/www.billin.net\/blog\/wp-content\/uploads\/2023\/04\/pexels-mikhail-nilov-8297478-1024x683.jpg 1024w, https:\/\/www.billin.net\/blog\/wp-content\/uploads\/2023\/04\/pexels-mikhail-nilov-8297478-300x200.jpg 300w, https:\/\/www.billin.net\/blog\/wp-content\/uploads\/2023\/04\/pexels-mikhail-nilov-8297478-768x512.jpg 768w, https:\/\/www.billin.net\/blog\/wp-content\/uploads\/2023\/04\/pexels-mikhail-nilov-8297478-1536x1024.jpg 1536w, https:\/\/www.billin.net\/blog\/wp-content\/uploads\/2023\/04\/pexels-mikhail-nilov-8297478-2048x1365.jpg 2048w, https:\/\/www.billin.net\/blog\/wp-content\/uploads\/2023\/04\/pexels-mikhail-nilov-8297478-810x540.jpg 810w, https:\/\/www.billin.net\/blog\/wp-content\/uploads\/2023\/04\/pexels-mikhail-nilov-8297478-1140x760.jpg 1140w\" sizes=\"(max-width: 1200px) 100vw, 1200px\" \/><\/p>\n<h3>\u00bfQu\u00e9 se considera un no residente?<\/h3>\n<p>Te explicamos desde TeamSystem Facturas Billin la diferencia entre residente y no residente en Espa\u00f1a.<\/p>\n<p>Si eres residente en Espa\u00f1a, debes pagar los impuestos de los residentes y los porcentajes correspondientes, es decir, tienes que presentar el IRPF por todas las rentas obtenidas a nivel mundial, sin importar el pa\u00eds en el que se originaron.<\/p>\n<p>Si no fueras residente en Espa\u00f1a, esto no ocurrir\u00eda, sino que tendr\u00edas que pagar el Impuesto sobre la Renta de los ingresos obtenidos en Espa\u00f1a, mediante el Modelo 216 (IRNR), donde se impone una tarifa fija y sin posibles deducciones.<\/p>\n<p>Dependiendo de si cumples las disposiciones puedes definir si eres un residente o no en Espa\u00f1a, de manera que conozcas cu\u00e1les son tus obligaciones tributarias en Espa\u00f1a.<\/p>\n<p><strong>La obligaci\u00f3n de presentar estas declaraciones es obligatoria tanto para los residentes en Espa\u00f1a como los que no son.<\/strong><\/p>\n<p>Por tanto, seas o no residente en Espa\u00f1a debes registrarte en la Agencia Tributaria para cumplir con las obligaciones legales seg\u00fan tu situaci\u00f3n personal, porque de no hacerlo conllevar\u00eda graves sanciones econ\u00f3micas.<\/p>\n<h2>\u00bfQui\u00e9n debe presentar el Modelo 216?<\/h2>\n<p>El Modelo 216 de la Agencia Tributaria es el documento donde hay que declarar los ingresos de los no residentes en Espa\u00f1a y de las rentas de los trabajadores sin establecimiento permanente.<\/p>\n<p>Os contamos desde TeamSystem Facturas Billin que los obligados a realizar el Modelo 216 son:<\/p>\n<ul>\n<li>Profesionales con nacionalidad extranjera que elaboren su trabajo en oficinas consulares o diplom\u00e1ticas (considerados no residentes en Espa\u00f1a).<\/li>\n<li>Las personas f\u00edsicas o jur\u00eddicas no residentes en Espa\u00f1a que cobren rentas de este pa\u00eds.<\/li>\n<li>Empresas no constituidas en Espa\u00f1a en atribuci\u00f3n de rentas con presencia en Espa\u00f1a.<\/li>\n<li>Aseguradoras que desarrollen su trabajo en Espa\u00f1a con un domicilio en otro pa\u00eds.<\/li>\n<\/ul>\n<h2>\u00bfCu\u00e1ndo se presenta el Modelo 216?<\/h2>\n<p>El Modelo 216 (IRNR) se presenta de forma trimestral, concretamente los primeros veinte d\u00edas naturales de los meses de abril, julio, octubre y enero (del siguiente ejercicio al que declaramos).<\/p>\n<p>Para el caso de grandes empresas, el Modelo 216 lo presentan de forma mensual.<\/p>\n<p>Y, su presentaci\u00f3n, sea mensual o trimestral, se realiza a trav\u00e9s de la sede electr\u00f3nica de la Agencia Tributaria.<\/p>\n<h2>Instrucciones para presentar el Modelo 216<\/h2>\n<p>Te contamos desde TeamSystem Facturas Billin como cumplimentar el Modelo 216 sin cometer errores siguiendo estas instrucciones:<\/p>\n<p>A continuaci\u00f3n, te mostramos los tres primeros bloques que forma el Modelo 216<\/p>\n<h3>Primer apartado del Modelo 216<\/h3>\n<p>En el primer bloque hay que incluir los datos del declarante, NIF, apellidos o raz\u00f3n social y nombre.<\/p>\n<p>La segunda parte corresponde al <a href=\"https:\/\/www.billin.net\/blog\/criterio-devengo-vocabulario-del-iva-caja\/\" target=\"_blank\" rel=\"noopener\">Devengo<\/a>, es decir, el ejercicio al que corresponde y el periodo trimestral: 1T, 2T, 3T, 4T.<\/p>\n<p>La liquidaci\u00f3n corresponde a dos tipos de renta:<\/p>\n<ul>\n<li>Las rentas sometidas a retenci\u00f3n o ingreso a cuenta, donde hay que especificar el n\u00famero de rentas, la base de retenciones e ingresos a cuenta y las retenciones o ingresos a realizar.<\/li>\n<li>Las rentas no sometidas a retenci\u00f3n o ingreso a cuenta, donde hay que especificar el n\u00famero de rentas y el importe de las rentas, adem\u00e1s de la deducci\u00f3n en caso de ser complementaria.<\/li>\n<\/ul>\n<h3>Segundo apartado del Modelo 216<\/h3>\n<p>El siguiente apartado que habr\u00e1 que rellenar es la autoliquidaci\u00f3n complementaria, s\u00f3lo si lo fuera, ya que, habr\u00eda que indicar el n\u00famero de justificante de la autoliquidaci\u00f3n anterior presentada.<\/p>\n<p>Y, por \u00faltimo, en la parte inferior, encuentras diversos botones para comprobar si la cumplimentaci\u00f3n del Modelo 216 es correcta (validar), adem\u00e1s puedes importar la declaraci\u00f3n si ya la has elaborado en un software online, o guardarla, para posteriormente modificarla o presentarla.<\/p>\n<p>Ten en cuenta qu\u00e9 si el resultado de la autoliquidaci\u00f3n es negativo, habr\u00eda que marcar el apartado reservado para tal efecto, ya que, puede darse el caso que durante alg\u00fan trimestre no se generen rentas por alg\u00fan motivo o causa.<\/p>\n<p>Adem\u00e1s de realizar la presentaci\u00f3n del Modelo 216 la Agencia Tributaria te permite realizar otras gestiones como son consultar declaraciones presentadas, revocarlas, rectificar la cuenta de domiciliaci\u00f3n o aportar documentaci\u00f3n complementaria.<\/p>\n<h3>Tercer apartado del Modelo 216<\/h3>\n<p>Como cualquier autoliquidaci\u00f3n mensual o trimestral que se presenta en la Agencia Tributaria, le corresponde un impuesto de resumen anual, en este caso es el <a href=\"https:\/\/www.billin.net\/blog\/modelo-296\/\" target=\"_blank\" rel=\"noopener\">Modelo 296<\/a>, el cual, est\u00e1 formado por el resumen de las retenciones e ingresos a cuentas de las rentas obtenidas por no residentes sin establecimiento permanente indicando los datos espec\u00edficos de cada una de ellas.<\/p>\n","protected":false},"excerpt":{"rendered":"<p>El Impuesto sobre la Renta de no Residentes en Espa\u00f1a es el Modelo 216, son no residentes sin establecimiento permanente y rentas obtenidos sin mediaci\u00f3n de dicho establecimiento.<\/p>\n","protected":false},"author":20,"featured_media":20497,"comment_status":"open","ping_status":"open","sticky":false,"template":"","format":"standard","meta":{"_acf_changed":false,"_et_pb_use_builder":"","_et_pb_old_content":"","_et_gb_content_width":"","om_disable_all_campaigns":false,"inline_featured_image":false,"footnotes":""},"categories":[1020],"tags":[1380],"class_list":{"0":"post-20495","1":"post","2":"type-post","3":"status-publish","4":"format-standard","5":"has-post-thumbnail","7":"category-contabilidad","8":"tag-autonomos"},"acf":{"selector_de_usuario":null,"fecha_de_revision":null},"yoast_head":"<!-- This site is optimized with the Yoast SEO plugin v27.1 - https:\/\/yoast.com\/product\/yoast-seo-wordpress\/ -->\n<title>Modelo 216 \u00bfQu\u00e9 es y para qu\u00e9 sirve? - TeamSystem Facturas Billin<\/title>\n<meta name=\"description\" content=\"Descubre todo sobre el Modelo 216: c\u00f3mo y cu\u00e1ndo presentar el Impuesto sobre la Renta de no Residentes en Espa\u00f1a. \u00a1Inf\u00f3rmate aqu\u00ed!\" \/>\n<meta name=\"robots\" content=\"index, follow, max-snippet:-1, max-image-preview:large, max-video-preview:-1\" \/>\n<link rel=\"canonical\" href=\"https:\/\/www.billin.net\/blog\/modelo-216\/\" \/>\n<meta property=\"og:locale\" content=\"es_ES\" \/>\n<meta property=\"og:type\" content=\"article\" \/>\n<meta property=\"og:title\" content=\"Modelo 216 \u00bfQu\u00e9 es y para qu\u00e9 sirve? - TeamSystem Facturas Billin\" \/>\n<meta property=\"og:description\" content=\"Descubre todo sobre el Modelo 216: c\u00f3mo y cu\u00e1ndo presentar el Impuesto sobre la Renta de no Residentes en Espa\u00f1a. \u00a1Inf\u00f3rmate aqu\u00ed!\" \/>\n<meta property=\"og:url\" content=\"https:\/\/www.billin.net\/blog\/modelo-216\/\" \/>\n<meta property=\"og:site_name\" content=\"Blog de TeamSystem Facturas Billin\" \/>\n<meta property=\"article:publisher\" content=\"https:\/\/www.facebook.com\/EsBillin\" \/>\n<meta property=\"article:published_time\" content=\"2023-04-28T14:05:20+00:00\" \/>\n<meta property=\"article:modified_time\" content=\"2025-09-25T18:31:25+00:00\" \/>\n<meta property=\"og:image\" content=\"https:\/\/www.billin.net\/blog\/wp-content\/uploads\/2023\/04\/pexels-tima-miroshnichenko-6693646-1024x683.jpg\" \/>\n\t<meta property=\"og:image:width\" content=\"1024\" \/>\n\t<meta property=\"og:image:height\" content=\"683\" \/>\n\t<meta property=\"og:image:type\" content=\"image\/jpeg\" \/>\n<meta name=\"author\" content=\"Marcos De La Cueva - CEO TeamSystem Facturas Billin\" \/>\n<meta name=\"twitter:card\" content=\"summary_large_image\" \/>\n<meta name=\"twitter:creator\" content=\"@Billin_ES\" \/>\n<meta name=\"twitter:site\" content=\"@Billin_ES\" \/>\n<meta name=\"twitter:label1\" content=\"Escrito por\" \/>\n\t<meta name=\"twitter:data1\" content=\"Marcos De La Cueva - CEO TeamSystem Facturas Billin\" \/>\n\t<meta name=\"twitter:label2\" content=\"Tiempo de lectura\" \/>\n\t<meta name=\"twitter:data2\" content=\"5 minutos\" \/>\n<script type=\"application\/ld+json\" class=\"yoast-schema-graph\">{\"@context\":\"https:\/\/schema.org\",\"@graph\":[{\"@type\":\"Article\",\"@id\":\"https:\/\/www.billin.net\/blog\/modelo-216\/#article\",\"isPartOf\":{\"@id\":\"https:\/\/www.billin.net\/blog\/modelo-216\/\"},\"author\":{\"name\":\"Marcos De La Cueva - CEO TeamSystem Facturas Billin\",\"@id\":\"https:\/\/www.billin.net\/blog\/#\/schema\/person\/d0339ee6e869234614541b1e80a793e7\"},\"headline\":\"Gu\u00eda completa del Modelo 216: Impuesto sobre la Renta de no Residentes en Espa\u00f1a\",\"datePublished\":\"2023-04-28T14:05:20+00:00\",\"dateModified\":\"2025-09-25T18:31:25+00:00\",\"mainEntityOfPage\":{\"@id\":\"https:\/\/www.billin.net\/blog\/modelo-216\/\"},\"wordCount\":994,\"commentCount\":0,\"publisher\":{\"@id\":\"https:\/\/www.billin.net\/blog\/#organization\"},\"image\":{\"@id\":\"https:\/\/www.billin.net\/blog\/modelo-216\/#primaryimage\"},\"thumbnailUrl\":\"https:\/\/www.billin.net\/blog\/wp-content\/uploads\/2023\/04\/pexels-tima-miroshnichenko-6693646.jpg\",\"keywords\":[\"Aut\u00f3nomos\"],\"articleSection\":[\"Contabilidad\"],\"inLanguage\":\"es\",\"potentialAction\":[{\"@type\":\"CommentAction\",\"name\":\"Comment\",\"target\":[\"https:\/\/www.billin.net\/blog\/modelo-216\/#respond\"]}]},{\"@type\":\"WebPage\",\"@id\":\"https:\/\/www.billin.net\/blog\/modelo-216\/\",\"url\":\"https:\/\/www.billin.net\/blog\/modelo-216\/\",\"name\":\"Modelo 216 \u00bfQu\u00e9 es y para qu\u00e9 sirve? - TeamSystem Facturas Billin\",\"isPartOf\":{\"@id\":\"https:\/\/www.billin.net\/blog\/#website\"},\"primaryImageOfPage\":{\"@id\":\"https:\/\/www.billin.net\/blog\/modelo-216\/#primaryimage\"},\"image\":{\"@id\":\"https:\/\/www.billin.net\/blog\/modelo-216\/#primaryimage\"},\"thumbnailUrl\":\"https:\/\/www.billin.net\/blog\/wp-content\/uploads\/2023\/04\/pexels-tima-miroshnichenko-6693646.jpg\",\"datePublished\":\"2023-04-28T14:05:20+00:00\",\"dateModified\":\"2025-09-25T18:31:25+00:00\",\"description\":\"Descubre todo sobre el Modelo 216: c\u00f3mo y cu\u00e1ndo presentar el Impuesto sobre la Renta de no Residentes en Espa\u00f1a. \u00a1Inf\u00f3rmate aqu\u00ed!\",\"breadcrumb\":{\"@id\":\"https:\/\/www.billin.net\/blog\/modelo-216\/#breadcrumb\"},\"inLanguage\":\"es\",\"potentialAction\":[{\"@type\":\"ReadAction\",\"target\":[\"https:\/\/www.billin.net\/blog\/modelo-216\/\"]}]},{\"@type\":\"ImageObject\",\"inLanguage\":\"es\",\"@id\":\"https:\/\/www.billin.net\/blog\/modelo-216\/#primaryimage\",\"url\":\"https:\/\/www.billin.net\/blog\/wp-content\/uploads\/2023\/04\/pexels-tima-miroshnichenko-6693646.jpg\",\"contentUrl\":\"https:\/\/www.billin.net\/blog\/wp-content\/uploads\/2023\/04\/pexels-tima-miroshnichenko-6693646.jpg\",\"width\":5415,\"height\":3610},{\"@type\":\"BreadcrumbList\",\"@id\":\"https:\/\/www.billin.net\/blog\/modelo-216\/#breadcrumb\",\"itemListElement\":[{\"@type\":\"ListItem\",\"position\":1,\"name\":\"Blog\",\"item\":\"https:\/\/www.billin.net\/blog\/\"},{\"@type\":\"ListItem\",\"position\":2,\"name\":\"Contabilidad\",\"item\":\"https:\/\/www.billin.net\/blog\/contabilidad\/\"},{\"@type\":\"ListItem\",\"position\":3,\"name\":\"Gu\u00eda completa del Modelo 216: Impuesto sobre la Renta de no Residentes en Espa\u00f1a\"}]},{\"@type\":\"WebSite\",\"@id\":\"https:\/\/www.billin.net\/blog\/#website\",\"url\":\"https:\/\/www.billin.net\/blog\/\",\"name\":\"Blog de Billin\",\"description\":\"Mantente informado con el blog de TeamSystem Facturas Billin:  facturaci\u00f3n, legislaci\u00f3n, contabilidad, management y toda la informaci\u00f3n \u00fatil para pymes y aut\u00f3nomos.\",\"publisher\":{\"@id\":\"https:\/\/www.billin.net\/blog\/#organization\"},\"potentialAction\":[{\"@type\":\"SearchAction\",\"target\":{\"@type\":\"EntryPoint\",\"urlTemplate\":\"https:\/\/www.billin.net\/blog\/?s={search_term_string}\"},\"query-input\":{\"@type\":\"PropertyValueSpecification\",\"valueRequired\":true,\"valueName\":\"search_term_string\"}}],\"inLanguage\":\"es\"},{\"@type\":\"Organization\",\"@id\":\"https:\/\/www.billin.net\/blog\/#organization\",\"name\":\"Billin\",\"alternateName\":\"Blog de Billin\",\"url\":\"https:\/\/www.billin.net\/blog\/\",\"logo\":{\"@type\":\"ImageObject\",\"inLanguage\":\"es\",\"@id\":\"https:\/\/www.billin.net\/blog\/#\/schema\/logo\/image\/\",\"url\":\"https:\/\/www.billin.net\/blog\/wp-content\/uploads\/2019\/06\/logotipo-billin-blog-1.png\",\"contentUrl\":\"https:\/\/www.billin.net\/blog\/wp-content\/uploads\/2019\/06\/logotipo-billin-blog-1.png\",\"width\":126,\"height\":50,\"caption\":\"Billin\"},\"image\":{\"@id\":\"https:\/\/www.billin.net\/blog\/#\/schema\/logo\/image\/\"},\"sameAs\":[\"https:\/\/www.facebook.com\/EsBillin\",\"https:\/\/x.com\/Billin_ES\",\"https:\/\/www.instagram.com\/billin_es\/\",\"https:\/\/www.linkedin.com\/company\/billin-spain\",\"https:\/\/www.youtube.com\/c\/BillinEsintercambiodefacturas\/\"],\"legalName\":\"MY EXPENSES SL\",\"contactPoint\":{\"@type\":\"ContactPoint\",\"telephone\":\"+34918318883\",\"contactType\":\"customer service\",\"email\":\"info@billin.eu\",\"availableLanguage\":\"es\"},\"foundingDate\":\"2015\",\"numberOfEmployees\":{\"@type\":\"QuantitativeValue\",\"minValue\":10,\"maxValue\":50},\"parentOrganization\":{\"@type\":\"Organization\",\"name\":\"TeamSystem\",\"url\":\"https:\/\/www.teamsystem.com\/\"},\"description\":\"Billin es el programa de facturaci\u00f3n online de TeamSystem para aut\u00f3nomos y pymes en Espa\u00f1a. Permite crear facturas, controlar gastos y cumplir con Verifactu.\",\"address\":{\"@type\":\"PostalAddress\",\"streetAddress\":\"Calle Arturo Soria, 336\",\"addressLocality\":\"Madrid\",\"addressRegion\":\"Madrid\",\"postalCode\":\"28033\",\"addressCountry\":\"ES\"}},{\"@type\":\"Person\",\"@id\":\"https:\/\/www.billin.net\/blog\/#\/schema\/person\/d0339ee6e869234614541b1e80a793e7\",\"name\":\"Marcos De La Cueva - CEO TeamSystem Facturas Billin\",\"image\":{\"@type\":\"ImageObject\",\"inLanguage\":\"es\",\"@id\":\"https:\/\/www.billin.net\/blog\/#\/schema\/person\/image\/\",\"url\":\"https:\/\/www.billin.net\/blog\/wp-content\/uploads\/2023\/10\/marcos-color-150x150.png\",\"contentUrl\":\"https:\/\/www.billin.net\/blog\/wp-content\/uploads\/2023\/10\/marcos-color-150x150.png\",\"caption\":\"Marcos De La Cueva - CEO TeamSystem Facturas Billin\"},\"description\":\"Licenciado en ADE por la Universidad Aut\u00f3noma de Madrid, Marcos De la Cueva es CEO y cofundador de TeamSystem Facturas Billin, un programa online que lleva m\u00e1s de 9 a\u00f1os ayudando a aut\u00f3nomos, peque\u00f1os negocios y gestor\u00edas a digitalizar sus presupuestos, facturas, tickets y gastos. \u00a0 Sobre Marcos De La Cueva \u00a0 Apasionado por el mundo empresarial y la tecnolog\u00eda, curs\u00f3 su M\u00e1ster de Finanzas en la Universidad Pontificia de Comillas y estuvo en el Programa de Cooperaci\u00f3n Educativa de la Universidad Aut\u00f3noma de Madrid. \u00a0 Marcos siempre ha tenido su objetivo claro: ayudar a la creaci\u00f3n de negocios financieramente sostenibles a trav\u00e9s de una herramienta de facturaci\u00f3n que les permita ahorrar tiempo y tener la contabilidad bajo control. \u00a0 Marcos De La Cueva en los medios \u2014 Noticia sobre Kit Digital y Ley Antifraude (VeriFactu) en El Economista. \u2014 Noticia sobre Kit Digital y factura electr\u00f3nica obligatoria en Diario Jur\u00eddico. \u2014 Noticia sobre el a\u00f1o de transici\u00f3n para la factura electr\u00f3nica en Muy Pymes. \u2014 Entrevista sobre factura electr\u00f3nica obligatoria en Canal Sur. \u2014 Noticia sobre el informe factura electr\u00f3nica de TeamSystem en Channel Partner. \u2014 Charla sobre productividad y Ley Crea y Crece en El Economista. \u2014 Charla sobre factura electr\u00f3nica obligatoria en Muy Pymes. \u2014 Charla sobre digitalizaci\u00f3n aut\u00f3nomos y productividad en esdiario. \u2014 Charla sobre productividad y factura electr\u00f3nica en La Raz\u00f3n. \u2014 Charla sobre factura electr\u00f3nica obligatoria en Aut\u00f3nomos y Emprendedores. \u2014 Entrevista sobre Ley Antifraude y Ley Crea y Crece en Expansi\u00f3n. \u2014 Entrevista sobre Ley Antifraude y Ley Crea y Crece en La Raz\u00f3n. \u2014 Entrevista sobre factura electr\u00f3nica obligatoria en El Economista. \u2014 Comunicado Billin y TeamSystem en Business Insider. \u2014 Entrevista en Econom\u00eda Digital. \u2014 Entrevista en Ideas para tu empresa de Vodafone. \u2014 Entrevista en M\u00e1sQradio. \u2014 Entrevista en Armas para emprender de El M\u00e9todo Gallardo. \u2014 Entrevista en KFund. \u2014 Entrevista en AXA Seguros Espa\u00f1a. \u2014 Entrevista en GestionaRadio. \u00a0 Marcos De La Cueva en eventos \u00a0 \u2014 Participaci\u00f3n como ponente en Accountex Espa\u00f1a 2023. \u00a0 Tem\u00e1ticas de especializaci\u00f3n \u00a0 negocios | startups | contabilidad| fiscalidad | empresas| asesor\u00edas| autonomos | emprendedores | peque\u00f1os negocios | econom\u00eda | ADE | pymes | desarrollo de negocio\u00a0\",\"sameAs\":[\"https:\/\/www.billin.net\/\",\"https:\/\/www.linkedin.com\/in\/marcos-de-la-cueva-19750ba3\/\"],\"url\":\"https:\/\/www.billin.net\/blog\/author\/marcosdelacueva\/\",\"jobTitle\":\"CEO y cofundador de TS Facturas Billin\"}]}<\/script>\n<!-- \/ Yoast SEO plugin. -->","yoast_head_json":{"title":"Modelo 216 \u00bfQu\u00e9 es y para qu\u00e9 sirve? - TeamSystem Facturas Billin","description":"Descubre todo sobre el Modelo 216: c\u00f3mo y cu\u00e1ndo presentar el Impuesto sobre la Renta de no Residentes en Espa\u00f1a. \u00a1Inf\u00f3rmate aqu\u00ed!","robots":{"index":"index","follow":"follow","max-snippet":"max-snippet:-1","max-image-preview":"max-image-preview:large","max-video-preview":"max-video-preview:-1"},"canonical":"https:\/\/www.billin.net\/blog\/modelo-216\/","og_locale":"es_ES","og_type":"article","og_title":"Modelo 216 \u00bfQu\u00e9 es y para qu\u00e9 sirve? - TeamSystem Facturas Billin","og_description":"Descubre todo sobre el Modelo 216: c\u00f3mo y cu\u00e1ndo presentar el Impuesto sobre la Renta de no Residentes en Espa\u00f1a. \u00a1Inf\u00f3rmate aqu\u00ed!","og_url":"https:\/\/www.billin.net\/blog\/modelo-216\/","og_site_name":"Blog de TeamSystem Facturas Billin","article_publisher":"https:\/\/www.facebook.com\/EsBillin","article_published_time":"2023-04-28T14:05:20+00:00","article_modified_time":"2025-09-25T18:31:25+00:00","og_image":[{"width":1024,"height":683,"url":"https:\/\/www.billin.net\/blog\/wp-content\/uploads\/2023\/04\/pexels-tima-miroshnichenko-6693646-1024x683.jpg","type":"image\/jpeg"}],"author":"Marcos De La Cueva - CEO TeamSystem Facturas Billin","twitter_card":"summary_large_image","twitter_creator":"@Billin_ES","twitter_site":"@Billin_ES","twitter_misc":{"Escrito por":"Marcos De La Cueva - CEO TeamSystem Facturas Billin","Tiempo de lectura":"5 minutos"},"schema":{"@context":"https:\/\/schema.org","@graph":[{"@type":"Article","@id":"https:\/\/www.billin.net\/blog\/modelo-216\/#article","isPartOf":{"@id":"https:\/\/www.billin.net\/blog\/modelo-216\/"},"author":{"name":"Marcos De La Cueva - CEO TeamSystem Facturas Billin","@id":"https:\/\/www.billin.net\/blog\/#\/schema\/person\/d0339ee6e869234614541b1e80a793e7"},"headline":"Gu\u00eda completa del Modelo 216: Impuesto sobre la Renta de no Residentes en Espa\u00f1a","datePublished":"2023-04-28T14:05:20+00:00","dateModified":"2025-09-25T18:31:25+00:00","mainEntityOfPage":{"@id":"https:\/\/www.billin.net\/blog\/modelo-216\/"},"wordCount":994,"commentCount":0,"publisher":{"@id":"https:\/\/www.billin.net\/blog\/#organization"},"image":{"@id":"https:\/\/www.billin.net\/blog\/modelo-216\/#primaryimage"},"thumbnailUrl":"https:\/\/www.billin.net\/blog\/wp-content\/uploads\/2023\/04\/pexels-tima-miroshnichenko-6693646.jpg","keywords":["Aut\u00f3nomos"],"articleSection":["Contabilidad"],"inLanguage":"es","potentialAction":[{"@type":"CommentAction","name":"Comment","target":["https:\/\/www.billin.net\/blog\/modelo-216\/#respond"]}]},{"@type":"WebPage","@id":"https:\/\/www.billin.net\/blog\/modelo-216\/","url":"https:\/\/www.billin.net\/blog\/modelo-216\/","name":"Modelo 216 \u00bfQu\u00e9 es y para qu\u00e9 sirve? - TeamSystem Facturas Billin","isPartOf":{"@id":"https:\/\/www.billin.net\/blog\/#website"},"primaryImageOfPage":{"@id":"https:\/\/www.billin.net\/blog\/modelo-216\/#primaryimage"},"image":{"@id":"https:\/\/www.billin.net\/blog\/modelo-216\/#primaryimage"},"thumbnailUrl":"https:\/\/www.billin.net\/blog\/wp-content\/uploads\/2023\/04\/pexels-tima-miroshnichenko-6693646.jpg","datePublished":"2023-04-28T14:05:20+00:00","dateModified":"2025-09-25T18:31:25+00:00","description":"Descubre todo sobre el Modelo 216: c\u00f3mo y cu\u00e1ndo presentar el Impuesto sobre la Renta de no Residentes en Espa\u00f1a. \u00a1Inf\u00f3rmate aqu\u00ed!","breadcrumb":{"@id":"https:\/\/www.billin.net\/blog\/modelo-216\/#breadcrumb"},"inLanguage":"es","potentialAction":[{"@type":"ReadAction","target":["https:\/\/www.billin.net\/blog\/modelo-216\/"]}]},{"@type":"ImageObject","inLanguage":"es","@id":"https:\/\/www.billin.net\/blog\/modelo-216\/#primaryimage","url":"https:\/\/www.billin.net\/blog\/wp-content\/uploads\/2023\/04\/pexels-tima-miroshnichenko-6693646.jpg","contentUrl":"https:\/\/www.billin.net\/blog\/wp-content\/uploads\/2023\/04\/pexels-tima-miroshnichenko-6693646.jpg","width":5415,"height":3610},{"@type":"BreadcrumbList","@id":"https:\/\/www.billin.net\/blog\/modelo-216\/#breadcrumb","itemListElement":[{"@type":"ListItem","position":1,"name":"Blog","item":"https:\/\/www.billin.net\/blog\/"},{"@type":"ListItem","position":2,"name":"Contabilidad","item":"https:\/\/www.billin.net\/blog\/contabilidad\/"},{"@type":"ListItem","position":3,"name":"Gu\u00eda completa del Modelo 216: Impuesto sobre la Renta de no Residentes en Espa\u00f1a"}]},{"@type":"WebSite","@id":"https:\/\/www.billin.net\/blog\/#website","url":"https:\/\/www.billin.net\/blog\/","name":"Blog de Billin","description":"Mantente informado con el blog de TeamSystem Facturas Billin:  facturaci\u00f3n, legislaci\u00f3n, contabilidad, management y toda la informaci\u00f3n \u00fatil para pymes y aut\u00f3nomos.","publisher":{"@id":"https:\/\/www.billin.net\/blog\/#organization"},"potentialAction":[{"@type":"SearchAction","target":{"@type":"EntryPoint","urlTemplate":"https:\/\/www.billin.net\/blog\/?s={search_term_string}"},"query-input":{"@type":"PropertyValueSpecification","valueRequired":true,"valueName":"search_term_string"}}],"inLanguage":"es"},{"@type":"Organization","@id":"https:\/\/www.billin.net\/blog\/#organization","name":"Billin","alternateName":"Blog de Billin","url":"https:\/\/www.billin.net\/blog\/","logo":{"@type":"ImageObject","inLanguage":"es","@id":"https:\/\/www.billin.net\/blog\/#\/schema\/logo\/image\/","url":"https:\/\/www.billin.net\/blog\/wp-content\/uploads\/2019\/06\/logotipo-billin-blog-1.png","contentUrl":"https:\/\/www.billin.net\/blog\/wp-content\/uploads\/2019\/06\/logotipo-billin-blog-1.png","width":126,"height":50,"caption":"Billin"},"image":{"@id":"https:\/\/www.billin.net\/blog\/#\/schema\/logo\/image\/"},"sameAs":["https:\/\/www.facebook.com\/EsBillin","https:\/\/x.com\/Billin_ES","https:\/\/www.instagram.com\/billin_es\/","https:\/\/www.linkedin.com\/company\/billin-spain","https:\/\/www.youtube.com\/c\/BillinEsintercambiodefacturas\/"],"legalName":"MY EXPENSES SL","contactPoint":{"@type":"ContactPoint","telephone":"+34918318883","contactType":"customer service","email":"info@billin.eu","availableLanguage":"es"},"foundingDate":"2015","numberOfEmployees":{"@type":"QuantitativeValue","minValue":10,"maxValue":50},"parentOrganization":{"@type":"Organization","name":"TeamSystem","url":"https:\/\/www.teamsystem.com\/"},"description":"Billin es el programa de facturaci\u00f3n online de TeamSystem para aut\u00f3nomos y pymes en Espa\u00f1a. Permite crear facturas, controlar gastos y cumplir con Verifactu.","address":{"@type":"PostalAddress","streetAddress":"Calle Arturo Soria, 336","addressLocality":"Madrid","addressRegion":"Madrid","postalCode":"28033","addressCountry":"ES"}},{"@type":"Person","@id":"https:\/\/www.billin.net\/blog\/#\/schema\/person\/d0339ee6e869234614541b1e80a793e7","name":"Marcos De La Cueva - CEO TeamSystem Facturas Billin","image":{"@type":"ImageObject","inLanguage":"es","@id":"https:\/\/www.billin.net\/blog\/#\/schema\/person\/image\/","url":"https:\/\/www.billin.net\/blog\/wp-content\/uploads\/2023\/10\/marcos-color-150x150.png","contentUrl":"https:\/\/www.billin.net\/blog\/wp-content\/uploads\/2023\/10\/marcos-color-150x150.png","caption":"Marcos De La Cueva - CEO TeamSystem Facturas Billin"},"description":"Licenciado en ADE por la Universidad Aut\u00f3noma de Madrid, Marcos De la Cueva es CEO y cofundador de TeamSystem Facturas Billin, un programa online que lleva m\u00e1s de 9 a\u00f1os ayudando a aut\u00f3nomos, peque\u00f1os negocios y gestor\u00edas a digitalizar sus presupuestos, facturas, tickets y gastos. \u00a0 Sobre Marcos De La Cueva \u00a0 Apasionado por el mundo empresarial y la tecnolog\u00eda, curs\u00f3 su M\u00e1ster de Finanzas en la Universidad Pontificia de Comillas y estuvo en el Programa de Cooperaci\u00f3n Educativa de la Universidad Aut\u00f3noma de Madrid. \u00a0 Marcos siempre ha tenido su objetivo claro: ayudar a la creaci\u00f3n de negocios financieramente sostenibles a trav\u00e9s de una herramienta de facturaci\u00f3n que les permita ahorrar tiempo y tener la contabilidad bajo control. \u00a0 Marcos De La Cueva en los medios \u2014 Noticia sobre Kit Digital y Ley Antifraude (VeriFactu) en El Economista. \u2014 Noticia sobre Kit Digital y factura electr\u00f3nica obligatoria en Diario Jur\u00eddico. \u2014 Noticia sobre el a\u00f1o de transici\u00f3n para la factura electr\u00f3nica en Muy Pymes. \u2014 Entrevista sobre factura electr\u00f3nica obligatoria en Canal Sur. \u2014 Noticia sobre el informe factura electr\u00f3nica de TeamSystem en Channel Partner. \u2014 Charla sobre productividad y Ley Crea y Crece en El Economista. \u2014 Charla sobre factura electr\u00f3nica obligatoria en Muy Pymes. \u2014 Charla sobre digitalizaci\u00f3n aut\u00f3nomos y productividad en esdiario. \u2014 Charla sobre productividad y factura electr\u00f3nica en La Raz\u00f3n. \u2014 Charla sobre factura electr\u00f3nica obligatoria en Aut\u00f3nomos y Emprendedores. \u2014 Entrevista sobre Ley Antifraude y Ley Crea y Crece en Expansi\u00f3n. \u2014 Entrevista sobre Ley Antifraude y Ley Crea y Crece en La Raz\u00f3n. \u2014 Entrevista sobre factura electr\u00f3nica obligatoria en El Economista. \u2014 Comunicado Billin y TeamSystem en Business Insider. \u2014 Entrevista en Econom\u00eda Digital. \u2014 Entrevista en Ideas para tu empresa de Vodafone. \u2014 Entrevista en M\u00e1sQradio. \u2014 Entrevista en Armas para emprender de El M\u00e9todo Gallardo. \u2014 Entrevista en KFund. \u2014 Entrevista en AXA Seguros Espa\u00f1a. \u2014 Entrevista en GestionaRadio. \u00a0 Marcos De La Cueva en eventos \u00a0 \u2014 Participaci\u00f3n como ponente en Accountex Espa\u00f1a 2023. \u00a0 Tem\u00e1ticas de especializaci\u00f3n \u00a0 negocios | startups | contabilidad| fiscalidad | empresas| asesor\u00edas| autonomos | emprendedores | peque\u00f1os negocios | econom\u00eda | ADE | pymes | desarrollo de negocio\u00a0","sameAs":["https:\/\/www.billin.net\/","https:\/\/www.linkedin.com\/in\/marcos-de-la-cueva-19750ba3\/"],"url":"https:\/\/www.billin.net\/blog\/author\/marcosdelacueva\/","jobTitle":"CEO y cofundador de TS Facturas Billin"}]}},"_links":{"self":[{"href":"https:\/\/www.billin.net\/blog\/wp-json\/wp\/v2\/posts\/20495","targetHints":{"allow":["GET"]}}],"collection":[{"href":"https:\/\/www.billin.net\/blog\/wp-json\/wp\/v2\/posts"}],"about":[{"href":"https:\/\/www.billin.net\/blog\/wp-json\/wp\/v2\/types\/post"}],"author":[{"embeddable":true,"href":"https:\/\/www.billin.net\/blog\/wp-json\/wp\/v2\/users\/20"}],"replies":[{"embeddable":true,"href":"https:\/\/www.billin.net\/blog\/wp-json\/wp\/v2\/comments?post=20495"}],"version-history":[{"count":7,"href":"https:\/\/www.billin.net\/blog\/wp-json\/wp\/v2\/posts\/20495\/revisions"}],"predecessor-version":[{"id":26697,"href":"https:\/\/www.billin.net\/blog\/wp-json\/wp\/v2\/posts\/20495\/revisions\/26697"}],"wp:featuredmedia":[{"embeddable":true,"href":"https:\/\/www.billin.net\/blog\/wp-json\/wp\/v2\/media\/20497"}],"wp:attachment":[{"href":"https:\/\/www.billin.net\/blog\/wp-json\/wp\/v2\/media?parent=20495"}],"wp:term":[{"taxonomy":"category","embeddable":true,"href":"https:\/\/www.billin.net\/blog\/wp-json\/wp\/v2\/categories?post=20495"},{"taxonomy":"post_tag","embeddable":true,"href":"https:\/\/www.billin.net\/blog\/wp-json\/wp\/v2\/tags?post=20495"}],"curies":[{"name":"wp","href":"https:\/\/api.w.org\/{rel}","templated":true}]}}