{"id":20486,"date":"2023-04-27T00:00:00","date_gmt":"2023-04-26T22:00:00","guid":{"rendered":"https:\/\/www.billin.net\/blog\/?p=20486"},"modified":"2025-09-25T20:31:28","modified_gmt":"2025-09-25T18:31:28","slug":"modelo-296","status":"publish","type":"post","link":"https:\/\/www.billin.net\/blog\/modelo-296\/","title":{"rendered":"Modelo 296: Funciones y Presentaci\u00f3n"},"content":{"rendered":"<p>Os contamos desde TeamSystem Facturas Billin, las funciones del Modelo 296 y c\u00f3mo hay que presentarlo para cumplir las obligaciones con el fisco.<\/p>\n<p>Te detallamos los aspectos m\u00e1s relevantes y resolvemos las dudas que puedan surgir para que rellenes el Modelo 296 sin cometer ning\u00fan error.<\/p>\n<p><!--more--><\/p>\n<h2>\u00bfQu\u00e9 es el Modelo 296?<\/h2>\n<p>El Modelo 296 es la Declaraci\u00f3n informativa anual de las Retenciones e ingresos a cuenta del <a href=\"https:\/\/www.billin.net\/blog\/modelo-210-irnr\/\" target=\"_blank\" rel=\"noopener\">Impuesto sobre la Renta de no Residentes<\/a> (sin establecimiento permanente).<\/p>\n<p>En esta declaraci\u00f3n queda recogida la informaci\u00f3n de todas las rentas que hay que incorporar al Modelo 296 y que se han presentado con el Modelo 216 de forma trimestral.<\/p>\n<h2><img loading=\"lazy\" decoding=\"async\" class=\"aligncenter wp-image-20487 size-large\" src=\"https:\/\/www.billin.net\/blog\/wp-content\/uploads\/2023\/04\/pexels-olia-danilevich-5466814-1024x683.jpg\" alt=\"\" width=\"810\" height=\"540\" srcset=\"https:\/\/www.billin.net\/blog\/wp-content\/uploads\/2023\/04\/pexels-olia-danilevich-5466814-1024x683.jpg 1024w, https:\/\/www.billin.net\/blog\/wp-content\/uploads\/2023\/04\/pexels-olia-danilevich-5466814-300x200.jpg 300w, https:\/\/www.billin.net\/blog\/wp-content\/uploads\/2023\/04\/pexels-olia-danilevich-5466814-768x512.jpg 768w, https:\/\/www.billin.net\/blog\/wp-content\/uploads\/2023\/04\/pexels-olia-danilevich-5466814-1536x1024.jpg 1536w, https:\/\/www.billin.net\/blog\/wp-content\/uploads\/2023\/04\/pexels-olia-danilevich-5466814.jpg 2048w, https:\/\/www.billin.net\/blog\/wp-content\/uploads\/2023\/04\/pexels-olia-danilevich-5466814-810x540.jpg 810w, https:\/\/www.billin.net\/blog\/wp-content\/uploads\/2023\/04\/pexels-olia-danilevich-5466814-1140x760.jpg 1140w\" sizes=\"(max-width: 810px) 100vw, 810px\" \/><br \/>\n\u00bfPara qu\u00e9 sirve el Modelo 296?<\/h2>\n<p>Desde TeamSystem Facturas Billin os explicamos para qu\u00e9 sirve el Modelo 296.<\/p>\n<p>Pues bien, si una empresa decide contratar a un profesional que se encuentra fuera de Espa\u00f1a, esta persona estar\u00e1 obligada a practicar retenci\u00f3n en el Impuesto sobre la Renta de no Residentes (IRNR), informando de la operaci\u00f3n realizada.<\/p>\n<p>Un residente informa a Hacienda de sus rendimientos mediante el Impuesto sobre la Renta de las Personas F\u00edsicas (IRPF) de forma anual, y un no residente lo hace mediante el Impuesto sobre la Renta de no Residentes.<\/p>\n<p>Por tanto, <strong>el Modelo 296 es obligatorio para aquellos extranjeros que obtengan rentas en Espa\u00f1a y que no vivan habitualmente en Espa\u00f1a,<\/strong> lo mismo que lo hace un espa\u00f1ol pagando los impuestos por los rendimientos obtenidos.<\/p>\n<h2>\u00bfQui\u00e9n debe presentar el modelo 296?<\/h2>\n<p>La obligatoriedad de presentar el Modelo 296 es para aquellas personas f\u00edsicas, jur\u00eddicas y entidades consideradas no residentes, que trabajan en Espa\u00f1a obteniendo diferentes tipos de rendimientos.<\/p>\n<p>Se incluyen las entidades que tienen r\u00e9gimen de atribuci\u00f3n de bienes, todas ellas, tienen que declarar bas\u00e1ndonos en el Impuesto sobre la Renta de no Residentes.<\/p>\n<p>La Agencia Tributaria define ser residente en Espa\u00f1a cuando se den los siguientes condicionantes:<\/p>\n<ul>\n<li>Que la residencia en Espa\u00f1a supere los 183 d\u00edas anuales.<\/li>\n<li>Que la persona f\u00edsica o jur\u00eddica desarrolle una actividad econ\u00f3mica en este pa\u00eds.<\/li>\n<li>Y, que la residencia de los hijos menores y el c\u00f3nyuge, si hubiese, est\u00e9 establecida en Espa\u00f1a.<\/li>\n<\/ul>\n<p>En definitiva, los no residentes son quienes deben cumplimentar con periodicidad anual el Modelo 296, y, el Modelo 216 de forma trimestral.<\/p>\n<h2>\u00bfCu\u00e1ndo hay que presentar el modelo 296?<\/h2>\n<p>Os recordamos desde TeamSystem Facturas Billin que el Modelo 296 resumen anual se presenta una vez al a\u00f1o, concretamente del 1 al 31 de enero.<\/p>\n<p>Hacienda indica que en caso de existir razones t\u00e9cnicas que impidan la presentaci\u00f3n en el plazo determinado, la misma debe realizarse como m\u00e1ximo, durante los cuatro d\u00edas posteriores al final de dicho periodo.<\/p>\n<p>Y, su presentaci\u00f3n se realiza \u00fanicamente v\u00eda electr\u00f3nica.<\/p>\n<h2>\u00bfC\u00f3mo presentar el Modelo 296 de forma correcta?<\/h2>\n<p>Te contamos como cumplimentar el Modelo 296, incluyendo el registro del declarante y el registro del perceptor.<\/p>\n<p>Lo primero ser\u00e1 rellenar los datos del declarante, la modalidad y el ejercicio al que corresponde, adem\u00e1s de indicar si se corresponde con una declaraci\u00f3n sustitutiva o complementaria.<\/p>\n<p>Tambi\u00e9n se indica el n\u00famero total de perceptores, la base total de retenciones e ingresos a cuenta y las cuant\u00edas correspondientes a retenciones o ingresos a cuenta.<\/p>\n<p>Posteriormente, tienes de incluir los datos correspondientes a cada uno de los registros de perceptores, que son los siguientes:<\/p>\n<ul>\n<li>Datos identificativos del declarante, como son NIF, domicilio, etc.<\/li>\n<li>Fecha de devengo de la renta.<\/li>\n<li>Tipo de renta, es decir, dineraria o en especie.<\/li>\n<li>La clave que corresponda a el tipo de renta, por ejemplo, si es el salario de un empleado corresponder\u00eda a \u201cRentas del trabajo\u201d.<\/li>\n<li>La subclave corresponde al c\u00e1lculo de la retenci\u00f3n o ingreso a cuenta, ofreciendo un despegable con las diferentes situaciones posibles.<\/li>\n<li>La base de retenciones e ingresos a cuenta.<\/li>\n<li>El porcentaje de la retenci\u00f3n.<\/li>\n<li>Y, el resultante a aplicar a la cantidad que se ha indicado en la base de retenciones e ingresos a cuenta.<\/li>\n<\/ul>\n<p>Una vez cumplimentados los datos debes \u201cvalidar\u201d el Modelo 296, as\u00ed sabes si tu declaraci\u00f3n tiene alg\u00fan error, adem\u00e1s, te indicar\u00e1 los errores y los botones para corregir cada uno de ellos, hasta que el resultado sea \u201cno existen errores\u201d.<\/p>\n<p>El contar con un <a href=\"https:\/\/www.billin.net\/blog\/programas-nominas\/\" target=\"_blank\" rel=\"noopener\">software de gesti\u00f3n de n\u00f3minas<\/a> ayuda a no cometer ning\u00fan error a la hora de importar el archivo Modelo 296 a la web de la Agencia Tributaria para su presentaci\u00f3n telem\u00e1tica.<\/p>\n<p>Por ello, la implantaci\u00f3n de esta herramienta en un negocio aumentar\u00e1 su rentabilidad, ya que, elabora los Modelos de forma automatizada y sin cometer errores, consiguiendo poder dedicar ese tiempo a otras tareas m\u00e1s importantes.<\/p>\n","protected":false},"excerpt":{"rendered":"<p>Os contamos desde TeamSystem Facturas Billin, las funciones del Modelo 296 y c\u00f3mo hay que presentarlo para cumplir las obligaciones con el fisco. Te detallamos los aspectos m\u00e1s relevantes y resolvemos las dudas que puedan surgir para que rellenes el Modelo 296 sin cometer ning\u00fan error.<\/p>\n","protected":false},"author":20,"featured_media":20488,"comment_status":"open","ping_status":"open","sticky":false,"template":"","format":"standard","meta":{"_acf_changed":false,"_et_pb_use_builder":"","_et_pb_old_content":"","_et_gb_content_width":"","om_disable_all_campaigns":false,"inline_featured_image":false,"footnotes":""},"categories":[1020],"tags":[1381],"class_list":{"0":"post-20486","1":"post","2":"type-post","3":"status-publish","4":"format-standard","5":"has-post-thumbnail","7":"category-contabilidad","8":"tag-pymes"},"acf":{"selector_de_usuario":null,"fecha_de_revision":"20230428"},"yoast_head":"<!-- This site is optimized with the Yoast SEO plugin v27.1 - https:\/\/yoast.com\/product\/yoast-seo-wordpress\/ -->\n<title>Modelo 296 \u00bfCu\u00e1ndo se presenta y para qu\u00e9 sirve? - TeamSystem Facturas Billin<\/title>\n<meta name=\"description\" content=\"Descubre el Modelo 296 de la mano de TeamSystem Facturas Billin, su fecha de presentaci\u00f3n y c\u00f3mo funciona este Modelo de retenci\u00f3n anual. \u00a1Inf\u00f3rmate!\" \/>\n<meta name=\"robots\" content=\"index, follow, max-snippet:-1, max-image-preview:large, max-video-preview:-1\" \/>\n<link rel=\"canonical\" href=\"https:\/\/www.billin.net\/blog\/modelo-296\/\" \/>\n<meta property=\"og:locale\" content=\"es_ES\" \/>\n<meta property=\"og:type\" content=\"article\" \/>\n<meta property=\"og:title\" content=\"Modelo 296 \u00bfCu\u00e1ndo se presenta y para qu\u00e9 sirve? - TeamSystem Facturas Billin\" \/>\n<meta property=\"og:description\" content=\"Descubre el Modelo 296 de la mano de TeamSystem Facturas Billin, su fecha de presentaci\u00f3n y c\u00f3mo funciona este Modelo de retenci\u00f3n anual. \u00a1Inf\u00f3rmate!\" \/>\n<meta property=\"og:url\" content=\"https:\/\/www.billin.net\/blog\/modelo-296\/\" \/>\n<meta property=\"og:site_name\" content=\"Blog de TeamSystem Facturas Billin\" \/>\n<meta property=\"article:publisher\" content=\"https:\/\/www.facebook.com\/EsBillin\" \/>\n<meta property=\"article:published_time\" content=\"2023-04-26T22:00:00+00:00\" \/>\n<meta property=\"article:modified_time\" content=\"2025-09-25T18:31:28+00:00\" \/>\n<meta property=\"og:image\" content=\"https:\/\/www.billin.net\/blog\/wp-content\/uploads\/2023\/04\/pexels-anna-tarazevich-5196820.jpg\" \/>\n\t<meta property=\"og:image:width\" content=\"3500\" \/>\n\t<meta property=\"og:image:height\" content=\"2333\" \/>\n\t<meta property=\"og:image:type\" content=\"image\/jpeg\" \/>\n<meta name=\"author\" content=\"Marcos De La Cueva - CEO TeamSystem Facturas Billin\" \/>\n<meta name=\"twitter:card\" content=\"summary_large_image\" \/>\n<meta name=\"twitter:creator\" content=\"@Billin_ES\" \/>\n<meta name=\"twitter:site\" content=\"@Billin_ES\" \/>\n<meta name=\"twitter:label1\" content=\"Escrito por\" \/>\n\t<meta name=\"twitter:data1\" content=\"Marcos De La Cueva - CEO TeamSystem Facturas Billin\" \/>\n\t<meta name=\"twitter:label2\" content=\"Tiempo de lectura\" \/>\n\t<meta name=\"twitter:data2\" content=\"4 minutos\" \/>\n<script type=\"application\/ld+json\" class=\"yoast-schema-graph\">{\"@context\":\"https:\/\/schema.org\",\"@graph\":[{\"@type\":\"Article\",\"@id\":\"https:\/\/www.billin.net\/blog\/modelo-296\/#article\",\"isPartOf\":{\"@id\":\"https:\/\/www.billin.net\/blog\/modelo-296\/\"},\"author\":{\"name\":\"Marcos De La Cueva - CEO TeamSystem Facturas Billin\",\"@id\":\"https:\/\/www.billin.net\/blog\/#\/schema\/person\/d0339ee6e869234614541b1e80a793e7\"},\"headline\":\"Modelo 296: Funciones y Presentaci\u00f3n\",\"datePublished\":\"2023-04-26T22:00:00+00:00\",\"dateModified\":\"2025-09-25T18:31:28+00:00\",\"mainEntityOfPage\":{\"@id\":\"https:\/\/www.billin.net\/blog\/modelo-296\/\"},\"wordCount\":795,\"commentCount\":0,\"publisher\":{\"@id\":\"https:\/\/www.billin.net\/blog\/#organization\"},\"image\":{\"@id\":\"https:\/\/www.billin.net\/blog\/modelo-296\/#primaryimage\"},\"thumbnailUrl\":\"https:\/\/www.billin.net\/blog\/wp-content\/uploads\/2023\/04\/pexels-anna-tarazevich-5196820.jpg\",\"keywords\":[\"Pymes\"],\"articleSection\":[\"Contabilidad\"],\"inLanguage\":\"es\",\"potentialAction\":[{\"@type\":\"CommentAction\",\"name\":\"Comment\",\"target\":[\"https:\/\/www.billin.net\/blog\/modelo-296\/#respond\"]}]},{\"@type\":\"WebPage\",\"@id\":\"https:\/\/www.billin.net\/blog\/modelo-296\/\",\"url\":\"https:\/\/www.billin.net\/blog\/modelo-296\/\",\"name\":\"Modelo 296 \u00bfCu\u00e1ndo se presenta y para qu\u00e9 sirve? - TeamSystem Facturas Billin\",\"isPartOf\":{\"@id\":\"https:\/\/www.billin.net\/blog\/#website\"},\"primaryImageOfPage\":{\"@id\":\"https:\/\/www.billin.net\/blog\/modelo-296\/#primaryimage\"},\"image\":{\"@id\":\"https:\/\/www.billin.net\/blog\/modelo-296\/#primaryimage\"},\"thumbnailUrl\":\"https:\/\/www.billin.net\/blog\/wp-content\/uploads\/2023\/04\/pexels-anna-tarazevich-5196820.jpg\",\"datePublished\":\"2023-04-26T22:00:00+00:00\",\"dateModified\":\"2025-09-25T18:31:28+00:00\",\"description\":\"Descubre el Modelo 296 de la mano de TeamSystem Facturas Billin, su fecha de presentaci\u00f3n y c\u00f3mo funciona este Modelo de retenci\u00f3n anual. \u00a1Inf\u00f3rmate!\",\"breadcrumb\":{\"@id\":\"https:\/\/www.billin.net\/blog\/modelo-296\/#breadcrumb\"},\"inLanguage\":\"es\",\"potentialAction\":[{\"@type\":\"ReadAction\",\"target\":[\"https:\/\/www.billin.net\/blog\/modelo-296\/\"]}]},{\"@type\":\"ImageObject\",\"inLanguage\":\"es\",\"@id\":\"https:\/\/www.billin.net\/blog\/modelo-296\/#primaryimage\",\"url\":\"https:\/\/www.billin.net\/blog\/wp-content\/uploads\/2023\/04\/pexels-anna-tarazevich-5196820.jpg\",\"contentUrl\":\"https:\/\/www.billin.net\/blog\/wp-content\/uploads\/2023\/04\/pexels-anna-tarazevich-5196820.jpg\",\"width\":3500,\"height\":2333},{\"@type\":\"BreadcrumbList\",\"@id\":\"https:\/\/www.billin.net\/blog\/modelo-296\/#breadcrumb\",\"itemListElement\":[{\"@type\":\"ListItem\",\"position\":1,\"name\":\"Blog\",\"item\":\"https:\/\/www.billin.net\/blog\/\"},{\"@type\":\"ListItem\",\"position\":2,\"name\":\"Contabilidad\",\"item\":\"https:\/\/www.billin.net\/blog\/contabilidad\/\"},{\"@type\":\"ListItem\",\"position\":3,\"name\":\"Modelo 296: Funciones y Presentaci\u00f3n\"}]},{\"@type\":\"WebSite\",\"@id\":\"https:\/\/www.billin.net\/blog\/#website\",\"url\":\"https:\/\/www.billin.net\/blog\/\",\"name\":\"Blog de Billin\",\"description\":\"Mantente informado con el blog de TeamSystem Facturas Billin:  facturaci\u00f3n, legislaci\u00f3n, contabilidad, management y toda la informaci\u00f3n \u00fatil para pymes y aut\u00f3nomos.\",\"publisher\":{\"@id\":\"https:\/\/www.billin.net\/blog\/#organization\"},\"potentialAction\":[{\"@type\":\"SearchAction\",\"target\":{\"@type\":\"EntryPoint\",\"urlTemplate\":\"https:\/\/www.billin.net\/blog\/?s={search_term_string}\"},\"query-input\":{\"@type\":\"PropertyValueSpecification\",\"valueRequired\":true,\"valueName\":\"search_term_string\"}}],\"inLanguage\":\"es\"},{\"@type\":\"Organization\",\"@id\":\"https:\/\/www.billin.net\/blog\/#organization\",\"name\":\"Billin\",\"alternateName\":\"Blog de Billin\",\"url\":\"https:\/\/www.billin.net\/blog\/\",\"logo\":{\"@type\":\"ImageObject\",\"inLanguage\":\"es\",\"@id\":\"https:\/\/www.billin.net\/blog\/#\/schema\/logo\/image\/\",\"url\":\"https:\/\/www.billin.net\/blog\/wp-content\/uploads\/2019\/06\/logotipo-billin-blog-1.png\",\"contentUrl\":\"https:\/\/www.billin.net\/blog\/wp-content\/uploads\/2019\/06\/logotipo-billin-blog-1.png\",\"width\":126,\"height\":50,\"caption\":\"Billin\"},\"image\":{\"@id\":\"https:\/\/www.billin.net\/blog\/#\/schema\/logo\/image\/\"},\"sameAs\":[\"https:\/\/www.facebook.com\/EsBillin\",\"https:\/\/x.com\/Billin_ES\",\"https:\/\/www.instagram.com\/billin_es\/\",\"https:\/\/www.linkedin.com\/company\/billin-spain\",\"https:\/\/www.youtube.com\/c\/BillinEsintercambiodefacturas\/\"],\"legalName\":\"MY EXPENSES SL\",\"contactPoint\":{\"@type\":\"ContactPoint\",\"telephone\":\"+34918318883\",\"contactType\":\"customer service\",\"email\":\"info@billin.eu\",\"availableLanguage\":\"es\"},\"foundingDate\":\"2015\",\"numberOfEmployees\":{\"@type\":\"QuantitativeValue\",\"minValue\":10,\"maxValue\":50},\"parentOrganization\":{\"@type\":\"Organization\",\"name\":\"TeamSystem\",\"url\":\"https:\/\/www.teamsystem.com\/\"},\"description\":\"Billin es el programa de facturaci\u00f3n online de TeamSystem para aut\u00f3nomos y pymes en Espa\u00f1a. Permite crear facturas, controlar gastos y cumplir con Verifactu.\",\"address\":{\"@type\":\"PostalAddress\",\"streetAddress\":\"Calle Arturo Soria, 336\",\"addressLocality\":\"Madrid\",\"addressRegion\":\"Madrid\",\"postalCode\":\"28033\",\"addressCountry\":\"ES\"}},{\"@type\":\"Person\",\"@id\":\"https:\/\/www.billin.net\/blog\/#\/schema\/person\/d0339ee6e869234614541b1e80a793e7\",\"name\":\"Marcos De La Cueva - CEO TeamSystem Facturas Billin\",\"image\":{\"@type\":\"ImageObject\",\"inLanguage\":\"es\",\"@id\":\"https:\/\/www.billin.net\/blog\/#\/schema\/person\/image\/\",\"url\":\"https:\/\/www.billin.net\/blog\/wp-content\/uploads\/2023\/10\/marcos-color-150x150.png\",\"contentUrl\":\"https:\/\/www.billin.net\/blog\/wp-content\/uploads\/2023\/10\/marcos-color-150x150.png\",\"caption\":\"Marcos De La Cueva - CEO TeamSystem Facturas Billin\"},\"description\":\"Licenciado en ADE por la Universidad Aut\u00f3noma de Madrid, Marcos De la Cueva es CEO y cofundador de TeamSystem Facturas Billin, un programa online que lleva m\u00e1s de 9 a\u00f1os ayudando a aut\u00f3nomos, peque\u00f1os negocios y gestor\u00edas a digitalizar sus presupuestos, facturas, tickets y gastos. \u00a0 Sobre Marcos De La Cueva \u00a0 Apasionado por el mundo empresarial y la tecnolog\u00eda, curs\u00f3 su M\u00e1ster de Finanzas en la Universidad Pontificia de Comillas y estuvo en el Programa de Cooperaci\u00f3n Educativa de la Universidad Aut\u00f3noma de Madrid. \u00a0 Marcos siempre ha tenido su objetivo claro: ayudar a la creaci\u00f3n de negocios financieramente sostenibles a trav\u00e9s de una herramienta de facturaci\u00f3n que les permita ahorrar tiempo y tener la contabilidad bajo control. \u00a0 Marcos De La Cueva en los medios \u2014 Noticia sobre Kit Digital y Ley Antifraude (VeriFactu) en El Economista. \u2014 Noticia sobre Kit Digital y factura electr\u00f3nica obligatoria en Diario Jur\u00eddico. \u2014 Noticia sobre el a\u00f1o de transici\u00f3n para la factura electr\u00f3nica en Muy Pymes. \u2014 Entrevista sobre factura electr\u00f3nica obligatoria en Canal Sur. \u2014 Noticia sobre el informe factura electr\u00f3nica de TeamSystem en Channel Partner. \u2014 Charla sobre productividad y Ley Crea y Crece en El Economista. \u2014 Charla sobre factura electr\u00f3nica obligatoria en Muy Pymes. \u2014 Charla sobre digitalizaci\u00f3n aut\u00f3nomos y productividad en esdiario. \u2014 Charla sobre productividad y factura electr\u00f3nica en La Raz\u00f3n. \u2014 Charla sobre factura electr\u00f3nica obligatoria en Aut\u00f3nomos y Emprendedores. \u2014 Entrevista sobre Ley Antifraude y Ley Crea y Crece en Expansi\u00f3n. \u2014 Entrevista sobre Ley Antifraude y Ley Crea y Crece en La Raz\u00f3n. \u2014 Entrevista sobre factura electr\u00f3nica obligatoria en El Economista. \u2014 Comunicado Billin y TeamSystem en Business Insider. \u2014 Entrevista en Econom\u00eda Digital. \u2014 Entrevista en Ideas para tu empresa de Vodafone. \u2014 Entrevista en M\u00e1sQradio. \u2014 Entrevista en Armas para emprender de El M\u00e9todo Gallardo. \u2014 Entrevista en KFund. \u2014 Entrevista en AXA Seguros Espa\u00f1a. \u2014 Entrevista en GestionaRadio. \u00a0 Marcos De La Cueva en eventos \u00a0 \u2014 Participaci\u00f3n como ponente en Accountex Espa\u00f1a 2023. \u00a0 Tem\u00e1ticas de especializaci\u00f3n \u00a0 negocios | startups | contabilidad| fiscalidad | empresas| asesor\u00edas| autonomos | emprendedores | peque\u00f1os negocios | econom\u00eda | ADE | pymes | desarrollo de negocio\u00a0\",\"sameAs\":[\"https:\/\/www.billin.net\/\",\"https:\/\/www.linkedin.com\/in\/marcos-de-la-cueva-19750ba3\/\"],\"url\":\"https:\/\/www.billin.net\/blog\/author\/marcosdelacueva\/\",\"jobTitle\":\"CEO y cofundador de TS Facturas Billin\"}]}<\/script>\n<!-- \/ Yoast SEO plugin. -->","yoast_head_json":{"title":"Modelo 296 \u00bfCu\u00e1ndo se presenta y para qu\u00e9 sirve? - TeamSystem Facturas Billin","description":"Descubre el Modelo 296 de la mano de TeamSystem Facturas Billin, su fecha de presentaci\u00f3n y c\u00f3mo funciona este Modelo de retenci\u00f3n anual. \u00a1Inf\u00f3rmate!","robots":{"index":"index","follow":"follow","max-snippet":"max-snippet:-1","max-image-preview":"max-image-preview:large","max-video-preview":"max-video-preview:-1"},"canonical":"https:\/\/www.billin.net\/blog\/modelo-296\/","og_locale":"es_ES","og_type":"article","og_title":"Modelo 296 \u00bfCu\u00e1ndo se presenta y para qu\u00e9 sirve? - TeamSystem Facturas Billin","og_description":"Descubre el Modelo 296 de la mano de TeamSystem Facturas Billin, su fecha de presentaci\u00f3n y c\u00f3mo funciona este Modelo de retenci\u00f3n anual. \u00a1Inf\u00f3rmate!","og_url":"https:\/\/www.billin.net\/blog\/modelo-296\/","og_site_name":"Blog de TeamSystem Facturas Billin","article_publisher":"https:\/\/www.facebook.com\/EsBillin","article_published_time":"2023-04-26T22:00:00+00:00","article_modified_time":"2025-09-25T18:31:28+00:00","og_image":[{"width":3500,"height":2333,"url":"https:\/\/www.billin.net\/blog\/wp-content\/uploads\/2023\/04\/pexels-anna-tarazevich-5196820.jpg","type":"image\/jpeg"}],"author":"Marcos De La Cueva - CEO TeamSystem Facturas Billin","twitter_card":"summary_large_image","twitter_creator":"@Billin_ES","twitter_site":"@Billin_ES","twitter_misc":{"Escrito por":"Marcos De La Cueva - CEO TeamSystem Facturas Billin","Tiempo de lectura":"4 minutos"},"schema":{"@context":"https:\/\/schema.org","@graph":[{"@type":"Article","@id":"https:\/\/www.billin.net\/blog\/modelo-296\/#article","isPartOf":{"@id":"https:\/\/www.billin.net\/blog\/modelo-296\/"},"author":{"name":"Marcos De La Cueva - CEO TeamSystem Facturas Billin","@id":"https:\/\/www.billin.net\/blog\/#\/schema\/person\/d0339ee6e869234614541b1e80a793e7"},"headline":"Modelo 296: Funciones y Presentaci\u00f3n","datePublished":"2023-04-26T22:00:00+00:00","dateModified":"2025-09-25T18:31:28+00:00","mainEntityOfPage":{"@id":"https:\/\/www.billin.net\/blog\/modelo-296\/"},"wordCount":795,"commentCount":0,"publisher":{"@id":"https:\/\/www.billin.net\/blog\/#organization"},"image":{"@id":"https:\/\/www.billin.net\/blog\/modelo-296\/#primaryimage"},"thumbnailUrl":"https:\/\/www.billin.net\/blog\/wp-content\/uploads\/2023\/04\/pexels-anna-tarazevich-5196820.jpg","keywords":["Pymes"],"articleSection":["Contabilidad"],"inLanguage":"es","potentialAction":[{"@type":"CommentAction","name":"Comment","target":["https:\/\/www.billin.net\/blog\/modelo-296\/#respond"]}]},{"@type":"WebPage","@id":"https:\/\/www.billin.net\/blog\/modelo-296\/","url":"https:\/\/www.billin.net\/blog\/modelo-296\/","name":"Modelo 296 \u00bfCu\u00e1ndo se presenta y para qu\u00e9 sirve? - TeamSystem Facturas Billin","isPartOf":{"@id":"https:\/\/www.billin.net\/blog\/#website"},"primaryImageOfPage":{"@id":"https:\/\/www.billin.net\/blog\/modelo-296\/#primaryimage"},"image":{"@id":"https:\/\/www.billin.net\/blog\/modelo-296\/#primaryimage"},"thumbnailUrl":"https:\/\/www.billin.net\/blog\/wp-content\/uploads\/2023\/04\/pexels-anna-tarazevich-5196820.jpg","datePublished":"2023-04-26T22:00:00+00:00","dateModified":"2025-09-25T18:31:28+00:00","description":"Descubre el Modelo 296 de la mano de TeamSystem Facturas Billin, su fecha de presentaci\u00f3n y c\u00f3mo funciona este Modelo de retenci\u00f3n anual. \u00a1Inf\u00f3rmate!","breadcrumb":{"@id":"https:\/\/www.billin.net\/blog\/modelo-296\/#breadcrumb"},"inLanguage":"es","potentialAction":[{"@type":"ReadAction","target":["https:\/\/www.billin.net\/blog\/modelo-296\/"]}]},{"@type":"ImageObject","inLanguage":"es","@id":"https:\/\/www.billin.net\/blog\/modelo-296\/#primaryimage","url":"https:\/\/www.billin.net\/blog\/wp-content\/uploads\/2023\/04\/pexels-anna-tarazevich-5196820.jpg","contentUrl":"https:\/\/www.billin.net\/blog\/wp-content\/uploads\/2023\/04\/pexels-anna-tarazevich-5196820.jpg","width":3500,"height":2333},{"@type":"BreadcrumbList","@id":"https:\/\/www.billin.net\/blog\/modelo-296\/#breadcrumb","itemListElement":[{"@type":"ListItem","position":1,"name":"Blog","item":"https:\/\/www.billin.net\/blog\/"},{"@type":"ListItem","position":2,"name":"Contabilidad","item":"https:\/\/www.billin.net\/blog\/contabilidad\/"},{"@type":"ListItem","position":3,"name":"Modelo 296: Funciones y Presentaci\u00f3n"}]},{"@type":"WebSite","@id":"https:\/\/www.billin.net\/blog\/#website","url":"https:\/\/www.billin.net\/blog\/","name":"Blog de Billin","description":"Mantente informado con el blog de TeamSystem Facturas Billin:  facturaci\u00f3n, legislaci\u00f3n, contabilidad, management y toda la informaci\u00f3n \u00fatil para pymes y aut\u00f3nomos.","publisher":{"@id":"https:\/\/www.billin.net\/blog\/#organization"},"potentialAction":[{"@type":"SearchAction","target":{"@type":"EntryPoint","urlTemplate":"https:\/\/www.billin.net\/blog\/?s={search_term_string}"},"query-input":{"@type":"PropertyValueSpecification","valueRequired":true,"valueName":"search_term_string"}}],"inLanguage":"es"},{"@type":"Organization","@id":"https:\/\/www.billin.net\/blog\/#organization","name":"Billin","alternateName":"Blog de Billin","url":"https:\/\/www.billin.net\/blog\/","logo":{"@type":"ImageObject","inLanguage":"es","@id":"https:\/\/www.billin.net\/blog\/#\/schema\/logo\/image\/","url":"https:\/\/www.billin.net\/blog\/wp-content\/uploads\/2019\/06\/logotipo-billin-blog-1.png","contentUrl":"https:\/\/www.billin.net\/blog\/wp-content\/uploads\/2019\/06\/logotipo-billin-blog-1.png","width":126,"height":50,"caption":"Billin"},"image":{"@id":"https:\/\/www.billin.net\/blog\/#\/schema\/logo\/image\/"},"sameAs":["https:\/\/www.facebook.com\/EsBillin","https:\/\/x.com\/Billin_ES","https:\/\/www.instagram.com\/billin_es\/","https:\/\/www.linkedin.com\/company\/billin-spain","https:\/\/www.youtube.com\/c\/BillinEsintercambiodefacturas\/"],"legalName":"MY EXPENSES SL","contactPoint":{"@type":"ContactPoint","telephone":"+34918318883","contactType":"customer service","email":"info@billin.eu","availableLanguage":"es"},"foundingDate":"2015","numberOfEmployees":{"@type":"QuantitativeValue","minValue":10,"maxValue":50},"parentOrganization":{"@type":"Organization","name":"TeamSystem","url":"https:\/\/www.teamsystem.com\/"},"description":"Billin es el programa de facturaci\u00f3n online de TeamSystem para aut\u00f3nomos y pymes en Espa\u00f1a. Permite crear facturas, controlar gastos y cumplir con Verifactu.","address":{"@type":"PostalAddress","streetAddress":"Calle Arturo Soria, 336","addressLocality":"Madrid","addressRegion":"Madrid","postalCode":"28033","addressCountry":"ES"}},{"@type":"Person","@id":"https:\/\/www.billin.net\/blog\/#\/schema\/person\/d0339ee6e869234614541b1e80a793e7","name":"Marcos De La Cueva - CEO TeamSystem Facturas Billin","image":{"@type":"ImageObject","inLanguage":"es","@id":"https:\/\/www.billin.net\/blog\/#\/schema\/person\/image\/","url":"https:\/\/www.billin.net\/blog\/wp-content\/uploads\/2023\/10\/marcos-color-150x150.png","contentUrl":"https:\/\/www.billin.net\/blog\/wp-content\/uploads\/2023\/10\/marcos-color-150x150.png","caption":"Marcos De La Cueva - CEO TeamSystem Facturas Billin"},"description":"Licenciado en ADE por la Universidad Aut\u00f3noma de Madrid, Marcos De la Cueva es CEO y cofundador de TeamSystem Facturas Billin, un programa online que lleva m\u00e1s de 9 a\u00f1os ayudando a aut\u00f3nomos, peque\u00f1os negocios y gestor\u00edas a digitalizar sus presupuestos, facturas, tickets y gastos. \u00a0 Sobre Marcos De La Cueva \u00a0 Apasionado por el mundo empresarial y la tecnolog\u00eda, curs\u00f3 su M\u00e1ster de Finanzas en la Universidad Pontificia de Comillas y estuvo en el Programa de Cooperaci\u00f3n Educativa de la Universidad Aut\u00f3noma de Madrid. \u00a0 Marcos siempre ha tenido su objetivo claro: ayudar a la creaci\u00f3n de negocios financieramente sostenibles a trav\u00e9s de una herramienta de facturaci\u00f3n que les permita ahorrar tiempo y tener la contabilidad bajo control. \u00a0 Marcos De La Cueva en los medios \u2014 Noticia sobre Kit Digital y Ley Antifraude (VeriFactu) en El Economista. \u2014 Noticia sobre Kit Digital y factura electr\u00f3nica obligatoria en Diario Jur\u00eddico. \u2014 Noticia sobre el a\u00f1o de transici\u00f3n para la factura electr\u00f3nica en Muy Pymes. \u2014 Entrevista sobre factura electr\u00f3nica obligatoria en Canal Sur. \u2014 Noticia sobre el informe factura electr\u00f3nica de TeamSystem en Channel Partner. \u2014 Charla sobre productividad y Ley Crea y Crece en El Economista. \u2014 Charla sobre factura electr\u00f3nica obligatoria en Muy Pymes. \u2014 Charla sobre digitalizaci\u00f3n aut\u00f3nomos y productividad en esdiario. \u2014 Charla sobre productividad y factura electr\u00f3nica en La Raz\u00f3n. \u2014 Charla sobre factura electr\u00f3nica obligatoria en Aut\u00f3nomos y Emprendedores. \u2014 Entrevista sobre Ley Antifraude y Ley Crea y Crece en Expansi\u00f3n. \u2014 Entrevista sobre Ley Antifraude y Ley Crea y Crece en La Raz\u00f3n. \u2014 Entrevista sobre factura electr\u00f3nica obligatoria en El Economista. \u2014 Comunicado Billin y TeamSystem en Business Insider. \u2014 Entrevista en Econom\u00eda Digital. \u2014 Entrevista en Ideas para tu empresa de Vodafone. \u2014 Entrevista en M\u00e1sQradio. \u2014 Entrevista en Armas para emprender de El M\u00e9todo Gallardo. \u2014 Entrevista en KFund. \u2014 Entrevista en AXA Seguros Espa\u00f1a. \u2014 Entrevista en GestionaRadio. \u00a0 Marcos De La Cueva en eventos \u00a0 \u2014 Participaci\u00f3n como ponente en Accountex Espa\u00f1a 2023. \u00a0 Tem\u00e1ticas de especializaci\u00f3n \u00a0 negocios | startups | contabilidad| fiscalidad | empresas| asesor\u00edas| autonomos | emprendedores | peque\u00f1os negocios | econom\u00eda | ADE | pymes | desarrollo de negocio\u00a0","sameAs":["https:\/\/www.billin.net\/","https:\/\/www.linkedin.com\/in\/marcos-de-la-cueva-19750ba3\/"],"url":"https:\/\/www.billin.net\/blog\/author\/marcosdelacueva\/","jobTitle":"CEO y cofundador de TS Facturas Billin"}]}},"_links":{"self":[{"href":"https:\/\/www.billin.net\/blog\/wp-json\/wp\/v2\/posts\/20486","targetHints":{"allow":["GET"]}}],"collection":[{"href":"https:\/\/www.billin.net\/blog\/wp-json\/wp\/v2\/posts"}],"about":[{"href":"https:\/\/www.billin.net\/blog\/wp-json\/wp\/v2\/types\/post"}],"author":[{"embeddable":true,"href":"https:\/\/www.billin.net\/blog\/wp-json\/wp\/v2\/users\/20"}],"replies":[{"embeddable":true,"href":"https:\/\/www.billin.net\/blog\/wp-json\/wp\/v2\/comments?post=20486"}],"version-history":[{"count":8,"href":"https:\/\/www.billin.net\/blog\/wp-json\/wp\/v2\/posts\/20486\/revisions"}],"predecessor-version":[{"id":26698,"href":"https:\/\/www.billin.net\/blog\/wp-json\/wp\/v2\/posts\/20486\/revisions\/26698"}],"wp:featuredmedia":[{"embeddable":true,"href":"https:\/\/www.billin.net\/blog\/wp-json\/wp\/v2\/media\/20488"}],"wp:attachment":[{"href":"https:\/\/www.billin.net\/blog\/wp-json\/wp\/v2\/media?parent=20486"}],"wp:term":[{"taxonomy":"category","embeddable":true,"href":"https:\/\/www.billin.net\/blog\/wp-json\/wp\/v2\/categories?post=20486"},{"taxonomy":"post_tag","embeddable":true,"href":"https:\/\/www.billin.net\/blog\/wp-json\/wp\/v2\/tags?post=20486"}],"curies":[{"name":"wp","href":"https:\/\/api.w.org\/{rel}","templated":true}]}}