{"id":20366,"date":"2023-03-16T17:37:18","date_gmt":"2023-03-16T15:37:18","guid":{"rendered":"https:\/\/www.billin.net\/blog\/?p=20366"},"modified":"2025-09-25T20:31:55","modified_gmt":"2025-09-25T18:31:55","slug":"autonomos-exentos-iva","status":"publish","type":"post","link":"https:\/\/www.billin.net\/blog\/autonomos-exentos-iva\/","title":{"rendered":"\u00bfEres aut\u00f3nomo y facturas menos de 85.000 euros al a\u00f1o? Te contamos una buena noticia"},"content":{"rendered":"<blockquote><p><span style=\"font-weight: 400;\"><strong><em>Los aut\u00f3nomos que facturen menos de 85.000 euros estar\u00e1n libres de facturar y declarar el IVA.<\/em> <\/strong><\/span><\/p><\/blockquote>\n<p><span style=\"font-weight: 400;\">Esta es una de las principales conclusiones a las que se ha llegado en el IV Foro de Emprendedores y Aut\u00f3nomos que organiza la Federaci\u00f3n Nacional de Asociaciones de Trabajadores Aut\u00f3nomos (ATA). <\/span><\/p>\n<p><span style=\"font-weight: 400;\">En el encuentro se presentaron algunas de las caracter\u00edsticas principales de un<strong> nuevo r\u00e9gimen de franquicias que est\u00e1 siendo estudiado por la Agencia Tributaria y que podr\u00eda beneficiar a miles de aut\u00f3nomos en Espa\u00f1a.<\/strong><\/span><\/p>\n<p><!--more--><\/p>\n<h2>\u00bfEn qu\u00e9 consiste el r\u00e9gimen de franquicias?<\/h2>\n<p><span style=\"font-weight: 400;\">La idea que se est\u00e1 barajando es que <strong>todos los trabajadores por cuenta propia que facturen menos de 85.000 euros (100.000 euros si est\u00e1n en actividades intracomunitarias) s\u00f3lo tengan que presentar una declaraci\u00f3n anual de sus ventas para demostrar que cumplen los l\u00edmites para no estar sujetos al IVA.<\/strong> <\/span><\/p>\n<p><span style=\"font-weight: 400;\">De esta manera, se reducir\u00eda la carga administrativa que tienen que soportar los peque\u00f1os empresarios y se simplificar\u00eda el sistema tributario.<\/span><\/p>\n<p><span style=\"font-weight: 400;\">Adem\u00e1s, la eliminaci\u00f3n de la obligaci\u00f3n de presentar <a href=\"https:\/\/www.billin.net\/blog\/como-hacer-la-declaracion-del-iva-trimestral-con-billin\/\" target=\"_blank\" rel=\"noopener\">autoliquidaciones trimestrales del IVA<\/a> simplificar\u00eda tambi\u00e9n la gesti\u00f3n y permitir\u00eda a los aut\u00f3nomos centrarse en otras \u00e1reas de su negocio. <\/span><\/p>\n<p><span style=\"font-weight: 400;\">Por otro lado, este r\u00e9gimen tambi\u00e9n <strong>conllevar\u00eda la eliminaci\u00f3n de la necesidad de guardar facturas de cara al IVA<\/strong>, ya que no habr\u00eda gastos deducibles para los beneficiarios del r\u00e9gimen de franquicias.<\/span><\/p>\n<p><span style=\"font-weight: 400;\">El r\u00e9gimen de franquicias beneficiar\u00e1 m\u00e1s a los aut\u00f3nomos que tienen menos gastos, por el hecho de que, en su caso, <strong>el sistema ser\u00eda m\u00e1s beneficioso al no tener que repercutir el IVA y no poder deducirlo.<\/strong><\/span><\/p>\n<h3>\u00bfPor qu\u00e9 es importante este r\u00e9gimen de franquicias?<\/h3>\n<p><span style=\"font-weight: 400;\">El r\u00e9gimen de franquicias permitir\u00eda a miles de aut\u00f3nomos en Espa\u00f1a quedar al margen del IVA y no tener que presentar autoliquidaciones trimestrales. De esta manera, <strong>se reducir\u00eda la carga administrativa y se simplificar\u00eda el sistema tributario. <\/strong><\/span><\/p>\n<p><span style=\"font-weight: 400;\">Seg\u00fan los \u00faltimos datos disponibles de la Agencia Tributaria, <strong>en 2019 hab\u00eda m\u00e1s de dos millones de trabajadores por cuenta propia con unos beneficios inferiores a los 1.125 euros al mes.<\/strong> Es probable que al menos dos de cada tres trabajadores por cuenta propia espa\u00f1oles estuvieran dentro del umbral para poder acogerse al nuevo r\u00e9gimen de franquicias de IVA.<\/span><\/p>\n<p><span style=\"font-weight: 400;\">Adem\u00e1s, la implantaci\u00f3n de este nuevo sistema permitir\u00eda a la Administraci\u00f3n proveer m\u00e1s servicios, que podr\u00edan ayudar a hacer menos tr\u00e1mites.\u00a0<\/span><\/p>\n<h3>Eliminaci\u00f3n de la obligaci\u00f3n de guardar facturas<\/h3>\n<p><span style=\"font-weight: 400;\">Otra de las ventajas del <strong>nuevo r\u00e9gimen de franquicias ser\u00eda la eliminaci\u00f3n de la obligaci\u00f3n de guardar facturas de cara a este impuesto<\/strong>, ya que no habr\u00eda <a href=\"https:\/\/www.billin.net\/calculadora-gastos-deducibles\/\" target=\"_blank\" rel=\"noopener\">gastos deducibles<\/a> en este tributo para los beneficiarios del r\u00e9gimen de franquicias.<\/span><\/p>\n<p><span style=\"font-weight: 400;\">El r\u00e9gimen de franquicias tambi\u00e9n beneficiar\u00eda a los aut\u00f3nomos que tienen menos gastos en su actividad, porque <strong>no tendr\u00edan que repercutir ni tampoco podr\u00edan deducir el IVA.<\/strong> Por otro lado, aquellos aut\u00f3nomos que tienen muchos gastos podr\u00edan no estar interesados en el r\u00e9gimen, aunque la mayor\u00eda se ver\u00eda beneficiado.<\/span><\/p>\n<p><span style=\"font-weight: 400;\">Otro tema que se est\u00e1 tratando en las negociaciones para la reforma fiscal que afectar\u00e1 a los aut\u00f3nomos es <strong>la eliminaci\u00f3n del sistema de tributaci\u00f3n por m\u00f3dulos en IRPF.<\/strong> La directora de gesti\u00f3n tributaria de la AEAT, Rosa Prieto, considera que el sistema de m\u00f3dulos es una anomal\u00eda, y que habr\u00eda que pasar al r\u00e9gimen de <a href=\"https:\/\/www.billin.net\/blog\/autonomo-la-importancia-del-regimen-estimacion-directa\/\" target=\"_blank\" rel=\"noopener\">estimaci\u00f3n directa simplificada o normal<\/a> en RENTA.<\/span><\/p>\n<h2>Transici\u00f3n y eliminaci\u00f3n de m\u00f3dulos<\/h2>\n<p><span style=\"font-weight: 400;\">En cuanto a la transici\u00f3n de los m\u00f3dulos a la estimaci\u00f3n directa, <strong>se busca que sea lo menos perjudicial para los aut\u00f3nomos, especialmente de algunos sectores como el transporte.<\/strong> <\/span><\/p>\n<p><span style=\"font-weight: 400;\">Algunas comunidades como el Pa\u00eds Vasco y Navarra ya han hecho esta transici\u00f3n, estableciendo un sistema de estimaci\u00f3n directa &#8216;especial&#8217; para algunas actividades como la agricultura o el transporte, donde puedan deducirse de manera fija hasta m\u00e1s de un 35 o 40% de sus ingresos.<\/span><\/p>\n<p><span style=\"font-weight: 400;\">Una de las claves para poder transitar de los m\u00f3dulos a la estimaci\u00f3n directa en IRPF sin afectar a miles de aut\u00f3nomos moduleros ser\u00eda <strong>la \u00abobjetivaci\u00f3n de los gastos deducibles\u00bb.<\/strong> <\/span><\/p>\n<p><span style=\"font-weight: 400;\">La vicepresidenta de ATA, Celia Ferrero, propone establecer una unidad de criterio en la Inspecci\u00f3n, que establezca unos porcentajes o cuant\u00edas deducibles para cada gasto, y que no haga falta justificarlos. De esta manera, <strong>si un aut\u00f3nomo tiene derecho a una deducci\u00f3n de manutenci\u00f3n de 26,6 euros al d\u00eda, no ser\u00eda necesario justificar esos 26,6 euros porque ya los tendr\u00eda.<\/strong> Lo que habr\u00eda que justificar es si se supera esa cantidad, y as\u00ed con muchos otros gastos recurrentes.<\/span><\/p>\n<h2>Conclusi\u00f3n final<\/h2>\n<p><span style=\"font-weight: 400;\">En resumen, <strong>los aut\u00f3nomos que facturen menos de 85.000 euros (100.000 euros si est\u00e1n en actividades intracomunitarias) podr\u00e1n quedar exentos de presentar el IVA y no tendr\u00e1n que hacer autoliquidaciones trimestrales<\/strong>, si se aprueba el nuevo r\u00e9gimen de franquicias que est\u00e1 siendo negociado por la Agencia Tributaria y las organizaciones de aut\u00f3nomos. <\/span><\/p>\n<p><span style=\"font-weight: 400;\">Esto supondr\u00eda una gran simplificaci\u00f3n del sistema tributario para los negocios m\u00e1s peque\u00f1os y una reducci\u00f3n de la carga administrativa para los aut\u00f3nomos. <\/span><\/p>\n<p><span style=\"font-weight: 400;\">Adem\u00e1s,<strong> la eliminaci\u00f3n del sistema de tributaci\u00f3n por m\u00f3dulos en IRPF tambi\u00e9n se encuentra en la mesa de negociaci\u00f3n<\/strong>, buscando una transici\u00f3n que sea lo menos perjudicial posible para los aut\u00f3nomos moduleros, y que se establezca una unidad de criterio en la Inspecci\u00f3n para la \u00abobjetivaci\u00f3n de los gastos deducibles\u00bb.<\/span><\/p>\n","protected":false},"excerpt":{"rendered":"<p>Los aut\u00f3nomos que facturen menos de 85.000 euros estar\u00e1n libres de facturar y declarar el IVA. Esta es una de las principales conclusiones a las que se ha llegado en el IV Foro de Emprendedores y Aut\u00f3nomos que organiza la Federaci\u00f3n Nacional de Asociaciones de Trabajadores Aut\u00f3nomos (ATA). En el encuentro se presentaron algunas de [&hellip;]<\/p>\n","protected":false},"author":20,"featured_media":20367,"comment_status":"open","ping_status":"open","sticky":false,"template":"","format":"standard","meta":{"_acf_changed":false,"_et_pb_use_builder":"","_et_pb_old_content":"","_et_gb_content_width":"","om_disable_all_campaigns":false,"inline_featured_image":false,"footnotes":""},"categories":[1015],"tags":[1380],"class_list":{"0":"post-20366","1":"post","2":"type-post","3":"status-publish","4":"format-standard","5":"has-post-thumbnail","7":"category-facturacion","8":"tag-autonomos"},"acf":{"selector_de_usuario":null,"fecha_de_revision":null},"yoast_head":"<!-- This site is optimized with the Yoast SEO plugin v27.1 - https:\/\/yoast.com\/product\/yoast-seo-wordpress\/ -->\n<title>Aut\u00f3nomos que facturen menos de 85.000 exentos de IVA - TeamSystem Facturas Billin<\/title>\n<meta name=\"description\" content=\"Descubre c\u00f3mo el nuevo r\u00e9gimen fiscal libera a los aut\u00f3nomos que facturan menos de 85.000\u20ac del tedioso proceso de facturaci\u00f3n y declaraci\u00f3n del IVA\" \/>\n<meta name=\"robots\" content=\"index, follow, max-snippet:-1, max-image-preview:large, max-video-preview:-1\" \/>\n<link rel=\"canonical\" href=\"https:\/\/www.billin.net\/blog\/autonomos-exentos-iva\/\" \/>\n<meta property=\"og:locale\" content=\"es_ES\" \/>\n<meta property=\"og:type\" content=\"article\" \/>\n<meta property=\"og:title\" content=\"Aut\u00f3nomos que facturen menos de 85.000 exentos de IVA - TeamSystem Facturas Billin\" \/>\n<meta property=\"og:description\" content=\"Descubre c\u00f3mo el nuevo r\u00e9gimen fiscal libera a los aut\u00f3nomos que facturan menos de 85.000\u20ac del tedioso proceso de facturaci\u00f3n y declaraci\u00f3n del IVA\" \/>\n<meta property=\"og:url\" content=\"https:\/\/www.billin.net\/blog\/autonomos-exentos-iva\/\" \/>\n<meta property=\"og:site_name\" content=\"Blog de TeamSystem Facturas Billin\" \/>\n<meta property=\"article:publisher\" content=\"https:\/\/www.facebook.com\/EsBillin\" \/>\n<meta property=\"article:published_time\" content=\"2023-03-16T15:37:18+00:00\" \/>\n<meta property=\"article:modified_time\" content=\"2025-09-25T18:31:55+00:00\" \/>\n<meta property=\"og:image\" content=\"https:\/\/www.billin.net\/blog\/wp-content\/uploads\/2023\/03\/autonomos-exentos-iva-85000.jpg\" \/>\n\t<meta property=\"og:image:width\" content=\"1280\" \/>\n\t<meta property=\"og:image:height\" content=\"853\" \/>\n\t<meta property=\"og:image:type\" content=\"image\/jpeg\" \/>\n<meta name=\"author\" content=\"Marcos De La Cueva - CEO TeamSystem Facturas Billin\" \/>\n<meta name=\"twitter:card\" content=\"summary_large_image\" \/>\n<meta name=\"twitter:creator\" content=\"@Billin_ES\" \/>\n<meta name=\"twitter:site\" content=\"@Billin_ES\" \/>\n<meta name=\"twitter:label1\" content=\"Escrito por\" \/>\n\t<meta name=\"twitter:data1\" content=\"Marcos De La Cueva - CEO TeamSystem Facturas Billin\" \/>\n\t<meta name=\"twitter:label2\" content=\"Tiempo de lectura\" \/>\n\t<meta name=\"twitter:data2\" content=\"4 minutos\" \/>\n<script type=\"application\/ld+json\" class=\"yoast-schema-graph\">{\"@context\":\"https:\/\/schema.org\",\"@graph\":[{\"@type\":\"Article\",\"@id\":\"https:\/\/www.billin.net\/blog\/autonomos-exentos-iva\/#article\",\"isPartOf\":{\"@id\":\"https:\/\/www.billin.net\/blog\/autonomos-exentos-iva\/\"},\"author\":{\"name\":\"Marcos De La Cueva - CEO TeamSystem Facturas Billin\",\"@id\":\"https:\/\/www.billin.net\/blog\/#\/schema\/person\/d0339ee6e869234614541b1e80a793e7\"},\"headline\":\"\u00bfEres aut\u00f3nomo y facturas menos de 85.000 euros al a\u00f1o? Te contamos una buena noticia\",\"datePublished\":\"2023-03-16T15:37:18+00:00\",\"dateModified\":\"2025-09-25T18:31:55+00:00\",\"mainEntityOfPage\":{\"@id\":\"https:\/\/www.billin.net\/blog\/autonomos-exentos-iva\/\"},\"wordCount\":991,\"commentCount\":2,\"publisher\":{\"@id\":\"https:\/\/www.billin.net\/blog\/#organization\"},\"image\":{\"@id\":\"https:\/\/www.billin.net\/blog\/autonomos-exentos-iva\/#primaryimage\"},\"thumbnailUrl\":\"https:\/\/www.billin.net\/blog\/wp-content\/uploads\/2023\/03\/autonomos-exentos-iva-85000.jpg\",\"keywords\":[\"Aut\u00f3nomos\"],\"articleSection\":[\"Facturaci\u00f3n\"],\"inLanguage\":\"es\",\"potentialAction\":[{\"@type\":\"CommentAction\",\"name\":\"Comment\",\"target\":[\"https:\/\/www.billin.net\/blog\/autonomos-exentos-iva\/#respond\"]}]},{\"@type\":\"WebPage\",\"@id\":\"https:\/\/www.billin.net\/blog\/autonomos-exentos-iva\/\",\"url\":\"https:\/\/www.billin.net\/blog\/autonomos-exentos-iva\/\",\"name\":\"Aut\u00f3nomos que facturen menos de 85.000 exentos de IVA - TeamSystem Facturas Billin\",\"isPartOf\":{\"@id\":\"https:\/\/www.billin.net\/blog\/#website\"},\"primaryImageOfPage\":{\"@id\":\"https:\/\/www.billin.net\/blog\/autonomos-exentos-iva\/#primaryimage\"},\"image\":{\"@id\":\"https:\/\/www.billin.net\/blog\/autonomos-exentos-iva\/#primaryimage\"},\"thumbnailUrl\":\"https:\/\/www.billin.net\/blog\/wp-content\/uploads\/2023\/03\/autonomos-exentos-iva-85000.jpg\",\"datePublished\":\"2023-03-16T15:37:18+00:00\",\"dateModified\":\"2025-09-25T18:31:55+00:00\",\"description\":\"Descubre c\u00f3mo el nuevo r\u00e9gimen fiscal libera a los aut\u00f3nomos que facturan menos de 85.000\u20ac del tedioso proceso de facturaci\u00f3n y declaraci\u00f3n del IVA\",\"breadcrumb\":{\"@id\":\"https:\/\/www.billin.net\/blog\/autonomos-exentos-iva\/#breadcrumb\"},\"inLanguage\":\"es\",\"potentialAction\":[{\"@type\":\"ReadAction\",\"target\":[\"https:\/\/www.billin.net\/blog\/autonomos-exentos-iva\/\"]}]},{\"@type\":\"ImageObject\",\"inLanguage\":\"es\",\"@id\":\"https:\/\/www.billin.net\/blog\/autonomos-exentos-iva\/#primaryimage\",\"url\":\"https:\/\/www.billin.net\/blog\/wp-content\/uploads\/2023\/03\/autonomos-exentos-iva-85000.jpg\",\"contentUrl\":\"https:\/\/www.billin.net\/blog\/wp-content\/uploads\/2023\/03\/autonomos-exentos-iva-85000.jpg\",\"width\":1280,\"height\":853,\"caption\":\"autonomos que facturen menos de 85.000\"},{\"@type\":\"BreadcrumbList\",\"@id\":\"https:\/\/www.billin.net\/blog\/autonomos-exentos-iva\/#breadcrumb\",\"itemListElement\":[{\"@type\":\"ListItem\",\"position\":1,\"name\":\"Blog\",\"item\":\"https:\/\/www.billin.net\/blog\/\"},{\"@type\":\"ListItem\",\"position\":2,\"name\":\"Facturaci\u00f3n\",\"item\":\"https:\/\/www.billin.net\/blog\/facturacion\/\"},{\"@type\":\"ListItem\",\"position\":3,\"name\":\"\u00bfEres aut\u00f3nomo y facturas menos de 85.000 euros al a\u00f1o? Te contamos una buena noticia\"}]},{\"@type\":\"WebSite\",\"@id\":\"https:\/\/www.billin.net\/blog\/#website\",\"url\":\"https:\/\/www.billin.net\/blog\/\",\"name\":\"Blog de Billin\",\"description\":\"Mantente informado con el blog de TeamSystem Facturas Billin:  facturaci\u00f3n, legislaci\u00f3n, contabilidad, management y toda la informaci\u00f3n \u00fatil para pymes y aut\u00f3nomos.\",\"publisher\":{\"@id\":\"https:\/\/www.billin.net\/blog\/#organization\"},\"potentialAction\":[{\"@type\":\"SearchAction\",\"target\":{\"@type\":\"EntryPoint\",\"urlTemplate\":\"https:\/\/www.billin.net\/blog\/?s={search_term_string}\"},\"query-input\":{\"@type\":\"PropertyValueSpecification\",\"valueRequired\":true,\"valueName\":\"search_term_string\"}}],\"inLanguage\":\"es\"},{\"@type\":\"Organization\",\"@id\":\"https:\/\/www.billin.net\/blog\/#organization\",\"name\":\"Billin\",\"alternateName\":\"Blog de Billin\",\"url\":\"https:\/\/www.billin.net\/blog\/\",\"logo\":{\"@type\":\"ImageObject\",\"inLanguage\":\"es\",\"@id\":\"https:\/\/www.billin.net\/blog\/#\/schema\/logo\/image\/\",\"url\":\"https:\/\/www.billin.net\/blog\/wp-content\/uploads\/2019\/06\/logotipo-billin-blog-1.png\",\"contentUrl\":\"https:\/\/www.billin.net\/blog\/wp-content\/uploads\/2019\/06\/logotipo-billin-blog-1.png\",\"width\":126,\"height\":50,\"caption\":\"Billin\"},\"image\":{\"@id\":\"https:\/\/www.billin.net\/blog\/#\/schema\/logo\/image\/\"},\"sameAs\":[\"https:\/\/www.facebook.com\/EsBillin\",\"https:\/\/x.com\/Billin_ES\",\"https:\/\/www.instagram.com\/billin_es\/\",\"https:\/\/www.linkedin.com\/company\/billin-spain\",\"https:\/\/www.youtube.com\/c\/BillinEsintercambiodefacturas\/\"],\"legalName\":\"MY EXPENSES SL\",\"contactPoint\":{\"@type\":\"ContactPoint\",\"telephone\":\"+34918318883\",\"contactType\":\"customer service\",\"email\":\"info@billin.eu\",\"availableLanguage\":\"es\"},\"foundingDate\":\"2015\",\"numberOfEmployees\":{\"@type\":\"QuantitativeValue\",\"minValue\":10,\"maxValue\":50},\"parentOrganization\":{\"@type\":\"Organization\",\"name\":\"TeamSystem\",\"url\":\"https:\/\/www.teamsystem.com\/\"},\"description\":\"Billin es el programa de facturaci\u00f3n online de TeamSystem para aut\u00f3nomos y pymes en Espa\u00f1a. Permite crear facturas, controlar gastos y cumplir con Verifactu.\",\"address\":{\"@type\":\"PostalAddress\",\"streetAddress\":\"Calle Arturo Soria, 336\",\"addressLocality\":\"Madrid\",\"addressRegion\":\"Madrid\",\"postalCode\":\"28033\",\"addressCountry\":\"ES\"}},{\"@type\":\"Person\",\"@id\":\"https:\/\/www.billin.net\/blog\/#\/schema\/person\/d0339ee6e869234614541b1e80a793e7\",\"name\":\"Marcos De La Cueva - CEO TeamSystem Facturas Billin\",\"image\":{\"@type\":\"ImageObject\",\"inLanguage\":\"es\",\"@id\":\"https:\/\/www.billin.net\/blog\/#\/schema\/person\/image\/\",\"url\":\"https:\/\/www.billin.net\/blog\/wp-content\/uploads\/2023\/10\/marcos-color-150x150.png\",\"contentUrl\":\"https:\/\/www.billin.net\/blog\/wp-content\/uploads\/2023\/10\/marcos-color-150x150.png\",\"caption\":\"Marcos De La Cueva - CEO TeamSystem Facturas Billin\"},\"description\":\"Licenciado en ADE por la Universidad Aut\u00f3noma de Madrid, Marcos De la Cueva es CEO y cofundador de TeamSystem Facturas Billin, un programa online que lleva m\u00e1s de 9 a\u00f1os ayudando a aut\u00f3nomos, peque\u00f1os negocios y gestor\u00edas a digitalizar sus presupuestos, facturas, tickets y gastos. \u00a0 Sobre Marcos De La Cueva \u00a0 Apasionado por el mundo empresarial y la tecnolog\u00eda, curs\u00f3 su M\u00e1ster de Finanzas en la Universidad Pontificia de Comillas y estuvo en el Programa de Cooperaci\u00f3n Educativa de la Universidad Aut\u00f3noma de Madrid. \u00a0 Marcos siempre ha tenido su objetivo claro: ayudar a la creaci\u00f3n de negocios financieramente sostenibles a trav\u00e9s de una herramienta de facturaci\u00f3n que les permita ahorrar tiempo y tener la contabilidad bajo control. \u00a0 Marcos De La Cueva en los medios \u2014 Noticia sobre Kit Digital y Ley Antifraude (VeriFactu) en El Economista. \u2014 Noticia sobre Kit Digital y factura electr\u00f3nica obligatoria en Diario Jur\u00eddico. \u2014 Noticia sobre el a\u00f1o de transici\u00f3n para la factura electr\u00f3nica en Muy Pymes. \u2014 Entrevista sobre factura electr\u00f3nica obligatoria en Canal Sur. \u2014 Noticia sobre el informe factura electr\u00f3nica de TeamSystem en Channel Partner. \u2014 Charla sobre productividad y Ley Crea y Crece en El Economista. \u2014 Charla sobre factura electr\u00f3nica obligatoria en Muy Pymes. \u2014 Charla sobre digitalizaci\u00f3n aut\u00f3nomos y productividad en esdiario. \u2014 Charla sobre productividad y factura electr\u00f3nica en La Raz\u00f3n. \u2014 Charla sobre factura electr\u00f3nica obligatoria en Aut\u00f3nomos y Emprendedores. \u2014 Entrevista sobre Ley Antifraude y Ley Crea y Crece en Expansi\u00f3n. \u2014 Entrevista sobre Ley Antifraude y Ley Crea y Crece en La Raz\u00f3n. \u2014 Entrevista sobre factura electr\u00f3nica obligatoria en El Economista. \u2014 Comunicado Billin y TeamSystem en Business Insider. \u2014 Entrevista en Econom\u00eda Digital. \u2014 Entrevista en Ideas para tu empresa de Vodafone. \u2014 Entrevista en M\u00e1sQradio. \u2014 Entrevista en Armas para emprender de El M\u00e9todo Gallardo. \u2014 Entrevista en KFund. \u2014 Entrevista en AXA Seguros Espa\u00f1a. \u2014 Entrevista en GestionaRadio. \u00a0 Marcos De La Cueva en eventos \u00a0 \u2014 Participaci\u00f3n como ponente en Accountex Espa\u00f1a 2023. \u00a0 Tem\u00e1ticas de especializaci\u00f3n \u00a0 negocios | startups | contabilidad| fiscalidad | empresas| asesor\u00edas| autonomos | emprendedores | peque\u00f1os negocios | econom\u00eda | ADE | pymes | desarrollo de negocio\u00a0\",\"sameAs\":[\"https:\/\/www.billin.net\/\",\"https:\/\/www.linkedin.com\/in\/marcos-de-la-cueva-19750ba3\/\"],\"url\":\"https:\/\/www.billin.net\/blog\/author\/marcosdelacueva\/\",\"jobTitle\":\"CEO y cofundador de TS Facturas Billin\"}]}<\/script>\n<!-- \/ Yoast SEO plugin. -->","yoast_head_json":{"title":"Aut\u00f3nomos que facturen menos de 85.000 exentos de IVA - TeamSystem Facturas Billin","description":"Descubre c\u00f3mo el nuevo r\u00e9gimen fiscal libera a los aut\u00f3nomos que facturan menos de 85.000\u20ac del tedioso proceso de facturaci\u00f3n y declaraci\u00f3n del IVA","robots":{"index":"index","follow":"follow","max-snippet":"max-snippet:-1","max-image-preview":"max-image-preview:large","max-video-preview":"max-video-preview:-1"},"canonical":"https:\/\/www.billin.net\/blog\/autonomos-exentos-iva\/","og_locale":"es_ES","og_type":"article","og_title":"Aut\u00f3nomos que facturen menos de 85.000 exentos de IVA - TeamSystem Facturas Billin","og_description":"Descubre c\u00f3mo el nuevo r\u00e9gimen fiscal libera a los aut\u00f3nomos que facturan menos de 85.000\u20ac del tedioso proceso de facturaci\u00f3n y declaraci\u00f3n del IVA","og_url":"https:\/\/www.billin.net\/blog\/autonomos-exentos-iva\/","og_site_name":"Blog de TeamSystem Facturas Billin","article_publisher":"https:\/\/www.facebook.com\/EsBillin","article_published_time":"2023-03-16T15:37:18+00:00","article_modified_time":"2025-09-25T18:31:55+00:00","og_image":[{"width":1280,"height":853,"url":"https:\/\/www.billin.net\/blog\/wp-content\/uploads\/2023\/03\/autonomos-exentos-iva-85000.jpg","type":"image\/jpeg"}],"author":"Marcos De La Cueva - CEO TeamSystem Facturas Billin","twitter_card":"summary_large_image","twitter_creator":"@Billin_ES","twitter_site":"@Billin_ES","twitter_misc":{"Escrito por":"Marcos De La Cueva - CEO TeamSystem Facturas Billin","Tiempo de lectura":"4 minutos"},"schema":{"@context":"https:\/\/schema.org","@graph":[{"@type":"Article","@id":"https:\/\/www.billin.net\/blog\/autonomos-exentos-iva\/#article","isPartOf":{"@id":"https:\/\/www.billin.net\/blog\/autonomos-exentos-iva\/"},"author":{"name":"Marcos De La Cueva - CEO TeamSystem Facturas Billin","@id":"https:\/\/www.billin.net\/blog\/#\/schema\/person\/d0339ee6e869234614541b1e80a793e7"},"headline":"\u00bfEres aut\u00f3nomo y facturas menos de 85.000 euros al a\u00f1o? Te contamos una buena noticia","datePublished":"2023-03-16T15:37:18+00:00","dateModified":"2025-09-25T18:31:55+00:00","mainEntityOfPage":{"@id":"https:\/\/www.billin.net\/blog\/autonomos-exentos-iva\/"},"wordCount":991,"commentCount":2,"publisher":{"@id":"https:\/\/www.billin.net\/blog\/#organization"},"image":{"@id":"https:\/\/www.billin.net\/blog\/autonomos-exentos-iva\/#primaryimage"},"thumbnailUrl":"https:\/\/www.billin.net\/blog\/wp-content\/uploads\/2023\/03\/autonomos-exentos-iva-85000.jpg","keywords":["Aut\u00f3nomos"],"articleSection":["Facturaci\u00f3n"],"inLanguage":"es","potentialAction":[{"@type":"CommentAction","name":"Comment","target":["https:\/\/www.billin.net\/blog\/autonomos-exentos-iva\/#respond"]}]},{"@type":"WebPage","@id":"https:\/\/www.billin.net\/blog\/autonomos-exentos-iva\/","url":"https:\/\/www.billin.net\/blog\/autonomos-exentos-iva\/","name":"Aut\u00f3nomos que facturen menos de 85.000 exentos de IVA - TeamSystem Facturas Billin","isPartOf":{"@id":"https:\/\/www.billin.net\/blog\/#website"},"primaryImageOfPage":{"@id":"https:\/\/www.billin.net\/blog\/autonomos-exentos-iva\/#primaryimage"},"image":{"@id":"https:\/\/www.billin.net\/blog\/autonomos-exentos-iva\/#primaryimage"},"thumbnailUrl":"https:\/\/www.billin.net\/blog\/wp-content\/uploads\/2023\/03\/autonomos-exentos-iva-85000.jpg","datePublished":"2023-03-16T15:37:18+00:00","dateModified":"2025-09-25T18:31:55+00:00","description":"Descubre c\u00f3mo el nuevo r\u00e9gimen fiscal libera a los aut\u00f3nomos que facturan menos de 85.000\u20ac del tedioso proceso de facturaci\u00f3n y declaraci\u00f3n del IVA","breadcrumb":{"@id":"https:\/\/www.billin.net\/blog\/autonomos-exentos-iva\/#breadcrumb"},"inLanguage":"es","potentialAction":[{"@type":"ReadAction","target":["https:\/\/www.billin.net\/blog\/autonomos-exentos-iva\/"]}]},{"@type":"ImageObject","inLanguage":"es","@id":"https:\/\/www.billin.net\/blog\/autonomos-exentos-iva\/#primaryimage","url":"https:\/\/www.billin.net\/blog\/wp-content\/uploads\/2023\/03\/autonomos-exentos-iva-85000.jpg","contentUrl":"https:\/\/www.billin.net\/blog\/wp-content\/uploads\/2023\/03\/autonomos-exentos-iva-85000.jpg","width":1280,"height":853,"caption":"autonomos que facturen menos de 85.000"},{"@type":"BreadcrumbList","@id":"https:\/\/www.billin.net\/blog\/autonomos-exentos-iva\/#breadcrumb","itemListElement":[{"@type":"ListItem","position":1,"name":"Blog","item":"https:\/\/www.billin.net\/blog\/"},{"@type":"ListItem","position":2,"name":"Facturaci\u00f3n","item":"https:\/\/www.billin.net\/blog\/facturacion\/"},{"@type":"ListItem","position":3,"name":"\u00bfEres aut\u00f3nomo y facturas menos de 85.000 euros al a\u00f1o? Te contamos una buena noticia"}]},{"@type":"WebSite","@id":"https:\/\/www.billin.net\/blog\/#website","url":"https:\/\/www.billin.net\/blog\/","name":"Blog de Billin","description":"Mantente informado con el blog de TeamSystem Facturas Billin:  facturaci\u00f3n, legislaci\u00f3n, contabilidad, management y toda la informaci\u00f3n \u00fatil para pymes y aut\u00f3nomos.","publisher":{"@id":"https:\/\/www.billin.net\/blog\/#organization"},"potentialAction":[{"@type":"SearchAction","target":{"@type":"EntryPoint","urlTemplate":"https:\/\/www.billin.net\/blog\/?s={search_term_string}"},"query-input":{"@type":"PropertyValueSpecification","valueRequired":true,"valueName":"search_term_string"}}],"inLanguage":"es"},{"@type":"Organization","@id":"https:\/\/www.billin.net\/blog\/#organization","name":"Billin","alternateName":"Blog de Billin","url":"https:\/\/www.billin.net\/blog\/","logo":{"@type":"ImageObject","inLanguage":"es","@id":"https:\/\/www.billin.net\/blog\/#\/schema\/logo\/image\/","url":"https:\/\/www.billin.net\/blog\/wp-content\/uploads\/2019\/06\/logotipo-billin-blog-1.png","contentUrl":"https:\/\/www.billin.net\/blog\/wp-content\/uploads\/2019\/06\/logotipo-billin-blog-1.png","width":126,"height":50,"caption":"Billin"},"image":{"@id":"https:\/\/www.billin.net\/blog\/#\/schema\/logo\/image\/"},"sameAs":["https:\/\/www.facebook.com\/EsBillin","https:\/\/x.com\/Billin_ES","https:\/\/www.instagram.com\/billin_es\/","https:\/\/www.linkedin.com\/company\/billin-spain","https:\/\/www.youtube.com\/c\/BillinEsintercambiodefacturas\/"],"legalName":"MY EXPENSES SL","contactPoint":{"@type":"ContactPoint","telephone":"+34918318883","contactType":"customer service","email":"info@billin.eu","availableLanguage":"es"},"foundingDate":"2015","numberOfEmployees":{"@type":"QuantitativeValue","minValue":10,"maxValue":50},"parentOrganization":{"@type":"Organization","name":"TeamSystem","url":"https:\/\/www.teamsystem.com\/"},"description":"Billin es el programa de facturaci\u00f3n online de TeamSystem para aut\u00f3nomos y pymes en Espa\u00f1a. Permite crear facturas, controlar gastos y cumplir con Verifactu.","address":{"@type":"PostalAddress","streetAddress":"Calle Arturo Soria, 336","addressLocality":"Madrid","addressRegion":"Madrid","postalCode":"28033","addressCountry":"ES"}},{"@type":"Person","@id":"https:\/\/www.billin.net\/blog\/#\/schema\/person\/d0339ee6e869234614541b1e80a793e7","name":"Marcos De La Cueva - CEO TeamSystem Facturas Billin","image":{"@type":"ImageObject","inLanguage":"es","@id":"https:\/\/www.billin.net\/blog\/#\/schema\/person\/image\/","url":"https:\/\/www.billin.net\/blog\/wp-content\/uploads\/2023\/10\/marcos-color-150x150.png","contentUrl":"https:\/\/www.billin.net\/blog\/wp-content\/uploads\/2023\/10\/marcos-color-150x150.png","caption":"Marcos De La Cueva - CEO TeamSystem Facturas Billin"},"description":"Licenciado en ADE por la Universidad Aut\u00f3noma de Madrid, Marcos De la Cueva es CEO y cofundador de TeamSystem Facturas Billin, un programa online que lleva m\u00e1s de 9 a\u00f1os ayudando a aut\u00f3nomos, peque\u00f1os negocios y gestor\u00edas a digitalizar sus presupuestos, facturas, tickets y gastos. \u00a0 Sobre Marcos De La Cueva \u00a0 Apasionado por el mundo empresarial y la tecnolog\u00eda, curs\u00f3 su M\u00e1ster de Finanzas en la Universidad Pontificia de Comillas y estuvo en el Programa de Cooperaci\u00f3n Educativa de la Universidad Aut\u00f3noma de Madrid. \u00a0 Marcos siempre ha tenido su objetivo claro: ayudar a la creaci\u00f3n de negocios financieramente sostenibles a trav\u00e9s de una herramienta de facturaci\u00f3n que les permita ahorrar tiempo y tener la contabilidad bajo control. \u00a0 Marcos De La Cueva en los medios \u2014 Noticia sobre Kit Digital y Ley Antifraude (VeriFactu) en El Economista. \u2014 Noticia sobre Kit Digital y factura electr\u00f3nica obligatoria en Diario Jur\u00eddico. \u2014 Noticia sobre el a\u00f1o de transici\u00f3n para la factura electr\u00f3nica en Muy Pymes. \u2014 Entrevista sobre factura electr\u00f3nica obligatoria en Canal Sur. \u2014 Noticia sobre el informe factura electr\u00f3nica de TeamSystem en Channel Partner. \u2014 Charla sobre productividad y Ley Crea y Crece en El Economista. \u2014 Charla sobre factura electr\u00f3nica obligatoria en Muy Pymes. \u2014 Charla sobre digitalizaci\u00f3n aut\u00f3nomos y productividad en esdiario. \u2014 Charla sobre productividad y factura electr\u00f3nica en La Raz\u00f3n. \u2014 Charla sobre factura electr\u00f3nica obligatoria en Aut\u00f3nomos y Emprendedores. \u2014 Entrevista sobre Ley Antifraude y Ley Crea y Crece en Expansi\u00f3n. \u2014 Entrevista sobre Ley Antifraude y Ley Crea y Crece en La Raz\u00f3n. \u2014 Entrevista sobre factura electr\u00f3nica obligatoria en El Economista. \u2014 Comunicado Billin y TeamSystem en Business Insider. \u2014 Entrevista en Econom\u00eda Digital. \u2014 Entrevista en Ideas para tu empresa de Vodafone. \u2014 Entrevista en M\u00e1sQradio. \u2014 Entrevista en Armas para emprender de El M\u00e9todo Gallardo. \u2014 Entrevista en KFund. \u2014 Entrevista en AXA Seguros Espa\u00f1a. \u2014 Entrevista en GestionaRadio. \u00a0 Marcos De La Cueva en eventos \u00a0 \u2014 Participaci\u00f3n como ponente en Accountex Espa\u00f1a 2023. \u00a0 Tem\u00e1ticas de especializaci\u00f3n \u00a0 negocios | startups | contabilidad| fiscalidad | empresas| asesor\u00edas| autonomos | emprendedores | peque\u00f1os negocios | econom\u00eda | ADE | pymes | desarrollo de negocio\u00a0","sameAs":["https:\/\/www.billin.net\/","https:\/\/www.linkedin.com\/in\/marcos-de-la-cueva-19750ba3\/"],"url":"https:\/\/www.billin.net\/blog\/author\/marcosdelacueva\/","jobTitle":"CEO y cofundador de TS Facturas Billin"}]}},"_links":{"self":[{"href":"https:\/\/www.billin.net\/blog\/wp-json\/wp\/v2\/posts\/20366","targetHints":{"allow":["GET"]}}],"collection":[{"href":"https:\/\/www.billin.net\/blog\/wp-json\/wp\/v2\/posts"}],"about":[{"href":"https:\/\/www.billin.net\/blog\/wp-json\/wp\/v2\/types\/post"}],"author":[{"embeddable":true,"href":"https:\/\/www.billin.net\/blog\/wp-json\/wp\/v2\/users\/20"}],"replies":[{"embeddable":true,"href":"https:\/\/www.billin.net\/blog\/wp-json\/wp\/v2\/comments?post=20366"}],"version-history":[{"count":4,"href":"https:\/\/www.billin.net\/blog\/wp-json\/wp\/v2\/posts\/20366\/revisions"}],"predecessor-version":[{"id":26710,"href":"https:\/\/www.billin.net\/blog\/wp-json\/wp\/v2\/posts\/20366\/revisions\/26710"}],"wp:featuredmedia":[{"embeddable":true,"href":"https:\/\/www.billin.net\/blog\/wp-json\/wp\/v2\/media\/20367"}],"wp:attachment":[{"href":"https:\/\/www.billin.net\/blog\/wp-json\/wp\/v2\/media?parent=20366"}],"wp:term":[{"taxonomy":"category","embeddable":true,"href":"https:\/\/www.billin.net\/blog\/wp-json\/wp\/v2\/categories?post=20366"},{"taxonomy":"post_tag","embeddable":true,"href":"https:\/\/www.billin.net\/blog\/wp-json\/wp\/v2\/tags?post=20366"}],"curies":[{"name":"wp","href":"https:\/\/api.w.org\/{rel}","templated":true}]}}