{"id":20313,"date":"2024-01-26T00:00:00","date_gmt":"2024-01-25T22:00:00","guid":{"rendered":"https:\/\/www.billin.net\/blog\/?p=20313"},"modified":"2026-01-20T10:27:41","modified_gmt":"2026-01-20T08:27:41","slug":"como-ser-autonomo-espana","status":"publish","type":"post","link":"https:\/\/www.billin.net\/blog\/como-ser-autonomo-espana\/","title":{"rendered":"C\u00f3mo hacerse aut\u00f3nomo en Espa\u00f1a por primera vez: Requisitos, tr\u00e1mites y costes"},"content":{"rendered":"<p><span style=\"font-weight: 400;\">\u00a1Hola, emprendedor\/a!<\/span><\/p>\n<p><span style=\"font-weight: 400;\">Si est\u00e1s pensando en montar un negocio en Espa\u00f1a y quieres saber c\u00f3mo ser aut\u00f3nomo, <\/span><span style=\"font-weight: 400;\">en TeamSystem Facturas Billin<\/span><span style=\"font-weight: 400;\"> queremos ayudarte.\u00a0<\/span><\/p>\n<p><span style=\"font-weight: 400;\">Con esta<\/span><span style=\"font-weight: 400;\"> completa <\/span><b>gu\u00eda<\/b><span style=\"font-weight: 400;\">, <\/span><span style=\"font-weight: 400;\">por fin podr\u00e1s conocer<\/span><span style=\"font-weight: 400;\"> todo aquello que debes tener en cuenta a la hora de<\/span><b> empezar como aut\u00f3nomo o freelance,<\/b> <span style=\"font-weight: 400;\">como<\/span><span style=\"font-weight: 400;\">:\u00a0<\/span><\/p>\n<ul>\n<li style=\"font-weight: 400;\" aria-level=\"1\"><span style=\"font-weight: 400;\">Requisitos.<\/span><\/li>\n<li style=\"font-weight: 400;\" aria-level=\"1\"><span style=\"font-weight: 400;\">Tr\u00e1mites.<\/span><\/li>\n<li style=\"font-weight: 400;\" aria-level=\"1\"><span style=\"font-weight: 400;\">Costes.<\/span><\/li>\n<\/ul>\n<p><span style=\"font-weight: 400;\">\u00a1Vamos all\u00e1!<\/span><\/p>\n<div style=\"background-color: #e0f0ff; padding: 10px; border-radius: 10px;\">\n<h2 class=\"h2-especial-resumen\">Resumen de este art\u00edculo<\/h2>\n<p><strong>C\u00f3mo hacerse aut\u00f3nomo por primera vez en Espa\u00f1a<\/strong><br \/>\nEn este art\u00edculo ver\u00e1s todo lo importante para hacerte auton\u00f3mo en Espa\u00f1a, funcionando como una gu\u00eda para que no te saltes ning\u00fan paso. En \u00e9l conocer\u00e1s paso a paso c\u00f3mo convertirte en aut\u00f3nomo en Espa\u00f1a, desde obtener certificado digital o Cl@ve hasta el alta censal en Hacienda\u00a0 y en Seguridad Social v\u00eda RETA. Adem\u00e1s, conocer\u00e1s algunas herramientas y consejos \u00fatiles para comenzar.<\/p>\n<\/div>\n\n<h2><b>Primeros pasos antes de hacerse aut\u00f3nomo en Espa\u00f1a<\/b><\/h2>\n<p><span style=\"font-weight: 400;\">Antes de empezar tu nueva vida como nuevo aut\u00f3nomo <\/span><span style=\"font-weight: 400;\">debes definir<\/span><span style=\"font-weight: 400;\"> qu\u00e9 <\/span><a href=\"https:\/\/www.billin.net\/blog\/tipos-autonomos\/\"><span style=\"font-weight: 400;\">tipo de negocio como aut\u00f3nomo<\/span><\/a><span style=\"font-weight: 400;\"> quieres tener.\u00a0<\/span><\/p>\n<p><span style=\"font-weight: 400;\">Adem\u00e1s, realizar un<\/span><span style=\"font-weight: 400;\"> Business Plan, un <\/span><a href=\"https:\/\/www.billin.net\/blog\/como-hacer-un-plan-de-empresa\/\"><span style=\"font-weight: 400;\">plan de negocios<\/span><\/a><span style=\"font-weight: 400;\"> sencillo y eficaz, <\/span><span style=\"font-weight: 400;\">que te ayude a:<\/span><\/p>\n<ul>\n<li style=\"font-weight: 400;\" aria-level=\"1\"><b>Identificar<\/b> <b>tus habilidades<\/b><span style=\"font-weight: 400;\"> de emprendedor <\/span><span style=\"font-weight: 400;\">y<\/span><span style=\"font-weight: 400;\"> los diferentes emprendimientos que existen.<\/span><\/li>\n<li style=\"font-weight: 400;\" aria-level=\"1\"><b>Entender<\/b><span style=\"font-weight: 400;\"> qu\u00e9 <\/span><b>tipo de negocio<\/b> <span style=\"font-weight: 400;\">se adapta<\/span><span style=\"font-weight: 400;\"> mejor <\/span><span style=\"font-weight: 400;\">a<\/span> <span style=\"font-weight: 400;\">ti <\/span><span style=\"font-weight: 400;\">y<\/span><span style=\"font-weight: 400;\"> la manera <\/span><span style=\"font-weight: 400;\">de<\/span><span style=\"font-weight: 400;\"> iniciarlo.<\/span><\/li>\n<li style=\"font-weight: 400;\" aria-level=\"1\"><b>Aterrizar tu propuesta<\/b><span style=\"font-weight: 400;\"> y constituir el negocio propio que tanto has deseado.<\/span><\/li>\n<\/ul>\n<p><span style=\"font-weight: 400;\">El siguiente paso es <\/span><b>buscar el <\/b><a href=\"https:\/\/sede.agenciatributaria.gob.es\/Sede\/buscador-iae.html\"><b>ep\u00edgrafe IAE<\/b><\/a><span style=\"font-weight: 400;\"> que mejor describa tu actividad y que vas a necesitar para los tr\u00e1mites de alta y Hacienda.<\/span><\/p>\n<p><span style=\"font-weight: 400;\">Por \u00faltimo, es importante que decidas c\u00f3mo vas a gestionar tu alta como aut\u00f3nomo en Seguridad Social y Hacienda:\u00a0<\/span><\/p>\n<ul>\n<li style=\"font-weight: 400;\" aria-level=\"1\"><span style=\"font-weight: 400;\">Con la ayuda del <\/span><a href=\"https:\/\/www.mites.gob.es\/trabajoautonomo\/es\/Personas\/dia-a-dia\/orientacion\/index.html\"><b>Punto de Atenci\u00f3n al Emprendedor (PAE)<\/b><\/a><span style=\"font-weight: 400;\">. Es el servicio p\u00fablico de informaci\u00f3n, asesoramiento y ayuda a los emprendedores. Pertenece al <\/span><a href=\"https:\/\/administracion.gob.es\/pag_Home\/Tramites\/miEmpresaEnTramites\/Iniciativas\/CIRCE.html?utm_source=chatgpt.com\"><b>Centro de Informaci\u00f3n y Red de Creaci\u00f3n de Empresas (CIRCE<\/b><span style=\"font-weight: 400;\">)<\/span><\/a><span style=\"font-weight: 400;\"> y funciona como ventanilla \u00fanica empresarial para poner en marcha tu negocio.<\/span><\/li>\n<li style=\"font-weight: 400;\" aria-level=\"1\"><span style=\"font-weight: 400;\">Con una <\/span><b>gestor\u00eda<\/b><span style=\"font-weight: 400;\"> externalizas tus gestiones y delegas en profesionales que est\u00e1n al d\u00eda de normativa, documentaci\u00f3n, etc. El inconveniente es que debes a\u00f1adir sus honorarios a tus costes de puesta en marcha.<\/span><\/li>\n<li style=\"font-weight: 400;\" aria-level=\"1\"><span style=\"font-weight: 400;\">Si decides hacerlo <\/span><b>por tu cuenta<\/b><span style=\"font-weight: 400;\">, no vas a hacer nada diferente a lo que haga el PAE o la gestor\u00eda. La diferencia es que, si no est\u00e1s acostumbrado al papeleo y este tipo de gestiones, puede resultarte complicado y con m\u00e1s posibilidades de cometer alg\u00fan error.<\/span><\/li>\n<\/ul>\n<p>&nbsp;<\/p>\n<h3><b>\u00bfCu\u00e1ndo es obligatorio darse de alta como aut\u00f3nomo?<\/b><\/h3>\n<p><span style=\"font-weight: 400;\">Tal y como indica la <\/span><a href=\"https:\/\/portal.seg-social.gob.es\/wps\/portal\/importass\/importass\/Categorias\/Altas%2C+bajas+y+modificaciones\/Altas+y+afiliacion+de+trabajadores\/Alta_trabajo_autonomo#:~:text=Est%C3%A1s%20obligado%20a%20darte%20de,darte%20de%20alta%20una%20vez.\"><span style=\"font-weight: 400;\">Seguridad Social<\/span><\/a><span style=\"font-weight: 400;\"> en su web, est\u00e1s obligado a darte de alta como aut\u00f3nomo <\/span><b>si vas a realizar alguna actividad econ\u00f3mica de forma personal y habitual.<\/b><\/p>\n<p><span style=\"font-weight: 400;\">El alta es obligatoria s\u00ed o s\u00ed, ya que <\/span><b>da igual el ingreso que genere<\/b><span style=\"font-weight: 400;\"> dicha actividad. Es decir, que no importa si ganas mucho o poco, vas a tener que darte de alta y cumplir con todas las obligaciones legales y tributarias.<\/span><\/p>\n<p><span style=\"font-weight: 400;\">Y, adem\u00e1s, si no quieres l\u00edos, vas a tener que hacerlo (el alta) antes de empezar a trabajar en tu negocio, o como muy tarde, el mismo d\u00eda que empieces.<\/span><\/p>\n<p>&nbsp;<\/p>\n<h2><b>Contar con <\/b><b>una gestor\u00eda <\/b><b>o asesor\u00eda para darte de alta como aut\u00f3nomo<\/b><\/h2>\n<p><span style=\"font-weight: 400;\">Contratar los servicios de una gestor\u00eda puede ser <\/span><span style=\"font-weight: 400;\">una muy buena opci\u00f3n con un mot\u00f3n de ventajas que debes conocer:<\/span><\/p>\n<ul>\n<li style=\"font-weight: 400;\" aria-level=\"1\"><b>Puede gestionar tu alta como aut\u00f3nomo<\/b><span style=\"font-weight: 400;\"> en Seguridad Social y Hacienda, as\u00ed como actualizar tus datos o darte de baja.<\/span><\/li>\n<li style=\"font-weight: 400;\" aria-level=\"1\"><span style=\"font-weight: 400;\">Te asesora sobre temas legales y fiscales para optimizar la gesti\u00f3n de tu actividad como aut\u00f3nomo.<\/span><\/li>\n<li style=\"font-weight: 400;\" aria-level=\"1\"><span style=\"font-weight: 400;\">Se encarga de <\/span><b>llevar al d\u00eda los registros<\/b> <span style=\"font-weight: 400;\">y libros<\/span><span style=\"font-weight: 400;\"> contables, presentar las <\/span><b>declaraciones<\/b><span style=\"font-weight: 400;\"> de impuestos, <\/span><span style=\"font-weight: 400;\">atender <\/span><b>requerimientos<\/b><span style=\"font-weight: 400;\"> (notificaciones, aplazamientos, etc.)<\/span><span style=\"font-weight: 400;\"> y realizar los <\/span><b>tr\u00e1mites<\/b><span style=\"font-weight: 400;\"> necesarios ante las diferentes administraciones p\u00fablicas <\/span><span style=\"font-weight: 400;\">en tu nombre<\/span><span style=\"font-weight: 400;\">.<\/span><\/li>\n<li style=\"font-weight: 400;\" aria-level=\"1\"><span style=\"font-weight: 400;\">Te <\/span><span style=\"font-weight: 400;\">permite<\/span> <span style=\"font-weight: 400;\">centrarte en tu trabajo sin preocuparte por la gesti\u00f3n administrativa y fiscal de tu actividad.<\/span><\/li>\n<\/ul>\n<p><b>\u00bfCu\u00e1ndo compensa contratarla?<\/b><\/p>\n<p><span style=\"font-weight: 400;\">Si las ventajas de antes no terminan de convencerte, piensa que, aunque para ti suponga un coste, en realidad es una buena inversi\u00f3n en tu negocio:<\/span><\/p>\n<ul>\n<li style=\"font-weight: 400;\" aria-level=\"1\"><span style=\"font-weight: 400;\">Si no tienes tiempo para seguir el calendario fiscal y estar al d\u00eda de las actualizaciones tributarias.<\/span><\/li>\n<li style=\"font-weight: 400;\" aria-level=\"1\"><span style=\"font-weight: 400;\">Si vas a facturar con regularidad o tendr\u00e1s retenciones que liquidar.\u00a0<\/span><\/li>\n<li style=\"font-weight: 400;\" aria-level=\"1\"><span style=\"font-weight: 400;\">Si se te hace un mundo eso de llevar los libros de registro, tienes operaciones con IVA diferentes y distintos tipos de gastos deducibles.<\/span><\/li>\n<\/ul>\n<p><span style=\"font-weight: 400;\">En resumen, contar con una gestor\u00eda de confianza puede ser una excelente <\/span><span style=\"font-weight: 400;\">elecci\u00f3n<\/span><span style=\"font-weight: 400;\"> para cualquier aut\u00f3nomo que quiera <\/span><span style=\"font-weight: 400;\">asegurarse<\/span><span style=\"font-weight: 400;\">\u00a0 que su actividad <\/span><span style=\"font-weight: 400;\">se gestiona<\/span> <span style=\"font-weight: 400;\">de forma eficiente y <\/span><span style=\"font-weight: 400;\">cumpla<\/span><span style=\"font-weight: 400;\"> todas las obligaciones legales y fiscales.<\/span><\/p>\n<p><span style=\"font-weight: 400;\">Si est\u00e1s buscando una gestor\u00eda, consulta nuestro <\/span><a href=\"https:\/\/www.billin.net\/directorio-gestorias\/\"><span style=\"font-weight: 400;\">directorio de gestor\u00edas<\/span><\/a><span style=\"font-weight: 400;\"> para encontrar la que mejor se adapte a tus necesidades.\u00a0<\/span><\/p>\n<p><span style=\"font-weight: 400;\">Puedes utilizar esta peque\u00f1a checklist con los puntos clave a tener en cuenta, para poder compararlas y ayudarte en tu selecci\u00f3n:<\/span><\/p>\n<ul>\n<li style=\"font-weight: 400;\" aria-level=\"1\"><span style=\"font-weight: 400;\">Experiencia con aut\u00f3nomos y en tu sector.<\/span><\/li>\n<li style=\"font-weight: 400;\" aria-level=\"1\"><span style=\"font-weight: 400;\">Herramientas online y operativa c\u00f3moda.<\/span><\/li>\n<li style=\"font-weight: 400;\" aria-level=\"1\"><span style=\"font-weight: 400;\">Comunicaci\u00f3n y tiempos de respuesta.<\/span><\/li>\n<li style=\"font-weight: 400;\" aria-level=\"1\"><span style=\"font-weight: 400;\">Presupuesto cerrado con todo lo que incluye y lo que no.<\/span><\/li>\n<\/ul>\n<p>&nbsp;<\/p>\n<h2><b>C\u00f3mo<\/b><b> obtener el Certificado digital <\/b><b>para darte de alta como aut\u00f3nomo<\/b><\/h2>\n<p><span style=\"font-weight: 400;\">El <\/span><b>Certificado digital<\/b> <span style=\"font-weight: 400;\">es<\/span><span style=\"font-weight: 400;\"> otro requisito importante y necesario para <\/span><span style=\"font-weight: 400;\">darte de alta como<\/span><span style=\"font-weight: 400;\"> nuevo aut\u00f3nomo. <\/span><span style=\"font-weight: 400;\">Con \u00e9l vas a<\/span><span style=\"font-weight: 400;\"> poder realizar los tr\u00e1mites online en la Sede Electr\u00f3nica de la Agencia Tributaria y la Seguridad Social.<\/span><\/p>\n<p><span style=\"font-weight: 400;\">Existen cuatro formas de obtener el <\/span><b>certificado electr\u00f3nico de ciudadano<\/b><span style=\"font-weight: 400;\"> como archivo descargable en <\/span><span style=\"font-weight: 400;\">tu<\/span><span style=\"font-weight: 400;\"> ordenador o dispositivo m\u00f3vil:<\/span><\/p>\n<ul>\n<li style=\"font-weight: 400;\" aria-level=\"1\"><span style=\"font-weight: 400;\">Con <\/span><b>V\u00eddeo Identificaci\u00f3n<\/b><span style=\"font-weight: 400;\">.<\/span><\/li>\n<li style=\"font-weight: 400;\" aria-level=\"1\"><span style=\"font-weight: 400;\">Con <\/span><b>acreditaci\u00f3n presencial<\/b><span style=\"font-weight: 400;\"> en tu oficina.<\/span><\/li>\n<li style=\"font-weight: 400;\" aria-level=\"1\"><span style=\"font-weight: 400;\">Utilizando su <\/span><b>DNIe<\/b><span style=\"font-weight: 400;\">.<\/span><\/li>\n<li style=\"font-weight: 400;\" aria-level=\"1\"><span style=\"font-weight: 400;\">Utilizando su dispositivo m\u00f3vil.<\/span><\/li>\n<\/ul>\n<p><b>Vamos a ver c\u00f3mo hacerlo en cada uno de los casos.<\/b><\/p>\n<p>&nbsp;<\/p>\n<h3><b>M\u00e9todos para obtener el Certificado digital<\/b><\/h3>\n<p><span style=\"font-weight: 400;\">Para<\/span><span style=\"font-weight: 400;\"> obtener <\/span><b>el certificado con v\u00eddeo identificaci\u00f3n<\/b> <span style=\"font-weight: 400;\">debes seguir <\/span><span style=\"font-weight: 400;\">tres pasos <\/span><span style=\"font-weight: 400;\">en este<\/span><span style=\"font-weight: 400;\"> orden:<\/span><\/p>\n<ul>\n<li><b>Rellenar y enviar la<\/b><b> solicitud del certificado v\u00eda internet.<\/b><\/li>\n<\/ul>\n<p><span style=\"font-weight: 400;\">Se hace en la <\/span><a href=\"https:\/\/www.sede.fnmt.gob.es\/certificados\/persona-fisica\/obtener-certificado-video-identificacion\"><span style=\"font-weight: 400;\">sede electr\u00f3nica de la Real Casa de la Moneda<\/span><\/a><span style=\"font-weight: 400;\">. Al finalizar el proceso de solicitud recibir\u00e1<\/span><span style=\"font-weight: 400;\">s<\/span><span style=\"font-weight: 400;\"> en la cuenta de correo electr\u00f3nico un <\/span><b>c\u00f3digo de solicitud<\/b><span style=\"font-weight: 400;\"> que <\/span><span style=\"font-weight: 400;\">te pedir\u00e1n para<\/span><span style=\"font-weight: 400;\"> acreditar la identidad y descargar el certificado.<\/span><\/p>\n<ul>\n<li><b>Acreditaci\u00f3n de la identidad con v\u00eddeo identificaci\u00f3n.<\/b><\/li>\n<\/ul>\n<p><span style=\"font-weight: 400;\">En la pantalla <\/span><span style=\"font-weight: 400;\">de tu equipo (desde donde env\u00edas la solicitud) aparecer\u00e1 un <\/span><span style=\"font-weight: 400;\">QR que <\/span><span style=\"font-weight: 400;\">debes<\/span><span style=\"font-weight: 400;\"> escanear con el tel\u00e9fono m\u00f3vil. En 2 d\u00edas h\u00e1biles como m\u00e1ximo, <\/span><span style=\"font-weight: 400;\">tu<\/span><span style=\"font-weight: 400;\"> v\u00eddeo identificaci\u00f3n ser\u00e1 atendido y recibir\u00e1s un correo de aviso aprobando o rechazando la misma. Este servicio de v\u00eddeo tiene un coste de 2,99 euros.<\/span><\/p>\n<ul>\n<li><b>Descarga de su certificado de usuario.<\/b><\/li>\n<\/ul>\n<p><span style=\"font-weight: 400;\">Si vas a utilizar tu certificado de ciudadano para obtener el certificado de representaci\u00f3n debes elegir la opci\u00f3n de acreditaci\u00f3n presencial.<\/span><\/p>\n<p><span style=\"font-weight: 400;\">Para obtener el <\/span><b>certificado por v\u00eda presencial<\/b><span style=\"font-weight: 400;\"> los pasos <\/span><span style=\"font-weight: 400;\">son<\/span><span style=\"font-weight: 400;\">:<\/span><\/p>\n<ul>\n<li style=\"font-weight: 400;\" aria-level=\"1\"><span style=\"font-weight: 400;\">Accede<\/span><span style=\"font-weight: 400;\">r<\/span><span style=\"font-weight: 400;\"> a la web de la FNMT, y hacer clic en \u201c<\/span><a href=\"https:\/\/www.fnmt.es\/ceres\"><span style=\"font-weight: 400;\">Certificaci\u00f3n digital<\/span><\/a><span style=\"font-weight: 400;\">\u201d.<\/span><\/li>\n<li style=\"font-weight: 400;\" aria-level=\"1\"><span style=\"font-weight: 400;\">Selecciona<\/span><span style=\"font-weight: 400;\">r<\/span><span style=\"font-weight: 400;\"> \u201cCertificado persona f\u00edsica\u201d.<\/span><\/li>\n<li style=\"font-weight: 400;\" aria-level=\"1\"><span style=\"font-weight: 400;\">Hacer <\/span><span style=\"font-weight: 400;\">clic en \u201cObtener certificado software\u201d. Para mayor seguridad utiliza los navegadores Internet Explorer o Mozilla.<\/span><\/li>\n<li style=\"font-weight: 400;\" aria-level=\"1\"><span style=\"font-weight: 400;\">Hacer<\/span><span style=\"font-weight: 400;\"> clic en \u201cSolicitar certificado\u201d.<\/span><\/li>\n<li style=\"font-weight: 400;\" aria-level=\"1\"><span style=\"font-weight: 400;\">Introduc<\/span><span style=\"font-weight: 400;\">ir<\/span><span style=\"font-weight: 400;\"> tus datos identificativos: NIF, NIE, primer apellido y correo electr\u00f3nico.<\/span><\/li>\n<li style=\"font-weight: 400;\" aria-level=\"1\"><span style=\"font-weight: 400;\">Te llegar\u00e1 un email con un c\u00f3digo de solicitud. Gu\u00e1rdalo porque debes presentarlo en una Oficina de Registro para acreditar tu identidad.<\/span><\/li>\n<li style=\"font-weight: 400;\" aria-level=\"1\"><span style=\"font-weight: 400;\">Descarga e instala el certificado.<\/span><\/li>\n<\/ul>\n<p><span style=\"font-weight: 400;\">Para obtener el <\/span><b>certificado utilizando del DNIe<\/b><span style=\"font-weight: 400;\"> los pasos <\/span><span style=\"font-weight: 400;\">son similares<\/span><span style=\"font-weight: 400;\">:<\/span><span style=\"font-weight: 400;\"><br \/>\n<\/span><span style=\"font-weight: 400;\">1. <\/span><span style=\"font-weight: 400;\">Aseg\u00farate de que tu DNIe est\u00e1 vigente, es versi\u00f3n 3.0 o superior y tienes un lector de DNIe.<\/span><\/p>\n<p><span style=\"font-weight: 400;\">2.<\/span><span style=\"font-weight: 400;\">Rellena la<\/span><span style=\"font-weight: 400;\"> solicitud y env\u00eda para recibir posteriormente el C\u00f3digo de Solicitud en el correo electr\u00f3nico.<\/span><span style=\"font-weight: 400;\"><br \/>\n<\/span><span style=\"font-weight: 400;\">3 . <\/span><span style=\"font-weight: 400;\">Descarga de <\/span><span style=\"font-weight: 400;\">tu<\/span> <span style=\"font-weight: 400;\">certificado de ciudadano.<\/span><\/p>\n<p><span style=\"font-weight: 400;\">Y, para obtener el <\/span><b>certificado utilizando el dispositivo m\u00f3vil<\/b><span style=\"font-weight: 400;\"> tienes que:<\/span><span style=\"font-weight: 400;\"><br \/>\n<\/span><span style=\"font-weight: 400;\">1. Descarga<\/span><span style=\"font-weight: 400;\">r<\/span><span style=\"font-weight: 400;\"> la App desde la Store de tu dispositivo.<\/span><span style=\"font-weight: 400;\"><br \/>\n<\/span><span style=\"font-weight: 400;\">2. <\/span><span style=\"font-weight: 400;\">Realizar la<\/span><span style=\"font-weight: 400;\"> acreditaci\u00f3n de la identidad seg\u00fan las distintas formas <\/span><span style=\"font-weight: 400;\">que hemos explicado antes<\/span><span style=\"font-weight: 400;\">: con v\u00eddeo identificaci\u00f3n, acreditaci\u00f3n presencial o acreditaci\u00f3n de DNI electr\u00f3nico vigente.<\/span><\/p>\n<p><span style=\"font-weight: 400;\">Tienes m\u00e1s informaci\u00f3n sobre el certificado digital en este enlace <\/span><a href=\"https:\/\/www.billin.net\/blog\/certificado-digital-autonomos\/\"><span style=\"font-weight: 400;\">certificado digital como aut\u00f3nomo.<\/span><\/a><\/p>\n<p><span style=\"font-weight: 400;\">De todas formas,<\/span><span style=\"font-weight: 400;\"> aunque al principio la tramitaci\u00f3n se realiza desde la web oficial, el proceso no termina hasta que no acudes de manera presencial a la Oficina de Registro para mostrar el c\u00f3digo de solicitud que te han enviado.<\/span><\/p>\n<p><span style=\"font-weight: 400;\">Cuando ya tienes tu certificado digital puedes delegar su uso a tu gestor\u00eda para que realice los tr\u00e1mites que necesites en tu nombre.<\/span><\/p>\n<p>&nbsp;<\/p>\n<h3><b>Certificado de alta censal y certificado de alta en el RETA<\/b><\/h3>\n<p><span style=\"font-weight: 400;\">Existen otros dos <\/span><a href=\"https:\/\/sede.agenciatributaria.gob.es\/Sede\/certificaciones.html\"><span style=\"font-weight: 400;\">certificados tributarios<\/span><\/a><span style=\"font-weight: 400;\"> que tienes que conseguir para seguir en tu camino de darte de alta como aut\u00f3nomo: el de alta censal y el de alta en el Reta.<\/span><\/p>\n<p><span style=\"font-weight: 400;\">Para ambos vas a necesitar tener vigente tu certificado digital, aunque tambi\u00e9n puedes identificarte con el DNIe o la Cl@ve M\u00f3vil (antes Cl@ve PIN).<\/span><\/p>\n<p>&nbsp;<\/p>\n<p><b>Certificado de alta censal (AEAT)<\/b><\/p>\n<p><span style=\"font-weight: 400;\">Este certificado es el que <\/span><b>acredita que est\u00e1s inscrito<\/b><span style=\"font-weight: 400;\"> en el <\/span><a href=\"https:\/\/sede.agenciatributaria.gob.es\/Sede\/censos-nif-domicilio-fiscal\/quien-debe-estar-censado\/censo-empresarios-profesionales-retenedores.html\"><span style=\"font-weight: 400;\">Censo de empresario, profesionales y retenedores<\/span><\/a><span style=\"font-weight: 400;\">.\u00a0<\/span><\/p>\n<p><span style=\"font-weight: 400;\">En \u00e9l se constatan tus datos (NIF, domicilio fiscal), el ep\u00edgrafe IAE de tu actividad, la fecha de alta y el r\u00e9gimen de IVA\/IRPF al que te acoges.<\/span><\/p>\n<p><span style=\"font-weight: 400;\">Puedes solicitarlo:<\/span><\/p>\n<ul>\n<li style=\"font-weight: 400;\" aria-level=\"1\"><b>Online<\/b><span style=\"font-weight: 400;\"> en la <\/span><b>Sede de la AEAT \u2192 Certificados tributarios &gt; <\/b><a href=\"https:\/\/sede.agenciatributaria.gob.es\/Sede\/procedimientoini\/G313.shtml\"><b>Situaci\u00f3n censal<\/b><\/a><span style=\"font-weight: 400;\">. Identif\u00edcate con certificado digital o Cl@ve y descarga el PDF. En principio, esta es la v\u00eda obligatoria de tramitaci\u00f3n.<\/span><\/li>\n<li style=\"font-weight: 400;\" aria-level=\"1\"><b>Presencial, <\/b><span style=\"font-weight: 400;\">con el justificante de presentaci\u00f3n del modelo 036\/037 (tu alta censal) tambi\u00e9n sirve para acreditar el alta ante terceros. Pero esta opci\u00f3n es solo para quienes no est\u00e1n obligados a hacerlo telem\u00e1ticamente.<\/span><\/li>\n<\/ul>\n<p><span style=\"font-weight: 400;\">De igual manera, tambi\u00e9n puedes solicitar tu <\/span><a href=\"https:\/\/sede.agenciatributaria.gob.es\/Sede\/procedimientoini\/G309.shtml\"><span style=\"font-weight: 400;\">certificado IAE<\/span><\/a><span style=\"font-weight: 400;\">.<\/span><\/p>\n<p>&nbsp;<\/p>\n<p><b>Certificado de alta en el RETA (Seguridad Social)<\/b><\/p>\n<p><span style=\"font-weight: 400;\">Es el documento que <\/span><b>acredita tu alta en el RETA<\/b><span style=\"font-weight: 400;\">, R\u00e9gimen Especial de Trabajadores Aut\u00f3nomos, con la fecha de alta y tus datos de actividad.<\/span><\/p>\n<p><b>Se consigue de manera telem\u00e1tica<\/b><span style=\"font-weight: 400;\"> a trav\u00e9s <\/span><b>de Import@ss <\/b><b>\u2192 <\/b><b>Vida laboral e informes &gt; <\/b><a href=\"https:\/\/portal.seg-social.gob.es\/wps\/portal\/importass\/importass\/Categorias\/Vida%2Blaboral%2Be%2Binformes\/Informes%2Bsobre%2Btu%2Bsituacion%2Blaboral\/Acreditacion%2Bde%2Btu%2Balta%2Bo%2Bbaja%2Ben%2Btrabajo%2Bautonomo\"><b>Acreditaci\u00f3n de tu alta\/baja o modificaciones en trabajo aut\u00f3nomo<\/b><\/a><span style=\"font-weight: 400;\">. Y, entonces, podr\u00e1s descargar el PDF.<\/span><\/p>\n<p><span style=\"font-weight: 400;\">Existen otros informes equivalentes que tambi\u00e9n te puedes descargar:<\/span><\/p>\n<ul>\n<li style=\"font-weight: 400;\" aria-level=\"1\"><b>Informe de situaci\u00f3n actual del trabajador<\/b><span style=\"font-weight: 400;\"> que muestra si est\u00e1s de alta y en qu\u00e9 r\u00e9gimen.\u00a0<\/span><\/li>\n<li style=\"font-weight: 400;\" aria-level=\"1\"><b>Informe de situaci\u00f3n a fecha <\/b><span style=\"font-weight: 400;\">concreta que acredita el alta en un d\u00eda exacto si te lo piden.<\/span><\/li>\n<\/ul>\n<p><span style=\"font-weight: 400;\">Si lo prefieres, esto tambi\u00e9n lo puedes delegar en tu gestor\u00eda, siempre y cuando est\u00e9 autorizada en el Sistema Red para obtener los duplicados de los certificados en tu nombre.<\/span><\/p>\n<p><span style=\"font-weight: 400;\">Por \u00faltimo, aunque puedes solicitar los duplicados siempre que quieras, es preferible que una vez que los consigas los tengas a mano para cuando te los pida el banco, alg\u00fan cliente o para solicitar ayudas o subvenciones.<\/span><\/p>\n<p>&nbsp;<\/p>\n<h2><strong>Darte de alta como aut\u00f3nomo en Hacienda y en la Seguridad Social<\/strong><\/h2>\n<p><span style=\"font-weight: 400;\">Para empezar a trabajar legalmente como trabajador por cuenta propia ante la Administraci\u00f3n necesitas dos tr\u00e1mites m\u00e1s:\u00a0<\/span><\/p>\n<ul>\n<li style=\"font-weight: 400;\" aria-level=\"1\"><span style=\"font-weight: 400;\">Alta en Hacienda (censo 036\/037).<\/span><\/li>\n<li style=\"font-weight: 400;\" aria-level=\"1\"><span style=\"font-weight: 400;\">Alta en la Seguridad Social (RETA).<\/span><\/li>\n<\/ul>\n<p><span style=\"font-weight: 400;\">Aunque esto es algo que tambi\u00e9n puedes delegar en un PAE o en tu gestor\u00eda, tambi\u00e9n<\/span> <span style=\"font-weight: 400;\">puedes darte de alta t\u00fa mismo a trav\u00e9s de la <\/span><a href=\"https:\/\/sede.agenciatributaria.gob.es\/Sede\/procedimientoini\/G322.shtml\"><span style=\"font-weight: 400;\">p\u00e1gina web de la Agencia Tributaria<\/span><\/a><span style=\"font-weight: 400;\"> y de la <\/span><a href=\"https:\/\/sede.seg-social.gob.es\/wps\/portal\/sede\/sede\/Ciudadanos\/CiudadanoDetalle\/!ut\/p\/z0\/rY9LD4IwEIT_Chw4mi1geByJMQSVgzFE7IU0bcFVUh5F48-XeoeTx5mdzOwHFEqgir2xYRN2irWzvtGg8t1g68bEPaUk25OkyI9F7J_9NHPhIjUcgK6EvMC04GMYaAKUd2qSnwlKLYWsfkqh6LRDjOEQji_BBFPGYTW2yPj8iSUtVJqP2BvlEBIu3cyWN-a7vAHas-m-QVV3UC7HV6rWuWb4v3N5JIjCGPpneo10nevEtr9u7v4J\/\"><span style=\"font-weight: 400;\">Seguridad Social<\/span><\/a><span style=\"font-weight: 400;\">.<\/span><\/p>\n<p>&nbsp;<\/p>\n<h3><b>C\u00f3mo darse de alta en Hacienda (paso a paso)<\/b><\/h3>\n<p><span style=\"font-weight: 400;\">El objetivo es <\/span><b>inscribirte en el censo de empresarios, profesionales<\/b><span style=\"font-weight: 400;\"> y retenedores <\/span><b>para poder facturar y declarar impuestos<\/b><span style=\"font-weight: 400;\">. La forma de hacerlo es presentando el <\/span><b>modelo 036\/037<\/b><span style=\"font-weight: 400;\">.<\/span><\/p>\n<p><b>Nota importante:<\/b><span style=\"font-weight: 400;\"> aunque seg\u00fan la Orden\u00a0HAC\/1526\/2024, a partir del 3 de febrero de 2025 se suprim\u00eda el 037, en la pr\u00e1ctica a\u00fan se contin\u00faa utilizando por muchos aut\u00f3nomos, ya que la operativa del modelo 036 es m\u00e1s compleja.\u00a0<\/span><\/p>\n<p><span style=\"font-weight: 400;\">La AEAT sigue ofreciendo y permitiendo el 037, aunque no lo llame as\u00ed, sino la versi\u00f3n simplificada del modelo 036.<\/span><\/p>\n<p><span style=\"font-weight: 400;\">El <\/span><b>alta en Hacienda<\/b><span style=\"font-weight: 400;\"> se hace de <\/span><b>forma telem\u00e1tica<\/b><span style=\"font-weight: 400;\"> con los siguientes pasos:<\/span><\/p>\n<ol>\n<li style=\"font-weight: 400;\" aria-level=\"1\"><b>Identificaci\u00f3n en la sede electr\u00f3nica de la AEAT<\/b><span style=\"font-weight: 400;\"> con tu certificado digital o Cl@ve M\u00f3vil.<\/span><\/li>\n<li style=\"font-weight: 400;\" aria-level=\"1\"><span style=\"font-weight: 400;\">Elige la opci\u00f3n de <\/span><b>Censos WEB \u2013 <\/b><a href=\"https:\/\/sede.agenciatributaria.gob.es\/static_files\/common\/html\/selector_acceso\/SelectorAccesos.html?rep=S&amp;ref=%2Fwlpl%2FBU36-M036%2FMOD036%2Findex.zul&amp;aut=CPE\"><b>Modelo 036<\/b><\/a><span style=\"font-weight: 400;\">.<\/span><\/li>\n<li style=\"font-weight: 400;\" aria-level=\"1\"><span style=\"font-weight: 400;\">Selecciona \u201c<\/span><b>Alta en el censo<\/b><span style=\"font-weight: 400;\">\u201d e indica:<\/span><\/li>\n<\/ol>\n<ul>\n<li style=\"font-weight: 400;\" aria-level=\"1\"><b>Datos identificativos<\/b><span style=\"font-weight: 400;\"> y <\/span><b>domicilio fiscal<\/b><span style=\"font-weight: 400;\">.<\/span><\/li>\n<li style=\"font-weight: 400;\" aria-level=\"1\"><b>Actividad y ep\u00edgrafe IAE<\/b><span style=\"font-weight: 400;\"> (puedes localizarlo con el <\/span><b>buscador de actividades<\/b><span style=\"font-weight: 400;\">).\u00a0<\/span><\/li>\n<li style=\"font-weight: 400;\" aria-level=\"1\"><b>Fecha de inicio<\/b><span style=\"font-weight: 400;\"> (efectos del alta).<\/span><\/li>\n<li style=\"font-weight: 400;\" aria-level=\"1\"><b>Obligaciones tributarias<\/b><span style=\"font-weight: 400;\"> previstas (p. ej., IVA, pagos fraccionados de IRPF)<\/span><\/li>\n<\/ul>\n<ol>\n<li style=\"font-weight: 400;\" aria-level=\"1\"><b>Presenta el formulario y descarga el justificante<\/b><span style=\"font-weight: 400;\"> como prueba del alta.<\/span><\/li>\n<\/ol>\n<p><img loading=\"lazy\" decoding=\"async\" class=\"aligncenter wp-image-28497 size-full\" src=\"https:\/\/www.billin.net\/blog\/wp-content\/uploads\/2024\/01\/alta-Hacienda-autonomos.png\" alt=\"\" width=\"628\" height=\"661\" srcset=\"https:\/\/www.billin.net\/blog\/wp-content\/uploads\/2024\/01\/alta-Hacienda-autonomos.png 628w, https:\/\/www.billin.net\/blog\/wp-content\/uploads\/2024\/01\/alta-Hacienda-autonomos-285x300.png 285w\" sizes=\"(max-width: 628px) 100vw, 628px\" \/><\/p>\n<p>&nbsp;<\/p>\n<h3><b>C\u00f3mo darse de alta en la Seguridad Social (RETA)<\/b><\/h3>\n<p><span style=\"font-weight: 400;\">Con este tr\u00e1mite, por fin, te vas a <\/span><b>dar de alta en la Seguridad<\/b> <b>Social<\/b><span style=\"font-weight: 400;\"> como aut\u00f3nomo y lo vas a <\/span><b>hacer comunicando a Import@ss<\/b><span style=\"font-weight: 400;\"> que vas a empezar a trabajar por cuenta propia y desde qu\u00e9 d\u00eda lo vas a hacer.<\/span><\/p>\n<p><span style=\"font-weight: 400;\">Estos son los pasos:<\/span><\/p>\n<p><span style=\"font-weight: 400;\">Entra en <\/span><b>Import@ss &gt; Altas, bajas y modificaciones &gt; <\/b><a href=\"https:\/\/portal.seg-social.gob.es\/wps\/portal\/importass\/importass\/Categorias\/Altas%2C+bajas+y+modificaciones\/Altas+y+afiliacion+de+trabajadores\/Alta_trabajo_autonomo\"><b>Alta en trabajo aut\u00f3nomo e identif\u00edcate<\/b><\/a><span style=\"font-weight: 400;\"> (Cl@ve, certificado, etc.).<\/span><\/p>\n<p><img loading=\"lazy\" decoding=\"async\" class=\"aligncenter wp-image-28498 size-full\" src=\"https:\/\/www.billin.net\/blog\/wp-content\/uploads\/2024\/01\/alta-autonomo-seguridad-social.png\" alt=\"\" width=\"1061\" height=\"540\" srcset=\"https:\/\/www.billin.net\/blog\/wp-content\/uploads\/2024\/01\/alta-autonomo-seguridad-social.png 1061w, https:\/\/www.billin.net\/blog\/wp-content\/uploads\/2024\/01\/alta-autonomo-seguridad-social-300x153.png 300w, https:\/\/www.billin.net\/blog\/wp-content\/uploads\/2024\/01\/alta-autonomo-seguridad-social-1024x521.png 1024w, https:\/\/www.billin.net\/blog\/wp-content\/uploads\/2024\/01\/alta-autonomo-seguridad-social-768x391.png 768w\" sizes=\"(max-width: 1061px) 100vw, 1061px\" \/><\/p>\n<p>&nbsp;<\/p>\n<ul>\n<li aria-level=\"1\"><b>Completa los datos:<\/b><\/li>\n<\/ul>\n<ul>\n<li style=\"font-weight: 400;\" aria-level=\"1\"><b>Fecha de inicio<\/b><span style=\"font-weight: 400;\"> de la actividad.<\/span><\/li>\n<li style=\"font-weight: 400;\" aria-level=\"1\"><b>Actividad<\/b><span style=\"font-weight: 400;\"> (relaci\u00f3n con tu IAE) <\/span><b>y provincia<\/b><span style=\"font-weight: 400;\"> donde la vas a realizar.<\/span><\/li>\n<li style=\"font-weight: 400;\" aria-level=\"1\"><b>Datos de cotizaci\u00f3n<\/b><span style=\"font-weight: 400;\">: la base seg\u00fan tus rendimientos netos previstos. Esto va a ser una estimaci\u00f3n que luego podr\u00e1s regularizar.<\/span><\/li>\n<li style=\"font-weight: 400;\" aria-level=\"1\"><b>Cobertura<\/b><span style=\"font-weight: 400;\">, es decir, contingencias, cese de actividad, etc.\u00a0<\/span><\/li>\n<\/ul>\n<ol>\n<li style=\"font-weight: 400;\" aria-level=\"1\"><b>Confirma y descarga el resguardo<\/b><span style=\"font-weight: 400;\">. Cuando est\u00e9 tramitado, podr\u00e1s obtener la acreditaci\u00f3n de alta o tu vida laboral con el alta ya reflejada. <\/span><span style=\"font-weight: 400;\">Y tambi\u00e9n se tendr\u00e1 en cuenta a la hora de recibir prestaciones como la jubilaci\u00f3n.<\/span><span style=\"font-weight: 400;\">\u00a0<\/span><\/li>\n<\/ol>\n<p><img loading=\"lazy\" decoding=\"async\" class=\"aligncenter wp-image-28499 size-full\" src=\"https:\/\/www.billin.net\/blog\/wp-content\/uploads\/2024\/01\/modelo-alta-autonomo.png\" alt=\"\" width=\"474\" height=\"684\" srcset=\"https:\/\/www.billin.net\/blog\/wp-content\/uploads\/2024\/01\/modelo-alta-autonomo.png 474w, https:\/\/www.billin.net\/blog\/wp-content\/uploads\/2024\/01\/modelo-alta-autonomo-208x300.png 208w\" sizes=\"(max-width: 474px) 100vw, 474px\" \/><\/p>\n<p><span style=\"font-weight: 400;\">Recuerda que,<\/span><span style=\"font-weight: 400;\"> si necesitas saber tu situaci\u00f3n actual con respecto al tiempo trabajado y cotizado hasta el momento, puedes solicitar aqu\u00ed tu <\/span><a href=\"https:\/\/portal.seg-social.gob.es\/wps\/portal\/importass\/importass\/Categorias\/Vida+laboral+e+informes\/Informes+sobre+tu+situacion+laboral\/Informe+de+tu+vida+laboral\"><span style=\"font-weight: 400;\">informe de vida laboral<\/span><\/a><span style=\"font-weight: 400;\">.<\/span><\/p>\n<p><span style=\"font-weight: 400;\">Esto ha sido una visi\u00f3n r\u00e1pida de c\u00f3mo darte de alta en Hacienda y Seguridad Social.<\/span><span style=\"font-weight: 400;\">\u00a0<\/span><\/p>\n<p><span style=\"font-weight: 400;\">Si necesitas <\/span><span style=\"font-weight: 400;\">profundizar en<\/span><span style=\"font-weight: 400;\"> este tema,<\/span> <span style=\"font-weight: 400;\">visita nuestro<\/span> <a href=\"https:\/\/www.billin.net\/blog\/\"><span style=\"font-weight: 400;\">blog de TS Facturas Billin<\/span><\/a><span style=\"font-weight: 400;\">, donde encontrar\u00e1s una gu\u00eda detallada sobre c\u00f3mo darte de alta como aut\u00f3nomo en Espa\u00f1a.<\/span><\/p>\n<ul>\n<li style=\"font-weight: 400;\" aria-level=\"1\"><a href=\"https:\/\/www.billin.net\/blog\/modelo-037-alta-hacienda-autonomos\/\"><span style=\"font-weight: 400;\">Alta en Hacienda.<\/span><\/a><\/li>\n<li style=\"font-weight: 400;\" aria-level=\"1\"><a href=\"https:\/\/www.billin.net\/blog\/alta-autonomo-seguridad-social\/\"><span style=\"font-weight: 400;\">Alta en RETA.<\/span><\/a><\/li>\n<\/ul>\n<p>&nbsp;<\/p>\n<h2><b>R\u00e9gimen fiscal y obligaciones <\/b><b>del trabajador aut\u00f3nomo<\/b><\/h2>\n<p><span style=\"font-weight: 400;\">Entender c\u00f3mo es tu <\/span><b>r\u00e9gimen fiscal<\/b><span style=\"font-weight: 400;\"> y tus <\/span><b>obligaciones<\/b><span style=\"font-weight: 400;\"> como aut\u00f3nomo es clave para no pagar de m\u00e1s ni olvidarte de ning\u00fan tr\u00e1mite.<\/span><\/p>\n<p><span style=\"font-weight: 400;\">En <\/span><b>TS Facturas Billin<\/b><span style=\"font-weight: 400;\"> te lo resumimos en tres puntos principales:<\/span> <b>c\u00f3mo tributas<\/b><span style=\"font-weight: 400;\"> (IRPF e IVA), <\/span><b>qu\u00e9 modelos presentas<\/b><span style=\"font-weight: 400;\"> y <\/span><b>cu\u00e1ndo<\/b><span style=\"font-weight: 400;\"> toca hacerlo.<\/span><\/p>\n<p><span style=\"font-weight: 400;\">Con este mapa en mente, los puntos que vienen a continuaci\u00f3n te servir\u00e1n de checklist para el d\u00eda a d\u00eda:<\/span><\/p>\n<ul>\n<li style=\"font-weight: 400;\" aria-level=\"1\"><b>R\u00e9gimen fiscal:<\/b> <span style=\"font-weight: 400;\">necesitas conocer<\/span><span style=\"font-weight: 400;\"> el r\u00e9gimen fiscal al que te <\/span><span style=\"font-weight: 400;\">acoges<\/span><span style=\"font-weight: 400;\"> porque cada uno de ellos tiene sus diferencias y sus particularidades:<\/span>\n<ul>\n<li style=\"font-weight: 400;\" aria-level=\"2\"><b>Estimaci\u00f3n directa simplificada: <\/b><span style=\"font-weight: 400;\">la m\u00e1s habitual si no est\u00e1s en m\u00f3dulo.<\/span><\/li>\n<li style=\"font-weight: 400;\" aria-level=\"2\"><b>Estimaci\u00f3n directa normal:<\/b><span style=\"font-weight: 400;\"> para cuando est\u00e1s excluido de la simplificada o superas sus l\u00edmites.<\/span><\/li>\n<li style=\"font-weight: 400;\" aria-level=\"2\"><b>Estimaci\u00f3n objetiva:<\/b><span style=\"font-weight: 400;\"> solo es para determinadas actividades muy concretas y dentro de unos l\u00edmites de facturaci\u00f3n.\u00a0<\/span><\/li>\n<\/ul>\n<\/li>\n<li style=\"font-weight: 400;\" aria-level=\"1\"><b>Impuestos y retenciones IRPF:<\/b><span style=\"font-weight: 400;\"> para evitar sorpresas a final de a\u00f1o tienes que saber cu\u00e1les son los <\/span><a href=\"https:\/\/www.billin.net\/blog\/impuestos-presenta-autonomo\/\"><span style=\"font-weight: 400;\">impuestos y retenciones que debes aplicar como aut\u00f3nomo<\/span><\/a><span style=\"font-weight: 400;\">.<\/span><\/li>\n<\/ul>\n<p><span style=\"font-weight: 400;\">\u00a0<\/span><span style=\"font-weight: 400;\">Seg\u00fan tu actividad estar\u00e1s en alguno de estos reg\u00edmenes de IVA:<\/span><\/p>\n<ul>\n<li style=\"font-weight: 400;\" aria-level=\"2\"><b>R\u00e9gimen general de IVA<\/b><span style=\"font-weight: 400;\">, el m\u00e1s com\u00fan.<\/span><\/li>\n<li style=\"font-weight: 400;\" aria-level=\"2\"><b>R\u00e9gimen especial simplificado<\/b><span style=\"font-weight: 400;\"> que est\u00e1 ligado a actividades por \u201cm\u00f3dulos\u201d.<\/span><\/li>\n<li style=\"font-weight: 400;\" aria-level=\"2\"><b>Agricultura, ganader\u00eda y pesca<\/b><span style=\"font-weight: 400;\">, es un r\u00e9gimen especial.<\/span><\/li>\n<li style=\"font-weight: 400;\" aria-level=\"2\"><b>Recargo de equivalencia<\/b><span style=\"font-weight: 400;\"> para el comercio minorista.<\/span><\/li>\n<li style=\"font-weight: 400;\" aria-level=\"2\"><b>Criterio de caja<\/b><span style=\"font-weight: 400;\">, opcional.<\/span><\/li>\n<li style=\"font-weight: 400;\" aria-level=\"2\"><b>Obligaciones fiscales:<\/b><span style=\"font-weight: 400;\"> para no olvidarte de ninguna obligaci\u00f3n fiscal, te recomendamos echar un vistazo a nuestro blog, en el que vas a encontrar informaci\u00f3n relevante sobre este tema.<\/span><\/li>\n<\/ul>\n<p><span style=\"font-weight: 400;\">Para que no tengas problemas con las<\/span><span style=\"font-weight: 400;\"> fechas de <\/span><b>presentaci\u00f3n<\/b><span style=\"font-weight: 400;\"> de documentaci\u00f3n, en TS Facturas Billin te ofrecemos un <\/span><a href=\"https:\/\/www.billin.net\/calendario-fiscal\/\"><span style=\"font-weight: 400;\">calendario fiscal<\/span><\/a><span style=\"font-weight: 400;\">\u00a0 <\/span><span style=\"font-weight: 400;\">que te ayuda a llegar siempre a tiempo.<\/span><\/p>\n<p><span style=\"font-weight: 400;\">Si cuentas con una gestor\u00eda\/asesor\u00eda, ellos se van a encargar de hacer todo esto por ti, pero no est\u00e1 de m\u00e1s que tengas conocimientos sobre estos temas.<\/span><\/p>\n<p>&nbsp;<\/p>\n<h3><b>C\u00f3mo<\/b><b> elegir tu base de cotizaci\u00f3n <\/b><b>como trabajador aut\u00f3nomo<\/b><\/h3>\n<p><span style=\"font-weight: 400;\">Este es un aspecto clave, ya que, cuando eliges tu <\/span><a href=\"https:\/\/www.billin.net\/blog\/base-de-cotizacion-autonomos\/\"><span style=\"font-weight: 400;\">base de cotizaci\u00f3n<\/span><\/a><span style=\"font-weight: 400;\">, est\u00e1s decidiendo<\/span><span style=\"font-weight: 400;\">:<\/span><\/p>\n<ul>\n<li style=\"font-weight: 400;\" aria-level=\"1\"><span style=\"font-weight: 400;\">Cu\u00e1nto vas a cotizar cada mes a la Seguridad Social.<\/span><\/li>\n<li style=\"font-weight: 400;\" aria-level=\"1\"><span style=\"font-weight: 400;\">Cu\u00e1nto vas a pagar de impuestos.<\/span><\/li>\n<li style=\"font-weight: 400;\" aria-level=\"1\"><span style=\"font-weight: 400;\">Cu\u00e1les ser\u00e1n tus prestaciones.<\/span><\/li>\n<\/ul>\n<p><span style=\"font-weight: 400;\">Desde 2023 el nuevo sistema de cotizaci\u00f3n va por ingresos reales, es decir, que eliges una base seg\u00fan tus rendimientos netos previstos y luego se regulariza con tus datos reales.\u00a0<\/span><\/p>\n<p><span style=\"font-weight: 400;\">Adem\u00e1s, tiene la ventaja de que, para poder ir adecu\u00e1ndote durante el ejercicio y que luego no te den la gran sorpresa al final, puedes ajustarla hasta 6 veces al a\u00f1o.\u00a0<\/span><\/p>\n<p><span style=\"font-weight: 400;\">Nuestra recomendaci\u00f3n en <\/span><span style=\"font-weight: 400;\">TS Facturas Billin<\/span><span style=\"font-weight: 400;\"> es que te informes <\/span><span style=\"font-weight: 400;\">bien<\/span><span style=\"font-weight: 400;\"> con un gestor o asesor que:<\/span><\/p>\n<ul>\n<li style=\"font-weight: 400;\" aria-level=\"1\"><span style=\"font-weight: 400;\">Te <\/span><span style=\"font-weight: 400;\">asesore sobre<\/span><span style=\"font-weight: 400;\"> todas las alternativas disponibles.<\/span><\/li>\n<li style=\"font-weight: 400;\" aria-level=\"1\"><span style=\"font-weight: 400;\">\u00a0<\/span><span style=\"font-weight: 400;\">Analice<\/span><span style=\"font-weight: 400;\"> muy bien cu\u00e1les son tus necesidades y tus posibilidades.<\/span><\/li>\n<\/ul>\n<p><span style=\"font-weight: 400;\">Si lo que quieres es una idea aproximada, puedes ver c\u00f3mo han ido evolucionando las bases desde 2023 hasta hoy.<\/span><\/p>\n<p>&nbsp;<\/p>\n<p><img loading=\"lazy\" decoding=\"async\" class=\"alignnone wp-image-19658 \" src=\"https:\/\/www.billin.net\/blog\/wp-content\/uploads\/2022\/07\/TABLA-2023-847x1024.png\" alt=\"cuota de autonomos 2023\" width=\"544\" height=\"657\" srcset=\"https:\/\/www.billin.net\/blog\/wp-content\/uploads\/2022\/07\/TABLA-2023-847x1024.png 847w, https:\/\/www.billin.net\/blog\/wp-content\/uploads\/2022\/07\/TABLA-2023-248x300.png 248w, https:\/\/www.billin.net\/blog\/wp-content\/uploads\/2022\/07\/TABLA-2023-768x928.png 768w, https:\/\/www.billin.net\/blog\/wp-content\/uploads\/2022\/07\/TABLA-2023-810x979.png 810w, https:\/\/www.billin.net\/blog\/wp-content\/uploads\/2022\/07\/TABLA-2023.png 960w\" sizes=\"(max-width: 544px) 100vw, 544px\" \/><\/p>\n<p><img loading=\"lazy\" decoding=\"async\" class=\"alignnone wp-image-19659 \" src=\"https:\/\/www.billin.net\/blog\/wp-content\/uploads\/2022\/07\/TABLA-2024-847x1024.png\" alt=\"cuota de autonomos 2024\" width=\"543\" height=\"656\" srcset=\"https:\/\/www.billin.net\/blog\/wp-content\/uploads\/2022\/07\/TABLA-2024-847x1024.png 847w, https:\/\/www.billin.net\/blog\/wp-content\/uploads\/2022\/07\/TABLA-2024-248x300.png 248w, https:\/\/www.billin.net\/blog\/wp-content\/uploads\/2022\/07\/TABLA-2024-768x928.png 768w, https:\/\/www.billin.net\/blog\/wp-content\/uploads\/2022\/07\/TABLA-2024-810x979.png 810w, https:\/\/www.billin.net\/blog\/wp-content\/uploads\/2022\/07\/TABLA-2024.png 960w\" sizes=\"(max-width: 543px) 100vw, 543px\" \/><\/p>\n<p><img loading=\"lazy\" decoding=\"async\" class=\"alignnone wp-image-19660 \" src=\"https:\/\/www.billin.net\/blog\/wp-content\/uploads\/2022\/07\/TABLA-2025-847x1024.png\" alt=\"cuota de autonomos 2025\" width=\"543\" height=\"657\" srcset=\"https:\/\/www.billin.net\/blog\/wp-content\/uploads\/2022\/07\/TABLA-2025-847x1024.png 847w, https:\/\/www.billin.net\/blog\/wp-content\/uploads\/2022\/07\/TABLA-2025-248x300.png 248w, https:\/\/www.billin.net\/blog\/wp-content\/uploads\/2022\/07\/TABLA-2025-768x928.png 768w, https:\/\/www.billin.net\/blog\/wp-content\/uploads\/2022\/07\/TABLA-2025-810x979.png 810w, https:\/\/www.billin.net\/blog\/wp-content\/uploads\/2022\/07\/TABLA-2025.png 960w\" sizes=\"(max-width: 543px) 100vw, 543px\" \/><\/p>\n<p><b>Tabla provisional 2026<\/b><\/p>\n<p>Estas cifras reflejan la propuesta del Gobierno, pendiente de aprobaci\u00f3n final en los Presupuestos.<\/p>\n<table style=\"width: 94.6266%;\" class=\"mtr-table mtr-tr-td\">\n<tbody>\n<tr>\n<td style=\"width: 43.8914%;\" data-mtr-content=\"Rendimientos Netos Mensuales (\u20ac)\" class=\"mtr-td-tag\"><div class=\"mtr-cell-content\"><b>Rendimientos Netos Mensuales (\u20ac)<\/b><\/div><\/td>\n<td style=\"width: 30.3167%;\" data-mtr-content=\"Cuota Mensual 2026 (\u20ac)\" class=\"mtr-td-tag\"><div class=\"mtr-cell-content\"><b>Cuota Mensual 2026 (\u20ac)<\/b><\/div><\/td>\n<td style=\"width: 123.077%;\" data-mtr-content=\"Subida vs. 2025 (\u20ac)\" class=\"mtr-td-tag\"><div class=\"mtr-cell-content\"><b>Subida vs. 2025 (\u20ac)<\/b><\/div><\/td>\n<\/tr>\n<tr>\n<td style=\"width: 43.8914%;\" data-mtr-content=\"Rendimientos Netos Mensuales (\u20ac)\" class=\"mtr-td-tag\"><div class=\"mtr-cell-content\"><b>&lt; 670<\/b><\/div><\/td>\n<td style=\"width: 30.3167%;\" data-mtr-content=\"Cuota Mensual 2026 (\u20ac)\" class=\"mtr-td-tag\"><div class=\"mtr-cell-content\"><b>217,37<\/b><\/div><\/td>\n<td style=\"width: 123.077%;\" data-mtr-content=\"Subida vs. 2025 (\u20ac)\" class=\"mtr-td-tag\"><div class=\"mtr-cell-content\"><b>+17<\/b><\/div><\/td>\n<\/tr>\n<tr>\n<td style=\"width: 43.8914%;\" data-mtr-content=\"Rendimientos Netos Mensuales (\u20ac)\" class=\"mtr-td-tag\"><div class=\"mtr-cell-content\"><b>670 \u2013 900<\/b><\/div><\/td>\n<td style=\"width: 30.3167%;\" data-mtr-content=\"Cuota Mensual 2026 (\u20ac)\" class=\"mtr-td-tag\"><div class=\"mtr-cell-content\"><b>234,85<\/b><\/div><\/td>\n<td style=\"width: 123.077%;\" data-mtr-content=\"Subida vs. 2025 (\u20ac)\" class=\"mtr-td-tag\"><div class=\"mtr-cell-content\"><b>+15<\/b><\/div><\/td>\n<\/tr>\n<tr>\n<td style=\"width: 43.8914%;\" data-mtr-content=\"Rendimientos Netos Mensuales (\u20ac)\" class=\"mtr-td-tag\"><div class=\"mtr-cell-content\"><b>901 \u2013 1.166,70<\/b><\/div><\/td>\n<td style=\"width: 30.3167%;\" data-mtr-content=\"Cuota Mensual 2026 (\u20ac)\" class=\"mtr-td-tag\"><div class=\"mtr-cell-content\"><b>~250 (aprox.)<\/b><\/div><\/td>\n<td style=\"width: 123.077%;\" data-mtr-content=\"Subida vs. 2025 (\u20ac)\" class=\"mtr-td-tag\"><div class=\"mtr-cell-content\"><b>0<\/b><\/div><\/td>\n<\/tr>\n<tr>\n<td style=\"width: 43.8914%;\" data-mtr-content=\"Rendimientos Netos Mensuales (\u20ac)\" class=\"mtr-td-tag\"><div class=\"mtr-cell-content\"><b>1.167 \u2013 1.700<\/b><\/div><\/td>\n<td style=\"width: 30.3167%;\" data-mtr-content=\"Cuota Mensual 2026 (\u20ac)\" class=\"mtr-td-tag\"><div class=\"mtr-cell-content\"><b>Var\u00eda (260-370 aprox.)<\/b><\/div><\/td>\n<td style=\"width: 123.077%;\" data-mtr-content=\"Subida vs. 2025 (\u20ac)\" class=\"mtr-td-tag\"><div class=\"mtr-cell-content\"><b>+2,6 a 2,9<\/b><\/div><\/td>\n<\/tr>\n<tr>\n<td style=\"width: 43.8914%;\" data-mtr-content=\"Rendimientos Netos Mensuales (\u20ac)\" class=\"mtr-td-tag\"><div class=\"mtr-cell-content\"><b>1.701 \u2013 2.330<\/b><\/div><\/td>\n<td style=\"width: 30.3167%;\" data-mtr-content=\"Cuota Mensual 2026 (\u20ac)\" class=\"mtr-td-tag\"><div class=\"mtr-cell-content\"><b>378 \u2013 439<\/b><\/div><\/td>\n<td style=\"width: 123.077%;\" data-mtr-content=\"Subida vs. 2025 (\u20ac)\" class=\"mtr-td-tag\"><div class=\"mtr-cell-content\"><b>+28 a 39<\/b><\/div><\/td>\n<\/tr>\n<tr>\n<td style=\"width: 43.8914%;\" data-mtr-content=\"Rendimientos Netos Mensuales (\u20ac)\" class=\"mtr-td-tag\"><div class=\"mtr-cell-content\"><b>2.330 \u2013 2.760<\/b><\/div><\/td>\n<td style=\"width: 30.3167%;\" data-mtr-content=\"Cuota Mensual 2026 (\u20ac)\" class=\"mtr-td-tag\"><div class=\"mtr-cell-content\"><b>465<\/b><\/div><\/td>\n<td style=\"width: 123.077%;\" data-mtr-content=\"Subida vs. 2025 (\u20ac)\" class=\"mtr-td-tag\"><div class=\"mtr-cell-content\"><b>+50<\/b><\/div><\/td>\n<\/tr>\n<tr>\n<td style=\"width: 43.8914%;\" data-mtr-content=\"Rendimientos Netos Mensuales (\u20ac)\" class=\"mtr-td-tag\"><div class=\"mtr-cell-content\"><b>2.760 \u2013 3.190<\/b><\/div><\/td>\n<td style=\"width: 30.3167%;\" data-mtr-content=\"Cuota Mensual 2026 (\u20ac)\" class=\"mtr-td-tag\"><div class=\"mtr-cell-content\"><b>507<\/b><\/div><\/td>\n<td style=\"width: 123.077%;\" data-mtr-content=\"Subida vs. 2025 (\u20ac)\" class=\"mtr-td-tag\"><div class=\"mtr-cell-content\"><b>+67<\/b><\/div><\/td>\n<\/tr>\n<tr>\n<td style=\"width: 43.8914%;\" data-mtr-content=\"Rendimientos Netos Mensuales (\u20ac)\" class=\"mtr-td-tag\"><div class=\"mtr-cell-content\"><b>3.190 \u2013 3.620<\/b><\/div><\/td>\n<td style=\"width: 30.3167%;\" data-mtr-content=\"Cuota Mensual 2026 (\u20ac)\" class=\"mtr-td-tag\"><div class=\"mtr-cell-content\"><b>550<\/b><\/div><\/td>\n<td style=\"width: 123.077%;\" data-mtr-content=\"Subida vs. 2025 (\u20ac)\" class=\"mtr-td-tag\"><div class=\"mtr-cell-content\"><b>+85<\/b><\/div><\/td>\n<\/tr>\n<tr>\n<td style=\"width: 43.8914%;\" data-mtr-content=\"Rendimientos Netos Mensuales (\u20ac)\" class=\"mtr-td-tag\"><div class=\"mtr-cell-content\"><b>3.620 \u2013 4.050<\/b><\/div><\/td>\n<td style=\"width: 30.3167%;\" data-mtr-content=\"Cuota Mensual 2026 (\u20ac)\" class=\"mtr-td-tag\"><div class=\"mtr-cell-content\"><b>593<\/b><\/div><\/td>\n<td style=\"width: 123.077%;\" data-mtr-content=\"Subida vs. 2025 (\u20ac)\" class=\"mtr-td-tag\"><div class=\"mtr-cell-content\"><b>+103<\/b><\/div><\/td>\n<\/tr>\n<tr>\n<td style=\"width: 43.8914%;\" data-mtr-content=\"Rendimientos Netos Mensuales (\u20ac)\" class=\"mtr-td-tag\"><div class=\"mtr-cell-content\"><b>4.050 \u2013 6.000<\/b><\/div><\/td>\n<td style=\"width: 30.3167%;\" data-mtr-content=\"Cuota Mensual 2026 (\u20ac)\" class=\"mtr-td-tag\"><div class=\"mtr-cell-content\"><b>648<\/b><\/div><\/td>\n<td style=\"width: 123.077%;\" data-mtr-content=\"Subida vs. 2025 (\u20ac)\" class=\"mtr-td-tag\"><div class=\"mtr-cell-content\"><b>+118<\/b><\/div><\/td>\n<\/tr>\n<tr>\n<td style=\"width: 43.8914%;\" data-mtr-content=\"Rendimientos Netos Mensuales (\u20ac)\" class=\"mtr-td-tag\"><div class=\"mtr-cell-content\"><b>&gt; 6.000<\/b><\/div><\/td>\n<td style=\"width: 30.3167%;\" data-mtr-content=\"Cuota Mensual 2026 (\u20ac)\" class=\"mtr-td-tag\"><div class=\"mtr-cell-content\"><b>796<\/b><\/div><\/td>\n<td style=\"width: 123.077%;\" data-mtr-content=\"Subida vs. 2025 (\u20ac)\" class=\"mtr-td-tag\"><div class=\"mtr-cell-content\"><b>+206<\/b><\/div><\/td>\n<\/tr>\n<\/tbody>\n<\/table>\n<p><span style=\"font-weight: 400;\">Aunque si quieres hacerte una idea inicial ajustada a tu realidad<\/span><span style=\"font-weight: 400;\">, <\/span><span style=\"font-weight: 400;\">puedes hacer un c\u00e1lculo r\u00e1pido de la siguiente forma:<\/span><\/p>\n<ol>\n<li style=\"font-weight: 400;\" aria-level=\"1\"><b>Calcula tus rendimientos netos previstos<\/b><span style=\"font-weight: 400;\">: ingresos \u2013 gastos con reglas de IRPF y deduce un 7% en general (3% en ciertos casos societarios).\u00a0<\/span><\/li>\n<li style=\"font-weight: 400;\" aria-level=\"1\"><b>Localiza tu tramo en la tabla actualizada<\/b><span style=\"font-weight: 400;\">: elige cualquier base entre la m\u00ednima y la m\u00e1xima del tramo.\u00a0<\/span><\/li>\n<li style=\"font-weight: 400;\" aria-level=\"1\"><b>Simula tu cuota con el simulador oficial <\/b><a href=\"https:\/\/portal.seg-social.gob.es\/wps\/portal\/importass\/importass\/tramites\/simuladorRETAPublico\/inicio\/\"><b>Import@ss<\/b><\/a><span style=\"font-weight: 400;\">: importante en este punto. Si lo confirmas se aplicar\u00e1. No confirmes si no est\u00e1s completamente seguro o te has asesorado bien antes.<\/span><\/li>\n<\/ol>\n<p><span style=\"font-weight: 400;\">Para societarios\/colaboradores existe una base m\u00ednima espec\u00edfica fijada por LPGE (no se puede bajar de ella, aunque el tramo permita menos).<\/span><\/p>\n<p>&nbsp;<\/p>\n<h3><b>Cu\u00e1nto paga un aut\u00f3nomo al mes en 2025<\/b><\/h3>\n<p><span style=\"font-weight: 400;\">Saber cu\u00e1nto <\/span><span style=\"font-weight: 400;\">te corresponde<\/span><span style=\"font-weight: 400;\"> de cuota de aut\u00f3nomo te permite planificar mejor tu presupuesto.<\/span><\/p>\n<p><span style=\"font-weight: 400;\">Como<\/span><span style=\"font-weight: 400;\"> la cuota var\u00eda en funci\u00f3n de tus ingresos reales<\/span><span style=\"font-weight: 400;\">, conociendo tus rendimientos netos, solo tienes que ir a las tablas que vimos antes y ver la base de cotizaci\u00f3n que te responde<\/span><span style=\"font-weight: 400;\"> y la cuota.<\/span><\/p>\n<p><span style=\"font-weight: 400;\">Por ejemplo, si tus rendimientos netos son de 1.420\u20ac\/mes:<\/span><\/p>\n<ul>\n<li style=\"font-weight: 400;\" aria-level=\"1\"><span style=\"font-weight: 400;\">Te corresponde el tramo el 5\u00ba tramo que va desde 1.300\u20ac hasta 1.500\u20ac.<\/span><\/li>\n<li style=\"font-weight: 400;\" aria-level=\"1\"><span style=\"font-weight: 400;\">Si eliges la base de cotizaci\u00f3n que le corresponde es de 960,78\u20ac.<\/span><\/li>\n<li style=\"font-weight: 400;\" aria-level=\"1\"><span style=\"font-weight: 400;\">La cuota mensual ser\u00e1 de 294\u20ac.<\/span><\/li>\n<\/ul>\n<p><span style=\"font-weight: 400;\">Pero, si eres un nuevo aut\u00f3nomo, los primeros 12 meses te vas a beneficiar de la tarifa plana de 80\u202f\u20ac\/mes.\u00a0<\/span><\/p>\n<p><span style=\"font-weight: 400;\">Inf\u00f3rmate bien porque tienes la posibilidad de prorrogarlo unos meses m\u00e1s si cumples con los requisitos, eso es, que tus rendimientos netos hayan sido inferiores al SMI anual.<\/span><\/p>\n<p><span style=\"font-weight: 400;\">Para que te hagas una idea de cu\u00e1l ser\u00e1 tu cuota despu\u00e9s de la tarifa plana, en TS Facturas Billin tenemos una <\/span><a href=\"https:\/\/www.billin.net\/calculadoras\/calculadora-cuota-autonomos\/\"><span style=\"font-weight: 400;\">calculadora<\/span><\/a><span style=\"font-weight: 400;\"> muy sencilla para ayudarte a calcular las cuotas de aut\u00f3nomo.<\/span><\/p>\n<p><span style=\"font-weight: 400;\">Recuerda que, si ya tienes una gestor\u00eda o asesor\u00eda, ellos se encargar\u00e1n de todo esto por ti y te informar\u00e1n de todo lo que necesites saber.<\/span><\/p>\n<p>&nbsp;<\/p>\n<h3><b>Modelos tributarios y documentos que debe presentar un aut\u00f3nomo<\/b><\/h3>\n<p><span style=\"font-weight: 400;\">La presentaci\u00f3n de los modelos trimestrales y anuales es una tarea esencial para cualquier negocio.<\/span><\/p>\n<p><span style=\"font-weight: 400;\">Para <\/span><span style=\"font-weight: 400;\">cumplir con Hacienda<\/span><span style=\"font-weight: 400;\">, <\/span><span style=\"font-weight: 400;\">es necesario<\/span><span style=\"font-weight: 400;\"> recopilar toda la informaci\u00f3n contable <\/span><span style=\"font-weight: 400;\">(<\/span><span style=\"font-weight: 400;\">facturas y gastos<\/span><span style=\"font-weight: 400;\">)<\/span><span style=\"font-weight: 400;\">, para poder presentar los modelos tributarios correspondientes<\/span><span style=\"font-weight: 400;\">, tanto si delegas en una gestor\u00eda como si lo haces t\u00fa mismo.<\/span><\/p>\n<p><span style=\"font-weight: 400;\">Con el <a href='https:\/\/www.billin.net\/programa-facturacion-autonomos\/' rel='follow' title='Programa de facturaci\u00f3n para aut\u00f3nomos - Billin' target='_self' onclick='seourl_count_click(this)'>programa de facturaci\u00f3n<\/a> <\/span><a href=\"https:\/\/www.billin.net\/conectar-con-gestor-asesor\/\"><span style=\"font-weight: 400;\">TS Facturas Billin<\/span><\/a><span style=\"font-weight: 400;\">, entregar la documentaci\u00f3n <\/span><span style=\"font-weight: 400;\">a<\/span> <span style=\"font-weight: 400;\">la gestor\u00eda o asesor\u00eda <\/span><span style=\"font-weight: 400;\">es mucho m\u00e1s f\u00e1cil<\/span><span style=\"font-weight: 400;\">. La propia plataforma genera los documentos que necesitas.\u00a0<\/span><\/p>\n<p><span style=\"font-weight: 400;\">Adem\u00e1s,<\/span><span style=\"font-weight: 400;\"> para mayor comodidad, tambi\u00e9n le puedes dar acceso directo a la plataforma a tu gestor\/asesor.\u00a0<\/span><\/p>\n<p><span style=\"font-weight: 400;\">Los principales modelos tributarios que deben presentar los aut\u00f3nomos en Espa\u00f1a son:<\/span><\/p>\n<p><span style=\"font-weight: 400;\">\u2981 <\/span><span style=\"font-weight: 400;\">El modelo 303: declaraci\u00f3n trimestral de IVA.<\/span><span style=\"font-weight: 400;\"><br \/>\n<\/span><span style=\"font-weight: 400;\">\u2981<\/span><span style=\"font-weight: 400;\"> El modelo 130: pago fraccionado del IRPF.<\/span><span style=\"font-weight: 400;\"><br \/>\n<\/span><span style=\"font-weight: 400;\">\u2981<\/span><span style=\"font-weight: 400;\"> El modelo 111: retenciones e ingresos a cuenta del IRPF.<\/span><span style=\"font-weight: 400;\"><br \/>\n<\/span><span style=\"font-weight: 400;\">\u2981<\/span><span style=\"font-weight: 400;\"> El modelo 115: retenciones e ingresos a cuenta del alquiler de inmuebles.<\/span><span style=\"font-weight: 400;\"><br \/>\n<\/span><span style=\"font-weight: 400;\">\u2981<\/span><span style=\"font-weight: 400;\"> El modelo 190: resumen anual de retenciones e ingresos a cuenta.<\/span><span style=\"font-weight: 400;\"><br \/>\n<\/span><span style=\"font-weight: 400;\">\u2981<\/span><span style=\"font-weight: 400;\"> El modelo 390: resumen anual del IVA.<\/span><\/p>\n<p><span style=\"font-weight: 400;\">Para evitar sanciones o recargos por <\/span><span style=\"font-weight: 400;\">presentarlos tarde,<\/span><span style=\"font-weight: 400;\"> aqu\u00ed tienes una tabla con las fechas l\u00edmite para entregarlos:<\/span><\/p>\n<p><span style=\"font-weight: 400;\">\u00a0<\/span><\/p>\n<table class=\"mtr-table mtr-tr-td\">\n<tbody>\n<tr>\n<td data-mtr-content=\"Modelo tributario\" class=\"mtr-td-tag\"><div class=\"mtr-cell-content\"><b>Modelo tributario<\/b><\/div><\/td>\n<td data-mtr-content=\"Descripci\u00f3n\" class=\"mtr-td-tag\"><div class=\"mtr-cell-content\"><b>Descripci\u00f3n<\/b><\/div><\/td>\n<td data-mtr-content=\"Fecha l\u00edmite de presentaci\u00f3n\" class=\"mtr-td-tag\"><div class=\"mtr-cell-content\"><b>Fecha l\u00edmite de presentaci\u00f3n<\/b><\/div><\/td>\n<\/tr>\n<tr>\n<td data-mtr-content=\"Modelo tributario\" class=\"mtr-td-tag\"><div class=\"mtr-cell-content\"><span style=\"font-weight: 400;\">303<\/span><\/div><\/td>\n<td data-mtr-content=\"Descripci\u00f3n\" class=\"mtr-td-tag\"><div class=\"mtr-cell-content\"><span style=\"font-weight: 400;\">Declaraci\u00f3n trimestral de IVA<\/span><\/div><\/td>\n<td data-mtr-content=\"Fecha l\u00edmite de presentaci\u00f3n\" class=\"mtr-td-tag\"><div class=\"mtr-cell-content\"><span style=\"font-weight: 400;\">Hasta el d\u00eda 20 del mes siguiente al trimestre (a excepci\u00f3n del cuarto trimestre que ser\u00e1 el d\u00eda 30 de enero del a\u00f1o siguiente).<\/span><\/div><\/td>\n<\/tr>\n<tr>\n<td data-mtr-content=\"Modelo tributario\" class=\"mtr-td-tag\"><div class=\"mtr-cell-content\"><span style=\"font-weight: 400;\">130<\/span><\/div><\/td>\n<td data-mtr-content=\"Descripci\u00f3n\" class=\"mtr-td-tag\"><div class=\"mtr-cell-content\"><span style=\"font-weight: 400;\">Pago fraccionado del IRPF<\/span><\/div><\/td>\n<td data-mtr-content=\"Fecha l\u00edmite de presentaci\u00f3n\" class=\"mtr-td-tag\"><div class=\"mtr-cell-content\"><span style=\"font-weight: 400;\">Hasta el d\u00eda 20 de abril, julio, octubre y enero (a excepci\u00f3n del cuarto trimestre que ser\u00e1 el d\u00eda 30 de enero del a\u00f1o siguiente).<\/span><\/div><\/td>\n<\/tr>\n<tr>\n<td data-mtr-content=\"Modelo tributario\" class=\"mtr-td-tag\"><div class=\"mtr-cell-content\"><span style=\"font-weight: 400;\">111<\/span><\/div><\/td>\n<td data-mtr-content=\"Descripci\u00f3n\" class=\"mtr-td-tag\"><div class=\"mtr-cell-content\"><span style=\"font-weight: 400;\">Retenciones e ingresos a cuenta del IRPF<\/span><\/div><\/td>\n<td data-mtr-content=\"Fecha l\u00edmite de presentaci\u00f3n\" class=\"mtr-td-tag\"><div class=\"mtr-cell-content\"><span style=\"font-weight: 400;\">Hasta el d\u00eda 20 del mes siguiente al trimestre.<\/span><\/div><\/td>\n<\/tr>\n<tr>\n<td data-mtr-content=\"Modelo tributario\" class=\"mtr-td-tag\"><div class=\"mtr-cell-content\"><span style=\"font-weight: 400;\">115<\/span><\/div><\/td>\n<td data-mtr-content=\"Descripci\u00f3n\" class=\"mtr-td-tag\"><div class=\"mtr-cell-content\"><span style=\"font-weight: 400;\">Retenciones e ingresos a cuenta del alquiler de inmuebles<\/span><\/div><\/td>\n<td data-mtr-content=\"Fecha l\u00edmite de presentaci\u00f3n\" class=\"mtr-td-tag\"><div class=\"mtr-cell-content\"><span style=\"font-weight: 400;\">Hasta el d\u00eda 20 del mes siguiente al trimestre.<\/span><\/div><\/td>\n<\/tr>\n<tr>\n<td data-mtr-content=\"Modelo tributario\" class=\"mtr-td-tag\"><div class=\"mtr-cell-content\"><span style=\"font-weight: 400;\">190<\/span><\/div><\/td>\n<td data-mtr-content=\"Descripci\u00f3n\" class=\"mtr-td-tag\"><div class=\"mtr-cell-content\"><span style=\"font-weight: 400;\">Resumen anual de retenciones e ingresos a cuenta<\/span><\/div><\/td>\n<td data-mtr-content=\"Fecha l\u00edmite de presentaci\u00f3n\" class=\"mtr-td-tag\"><div class=\"mtr-cell-content\"><span style=\"font-weight: 400;\">Hasta el d\u00eda 31 de enero del a\u00f1o siguiente.<\/span><\/div><\/td>\n<\/tr>\n<tr>\n<td data-mtr-content=\"Modelo tributario\" class=\"mtr-td-tag\"><div class=\"mtr-cell-content\"><span style=\"font-weight: 400;\">390<\/span><\/div><\/td>\n<td data-mtr-content=\"Descripci\u00f3n\" class=\"mtr-td-tag\"><div class=\"mtr-cell-content\"><span style=\"font-weight: 400;\">Resumen anual del IVA<\/span><\/div><\/td>\n<td data-mtr-content=\"Fecha l\u00edmite de presentaci\u00f3n\" class=\"mtr-td-tag\"><div class=\"mtr-cell-content\"><span style=\"font-weight: 400;\">Hasta el d\u00eda 30 de enero del a\u00f1o siguiente.<\/span><\/div><\/td>\n<\/tr>\n<\/tbody>\n<\/table>\n<p><span style=\"font-weight: 400;\">\u00a0<\/span><\/p>\n<p><span style=\"font-weight: 400;\">Estas fechas <\/span><span style=\"font-weight: 400;\">son fijas, aunque<\/span><span style=\"font-weight: 400;\"> pueden variar:<\/span><\/p>\n<ul>\n<li style=\"font-weight: 400;\" aria-level=\"1\"><span style=\"font-weight: 400;\">Porque caen en d\u00edas no h\u00e1biles. En ese caso se trasladan al primer d\u00eda h\u00e1bil.<\/span><\/li>\n<li style=\"font-weight: 400;\" aria-level=\"1\"><span style=\"font-weight: 400;\">Seg\u00fan la comunidad aut\u00f3noma<\/span><span style=\"font-weight: 400;\">, que tenga festivo ese d\u00eda. Entonces, al igual que antes, tambi\u00e9n se pasa al primer d\u00eda h\u00e1bil.<\/span><\/li>\n<li style=\"font-weight: 400;\" aria-level=\"1\"><span style=\"font-weight: 400;\">Por l<\/span><span style=\"font-weight: 400;\">as circunstancias particulares de cada aut\u00f3nomo.<\/span><\/li>\n<\/ul>\n<p><span style=\"font-weight: 400;\">Por <\/span><span style=\"font-weight: 400;\">eso<\/span><span style=\"font-weight: 400;\">, nuestra recomendaci\u00f3n es que <\/span><span style=\"font-weight: 400;\">siempre<\/span> <span style=\"font-weight: 400;\">confirmes<\/span> <span style=\"font-weight: 400;\">la<\/span><span style=\"font-weight: 400;\"> informaci\u00f3n <\/span><span style=\"font-weight: 400;\">de <\/span><span style=\"font-weight: 400;\">los plazos <\/span><span style=\"font-weight: 400;\">en el <\/span><a href=\"https:\/\/sede.agenciatributaria.gob.es\/Sede\/ayuda\/calendario-contribuyente\/calendario-contribuyente-2025\/calendario-anual.html\"><span style=\"font-weight: 400;\">calendario del contribuyente de la AEAT.<\/span><\/a><\/p>\n<p>&nbsp;<\/p>\n<h2>Considerar si necesitas contratar otro freelancer o aut\u00f3nomo<\/h2>\n<p><span style=\"font-weight: 400;\">Si tienes pensado expandir tu negocio a corto plazo, vas a necesitar contratar a otro freelance o trabajador.<\/span><\/p>\n<p><span style=\"font-weight: 400;\">Para ayudarte a decidir, en TS Facturas Billin te ofrecemos una <\/span><a href=\"https:\/\/www.billin.net\/calculadora-freelance-horas\/\"><span style=\"font-weight: 400;\">calculadora freelance<\/span><\/a> <span style=\"font-weight: 400;\">con la que hacer<\/span><span style=\"font-weight: 400;\"> los c\u00e1lculos necesarios y <\/span><span style=\"font-weight: 400;\">conocer<\/span><span style=\"font-weight: 400;\"> el coste que para tu empresa.<\/span><\/p>\n<p><span style=\"font-weight: 400;\">Recuerda que tu gestor\u00eda o asesor\u00eda tambi\u00e9n puede <\/span><span style=\"font-weight: 400;\">hacerlo<\/span><span style=\"font-weight: 400;\"> y <\/span><span style=\"font-weight: 400;\">darte<\/span><span style=\"font-weight: 400;\"> toda la informaci\u00f3n que necesites.<\/span><\/p>\n<p><span style=\"font-weight: 400;\">Y<\/span><span style=\"font-weight: 400;\"> si est\u00e1s pensando en <\/span><span style=\"font-weight: 400;\">contratar a alguien<\/span><span style=\"font-weight: 400;\">, <\/span><span style=\"font-weight: 400;\">tenemos<\/span><span style=\"font-weight: 400;\"> otra calculadora para calcular <\/span><a href=\"https:\/\/www.billin.net\/calculadora-contratar-trabajador\/\"><span style=\"font-weight: 400;\">cu\u00e1nto cuesta contratar un trabajador<\/span><\/a><span style=\"font-weight: 400;\">.<\/span><\/p>\n<p><span style=\"font-weight: 400;\">No dudes en buscar el apoyo que necesites para que tu negocio siga creciendo.<\/span><\/p>\n<p>&nbsp;<\/p>\n<h2>Analizar que servicios necesitas para promocionar tu nuevo negocio<\/h2>\n<p><span style=\"font-weight: 400;\">Otro tema sobre el que tienes que pensar al saber c\u00f3mo ser aut\u00f3nomo es <\/span><a href=\"https:\/\/www.billin.net\/blog\/como-puedo-captar-nuevos-clientes\/\"><span style=\"font-weight: 400;\">c\u00f3mo buscar clientes para tu negocio<\/span><\/a><span style=\"font-weight: 400;\">.\u00a0<\/span><\/p>\n<p><span style=\"font-weight: 400;\">En primer lugar, lo m\u00e1s inmediato y f\u00e1cil es que utilices una cartera de clientes previa, si ya has trabajado en tu sector antes.<\/span><\/p>\n<p><span style=\"font-weight: 400;\">Tambi\u00e9n, puedes buscar nuevos clientes en plataformas en l\u00ednea.<\/span><\/p>\n<p><span style=\"font-weight: 400;\">Otras formas de buscar clientes pueden ser la publicidad en redes sociales, la asistencia a ferias y eventos, el networking o el tradicional \u00abboca a boca\u00bb.<\/span><\/p>\n<p><span style=\"font-weight: 400;\">En esta tabla te indicamos con m\u00e1s detalle las diferentes opciones que puedes utilizar:<\/span><\/p>\n<p><span style=\"font-weight: 400;\">\u00a0<\/span><\/p>\n<table>\n<tbody>\n<tr>\n<td><b>M\u00e9todo<\/b><\/td>\n<td><b>Descripci\u00f3n<\/b><\/td>\n<\/tr>\n<tr>\n<td><span style=\"font-weight: 400;\">Cartera de clientes previa<\/span><\/td>\n<td><span style=\"font-weight: 400;\">Utiliza los contactos y relaciones que ya has establecido en tu sector para conseguir nuevos clientes.<\/span><\/td>\n<\/tr>\n<tr>\n<td><span style=\"font-weight: 400;\">Plataformas en l\u00ednea<\/span><\/td>\n<td><span style=\"font-weight: 400;\">Busca clientes en plataformas que se adec\u00faen a tu sector, como LinkedIn, Upwork o Fiverr.<\/span><\/td>\n<\/tr>\n<tr>\n<td><span style=\"font-weight: 400;\">Publicidad en redes sociales<\/span><\/td>\n<td><span style=\"font-weight: 400;\">Promociona tus productos o servicios en las redes sociales, dirigi\u00e9ndote a tu p\u00fablico objetivo con anuncios pagados.<\/span><\/td>\n<\/tr>\n<tr>\n<td><span style=\"font-weight: 400;\">Asistencia a ferias y eventos<\/span><\/td>\n<td><span style=\"font-weight: 400;\">Participa en ferias y eventos del sector para darte a conocer y establecer contactos.<\/span><\/td>\n<\/tr>\n<tr>\n<td><span style=\"font-weight: 400;\">Networking<\/span><\/td>\n<td><span style=\"font-weight: 400;\">Ampl\u00eda tu red de contactos en tu sector, asistiendo a eventos, conferencias o charlas y estableciendo relaciones profesionales.<\/span><\/td>\n<\/tr>\n<tr>\n<td><span style=\"font-weight: 400;\">Boca a boca<\/span><\/td>\n<td><span style=\"font-weight: 400;\">Aprovecha la satisfacci\u00f3n de tus clientes actuales para conseguir nuevos clientes a trav\u00e9s del boca a boca y la recomendaci\u00f3n.<\/span><\/td>\n<\/tr>\n<tr>\n<td><span style=\"font-weight: 400;\">SEO<\/span><\/td>\n<td><span style=\"font-weight: 400;\">Optimiza tu p\u00e1gina web y tus contenidos para aparecer en las primeras posiciones de los motores de b\u00fasqueda.<\/span><\/td>\n<\/tr>\n<tr>\n<td><span style=\"font-weight: 400;\">P\u00e1gina web<\/span><\/td>\n<td><span style=\"font-weight: 400;\">Crea una p\u00e1gina web profesional y atractiva que represente tu negocio y tus servicios.<\/span><\/td>\n<\/tr>\n<tr>\n<td><span style=\"font-weight: 400;\">Buzoneo<\/span><\/td>\n<td><span style=\"font-weight: 400;\">Realiza una campa\u00f1a de buzoneo en tu zona para dar a conocer tu negocio y atraer clientes.<\/span><\/td>\n<\/tr>\n<tr>\n<td><span style=\"font-weight: 400;\">Mailing o cold email<\/span><\/td>\n<td><span style=\"font-weight: 400;\">Env\u00eda correos electr\u00f3nicos personalizados a posibles clientes con el objetivo de captar su inter\u00e9s.<\/span><\/td>\n<\/tr>\n<tr>\n<td><span style=\"font-weight: 400;\">Socios estrat\u00e9gicos o partnerships<\/span><\/td>\n<td><span style=\"font-weight: 400;\">Establece alianzas con otras empresas o profesionales del sector para ampliar tu red de contactos y atraer nuevos clientes.<\/span><\/td>\n<\/tr>\n<tr>\n<td><span style=\"font-weight: 400;\">Descuentos y descuentos<\/span><\/td>\n<td><span style=\"font-weight: 400;\">Ofrece descuentos, promociones y condiciones especiales a nuevos clientes para incentivar su compra y fidelizarlos.<\/span><\/td>\n<\/tr>\n<tr>\n<td><span style=\"font-weight: 400;\">Pertenecer a una ONG<\/span><\/td>\n<td><span style=\"font-weight: 400;\">Participa en proyectos o eventos de una organizaci\u00f3n no gubernamental para dar a conocer tu negocio entre sus miembros y mejorar tu imagen de marca en general.<\/span><\/td>\n<\/tr>\n<tr>\n<td><span style=\"font-weight: 400;\">Jornada de puertas abiertas<\/span><\/td>\n<td><span style=\"font-weight: 400;\">Realiza una jornada de puertas abiertas para que los clientes potenciales puedan conocer tus instalaciones y tus servicios.<\/span><\/td>\n<\/tr>\n<\/tbody>\n<\/table>\n<p>&nbsp;<\/p>\n<h2><b>Herramientas para gestionar tu <\/b><b>actividad como aut\u00f3nomo<\/b><\/h2>\n<h3><b>Programa de facturaci\u00f3n <\/b><b>y gesti\u00f3n<\/b><b> online<\/b><\/h3>\n<p>&nbsp;<\/p>\n<p><a href=\"https:\/\/www.billin.net\/\"><span style=\"font-weight: 400;\">TS Facturas Billin<\/span><\/a><span style=\"font-weight: 400;\"> es una herramienta \u00fatil para aut\u00f3nomos y peque\u00f1as empresas que necesitan crear <\/span><a href=\"https:\/\/www.billin.net\/blog\/mejores-programas-hacer-presupuestos-online\"><span style=\"font-weight: 400;\">presupuestos<\/span><\/a><span style=\"font-weight: 400;\">, <\/span><a href=\"https:\/\/www.billin.net\/blog\/ejemplo-factura-profesional-irpf\"><span style=\"font-weight: 400;\">facturas<\/span><\/a><span style=\"font-weight: 400;\">, tickets y <\/span><a href=\"about:blank\"><span style=\"font-weight: 400;\">albaranes<\/span><\/a><span style=\"font-weight: 400;\">.<\/span><\/p>\n<p><span style=\"font-weight: 400;\">Con TS Facturas Billin, puedes utilizar diferentes plantillas para personalizar todos tus documentos.<\/span><\/p>\n<p><span style=\"font-weight: 400;\">Adem\u00e1s, TS Facturas Billin <\/span><span style=\"font-weight: 400;\">te permite<\/span><span style=\"font-weight: 400;\"> llevar un control de tus facturas pendientes de cobro, realizar el seguimiento de las facturas enviadas y gestionar los pagos recibidos.<\/span><\/p>\n<p><span style=\"font-weight: 400;\">As\u00ed podr\u00e1s<\/span><span style=\"font-weight: 400;\"> mantener un registro organizado y facilitarte el proceso de cobro.<\/span><\/p>\n<p><span style=\"font-weight: 400;\">Otras ventajas de utilizar TS Facturas Billin son la posibilidad de gestionar tus gastos y tener informes contables.<\/span><\/p>\n<p><span style=\"font-weight: 400;\">Y, pensando en tu comodidad y eficiencia a la hora de trabajar,<\/span> <span style=\"font-weight: 400;\">es intuitiva y f\u00e1cil de usar. As\u00ed ahorrar\u00e1s tiempo y podr\u00e1s centrarte en lo que realmente importa: tu negocio.<\/span><\/p>\n<p><span style=\"font-weight: 400;\">Si est\u00e1s interesado en usar TS Facturas Billin para gestionar tus documentos y facturas, puedes registrarte y <\/span><a href=\"https:\/\/www.billin.net\/\"><span style=\"font-weight: 400;\">empezar de manera gratuita durante 30 d\u00edas.<\/span><\/a><\/p>\n<p>&nbsp;<\/p>\n<h3><b>Control <\/b><b>contable y fiscal de tu negocio<\/b><\/h3>\n<p><span style=\"font-weight: 400;\">TS Facturas Billin es una herramienta de gesti\u00f3n empresarial que permite a los aut\u00f3nomos y peque\u00f1as empresas tener un control completo sobre <\/span><span style=\"font-weight: 400;\">su<\/span><span style=\"font-weight: 400;\"> negocio.<\/span><\/p>\n<p><span style=\"font-weight: 400;\">A trav\u00e9s de la plataforma, puedes gestionar clientes y proveedores, productos y servicios, impuestos, gastos, tesorer\u00eda y balance de una manera f\u00e1cil y eficiente.<\/span><\/p>\n<p><span style=\"font-weight: 400;\">Adem\u00e1s, la herramienta te proporciona una visi\u00f3n clara y detallada de todos estos aspectos para que, como emprendedor, puedas tomar las decisiones <\/span><span style=\"font-weight: 400;\">m\u00e1s<\/span><span style=\"font-weight: 400;\"> acertadas que hagan crecer tu negocio.<\/span><\/p>\n<p><span style=\"font-weight: 400;\">Con<\/span><span style=\"font-weight: 400;\"> TS Facturas Billin simplificas la gesti\u00f3n de facturas y el seguimiento de pagos, ahorr\u00e1ndote tiempo y esfuerzo.<\/span><\/p>\n<p><span style=\"font-weight: 400;\">En resumen, TS Facturas Billin es una herramienta esencial para quienes buscan tomar el control completo de su negocio y mejorar su rentabilidad<\/span><\/p>\n<p>&nbsp;<\/p>\n<h3>Asegurar que la contabilidad de tu negocio est\u00e9 cuadrada y saneada<\/h3>\n<p><span style=\"font-weight: 400;\">Respecto a la contabilidad del negocio, es fundamental que cuadre no solo para cubrir gastos, sino tambi\u00e9n para que puedas obtener beneficios.<\/span><\/p>\n<p><span style=\"font-weight: 400;\">Para <\/span><span style=\"font-weight: 400;\">esto necesitas<\/span><span style=\"font-weight: 400;\"> llevar un control exhaustivo de los ingresos y los gastos de tu empresa.<\/span><\/p>\n<p><span style=\"font-weight: 400;\">TS Facturas Billin es la herramienta que te ayuda a mantener tu contabilidad bien organizada y actualizada en todo momento.<\/span><\/p>\n<p><span style=\"font-weight: 400;\">De esta manera, podr\u00e1s saber con certeza si tu negocio est\u00e1 generando beneficios o si, por el contrario, tienes m\u00e1s gastos que ingresos.<\/span><\/p>\n<p><span style=\"font-weight: 400;\">Con TS Facturas Billin <\/span><span style=\"font-weight: 400;\">generas<\/span><span style=\"font-weight: 400;\"> facturas f\u00e1cilmente <\/span><span style=\"font-weight: 400;\">y tambi\u00e9n puedes<\/span><span style=\"font-weight: 400;\">:<\/span><\/p>\n<ul>\n<li style=\"font-weight: 400;\" aria-level=\"1\"><span style=\"font-weight: 400;\">Enviarlas a tus clientes.\u00a0<\/span><\/li>\n<li style=\"font-weight: 400;\" aria-level=\"1\"><span style=\"font-weight: 400;\">Hacer un seguimiento de los pagos.\u00a0<\/span><\/li>\n<li style=\"font-weight: 400;\" aria-level=\"1\"><span style=\"font-weight: 400;\">Gestionar tus gastos y tus impuestos, <\/span><span style=\"font-weight: 400;\">con<\/span><span style=\"font-weight: 400;\"> lo que ahorrar<\/span><span style=\"font-weight: 400;\">\u00e1s<\/span><span style=\"font-weight: 400;\"> tiempo y esfuerzo en tareas administrativas.<\/span><\/li>\n<\/ul>\n<p><span style=\"font-weight: 400;\">En resumen, es una herramienta muy \u00fatil para que puedas llevar un control eficiente de la contabilidad de tu negocio y tomar decisiones informadas para obtener beneficios.<\/span><\/p>\n<p><span style=\"font-weight: 400;\">Ser un profesional por cuenta propia en Espa\u00f1a puede ser un aut\u00e9ntico desaf\u00edo. Pero siguiendo esta gu\u00eda completa, te aseguro que lo puedes conseguir.<\/span><\/p>\n<p>&nbsp;<\/p>\n<h2><b>Qu\u00e9 gastos tiene un trabajador aut\u00f3nomo en Espa\u00f1a<\/b><\/h2>\n<p><span style=\"font-weight: 400;\">Para emprender en Espa\u00f1a, es muy importante <\/span><span style=\"font-weight: 400;\">tener<\/span><span style=\"font-weight: 400;\"> en cuenta <\/span><span style=\"font-weight: 400;\">el<\/span><span style=\"font-weight: 400;\"> tipo de gastos vas a afrontar al iniciar tu negocio:<\/span><\/p>\n<ul>\n<li style=\"font-weight: 400;\" aria-level=\"1\"><span style=\"font-weight: 400;\">Alquiler de la oficina.<\/span><\/li>\n<li style=\"font-weight: 400;\" aria-level=\"1\"><span style=\"font-weight: 400;\">Material <\/span><span style=\"font-weight: 400;\">consumible y mobiliario<\/span><span style=\"font-weight: 400;\">.<\/span> <span style=\"font-weight: 400;\">\u00a0<\/span><\/li>\n<li style=\"font-weight: 400;\" aria-level=\"1\"><span style=\"font-weight: 400;\">Suministros (luz, gas, internet).\u00a0<\/span><\/li>\n<li style=\"font-weight: 400;\" aria-level=\"1\"><span style=\"font-weight: 400;\">Programas online, p\u00e1gina web y publicidad, <\/span><span style=\"font-weight: 400;\">etc.<\/span><\/li>\n<li style=\"font-weight: 400;\" aria-level=\"1\"><span style=\"font-weight: 400;\">Y por supuesto, la cuota de aut\u00f3nomos.<\/span><\/li>\n<\/ul>\n<p><span style=\"font-weight: 400;\">Estos son algunos ejemplos <\/span><span style=\"font-weight: 400;\">hipot\u00e9ticos<\/span><span style=\"font-weight: 400;\"> de gastos corrientes <\/span><span style=\"font-weight: 400;\">de un<\/span><span style=\"font-weight: 400;\"> negocio:<\/span><\/p>\n<p><span style=\"font-weight: 400;\">\u00a0<\/span><\/p>\n<table style=\"width: 95.5016%;\">\n<tbody>\n<tr>\n<td style=\"width: 44.9275%;\"><b>Tipo de gasto<\/b><\/td>\n<td style=\"width: 223.188%;\"><b>Coste aproximado<\/b><\/td>\n<\/tr>\n<tr>\n<td style=\"width: 44.9275%;\"><span style=\"font-weight: 400;\">Alquiler de oficina<\/span><\/td>\n<td style=\"width: 223.188%;\"><span style=\"font-weight: 400;\">500<\/span><span style=\"font-weight: 400;\">\u20ac<\/span><span style=\"font-weight: 400;\">-1000\u20ac\/mes<\/span><\/td>\n<\/tr>\n<tr>\n<td style=\"width: 44.9275%;\"><span style=\"font-weight: 400;\">Suministros (luz, gas, agua)<\/span><\/td>\n<td style=\"width: 223.188%;\"><span style=\"font-weight: 400;\">100<\/span><span style=\"font-weight: 400;\">\u20ac<\/span><span style=\"font-weight: 400;\">-200\u20ac\/mes<\/span><\/td>\n<\/tr>\n<tr>\n<td style=\"width: 44.9275%;\"><span style=\"font-weight: 400;\">Internet<\/span><\/td>\n<td style=\"width: 223.188%;\"><span style=\"font-weight: 400;\">50<\/span><span style=\"font-weight: 400;\">\u20ac<\/span><span style=\"font-weight: 400;\">-100\u20ac\/mes<\/span><\/td>\n<\/tr>\n<tr>\n<td style=\"width: 44.9275%;\"><span style=\"font-weight: 400;\">Material de oficina<\/span><\/td>\n<td style=\"width: 223.188%;\"><span style=\"font-weight: 400;\">100<\/span><span style=\"font-weight: 400;\">\u20ac<\/span><span style=\"font-weight: 400;\">-200\u20ac<\/span><\/td>\n<\/tr>\n<tr>\n<td style=\"width: 44.9275%;\"><span style=\"font-weight: 400;\">Programas online<\/span><\/td>\n<td style=\"width: 223.188%;\"><span style=\"font-weight: 400;\">50\u20ac-100\u20ac\/mes<\/span><\/td>\n<\/tr>\n<tr>\n<td style=\"width: 44.9275%;\"><span style=\"font-weight: 400;\">P\u00e1gina web<\/span><\/td>\n<td style=\"width: 223.188%;\"><span style=\"font-weight: 400;\">500<\/span><span style=\"font-weight: 400;\">\u20ac<\/span><span style=\"font-weight: 400;\">-1000\u20ac<\/span><\/td>\n<\/tr>\n<tr>\n<td style=\"width: 44.9275%;\"><span style=\"font-weight: 400;\">Publicidad online<\/span><\/td>\n<td style=\"width: 223.188%;\"><span style=\"font-weight: 400;\">500<\/span><span style=\"font-weight: 400;\">\u20ac<\/span><span style=\"font-weight: 400;\">-1000\u20ac\/mes<\/span><\/td>\n<\/tr>\n<tr>\n<td style=\"width: 44.9275%;\"><span style=\"font-weight: 400;\">Seguridad social (aut\u00f3nomos)<\/span><\/td>\n<td style=\"width: 223.188%;\"><span style=\"font-weight: 400;\">Desde 80\u20ac\/mes <\/span><span style=\"font-weight: 400;\">(para altas<\/span> <span style=\"font-weight: 400;\">nuevas)<\/span><\/td>\n<\/tr>\n<\/tbody>\n<\/table>\n<p><span style=\"font-weight: 400;\">\u00a0<\/span><\/p>\n<p><span style=\"font-weight: 400;\">Tu gestor\u00eda o asesor\u00eda te ayudar\u00e1 a mejorar la gesti\u00f3n de tus finanzas y a tener un control m\u00e1s detallado de los <\/span><span style=\"font-weight: 400;\">gastos<\/span><span style=\"font-weight: 400;\">.\u00a0<\/span><\/p>\n<p>&nbsp;<\/p>\n<h3><b>Qu\u00e9 gastos puede deducir un aut\u00f3nomo<\/b><\/h3>\n<p><span style=\"font-weight: 400;\">Uno de los aspectos importantes para ser aut\u00f3nomo es conocer los gastos que puedes desgravarte dentro de tu actividad empresarial.<\/span><\/p>\n<p><span style=\"font-weight: 400;\">La norma es clara, te puedes deducir los gastos que:<\/span><\/p>\n<ul>\n<li style=\"font-weight: 400;\" aria-level=\"1\"><span style=\"font-weight: 400;\">Est\u00e9n vinculados directamente con la actividad.<\/span><\/li>\n<li style=\"font-weight: 400;\" aria-level=\"1\"><span style=\"font-weight: 400;\">Tengan justificaci\u00f3n documentada con una factura v\u00e1lida.<\/span><\/li>\n<li style=\"font-weight: 400;\" aria-level=\"1\"><span style=\"font-weight: 400;\">Est\u00e9n registrados en tus libros contables.<\/span><span style=\"font-weight: 400;\">\u00a0<\/span><\/li>\n<\/ul>\n<p><span style=\"font-weight: 400;\">Si no cumplen esto, no son deducibles.<\/span><\/p>\n<p><span style=\"font-weight: 400;\">Tienes m\u00e1s informaci\u00f3n en el blog de TS Facturas Billin en <\/span><a href=\"https:\/\/www.billin.net\/blog\/nuevas-deducciones-fiscales-autonomos\/\"><span style=\"font-weight: 400;\">nuevas deducciones fiscales para aut\u00f3nomos.<\/span><\/a><\/p>\n<p><span style=\"font-weight: 400;\">A modo resumen,<\/span> <span style=\"font-weight: 400;\">esta<\/span><span style=\"font-weight: 400;\"> tabla <\/span><span style=\"font-weight: 400;\">contiene de forma muy simplificada<\/span><span style=\"font-weight: 400;\"> algunos de los gastos <\/span><span style=\"font-weight: 400;\">deducibles<\/span><span style=\"font-weight: 400;\"> m\u00e1s comunes:\u00a0<\/span><\/p>\n<p><span style=\"font-weight: 400;\">\u00a0<\/span><\/p>\n<table style=\"width: 95.2778%;\">\n<tbody>\n<tr>\n<td style=\"width: 49.4129%;\"><b>Gasto<\/b><\/td>\n<td style=\"width: 78.865%;\"><b>Porcentaje o cantidad desgravable<\/b><\/td>\n<\/tr>\n<tr>\n<td style=\"width: 49.4129%;\"><span style=\"font-weight: 400;\">Gastos de suministros (agua, luz, gas, internet, tel\u00e9fono, etc.)<\/span><\/td>\n<td style=\"width: 78.865%;\"><span style=\"font-weight: 400;\">Hasta el 30% del espacio de trabajo destinado a la actividad.<\/span><\/td>\n<\/tr>\n<tr>\n<td style=\"width: 49.4129%;\"><span style=\"font-weight: 400;\">Gastos de alquiler del local<\/span><\/td>\n<td style=\"width: 78.865%;\"><span style=\"font-weight: 400;\">100% del importe si es un local destinado exclusivamente a la actividad.<\/span><\/td>\n<\/tr>\n<tr>\n<td style=\"width: 49.4129%;\"><span style=\"font-weight: 400;\">Gastos de compra de material o mercanc\u00eda<\/span><\/td>\n<td style=\"width: 78.865%;\"><span style=\"font-weight: 400;\">100% del importe.<\/span><\/td>\n<\/tr>\n<tr>\n<td style=\"width: 49.4129%;\"><span style=\"font-weight: 400;\">Gastos de servicios profesionales (asesor\u00eda, abogados, consultores, etc.)<\/span><\/td>\n<td style=\"width: 78.865%;\"><span style=\"font-weight: 400;\">100% del importe.<\/span><\/td>\n<\/tr>\n<tr>\n<td style=\"width: 49.4129%;\"><span style=\"font-weight: 400;\">Gastos de transporte y desplazamiento<\/span><\/td>\n<td style=\"width: 78.865%;\"><span style=\"font-weight: 400;\">Hasta el 50% del importe y 100% si es de uso exclusivo.<\/span><\/td>\n<\/tr>\n<tr>\n<td style=\"width: 49.4129%;\"><span style=\"font-weight: 400;\">Gastos de manutenci\u00f3n y alojamiento (durante viajes de trabajo)<\/span><\/td>\n<td style=\"width: 78.865%;\"><span style=\"font-weight: 400;\">Hasta el 50% del importe.<\/span><\/td>\n<\/tr>\n<tr>\n<td style=\"width: 49.4129%;\"><span style=\"font-weight: 400;\">Gastos de formaci\u00f3n y actualizaci\u00f3n profesional<\/span><\/td>\n<td style=\"width: 78.865%;\"><span style=\"font-weight: 400;\">100% del importe.<\/span><\/td>\n<\/tr>\n<\/tbody>\n<\/table>\n<p><span style=\"font-weight: 400;\">Para ayudarte como nuevo aut\u00f3nomo en este proceso, tienes herramientas como la <\/span><a href=\"https:\/\/www.billin.net\/calculadora-gastos-deducibles\/\"><span style=\"font-weight: 400;\">calculadora de gastos desgravables de TS Facturas Billin<\/span><\/a><span style=\"font-weight: 400;\">, que te ayuda a estimar la cantidad a deducir en impuestos durante un a\u00f1o.<\/span><\/p>\n<p>&nbsp;<\/p>\n<h2><b>Recursos y gu\u00edas para nuevos aut\u00f3nomos en Espa\u00f1a<\/b><\/h2>\n<p><span style=\"font-weight: 400;\">Si est\u00e1s buscando respuestas a otras dudas o preguntas sobre c\u00f3mo ser aut\u00f3nomo hoy en Espa\u00f1a, puedes <\/span><a href=\"https:\/\/www.facebook.com\/groups\/asesoriacontablefiscal\/\"><span style=\"font-weight: 400;\">unirte al grupo de Facebook gratuito de TS Facturas Billin<\/span><\/a><span style=\"font-weight: 400;\">.\u00a0<\/span><\/p>\n<p><span style=\"font-weight: 400;\">All\u00ed podr\u00e1s:<\/span><\/p>\n<ul>\n<li style=\"font-weight: 400;\" aria-level=\"1\"><span style=\"font-weight: 400;\">Interactuar con otros emprendedores.<\/span><span style=\"font-weight: 400;\">\u00a0<\/span><\/li>\n<li style=\"font-weight: 400;\" aria-level=\"1\"><span style=\"font-weight: 400;\">Recibir consejos y recomendaciones para llevar tu negocio al \u00e9xito.<\/span><\/li>\n<li style=\"font-weight: 400;\" aria-level=\"1\"><span style=\"font-weight: 400;\">Abordar otros temas relevantes para freelances y otros aut\u00f3nomos, <\/span><span style=\"font-weight: 400;\">como colaboraciones, informaci\u00f3n del sector o de otras oportunidades que pueden ser complementarias, ayudas, etc.<\/span><\/li>\n<\/ul>\n<p><span style=\"font-weight: 400;\">Adem\u00e1s, es importante tener en cuenta que no todos los aut\u00f3nomos se consideran emprendedores.\u00a0<\/span><\/p>\n<p><span style=\"font-weight: 400;\">Existen distintas formas de trabajar como aut\u00f3nomo, como puede ser crear un negocio o trabajar como freelancer sin necesidad de emprender.<\/span><\/p>\n<p>&nbsp;<\/p>\n<h2><b>Facturaci\u00f3n electr\u00f3nica para aut\u00f3nomos<\/b><b>: requisitos y plazos<\/b><\/h2>\n<p><span style=\"font-weight: 400;\">De acuerdo con<\/span> <span style=\"font-weight: 400;\">la <\/span><a href=\"https:\/\/www.boe.es\/buscar\/act.php?id=BOE-A-2022-15818\"><span style=\"font-weight: 400;\">Ley 18\/2022<\/span><\/a><span style=\"font-weight: 400;\"> Crea y Crece, la factura electr\u00f3nica <\/span><span style=\"font-weight: 400;\">ser\u00e1 obligatoria tambi\u00e9n<\/span><span style=\"font-weight: 400;\"> para los aut\u00f3nomos.\u00a0<\/span><\/p>\n<p><span style=\"font-weight: 400;\">El desarrollo reglamentario ha sufrido varios retrasos <\/span><span style=\"font-weight: 400;\">y sigue pendiente. Pero lo que s\u00ed est\u00e1 claro es que el esquema previsto por la ley son los plazos desde su aprobaci\u00f3n y publicaci\u00f3n en el BOE:<\/span><\/p>\n<ul>\n<li style=\"font-weight: 400;\" aria-level=\"1\"><span style=\"font-weight: 400;\">Un a\u00f1o a partir de la implantaci\u00f3n de la <a href='https:\/\/www.billin.net\/factura-electronica-obligatoria\/' rel='follow' title='Factura electr\u00f3nica obligatoria - Billin' target='_self' onclick='seourl_count_click(this)'>factura electr\u00f3nica obligatoria<\/a> para empresarios y profesionales con una facturaci\u00f3n superior a 8 millones de euros anuales.<\/span><\/li>\n<li style=\"font-weight: 400;\" aria-level=\"1\"><span style=\"font-weight: 400;\">Y, dos a\u00f1os desde la implantaci\u00f3n para el resto de empresas <\/span><span style=\"font-weight: 400;\">y aut\u00f3nomos.<\/span><\/li>\n<\/ul>\n<p><span style=\"font-weight: 400;\">Para cumplir con esta ley, las empresas y los aut\u00f3nomos deber\u00e1n enviar las facturas en formato electr\u00f3nico y permitir acceder a ellas durante un periodo de cuatro a\u00f1os.<\/span><\/p>\n<p><span style=\"font-weight: 400;\">El incumplimiento de esta norma se sancionar\u00e1 con infracciones administrativas, que pueden ir hasta los 10.000\u20ac.<\/span><\/p>\n<p><span style=\"font-weight: 400;\">Lo que s\u00ed que ya tiene fecha de implantaci\u00f3n es el uso del sistema <\/span><a href=\"https:\/\/www.billin.net\/blog\/verifactu\/\"><span style=\"font-weight: 400;\"><a href='https:\/\/www.billin.net\/programa-verifactu\/' rel='follow' title='Programa Verifactu - Billin' target='_self' onclick='seourl_count_click(this)'>Verifactu<\/a><\/span><\/a><span style=\"font-weight: 400;\"> para la facturaci\u00f3n:<\/span><\/p>\n<ul>\n<li style=\"font-weight: 400;\" aria-level=\"1\"><span style=\"font-weight: 400;\">1 de enero de 2026 para los contribuyentes del Impuesto de Sociedades.<\/span><\/li>\n<li style=\"font-weight: 400;\" aria-level=\"1\"><span style=\"font-weight: 400;\">1 de julio 2026 para el resto.<\/span><\/li>\n<\/ul>\n<p><span style=\"font-weight: 400;\">Con Verifactu, la adaptaci\u00f3n a la factura electr\u00f3nica <\/span><span style=\"font-weight: 400;\">ser\u00e1 mucho m\u00e1s r\u00e1pida y sencilla<\/span><span style=\"font-weight: 400;\">.<\/span><\/p>\n<p><span style=\"font-weight: 400;\">Como has podido ver,<\/span><span style=\"font-weight: 400;\"> emprender una actividad como aut\u00f3nomo no es un proceso complicado, aunque todav\u00eda existen algunos mitos sobre c\u00f3mo darse de alta como aut\u00f3nomo.\u00a0<\/span><\/p>\n<p><span style=\"font-weight: 400;\">Con esta gu\u00eda hemos resuelto tus principales dudas frecuentes y hemos ofrecido los recursos necesarios para darte de alta como aut\u00f3nomo con \u00e9xito y en poco tiempo.<\/span><\/p>\n<p>&nbsp;<\/p>\n<h2>Preguntas frecuentes sobre c\u00f3mo montar un negocio en Espa\u00f1a<\/h2>\n<h3><strong>\u00bfEs posible ser aut\u00f3nomo y asalariado a la vez?<\/strong><\/h3>\n<p>En Espa\u00f1a es posible ser aut\u00f3nomo y asalariado a la vez, por tanto, si te surge una oportunidad para ser asalariado puedes optar por ambas posibilidades.<br \/>\nDe hecho, la Seguridad Social denomina esta situaci\u00f3n como pluriactividad, siempre que se cumplan ciertas condiciones.<\/p>\n<h3><strong>\u00bfCu\u00e1nto es la cuota de aut\u00f3nomos que se paga mensualmente?<\/strong><\/h3>\n<p><span style=\"font-weight: 400;\">Desde el a\u00f1o 2023, la cuota de aut\u00f3nomos se calcula en funci\u00f3n del rendimiento neto que obtengas mes a mes, pudiendo tener una cuota m\u00ednima que va desde los 230<\/span><span style=\"font-weight: 400;\">\u20ac<\/span><span style=\"font-weight: 400;\"> hasta una m\u00e1xima de 1.267<\/span><span style=\"font-weight: 400;\">\u20ac<\/span><span style=\"font-weight: 400;\">.<\/span><\/p>\n<p><span style=\"font-weight: 400;\"><br \/>\n<\/span><span style=\"font-weight: 400;\">Ahora bien, si es la primera vez que inicias una actividad por cuenta propia o han pasado m\u00e1s de dos a\u00f1os desde la \u00faltima vez (o tres si te beneficiaste anteriormente de la bonificaci\u00f3n) puedes acceder a la tarifa plana de 80<\/span><span style=\"font-weight: 400;\">\u20ac <\/span><span style=\"font-weight: 400;\">mensuales durante los 12 primeros meses.<\/span><\/p>\n<h3><strong>\u00bfQu\u00e9 modelos tributarios tiene que presentar un aut\u00f3nomo?<\/strong><\/h3>\n<p>Las obligaciones fiscales de los aut\u00f3nomos depender\u00e1n del tipo de actividad que desarrollen y si tienen o no trabajadores.<br \/>\nAunque como norma general, tienen que presentar la declaraci\u00f3n de IVA trimestral y la Declaraci\u00f3n de Renta anual.<\/p>\n<h3><strong>\u00bfQu\u00e9 gastos puede deducir un aut\u00f3nomo?<\/strong><\/h3>\n<p>Los trabajadores por cuenta propia pueden deducir todos los gastos inherentes a su actividad, como son maquinaria, herramientas, programas inform\u00e1ticos, hospedaje, etc.<br \/>\nEs decir, pueden deducir todos los gastos y compras que tengan que ver con su trabajo.<\/p>\n<h3><strong>\u00bfLos aut\u00f3nomos tienen derecho a baja m\u00e9dica?<\/strong><\/h3>\n<p>Todos los trabajadores por cuenta propia tienen derecho a la baja si est\u00e1n enfermos o si tienen un accidente laboral, ahora bien, la cantidad de prestaci\u00f3n depender\u00e1 de la base de cotizaci\u00f3n y del tipo de baja que tenga el aut\u00f3nomo.<br \/>\nPor ejemplo, un aut\u00f3nomo que est\u00e9 de baja por enfermedad no cobrar\u00e1 lo mismo que si est\u00e1 de baja por paternidad.<\/p>\n<h3><strong>\u00bfTienen derecho a paro los aut\u00f3nomos?<\/strong><\/h3>\n<p>Los aut\u00f3nomos tienen derecho a paro o cese de actividad, aunque para acceder a esta prestaci\u00f3n deben cumplir una serie de requisitos, como, por ejemplo, llevar un m\u00ednimo de 12 meses cotizando en el RETA.<\/p>\n<h3><b>\u00bfCu\u00e1nto tarda el proceso de alta como aut\u00f3nomo?<\/b><\/h3>\n<p><span style=\"font-weight: 400;\">Si lo haces <\/span><b>t\u00fa mismo online<\/b><span style=\"font-weight: 400;\">, el <\/span><b>alta en Hacienda<\/b><span style=\"font-weight: 400;\"> (modelo 036) se presenta <\/span><b>en el momento<\/b><span style=\"font-weight: 400;\"> y puedes conseguir tu justificante en la sede electr\u00f3nica de la AEAT.<\/span><\/p>\n<p><span style=\"font-weight: 400;\">El <\/span><b>alta en Seguridad Social<\/b><span style=\"font-weight: 400;\"> se tramita <\/span><b>en pocos minutos en Import@ss<\/b><span style=\"font-weight: 400;\"> y tiene efecto desde la fecha de inicio que indiques.<\/span><\/p>\n<p><span style=\"font-weight: 400;\">Cuando realizas los tr\u00e1mites por el PAE, el tiempo en realizarse va desde 1 a 10 d\u00edas, dependiendo del caso.<\/span><\/p>\n<p>&nbsp;<\/p>\n<h3><b>\u00bfQu\u00e9 certificado necesito para demostrar que estoy dado de alta?<\/b><\/h3>\n<p><span style=\"font-weight: 400;\">Lo habitual es que te pidan dos documentos:<\/span><\/p>\n<ul>\n<li style=\"font-weight: 400;\" aria-level=\"1\"><span style=\"font-weight: 400;\">El certificado de alta censal en Hacienda o el justificante de presentaci\u00f3n del modelo 036. Lo consigues en la sede electr\u00f3nica de la AEAT.<\/span><\/li>\n<li style=\"font-weight: 400;\" aria-level=\"1\"><span style=\"font-weight: 400;\">La resoluci\u00f3n de alta en la Seguridad Social. Aunque tambi\u00e9n puede servirte tu informe de vida laboral o de actividades. Lo puedes obtener en Import@ss.<\/span><\/li>\n<\/ul>\n<p><span style=\"font-weight: 400;\">Empieza hoy mismo y convi\u00e9rtete en tu propio jefe<\/span><\/p>\n","protected":false},"excerpt":{"rendered":"<p>\u00a1Hola, emprendedor\/a! Si est\u00e1s pensando en montar un negocio en Espa\u00f1a y quieres saber c\u00f3mo ser aut\u00f3nomo, en TeamSystem Facturas Billin queremos ayudarte.\u00a0 Con esta completa gu\u00eda, por fin podr\u00e1s conocer todo aquello que debes tener en cuenta a la hora de empezar como aut\u00f3nomo o freelance, como:\u00a0 Requisitos. Tr\u00e1mites. Costes. \u00a1Vamos all\u00e1! Resumen de [&hellip;]<\/p>\n","protected":false},"author":20,"featured_media":20315,"comment_status":"open","ping_status":"open","sticky":false,"template":"","format":"standard","meta":{"_acf_changed":false,"_et_pb_use_builder":"","_et_pb_old_content":"","_et_gb_content_width":"","om_disable_all_campaigns":false,"inline_featured_image":false,"footnotes":""},"categories":[1023],"tags":[1380],"class_list":{"0":"post-20313","1":"post","2":"type-post","3":"status-publish","4":"format-standard","5":"has-post-thumbnail","7":"category-negocios","8":"tag-autonomos"},"acf":{"selector_de_usuario":"","fecha_de_revision":"20251210"},"yoast_head":"<!-- This site is optimized with the Yoast SEO plugin v27.1 - https:\/\/yoast.com\/product\/yoast-seo-wordpress\/ -->\n<title>C\u00f3mo hacerse aut\u00f3nomo en Espa\u00f1a por pasos | TS Facturas Billin<\/title>\n<meta name=\"description\" content=\"Descubre c\u00f3mo hacerse aut\u00f3nomo en Espa\u00f1a por primera vez. Te explicamos los pasos para darte de alta, requisitos y obligaciones fiscales.\" \/>\n<meta name=\"robots\" content=\"index, follow, max-snippet:-1, max-image-preview:large, max-video-preview:-1\" \/>\n<link rel=\"canonical\" href=\"https:\/\/www.billin.net\/blog\/como-ser-autonomo-espana\/\" \/>\n<meta property=\"og:locale\" content=\"es_ES\" \/>\n<meta property=\"og:type\" content=\"article\" \/>\n<meta property=\"og:title\" content=\"C\u00f3mo hacerse aut\u00f3nomo en Espa\u00f1a por pasos | TS Facturas Billin\" \/>\n<meta property=\"og:description\" content=\"Descubre c\u00f3mo hacerse aut\u00f3nomo en Espa\u00f1a por primera vez. Te explicamos los pasos para darte de alta, requisitos y obligaciones fiscales.\" \/>\n<meta property=\"og:url\" content=\"https:\/\/www.billin.net\/blog\/como-ser-autonomo-espana\/\" \/>\n<meta property=\"og:site_name\" content=\"Blog de TeamSystem Facturas Billin\" \/>\n<meta property=\"article:publisher\" content=\"https:\/\/www.facebook.com\/EsBillin\" \/>\n<meta property=\"article:published_time\" content=\"2024-01-25T22:00:00+00:00\" \/>\n<meta property=\"article:modified_time\" content=\"2026-01-20T08:27:41+00:00\" \/>\n<meta property=\"og:image\" content=\"https:\/\/www.billin.net\/blog\/wp-content\/uploads\/2023\/02\/journey-del-autonomo.jpg\" \/>\n\t<meta property=\"og:image:width\" content=\"1280\" \/>\n\t<meta property=\"og:image:height\" content=\"853\" \/>\n\t<meta property=\"og:image:type\" content=\"image\/jpeg\" \/>\n<meta name=\"author\" content=\"Marcos De La Cueva - CEO TeamSystem Facturas Billin\" \/>\n<meta name=\"twitter:card\" content=\"summary_large_image\" \/>\n<meta name=\"twitter:creator\" content=\"@Billin_ES\" \/>\n<meta name=\"twitter:site\" content=\"@Billin_ES\" \/>\n<meta name=\"twitter:label1\" content=\"Escrito por\" \/>\n\t<meta name=\"twitter:data1\" content=\"Marcos De La Cueva - CEO TeamSystem Facturas Billin\" \/>\n\t<meta name=\"twitter:label2\" content=\"Tiempo de lectura\" \/>\n\t<meta name=\"twitter:data2\" content=\"28 minutos\" \/>\n<script type=\"application\/ld+json\" class=\"yoast-schema-graph\">{\"@context\":\"https:\/\/schema.org\",\"@graph\":[{\"@type\":\"Article\",\"@id\":\"https:\/\/www.billin.net\/blog\/como-ser-autonomo-espana\/#article\",\"isPartOf\":{\"@id\":\"https:\/\/www.billin.net\/blog\/como-ser-autonomo-espana\/\"},\"author\":{\"name\":\"Marcos De La Cueva - CEO TeamSystem Facturas Billin\",\"@id\":\"https:\/\/www.billin.net\/blog\/#\/schema\/person\/d0339ee6e869234614541b1e80a793e7\"},\"headline\":\"C\u00f3mo hacerse aut\u00f3nomo en Espa\u00f1a por primera vez: Requisitos, tr\u00e1mites y costes\",\"datePublished\":\"2024-01-25T22:00:00+00:00\",\"dateModified\":\"2026-01-20T08:27:41+00:00\",\"mainEntityOfPage\":{\"@id\":\"https:\/\/www.billin.net\/blog\/como-ser-autonomo-espana\/\"},\"wordCount\":6085,\"commentCount\":0,\"publisher\":{\"@id\":\"https:\/\/www.billin.net\/blog\/#organization\"},\"image\":{\"@id\":\"https:\/\/www.billin.net\/blog\/como-ser-autonomo-espana\/#primaryimage\"},\"thumbnailUrl\":\"https:\/\/www.billin.net\/blog\/wp-content\/uploads\/2023\/02\/journey-del-autonomo.jpg\",\"keywords\":[\"Aut\u00f3nomos\"],\"articleSection\":[\"Negocios\"],\"inLanguage\":\"es\",\"potentialAction\":[{\"@type\":\"CommentAction\",\"name\":\"Comment\",\"target\":[\"https:\/\/www.billin.net\/blog\/como-ser-autonomo-espana\/#respond\"]}]},{\"@type\":\"WebPage\",\"@id\":\"https:\/\/www.billin.net\/blog\/como-ser-autonomo-espana\/\",\"url\":\"https:\/\/www.billin.net\/blog\/como-ser-autonomo-espana\/\",\"name\":\"C\u00f3mo hacerse aut\u00f3nomo en Espa\u00f1a por pasos | TS Facturas Billin\",\"isPartOf\":{\"@id\":\"https:\/\/www.billin.net\/blog\/#website\"},\"primaryImageOfPage\":{\"@id\":\"https:\/\/www.billin.net\/blog\/como-ser-autonomo-espana\/#primaryimage\"},\"image\":{\"@id\":\"https:\/\/www.billin.net\/blog\/como-ser-autonomo-espana\/#primaryimage\"},\"thumbnailUrl\":\"https:\/\/www.billin.net\/blog\/wp-content\/uploads\/2023\/02\/journey-del-autonomo.jpg\",\"datePublished\":\"2024-01-25T22:00:00+00:00\",\"dateModified\":\"2026-01-20T08:27:41+00:00\",\"description\":\"Descubre c\u00f3mo hacerse aut\u00f3nomo en Espa\u00f1a por primera vez. Te explicamos los pasos para darte de alta, requisitos y obligaciones fiscales.\",\"breadcrumb\":{\"@id\":\"https:\/\/www.billin.net\/blog\/como-ser-autonomo-espana\/#breadcrumb\"},\"inLanguage\":\"es\",\"potentialAction\":[{\"@type\":\"ReadAction\",\"target\":[\"https:\/\/www.billin.net\/blog\/como-ser-autonomo-espana\/\"]}]},{\"@type\":\"ImageObject\",\"inLanguage\":\"es\",\"@id\":\"https:\/\/www.billin.net\/blog\/como-ser-autonomo-espana\/#primaryimage\",\"url\":\"https:\/\/www.billin.net\/blog\/wp-content\/uploads\/2023\/02\/journey-del-autonomo.jpg\",\"contentUrl\":\"https:\/\/www.billin.net\/blog\/wp-content\/uploads\/2023\/02\/journey-del-autonomo.jpg\",\"width\":1280,\"height\":853,\"caption\":\"alta autonomo\"},{\"@type\":\"BreadcrumbList\",\"@id\":\"https:\/\/www.billin.net\/blog\/como-ser-autonomo-espana\/#breadcrumb\",\"itemListElement\":[{\"@type\":\"ListItem\",\"position\":1,\"name\":\"Blog\",\"item\":\"https:\/\/www.billin.net\/blog\/\"},{\"@type\":\"ListItem\",\"position\":2,\"name\":\"Negocios\",\"item\":\"https:\/\/www.billin.net\/blog\/negocios\/\"},{\"@type\":\"ListItem\",\"position\":3,\"name\":\"C\u00f3mo hacerse aut\u00f3nomo en Espa\u00f1a por primera vez: Requisitos, tr\u00e1mites y costes\"}]},{\"@type\":\"WebSite\",\"@id\":\"https:\/\/www.billin.net\/blog\/#website\",\"url\":\"https:\/\/www.billin.net\/blog\/\",\"name\":\"Blog de Billin\",\"description\":\"Mantente informado con el blog de TeamSystem Facturas Billin:  facturaci\u00f3n, legislaci\u00f3n, contabilidad, management y toda la informaci\u00f3n \u00fatil para pymes y aut\u00f3nomos.\",\"publisher\":{\"@id\":\"https:\/\/www.billin.net\/blog\/#organization\"},\"potentialAction\":[{\"@type\":\"SearchAction\",\"target\":{\"@type\":\"EntryPoint\",\"urlTemplate\":\"https:\/\/www.billin.net\/blog\/?s={search_term_string}\"},\"query-input\":{\"@type\":\"PropertyValueSpecification\",\"valueRequired\":true,\"valueName\":\"search_term_string\"}}],\"inLanguage\":\"es\"},{\"@type\":\"Organization\",\"@id\":\"https:\/\/www.billin.net\/blog\/#organization\",\"name\":\"Billin\",\"alternateName\":\"Blog de Billin\",\"url\":\"https:\/\/www.billin.net\/blog\/\",\"logo\":{\"@type\":\"ImageObject\",\"inLanguage\":\"es\",\"@id\":\"https:\/\/www.billin.net\/blog\/#\/schema\/logo\/image\/\",\"url\":\"https:\/\/www.billin.net\/blog\/wp-content\/uploads\/2019\/06\/logotipo-billin-blog-1.png\",\"contentUrl\":\"https:\/\/www.billin.net\/blog\/wp-content\/uploads\/2019\/06\/logotipo-billin-blog-1.png\",\"width\":126,\"height\":50,\"caption\":\"Billin\"},\"image\":{\"@id\":\"https:\/\/www.billin.net\/blog\/#\/schema\/logo\/image\/\"},\"sameAs\":[\"https:\/\/www.facebook.com\/EsBillin\",\"https:\/\/x.com\/Billin_ES\",\"https:\/\/www.instagram.com\/billin_es\/\",\"https:\/\/www.linkedin.com\/company\/billin-spain\",\"https:\/\/www.youtube.com\/c\/BillinEsintercambiodefacturas\/\"],\"legalName\":\"MY EXPENSES SL\",\"contactPoint\":{\"@type\":\"ContactPoint\",\"telephone\":\"+34918318883\",\"contactType\":\"customer service\",\"email\":\"info@billin.eu\",\"availableLanguage\":\"es\"},\"foundingDate\":\"2015\",\"numberOfEmployees\":{\"@type\":\"QuantitativeValue\",\"minValue\":10,\"maxValue\":50},\"parentOrganization\":{\"@type\":\"Organization\",\"name\":\"TeamSystem\",\"url\":\"https:\/\/www.teamsystem.com\/\"},\"description\":\"Billin es el programa de facturaci\u00f3n online de TeamSystem para aut\u00f3nomos y pymes en Espa\u00f1a. Permite crear facturas, controlar gastos y cumplir con Verifactu.\",\"address\":{\"@type\":\"PostalAddress\",\"streetAddress\":\"Calle Arturo Soria, 336\",\"addressLocality\":\"Madrid\",\"addressRegion\":\"Madrid\",\"postalCode\":\"28033\",\"addressCountry\":\"ES\"}},{\"@type\":\"Person\",\"@id\":\"https:\/\/www.billin.net\/blog\/#\/schema\/person\/d0339ee6e869234614541b1e80a793e7\",\"name\":\"Marcos De La Cueva - CEO TeamSystem Facturas Billin\",\"image\":{\"@type\":\"ImageObject\",\"inLanguage\":\"es\",\"@id\":\"https:\/\/www.billin.net\/blog\/#\/schema\/person\/image\/\",\"url\":\"https:\/\/www.billin.net\/blog\/wp-content\/uploads\/2023\/10\/marcos-color-150x150.png\",\"contentUrl\":\"https:\/\/www.billin.net\/blog\/wp-content\/uploads\/2023\/10\/marcos-color-150x150.png\",\"caption\":\"Marcos De La Cueva - CEO TeamSystem Facturas Billin\"},\"description\":\"Licenciado en ADE por la Universidad Aut\u00f3noma de Madrid, Marcos De la Cueva es CEO y cofundador de TeamSystem Facturas Billin, un programa online que lleva m\u00e1s de 9 a\u00f1os ayudando a aut\u00f3nomos, peque\u00f1os negocios y gestor\u00edas a digitalizar sus presupuestos, facturas, tickets y gastos. \u00a0 Sobre Marcos De La Cueva \u00a0 Apasionado por el mundo empresarial y la tecnolog\u00eda, curs\u00f3 su M\u00e1ster de Finanzas en la Universidad Pontificia de Comillas y estuvo en el Programa de Cooperaci\u00f3n Educativa de la Universidad Aut\u00f3noma de Madrid. \u00a0 Marcos siempre ha tenido su objetivo claro: ayudar a la creaci\u00f3n de negocios financieramente sostenibles a trav\u00e9s de una herramienta de facturaci\u00f3n que les permita ahorrar tiempo y tener la contabilidad bajo control. \u00a0 Marcos De La Cueva en los medios \u2014 Noticia sobre Kit Digital y Ley Antifraude (VeriFactu) en El Economista. \u2014 Noticia sobre Kit Digital y factura electr\u00f3nica obligatoria en Diario Jur\u00eddico. \u2014 Noticia sobre el a\u00f1o de transici\u00f3n para la factura electr\u00f3nica en Muy Pymes. \u2014 Entrevista sobre factura electr\u00f3nica obligatoria en Canal Sur. \u2014 Noticia sobre el informe factura electr\u00f3nica de TeamSystem en Channel Partner. \u2014 Charla sobre productividad y Ley Crea y Crece en El Economista. \u2014 Charla sobre factura electr\u00f3nica obligatoria en Muy Pymes. \u2014 Charla sobre digitalizaci\u00f3n aut\u00f3nomos y productividad en esdiario. \u2014 Charla sobre productividad y factura electr\u00f3nica en La Raz\u00f3n. \u2014 Charla sobre factura electr\u00f3nica obligatoria en Aut\u00f3nomos y Emprendedores. \u2014 Entrevista sobre Ley Antifraude y Ley Crea y Crece en Expansi\u00f3n. \u2014 Entrevista sobre Ley Antifraude y Ley Crea y Crece en La Raz\u00f3n. \u2014 Entrevista sobre factura electr\u00f3nica obligatoria en El Economista. \u2014 Comunicado Billin y TeamSystem en Business Insider. \u2014 Entrevista en Econom\u00eda Digital. \u2014 Entrevista en Ideas para tu empresa de Vodafone. \u2014 Entrevista en M\u00e1sQradio. \u2014 Entrevista en Armas para emprender de El M\u00e9todo Gallardo. \u2014 Entrevista en KFund. \u2014 Entrevista en AXA Seguros Espa\u00f1a. \u2014 Entrevista en GestionaRadio. \u00a0 Marcos De La Cueva en eventos \u00a0 \u2014 Participaci\u00f3n como ponente en Accountex Espa\u00f1a 2023. \u00a0 Tem\u00e1ticas de especializaci\u00f3n \u00a0 negocios | startups | contabilidad| fiscalidad | empresas| asesor\u00edas| autonomos | emprendedores | peque\u00f1os negocios | econom\u00eda | ADE | pymes | desarrollo de negocio\u00a0\",\"sameAs\":[\"https:\/\/www.billin.net\/\",\"https:\/\/www.linkedin.com\/in\/marcos-de-la-cueva-19750ba3\/\"],\"url\":\"https:\/\/www.billin.net\/blog\/author\/marcosdelacueva\/\",\"jobTitle\":\"CEO y cofundador de TS Facturas Billin\"}]}<\/script>\n<!-- \/ Yoast SEO plugin. -->","yoast_head_json":{"title":"C\u00f3mo hacerse aut\u00f3nomo en Espa\u00f1a por pasos | TS Facturas Billin","description":"Descubre c\u00f3mo hacerse aut\u00f3nomo en Espa\u00f1a por primera vez. Te explicamos los pasos para darte de alta, requisitos y obligaciones fiscales.","robots":{"index":"index","follow":"follow","max-snippet":"max-snippet:-1","max-image-preview":"max-image-preview:large","max-video-preview":"max-video-preview:-1"},"canonical":"https:\/\/www.billin.net\/blog\/como-ser-autonomo-espana\/","og_locale":"es_ES","og_type":"article","og_title":"C\u00f3mo hacerse aut\u00f3nomo en Espa\u00f1a por pasos | TS Facturas Billin","og_description":"Descubre c\u00f3mo hacerse aut\u00f3nomo en Espa\u00f1a por primera vez. Te explicamos los pasos para darte de alta, requisitos y obligaciones fiscales.","og_url":"https:\/\/www.billin.net\/blog\/como-ser-autonomo-espana\/","og_site_name":"Blog de TeamSystem Facturas Billin","article_publisher":"https:\/\/www.facebook.com\/EsBillin","article_published_time":"2024-01-25T22:00:00+00:00","article_modified_time":"2026-01-20T08:27:41+00:00","og_image":[{"width":1280,"height":853,"url":"https:\/\/www.billin.net\/blog\/wp-content\/uploads\/2023\/02\/journey-del-autonomo.jpg","type":"image\/jpeg"}],"author":"Marcos De La Cueva - CEO TeamSystem Facturas Billin","twitter_card":"summary_large_image","twitter_creator":"@Billin_ES","twitter_site":"@Billin_ES","twitter_misc":{"Escrito por":"Marcos De La Cueva - CEO TeamSystem Facturas Billin","Tiempo de lectura":"28 minutos"},"schema":{"@context":"https:\/\/schema.org","@graph":[{"@type":"Article","@id":"https:\/\/www.billin.net\/blog\/como-ser-autonomo-espana\/#article","isPartOf":{"@id":"https:\/\/www.billin.net\/blog\/como-ser-autonomo-espana\/"},"author":{"name":"Marcos De La Cueva - CEO TeamSystem Facturas Billin","@id":"https:\/\/www.billin.net\/blog\/#\/schema\/person\/d0339ee6e869234614541b1e80a793e7"},"headline":"C\u00f3mo hacerse aut\u00f3nomo en Espa\u00f1a por primera vez: Requisitos, tr\u00e1mites y costes","datePublished":"2024-01-25T22:00:00+00:00","dateModified":"2026-01-20T08:27:41+00:00","mainEntityOfPage":{"@id":"https:\/\/www.billin.net\/blog\/como-ser-autonomo-espana\/"},"wordCount":6085,"commentCount":0,"publisher":{"@id":"https:\/\/www.billin.net\/blog\/#organization"},"image":{"@id":"https:\/\/www.billin.net\/blog\/como-ser-autonomo-espana\/#primaryimage"},"thumbnailUrl":"https:\/\/www.billin.net\/blog\/wp-content\/uploads\/2023\/02\/journey-del-autonomo.jpg","keywords":["Aut\u00f3nomos"],"articleSection":["Negocios"],"inLanguage":"es","potentialAction":[{"@type":"CommentAction","name":"Comment","target":["https:\/\/www.billin.net\/blog\/como-ser-autonomo-espana\/#respond"]}]},{"@type":"WebPage","@id":"https:\/\/www.billin.net\/blog\/como-ser-autonomo-espana\/","url":"https:\/\/www.billin.net\/blog\/como-ser-autonomo-espana\/","name":"C\u00f3mo hacerse aut\u00f3nomo en Espa\u00f1a por pasos | TS Facturas Billin","isPartOf":{"@id":"https:\/\/www.billin.net\/blog\/#website"},"primaryImageOfPage":{"@id":"https:\/\/www.billin.net\/blog\/como-ser-autonomo-espana\/#primaryimage"},"image":{"@id":"https:\/\/www.billin.net\/blog\/como-ser-autonomo-espana\/#primaryimage"},"thumbnailUrl":"https:\/\/www.billin.net\/blog\/wp-content\/uploads\/2023\/02\/journey-del-autonomo.jpg","datePublished":"2024-01-25T22:00:00+00:00","dateModified":"2026-01-20T08:27:41+00:00","description":"Descubre c\u00f3mo hacerse aut\u00f3nomo en Espa\u00f1a por primera vez. Te explicamos los pasos para darte de alta, requisitos y obligaciones fiscales.","breadcrumb":{"@id":"https:\/\/www.billin.net\/blog\/como-ser-autonomo-espana\/#breadcrumb"},"inLanguage":"es","potentialAction":[{"@type":"ReadAction","target":["https:\/\/www.billin.net\/blog\/como-ser-autonomo-espana\/"]}]},{"@type":"ImageObject","inLanguage":"es","@id":"https:\/\/www.billin.net\/blog\/como-ser-autonomo-espana\/#primaryimage","url":"https:\/\/www.billin.net\/blog\/wp-content\/uploads\/2023\/02\/journey-del-autonomo.jpg","contentUrl":"https:\/\/www.billin.net\/blog\/wp-content\/uploads\/2023\/02\/journey-del-autonomo.jpg","width":1280,"height":853,"caption":"alta autonomo"},{"@type":"BreadcrumbList","@id":"https:\/\/www.billin.net\/blog\/como-ser-autonomo-espana\/#breadcrumb","itemListElement":[{"@type":"ListItem","position":1,"name":"Blog","item":"https:\/\/www.billin.net\/blog\/"},{"@type":"ListItem","position":2,"name":"Negocios","item":"https:\/\/www.billin.net\/blog\/negocios\/"},{"@type":"ListItem","position":3,"name":"C\u00f3mo hacerse aut\u00f3nomo en Espa\u00f1a por primera vez: Requisitos, tr\u00e1mites y costes"}]},{"@type":"WebSite","@id":"https:\/\/www.billin.net\/blog\/#website","url":"https:\/\/www.billin.net\/blog\/","name":"Blog de Billin","description":"Mantente informado con el blog de TeamSystem Facturas Billin:  facturaci\u00f3n, legislaci\u00f3n, contabilidad, management y toda la informaci\u00f3n \u00fatil para pymes y aut\u00f3nomos.","publisher":{"@id":"https:\/\/www.billin.net\/blog\/#organization"},"potentialAction":[{"@type":"SearchAction","target":{"@type":"EntryPoint","urlTemplate":"https:\/\/www.billin.net\/blog\/?s={search_term_string}"},"query-input":{"@type":"PropertyValueSpecification","valueRequired":true,"valueName":"search_term_string"}}],"inLanguage":"es"},{"@type":"Organization","@id":"https:\/\/www.billin.net\/blog\/#organization","name":"Billin","alternateName":"Blog de Billin","url":"https:\/\/www.billin.net\/blog\/","logo":{"@type":"ImageObject","inLanguage":"es","@id":"https:\/\/www.billin.net\/blog\/#\/schema\/logo\/image\/","url":"https:\/\/www.billin.net\/blog\/wp-content\/uploads\/2019\/06\/logotipo-billin-blog-1.png","contentUrl":"https:\/\/www.billin.net\/blog\/wp-content\/uploads\/2019\/06\/logotipo-billin-blog-1.png","width":126,"height":50,"caption":"Billin"},"image":{"@id":"https:\/\/www.billin.net\/blog\/#\/schema\/logo\/image\/"},"sameAs":["https:\/\/www.facebook.com\/EsBillin","https:\/\/x.com\/Billin_ES","https:\/\/www.instagram.com\/billin_es\/","https:\/\/www.linkedin.com\/company\/billin-spain","https:\/\/www.youtube.com\/c\/BillinEsintercambiodefacturas\/"],"legalName":"MY EXPENSES SL","contactPoint":{"@type":"ContactPoint","telephone":"+34918318883","contactType":"customer service","email":"info@billin.eu","availableLanguage":"es"},"foundingDate":"2015","numberOfEmployees":{"@type":"QuantitativeValue","minValue":10,"maxValue":50},"parentOrganization":{"@type":"Organization","name":"TeamSystem","url":"https:\/\/www.teamsystem.com\/"},"description":"Billin es el programa de facturaci\u00f3n online de TeamSystem para aut\u00f3nomos y pymes en Espa\u00f1a. Permite crear facturas, controlar gastos y cumplir con Verifactu.","address":{"@type":"PostalAddress","streetAddress":"Calle Arturo Soria, 336","addressLocality":"Madrid","addressRegion":"Madrid","postalCode":"28033","addressCountry":"ES"}},{"@type":"Person","@id":"https:\/\/www.billin.net\/blog\/#\/schema\/person\/d0339ee6e869234614541b1e80a793e7","name":"Marcos De La Cueva - CEO TeamSystem Facturas Billin","image":{"@type":"ImageObject","inLanguage":"es","@id":"https:\/\/www.billin.net\/blog\/#\/schema\/person\/image\/","url":"https:\/\/www.billin.net\/blog\/wp-content\/uploads\/2023\/10\/marcos-color-150x150.png","contentUrl":"https:\/\/www.billin.net\/blog\/wp-content\/uploads\/2023\/10\/marcos-color-150x150.png","caption":"Marcos De La Cueva - CEO TeamSystem Facturas Billin"},"description":"Licenciado en ADE por la Universidad Aut\u00f3noma de Madrid, Marcos De la Cueva es CEO y cofundador de TeamSystem Facturas Billin, un programa online que lleva m\u00e1s de 9 a\u00f1os ayudando a aut\u00f3nomos, peque\u00f1os negocios y gestor\u00edas a digitalizar sus presupuestos, facturas, tickets y gastos. \u00a0 Sobre Marcos De La Cueva \u00a0 Apasionado por el mundo empresarial y la tecnolog\u00eda, curs\u00f3 su M\u00e1ster de Finanzas en la Universidad Pontificia de Comillas y estuvo en el Programa de Cooperaci\u00f3n Educativa de la Universidad Aut\u00f3noma de Madrid. \u00a0 Marcos siempre ha tenido su objetivo claro: ayudar a la creaci\u00f3n de negocios financieramente sostenibles a trav\u00e9s de una herramienta de facturaci\u00f3n que les permita ahorrar tiempo y tener la contabilidad bajo control. \u00a0 Marcos De La Cueva en los medios \u2014 Noticia sobre Kit Digital y Ley Antifraude (VeriFactu) en El Economista. \u2014 Noticia sobre Kit Digital y factura electr\u00f3nica obligatoria en Diario Jur\u00eddico. \u2014 Noticia sobre el a\u00f1o de transici\u00f3n para la factura electr\u00f3nica en Muy Pymes. \u2014 Entrevista sobre factura electr\u00f3nica obligatoria en Canal Sur. \u2014 Noticia sobre el informe factura electr\u00f3nica de TeamSystem en Channel Partner. \u2014 Charla sobre productividad y Ley Crea y Crece en El Economista. \u2014 Charla sobre factura electr\u00f3nica obligatoria en Muy Pymes. \u2014 Charla sobre digitalizaci\u00f3n aut\u00f3nomos y productividad en esdiario. \u2014 Charla sobre productividad y factura electr\u00f3nica en La Raz\u00f3n. \u2014 Charla sobre factura electr\u00f3nica obligatoria en Aut\u00f3nomos y Emprendedores. \u2014 Entrevista sobre Ley Antifraude y Ley Crea y Crece en Expansi\u00f3n. \u2014 Entrevista sobre Ley Antifraude y Ley Crea y Crece en La Raz\u00f3n. \u2014 Entrevista sobre factura electr\u00f3nica obligatoria en El Economista. \u2014 Comunicado Billin y TeamSystem en Business Insider. \u2014 Entrevista en Econom\u00eda Digital. \u2014 Entrevista en Ideas para tu empresa de Vodafone. \u2014 Entrevista en M\u00e1sQradio. \u2014 Entrevista en Armas para emprender de El M\u00e9todo Gallardo. \u2014 Entrevista en KFund. \u2014 Entrevista en AXA Seguros Espa\u00f1a. \u2014 Entrevista en GestionaRadio. \u00a0 Marcos De La Cueva en eventos \u00a0 \u2014 Participaci\u00f3n como ponente en Accountex Espa\u00f1a 2023. \u00a0 Tem\u00e1ticas de especializaci\u00f3n \u00a0 negocios | startups | contabilidad| fiscalidad | empresas| asesor\u00edas| autonomos | emprendedores | peque\u00f1os negocios | econom\u00eda | ADE | pymes | desarrollo de negocio\u00a0","sameAs":["https:\/\/www.billin.net\/","https:\/\/www.linkedin.com\/in\/marcos-de-la-cueva-19750ba3\/"],"url":"https:\/\/www.billin.net\/blog\/author\/marcosdelacueva\/","jobTitle":"CEO y cofundador de TS Facturas Billin"}]}},"_links":{"self":[{"href":"https:\/\/www.billin.net\/blog\/wp-json\/wp\/v2\/posts\/20313","targetHints":{"allow":["GET"]}}],"collection":[{"href":"https:\/\/www.billin.net\/blog\/wp-json\/wp\/v2\/posts"}],"about":[{"href":"https:\/\/www.billin.net\/blog\/wp-json\/wp\/v2\/types\/post"}],"author":[{"embeddable":true,"href":"https:\/\/www.billin.net\/blog\/wp-json\/wp\/v2\/users\/20"}],"replies":[{"embeddable":true,"href":"https:\/\/www.billin.net\/blog\/wp-json\/wp\/v2\/comments?post=20313"}],"version-history":[{"count":64,"href":"https:\/\/www.billin.net\/blog\/wp-json\/wp\/v2\/posts\/20313\/revisions"}],"predecessor-version":[{"id":28728,"href":"https:\/\/www.billin.net\/blog\/wp-json\/wp\/v2\/posts\/20313\/revisions\/28728"}],"wp:featuredmedia":[{"embeddable":true,"href":"https:\/\/www.billin.net\/blog\/wp-json\/wp\/v2\/media\/20315"}],"wp:attachment":[{"href":"https:\/\/www.billin.net\/blog\/wp-json\/wp\/v2\/media?parent=20313"}],"wp:term":[{"taxonomy":"category","embeddable":true,"href":"https:\/\/www.billin.net\/blog\/wp-json\/wp\/v2\/categories?post=20313"},{"taxonomy":"post_tag","embeddable":true,"href":"https:\/\/www.billin.net\/blog\/wp-json\/wp\/v2\/tags?post=20313"}],"curies":[{"name":"wp","href":"https:\/\/api.w.org\/{rel}","templated":true}]}}