{"id":20252,"date":"2023-02-10T00:00:00","date_gmt":"2023-02-09T22:00:00","guid":{"rendered":"https:\/\/www.billin.net\/blog\/?p=20252"},"modified":"2025-09-25T20:32:07","modified_gmt":"2025-09-25T18:32:07","slug":"novedades-para-los-autonomos-en-2023","status":"publish","type":"post","link":"https:\/\/www.billin.net\/blog\/novedades-para-los-autonomos-en-2023\/","title":{"rendered":"Novedades para los aut\u00f3nomos en 2023"},"content":{"rendered":"<p>Hay muchas novedades para aut\u00f3nomos en 2023, entre las m\u00e1s destacados, est\u00e1 el nuevo sistema de cotizaci\u00f3n por ingresos reales, tambi\u00e9n han cambiado las cuotas, ya que, la aprobaci\u00f3n de los Presupuestos Generales del Estado (PGE) ha conllevado diversas modificaciones en determinados impuestos y ayudas a las que acceder.<\/p>\n<p>Desde TeamSystem Facturas Billin os mostramos todas las novedades para aut\u00f3nomos en 2023<\/p>\n<h2><!--more--><br \/>\nLas nuevas cuotas de aut\u00f3nomos seg\u00fan ingresos reales<\/h2>\n<p>Con la entrada en vigor del Real Decreto Ley 13\/2022 de 26 de julio de 2022, el d\u00eda 1 de enero de 2023, se estable el nuevo sistema de cotizaci\u00f3n para los aut\u00f3nomos y se mejora la protecci\u00f3n por cese de actividad.<\/p>\n<p>Este nuevo sistema consiste en calcular la cuota de aut\u00f3nomos a ingresar a la Seguridad Sociales, en funci\u00f3n de los rendimientos netos anuales obtenidos en el a\u00f1o natural por el aut\u00f3nomo.<\/p>\n<p>El rendimiento neto computable se calcula con las normas de IRPF y algunas particularidades, posteriormente, del importe resultante como rendimiento se deducir\u00e1 el 7% en concepto de gastos generales, a excepci\u00f3n de los administradores de sociedades mercantiles con participaciones sociales igual o superior al 25% o socio por una participaci\u00f3n igual o superior al 33%, que ser\u00e1 el 3%.<\/p>\n<p>Adem\u00e1s, la Ley de Presupuestos Generales del Estado establecer\u00e1 anualmente una tabla general y una reducida de bases de cotizaci\u00f3n que dividir\u00e1n los tramos consecutivos de los importes de los rendimientos netos mensuales, los cuales, asignar\u00e1n, por cada tramo, unas bases de cotizaci\u00f3n m\u00e1xima y m\u00ednima mensual.<\/p>\n<h3>Tarifa plana de 80 euros para nuevos aut\u00f3nomos<\/h3>\n<p>La tarifa plana para nuevos aut\u00f3nomos en el periodo 2023-2025, consiste en la aplicaci\u00f3n de una cuota reducida de 80 euros mensuales durante los 12 primeros meses de actividad.<\/p>\n<p>Para poder beneficiarse de la tarifa plana es requisito indispensable no haber cotizados en los dos a\u00f1os inmediatamente anteriores a la fecha de alta, o bien tres a\u00f1os, en caso de haber disfrutado de alguna bonificaci\u00f3n anterior.<\/p>\n<p>Una vez transcurridos los doce primeros meses, se puede aplicar una cuota reducida en los siguientes doce meses, para aquellos aut\u00f3nomos que prevean que sus rendimientos netos anuales, ser\u00e1n inferiores al salario m\u00ednimo interprofesional anual (SMI), y tendr\u00e1n que solicitarlo mediante el servicio Importass.<\/p>\n<p>Para los aut\u00f3nomos con discapacidad igual o superior al 33%, v\u00edctimas de violencia o de terrorismo, pueden aplicar esta bonificaci\u00f3n, en el momento del alta, obteniendo una cuota reducida de 80 euros durante 24 meses.<\/p>\n<p>Al igual que los anteriores aut\u00f3nomos, podr\u00e1n solicitar una pr\u00f3rroga de 36 meses m\u00e1s a una cuota reducida de 160 euros, si su rendimiento neto anual previsto es igual o inferior al SMI.<\/p>\n<h3>Cuota cero en 2023 en algunas Comunidades Aut\u00f3nomas<\/h3>\n<p>Os mostramos desde TeamSystem Facturas Billin que la cuota cero s\u00f3lo se aplica a aut\u00f3nomos residentes en Andaluc\u00eda, Murcia, Baleares o Madrid, y compensa la carga de gastos que supone la cuota de la Seguridad Social.<\/p>\n<p>Es una subvenci\u00f3n para los nuevos aut\u00f3nomos que cubre la tarifa plana de 80 euros durante los 12 primeros meses y la cuota del segundo a\u00f1o, siempre y cuando, cobren por debajo del SMI.<\/p>\n<p>Como hemos comentado anteriormente, esta bonificaci\u00f3n del 100% s\u00f3lo se lleva a cabo en diversas Comunidades Aut\u00f3nomas, principalmente dirigida a menores de 35 a\u00f1os y mujeres emprendedoras.<\/p>\n<h2>Aumento de los gastos de dif\u00edcil justificaci\u00f3n<\/h2>\n<p>Una de las novedades para aut\u00f3nomos en 2023 es el aumento del porcentaje de los gastos de dif\u00edcil justificaci\u00f3n, pasando del 5% al 7% en estimaci\u00f3n directa simplificada.<\/p>\n<p>Esta subida alivia el impacto de la nueva cotizaci\u00f3n para aut\u00f3nomos por los ingresos reales.<\/p>\n<h2>Aumento en el rendimiento del sistema de m\u00f3dulos<\/h2>\n<p>La nueva Orden de M\u00f3dulos para 2023 publicada por la Agencia Tributaria a finales de noviembre, aumenta la reducci\u00f3n general sobre el rendimiento neto de m\u00f3dulos, variando del 5% al 15% para todos los contribuyentes que tributen en estimaci\u00f3n objetiva, adem\u00e1s se la pudieron aplicar en el cuarto trimestre del ejercicio 2022.<\/p>\n<h2>\u00a0Aumento de la base m\u00e1xima de cotizaci\u00f3n<\/h2>\n<p>El tipo de cotizaci\u00f3n para los nuevos aut\u00f3nomos desde el 1 de enero de 2023 es el 28,30% por contingencias comunes, en general los porcentajes definitivos quedan de la siguiente manera:<\/p>\n<p>Contingencias Comunes: 28,30%.<br \/>\nContingencias profesionales: 1,30%<br \/>\nEquidad intergeneracional: 0,6% sobre la base de contingencias comunes<br \/>\nLa base m\u00ednima pasa a ser 950,98 euros \/mes<br \/>\nLa base m\u00e1xima pasa a ser 4495,50 euros\/mes<\/p>\n<h2>Nueva Ley de Startups<\/h2>\n<p>La Ley 28\/2022 de 21 de diciembre, tiene como objetivo principal el impulso de la creaci\u00f3n de nuevas empresas emergentes, adem\u00e1s, incluye que los aut\u00f3nomos asalariados que emprendan una startup no pagan la cuota al RETA durante 3 a\u00f1os.<\/p>\n<p>La Ley de Startups presenta diversos beneficios fiscales para los emprendedores y empresas, destacando la reducci\u00f3n del tipo impositivo en Impuesto sobre Sociedades, ya que, reduce el tipo general del 25% al 15% en los cuatro primeros a\u00f1os desde que la base imponible sea positiva.<\/p>\n<p>Tambi\u00e9n, permite el aplazamiento de deudas tributarias sin garant\u00edas y se elimina la obligaci\u00f3n de efectuar pagos fraccionados.<\/p>\n<p>Adem\u00e1s, mejora la exenci\u00f3n de tributaci\u00f3n fiscal que pasa de 12.000 euros a los 50.000 euros anuales en el caso de acciones o participaciones de compra.<\/p>\n<p>Ahora bien, para poder beneficiarse, deben acreditar la condici\u00f3n de startup, cuya funci\u00f3n corresponde a la Empresa Nacional de Innovaci\u00f3n (ENISA) a modo de ventanilla \u00fanica.<\/p>\n<h2>La facturaci\u00f3n electr\u00f3nica obligatoria<\/h2>\n<p>La facturaci\u00f3n electr\u00f3nica entra en vigor este a\u00f1o 2023, para aut\u00f3nomos o empresas que tengan una facturaci\u00f3n superior a 8 millones de euros anuales.<\/p>\n<p>Para el resto de aut\u00f3nomos y empresas, tendr\u00e1n margen hasta el 2025 para emitir sus facturas en formato electr\u00f3nico.<\/p>\n<p>Por tanto, el cambio en la facturaci\u00f3n se puede realizar desde ya, de manera, que des cumplimiento a la Ley Crea y Crece.<\/p>\n<h2>Aumento del plazo para emitir facturas rectificativas<\/h2>\n<p>Entre las novedades para aut\u00f3nomos en 2023 que afectan al IVA de los aut\u00f3nomos es la simplificaci\u00f3n del proceso de recuperaci\u00f3n del IVA de las facturas impagadas.<\/p>\n<p>Pasando a considerar una factura como impagada cuando se haya reclamado al cliente a trav\u00e9s de cualquier medio, sin necesidad de recurrir a la v\u00eda judicial.<\/p>\n<p>Adem\u00e1s, se reduce el importe para poder reclamar, pasando del l\u00edmite de 300 euros a 50 euros, y ampl\u00eda el plazo para su reclamaci\u00f3n, siendo un periodo de 6 meses desde la consideraci\u00f3n de incobrable.<\/p>\n<h2>\u00a0Novedades en los planes de pensiones para aut\u00f3nomos<\/h2>\n<p>En lo referente a los planes de pensiones, desde el 2023 los aut\u00f3nomos disfrutar\u00e1n de un nuevo l\u00edmite de aportaci\u00f3n adicional de 4.250 euros, es decir, podr\u00e1n aportar un total de 5.750 euros a su plan de pensiones.<\/p>\n<h2>Otras novedades que pueden afectar a los aut\u00f3nomos<\/h2>\n<p>Os explicamos desde TeamSystem Facturas Billin qu\u00e9 otras novedades afectar\u00e1n a los aut\u00f3nomos en 2023.<\/p>\n<h3>\u00a0Reducci\u00f3n del Impuesto de Sociedades<\/h3>\n<p>Una de las principales novedades fiscales para el ejercicio 2023 es la rebaja en tipo impositivo para sociedades.<\/p>\n<p>Se reduce del 25% al 23% para todas aquellas sociedades o entidades que facturen menos de un mill\u00f3n de euros.<\/p>\n<h3>L\u00edmites a la subcontrataci\u00f3n del transporte de mercanc\u00edas por carretera<\/h3>\n<p>Con respecto a los aut\u00f3nomos del sector del transporte se establecer\u00e1n unos l\u00edmites a la subcontrataci\u00f3n del transporte de mercanc\u00edas por carreta, adem\u00e1s se modifican nuevas medidas de ahorro, eficiencia energ\u00e9tica y reducci\u00f3n de la dependencia energ\u00e9tica del gas natural dentro del sector.<\/p>\n<h3>\u00a0Creaci\u00f3n del Estatuto del Becario<\/h3>\n<p>La creaci\u00f3n del Estatuto del Becario tiene dos objetivos principales, diferenciar la actividad formativa de car\u00e1cter pr\u00e1ctico en la empresa de las propiamente dichas laborales, es decir, dotan de mayor seguridad a una parte fraudulenta dentro de las relaciones laborales.<br \/>\nEn \u00e9l se incluir\u00e1n un conjunto de derechos a las personas en formaci\u00f3n.<\/p>\n<p>Estas son todas las novedades de aut\u00f3nomos en 2023. Si tienes cualquier duda o consulta, desde TeamSystem Facturas Billin estaremos encantados de ayudarte.<\/p>\n","protected":false},"excerpt":{"rendered":"<p>Hay muchas novedades para aut\u00f3nomos en 2023, entre las m\u00e1s destacados, est\u00e1 el nuevo sistema de cotizaci\u00f3n por ingresos reales, tambi\u00e9n han cambiado las cuotas, ya que, la aprobaci\u00f3n de los Presupuestos Generales del Estado (PGE) ha conllevado diversas modificaciones en determinados impuestos y ayudas a las que acceder. Desde TeamSystem Facturas Billin os mostramos [&hellip;]<\/p>\n","protected":false},"author":20,"featured_media":19740,"comment_status":"open","ping_status":"open","sticky":false,"template":"","format":"standard","meta":{"_acf_changed":false,"_et_pb_use_builder":"","_et_pb_old_content":"","_et_gb_content_width":"","om_disable_all_campaigns":false,"inline_featured_image":false,"footnotes":""},"categories":[1014],"tags":[1380],"class_list":{"0":"post-20252","1":"post","2":"type-post","3":"status-publish","4":"format-standard","5":"has-post-thumbnail","7":"category-fiscalidad","8":"tag-autonomos"},"acf":{"selector_de_usuario":"","fecha_de_revision":"20230213"},"yoast_head":"<!-- This site is optimized with the Yoast SEO plugin v27.1 - https:\/\/yoast.com\/product\/yoast-seo-wordpress\/ -->\n<title>Novedades para los aut\u00f3nomos en 2023 - Blog de TeamSystem Facturas Billin<\/title>\n<meta name=\"description\" content=\"Contamos las novedades m\u00e1s importantes para los aut\u00f3nomos en 2023 que prev\u00e9 sacar el Gobierno o que est\u00e1n ya aprobadas y en aplicaci\u00f3n.\" \/>\n<meta name=\"robots\" content=\"index, follow, max-snippet:-1, max-image-preview:large, max-video-preview:-1\" \/>\n<link rel=\"canonical\" href=\"https:\/\/www.billin.net\/blog\/novedades-para-los-autonomos-en-2023\/\" \/>\n<meta property=\"og:locale\" content=\"es_ES\" \/>\n<meta property=\"og:type\" content=\"article\" \/>\n<meta property=\"og:title\" content=\"Novedades para los aut\u00f3nomos en 2023 - Blog de TeamSystem Facturas Billin\" \/>\n<meta property=\"og:description\" content=\"Contamos las novedades m\u00e1s importantes para los aut\u00f3nomos en 2023 que prev\u00e9 sacar el Gobierno o que est\u00e1n ya aprobadas y en aplicaci\u00f3n.\" \/>\n<meta property=\"og:url\" content=\"https:\/\/www.billin.net\/blog\/novedades-para-los-autonomos-en-2023\/\" \/>\n<meta property=\"og:site_name\" content=\"Blog de TeamSystem Facturas Billin\" \/>\n<meta property=\"article:publisher\" content=\"https:\/\/www.facebook.com\/EsBillin\" \/>\n<meta property=\"article:published_time\" content=\"2023-02-09T22:00:00+00:00\" \/>\n<meta property=\"article:modified_time\" content=\"2025-09-25T18:32:07+00:00\" \/>\n<meta property=\"og:image\" content=\"https:\/\/www.billin.net\/blog\/wp-content\/uploads\/2022\/09\/Estrategia-de-venta-cross-selling-1.jpg\" \/>\n\t<meta property=\"og:image:width\" content=\"800\" \/>\n\t<meta property=\"og:image:height\" content=\"534\" \/>\n\t<meta property=\"og:image:type\" content=\"image\/jpeg\" \/>\n<meta name=\"author\" content=\"Marcos De La Cueva - CEO TeamSystem Facturas Billin\" \/>\n<meta name=\"twitter:card\" content=\"summary_large_image\" \/>\n<meta name=\"twitter:creator\" content=\"@Billin_ES\" \/>\n<meta name=\"twitter:site\" content=\"@Billin_ES\" \/>\n<meta name=\"twitter:label1\" content=\"Escrito por\" \/>\n\t<meta name=\"twitter:data1\" content=\"Marcos De La Cueva - CEO TeamSystem Facturas Billin\" \/>\n\t<meta name=\"twitter:label2\" content=\"Tiempo de lectura\" \/>\n\t<meta name=\"twitter:data2\" content=\"6 minutos\" \/>\n<script type=\"application\/ld+json\" class=\"yoast-schema-graph\">{\"@context\":\"https:\/\/schema.org\",\"@graph\":[{\"@type\":\"Article\",\"@id\":\"https:\/\/www.billin.net\/blog\/novedades-para-los-autonomos-en-2023\/#article\",\"isPartOf\":{\"@id\":\"https:\/\/www.billin.net\/blog\/novedades-para-los-autonomos-en-2023\/\"},\"author\":{\"name\":\"Marcos De La Cueva - CEO TeamSystem Facturas Billin\",\"@id\":\"https:\/\/www.billin.net\/blog\/#\/schema\/person\/d0339ee6e869234614541b1e80a793e7\"},\"headline\":\"Novedades para los aut\u00f3nomos en 2023\",\"datePublished\":\"2023-02-09T22:00:00+00:00\",\"dateModified\":\"2025-09-25T18:32:07+00:00\",\"mainEntityOfPage\":{\"@id\":\"https:\/\/www.billin.net\/blog\/novedades-para-los-autonomos-en-2023\/\"},\"wordCount\":1375,\"commentCount\":0,\"publisher\":{\"@id\":\"https:\/\/www.billin.net\/blog\/#organization\"},\"image\":{\"@id\":\"https:\/\/www.billin.net\/blog\/novedades-para-los-autonomos-en-2023\/#primaryimage\"},\"thumbnailUrl\":\"https:\/\/www.billin.net\/blog\/wp-content\/uploads\/2022\/09\/Estrategia-de-venta-cross-selling-1.jpg\",\"keywords\":[\"Aut\u00f3nomos\"],\"articleSection\":[\"Fiscalidad\"],\"inLanguage\":\"es\",\"potentialAction\":[{\"@type\":\"CommentAction\",\"name\":\"Comment\",\"target\":[\"https:\/\/www.billin.net\/blog\/novedades-para-los-autonomos-en-2023\/#respond\"]}]},{\"@type\":\"WebPage\",\"@id\":\"https:\/\/www.billin.net\/blog\/novedades-para-los-autonomos-en-2023\/\",\"url\":\"https:\/\/www.billin.net\/blog\/novedades-para-los-autonomos-en-2023\/\",\"name\":\"Novedades para los aut\u00f3nomos en 2023 - Blog de TeamSystem Facturas Billin\",\"isPartOf\":{\"@id\":\"https:\/\/www.billin.net\/blog\/#website\"},\"primaryImageOfPage\":{\"@id\":\"https:\/\/www.billin.net\/blog\/novedades-para-los-autonomos-en-2023\/#primaryimage\"},\"image\":{\"@id\":\"https:\/\/www.billin.net\/blog\/novedades-para-los-autonomos-en-2023\/#primaryimage\"},\"thumbnailUrl\":\"https:\/\/www.billin.net\/blog\/wp-content\/uploads\/2022\/09\/Estrategia-de-venta-cross-selling-1.jpg\",\"datePublished\":\"2023-02-09T22:00:00+00:00\",\"dateModified\":\"2025-09-25T18:32:07+00:00\",\"description\":\"Contamos las novedades m\u00e1s importantes para los aut\u00f3nomos en 2023 que prev\u00e9 sacar el Gobierno o que est\u00e1n ya aprobadas y en aplicaci\u00f3n.\",\"breadcrumb\":{\"@id\":\"https:\/\/www.billin.net\/blog\/novedades-para-los-autonomos-en-2023\/#breadcrumb\"},\"inLanguage\":\"es\",\"potentialAction\":[{\"@type\":\"ReadAction\",\"target\":[\"https:\/\/www.billin.net\/blog\/novedades-para-los-autonomos-en-2023\/\"]}]},{\"@type\":\"ImageObject\",\"inLanguage\":\"es\",\"@id\":\"https:\/\/www.billin.net\/blog\/novedades-para-los-autonomos-en-2023\/#primaryimage\",\"url\":\"https:\/\/www.billin.net\/blog\/wp-content\/uploads\/2022\/09\/Estrategia-de-venta-cross-selling-1.jpg\",\"contentUrl\":\"https:\/\/www.billin.net\/blog\/wp-content\/uploads\/2022\/09\/Estrategia-de-venta-cross-selling-1.jpg\",\"width\":800,\"height\":534,\"caption\":\"novedades autonomos\"},{\"@type\":\"BreadcrumbList\",\"@id\":\"https:\/\/www.billin.net\/blog\/novedades-para-los-autonomos-en-2023\/#breadcrumb\",\"itemListElement\":[{\"@type\":\"ListItem\",\"position\":1,\"name\":\"Blog\",\"item\":\"https:\/\/www.billin.net\/blog\/\"},{\"@type\":\"ListItem\",\"position\":2,\"name\":\"Fiscalidad\",\"item\":\"https:\/\/www.billin.net\/blog\/fiscalidad\/\"},{\"@type\":\"ListItem\",\"position\":3,\"name\":\"Novedades para los aut\u00f3nomos en 2023\"}]},{\"@type\":\"WebSite\",\"@id\":\"https:\/\/www.billin.net\/blog\/#website\",\"url\":\"https:\/\/www.billin.net\/blog\/\",\"name\":\"Blog de Billin\",\"description\":\"Mantente informado con el blog de TeamSystem Facturas Billin:  facturaci\u00f3n, legislaci\u00f3n, contabilidad, management y toda la informaci\u00f3n \u00fatil para pymes y aut\u00f3nomos.\",\"publisher\":{\"@id\":\"https:\/\/www.billin.net\/blog\/#organization\"},\"potentialAction\":[{\"@type\":\"SearchAction\",\"target\":{\"@type\":\"EntryPoint\",\"urlTemplate\":\"https:\/\/www.billin.net\/blog\/?s={search_term_string}\"},\"query-input\":{\"@type\":\"PropertyValueSpecification\",\"valueRequired\":true,\"valueName\":\"search_term_string\"}}],\"inLanguage\":\"es\"},{\"@type\":\"Organization\",\"@id\":\"https:\/\/www.billin.net\/blog\/#organization\",\"name\":\"Billin\",\"alternateName\":\"Blog de Billin\",\"url\":\"https:\/\/www.billin.net\/blog\/\",\"logo\":{\"@type\":\"ImageObject\",\"inLanguage\":\"es\",\"@id\":\"https:\/\/www.billin.net\/blog\/#\/schema\/logo\/image\/\",\"url\":\"https:\/\/www.billin.net\/blog\/wp-content\/uploads\/2019\/06\/logotipo-billin-blog-1.png\",\"contentUrl\":\"https:\/\/www.billin.net\/blog\/wp-content\/uploads\/2019\/06\/logotipo-billin-blog-1.png\",\"width\":126,\"height\":50,\"caption\":\"Billin\"},\"image\":{\"@id\":\"https:\/\/www.billin.net\/blog\/#\/schema\/logo\/image\/\"},\"sameAs\":[\"https:\/\/www.facebook.com\/EsBillin\",\"https:\/\/x.com\/Billin_ES\",\"https:\/\/www.instagram.com\/billin_es\/\",\"https:\/\/www.linkedin.com\/company\/billin-spain\",\"https:\/\/www.youtube.com\/c\/BillinEsintercambiodefacturas\/\"],\"legalName\":\"MY EXPENSES SL\",\"contactPoint\":{\"@type\":\"ContactPoint\",\"telephone\":\"+34918318883\",\"contactType\":\"customer service\",\"email\":\"info@billin.eu\",\"availableLanguage\":\"es\"},\"foundingDate\":\"2015\",\"numberOfEmployees\":{\"@type\":\"QuantitativeValue\",\"minValue\":10,\"maxValue\":50},\"parentOrganization\":{\"@type\":\"Organization\",\"name\":\"TeamSystem\",\"url\":\"https:\/\/www.teamsystem.com\/\"},\"description\":\"Billin es el programa de facturaci\u00f3n online de TeamSystem para aut\u00f3nomos y pymes en Espa\u00f1a. Permite crear facturas, controlar gastos y cumplir con Verifactu.\",\"address\":{\"@type\":\"PostalAddress\",\"streetAddress\":\"Calle Arturo Soria, 336\",\"addressLocality\":\"Madrid\",\"addressRegion\":\"Madrid\",\"postalCode\":\"28033\",\"addressCountry\":\"ES\"}},{\"@type\":\"Person\",\"@id\":\"https:\/\/www.billin.net\/blog\/#\/schema\/person\/d0339ee6e869234614541b1e80a793e7\",\"name\":\"Marcos De La Cueva - CEO TeamSystem Facturas Billin\",\"image\":{\"@type\":\"ImageObject\",\"inLanguage\":\"es\",\"@id\":\"https:\/\/www.billin.net\/blog\/#\/schema\/person\/image\/\",\"url\":\"https:\/\/www.billin.net\/blog\/wp-content\/uploads\/2023\/10\/marcos-color-150x150.png\",\"contentUrl\":\"https:\/\/www.billin.net\/blog\/wp-content\/uploads\/2023\/10\/marcos-color-150x150.png\",\"caption\":\"Marcos De La Cueva - CEO TeamSystem Facturas Billin\"},\"description\":\"Licenciado en ADE por la Universidad Aut\u00f3noma de Madrid, Marcos De la Cueva es CEO y cofundador de TeamSystem Facturas Billin, un programa online que lleva m\u00e1s de 9 a\u00f1os ayudando a aut\u00f3nomos, peque\u00f1os negocios y gestor\u00edas a digitalizar sus presupuestos, facturas, tickets y gastos. \u00a0 Sobre Marcos De La Cueva \u00a0 Apasionado por el mundo empresarial y la tecnolog\u00eda, curs\u00f3 su M\u00e1ster de Finanzas en la Universidad Pontificia de Comillas y estuvo en el Programa de Cooperaci\u00f3n Educativa de la Universidad Aut\u00f3noma de Madrid. \u00a0 Marcos siempre ha tenido su objetivo claro: ayudar a la creaci\u00f3n de negocios financieramente sostenibles a trav\u00e9s de una herramienta de facturaci\u00f3n que les permita ahorrar tiempo y tener la contabilidad bajo control. \u00a0 Marcos De La Cueva en los medios \u2014 Noticia sobre Kit Digital y Ley Antifraude (VeriFactu) en El Economista. \u2014 Noticia sobre Kit Digital y factura electr\u00f3nica obligatoria en Diario Jur\u00eddico. \u2014 Noticia sobre el a\u00f1o de transici\u00f3n para la factura electr\u00f3nica en Muy Pymes. \u2014 Entrevista sobre factura electr\u00f3nica obligatoria en Canal Sur. \u2014 Noticia sobre el informe factura electr\u00f3nica de TeamSystem en Channel Partner. \u2014 Charla sobre productividad y Ley Crea y Crece en El Economista. \u2014 Charla sobre factura electr\u00f3nica obligatoria en Muy Pymes. \u2014 Charla sobre digitalizaci\u00f3n aut\u00f3nomos y productividad en esdiario. \u2014 Charla sobre productividad y factura electr\u00f3nica en La Raz\u00f3n. \u2014 Charla sobre factura electr\u00f3nica obligatoria en Aut\u00f3nomos y Emprendedores. \u2014 Entrevista sobre Ley Antifraude y Ley Crea y Crece en Expansi\u00f3n. \u2014 Entrevista sobre Ley Antifraude y Ley Crea y Crece en La Raz\u00f3n. \u2014 Entrevista sobre factura electr\u00f3nica obligatoria en El Economista. \u2014 Comunicado Billin y TeamSystem en Business Insider. \u2014 Entrevista en Econom\u00eda Digital. \u2014 Entrevista en Ideas para tu empresa de Vodafone. \u2014 Entrevista en M\u00e1sQradio. \u2014 Entrevista en Armas para emprender de El M\u00e9todo Gallardo. \u2014 Entrevista en KFund. \u2014 Entrevista en AXA Seguros Espa\u00f1a. \u2014 Entrevista en GestionaRadio. \u00a0 Marcos De La Cueva en eventos \u00a0 \u2014 Participaci\u00f3n como ponente en Accountex Espa\u00f1a 2023. \u00a0 Tem\u00e1ticas de especializaci\u00f3n \u00a0 negocios | startups | contabilidad| fiscalidad | empresas| asesor\u00edas| autonomos | emprendedores | peque\u00f1os negocios | econom\u00eda | ADE | pymes | desarrollo de negocio\u00a0\",\"sameAs\":[\"https:\/\/www.billin.net\/\",\"https:\/\/www.linkedin.com\/in\/marcos-de-la-cueva-19750ba3\/\"],\"url\":\"https:\/\/www.billin.net\/blog\/author\/marcosdelacueva\/\",\"jobTitle\":\"CEO y cofundador de TS Facturas Billin\"}]}<\/script>\n<!-- \/ Yoast SEO plugin. -->","yoast_head_json":{"title":"Novedades para los aut\u00f3nomos en 2023 - Blog de TeamSystem Facturas Billin","description":"Contamos las novedades m\u00e1s importantes para los aut\u00f3nomos en 2023 que prev\u00e9 sacar el Gobierno o que est\u00e1n ya aprobadas y en aplicaci\u00f3n.","robots":{"index":"index","follow":"follow","max-snippet":"max-snippet:-1","max-image-preview":"max-image-preview:large","max-video-preview":"max-video-preview:-1"},"canonical":"https:\/\/www.billin.net\/blog\/novedades-para-los-autonomos-en-2023\/","og_locale":"es_ES","og_type":"article","og_title":"Novedades para los aut\u00f3nomos en 2023 - Blog de TeamSystem Facturas Billin","og_description":"Contamos las novedades m\u00e1s importantes para los aut\u00f3nomos en 2023 que prev\u00e9 sacar el Gobierno o que est\u00e1n ya aprobadas y en aplicaci\u00f3n.","og_url":"https:\/\/www.billin.net\/blog\/novedades-para-los-autonomos-en-2023\/","og_site_name":"Blog de TeamSystem Facturas Billin","article_publisher":"https:\/\/www.facebook.com\/EsBillin","article_published_time":"2023-02-09T22:00:00+00:00","article_modified_time":"2025-09-25T18:32:07+00:00","og_image":[{"width":800,"height":534,"url":"https:\/\/www.billin.net\/blog\/wp-content\/uploads\/2022\/09\/Estrategia-de-venta-cross-selling-1.jpg","type":"image\/jpeg"}],"author":"Marcos De La Cueva - CEO TeamSystem Facturas Billin","twitter_card":"summary_large_image","twitter_creator":"@Billin_ES","twitter_site":"@Billin_ES","twitter_misc":{"Escrito por":"Marcos De La Cueva - CEO TeamSystem Facturas Billin","Tiempo de lectura":"6 minutos"},"schema":{"@context":"https:\/\/schema.org","@graph":[{"@type":"Article","@id":"https:\/\/www.billin.net\/blog\/novedades-para-los-autonomos-en-2023\/#article","isPartOf":{"@id":"https:\/\/www.billin.net\/blog\/novedades-para-los-autonomos-en-2023\/"},"author":{"name":"Marcos De La Cueva - CEO TeamSystem Facturas Billin","@id":"https:\/\/www.billin.net\/blog\/#\/schema\/person\/d0339ee6e869234614541b1e80a793e7"},"headline":"Novedades para los aut\u00f3nomos en 2023","datePublished":"2023-02-09T22:00:00+00:00","dateModified":"2025-09-25T18:32:07+00:00","mainEntityOfPage":{"@id":"https:\/\/www.billin.net\/blog\/novedades-para-los-autonomos-en-2023\/"},"wordCount":1375,"commentCount":0,"publisher":{"@id":"https:\/\/www.billin.net\/blog\/#organization"},"image":{"@id":"https:\/\/www.billin.net\/blog\/novedades-para-los-autonomos-en-2023\/#primaryimage"},"thumbnailUrl":"https:\/\/www.billin.net\/blog\/wp-content\/uploads\/2022\/09\/Estrategia-de-venta-cross-selling-1.jpg","keywords":["Aut\u00f3nomos"],"articleSection":["Fiscalidad"],"inLanguage":"es","potentialAction":[{"@type":"CommentAction","name":"Comment","target":["https:\/\/www.billin.net\/blog\/novedades-para-los-autonomos-en-2023\/#respond"]}]},{"@type":"WebPage","@id":"https:\/\/www.billin.net\/blog\/novedades-para-los-autonomos-en-2023\/","url":"https:\/\/www.billin.net\/blog\/novedades-para-los-autonomos-en-2023\/","name":"Novedades para los aut\u00f3nomos en 2023 - Blog de TeamSystem Facturas Billin","isPartOf":{"@id":"https:\/\/www.billin.net\/blog\/#website"},"primaryImageOfPage":{"@id":"https:\/\/www.billin.net\/blog\/novedades-para-los-autonomos-en-2023\/#primaryimage"},"image":{"@id":"https:\/\/www.billin.net\/blog\/novedades-para-los-autonomos-en-2023\/#primaryimage"},"thumbnailUrl":"https:\/\/www.billin.net\/blog\/wp-content\/uploads\/2022\/09\/Estrategia-de-venta-cross-selling-1.jpg","datePublished":"2023-02-09T22:00:00+00:00","dateModified":"2025-09-25T18:32:07+00:00","description":"Contamos las novedades m\u00e1s importantes para los aut\u00f3nomos en 2023 que prev\u00e9 sacar el Gobierno o que est\u00e1n ya aprobadas y en aplicaci\u00f3n.","breadcrumb":{"@id":"https:\/\/www.billin.net\/blog\/novedades-para-los-autonomos-en-2023\/#breadcrumb"},"inLanguage":"es","potentialAction":[{"@type":"ReadAction","target":["https:\/\/www.billin.net\/blog\/novedades-para-los-autonomos-en-2023\/"]}]},{"@type":"ImageObject","inLanguage":"es","@id":"https:\/\/www.billin.net\/blog\/novedades-para-los-autonomos-en-2023\/#primaryimage","url":"https:\/\/www.billin.net\/blog\/wp-content\/uploads\/2022\/09\/Estrategia-de-venta-cross-selling-1.jpg","contentUrl":"https:\/\/www.billin.net\/blog\/wp-content\/uploads\/2022\/09\/Estrategia-de-venta-cross-selling-1.jpg","width":800,"height":534,"caption":"novedades autonomos"},{"@type":"BreadcrumbList","@id":"https:\/\/www.billin.net\/blog\/novedades-para-los-autonomos-en-2023\/#breadcrumb","itemListElement":[{"@type":"ListItem","position":1,"name":"Blog","item":"https:\/\/www.billin.net\/blog\/"},{"@type":"ListItem","position":2,"name":"Fiscalidad","item":"https:\/\/www.billin.net\/blog\/fiscalidad\/"},{"@type":"ListItem","position":3,"name":"Novedades para los aut\u00f3nomos en 2023"}]},{"@type":"WebSite","@id":"https:\/\/www.billin.net\/blog\/#website","url":"https:\/\/www.billin.net\/blog\/","name":"Blog de Billin","description":"Mantente informado con el blog de TeamSystem Facturas Billin:  facturaci\u00f3n, legislaci\u00f3n, contabilidad, management y toda la informaci\u00f3n \u00fatil para pymes y aut\u00f3nomos.","publisher":{"@id":"https:\/\/www.billin.net\/blog\/#organization"},"potentialAction":[{"@type":"SearchAction","target":{"@type":"EntryPoint","urlTemplate":"https:\/\/www.billin.net\/blog\/?s={search_term_string}"},"query-input":{"@type":"PropertyValueSpecification","valueRequired":true,"valueName":"search_term_string"}}],"inLanguage":"es"},{"@type":"Organization","@id":"https:\/\/www.billin.net\/blog\/#organization","name":"Billin","alternateName":"Blog de Billin","url":"https:\/\/www.billin.net\/blog\/","logo":{"@type":"ImageObject","inLanguage":"es","@id":"https:\/\/www.billin.net\/blog\/#\/schema\/logo\/image\/","url":"https:\/\/www.billin.net\/blog\/wp-content\/uploads\/2019\/06\/logotipo-billin-blog-1.png","contentUrl":"https:\/\/www.billin.net\/blog\/wp-content\/uploads\/2019\/06\/logotipo-billin-blog-1.png","width":126,"height":50,"caption":"Billin"},"image":{"@id":"https:\/\/www.billin.net\/blog\/#\/schema\/logo\/image\/"},"sameAs":["https:\/\/www.facebook.com\/EsBillin","https:\/\/x.com\/Billin_ES","https:\/\/www.instagram.com\/billin_es\/","https:\/\/www.linkedin.com\/company\/billin-spain","https:\/\/www.youtube.com\/c\/BillinEsintercambiodefacturas\/"],"legalName":"MY EXPENSES SL","contactPoint":{"@type":"ContactPoint","telephone":"+34918318883","contactType":"customer service","email":"info@billin.eu","availableLanguage":"es"},"foundingDate":"2015","numberOfEmployees":{"@type":"QuantitativeValue","minValue":10,"maxValue":50},"parentOrganization":{"@type":"Organization","name":"TeamSystem","url":"https:\/\/www.teamsystem.com\/"},"description":"Billin es el programa de facturaci\u00f3n online de TeamSystem para aut\u00f3nomos y pymes en Espa\u00f1a. Permite crear facturas, controlar gastos y cumplir con Verifactu.","address":{"@type":"PostalAddress","streetAddress":"Calle Arturo Soria, 336","addressLocality":"Madrid","addressRegion":"Madrid","postalCode":"28033","addressCountry":"ES"}},{"@type":"Person","@id":"https:\/\/www.billin.net\/blog\/#\/schema\/person\/d0339ee6e869234614541b1e80a793e7","name":"Marcos De La Cueva - CEO TeamSystem Facturas Billin","image":{"@type":"ImageObject","inLanguage":"es","@id":"https:\/\/www.billin.net\/blog\/#\/schema\/person\/image\/","url":"https:\/\/www.billin.net\/blog\/wp-content\/uploads\/2023\/10\/marcos-color-150x150.png","contentUrl":"https:\/\/www.billin.net\/blog\/wp-content\/uploads\/2023\/10\/marcos-color-150x150.png","caption":"Marcos De La Cueva - CEO TeamSystem Facturas Billin"},"description":"Licenciado en ADE por la Universidad Aut\u00f3noma de Madrid, Marcos De la Cueva es CEO y cofundador de TeamSystem Facturas Billin, un programa online que lleva m\u00e1s de 9 a\u00f1os ayudando a aut\u00f3nomos, peque\u00f1os negocios y gestor\u00edas a digitalizar sus presupuestos, facturas, tickets y gastos. \u00a0 Sobre Marcos De La Cueva \u00a0 Apasionado por el mundo empresarial y la tecnolog\u00eda, curs\u00f3 su M\u00e1ster de Finanzas en la Universidad Pontificia de Comillas y estuvo en el Programa de Cooperaci\u00f3n Educativa de la Universidad Aut\u00f3noma de Madrid. \u00a0 Marcos siempre ha tenido su objetivo claro: ayudar a la creaci\u00f3n de negocios financieramente sostenibles a trav\u00e9s de una herramienta de facturaci\u00f3n que les permita ahorrar tiempo y tener la contabilidad bajo control. \u00a0 Marcos De La Cueva en los medios \u2014 Noticia sobre Kit Digital y Ley Antifraude (VeriFactu) en El Economista. \u2014 Noticia sobre Kit Digital y factura electr\u00f3nica obligatoria en Diario Jur\u00eddico. \u2014 Noticia sobre el a\u00f1o de transici\u00f3n para la factura electr\u00f3nica en Muy Pymes. \u2014 Entrevista sobre factura electr\u00f3nica obligatoria en Canal Sur. \u2014 Noticia sobre el informe factura electr\u00f3nica de TeamSystem en Channel Partner. \u2014 Charla sobre productividad y Ley Crea y Crece en El Economista. \u2014 Charla sobre factura electr\u00f3nica obligatoria en Muy Pymes. \u2014 Charla sobre digitalizaci\u00f3n aut\u00f3nomos y productividad en esdiario. \u2014 Charla sobre productividad y factura electr\u00f3nica en La Raz\u00f3n. \u2014 Charla sobre factura electr\u00f3nica obligatoria en Aut\u00f3nomos y Emprendedores. \u2014 Entrevista sobre Ley Antifraude y Ley Crea y Crece en Expansi\u00f3n. \u2014 Entrevista sobre Ley Antifraude y Ley Crea y Crece en La Raz\u00f3n. \u2014 Entrevista sobre factura electr\u00f3nica obligatoria en El Economista. \u2014 Comunicado Billin y TeamSystem en Business Insider. \u2014 Entrevista en Econom\u00eda Digital. \u2014 Entrevista en Ideas para tu empresa de Vodafone. \u2014 Entrevista en M\u00e1sQradio. \u2014 Entrevista en Armas para emprender de El M\u00e9todo Gallardo. \u2014 Entrevista en KFund. \u2014 Entrevista en AXA Seguros Espa\u00f1a. \u2014 Entrevista en GestionaRadio. \u00a0 Marcos De La Cueva en eventos \u00a0 \u2014 Participaci\u00f3n como ponente en Accountex Espa\u00f1a 2023. \u00a0 Tem\u00e1ticas de especializaci\u00f3n \u00a0 negocios | startups | contabilidad| fiscalidad | empresas| asesor\u00edas| autonomos | emprendedores | peque\u00f1os negocios | econom\u00eda | ADE | pymes | desarrollo de negocio\u00a0","sameAs":["https:\/\/www.billin.net\/","https:\/\/www.linkedin.com\/in\/marcos-de-la-cueva-19750ba3\/"],"url":"https:\/\/www.billin.net\/blog\/author\/marcosdelacueva\/","jobTitle":"CEO y cofundador de TS Facturas Billin"}]}},"_links":{"self":[{"href":"https:\/\/www.billin.net\/blog\/wp-json\/wp\/v2\/posts\/20252","targetHints":{"allow":["GET"]}}],"collection":[{"href":"https:\/\/www.billin.net\/blog\/wp-json\/wp\/v2\/posts"}],"about":[{"href":"https:\/\/www.billin.net\/blog\/wp-json\/wp\/v2\/types\/post"}],"author":[{"embeddable":true,"href":"https:\/\/www.billin.net\/blog\/wp-json\/wp\/v2\/users\/20"}],"replies":[{"embeddable":true,"href":"https:\/\/www.billin.net\/blog\/wp-json\/wp\/v2\/comments?post=20252"}],"version-history":[{"count":9,"href":"https:\/\/www.billin.net\/blog\/wp-json\/wp\/v2\/posts\/20252\/revisions"}],"predecessor-version":[{"id":26715,"href":"https:\/\/www.billin.net\/blog\/wp-json\/wp\/v2\/posts\/20252\/revisions\/26715"}],"wp:featuredmedia":[{"embeddable":true,"href":"https:\/\/www.billin.net\/blog\/wp-json\/wp\/v2\/media\/19740"}],"wp:attachment":[{"href":"https:\/\/www.billin.net\/blog\/wp-json\/wp\/v2\/media?parent=20252"}],"wp:term":[{"taxonomy":"category","embeddable":true,"href":"https:\/\/www.billin.net\/blog\/wp-json\/wp\/v2\/categories?post=20252"},{"taxonomy":"post_tag","embeddable":true,"href":"https:\/\/www.billin.net\/blog\/wp-json\/wp\/v2\/tags?post=20252"}],"curies":[{"name":"wp","href":"https:\/\/api.w.org\/{rel}","templated":true}]}}