{"id":19775,"date":"2022-09-21T00:00:00","date_gmt":"2022-09-20T22:00:00","guid":{"rendered":"https:\/\/www.billin.net\/blog\/?p=19775"},"modified":"2025-09-25T20:33:33","modified_gmt":"2025-09-25T18:33:33","slug":"deflactar-irpf","status":"publish","type":"post","link":"https:\/\/www.billin.net\/blog\/deflactar-irpf\/","title":{"rendered":"La deflactaci\u00f3n del IRPF en los aut\u00f3nomos"},"content":{"rendered":"<p>La deflactaci\u00f3n del IRPF es un tema actual, debido a la subida de inflaci\u00f3n que vivimos actualmente todos los ciudadanos y sobre todo que afecta los aut\u00f3nomos.<\/p>\n<p>En este art\u00edculo te contamos qu\u00e9 significa deflactar y sus beneficios, adem\u00e1s de analizar sus efectos sobre los trabajadores y aut\u00f3nomos.<\/p>\n<p><!--more--><\/p>\n<h2><strong>\u00bfQu\u00e9 significa el t\u00e9rmino deflactar?<\/strong><\/h2>\n<p><strong>El significado del t\u00e9rmino deflactar es la adaptaci\u00f3n del precio real de un producto que se crearon por el cambio de la inflaci\u00f3n o deflaci\u00f3n<\/strong>, por tanto, es la transformaci\u00f3n de la magnitud precio, de manera est\u00e9 calibrado los valores nominales con los reales.<\/p>\n<p>Este proceso econ\u00f3mico asegura que los nuevos impuestos personales que pague un contribuyente<strong> le permitan mantener su actual capacidad econ\u00f3mica.<\/strong><\/p>\n<h2><strong>\u00bfQu\u00e9 es deflactar el IRPF?<\/strong><\/h2>\n<p>El hecho de plantearse actualmente las Comunidades Aut\u00f3nomas deflactar el IRPF, se debe al aumento de inflaci\u00f3n que ha surgido en estos \u00faltimos meses.<\/p>\n<p>Madrid y el Pa\u00eds Vasco se han adelantado a publicar que deflactar\u00e1n el IRPF debido a la subida del IPC, sobre todo en partidas b\u00e1sicas de alimentaci\u00f3n y energ\u00eda que han sufrido un elevado coste en muy corto plazo.<\/p>\n<p>Es decir, con la subida de IRPF, las familias han perdido poder adquisitivo.<\/p>\n<p>Por tanto, deflactar el IRPF implica entender previamente el funcionamiento del IRPF y c\u00f3mo le afecta la inflaci\u00f3n.<\/p>\n<h2><strong>En que beneficia deflactar impuestos<\/strong><\/h2>\n<p>El IRPF es un impuesto progresivo, eso quiere decir que <strong>cu\u00e1nto m\u00e1s se gana m\u00e1s alto ser\u00e1 el tipo impositivo a pagar a la Administraci\u00f3n<\/strong>, ahora bien, el problema es que los tramos de grav\u00e1menes del IRPF no se adjuntan autom\u00e1ticamente cuando hay una <a href=\"https:\/\/www.billin.net\/glosario\/definicion-indice-de-precios-ipc\/\" target=\"_blank\" rel=\"noopener\">subida del IPC<\/a>.<\/p>\n<p>Si se aplica la deflactaci\u00f3n del IRPF, los tramos se flexibilizar\u00edan para que los aut\u00f3nomos y trabajadores mantuviesen su poder adquisitivo.<\/p>\n<p>Por ello, el Estado deber\u00eda aumentar dichos tramos para que se absorbiera la inflaci\u00f3n, por ejemplo, si en el segundo tramo llega hasta 2.000 o 3.000 m\u00e1s de los 20.200 euros netos anuales, los aut\u00f3nomos no pasar\u00edan a pagar un 6% m\u00e1s de impuestos.<\/p>\n<p>Si esta medida se aprobara, los aut\u00f3nomos que ganen hasta, 3333 euros no ver\u00edan aumentada su carga tributaria.<\/p>\n<h2><strong>\u00bfCu\u00e1ndo es necesario deflactar los impuestos?<\/strong><\/h2>\n<p>Como hemos indicado anteriormente, <strong>es necesario deflactar los impuestos cuando la situaci\u00f3n econ\u00f3mica de un pa\u00eds vive una situaci\u00f3n de inflaci\u00f3n<\/strong>, de manera que, si una familia ingresa m\u00e1s dinero ese a\u00f1o, su tramo de renta se ajuste para que pague los mismos impuestos y no pierda su poder adquisitivo.<\/p>\n<p>Es una herramienta econ\u00f3mica para reducir impuestos, como, por ejemplo, deflactar las tarifas del IRPF.<\/p>\n<p>Imagina una persona que vive en la Comunidad de Madrid y cobra un sueldo de 20.200 euros,<strong> y su pagador le aumenta el salario en 2,5 % para compensar las subidas de IPC, pues bien, ese incremento le har\u00eda salta al tramo siguiente de IRPF, y pagar\u00eda un 3% m\u00e1s que el a\u00f1o anterior.<\/strong><\/p>\n<p>Por tanto, en un escenario con tanta inflaci\u00f3n, la subida salarial no llega a compensar los incrementos de los precios, ya que, se ver\u00e1 disminuida por el efecto del IRPF, sin tener en cuenta la p\u00e9rdida del poder adquisitivo de dicho ciudadano.<\/p>\n<p>Sin embargo, si las <a href=\"https:\/\/www.billin.net\/blog\/nuevas-tablas-irpf\/\" target=\"_blank\" rel=\"noopener\">tablas de IRPF<\/a> se actualizan en funci\u00f3n de la subida de salarios, el salto de tramo de IRPF no se producir\u00eda o ser\u00eda menor.<\/p>\n<p>Comunidades como el Pa\u00eds Vasco, que funcionan fuera del r\u00e9gimen fiscal general, ya han deflactado las tarifas del IRPF, subiendo un 1,5% los l\u00edmites de cada tramo del IRPF.<\/p>\n<h3><strong>\u00bfC\u00f3mo afecta la inflaci\u00f3n a los trabajadores?<\/strong><\/h3>\n<p>Actualmente, los precios siguen disparados, en el mes de julio se ha situado la inflaci\u00f3n en la tasa de 10,8%, marcando el nivel m\u00e1s alto desde septiembre del 1984.<\/p>\n<p>Esta subida inminente <strong>afecta de manera directa a toda la poblaci\u00f3n<\/strong>, ya que, por un lado, aumentan los precios de los alimentos, bebidas o electricidad, y tambi\u00e9n los sueldos y salarios cada vez valen menos.<\/p>\n<p>Conllevando a una p\u00e9rdida del poder adquisitivo, debido a que los precios no frenan en su escalada, <strong>generando una brecha entre la subida de salarios y el coste de vida.<\/strong><\/p>\n<p>Determinados convenios reflejan subidas anuales en los salarios ligadas al IPC, mientras que otras empresas optan por no subir el sueldo a sus trabajadores, ya que, no tienen obligaci\u00f3n al respecto.<\/p>\n<p>La media de los Convenios en Espa\u00f1a conlleva un aumento que est\u00e1 muy lejos de la media de la inflaci\u00f3n, puesto que, el IPC se sit\u00faa por encima del 10% seg\u00fan el Instituto Nacional de Estad\u00edstica frente al 2,4% de los convenios.<\/p>\n<p>La situaci\u00f3n se antoja complicada porque no hay una f\u00f3rmula m\u00e1gica para reducir la inflaci\u00f3n que es lo primordial. Una deflaci\u00f3n de los impuestos ayudar\u00eda a reducir la p\u00e9rdida de poder adquisitivo tal y como hemos explicado.<\/p>\n","protected":false},"excerpt":{"rendered":"<p>La deflactaci\u00f3n del IRPF es un tema actual, debido a la subida de inflaci\u00f3n que vivimos actualmente todos los ciudadanos y sobre todo que afecta los aut\u00f3nomos. En este art\u00edculo te contamos qu\u00e9 significa deflactar y sus beneficios, adem\u00e1s de analizar sus efectos sobre los trabajadores y aut\u00f3nomos.<\/p>\n","protected":false},"author":20,"featured_media":19776,"comment_status":"open","ping_status":"open","sticky":false,"template":"","format":"standard","meta":{"_acf_changed":false,"_et_pb_use_builder":"","_et_pb_old_content":"","_et_gb_content_width":"","om_disable_all_campaigns":false,"inline_featured_image":false,"footnotes":""},"categories":[1014],"tags":[1380],"class_list":{"0":"post-19775","1":"post","2":"type-post","3":"status-publish","4":"format-standard","5":"has-post-thumbnail","7":"category-fiscalidad","8":"tag-autonomos"},"acf":{"selector_de_usuario":null,"fecha_de_revision":"20220922"},"yoast_head":"<!-- This site is optimized with the Yoast SEO plugin v27.1 - https:\/\/yoast.com\/product\/yoast-seo-wordpress\/ -->\n<title>Deflactar el IRPF \u00bfC\u00f3mo afectar\u00eda a los aut\u00f3nomos? - TeamSystem Facturas Billin<\/title>\n<meta name=\"description\" content=\"Te contamos en que consiste la deflactaci\u00f3n de los impuestos y c\u00f3mo afectar\u00eda esta medida a los aut\u00f3nomos en su poder adquisitivo\" \/>\n<meta name=\"robots\" content=\"index, follow, max-snippet:-1, max-image-preview:large, max-video-preview:-1\" \/>\n<link rel=\"canonical\" href=\"https:\/\/www.billin.net\/blog\/deflactar-irpf\/\" \/>\n<meta property=\"og:locale\" content=\"es_ES\" \/>\n<meta property=\"og:type\" content=\"article\" \/>\n<meta property=\"og:title\" content=\"Deflactar el IRPF \u00bfC\u00f3mo afectar\u00eda a los aut\u00f3nomos? - TeamSystem Facturas Billin\" \/>\n<meta property=\"og:description\" content=\"Te contamos en que consiste la deflactaci\u00f3n de los impuestos y c\u00f3mo afectar\u00eda esta medida a los aut\u00f3nomos en su poder adquisitivo\" \/>\n<meta property=\"og:url\" content=\"https:\/\/www.billin.net\/blog\/deflactar-irpf\/\" \/>\n<meta property=\"og:site_name\" content=\"Blog de TeamSystem Facturas Billin\" \/>\n<meta property=\"article:publisher\" content=\"https:\/\/www.facebook.com\/EsBillin\" \/>\n<meta property=\"article:published_time\" content=\"2022-09-20T22:00:00+00:00\" \/>\n<meta property=\"article:modified_time\" content=\"2025-09-25T18:33:33+00:00\" \/>\n<meta property=\"og:image\" content=\"https:\/\/www.billin.net\/blog\/wp-content\/uploads\/2022\/09\/Deflactar-IRPF.jpeg\" \/>\n\t<meta property=\"og:image:width\" content=\"2262\" \/>\n\t<meta property=\"og:image:height\" content=\"1500\" \/>\n\t<meta property=\"og:image:type\" content=\"image\/jpeg\" \/>\n<meta name=\"author\" content=\"Marcos De La Cueva - CEO TeamSystem Facturas Billin\" \/>\n<meta name=\"twitter:card\" content=\"summary_large_image\" \/>\n<meta name=\"twitter:creator\" content=\"@Billin_ES\" \/>\n<meta name=\"twitter:site\" content=\"@Billin_ES\" \/>\n<meta name=\"twitter:label1\" content=\"Escrito por\" \/>\n\t<meta name=\"twitter:data1\" content=\"Marcos De La Cueva - CEO TeamSystem Facturas Billin\" \/>\n\t<meta name=\"twitter:label2\" content=\"Tiempo de lectura\" \/>\n\t<meta name=\"twitter:data2\" content=\"4 minutos\" \/>\n<script type=\"application\/ld+json\" class=\"yoast-schema-graph\">{\"@context\":\"https:\/\/schema.org\",\"@graph\":[{\"@type\":\"Article\",\"@id\":\"https:\/\/www.billin.net\/blog\/deflactar-irpf\/#article\",\"isPartOf\":{\"@id\":\"https:\/\/www.billin.net\/blog\/deflactar-irpf\/\"},\"author\":{\"name\":\"Marcos De La Cueva - CEO TeamSystem Facturas Billin\",\"@id\":\"https:\/\/www.billin.net\/blog\/#\/schema\/person\/d0339ee6e869234614541b1e80a793e7\"},\"headline\":\"La deflactaci\u00f3n del IRPF en los aut\u00f3nomos\",\"datePublished\":\"2022-09-20T22:00:00+00:00\",\"dateModified\":\"2025-09-25T18:33:33+00:00\",\"mainEntityOfPage\":{\"@id\":\"https:\/\/www.billin.net\/blog\/deflactar-irpf\/\"},\"wordCount\":862,\"commentCount\":2,\"publisher\":{\"@id\":\"https:\/\/www.billin.net\/blog\/#organization\"},\"image\":{\"@id\":\"https:\/\/www.billin.net\/blog\/deflactar-irpf\/#primaryimage\"},\"thumbnailUrl\":\"https:\/\/www.billin.net\/blog\/wp-content\/uploads\/2022\/09\/Deflactar-IRPF.jpeg\",\"keywords\":[\"Aut\u00f3nomos\"],\"articleSection\":[\"Fiscalidad\"],\"inLanguage\":\"es\",\"potentialAction\":[{\"@type\":\"CommentAction\",\"name\":\"Comment\",\"target\":[\"https:\/\/www.billin.net\/blog\/deflactar-irpf\/#respond\"]}]},{\"@type\":\"WebPage\",\"@id\":\"https:\/\/www.billin.net\/blog\/deflactar-irpf\/\",\"url\":\"https:\/\/www.billin.net\/blog\/deflactar-irpf\/\",\"name\":\"Deflactar el IRPF \u00bfC\u00f3mo afectar\u00eda a los aut\u00f3nomos? - TeamSystem Facturas Billin\",\"isPartOf\":{\"@id\":\"https:\/\/www.billin.net\/blog\/#website\"},\"primaryImageOfPage\":{\"@id\":\"https:\/\/www.billin.net\/blog\/deflactar-irpf\/#primaryimage\"},\"image\":{\"@id\":\"https:\/\/www.billin.net\/blog\/deflactar-irpf\/#primaryimage\"},\"thumbnailUrl\":\"https:\/\/www.billin.net\/blog\/wp-content\/uploads\/2022\/09\/Deflactar-IRPF.jpeg\",\"datePublished\":\"2022-09-20T22:00:00+00:00\",\"dateModified\":\"2025-09-25T18:33:33+00:00\",\"description\":\"Te contamos en que consiste la deflactaci\u00f3n de los impuestos y c\u00f3mo afectar\u00eda esta medida a los aut\u00f3nomos en su poder adquisitivo\",\"breadcrumb\":{\"@id\":\"https:\/\/www.billin.net\/blog\/deflactar-irpf\/#breadcrumb\"},\"inLanguage\":\"es\",\"potentialAction\":[{\"@type\":\"ReadAction\",\"target\":[\"https:\/\/www.billin.net\/blog\/deflactar-irpf\/\"]}]},{\"@type\":\"ImageObject\",\"inLanguage\":\"es\",\"@id\":\"https:\/\/www.billin.net\/blog\/deflactar-irpf\/#primaryimage\",\"url\":\"https:\/\/www.billin.net\/blog\/wp-content\/uploads\/2022\/09\/Deflactar-IRPF.jpeg\",\"contentUrl\":\"https:\/\/www.billin.net\/blog\/wp-content\/uploads\/2022\/09\/Deflactar-IRPF.jpeg\",\"width\":2262,\"height\":1500,\"caption\":\"deflacion del irpf\"},{\"@type\":\"BreadcrumbList\",\"@id\":\"https:\/\/www.billin.net\/blog\/deflactar-irpf\/#breadcrumb\",\"itemListElement\":[{\"@type\":\"ListItem\",\"position\":1,\"name\":\"Blog\",\"item\":\"https:\/\/www.billin.net\/blog\/\"},{\"@type\":\"ListItem\",\"position\":2,\"name\":\"Fiscalidad\",\"item\":\"https:\/\/www.billin.net\/blog\/fiscalidad\/\"},{\"@type\":\"ListItem\",\"position\":3,\"name\":\"La deflactaci\u00f3n del IRPF en los aut\u00f3nomos\"}]},{\"@type\":\"WebSite\",\"@id\":\"https:\/\/www.billin.net\/blog\/#website\",\"url\":\"https:\/\/www.billin.net\/blog\/\",\"name\":\"Blog de Billin\",\"description\":\"Mantente informado con el blog de TeamSystem Facturas Billin:  facturaci\u00f3n, legislaci\u00f3n, contabilidad, management y toda la informaci\u00f3n \u00fatil para pymes y aut\u00f3nomos.\",\"publisher\":{\"@id\":\"https:\/\/www.billin.net\/blog\/#organization\"},\"potentialAction\":[{\"@type\":\"SearchAction\",\"target\":{\"@type\":\"EntryPoint\",\"urlTemplate\":\"https:\/\/www.billin.net\/blog\/?s={search_term_string}\"},\"query-input\":{\"@type\":\"PropertyValueSpecification\",\"valueRequired\":true,\"valueName\":\"search_term_string\"}}],\"inLanguage\":\"es\"},{\"@type\":\"Organization\",\"@id\":\"https:\/\/www.billin.net\/blog\/#organization\",\"name\":\"Billin\",\"alternateName\":\"Blog de Billin\",\"url\":\"https:\/\/www.billin.net\/blog\/\",\"logo\":{\"@type\":\"ImageObject\",\"inLanguage\":\"es\",\"@id\":\"https:\/\/www.billin.net\/blog\/#\/schema\/logo\/image\/\",\"url\":\"https:\/\/www.billin.net\/blog\/wp-content\/uploads\/2019\/06\/logotipo-billin-blog-1.png\",\"contentUrl\":\"https:\/\/www.billin.net\/blog\/wp-content\/uploads\/2019\/06\/logotipo-billin-blog-1.png\",\"width\":126,\"height\":50,\"caption\":\"Billin\"},\"image\":{\"@id\":\"https:\/\/www.billin.net\/blog\/#\/schema\/logo\/image\/\"},\"sameAs\":[\"https:\/\/www.facebook.com\/EsBillin\",\"https:\/\/x.com\/Billin_ES\",\"https:\/\/www.instagram.com\/billin_es\/\",\"https:\/\/www.linkedin.com\/company\/billin-spain\",\"https:\/\/www.youtube.com\/c\/BillinEsintercambiodefacturas\/\"],\"legalName\":\"MY EXPENSES SL\",\"contactPoint\":{\"@type\":\"ContactPoint\",\"telephone\":\"+34918318883\",\"contactType\":\"customer service\",\"email\":\"info@billin.eu\",\"availableLanguage\":\"es\"},\"foundingDate\":\"2015\",\"numberOfEmployees\":{\"@type\":\"QuantitativeValue\",\"minValue\":10,\"maxValue\":50},\"parentOrganization\":{\"@type\":\"Organization\",\"name\":\"TeamSystem\",\"url\":\"https:\/\/www.teamsystem.com\/\"},\"description\":\"Billin es el programa de facturaci\u00f3n online de TeamSystem para aut\u00f3nomos y pymes en Espa\u00f1a. Permite crear facturas, controlar gastos y cumplir con Verifactu.\",\"address\":{\"@type\":\"PostalAddress\",\"streetAddress\":\"Calle Arturo Soria, 336\",\"addressLocality\":\"Madrid\",\"addressRegion\":\"Madrid\",\"postalCode\":\"28033\",\"addressCountry\":\"ES\"}},{\"@type\":\"Person\",\"@id\":\"https:\/\/www.billin.net\/blog\/#\/schema\/person\/d0339ee6e869234614541b1e80a793e7\",\"name\":\"Marcos De La Cueva - CEO TeamSystem Facturas Billin\",\"image\":{\"@type\":\"ImageObject\",\"inLanguage\":\"es\",\"@id\":\"https:\/\/www.billin.net\/blog\/#\/schema\/person\/image\/\",\"url\":\"https:\/\/www.billin.net\/blog\/wp-content\/uploads\/2023\/10\/marcos-color-150x150.png\",\"contentUrl\":\"https:\/\/www.billin.net\/blog\/wp-content\/uploads\/2023\/10\/marcos-color-150x150.png\",\"caption\":\"Marcos De La Cueva - CEO TeamSystem Facturas Billin\"},\"description\":\"Licenciado en ADE por la Universidad Aut\u00f3noma de Madrid, Marcos De la Cueva es CEO y cofundador de TeamSystem Facturas Billin, un programa online que lleva m\u00e1s de 9 a\u00f1os ayudando a aut\u00f3nomos, peque\u00f1os negocios y gestor\u00edas a digitalizar sus presupuestos, facturas, tickets y gastos. \u00a0 Sobre Marcos De La Cueva \u00a0 Apasionado por el mundo empresarial y la tecnolog\u00eda, curs\u00f3 su M\u00e1ster de Finanzas en la Universidad Pontificia de Comillas y estuvo en el Programa de Cooperaci\u00f3n Educativa de la Universidad Aut\u00f3noma de Madrid. \u00a0 Marcos siempre ha tenido su objetivo claro: ayudar a la creaci\u00f3n de negocios financieramente sostenibles a trav\u00e9s de una herramienta de facturaci\u00f3n que les permita ahorrar tiempo y tener la contabilidad bajo control. \u00a0 Marcos De La Cueva en los medios \u2014 Noticia sobre Kit Digital y Ley Antifraude (VeriFactu) en El Economista. \u2014 Noticia sobre Kit Digital y factura electr\u00f3nica obligatoria en Diario Jur\u00eddico. \u2014 Noticia sobre el a\u00f1o de transici\u00f3n para la factura electr\u00f3nica en Muy Pymes. \u2014 Entrevista sobre factura electr\u00f3nica obligatoria en Canal Sur. \u2014 Noticia sobre el informe factura electr\u00f3nica de TeamSystem en Channel Partner. \u2014 Charla sobre productividad y Ley Crea y Crece en El Economista. \u2014 Charla sobre factura electr\u00f3nica obligatoria en Muy Pymes. \u2014 Charla sobre digitalizaci\u00f3n aut\u00f3nomos y productividad en esdiario. \u2014 Charla sobre productividad y factura electr\u00f3nica en La Raz\u00f3n. \u2014 Charla sobre factura electr\u00f3nica obligatoria en Aut\u00f3nomos y Emprendedores. \u2014 Entrevista sobre Ley Antifraude y Ley Crea y Crece en Expansi\u00f3n. \u2014 Entrevista sobre Ley Antifraude y Ley Crea y Crece en La Raz\u00f3n. \u2014 Entrevista sobre factura electr\u00f3nica obligatoria en El Economista. \u2014 Comunicado Billin y TeamSystem en Business Insider. \u2014 Entrevista en Econom\u00eda Digital. \u2014 Entrevista en Ideas para tu empresa de Vodafone. \u2014 Entrevista en M\u00e1sQradio. \u2014 Entrevista en Armas para emprender de El M\u00e9todo Gallardo. \u2014 Entrevista en KFund. \u2014 Entrevista en AXA Seguros Espa\u00f1a. \u2014 Entrevista en GestionaRadio. \u00a0 Marcos De La Cueva en eventos \u00a0 \u2014 Participaci\u00f3n como ponente en Accountex Espa\u00f1a 2023. \u00a0 Tem\u00e1ticas de especializaci\u00f3n \u00a0 negocios | startups | contabilidad| fiscalidad | empresas| asesor\u00edas| autonomos | emprendedores | peque\u00f1os negocios | econom\u00eda | ADE | pymes | desarrollo de negocio\u00a0\",\"sameAs\":[\"https:\/\/www.billin.net\/\",\"https:\/\/www.linkedin.com\/in\/marcos-de-la-cueva-19750ba3\/\"],\"url\":\"https:\/\/www.billin.net\/blog\/author\/marcosdelacueva\/\",\"jobTitle\":\"CEO y cofundador de TS Facturas Billin\"}]}<\/script>\n<!-- \/ Yoast SEO plugin. -->","yoast_head_json":{"title":"Deflactar el IRPF \u00bfC\u00f3mo afectar\u00eda a los aut\u00f3nomos? - TeamSystem Facturas Billin","description":"Te contamos en que consiste la deflactaci\u00f3n de los impuestos y c\u00f3mo afectar\u00eda esta medida a los aut\u00f3nomos en su poder adquisitivo","robots":{"index":"index","follow":"follow","max-snippet":"max-snippet:-1","max-image-preview":"max-image-preview:large","max-video-preview":"max-video-preview:-1"},"canonical":"https:\/\/www.billin.net\/blog\/deflactar-irpf\/","og_locale":"es_ES","og_type":"article","og_title":"Deflactar el IRPF \u00bfC\u00f3mo afectar\u00eda a los aut\u00f3nomos? - TeamSystem Facturas Billin","og_description":"Te contamos en que consiste la deflactaci\u00f3n de los impuestos y c\u00f3mo afectar\u00eda esta medida a los aut\u00f3nomos en su poder adquisitivo","og_url":"https:\/\/www.billin.net\/blog\/deflactar-irpf\/","og_site_name":"Blog de TeamSystem Facturas Billin","article_publisher":"https:\/\/www.facebook.com\/EsBillin","article_published_time":"2022-09-20T22:00:00+00:00","article_modified_time":"2025-09-25T18:33:33+00:00","og_image":[{"width":2262,"height":1500,"url":"https:\/\/www.billin.net\/blog\/wp-content\/uploads\/2022\/09\/Deflactar-IRPF.jpeg","type":"image\/jpeg"}],"author":"Marcos De La Cueva - CEO TeamSystem Facturas Billin","twitter_card":"summary_large_image","twitter_creator":"@Billin_ES","twitter_site":"@Billin_ES","twitter_misc":{"Escrito por":"Marcos De La Cueva - CEO TeamSystem Facturas Billin","Tiempo de lectura":"4 minutos"},"schema":{"@context":"https:\/\/schema.org","@graph":[{"@type":"Article","@id":"https:\/\/www.billin.net\/blog\/deflactar-irpf\/#article","isPartOf":{"@id":"https:\/\/www.billin.net\/blog\/deflactar-irpf\/"},"author":{"name":"Marcos De La Cueva - CEO TeamSystem Facturas Billin","@id":"https:\/\/www.billin.net\/blog\/#\/schema\/person\/d0339ee6e869234614541b1e80a793e7"},"headline":"La deflactaci\u00f3n del IRPF en los aut\u00f3nomos","datePublished":"2022-09-20T22:00:00+00:00","dateModified":"2025-09-25T18:33:33+00:00","mainEntityOfPage":{"@id":"https:\/\/www.billin.net\/blog\/deflactar-irpf\/"},"wordCount":862,"commentCount":2,"publisher":{"@id":"https:\/\/www.billin.net\/blog\/#organization"},"image":{"@id":"https:\/\/www.billin.net\/blog\/deflactar-irpf\/#primaryimage"},"thumbnailUrl":"https:\/\/www.billin.net\/blog\/wp-content\/uploads\/2022\/09\/Deflactar-IRPF.jpeg","keywords":["Aut\u00f3nomos"],"articleSection":["Fiscalidad"],"inLanguage":"es","potentialAction":[{"@type":"CommentAction","name":"Comment","target":["https:\/\/www.billin.net\/blog\/deflactar-irpf\/#respond"]}]},{"@type":"WebPage","@id":"https:\/\/www.billin.net\/blog\/deflactar-irpf\/","url":"https:\/\/www.billin.net\/blog\/deflactar-irpf\/","name":"Deflactar el IRPF \u00bfC\u00f3mo afectar\u00eda a los aut\u00f3nomos? - TeamSystem Facturas Billin","isPartOf":{"@id":"https:\/\/www.billin.net\/blog\/#website"},"primaryImageOfPage":{"@id":"https:\/\/www.billin.net\/blog\/deflactar-irpf\/#primaryimage"},"image":{"@id":"https:\/\/www.billin.net\/blog\/deflactar-irpf\/#primaryimage"},"thumbnailUrl":"https:\/\/www.billin.net\/blog\/wp-content\/uploads\/2022\/09\/Deflactar-IRPF.jpeg","datePublished":"2022-09-20T22:00:00+00:00","dateModified":"2025-09-25T18:33:33+00:00","description":"Te contamos en que consiste la deflactaci\u00f3n de los impuestos y c\u00f3mo afectar\u00eda esta medida a los aut\u00f3nomos en su poder adquisitivo","breadcrumb":{"@id":"https:\/\/www.billin.net\/blog\/deflactar-irpf\/#breadcrumb"},"inLanguage":"es","potentialAction":[{"@type":"ReadAction","target":["https:\/\/www.billin.net\/blog\/deflactar-irpf\/"]}]},{"@type":"ImageObject","inLanguage":"es","@id":"https:\/\/www.billin.net\/blog\/deflactar-irpf\/#primaryimage","url":"https:\/\/www.billin.net\/blog\/wp-content\/uploads\/2022\/09\/Deflactar-IRPF.jpeg","contentUrl":"https:\/\/www.billin.net\/blog\/wp-content\/uploads\/2022\/09\/Deflactar-IRPF.jpeg","width":2262,"height":1500,"caption":"deflacion del irpf"},{"@type":"BreadcrumbList","@id":"https:\/\/www.billin.net\/blog\/deflactar-irpf\/#breadcrumb","itemListElement":[{"@type":"ListItem","position":1,"name":"Blog","item":"https:\/\/www.billin.net\/blog\/"},{"@type":"ListItem","position":2,"name":"Fiscalidad","item":"https:\/\/www.billin.net\/blog\/fiscalidad\/"},{"@type":"ListItem","position":3,"name":"La deflactaci\u00f3n del IRPF en los aut\u00f3nomos"}]},{"@type":"WebSite","@id":"https:\/\/www.billin.net\/blog\/#website","url":"https:\/\/www.billin.net\/blog\/","name":"Blog de Billin","description":"Mantente informado con el blog de TeamSystem Facturas Billin:  facturaci\u00f3n, legislaci\u00f3n, contabilidad, management y toda la informaci\u00f3n \u00fatil para pymes y aut\u00f3nomos.","publisher":{"@id":"https:\/\/www.billin.net\/blog\/#organization"},"potentialAction":[{"@type":"SearchAction","target":{"@type":"EntryPoint","urlTemplate":"https:\/\/www.billin.net\/blog\/?s={search_term_string}"},"query-input":{"@type":"PropertyValueSpecification","valueRequired":true,"valueName":"search_term_string"}}],"inLanguage":"es"},{"@type":"Organization","@id":"https:\/\/www.billin.net\/blog\/#organization","name":"Billin","alternateName":"Blog de Billin","url":"https:\/\/www.billin.net\/blog\/","logo":{"@type":"ImageObject","inLanguage":"es","@id":"https:\/\/www.billin.net\/blog\/#\/schema\/logo\/image\/","url":"https:\/\/www.billin.net\/blog\/wp-content\/uploads\/2019\/06\/logotipo-billin-blog-1.png","contentUrl":"https:\/\/www.billin.net\/blog\/wp-content\/uploads\/2019\/06\/logotipo-billin-blog-1.png","width":126,"height":50,"caption":"Billin"},"image":{"@id":"https:\/\/www.billin.net\/blog\/#\/schema\/logo\/image\/"},"sameAs":["https:\/\/www.facebook.com\/EsBillin","https:\/\/x.com\/Billin_ES","https:\/\/www.instagram.com\/billin_es\/","https:\/\/www.linkedin.com\/company\/billin-spain","https:\/\/www.youtube.com\/c\/BillinEsintercambiodefacturas\/"],"legalName":"MY EXPENSES SL","contactPoint":{"@type":"ContactPoint","telephone":"+34918318883","contactType":"customer service","email":"info@billin.eu","availableLanguage":"es"},"foundingDate":"2015","numberOfEmployees":{"@type":"QuantitativeValue","minValue":10,"maxValue":50},"parentOrganization":{"@type":"Organization","name":"TeamSystem","url":"https:\/\/www.teamsystem.com\/"},"description":"Billin es el programa de facturaci\u00f3n online de TeamSystem para aut\u00f3nomos y pymes en Espa\u00f1a. Permite crear facturas, controlar gastos y cumplir con Verifactu.","address":{"@type":"PostalAddress","streetAddress":"Calle Arturo Soria, 336","addressLocality":"Madrid","addressRegion":"Madrid","postalCode":"28033","addressCountry":"ES"}},{"@type":"Person","@id":"https:\/\/www.billin.net\/blog\/#\/schema\/person\/d0339ee6e869234614541b1e80a793e7","name":"Marcos De La Cueva - CEO TeamSystem Facturas Billin","image":{"@type":"ImageObject","inLanguage":"es","@id":"https:\/\/www.billin.net\/blog\/#\/schema\/person\/image\/","url":"https:\/\/www.billin.net\/blog\/wp-content\/uploads\/2023\/10\/marcos-color-150x150.png","contentUrl":"https:\/\/www.billin.net\/blog\/wp-content\/uploads\/2023\/10\/marcos-color-150x150.png","caption":"Marcos De La Cueva - CEO TeamSystem Facturas Billin"},"description":"Licenciado en ADE por la Universidad Aut\u00f3noma de Madrid, Marcos De la Cueva es CEO y cofundador de TeamSystem Facturas Billin, un programa online que lleva m\u00e1s de 9 a\u00f1os ayudando a aut\u00f3nomos, peque\u00f1os negocios y gestor\u00edas a digitalizar sus presupuestos, facturas, tickets y gastos. \u00a0 Sobre Marcos De La Cueva \u00a0 Apasionado por el mundo empresarial y la tecnolog\u00eda, curs\u00f3 su M\u00e1ster de Finanzas en la Universidad Pontificia de Comillas y estuvo en el Programa de Cooperaci\u00f3n Educativa de la Universidad Aut\u00f3noma de Madrid. \u00a0 Marcos siempre ha tenido su objetivo claro: ayudar a la creaci\u00f3n de negocios financieramente sostenibles a trav\u00e9s de una herramienta de facturaci\u00f3n que les permita ahorrar tiempo y tener la contabilidad bajo control. \u00a0 Marcos De La Cueva en los medios \u2014 Noticia sobre Kit Digital y Ley Antifraude (VeriFactu) en El Economista. \u2014 Noticia sobre Kit Digital y factura electr\u00f3nica obligatoria en Diario Jur\u00eddico. \u2014 Noticia sobre el a\u00f1o de transici\u00f3n para la factura electr\u00f3nica en Muy Pymes. \u2014 Entrevista sobre factura electr\u00f3nica obligatoria en Canal Sur. \u2014 Noticia sobre el informe factura electr\u00f3nica de TeamSystem en Channel Partner. \u2014 Charla sobre productividad y Ley Crea y Crece en El Economista. \u2014 Charla sobre factura electr\u00f3nica obligatoria en Muy Pymes. \u2014 Charla sobre digitalizaci\u00f3n aut\u00f3nomos y productividad en esdiario. \u2014 Charla sobre productividad y factura electr\u00f3nica en La Raz\u00f3n. \u2014 Charla sobre factura electr\u00f3nica obligatoria en Aut\u00f3nomos y Emprendedores. \u2014 Entrevista sobre Ley Antifraude y Ley Crea y Crece en Expansi\u00f3n. \u2014 Entrevista sobre Ley Antifraude y Ley Crea y Crece en La Raz\u00f3n. \u2014 Entrevista sobre factura electr\u00f3nica obligatoria en El Economista. \u2014 Comunicado Billin y TeamSystem en Business Insider. \u2014 Entrevista en Econom\u00eda Digital. \u2014 Entrevista en Ideas para tu empresa de Vodafone. \u2014 Entrevista en M\u00e1sQradio. \u2014 Entrevista en Armas para emprender de El M\u00e9todo Gallardo. \u2014 Entrevista en KFund. \u2014 Entrevista en AXA Seguros Espa\u00f1a. \u2014 Entrevista en GestionaRadio. \u00a0 Marcos De La Cueva en eventos \u00a0 \u2014 Participaci\u00f3n como ponente en Accountex Espa\u00f1a 2023. \u00a0 Tem\u00e1ticas de especializaci\u00f3n \u00a0 negocios | startups | contabilidad| fiscalidad | empresas| asesor\u00edas| autonomos | emprendedores | peque\u00f1os negocios | econom\u00eda | ADE | pymes | desarrollo de negocio\u00a0","sameAs":["https:\/\/www.billin.net\/","https:\/\/www.linkedin.com\/in\/marcos-de-la-cueva-19750ba3\/"],"url":"https:\/\/www.billin.net\/blog\/author\/marcosdelacueva\/","jobTitle":"CEO y cofundador de TS Facturas Billin"}]}},"_links":{"self":[{"href":"https:\/\/www.billin.net\/blog\/wp-json\/wp\/v2\/posts\/19775","targetHints":{"allow":["GET"]}}],"collection":[{"href":"https:\/\/www.billin.net\/blog\/wp-json\/wp\/v2\/posts"}],"about":[{"href":"https:\/\/www.billin.net\/blog\/wp-json\/wp\/v2\/types\/post"}],"author":[{"embeddable":true,"href":"https:\/\/www.billin.net\/blog\/wp-json\/wp\/v2\/users\/20"}],"replies":[{"embeddable":true,"href":"https:\/\/www.billin.net\/blog\/wp-json\/wp\/v2\/comments?post=19775"}],"version-history":[{"count":5,"href":"https:\/\/www.billin.net\/blog\/wp-json\/wp\/v2\/posts\/19775\/revisions"}],"predecessor-version":[{"id":26752,"href":"https:\/\/www.billin.net\/blog\/wp-json\/wp\/v2\/posts\/19775\/revisions\/26752"}],"wp:featuredmedia":[{"embeddable":true,"href":"https:\/\/www.billin.net\/blog\/wp-json\/wp\/v2\/media\/19776"}],"wp:attachment":[{"href":"https:\/\/www.billin.net\/blog\/wp-json\/wp\/v2\/media?parent=19775"}],"wp:term":[{"taxonomy":"category","embeddable":true,"href":"https:\/\/www.billin.net\/blog\/wp-json\/wp\/v2\/categories?post=19775"},{"taxonomy":"post_tag","embeddable":true,"href":"https:\/\/www.billin.net\/blog\/wp-json\/wp\/v2\/tags?post=19775"}],"curies":[{"name":"wp","href":"https:\/\/api.w.org\/{rel}","templated":true}]}}