{"id":19648,"date":"2022-08-03T00:00:00","date_gmt":"2022-08-02T22:00:00","guid":{"rendered":"https:\/\/www.billin.net\/blog\/?p=19648"},"modified":"2025-09-25T20:34:13","modified_gmt":"2025-09-25T18:34:13","slug":"desgravacion-salario-autonomos-societarios","status":"publish","type":"post","link":"https:\/\/www.billin.net\/blog\/desgravacion-salario-autonomos-societarios\/","title":{"rendered":"La desgravaci\u00f3n del salario de los aut\u00f3nomos societarios"},"content":{"rendered":"<p>Las \u00faltimas sentencias del Tribunal Supremo <strong>admiten que el salario de los aut\u00f3nomos societarios pueda deducirse como gasto, al igual que el resto de socios, en el Impuesto sobre Sociedades<\/strong>, ya que, anteriormente, la Agencia Tributaria entend\u00eda que ese gasto no era deducible.<\/p>\n<p>Normalmente, el aut\u00f3nomo societario corresponde a un socio que tiene al menos el 33% de participaciones de una sociedad mercantil, y es un socio trabajador, una situaci\u00f3n muy habitual en sociedades limitadas.<\/p>\n<p>Tambi\u00e9n un socio que realice funciones de direcci\u00f3n y tenga un m\u00ednimo del 25% de participaciones debe darse de <a href=\"https:\/\/www.billin.net\/blog\/autonomo-societario\/\" target=\"_blank\" rel=\"noopener\">alta como aut\u00f3nomo societario<\/a>.<\/p>\n<p>Te contamos todas las situaciones y como se debe cobrar el <strong>salario de los aut\u00f3nomos societarios<\/strong>.<\/p>\n<p><!--more--><\/p>\n<h2><strong>\u00a0<\/strong><strong>\u00bfQu\u00e9 es un aut\u00f3nomo societario?<\/strong><\/h2>\n<p>Un aut\u00f3nomo societario<strong> es un trabajador por cuenta propia que ha constituido una sociedad mercantil, independientemente de la forma jur\u00eddica.<\/strong><\/p>\n<p>Normalmente, suele ser un fundador o socio de la empresa, que a su vez es un trabajador de la misma.<\/p>\n<p><strong>Los aut\u00f3nomos societarios suelen tener unas obligaciones contables, mercantiles y fiscales m\u00e1s complejas que un aut\u00f3nomo<\/strong>, adem\u00e1s su proceso de <a href=\"https:\/\/www.billin.net\/blog\/alta-autonomo-seguridad-social\/\" target=\"_blank\" rel=\"noopener\">alta en el RETA<\/a> es m\u00e1s complicado, pagan cotizaciones mayores, no responde de la responsabilidad con su patrimonio personal y tributan normalmente por una cantidad fija de ingresos.<\/p>\n<p>Desde la creaci\u00f3n de la tarifa plana y hasta 2020,<strong> la Seguridad Social ha denegado a los aut\u00f3nomos societarios poder beneficiarse de las bonificaciones, simplemente por ser personas jur\u00eddicas.<\/strong><\/p>\n<p>Gracias a diferentes sentencias a favor del aut\u00f3nomo societario han sentado jurisprudencia para poder cambiar ese criterio en Seguridad Social.<\/p>\n<p>Por tanto, un aut\u00f3nomo societario si<strong> tiene derecho a <a href=\"https:\/\/www.billin.net\/blog\/requisitos-cumplir-tarifa-plana\/\" target=\"_blank\" rel=\"noopener\">solicitar la tarifa plana de aut\u00f3nomo<\/a><\/strong>, aunque no ser\u00e1 la cuota de 60 euros inicial durante el primer a\u00f1o, sino que se aplica el 80% de bonificaci\u00f3n sobre la base m\u00ednima de cotizaci\u00f3n establecida para el a\u00f1o 2022 de 1.234,86 euros.<\/p>\n<p>Una vez pase el primer a\u00f1o se aplicar\u00e1n bonificaciones por tramos establecidos, es decir, el 50% los siguientes seis meses, y el 30% en los \u00faltimos seis meses del segundo a\u00f1o.<\/p>\n<h2><strong>\u00bfPor qu\u00e9 no era deducible el salario del socio?<\/strong><\/h2>\n<p>A partir de la sentencia del Tribunal Supremo se ha marcado una nueva doctrina que va a permitir a peque\u00f1as y medianas empresas deducir en el <a href=\"https:\/\/www.billin.net\/blog\/impuesto-de-sociedades\/\" target=\"_blank\" rel=\"noopener\">Impuesto sobre Sociedades<\/a>, las retribuciones que recibe los socios trabajadores.<\/p>\n<p>Anteriormente, a estas sentencias, una sociedad, independientemente de las participaciones sociales que tuviese un socio, <strong>si estaba dado de alta como aut\u00f3nomo societario, pod\u00eda cobrar un salario, pero no era deducible en el Impuesto sobre Sociedades<\/strong>, si no se detallaba expresamente en los estatutos de la sociedad, que el socio trabajador deb\u00eda cobrar un importe determinado.<\/p>\n<p>La Administraci\u00f3n entend\u00eda que esas retribuciones no eran deducibles porque no eran obligatorias.<\/p>\n<h3><strong>Formas en las que cobraba un aut\u00f3nomo societario de su empresa<\/strong><\/h3>\n<p>Dentro de los aut\u00f3nomos societarios, existen los socios administradores, los cuales, se encargan de dirigir la empresa, adem\u00e1s cuentan con m\u00e1s del 25% de las participaciones sociales y <strong>suelen emitir una factura mensual a la empresa<\/strong>, a no ser que tuviese menos del 25% de las participaciones que podr\u00eda cobrar una n\u00f3mina.<\/p>\n<p>Por otro lado, est\u00e1n los aut\u00f3nomos societarios que no ejercen las funciones de direcci\u00f3n, normalmente porque tienen menos del 33% de las participaciones, ya que, tendr\u00edan que cotizar en el r\u00e9gimen general, mientras que si poseen m\u00e1s del 33% deben ser aut\u00f3nomos y facturar a la sociedad de forma mensual.<\/p>\n<p>Con respecto a la cotizaci\u00f3n a la Seguridad Social que deben abonar de forma mensual los aut\u00f3nomos societarios, se calcula la cuota a partir de la base m\u00ednima establecida legalmente, que es superior a la de un simple aut\u00f3nomo, es decir, la base m\u00ednima del R\u00e9gimen General de la Seguridad Social ser\u00e1 la base m\u00ednima que se establece para el aut\u00f3nomo societario, pagando aproximadamente una cuota de 367 euros mensuales.<\/p>\n<h2><strong>\u00bfQu\u00e9 requisitos debe cumplir el salario para ser desgravable?<\/strong><\/h2>\n<p>Gracias a las sentencias del Tribunal Supremo dictadas en el mes de julio, s<strong>e admite deducir como gasto el sueldo de los aut\u00f3nomos societarios en el Impuesto sobre Sociedades<\/strong>, es decir, que las retribuciones que reciba un socio mayoritario que no sea administrador sean deducibles.<\/p>\n<p>En ambas sentencias se admiten los recursos que interpuso la empresa contra las dos resoluciones del Tribunal Econ\u00f3mico, que tambi\u00e9n anula las liquidaciones que hizo la Administraci\u00f3n, ya que, considera procedente la deducci\u00f3n de las retribuciones como gasto en el Impuesto sobre Sociedades.<\/p>\n<p>Por tanto, mientras el gasto cumpla los requisitos b\u00e1sicos y generales de deducibilidad en el Impuesto de Sociedades, ser\u00e1 deducible, es decir, <strong>deber\u00e1 acreditarse como cualquier otro gasto con la correspondiente inscripci\u00f3n contable, la imputaci\u00f3n seg\u00fan el devengo y la justificaci\u00f3n documental.<\/strong><\/p>\n<p>Desgravar el salario de los aut\u00f3nomos societarios era una de las cosas que m\u00e1s se reclamaba desde dentro del sector y finalmente la justicia ha dado la raz\u00f3n al colectivo sobre lo que dictaba Hacienda. Si quieres saber m\u00e1s sobre esto, utiliza los comentarios y te responderemos.<\/p>\n","protected":false},"excerpt":{"rendered":"<p>Las \u00faltimas sentencias del Tribunal Supremo admiten que el salario de los aut\u00f3nomos societarios pueda deducirse como gasto, al igual que el resto de socios, en el Impuesto sobre Sociedades, ya que, anteriormente, la Agencia Tributaria entend\u00eda que ese gasto no era deducible. Normalmente, el aut\u00f3nomo societario corresponde a un socio que tiene al menos [&hellip;]<\/p>\n","protected":false},"author":20,"featured_media":19649,"comment_status":"open","ping_status":"open","sticky":false,"template":"","format":"standard","meta":{"_acf_changed":false,"_et_pb_use_builder":"","_et_pb_old_content":"","_et_gb_content_width":"","om_disable_all_campaigns":false,"inline_featured_image":false,"footnotes":""},"categories":[1014],"tags":[1380],"class_list":{"0":"post-19648","1":"post","2":"type-post","3":"status-publish","4":"format-standard","5":"has-post-thumbnail","7":"category-fiscalidad","8":"tag-autonomos"},"acf":{"selector_de_usuario":null,"fecha_de_revision":"20220804"},"yoast_head":"<!-- This site is optimized with the Yoast SEO plugin v27.1 - https:\/\/yoast.com\/product\/yoast-seo-wordpress\/ -->\n<title>Desgravaci\u00f3n del salario para aut\u00f3nomos societarios - TeamSystem Facturas Billin<\/title>\n<meta name=\"description\" content=\"Con la \u00faltima sentencia del Tribunal Supremo se ha dictaminado que los aut\u00f3nomos societarios pueden desgravarse su salario como gasto.\" \/>\n<meta name=\"robots\" content=\"index, follow, max-snippet:-1, max-image-preview:large, max-video-preview:-1\" \/>\n<link rel=\"canonical\" href=\"https:\/\/www.billin.net\/blog\/desgravacion-salario-autonomos-societarios\/\" \/>\n<meta property=\"og:locale\" content=\"es_ES\" \/>\n<meta property=\"og:type\" content=\"article\" \/>\n<meta property=\"og:title\" content=\"Desgravaci\u00f3n del salario para aut\u00f3nomos societarios - TeamSystem Facturas Billin\" \/>\n<meta property=\"og:description\" content=\"Con la \u00faltima sentencia del Tribunal Supremo se ha dictaminado que los aut\u00f3nomos societarios pueden desgravarse su salario como gasto.\" \/>\n<meta property=\"og:url\" content=\"https:\/\/www.billin.net\/blog\/desgravacion-salario-autonomos-societarios\/\" \/>\n<meta property=\"og:site_name\" content=\"Blog de TeamSystem Facturas Billin\" \/>\n<meta property=\"article:publisher\" content=\"https:\/\/www.facebook.com\/EsBillin\" \/>\n<meta property=\"article:published_time\" content=\"2022-08-02T22:00:00+00:00\" \/>\n<meta property=\"article:modified_time\" content=\"2025-09-25T18:34:13+00:00\" \/>\n<meta property=\"og:image\" content=\"https:\/\/www.billin.net\/blog\/wp-content\/uploads\/2022\/08\/Salario-de-los-autonomos-societarios.webp\" \/>\n\t<meta property=\"og:image:width\" content=\"1125\" \/>\n\t<meta property=\"og:image:height\" content=\"750\" \/>\n\t<meta property=\"og:image:type\" content=\"image\/webp\" \/>\n<meta name=\"author\" content=\"Marcos De La Cueva - CEO TeamSystem Facturas Billin\" \/>\n<meta name=\"twitter:card\" content=\"summary_large_image\" \/>\n<meta name=\"twitter:creator\" content=\"@Billin_ES\" \/>\n<meta name=\"twitter:site\" content=\"@Billin_ES\" \/>\n<meta name=\"twitter:label1\" content=\"Escrito por\" \/>\n\t<meta name=\"twitter:data1\" content=\"Marcos De La Cueva - CEO TeamSystem Facturas Billin\" \/>\n\t<meta name=\"twitter:label2\" content=\"Tiempo de lectura\" \/>\n\t<meta name=\"twitter:data2\" content=\"4 minutos\" \/>\n<script type=\"application\/ld+json\" class=\"yoast-schema-graph\">{\"@context\":\"https:\/\/schema.org\",\"@graph\":[{\"@type\":\"Article\",\"@id\":\"https:\/\/www.billin.net\/blog\/desgravacion-salario-autonomos-societarios\/#article\",\"isPartOf\":{\"@id\":\"https:\/\/www.billin.net\/blog\/desgravacion-salario-autonomos-societarios\/\"},\"author\":{\"name\":\"Marcos De La Cueva - CEO TeamSystem Facturas Billin\",\"@id\":\"https:\/\/www.billin.net\/blog\/#\/schema\/person\/d0339ee6e869234614541b1e80a793e7\"},\"headline\":\"La desgravaci\u00f3n del salario de los aut\u00f3nomos societarios\",\"datePublished\":\"2022-08-02T22:00:00+00:00\",\"dateModified\":\"2025-09-25T18:34:13+00:00\",\"mainEntityOfPage\":{\"@id\":\"https:\/\/www.billin.net\/blog\/desgravacion-salario-autonomos-societarios\/\"},\"wordCount\":888,\"commentCount\":6,\"publisher\":{\"@id\":\"https:\/\/www.billin.net\/blog\/#organization\"},\"image\":{\"@id\":\"https:\/\/www.billin.net\/blog\/desgravacion-salario-autonomos-societarios\/#primaryimage\"},\"thumbnailUrl\":\"https:\/\/www.billin.net\/blog\/wp-content\/uploads\/2022\/08\/Salario-de-los-autonomos-societarios.webp\",\"keywords\":[\"Aut\u00f3nomos\"],\"articleSection\":[\"Fiscalidad\"],\"inLanguage\":\"es\",\"potentialAction\":[{\"@type\":\"CommentAction\",\"name\":\"Comment\",\"target\":[\"https:\/\/www.billin.net\/blog\/desgravacion-salario-autonomos-societarios\/#respond\"]}]},{\"@type\":\"WebPage\",\"@id\":\"https:\/\/www.billin.net\/blog\/desgravacion-salario-autonomos-societarios\/\",\"url\":\"https:\/\/www.billin.net\/blog\/desgravacion-salario-autonomos-societarios\/\",\"name\":\"Desgravaci\u00f3n del salario para aut\u00f3nomos societarios - TeamSystem Facturas Billin\",\"isPartOf\":{\"@id\":\"https:\/\/www.billin.net\/blog\/#website\"},\"primaryImageOfPage\":{\"@id\":\"https:\/\/www.billin.net\/blog\/desgravacion-salario-autonomos-societarios\/#primaryimage\"},\"image\":{\"@id\":\"https:\/\/www.billin.net\/blog\/desgravacion-salario-autonomos-societarios\/#primaryimage\"},\"thumbnailUrl\":\"https:\/\/www.billin.net\/blog\/wp-content\/uploads\/2022\/08\/Salario-de-los-autonomos-societarios.webp\",\"datePublished\":\"2022-08-02T22:00:00+00:00\",\"dateModified\":\"2025-09-25T18:34:13+00:00\",\"description\":\"Con la \u00faltima sentencia del Tribunal Supremo se ha dictaminado que los aut\u00f3nomos societarios pueden desgravarse su salario como gasto.\",\"breadcrumb\":{\"@id\":\"https:\/\/www.billin.net\/blog\/desgravacion-salario-autonomos-societarios\/#breadcrumb\"},\"inLanguage\":\"es\",\"potentialAction\":[{\"@type\":\"ReadAction\",\"target\":[\"https:\/\/www.billin.net\/blog\/desgravacion-salario-autonomos-societarios\/\"]}]},{\"@type\":\"ImageObject\",\"inLanguage\":\"es\",\"@id\":\"https:\/\/www.billin.net\/blog\/desgravacion-salario-autonomos-societarios\/#primaryimage\",\"url\":\"https:\/\/www.billin.net\/blog\/wp-content\/uploads\/2022\/08\/Salario-de-los-autonomos-societarios.webp\",\"contentUrl\":\"https:\/\/www.billin.net\/blog\/wp-content\/uploads\/2022\/08\/Salario-de-los-autonomos-societarios.webp\",\"width\":1125,\"height\":750,\"caption\":\"desgravacion salario autonomos societarios\"},{\"@type\":\"BreadcrumbList\",\"@id\":\"https:\/\/www.billin.net\/blog\/desgravacion-salario-autonomos-societarios\/#breadcrumb\",\"itemListElement\":[{\"@type\":\"ListItem\",\"position\":1,\"name\":\"Blog\",\"item\":\"https:\/\/www.billin.net\/blog\/\"},{\"@type\":\"ListItem\",\"position\":2,\"name\":\"Fiscalidad\",\"item\":\"https:\/\/www.billin.net\/blog\/fiscalidad\/\"},{\"@type\":\"ListItem\",\"position\":3,\"name\":\"La desgravaci\u00f3n del salario de los aut\u00f3nomos societarios\"}]},{\"@type\":\"WebSite\",\"@id\":\"https:\/\/www.billin.net\/blog\/#website\",\"url\":\"https:\/\/www.billin.net\/blog\/\",\"name\":\"Blog de Billin\",\"description\":\"Mantente informado con el blog de TeamSystem Facturas Billin:  facturaci\u00f3n, legislaci\u00f3n, contabilidad, management y toda la informaci\u00f3n \u00fatil para pymes y aut\u00f3nomos.\",\"publisher\":{\"@id\":\"https:\/\/www.billin.net\/blog\/#organization\"},\"potentialAction\":[{\"@type\":\"SearchAction\",\"target\":{\"@type\":\"EntryPoint\",\"urlTemplate\":\"https:\/\/www.billin.net\/blog\/?s={search_term_string}\"},\"query-input\":{\"@type\":\"PropertyValueSpecification\",\"valueRequired\":true,\"valueName\":\"search_term_string\"}}],\"inLanguage\":\"es\"},{\"@type\":\"Organization\",\"@id\":\"https:\/\/www.billin.net\/blog\/#organization\",\"name\":\"Billin\",\"alternateName\":\"Blog de Billin\",\"url\":\"https:\/\/www.billin.net\/blog\/\",\"logo\":{\"@type\":\"ImageObject\",\"inLanguage\":\"es\",\"@id\":\"https:\/\/www.billin.net\/blog\/#\/schema\/logo\/image\/\",\"url\":\"https:\/\/www.billin.net\/blog\/wp-content\/uploads\/2019\/06\/logotipo-billin-blog-1.png\",\"contentUrl\":\"https:\/\/www.billin.net\/blog\/wp-content\/uploads\/2019\/06\/logotipo-billin-blog-1.png\",\"width\":126,\"height\":50,\"caption\":\"Billin\"},\"image\":{\"@id\":\"https:\/\/www.billin.net\/blog\/#\/schema\/logo\/image\/\"},\"sameAs\":[\"https:\/\/www.facebook.com\/EsBillin\",\"https:\/\/x.com\/Billin_ES\",\"https:\/\/www.instagram.com\/billin_es\/\",\"https:\/\/www.linkedin.com\/company\/billin-spain\",\"https:\/\/www.youtube.com\/c\/BillinEsintercambiodefacturas\/\"],\"legalName\":\"MY EXPENSES SL\",\"contactPoint\":{\"@type\":\"ContactPoint\",\"telephone\":\"+34918318883\",\"contactType\":\"customer service\",\"email\":\"info@billin.eu\",\"availableLanguage\":\"es\"},\"foundingDate\":\"2015\",\"numberOfEmployees\":{\"@type\":\"QuantitativeValue\",\"minValue\":10,\"maxValue\":50},\"parentOrganization\":{\"@type\":\"Organization\",\"name\":\"TeamSystem\",\"url\":\"https:\/\/www.teamsystem.com\/\"},\"description\":\"Billin es el programa de facturaci\u00f3n online de TeamSystem para aut\u00f3nomos y pymes en Espa\u00f1a. Permite crear facturas, controlar gastos y cumplir con Verifactu.\",\"address\":{\"@type\":\"PostalAddress\",\"streetAddress\":\"Calle Arturo Soria, 336\",\"addressLocality\":\"Madrid\",\"addressRegion\":\"Madrid\",\"postalCode\":\"28033\",\"addressCountry\":\"ES\"}},{\"@type\":\"Person\",\"@id\":\"https:\/\/www.billin.net\/blog\/#\/schema\/person\/d0339ee6e869234614541b1e80a793e7\",\"name\":\"Marcos De La Cueva - CEO TeamSystem Facturas Billin\",\"image\":{\"@type\":\"ImageObject\",\"inLanguage\":\"es\",\"@id\":\"https:\/\/www.billin.net\/blog\/#\/schema\/person\/image\/\",\"url\":\"https:\/\/www.billin.net\/blog\/wp-content\/uploads\/2023\/10\/marcos-color-150x150.png\",\"contentUrl\":\"https:\/\/www.billin.net\/blog\/wp-content\/uploads\/2023\/10\/marcos-color-150x150.png\",\"caption\":\"Marcos De La Cueva - CEO TeamSystem Facturas Billin\"},\"description\":\"Licenciado en ADE por la Universidad Aut\u00f3noma de Madrid, Marcos De la Cueva es CEO y cofundador de TeamSystem Facturas Billin, un programa online que lleva m\u00e1s de 9 a\u00f1os ayudando a aut\u00f3nomos, peque\u00f1os negocios y gestor\u00edas a digitalizar sus presupuestos, facturas, tickets y gastos. \u00a0 Sobre Marcos De La Cueva \u00a0 Apasionado por el mundo empresarial y la tecnolog\u00eda, curs\u00f3 su M\u00e1ster de Finanzas en la Universidad Pontificia de Comillas y estuvo en el Programa de Cooperaci\u00f3n Educativa de la Universidad Aut\u00f3noma de Madrid. \u00a0 Marcos siempre ha tenido su objetivo claro: ayudar a la creaci\u00f3n de negocios financieramente sostenibles a trav\u00e9s de una herramienta de facturaci\u00f3n que les permita ahorrar tiempo y tener la contabilidad bajo control. \u00a0 Marcos De La Cueva en los medios \u2014 Noticia sobre Kit Digital y Ley Antifraude (VeriFactu) en El Economista. \u2014 Noticia sobre Kit Digital y factura electr\u00f3nica obligatoria en Diario Jur\u00eddico. \u2014 Noticia sobre el a\u00f1o de transici\u00f3n para la factura electr\u00f3nica en Muy Pymes. \u2014 Entrevista sobre factura electr\u00f3nica obligatoria en Canal Sur. \u2014 Noticia sobre el informe factura electr\u00f3nica de TeamSystem en Channel Partner. \u2014 Charla sobre productividad y Ley Crea y Crece en El Economista. \u2014 Charla sobre factura electr\u00f3nica obligatoria en Muy Pymes. \u2014 Charla sobre digitalizaci\u00f3n aut\u00f3nomos y productividad en esdiario. \u2014 Charla sobre productividad y factura electr\u00f3nica en La Raz\u00f3n. \u2014 Charla sobre factura electr\u00f3nica obligatoria en Aut\u00f3nomos y Emprendedores. \u2014 Entrevista sobre Ley Antifraude y Ley Crea y Crece en Expansi\u00f3n. \u2014 Entrevista sobre Ley Antifraude y Ley Crea y Crece en La Raz\u00f3n. \u2014 Entrevista sobre factura electr\u00f3nica obligatoria en El Economista. \u2014 Comunicado Billin y TeamSystem en Business Insider. \u2014 Entrevista en Econom\u00eda Digital. \u2014 Entrevista en Ideas para tu empresa de Vodafone. \u2014 Entrevista en M\u00e1sQradio. \u2014 Entrevista en Armas para emprender de El M\u00e9todo Gallardo. \u2014 Entrevista en KFund. \u2014 Entrevista en AXA Seguros Espa\u00f1a. \u2014 Entrevista en GestionaRadio. \u00a0 Marcos De La Cueva en eventos \u00a0 \u2014 Participaci\u00f3n como ponente en Accountex Espa\u00f1a 2023. \u00a0 Tem\u00e1ticas de especializaci\u00f3n \u00a0 negocios | startups | contabilidad| fiscalidad | empresas| asesor\u00edas| autonomos | emprendedores | peque\u00f1os negocios | econom\u00eda | ADE | pymes | desarrollo de negocio\u00a0\",\"sameAs\":[\"https:\/\/www.billin.net\/\",\"https:\/\/www.linkedin.com\/in\/marcos-de-la-cueva-19750ba3\/\"],\"url\":\"https:\/\/www.billin.net\/blog\/author\/marcosdelacueva\/\",\"jobTitle\":\"CEO y cofundador de TS Facturas Billin\"}]}<\/script>\n<!-- \/ Yoast SEO plugin. -->","yoast_head_json":{"title":"Desgravaci\u00f3n del salario para aut\u00f3nomos societarios - TeamSystem Facturas Billin","description":"Con la \u00faltima sentencia del Tribunal Supremo se ha dictaminado que los aut\u00f3nomos societarios pueden desgravarse su salario como gasto.","robots":{"index":"index","follow":"follow","max-snippet":"max-snippet:-1","max-image-preview":"max-image-preview:large","max-video-preview":"max-video-preview:-1"},"canonical":"https:\/\/www.billin.net\/blog\/desgravacion-salario-autonomos-societarios\/","og_locale":"es_ES","og_type":"article","og_title":"Desgravaci\u00f3n del salario para aut\u00f3nomos societarios - TeamSystem Facturas Billin","og_description":"Con la \u00faltima sentencia del Tribunal Supremo se ha dictaminado que los aut\u00f3nomos societarios pueden desgravarse su salario como gasto.","og_url":"https:\/\/www.billin.net\/blog\/desgravacion-salario-autonomos-societarios\/","og_site_name":"Blog de TeamSystem Facturas Billin","article_publisher":"https:\/\/www.facebook.com\/EsBillin","article_published_time":"2022-08-02T22:00:00+00:00","article_modified_time":"2025-09-25T18:34:13+00:00","og_image":[{"width":1125,"height":750,"url":"https:\/\/www.billin.net\/blog\/wp-content\/uploads\/2022\/08\/Salario-de-los-autonomos-societarios.webp","type":"image\/webp"}],"author":"Marcos De La Cueva - CEO TeamSystem Facturas Billin","twitter_card":"summary_large_image","twitter_creator":"@Billin_ES","twitter_site":"@Billin_ES","twitter_misc":{"Escrito por":"Marcos De La Cueva - CEO TeamSystem Facturas Billin","Tiempo de lectura":"4 minutos"},"schema":{"@context":"https:\/\/schema.org","@graph":[{"@type":"Article","@id":"https:\/\/www.billin.net\/blog\/desgravacion-salario-autonomos-societarios\/#article","isPartOf":{"@id":"https:\/\/www.billin.net\/blog\/desgravacion-salario-autonomos-societarios\/"},"author":{"name":"Marcos De La Cueva - CEO TeamSystem Facturas Billin","@id":"https:\/\/www.billin.net\/blog\/#\/schema\/person\/d0339ee6e869234614541b1e80a793e7"},"headline":"La desgravaci\u00f3n del salario de los aut\u00f3nomos societarios","datePublished":"2022-08-02T22:00:00+00:00","dateModified":"2025-09-25T18:34:13+00:00","mainEntityOfPage":{"@id":"https:\/\/www.billin.net\/blog\/desgravacion-salario-autonomos-societarios\/"},"wordCount":888,"commentCount":6,"publisher":{"@id":"https:\/\/www.billin.net\/blog\/#organization"},"image":{"@id":"https:\/\/www.billin.net\/blog\/desgravacion-salario-autonomos-societarios\/#primaryimage"},"thumbnailUrl":"https:\/\/www.billin.net\/blog\/wp-content\/uploads\/2022\/08\/Salario-de-los-autonomos-societarios.webp","keywords":["Aut\u00f3nomos"],"articleSection":["Fiscalidad"],"inLanguage":"es","potentialAction":[{"@type":"CommentAction","name":"Comment","target":["https:\/\/www.billin.net\/blog\/desgravacion-salario-autonomos-societarios\/#respond"]}]},{"@type":"WebPage","@id":"https:\/\/www.billin.net\/blog\/desgravacion-salario-autonomos-societarios\/","url":"https:\/\/www.billin.net\/blog\/desgravacion-salario-autonomos-societarios\/","name":"Desgravaci\u00f3n del salario para aut\u00f3nomos societarios - TeamSystem Facturas Billin","isPartOf":{"@id":"https:\/\/www.billin.net\/blog\/#website"},"primaryImageOfPage":{"@id":"https:\/\/www.billin.net\/blog\/desgravacion-salario-autonomos-societarios\/#primaryimage"},"image":{"@id":"https:\/\/www.billin.net\/blog\/desgravacion-salario-autonomos-societarios\/#primaryimage"},"thumbnailUrl":"https:\/\/www.billin.net\/blog\/wp-content\/uploads\/2022\/08\/Salario-de-los-autonomos-societarios.webp","datePublished":"2022-08-02T22:00:00+00:00","dateModified":"2025-09-25T18:34:13+00:00","description":"Con la \u00faltima sentencia del Tribunal Supremo se ha dictaminado que los aut\u00f3nomos societarios pueden desgravarse su salario como gasto.","breadcrumb":{"@id":"https:\/\/www.billin.net\/blog\/desgravacion-salario-autonomos-societarios\/#breadcrumb"},"inLanguage":"es","potentialAction":[{"@type":"ReadAction","target":["https:\/\/www.billin.net\/blog\/desgravacion-salario-autonomos-societarios\/"]}]},{"@type":"ImageObject","inLanguage":"es","@id":"https:\/\/www.billin.net\/blog\/desgravacion-salario-autonomos-societarios\/#primaryimage","url":"https:\/\/www.billin.net\/blog\/wp-content\/uploads\/2022\/08\/Salario-de-los-autonomos-societarios.webp","contentUrl":"https:\/\/www.billin.net\/blog\/wp-content\/uploads\/2022\/08\/Salario-de-los-autonomos-societarios.webp","width":1125,"height":750,"caption":"desgravacion salario autonomos societarios"},{"@type":"BreadcrumbList","@id":"https:\/\/www.billin.net\/blog\/desgravacion-salario-autonomos-societarios\/#breadcrumb","itemListElement":[{"@type":"ListItem","position":1,"name":"Blog","item":"https:\/\/www.billin.net\/blog\/"},{"@type":"ListItem","position":2,"name":"Fiscalidad","item":"https:\/\/www.billin.net\/blog\/fiscalidad\/"},{"@type":"ListItem","position":3,"name":"La desgravaci\u00f3n del salario de los aut\u00f3nomos societarios"}]},{"@type":"WebSite","@id":"https:\/\/www.billin.net\/blog\/#website","url":"https:\/\/www.billin.net\/blog\/","name":"Blog de Billin","description":"Mantente informado con el blog de TeamSystem Facturas Billin:  facturaci\u00f3n, legislaci\u00f3n, contabilidad, management y toda la informaci\u00f3n \u00fatil para pymes y aut\u00f3nomos.","publisher":{"@id":"https:\/\/www.billin.net\/blog\/#organization"},"potentialAction":[{"@type":"SearchAction","target":{"@type":"EntryPoint","urlTemplate":"https:\/\/www.billin.net\/blog\/?s={search_term_string}"},"query-input":{"@type":"PropertyValueSpecification","valueRequired":true,"valueName":"search_term_string"}}],"inLanguage":"es"},{"@type":"Organization","@id":"https:\/\/www.billin.net\/blog\/#organization","name":"Billin","alternateName":"Blog de Billin","url":"https:\/\/www.billin.net\/blog\/","logo":{"@type":"ImageObject","inLanguage":"es","@id":"https:\/\/www.billin.net\/blog\/#\/schema\/logo\/image\/","url":"https:\/\/www.billin.net\/blog\/wp-content\/uploads\/2019\/06\/logotipo-billin-blog-1.png","contentUrl":"https:\/\/www.billin.net\/blog\/wp-content\/uploads\/2019\/06\/logotipo-billin-blog-1.png","width":126,"height":50,"caption":"Billin"},"image":{"@id":"https:\/\/www.billin.net\/blog\/#\/schema\/logo\/image\/"},"sameAs":["https:\/\/www.facebook.com\/EsBillin","https:\/\/x.com\/Billin_ES","https:\/\/www.instagram.com\/billin_es\/","https:\/\/www.linkedin.com\/company\/billin-spain","https:\/\/www.youtube.com\/c\/BillinEsintercambiodefacturas\/"],"legalName":"MY EXPENSES SL","contactPoint":{"@type":"ContactPoint","telephone":"+34918318883","contactType":"customer service","email":"info@billin.eu","availableLanguage":"es"},"foundingDate":"2015","numberOfEmployees":{"@type":"QuantitativeValue","minValue":10,"maxValue":50},"parentOrganization":{"@type":"Organization","name":"TeamSystem","url":"https:\/\/www.teamsystem.com\/"},"description":"Billin es el programa de facturaci\u00f3n online de TeamSystem para aut\u00f3nomos y pymes en Espa\u00f1a. Permite crear facturas, controlar gastos y cumplir con Verifactu.","address":{"@type":"PostalAddress","streetAddress":"Calle Arturo Soria, 336","addressLocality":"Madrid","addressRegion":"Madrid","postalCode":"28033","addressCountry":"ES"}},{"@type":"Person","@id":"https:\/\/www.billin.net\/blog\/#\/schema\/person\/d0339ee6e869234614541b1e80a793e7","name":"Marcos De La Cueva - CEO TeamSystem Facturas Billin","image":{"@type":"ImageObject","inLanguage":"es","@id":"https:\/\/www.billin.net\/blog\/#\/schema\/person\/image\/","url":"https:\/\/www.billin.net\/blog\/wp-content\/uploads\/2023\/10\/marcos-color-150x150.png","contentUrl":"https:\/\/www.billin.net\/blog\/wp-content\/uploads\/2023\/10\/marcos-color-150x150.png","caption":"Marcos De La Cueva - CEO TeamSystem Facturas Billin"},"description":"Licenciado en ADE por la Universidad Aut\u00f3noma de Madrid, Marcos De la Cueva es CEO y cofundador de TeamSystem Facturas Billin, un programa online que lleva m\u00e1s de 9 a\u00f1os ayudando a aut\u00f3nomos, peque\u00f1os negocios y gestor\u00edas a digitalizar sus presupuestos, facturas, tickets y gastos. \u00a0 Sobre Marcos De La Cueva \u00a0 Apasionado por el mundo empresarial y la tecnolog\u00eda, curs\u00f3 su M\u00e1ster de Finanzas en la Universidad Pontificia de Comillas y estuvo en el Programa de Cooperaci\u00f3n Educativa de la Universidad Aut\u00f3noma de Madrid. \u00a0 Marcos siempre ha tenido su objetivo claro: ayudar a la creaci\u00f3n de negocios financieramente sostenibles a trav\u00e9s de una herramienta de facturaci\u00f3n que les permita ahorrar tiempo y tener la contabilidad bajo control. \u00a0 Marcos De La Cueva en los medios \u2014 Noticia sobre Kit Digital y Ley Antifraude (VeriFactu) en El Economista. \u2014 Noticia sobre Kit Digital y factura electr\u00f3nica obligatoria en Diario Jur\u00eddico. \u2014 Noticia sobre el a\u00f1o de transici\u00f3n para la factura electr\u00f3nica en Muy Pymes. \u2014 Entrevista sobre factura electr\u00f3nica obligatoria en Canal Sur. \u2014 Noticia sobre el informe factura electr\u00f3nica de TeamSystem en Channel Partner. \u2014 Charla sobre productividad y Ley Crea y Crece en El Economista. \u2014 Charla sobre factura electr\u00f3nica obligatoria en Muy Pymes. \u2014 Charla sobre digitalizaci\u00f3n aut\u00f3nomos y productividad en esdiario. \u2014 Charla sobre productividad y factura electr\u00f3nica en La Raz\u00f3n. \u2014 Charla sobre factura electr\u00f3nica obligatoria en Aut\u00f3nomos y Emprendedores. \u2014 Entrevista sobre Ley Antifraude y Ley Crea y Crece en Expansi\u00f3n. \u2014 Entrevista sobre Ley Antifraude y Ley Crea y Crece en La Raz\u00f3n. \u2014 Entrevista sobre factura electr\u00f3nica obligatoria en El Economista. \u2014 Comunicado Billin y TeamSystem en Business Insider. \u2014 Entrevista en Econom\u00eda Digital. \u2014 Entrevista en Ideas para tu empresa de Vodafone. \u2014 Entrevista en M\u00e1sQradio. \u2014 Entrevista en Armas para emprender de El M\u00e9todo Gallardo. \u2014 Entrevista en KFund. \u2014 Entrevista en AXA Seguros Espa\u00f1a. \u2014 Entrevista en GestionaRadio. \u00a0 Marcos De La Cueva en eventos \u00a0 \u2014 Participaci\u00f3n como ponente en Accountex Espa\u00f1a 2023. \u00a0 Tem\u00e1ticas de especializaci\u00f3n \u00a0 negocios | startups | contabilidad| fiscalidad | empresas| asesor\u00edas| autonomos | emprendedores | peque\u00f1os negocios | econom\u00eda | ADE | pymes | desarrollo de negocio\u00a0","sameAs":["https:\/\/www.billin.net\/","https:\/\/www.linkedin.com\/in\/marcos-de-la-cueva-19750ba3\/"],"url":"https:\/\/www.billin.net\/blog\/author\/marcosdelacueva\/","jobTitle":"CEO y cofundador de TS Facturas Billin"}]}},"_links":{"self":[{"href":"https:\/\/www.billin.net\/blog\/wp-json\/wp\/v2\/posts\/19648","targetHints":{"allow":["GET"]}}],"collection":[{"href":"https:\/\/www.billin.net\/blog\/wp-json\/wp\/v2\/posts"}],"about":[{"href":"https:\/\/www.billin.net\/blog\/wp-json\/wp\/v2\/types\/post"}],"author":[{"embeddable":true,"href":"https:\/\/www.billin.net\/blog\/wp-json\/wp\/v2\/users\/20"}],"replies":[{"embeddable":true,"href":"https:\/\/www.billin.net\/blog\/wp-json\/wp\/v2\/comments?post=19648"}],"version-history":[{"count":6,"href":"https:\/\/www.billin.net\/blog\/wp-json\/wp\/v2\/posts\/19648\/revisions"}],"predecessor-version":[{"id":26769,"href":"https:\/\/www.billin.net\/blog\/wp-json\/wp\/v2\/posts\/19648\/revisions\/26769"}],"wp:featuredmedia":[{"embeddable":true,"href":"https:\/\/www.billin.net\/blog\/wp-json\/wp\/v2\/media\/19649"}],"wp:attachment":[{"href":"https:\/\/www.billin.net\/blog\/wp-json\/wp\/v2\/media?parent=19648"}],"wp:term":[{"taxonomy":"category","embeddable":true,"href":"https:\/\/www.billin.net\/blog\/wp-json\/wp\/v2\/categories?post=19648"},{"taxonomy":"post_tag","embeddable":true,"href":"https:\/\/www.billin.net\/blog\/wp-json\/wp\/v2\/tags?post=19648"}],"curies":[{"name":"wp","href":"https:\/\/api.w.org\/{rel}","templated":true}]}}