{"id":19469,"date":"2022-06-24T00:00:00","date_gmt":"2022-06-23T22:00:00","guid":{"rendered":"https:\/\/www.billin.net\/blog\/?p=19469"},"modified":"2025-09-25T20:34:51","modified_gmt":"2025-09-25T18:34:51","slug":"modelo-390-gipuzkoa","status":"publish","type":"post","link":"https:\/\/www.billin.net\/blog\/modelo-390-gipuzkoa\/","title":{"rendered":"El modelo 390 de Gipuzkoa"},"content":{"rendered":"<p>El <strong>modelo 390 de Gipuzkoa<\/strong> es obligatorio para cualquier contribuyente que realice actividades econ\u00f3micas y que est\u00e9n sujetas al r\u00e9gimen general del Impuesto sobre el Valor A\u00f1adido, y, adem\u00e1s presenten de forma trimestral el modelo 300.<\/p>\n<p><!--more--><\/p>\n<h2><strong>\u00bfQu\u00e9 es el Modelo 390 de Gipuzkoa?<\/strong><\/h2>\n<p>El modelo 390 es un resumen anual informativo del modelo 300, el cual, se presenta de manera trimestral.<\/p>\n<p>Esta declaraci\u00f3n tributaria se recoge en el art\u00edculo 167 del Decreto Foral 102\/1992, y est\u00e1 adapta a la fiscalidad de Gipuzkoa con la Ley 37\/1992 del IVA.<\/p>\n<h3><strong>\u00bfPara qu\u00e9 sirve el Modelo 390 de Gipuzkoa?<\/strong><\/h3>\n<p>Con el <strong>modelo 390 de Gipuzkoa<\/strong> se presenta la \u00faltima autoliquidaci\u00f3n del ejercicio correspondiente, donde habr\u00e1 que incluir todas las operaciones comerciales que se hayan producido bajo el r\u00e9gimen general durante el trimestre, diferenciando los ingresos y las compras o gastos, seg\u00fan la tributaci\u00f3n del IVA (4%, 10% o 21%).<\/p>\n<h2><strong>\u00bfQui\u00e9n tiene que presentar el Modelo 390 en Gipuzkoa?<\/strong><\/h2>\n<p>La obligaci\u00f3n de presentar el <strong>modelo 390 de Gipuzkoa<\/strong> la tienen todos <strong>los contribuyentes que tengan obligaci\u00f3n de presentar el modelo 320, 330 y 300 de forma trimestral.<\/strong><\/p>\n<p>Por tanto, est\u00e1n obligados a presentar el modelo 390 cualquier contribuyente que desarrolle actividades empresariales o profesionales y est\u00e9n sujetas al r\u00e9gimen general del IVA, y qu\u00e9 no se le aplica ning\u00fan r\u00e9gimen especial o est\u00e9n excluidos del r\u00e9gimen simplificado.<\/p>\n<p>Cuando nos referimos al r\u00e9gimen general, quiere decir que <strong>el sujeto pasivo repercute IVA en cada operaci\u00f3n comercial que lleve a cabo<\/strong>, al igual que soportara el IVA de sus proveedores o acreedores al deducirlo en su autoliquidaci\u00f3n trimestral.<\/p>\n<h3><strong>Plazo de presentaci\u00f3n del Modelo 390 de Gipuzkoa<\/strong><\/h3>\n<p>El plazo para presentar el <strong>modelo 390 de Gipuzkoa es desde el 1 hasta el 30 de enero del a\u00f1o siguiente al que pertenece la declaraci\u00f3n.<\/strong><\/p>\n<h3><strong>\u00bfD\u00f3nde se presenta el Modelo 390 en Gipuzkoa?<\/strong><\/h3>\n<p>Las personas f\u00edsicas que presenten el <strong>modelo 390<\/strong> positivo pueden realizar su ingreso mediante la domiciliaci\u00f3n bancaria o con cargo en la cuenta corriente, mientras que las personas jur\u00eddicas tienen que hacerlo mediante la domiciliaci\u00f3n bancaria o solicitando a la entidad financiera el <a href=\"https:\/\/www.billin.net\/blog\/pago-hacienda-mediante-nrc\/\" target=\"_blank\" rel=\"noopener\">c\u00f3digo NRC<\/a>, adem\u00e1s necesitar\u00e1n de forma obligatoria el <a href=\"https:\/\/www.billin.net\/blog\/certificado-digital-euskadi\/\" target=\"_blank\" rel=\"noopener\">certificado digital de Euskadi<\/a> o firma electr\u00f3nica.<\/p>\n<p>Si el resultado del <strong>modelo 390<\/strong> fuera negativo (a devolver o a compensar) para una persona f\u00edsica, podr\u00edan presentarlo en las entidades colaboradoras o en las Oficinas Tributarias de la Diputaci\u00f3n Foral de Gipuzkoa, mientras que las personas jur\u00eddicas tienen que hacerlo de manera obligatoria por v\u00eda telem\u00e1tica y en caso de devoluci\u00f3n, indicar el n\u00famero de cuenta bancaria donde quieren que se emita dicha devoluci\u00f3n.<\/p>\n<h2><strong>\u00bfC\u00f3mo rellenar el Modelo 390 de Gipuzkoa?<\/strong><\/h2>\n<p>El <strong>modelo 390 de Gipuzkoa<\/strong> est\u00e1 formado por diferentes casillas que habr\u00e1 que rellenar seg\u00fan la situaci\u00f3n del contribuyente.<\/p>\n<p>Lo primero es indicar los datos del contribuyente, es decir, apellidos y nombre o raz\u00f3n social, NIF y domicilio fiscal.<\/p>\n<p>La casilla (01) es para los contribuyentes que no hayan realizado actividades durante el ejercicio que estamos declarando.<\/p>\n<p>Posteriormente, hay que indicar el tipo de empresa: Gran Empresa o Registro de Exportadores.<\/p>\n<p>Lo siguiente ser\u00e1 incluir los datos num\u00e9ricos en el <a href=\"https:\/\/www.billin.net\/blog\/iva-devengado\/\" target=\"_blank\" rel=\"noopener\"><strong>IVA devengado<\/strong><\/a>:<\/p>\n<p>En las casillas (02) a (07) incluimos las bases imponibles del r\u00e9gimen general seg\u00fan el porcentaje de IVA.<\/p>\n<p>En las casillas (08) y (09) son para las modificaciones de las bases imponibles y sus cuotas.<\/p>\n<p>En las casillas (10) a (15) son para las operaciones en r\u00e9gimen de recargo de equivalencia, y las casillas (16) y (17) para la modificaci\u00f3n de las bases imponibles y sus cuotas.<\/p>\n<p>Las casillas (18) y (19) son para las operaciones intracomunitarias.<\/p>\n<p>Y, por \u00faltimo, la casilla (20) es el resultado total del IVA devengado.<\/p>\n<p>Para el c\u00e1lculo del <a href=\"https:\/\/www.billin.net\/blog\/iva-deducible\/\" target=\"_blank\" rel=\"noopener\"><strong>IVA deducible<\/strong><\/a> habr\u00e1 que cumplimentar las siguientes casillas:<\/p>\n<p>Las casillas (21) y (22) son para el IVA y la base imponible de las operaciones de compras corrientes deducibles.<\/p>\n<p>Las casillas (23) y (24) incluye el IVA deducible en importaciones.<\/p>\n<p>Las casillas (25) y (26) es para el IVA deducible de las operaciones intracomunitarias.<\/p>\n<p>La casilla (27) para la compensaci\u00f3n del r\u00e9gimen especial de agricultura, ganader\u00eda y pesca.<\/p>\n<p>La casilla (28) para la regularizaci\u00f3n de inversiones.<\/p>\n<p>La casilla (29) es el total del IVA deducible.<\/p>\n<p>Una vez calculada la diferencia entre el IVA devengado y el IVA deducible habr\u00e1 que incluirla en la casilla (30).<\/p>\n<p>Y, por \u00faltimo, se aplica lo dispuesto en el Decreto Foral 102\/1992 donde se incluir\u00e1 que el contribuyente es sujeto pasivo del territorio hist\u00f3rico de Gipuzkoa, indicando la cuota atribuible a dicho territorio, las cuotas a compensar de periodos anteriores, las cuotas a ingresar a la Diputaci\u00f3n por los ingresos de trimestres anteriores, las devoluciones efectuadas por la Hacienda de Gipuzkoa y el resultado final que se reflejar\u00e1 en la casilla (40).<\/p>\n<p>El resto de informaci\u00f3n que hay que incluir en el <strong>modelo 390 de Gipuzkoa<\/strong> ser\u00e1 informaci\u00f3n adicional, como las existencias iniciales y finales, los bienes corrientes adquiridos durante el ejercicio, los gastos devengados, bienes de inversi\u00f3n, prorrata, tipo de operaciones y un anexo en el caso de estar acogido a alg\u00fan r\u00e9gimen especial de IVA.<\/p>\n","protected":false},"excerpt":{"rendered":"<p>El modelo 390 de Gipuzkoa es obligatorio para cualquier contribuyente que realice actividades econ\u00f3micas y que est\u00e9n sujetas al r\u00e9gimen general del Impuesto sobre el Valor A\u00f1adido, y, adem\u00e1s presenten de forma trimestral el modelo 300.<\/p>\n","protected":false},"author":20,"featured_media":19470,"comment_status":"open","ping_status":"open","sticky":false,"template":"","format":"standard","meta":{"_acf_changed":false,"_et_pb_use_builder":"","_et_pb_old_content":"","_et_gb_content_width":"","om_disable_all_campaigns":false,"inline_featured_image":false,"footnotes":""},"categories":[1020],"tags":[1380,1381],"class_list":{"0":"post-19469","1":"post","2":"type-post","3":"status-publish","4":"format-standard","5":"has-post-thumbnail","7":"category-contabilidad","8":"tag-autonomos","9":"tag-pymes"},"acf":{"selector_de_usuario":null,"fecha_de_revision":"20220627"},"yoast_head":"<!-- This site is optimized with the Yoast SEO plugin v27.1 - https:\/\/yoast.com\/product\/yoast-seo-wordpress\/ -->\n<title>Qu\u00e9 es y c\u00f3mo presentar el Modelo 390 de Gipuzkoa - TeamSystem Facturas Billin<\/title>\n<meta name=\"description\" content=\"Explicamos que es el Modelo 390 de Gipuzkoa y lo que debes tener en cuenta a la hora de presentarlo y c\u00f3mo hacerlo deforma correcta.\" \/>\n<meta name=\"robots\" content=\"index, follow, max-snippet:-1, max-image-preview:large, max-video-preview:-1\" \/>\n<link rel=\"canonical\" href=\"https:\/\/www.billin.net\/blog\/modelo-390-gipuzkoa\/\" \/>\n<meta property=\"og:locale\" content=\"es_ES\" \/>\n<meta property=\"og:type\" content=\"article\" \/>\n<meta property=\"og:title\" content=\"Qu\u00e9 es y c\u00f3mo presentar el Modelo 390 de Gipuzkoa - TeamSystem Facturas Billin\" \/>\n<meta property=\"og:description\" content=\"Explicamos que es el Modelo 390 de Gipuzkoa y lo que debes tener en cuenta a la hora de presentarlo y c\u00f3mo hacerlo deforma correcta.\" \/>\n<meta property=\"og:url\" content=\"https:\/\/www.billin.net\/blog\/modelo-390-gipuzkoa\/\" \/>\n<meta property=\"og:site_name\" content=\"Blog de TeamSystem Facturas Billin\" \/>\n<meta property=\"article:publisher\" content=\"https:\/\/www.facebook.com\/EsBillin\" \/>\n<meta property=\"article:published_time\" content=\"2022-06-23T22:00:00+00:00\" \/>\n<meta property=\"article:modified_time\" content=\"2025-09-25T18:34:51+00:00\" \/>\n<meta property=\"og:image\" content=\"https:\/\/www.billin.net\/blog\/wp-content\/uploads\/2022\/06\/Modelo-390-de-Gipuzkoa.webp\" \/>\n\t<meta property=\"og:image:width\" content=\"1125\" \/>\n\t<meta property=\"og:image:height\" content=\"750\" \/>\n\t<meta property=\"og:image:type\" content=\"image\/webp\" \/>\n<meta name=\"author\" content=\"Marcos De La Cueva - CEO TeamSystem Facturas Billin\" \/>\n<meta name=\"twitter:card\" content=\"summary_large_image\" \/>\n<meta name=\"twitter:creator\" content=\"@Billin_ES\" \/>\n<meta name=\"twitter:site\" content=\"@Billin_ES\" \/>\n<meta name=\"twitter:label1\" content=\"Escrito por\" \/>\n\t<meta name=\"twitter:data1\" content=\"Marcos De La Cueva - CEO TeamSystem Facturas Billin\" \/>\n\t<meta name=\"twitter:label2\" content=\"Tiempo de lectura\" \/>\n\t<meta name=\"twitter:data2\" content=\"4 minutos\" \/>\n<script type=\"application\/ld+json\" class=\"yoast-schema-graph\">{\"@context\":\"https:\/\/schema.org\",\"@graph\":[{\"@type\":\"Article\",\"@id\":\"https:\/\/www.billin.net\/blog\/modelo-390-gipuzkoa\/#article\",\"isPartOf\":{\"@id\":\"https:\/\/www.billin.net\/blog\/modelo-390-gipuzkoa\/\"},\"author\":{\"name\":\"Marcos De La Cueva - CEO TeamSystem Facturas Billin\",\"@id\":\"https:\/\/www.billin.net\/blog\/#\/schema\/person\/d0339ee6e869234614541b1e80a793e7\"},\"headline\":\"El modelo 390 de Gipuzkoa\",\"datePublished\":\"2022-06-23T22:00:00+00:00\",\"dateModified\":\"2025-09-25T18:34:51+00:00\",\"mainEntityOfPage\":{\"@id\":\"https:\/\/www.billin.net\/blog\/modelo-390-gipuzkoa\/\"},\"wordCount\":859,\"commentCount\":0,\"publisher\":{\"@id\":\"https:\/\/www.billin.net\/blog\/#organization\"},\"image\":{\"@id\":\"https:\/\/www.billin.net\/blog\/modelo-390-gipuzkoa\/#primaryimage\"},\"thumbnailUrl\":\"https:\/\/www.billin.net\/blog\/wp-content\/uploads\/2022\/06\/Modelo-390-de-Gipuzkoa.webp\",\"keywords\":[\"Aut\u00f3nomos\",\"Pymes\"],\"articleSection\":[\"Contabilidad\"],\"inLanguage\":\"es\",\"potentialAction\":[{\"@type\":\"CommentAction\",\"name\":\"Comment\",\"target\":[\"https:\/\/www.billin.net\/blog\/modelo-390-gipuzkoa\/#respond\"]}]},{\"@type\":\"WebPage\",\"@id\":\"https:\/\/www.billin.net\/blog\/modelo-390-gipuzkoa\/\",\"url\":\"https:\/\/www.billin.net\/blog\/modelo-390-gipuzkoa\/\",\"name\":\"Qu\u00e9 es y c\u00f3mo presentar el Modelo 390 de Gipuzkoa - TeamSystem Facturas Billin\",\"isPartOf\":{\"@id\":\"https:\/\/www.billin.net\/blog\/#website\"},\"primaryImageOfPage\":{\"@id\":\"https:\/\/www.billin.net\/blog\/modelo-390-gipuzkoa\/#primaryimage\"},\"image\":{\"@id\":\"https:\/\/www.billin.net\/blog\/modelo-390-gipuzkoa\/#primaryimage\"},\"thumbnailUrl\":\"https:\/\/www.billin.net\/blog\/wp-content\/uploads\/2022\/06\/Modelo-390-de-Gipuzkoa.webp\",\"datePublished\":\"2022-06-23T22:00:00+00:00\",\"dateModified\":\"2025-09-25T18:34:51+00:00\",\"description\":\"Explicamos que es el Modelo 390 de Gipuzkoa y lo que debes tener en cuenta a la hora de presentarlo y c\u00f3mo hacerlo deforma correcta.\",\"breadcrumb\":{\"@id\":\"https:\/\/www.billin.net\/blog\/modelo-390-gipuzkoa\/#breadcrumb\"},\"inLanguage\":\"es\",\"potentialAction\":[{\"@type\":\"ReadAction\",\"target\":[\"https:\/\/www.billin.net\/blog\/modelo-390-gipuzkoa\/\"]}]},{\"@type\":\"ImageObject\",\"inLanguage\":\"es\",\"@id\":\"https:\/\/www.billin.net\/blog\/modelo-390-gipuzkoa\/#primaryimage\",\"url\":\"https:\/\/www.billin.net\/blog\/wp-content\/uploads\/2022\/06\/Modelo-390-de-Gipuzkoa.webp\",\"contentUrl\":\"https:\/\/www.billin.net\/blog\/wp-content\/uploads\/2022\/06\/Modelo-390-de-Gipuzkoa.webp\",\"width\":1125,\"height\":750,\"caption\":\"modelo 390 de gipuzkoa\"},{\"@type\":\"BreadcrumbList\",\"@id\":\"https:\/\/www.billin.net\/blog\/modelo-390-gipuzkoa\/#breadcrumb\",\"itemListElement\":[{\"@type\":\"ListItem\",\"position\":1,\"name\":\"Blog\",\"item\":\"https:\/\/www.billin.net\/blog\/\"},{\"@type\":\"ListItem\",\"position\":2,\"name\":\"Contabilidad\",\"item\":\"https:\/\/www.billin.net\/blog\/contabilidad\/\"},{\"@type\":\"ListItem\",\"position\":3,\"name\":\"El modelo 390 de Gipuzkoa\"}]},{\"@type\":\"WebSite\",\"@id\":\"https:\/\/www.billin.net\/blog\/#website\",\"url\":\"https:\/\/www.billin.net\/blog\/\",\"name\":\"Blog de Billin\",\"description\":\"Mantente informado con el blog de TeamSystem Facturas Billin:  facturaci\u00f3n, legislaci\u00f3n, contabilidad, management y toda la informaci\u00f3n \u00fatil para pymes y aut\u00f3nomos.\",\"publisher\":{\"@id\":\"https:\/\/www.billin.net\/blog\/#organization\"},\"potentialAction\":[{\"@type\":\"SearchAction\",\"target\":{\"@type\":\"EntryPoint\",\"urlTemplate\":\"https:\/\/www.billin.net\/blog\/?s={search_term_string}\"},\"query-input\":{\"@type\":\"PropertyValueSpecification\",\"valueRequired\":true,\"valueName\":\"search_term_string\"}}],\"inLanguage\":\"es\"},{\"@type\":\"Organization\",\"@id\":\"https:\/\/www.billin.net\/blog\/#organization\",\"name\":\"Billin\",\"alternateName\":\"Blog de Billin\",\"url\":\"https:\/\/www.billin.net\/blog\/\",\"logo\":{\"@type\":\"ImageObject\",\"inLanguage\":\"es\",\"@id\":\"https:\/\/www.billin.net\/blog\/#\/schema\/logo\/image\/\",\"url\":\"https:\/\/www.billin.net\/blog\/wp-content\/uploads\/2019\/06\/logotipo-billin-blog-1.png\",\"contentUrl\":\"https:\/\/www.billin.net\/blog\/wp-content\/uploads\/2019\/06\/logotipo-billin-blog-1.png\",\"width\":126,\"height\":50,\"caption\":\"Billin\"},\"image\":{\"@id\":\"https:\/\/www.billin.net\/blog\/#\/schema\/logo\/image\/\"},\"sameAs\":[\"https:\/\/www.facebook.com\/EsBillin\",\"https:\/\/x.com\/Billin_ES\",\"https:\/\/www.instagram.com\/billin_es\/\",\"https:\/\/www.linkedin.com\/company\/billin-spain\",\"https:\/\/www.youtube.com\/c\/BillinEsintercambiodefacturas\/\"],\"legalName\":\"MY EXPENSES SL\",\"contactPoint\":{\"@type\":\"ContactPoint\",\"telephone\":\"+34918318883\",\"contactType\":\"customer service\",\"email\":\"info@billin.eu\",\"availableLanguage\":\"es\"},\"foundingDate\":\"2015\",\"numberOfEmployees\":{\"@type\":\"QuantitativeValue\",\"minValue\":10,\"maxValue\":50},\"parentOrganization\":{\"@type\":\"Organization\",\"name\":\"TeamSystem\",\"url\":\"https:\/\/www.teamsystem.com\/\"},\"description\":\"Billin es el programa de facturaci\u00f3n online de TeamSystem para aut\u00f3nomos y pymes en Espa\u00f1a. Permite crear facturas, controlar gastos y cumplir con Verifactu.\",\"address\":{\"@type\":\"PostalAddress\",\"streetAddress\":\"Calle Arturo Soria, 336\",\"addressLocality\":\"Madrid\",\"addressRegion\":\"Madrid\",\"postalCode\":\"28033\",\"addressCountry\":\"ES\"}},{\"@type\":\"Person\",\"@id\":\"https:\/\/www.billin.net\/blog\/#\/schema\/person\/d0339ee6e869234614541b1e80a793e7\",\"name\":\"Marcos De La Cueva - CEO TeamSystem Facturas Billin\",\"image\":{\"@type\":\"ImageObject\",\"inLanguage\":\"es\",\"@id\":\"https:\/\/www.billin.net\/blog\/#\/schema\/person\/image\/\",\"url\":\"https:\/\/www.billin.net\/blog\/wp-content\/uploads\/2023\/10\/marcos-color-150x150.png\",\"contentUrl\":\"https:\/\/www.billin.net\/blog\/wp-content\/uploads\/2023\/10\/marcos-color-150x150.png\",\"caption\":\"Marcos De La Cueva - CEO TeamSystem Facturas Billin\"},\"description\":\"Licenciado en ADE por la Universidad Aut\u00f3noma de Madrid, Marcos De la Cueva es CEO y cofundador de TeamSystem Facturas Billin, un programa online que lleva m\u00e1s de 9 a\u00f1os ayudando a aut\u00f3nomos, peque\u00f1os negocios y gestor\u00edas a digitalizar sus presupuestos, facturas, tickets y gastos. \u00a0 Sobre Marcos De La Cueva \u00a0 Apasionado por el mundo empresarial y la tecnolog\u00eda, curs\u00f3 su M\u00e1ster de Finanzas en la Universidad Pontificia de Comillas y estuvo en el Programa de Cooperaci\u00f3n Educativa de la Universidad Aut\u00f3noma de Madrid. \u00a0 Marcos siempre ha tenido su objetivo claro: ayudar a la creaci\u00f3n de negocios financieramente sostenibles a trav\u00e9s de una herramienta de facturaci\u00f3n que les permita ahorrar tiempo y tener la contabilidad bajo control. \u00a0 Marcos De La Cueva en los medios \u2014 Noticia sobre Kit Digital y Ley Antifraude (VeriFactu) en El Economista. \u2014 Noticia sobre Kit Digital y factura electr\u00f3nica obligatoria en Diario Jur\u00eddico. \u2014 Noticia sobre el a\u00f1o de transici\u00f3n para la factura electr\u00f3nica en Muy Pymes. \u2014 Entrevista sobre factura electr\u00f3nica obligatoria en Canal Sur. \u2014 Noticia sobre el informe factura electr\u00f3nica de TeamSystem en Channel Partner. \u2014 Charla sobre productividad y Ley Crea y Crece en El Economista. \u2014 Charla sobre factura electr\u00f3nica obligatoria en Muy Pymes. \u2014 Charla sobre digitalizaci\u00f3n aut\u00f3nomos y productividad en esdiario. \u2014 Charla sobre productividad y factura electr\u00f3nica en La Raz\u00f3n. \u2014 Charla sobre factura electr\u00f3nica obligatoria en Aut\u00f3nomos y Emprendedores. \u2014 Entrevista sobre Ley Antifraude y Ley Crea y Crece en Expansi\u00f3n. \u2014 Entrevista sobre Ley Antifraude y Ley Crea y Crece en La Raz\u00f3n. \u2014 Entrevista sobre factura electr\u00f3nica obligatoria en El Economista. \u2014 Comunicado Billin y TeamSystem en Business Insider. \u2014 Entrevista en Econom\u00eda Digital. \u2014 Entrevista en Ideas para tu empresa de Vodafone. \u2014 Entrevista en M\u00e1sQradio. \u2014 Entrevista en Armas para emprender de El M\u00e9todo Gallardo. \u2014 Entrevista en KFund. \u2014 Entrevista en AXA Seguros Espa\u00f1a. \u2014 Entrevista en GestionaRadio. \u00a0 Marcos De La Cueva en eventos \u00a0 \u2014 Participaci\u00f3n como ponente en Accountex Espa\u00f1a 2023. \u00a0 Tem\u00e1ticas de especializaci\u00f3n \u00a0 negocios | startups | contabilidad| fiscalidad | empresas| asesor\u00edas| autonomos | emprendedores | peque\u00f1os negocios | econom\u00eda | ADE | pymes | desarrollo de negocio\u00a0\",\"sameAs\":[\"https:\/\/www.billin.net\/\",\"https:\/\/www.linkedin.com\/in\/marcos-de-la-cueva-19750ba3\/\"],\"url\":\"https:\/\/www.billin.net\/blog\/author\/marcosdelacueva\/\",\"jobTitle\":\"CEO y cofundador de TS Facturas Billin\"}]}<\/script>\n<!-- \/ Yoast SEO plugin. -->","yoast_head_json":{"title":"Qu\u00e9 es y c\u00f3mo presentar el Modelo 390 de Gipuzkoa - TeamSystem Facturas Billin","description":"Explicamos que es el Modelo 390 de Gipuzkoa y lo que debes tener en cuenta a la hora de presentarlo y c\u00f3mo hacerlo deforma correcta.","robots":{"index":"index","follow":"follow","max-snippet":"max-snippet:-1","max-image-preview":"max-image-preview:large","max-video-preview":"max-video-preview:-1"},"canonical":"https:\/\/www.billin.net\/blog\/modelo-390-gipuzkoa\/","og_locale":"es_ES","og_type":"article","og_title":"Qu\u00e9 es y c\u00f3mo presentar el Modelo 390 de Gipuzkoa - TeamSystem Facturas Billin","og_description":"Explicamos que es el Modelo 390 de Gipuzkoa y lo que debes tener en cuenta a la hora de presentarlo y c\u00f3mo hacerlo deforma correcta.","og_url":"https:\/\/www.billin.net\/blog\/modelo-390-gipuzkoa\/","og_site_name":"Blog de TeamSystem Facturas Billin","article_publisher":"https:\/\/www.facebook.com\/EsBillin","article_published_time":"2022-06-23T22:00:00+00:00","article_modified_time":"2025-09-25T18:34:51+00:00","og_image":[{"width":1125,"height":750,"url":"https:\/\/www.billin.net\/blog\/wp-content\/uploads\/2022\/06\/Modelo-390-de-Gipuzkoa.webp","type":"image\/webp"}],"author":"Marcos De La Cueva - CEO TeamSystem Facturas Billin","twitter_card":"summary_large_image","twitter_creator":"@Billin_ES","twitter_site":"@Billin_ES","twitter_misc":{"Escrito por":"Marcos De La Cueva - CEO TeamSystem Facturas Billin","Tiempo de lectura":"4 minutos"},"schema":{"@context":"https:\/\/schema.org","@graph":[{"@type":"Article","@id":"https:\/\/www.billin.net\/blog\/modelo-390-gipuzkoa\/#article","isPartOf":{"@id":"https:\/\/www.billin.net\/blog\/modelo-390-gipuzkoa\/"},"author":{"name":"Marcos De La Cueva - CEO TeamSystem Facturas Billin","@id":"https:\/\/www.billin.net\/blog\/#\/schema\/person\/d0339ee6e869234614541b1e80a793e7"},"headline":"El modelo 390 de Gipuzkoa","datePublished":"2022-06-23T22:00:00+00:00","dateModified":"2025-09-25T18:34:51+00:00","mainEntityOfPage":{"@id":"https:\/\/www.billin.net\/blog\/modelo-390-gipuzkoa\/"},"wordCount":859,"commentCount":0,"publisher":{"@id":"https:\/\/www.billin.net\/blog\/#organization"},"image":{"@id":"https:\/\/www.billin.net\/blog\/modelo-390-gipuzkoa\/#primaryimage"},"thumbnailUrl":"https:\/\/www.billin.net\/blog\/wp-content\/uploads\/2022\/06\/Modelo-390-de-Gipuzkoa.webp","keywords":["Aut\u00f3nomos","Pymes"],"articleSection":["Contabilidad"],"inLanguage":"es","potentialAction":[{"@type":"CommentAction","name":"Comment","target":["https:\/\/www.billin.net\/blog\/modelo-390-gipuzkoa\/#respond"]}]},{"@type":"WebPage","@id":"https:\/\/www.billin.net\/blog\/modelo-390-gipuzkoa\/","url":"https:\/\/www.billin.net\/blog\/modelo-390-gipuzkoa\/","name":"Qu\u00e9 es y c\u00f3mo presentar el Modelo 390 de Gipuzkoa - TeamSystem Facturas Billin","isPartOf":{"@id":"https:\/\/www.billin.net\/blog\/#website"},"primaryImageOfPage":{"@id":"https:\/\/www.billin.net\/blog\/modelo-390-gipuzkoa\/#primaryimage"},"image":{"@id":"https:\/\/www.billin.net\/blog\/modelo-390-gipuzkoa\/#primaryimage"},"thumbnailUrl":"https:\/\/www.billin.net\/blog\/wp-content\/uploads\/2022\/06\/Modelo-390-de-Gipuzkoa.webp","datePublished":"2022-06-23T22:00:00+00:00","dateModified":"2025-09-25T18:34:51+00:00","description":"Explicamos que es el Modelo 390 de Gipuzkoa y lo que debes tener en cuenta a la hora de presentarlo y c\u00f3mo hacerlo deforma correcta.","breadcrumb":{"@id":"https:\/\/www.billin.net\/blog\/modelo-390-gipuzkoa\/#breadcrumb"},"inLanguage":"es","potentialAction":[{"@type":"ReadAction","target":["https:\/\/www.billin.net\/blog\/modelo-390-gipuzkoa\/"]}]},{"@type":"ImageObject","inLanguage":"es","@id":"https:\/\/www.billin.net\/blog\/modelo-390-gipuzkoa\/#primaryimage","url":"https:\/\/www.billin.net\/blog\/wp-content\/uploads\/2022\/06\/Modelo-390-de-Gipuzkoa.webp","contentUrl":"https:\/\/www.billin.net\/blog\/wp-content\/uploads\/2022\/06\/Modelo-390-de-Gipuzkoa.webp","width":1125,"height":750,"caption":"modelo 390 de gipuzkoa"},{"@type":"BreadcrumbList","@id":"https:\/\/www.billin.net\/blog\/modelo-390-gipuzkoa\/#breadcrumb","itemListElement":[{"@type":"ListItem","position":1,"name":"Blog","item":"https:\/\/www.billin.net\/blog\/"},{"@type":"ListItem","position":2,"name":"Contabilidad","item":"https:\/\/www.billin.net\/blog\/contabilidad\/"},{"@type":"ListItem","position":3,"name":"El modelo 390 de Gipuzkoa"}]},{"@type":"WebSite","@id":"https:\/\/www.billin.net\/blog\/#website","url":"https:\/\/www.billin.net\/blog\/","name":"Blog de Billin","description":"Mantente informado con el blog de TeamSystem Facturas Billin:  facturaci\u00f3n, legislaci\u00f3n, contabilidad, management y toda la informaci\u00f3n \u00fatil para pymes y aut\u00f3nomos.","publisher":{"@id":"https:\/\/www.billin.net\/blog\/#organization"},"potentialAction":[{"@type":"SearchAction","target":{"@type":"EntryPoint","urlTemplate":"https:\/\/www.billin.net\/blog\/?s={search_term_string}"},"query-input":{"@type":"PropertyValueSpecification","valueRequired":true,"valueName":"search_term_string"}}],"inLanguage":"es"},{"@type":"Organization","@id":"https:\/\/www.billin.net\/blog\/#organization","name":"Billin","alternateName":"Blog de Billin","url":"https:\/\/www.billin.net\/blog\/","logo":{"@type":"ImageObject","inLanguage":"es","@id":"https:\/\/www.billin.net\/blog\/#\/schema\/logo\/image\/","url":"https:\/\/www.billin.net\/blog\/wp-content\/uploads\/2019\/06\/logotipo-billin-blog-1.png","contentUrl":"https:\/\/www.billin.net\/blog\/wp-content\/uploads\/2019\/06\/logotipo-billin-blog-1.png","width":126,"height":50,"caption":"Billin"},"image":{"@id":"https:\/\/www.billin.net\/blog\/#\/schema\/logo\/image\/"},"sameAs":["https:\/\/www.facebook.com\/EsBillin","https:\/\/x.com\/Billin_ES","https:\/\/www.instagram.com\/billin_es\/","https:\/\/www.linkedin.com\/company\/billin-spain","https:\/\/www.youtube.com\/c\/BillinEsintercambiodefacturas\/"],"legalName":"MY EXPENSES SL","contactPoint":{"@type":"ContactPoint","telephone":"+34918318883","contactType":"customer service","email":"info@billin.eu","availableLanguage":"es"},"foundingDate":"2015","numberOfEmployees":{"@type":"QuantitativeValue","minValue":10,"maxValue":50},"parentOrganization":{"@type":"Organization","name":"TeamSystem","url":"https:\/\/www.teamsystem.com\/"},"description":"Billin es el programa de facturaci\u00f3n online de TeamSystem para aut\u00f3nomos y pymes en Espa\u00f1a. Permite crear facturas, controlar gastos y cumplir con Verifactu.","address":{"@type":"PostalAddress","streetAddress":"Calle Arturo Soria, 336","addressLocality":"Madrid","addressRegion":"Madrid","postalCode":"28033","addressCountry":"ES"}},{"@type":"Person","@id":"https:\/\/www.billin.net\/blog\/#\/schema\/person\/d0339ee6e869234614541b1e80a793e7","name":"Marcos De La Cueva - CEO TeamSystem Facturas Billin","image":{"@type":"ImageObject","inLanguage":"es","@id":"https:\/\/www.billin.net\/blog\/#\/schema\/person\/image\/","url":"https:\/\/www.billin.net\/blog\/wp-content\/uploads\/2023\/10\/marcos-color-150x150.png","contentUrl":"https:\/\/www.billin.net\/blog\/wp-content\/uploads\/2023\/10\/marcos-color-150x150.png","caption":"Marcos De La Cueva - CEO TeamSystem Facturas Billin"},"description":"Licenciado en ADE por la Universidad Aut\u00f3noma de Madrid, Marcos De la Cueva es CEO y cofundador de TeamSystem Facturas Billin, un programa online que lleva m\u00e1s de 9 a\u00f1os ayudando a aut\u00f3nomos, peque\u00f1os negocios y gestor\u00edas a digitalizar sus presupuestos, facturas, tickets y gastos. \u00a0 Sobre Marcos De La Cueva \u00a0 Apasionado por el mundo empresarial y la tecnolog\u00eda, curs\u00f3 su M\u00e1ster de Finanzas en la Universidad Pontificia de Comillas y estuvo en el Programa de Cooperaci\u00f3n Educativa de la Universidad Aut\u00f3noma de Madrid. \u00a0 Marcos siempre ha tenido su objetivo claro: ayudar a la creaci\u00f3n de negocios financieramente sostenibles a trav\u00e9s de una herramienta de facturaci\u00f3n que les permita ahorrar tiempo y tener la contabilidad bajo control. \u00a0 Marcos De La Cueva en los medios \u2014 Noticia sobre Kit Digital y Ley Antifraude (VeriFactu) en El Economista. \u2014 Noticia sobre Kit Digital y factura electr\u00f3nica obligatoria en Diario Jur\u00eddico. \u2014 Noticia sobre el a\u00f1o de transici\u00f3n para la factura electr\u00f3nica en Muy Pymes. \u2014 Entrevista sobre factura electr\u00f3nica obligatoria en Canal Sur. \u2014 Noticia sobre el informe factura electr\u00f3nica de TeamSystem en Channel Partner. \u2014 Charla sobre productividad y Ley Crea y Crece en El Economista. \u2014 Charla sobre factura electr\u00f3nica obligatoria en Muy Pymes. \u2014 Charla sobre digitalizaci\u00f3n aut\u00f3nomos y productividad en esdiario. \u2014 Charla sobre productividad y factura electr\u00f3nica en La Raz\u00f3n. \u2014 Charla sobre factura electr\u00f3nica obligatoria en Aut\u00f3nomos y Emprendedores. \u2014 Entrevista sobre Ley Antifraude y Ley Crea y Crece en Expansi\u00f3n. \u2014 Entrevista sobre Ley Antifraude y Ley Crea y Crece en La Raz\u00f3n. \u2014 Entrevista sobre factura electr\u00f3nica obligatoria en El Economista. \u2014 Comunicado Billin y TeamSystem en Business Insider. \u2014 Entrevista en Econom\u00eda Digital. \u2014 Entrevista en Ideas para tu empresa de Vodafone. \u2014 Entrevista en M\u00e1sQradio. \u2014 Entrevista en Armas para emprender de El M\u00e9todo Gallardo. \u2014 Entrevista en KFund. \u2014 Entrevista en AXA Seguros Espa\u00f1a. \u2014 Entrevista en GestionaRadio. \u00a0 Marcos De La Cueva en eventos \u00a0 \u2014 Participaci\u00f3n como ponente en Accountex Espa\u00f1a 2023. \u00a0 Tem\u00e1ticas de especializaci\u00f3n \u00a0 negocios | startups | contabilidad| fiscalidad | empresas| asesor\u00edas| autonomos | emprendedores | peque\u00f1os negocios | econom\u00eda | ADE | pymes | desarrollo de negocio\u00a0","sameAs":["https:\/\/www.billin.net\/","https:\/\/www.linkedin.com\/in\/marcos-de-la-cueva-19750ba3\/"],"url":"https:\/\/www.billin.net\/blog\/author\/marcosdelacueva\/","jobTitle":"CEO y cofundador de TS Facturas Billin"}]}},"_links":{"self":[{"href":"https:\/\/www.billin.net\/blog\/wp-json\/wp\/v2\/posts\/19469","targetHints":{"allow":["GET"]}}],"collection":[{"href":"https:\/\/www.billin.net\/blog\/wp-json\/wp\/v2\/posts"}],"about":[{"href":"https:\/\/www.billin.net\/blog\/wp-json\/wp\/v2\/types\/post"}],"author":[{"embeddable":true,"href":"https:\/\/www.billin.net\/blog\/wp-json\/wp\/v2\/users\/20"}],"replies":[{"embeddable":true,"href":"https:\/\/www.billin.net\/blog\/wp-json\/wp\/v2\/comments?post=19469"}],"version-history":[{"count":6,"href":"https:\/\/www.billin.net\/blog\/wp-json\/wp\/v2\/posts\/19469\/revisions"}],"predecessor-version":[{"id":26787,"href":"https:\/\/www.billin.net\/blog\/wp-json\/wp\/v2\/posts\/19469\/revisions\/26787"}],"wp:featuredmedia":[{"embeddable":true,"href":"https:\/\/www.billin.net\/blog\/wp-json\/wp\/v2\/media\/19470"}],"wp:attachment":[{"href":"https:\/\/www.billin.net\/blog\/wp-json\/wp\/v2\/media?parent=19469"}],"wp:term":[{"taxonomy":"category","embeddable":true,"href":"https:\/\/www.billin.net\/blog\/wp-json\/wp\/v2\/categories?post=19469"},{"taxonomy":"post_tag","embeddable":true,"href":"https:\/\/www.billin.net\/blog\/wp-json\/wp\/v2\/tags?post=19469"}],"curies":[{"name":"wp","href":"https:\/\/api.w.org\/{rel}","templated":true}]}}