{"id":19458,"date":"2022-06-23T10:26:45","date_gmt":"2022-06-23T08:26:45","guid":{"rendered":"https:\/\/www.billin.net\/blog\/?p=19458"},"modified":"2025-09-25T20:34:56","modified_gmt":"2025-09-25T18:34:56","slug":"calendario-fiscal-bizkaia","status":"publish","type":"post","link":"https:\/\/www.billin.net\/blog\/calendario-fiscal-bizkaia\/","title":{"rendered":"El calendario fiscal para Bizkaia"},"content":{"rendered":"<p>Como cada a\u00f1o, la Hacienda Foral de Bizkaia ha publicado un calendario fiscal de Bizkaia con todas las obligaciones fiscales que deber\u00e1n cumplir todos los contribuyentes, incluidos los aut\u00f3nomos y las empresas de la provincia de Bizkaia, de aqu\u00ed a 2022.<\/p>\n<p><!--more--><\/p>\n<p>La mayor\u00eda de los aut\u00f3nomos, empresarios individuales y peque\u00f1as empresas tendr\u00e1n obligaciones fiscales inferiores a las indicadas en este calendario fiscal.<\/p>\n<p>Aqu\u00ed encontrar\u00e1s todos los plazos para el pago puntual de las obligaciones fiscales, tanto si es un aut\u00f3nomo como una empresa.<\/p>\n<p><strong>Este calendario para los contribuyentes contiene las fechas y los formularios m\u00e1s importantes<\/strong> para que puedas comprobar cu\u00e1ndo vence el plazo para presentar la declaraci\u00f3n de la renta en 2022.<\/p>\n<p>Recuerda que cada aut\u00f3nomo y\/o empresa debe cumplimentar los formularios correspondientes seg\u00fan sus caracter\u00edsticas individuales, en funci\u00f3n de lo indicado en su alta censal, mediante el <a href=\"https:\/\/www.billin.net\/blog\/modelo-036-bizkaia\/\" target=\"_blank\" rel=\"noopener\">modelo 036 de Bizkaia<\/a>.<\/p>\n<p>Veamos lo que nos deparan los meses en cuanto a la presentaci\u00f3n de impuestos:<\/p>\n<h2>Enero<\/h2>\n<p>Este mes deben presentarse las <strong>declaraciones de la renta correspondientes al 4\u00ba trimestre de 2021<\/strong> y los res\u00famenes anuales de las declaraciones presentadas en el mismo a\u00f1o.<\/p>\n<p><strong>A partir del 1 de enero de 2022 y hasta el 31 de enero de 2022, deber\u00e1 facilitarse la siguiente informaci\u00f3n:<\/strong><\/p>\n<ul>\n<li><a href=\"https:\/\/www.billin.net\/blog\/modelo-110-modelo-111-bizkaia\/\" target=\"_blank\" rel=\"noopener\">Modelos 110 y 111<\/a>, declaraci\u00f3n trimestral del impuesto sobre la renta de los trabajadores y profesionales.<\/li>\n<li><a href=\"https:\/\/www.billin.net\/blog\/modelo-115-bizkaia\/\" target=\"_blank\" rel=\"noopener\">Modelo 115 de Bizkaia<\/a>, declaraci\u00f3n trimestral del impuesto sobre el alquiler.<\/li>\n<li>Modelo 123, Informe trimestral de retenciones y desembolsos de rendimientos del capital mobiliario.<\/li>\n<li>Modelo 130, Pago fraccionado del IRPF, ingresos en cuenta del IRPF.<\/li>\n<li><a href=\"https:\/\/www.billin.net\/blog\/modelo-180-bizkaia\/\" target=\"_blank\" rel=\"noopener\">Modelo 180 de Bizkaia<\/a>, Revisi\u00f3n anual de las declaraciones trimestrales del Modelo 115, Deducciones por alquiler.<\/li>\n<li>Modelo 190, revisi\u00f3n anual del Modelo 111 informes trimestrales de retenciones para empleados y expertos.<\/li>\n<li>Modelo 193, Revisi\u00f3n anual de las declaraciones trimestrales del modelo 123 de retenciones y desembolsos de rendimientos del capital mobiliario.<\/li>\n<li>Modelo 349, Resumen de operaciones intracomunitarias. Este <a href=\"https:\/\/www.billin.net\/blog\/modelo-349-bizkaia\/\" target=\"_blank\" rel=\"noopener\">Modelo 349 de Bizkaia<\/a> se trata de una declaraci\u00f3n informativa.<\/li>\n<li>Modelo 390, resumen anual de las declaraciones trimestrales del IVA en el r\u00e9gimen general. Esta declaraci\u00f3n tambi\u00e9n incluye las declaraciones trimestrales m\u00e1s recientes del formulario 303. Al presentar el modelo 390 de Bizkaia, tambi\u00e9n se considera presentado el modelo 303 del cuarto trimestre.<\/li>\n<li>Modelo 391, resumen anual de la declaraci\u00f3n trimestral del IVA en r\u00e9gimen simplificado. Esta declaraci\u00f3n tambi\u00e9n incluye los ingresos correspondientes al \u00faltimo formulario 303 trimestral. Al <a href=\"https:\/\/www.billin.net\/blog\/modelo-390-bizkaia\/\" target=\"_blank\" rel=\"noopener\">presentar el Modelo 390 de Bizkaia<\/a>, tambi\u00e9n se considera presentado el <a href=\"https:\/\/www.billin.net\/blog\/modelo-303-bizkaia\/\" target=\"_blank\" rel=\"noopener\">Modelo 303 de Bizkaia<\/a> del cuarto trimestre.<\/li>\n<\/ul>\n<h2>Febrero<\/h2>\n<p>Durante este mes, las empresas deben presentar el <a href=\"https:\/\/www.billin.net\/blog\/modelo-347-bizkaia\/\" target=\"_blank\" rel=\"noopener\">modelo 347 de Bizkaia<\/a> y los aut\u00f3nomos el <a href=\"https:\/\/www.billin.net\/blog\/modelo-140-bizkaia\/\" target=\"_blank\" rel=\"noopener\">modelo 140 de Bizkaia<\/a> o el registro de actividades econ\u00f3micas del ejercicio anterior.<\/p>\n<p><strong>Desde el 1 de febrero de 2022 hasta el 28 de febrero de 2022:<\/strong><\/p>\n<ul>\n<li>Modelo 347, informe anual de informaci\u00f3n sobre operaciones con terceros durante el a\u00f1o por un importe total superior a 3.005,06 euros.<\/li>\n<li>Modelo 140, declaraci\u00f3n al registro de transacciones econ\u00f3micas.<\/li>\n<\/ul>\n<h2>Marzo<\/h2>\n<p>El 31 de marzo es la fecha l\u00edmite para presentar el <a href=\"https:\/\/www.billin.net\/blog\/modelo-720-bienes-derechos-extranjero\/\" target=\"_blank\" rel=\"noopener\">modelo 720<\/a>, Informe informativo sobre bienes y derechos en el extranjero.<\/p>\n<h2>Abril<\/h2>\n<p>Las declaraciones de impuestos correspondientes al primer trimestre del a\u00f1o deben presentarse este mes.<\/p>\n<p>Debido a la actual coyuntura econ\u00f3mica, una de las medidas fiscales excepcionales para paliar los efectos de la crisis para los aut\u00f3nomos y emprendedores vizca\u00ednos es que se retrasa el plazo de presentaci\u00f3n de la declaraci\u00f3n de la renta de abril al 29 de abril de 2022, pero se elimina la obligaci\u00f3n de <a href=\"https:\/\/www.billin.net\/blog\/modelo-130-bizkaia\/\" target=\"_blank\" rel=\"noopener\">presentar el modelo 130 de Bizkaia<\/a> del primer y segundo trimestre de 2022.<\/p>\n<p><strong>Del 1 de abril hasta el 25 de abril:<\/strong><\/p>\n<ul>\n<li>Modelo 110 y Modelo 111, declaraci\u00f3n trimestral del impuesto sobre la renta de los trabajadores y profesionales.<\/li>\n<li>Modelo 115, deducci\u00f3n fiscal trimestral por alquiler.<\/li>\n<li>Modelo 123, Contabilizaci\u00f3n de retenciones e ingresos en la cuenta de rendimientos del capital mobiliario.<\/li>\n<li>Modelo 303, declaraci\u00f3n trimestral del IVA.<\/li>\n<li>Modelo 310, declaraci\u00f3n trimestral del IVA en r\u00e9gimen simplificado.<\/li>\n<li>Modelo 130, fraccionamiento del IRPF, anticipo del IRPF.<\/li>\n<li>Modelo 349, Estado consolidado de las operaciones intracomunitarias. Se trata de una devoluci\u00f3n informativa.<\/li>\n<\/ul>\n<p><strong>Hasta el 30 de abril:<\/strong><\/p>\n<ul>\n<li>Modelo 369, declaraci\u00f3n trimestral del IVA. R\u00e9gimen especial aplicable a las prestaciones de servicios y a las ventas a distancia de bienes a particulares (no sujetos pasivos) en el marco del r\u00e9gimen de importaci\u00f3n y de la Uni\u00f3n.<\/li>\n<\/ul>\n<h2>De abril a junio<\/h2>\n<p>La campa\u00f1a del impuesto sobre la renta va desde principios de abril hasta finales de junio.<\/p>\n<p><strong>Desde el 2 de abril al 30 de junio:<\/strong><\/p>\n<ul>\n<li>Modelo 100, <a href=\"https:\/\/www.billin.net\/blog\/renta-bizkaia\/\" target=\"_blank\" rel=\"noopener\">declaraci\u00f3n de la renta en Bizkaia<\/a> 2021.<\/li>\n<li>Modelo 714, Declaraci\u00f3n del impuesto sobre bienes inmuebles para el a\u00f1o 2021.<\/li>\n<\/ul>\n<h2>Julio<\/h2>\n<p>Este mes se presentar\u00e1n las declaraciones del segundo trimestre y del impuesto de sociedades del ejercicio 2021.<\/p>\n<p><strong>Del 1 de julio hasta el 26 de julio:<\/strong><\/p>\n<ul>\n<li>Modelo 110 y Modelo 111, Declaraci\u00f3n trimestral de retenciones para trabajadores y profesionales.<\/li>\n<li>Modelo 115, Deducci\u00f3n trimestral de impuestos por alquiler.<\/li>\n<li>Modelo 123, Contabilizaci\u00f3n de las retenciones y desembolsos a la cuenta de ingresos de bienes muebles.<\/li>\n<li>Modelo 303, declaraci\u00f3n trimestral del IVA.<\/li>\n<li>Modelo 310, declaraci\u00f3n trimestral del IVA en r\u00e9gimen simplificado.<\/li>\n<li>Modelo 130, fraccionamiento del IRPF, anticipo del IRPF.<\/li>\n<li>Modelo 200, declaraci\u00f3n del impuesto de sociedades de 2020.<\/li>\n<li>Modelo 349, Estado consolidado de las operaciones intracomunitarias. Se trata de una devoluci\u00f3n informativa.<\/li>\n<\/ul>\n<p><strong>Hasta el 31 de julio de 2022:<\/strong><\/p>\n<ul>\n<li>Modelo 369, declaraci\u00f3n trimestral del IVA. R\u00e9gimen especial para las prestaciones de servicios y las ventas a distancia de bienes a particulares (no sujetos pasivos) en el marco del r\u00e9gimen de importaci\u00f3n y de la Uni\u00f3n.<\/li>\n<\/ul>\n<h2>Agosto<\/h2>\n<p>Todas las fechas de pago correspondientes a agosto se trasladar\u00e1n a septiembre con las mismas fechas de presentaci\u00f3n y forma de pago.<\/p>\n<h2>Octubre<\/h2>\n<p>Los pagos del tercer trimestre del a\u00f1o vencen este mes.<\/p>\n<p><strong>Desde el 1 de octubre al 25 de octubre:<\/strong><\/p>\n<ul>\n<li>Modelo 110 y Modelo 111, Declaraci\u00f3n trimestral de retenciones para trabajadores y profesionales.<\/li>\n<li>Modelo 115, declaraci\u00f3n trimestral de retenciones.<\/li>\n<li>Modelo 123, Declaraci\u00f3n trimestral de retenciones e ingresos en cuenta de los rendimientos del capital mobiliario.<\/li>\n<li>Modelo 303, declaraci\u00f3n trimestral del IVA.<\/li>\n<li>Modelo 310, declaraci\u00f3n trimestral del IVA en r\u00e9gimen simplificado.<\/li>\n<li>Modelo 130, aplazamiento del IRPF, anticipos del IRPF.<\/li>\n<li>Modelo 349, Estado consolidado de las operaciones intracomunitarias. Esta es una declaraci\u00f3n informativa.<\/li>\n<li>Modelo 369, declaraci\u00f3n trimestral del IVA. R\u00e9gimen especial para las prestaciones de servicios y las ventas a distancia de bienes a particulares (no sujetos pasivos) en el marco del r\u00e9gimen de importaci\u00f3n y del r\u00e9gimen comunitario.<\/li>\n<\/ul>\n<h2>Noviembre<\/h2>\n<p><strong>El 11 de noviembre de 2022<\/strong><\/p>\n<ul>\n<li>Recaudaci\u00f3n del 40% del impuesto sobre la renta de los contribuyentes que han solicitado la declaraci\u00f3n fraccionada.<\/li>\n<\/ul>\n<p>Esperamos que tengas un poco m\u00e1s claro lo que debes tener en cuenta con los impuestos a presentar gracias a este calendario fiscal de Bizkaia. Si tienes dudas, utiliza los comentarios y te responderemos encantados.<\/p>\n","protected":false},"excerpt":{"rendered":"<p>Como cada a\u00f1o, la Hacienda Foral de Bizkaia ha publicado un calendario fiscal de Bizkaia con todas las obligaciones fiscales que deber\u00e1n cumplir todos los contribuyentes, incluidos los aut\u00f3nomos y las empresas de la provincia de Bizkaia, de aqu\u00ed a 2022.<\/p>\n","protected":false},"author":20,"featured_media":19459,"comment_status":"open","ping_status":"open","sticky":false,"template":"","format":"standard","meta":{"_acf_changed":false,"_et_pb_use_builder":"","_et_pb_old_content":"","_et_gb_content_width":"","om_disable_all_campaigns":false,"inline_featured_image":false,"footnotes":""},"categories":[1014],"tags":[1380,1381],"class_list":{"0":"post-19458","1":"post","2":"type-post","3":"status-publish","4":"format-standard","5":"has-post-thumbnail","7":"category-fiscalidad","8":"tag-autonomos","9":"tag-pymes"},"acf":{"selector_de_usuario":"","fecha_de_revision":null},"yoast_head":"<!-- This site is optimized with the Yoast SEO plugin v27.1 - https:\/\/yoast.com\/product\/yoast-seo-wordpress\/ -->\n<title>Calendario Fiscal Bizkaia | TeamSystem Facturas Billin Blog<\/title>\n<meta name=\"description\" content=\"Te presentamos el calendario fiscal de Bizkaia. Todas las fechas m\u00e1s relevantes a la hora de presentar impuestos.\" \/>\n<meta name=\"robots\" content=\"index, follow, max-snippet:-1, max-image-preview:large, max-video-preview:-1\" \/>\n<link rel=\"canonical\" href=\"https:\/\/www.billin.net\/blog\/calendario-fiscal-bizkaia\/\" \/>\n<meta property=\"og:locale\" content=\"es_ES\" \/>\n<meta property=\"og:type\" content=\"article\" \/>\n<meta property=\"og:title\" content=\"Calendario Fiscal Bizkaia | TeamSystem Facturas Billin Blog\" \/>\n<meta property=\"og:description\" content=\"Te presentamos el calendario fiscal de Bizkaia. Todas las fechas m\u00e1s relevantes a la hora de presentar impuestos.\" \/>\n<meta property=\"og:url\" content=\"https:\/\/www.billin.net\/blog\/calendario-fiscal-bizkaia\/\" \/>\n<meta property=\"og:site_name\" content=\"Blog de TeamSystem Facturas Billin\" \/>\n<meta property=\"article:publisher\" content=\"https:\/\/www.facebook.com\/EsBillin\" \/>\n<meta property=\"article:published_time\" content=\"2022-06-23T08:26:45+00:00\" \/>\n<meta property=\"article:modified_time\" content=\"2025-09-25T18:34:56+00:00\" \/>\n<meta property=\"og:image\" content=\"https:\/\/www.billin.net\/blog\/wp-content\/uploads\/2022\/06\/calendario-fiscal-bizkaia-456gf.jpg\" \/>\n\t<meta property=\"og:image:width\" content=\"1920\" \/>\n\t<meta property=\"og:image:height\" content=\"1280\" \/>\n\t<meta property=\"og:image:type\" content=\"image\/jpeg\" \/>\n<meta name=\"author\" content=\"Marcos De La Cueva - CEO TeamSystem Facturas Billin\" \/>\n<meta name=\"twitter:card\" content=\"summary_large_image\" \/>\n<meta name=\"twitter:creator\" content=\"@Billin_ES\" \/>\n<meta name=\"twitter:site\" content=\"@Billin_ES\" \/>\n<meta name=\"twitter:label1\" content=\"Escrito por\" \/>\n\t<meta name=\"twitter:data1\" content=\"Marcos De La Cueva - CEO TeamSystem Facturas Billin\" \/>\n\t<meta name=\"twitter:label2\" content=\"Tiempo de lectura\" \/>\n\t<meta name=\"twitter:data2\" content=\"6 minutos\" \/>\n<script type=\"application\/ld+json\" class=\"yoast-schema-graph\">{\"@context\":\"https:\/\/schema.org\",\"@graph\":[{\"@type\":\"Article\",\"@id\":\"https:\/\/www.billin.net\/blog\/calendario-fiscal-bizkaia\/#article\",\"isPartOf\":{\"@id\":\"https:\/\/www.billin.net\/blog\/calendario-fiscal-bizkaia\/\"},\"author\":{\"name\":\"Marcos De La Cueva - CEO TeamSystem Facturas Billin\",\"@id\":\"https:\/\/www.billin.net\/blog\/#\/schema\/person\/d0339ee6e869234614541b1e80a793e7\"},\"headline\":\"El calendario fiscal para Bizkaia\",\"datePublished\":\"2022-06-23T08:26:45+00:00\",\"dateModified\":\"2025-09-25T18:34:56+00:00\",\"mainEntityOfPage\":{\"@id\":\"https:\/\/www.billin.net\/blog\/calendario-fiscal-bizkaia\/\"},\"wordCount\":1140,\"commentCount\":0,\"publisher\":{\"@id\":\"https:\/\/www.billin.net\/blog\/#organization\"},\"image\":{\"@id\":\"https:\/\/www.billin.net\/blog\/calendario-fiscal-bizkaia\/#primaryimage\"},\"thumbnailUrl\":\"https:\/\/www.billin.net\/blog\/wp-content\/uploads\/2022\/06\/calendario-fiscal-bizkaia-456gf.jpg\",\"keywords\":[\"Aut\u00f3nomos\",\"Pymes\"],\"articleSection\":[\"Fiscalidad\"],\"inLanguage\":\"es\",\"potentialAction\":[{\"@type\":\"CommentAction\",\"name\":\"Comment\",\"target\":[\"https:\/\/www.billin.net\/blog\/calendario-fiscal-bizkaia\/#respond\"]}]},{\"@type\":\"WebPage\",\"@id\":\"https:\/\/www.billin.net\/blog\/calendario-fiscal-bizkaia\/\",\"url\":\"https:\/\/www.billin.net\/blog\/calendario-fiscal-bizkaia\/\",\"name\":\"Calendario Fiscal Bizkaia | TeamSystem Facturas Billin Blog\",\"isPartOf\":{\"@id\":\"https:\/\/www.billin.net\/blog\/#website\"},\"primaryImageOfPage\":{\"@id\":\"https:\/\/www.billin.net\/blog\/calendario-fiscal-bizkaia\/#primaryimage\"},\"image\":{\"@id\":\"https:\/\/www.billin.net\/blog\/calendario-fiscal-bizkaia\/#primaryimage\"},\"thumbnailUrl\":\"https:\/\/www.billin.net\/blog\/wp-content\/uploads\/2022\/06\/calendario-fiscal-bizkaia-456gf.jpg\",\"datePublished\":\"2022-06-23T08:26:45+00:00\",\"dateModified\":\"2025-09-25T18:34:56+00:00\",\"description\":\"Te presentamos el calendario fiscal de Bizkaia. Todas las fechas m\u00e1s relevantes a la hora de presentar impuestos.\",\"breadcrumb\":{\"@id\":\"https:\/\/www.billin.net\/blog\/calendario-fiscal-bizkaia\/#breadcrumb\"},\"inLanguage\":\"es\",\"potentialAction\":[{\"@type\":\"ReadAction\",\"target\":[\"https:\/\/www.billin.net\/blog\/calendario-fiscal-bizkaia\/\"]}]},{\"@type\":\"ImageObject\",\"inLanguage\":\"es\",\"@id\":\"https:\/\/www.billin.net\/blog\/calendario-fiscal-bizkaia\/#primaryimage\",\"url\":\"https:\/\/www.billin.net\/blog\/wp-content\/uploads\/2022\/06\/calendario-fiscal-bizkaia-456gf.jpg\",\"contentUrl\":\"https:\/\/www.billin.net\/blog\/wp-content\/uploads\/2022\/06\/calendario-fiscal-bizkaia-456gf.jpg\",\"width\":1920,\"height\":1280,\"caption\":\"calendario fiscal bizkaia\"},{\"@type\":\"BreadcrumbList\",\"@id\":\"https:\/\/www.billin.net\/blog\/calendario-fiscal-bizkaia\/#breadcrumb\",\"itemListElement\":[{\"@type\":\"ListItem\",\"position\":1,\"name\":\"Blog\",\"item\":\"https:\/\/www.billin.net\/blog\/\"},{\"@type\":\"ListItem\",\"position\":2,\"name\":\"Fiscalidad\",\"item\":\"https:\/\/www.billin.net\/blog\/fiscalidad\/\"},{\"@type\":\"ListItem\",\"position\":3,\"name\":\"El calendario fiscal para Bizkaia\"}]},{\"@type\":\"WebSite\",\"@id\":\"https:\/\/www.billin.net\/blog\/#website\",\"url\":\"https:\/\/www.billin.net\/blog\/\",\"name\":\"Blog de Billin\",\"description\":\"Mantente informado con el blog de TeamSystem Facturas Billin:  facturaci\u00f3n, legislaci\u00f3n, contabilidad, management y toda la informaci\u00f3n \u00fatil para pymes y aut\u00f3nomos.\",\"publisher\":{\"@id\":\"https:\/\/www.billin.net\/blog\/#organization\"},\"potentialAction\":[{\"@type\":\"SearchAction\",\"target\":{\"@type\":\"EntryPoint\",\"urlTemplate\":\"https:\/\/www.billin.net\/blog\/?s={search_term_string}\"},\"query-input\":{\"@type\":\"PropertyValueSpecification\",\"valueRequired\":true,\"valueName\":\"search_term_string\"}}],\"inLanguage\":\"es\"},{\"@type\":\"Organization\",\"@id\":\"https:\/\/www.billin.net\/blog\/#organization\",\"name\":\"Billin\",\"alternateName\":\"Blog de Billin\",\"url\":\"https:\/\/www.billin.net\/blog\/\",\"logo\":{\"@type\":\"ImageObject\",\"inLanguage\":\"es\",\"@id\":\"https:\/\/www.billin.net\/blog\/#\/schema\/logo\/image\/\",\"url\":\"https:\/\/www.billin.net\/blog\/wp-content\/uploads\/2019\/06\/logotipo-billin-blog-1.png\",\"contentUrl\":\"https:\/\/www.billin.net\/blog\/wp-content\/uploads\/2019\/06\/logotipo-billin-blog-1.png\",\"width\":126,\"height\":50,\"caption\":\"Billin\"},\"image\":{\"@id\":\"https:\/\/www.billin.net\/blog\/#\/schema\/logo\/image\/\"},\"sameAs\":[\"https:\/\/www.facebook.com\/EsBillin\",\"https:\/\/x.com\/Billin_ES\",\"https:\/\/www.instagram.com\/billin_es\/\",\"https:\/\/www.linkedin.com\/company\/billin-spain\",\"https:\/\/www.youtube.com\/c\/BillinEsintercambiodefacturas\/\"],\"legalName\":\"MY EXPENSES SL\",\"contactPoint\":{\"@type\":\"ContactPoint\",\"telephone\":\"+34918318883\",\"contactType\":\"customer service\",\"email\":\"info@billin.eu\",\"availableLanguage\":\"es\"},\"foundingDate\":\"2015\",\"numberOfEmployees\":{\"@type\":\"QuantitativeValue\",\"minValue\":10,\"maxValue\":50},\"parentOrganization\":{\"@type\":\"Organization\",\"name\":\"TeamSystem\",\"url\":\"https:\/\/www.teamsystem.com\/\"},\"description\":\"Billin es el programa de facturaci\u00f3n online de TeamSystem para aut\u00f3nomos y pymes en Espa\u00f1a. Permite crear facturas, controlar gastos y cumplir con Verifactu.\",\"address\":{\"@type\":\"PostalAddress\",\"streetAddress\":\"Calle Arturo Soria, 336\",\"addressLocality\":\"Madrid\",\"addressRegion\":\"Madrid\",\"postalCode\":\"28033\",\"addressCountry\":\"ES\"}},{\"@type\":\"Person\",\"@id\":\"https:\/\/www.billin.net\/blog\/#\/schema\/person\/d0339ee6e869234614541b1e80a793e7\",\"name\":\"Marcos De La Cueva - CEO TeamSystem Facturas Billin\",\"image\":{\"@type\":\"ImageObject\",\"inLanguage\":\"es\",\"@id\":\"https:\/\/www.billin.net\/blog\/#\/schema\/person\/image\/\",\"url\":\"https:\/\/www.billin.net\/blog\/wp-content\/uploads\/2023\/10\/marcos-color-150x150.png\",\"contentUrl\":\"https:\/\/www.billin.net\/blog\/wp-content\/uploads\/2023\/10\/marcos-color-150x150.png\",\"caption\":\"Marcos De La Cueva - CEO TeamSystem Facturas Billin\"},\"description\":\"Licenciado en ADE por la Universidad Aut\u00f3noma de Madrid, Marcos De la Cueva es CEO y cofundador de TeamSystem Facturas Billin, un programa online que lleva m\u00e1s de 9 a\u00f1os ayudando a aut\u00f3nomos, peque\u00f1os negocios y gestor\u00edas a digitalizar sus presupuestos, facturas, tickets y gastos. \u00a0 Sobre Marcos De La Cueva \u00a0 Apasionado por el mundo empresarial y la tecnolog\u00eda, curs\u00f3 su M\u00e1ster de Finanzas en la Universidad Pontificia de Comillas y estuvo en el Programa de Cooperaci\u00f3n Educativa de la Universidad Aut\u00f3noma de Madrid. \u00a0 Marcos siempre ha tenido su objetivo claro: ayudar a la creaci\u00f3n de negocios financieramente sostenibles a trav\u00e9s de una herramienta de facturaci\u00f3n que les permita ahorrar tiempo y tener la contabilidad bajo control. \u00a0 Marcos De La Cueva en los medios \u2014 Noticia sobre Kit Digital y Ley Antifraude (VeriFactu) en El Economista. \u2014 Noticia sobre Kit Digital y factura electr\u00f3nica obligatoria en Diario Jur\u00eddico. \u2014 Noticia sobre el a\u00f1o de transici\u00f3n para la factura electr\u00f3nica en Muy Pymes. \u2014 Entrevista sobre factura electr\u00f3nica obligatoria en Canal Sur. \u2014 Noticia sobre el informe factura electr\u00f3nica de TeamSystem en Channel Partner. \u2014 Charla sobre productividad y Ley Crea y Crece en El Economista. \u2014 Charla sobre factura electr\u00f3nica obligatoria en Muy Pymes. \u2014 Charla sobre digitalizaci\u00f3n aut\u00f3nomos y productividad en esdiario. \u2014 Charla sobre productividad y factura electr\u00f3nica en La Raz\u00f3n. \u2014 Charla sobre factura electr\u00f3nica obligatoria en Aut\u00f3nomos y Emprendedores. \u2014 Entrevista sobre Ley Antifraude y Ley Crea y Crece en Expansi\u00f3n. \u2014 Entrevista sobre Ley Antifraude y Ley Crea y Crece en La Raz\u00f3n. \u2014 Entrevista sobre factura electr\u00f3nica obligatoria en El Economista. \u2014 Comunicado Billin y TeamSystem en Business Insider. \u2014 Entrevista en Econom\u00eda Digital. \u2014 Entrevista en Ideas para tu empresa de Vodafone. \u2014 Entrevista en M\u00e1sQradio. \u2014 Entrevista en Armas para emprender de El M\u00e9todo Gallardo. \u2014 Entrevista en KFund. \u2014 Entrevista en AXA Seguros Espa\u00f1a. \u2014 Entrevista en GestionaRadio. \u00a0 Marcos De La Cueva en eventos \u00a0 \u2014 Participaci\u00f3n como ponente en Accountex Espa\u00f1a 2023. \u00a0 Tem\u00e1ticas de especializaci\u00f3n \u00a0 negocios | startups | contabilidad| fiscalidad | empresas| asesor\u00edas| autonomos | emprendedores | peque\u00f1os negocios | econom\u00eda | ADE | pymes | desarrollo de negocio\u00a0\",\"sameAs\":[\"https:\/\/www.billin.net\/\",\"https:\/\/www.linkedin.com\/in\/marcos-de-la-cueva-19750ba3\/\"],\"url\":\"https:\/\/www.billin.net\/blog\/author\/marcosdelacueva\/\",\"jobTitle\":\"CEO y cofundador de TS Facturas Billin\"}]}<\/script>\n<!-- \/ Yoast SEO plugin. -->","yoast_head_json":{"title":"Calendario Fiscal Bizkaia | TeamSystem Facturas Billin Blog","description":"Te presentamos el calendario fiscal de Bizkaia. Todas las fechas m\u00e1s relevantes a la hora de presentar impuestos.","robots":{"index":"index","follow":"follow","max-snippet":"max-snippet:-1","max-image-preview":"max-image-preview:large","max-video-preview":"max-video-preview:-1"},"canonical":"https:\/\/www.billin.net\/blog\/calendario-fiscal-bizkaia\/","og_locale":"es_ES","og_type":"article","og_title":"Calendario Fiscal Bizkaia | TeamSystem Facturas Billin Blog","og_description":"Te presentamos el calendario fiscal de Bizkaia. Todas las fechas m\u00e1s relevantes a la hora de presentar impuestos.","og_url":"https:\/\/www.billin.net\/blog\/calendario-fiscal-bizkaia\/","og_site_name":"Blog de TeamSystem Facturas Billin","article_publisher":"https:\/\/www.facebook.com\/EsBillin","article_published_time":"2022-06-23T08:26:45+00:00","article_modified_time":"2025-09-25T18:34:56+00:00","og_image":[{"width":1920,"height":1280,"url":"https:\/\/www.billin.net\/blog\/wp-content\/uploads\/2022\/06\/calendario-fiscal-bizkaia-456gf.jpg","type":"image\/jpeg"}],"author":"Marcos De La Cueva - CEO TeamSystem Facturas Billin","twitter_card":"summary_large_image","twitter_creator":"@Billin_ES","twitter_site":"@Billin_ES","twitter_misc":{"Escrito por":"Marcos De La Cueva - CEO TeamSystem Facturas Billin","Tiempo de lectura":"6 minutos"},"schema":{"@context":"https:\/\/schema.org","@graph":[{"@type":"Article","@id":"https:\/\/www.billin.net\/blog\/calendario-fiscal-bizkaia\/#article","isPartOf":{"@id":"https:\/\/www.billin.net\/blog\/calendario-fiscal-bizkaia\/"},"author":{"name":"Marcos De La Cueva - CEO TeamSystem Facturas Billin","@id":"https:\/\/www.billin.net\/blog\/#\/schema\/person\/d0339ee6e869234614541b1e80a793e7"},"headline":"El calendario fiscal para Bizkaia","datePublished":"2022-06-23T08:26:45+00:00","dateModified":"2025-09-25T18:34:56+00:00","mainEntityOfPage":{"@id":"https:\/\/www.billin.net\/blog\/calendario-fiscal-bizkaia\/"},"wordCount":1140,"commentCount":0,"publisher":{"@id":"https:\/\/www.billin.net\/blog\/#organization"},"image":{"@id":"https:\/\/www.billin.net\/blog\/calendario-fiscal-bizkaia\/#primaryimage"},"thumbnailUrl":"https:\/\/www.billin.net\/blog\/wp-content\/uploads\/2022\/06\/calendario-fiscal-bizkaia-456gf.jpg","keywords":["Aut\u00f3nomos","Pymes"],"articleSection":["Fiscalidad"],"inLanguage":"es","potentialAction":[{"@type":"CommentAction","name":"Comment","target":["https:\/\/www.billin.net\/blog\/calendario-fiscal-bizkaia\/#respond"]}]},{"@type":"WebPage","@id":"https:\/\/www.billin.net\/blog\/calendario-fiscal-bizkaia\/","url":"https:\/\/www.billin.net\/blog\/calendario-fiscal-bizkaia\/","name":"Calendario Fiscal Bizkaia | TeamSystem Facturas Billin Blog","isPartOf":{"@id":"https:\/\/www.billin.net\/blog\/#website"},"primaryImageOfPage":{"@id":"https:\/\/www.billin.net\/blog\/calendario-fiscal-bizkaia\/#primaryimage"},"image":{"@id":"https:\/\/www.billin.net\/blog\/calendario-fiscal-bizkaia\/#primaryimage"},"thumbnailUrl":"https:\/\/www.billin.net\/blog\/wp-content\/uploads\/2022\/06\/calendario-fiscal-bizkaia-456gf.jpg","datePublished":"2022-06-23T08:26:45+00:00","dateModified":"2025-09-25T18:34:56+00:00","description":"Te presentamos el calendario fiscal de Bizkaia. Todas las fechas m\u00e1s relevantes a la hora de presentar impuestos.","breadcrumb":{"@id":"https:\/\/www.billin.net\/blog\/calendario-fiscal-bizkaia\/#breadcrumb"},"inLanguage":"es","potentialAction":[{"@type":"ReadAction","target":["https:\/\/www.billin.net\/blog\/calendario-fiscal-bizkaia\/"]}]},{"@type":"ImageObject","inLanguage":"es","@id":"https:\/\/www.billin.net\/blog\/calendario-fiscal-bizkaia\/#primaryimage","url":"https:\/\/www.billin.net\/blog\/wp-content\/uploads\/2022\/06\/calendario-fiscal-bizkaia-456gf.jpg","contentUrl":"https:\/\/www.billin.net\/blog\/wp-content\/uploads\/2022\/06\/calendario-fiscal-bizkaia-456gf.jpg","width":1920,"height":1280,"caption":"calendario fiscal bizkaia"},{"@type":"BreadcrumbList","@id":"https:\/\/www.billin.net\/blog\/calendario-fiscal-bizkaia\/#breadcrumb","itemListElement":[{"@type":"ListItem","position":1,"name":"Blog","item":"https:\/\/www.billin.net\/blog\/"},{"@type":"ListItem","position":2,"name":"Fiscalidad","item":"https:\/\/www.billin.net\/blog\/fiscalidad\/"},{"@type":"ListItem","position":3,"name":"El calendario fiscal para Bizkaia"}]},{"@type":"WebSite","@id":"https:\/\/www.billin.net\/blog\/#website","url":"https:\/\/www.billin.net\/blog\/","name":"Blog de Billin","description":"Mantente informado con el blog de TeamSystem Facturas Billin:  facturaci\u00f3n, legislaci\u00f3n, contabilidad, management y toda la informaci\u00f3n \u00fatil para pymes y aut\u00f3nomos.","publisher":{"@id":"https:\/\/www.billin.net\/blog\/#organization"},"potentialAction":[{"@type":"SearchAction","target":{"@type":"EntryPoint","urlTemplate":"https:\/\/www.billin.net\/blog\/?s={search_term_string}"},"query-input":{"@type":"PropertyValueSpecification","valueRequired":true,"valueName":"search_term_string"}}],"inLanguage":"es"},{"@type":"Organization","@id":"https:\/\/www.billin.net\/blog\/#organization","name":"Billin","alternateName":"Blog de Billin","url":"https:\/\/www.billin.net\/blog\/","logo":{"@type":"ImageObject","inLanguage":"es","@id":"https:\/\/www.billin.net\/blog\/#\/schema\/logo\/image\/","url":"https:\/\/www.billin.net\/blog\/wp-content\/uploads\/2019\/06\/logotipo-billin-blog-1.png","contentUrl":"https:\/\/www.billin.net\/blog\/wp-content\/uploads\/2019\/06\/logotipo-billin-blog-1.png","width":126,"height":50,"caption":"Billin"},"image":{"@id":"https:\/\/www.billin.net\/blog\/#\/schema\/logo\/image\/"},"sameAs":["https:\/\/www.facebook.com\/EsBillin","https:\/\/x.com\/Billin_ES","https:\/\/www.instagram.com\/billin_es\/","https:\/\/www.linkedin.com\/company\/billin-spain","https:\/\/www.youtube.com\/c\/BillinEsintercambiodefacturas\/"],"legalName":"MY EXPENSES SL","contactPoint":{"@type":"ContactPoint","telephone":"+34918318883","contactType":"customer service","email":"info@billin.eu","availableLanguage":"es"},"foundingDate":"2015","numberOfEmployees":{"@type":"QuantitativeValue","minValue":10,"maxValue":50},"parentOrganization":{"@type":"Organization","name":"TeamSystem","url":"https:\/\/www.teamsystem.com\/"},"description":"Billin es el programa de facturaci\u00f3n online de TeamSystem para aut\u00f3nomos y pymes en Espa\u00f1a. Permite crear facturas, controlar gastos y cumplir con Verifactu.","address":{"@type":"PostalAddress","streetAddress":"Calle Arturo Soria, 336","addressLocality":"Madrid","addressRegion":"Madrid","postalCode":"28033","addressCountry":"ES"}},{"@type":"Person","@id":"https:\/\/www.billin.net\/blog\/#\/schema\/person\/d0339ee6e869234614541b1e80a793e7","name":"Marcos De La Cueva - CEO TeamSystem Facturas Billin","image":{"@type":"ImageObject","inLanguage":"es","@id":"https:\/\/www.billin.net\/blog\/#\/schema\/person\/image\/","url":"https:\/\/www.billin.net\/blog\/wp-content\/uploads\/2023\/10\/marcos-color-150x150.png","contentUrl":"https:\/\/www.billin.net\/blog\/wp-content\/uploads\/2023\/10\/marcos-color-150x150.png","caption":"Marcos De La Cueva - CEO TeamSystem Facturas Billin"},"description":"Licenciado en ADE por la Universidad Aut\u00f3noma de Madrid, Marcos De la Cueva es CEO y cofundador de TeamSystem Facturas Billin, un programa online que lleva m\u00e1s de 9 a\u00f1os ayudando a aut\u00f3nomos, peque\u00f1os negocios y gestor\u00edas a digitalizar sus presupuestos, facturas, tickets y gastos. \u00a0 Sobre Marcos De La Cueva \u00a0 Apasionado por el mundo empresarial y la tecnolog\u00eda, curs\u00f3 su M\u00e1ster de Finanzas en la Universidad Pontificia de Comillas y estuvo en el Programa de Cooperaci\u00f3n Educativa de la Universidad Aut\u00f3noma de Madrid. \u00a0 Marcos siempre ha tenido su objetivo claro: ayudar a la creaci\u00f3n de negocios financieramente sostenibles a trav\u00e9s de una herramienta de facturaci\u00f3n que les permita ahorrar tiempo y tener la contabilidad bajo control. \u00a0 Marcos De La Cueva en los medios \u2014 Noticia sobre Kit Digital y Ley Antifraude (VeriFactu) en El Economista. \u2014 Noticia sobre Kit Digital y factura electr\u00f3nica obligatoria en Diario Jur\u00eddico. \u2014 Noticia sobre el a\u00f1o de transici\u00f3n para la factura electr\u00f3nica en Muy Pymes. \u2014 Entrevista sobre factura electr\u00f3nica obligatoria en Canal Sur. \u2014 Noticia sobre el informe factura electr\u00f3nica de TeamSystem en Channel Partner. \u2014 Charla sobre productividad y Ley Crea y Crece en El Economista. \u2014 Charla sobre factura electr\u00f3nica obligatoria en Muy Pymes. \u2014 Charla sobre digitalizaci\u00f3n aut\u00f3nomos y productividad en esdiario. \u2014 Charla sobre productividad y factura electr\u00f3nica en La Raz\u00f3n. \u2014 Charla sobre factura electr\u00f3nica obligatoria en Aut\u00f3nomos y Emprendedores. \u2014 Entrevista sobre Ley Antifraude y Ley Crea y Crece en Expansi\u00f3n. \u2014 Entrevista sobre Ley Antifraude y Ley Crea y Crece en La Raz\u00f3n. \u2014 Entrevista sobre factura electr\u00f3nica obligatoria en El Economista. \u2014 Comunicado Billin y TeamSystem en Business Insider. \u2014 Entrevista en Econom\u00eda Digital. \u2014 Entrevista en Ideas para tu empresa de Vodafone. \u2014 Entrevista en M\u00e1sQradio. \u2014 Entrevista en Armas para emprender de El M\u00e9todo Gallardo. \u2014 Entrevista en KFund. \u2014 Entrevista en AXA Seguros Espa\u00f1a. \u2014 Entrevista en GestionaRadio. \u00a0 Marcos De La Cueva en eventos \u00a0 \u2014 Participaci\u00f3n como ponente en Accountex Espa\u00f1a 2023. \u00a0 Tem\u00e1ticas de especializaci\u00f3n \u00a0 negocios | startups | contabilidad| fiscalidad | empresas| asesor\u00edas| autonomos | emprendedores | peque\u00f1os negocios | econom\u00eda | ADE | pymes | desarrollo de negocio\u00a0","sameAs":["https:\/\/www.billin.net\/","https:\/\/www.linkedin.com\/in\/marcos-de-la-cueva-19750ba3\/"],"url":"https:\/\/www.billin.net\/blog\/author\/marcosdelacueva\/","jobTitle":"CEO y cofundador de TS Facturas Billin"}]}},"_links":{"self":[{"href":"https:\/\/www.billin.net\/blog\/wp-json\/wp\/v2\/posts\/19458","targetHints":{"allow":["GET"]}}],"collection":[{"href":"https:\/\/www.billin.net\/blog\/wp-json\/wp\/v2\/posts"}],"about":[{"href":"https:\/\/www.billin.net\/blog\/wp-json\/wp\/v2\/types\/post"}],"author":[{"embeddable":true,"href":"https:\/\/www.billin.net\/blog\/wp-json\/wp\/v2\/users\/20"}],"replies":[{"embeddable":true,"href":"https:\/\/www.billin.net\/blog\/wp-json\/wp\/v2\/comments?post=19458"}],"version-history":[{"count":7,"href":"https:\/\/www.billin.net\/blog\/wp-json\/wp\/v2\/posts\/19458\/revisions"}],"predecessor-version":[{"id":26789,"href":"https:\/\/www.billin.net\/blog\/wp-json\/wp\/v2\/posts\/19458\/revisions\/26789"}],"wp:featuredmedia":[{"embeddable":true,"href":"https:\/\/www.billin.net\/blog\/wp-json\/wp\/v2\/media\/19459"}],"wp:attachment":[{"href":"https:\/\/www.billin.net\/blog\/wp-json\/wp\/v2\/media?parent=19458"}],"wp:term":[{"taxonomy":"category","embeddable":true,"href":"https:\/\/www.billin.net\/blog\/wp-json\/wp\/v2\/categories?post=19458"},{"taxonomy":"post_tag","embeddable":true,"href":"https:\/\/www.billin.net\/blog\/wp-json\/wp\/v2\/tags?post=19458"}],"curies":[{"name":"wp","href":"https:\/\/api.w.org\/{rel}","templated":true}]}}