{"id":19453,"date":"2022-06-23T12:11:43","date_gmt":"2022-06-23T10:11:43","guid":{"rendered":"https:\/\/www.billin.net\/blog\/?p=19453"},"modified":"2025-09-25T20:34:54","modified_gmt":"2025-09-25T18:34:54","slug":"modelo-347-gipuzkoa","status":"publish","type":"post","link":"https:\/\/www.billin.net\/blog\/modelo-347-gipuzkoa\/","title":{"rendered":"El modelo 347 de Gipuzkoa"},"content":{"rendered":"<p>El <strong>modelo 347 de Gipuzkoa<\/strong> viene recogido en la Orden Foral 15\/2022, en la cual, se elimina la opci\u00f3n de su presentaci\u00f3n mediante soporte legible por ordenador. Si quieres saber m\u00e1s de este modelo sigue leyendo que te lo explicamos en detalle.<\/p>\n<p><!--more--><\/p>\n<h2><strong>\u00bfQu\u00e9 es el Modelo 347 de Gipuzkoa?<\/strong><\/h2>\n<p>En el <strong>modelo 347 de Gipuzkoa<\/strong> se declaran las operaciones efectuadas con clientes y proveedores o acreedores, <strong>que hayan tenido una cifra de facturaci\u00f3n superior a 3.005,06 euros (con impuestos incluidos) durante el a\u00f1o natural al que pertenece la declaraci\u00f3n.<\/strong><\/p>\n<h3><strong>\u00bfPara qu\u00e9 sirve el Modelo 347 de Gipuzkoa?<\/strong><\/h3>\n<p>Seg\u00fan la descripci\u00f3n del art\u00edculo 69 del Reglamento del Impuesto sobre el Valor A\u00f1adido, hay que realizar un asiento registral de cada factura que sirva como justificante de la operaci\u00f3n llevada a cabo.<\/p>\n<p>La informaci\u00f3n num\u00e9rica que se incluye en el <a href=\"https:\/\/www.billin.net\/blog\/modelo-347-declaracion-informativa-declaracion-anual-de-operaciones-con-terceros\/\" target=\"_blank\" rel=\"noopener\">modelo 347<\/a> debe ir desglosada de forma trimestral, como norma general.<\/p>\n<p>El importe a incluir debe ser neto, es decir, teniendo en cuenta las devoluciones y bonificaciones que se hayan concedido.<\/p>\n<p>Las operaciones que queden sin efecto en el mismo a\u00f1o hay que tener en cuenta las alteraciones de precio que hayan ocurrido en el mismo periodo.<\/p>\n<p>En el caso de que este acontecimiento tenga lugar en un trimestre diferente a aquel en el que deba incluirse la operaci\u00f3n, debe consignarse en el apartado correspondiente al trimestre natural en el que se hayan producido dichas variaciones.<\/p>\n<h2><strong>\u00bfQui\u00e9n tiene que presentar el modelo 347 en Gipuzkoa?<\/strong><\/h2>\n<p>El <strong>modelo 347 de Gipuzkoa<\/strong> tienen que presentarlo cualquier persona f\u00edsica o jur\u00eddica, sea de naturaleza p\u00fablica o privada, as\u00ed como cualquier entidad que desarrolle actividades empresariales o profesionales, <strong>siempre que haya llevado a cabo operaciones que en su conjunto superen la cifra de 3.005,06 euros (impuestos incluidos) durante el ejercicio al que hace referencia la declaraci\u00f3n.<\/strong><\/p>\n<p>Ahora bien, <strong>est\u00e1n exentos de presentar el modelo 347 aquellos contribuyentes acogidos al Suministro Inmediato de Informaci\u00f3n (SII), a excepci\u00f3n de las Administraciones P\u00fablicas acogidas al SII<\/strong>, que s\u00ed tendr\u00e1n obligaci\u00f3n de presentar la declaraci\u00f3n informativa de operaciones con terceras personas, bien sea por la adquisici\u00f3n de bienes o servicios que efect\u00faen al margen de las actividades empresariales, as\u00ed como por las subvenciones, ayudas que concedan o gestionen por cuenta de organismos no integrados en dicha Administraci\u00f3n.<\/p>\n<p>Para los contribuyentes que hayan sido excluidos del registro de devoluciones mensuales, pero sigan teniendo un periodo de liquidaci\u00f3n mensual, s\u00ed tendr\u00e1n obligaci\u00f3n de presentar el modelo 347 por las operaciones efectuadas desde el periodo de exclusi\u00f3n.<\/p>\n<h2><strong>\u00bfCu\u00e1ndo se presenta el modelo 347 de Gipuzkoa?<\/strong><\/h2>\n<p>El <strong>plazo para presentar el<\/strong> <strong>modelo 347 en Gipuzkoa ser\u00e1 anual<\/strong>, y se har\u00e1 durante el mes de febrero de cada a\u00f1o, en relaci\u00f3n con las operaciones realizadas en el a\u00f1o natural anterior.<\/p>\n<p>Para el modelo 347 del ejercicio 2021, el plazo finaliz\u00f3 el 28 de febrero de 2022.<\/p>\n<p>As\u00ed que el 28 de febrero de 2023, ser\u00e1 el \u00faltimo d\u00eda <strong>cuando se presenta el modelo 347 en 2022<\/strong>.<\/p>\n<h2><strong>\u00bfC\u00f3mo rellenar el Modelo 347 de Gipuzkoa?<\/strong><\/h2>\n<p>A la hora de cumplimentar el modelo 347 de Gipuzkoa debe seguir las siguientes instrucciones para no cometer errores.<\/p>\n<p>En la<strong> p\u00e1gina 1 del modelo 347 hay que rellenar los datos correspondientes a:<\/strong> apellidos y nombre o raz\u00f3n social, NIF, modalidad de presentaci\u00f3n (impresa o en soporte), el n\u00famero total de las personas relacionadas y el importe total de las operaciones, la fecha y firma.<\/p>\n<p>En la p\u00e1gina posterior se har\u00e1n constar la relaci\u00f3n de los declarados, indicando los siguientes datos de cada uno de ellos:<\/p>\n<ul>\n<li>Nombre y apellidos o raz\u00f3n social, DNI o NIF, c\u00f3digo de provincia o pa\u00eds, clave de la operaci\u00f3n y el importe anual de las operaciones.<\/li>\n<li>En la segunda l\u00ednea hay que desglosar la cantidad num\u00e9rica que corresponde a las operaciones de seguro, arrendamiento de local de negocio, operaciones con sujeto pasivo y operaciones de registros de dep\u00f3sitos distintos a los aduaneros.<\/li>\n<li>Posteriormente, se incluyen los importes recibidos por la transmisi\u00f3n de un inmueble sujeto a IVA y el importe de las operaciones anuales devengadas por el criterio de IVA de caja.<\/li>\n<li>Y, por \u00faltimo, se rellenan las cantidades de las operaciones por importes trimestrales.<\/li>\n<\/ul>\n<p>Este Modelo 347 de Gipuzkoa es uno de los m\u00e1s importantes a presentar por los profesionales y empresas y por eso debes siempre consultar lo que has cobrado a tus clientes o lo que te han cobrado los proveedores. Si tienes m\u00e1s dudas utiliza los comentarios.<\/p>\n<p>&nbsp;<\/p>\n","protected":false},"excerpt":{"rendered":"<p>El modelo 347 de Gipuzkoa viene recogido en la Orden Foral 15\/2022, en la cual, se elimina la opci\u00f3n de su presentaci\u00f3n mediante soporte legible por ordenador. Si quieres saber m\u00e1s de este modelo sigue leyendo que te lo explicamos en detalle.<\/p>\n","protected":false},"author":20,"featured_media":19454,"comment_status":"open","ping_status":"open","sticky":false,"template":"","format":"standard","meta":{"_acf_changed":false,"_et_pb_use_builder":"","_et_pb_old_content":"","_et_gb_content_width":"","om_disable_all_campaigns":false,"inline_featured_image":false,"footnotes":""},"categories":[1020],"tags":[1380,1381],"class_list":{"0":"post-19453","1":"post","2":"type-post","3":"status-publish","4":"format-standard","5":"has-post-thumbnail","7":"category-contabilidad","8":"tag-autonomos","9":"tag-pymes"},"acf":{"selector_de_usuario":null,"fecha_de_revision":null},"yoast_head":"<!-- This site is optimized with the Yoast SEO plugin v27.1 - https:\/\/yoast.com\/product\/yoast-seo-wordpress\/ -->\n<title>Qu\u00e9 es y c\u00f3mo presentar el Modelo 347 de Gipuzkoa - TeamSystem Facturas Billin<\/title>\n<meta name=\"description\" content=\"Explicamos que es el Modelo 347 de Gipuzkoa y lo que debes tener en cuenta la hora de presentarlo y c\u00f3mo hacerlo de forma correcta.\" \/>\n<meta name=\"robots\" content=\"index, follow, max-snippet:-1, max-image-preview:large, max-video-preview:-1\" \/>\n<link rel=\"canonical\" href=\"https:\/\/www.billin.net\/blog\/modelo-347-gipuzkoa\/\" \/>\n<meta property=\"og:locale\" content=\"es_ES\" \/>\n<meta property=\"og:type\" content=\"article\" \/>\n<meta property=\"og:title\" content=\"Qu\u00e9 es y c\u00f3mo presentar el Modelo 347 de Gipuzkoa - TeamSystem Facturas Billin\" \/>\n<meta property=\"og:description\" content=\"Explicamos que es el Modelo 347 de Gipuzkoa y lo que debes tener en cuenta la hora de presentarlo y c\u00f3mo hacerlo de forma correcta.\" \/>\n<meta property=\"og:url\" content=\"https:\/\/www.billin.net\/blog\/modelo-347-gipuzkoa\/\" \/>\n<meta property=\"og:site_name\" content=\"Blog de TeamSystem Facturas Billin\" \/>\n<meta property=\"article:publisher\" content=\"https:\/\/www.facebook.com\/EsBillin\" \/>\n<meta property=\"article:published_time\" content=\"2022-06-23T10:11:43+00:00\" \/>\n<meta property=\"article:modified_time\" content=\"2025-09-25T18:34:54+00:00\" \/>\n<meta property=\"og:image\" content=\"https:\/\/www.billin.net\/blog\/wp-content\/uploads\/2022\/06\/Modelo-347-de-Gipuzkoa.jpeg\" \/>\n\t<meta property=\"og:image:width\" content=\"1125\" \/>\n\t<meta property=\"og:image:height\" content=\"750\" \/>\n\t<meta property=\"og:image:type\" content=\"image\/jpeg\" \/>\n<meta name=\"author\" content=\"Marcos De La Cueva - CEO TeamSystem Facturas Billin\" \/>\n<meta name=\"twitter:card\" content=\"summary_large_image\" \/>\n<meta name=\"twitter:creator\" content=\"@Billin_ES\" \/>\n<meta name=\"twitter:site\" content=\"@Billin_ES\" \/>\n<meta name=\"twitter:label1\" content=\"Escrito por\" \/>\n\t<meta name=\"twitter:data1\" content=\"Marcos De La Cueva - CEO TeamSystem Facturas Billin\" \/>\n\t<meta name=\"twitter:label2\" content=\"Tiempo de lectura\" \/>\n\t<meta name=\"twitter:data2\" content=\"4 minutos\" \/>\n<script type=\"application\/ld+json\" class=\"yoast-schema-graph\">{\"@context\":\"https:\/\/schema.org\",\"@graph\":[{\"@type\":\"Article\",\"@id\":\"https:\/\/www.billin.net\/blog\/modelo-347-gipuzkoa\/#article\",\"isPartOf\":{\"@id\":\"https:\/\/www.billin.net\/blog\/modelo-347-gipuzkoa\/\"},\"author\":{\"name\":\"Marcos De La Cueva - CEO TeamSystem Facturas Billin\",\"@id\":\"https:\/\/www.billin.net\/blog\/#\/schema\/person\/d0339ee6e869234614541b1e80a793e7\"},\"headline\":\"El modelo 347 de Gipuzkoa\",\"datePublished\":\"2022-06-23T10:11:43+00:00\",\"dateModified\":\"2025-09-25T18:34:54+00:00\",\"mainEntityOfPage\":{\"@id\":\"https:\/\/www.billin.net\/blog\/modelo-347-gipuzkoa\/\"},\"wordCount\":768,\"commentCount\":0,\"publisher\":{\"@id\":\"https:\/\/www.billin.net\/blog\/#organization\"},\"image\":{\"@id\":\"https:\/\/www.billin.net\/blog\/modelo-347-gipuzkoa\/#primaryimage\"},\"thumbnailUrl\":\"https:\/\/www.billin.net\/blog\/wp-content\/uploads\/2022\/06\/Modelo-347-de-Gipuzkoa.jpeg\",\"keywords\":[\"Aut\u00f3nomos\",\"Pymes\"],\"articleSection\":[\"Contabilidad\"],\"inLanguage\":\"es\",\"potentialAction\":[{\"@type\":\"CommentAction\",\"name\":\"Comment\",\"target\":[\"https:\/\/www.billin.net\/blog\/modelo-347-gipuzkoa\/#respond\"]}]},{\"@type\":\"WebPage\",\"@id\":\"https:\/\/www.billin.net\/blog\/modelo-347-gipuzkoa\/\",\"url\":\"https:\/\/www.billin.net\/blog\/modelo-347-gipuzkoa\/\",\"name\":\"Qu\u00e9 es y c\u00f3mo presentar el Modelo 347 de Gipuzkoa - TeamSystem Facturas Billin\",\"isPartOf\":{\"@id\":\"https:\/\/www.billin.net\/blog\/#website\"},\"primaryImageOfPage\":{\"@id\":\"https:\/\/www.billin.net\/blog\/modelo-347-gipuzkoa\/#primaryimage\"},\"image\":{\"@id\":\"https:\/\/www.billin.net\/blog\/modelo-347-gipuzkoa\/#primaryimage\"},\"thumbnailUrl\":\"https:\/\/www.billin.net\/blog\/wp-content\/uploads\/2022\/06\/Modelo-347-de-Gipuzkoa.jpeg\",\"datePublished\":\"2022-06-23T10:11:43+00:00\",\"dateModified\":\"2025-09-25T18:34:54+00:00\",\"description\":\"Explicamos que es el Modelo 347 de Gipuzkoa y lo que debes tener en cuenta la hora de presentarlo y c\u00f3mo hacerlo de forma correcta.\",\"breadcrumb\":{\"@id\":\"https:\/\/www.billin.net\/blog\/modelo-347-gipuzkoa\/#breadcrumb\"},\"inLanguage\":\"es\",\"potentialAction\":[{\"@type\":\"ReadAction\",\"target\":[\"https:\/\/www.billin.net\/blog\/modelo-347-gipuzkoa\/\"]}]},{\"@type\":\"ImageObject\",\"inLanguage\":\"es\",\"@id\":\"https:\/\/www.billin.net\/blog\/modelo-347-gipuzkoa\/#primaryimage\",\"url\":\"https:\/\/www.billin.net\/blog\/wp-content\/uploads\/2022\/06\/Modelo-347-de-Gipuzkoa.jpeg\",\"contentUrl\":\"https:\/\/www.billin.net\/blog\/wp-content\/uploads\/2022\/06\/Modelo-347-de-Gipuzkoa.jpeg\",\"width\":1125,\"height\":750,\"caption\":\"modelo 347 gipuzkoa\"},{\"@type\":\"BreadcrumbList\",\"@id\":\"https:\/\/www.billin.net\/blog\/modelo-347-gipuzkoa\/#breadcrumb\",\"itemListElement\":[{\"@type\":\"ListItem\",\"position\":1,\"name\":\"Blog\",\"item\":\"https:\/\/www.billin.net\/blog\/\"},{\"@type\":\"ListItem\",\"position\":2,\"name\":\"Contabilidad\",\"item\":\"https:\/\/www.billin.net\/blog\/contabilidad\/\"},{\"@type\":\"ListItem\",\"position\":3,\"name\":\"El modelo 347 de Gipuzkoa\"}]},{\"@type\":\"WebSite\",\"@id\":\"https:\/\/www.billin.net\/blog\/#website\",\"url\":\"https:\/\/www.billin.net\/blog\/\",\"name\":\"Blog de Billin\",\"description\":\"Mantente informado con el blog de TeamSystem Facturas Billin:  facturaci\u00f3n, legislaci\u00f3n, contabilidad, management y toda la informaci\u00f3n \u00fatil para pymes y aut\u00f3nomos.\",\"publisher\":{\"@id\":\"https:\/\/www.billin.net\/blog\/#organization\"},\"potentialAction\":[{\"@type\":\"SearchAction\",\"target\":{\"@type\":\"EntryPoint\",\"urlTemplate\":\"https:\/\/www.billin.net\/blog\/?s={search_term_string}\"},\"query-input\":{\"@type\":\"PropertyValueSpecification\",\"valueRequired\":true,\"valueName\":\"search_term_string\"}}],\"inLanguage\":\"es\"},{\"@type\":\"Organization\",\"@id\":\"https:\/\/www.billin.net\/blog\/#organization\",\"name\":\"Billin\",\"alternateName\":\"Blog de Billin\",\"url\":\"https:\/\/www.billin.net\/blog\/\",\"logo\":{\"@type\":\"ImageObject\",\"inLanguage\":\"es\",\"@id\":\"https:\/\/www.billin.net\/blog\/#\/schema\/logo\/image\/\",\"url\":\"https:\/\/www.billin.net\/blog\/wp-content\/uploads\/2019\/06\/logotipo-billin-blog-1.png\",\"contentUrl\":\"https:\/\/www.billin.net\/blog\/wp-content\/uploads\/2019\/06\/logotipo-billin-blog-1.png\",\"width\":126,\"height\":50,\"caption\":\"Billin\"},\"image\":{\"@id\":\"https:\/\/www.billin.net\/blog\/#\/schema\/logo\/image\/\"},\"sameAs\":[\"https:\/\/www.facebook.com\/EsBillin\",\"https:\/\/x.com\/Billin_ES\",\"https:\/\/www.instagram.com\/billin_es\/\",\"https:\/\/www.linkedin.com\/company\/billin-spain\",\"https:\/\/www.youtube.com\/c\/BillinEsintercambiodefacturas\/\"],\"legalName\":\"MY EXPENSES SL\",\"contactPoint\":{\"@type\":\"ContactPoint\",\"telephone\":\"+34918318883\",\"contactType\":\"customer service\",\"email\":\"info@billin.eu\",\"availableLanguage\":\"es\"},\"foundingDate\":\"2015\",\"numberOfEmployees\":{\"@type\":\"QuantitativeValue\",\"minValue\":10,\"maxValue\":50},\"parentOrganization\":{\"@type\":\"Organization\",\"name\":\"TeamSystem\",\"url\":\"https:\/\/www.teamsystem.com\/\"},\"description\":\"Billin es el programa de facturaci\u00f3n online de TeamSystem para aut\u00f3nomos y pymes en Espa\u00f1a. Permite crear facturas, controlar gastos y cumplir con Verifactu.\",\"address\":{\"@type\":\"PostalAddress\",\"streetAddress\":\"Calle Arturo Soria, 336\",\"addressLocality\":\"Madrid\",\"addressRegion\":\"Madrid\",\"postalCode\":\"28033\",\"addressCountry\":\"ES\"}},{\"@type\":\"Person\",\"@id\":\"https:\/\/www.billin.net\/blog\/#\/schema\/person\/d0339ee6e869234614541b1e80a793e7\",\"name\":\"Marcos De La Cueva - CEO TeamSystem Facturas Billin\",\"image\":{\"@type\":\"ImageObject\",\"inLanguage\":\"es\",\"@id\":\"https:\/\/www.billin.net\/blog\/#\/schema\/person\/image\/\",\"url\":\"https:\/\/www.billin.net\/blog\/wp-content\/uploads\/2023\/10\/marcos-color-150x150.png\",\"contentUrl\":\"https:\/\/www.billin.net\/blog\/wp-content\/uploads\/2023\/10\/marcos-color-150x150.png\",\"caption\":\"Marcos De La Cueva - CEO TeamSystem Facturas Billin\"},\"description\":\"Licenciado en ADE por la Universidad Aut\u00f3noma de Madrid, Marcos De la Cueva es CEO y cofundador de TeamSystem Facturas Billin, un programa online que lleva m\u00e1s de 9 a\u00f1os ayudando a aut\u00f3nomos, peque\u00f1os negocios y gestor\u00edas a digitalizar sus presupuestos, facturas, tickets y gastos. \u00a0 Sobre Marcos De La Cueva \u00a0 Apasionado por el mundo empresarial y la tecnolog\u00eda, curs\u00f3 su M\u00e1ster de Finanzas en la Universidad Pontificia de Comillas y estuvo en el Programa de Cooperaci\u00f3n Educativa de la Universidad Aut\u00f3noma de Madrid. \u00a0 Marcos siempre ha tenido su objetivo claro: ayudar a la creaci\u00f3n de negocios financieramente sostenibles a trav\u00e9s de una herramienta de facturaci\u00f3n que les permita ahorrar tiempo y tener la contabilidad bajo control. \u00a0 Marcos De La Cueva en los medios \u2014 Noticia sobre Kit Digital y Ley Antifraude (VeriFactu) en El Economista. \u2014 Noticia sobre Kit Digital y factura electr\u00f3nica obligatoria en Diario Jur\u00eddico. \u2014 Noticia sobre el a\u00f1o de transici\u00f3n para la factura electr\u00f3nica en Muy Pymes. \u2014 Entrevista sobre factura electr\u00f3nica obligatoria en Canal Sur. \u2014 Noticia sobre el informe factura electr\u00f3nica de TeamSystem en Channel Partner. \u2014 Charla sobre productividad y Ley Crea y Crece en El Economista. \u2014 Charla sobre factura electr\u00f3nica obligatoria en Muy Pymes. \u2014 Charla sobre digitalizaci\u00f3n aut\u00f3nomos y productividad en esdiario. \u2014 Charla sobre productividad y factura electr\u00f3nica en La Raz\u00f3n. \u2014 Charla sobre factura electr\u00f3nica obligatoria en Aut\u00f3nomos y Emprendedores. \u2014 Entrevista sobre Ley Antifraude y Ley Crea y Crece en Expansi\u00f3n. \u2014 Entrevista sobre Ley Antifraude y Ley Crea y Crece en La Raz\u00f3n. \u2014 Entrevista sobre factura electr\u00f3nica obligatoria en El Economista. \u2014 Comunicado Billin y TeamSystem en Business Insider. \u2014 Entrevista en Econom\u00eda Digital. \u2014 Entrevista en Ideas para tu empresa de Vodafone. \u2014 Entrevista en M\u00e1sQradio. \u2014 Entrevista en Armas para emprender de El M\u00e9todo Gallardo. \u2014 Entrevista en KFund. \u2014 Entrevista en AXA Seguros Espa\u00f1a. \u2014 Entrevista en GestionaRadio. \u00a0 Marcos De La Cueva en eventos \u00a0 \u2014 Participaci\u00f3n como ponente en Accountex Espa\u00f1a 2023. \u00a0 Tem\u00e1ticas de especializaci\u00f3n \u00a0 negocios | startups | contabilidad| fiscalidad | empresas| asesor\u00edas| autonomos | emprendedores | peque\u00f1os negocios | econom\u00eda | ADE | pymes | desarrollo de negocio\u00a0\",\"sameAs\":[\"https:\/\/www.billin.net\/\",\"https:\/\/www.linkedin.com\/in\/marcos-de-la-cueva-19750ba3\/\"],\"url\":\"https:\/\/www.billin.net\/blog\/author\/marcosdelacueva\/\",\"jobTitle\":\"CEO y cofundador de TS Facturas Billin\"}]}<\/script>\n<!-- \/ Yoast SEO plugin. -->","yoast_head_json":{"title":"Qu\u00e9 es y c\u00f3mo presentar el Modelo 347 de Gipuzkoa - TeamSystem Facturas Billin","description":"Explicamos que es el Modelo 347 de Gipuzkoa y lo que debes tener en cuenta la hora de presentarlo y c\u00f3mo hacerlo de forma correcta.","robots":{"index":"index","follow":"follow","max-snippet":"max-snippet:-1","max-image-preview":"max-image-preview:large","max-video-preview":"max-video-preview:-1"},"canonical":"https:\/\/www.billin.net\/blog\/modelo-347-gipuzkoa\/","og_locale":"es_ES","og_type":"article","og_title":"Qu\u00e9 es y c\u00f3mo presentar el Modelo 347 de Gipuzkoa - TeamSystem Facturas Billin","og_description":"Explicamos que es el Modelo 347 de Gipuzkoa y lo que debes tener en cuenta la hora de presentarlo y c\u00f3mo hacerlo de forma correcta.","og_url":"https:\/\/www.billin.net\/blog\/modelo-347-gipuzkoa\/","og_site_name":"Blog de TeamSystem Facturas Billin","article_publisher":"https:\/\/www.facebook.com\/EsBillin","article_published_time":"2022-06-23T10:11:43+00:00","article_modified_time":"2025-09-25T18:34:54+00:00","og_image":[{"width":1125,"height":750,"url":"https:\/\/www.billin.net\/blog\/wp-content\/uploads\/2022\/06\/Modelo-347-de-Gipuzkoa.jpeg","type":"image\/jpeg"}],"author":"Marcos De La Cueva - CEO TeamSystem Facturas Billin","twitter_card":"summary_large_image","twitter_creator":"@Billin_ES","twitter_site":"@Billin_ES","twitter_misc":{"Escrito por":"Marcos De La Cueva - CEO TeamSystem Facturas Billin","Tiempo de lectura":"4 minutos"},"schema":{"@context":"https:\/\/schema.org","@graph":[{"@type":"Article","@id":"https:\/\/www.billin.net\/blog\/modelo-347-gipuzkoa\/#article","isPartOf":{"@id":"https:\/\/www.billin.net\/blog\/modelo-347-gipuzkoa\/"},"author":{"name":"Marcos De La Cueva - CEO TeamSystem Facturas Billin","@id":"https:\/\/www.billin.net\/blog\/#\/schema\/person\/d0339ee6e869234614541b1e80a793e7"},"headline":"El modelo 347 de Gipuzkoa","datePublished":"2022-06-23T10:11:43+00:00","dateModified":"2025-09-25T18:34:54+00:00","mainEntityOfPage":{"@id":"https:\/\/www.billin.net\/blog\/modelo-347-gipuzkoa\/"},"wordCount":768,"commentCount":0,"publisher":{"@id":"https:\/\/www.billin.net\/blog\/#organization"},"image":{"@id":"https:\/\/www.billin.net\/blog\/modelo-347-gipuzkoa\/#primaryimage"},"thumbnailUrl":"https:\/\/www.billin.net\/blog\/wp-content\/uploads\/2022\/06\/Modelo-347-de-Gipuzkoa.jpeg","keywords":["Aut\u00f3nomos","Pymes"],"articleSection":["Contabilidad"],"inLanguage":"es","potentialAction":[{"@type":"CommentAction","name":"Comment","target":["https:\/\/www.billin.net\/blog\/modelo-347-gipuzkoa\/#respond"]}]},{"@type":"WebPage","@id":"https:\/\/www.billin.net\/blog\/modelo-347-gipuzkoa\/","url":"https:\/\/www.billin.net\/blog\/modelo-347-gipuzkoa\/","name":"Qu\u00e9 es y c\u00f3mo presentar el Modelo 347 de Gipuzkoa - TeamSystem Facturas Billin","isPartOf":{"@id":"https:\/\/www.billin.net\/blog\/#website"},"primaryImageOfPage":{"@id":"https:\/\/www.billin.net\/blog\/modelo-347-gipuzkoa\/#primaryimage"},"image":{"@id":"https:\/\/www.billin.net\/blog\/modelo-347-gipuzkoa\/#primaryimage"},"thumbnailUrl":"https:\/\/www.billin.net\/blog\/wp-content\/uploads\/2022\/06\/Modelo-347-de-Gipuzkoa.jpeg","datePublished":"2022-06-23T10:11:43+00:00","dateModified":"2025-09-25T18:34:54+00:00","description":"Explicamos que es el Modelo 347 de Gipuzkoa y lo que debes tener en cuenta la hora de presentarlo y c\u00f3mo hacerlo de forma correcta.","breadcrumb":{"@id":"https:\/\/www.billin.net\/blog\/modelo-347-gipuzkoa\/#breadcrumb"},"inLanguage":"es","potentialAction":[{"@type":"ReadAction","target":["https:\/\/www.billin.net\/blog\/modelo-347-gipuzkoa\/"]}]},{"@type":"ImageObject","inLanguage":"es","@id":"https:\/\/www.billin.net\/blog\/modelo-347-gipuzkoa\/#primaryimage","url":"https:\/\/www.billin.net\/blog\/wp-content\/uploads\/2022\/06\/Modelo-347-de-Gipuzkoa.jpeg","contentUrl":"https:\/\/www.billin.net\/blog\/wp-content\/uploads\/2022\/06\/Modelo-347-de-Gipuzkoa.jpeg","width":1125,"height":750,"caption":"modelo 347 gipuzkoa"},{"@type":"BreadcrumbList","@id":"https:\/\/www.billin.net\/blog\/modelo-347-gipuzkoa\/#breadcrumb","itemListElement":[{"@type":"ListItem","position":1,"name":"Blog","item":"https:\/\/www.billin.net\/blog\/"},{"@type":"ListItem","position":2,"name":"Contabilidad","item":"https:\/\/www.billin.net\/blog\/contabilidad\/"},{"@type":"ListItem","position":3,"name":"El modelo 347 de Gipuzkoa"}]},{"@type":"WebSite","@id":"https:\/\/www.billin.net\/blog\/#website","url":"https:\/\/www.billin.net\/blog\/","name":"Blog de Billin","description":"Mantente informado con el blog de TeamSystem Facturas Billin:  facturaci\u00f3n, legislaci\u00f3n, contabilidad, management y toda la informaci\u00f3n \u00fatil para pymes y aut\u00f3nomos.","publisher":{"@id":"https:\/\/www.billin.net\/blog\/#organization"},"potentialAction":[{"@type":"SearchAction","target":{"@type":"EntryPoint","urlTemplate":"https:\/\/www.billin.net\/blog\/?s={search_term_string}"},"query-input":{"@type":"PropertyValueSpecification","valueRequired":true,"valueName":"search_term_string"}}],"inLanguage":"es"},{"@type":"Organization","@id":"https:\/\/www.billin.net\/blog\/#organization","name":"Billin","alternateName":"Blog de Billin","url":"https:\/\/www.billin.net\/blog\/","logo":{"@type":"ImageObject","inLanguage":"es","@id":"https:\/\/www.billin.net\/blog\/#\/schema\/logo\/image\/","url":"https:\/\/www.billin.net\/blog\/wp-content\/uploads\/2019\/06\/logotipo-billin-blog-1.png","contentUrl":"https:\/\/www.billin.net\/blog\/wp-content\/uploads\/2019\/06\/logotipo-billin-blog-1.png","width":126,"height":50,"caption":"Billin"},"image":{"@id":"https:\/\/www.billin.net\/blog\/#\/schema\/logo\/image\/"},"sameAs":["https:\/\/www.facebook.com\/EsBillin","https:\/\/x.com\/Billin_ES","https:\/\/www.instagram.com\/billin_es\/","https:\/\/www.linkedin.com\/company\/billin-spain","https:\/\/www.youtube.com\/c\/BillinEsintercambiodefacturas\/"],"legalName":"MY EXPENSES SL","contactPoint":{"@type":"ContactPoint","telephone":"+34918318883","contactType":"customer service","email":"info@billin.eu","availableLanguage":"es"},"foundingDate":"2015","numberOfEmployees":{"@type":"QuantitativeValue","minValue":10,"maxValue":50},"parentOrganization":{"@type":"Organization","name":"TeamSystem","url":"https:\/\/www.teamsystem.com\/"},"description":"Billin es el programa de facturaci\u00f3n online de TeamSystem para aut\u00f3nomos y pymes en Espa\u00f1a. Permite crear facturas, controlar gastos y cumplir con Verifactu.","address":{"@type":"PostalAddress","streetAddress":"Calle Arturo Soria, 336","addressLocality":"Madrid","addressRegion":"Madrid","postalCode":"28033","addressCountry":"ES"}},{"@type":"Person","@id":"https:\/\/www.billin.net\/blog\/#\/schema\/person\/d0339ee6e869234614541b1e80a793e7","name":"Marcos De La Cueva - CEO TeamSystem Facturas Billin","image":{"@type":"ImageObject","inLanguage":"es","@id":"https:\/\/www.billin.net\/blog\/#\/schema\/person\/image\/","url":"https:\/\/www.billin.net\/blog\/wp-content\/uploads\/2023\/10\/marcos-color-150x150.png","contentUrl":"https:\/\/www.billin.net\/blog\/wp-content\/uploads\/2023\/10\/marcos-color-150x150.png","caption":"Marcos De La Cueva - CEO TeamSystem Facturas Billin"},"description":"Licenciado en ADE por la Universidad Aut\u00f3noma de Madrid, Marcos De la Cueva es CEO y cofundador de TeamSystem Facturas Billin, un programa online que lleva m\u00e1s de 9 a\u00f1os ayudando a aut\u00f3nomos, peque\u00f1os negocios y gestor\u00edas a digitalizar sus presupuestos, facturas, tickets y gastos. \u00a0 Sobre Marcos De La Cueva \u00a0 Apasionado por el mundo empresarial y la tecnolog\u00eda, curs\u00f3 su M\u00e1ster de Finanzas en la Universidad Pontificia de Comillas y estuvo en el Programa de Cooperaci\u00f3n Educativa de la Universidad Aut\u00f3noma de Madrid. \u00a0 Marcos siempre ha tenido su objetivo claro: ayudar a la creaci\u00f3n de negocios financieramente sostenibles a trav\u00e9s de una herramienta de facturaci\u00f3n que les permita ahorrar tiempo y tener la contabilidad bajo control. \u00a0 Marcos De La Cueva en los medios \u2014 Noticia sobre Kit Digital y Ley Antifraude (VeriFactu) en El Economista. \u2014 Noticia sobre Kit Digital y factura electr\u00f3nica obligatoria en Diario Jur\u00eddico. \u2014 Noticia sobre el a\u00f1o de transici\u00f3n para la factura electr\u00f3nica en Muy Pymes. \u2014 Entrevista sobre factura electr\u00f3nica obligatoria en Canal Sur. \u2014 Noticia sobre el informe factura electr\u00f3nica de TeamSystem en Channel Partner. \u2014 Charla sobre productividad y Ley Crea y Crece en El Economista. \u2014 Charla sobre factura electr\u00f3nica obligatoria en Muy Pymes. \u2014 Charla sobre digitalizaci\u00f3n aut\u00f3nomos y productividad en esdiario. \u2014 Charla sobre productividad y factura electr\u00f3nica en La Raz\u00f3n. \u2014 Charla sobre factura electr\u00f3nica obligatoria en Aut\u00f3nomos y Emprendedores. \u2014 Entrevista sobre Ley Antifraude y Ley Crea y Crece en Expansi\u00f3n. \u2014 Entrevista sobre Ley Antifraude y Ley Crea y Crece en La Raz\u00f3n. \u2014 Entrevista sobre factura electr\u00f3nica obligatoria en El Economista. \u2014 Comunicado Billin y TeamSystem en Business Insider. \u2014 Entrevista en Econom\u00eda Digital. \u2014 Entrevista en Ideas para tu empresa de Vodafone. \u2014 Entrevista en M\u00e1sQradio. \u2014 Entrevista en Armas para emprender de El M\u00e9todo Gallardo. \u2014 Entrevista en KFund. \u2014 Entrevista en AXA Seguros Espa\u00f1a. \u2014 Entrevista en GestionaRadio. \u00a0 Marcos De La Cueva en eventos \u00a0 \u2014 Participaci\u00f3n como ponente en Accountex Espa\u00f1a 2023. \u00a0 Tem\u00e1ticas de especializaci\u00f3n \u00a0 negocios | startups | contabilidad| fiscalidad | empresas| asesor\u00edas| autonomos | emprendedores | peque\u00f1os negocios | econom\u00eda | ADE | pymes | desarrollo de negocio\u00a0","sameAs":["https:\/\/www.billin.net\/","https:\/\/www.linkedin.com\/in\/marcos-de-la-cueva-19750ba3\/"],"url":"https:\/\/www.billin.net\/blog\/author\/marcosdelacueva\/","jobTitle":"CEO y cofundador de TS Facturas Billin"}]}},"_links":{"self":[{"href":"https:\/\/www.billin.net\/blog\/wp-json\/wp\/v2\/posts\/19453","targetHints":{"allow":["GET"]}}],"collection":[{"href":"https:\/\/www.billin.net\/blog\/wp-json\/wp\/v2\/posts"}],"about":[{"href":"https:\/\/www.billin.net\/blog\/wp-json\/wp\/v2\/types\/post"}],"author":[{"embeddable":true,"href":"https:\/\/www.billin.net\/blog\/wp-json\/wp\/v2\/users\/20"}],"replies":[{"embeddable":true,"href":"https:\/\/www.billin.net\/blog\/wp-json\/wp\/v2\/comments?post=19453"}],"version-history":[{"count":6,"href":"https:\/\/www.billin.net\/blog\/wp-json\/wp\/v2\/posts\/19453\/revisions"}],"predecessor-version":[{"id":26788,"href":"https:\/\/www.billin.net\/blog\/wp-json\/wp\/v2\/posts\/19453\/revisions\/26788"}],"wp:featuredmedia":[{"embeddable":true,"href":"https:\/\/www.billin.net\/blog\/wp-json\/wp\/v2\/media\/19454"}],"wp:attachment":[{"href":"https:\/\/www.billin.net\/blog\/wp-json\/wp\/v2\/media?parent=19453"}],"wp:term":[{"taxonomy":"category","embeddable":true,"href":"https:\/\/www.billin.net\/blog\/wp-json\/wp\/v2\/categories?post=19453"},{"taxonomy":"post_tag","embeddable":true,"href":"https:\/\/www.billin.net\/blog\/wp-json\/wp\/v2\/tags?post=19453"}],"curies":[{"name":"wp","href":"https:\/\/api.w.org\/{rel}","templated":true}]}}