{"id":19452,"date":"2022-06-23T09:26:16","date_gmt":"2022-06-23T07:26:16","guid":{"rendered":"https:\/\/www.billin.net\/blog\/?p=19452"},"modified":"2025-09-25T20:34:58","modified_gmt":"2025-09-25T18:34:58","slug":"modelo-347-bizkaia","status":"publish","type":"post","link":"https:\/\/www.billin.net\/blog\/modelo-347-bizkaia\/","title":{"rendered":"El modelo 347 de Bizkaia"},"content":{"rendered":"<p>Una de las obligaciones fiscales que tienen los aut\u00f3nomos y las empresas vizca\u00ednas durante el a\u00f1o es presentar una declaraci\u00f3n informativa anual de operaciones con terceros, es decir, <strong>el Modelo 347 de Bizkaia.<\/strong><\/p>\n<p>No todos los aut\u00f3nomos y empresas est\u00e1n obligados a presentarla y en este art\u00edculo te contamos todo sobre la declaraci\u00f3n informativa de operaciones superiores a 3005,06 euros.<\/p>\n<h2><!--more--><br \/>\n\u00bfQu\u00e9 es el Modelo 347 de Bizkaia?<\/h2>\n<p><strong>El modelo 347 de Bizkaia es una declaraci\u00f3n informativa anual (no es un impuesto y, por tanto, no incluye el pago)<\/strong> en la que se indican las <strong>operaciones con terceros que superan los 3.005,06 euros, IVA incluido, en el ejercicio anterior.<\/strong><\/p>\n<p>Es decir, se trata de una declaraci\u00f3n que refleja las operaciones con un mismo cliente si, al sumar las facturas anuales,<strong> \u00e9stas superan los 3005,06 euros (IVA incluido).<\/strong> Tambi\u00e9n es la declaraci\u00f3n de las operaciones con un mismo proveedor que, sumadas a lo largo del a\u00f1o, superan los 3005,06 euros (IVA incluido).<\/p>\n<h2>\u00bfQui\u00e9n est\u00e1 obligado a presentar el Modelo 347 de Bizkaia?<\/h2>\n<p>Esta declaraci\u00f3n debe ser presentada por cualquier persona f\u00edsica o jur\u00eddica (p\u00fablica o privada) que realice actividades econ\u00f3micas en cualquier sector por un importe total superior a 3005,06 euros.<\/p>\n<p>En particular, deben presentar una declaraci\u00f3n de impuestos:<\/p>\n<ul>\n<li>Cualquier persona f\u00edsica o jur\u00eddica, p\u00fablica o privada, adem\u00e1s de las entidades a las que se refiere el art\u00edculo 34.3 del C\u00f3digo General Tributario, que realice actividades econ\u00f3micas o profesionales que, junto con los clientes o proveedores, superen el importe total de 3005,06 euros\/a\u00f1o natural al que se refiere la declaraci\u00f3n.<\/li>\n<li>Las empresas, asociaciones, federaciones profesionales u otras entidades que recuperan cobros en nombre de sus socios, accionistas o miembros por un importe superior a 300,51 euros por miembro.<\/li>\n<li>Todas las entidades sujetas a la Ley 49\/1960, de 21 de junio, as\u00ed como las entidades privadas u organismos de derecho social a los que se refiere el art\u00edculo 20. Esta forma tambi\u00e9n abarca la adquisici\u00f3n de bienes o servicios realizados fuera del \u00e1mbito de una actividad econ\u00f3mica o profesional, aunque no realicen una actividad prevista en la Ley 7\/1994, de 9 de noviembre, del IVA.<\/li>\n<li>Administraciones del Territorio Hist\u00f3rico de Bizkaia, autoridades y empresas forales, colegios p\u00fablicos y asociaciones, mutualidades, partidos pol\u00edticos, etc., pertenecientes a personas residentes en Bizkaia.<\/li>\n<li>Entidades pertenecientes a las distintas administraciones territoriales y a las Administraciones Institucionales que hayan concedido subvenciones, ayudas o asistencia a personas u organizaciones, independientemente de que su importe sea superior a 3.005,06 euros.<\/li>\n<\/ul>\n<h3>\u00bfQui\u00e9n no tiene que presentar el formulario 347 de Bizkaia?<\/h3>\n<p><strong>El modelo 347 de Bizkaia tambi\u00e9n contiene algunas excepciones,<\/strong> por lo que los contribuyentes que se indican a continuaci\u00f3n no tienen que presentarlo y est\u00e1n excluidos:<\/p>\n<ul>\n<li><em>[Actualizaci\u00f3n]<\/em> <strong>A partir de 2016, los aut\u00f3nomos y las comunidades de bienes no tendr\u00e1n que presentar el <a href=\"https:\/\/www.billin.net\/blog\/modelo-347-declaracion-informativa-declaracion-anual-de-operaciones-con-terceros\/\" target=\"_blank\" rel=\"noopener\">modelo 347<\/a><\/strong>, ya que deber\u00e1n rellenar el modelo 140 del Libro de Registro de Actividades Econ\u00f3micas, que sustituye al modelo 347.<\/li>\n<li><em>[Actualizaci\u00f3n]<\/em> <strong>A partir de 2023, los aut\u00f3nomos y las empresas dadas de alta en los periodos voluntarios de <a href=\"https:\/\/www.billin.net\/que-es-ticketbai\/bizkaia\/\" target=\"_blank\" rel=\"noopener\">TicketBAI en Bizkaia<\/a> y <a href=\"https:\/\/www.billin.net\/blog\/que-es-batuz\/\" target=\"_blank\" rel=\"noopener\">BATUZ<\/a> no tendr\u00e1n que presentar el modelo 347 en Bizkaia<\/strong>, ya que esta informaci\u00f3n se env\u00eda a la Hacienda Foral de Bizkaia a trav\u00e9s del <a href=\"https:\/\/www.billin.net\/blog\/modelo-140-bizkaia\/\" target=\"_blank\" rel=\"noopener\">Modelo 140 del Registro de Actividad Econ\u00f3mica<\/a> en el caso de los aut\u00f3nomos y del <a href=\"https:\/\/www.billin.net\/blog\/modelo-240-bizkaia\/\" target=\"_blank\" rel=\"noopener\">Modelo 240 en el caso de las empresas<\/a>.<\/li>\n<li><strong>Aut\u00f3nomos que emiten facturas con retenci\u00f3n a sus clientes.<\/strong> Esta informaci\u00f3n ya ha sido comunicada por las partes a trav\u00e9s del modelo 190.<\/li>\n<li><strong>Aut\u00f3nomos o empresas que hayan recibido facturas con retenci\u00f3n de sus proveedores.<\/strong> No es necesario informar de estas operaciones en el formulario 347, ya que estas operaciones ya han sido declaradas en el formulario 190 en Bizkaia.<\/li>\n<li><strong>Los aut\u00f3nomos o empresas que facturen a clientes intracomunitarios o reciban facturas de proveedores intracomunitarios<\/strong>, tanto si superan como si no superan los 3005,06 euros, ya que estas operaciones se declaran en el <a href=\"https:\/\/www.billin.net\/blog\/modelo-349-bizkaia\/\" target=\"_blank\" rel=\"noopener\">modelo 349 de Bizkaia<\/a>.<\/li>\n<li><strong>Empresas o profesionales que operan en Espa\u00f1a<\/strong> sin domicilio social, comercial o fiscal en dicho pa\u00eds, en particular en Bizkaia.<\/li>\n<li>Personas f\u00edsicas (aut\u00f3nomos) o entidades en r\u00e9gimen de atribuci\u00f3n de rentas (patrimoniales, sociedad civil, etc.) que pagan el IVA en r\u00e9gimen simplificado o en r\u00e9gimen de agricultura, ganader\u00eda o pesca, o en r\u00e9gimen de equivalencia, por la venta de bienes o servicios por los que no se ha emitido factura. Tendr\u00e1n que presentarla para aquellas transacciones por las que emitan una factura.<\/li>\n<li>Aut\u00f3nomos o empresas dedicadas exclusivamente a la venta a particulares y cuyas facturas recibidas por proveedor no superen los 3005,06 euros.<\/li>\n<li><strong>Aut\u00f3nomos o empresas inscritas en el registro de devoluci\u00f3n mensual del IVA<\/strong>, ya que estas operaciones ya se declaran mediante el modelo 340 Bizkaia.<br \/>\nA menos que hayan realizado estas transacciones que deben ser reportadas en el modelo 347:<\/p>\n<ul>\n<li>Subvenciones o ayudas recibidas por cualquier administraci\u00f3n p\u00fablica.<\/li>\n<li>Operaciones de arrendamiento de locales comerciales.<\/li>\n<li>Operaciones de los seguros.<\/li>\n<li>Prestaci\u00f3n de servicios a trav\u00e9s de los cuales las agencias de viajes act\u00faan como intermediarias y servicios de transporte por este motivo.<\/li>\n<li>Los cobros recibidos por cuenta de terceros correspondientes a derechos de autor o de propiedad intelectual, honorarios u otros derechos de sus socios, asociados o miembros.<\/li>\n<li>Cantidades recibidas en efectivo que superan los 6.000 euros.<\/li>\n<li>Las cantidades recibidas como beneficio en relaci\u00f3n con la transmisi\u00f3n de bienes inmuebles, que se consideran entregas sujetas al IVA.<\/li>\n<\/ul>\n<\/li>\n<li><strong>Aut\u00f3nomos o empresas que utilizan el SII.<\/strong><\/li>\n<li>Obligados tributarios que no hayan realizado operaciones con terceros por un importe total igual o superior a 3.005,06 euros durante el per\u00edodo natural en que deba presentarse la declaraci\u00f3n. Tampoco est\u00e1n obligados a presentar esta declaraci\u00f3n los sujetos pasivos que hayan cobrado por cuenta de terceros derechos profesionales, de propiedad intelectual o industrial, derechos de autor u otros derechos, siempre que estas cantidades no superen los 300,51 euros.<\/li>\n<li>Obligados tributarios que hayan realizado operaciones no sujetas a la obligaci\u00f3n de presentar una declaraci\u00f3n informativa.<\/li>\n<li>Obligados tributarios que est\u00e1n obligados a declarar las operaciones inscritas en el Libro-Registro de Operaciones Econ\u00f3micas y libros del IVA y de acuerdo con los art\u00edculos 46 bis y 47 del Reglamento, los cuales regulan las obligaciones formales.<\/li>\n<\/ul>\n<h3>\u00bfTengo que presentar el Modelo 347 si ya he presentado el Modelo 140?<\/h3>\n<p>No, desde 2016 todos los aut\u00f3nomos que est\u00e9n obligados a presentar el modelo 140 o Bizkaia en el registro mercantil no est\u00e1n obligados a presentar el modelo 347 de Bizkaia.<\/p>\n<p>No es necesario que presenten este formulario porque ya informan de todas sus actividades mediante el formulario 140 de Bizkaia.<\/p>\n<h3>\u00bfTengo que presentar el Modelo 347 si estoy inscrito en el registro de devoluci\u00f3n mensual del IVA (REDEME)?<\/h3>\n<p>No, las empresas y los aut\u00f3nomos inscritos en el registro de devoluci\u00f3n del IVA no necesitan presentar el modelo 347, ya que todas las operaciones se registran mensualmente mediante el modelo 340.<\/p>\n<h3>\u00bfEl IVA est\u00e1 incluido en el 347?<\/h3>\n<p>El modelo 347 de Bizkaia incluye las operaciones sujetas a IVA.<\/p>\n<h3>\u00bfQu\u00e9 operaciones hay que declarar en el Modelo 347 de Bizkaia?<\/h3>\n<p>Todas las operaciones contempladas en el formulario para el a\u00f1o deben comunicarse en esta declaraci\u00f3n si superan un importe total de 3 005,06 euros durante el a\u00f1o.<\/p>\n<p>Sin embargo, <strong>no es necesario informar de las siguientes operaciones:<\/strong><\/p>\n<ul>\n<li>Operaciones previamente declaradas y comunicadas a trav\u00e9s de declaraciones informativas, como las operaciones comunicadas a trav\u00e9s del formulario 180 o del formulario 190, es decir j. operaciones que son deducibles.<\/li>\n<li>Operaciones realizadas por instituciones u organismos de car\u00e1cter social a los que se refiere el apartado 2 del art\u00edculo 20 3 de la Ley 37\/1992.<\/li>\n<li>Operaciones de arrendamiento de bienes exentas de IVA realizadas por personas f\u00edsicas o jur\u00eddicas.<\/li>\n<\/ul>\n<p>Del mismo modo, no es necesario declarar las transacciones para las que no se requiere factura, ya que no es necesario que el destinatario sea identificable. Por ejemplo: las ventas realizadas por una tienda.<\/p>\n<h2>Cu\u00e1ndo presentar el Modelo 347 de Bizkaia<\/h2>\n<p>El plazo de presentaci\u00f3n del modelo 347 en Bizkaia <strong>comienza el 1 de febrero y finaliza el \u00faltimo d\u00eda de febrero.<\/strong><\/p>\n<p>Por ejemplo, para presentar el Modelo 347 en Bizkaia correspondiente a las operaciones realizadas durante el ejercicio 2021, deber\u00e1 presentarse a partir del 1 de febrero de 2022 con fecha l\u00edmite del 28 de febrero de 2022.<\/p>\n<h2>C\u00f3mo presentar el Modelo 347 para Bizkaia<\/h2>\n<p>La declaraci\u00f3n anual de operaciones con terceros debe presentarse por <a href=\"https:\/\/apli.bizkaia.net\/BizkaiBai2\/SmartLink\/IntroducirDatos.asp\" target=\"_blank\" rel=\"noopener\">v\u00eda electr\u00f3nica a trav\u00e9s de la sede electr\u00f3nica de la Diputaci\u00f3n Foral de Bizkaia<\/a> o BizkaiBai.<\/p>\n<p>Para presentarla, necesitar\u00e1s un certificado digital u otro medio de identificaci\u00f3n electr\u00f3nica, como por ejemplo: certificado digital de la FNMT, <a href=\"https:\/\/www.billin.net\/blog\/certificado-digital-euskadi\/\" target=\"_blank\" rel=\"noopener\">clave BakQ<\/a>, etc.<\/p>\n<h2>Instrucciones para rellenar el Modelo 347 de Bizkaia<\/h2>\n<p>El modelo 347 de Bizkaia debe completarse por secciones. La declaraci\u00f3n informativa consta de varios documentos:<\/p>\n<ul>\n<li>Hoja de resumen (incluyendo la devoluci\u00f3n de la sustituci\u00f3n).<\/li>\n<li>Hoja interior que cubre todas las operaciones.<\/li>\n<li>Hoja adjunta.<\/li>\n<\/ul>\n<h3><span id=\"Cumplimentacion_de_la_hoja_resumen\">Cumplimentaci\u00f3n de la hoja resumen<\/span><\/h3>\n<p>Declarante: rellenar los datos de identificaci\u00f3n del declarante y adjuntar una fotocopia de la tarjeta NIF.<\/p>\n<p>A\u00f1o contable: el a\u00f1o natural correspondiente a la declaraci\u00f3n.<\/p>\n<p><strong>Declaraci\u00f3n sustitutiva<\/strong>: marca esta casilla cuando desees anular y sustituir las otras declaraciones de informaci\u00f3n presentadas anteriormente. Recuerda que una devoluci\u00f3n de sustituci\u00f3n s\u00f3lo anula una devoluci\u00f3n anterior.<\/p>\n<ol>\n<li>Resumen de los datos incluidos en las declaraciones:\n<ol>\n<li>Casilla 1: N\u00famero total de personas y entidades que figuran en la hoja interior o en la hoja de apoyo. Registra el n\u00famero total de personas y unidades.<\/li>\n<li>Casilla 2: N\u00famero anual de operaciones que figuran en la hoja interior o en la hoja de apoyo. Muestra la cantidad total del n\u00famero.<\/li>\n<li>Casilla 3: N\u00famero total de inmuebles que figuran en la hoja de arrendamiento de la empresa o en la hoja de apoyo. Introduce el n\u00famero de todos los edificios.<\/li>\n<li>Casilla 4: N\u00famero total de transacciones que figuran en el sitio de la empresa o en la hoja de arrendamiento de apoyo. La suma de estos importes se refiere esta vez al alquiler de locales comerciales.<\/li>\n<\/ol>\n<\/li>\n<li>Datos adicionales para los rendimientos colectivos:\n<ol>\n<li>Casilla 5: N\u00famero total de declarantes incluidos en los medios de comunicaci\u00f3n agregados. Introduce el n\u00famero de declarantes que figuran en la declaraci\u00f3n colectiva.<\/li>\n<li>Casilla 6: N\u00famero total de encuestados incluidos en la declaraci\u00f3n colectiva. Debe consistir en el n\u00famero total de registros del soporte, independientemente del declarante al que est\u00e9n asociados. Deben incluirse tanto los que aparecen en la hoja de cubierta interior como los que aparecen en la hoja de cubierta de la lista de locales comerciales. Los resultados deben coincidir con las casillas 1 y 3 de la hoja de resumen y las declaraciones incluidas en el aval colectivo.<\/li>\n<\/ol>\n<\/li>\n<li>Presentaci\u00f3n: marca la casilla o casillas del formato en que se presentar\u00e1n las declaraciones.<\/li>\n<li>Fecha y firma: Adem\u00e1s de la fecha y la firma, en este campo debe indicarse el estado de la declaraci\u00f3n (en el caso de un representante, debe justificarse).<br \/>\nLa informaci\u00f3n completa sobre las instrucciones del formulario 347 Bizkaia se encuentra en<\/li>\n<\/ol>\n<h3>Modificar el Modelo 347 de Bizkaia despu\u00e9s de su presentaci\u00f3n<\/h3>\n<p>En caso de error en la presentaci\u00f3n de la informaci\u00f3n,<strong> la Hacienda Foral de Bizkaia permite realizar cambios en los elementos declarados incorrectos.<\/strong> Asimismo, los contribuyentes deben anular y sustituir las declaraciones que contengan errores marcando la casilla de sustituci\u00f3n de la declaraci\u00f3n.<\/p>\n<p>Para reparar una declaraci\u00f3n, hay que <strong>presentar una declaraci\u00f3n sustitutiva en el modelo 347 de Bizkaia.<\/strong><\/p>\n<p>Esperamoas que ahora tengas un poco m\u00e1s claro en que consite el Modelo 347 de Bizkaia. De todas formas, si a\u00fan tines dudas utiliza los comentarios y te ayudaremos.<\/p>\n","protected":false},"excerpt":{"rendered":"<p>Una de las obligaciones fiscales que tienen los aut\u00f3nomos y las empresas vizca\u00ednas durante el a\u00f1o es presentar una declaraci\u00f3n informativa anual de operaciones con terceros, es decir, el Modelo 347 de Bizkaia. No todos los aut\u00f3nomos y empresas est\u00e1n obligados a presentarla y en este art\u00edculo te contamos todo sobre la declaraci\u00f3n informativa de [&hellip;]<\/p>\n","protected":false},"author":20,"featured_media":19456,"comment_status":"open","ping_status":"open","sticky":false,"template":"","format":"standard","meta":{"_acf_changed":false,"_et_pb_use_builder":"","_et_pb_old_content":"","_et_gb_content_width":"","om_disable_all_campaigns":false,"inline_featured_image":false,"footnotes":""},"categories":[1020],"tags":[1380,1381],"class_list":{"0":"post-19452","1":"post","2":"type-post","3":"status-publish","4":"format-standard","5":"has-post-thumbnail","7":"category-contabilidad","8":"tag-autonomos","9":"tag-pymes"},"acf":{"selector_de_usuario":null,"fecha_de_revision":null},"yoast_head":"<!-- This site is optimized with the Yoast SEO plugin v27.1 - https:\/\/yoast.com\/product\/yoast-seo-wordpress\/ -->\n<title>C\u00f3mo presentar el Modelo 347 de Bizkaia- TeamSystem Facturas Billin<\/title>\n<meta name=\"description\" content=\"Mostramos c\u00f3mo presentar una declaraci\u00f3n informativa anual de operaciones con terceros, es decir, el Modelo 347 de Bizkaia.\" \/>\n<meta name=\"robots\" content=\"index, follow, max-snippet:-1, max-image-preview:large, max-video-preview:-1\" \/>\n<link rel=\"canonical\" href=\"https:\/\/www.billin.net\/blog\/modelo-347-bizkaia\/\" \/>\n<meta property=\"og:locale\" content=\"es_ES\" \/>\n<meta property=\"og:type\" content=\"article\" \/>\n<meta property=\"og:title\" content=\"C\u00f3mo presentar el Modelo 347 de Bizkaia- TeamSystem Facturas Billin\" \/>\n<meta property=\"og:description\" content=\"Mostramos c\u00f3mo presentar una declaraci\u00f3n informativa anual de operaciones con terceros, es decir, el Modelo 347 de Bizkaia.\" \/>\n<meta property=\"og:url\" content=\"https:\/\/www.billin.net\/blog\/modelo-347-bizkaia\/\" \/>\n<meta property=\"og:site_name\" content=\"Blog de TeamSystem Facturas Billin\" \/>\n<meta property=\"article:publisher\" content=\"https:\/\/www.facebook.com\/EsBillin\" \/>\n<meta property=\"article:published_time\" content=\"2022-06-23T07:26:16+00:00\" \/>\n<meta property=\"article:modified_time\" content=\"2025-09-25T18:34:58+00:00\" \/>\n<meta property=\"og:image\" content=\"https:\/\/www.billin.net\/blog\/wp-content\/uploads\/2022\/06\/modelo-347-euskadi-324.jpg\" \/>\n\t<meta property=\"og:image:width\" content=\"1920\" \/>\n\t<meta property=\"og:image:height\" content=\"1252\" \/>\n\t<meta property=\"og:image:type\" content=\"image\/jpeg\" \/>\n<meta name=\"author\" content=\"Marcos De La Cueva - CEO TeamSystem Facturas Billin\" \/>\n<meta name=\"twitter:card\" content=\"summary_large_image\" \/>\n<meta name=\"twitter:creator\" content=\"@Billin_ES\" \/>\n<meta name=\"twitter:site\" content=\"@Billin_ES\" \/>\n<meta name=\"twitter:label1\" content=\"Escrito por\" \/>\n\t<meta name=\"twitter:data1\" content=\"Marcos De La Cueva - CEO TeamSystem Facturas Billin\" \/>\n\t<meta name=\"twitter:label2\" content=\"Tiempo de lectura\" \/>\n\t<meta name=\"twitter:data2\" content=\"9 minutos\" \/>\n<script type=\"application\/ld+json\" class=\"yoast-schema-graph\">{\"@context\":\"https:\/\/schema.org\",\"@graph\":[{\"@type\":\"Article\",\"@id\":\"https:\/\/www.billin.net\/blog\/modelo-347-bizkaia\/#article\",\"isPartOf\":{\"@id\":\"https:\/\/www.billin.net\/blog\/modelo-347-bizkaia\/\"},\"author\":{\"name\":\"Marcos De La Cueva - CEO TeamSystem Facturas Billin\",\"@id\":\"https:\/\/www.billin.net\/blog\/#\/schema\/person\/d0339ee6e869234614541b1e80a793e7\"},\"headline\":\"El modelo 347 de Bizkaia\",\"datePublished\":\"2022-06-23T07:26:16+00:00\",\"dateModified\":\"2025-09-25T18:34:58+00:00\",\"mainEntityOfPage\":{\"@id\":\"https:\/\/www.billin.net\/blog\/modelo-347-bizkaia\/\"},\"wordCount\":1989,\"commentCount\":0,\"publisher\":{\"@id\":\"https:\/\/www.billin.net\/blog\/#organization\"},\"image\":{\"@id\":\"https:\/\/www.billin.net\/blog\/modelo-347-bizkaia\/#primaryimage\"},\"thumbnailUrl\":\"https:\/\/www.billin.net\/blog\/wp-content\/uploads\/2022\/06\/modelo-347-euskadi-324.jpg\",\"keywords\":[\"Aut\u00f3nomos\",\"Pymes\"],\"articleSection\":[\"Contabilidad\"],\"inLanguage\":\"es\",\"potentialAction\":[{\"@type\":\"CommentAction\",\"name\":\"Comment\",\"target\":[\"https:\/\/www.billin.net\/blog\/modelo-347-bizkaia\/#respond\"]}]},{\"@type\":\"WebPage\",\"@id\":\"https:\/\/www.billin.net\/blog\/modelo-347-bizkaia\/\",\"url\":\"https:\/\/www.billin.net\/blog\/modelo-347-bizkaia\/\",\"name\":\"C\u00f3mo presentar el Modelo 347 de Bizkaia- TeamSystem Facturas Billin\",\"isPartOf\":{\"@id\":\"https:\/\/www.billin.net\/blog\/#website\"},\"primaryImageOfPage\":{\"@id\":\"https:\/\/www.billin.net\/blog\/modelo-347-bizkaia\/#primaryimage\"},\"image\":{\"@id\":\"https:\/\/www.billin.net\/blog\/modelo-347-bizkaia\/#primaryimage\"},\"thumbnailUrl\":\"https:\/\/www.billin.net\/blog\/wp-content\/uploads\/2022\/06\/modelo-347-euskadi-324.jpg\",\"datePublished\":\"2022-06-23T07:26:16+00:00\",\"dateModified\":\"2025-09-25T18:34:58+00:00\",\"description\":\"Mostramos c\u00f3mo presentar una declaraci\u00f3n informativa anual de operaciones con terceros, es decir, el Modelo 347 de Bizkaia.\",\"breadcrumb\":{\"@id\":\"https:\/\/www.billin.net\/blog\/modelo-347-bizkaia\/#breadcrumb\"},\"inLanguage\":\"es\",\"potentialAction\":[{\"@type\":\"ReadAction\",\"target\":[\"https:\/\/www.billin.net\/blog\/modelo-347-bizkaia\/\"]}]},{\"@type\":\"ImageObject\",\"inLanguage\":\"es\",\"@id\":\"https:\/\/www.billin.net\/blog\/modelo-347-bizkaia\/#primaryimage\",\"url\":\"https:\/\/www.billin.net\/blog\/wp-content\/uploads\/2022\/06\/modelo-347-euskadi-324.jpg\",\"contentUrl\":\"https:\/\/www.billin.net\/blog\/wp-content\/uploads\/2022\/06\/modelo-347-euskadi-324.jpg\",\"width\":1920,\"height\":1252,\"caption\":\"presentar modelo 347 bizkaia\"},{\"@type\":\"BreadcrumbList\",\"@id\":\"https:\/\/www.billin.net\/blog\/modelo-347-bizkaia\/#breadcrumb\",\"itemListElement\":[{\"@type\":\"ListItem\",\"position\":1,\"name\":\"Blog\",\"item\":\"https:\/\/www.billin.net\/blog\/\"},{\"@type\":\"ListItem\",\"position\":2,\"name\":\"Contabilidad\",\"item\":\"https:\/\/www.billin.net\/blog\/contabilidad\/\"},{\"@type\":\"ListItem\",\"position\":3,\"name\":\"El modelo 347 de Bizkaia\"}]},{\"@type\":\"WebSite\",\"@id\":\"https:\/\/www.billin.net\/blog\/#website\",\"url\":\"https:\/\/www.billin.net\/blog\/\",\"name\":\"Blog de Billin\",\"description\":\"Mantente informado con el blog de TeamSystem Facturas Billin:  facturaci\u00f3n, legislaci\u00f3n, contabilidad, management y toda la informaci\u00f3n \u00fatil para pymes y aut\u00f3nomos.\",\"publisher\":{\"@id\":\"https:\/\/www.billin.net\/blog\/#organization\"},\"potentialAction\":[{\"@type\":\"SearchAction\",\"target\":{\"@type\":\"EntryPoint\",\"urlTemplate\":\"https:\/\/www.billin.net\/blog\/?s={search_term_string}\"},\"query-input\":{\"@type\":\"PropertyValueSpecification\",\"valueRequired\":true,\"valueName\":\"search_term_string\"}}],\"inLanguage\":\"es\"},{\"@type\":\"Organization\",\"@id\":\"https:\/\/www.billin.net\/blog\/#organization\",\"name\":\"Billin\",\"alternateName\":\"Blog de Billin\",\"url\":\"https:\/\/www.billin.net\/blog\/\",\"logo\":{\"@type\":\"ImageObject\",\"inLanguage\":\"es\",\"@id\":\"https:\/\/www.billin.net\/blog\/#\/schema\/logo\/image\/\",\"url\":\"https:\/\/www.billin.net\/blog\/wp-content\/uploads\/2019\/06\/logotipo-billin-blog-1.png\",\"contentUrl\":\"https:\/\/www.billin.net\/blog\/wp-content\/uploads\/2019\/06\/logotipo-billin-blog-1.png\",\"width\":126,\"height\":50,\"caption\":\"Billin\"},\"image\":{\"@id\":\"https:\/\/www.billin.net\/blog\/#\/schema\/logo\/image\/\"},\"sameAs\":[\"https:\/\/www.facebook.com\/EsBillin\",\"https:\/\/x.com\/Billin_ES\",\"https:\/\/www.instagram.com\/billin_es\/\",\"https:\/\/www.linkedin.com\/company\/billin-spain\",\"https:\/\/www.youtube.com\/c\/BillinEsintercambiodefacturas\/\"],\"legalName\":\"MY EXPENSES SL\",\"contactPoint\":{\"@type\":\"ContactPoint\",\"telephone\":\"+34918318883\",\"contactType\":\"customer service\",\"email\":\"info@billin.eu\",\"availableLanguage\":\"es\"},\"foundingDate\":\"2015\",\"numberOfEmployees\":{\"@type\":\"QuantitativeValue\",\"minValue\":10,\"maxValue\":50},\"parentOrganization\":{\"@type\":\"Organization\",\"name\":\"TeamSystem\",\"url\":\"https:\/\/www.teamsystem.com\/\"},\"description\":\"Billin es el programa de facturaci\u00f3n online de TeamSystem para aut\u00f3nomos y pymes en Espa\u00f1a. Permite crear facturas, controlar gastos y cumplir con Verifactu.\",\"address\":{\"@type\":\"PostalAddress\",\"streetAddress\":\"Calle Arturo Soria, 336\",\"addressLocality\":\"Madrid\",\"addressRegion\":\"Madrid\",\"postalCode\":\"28033\",\"addressCountry\":\"ES\"}},{\"@type\":\"Person\",\"@id\":\"https:\/\/www.billin.net\/blog\/#\/schema\/person\/d0339ee6e869234614541b1e80a793e7\",\"name\":\"Marcos De La Cueva - CEO TeamSystem Facturas Billin\",\"image\":{\"@type\":\"ImageObject\",\"inLanguage\":\"es\",\"@id\":\"https:\/\/www.billin.net\/blog\/#\/schema\/person\/image\/\",\"url\":\"https:\/\/www.billin.net\/blog\/wp-content\/uploads\/2023\/10\/marcos-color-150x150.png\",\"contentUrl\":\"https:\/\/www.billin.net\/blog\/wp-content\/uploads\/2023\/10\/marcos-color-150x150.png\",\"caption\":\"Marcos De La Cueva - CEO TeamSystem Facturas Billin\"},\"description\":\"Licenciado en ADE por la Universidad Aut\u00f3noma de Madrid, Marcos De la Cueva es CEO y cofundador de TeamSystem Facturas Billin, un programa online que lleva m\u00e1s de 9 a\u00f1os ayudando a aut\u00f3nomos, peque\u00f1os negocios y gestor\u00edas a digitalizar sus presupuestos, facturas, tickets y gastos. \u00a0 Sobre Marcos De La Cueva \u00a0 Apasionado por el mundo empresarial y la tecnolog\u00eda, curs\u00f3 su M\u00e1ster de Finanzas en la Universidad Pontificia de Comillas y estuvo en el Programa de Cooperaci\u00f3n Educativa de la Universidad Aut\u00f3noma de Madrid. \u00a0 Marcos siempre ha tenido su objetivo claro: ayudar a la creaci\u00f3n de negocios financieramente sostenibles a trav\u00e9s de una herramienta de facturaci\u00f3n que les permita ahorrar tiempo y tener la contabilidad bajo control. \u00a0 Marcos De La Cueva en los medios \u2014 Noticia sobre Kit Digital y Ley Antifraude (VeriFactu) en El Economista. \u2014 Noticia sobre Kit Digital y factura electr\u00f3nica obligatoria en Diario Jur\u00eddico. \u2014 Noticia sobre el a\u00f1o de transici\u00f3n para la factura electr\u00f3nica en Muy Pymes. \u2014 Entrevista sobre factura electr\u00f3nica obligatoria en Canal Sur. \u2014 Noticia sobre el informe factura electr\u00f3nica de TeamSystem en Channel Partner. \u2014 Charla sobre productividad y Ley Crea y Crece en El Economista. \u2014 Charla sobre factura electr\u00f3nica obligatoria en Muy Pymes. \u2014 Charla sobre digitalizaci\u00f3n aut\u00f3nomos y productividad en esdiario. \u2014 Charla sobre productividad y factura electr\u00f3nica en La Raz\u00f3n. \u2014 Charla sobre factura electr\u00f3nica obligatoria en Aut\u00f3nomos y Emprendedores. \u2014 Entrevista sobre Ley Antifraude y Ley Crea y Crece en Expansi\u00f3n. \u2014 Entrevista sobre Ley Antifraude y Ley Crea y Crece en La Raz\u00f3n. \u2014 Entrevista sobre factura electr\u00f3nica obligatoria en El Economista. \u2014 Comunicado Billin y TeamSystem en Business Insider. \u2014 Entrevista en Econom\u00eda Digital. \u2014 Entrevista en Ideas para tu empresa de Vodafone. \u2014 Entrevista en M\u00e1sQradio. \u2014 Entrevista en Armas para emprender de El M\u00e9todo Gallardo. \u2014 Entrevista en KFund. \u2014 Entrevista en AXA Seguros Espa\u00f1a. \u2014 Entrevista en GestionaRadio. \u00a0 Marcos De La Cueva en eventos \u00a0 \u2014 Participaci\u00f3n como ponente en Accountex Espa\u00f1a 2023. \u00a0 Tem\u00e1ticas de especializaci\u00f3n \u00a0 negocios | startups | contabilidad| fiscalidad | empresas| asesor\u00edas| autonomos | emprendedores | peque\u00f1os negocios | econom\u00eda | ADE | pymes | desarrollo de negocio\u00a0\",\"sameAs\":[\"https:\/\/www.billin.net\/\",\"https:\/\/www.linkedin.com\/in\/marcos-de-la-cueva-19750ba3\/\"],\"url\":\"https:\/\/www.billin.net\/blog\/author\/marcosdelacueva\/\",\"jobTitle\":\"CEO y cofundador de TS Facturas Billin\"}]}<\/script>\n<!-- \/ Yoast SEO plugin. -->","yoast_head_json":{"title":"C\u00f3mo presentar el Modelo 347 de Bizkaia- TeamSystem Facturas Billin","description":"Mostramos c\u00f3mo presentar una declaraci\u00f3n informativa anual de operaciones con terceros, es decir, el Modelo 347 de Bizkaia.","robots":{"index":"index","follow":"follow","max-snippet":"max-snippet:-1","max-image-preview":"max-image-preview:large","max-video-preview":"max-video-preview:-1"},"canonical":"https:\/\/www.billin.net\/blog\/modelo-347-bizkaia\/","og_locale":"es_ES","og_type":"article","og_title":"C\u00f3mo presentar el Modelo 347 de Bizkaia- TeamSystem Facturas Billin","og_description":"Mostramos c\u00f3mo presentar una declaraci\u00f3n informativa anual de operaciones con terceros, es decir, el Modelo 347 de Bizkaia.","og_url":"https:\/\/www.billin.net\/blog\/modelo-347-bizkaia\/","og_site_name":"Blog de TeamSystem Facturas Billin","article_publisher":"https:\/\/www.facebook.com\/EsBillin","article_published_time":"2022-06-23T07:26:16+00:00","article_modified_time":"2025-09-25T18:34:58+00:00","og_image":[{"width":1920,"height":1252,"url":"https:\/\/www.billin.net\/blog\/wp-content\/uploads\/2022\/06\/modelo-347-euskadi-324.jpg","type":"image\/jpeg"}],"author":"Marcos De La Cueva - CEO TeamSystem Facturas Billin","twitter_card":"summary_large_image","twitter_creator":"@Billin_ES","twitter_site":"@Billin_ES","twitter_misc":{"Escrito por":"Marcos De La Cueva - CEO TeamSystem Facturas Billin","Tiempo de lectura":"9 minutos"},"schema":{"@context":"https:\/\/schema.org","@graph":[{"@type":"Article","@id":"https:\/\/www.billin.net\/blog\/modelo-347-bizkaia\/#article","isPartOf":{"@id":"https:\/\/www.billin.net\/blog\/modelo-347-bizkaia\/"},"author":{"name":"Marcos De La Cueva - CEO TeamSystem Facturas Billin","@id":"https:\/\/www.billin.net\/blog\/#\/schema\/person\/d0339ee6e869234614541b1e80a793e7"},"headline":"El modelo 347 de Bizkaia","datePublished":"2022-06-23T07:26:16+00:00","dateModified":"2025-09-25T18:34:58+00:00","mainEntityOfPage":{"@id":"https:\/\/www.billin.net\/blog\/modelo-347-bizkaia\/"},"wordCount":1989,"commentCount":0,"publisher":{"@id":"https:\/\/www.billin.net\/blog\/#organization"},"image":{"@id":"https:\/\/www.billin.net\/blog\/modelo-347-bizkaia\/#primaryimage"},"thumbnailUrl":"https:\/\/www.billin.net\/blog\/wp-content\/uploads\/2022\/06\/modelo-347-euskadi-324.jpg","keywords":["Aut\u00f3nomos","Pymes"],"articleSection":["Contabilidad"],"inLanguage":"es","potentialAction":[{"@type":"CommentAction","name":"Comment","target":["https:\/\/www.billin.net\/blog\/modelo-347-bizkaia\/#respond"]}]},{"@type":"WebPage","@id":"https:\/\/www.billin.net\/blog\/modelo-347-bizkaia\/","url":"https:\/\/www.billin.net\/blog\/modelo-347-bizkaia\/","name":"C\u00f3mo presentar el Modelo 347 de Bizkaia- TeamSystem Facturas Billin","isPartOf":{"@id":"https:\/\/www.billin.net\/blog\/#website"},"primaryImageOfPage":{"@id":"https:\/\/www.billin.net\/blog\/modelo-347-bizkaia\/#primaryimage"},"image":{"@id":"https:\/\/www.billin.net\/blog\/modelo-347-bizkaia\/#primaryimage"},"thumbnailUrl":"https:\/\/www.billin.net\/blog\/wp-content\/uploads\/2022\/06\/modelo-347-euskadi-324.jpg","datePublished":"2022-06-23T07:26:16+00:00","dateModified":"2025-09-25T18:34:58+00:00","description":"Mostramos c\u00f3mo presentar una declaraci\u00f3n informativa anual de operaciones con terceros, es decir, el Modelo 347 de Bizkaia.","breadcrumb":{"@id":"https:\/\/www.billin.net\/blog\/modelo-347-bizkaia\/#breadcrumb"},"inLanguage":"es","potentialAction":[{"@type":"ReadAction","target":["https:\/\/www.billin.net\/blog\/modelo-347-bizkaia\/"]}]},{"@type":"ImageObject","inLanguage":"es","@id":"https:\/\/www.billin.net\/blog\/modelo-347-bizkaia\/#primaryimage","url":"https:\/\/www.billin.net\/blog\/wp-content\/uploads\/2022\/06\/modelo-347-euskadi-324.jpg","contentUrl":"https:\/\/www.billin.net\/blog\/wp-content\/uploads\/2022\/06\/modelo-347-euskadi-324.jpg","width":1920,"height":1252,"caption":"presentar modelo 347 bizkaia"},{"@type":"BreadcrumbList","@id":"https:\/\/www.billin.net\/blog\/modelo-347-bizkaia\/#breadcrumb","itemListElement":[{"@type":"ListItem","position":1,"name":"Blog","item":"https:\/\/www.billin.net\/blog\/"},{"@type":"ListItem","position":2,"name":"Contabilidad","item":"https:\/\/www.billin.net\/blog\/contabilidad\/"},{"@type":"ListItem","position":3,"name":"El modelo 347 de Bizkaia"}]},{"@type":"WebSite","@id":"https:\/\/www.billin.net\/blog\/#website","url":"https:\/\/www.billin.net\/blog\/","name":"Blog de Billin","description":"Mantente informado con el blog de TeamSystem Facturas Billin:  facturaci\u00f3n, legislaci\u00f3n, contabilidad, management y toda la informaci\u00f3n \u00fatil para pymes y aut\u00f3nomos.","publisher":{"@id":"https:\/\/www.billin.net\/blog\/#organization"},"potentialAction":[{"@type":"SearchAction","target":{"@type":"EntryPoint","urlTemplate":"https:\/\/www.billin.net\/blog\/?s={search_term_string}"},"query-input":{"@type":"PropertyValueSpecification","valueRequired":true,"valueName":"search_term_string"}}],"inLanguage":"es"},{"@type":"Organization","@id":"https:\/\/www.billin.net\/blog\/#organization","name":"Billin","alternateName":"Blog de Billin","url":"https:\/\/www.billin.net\/blog\/","logo":{"@type":"ImageObject","inLanguage":"es","@id":"https:\/\/www.billin.net\/blog\/#\/schema\/logo\/image\/","url":"https:\/\/www.billin.net\/blog\/wp-content\/uploads\/2019\/06\/logotipo-billin-blog-1.png","contentUrl":"https:\/\/www.billin.net\/blog\/wp-content\/uploads\/2019\/06\/logotipo-billin-blog-1.png","width":126,"height":50,"caption":"Billin"},"image":{"@id":"https:\/\/www.billin.net\/blog\/#\/schema\/logo\/image\/"},"sameAs":["https:\/\/www.facebook.com\/EsBillin","https:\/\/x.com\/Billin_ES","https:\/\/www.instagram.com\/billin_es\/","https:\/\/www.linkedin.com\/company\/billin-spain","https:\/\/www.youtube.com\/c\/BillinEsintercambiodefacturas\/"],"legalName":"MY EXPENSES SL","contactPoint":{"@type":"ContactPoint","telephone":"+34918318883","contactType":"customer service","email":"info@billin.eu","availableLanguage":"es"},"foundingDate":"2015","numberOfEmployees":{"@type":"QuantitativeValue","minValue":10,"maxValue":50},"parentOrganization":{"@type":"Organization","name":"TeamSystem","url":"https:\/\/www.teamsystem.com\/"},"description":"Billin es el programa de facturaci\u00f3n online de TeamSystem para aut\u00f3nomos y pymes en Espa\u00f1a. Permite crear facturas, controlar gastos y cumplir con Verifactu.","address":{"@type":"PostalAddress","streetAddress":"Calle Arturo Soria, 336","addressLocality":"Madrid","addressRegion":"Madrid","postalCode":"28033","addressCountry":"ES"}},{"@type":"Person","@id":"https:\/\/www.billin.net\/blog\/#\/schema\/person\/d0339ee6e869234614541b1e80a793e7","name":"Marcos De La Cueva - CEO TeamSystem Facturas Billin","image":{"@type":"ImageObject","inLanguage":"es","@id":"https:\/\/www.billin.net\/blog\/#\/schema\/person\/image\/","url":"https:\/\/www.billin.net\/blog\/wp-content\/uploads\/2023\/10\/marcos-color-150x150.png","contentUrl":"https:\/\/www.billin.net\/blog\/wp-content\/uploads\/2023\/10\/marcos-color-150x150.png","caption":"Marcos De La Cueva - CEO TeamSystem Facturas Billin"},"description":"Licenciado en ADE por la Universidad Aut\u00f3noma de Madrid, Marcos De la Cueva es CEO y cofundador de TeamSystem Facturas Billin, un programa online que lleva m\u00e1s de 9 a\u00f1os ayudando a aut\u00f3nomos, peque\u00f1os negocios y gestor\u00edas a digitalizar sus presupuestos, facturas, tickets y gastos. \u00a0 Sobre Marcos De La Cueva \u00a0 Apasionado por el mundo empresarial y la tecnolog\u00eda, curs\u00f3 su M\u00e1ster de Finanzas en la Universidad Pontificia de Comillas y estuvo en el Programa de Cooperaci\u00f3n Educativa de la Universidad Aut\u00f3noma de Madrid. \u00a0 Marcos siempre ha tenido su objetivo claro: ayudar a la creaci\u00f3n de negocios financieramente sostenibles a trav\u00e9s de una herramienta de facturaci\u00f3n que les permita ahorrar tiempo y tener la contabilidad bajo control. \u00a0 Marcos De La Cueva en los medios \u2014 Noticia sobre Kit Digital y Ley Antifraude (VeriFactu) en El Economista. \u2014 Noticia sobre Kit Digital y factura electr\u00f3nica obligatoria en Diario Jur\u00eddico. \u2014 Noticia sobre el a\u00f1o de transici\u00f3n para la factura electr\u00f3nica en Muy Pymes. \u2014 Entrevista sobre factura electr\u00f3nica obligatoria en Canal Sur. \u2014 Noticia sobre el informe factura electr\u00f3nica de TeamSystem en Channel Partner. \u2014 Charla sobre productividad y Ley Crea y Crece en El Economista. \u2014 Charla sobre factura electr\u00f3nica obligatoria en Muy Pymes. \u2014 Charla sobre digitalizaci\u00f3n aut\u00f3nomos y productividad en esdiario. \u2014 Charla sobre productividad y factura electr\u00f3nica en La Raz\u00f3n. \u2014 Charla sobre factura electr\u00f3nica obligatoria en Aut\u00f3nomos y Emprendedores. \u2014 Entrevista sobre Ley Antifraude y Ley Crea y Crece en Expansi\u00f3n. \u2014 Entrevista sobre Ley Antifraude y Ley Crea y Crece en La Raz\u00f3n. \u2014 Entrevista sobre factura electr\u00f3nica obligatoria en El Economista. \u2014 Comunicado Billin y TeamSystem en Business Insider. \u2014 Entrevista en Econom\u00eda Digital. \u2014 Entrevista en Ideas para tu empresa de Vodafone. \u2014 Entrevista en M\u00e1sQradio. \u2014 Entrevista en Armas para emprender de El M\u00e9todo Gallardo. \u2014 Entrevista en KFund. \u2014 Entrevista en AXA Seguros Espa\u00f1a. \u2014 Entrevista en GestionaRadio. \u00a0 Marcos De La Cueva en eventos \u00a0 \u2014 Participaci\u00f3n como ponente en Accountex Espa\u00f1a 2023. \u00a0 Tem\u00e1ticas de especializaci\u00f3n \u00a0 negocios | startups | contabilidad| fiscalidad | empresas| asesor\u00edas| autonomos | emprendedores | peque\u00f1os negocios | econom\u00eda | ADE | pymes | desarrollo de negocio\u00a0","sameAs":["https:\/\/www.billin.net\/","https:\/\/www.linkedin.com\/in\/marcos-de-la-cueva-19750ba3\/"],"url":"https:\/\/www.billin.net\/blog\/author\/marcosdelacueva\/","jobTitle":"CEO y cofundador de TS Facturas Billin"}]}},"_links":{"self":[{"href":"https:\/\/www.billin.net\/blog\/wp-json\/wp\/v2\/posts\/19452","targetHints":{"allow":["GET"]}}],"collection":[{"href":"https:\/\/www.billin.net\/blog\/wp-json\/wp\/v2\/posts"}],"about":[{"href":"https:\/\/www.billin.net\/blog\/wp-json\/wp\/v2\/types\/post"}],"author":[{"embeddable":true,"href":"https:\/\/www.billin.net\/blog\/wp-json\/wp\/v2\/users\/20"}],"replies":[{"embeddable":true,"href":"https:\/\/www.billin.net\/blog\/wp-json\/wp\/v2\/comments?post=19452"}],"version-history":[{"count":4,"href":"https:\/\/www.billin.net\/blog\/wp-json\/wp\/v2\/posts\/19452\/revisions"}],"predecessor-version":[{"id":26790,"href":"https:\/\/www.billin.net\/blog\/wp-json\/wp\/v2\/posts\/19452\/revisions\/26790"}],"wp:featuredmedia":[{"embeddable":true,"href":"https:\/\/www.billin.net\/blog\/wp-json\/wp\/v2\/media\/19456"}],"wp:attachment":[{"href":"https:\/\/www.billin.net\/blog\/wp-json\/wp\/v2\/media?parent=19452"}],"wp:term":[{"taxonomy":"category","embeddable":true,"href":"https:\/\/www.billin.net\/blog\/wp-json\/wp\/v2\/categories?post=19452"},{"taxonomy":"post_tag","embeddable":true,"href":"https:\/\/www.billin.net\/blog\/wp-json\/wp\/v2\/tags?post=19452"}],"curies":[{"name":"wp","href":"https:\/\/api.w.org\/{rel}","templated":true}]}}