{"id":19444,"date":"2022-06-22T10:23:54","date_gmt":"2022-06-22T08:23:54","guid":{"rendered":"https:\/\/www.billin.net\/blog\/?p=19444"},"modified":"2025-09-25T20:35:01","modified_gmt":"2025-09-25T18:35:01","slug":"modelo-349-bizkaia","status":"publish","type":"post","link":"https:\/\/www.billin.net\/blog\/modelo-349-bizkaia\/","title":{"rendered":"El modelo 349 de Bizkaia"},"content":{"rendered":"<p>Tanto si eres un aut\u00f3nomo como una empresa, puedes realizar las ventas o compras diarias fuera de Espa\u00f1a y de la UE, ya que el <strong>Modelo 349 de Bizkaia es el formulario para informar de estas operaciones.<\/strong><\/p>\n<p>Te contaremos en qu\u00e9 consiste este modelo y por qu\u00e9 se beneficiar\u00e1 del estatus de Operador Intracomunitario.<\/p>\n<p><!--more--><\/p>\n<h2>\u00bfQu\u00e9 es el Modelo 349 de Bizkaia?<\/h2>\n<p><strong>El modelo 349 de Bizkaia es una declaraci\u00f3n informativa sobre las actividades realizadas por empresas o profesionales que operan fuera de Espa\u00f1a pero dentro de la Uni\u00f3n Europea.<\/strong> Este formulario se conoce oficialmente como Declaraci\u00f3n Recapitulativa de Operaciones Intracomunitarias.<\/p>\n<p><strong>El suministro de bienes y servicios a particulares no es una operaci\u00f3n intracomunitaria.<\/strong> Tampoco lo son las transacciones fuera de la Uni\u00f3n Europea, ya que \u00e9stas se califican como exportaciones.<\/p>\n<p>Al tratarse de una notificaci\u00f3n informativa, no impone un impuesto a pagar, sino una obligaci\u00f3n de presentaci\u00f3n.<\/p>\n<h2>\u00bfQui\u00e9n est\u00e1 obligado a presentar el Modelo 349 en Bizkaia?<\/h2>\n<p>Las empresas o profesionales que realicen operaciones intracomunitarias est\u00e1n obligados a presentar el formulario. Para llevar a cabo estas actividades, debe <a href=\"https:\/\/www.billin.net\/blog\/alta-roi\/\" target=\"_blank\" rel=\"noopener\">inscribirse en el Registro de Operadores Intracomunitarios (ROI)<\/a>.<\/p>\n<h3>\u00bfC\u00f3mo inscribirse en el ROI?<\/h3>\n<p>Si a\u00fan no te has dado de alta en el ROI, puedes presentar el censo de actividad econ\u00f3mica <a href=\"https:\/\/www.billin.net\/blog\/modelo-036-bizkaia\/\" target=\"_blank\" rel=\"noopener\">rellenando el modelo 036 de Bizkaia<\/a> y present\u00e1ndolo en la Hacienda Foral de Bizkaia. <strong>Debes marcar con una \u00abX\u00bb la casilla 10<\/strong> en la que solicita el alta como operador intracomunitario..<\/p>\n<p>Si deseas comprobar si una empresa o profesional est\u00e1 incluido en el registro de operadores intracomunitarios, puedes realizar una b\u00fasqueda a trav\u00e9s del <a href=\"https:\/\/www.billin.net\/blog\/ivas-y-vat-en-europa\/\" target=\"_blank\" rel=\"noopener\">VIES<\/a>.<\/p>\n<h3>Operaciones que dan lugar a la obligaci\u00f3n de presentar el modelo<\/h3>\n<p>Suponiendo que est\u00e9s registrado como operador intracomunitario, las operaciones intracomunitarias que dan lugar a la obligaci\u00f3n de presentarel modelo son las siguientes:<\/p>\n<ul>\n<li>Compra de bienes a una empresa o profesional de otro pa\u00eds de la UE.<\/li>\n<li>Compra de servicios a una empresa o profesional de otro pa\u00eds de la UE.<\/li>\n<li>Venta de bienes a un empresario o profesional de otro Estado miembro de la UE.<\/li>\n<li>Prestaci\u00f3n de servicios a una empresa o profesional de otro pa\u00eds de la UE.<\/li>\n<\/ul>\n<h3>\u00bfQu\u00e9 pa\u00edses forman parte de la Uni\u00f3n Europea?<\/h3>\n<p>En la actualidad, la Uni\u00f3n Europea cuenta con <a href=\"https:\/\/european-union.europa.eu\/principles-countries-history\/country-profiles_es\" target=\"_blank\" rel=\"noopener\">27 Estados miembros<\/a><\/p>\n<h2><span id=\"Regla_de_Inversion_del_Sujeto_Pasivo_en_las_operaciones_intracomunitarias\">Regla de Inversi\u00f3n del Sujeto Pasivo en las operaciones intracomunitarias<\/span><\/h2>\n<p>Las operaciones intracomunitarias de empresas o aut\u00f3nomos espa\u00f1oles con otros Estados miembros est\u00e1n sujetas a la <a href=\"https:\/\/www.billin.net\/blog\/que-es-y-como-funciona-el-sujeto-pasivo\/\" target=\"_blank\" rel=\"noopener\">regla de inversi\u00f3n del sujeto pasivo<\/a> del art\u00edculo 79 del Reglamento del IVA.<\/p>\n<h3>\u00bfC\u00f3mo funciona la regla de inversi\u00f3n del sujeto pasivo?<\/h3>\n<p><strong>El sujeto pasivo suele ser el contratista o profesional que emite la factura<\/strong>, vende los bienes o presta los servicios.<\/p>\n<p>El sujeto pasivo es la persona que <strong><a href=\"https:\/\/www.billin.net\/blog\/iva-repercutido\/\" target=\"_blank\" rel=\"noopener\">repercute el IVA<\/a>, es decir, que recauda el impuesto y lo paga a Hacienda.<\/strong> Sin embargo, hay casos en los que el sujeto pasivo es el contratista o profesional que compra o adquiere el servicio.<\/p>\n<p>En el caso de las adquisiciones intracomunitarias, <strong>el sujeto pasivo es el comerciante o la persona que suministra los bienes o servicios en el curso de su actividad.<\/strong><\/p>\n<p><strong>Ejemplo 1<\/strong><\/p>\n<p>Una empresa de reformas de Gorliz compra muebles a Max, un carpintero alem\u00e1n. Tanto la empresa como el contratista Max est\u00e1n inscritos en el ROI y tienen un n\u00famero de IVA que lo indica. Max <a href=\"https:\/\/ec.europa.eu\/taxation_customs\/vies\/?locale=es\" target=\"_blank\" rel=\"noopener\">comprueba a trav\u00e9s de VIES<\/a> que la empresa de reformas es un operador intracomunitario y emite la <a href=\"https:\/\/www.billin.net\/blog\/modelo-factura-intracomunitaria\/\" target=\"_blank\" rel=\"noopener\">factura intracomunitaria sin IVA<\/a>.<\/p>\n<p><strong>Ejemplo 2<\/strong><\/p>\n<p><strong>No procede la Inversi\u00f3n del sujeto pasivo\u00a0si el servicio se encuentra en Espa\u00f1a<\/strong>, aunque se preste a una empresa de otro Estado miembro de la UE, porque el servicio se encuentra en el lugar de destino.<\/p>\n<p>La empresa bilba\u00edna \u00abAMILIBIA SL\u00bb presta servicios a la empresa francesa \u00abTOLON-TOLON\u00bb en una de sus oficinas de Durango. El servicio se encuentra en Durango a pesar de que la empresa que atiende \u00abAMILIBIA SL\u00bb es francesa. <strong>La factura se factura con IVA y no se incluye en el 349 por no ser una operaci\u00f3n intracomunitaria.\u00a0<\/strong><\/p>\n<h2>\u00bfC\u00f3mo facturar las operaciones intracomunitarias?<\/h2>\n<p>A continuaci\u00f3n se indican los pasos que deben seguir el emisor y el receptor de la factura.<\/p>\n<ul>\n<li>La facturaci\u00f3n es responsabilidad del emisor de la operaci\u00f3n. <strong>La factura se emite sin IVA<\/strong>, por lo que la base imponible es igual al importe total de la factura.<\/li>\n<li>La persona que recibe la factura sin IVA es el destinatario de la operaci\u00f3n. El comprador de la transacci\u00f3n <strong>suele ser el sujeto pasivo<\/strong> y debe deducir y remitir \u00e9l mismo el IVA. No tiene que emitir una \u00ab<a href=\"https:\/\/www.billin.net\/blog\/autofactura\/\" target=\"_blank\" rel=\"noopener\">autofactura<\/a>\u00ab.<\/li>\n<\/ul>\n<h2>Plazo de presentaci\u00f3n del Modelo 349 en Bizkaia<\/h2>\n<p>El plazo de presentaci\u00f3n del modelo 349<strong> comienza el 1 del mes siguiente al periodo contable de la declaraci\u00f3n de ingresos y pagos y normalmente termina el 25 del mes siguiente al periodo contable de las operaciones.<\/strong><\/p>\n<p>La declaraci\u00f3n de impuestos <strong>puede presentarse mensual o trimestralmente<\/strong>, en funci\u00f3n del volumen de bienes o servicios suministrados.<\/p>\n<h3>Declaraci\u00f3n trimestral<\/h3>\n<p>La declaraci\u00f3n se har\u00e1 trimestralmente si el importe de las operaciones intracomunitarias no supera los 50.000 euros. El plazo de presentaci\u00f3n de cada declaraci\u00f3n trimestral ser\u00e1 del 1 al 25 del mes siguiente al final del trimestre.<\/p>\n<h3>Declaraci\u00f3n mensual<\/h3>\n<p>Si el importe de las transacciones <strong>es igual o superior a 50 000 euros, el informe se realiza mensualmente.<\/strong> El plazo de notificaci\u00f3n es de los primeros 25 d\u00edas del mes siguiente al mes en el que se realiza la operaci\u00f3n intracomunitaria.<\/p>\n<p>Hay una serie de excepciones:<\/p>\n<ol>\n<li>La devoluci\u00f3n del mes de julio, que se extiende a los primeros 25 d\u00edas de septiembre.<\/li>\n<li>La declaraci\u00f3n de operaciones de diciembre debe presentarse a lo largo de enero.<\/li>\n<\/ol>\n<p><strong>Ejemplo<\/strong><\/p>\n<p>En enero, la empresa \u00abBEASKOA\u00bb adquiri\u00f3 bienes por valor de 20 800 euros a varias empresas francesas. Ese mismo mes, la empresa vende maquinaria por valor de 42 000 euros a una profesional en Noruega, Ingrid. La empresa tiene m\u00e1s de 50.000 euros en operaciones intracomunitarias y debe presentar una declaraci\u00f3n mensual.<\/p>\n<p>La empresa tiene que presentar el formulario 349 en la Agencia Tributaria de Bizkaia entre el 1 y el 25 de febrero.<\/p>\n<h2>C\u00f3mo rellenar el Modelo 349 de Bizkaia<\/h2>\n<p>Para presentar el modelo 349, debes rellenar los campos e introducir los c\u00f3digos correctos. A continuaci\u00f3n encontrar\u00e1s las instrucciones para rellenar el formulario 349 de Bizkaia correctamente:<\/p>\n<p>Paso 1. Rellene la primera p\u00e1gina del formulario: \u00abResumen de las operaciones intracomunitarias\u00bb. \u00bfQu\u00e9 debe indicarse en cada uno de los campos?<\/p>\n<ul>\n<li>A\u00f1o fiscal: es el a\u00f1o natural en el que se realizaron las operaciones.<\/li>\n<li>Periodo: se refiere al tiempo\/periodo durante el cual se realiza la operaci\u00f3n.\n<ul>\n<li>Si la declaraci\u00f3n es trimestral; el n\u00famero del trimestre a declarar. Por ejemplo, para el primer trimestre, \u00ab1T\u00bb.<\/li>\n<li>Si la declaraci\u00f3n es mensual: el n\u00famero del mes a declarar. Por ejemplo, febrero, \u00ab2M\u00bb.<\/li>\n<\/ul>\n<\/li>\n<li>NIF del declarante: n\u00famero de identificaci\u00f3n fiscal del declarante del formulario. La estructura del NIF del comerciante intracomunitario es la siguiente: ESx0000000.<\/li>\n<li>Resumen de la declaraci\u00f3n. En esta secci\u00f3n hay que rellenar varios campos:\n<ul>\n<li>Casilla 01: n\u00famero total de comerciantes intracomunitarios. Estos ser\u00e1n los sujetos pasivos que se informar\u00e1n en la p\u00e1gina interior del documento <em>\u201cRelaci\u00f3n de operaciones intracomunitarias\u201d<\/em>.<\/li>\n<li>Casilla 02: Importe total de las operaciones intracomunitarias realizadas durante el per\u00edodo de referencia.<\/li>\n<li>Casilla 03: N\u00famero ajustado de operadores intracomunitarios.<\/li>\n<li>Casilla 04: N\u00famero total de correcciones realizadas.<\/li>\n<\/ul>\n<\/li>\n<\/ul>\n<p>En los casos en los que la presentaci\u00f3n es colectiva, es decir, cuando hay varias empresas en la empresa, debe completarse la secci\u00f3n de presentaci\u00f3n colectiva.<\/p>\n<p>Esta presentaci\u00f3n incluir\u00e1 tantos res\u00famenes como contribuyentes operen, es decir, tantas solicitudes como empresas contenga la matriz.<\/p>\n<p>Esta secci\u00f3n consta de varios campos:<\/p>\n<ul>\n<li>Casilla 05: N\u00famero de declarantes incluidos en la declaraci\u00f3n colectiva.<\/li>\n<li>Casilla 06: N\u00famero de personas y entidades relacionadas incluidas en el soporte colectivo.<\/li>\n<li>Tipo de presentaci\u00f3n: marque la(s) casilla(s) indicando el tipo de presentaci\u00f3n: formulario o presentaci\u00f3n, individual o conjunta, solicitante o declarante. Por ejemplo, si la declaraci\u00f3n se presenta por v\u00eda electr\u00f3nica, debe marcarse el campo de apoyo.<\/li>\n<\/ul>\n<p>Paso 2. Indicar qui\u00e9n efect\u00faa las operaciones y para qu\u00e9 periodo.<\/p>\n<ul>\n<li>A\u00f1o fiscal: a\u00f1o natural en el que se realizaron las operaciones.<\/li>\n<li>Per\u00edodo: indica cu\u00e1ndo se realizan las transacciones.<\/li>\n<li>NIF del declarante: n\u00famero de registro fiscal de la persona que presenta el formulario.<\/li>\n<li>Nombre del declarante o nombre de la empresa del declarante. Indica el nombre del aut\u00f3nomo o el nombre de la empresa que presenta el modelo.<\/li>\n<\/ul>\n<p>Paso 3. Declarar las operaciones intracomunitarias.<\/p>\n<ul>\n<li>El c\u00f3digo de pa\u00eds es el correspondiente a cada Estado miembro de la Uni\u00f3n Europea. Recuerde que no todos los pa\u00edses europeos forman parte de la Uni\u00f3n Europea. Por ejemplo, si vendemos a un comerciante alem\u00e1n, tendremos que introducir \u00abDE\u00bb en el campo del c\u00f3digo de pa\u00eds.<\/li>\n<\/ul>\n<p>Mostramos un cuadro resumen con el c\u00f3digo de pa\u00eds de cada uno de los 27 Estados miembros que componen actualmente la Uni\u00f3n Europea.<\/p>\n<table class=\"mtr-table mtr-tr-td\">\n<tbody>\n<tr>\n<td data-mtr-content=\"Pa\u00eds\" class=\"mtr-td-tag\"><div class=\"mtr-cell-content\">Pa\u00eds<\/div><\/td>\n<td data-mtr-content=\"C\u00f3digo pa\u00eds\" class=\"mtr-td-tag\"><div class=\"mtr-cell-content\">C\u00f3digo pa\u00eds<\/div><\/td>\n<td data-mtr-content=\"NIF Comunitario\" class=\"mtr-td-tag\"><div class=\"mtr-cell-content\">NIF Comunitario<\/div><\/td>\n<\/tr>\n<tr>\n<td data-mtr-content=\"Pa\u00eds\" class=\"mtr-td-tag\"><div class=\"mtr-cell-content\">Espa\u00f1a<\/div><\/td>\n<td data-mtr-content=\"C\u00f3digo pa\u00eds\" class=\"mtr-td-tag\"><div class=\"mtr-cell-content\">ES<\/div><\/td>\n<td data-mtr-content=\"NIF Comunitario\" class=\"mtr-td-tag\"><div class=\"mtr-cell-content\">NIF actual<\/div><\/td>\n<\/tr>\n<tr>\n<td data-mtr-content=\"Pa\u00eds\" class=\"mtr-td-tag\"><div class=\"mtr-cell-content\">Alemania<\/div><\/td>\n<td data-mtr-content=\"C\u00f3digo pa\u00eds\" class=\"mtr-td-tag\"><div class=\"mtr-cell-content\">DE<\/div><\/td>\n<td data-mtr-content=\"NIF Comunitario\" class=\"mtr-td-tag\"><div class=\"mtr-cell-content\">9 caracteres num\u00e9ricos<\/div><\/td>\n<\/tr>\n<tr>\n<td data-mtr-content=\"Pa\u00eds\" class=\"mtr-td-tag\"><div class=\"mtr-cell-content\">Austria<\/div><\/td>\n<td data-mtr-content=\"C\u00f3digo pa\u00eds\" class=\"mtr-td-tag\"><div class=\"mtr-cell-content\">AT<\/div><\/td>\n<td data-mtr-content=\"NIF Comunitario\" class=\"mtr-td-tag\"><div class=\"mtr-cell-content\">9\u00a0 caracteres alfanum\u00e9ricos<\/div><\/td>\n<\/tr>\n<tr>\n<td data-mtr-content=\"Pa\u00eds\" class=\"mtr-td-tag\"><div class=\"mtr-cell-content\">B\u00e9lgica<\/div><\/td>\n<td data-mtr-content=\"C\u00f3digo pa\u00eds\" class=\"mtr-td-tag\"><div class=\"mtr-cell-content\">BE<\/div><\/td>\n<td data-mtr-content=\"NIF Comunitario\" class=\"mtr-td-tag\"><div class=\"mtr-cell-content\">10 caracteres num\u00e9ricos<\/div><\/td>\n<\/tr>\n<tr>\n<td data-mtr-content=\"Pa\u00eds\" class=\"mtr-td-tag\"><div class=\"mtr-cell-content\">Bulgaria<\/div><\/td>\n<td data-mtr-content=\"C\u00f3digo pa\u00eds\" class=\"mtr-td-tag\"><div class=\"mtr-cell-content\">BG<\/div><\/td>\n<td data-mtr-content=\"NIF Comunitario\" class=\"mtr-td-tag\"><div class=\"mtr-cell-content\">9 \u00f3 10\u00a0 caracteres alfanum\u00e9ricos<\/div><\/td>\n<\/tr>\n<tr>\n<td data-mtr-content=\"Pa\u00eds\" class=\"mtr-td-tag\"><div class=\"mtr-cell-content\">Chipre<\/div><\/td>\n<td data-mtr-content=\"C\u00f3digo pa\u00eds\" class=\"mtr-td-tag\"><div class=\"mtr-cell-content\">CY<\/div><\/td>\n<td data-mtr-content=\"NIF Comunitario\" class=\"mtr-td-tag\"><div class=\"mtr-cell-content\">9\u00a0 caracteres alfanum\u00e9ricos<\/div><\/td>\n<\/tr>\n<tr>\n<td data-mtr-content=\"Pa\u00eds\" class=\"mtr-td-tag\"><div class=\"mtr-cell-content\">Croacia<\/div><\/td>\n<td data-mtr-content=\"C\u00f3digo pa\u00eds\" class=\"mtr-td-tag\"><div class=\"mtr-cell-content\">HR<\/div><\/td>\n<td data-mtr-content=\"NIF Comunitario\" class=\"mtr-td-tag\"><div class=\"mtr-cell-content\">11 caracteres num\u00e9ricos<\/div><\/td>\n<\/tr>\n<tr>\n<td data-mtr-content=\"Pa\u00eds\" class=\"mtr-td-tag\"><div class=\"mtr-cell-content\">Dinamarca<\/div><\/td>\n<td data-mtr-content=\"C\u00f3digo pa\u00eds\" class=\"mtr-td-tag\"><div class=\"mtr-cell-content\">DK<\/div><\/td>\n<td data-mtr-content=\"NIF Comunitario\" class=\"mtr-td-tag\"><div class=\"mtr-cell-content\">8 caracteres num\u00e9ricos<\/div><\/td>\n<\/tr>\n<tr>\n<td data-mtr-content=\"Pa\u00eds\" class=\"mtr-td-tag\"><div class=\"mtr-cell-content\">Eslovenia<\/div><\/td>\n<td data-mtr-content=\"C\u00f3digo pa\u00eds\" class=\"mtr-td-tag\"><div class=\"mtr-cell-content\">SI<\/div><\/td>\n<td data-mtr-content=\"NIF Comunitario\" class=\"mtr-td-tag\"><div class=\"mtr-cell-content\">8 caracteres num\u00e9ricos<\/div><\/td>\n<\/tr>\n<tr>\n<td data-mtr-content=\"Pa\u00eds\" class=\"mtr-td-tag\"><div class=\"mtr-cell-content\">Estonia<\/div><\/td>\n<td data-mtr-content=\"C\u00f3digo pa\u00eds\" class=\"mtr-td-tag\"><div class=\"mtr-cell-content\">EE<\/div><\/td>\n<td data-mtr-content=\"NIF Comunitario\" class=\"mtr-td-tag\"><div class=\"mtr-cell-content\">9 caracteres num\u00e9ricos<\/div><\/td>\n<\/tr>\n<tr>\n<td data-mtr-content=\"Pa\u00eds\" class=\"mtr-td-tag\"><div class=\"mtr-cell-content\">Finlandia<\/div><\/td>\n<td data-mtr-content=\"C\u00f3digo pa\u00eds\" class=\"mtr-td-tag\"><div class=\"mtr-cell-content\">FI<\/div><\/td>\n<td data-mtr-content=\"NIF Comunitario\" class=\"mtr-td-tag\"><div class=\"mtr-cell-content\">8 caracteres num\u00e9ricos<\/div><\/td>\n<\/tr>\n<tr>\n<td data-mtr-content=\"Pa\u00eds\" class=\"mtr-td-tag\"><div class=\"mtr-cell-content\">Francia<\/div><\/td>\n<td data-mtr-content=\"C\u00f3digo pa\u00eds\" class=\"mtr-td-tag\"><div class=\"mtr-cell-content\">FR<\/div><\/td>\n<td data-mtr-content=\"NIF Comunitario\" class=\"mtr-td-tag\"><div class=\"mtr-cell-content\">11\u00a0 caracteres alfanum\u00e9ricos<\/div><\/td>\n<\/tr>\n<tr>\n<td data-mtr-content=\"Pa\u00eds\" class=\"mtr-td-tag\"><div class=\"mtr-cell-content\">Grecia<\/div><\/td>\n<td data-mtr-content=\"C\u00f3digo pa\u00eds\" class=\"mtr-td-tag\"><div class=\"mtr-cell-content\">EL<\/div><\/td>\n<td data-mtr-content=\"NIF Comunitario\" class=\"mtr-td-tag\"><div class=\"mtr-cell-content\">9 caracteres num\u00e9ricos<\/div><\/td>\n<\/tr>\n<tr>\n<td data-mtr-content=\"Pa\u00eds\" class=\"mtr-td-tag\"><div class=\"mtr-cell-content\">Irlanda del Norte<\/div><\/td>\n<td data-mtr-content=\"C\u00f3digo pa\u00eds\" class=\"mtr-td-tag\"><div class=\"mtr-cell-content\">XI<\/div><\/td>\n<td data-mtr-content=\"NIF Comunitario\" class=\"mtr-td-tag\"><div class=\"mtr-cell-content\">5, 9 \u00f3 12\u00a0 caracteres alfanum\u00e9ricos<\/div><\/td>\n<\/tr>\n<tr>\n<td data-mtr-content=\"Pa\u00eds\" class=\"mtr-td-tag\"><div class=\"mtr-cell-content\">Pa\u00edses Bajos<\/div><\/td>\n<td data-mtr-content=\"C\u00f3digo pa\u00eds\" class=\"mtr-td-tag\"><div class=\"mtr-cell-content\">NL<\/div><\/td>\n<td data-mtr-content=\"NIF Comunitario\" class=\"mtr-td-tag\"><div class=\"mtr-cell-content\">12\u00a0 caracteres alfanum\u00e9ricos<\/div><\/td>\n<\/tr>\n<tr>\n<td data-mtr-content=\"Pa\u00eds\" class=\"mtr-td-tag\"><div class=\"mtr-cell-content\">Hungr\u00eda<\/div><\/td>\n<td data-mtr-content=\"C\u00f3digo pa\u00eds\" class=\"mtr-td-tag\"><div class=\"mtr-cell-content\">HU<\/div><\/td>\n<td data-mtr-content=\"NIF Comunitario\" class=\"mtr-td-tag\"><div class=\"mtr-cell-content\">8 caracteres num\u00e9ricos<\/div><\/td>\n<\/tr>\n<tr>\n<td data-mtr-content=\"Pa\u00eds\" class=\"mtr-td-tag\"><div class=\"mtr-cell-content\">Italia<\/div><\/td>\n<td data-mtr-content=\"C\u00f3digo pa\u00eds\" class=\"mtr-td-tag\"><div class=\"mtr-cell-content\">IT<\/div><\/td>\n<td data-mtr-content=\"NIF Comunitario\" class=\"mtr-td-tag\"><div class=\"mtr-cell-content\">11 caracteres num\u00e9ricos<\/div><\/td>\n<\/tr>\n<tr>\n<td data-mtr-content=\"Pa\u00eds\" class=\"mtr-td-tag\"><div class=\"mtr-cell-content\">Irlanda<\/div><\/td>\n<td data-mtr-content=\"C\u00f3digo pa\u00eds\" class=\"mtr-td-tag\"><div class=\"mtr-cell-content\">IE<\/div><\/td>\n<td data-mtr-content=\"NIF Comunitario\" class=\"mtr-td-tag\"><div class=\"mtr-cell-content\">8 caracteres alfanum\u00e9ricos<\/div><\/td>\n<\/tr>\n<tr>\n<td data-mtr-content=\"Pa\u00eds\" class=\"mtr-td-tag\"><div class=\"mtr-cell-content\">Letonia<\/div><\/td>\n<td data-mtr-content=\"C\u00f3digo pa\u00eds\" class=\"mtr-td-tag\"><div class=\"mtr-cell-content\">LV<\/div><\/td>\n<td data-mtr-content=\"NIF Comunitario\" class=\"mtr-td-tag\"><div class=\"mtr-cell-content\">11 caracteres num\u00e9ricos<\/div><\/td>\n<\/tr>\n<tr>\n<td data-mtr-content=\"Pa\u00eds\" class=\"mtr-td-tag\"><div class=\"mtr-cell-content\">Lituania<\/div><\/td>\n<td data-mtr-content=\"C\u00f3digo pa\u00eds\" class=\"mtr-td-tag\"><div class=\"mtr-cell-content\">LT<\/div><\/td>\n<td data-mtr-content=\"NIF Comunitario\" class=\"mtr-td-tag\"><div class=\"mtr-cell-content\">9 \u00f3 12 caracteres num\u00e9ricos<\/div><\/td>\n<\/tr>\n<tr>\n<td data-mtr-content=\"Pa\u00eds\" class=\"mtr-td-tag\"><div class=\"mtr-cell-content\">Luxemburgo<\/div><\/td>\n<td data-mtr-content=\"C\u00f3digo pa\u00eds\" class=\"mtr-td-tag\"><div class=\"mtr-cell-content\">LU<\/div><\/td>\n<td data-mtr-content=\"NIF Comunitario\" class=\"mtr-td-tag\"><div class=\"mtr-cell-content\">8 caracteres num\u00e9ricos<\/div><\/td>\n<\/tr>\n<tr>\n<td data-mtr-content=\"Pa\u00eds\" class=\"mtr-td-tag\"><div class=\"mtr-cell-content\">Malta<\/div><\/td>\n<td data-mtr-content=\"C\u00f3digo pa\u00eds\" class=\"mtr-td-tag\"><div class=\"mtr-cell-content\">MT<\/div><\/td>\n<td data-mtr-content=\"NIF Comunitario\" class=\"mtr-td-tag\"><div class=\"mtr-cell-content\">8 caracteres num\u00e9ricos<\/div><\/td>\n<\/tr>\n<tr>\n<td data-mtr-content=\"Pa\u00eds\" class=\"mtr-td-tag\"><div class=\"mtr-cell-content\">Polonia<\/div><\/td>\n<td data-mtr-content=\"C\u00f3digo pa\u00eds\" class=\"mtr-td-tag\"><div class=\"mtr-cell-content\">PL<\/div><\/td>\n<td data-mtr-content=\"NIF Comunitario\" class=\"mtr-td-tag\"><div class=\"mtr-cell-content\">10 caracteres num\u00e9ricos<\/div><\/td>\n<\/tr>\n<tr>\n<td data-mtr-content=\"Pa\u00eds\" class=\"mtr-td-tag\"><div class=\"mtr-cell-content\">Portugal<\/div><\/td>\n<td data-mtr-content=\"C\u00f3digo pa\u00eds\" class=\"mtr-td-tag\"><div class=\"mtr-cell-content\">PT<\/div><\/td>\n<td data-mtr-content=\"NIF Comunitario\" class=\"mtr-td-tag\"><div class=\"mtr-cell-content\">9 caracteres num\u00e9ricos<\/div><\/td>\n<\/tr>\n<tr>\n<td data-mtr-content=\"Pa\u00eds\" class=\"mtr-td-tag\"><div class=\"mtr-cell-content\">Rep\u00fablica Checa<\/div><\/td>\n<td data-mtr-content=\"C\u00f3digo pa\u00eds\" class=\"mtr-td-tag\"><div class=\"mtr-cell-content\">CZ<\/div><\/td>\n<td data-mtr-content=\"NIF Comunitario\" class=\"mtr-td-tag\"><div class=\"mtr-cell-content\">8, 9 \u00f3 10 caracteres num\u00e9ricos<\/div><\/td>\n<\/tr>\n<tr>\n<td data-mtr-content=\"Pa\u00eds\" class=\"mtr-td-tag\"><div class=\"mtr-cell-content\">Rumania<\/div><\/td>\n<td data-mtr-content=\"C\u00f3digo pa\u00eds\" class=\"mtr-td-tag\"><div class=\"mtr-cell-content\">RO<\/div><\/td>\n<td data-mtr-content=\"NIF Comunitario\" class=\"mtr-td-tag\"><div class=\"mtr-cell-content\">2 a 10 caracteres num\u00e9ricos<\/div><\/td>\n<\/tr>\n<tr>\n<td data-mtr-content=\"Pa\u00eds\" class=\"mtr-td-tag\"><div class=\"mtr-cell-content\">Rep\u00fablica Eslovaca<\/div><\/td>\n<td data-mtr-content=\"C\u00f3digo pa\u00eds\" class=\"mtr-td-tag\"><div class=\"mtr-cell-content\">SK<\/div><\/td>\n<td data-mtr-content=\"NIF Comunitario\" class=\"mtr-td-tag\"><div class=\"mtr-cell-content\">9 \u00f3 10 caracteres num\u00e9ricos<\/div><\/td>\n<\/tr>\n<tr>\n<td data-mtr-content=\"Pa\u00eds\" class=\"mtr-td-tag\"><div class=\"mtr-cell-content\">Suecia<\/div><\/td>\n<td data-mtr-content=\"C\u00f3digo pa\u00eds\" class=\"mtr-td-tag\"><div class=\"mtr-cell-content\">SE<\/div><\/td>\n<td data-mtr-content=\"NIF Comunitario\" class=\"mtr-td-tag\"><div class=\"mtr-cell-content\">12 caracteres num\u00e9ricos<\/div><\/td>\n<\/tr>\n<\/tbody>\n<\/table>\n<ul>\n<li>NIF comunitario: el n\u00famero de registro de IVA de la empresa o el comerciante con el que intercambiamos bienes y servicios.<\/li>\n<li>Apellidos y nombre o raz\u00f3n social. El nombre del profesional o de la empresa a la que vendemos o a la que vendemos bienes o servicios.<\/li>\n<li>Clave: tipo de actividad. Mostramos las posibilidades m\u00e1s comunes:\n<ul>\n<li>Indica con una \u201cA\u201d las ventas de bienes.<\/li>\n<li>Indica con una \u201cE\u201d las compras de bienes.<\/li>\n<li>Indica con una \u201cS\u201d la prestaci\u00f3n de servicios.<\/li>\n<li>Indica con una \u201cI\u201d la adquisici\u00f3n de servicios.<\/li>\n<\/ul>\n<\/li>\n<li>Base imponible: el importe de la operaci\u00f3n sin IVA, que coincide con el importe total de la factura porque nuestra empresa o especialista la emite sin IVA desde el pa\u00eds de origen.<\/li>\n<\/ul>\n<p>Recuerda que las operaciones declaradas en el modelo 349 deben coincidir con las operaciones intracomunitarias declaradas en el modelo 303 y con las declaradas en el resumen anual del IVA presentado en el modelo 390.<\/p>\n<h2>Correcciones para per\u00edodos anteriores<\/h2>\n<p>Es f\u00e1cil ajustar las operaciones intracomunitarias declaradas anteriormente en el modelo 349.<\/p>\n<p>Una de las hojas del formulario se titula \u00abRectificaciones de periodos anteriores\u00bb. Es necesario rellenar los datos anteriores, as\u00ed como el campo \u00abbase imponible ajustada\u00bb y el campo \u00abbase imponible declarada anteriormente\u00bb.<\/p>\n<p>El campo \u00abbase imponible ajustada\u00bb indica el nuevo importe de la factura y el campo \u00abbase imponible declarada anteriormente\u00bb indica el importe original de la factura.<\/p>\n<h2>C\u00f3mo presentarlo en la\u00a0Hacienda Foral de Bizkaia<\/h2>\n<p>Si eres una empresa o un profesional radicado en Bizkaia, una vez cumplimentado el formulario, deber\u00e1s enviarlo a la Hacienda de Bizkaia <strong>en papel o en formato electr\u00f3nico.<\/strong><\/p>\n<p>La presentaci\u00f3n telem\u00e1tica s\u00f3lo es necesaria si el formulario cumplimentado contiene quince o m\u00e1s transacciones registradas. En el resto de los casos, bien v\u00eda telem\u00e1tica <strong>mediante BizkaiBai o, bien relleno mediante un soporte en papel, legible y de forma presencial.<\/strong><\/p>\n<p>Como puedes ver, la<strong> declaraci\u00f3n de las operaciones intracomunitarias con el Modelo 349 de Bizkaia es una tarea sencilla.<\/strong> Esta gu\u00eda pretende ayudarle en el proceso, pero si sigue teniendo dudas, puedes escribir en los comentarios lo que necesites. Te ayudaremos sin compromiso.<\/p>\n","protected":false},"excerpt":{"rendered":"<p>Tanto si eres un aut\u00f3nomo como una empresa, puedes realizar las ventas o compras diarias fuera de Espa\u00f1a y de la UE, ya que el Modelo 349 de Bizkaia es el formulario para informar de estas operaciones. Te contaremos en qu\u00e9 consiste este modelo y por qu\u00e9 se beneficiar\u00e1 del estatus de Operador Intracomunitario.<\/p>\n","protected":false},"author":20,"featured_media":19446,"comment_status":"open","ping_status":"open","sticky":false,"template":"","format":"standard","meta":{"_acf_changed":false,"_et_pb_use_builder":"","_et_pb_old_content":"","_et_gb_content_width":"","om_disable_all_campaigns":false,"inline_featured_image":false,"footnotes":""},"categories":[1020],"tags":[1380,1381],"class_list":{"0":"post-19444","1":"post","2":"type-post","3":"status-publish","4":"format-standard","5":"has-post-thumbnail","7":"category-contabilidad","8":"tag-autonomos","9":"tag-pymes"},"acf":{"selector_de_usuario":null,"fecha_de_revision":null},"yoast_head":"<!-- This site is optimized with the Yoast SEO plugin v27.1 - https:\/\/yoast.com\/product\/yoast-seo-wordpress\/ -->\n<title>Qu\u00e9 es y c\u00f3mo presentar el Modelo 349 de Bizkaia - TeamSystem Facturas Billin<\/title>\n<meta name=\"description\" content=\"Tanto si eres un aut\u00f3nomo como una empresa, el Modelo 349 de Bizkaia es el formulario para informar de las operaciones intracomunitarias.\" \/>\n<meta name=\"robots\" content=\"index, follow, max-snippet:-1, max-image-preview:large, max-video-preview:-1\" \/>\n<link rel=\"canonical\" href=\"https:\/\/www.billin.net\/blog\/modelo-349-bizkaia\/\" \/>\n<meta property=\"og:locale\" content=\"es_ES\" \/>\n<meta property=\"og:type\" content=\"article\" \/>\n<meta property=\"og:title\" content=\"Qu\u00e9 es y c\u00f3mo presentar el Modelo 349 de Bizkaia - TeamSystem Facturas Billin\" \/>\n<meta property=\"og:description\" content=\"Tanto si eres un aut\u00f3nomo como una empresa, el Modelo 349 de Bizkaia es el formulario para informar de las operaciones intracomunitarias.\" \/>\n<meta property=\"og:url\" content=\"https:\/\/www.billin.net\/blog\/modelo-349-bizkaia\/\" \/>\n<meta property=\"og:site_name\" content=\"Blog de TeamSystem Facturas Billin\" \/>\n<meta property=\"article:publisher\" content=\"https:\/\/www.facebook.com\/EsBillin\" \/>\n<meta property=\"article:published_time\" content=\"2022-06-22T08:23:54+00:00\" \/>\n<meta property=\"article:modified_time\" content=\"2025-09-25T18:35:01+00:00\" \/>\n<meta property=\"og:image\" content=\"https:\/\/www.billin.net\/blog\/wp-content\/uploads\/2022\/06\/modelo-349-bizkaia-3.jpg\" \/>\n\t<meta property=\"og:image:width\" content=\"1920\" \/>\n\t<meta property=\"og:image:height\" content=\"1280\" \/>\n\t<meta property=\"og:image:type\" content=\"image\/jpeg\" \/>\n<meta name=\"author\" content=\"Marcos De La Cueva - CEO TeamSystem Facturas Billin\" \/>\n<meta name=\"twitter:card\" content=\"summary_large_image\" \/>\n<meta name=\"twitter:creator\" content=\"@Billin_ES\" \/>\n<meta name=\"twitter:site\" content=\"@Billin_ES\" \/>\n<meta name=\"twitter:label1\" content=\"Escrito por\" \/>\n\t<meta name=\"twitter:data1\" content=\"Marcos De La Cueva - CEO TeamSystem Facturas Billin\" \/>\n\t<meta name=\"twitter:label2\" content=\"Tiempo de lectura\" \/>\n\t<meta name=\"twitter:data2\" content=\"10 minutos\" \/>\n<script type=\"application\/ld+json\" class=\"yoast-schema-graph\">{\"@context\":\"https:\/\/schema.org\",\"@graph\":[{\"@type\":\"Article\",\"@id\":\"https:\/\/www.billin.net\/blog\/modelo-349-bizkaia\/#article\",\"isPartOf\":{\"@id\":\"https:\/\/www.billin.net\/blog\/modelo-349-bizkaia\/\"},\"author\":{\"name\":\"Marcos De La Cueva - CEO TeamSystem Facturas Billin\",\"@id\":\"https:\/\/www.billin.net\/blog\/#\/schema\/person\/d0339ee6e869234614541b1e80a793e7\"},\"headline\":\"El modelo 349 de Bizkaia\",\"datePublished\":\"2022-06-22T08:23:54+00:00\",\"dateModified\":\"2025-09-25T18:35:01+00:00\",\"mainEntityOfPage\":{\"@id\":\"https:\/\/www.billin.net\/blog\/modelo-349-bizkaia\/\"},\"wordCount\":2075,\"commentCount\":0,\"publisher\":{\"@id\":\"https:\/\/www.billin.net\/blog\/#organization\"},\"image\":{\"@id\":\"https:\/\/www.billin.net\/blog\/modelo-349-bizkaia\/#primaryimage\"},\"thumbnailUrl\":\"https:\/\/www.billin.net\/blog\/wp-content\/uploads\/2022\/06\/modelo-349-bizkaia-3.jpg\",\"keywords\":[\"Aut\u00f3nomos\",\"Pymes\"],\"articleSection\":[\"Contabilidad\"],\"inLanguage\":\"es\",\"potentialAction\":[{\"@type\":\"CommentAction\",\"name\":\"Comment\",\"target\":[\"https:\/\/www.billin.net\/blog\/modelo-349-bizkaia\/#respond\"]}]},{\"@type\":\"WebPage\",\"@id\":\"https:\/\/www.billin.net\/blog\/modelo-349-bizkaia\/\",\"url\":\"https:\/\/www.billin.net\/blog\/modelo-349-bizkaia\/\",\"name\":\"Qu\u00e9 es y c\u00f3mo presentar el Modelo 349 de Bizkaia - TeamSystem Facturas Billin\",\"isPartOf\":{\"@id\":\"https:\/\/www.billin.net\/blog\/#website\"},\"primaryImageOfPage\":{\"@id\":\"https:\/\/www.billin.net\/blog\/modelo-349-bizkaia\/#primaryimage\"},\"image\":{\"@id\":\"https:\/\/www.billin.net\/blog\/modelo-349-bizkaia\/#primaryimage\"},\"thumbnailUrl\":\"https:\/\/www.billin.net\/blog\/wp-content\/uploads\/2022\/06\/modelo-349-bizkaia-3.jpg\",\"datePublished\":\"2022-06-22T08:23:54+00:00\",\"dateModified\":\"2025-09-25T18:35:01+00:00\",\"description\":\"Tanto si eres un aut\u00f3nomo como una empresa, el Modelo 349 de Bizkaia es el formulario para informar de las operaciones intracomunitarias.\",\"breadcrumb\":{\"@id\":\"https:\/\/www.billin.net\/blog\/modelo-349-bizkaia\/#breadcrumb\"},\"inLanguage\":\"es\",\"potentialAction\":[{\"@type\":\"ReadAction\",\"target\":[\"https:\/\/www.billin.net\/blog\/modelo-349-bizkaia\/\"]}]},{\"@type\":\"ImageObject\",\"inLanguage\":\"es\",\"@id\":\"https:\/\/www.billin.net\/blog\/modelo-349-bizkaia\/#primaryimage\",\"url\":\"https:\/\/www.billin.net\/blog\/wp-content\/uploads\/2022\/06\/modelo-349-bizkaia-3.jpg\",\"contentUrl\":\"https:\/\/www.billin.net\/blog\/wp-content\/uploads\/2022\/06\/modelo-349-bizkaia-3.jpg\",\"width\":1920,\"height\":1280,\"caption\":\"modelo 349 bizkaia\"},{\"@type\":\"BreadcrumbList\",\"@id\":\"https:\/\/www.billin.net\/blog\/modelo-349-bizkaia\/#breadcrumb\",\"itemListElement\":[{\"@type\":\"ListItem\",\"position\":1,\"name\":\"Blog\",\"item\":\"https:\/\/www.billin.net\/blog\/\"},{\"@type\":\"ListItem\",\"position\":2,\"name\":\"Contabilidad\",\"item\":\"https:\/\/www.billin.net\/blog\/contabilidad\/\"},{\"@type\":\"ListItem\",\"position\":3,\"name\":\"El modelo 349 de Bizkaia\"}]},{\"@type\":\"WebSite\",\"@id\":\"https:\/\/www.billin.net\/blog\/#website\",\"url\":\"https:\/\/www.billin.net\/blog\/\",\"name\":\"Blog de Billin\",\"description\":\"Mantente informado con el blog de TeamSystem Facturas Billin:  facturaci\u00f3n, legislaci\u00f3n, contabilidad, management y toda la informaci\u00f3n \u00fatil para pymes y aut\u00f3nomos.\",\"publisher\":{\"@id\":\"https:\/\/www.billin.net\/blog\/#organization\"},\"potentialAction\":[{\"@type\":\"SearchAction\",\"target\":{\"@type\":\"EntryPoint\",\"urlTemplate\":\"https:\/\/www.billin.net\/blog\/?s={search_term_string}\"},\"query-input\":{\"@type\":\"PropertyValueSpecification\",\"valueRequired\":true,\"valueName\":\"search_term_string\"}}],\"inLanguage\":\"es\"},{\"@type\":\"Organization\",\"@id\":\"https:\/\/www.billin.net\/blog\/#organization\",\"name\":\"Billin\",\"alternateName\":\"Blog de Billin\",\"url\":\"https:\/\/www.billin.net\/blog\/\",\"logo\":{\"@type\":\"ImageObject\",\"inLanguage\":\"es\",\"@id\":\"https:\/\/www.billin.net\/blog\/#\/schema\/logo\/image\/\",\"url\":\"https:\/\/www.billin.net\/blog\/wp-content\/uploads\/2019\/06\/logotipo-billin-blog-1.png\",\"contentUrl\":\"https:\/\/www.billin.net\/blog\/wp-content\/uploads\/2019\/06\/logotipo-billin-blog-1.png\",\"width\":126,\"height\":50,\"caption\":\"Billin\"},\"image\":{\"@id\":\"https:\/\/www.billin.net\/blog\/#\/schema\/logo\/image\/\"},\"sameAs\":[\"https:\/\/www.facebook.com\/EsBillin\",\"https:\/\/x.com\/Billin_ES\",\"https:\/\/www.instagram.com\/billin_es\/\",\"https:\/\/www.linkedin.com\/company\/billin-spain\",\"https:\/\/www.youtube.com\/c\/BillinEsintercambiodefacturas\/\"],\"legalName\":\"MY EXPENSES SL\",\"contactPoint\":{\"@type\":\"ContactPoint\",\"telephone\":\"+34918318883\",\"contactType\":\"customer service\",\"email\":\"info@billin.eu\",\"availableLanguage\":\"es\"},\"foundingDate\":\"2015\",\"numberOfEmployees\":{\"@type\":\"QuantitativeValue\",\"minValue\":10,\"maxValue\":50},\"parentOrganization\":{\"@type\":\"Organization\",\"name\":\"TeamSystem\",\"url\":\"https:\/\/www.teamsystem.com\/\"},\"description\":\"Billin es el programa de facturaci\u00f3n online de TeamSystem para aut\u00f3nomos y pymes en Espa\u00f1a. Permite crear facturas, controlar gastos y cumplir con Verifactu.\",\"address\":{\"@type\":\"PostalAddress\",\"streetAddress\":\"Calle Arturo Soria, 336\",\"addressLocality\":\"Madrid\",\"addressRegion\":\"Madrid\",\"postalCode\":\"28033\",\"addressCountry\":\"ES\"}},{\"@type\":\"Person\",\"@id\":\"https:\/\/www.billin.net\/blog\/#\/schema\/person\/d0339ee6e869234614541b1e80a793e7\",\"name\":\"Marcos De La Cueva - CEO TeamSystem Facturas Billin\",\"image\":{\"@type\":\"ImageObject\",\"inLanguage\":\"es\",\"@id\":\"https:\/\/www.billin.net\/blog\/#\/schema\/person\/image\/\",\"url\":\"https:\/\/www.billin.net\/blog\/wp-content\/uploads\/2023\/10\/marcos-color-150x150.png\",\"contentUrl\":\"https:\/\/www.billin.net\/blog\/wp-content\/uploads\/2023\/10\/marcos-color-150x150.png\",\"caption\":\"Marcos De La Cueva - CEO TeamSystem Facturas Billin\"},\"description\":\"Licenciado en ADE por la Universidad Aut\u00f3noma de Madrid, Marcos De la Cueva es CEO y cofundador de TeamSystem Facturas Billin, un programa online que lleva m\u00e1s de 9 a\u00f1os ayudando a aut\u00f3nomos, peque\u00f1os negocios y gestor\u00edas a digitalizar sus presupuestos, facturas, tickets y gastos. \u00a0 Sobre Marcos De La Cueva \u00a0 Apasionado por el mundo empresarial y la tecnolog\u00eda, curs\u00f3 su M\u00e1ster de Finanzas en la Universidad Pontificia de Comillas y estuvo en el Programa de Cooperaci\u00f3n Educativa de la Universidad Aut\u00f3noma de Madrid. \u00a0 Marcos siempre ha tenido su objetivo claro: ayudar a la creaci\u00f3n de negocios financieramente sostenibles a trav\u00e9s de una herramienta de facturaci\u00f3n que les permita ahorrar tiempo y tener la contabilidad bajo control. \u00a0 Marcos De La Cueva en los medios \u2014 Noticia sobre Kit Digital y Ley Antifraude (VeriFactu) en El Economista. \u2014 Noticia sobre Kit Digital y factura electr\u00f3nica obligatoria en Diario Jur\u00eddico. \u2014 Noticia sobre el a\u00f1o de transici\u00f3n para la factura electr\u00f3nica en Muy Pymes. \u2014 Entrevista sobre factura electr\u00f3nica obligatoria en Canal Sur. \u2014 Noticia sobre el informe factura electr\u00f3nica de TeamSystem en Channel Partner. \u2014 Charla sobre productividad y Ley Crea y Crece en El Economista. \u2014 Charla sobre factura electr\u00f3nica obligatoria en Muy Pymes. \u2014 Charla sobre digitalizaci\u00f3n aut\u00f3nomos y productividad en esdiario. \u2014 Charla sobre productividad y factura electr\u00f3nica en La Raz\u00f3n. \u2014 Charla sobre factura electr\u00f3nica obligatoria en Aut\u00f3nomos y Emprendedores. \u2014 Entrevista sobre Ley Antifraude y Ley Crea y Crece en Expansi\u00f3n. \u2014 Entrevista sobre Ley Antifraude y Ley Crea y Crece en La Raz\u00f3n. \u2014 Entrevista sobre factura electr\u00f3nica obligatoria en El Economista. \u2014 Comunicado Billin y TeamSystem en Business Insider. \u2014 Entrevista en Econom\u00eda Digital. \u2014 Entrevista en Ideas para tu empresa de Vodafone. \u2014 Entrevista en M\u00e1sQradio. \u2014 Entrevista en Armas para emprender de El M\u00e9todo Gallardo. \u2014 Entrevista en KFund. \u2014 Entrevista en AXA Seguros Espa\u00f1a. \u2014 Entrevista en GestionaRadio. \u00a0 Marcos De La Cueva en eventos \u00a0 \u2014 Participaci\u00f3n como ponente en Accountex Espa\u00f1a 2023. \u00a0 Tem\u00e1ticas de especializaci\u00f3n \u00a0 negocios | startups | contabilidad| fiscalidad | empresas| asesor\u00edas| autonomos | emprendedores | peque\u00f1os negocios | econom\u00eda | ADE | pymes | desarrollo de negocio\u00a0\",\"sameAs\":[\"https:\/\/www.billin.net\/\",\"https:\/\/www.linkedin.com\/in\/marcos-de-la-cueva-19750ba3\/\"],\"url\":\"https:\/\/www.billin.net\/blog\/author\/marcosdelacueva\/\",\"jobTitle\":\"CEO y cofundador de TS Facturas Billin\"}]}<\/script>\n<!-- \/ Yoast SEO plugin. -->","yoast_head_json":{"title":"Qu\u00e9 es y c\u00f3mo presentar el Modelo 349 de Bizkaia - TeamSystem Facturas Billin","description":"Tanto si eres un aut\u00f3nomo como una empresa, el Modelo 349 de Bizkaia es el formulario para informar de las operaciones intracomunitarias.","robots":{"index":"index","follow":"follow","max-snippet":"max-snippet:-1","max-image-preview":"max-image-preview:large","max-video-preview":"max-video-preview:-1"},"canonical":"https:\/\/www.billin.net\/blog\/modelo-349-bizkaia\/","og_locale":"es_ES","og_type":"article","og_title":"Qu\u00e9 es y c\u00f3mo presentar el Modelo 349 de Bizkaia - TeamSystem Facturas Billin","og_description":"Tanto si eres un aut\u00f3nomo como una empresa, el Modelo 349 de Bizkaia es el formulario para informar de las operaciones intracomunitarias.","og_url":"https:\/\/www.billin.net\/blog\/modelo-349-bizkaia\/","og_site_name":"Blog de TeamSystem Facturas Billin","article_publisher":"https:\/\/www.facebook.com\/EsBillin","article_published_time":"2022-06-22T08:23:54+00:00","article_modified_time":"2025-09-25T18:35:01+00:00","og_image":[{"width":1920,"height":1280,"url":"https:\/\/www.billin.net\/blog\/wp-content\/uploads\/2022\/06\/modelo-349-bizkaia-3.jpg","type":"image\/jpeg"}],"author":"Marcos De La Cueva - CEO TeamSystem Facturas Billin","twitter_card":"summary_large_image","twitter_creator":"@Billin_ES","twitter_site":"@Billin_ES","twitter_misc":{"Escrito por":"Marcos De La Cueva - CEO TeamSystem Facturas Billin","Tiempo de lectura":"10 minutos"},"schema":{"@context":"https:\/\/schema.org","@graph":[{"@type":"Article","@id":"https:\/\/www.billin.net\/blog\/modelo-349-bizkaia\/#article","isPartOf":{"@id":"https:\/\/www.billin.net\/blog\/modelo-349-bizkaia\/"},"author":{"name":"Marcos De La Cueva - CEO TeamSystem Facturas Billin","@id":"https:\/\/www.billin.net\/blog\/#\/schema\/person\/d0339ee6e869234614541b1e80a793e7"},"headline":"El modelo 349 de Bizkaia","datePublished":"2022-06-22T08:23:54+00:00","dateModified":"2025-09-25T18:35:01+00:00","mainEntityOfPage":{"@id":"https:\/\/www.billin.net\/blog\/modelo-349-bizkaia\/"},"wordCount":2075,"commentCount":0,"publisher":{"@id":"https:\/\/www.billin.net\/blog\/#organization"},"image":{"@id":"https:\/\/www.billin.net\/blog\/modelo-349-bizkaia\/#primaryimage"},"thumbnailUrl":"https:\/\/www.billin.net\/blog\/wp-content\/uploads\/2022\/06\/modelo-349-bizkaia-3.jpg","keywords":["Aut\u00f3nomos","Pymes"],"articleSection":["Contabilidad"],"inLanguage":"es","potentialAction":[{"@type":"CommentAction","name":"Comment","target":["https:\/\/www.billin.net\/blog\/modelo-349-bizkaia\/#respond"]}]},{"@type":"WebPage","@id":"https:\/\/www.billin.net\/blog\/modelo-349-bizkaia\/","url":"https:\/\/www.billin.net\/blog\/modelo-349-bizkaia\/","name":"Qu\u00e9 es y c\u00f3mo presentar el Modelo 349 de Bizkaia - TeamSystem Facturas Billin","isPartOf":{"@id":"https:\/\/www.billin.net\/blog\/#website"},"primaryImageOfPage":{"@id":"https:\/\/www.billin.net\/blog\/modelo-349-bizkaia\/#primaryimage"},"image":{"@id":"https:\/\/www.billin.net\/blog\/modelo-349-bizkaia\/#primaryimage"},"thumbnailUrl":"https:\/\/www.billin.net\/blog\/wp-content\/uploads\/2022\/06\/modelo-349-bizkaia-3.jpg","datePublished":"2022-06-22T08:23:54+00:00","dateModified":"2025-09-25T18:35:01+00:00","description":"Tanto si eres un aut\u00f3nomo como una empresa, el Modelo 349 de Bizkaia es el formulario para informar de las operaciones intracomunitarias.","breadcrumb":{"@id":"https:\/\/www.billin.net\/blog\/modelo-349-bizkaia\/#breadcrumb"},"inLanguage":"es","potentialAction":[{"@type":"ReadAction","target":["https:\/\/www.billin.net\/blog\/modelo-349-bizkaia\/"]}]},{"@type":"ImageObject","inLanguage":"es","@id":"https:\/\/www.billin.net\/blog\/modelo-349-bizkaia\/#primaryimage","url":"https:\/\/www.billin.net\/blog\/wp-content\/uploads\/2022\/06\/modelo-349-bizkaia-3.jpg","contentUrl":"https:\/\/www.billin.net\/blog\/wp-content\/uploads\/2022\/06\/modelo-349-bizkaia-3.jpg","width":1920,"height":1280,"caption":"modelo 349 bizkaia"},{"@type":"BreadcrumbList","@id":"https:\/\/www.billin.net\/blog\/modelo-349-bizkaia\/#breadcrumb","itemListElement":[{"@type":"ListItem","position":1,"name":"Blog","item":"https:\/\/www.billin.net\/blog\/"},{"@type":"ListItem","position":2,"name":"Contabilidad","item":"https:\/\/www.billin.net\/blog\/contabilidad\/"},{"@type":"ListItem","position":3,"name":"El modelo 349 de Bizkaia"}]},{"@type":"WebSite","@id":"https:\/\/www.billin.net\/blog\/#website","url":"https:\/\/www.billin.net\/blog\/","name":"Blog de Billin","description":"Mantente informado con el blog de TeamSystem Facturas Billin:  facturaci\u00f3n, legislaci\u00f3n, contabilidad, management y toda la informaci\u00f3n \u00fatil para pymes y aut\u00f3nomos.","publisher":{"@id":"https:\/\/www.billin.net\/blog\/#organization"},"potentialAction":[{"@type":"SearchAction","target":{"@type":"EntryPoint","urlTemplate":"https:\/\/www.billin.net\/blog\/?s={search_term_string}"},"query-input":{"@type":"PropertyValueSpecification","valueRequired":true,"valueName":"search_term_string"}}],"inLanguage":"es"},{"@type":"Organization","@id":"https:\/\/www.billin.net\/blog\/#organization","name":"Billin","alternateName":"Blog de Billin","url":"https:\/\/www.billin.net\/blog\/","logo":{"@type":"ImageObject","inLanguage":"es","@id":"https:\/\/www.billin.net\/blog\/#\/schema\/logo\/image\/","url":"https:\/\/www.billin.net\/blog\/wp-content\/uploads\/2019\/06\/logotipo-billin-blog-1.png","contentUrl":"https:\/\/www.billin.net\/blog\/wp-content\/uploads\/2019\/06\/logotipo-billin-blog-1.png","width":126,"height":50,"caption":"Billin"},"image":{"@id":"https:\/\/www.billin.net\/blog\/#\/schema\/logo\/image\/"},"sameAs":["https:\/\/www.facebook.com\/EsBillin","https:\/\/x.com\/Billin_ES","https:\/\/www.instagram.com\/billin_es\/","https:\/\/www.linkedin.com\/company\/billin-spain","https:\/\/www.youtube.com\/c\/BillinEsintercambiodefacturas\/"],"legalName":"MY EXPENSES SL","contactPoint":{"@type":"ContactPoint","telephone":"+34918318883","contactType":"customer service","email":"info@billin.eu","availableLanguage":"es"},"foundingDate":"2015","numberOfEmployees":{"@type":"QuantitativeValue","minValue":10,"maxValue":50},"parentOrganization":{"@type":"Organization","name":"TeamSystem","url":"https:\/\/www.teamsystem.com\/"},"description":"Billin es el programa de facturaci\u00f3n online de TeamSystem para aut\u00f3nomos y pymes en Espa\u00f1a. Permite crear facturas, controlar gastos y cumplir con Verifactu.","address":{"@type":"PostalAddress","streetAddress":"Calle Arturo Soria, 336","addressLocality":"Madrid","addressRegion":"Madrid","postalCode":"28033","addressCountry":"ES"}},{"@type":"Person","@id":"https:\/\/www.billin.net\/blog\/#\/schema\/person\/d0339ee6e869234614541b1e80a793e7","name":"Marcos De La Cueva - CEO TeamSystem Facturas Billin","image":{"@type":"ImageObject","inLanguage":"es","@id":"https:\/\/www.billin.net\/blog\/#\/schema\/person\/image\/","url":"https:\/\/www.billin.net\/blog\/wp-content\/uploads\/2023\/10\/marcos-color-150x150.png","contentUrl":"https:\/\/www.billin.net\/blog\/wp-content\/uploads\/2023\/10\/marcos-color-150x150.png","caption":"Marcos De La Cueva - CEO TeamSystem Facturas Billin"},"description":"Licenciado en ADE por la Universidad Aut\u00f3noma de Madrid, Marcos De la Cueva es CEO y cofundador de TeamSystem Facturas Billin, un programa online que lleva m\u00e1s de 9 a\u00f1os ayudando a aut\u00f3nomos, peque\u00f1os negocios y gestor\u00edas a digitalizar sus presupuestos, facturas, tickets y gastos. \u00a0 Sobre Marcos De La Cueva \u00a0 Apasionado por el mundo empresarial y la tecnolog\u00eda, curs\u00f3 su M\u00e1ster de Finanzas en la Universidad Pontificia de Comillas y estuvo en el Programa de Cooperaci\u00f3n Educativa de la Universidad Aut\u00f3noma de Madrid. \u00a0 Marcos siempre ha tenido su objetivo claro: ayudar a la creaci\u00f3n de negocios financieramente sostenibles a trav\u00e9s de una herramienta de facturaci\u00f3n que les permita ahorrar tiempo y tener la contabilidad bajo control. \u00a0 Marcos De La Cueva en los medios \u2014 Noticia sobre Kit Digital y Ley Antifraude (VeriFactu) en El Economista. \u2014 Noticia sobre Kit Digital y factura electr\u00f3nica obligatoria en Diario Jur\u00eddico. \u2014 Noticia sobre el a\u00f1o de transici\u00f3n para la factura electr\u00f3nica en Muy Pymes. \u2014 Entrevista sobre factura electr\u00f3nica obligatoria en Canal Sur. \u2014 Noticia sobre el informe factura electr\u00f3nica de TeamSystem en Channel Partner. \u2014 Charla sobre productividad y Ley Crea y Crece en El Economista. \u2014 Charla sobre factura electr\u00f3nica obligatoria en Muy Pymes. \u2014 Charla sobre digitalizaci\u00f3n aut\u00f3nomos y productividad en esdiario. \u2014 Charla sobre productividad y factura electr\u00f3nica en La Raz\u00f3n. \u2014 Charla sobre factura electr\u00f3nica obligatoria en Aut\u00f3nomos y Emprendedores. \u2014 Entrevista sobre Ley Antifraude y Ley Crea y Crece en Expansi\u00f3n. \u2014 Entrevista sobre Ley Antifraude y Ley Crea y Crece en La Raz\u00f3n. \u2014 Entrevista sobre factura electr\u00f3nica obligatoria en El Economista. \u2014 Comunicado Billin y TeamSystem en Business Insider. \u2014 Entrevista en Econom\u00eda Digital. \u2014 Entrevista en Ideas para tu empresa de Vodafone. \u2014 Entrevista en M\u00e1sQradio. \u2014 Entrevista en Armas para emprender de El M\u00e9todo Gallardo. \u2014 Entrevista en KFund. \u2014 Entrevista en AXA Seguros Espa\u00f1a. \u2014 Entrevista en GestionaRadio. \u00a0 Marcos De La Cueva en eventos \u00a0 \u2014 Participaci\u00f3n como ponente en Accountex Espa\u00f1a 2023. \u00a0 Tem\u00e1ticas de especializaci\u00f3n \u00a0 negocios | startups | contabilidad| fiscalidad | empresas| asesor\u00edas| autonomos | emprendedores | peque\u00f1os negocios | econom\u00eda | ADE | pymes | desarrollo de negocio\u00a0","sameAs":["https:\/\/www.billin.net\/","https:\/\/www.linkedin.com\/in\/marcos-de-la-cueva-19750ba3\/"],"url":"https:\/\/www.billin.net\/blog\/author\/marcosdelacueva\/","jobTitle":"CEO y cofundador de TS Facturas Billin"}]}},"_links":{"self":[{"href":"https:\/\/www.billin.net\/blog\/wp-json\/wp\/v2\/posts\/19444","targetHints":{"allow":["GET"]}}],"collection":[{"href":"https:\/\/www.billin.net\/blog\/wp-json\/wp\/v2\/posts"}],"about":[{"href":"https:\/\/www.billin.net\/blog\/wp-json\/wp\/v2\/types\/post"}],"author":[{"embeddable":true,"href":"https:\/\/www.billin.net\/blog\/wp-json\/wp\/v2\/users\/20"}],"replies":[{"embeddable":true,"href":"https:\/\/www.billin.net\/blog\/wp-json\/wp\/v2\/comments?post=19444"}],"version-history":[{"count":5,"href":"https:\/\/www.billin.net\/blog\/wp-json\/wp\/v2\/posts\/19444\/revisions"}],"predecessor-version":[{"id":26791,"href":"https:\/\/www.billin.net\/blog\/wp-json\/wp\/v2\/posts\/19444\/revisions\/26791"}],"wp:featuredmedia":[{"embeddable":true,"href":"https:\/\/www.billin.net\/blog\/wp-json\/wp\/v2\/media\/19446"}],"wp:attachment":[{"href":"https:\/\/www.billin.net\/blog\/wp-json\/wp\/v2\/media?parent=19444"}],"wp:term":[{"taxonomy":"category","embeddable":true,"href":"https:\/\/www.billin.net\/blog\/wp-json\/wp\/v2\/categories?post=19444"},{"taxonomy":"post_tag","embeddable":true,"href":"https:\/\/www.billin.net\/blog\/wp-json\/wp\/v2\/tags?post=19444"}],"curies":[{"name":"wp","href":"https:\/\/api.w.org\/{rel}","templated":true}]}}