{"id":19435,"date":"2022-06-20T13:07:57","date_gmt":"2022-06-20T11:07:57","guid":{"rendered":"https:\/\/www.billin.net\/blog\/?p=19435"},"modified":"2025-09-25T20:35:13","modified_gmt":"2025-09-25T18:35:13","slug":"modelo-036-bizkaia","status":"publish","type":"post","link":"https:\/\/www.billin.net\/blog\/modelo-036-bizkaia\/","title":{"rendered":"Alta de aut\u00f3nomo con el modelo 036 en Bizkaia"},"content":{"rendered":"<p>\u00bfHas tomado la decisi\u00f3n de <a href=\"https:\/\/www.billin.net\/blog\/crear-una-empresa\/\" target=\"_blank\" rel=\"noopener\">montar un negocio<\/a> desde cero? Si es as\u00ed y has llegado hasta aqu\u00ed, debes saber que el primer paso es dar de alta tu empresa en Hacienda mediante el modelo 036 de Bizkaia.<\/p>\n<p>Vamos a verloen detalle para que lo tengas m\u00e1s claro.<\/p>\n<p><!--more--><\/p>\n<h2>\u00bfQu\u00e9 es el Modelo 036 de Bizkaia?<\/h2>\n<p>El modelo 036 de Bizkaia es un documento de la Hacienda Foral de Bizkaia que permite <a href=\"https:\/\/www.billin.net\/blog\/darse-de-alta-como-autonomo\/\" target=\"_blank\" rel=\"noopener\">darse de alta como aut\u00f3nomo<\/a> o empresa en el Directorio de Empresas y Profesionales.<\/p>\n<p>Tambi\u00e9n permite la solicitud del N\u00famero de Identificaci\u00f3n Fiscal del Contribuyente (NIF), as\u00ed como las posteriores modificaciones de los datos facilitados en la inscripci\u00f3n, como el domicilio fiscal o el domicilio social, y la baja de una persona o empresa en el registro.<\/p>\n<h3>Diferencias entre el Modelo 036 y el 037<\/h3>\n<p>La principal <a href=\"https:\/\/www.billin.net\/blog\/diferencia-modelo-036-037\/\" target=\"_blank\" rel=\"noopener\">diferencia entre el Modelo 036 y el 037<\/a>, es que el 036 abarca m\u00e1s casos que el 037, que se conoce com\u00fanmente como liquidaci\u00f3n simplificada del censo.<\/p>\n<p>El modelo 036 est\u00e1 dise\u00f1ado para la puesta en marcha, la transformaci\u00f3n o el cese de un negocio concreto y abarca todas las situaciones y actividades que los empresarios, profesionales y otros contribuyentes tienen que declarar a efectos fiscales y est\u00e1 espec\u00edficamente dise\u00f1ado para los aut\u00f3nomos.<\/p>\n<p>Sin embargo, en el formulario 037 s\u00f3lo se pueden comunicar las modificaciones del r\u00e9gimen simplificado del IVA y\/o del IRPF.<\/p>\n<h2>\u00bfQui\u00e9n debe presentar el Modelo 036?<\/h2>\n<p><strong>Cualquier persona f\u00edsica o jur\u00eddica que desee comunicar al Servicio Tributario de Bizkaia su intenci\u00f3n de crear una empresa.<\/strong><\/p>\n<p>Espec\u00edficamente:<\/p>\n<ul>\n<li>Personas f\u00edsicas o jur\u00eddicas que ejercen o pretenden ejercer una actividad empresarial o profesional.<\/li>\n<li>Las personas o entidades que, sin actuar como empresarios o profesionales, pagan mediante retenciones o ingresos a cuenta. Por ejemplo: un particular que alquila un local o una oficina a una empresa o negocio.<\/li>\n<li>Las personas o entidades que realicen adquisiciones intracomunitarias de bienes sujetas al IVA cuando no act\u00faen en calidad de empresarios o profesionales.<\/li>\n<li>Personas o entidades no establecidas en el territorio sujetas al IVA, si est\u00e1n sujetas a ese impuesto.<\/li>\n<li>Personas o entidades domiciliadas o que tributan en Bizkaia que no cumplen ninguno de los requisitos anteriores pero que son socios, herederos, comuneros o miembros de entidades sometidas al r\u00e9gimen de atribuci\u00f3n de rentas, que ejercen una actividad empresarial o profesional y cuyos sujetos pasivos est\u00e1n domiciliados fuera de Bizkaia.<\/li>\n<\/ul>\n<h2>Plazo de presentaci\u00f3n del Modelo 036 en Bizkaia<\/h2>\n<p>El plazo es normalmente de 1 mes a partir de la fecha de inicio del suceso que se debe notificar.<\/p>\n<p>Se puede obtener m\u00e1s informaci\u00f3n sobre este tema en las siguientes fechas:<\/p>\n<h3>Declaraci\u00f3n de alta<\/h3>\n<ul>\n<li><strong>Solicitud del alta:<\/strong> un mes desde el inicio de la actividad.<\/li>\n<li><strong>Solicitud del NIF:<\/strong> el mes siguiente a la creaci\u00f3n de la unidad y siempre antes del inicio de las operaciones.<\/li>\n<li><strong>Solicitud de inscripci\u00f3n en el Registro de Entidades Intracomunitarias (ROI):<\/strong> debe presentarse antes del inicio de las operaciones econ\u00f3micas internacionales para las que se realiza el procedimiento de inscripci\u00f3n.<\/li>\n<li><strong>Solicitud de inscripci\u00f3n en el Registro de Devoluciones Mensuales de impuestos (REDEME):<\/strong> Las solicitudes de inscripci\u00f3n en el registro deben presentarse en el mes de enero del a\u00f1o en que deban surtir efecto. La inscripci\u00f3n en el registro se realizar\u00e1 a partir del d\u00eda 1 del mes en cuesti\u00f3n.<\/li>\n<li><strong>Inscripci\u00f3n en el censo de actividades econ\u00f3micas si ya tienes NIF:<\/strong> Antes de iniciar un negocio para el que la persona est\u00e1 inscrita en este registro.<\/li>\n<li><strong>Inscripci\u00f3n en el programa especial proporcional:<\/strong> en diciembre, antes del mes de su entrada en vigor.<\/li>\n<\/ul>\n<h3>Declaraci\u00f3n de modificaci\u00f3n<\/h3>\n<ul>\n<li><strong>Los cambios en los datos,<\/strong> como la ubicaci\u00f3n fiscal, las actividades y las obligaciones de declaraci\u00f3n, deben comunicarse en el mes siguiente al cambio.<\/li>\n<li><strong>Cambios en la obligaciones:<\/strong> En la fecha de vencimiento de la primera declaraci\u00f3n peri\u00f3dica a la que se aplica la modificaci\u00f3n o la declaraci\u00f3n que se habr\u00eda presentado si no se hubiera producido la modificaci\u00f3n. Por ejemplo: si ha recibido la primera factura por el alquiler de un local comercial en marzo y esta factura incluye retenciones, est\u00e1 obligado a presentar el modelo 115, por lo que tendr\u00e1 que notificarlo a la autoridad fiscal mediante el modelo 036 antes del 25 de abril, ya que este es el plazo para presentar las primeras declaraciones trimestrales.<\/li>\n<li><strong>M\u00e9todos de declaraci\u00f3n<\/strong> del IRPF y r\u00e9gimen especial simplificado del IVA para la agricultura, la ganader\u00eda y la pesca: antes del 25 de abril del a\u00f1o natural en que entre en vigor.<\/li>\n<li><strong>R\u00e9gimen especial de criterio de caja:<\/strong> enero del a\u00f1o natural en que deba entrar en vigor.<\/li>\n<\/ul>\n<h3>Declaraci\u00f3n de baja<\/h3>\n<ul>\n<li>En el plazo de un mes a partir del d\u00eda siguiente a la fecha en que se produzcan las circunstancias de baja en el registro de empresas.<\/li>\n<\/ul>\n<h2>\u00bfQue es necesario aportar para darse de alta como aut\u00f3nomo en Bizkaia?<\/h2>\n<p>La documentaci\u00f3n a presentar en el modelo 036 a la Diputaci\u00f3n Foral de Bizkaia, as\u00ed como el propio formulario, se divide en dos partes, y la documentaci\u00f3n difiere para cada una de ellas:<\/p>\n<h3>Para el alta<\/h3>\n<ul>\n<li>Fotocopia del documento nacional de identidad o del documento de identidad del declarante.<\/li>\n<li>La solicitud de n\u00famero de registro fiscal y en el caso de personas jur\u00eddicas o entidades debe ir acompa\u00f1ada de una copia certificada y una fotocopia de la escritura de constituci\u00f3n o una copia certificada de los estatutos, la primera para el per\u00edodo hasta las 17 horas.<\/li>\n<\/ul>\n<h3>Para la modificaci\u00f3n de cualquier parte o la disoluci\u00f3n<\/h3>\n<ul>\n<li>Copia certificada y fotocopia de la escritura o del documento certificado que consiente la modificaci\u00f3n o la rescisi\u00f3n.<\/li>\n<li>Certificado de inscripci\u00f3n, seg\u00fan el caso, en el Registro P\u00fablico correspondiente.<\/li>\n<li>En ambos casos, es necesario presentar la tarjeta de identificaci\u00f3n fiscal para poder realizar la modificaci\u00f3n solicitada.<\/li>\n<li>Fotocopia del DNI del solicitante, que debe ser un representante de la empresa.<\/li>\n<\/ul>\n<h3>Descargar Modelo 036 de Bizkaia<\/h3>\n<p>Podr\u00e1s descargar el Modelo 036 en la p\u00e1gina web de la Hacienda Foral a <a href=\"https:\/\/www.bizkaia.eus\/fitxategiak\/05\/ogasuna\/ereduak\/Argitaratu\/036EurCas.PDF?hash=f576882f93a600753c10bb4968d33a2a\" target=\"_blank\" rel=\"noopener\">trav\u00e9s de este enlace.<\/a><\/p>\n<h2>Instrucciones para rellenar el Modelo 036 de Bizkaia<\/h2>\n<p>En este apartado veremos c\u00f3mo rellenar el Modelo 036 de Bizkaia:<\/p>\n<h3>Motivos de la presentaci\u00f3n<\/h3>\n<p>En este apartado se indica el motivo de la presentaci\u00f3n del formulario, <strong>como el alta, la modificaci\u00f3n o la baja de empresarios, profesionales y contribuyentes, as\u00ed como la solicitud de un n\u00famero de identificaci\u00f3n fiscal.<\/strong><\/p>\n<p><strong>Declaraci\u00f3n del alta<\/strong><\/p>\n<p>Todo aquel que desee ser incluido en el censo de empresarios, empresarias, profesionales y depositantes debe solicitar su inscripci\u00f3n en el censo.<\/p>\n<ul>\n<li>Casilla 1: Solicitud de alta en el censo:<\/li>\n<\/ul>\n<p>El motivo concreto por el que se solicita la inscripci\u00f3n en el censo debe marcarse con una cruz en las casillas correspondientes:<\/p>\n<ul>\n<li>Casilla 2: Condiciones del empresario y\/o del profesional.<\/li>\n<li>Casilla 3: Abono de rentas sujetas a retenci\u00f3n de ingreso a cuenta.<\/li>\n<li>Casilla 4: Adquisiciones intraempresariales de bienes por parte de personas o unidades que no act\u00faan como empresarios y\/o profesionales.<\/li>\n<li>Casilla 5: Personas jur\u00eddicas o entidades no establecidas en el \u00e1mbito del IVA, si son sujetos pasivos del IVA.<\/li>\n<li>Casilla 6: Personas jur\u00eddicas o entidades residentes en Bizkaia, socios, miembros o part\u00edcipes de entidades en r\u00e9gimen de atribuci\u00f3n de rentas con residencia fiscal fuera del territorio.<\/li>\n<li>Casilla 7: Solicitud de n\u00famero de identificaci\u00f3n de la empresa (NIF).<\/li>\n<li>Casilla 250: Empresa creada para la reventa.<\/li>\n<\/ul>\n<p>Las cuatro casillas siguientes relativas al motivo de la presentaci\u00f3n de la solicitud s\u00f3lo deben marcarse si corresponden al censo:<\/p>\n<ul>\n<li>Casilla 8: Comunicaci\u00f3n de inicio de la actividad econ\u00f3mica antes de su comienzo efectivo (en la p\u00e1gina 4 debe indicarse tambi\u00e9n la fecha prevista de entrega de los bienes y servicios de la empresa y el tipo de retenci\u00f3n provisional propuesto).<\/li>\n<li>Casilla 9: Notificaci\u00f3n del inicio efectivo de una actividad econ\u00f3mica.<\/li>\n<li>Casilla 10: Solicitud de <a href=\"https:\/\/www.billin.net\/blog\/alta-roi\/\" target=\"_blank\" rel=\"noopener\">alta en el Registro de Operadores Intracomunitarios<\/a>.<\/li>\n<li>Casilla 11: Solicitud de inscripci\u00f3n en el Registro de Devoluciones Mensuales del IVA.<\/li>\n<\/ul>\n<p><strong>Declaraci\u00f3n de modificaci\u00f3n<\/strong><\/p>\n<p>Se debe presentar una declaraci\u00f3n de modificaci\u00f3n si se produce un cambio en alguno de los datos que figuran en la inscripci\u00f3n en el censo o en cualquier otra declaraci\u00f3n posterior:<\/p>\n<ul>\n<li>Casilla 12: En caso de robo, p\u00e9rdida o uso indebido, debe marcarse esta casilla y solicitar una copia de la tarjeta de acreditaci\u00f3n NIF.<\/li>\n<li>Casillas 13 y 14: Si alguno de los datos de la imagen del NIF ha cambiado, debe marcarse esta casilla, es decir, si ha cambiado el nombre o la raz\u00f3n social, la forma jur\u00eddica, el domicilio social o la direcci\u00f3n fiscal.<\/li>\n<li>Casilla 15: Esta casilla se utiliza para comunicar a la Agencia Tributaria de Bizkaia cualquier <strong>cambio en el domicilio fiscal de las personas y entidades incluidas en el censo.<\/strong>\n<ul>\n<li>Si el domicilio fiscal se traslada a la provincia de Bizkaia y este cambio requiere el alta en el registro de contribuyentes THB, marca las casillas 1 y 14.<\/li>\n<\/ul>\n<\/li>\n<li>Casilla 16: Comunicaci\u00f3n de inicio de actividad si se produce con posterioridad al alta en el censo, indicando la fecha prevista de inicio de las entregas de bienes y prestaciones de servicios objeto de la actividad econ\u00f3mica de la empresa, en la p\u00e1gina 4 del formulario, excluyendo el porcentaje de deducci\u00f3n provisional propuesto.<\/li>\n<li>Casilla 17: Notificaci\u00f3n del inicio efectivo de la actividad econ\u00f3mica y\/o de la obligaci\u00f3n tributaria (si se produce despu\u00e9s del alta en el censo).<\/li>\n<li>Casillas 18 &#8211; 19 &#8211; 20 &#8211; 21 &#8211; 22 &#8211; 23 &#8211; 24: Estas casillas deben marcarse si la modificaci\u00f3n se refiere a los datos del IVA (impuesto sobre el valor a\u00f1adido):\n<ul>\n<li>IVA (impuesto sobre el valor a\u00f1adido).<\/li>\n<li>IAE (impuesto sobre actividades econ\u00f3micas).<\/li>\n<li>IRPF (Impuesto sobre la Renta de las Personas F\u00edsicas).<\/li>\n<li><a href=\"https:\/\/www.billin.net\/blog\/impuesto-sociedades-bizkaia\/\" target=\"_blank\" rel=\"noopener\">Impuesto sobre Sociedades en Bizkaia<\/a>.<\/li>\n<li>Impuesto sobre la Renta de no Residentes y deducciones.<\/li>\n<li>Ingresos a cuenta.<\/li>\n<li>Impuestos especiales.<\/li>\n<li>Informaci\u00f3n adicional sobre cuestiones fiscales y autoliquidaci\u00f3n.<\/li>\n<\/ul>\n<\/li>\n<\/ul>\n<p><strong>Declaraci\u00f3n de baja<\/strong><\/p>\n<p>En esta secci\u00f3n, la casilla 31 debe marcarse para la baja en el censo de empresarios y profesionales.<\/p>\n<p><strong>Anexo 3 del Modelo 036 de Bizkaia<\/strong><\/p>\n<p>El <strong>anexo 3 del modelo 036 podr\u00e1 ser cumplimentado en lugar del modelo 840 por los contribuyentes exentos del IAE<\/strong> y por aquellos que no tengan que tributar por ninguna de sus actividades empresariales porque el valor de las mismas sea inferior a 2.000.000 de euros o porque hayan iniciado su actividad dentro de los dos primeros periodos impositivos en que se desarrollen.<\/p>\n<p>Adem\u00e1s, las personas f\u00edsicas y las entidades que operan en el r\u00e9gimen de atribuci\u00f3n de rentas integradas por personas f\u00edsicas, <strong>est\u00e1n obligadas a presentar tantos anexos 3 como actividades realicen<\/strong> en el r\u00e9gimen de determinaci\u00f3n de la renta neta del IRPF o en el r\u00e9gimen especial simplificado o en el r\u00e9gimen de agricultura, ganader\u00eda y pesca del IVA.<\/p>\n<p>Los contribuyentes exentos del Impuesto sobre Actividades Econ\u00f3micas (IAE) deber\u00e1n cumplimentar el Anexo 3 del Modelo 036 de Bizkaia para detallar el lugar en el que van a desarrollar su actividad en el momento del alta, cambio o baja de la misma. Esto agilizar\u00e1 los procedimientos de registro, ya que no es necesario preparar y presentar el formulario 840 (Aviso de alta, baja y cambios en el registro fiscal), que es obligatorio para los contribuyentes con un volumen de negocios superior a 2 millones de euros.<\/p>\n<h2>Presentaci\u00f3n del Modelo 036 de Bizkaia de forma telem\u00e1tica<\/h2>\n<p>Para la presentaci\u00f3n de este formulario por Internet, la Agencia Tributaria de Bizkaia ha puesto a disposici\u00f3n de todos los contribuyentes la plataforma <strong>Bizkaibai,<\/strong> desde la que se pueden enviar este y otros formularios a Hacienda.<\/p>\n<p>Necesitar\u00e1 un <a href=\"https:\/\/www.billin.net\/blog\/certificado-digital-euskadi\/\" target=\"_blank\" rel=\"noopener\">certificado digital, una tarjeta Bizkaibai, una clave Bak o BakQ<\/a> para procesar los datos online con la Hacienda de Bizkaia<\/p>\n<p>Tambi\u00e9n permite a los ciudadanos descargar formularios en formato PDF.<\/p>\n<p>Aunque no es obligatorio presentar el modelo 036 por Internet en Bizkaia, la Agencia Tributaria permite la presentaci\u00f3n por Internet.<\/p>\n<h3>Casos en los que es obligatorio presentar el Modelo 036 de Bizkaia de forma presencial:<\/h3>\n<ul>\n<li>Si el procedimiento se refiere a una solicitud NIF y el motivo es uno de los indicados en las casillas 7 &#8211; 12 &#8211; 13 &#8211; 14 anterior.<\/li>\n<li>Si la baja se solicita respecto a la casilla 31, es decir, la notificaci\u00f3n de los hechos relativos a la baja del censo, deber\u00e1 hacerse personalmente y presentar los documentos necesarios.<\/li>\n<li>Renuncias de los part\u00edcipes de una entidad en r\u00e9gimen de atribuci\u00f3n de rentas a estimaci\u00f3n directa simplificada en IRPF, al r\u00e9gimen especial simplificado o al r\u00e9gimen de la agricultura, ganader\u00eda y pesca en el IVA.\n<ul>\n<li>Casillas 65 &#8211; 66 y 67 del IRPF.<\/li>\n<li>Casillas 71 y 74 para el IVA.<\/li>\n<\/ul>\n<\/li>\n<li>Declaraci\u00f3n de cambios en relaci\u00f3n con el impuesto de sociedades debido a los cambios al final del ejercicio y que se debe presentar personalmente como una copia de la escritura de modificaci\u00f3n al final del ejercicio.<\/li>\n<li>Si se opta por el r\u00e9gimen fiscal especial, la casilla 24 no podr\u00e1 presentarse por Internet en los casos en los que se deba presentar una declaraci\u00f3n de utilidad p\u00fablica con ella.<\/li>\n<\/ul>\n<p>Si el motivo de la cumplimentaci\u00f3n es alguno de ellos, o incluso si se desea acudir personalmente, el modelo 036 de Bizkaia puede presentarse en la Secci\u00f3n de Censos Fiscales de Hacienda y Finanzas de Bizkaia, siempre con <a href=\"https:\/\/web.bizkaia.eus\/es\/cita-previa-hacienda\" target=\"_blank\" rel=\"noopener\">cita previa en la Hacienda de Bizkaia<\/a>. Si tienes dudas al respecto utiliza los comentarios<\/p>\n","protected":false},"excerpt":{"rendered":"<p>\u00bfHas tomado la decisi\u00f3n de montar un negocio desde cero? Si es as\u00ed y has llegado hasta aqu\u00ed, debes saber que el primer paso es dar de alta tu empresa en Hacienda mediante el modelo 036 de Bizkaia. Vamos a verloen detalle para que lo tengas m\u00e1s claro.<\/p>\n","protected":false},"author":20,"featured_media":19436,"comment_status":"open","ping_status":"open","sticky":false,"template":"","format":"standard","meta":{"_acf_changed":false,"_et_pb_use_builder":"","_et_pb_old_content":"","_et_gb_content_width":"","om_disable_all_campaigns":false,"inline_featured_image":false,"footnotes":""},"categories":[1014],"tags":[1380],"class_list":{"0":"post-19435","1":"post","2":"type-post","3":"status-publish","4":"format-standard","5":"has-post-thumbnail","7":"category-fiscalidad","8":"tag-autonomos"},"acf":{"selector_de_usuario":null,"fecha_de_revision":null},"yoast_head":"<!-- This site is optimized with the Yoast SEO plugin v27.1 - https:\/\/yoast.com\/product\/yoast-seo-wordpress\/ -->\n<title>Qu\u00e9 es y c\u00f3mo rellenar el Modelo 036 de Bizkaia - TeamSystem Facturas Billin<\/title>\n<meta name=\"description\" content=\"Te contamos lo que es el Modelo 036 de Bizkaia y todo lo que puedes hacer con \u00e9l a la hora de emprender un negocio o realizar cambios.\" \/>\n<meta name=\"robots\" content=\"index, follow, max-snippet:-1, max-image-preview:large, max-video-preview:-1\" \/>\n<link rel=\"canonical\" href=\"https:\/\/www.billin.net\/blog\/modelo-036-bizkaia\/\" \/>\n<meta property=\"og:locale\" content=\"es_ES\" \/>\n<meta property=\"og:type\" content=\"article\" \/>\n<meta property=\"og:title\" content=\"Qu\u00e9 es y c\u00f3mo rellenar el Modelo 036 de Bizkaia - TeamSystem Facturas Billin\" \/>\n<meta property=\"og:description\" content=\"Te contamos lo que es el Modelo 036 de Bizkaia y todo lo que puedes hacer con \u00e9l a la hora de emprender un negocio o realizar cambios.\" \/>\n<meta property=\"og:url\" content=\"https:\/\/www.billin.net\/blog\/modelo-036-bizkaia\/\" \/>\n<meta property=\"og:site_name\" content=\"Blog de TeamSystem Facturas Billin\" \/>\n<meta property=\"article:publisher\" content=\"https:\/\/www.facebook.com\/EsBillin\" \/>\n<meta property=\"article:published_time\" content=\"2022-06-20T11:07:57+00:00\" \/>\n<meta property=\"article:modified_time\" content=\"2025-09-25T18:35:13+00:00\" \/>\n<meta property=\"og:image\" content=\"https:\/\/www.billin.net\/blog\/wp-content\/uploads\/2022\/06\/modelo-036-bizkaia.jpg\" \/>\n\t<meta property=\"og:image:width\" content=\"1920\" \/>\n\t<meta property=\"og:image:height\" content=\"1280\" \/>\n\t<meta property=\"og:image:type\" content=\"image\/jpeg\" \/>\n<meta name=\"author\" content=\"Marcos De La Cueva - CEO TeamSystem Facturas Billin\" \/>\n<meta name=\"twitter:card\" content=\"summary_large_image\" \/>\n<meta name=\"twitter:creator\" content=\"@Billin_ES\" \/>\n<meta name=\"twitter:site\" content=\"@Billin_ES\" \/>\n<meta name=\"twitter:label1\" content=\"Escrito por\" \/>\n\t<meta name=\"twitter:data1\" content=\"Marcos De La Cueva - CEO TeamSystem Facturas Billin\" \/>\n\t<meta name=\"twitter:label2\" content=\"Tiempo de lectura\" \/>\n\t<meta name=\"twitter:data2\" content=\"10 minutos\" \/>\n<script type=\"application\/ld+json\" class=\"yoast-schema-graph\">{\"@context\":\"https:\/\/schema.org\",\"@graph\":[{\"@type\":\"Article\",\"@id\":\"https:\/\/www.billin.net\/blog\/modelo-036-bizkaia\/#article\",\"isPartOf\":{\"@id\":\"https:\/\/www.billin.net\/blog\/modelo-036-bizkaia\/\"},\"author\":{\"name\":\"Marcos De La Cueva - CEO TeamSystem Facturas Billin\",\"@id\":\"https:\/\/www.billin.net\/blog\/#\/schema\/person\/d0339ee6e869234614541b1e80a793e7\"},\"headline\":\"Alta de aut\u00f3nomo con el modelo 036 en Bizkaia\",\"datePublished\":\"2022-06-20T11:07:57+00:00\",\"dateModified\":\"2025-09-25T18:35:13+00:00\",\"mainEntityOfPage\":{\"@id\":\"https:\/\/www.billin.net\/blog\/modelo-036-bizkaia\/\"},\"wordCount\":2297,\"commentCount\":0,\"publisher\":{\"@id\":\"https:\/\/www.billin.net\/blog\/#organization\"},\"image\":{\"@id\":\"https:\/\/www.billin.net\/blog\/modelo-036-bizkaia\/#primaryimage\"},\"thumbnailUrl\":\"https:\/\/www.billin.net\/blog\/wp-content\/uploads\/2022\/06\/modelo-036-bizkaia.jpg\",\"keywords\":[\"Aut\u00f3nomos\"],\"articleSection\":[\"Fiscalidad\"],\"inLanguage\":\"es\",\"potentialAction\":[{\"@type\":\"CommentAction\",\"name\":\"Comment\",\"target\":[\"https:\/\/www.billin.net\/blog\/modelo-036-bizkaia\/#respond\"]}]},{\"@type\":\"WebPage\",\"@id\":\"https:\/\/www.billin.net\/blog\/modelo-036-bizkaia\/\",\"url\":\"https:\/\/www.billin.net\/blog\/modelo-036-bizkaia\/\",\"name\":\"Qu\u00e9 es y c\u00f3mo rellenar el Modelo 036 de Bizkaia - TeamSystem Facturas Billin\",\"isPartOf\":{\"@id\":\"https:\/\/www.billin.net\/blog\/#website\"},\"primaryImageOfPage\":{\"@id\":\"https:\/\/www.billin.net\/blog\/modelo-036-bizkaia\/#primaryimage\"},\"image\":{\"@id\":\"https:\/\/www.billin.net\/blog\/modelo-036-bizkaia\/#primaryimage\"},\"thumbnailUrl\":\"https:\/\/www.billin.net\/blog\/wp-content\/uploads\/2022\/06\/modelo-036-bizkaia.jpg\",\"datePublished\":\"2022-06-20T11:07:57+00:00\",\"dateModified\":\"2025-09-25T18:35:13+00:00\",\"description\":\"Te contamos lo que es el Modelo 036 de Bizkaia y todo lo que puedes hacer con \u00e9l a la hora de emprender un negocio o realizar cambios.\",\"breadcrumb\":{\"@id\":\"https:\/\/www.billin.net\/blog\/modelo-036-bizkaia\/#breadcrumb\"},\"inLanguage\":\"es\",\"potentialAction\":[{\"@type\":\"ReadAction\",\"target\":[\"https:\/\/www.billin.net\/blog\/modelo-036-bizkaia\/\"]}]},{\"@type\":\"ImageObject\",\"inLanguage\":\"es\",\"@id\":\"https:\/\/www.billin.net\/blog\/modelo-036-bizkaia\/#primaryimage\",\"url\":\"https:\/\/www.billin.net\/blog\/wp-content\/uploads\/2022\/06\/modelo-036-bizkaia.jpg\",\"contentUrl\":\"https:\/\/www.billin.net\/blog\/wp-content\/uploads\/2022\/06\/modelo-036-bizkaia.jpg\",\"width\":1920,\"height\":1280,\"caption\":\"modelo 036 bizkaia\"},{\"@type\":\"BreadcrumbList\",\"@id\":\"https:\/\/www.billin.net\/blog\/modelo-036-bizkaia\/#breadcrumb\",\"itemListElement\":[{\"@type\":\"ListItem\",\"position\":1,\"name\":\"Blog\",\"item\":\"https:\/\/www.billin.net\/blog\/\"},{\"@type\":\"ListItem\",\"position\":2,\"name\":\"Fiscalidad\",\"item\":\"https:\/\/www.billin.net\/blog\/fiscalidad\/\"},{\"@type\":\"ListItem\",\"position\":3,\"name\":\"Alta de aut\u00f3nomo con el modelo 036 en Bizkaia\"}]},{\"@type\":\"WebSite\",\"@id\":\"https:\/\/www.billin.net\/blog\/#website\",\"url\":\"https:\/\/www.billin.net\/blog\/\",\"name\":\"Blog de Billin\",\"description\":\"Mantente informado con el blog de TeamSystem Facturas Billin:  facturaci\u00f3n, legislaci\u00f3n, contabilidad, management y toda la informaci\u00f3n \u00fatil para pymes y aut\u00f3nomos.\",\"publisher\":{\"@id\":\"https:\/\/www.billin.net\/blog\/#organization\"},\"potentialAction\":[{\"@type\":\"SearchAction\",\"target\":{\"@type\":\"EntryPoint\",\"urlTemplate\":\"https:\/\/www.billin.net\/blog\/?s={search_term_string}\"},\"query-input\":{\"@type\":\"PropertyValueSpecification\",\"valueRequired\":true,\"valueName\":\"search_term_string\"}}],\"inLanguage\":\"es\"},{\"@type\":\"Organization\",\"@id\":\"https:\/\/www.billin.net\/blog\/#organization\",\"name\":\"Billin\",\"alternateName\":\"Blog de Billin\",\"url\":\"https:\/\/www.billin.net\/blog\/\",\"logo\":{\"@type\":\"ImageObject\",\"inLanguage\":\"es\",\"@id\":\"https:\/\/www.billin.net\/blog\/#\/schema\/logo\/image\/\",\"url\":\"https:\/\/www.billin.net\/blog\/wp-content\/uploads\/2019\/06\/logotipo-billin-blog-1.png\",\"contentUrl\":\"https:\/\/www.billin.net\/blog\/wp-content\/uploads\/2019\/06\/logotipo-billin-blog-1.png\",\"width\":126,\"height\":50,\"caption\":\"Billin\"},\"image\":{\"@id\":\"https:\/\/www.billin.net\/blog\/#\/schema\/logo\/image\/\"},\"sameAs\":[\"https:\/\/www.facebook.com\/EsBillin\",\"https:\/\/x.com\/Billin_ES\",\"https:\/\/www.instagram.com\/billin_es\/\",\"https:\/\/www.linkedin.com\/company\/billin-spain\",\"https:\/\/www.youtube.com\/c\/BillinEsintercambiodefacturas\/\"],\"legalName\":\"MY EXPENSES SL\",\"contactPoint\":{\"@type\":\"ContactPoint\",\"telephone\":\"+34918318883\",\"contactType\":\"customer service\",\"email\":\"info@billin.eu\",\"availableLanguage\":\"es\"},\"foundingDate\":\"2015\",\"numberOfEmployees\":{\"@type\":\"QuantitativeValue\",\"minValue\":10,\"maxValue\":50},\"parentOrganization\":{\"@type\":\"Organization\",\"name\":\"TeamSystem\",\"url\":\"https:\/\/www.teamsystem.com\/\"},\"description\":\"Billin es el programa de facturaci\u00f3n online de TeamSystem para aut\u00f3nomos y pymes en Espa\u00f1a. Permite crear facturas, controlar gastos y cumplir con Verifactu.\",\"address\":{\"@type\":\"PostalAddress\",\"streetAddress\":\"Calle Arturo Soria, 336\",\"addressLocality\":\"Madrid\",\"addressRegion\":\"Madrid\",\"postalCode\":\"28033\",\"addressCountry\":\"ES\"}},{\"@type\":\"Person\",\"@id\":\"https:\/\/www.billin.net\/blog\/#\/schema\/person\/d0339ee6e869234614541b1e80a793e7\",\"name\":\"Marcos De La Cueva - CEO TeamSystem Facturas Billin\",\"image\":{\"@type\":\"ImageObject\",\"inLanguage\":\"es\",\"@id\":\"https:\/\/www.billin.net\/blog\/#\/schema\/person\/image\/\",\"url\":\"https:\/\/www.billin.net\/blog\/wp-content\/uploads\/2023\/10\/marcos-color-150x150.png\",\"contentUrl\":\"https:\/\/www.billin.net\/blog\/wp-content\/uploads\/2023\/10\/marcos-color-150x150.png\",\"caption\":\"Marcos De La Cueva - CEO TeamSystem Facturas Billin\"},\"description\":\"Licenciado en ADE por la Universidad Aut\u00f3noma de Madrid, Marcos De la Cueva es CEO y cofundador de TeamSystem Facturas Billin, un programa online que lleva m\u00e1s de 9 a\u00f1os ayudando a aut\u00f3nomos, peque\u00f1os negocios y gestor\u00edas a digitalizar sus presupuestos, facturas, tickets y gastos. \u00a0 Sobre Marcos De La Cueva \u00a0 Apasionado por el mundo empresarial y la tecnolog\u00eda, curs\u00f3 su M\u00e1ster de Finanzas en la Universidad Pontificia de Comillas y estuvo en el Programa de Cooperaci\u00f3n Educativa de la Universidad Aut\u00f3noma de Madrid. \u00a0 Marcos siempre ha tenido su objetivo claro: ayudar a la creaci\u00f3n de negocios financieramente sostenibles a trav\u00e9s de una herramienta de facturaci\u00f3n que les permita ahorrar tiempo y tener la contabilidad bajo control. \u00a0 Marcos De La Cueva en los medios \u2014 Noticia sobre Kit Digital y Ley Antifraude (VeriFactu) en El Economista. \u2014 Noticia sobre Kit Digital y factura electr\u00f3nica obligatoria en Diario Jur\u00eddico. \u2014 Noticia sobre el a\u00f1o de transici\u00f3n para la factura electr\u00f3nica en Muy Pymes. \u2014 Entrevista sobre factura electr\u00f3nica obligatoria en Canal Sur. \u2014 Noticia sobre el informe factura electr\u00f3nica de TeamSystem en Channel Partner. \u2014 Charla sobre productividad y Ley Crea y Crece en El Economista. \u2014 Charla sobre factura electr\u00f3nica obligatoria en Muy Pymes. \u2014 Charla sobre digitalizaci\u00f3n aut\u00f3nomos y productividad en esdiario. \u2014 Charla sobre productividad y factura electr\u00f3nica en La Raz\u00f3n. \u2014 Charla sobre factura electr\u00f3nica obligatoria en Aut\u00f3nomos y Emprendedores. \u2014 Entrevista sobre Ley Antifraude y Ley Crea y Crece en Expansi\u00f3n. \u2014 Entrevista sobre Ley Antifraude y Ley Crea y Crece en La Raz\u00f3n. \u2014 Entrevista sobre factura electr\u00f3nica obligatoria en El Economista. \u2014 Comunicado Billin y TeamSystem en Business Insider. \u2014 Entrevista en Econom\u00eda Digital. \u2014 Entrevista en Ideas para tu empresa de Vodafone. \u2014 Entrevista en M\u00e1sQradio. \u2014 Entrevista en Armas para emprender de El M\u00e9todo Gallardo. \u2014 Entrevista en KFund. \u2014 Entrevista en AXA Seguros Espa\u00f1a. \u2014 Entrevista en GestionaRadio. \u00a0 Marcos De La Cueva en eventos \u00a0 \u2014 Participaci\u00f3n como ponente en Accountex Espa\u00f1a 2023. \u00a0 Tem\u00e1ticas de especializaci\u00f3n \u00a0 negocios | startups | contabilidad| fiscalidad | empresas| asesor\u00edas| autonomos | emprendedores | peque\u00f1os negocios | econom\u00eda | ADE | pymes | desarrollo de negocio\u00a0\",\"sameAs\":[\"https:\/\/www.billin.net\/\",\"https:\/\/www.linkedin.com\/in\/marcos-de-la-cueva-19750ba3\/\"],\"url\":\"https:\/\/www.billin.net\/blog\/author\/marcosdelacueva\/\",\"jobTitle\":\"CEO y cofundador de TS Facturas Billin\"}]}<\/script>\n<!-- \/ Yoast SEO plugin. -->","yoast_head_json":{"title":"Qu\u00e9 es y c\u00f3mo rellenar el Modelo 036 de Bizkaia - TeamSystem Facturas Billin","description":"Te contamos lo que es el Modelo 036 de Bizkaia y todo lo que puedes hacer con \u00e9l a la hora de emprender un negocio o realizar cambios.","robots":{"index":"index","follow":"follow","max-snippet":"max-snippet:-1","max-image-preview":"max-image-preview:large","max-video-preview":"max-video-preview:-1"},"canonical":"https:\/\/www.billin.net\/blog\/modelo-036-bizkaia\/","og_locale":"es_ES","og_type":"article","og_title":"Qu\u00e9 es y c\u00f3mo rellenar el Modelo 036 de Bizkaia - TeamSystem Facturas Billin","og_description":"Te contamos lo que es el Modelo 036 de Bizkaia y todo lo que puedes hacer con \u00e9l a la hora de emprender un negocio o realizar cambios.","og_url":"https:\/\/www.billin.net\/blog\/modelo-036-bizkaia\/","og_site_name":"Blog de TeamSystem Facturas Billin","article_publisher":"https:\/\/www.facebook.com\/EsBillin","article_published_time":"2022-06-20T11:07:57+00:00","article_modified_time":"2025-09-25T18:35:13+00:00","og_image":[{"width":1920,"height":1280,"url":"https:\/\/www.billin.net\/blog\/wp-content\/uploads\/2022\/06\/modelo-036-bizkaia.jpg","type":"image\/jpeg"}],"author":"Marcos De La Cueva - CEO TeamSystem Facturas Billin","twitter_card":"summary_large_image","twitter_creator":"@Billin_ES","twitter_site":"@Billin_ES","twitter_misc":{"Escrito por":"Marcos De La Cueva - CEO TeamSystem Facturas Billin","Tiempo de lectura":"10 minutos"},"schema":{"@context":"https:\/\/schema.org","@graph":[{"@type":"Article","@id":"https:\/\/www.billin.net\/blog\/modelo-036-bizkaia\/#article","isPartOf":{"@id":"https:\/\/www.billin.net\/blog\/modelo-036-bizkaia\/"},"author":{"name":"Marcos De La Cueva - CEO TeamSystem Facturas Billin","@id":"https:\/\/www.billin.net\/blog\/#\/schema\/person\/d0339ee6e869234614541b1e80a793e7"},"headline":"Alta de aut\u00f3nomo con el modelo 036 en Bizkaia","datePublished":"2022-06-20T11:07:57+00:00","dateModified":"2025-09-25T18:35:13+00:00","mainEntityOfPage":{"@id":"https:\/\/www.billin.net\/blog\/modelo-036-bizkaia\/"},"wordCount":2297,"commentCount":0,"publisher":{"@id":"https:\/\/www.billin.net\/blog\/#organization"},"image":{"@id":"https:\/\/www.billin.net\/blog\/modelo-036-bizkaia\/#primaryimage"},"thumbnailUrl":"https:\/\/www.billin.net\/blog\/wp-content\/uploads\/2022\/06\/modelo-036-bizkaia.jpg","keywords":["Aut\u00f3nomos"],"articleSection":["Fiscalidad"],"inLanguage":"es","potentialAction":[{"@type":"CommentAction","name":"Comment","target":["https:\/\/www.billin.net\/blog\/modelo-036-bizkaia\/#respond"]}]},{"@type":"WebPage","@id":"https:\/\/www.billin.net\/blog\/modelo-036-bizkaia\/","url":"https:\/\/www.billin.net\/blog\/modelo-036-bizkaia\/","name":"Qu\u00e9 es y c\u00f3mo rellenar el Modelo 036 de Bizkaia - TeamSystem Facturas Billin","isPartOf":{"@id":"https:\/\/www.billin.net\/blog\/#website"},"primaryImageOfPage":{"@id":"https:\/\/www.billin.net\/blog\/modelo-036-bizkaia\/#primaryimage"},"image":{"@id":"https:\/\/www.billin.net\/blog\/modelo-036-bizkaia\/#primaryimage"},"thumbnailUrl":"https:\/\/www.billin.net\/blog\/wp-content\/uploads\/2022\/06\/modelo-036-bizkaia.jpg","datePublished":"2022-06-20T11:07:57+00:00","dateModified":"2025-09-25T18:35:13+00:00","description":"Te contamos lo que es el Modelo 036 de Bizkaia y todo lo que puedes hacer con \u00e9l a la hora de emprender un negocio o realizar cambios.","breadcrumb":{"@id":"https:\/\/www.billin.net\/blog\/modelo-036-bizkaia\/#breadcrumb"},"inLanguage":"es","potentialAction":[{"@type":"ReadAction","target":["https:\/\/www.billin.net\/blog\/modelo-036-bizkaia\/"]}]},{"@type":"ImageObject","inLanguage":"es","@id":"https:\/\/www.billin.net\/blog\/modelo-036-bizkaia\/#primaryimage","url":"https:\/\/www.billin.net\/blog\/wp-content\/uploads\/2022\/06\/modelo-036-bizkaia.jpg","contentUrl":"https:\/\/www.billin.net\/blog\/wp-content\/uploads\/2022\/06\/modelo-036-bizkaia.jpg","width":1920,"height":1280,"caption":"modelo 036 bizkaia"},{"@type":"BreadcrumbList","@id":"https:\/\/www.billin.net\/blog\/modelo-036-bizkaia\/#breadcrumb","itemListElement":[{"@type":"ListItem","position":1,"name":"Blog","item":"https:\/\/www.billin.net\/blog\/"},{"@type":"ListItem","position":2,"name":"Fiscalidad","item":"https:\/\/www.billin.net\/blog\/fiscalidad\/"},{"@type":"ListItem","position":3,"name":"Alta de aut\u00f3nomo con el modelo 036 en Bizkaia"}]},{"@type":"WebSite","@id":"https:\/\/www.billin.net\/blog\/#website","url":"https:\/\/www.billin.net\/blog\/","name":"Blog de Billin","description":"Mantente informado con el blog de TeamSystem Facturas Billin:  facturaci\u00f3n, legislaci\u00f3n, contabilidad, management y toda la informaci\u00f3n \u00fatil para pymes y aut\u00f3nomos.","publisher":{"@id":"https:\/\/www.billin.net\/blog\/#organization"},"potentialAction":[{"@type":"SearchAction","target":{"@type":"EntryPoint","urlTemplate":"https:\/\/www.billin.net\/blog\/?s={search_term_string}"},"query-input":{"@type":"PropertyValueSpecification","valueRequired":true,"valueName":"search_term_string"}}],"inLanguage":"es"},{"@type":"Organization","@id":"https:\/\/www.billin.net\/blog\/#organization","name":"Billin","alternateName":"Blog de Billin","url":"https:\/\/www.billin.net\/blog\/","logo":{"@type":"ImageObject","inLanguage":"es","@id":"https:\/\/www.billin.net\/blog\/#\/schema\/logo\/image\/","url":"https:\/\/www.billin.net\/blog\/wp-content\/uploads\/2019\/06\/logotipo-billin-blog-1.png","contentUrl":"https:\/\/www.billin.net\/blog\/wp-content\/uploads\/2019\/06\/logotipo-billin-blog-1.png","width":126,"height":50,"caption":"Billin"},"image":{"@id":"https:\/\/www.billin.net\/blog\/#\/schema\/logo\/image\/"},"sameAs":["https:\/\/www.facebook.com\/EsBillin","https:\/\/x.com\/Billin_ES","https:\/\/www.instagram.com\/billin_es\/","https:\/\/www.linkedin.com\/company\/billin-spain","https:\/\/www.youtube.com\/c\/BillinEsintercambiodefacturas\/"],"legalName":"MY EXPENSES SL","contactPoint":{"@type":"ContactPoint","telephone":"+34918318883","contactType":"customer service","email":"info@billin.eu","availableLanguage":"es"},"foundingDate":"2015","numberOfEmployees":{"@type":"QuantitativeValue","minValue":10,"maxValue":50},"parentOrganization":{"@type":"Organization","name":"TeamSystem","url":"https:\/\/www.teamsystem.com\/"},"description":"Billin es el programa de facturaci\u00f3n online de TeamSystem para aut\u00f3nomos y pymes en Espa\u00f1a. Permite crear facturas, controlar gastos y cumplir con Verifactu.","address":{"@type":"PostalAddress","streetAddress":"Calle Arturo Soria, 336","addressLocality":"Madrid","addressRegion":"Madrid","postalCode":"28033","addressCountry":"ES"}},{"@type":"Person","@id":"https:\/\/www.billin.net\/blog\/#\/schema\/person\/d0339ee6e869234614541b1e80a793e7","name":"Marcos De La Cueva - CEO TeamSystem Facturas Billin","image":{"@type":"ImageObject","inLanguage":"es","@id":"https:\/\/www.billin.net\/blog\/#\/schema\/person\/image\/","url":"https:\/\/www.billin.net\/blog\/wp-content\/uploads\/2023\/10\/marcos-color-150x150.png","contentUrl":"https:\/\/www.billin.net\/blog\/wp-content\/uploads\/2023\/10\/marcos-color-150x150.png","caption":"Marcos De La Cueva - CEO TeamSystem Facturas Billin"},"description":"Licenciado en ADE por la Universidad Aut\u00f3noma de Madrid, Marcos De la Cueva es CEO y cofundador de TeamSystem Facturas Billin, un programa online que lleva m\u00e1s de 9 a\u00f1os ayudando a aut\u00f3nomos, peque\u00f1os negocios y gestor\u00edas a digitalizar sus presupuestos, facturas, tickets y gastos. \u00a0 Sobre Marcos De La Cueva \u00a0 Apasionado por el mundo empresarial y la tecnolog\u00eda, curs\u00f3 su M\u00e1ster de Finanzas en la Universidad Pontificia de Comillas y estuvo en el Programa de Cooperaci\u00f3n Educativa de la Universidad Aut\u00f3noma de Madrid. \u00a0 Marcos siempre ha tenido su objetivo claro: ayudar a la creaci\u00f3n de negocios financieramente sostenibles a trav\u00e9s de una herramienta de facturaci\u00f3n que les permita ahorrar tiempo y tener la contabilidad bajo control. \u00a0 Marcos De La Cueva en los medios \u2014 Noticia sobre Kit Digital y Ley Antifraude (VeriFactu) en El Economista. \u2014 Noticia sobre Kit Digital y factura electr\u00f3nica obligatoria en Diario Jur\u00eddico. \u2014 Noticia sobre el a\u00f1o de transici\u00f3n para la factura electr\u00f3nica en Muy Pymes. \u2014 Entrevista sobre factura electr\u00f3nica obligatoria en Canal Sur. \u2014 Noticia sobre el informe factura electr\u00f3nica de TeamSystem en Channel Partner. \u2014 Charla sobre productividad y Ley Crea y Crece en El Economista. \u2014 Charla sobre factura electr\u00f3nica obligatoria en Muy Pymes. \u2014 Charla sobre digitalizaci\u00f3n aut\u00f3nomos y productividad en esdiario. \u2014 Charla sobre productividad y factura electr\u00f3nica en La Raz\u00f3n. \u2014 Charla sobre factura electr\u00f3nica obligatoria en Aut\u00f3nomos y Emprendedores. \u2014 Entrevista sobre Ley Antifraude y Ley Crea y Crece en Expansi\u00f3n. \u2014 Entrevista sobre Ley Antifraude y Ley Crea y Crece en La Raz\u00f3n. \u2014 Entrevista sobre factura electr\u00f3nica obligatoria en El Economista. \u2014 Comunicado Billin y TeamSystem en Business Insider. \u2014 Entrevista en Econom\u00eda Digital. \u2014 Entrevista en Ideas para tu empresa de Vodafone. \u2014 Entrevista en M\u00e1sQradio. \u2014 Entrevista en Armas para emprender de El M\u00e9todo Gallardo. \u2014 Entrevista en KFund. \u2014 Entrevista en AXA Seguros Espa\u00f1a. \u2014 Entrevista en GestionaRadio. \u00a0 Marcos De La Cueva en eventos \u00a0 \u2014 Participaci\u00f3n como ponente en Accountex Espa\u00f1a 2023. \u00a0 Tem\u00e1ticas de especializaci\u00f3n \u00a0 negocios | startups | contabilidad| fiscalidad | empresas| asesor\u00edas| autonomos | emprendedores | peque\u00f1os negocios | econom\u00eda | ADE | pymes | desarrollo de negocio\u00a0","sameAs":["https:\/\/www.billin.net\/","https:\/\/www.linkedin.com\/in\/marcos-de-la-cueva-19750ba3\/"],"url":"https:\/\/www.billin.net\/blog\/author\/marcosdelacueva\/","jobTitle":"CEO y cofundador de TS Facturas Billin"}]}},"_links":{"self":[{"href":"https:\/\/www.billin.net\/blog\/wp-json\/wp\/v2\/posts\/19435","targetHints":{"allow":["GET"]}}],"collection":[{"href":"https:\/\/www.billin.net\/blog\/wp-json\/wp\/v2\/posts"}],"about":[{"href":"https:\/\/www.billin.net\/blog\/wp-json\/wp\/v2\/types\/post"}],"author":[{"embeddable":true,"href":"https:\/\/www.billin.net\/blog\/wp-json\/wp\/v2\/users\/20"}],"replies":[{"embeddable":true,"href":"https:\/\/www.billin.net\/blog\/wp-json\/wp\/v2\/comments?post=19435"}],"version-history":[{"count":6,"href":"https:\/\/www.billin.net\/blog\/wp-json\/wp\/v2\/posts\/19435\/revisions"}],"predecessor-version":[{"id":26794,"href":"https:\/\/www.billin.net\/blog\/wp-json\/wp\/v2\/posts\/19435\/revisions\/26794"}],"wp:featuredmedia":[{"embeddable":true,"href":"https:\/\/www.billin.net\/blog\/wp-json\/wp\/v2\/media\/19436"}],"wp:attachment":[{"href":"https:\/\/www.billin.net\/blog\/wp-json\/wp\/v2\/media?parent=19435"}],"wp:term":[{"taxonomy":"category","embeddable":true,"href":"https:\/\/www.billin.net\/blog\/wp-json\/wp\/v2\/categories?post=19435"},{"taxonomy":"post_tag","embeddable":true,"href":"https:\/\/www.billin.net\/blog\/wp-json\/wp\/v2\/tags?post=19435"}],"curies":[{"name":"wp","href":"https:\/\/api.w.org\/{rel}","templated":true}]}}