{"id":19418,"date":"2022-06-17T09:47:45","date_gmt":"2022-06-17T07:47:45","guid":{"rendered":"https:\/\/www.billin.net\/blog\/?p=19418"},"modified":"2025-09-25T20:35:23","modified_gmt":"2025-09-25T18:35:23","slug":"modelo-180-bizkaia","status":"publish","type":"post","link":"https:\/\/www.billin.net\/blog\/modelo-180-bizkaia\/","title":{"rendered":"El modelo 180 de Bizkaia"},"content":{"rendered":"<p>Los profesionales, ya sean personas f\u00edsicas o jur\u00eddicas, cuya actividad est\u00e9 ubicada en inmuebles alquilados y que est\u00e9n obligados a informar mensualmente a Hacienda de las retenciones practicadas, deber\u00e1n declararlas mediante la declaraci\u00f3n trimestral, <a href=\"https:\/\/www.billin.net\/blog\/modelo-irpf-115\/\" target=\"_blank\" rel=\"noopener\">modelo 115<\/a>, y el resumen anual, que se elabora en el modelo 180 de Bizkaia.<\/p>\n<p>Veamos con m\u00e1s detalle el modelo 180 y conozcamos en qu\u00e9 consiste y c\u00f3mo presentarlo en caso de tener que hacerlo.<\/p>\n<p><!--more--><\/p>\n<h2>\u00bfQu\u00e9 es el Modelo 180 de Bizkaia?<\/h2>\n<p>El <a href=\"https:\/\/www.billin.net\/blog\/como-rellenar-modelo-180\/\" target=\"_blank\" rel=\"noopener\">modelo 180<\/a> es un resumen anual del modelo 115 que se presenta trimestralmente y <strong>cubre las deducciones y los pagos a cuenta <\/strong>(impuesto sobre la renta de las personas f\u00edsicas o impuesto de sociedades o impuesto sobre la renta de no residentes)<strong> realizados en relaci\u00f3n con el alquiler o subarriendo de bienes inmuebles de la ciudad utilizados con fines comerciale<\/strong>s en el a\u00f1o natural anterior al a\u00f1o de presentaci\u00f3n.<\/p>\n<p>Es decir, refleja las deducciones practicadas por el arrendamiento de los bienes inmuebles urbanos en los que desarrollamos nuestra actividad.<\/p>\n<p>Tambi\u00e9n es una herramienta que<strong> se usa para efectuar reembolsos adicionales o de sustituci\u00f3n cuando no hemos tenido tiempo de reclamar algo o queremos anular o sustituir algo reclamado anteriormente<\/strong> en relaci\u00f3n con el mismo periodo. Para ello, se presenta el mismo formulario pero se inserta una cruz en la columna correspondiente.<\/p>\n<h2>\u00bfQui\u00e9n debe presentar el Modelo 180 de Bizkaia?<\/h2>\n<p>Las personas f\u00edsicas o jur\u00eddicas, o cualquier otra persona, incluidas las autoridades p\u00fablicas<strong>, que ejerzan su actividad en un local alquilado, si se trata de un inmueble urbano, deben presentar el modelo 180.<\/strong><\/p>\n<p>A este respecto, cabe se\u00f1alar que los requisitos de presentaci\u00f3n del formulario 180 son los mismos que los del formulario 115.<\/p>\n<h2>\u00bfCu\u00e1ndo se presenta el Modelo 180 en Bizkaia?<\/h2>\n<p>El per\u00edodo de presentaci\u00f3n <strong>va del 1 al 31 de enero de cada a\u00f1o<\/strong> y refleja las deducciones o pagos a la cuenta del a\u00f1o inmediatamente anterior al de la presentaci\u00f3n.<\/p>\n<h2>\u00bfC\u00f3mo rellenar el Modelo 180 de Bizkaia?<\/h2>\n<p>Para presentarlo de forma presencial, primero hay que descargar el Modelo 180 de Bizkaia <a href=\"https:\/\/www.bizkaia.eus\/fitxategiak\/05\/ogasuna\/ereduak\/Argitaratu\/180Bil.PDF?hash=d680e5e92ea5d664c8821b3460928d63\" target=\"_blank\" rel=\"noopener\">en formato PDF<\/a>, aunque tambi\u00e9n se puede presentar online.<\/p>\n<p>Una vez que haya recibido el formulario, deber\u00e1s completar cada secci\u00f3n.<\/p>\n<p>Aqu\u00ed los pasos:<\/p>\n<h3>Declarante<\/h3>\n<p>En este apartado debe figurar el nombre de la empresa y el DNI o NIF.<\/p>\n<h3>Persona de contacto<\/h3>\n<p>Facilitaremos el nombre y el n\u00famero de IVA de una persona de contacto, as\u00ed como un n\u00famero de tel\u00e9fono y una direcci\u00f3n de correo electr\u00f3nico donde poder contactar con esta persona para agilizar cualquier incidencia o sospecha relacionada con los datos facilitados.<\/p>\n<p><strong>Esta casilla es muy \u00fatil si tenemos una gestor\u00eda encargada de nuestras obligaciones fiscales<\/strong> o si tenemos una gran empresa con diferentes sedes, por lo que en este apartado facilitaremos la direcci\u00f3n de contacto de la persona que puede resolver cualquier duda.<\/p>\n<h3>Resumen de datos<\/h3>\n<p>Se trata de un resumen de los datos introducidos en las p\u00e1ginas internas del documento, desglosados de la siguiente manera:<\/p>\n<ul>\n<li>Casilla 01. N\u00famero total de declarados.<strong> El n\u00famero total de beneficiarios debe indicarse en las p\u00e1ginas interiores.<\/strong> Este registro se realiza en funci\u00f3n del n\u00famero de registros, lo que significa que si el mismo beneficiario aparece en varios registros, se calcula para cada uno de ellos.<\/li>\n<li>Casilla 02 Retenciones y pagos a cuenta. Refleja el total de los importes indicados en todos los campos de \u00abdeducci\u00f3n o salario\u00bb de las p\u00e1ginas internas.<\/li>\n<li>Casilla 03. Deducciones y anticipos. Es la suma de los importes de todos los campos \u00abRetenciones o ingresos a cuenta\u00bb de las p\u00e1ginas internas.<\/li>\n<\/ul>\n<h3>Resumen de las deducciones y anticipos efectuados<\/h3>\n<p>El importe total de los anticipos abonados debe comunicarse de forma detallada con car\u00e1cter mensual o trimestral. En este apartado no es necesario incluir el importe total que se sumar\u00e1 en la casilla 10.<\/p>\n<h3>Apartado de presentaci\u00f3n<\/h3>\n<p>En la casilla \u00abApartado de presentaci\u00f3n\u00bb, marque con una X la casilla que corresponda al m\u00e9todo de contribuci\u00f3n, en papel o en un soporte legible por ordenador, que puede ser un soporte individual o colectivo.<\/p>\n<p>En este \u00faltimo caso, <strong>indica si los datos de la hoja de resumen se refieren al solicitante o a uno de los declarantes cuya declaraci\u00f3n se incluye en el documento justificativo.<\/strong><\/p>\n<p>En el apartado \u00abPresentaci\u00f3n colectiva\u00bb,<strong> indica en la casilla 04 el n\u00famero total de declarantes,<\/strong> es decir, el n\u00famero de sujetos retenidos cuyas declaraciones se incluyen en el soporte, y en la casilla 05 el n\u00famero total de declarantes, incluyendo el registro de declarantes, sin tener en cuenta las personas o entidades con las que est\u00e1n en contacto.<\/p>\n<p>En cualquier caso, esta cifra debe coincidir con el n\u00famero total de declarantes de la casilla 01 de la hoja de resumen.<\/p>\n<h3>Cumplimentaci\u00f3n de las hojas interiores<\/h3>\n<p><strong>Datos de identificaci\u00f3n<\/strong><\/p>\n<p>En esta secci\u00f3n, introduzca el n\u00famero de identificaci\u00f3n fiscal (NIF) del contribuyente y los apellidos y el nombre o la raz\u00f3n social del contribuyente en la casilla NIF.<\/p>\n<p>En la casilla A\u00f1o fiscal, introduzca el a\u00f1o fiscal, incluyendo los n\u00fameros de cuatro d\u00edgitos. Por \u00faltimo, la \u00abcasilla Hoja n.\u00ba\u00bb indica el n\u00famero de serie de cada p\u00e1gina y el n\u00famero total de p\u00e1ginas de la declaraci\u00f3n.<\/p>\n<p><strong>Lista de declarantes<\/strong><\/p>\n<p>Debe introducirse el n\u00famero de identificaci\u00f3n fiscal (NIF) de cada <a href=\"https:\/\/www.billin.net\/blog\/que-es-y-como-funciona-el-sujeto-pasivo\/\" target=\"_blank\" rel=\"noopener\">sujeto pasivo<\/a>. Para ello, ten en cuenta que si se trata de una persona jur\u00eddica no constituida, introduciremos el correspondiente c\u00f3digo de identificaci\u00f3n fiscal, pero si es menor de 14 a\u00f1os, rellenaremos el n\u00famero de identificaci\u00f3n del representante legal en la casilla \u00abNIF representante legal\u00bb.<\/p>\n<p>A continuaci\u00f3n, a\u00f1ada el nombre de la persona declarada o el nombre de la empresa y los dos d\u00edgitos correspondientes a la provincia de la direcci\u00f3n. Para ello, debe consultar la lista de correspondencia en el sitio web de la Agencia Tributaria.<\/p>\n<p><strong>Modalidad<\/strong><\/p>\n<p>En la casilla \u00abModalidad\u00bb, introduce <strong>1 si los ingresos son en efectivo o 2 si son en especie.<\/strong><\/p>\n<p><strong>Base retenciones e ingresos a cuenta<\/strong><\/p>\n<p>En esta casilla se recoge el importe total de las rentas pagadas al arrendador por todos los conceptos sin IVA si el arrendador es contribuyente del IRPF, o la totalidad de las rentas pagadas por el arrendamiento sin IVA si el arrendador es contribuyente del Impuesto sobre la Renta de no Residentes.<\/p>\n<p><strong>Casilla del % de retenci\u00f3n<\/strong><\/p>\n<p>Indica el porcentaje de retenci\u00f3n o ingreso en cuenta que cumple la normativa del IRPF, del Impuesto de Sociedades o del Impuesto sobre la Renta de no Residentes. Si utilizamos diferentes porcentajes, introduciremos el \u00faltimo.<\/p>\n<p><strong>Retenciones y pagos a cuenta<\/strong><\/p>\n<p>Tambi\u00e9n incluimos el importe total de las retenciones e ingresos a cuenta realizados por el declarante.<\/p>\n<p><strong>Casilla ejercicio devengo<\/strong><\/p>\n<p>Esta casilla solo debe rellenarse <strong>si alg\u00fan ingreso o declaraci\u00f3n en el resumen anual se refiere a cantidades pagadas por devengo o a pagar antes del ejercicio fiscal declarado.<\/strong> Para ello, se incluir\u00e1n las cuatro cifras del a\u00f1o de devengo.<\/p>\n<p>Si hemos pagado a un mismo declarante cantidades devengadas en diferentes ejercicios, los datos se rellenar\u00e1n en varias entradas, cada una de las cuales reflejar\u00e1 los datos de un solo ejercicio.<\/p>\n<p><strong>Columna de ubicaci\u00f3n de la propiedad, n\u00famero <\/strong><strong>fijo o certificado catastral y columna de direcci\u00f3n<\/strong><\/p>\n<p>1 si el inmueble est\u00e1 situado en cualquier lugar de Espa\u00f1a fuera del Pa\u00eds Vasco y Navarra, 2 si est\u00e1 situado en el Pa\u00eds Vasco o Navarra, y 3 si el inmueble no tiene n\u00famero fijo ni referencia catastral.<\/p>\n<p>En la siguiente casilla, a\u00f1adiremos la referencia catastral del inmueble o el n\u00famero de tel\u00e9fono fijo.<\/p>\n<p>Por \u00faltimo, a\u00f1ade la direcci\u00f3n de la vivienda alquilada, incluyendo los datos solicitados en el formulario.<\/p>\n<h3>Identificaci\u00f3n de los beneficiarios<\/h3>\n<p>La informaci\u00f3n que se facilita en el formulario 180<strong> incluye los beneficiarios de las rentas sujetas a retenci\u00f3n.<\/strong> Si hay m\u00e1s de uno, aparecer\u00e1n por separado todos los que hayamos tenido en el a\u00f1o por el que se hace la declaraci\u00f3n. Sin embargo, <strong>si hay m\u00e1s de 100 propietarios en el resumen anual, debe presentarse directamente en el soporte inform\u00e1tico.<\/strong><\/p>\n<p>Sin embargo, en la declaraci\u00f3n de la renta <strong>no se incluyen las rentas o ingresos correspondientes a personas f\u00edsicas o jur\u00eddicas no residentes en Espa\u00f1a<\/strong>, que no est\u00e9n sujetas al impuesto sobre la renta de las personas f\u00edsicas o al impuesto sobre sociedades o que no tengan la condici\u00f3n de establecimiento permanente en relaci\u00f3n con las rentas de no residentes.<\/p>\n<p>Si tienes dudas sobre el Modelo 180 de Bizkaia escribe en comentarios lo que consideres y te responderemos.<\/p>\n","protected":false},"excerpt":{"rendered":"<p>Los profesionales, ya sean personas f\u00edsicas o jur\u00eddicas, cuya actividad est\u00e9 ubicada en inmuebles alquilados y que est\u00e9n obligados a informar mensualmente a Hacienda de las retenciones practicadas, deber\u00e1n declararlas mediante la declaraci\u00f3n trimestral, modelo 115, y el resumen anual, que se elabora en el modelo 180 de Bizkaia. Veamos con m\u00e1s detalle el modelo [&hellip;]<\/p>\n","protected":false},"author":20,"featured_media":19424,"comment_status":"open","ping_status":"open","sticky":false,"template":"","format":"standard","meta":{"_acf_changed":false,"_et_pb_use_builder":"","_et_pb_old_content":"","_et_gb_content_width":"","om_disable_all_campaigns":false,"inline_featured_image":false,"footnotes":""},"categories":[1020],"tags":[1380,1381],"class_list":{"0":"post-19418","1":"post","2":"type-post","3":"status-publish","4":"format-standard","5":"has-post-thumbnail","7":"category-contabilidad","8":"tag-autonomos","9":"tag-pymes"},"acf":{"selector_de_usuario":null,"fecha_de_revision":null},"yoast_head":"<!-- This site is optimized with the Yoast SEO plugin v27.1 - https:\/\/yoast.com\/product\/yoast-seo-wordpress\/ -->\n<title>Modelo 180 de Bizkaia \u00bfQu\u00e9 es y c\u00f3mo presentarlo? - TeamSystem Facturas Billin<\/title>\n<meta name=\"description\" content=\"El Modelo 180 de Bizkaia es uno de los que debes tener en cuenta si tienes arrendado un edificio para realizar tu trabajo.\" \/>\n<meta name=\"robots\" content=\"index, follow, max-snippet:-1, max-image-preview:large, max-video-preview:-1\" \/>\n<link rel=\"canonical\" href=\"https:\/\/www.billin.net\/blog\/modelo-180-bizkaia\/\" \/>\n<meta property=\"og:locale\" content=\"es_ES\" \/>\n<meta property=\"og:type\" content=\"article\" \/>\n<meta property=\"og:title\" content=\"Modelo 180 de Bizkaia \u00bfQu\u00e9 es y c\u00f3mo presentarlo? - TeamSystem Facturas Billin\" \/>\n<meta property=\"og:description\" content=\"El Modelo 180 de Bizkaia es uno de los que debes tener en cuenta si tienes arrendado un edificio para realizar tu trabajo.\" \/>\n<meta property=\"og:url\" content=\"https:\/\/www.billin.net\/blog\/modelo-180-bizkaia\/\" \/>\n<meta property=\"og:site_name\" content=\"Blog de TeamSystem Facturas Billin\" \/>\n<meta property=\"article:publisher\" content=\"https:\/\/www.facebook.com\/EsBillin\" \/>\n<meta property=\"article:published_time\" content=\"2022-06-17T07:47:45+00:00\" \/>\n<meta property=\"article:modified_time\" content=\"2025-09-25T18:35:23+00:00\" \/>\n<meta property=\"og:image\" content=\"https:\/\/www.billin.net\/blog\/wp-content\/uploads\/2022\/06\/modelo-180-bizkaia-234.jpg\" \/>\n\t<meta property=\"og:image:width\" content=\"1280\" \/>\n\t<meta property=\"og:image:height\" content=\"854\" \/>\n\t<meta property=\"og:image:type\" content=\"image\/jpeg\" \/>\n<meta name=\"author\" content=\"Marcos De La Cueva - CEO TeamSystem Facturas Billin\" \/>\n<meta name=\"twitter:card\" content=\"summary_large_image\" \/>\n<meta name=\"twitter:creator\" content=\"@Billin_ES\" \/>\n<meta name=\"twitter:site\" content=\"@Billin_ES\" \/>\n<meta name=\"twitter:label1\" content=\"Escrito por\" \/>\n\t<meta name=\"twitter:data1\" content=\"Marcos De La Cueva - CEO TeamSystem Facturas Billin\" \/>\n\t<meta name=\"twitter:label2\" content=\"Tiempo de lectura\" \/>\n\t<meta name=\"twitter:data2\" content=\"7 minutos\" \/>\n<script type=\"application\/ld+json\" class=\"yoast-schema-graph\">{\"@context\":\"https:\/\/schema.org\",\"@graph\":[{\"@type\":\"Article\",\"@id\":\"https:\/\/www.billin.net\/blog\/modelo-180-bizkaia\/#article\",\"isPartOf\":{\"@id\":\"https:\/\/www.billin.net\/blog\/modelo-180-bizkaia\/\"},\"author\":{\"name\":\"Marcos De La Cueva - CEO TeamSystem Facturas Billin\",\"@id\":\"https:\/\/www.billin.net\/blog\/#\/schema\/person\/d0339ee6e869234614541b1e80a793e7\"},\"headline\":\"El modelo 180 de Bizkaia\",\"datePublished\":\"2022-06-17T07:47:45+00:00\",\"dateModified\":\"2025-09-25T18:35:23+00:00\",\"mainEntityOfPage\":{\"@id\":\"https:\/\/www.billin.net\/blog\/modelo-180-bizkaia\/\"},\"wordCount\":1485,\"commentCount\":0,\"publisher\":{\"@id\":\"https:\/\/www.billin.net\/blog\/#organization\"},\"image\":{\"@id\":\"https:\/\/www.billin.net\/blog\/modelo-180-bizkaia\/#primaryimage\"},\"thumbnailUrl\":\"https:\/\/www.billin.net\/blog\/wp-content\/uploads\/2022\/06\/modelo-180-bizkaia-234.jpg\",\"keywords\":[\"Aut\u00f3nomos\",\"Pymes\"],\"articleSection\":[\"Contabilidad\"],\"inLanguage\":\"es\",\"potentialAction\":[{\"@type\":\"CommentAction\",\"name\":\"Comment\",\"target\":[\"https:\/\/www.billin.net\/blog\/modelo-180-bizkaia\/#respond\"]}]},{\"@type\":\"WebPage\",\"@id\":\"https:\/\/www.billin.net\/blog\/modelo-180-bizkaia\/\",\"url\":\"https:\/\/www.billin.net\/blog\/modelo-180-bizkaia\/\",\"name\":\"Modelo 180 de Bizkaia \u00bfQu\u00e9 es y c\u00f3mo presentarlo? - TeamSystem Facturas Billin\",\"isPartOf\":{\"@id\":\"https:\/\/www.billin.net\/blog\/#website\"},\"primaryImageOfPage\":{\"@id\":\"https:\/\/www.billin.net\/blog\/modelo-180-bizkaia\/#primaryimage\"},\"image\":{\"@id\":\"https:\/\/www.billin.net\/blog\/modelo-180-bizkaia\/#primaryimage\"},\"thumbnailUrl\":\"https:\/\/www.billin.net\/blog\/wp-content\/uploads\/2022\/06\/modelo-180-bizkaia-234.jpg\",\"datePublished\":\"2022-06-17T07:47:45+00:00\",\"dateModified\":\"2025-09-25T18:35:23+00:00\",\"description\":\"El Modelo 180 de Bizkaia es uno de los que debes tener en cuenta si tienes arrendado un edificio para realizar tu trabajo.\",\"breadcrumb\":{\"@id\":\"https:\/\/www.billin.net\/blog\/modelo-180-bizkaia\/#breadcrumb\"},\"inLanguage\":\"es\",\"potentialAction\":[{\"@type\":\"ReadAction\",\"target\":[\"https:\/\/www.billin.net\/blog\/modelo-180-bizkaia\/\"]}]},{\"@type\":\"ImageObject\",\"inLanguage\":\"es\",\"@id\":\"https:\/\/www.billin.net\/blog\/modelo-180-bizkaia\/#primaryimage\",\"url\":\"https:\/\/www.billin.net\/blog\/wp-content\/uploads\/2022\/06\/modelo-180-bizkaia-234.jpg\",\"contentUrl\":\"https:\/\/www.billin.net\/blog\/wp-content\/uploads\/2022\/06\/modelo-180-bizkaia-234.jpg\",\"width\":1280,\"height\":854,\"caption\":\"modelo 180 bizkaia\"},{\"@type\":\"BreadcrumbList\",\"@id\":\"https:\/\/www.billin.net\/blog\/modelo-180-bizkaia\/#breadcrumb\",\"itemListElement\":[{\"@type\":\"ListItem\",\"position\":1,\"name\":\"Blog\",\"item\":\"https:\/\/www.billin.net\/blog\/\"},{\"@type\":\"ListItem\",\"position\":2,\"name\":\"Contabilidad\",\"item\":\"https:\/\/www.billin.net\/blog\/contabilidad\/\"},{\"@type\":\"ListItem\",\"position\":3,\"name\":\"El modelo 180 de Bizkaia\"}]},{\"@type\":\"WebSite\",\"@id\":\"https:\/\/www.billin.net\/blog\/#website\",\"url\":\"https:\/\/www.billin.net\/blog\/\",\"name\":\"Blog de Billin\",\"description\":\"Mantente informado con el blog de TeamSystem Facturas Billin:  facturaci\u00f3n, legislaci\u00f3n, contabilidad, management y toda la informaci\u00f3n \u00fatil para pymes y aut\u00f3nomos.\",\"publisher\":{\"@id\":\"https:\/\/www.billin.net\/blog\/#organization\"},\"potentialAction\":[{\"@type\":\"SearchAction\",\"target\":{\"@type\":\"EntryPoint\",\"urlTemplate\":\"https:\/\/www.billin.net\/blog\/?s={search_term_string}\"},\"query-input\":{\"@type\":\"PropertyValueSpecification\",\"valueRequired\":true,\"valueName\":\"search_term_string\"}}],\"inLanguage\":\"es\"},{\"@type\":\"Organization\",\"@id\":\"https:\/\/www.billin.net\/blog\/#organization\",\"name\":\"Billin\",\"alternateName\":\"Blog de Billin\",\"url\":\"https:\/\/www.billin.net\/blog\/\",\"logo\":{\"@type\":\"ImageObject\",\"inLanguage\":\"es\",\"@id\":\"https:\/\/www.billin.net\/blog\/#\/schema\/logo\/image\/\",\"url\":\"https:\/\/www.billin.net\/blog\/wp-content\/uploads\/2019\/06\/logotipo-billin-blog-1.png\",\"contentUrl\":\"https:\/\/www.billin.net\/blog\/wp-content\/uploads\/2019\/06\/logotipo-billin-blog-1.png\",\"width\":126,\"height\":50,\"caption\":\"Billin\"},\"image\":{\"@id\":\"https:\/\/www.billin.net\/blog\/#\/schema\/logo\/image\/\"},\"sameAs\":[\"https:\/\/www.facebook.com\/EsBillin\",\"https:\/\/x.com\/Billin_ES\",\"https:\/\/www.instagram.com\/billin_es\/\",\"https:\/\/www.linkedin.com\/company\/billin-spain\",\"https:\/\/www.youtube.com\/c\/BillinEsintercambiodefacturas\/\"],\"legalName\":\"MY EXPENSES SL\",\"contactPoint\":{\"@type\":\"ContactPoint\",\"telephone\":\"+34918318883\",\"contactType\":\"customer service\",\"email\":\"info@billin.eu\",\"availableLanguage\":\"es\"},\"foundingDate\":\"2015\",\"numberOfEmployees\":{\"@type\":\"QuantitativeValue\",\"minValue\":10,\"maxValue\":50},\"parentOrganization\":{\"@type\":\"Organization\",\"name\":\"TeamSystem\",\"url\":\"https:\/\/www.teamsystem.com\/\"},\"description\":\"Billin es el programa de facturaci\u00f3n online de TeamSystem para aut\u00f3nomos y pymes en Espa\u00f1a. Permite crear facturas, controlar gastos y cumplir con Verifactu.\",\"address\":{\"@type\":\"PostalAddress\",\"streetAddress\":\"Calle Arturo Soria, 336\",\"addressLocality\":\"Madrid\",\"addressRegion\":\"Madrid\",\"postalCode\":\"28033\",\"addressCountry\":\"ES\"}},{\"@type\":\"Person\",\"@id\":\"https:\/\/www.billin.net\/blog\/#\/schema\/person\/d0339ee6e869234614541b1e80a793e7\",\"name\":\"Marcos De La Cueva - CEO TeamSystem Facturas Billin\",\"image\":{\"@type\":\"ImageObject\",\"inLanguage\":\"es\",\"@id\":\"https:\/\/www.billin.net\/blog\/#\/schema\/person\/image\/\",\"url\":\"https:\/\/www.billin.net\/blog\/wp-content\/uploads\/2023\/10\/marcos-color-150x150.png\",\"contentUrl\":\"https:\/\/www.billin.net\/blog\/wp-content\/uploads\/2023\/10\/marcos-color-150x150.png\",\"caption\":\"Marcos De La Cueva - CEO TeamSystem Facturas Billin\"},\"description\":\"Licenciado en ADE por la Universidad Aut\u00f3noma de Madrid, Marcos De la Cueva es CEO y cofundador de TeamSystem Facturas Billin, un programa online que lleva m\u00e1s de 9 a\u00f1os ayudando a aut\u00f3nomos, peque\u00f1os negocios y gestor\u00edas a digitalizar sus presupuestos, facturas, tickets y gastos. \u00a0 Sobre Marcos De La Cueva \u00a0 Apasionado por el mundo empresarial y la tecnolog\u00eda, curs\u00f3 su M\u00e1ster de Finanzas en la Universidad Pontificia de Comillas y estuvo en el Programa de Cooperaci\u00f3n Educativa de la Universidad Aut\u00f3noma de Madrid. \u00a0 Marcos siempre ha tenido su objetivo claro: ayudar a la creaci\u00f3n de negocios financieramente sostenibles a trav\u00e9s de una herramienta de facturaci\u00f3n que les permita ahorrar tiempo y tener la contabilidad bajo control. \u00a0 Marcos De La Cueva en los medios \u2014 Noticia sobre Kit Digital y Ley Antifraude (VeriFactu) en El Economista. \u2014 Noticia sobre Kit Digital y factura electr\u00f3nica obligatoria en Diario Jur\u00eddico. \u2014 Noticia sobre el a\u00f1o de transici\u00f3n para la factura electr\u00f3nica en Muy Pymes. \u2014 Entrevista sobre factura electr\u00f3nica obligatoria en Canal Sur. \u2014 Noticia sobre el informe factura electr\u00f3nica de TeamSystem en Channel Partner. \u2014 Charla sobre productividad y Ley Crea y Crece en El Economista. \u2014 Charla sobre factura electr\u00f3nica obligatoria en Muy Pymes. \u2014 Charla sobre digitalizaci\u00f3n aut\u00f3nomos y productividad en esdiario. \u2014 Charla sobre productividad y factura electr\u00f3nica en La Raz\u00f3n. \u2014 Charla sobre factura electr\u00f3nica obligatoria en Aut\u00f3nomos y Emprendedores. \u2014 Entrevista sobre Ley Antifraude y Ley Crea y Crece en Expansi\u00f3n. \u2014 Entrevista sobre Ley Antifraude y Ley Crea y Crece en La Raz\u00f3n. \u2014 Entrevista sobre factura electr\u00f3nica obligatoria en El Economista. \u2014 Comunicado Billin y TeamSystem en Business Insider. \u2014 Entrevista en Econom\u00eda Digital. \u2014 Entrevista en Ideas para tu empresa de Vodafone. \u2014 Entrevista en M\u00e1sQradio. \u2014 Entrevista en Armas para emprender de El M\u00e9todo Gallardo. \u2014 Entrevista en KFund. \u2014 Entrevista en AXA Seguros Espa\u00f1a. \u2014 Entrevista en GestionaRadio. \u00a0 Marcos De La Cueva en eventos \u00a0 \u2014 Participaci\u00f3n como ponente en Accountex Espa\u00f1a 2023. \u00a0 Tem\u00e1ticas de especializaci\u00f3n \u00a0 negocios | startups | contabilidad| fiscalidad | empresas| asesor\u00edas| autonomos | emprendedores | peque\u00f1os negocios | econom\u00eda | ADE | pymes | desarrollo de negocio\u00a0\",\"sameAs\":[\"https:\/\/www.billin.net\/\",\"https:\/\/www.linkedin.com\/in\/marcos-de-la-cueva-19750ba3\/\"],\"url\":\"https:\/\/www.billin.net\/blog\/author\/marcosdelacueva\/\",\"jobTitle\":\"CEO y cofundador de TS Facturas Billin\"}]}<\/script>\n<!-- \/ Yoast SEO plugin. -->","yoast_head_json":{"title":"Modelo 180 de Bizkaia \u00bfQu\u00e9 es y c\u00f3mo presentarlo? - TeamSystem Facturas Billin","description":"El Modelo 180 de Bizkaia es uno de los que debes tener en cuenta si tienes arrendado un edificio para realizar tu trabajo.","robots":{"index":"index","follow":"follow","max-snippet":"max-snippet:-1","max-image-preview":"max-image-preview:large","max-video-preview":"max-video-preview:-1"},"canonical":"https:\/\/www.billin.net\/blog\/modelo-180-bizkaia\/","og_locale":"es_ES","og_type":"article","og_title":"Modelo 180 de Bizkaia \u00bfQu\u00e9 es y c\u00f3mo presentarlo? - TeamSystem Facturas Billin","og_description":"El Modelo 180 de Bizkaia es uno de los que debes tener en cuenta si tienes arrendado un edificio para realizar tu trabajo.","og_url":"https:\/\/www.billin.net\/blog\/modelo-180-bizkaia\/","og_site_name":"Blog de TeamSystem Facturas Billin","article_publisher":"https:\/\/www.facebook.com\/EsBillin","article_published_time":"2022-06-17T07:47:45+00:00","article_modified_time":"2025-09-25T18:35:23+00:00","og_image":[{"width":1280,"height":854,"url":"https:\/\/www.billin.net\/blog\/wp-content\/uploads\/2022\/06\/modelo-180-bizkaia-234.jpg","type":"image\/jpeg"}],"author":"Marcos De La Cueva - CEO TeamSystem Facturas Billin","twitter_card":"summary_large_image","twitter_creator":"@Billin_ES","twitter_site":"@Billin_ES","twitter_misc":{"Escrito por":"Marcos De La Cueva - CEO TeamSystem Facturas Billin","Tiempo de lectura":"7 minutos"},"schema":{"@context":"https:\/\/schema.org","@graph":[{"@type":"Article","@id":"https:\/\/www.billin.net\/blog\/modelo-180-bizkaia\/#article","isPartOf":{"@id":"https:\/\/www.billin.net\/blog\/modelo-180-bizkaia\/"},"author":{"name":"Marcos De La Cueva - CEO TeamSystem Facturas Billin","@id":"https:\/\/www.billin.net\/blog\/#\/schema\/person\/d0339ee6e869234614541b1e80a793e7"},"headline":"El modelo 180 de Bizkaia","datePublished":"2022-06-17T07:47:45+00:00","dateModified":"2025-09-25T18:35:23+00:00","mainEntityOfPage":{"@id":"https:\/\/www.billin.net\/blog\/modelo-180-bizkaia\/"},"wordCount":1485,"commentCount":0,"publisher":{"@id":"https:\/\/www.billin.net\/blog\/#organization"},"image":{"@id":"https:\/\/www.billin.net\/blog\/modelo-180-bizkaia\/#primaryimage"},"thumbnailUrl":"https:\/\/www.billin.net\/blog\/wp-content\/uploads\/2022\/06\/modelo-180-bizkaia-234.jpg","keywords":["Aut\u00f3nomos","Pymes"],"articleSection":["Contabilidad"],"inLanguage":"es","potentialAction":[{"@type":"CommentAction","name":"Comment","target":["https:\/\/www.billin.net\/blog\/modelo-180-bizkaia\/#respond"]}]},{"@type":"WebPage","@id":"https:\/\/www.billin.net\/blog\/modelo-180-bizkaia\/","url":"https:\/\/www.billin.net\/blog\/modelo-180-bizkaia\/","name":"Modelo 180 de Bizkaia \u00bfQu\u00e9 es y c\u00f3mo presentarlo? - TeamSystem Facturas Billin","isPartOf":{"@id":"https:\/\/www.billin.net\/blog\/#website"},"primaryImageOfPage":{"@id":"https:\/\/www.billin.net\/blog\/modelo-180-bizkaia\/#primaryimage"},"image":{"@id":"https:\/\/www.billin.net\/blog\/modelo-180-bizkaia\/#primaryimage"},"thumbnailUrl":"https:\/\/www.billin.net\/blog\/wp-content\/uploads\/2022\/06\/modelo-180-bizkaia-234.jpg","datePublished":"2022-06-17T07:47:45+00:00","dateModified":"2025-09-25T18:35:23+00:00","description":"El Modelo 180 de Bizkaia es uno de los que debes tener en cuenta si tienes arrendado un edificio para realizar tu trabajo.","breadcrumb":{"@id":"https:\/\/www.billin.net\/blog\/modelo-180-bizkaia\/#breadcrumb"},"inLanguage":"es","potentialAction":[{"@type":"ReadAction","target":["https:\/\/www.billin.net\/blog\/modelo-180-bizkaia\/"]}]},{"@type":"ImageObject","inLanguage":"es","@id":"https:\/\/www.billin.net\/blog\/modelo-180-bizkaia\/#primaryimage","url":"https:\/\/www.billin.net\/blog\/wp-content\/uploads\/2022\/06\/modelo-180-bizkaia-234.jpg","contentUrl":"https:\/\/www.billin.net\/blog\/wp-content\/uploads\/2022\/06\/modelo-180-bizkaia-234.jpg","width":1280,"height":854,"caption":"modelo 180 bizkaia"},{"@type":"BreadcrumbList","@id":"https:\/\/www.billin.net\/blog\/modelo-180-bizkaia\/#breadcrumb","itemListElement":[{"@type":"ListItem","position":1,"name":"Blog","item":"https:\/\/www.billin.net\/blog\/"},{"@type":"ListItem","position":2,"name":"Contabilidad","item":"https:\/\/www.billin.net\/blog\/contabilidad\/"},{"@type":"ListItem","position":3,"name":"El modelo 180 de Bizkaia"}]},{"@type":"WebSite","@id":"https:\/\/www.billin.net\/blog\/#website","url":"https:\/\/www.billin.net\/blog\/","name":"Blog de Billin","description":"Mantente informado con el blog de TeamSystem Facturas Billin:  facturaci\u00f3n, legislaci\u00f3n, contabilidad, management y toda la informaci\u00f3n \u00fatil para pymes y aut\u00f3nomos.","publisher":{"@id":"https:\/\/www.billin.net\/blog\/#organization"},"potentialAction":[{"@type":"SearchAction","target":{"@type":"EntryPoint","urlTemplate":"https:\/\/www.billin.net\/blog\/?s={search_term_string}"},"query-input":{"@type":"PropertyValueSpecification","valueRequired":true,"valueName":"search_term_string"}}],"inLanguage":"es"},{"@type":"Organization","@id":"https:\/\/www.billin.net\/blog\/#organization","name":"Billin","alternateName":"Blog de Billin","url":"https:\/\/www.billin.net\/blog\/","logo":{"@type":"ImageObject","inLanguage":"es","@id":"https:\/\/www.billin.net\/blog\/#\/schema\/logo\/image\/","url":"https:\/\/www.billin.net\/blog\/wp-content\/uploads\/2019\/06\/logotipo-billin-blog-1.png","contentUrl":"https:\/\/www.billin.net\/blog\/wp-content\/uploads\/2019\/06\/logotipo-billin-blog-1.png","width":126,"height":50,"caption":"Billin"},"image":{"@id":"https:\/\/www.billin.net\/blog\/#\/schema\/logo\/image\/"},"sameAs":["https:\/\/www.facebook.com\/EsBillin","https:\/\/x.com\/Billin_ES","https:\/\/www.instagram.com\/billin_es\/","https:\/\/www.linkedin.com\/company\/billin-spain","https:\/\/www.youtube.com\/c\/BillinEsintercambiodefacturas\/"],"legalName":"MY EXPENSES SL","contactPoint":{"@type":"ContactPoint","telephone":"+34918318883","contactType":"customer service","email":"info@billin.eu","availableLanguage":"es"},"foundingDate":"2015","numberOfEmployees":{"@type":"QuantitativeValue","minValue":10,"maxValue":50},"parentOrganization":{"@type":"Organization","name":"TeamSystem","url":"https:\/\/www.teamsystem.com\/"},"description":"Billin es el programa de facturaci\u00f3n online de TeamSystem para aut\u00f3nomos y pymes en Espa\u00f1a. Permite crear facturas, controlar gastos y cumplir con Verifactu.","address":{"@type":"PostalAddress","streetAddress":"Calle Arturo Soria, 336","addressLocality":"Madrid","addressRegion":"Madrid","postalCode":"28033","addressCountry":"ES"}},{"@type":"Person","@id":"https:\/\/www.billin.net\/blog\/#\/schema\/person\/d0339ee6e869234614541b1e80a793e7","name":"Marcos De La Cueva - CEO TeamSystem Facturas Billin","image":{"@type":"ImageObject","inLanguage":"es","@id":"https:\/\/www.billin.net\/blog\/#\/schema\/person\/image\/","url":"https:\/\/www.billin.net\/blog\/wp-content\/uploads\/2023\/10\/marcos-color-150x150.png","contentUrl":"https:\/\/www.billin.net\/blog\/wp-content\/uploads\/2023\/10\/marcos-color-150x150.png","caption":"Marcos De La Cueva - CEO TeamSystem Facturas Billin"},"description":"Licenciado en ADE por la Universidad Aut\u00f3noma de Madrid, Marcos De la Cueva es CEO y cofundador de TeamSystem Facturas Billin, un programa online que lleva m\u00e1s de 9 a\u00f1os ayudando a aut\u00f3nomos, peque\u00f1os negocios y gestor\u00edas a digitalizar sus presupuestos, facturas, tickets y gastos. \u00a0 Sobre Marcos De La Cueva \u00a0 Apasionado por el mundo empresarial y la tecnolog\u00eda, curs\u00f3 su M\u00e1ster de Finanzas en la Universidad Pontificia de Comillas y estuvo en el Programa de Cooperaci\u00f3n Educativa de la Universidad Aut\u00f3noma de Madrid. \u00a0 Marcos siempre ha tenido su objetivo claro: ayudar a la creaci\u00f3n de negocios financieramente sostenibles a trav\u00e9s de una herramienta de facturaci\u00f3n que les permita ahorrar tiempo y tener la contabilidad bajo control. \u00a0 Marcos De La Cueva en los medios \u2014 Noticia sobre Kit Digital y Ley Antifraude (VeriFactu) en El Economista. \u2014 Noticia sobre Kit Digital y factura electr\u00f3nica obligatoria en Diario Jur\u00eddico. \u2014 Noticia sobre el a\u00f1o de transici\u00f3n para la factura electr\u00f3nica en Muy Pymes. \u2014 Entrevista sobre factura electr\u00f3nica obligatoria en Canal Sur. \u2014 Noticia sobre el informe factura electr\u00f3nica de TeamSystem en Channel Partner. \u2014 Charla sobre productividad y Ley Crea y Crece en El Economista. \u2014 Charla sobre factura electr\u00f3nica obligatoria en Muy Pymes. \u2014 Charla sobre digitalizaci\u00f3n aut\u00f3nomos y productividad en esdiario. \u2014 Charla sobre productividad y factura electr\u00f3nica en La Raz\u00f3n. \u2014 Charla sobre factura electr\u00f3nica obligatoria en Aut\u00f3nomos y Emprendedores. \u2014 Entrevista sobre Ley Antifraude y Ley Crea y Crece en Expansi\u00f3n. \u2014 Entrevista sobre Ley Antifraude y Ley Crea y Crece en La Raz\u00f3n. \u2014 Entrevista sobre factura electr\u00f3nica obligatoria en El Economista. \u2014 Comunicado Billin y TeamSystem en Business Insider. \u2014 Entrevista en Econom\u00eda Digital. \u2014 Entrevista en Ideas para tu empresa de Vodafone. \u2014 Entrevista en M\u00e1sQradio. \u2014 Entrevista en Armas para emprender de El M\u00e9todo Gallardo. \u2014 Entrevista en KFund. \u2014 Entrevista en AXA Seguros Espa\u00f1a. \u2014 Entrevista en GestionaRadio. \u00a0 Marcos De La Cueva en eventos \u00a0 \u2014 Participaci\u00f3n como ponente en Accountex Espa\u00f1a 2023. \u00a0 Tem\u00e1ticas de especializaci\u00f3n \u00a0 negocios | startups | contabilidad| fiscalidad | empresas| asesor\u00edas| autonomos | emprendedores | peque\u00f1os negocios | econom\u00eda | ADE | pymes | desarrollo de negocio\u00a0","sameAs":["https:\/\/www.billin.net\/","https:\/\/www.linkedin.com\/in\/marcos-de-la-cueva-19750ba3\/"],"url":"https:\/\/www.billin.net\/blog\/author\/marcosdelacueva\/","jobTitle":"CEO y cofundador de TS Facturas Billin"}]}},"_links":{"self":[{"href":"https:\/\/www.billin.net\/blog\/wp-json\/wp\/v2\/posts\/19418","targetHints":{"allow":["GET"]}}],"collection":[{"href":"https:\/\/www.billin.net\/blog\/wp-json\/wp\/v2\/posts"}],"about":[{"href":"https:\/\/www.billin.net\/blog\/wp-json\/wp\/v2\/types\/post"}],"author":[{"embeddable":true,"href":"https:\/\/www.billin.net\/blog\/wp-json\/wp\/v2\/users\/20"}],"replies":[{"embeddable":true,"href":"https:\/\/www.billin.net\/blog\/wp-json\/wp\/v2\/comments?post=19418"}],"version-history":[{"count":4,"href":"https:\/\/www.billin.net\/blog\/wp-json\/wp\/v2\/posts\/19418\/revisions"}],"predecessor-version":[{"id":26798,"href":"https:\/\/www.billin.net\/blog\/wp-json\/wp\/v2\/posts\/19418\/revisions\/26798"}],"wp:featuredmedia":[{"embeddable":true,"href":"https:\/\/www.billin.net\/blog\/wp-json\/wp\/v2\/media\/19424"}],"wp:attachment":[{"href":"https:\/\/www.billin.net\/blog\/wp-json\/wp\/v2\/media?parent=19418"}],"wp:term":[{"taxonomy":"category","embeddable":true,"href":"https:\/\/www.billin.net\/blog\/wp-json\/wp\/v2\/categories?post=19418"},{"taxonomy":"post_tag","embeddable":true,"href":"https:\/\/www.billin.net\/blog\/wp-json\/wp\/v2\/tags?post=19418"}],"curies":[{"name":"wp","href":"https:\/\/api.w.org\/{rel}","templated":true}]}}