{"id":19402,"date":"2022-06-15T11:08:01","date_gmt":"2022-06-15T09:08:01","guid":{"rendered":"https:\/\/www.billin.net\/blog\/?p=19402"},"modified":"2025-09-25T20:35:30","modified_gmt":"2025-09-25T18:35:30","slug":"modelo-130-bizkaia","status":"publish","type":"post","link":"https:\/\/www.billin.net\/blog\/modelo-130-bizkaia\/","title":{"rendered":"El Modelo 130 de Bizkaia"},"content":{"rendered":"<p>Aqu\u00ed encontrar\u00e1s toda la informaci\u00f3n que necesitas para presentar el modelo 130 de Bizkaia, que forma parte del IRPF.<\/p>\n<p>Si has pagado m\u00e1s de lo que le corresponde por sus ingresos mediante el <a href=\"https:\/\/www.billin.net\/blog\/modelo-130\/\" target=\"_blank\" rel=\"noopener\">modelo 130<\/a>, te lo devolver\u00e1n en la declaraci\u00f3n de la renta. Sin embargo, si has pagado menos, tendr\u00e1s que pagar.<\/p>\n<p>A continuaci\u00f3n ver\u00e1s lo <strong>que es el Modelo 130 de Bizkaia, qui\u00e9n tiene que presentarlo, y el plazo para presentarlo.<\/strong><\/p>\n<h2>\u00bfQu\u00e9 es el Modelo 130 de Bizkaia?<\/h2>\n<p><strong>El modelo 130 es la declaraci\u00f3n trimestral por la que los aut\u00f3nomos realizan anticipos en su declaraci\u00f3n de la renta<\/strong>, como en el caso de los asalariados, que es retenido en sus n\u00f3minas.<\/p>\n<p>Si un aut\u00f3nomo paga m\u00e1s de lo que ingresa al presentar el modelo 130, esta cantidad le ser\u00e1 devuelta a trav\u00e9s de la <a href=\"https:\/\/www.billin.net\/blog\/como-hacer-declaracion-renta-autonomo\/\" target=\"_blank\" rel=\"noopener\">declaraci\u00f3n de la renta como aut\u00f3nomo<\/a>.<\/p>\n<p>De lo contrario, si paga menos de lo que le corresponde, deber\u00e1 pagarlo en la declaraci\u00f3n de la renta.<\/p>\n<h2>\u00bfQui\u00e9n debe presentar el Modelo 130 en Bizkaia?<\/h2>\n<p>Todos los contribuyentes que ejerzan actividades comerciales, profesionales, creativas o deportivas y que est\u00e9n obligados a pagar la cuota deben presentar el modelo 130.<\/p>\n<p>Si el contribuyente tiene m\u00e1s de una actividad por la que debe presentar el modelo 130, <strong>s\u00f3lo se har\u00e1 una autoliquidaci\u00f3n por cada actividad. <\/strong>Deben presentar esta declaraci\u00f3n de impuestos siempre que menos del 70% del volumen de negocios del pen\u00faltimo a\u00f1o anterior al a\u00f1o en curso no fuese imponible.<\/p>\n<p>Si est\u00e1s empezando, tendr\u00e1s que presentar este impuesto si no has pagado el 70% de sus facturas del primer trimestre.<\/p>\n<p>Aunque el resultado de esta declaraci\u00f3n sea negativo, la presentaci\u00f3n de este impuesto es obligatoria.<\/p>\n<p>El resultado de este impuesto puede ser positivo (debido) o negativo.<\/p>\n<h2>\u00bfQui\u00e9n no presenta este Modelo?<\/h2>\n<p>Las siguientes personas no est\u00e1n obligadas a presentar una autoevaluaci\u00f3n:<\/p>\n<ul>\n<li>Contribuyentes que se dediquen a la ganader\u00eda, agricultura o silvicultura, siempre que se hayan aplicado en el pen\u00faltimo a\u00f1o deducciones o anticipos (excluidas las subvenciones y bonificaciones corrientes o de capital) que representen al menos el 70% de los ingresos de la actividad.<\/li>\n<li>Contribuyentes profesionales, si el 70% de los ingresos de la actividad en el pen\u00faltimo a\u00f1o anterior a la evaluaci\u00f3n estuvo sujeto a un anticipo o a una retenci\u00f3n.<\/li>\n<\/ul>\n<p>Tanto en el a\u00f1o de inicio de la actividad como en el siguiente, se tiene en cuenta el porcentaje de los ingresos a los que se aplic\u00f3 el anticipo o la retenci\u00f3n durante el periodo al que se refiere la aportaci\u00f3n.<\/p>\n<h2>Plazos de presentaci\u00f3n<\/h2>\n<p>Los plazos de presentaci\u00f3n del formulario 130 Bizkaia son los siguientes:<\/p>\n<ul>\n<li>Primer trimestre: del 1 al 25 de abril, ambos inclusive.<\/li>\n<li>Segundo trimestre: del 1 al 25 de julio, ambos incluidos.<\/li>\n<li>Tercer trimestre: del 1 al 25 de octubre, ambos inclusive.<\/li>\n<li>Cuarto trimestre: del 1 al 25 de enero, ambos inclusive.<\/li>\n<\/ul>\n<p>Si es festivo se pasa al d\u00eda siguiente lectivo.<\/p>\n<h2>\u00bfComo calcular el importe?<\/h2>\n<p>Existen dos procedimientos para calcular el importe adeudado:<\/p>\n<h3>Procedimiento general<\/h3>\n<p>La contribuci\u00f3n de cada trimestre corresponde al 5% de los ingresos netos del pen\u00faltimo a\u00f1o anterior al pago de las contribuciones.<\/p>\n<h3>Procedimiento espec\u00edfico<\/h3>\n<p>El pago fraccionado corresponde <strong>al 20% de la diferencia entre los ingresos admisibles y los gastos deducibles realizados en cada trimestre natural y en el siguiente.<\/strong><\/p>\n<p>En caso de que los ingresos sean negativos en el pen\u00faltimo a\u00f1o anterior al a\u00f1o de fraccionamiento, el importe del fraccionamiento es del 0,5% de las ventas del pen\u00faltimo a\u00f1o anterior al a\u00f1o de fraccionamiento.<\/p>\n<p>En cambio, en el caso de las ventas al por mayor, es el 0,25% de las ventas.<\/p>\n<h2>\u00bfC\u00f3mo se rellena el Modelo 130 de Bizkaia?<\/h2>\n<p>A la hora de rellenar el modelo 130 Bizkaia, el aut\u00f3nomo debe aportar los siguientes datos:<\/p>\n<p>Ejercicio: A qu\u00e9 ejercicio (a\u00f1o) y trimestre se refiere la autoevaluaci\u00f3n.<br \/>\nDatos del contribuyente: C\u00f3digo fiscal, nombre y apellidos.<\/p>\n<p><strong>Datos de liquidaci\u00f3n:<\/strong><\/p>\n<p>General:<\/p>\n<ul>\n<li>Beneficio neto anual total del pen\u00faltimo a\u00f1o.<\/li>\n<\/ul>\n<p>Actividades agr\u00edcolas, ganaderas, forestales o pesqueras:<\/p>\n<ul>\n<li>Beneficio neto del trimestre (consiste en el beneficio calculado menos los gastos deducibles).<\/li>\n<\/ul>\n<p>Inicio de las operaciones:<\/p>\n<ul>\n<li>Beneficio neto del trimestre (beneficio calculado menos gastos deducibles).<\/li>\n<\/ul>\n<p>Beneficio neto negativo:<\/p>\n<ul>\n<li>General: Facturaci\u00f3n o ingresos en el pen\u00faltimo a\u00f1o.<\/li>\n<li>Mayoristas: Ventas o ingresos del pen\u00faltimo a\u00f1o.<\/li>\n<\/ul>\n<h2>\u00bfD\u00f3nde se presenta este impuesto?<\/h2>\n<p>El Modelo 130 de Bizkaia debe presentarse en la oficina fiscal de la hacienda regional o en las organizaciones colaboradoras.<\/p>\n<h2>Descargar el Modelo 130 de Bizkaia<\/h2>\n<p>Puedes descargar el modelo para archivarlo en formato PDF desde la p\u00e1gina web de la Diputaci\u00f3n Foral de Vizcaya haciendo clic en el <a href=\"https:\/\/www.bizkaia.eus\/ogasuna\/ereduak\/info_descarga.asp?Idioma=CA&amp;val1=8AA405AF81D76CC992B77CD9B7C7112FCA1B1651B529D2961D5EFE269326793A&amp;Tam=1.862.063&amp;Ext=\/pdf&amp;Tem_Codigo=2093\" target=\"_blank\" rel=\"noopener\">siguiente enlace.<\/a><\/p>\n<p>Si tiene alguna pregunta o necesita m\u00e1s informaci\u00f3n, no dudes en dejar todas tus preguntas en comentarios y te ayudaremos.<\/p>\n","protected":false},"excerpt":{"rendered":"<p>Aqu\u00ed encontrar\u00e1s toda la informaci\u00f3n que necesitas para presentar el modelo 130 de Bizkaia, que forma parte del IRPF. Si has pagado m\u00e1s de lo que le corresponde por sus ingresos mediante el modelo 130, te lo devolver\u00e1n en la declaraci\u00f3n de la renta. Sin embargo, si has pagado menos, tendr\u00e1s que pagar. A continuaci\u00f3n [&hellip;]<\/p>\n","protected":false},"author":20,"featured_media":19403,"comment_status":"open","ping_status":"open","sticky":false,"template":"","format":"standard","meta":{"_acf_changed":false,"_et_pb_use_builder":"","_et_pb_old_content":"","_et_gb_content_width":"","om_disable_all_campaigns":false,"inline_featured_image":false,"footnotes":""},"categories":[1015],"tags":[],"class_list":{"0":"post-19402","1":"post","2":"type-post","3":"status-publish","4":"format-standard","5":"has-post-thumbnail","7":"category-facturacion"},"acf":{"selector_de_usuario":null,"fecha_de_revision":null},"yoast_head":"<!-- This site is optimized with the Yoast SEO plugin v27.1 - https:\/\/yoast.com\/product\/yoast-seo-wordpress\/ -->\n<title>Qu\u00e9 es y c\u00f3mo presentar el Modelo 130 de Bizkaia - TeamSystem Facturas Billin<\/title>\n<meta name=\"description\" content=\"Si quieres saber como presentar el Modelo 130 de Bizkaia en este contenido encontrar\u00e1s todo lo necesario para hacerlo. Entra ahora.\" \/>\n<meta name=\"robots\" content=\"index, follow, max-snippet:-1, max-image-preview:large, max-video-preview:-1\" \/>\n<link rel=\"canonical\" href=\"https:\/\/www.billin.net\/blog\/modelo-130-bizkaia\/\" \/>\n<meta property=\"og:locale\" content=\"es_ES\" \/>\n<meta property=\"og:type\" content=\"article\" \/>\n<meta property=\"og:title\" content=\"Qu\u00e9 es y c\u00f3mo presentar el Modelo 130 de Bizkaia - TeamSystem Facturas Billin\" \/>\n<meta property=\"og:description\" content=\"Si quieres saber como presentar el Modelo 130 de Bizkaia en este contenido encontrar\u00e1s todo lo necesario para hacerlo. Entra ahora.\" \/>\n<meta property=\"og:url\" content=\"https:\/\/www.billin.net\/blog\/modelo-130-bizkaia\/\" \/>\n<meta property=\"og:site_name\" content=\"Blog de TeamSystem Facturas Billin\" \/>\n<meta property=\"article:publisher\" content=\"https:\/\/www.facebook.com\/EsBillin\" \/>\n<meta property=\"article:published_time\" content=\"2022-06-15T09:08:01+00:00\" \/>\n<meta property=\"article:modified_time\" content=\"2025-09-25T18:35:30+00:00\" \/>\n<meta property=\"og:image\" content=\"https:\/\/www.billin.net\/blog\/wp-content\/uploads\/2022\/06\/modelo-130-bizkaia-345.jpg\" \/>\n\t<meta property=\"og:image:width\" content=\"1250\" \/>\n\t<meta property=\"og:image:height\" content=\"833\" \/>\n\t<meta property=\"og:image:type\" content=\"image\/jpeg\" \/>\n<meta name=\"author\" content=\"Marcos De La Cueva - CEO TeamSystem Facturas Billin\" \/>\n<meta name=\"twitter:card\" content=\"summary_large_image\" \/>\n<meta name=\"twitter:creator\" content=\"@Billin_ES\" \/>\n<meta name=\"twitter:site\" content=\"@Billin_ES\" \/>\n<meta name=\"twitter:label1\" content=\"Escrito por\" \/>\n\t<meta name=\"twitter:data1\" content=\"Marcos De La Cueva - CEO TeamSystem Facturas Billin\" \/>\n\t<meta name=\"twitter:label2\" content=\"Tiempo de lectura\" \/>\n\t<meta name=\"twitter:data2\" content=\"4 minutos\" \/>\n<script type=\"application\/ld+json\" class=\"yoast-schema-graph\">{\"@context\":\"https:\/\/schema.org\",\"@graph\":[{\"@type\":\"Article\",\"@id\":\"https:\/\/www.billin.net\/blog\/modelo-130-bizkaia\/#article\",\"isPartOf\":{\"@id\":\"https:\/\/www.billin.net\/blog\/modelo-130-bizkaia\/\"},\"author\":{\"name\":\"Marcos De La Cueva - CEO TeamSystem Facturas Billin\",\"@id\":\"https:\/\/www.billin.net\/blog\/#\/schema\/person\/d0339ee6e869234614541b1e80a793e7\"},\"headline\":\"El Modelo 130 de Bizkaia\",\"datePublished\":\"2022-06-15T09:08:01+00:00\",\"dateModified\":\"2025-09-25T18:35:30+00:00\",\"mainEntityOfPage\":{\"@id\":\"https:\/\/www.billin.net\/blog\/modelo-130-bizkaia\/\"},\"wordCount\":825,\"commentCount\":0,\"publisher\":{\"@id\":\"https:\/\/www.billin.net\/blog\/#organization\"},\"image\":{\"@id\":\"https:\/\/www.billin.net\/blog\/modelo-130-bizkaia\/#primaryimage\"},\"thumbnailUrl\":\"https:\/\/www.billin.net\/blog\/wp-content\/uploads\/2022\/06\/modelo-130-bizkaia-345.jpg\",\"articleSection\":[\"Facturaci\u00f3n\"],\"inLanguage\":\"es\",\"potentialAction\":[{\"@type\":\"CommentAction\",\"name\":\"Comment\",\"target\":[\"https:\/\/www.billin.net\/blog\/modelo-130-bizkaia\/#respond\"]}]},{\"@type\":\"WebPage\",\"@id\":\"https:\/\/www.billin.net\/blog\/modelo-130-bizkaia\/\",\"url\":\"https:\/\/www.billin.net\/blog\/modelo-130-bizkaia\/\",\"name\":\"Qu\u00e9 es y c\u00f3mo presentar el Modelo 130 de Bizkaia - TeamSystem Facturas Billin\",\"isPartOf\":{\"@id\":\"https:\/\/www.billin.net\/blog\/#website\"},\"primaryImageOfPage\":{\"@id\":\"https:\/\/www.billin.net\/blog\/modelo-130-bizkaia\/#primaryimage\"},\"image\":{\"@id\":\"https:\/\/www.billin.net\/blog\/modelo-130-bizkaia\/#primaryimage\"},\"thumbnailUrl\":\"https:\/\/www.billin.net\/blog\/wp-content\/uploads\/2022\/06\/modelo-130-bizkaia-345.jpg\",\"datePublished\":\"2022-06-15T09:08:01+00:00\",\"dateModified\":\"2025-09-25T18:35:30+00:00\",\"description\":\"Si quieres saber como presentar el Modelo 130 de Bizkaia en este contenido encontrar\u00e1s todo lo necesario para hacerlo. Entra ahora.\",\"breadcrumb\":{\"@id\":\"https:\/\/www.billin.net\/blog\/modelo-130-bizkaia\/#breadcrumb\"},\"inLanguage\":\"es\",\"potentialAction\":[{\"@type\":\"ReadAction\",\"target\":[\"https:\/\/www.billin.net\/blog\/modelo-130-bizkaia\/\"]}]},{\"@type\":\"ImageObject\",\"inLanguage\":\"es\",\"@id\":\"https:\/\/www.billin.net\/blog\/modelo-130-bizkaia\/#primaryimage\",\"url\":\"https:\/\/www.billin.net\/blog\/wp-content\/uploads\/2022\/06\/modelo-130-bizkaia-345.jpg\",\"contentUrl\":\"https:\/\/www.billin.net\/blog\/wp-content\/uploads\/2022\/06\/modelo-130-bizkaia-345.jpg\",\"width\":1250,\"height\":833,\"caption\":\"modelo 130 de bizkaia\"},{\"@type\":\"BreadcrumbList\",\"@id\":\"https:\/\/www.billin.net\/blog\/modelo-130-bizkaia\/#breadcrumb\",\"itemListElement\":[{\"@type\":\"ListItem\",\"position\":1,\"name\":\"Blog\",\"item\":\"https:\/\/www.billin.net\/blog\/\"},{\"@type\":\"ListItem\",\"position\":2,\"name\":\"Facturaci\u00f3n\",\"item\":\"https:\/\/www.billin.net\/blog\/facturacion\/\"},{\"@type\":\"ListItem\",\"position\":3,\"name\":\"El Modelo 130 de Bizkaia\"}]},{\"@type\":\"WebSite\",\"@id\":\"https:\/\/www.billin.net\/blog\/#website\",\"url\":\"https:\/\/www.billin.net\/blog\/\",\"name\":\"Blog de Billin\",\"description\":\"Mantente informado con el blog de TeamSystem Facturas Billin:  facturaci\u00f3n, legislaci\u00f3n, contabilidad, management y toda la informaci\u00f3n \u00fatil para pymes y aut\u00f3nomos.\",\"publisher\":{\"@id\":\"https:\/\/www.billin.net\/blog\/#organization\"},\"potentialAction\":[{\"@type\":\"SearchAction\",\"target\":{\"@type\":\"EntryPoint\",\"urlTemplate\":\"https:\/\/www.billin.net\/blog\/?s={search_term_string}\"},\"query-input\":{\"@type\":\"PropertyValueSpecification\",\"valueRequired\":true,\"valueName\":\"search_term_string\"}}],\"inLanguage\":\"es\"},{\"@type\":\"Organization\",\"@id\":\"https:\/\/www.billin.net\/blog\/#organization\",\"name\":\"Billin\",\"alternateName\":\"Blog de Billin\",\"url\":\"https:\/\/www.billin.net\/blog\/\",\"logo\":{\"@type\":\"ImageObject\",\"inLanguage\":\"es\",\"@id\":\"https:\/\/www.billin.net\/blog\/#\/schema\/logo\/image\/\",\"url\":\"https:\/\/www.billin.net\/blog\/wp-content\/uploads\/2019\/06\/logotipo-billin-blog-1.png\",\"contentUrl\":\"https:\/\/www.billin.net\/blog\/wp-content\/uploads\/2019\/06\/logotipo-billin-blog-1.png\",\"width\":126,\"height\":50,\"caption\":\"Billin\"},\"image\":{\"@id\":\"https:\/\/www.billin.net\/blog\/#\/schema\/logo\/image\/\"},\"sameAs\":[\"https:\/\/www.facebook.com\/EsBillin\",\"https:\/\/x.com\/Billin_ES\",\"https:\/\/www.instagram.com\/billin_es\/\",\"https:\/\/www.linkedin.com\/company\/billin-spain\",\"https:\/\/www.youtube.com\/c\/BillinEsintercambiodefacturas\/\"],\"legalName\":\"MY EXPENSES SL\",\"contactPoint\":{\"@type\":\"ContactPoint\",\"telephone\":\"+34918318883\",\"contactType\":\"customer service\",\"email\":\"info@billin.eu\",\"availableLanguage\":\"es\"},\"foundingDate\":\"2015\",\"numberOfEmployees\":{\"@type\":\"QuantitativeValue\",\"minValue\":10,\"maxValue\":50},\"parentOrganization\":{\"@type\":\"Organization\",\"name\":\"TeamSystem\",\"url\":\"https:\/\/www.teamsystem.com\/\"},\"description\":\"Billin es el programa de facturaci\u00f3n online de TeamSystem para aut\u00f3nomos y pymes en Espa\u00f1a. Permite crear facturas, controlar gastos y cumplir con Verifactu.\",\"address\":{\"@type\":\"PostalAddress\",\"streetAddress\":\"Calle Arturo Soria, 336\",\"addressLocality\":\"Madrid\",\"addressRegion\":\"Madrid\",\"postalCode\":\"28033\",\"addressCountry\":\"ES\"}},{\"@type\":\"Person\",\"@id\":\"https:\/\/www.billin.net\/blog\/#\/schema\/person\/d0339ee6e869234614541b1e80a793e7\",\"name\":\"Marcos De La Cueva - CEO TeamSystem Facturas Billin\",\"image\":{\"@type\":\"ImageObject\",\"inLanguage\":\"es\",\"@id\":\"https:\/\/www.billin.net\/blog\/#\/schema\/person\/image\/\",\"url\":\"https:\/\/www.billin.net\/blog\/wp-content\/uploads\/2023\/10\/marcos-color-150x150.png\",\"contentUrl\":\"https:\/\/www.billin.net\/blog\/wp-content\/uploads\/2023\/10\/marcos-color-150x150.png\",\"caption\":\"Marcos De La Cueva - CEO TeamSystem Facturas Billin\"},\"description\":\"Licenciado en ADE por la Universidad Aut\u00f3noma de Madrid, Marcos De la Cueva es CEO y cofundador de TeamSystem Facturas Billin, un programa online que lleva m\u00e1s de 9 a\u00f1os ayudando a aut\u00f3nomos, peque\u00f1os negocios y gestor\u00edas a digitalizar sus presupuestos, facturas, tickets y gastos. \u00a0 Sobre Marcos De La Cueva \u00a0 Apasionado por el mundo empresarial y la tecnolog\u00eda, curs\u00f3 su M\u00e1ster de Finanzas en la Universidad Pontificia de Comillas y estuvo en el Programa de Cooperaci\u00f3n Educativa de la Universidad Aut\u00f3noma de Madrid. \u00a0 Marcos siempre ha tenido su objetivo claro: ayudar a la creaci\u00f3n de negocios financieramente sostenibles a trav\u00e9s de una herramienta de facturaci\u00f3n que les permita ahorrar tiempo y tener la contabilidad bajo control. \u00a0 Marcos De La Cueva en los medios \u2014 Noticia sobre Kit Digital y Ley Antifraude (VeriFactu) en El Economista. \u2014 Noticia sobre Kit Digital y factura electr\u00f3nica obligatoria en Diario Jur\u00eddico. \u2014 Noticia sobre el a\u00f1o de transici\u00f3n para la factura electr\u00f3nica en Muy Pymes. \u2014 Entrevista sobre factura electr\u00f3nica obligatoria en Canal Sur. \u2014 Noticia sobre el informe factura electr\u00f3nica de TeamSystem en Channel Partner. \u2014 Charla sobre productividad y Ley Crea y Crece en El Economista. \u2014 Charla sobre factura electr\u00f3nica obligatoria en Muy Pymes. \u2014 Charla sobre digitalizaci\u00f3n aut\u00f3nomos y productividad en esdiario. \u2014 Charla sobre productividad y factura electr\u00f3nica en La Raz\u00f3n. \u2014 Charla sobre factura electr\u00f3nica obligatoria en Aut\u00f3nomos y Emprendedores. \u2014 Entrevista sobre Ley Antifraude y Ley Crea y Crece en Expansi\u00f3n. \u2014 Entrevista sobre Ley Antifraude y Ley Crea y Crece en La Raz\u00f3n. \u2014 Entrevista sobre factura electr\u00f3nica obligatoria en El Economista. \u2014 Comunicado Billin y TeamSystem en Business Insider. \u2014 Entrevista en Econom\u00eda Digital. \u2014 Entrevista en Ideas para tu empresa de Vodafone. \u2014 Entrevista en M\u00e1sQradio. \u2014 Entrevista en Armas para emprender de El M\u00e9todo Gallardo. \u2014 Entrevista en KFund. \u2014 Entrevista en AXA Seguros Espa\u00f1a. \u2014 Entrevista en GestionaRadio. \u00a0 Marcos De La Cueva en eventos \u00a0 \u2014 Participaci\u00f3n como ponente en Accountex Espa\u00f1a 2023. \u00a0 Tem\u00e1ticas de especializaci\u00f3n \u00a0 negocios | startups | contabilidad| fiscalidad | empresas| asesor\u00edas| autonomos | emprendedores | peque\u00f1os negocios | econom\u00eda | ADE | pymes | desarrollo de negocio\u00a0\",\"sameAs\":[\"https:\/\/www.billin.net\/\",\"https:\/\/www.linkedin.com\/in\/marcos-de-la-cueva-19750ba3\/\"],\"url\":\"https:\/\/www.billin.net\/blog\/author\/marcosdelacueva\/\",\"jobTitle\":\"CEO y cofundador de TS Facturas Billin\"}]}<\/script>\n<!-- \/ Yoast SEO plugin. -->","yoast_head_json":{"title":"Qu\u00e9 es y c\u00f3mo presentar el Modelo 130 de Bizkaia - TeamSystem Facturas Billin","description":"Si quieres saber como presentar el Modelo 130 de Bizkaia en este contenido encontrar\u00e1s todo lo necesario para hacerlo. Entra ahora.","robots":{"index":"index","follow":"follow","max-snippet":"max-snippet:-1","max-image-preview":"max-image-preview:large","max-video-preview":"max-video-preview:-1"},"canonical":"https:\/\/www.billin.net\/blog\/modelo-130-bizkaia\/","og_locale":"es_ES","og_type":"article","og_title":"Qu\u00e9 es y c\u00f3mo presentar el Modelo 130 de Bizkaia - TeamSystem Facturas Billin","og_description":"Si quieres saber como presentar el Modelo 130 de Bizkaia en este contenido encontrar\u00e1s todo lo necesario para hacerlo. Entra ahora.","og_url":"https:\/\/www.billin.net\/blog\/modelo-130-bizkaia\/","og_site_name":"Blog de TeamSystem Facturas Billin","article_publisher":"https:\/\/www.facebook.com\/EsBillin","article_published_time":"2022-06-15T09:08:01+00:00","article_modified_time":"2025-09-25T18:35:30+00:00","og_image":[{"width":1250,"height":833,"url":"https:\/\/www.billin.net\/blog\/wp-content\/uploads\/2022\/06\/modelo-130-bizkaia-345.jpg","type":"image\/jpeg"}],"author":"Marcos De La Cueva - CEO TeamSystem Facturas Billin","twitter_card":"summary_large_image","twitter_creator":"@Billin_ES","twitter_site":"@Billin_ES","twitter_misc":{"Escrito por":"Marcos De La Cueva - CEO TeamSystem Facturas Billin","Tiempo de lectura":"4 minutos"},"schema":{"@context":"https:\/\/schema.org","@graph":[{"@type":"Article","@id":"https:\/\/www.billin.net\/blog\/modelo-130-bizkaia\/#article","isPartOf":{"@id":"https:\/\/www.billin.net\/blog\/modelo-130-bizkaia\/"},"author":{"name":"Marcos De La Cueva - CEO TeamSystem Facturas Billin","@id":"https:\/\/www.billin.net\/blog\/#\/schema\/person\/d0339ee6e869234614541b1e80a793e7"},"headline":"El Modelo 130 de Bizkaia","datePublished":"2022-06-15T09:08:01+00:00","dateModified":"2025-09-25T18:35:30+00:00","mainEntityOfPage":{"@id":"https:\/\/www.billin.net\/blog\/modelo-130-bizkaia\/"},"wordCount":825,"commentCount":0,"publisher":{"@id":"https:\/\/www.billin.net\/blog\/#organization"},"image":{"@id":"https:\/\/www.billin.net\/blog\/modelo-130-bizkaia\/#primaryimage"},"thumbnailUrl":"https:\/\/www.billin.net\/blog\/wp-content\/uploads\/2022\/06\/modelo-130-bizkaia-345.jpg","articleSection":["Facturaci\u00f3n"],"inLanguage":"es","potentialAction":[{"@type":"CommentAction","name":"Comment","target":["https:\/\/www.billin.net\/blog\/modelo-130-bizkaia\/#respond"]}]},{"@type":"WebPage","@id":"https:\/\/www.billin.net\/blog\/modelo-130-bizkaia\/","url":"https:\/\/www.billin.net\/blog\/modelo-130-bizkaia\/","name":"Qu\u00e9 es y c\u00f3mo presentar el Modelo 130 de Bizkaia - TeamSystem Facturas Billin","isPartOf":{"@id":"https:\/\/www.billin.net\/blog\/#website"},"primaryImageOfPage":{"@id":"https:\/\/www.billin.net\/blog\/modelo-130-bizkaia\/#primaryimage"},"image":{"@id":"https:\/\/www.billin.net\/blog\/modelo-130-bizkaia\/#primaryimage"},"thumbnailUrl":"https:\/\/www.billin.net\/blog\/wp-content\/uploads\/2022\/06\/modelo-130-bizkaia-345.jpg","datePublished":"2022-06-15T09:08:01+00:00","dateModified":"2025-09-25T18:35:30+00:00","description":"Si quieres saber como presentar el Modelo 130 de Bizkaia en este contenido encontrar\u00e1s todo lo necesario para hacerlo. Entra ahora.","breadcrumb":{"@id":"https:\/\/www.billin.net\/blog\/modelo-130-bizkaia\/#breadcrumb"},"inLanguage":"es","potentialAction":[{"@type":"ReadAction","target":["https:\/\/www.billin.net\/blog\/modelo-130-bizkaia\/"]}]},{"@type":"ImageObject","inLanguage":"es","@id":"https:\/\/www.billin.net\/blog\/modelo-130-bizkaia\/#primaryimage","url":"https:\/\/www.billin.net\/blog\/wp-content\/uploads\/2022\/06\/modelo-130-bizkaia-345.jpg","contentUrl":"https:\/\/www.billin.net\/blog\/wp-content\/uploads\/2022\/06\/modelo-130-bizkaia-345.jpg","width":1250,"height":833,"caption":"modelo 130 de bizkaia"},{"@type":"BreadcrumbList","@id":"https:\/\/www.billin.net\/blog\/modelo-130-bizkaia\/#breadcrumb","itemListElement":[{"@type":"ListItem","position":1,"name":"Blog","item":"https:\/\/www.billin.net\/blog\/"},{"@type":"ListItem","position":2,"name":"Facturaci\u00f3n","item":"https:\/\/www.billin.net\/blog\/facturacion\/"},{"@type":"ListItem","position":3,"name":"El Modelo 130 de Bizkaia"}]},{"@type":"WebSite","@id":"https:\/\/www.billin.net\/blog\/#website","url":"https:\/\/www.billin.net\/blog\/","name":"Blog de Billin","description":"Mantente informado con el blog de TeamSystem Facturas Billin:  facturaci\u00f3n, legislaci\u00f3n, contabilidad, management y toda la informaci\u00f3n \u00fatil para pymes y aut\u00f3nomos.","publisher":{"@id":"https:\/\/www.billin.net\/blog\/#organization"},"potentialAction":[{"@type":"SearchAction","target":{"@type":"EntryPoint","urlTemplate":"https:\/\/www.billin.net\/blog\/?s={search_term_string}"},"query-input":{"@type":"PropertyValueSpecification","valueRequired":true,"valueName":"search_term_string"}}],"inLanguage":"es"},{"@type":"Organization","@id":"https:\/\/www.billin.net\/blog\/#organization","name":"Billin","alternateName":"Blog de Billin","url":"https:\/\/www.billin.net\/blog\/","logo":{"@type":"ImageObject","inLanguage":"es","@id":"https:\/\/www.billin.net\/blog\/#\/schema\/logo\/image\/","url":"https:\/\/www.billin.net\/blog\/wp-content\/uploads\/2019\/06\/logotipo-billin-blog-1.png","contentUrl":"https:\/\/www.billin.net\/blog\/wp-content\/uploads\/2019\/06\/logotipo-billin-blog-1.png","width":126,"height":50,"caption":"Billin"},"image":{"@id":"https:\/\/www.billin.net\/blog\/#\/schema\/logo\/image\/"},"sameAs":["https:\/\/www.facebook.com\/EsBillin","https:\/\/x.com\/Billin_ES","https:\/\/www.instagram.com\/billin_es\/","https:\/\/www.linkedin.com\/company\/billin-spain","https:\/\/www.youtube.com\/c\/BillinEsintercambiodefacturas\/"],"legalName":"MY EXPENSES SL","contactPoint":{"@type":"ContactPoint","telephone":"+34918318883","contactType":"customer service","email":"info@billin.eu","availableLanguage":"es"},"foundingDate":"2015","numberOfEmployees":{"@type":"QuantitativeValue","minValue":10,"maxValue":50},"parentOrganization":{"@type":"Organization","name":"TeamSystem","url":"https:\/\/www.teamsystem.com\/"},"description":"Billin es el programa de facturaci\u00f3n online de TeamSystem para aut\u00f3nomos y pymes en Espa\u00f1a. Permite crear facturas, controlar gastos y cumplir con Verifactu.","address":{"@type":"PostalAddress","streetAddress":"Calle Arturo Soria, 336","addressLocality":"Madrid","addressRegion":"Madrid","postalCode":"28033","addressCountry":"ES"}},{"@type":"Person","@id":"https:\/\/www.billin.net\/blog\/#\/schema\/person\/d0339ee6e869234614541b1e80a793e7","name":"Marcos De La Cueva - CEO TeamSystem Facturas Billin","image":{"@type":"ImageObject","inLanguage":"es","@id":"https:\/\/www.billin.net\/blog\/#\/schema\/person\/image\/","url":"https:\/\/www.billin.net\/blog\/wp-content\/uploads\/2023\/10\/marcos-color-150x150.png","contentUrl":"https:\/\/www.billin.net\/blog\/wp-content\/uploads\/2023\/10\/marcos-color-150x150.png","caption":"Marcos De La Cueva - CEO TeamSystem Facturas Billin"},"description":"Licenciado en ADE por la Universidad Aut\u00f3noma de Madrid, Marcos De la Cueva es CEO y cofundador de TeamSystem Facturas Billin, un programa online que lleva m\u00e1s de 9 a\u00f1os ayudando a aut\u00f3nomos, peque\u00f1os negocios y gestor\u00edas a digitalizar sus presupuestos, facturas, tickets y gastos. \u00a0 Sobre Marcos De La Cueva \u00a0 Apasionado por el mundo empresarial y la tecnolog\u00eda, curs\u00f3 su M\u00e1ster de Finanzas en la Universidad Pontificia de Comillas y estuvo en el Programa de Cooperaci\u00f3n Educativa de la Universidad Aut\u00f3noma de Madrid. \u00a0 Marcos siempre ha tenido su objetivo claro: ayudar a la creaci\u00f3n de negocios financieramente sostenibles a trav\u00e9s de una herramienta de facturaci\u00f3n que les permita ahorrar tiempo y tener la contabilidad bajo control. \u00a0 Marcos De La Cueva en los medios \u2014 Noticia sobre Kit Digital y Ley Antifraude (VeriFactu) en El Economista. \u2014 Noticia sobre Kit Digital y factura electr\u00f3nica obligatoria en Diario Jur\u00eddico. \u2014 Noticia sobre el a\u00f1o de transici\u00f3n para la factura electr\u00f3nica en Muy Pymes. \u2014 Entrevista sobre factura electr\u00f3nica obligatoria en Canal Sur. \u2014 Noticia sobre el informe factura electr\u00f3nica de TeamSystem en Channel Partner. \u2014 Charla sobre productividad y Ley Crea y Crece en El Economista. \u2014 Charla sobre factura electr\u00f3nica obligatoria en Muy Pymes. \u2014 Charla sobre digitalizaci\u00f3n aut\u00f3nomos y productividad en esdiario. \u2014 Charla sobre productividad y factura electr\u00f3nica en La Raz\u00f3n. \u2014 Charla sobre factura electr\u00f3nica obligatoria en Aut\u00f3nomos y Emprendedores. \u2014 Entrevista sobre Ley Antifraude y Ley Crea y Crece en Expansi\u00f3n. \u2014 Entrevista sobre Ley Antifraude y Ley Crea y Crece en La Raz\u00f3n. \u2014 Entrevista sobre factura electr\u00f3nica obligatoria en El Economista. \u2014 Comunicado Billin y TeamSystem en Business Insider. \u2014 Entrevista en Econom\u00eda Digital. \u2014 Entrevista en Ideas para tu empresa de Vodafone. \u2014 Entrevista en M\u00e1sQradio. \u2014 Entrevista en Armas para emprender de El M\u00e9todo Gallardo. \u2014 Entrevista en KFund. \u2014 Entrevista en AXA Seguros Espa\u00f1a. \u2014 Entrevista en GestionaRadio. \u00a0 Marcos De La Cueva en eventos \u00a0 \u2014 Participaci\u00f3n como ponente en Accountex Espa\u00f1a 2023. \u00a0 Tem\u00e1ticas de especializaci\u00f3n \u00a0 negocios | startups | contabilidad| fiscalidad | empresas| asesor\u00edas| autonomos | emprendedores | peque\u00f1os negocios | econom\u00eda | ADE | pymes | desarrollo de negocio\u00a0","sameAs":["https:\/\/www.billin.net\/","https:\/\/www.linkedin.com\/in\/marcos-de-la-cueva-19750ba3\/"],"url":"https:\/\/www.billin.net\/blog\/author\/marcosdelacueva\/","jobTitle":"CEO y cofundador de TS Facturas Billin"}]}},"_links":{"self":[{"href":"https:\/\/www.billin.net\/blog\/wp-json\/wp\/v2\/posts\/19402","targetHints":{"allow":["GET"]}}],"collection":[{"href":"https:\/\/www.billin.net\/blog\/wp-json\/wp\/v2\/posts"}],"about":[{"href":"https:\/\/www.billin.net\/blog\/wp-json\/wp\/v2\/types\/post"}],"author":[{"embeddable":true,"href":"https:\/\/www.billin.net\/blog\/wp-json\/wp\/v2\/users\/20"}],"replies":[{"embeddable":true,"href":"https:\/\/www.billin.net\/blog\/wp-json\/wp\/v2\/comments?post=19402"}],"version-history":[{"count":5,"href":"https:\/\/www.billin.net\/blog\/wp-json\/wp\/v2\/posts\/19402\/revisions"}],"predecessor-version":[{"id":26801,"href":"https:\/\/www.billin.net\/blog\/wp-json\/wp\/v2\/posts\/19402\/revisions\/26801"}],"wp:featuredmedia":[{"embeddable":true,"href":"https:\/\/www.billin.net\/blog\/wp-json\/wp\/v2\/media\/19403"}],"wp:attachment":[{"href":"https:\/\/www.billin.net\/blog\/wp-json\/wp\/v2\/media?parent=19402"}],"wp:term":[{"taxonomy":"category","embeddable":true,"href":"https:\/\/www.billin.net\/blog\/wp-json\/wp\/v2\/categories?post=19402"},{"taxonomy":"post_tag","embeddable":true,"href":"https:\/\/www.billin.net\/blog\/wp-json\/wp\/v2\/tags?post=19402"}],"curies":[{"name":"wp","href":"https:\/\/api.w.org\/{rel}","templated":true}]}}