{"id":19399,"date":"2022-06-15T00:00:00","date_gmt":"2022-06-14T22:00:00","guid":{"rendered":"https:\/\/www.billin.net\/blog\/?p=19399"},"modified":"2025-12-04T14:57:47","modified_gmt":"2025-12-04T12:57:47","slug":"facturacion-electronica-gobierno-vasco","status":"publish","type":"post","link":"https:\/\/www.billin.net\/blog\/facturacion-electronica-gobierno-vasco\/","title":{"rendered":"La facturaci\u00f3n electr\u00f3nica en el Pa\u00eds Vasco"},"content":{"rendered":"<p><span style=\"font-weight: 400;\">Al igual que todo el estado espa\u00f1ol, el Gobierno Vasco ha puesto en funcionamiento el sistema de facturaci\u00f3n electr\u00f3nico.<\/span><\/p>\n<p><!--more--><\/p>\n<p><span style=\"font-weight: 400;\">Desde el a\u00f1o 2015 cualquier empresa que facture a la administraci\u00f3n vasca debe hacerlo a trav\u00e9s de este sistema, a excepci\u00f3n de aquellas que sean inferiores a 5.000 euros, en cuyo caso, no estar\u00edan obligadas a hacerlo.<\/span><\/p>\n<h2><b>\u00bfQu\u00e9 es la facturaci\u00f3n electr\u00f3nica en el Pa\u00eds Vasco?<\/b><\/h2>\n<p><span style=\"font-weight: 400;\">La facturaci\u00f3n electr\u00f3nica en Euskadi es un servicio que est\u00e1 a disposici\u00f3n de los proveedores de las entidades del sector p\u00fablico de la Comunidad Aut\u00f3noma de Euskadi u otras Instituciones, para la presentaci\u00f3n de <a href=\"https:\/\/www.billin.net\/blog\/factura-electronica\/\" target=\"_blank\" rel=\"noopener\">facturas electr\u00f3nicas<\/a>, adem\u00e1s de ofrecer un servicio de consulta sobre el estado de las mismas.<\/span><\/p>\n<p><span style=\"font-weight: 400;\">Este sistema de <\/span><b>facturaci\u00f3n electr\u00f3nica del Gobierno Vasco<\/b><span style=\"font-weight: 400;\"> facilita los tr\u00e1mites y es muy f\u00e1cil de usar, ya que, cuenta con servicios de ayuda para resolver cualquier duda que surja durante el proceso de presentaci\u00f3n de facturas electr\u00f3nicas.<\/span><\/p>\n<p><span style=\"font-weight: 400;\">Con este sistema se <strong>remiten las facturas a la Administraci\u00f3n o Instituci\u00f3n correspondiente,<\/strong> simplificando el env\u00edo de facturas, puesto que, cuenta con un \u00fanico punto de entrada para todo el Sector P\u00fablico del Gobierno Vasco.<\/span><\/p>\n<h2><b>\u00bfQu\u00e9 empresas tienen que utilizar el sistema de facturaci\u00f3n electr\u00f3nica vasca?<\/b><\/h2>\n<p><span style=\"font-weight: 400;\">Cualquier aut\u00f3nomo o empresa <strong>que quiera realizar un tr\u00e1mite con la Administraci\u00f3n Vasca debe tener en su organizaci\u00f3n este sistema de facturaci\u00f3n electr\u00f3nico vasco.<\/strong><\/span><\/p>\n<p><span style=\"font-weight: 400;\">Este sistema no solo se aplica en el Gobierno Vasco, <strong>tambi\u00e9n se utiliza en el resto de Administraci\u00f3n de Espa\u00f1a.<\/strong><\/span><\/p>\n<p><span style=\"font-weight: 400;\">Por tanto, es un sistema de <\/span><b>facturaci\u00f3n electr\u00f3nica del Gobierno Vasco<\/b><span style=\"font-weight: 400;\"> puesto a disposici\u00f3n de los proveedores que vendan productos o presten servicios a cualquier entidad u organizaci\u00f3n que pertenezca al Sector P\u00fablico de Euskadi, adem\u00e1s facilitar\u00e1 informaci\u00f3n sobre el estado de las mismas.<\/span><\/p>\n<p><span style=\"font-weight: 400;\">En todo caso, las empresas obligadas a presentar la factura electr\u00f3nica son las sociedades an\u00f3nimas, las sociedades de responsabilidad limitada, las personas jur\u00eddicas y entidades sin personalidad jur\u00eddica que carezcan de nacionalidad, los establecimientos permanentes y sucursales de entidades no residentes seg\u00fan estable la normativa tributaria.<\/span><\/p>\n<p><span style=\"font-weight: 400;\">Tambi\u00e9n est\u00e1n obligados las Uniones temporales de empresas, la agrupaci\u00f3n de inter\u00e9s econ\u00f3mico europea, fondos de pensiones, fondo de capital de riesgo, fondos de inversiones, fondos de utilizaci\u00f3n de activos, etc.<\/span><\/p>\n<h2><b>\u00bfC\u00f3mo hacer una factura electr\u00f3nica con el Gobierno Vasco?<\/b><\/h2>\n<p><span style=\"font-weight: 400;\">Para usar el sistema de <\/span><b>facturaci\u00f3n electr\u00f3nica del Gobierno Vasco<\/b><span style=\"font-weight: 400;\">, lo primero es darnos de alta previamente con un <a href=\"https:\/\/www.billin.net\/blog\/certificado-digital-empresas\/\" target=\"_blank\" rel=\"noopener\">certificado digital<\/a> que est\u00e9 reconocido y sea v\u00e1lido, como son los emitidos por la F\u00e1brica Nacional de Moneda y Timbre, el DNI electr\u00f3nico o cualquier certificado propio de la comunidad.<\/span><\/p>\n<p><span style=\"font-weight: 400;\">Una vez efectuada el alta en el sistema electr\u00f3nico <strong>se podr\u00e1 enviar facturas al Gobierno Vasco mediante dos v\u00edas.<\/strong><\/span><\/p>\n<p><span style=\"font-weight: 400;\">La primera de ellas es un sistema manual que est\u00e1 dirigido a aquellos aut\u00f3nomos o empresas que no tengan integrado un sistema ERP en su empresa, o bien, un sistema electr\u00f3nico que se har\u00e1 mediante la web, pudiendo dar de alta la factura con el formato adecuado, consultar las facturas emitidas e incluso configurar avisos mediante un correo electr\u00f3nico, este \u00faltimo sistema est\u00e1 dirigido a <strong>aquellas compa\u00f1\u00edas con un sistema ERP integrado en su organizaci\u00f3n.<\/strong><\/span><\/p>\n<p><span style=\"font-weight: 400;\">Este proceso facilita y automatiza todo el tr\u00e1mite de la presentaci\u00f3n de facturas, haci\u00e9ndolo m\u00e1s seguro y m\u00e1s r\u00e1pido.<\/span><\/p>\n<h2><b>Diferencias entre la facturaci\u00f3n electr\u00f3nica y TicketBAI<\/b><\/h2>\n<p><span style=\"font-weight: 400;\">Las diferencias que tiene la facturaci\u00f3n electr\u00f3nica y el <a href=\"https:\/\/www.billin.net\/que-es-ticketbai\/\" target=\"_blank\" rel=\"noopener\">sistema TicketBAI<\/a> son:<\/span><\/p>\n<p><span style=\"font-weight: 400;\">Con respecto a su definici\u00f3n, la factura electr\u00f3nica es el justificante en formato electr\u00f3nico de la venta de un producto o una prestaci\u00f3n de servicios donde se reflejan los detalles de la operaci\u00f3n econ\u00f3mica que se ha llevado a cabo, mientras que <strong>el TicketBAI es un sistema que tiene como finalidad el control sobre el cobro de facturas y la facturaci\u00f3n de aut\u00f3nomos o empresas<\/strong>, de manera que puedan supervisar todos los ingresos realizados, incluidos los pagos en efectivo.<\/span><\/p>\n<p><span style=\"font-weight: 400;\">Los obligados a usar la facturaci\u00f3n electr\u00f3nica son todas las empresas o aut\u00f3nomos que emitan facturas al sector p\u00fablico, mientras que <strong>los obligados al sistema TicketBAI son todas las empresas o aut\u00f3nomos con residencia fiscal en el Pa\u00eds Vasco.<\/strong><\/span><\/p>\n<p><span style=\"font-weight: 400;\">La aplicaci\u00f3n del sistema de facturaci\u00f3n electr\u00f3nica es en toda la Uni\u00f3n Europea, mientras que el<strong> TicketBAI \u00fanicamente se aplica en el Pa\u00eds Vasco.<\/strong><\/span><\/p>\n<p><span style=\"font-weight: 400;\">La informaci\u00f3n facilitada en el sistema de facturaci\u00f3n electr\u00f3nico son los suplidos, retenciones, descuentos, etc., y en TicketBAI es un fichero con la elaboraci\u00f3n de la factura.<\/span><\/p>\n<p><span style=\"font-weight: 400;\">Para el env\u00edo y contenido de una factura electr\u00f3nica se <a href=\"https:\/\/www.billin.net\/blog\/presentar-face-facturae\/\" target=\"_blank\" rel=\"noopener\">presenta en el portal Face<\/a> o en cada Administraci\u00f3n (seg\u00fan la Instituci\u00f3n), mientras que el TicketBAI se dirige al Portal de la Diputaci\u00f3n Foral y cada una establece sus propios requisitos de env\u00edo y contenido.<\/span><\/p>\n<h2>Diferencias entre VeriFactu y TicketBAI<\/h2>\n<p class=\"first:mt-1.5!\">La aplicaci\u00f3n de cada normativa depende estrictamente de la <strong>residencia fiscal del contribuyente<\/strong> dentro del territorio espa\u00f1ol.<\/p>\n<h3>Jurisdicci\u00f3n Territorial<\/h3>\n<p class=\"first:mt-1.5!\"><strong>Jurisdicci\u00f3n de TicketBAI:<\/strong> El sistema TicketBAI es de obligado cumplimiento para empresas y aut\u00f3nomos con domicilio fiscal en el <strong>Pa\u00eds Vasco y la Comunidad Foral de Navarra<\/strong>.<\/p>\n<p class=\"first:mt-1.5!\"><strong>Jurisdicci\u00f3n de VeriFactu:<\/strong> El reglamento VeriFactu rige en todo el <strong>Territorio de R\u00e9gimen Com\u00fan<\/strong> (toda Espa\u00f1a excepto Pa\u00eds Vasco y Navarra). Su aplicaci\u00f3n cubre las zonas donde no existe una normativa foral previa de facturaci\u00f3n digital.<\/p>\n<h3>Autoridad Tributaria Competente<\/h3>\n<p class=\"first:mt-1.5!\">El organismo receptor de los datos fiscales var\u00eda seg\u00fan el sistema, definiendo qui\u00e9n valida la informaci\u00f3n transmitida.<\/p>\n<p class=\"first:mt-1.5!\"><strong>Receptor TicketBAI:<\/strong> El software env\u00eda la informaci\u00f3n fiscal a las <strong>Haciendas Forales<\/strong> correspondientes (\u00c1lava, Bizkaia, Gipuzkoa o Navarra).<\/p>\n<p class=\"first:mt-1.5!\"><strong>Receptor VeriFactu:<\/strong> Los sistemas VeriFactu comunican los registros de facturaci\u00f3n directamente a la <strong>Agencia Estatal de Administraci\u00f3n Tributaria (AEAT)<\/strong>.<\/p>\n<h3>Cronolog\u00eda y Fechas de Implantaci\u00f3n<\/h3>\n<p class=\"first:mt-1.5!\">Existe un desfase temporal significativo en la adopci\u00f3n de ambos sistemas, estando TicketBAI en una fase de madurez operativa frente al despliegue inminente de VeriFactu.<\/p>\n<p class=\"first:mt-1.5!\"><strong>Vigencia de TicketBAI:<\/strong> Este sistema se encuentra plenamente operativo y es obligatorio desde el <strong>a\u00f1o 2023<\/strong> para la mayor\u00eda de los contribuyentes forales.<\/p>\n<p class=\"first:mt-1.5!\"><strong>Vigencia de VeriFactu:<\/strong> El Real Decreto 254\/2025 fija la entrada en vigor escalonada: <strong>1 de enero de 2027<\/strong>\u00a0para empresas (Impuesto sobre Sociedades) y <strong>1 de julio de 2027<\/strong>\u00a0para aut\u00f3nomos.<\/p>\n","protected":false},"excerpt":{"rendered":"<p>Al igual que todo el estado espa\u00f1ol, el Gobierno Vasco ha puesto en funcionamiento el sistema de facturaci\u00f3n electr\u00f3nico.<\/p>\n","protected":false},"author":20,"featured_media":19400,"comment_status":"open","ping_status":"open","sticky":false,"template":"","format":"standard","meta":{"_acf_changed":false,"_et_pb_use_builder":"","_et_pb_old_content":"","_et_gb_content_width":"","om_disable_all_campaigns":false,"inline_featured_image":false,"footnotes":""},"categories":[1015],"tags":[1380,1381],"class_list":{"0":"post-19399","1":"post","2":"type-post","3":"status-publish","4":"format-standard","5":"has-post-thumbnail","7":"category-facturacion","8":"tag-autonomos","9":"tag-pymes"},"acf":{"selector_de_usuario":"","fecha_de_revision":"20220617"},"yoast_head":"<!-- This site is optimized with the Yoast SEO plugin v27.1 - https:\/\/yoast.com\/product\/yoast-seo-wordpress\/ -->\n<title>Facturaci\u00f3n electr\u00f3nica del Gobierno Vasco y TicketBAI - TeamSystem Facturas Billin<\/title>\n<meta name=\"description\" content=\"Explicamos lo que es la facturaci\u00f3n electr\u00f3nica del Gobierno Vasco y lo que cambia con respecto a TicketBAI.\" \/>\n<meta name=\"robots\" content=\"index, follow, max-snippet:-1, max-image-preview:large, max-video-preview:-1\" \/>\n<link rel=\"canonical\" href=\"https:\/\/www.billin.net\/blog\/facturacion-electronica-gobierno-vasco\/\" \/>\n<meta property=\"og:locale\" content=\"es_ES\" \/>\n<meta property=\"og:type\" content=\"article\" \/>\n<meta property=\"og:title\" content=\"Facturaci\u00f3n electr\u00f3nica del Gobierno Vasco y TicketBAI - TeamSystem Facturas Billin\" \/>\n<meta property=\"og:description\" content=\"Explicamos lo que es la facturaci\u00f3n electr\u00f3nica del Gobierno Vasco y lo que cambia con respecto a TicketBAI.\" \/>\n<meta property=\"og:url\" content=\"https:\/\/www.billin.net\/blog\/facturacion-electronica-gobierno-vasco\/\" \/>\n<meta property=\"og:site_name\" content=\"Blog de TeamSystem Facturas Billin\" \/>\n<meta property=\"article:publisher\" content=\"https:\/\/www.facebook.com\/EsBillin\" \/>\n<meta property=\"article:published_time\" content=\"2022-06-14T22:00:00+00:00\" \/>\n<meta property=\"article:modified_time\" content=\"2025-12-04T12:57:47+00:00\" \/>\n<meta property=\"og:image\" content=\"https:\/\/www.billin.net\/blog\/wp-content\/uploads\/2022\/06\/facturacion-electronica-del-Gobierno-Vasco.jpg\" \/>\n\t<meta property=\"og:image:width\" content=\"2048\" \/>\n\t<meta property=\"og:image:height\" content=\"1365\" \/>\n\t<meta property=\"og:image:type\" content=\"image\/jpeg\" \/>\n<meta name=\"author\" content=\"Marcos De La Cueva - CEO TeamSystem Facturas Billin\" \/>\n<meta name=\"twitter:card\" content=\"summary_large_image\" \/>\n<meta name=\"twitter:creator\" content=\"@Billin_ES\" \/>\n<meta name=\"twitter:site\" content=\"@Billin_ES\" \/>\n<meta name=\"twitter:label1\" content=\"Escrito por\" \/>\n\t<meta name=\"twitter:data1\" content=\"Marcos De La Cueva - CEO TeamSystem Facturas Billin\" \/>\n\t<meta name=\"twitter:label2\" content=\"Tiempo de lectura\" \/>\n\t<meta name=\"twitter:data2\" content=\"5 minutos\" \/>\n<script type=\"application\/ld+json\" class=\"yoast-schema-graph\">{\"@context\":\"https:\/\/schema.org\",\"@graph\":[{\"@type\":\"Article\",\"@id\":\"https:\/\/www.billin.net\/blog\/facturacion-electronica-gobierno-vasco\/#article\",\"isPartOf\":{\"@id\":\"https:\/\/www.billin.net\/blog\/facturacion-electronica-gobierno-vasco\/\"},\"author\":{\"name\":\"Marcos De La Cueva - CEO TeamSystem Facturas Billin\",\"@id\":\"https:\/\/www.billin.net\/blog\/#\/schema\/person\/d0339ee6e869234614541b1e80a793e7\"},\"headline\":\"La facturaci\u00f3n electr\u00f3nica en el Pa\u00eds Vasco\",\"datePublished\":\"2022-06-14T22:00:00+00:00\",\"dateModified\":\"2025-12-04T12:57:47+00:00\",\"mainEntityOfPage\":{\"@id\":\"https:\/\/www.billin.net\/blog\/facturacion-electronica-gobierno-vasco\/\"},\"wordCount\":1136,\"commentCount\":2,\"publisher\":{\"@id\":\"https:\/\/www.billin.net\/blog\/#organization\"},\"image\":{\"@id\":\"https:\/\/www.billin.net\/blog\/facturacion-electronica-gobierno-vasco\/#primaryimage\"},\"thumbnailUrl\":\"https:\/\/www.billin.net\/blog\/wp-content\/uploads\/2022\/06\/facturacion-electronica-del-Gobierno-Vasco.jpg\",\"keywords\":[\"Aut\u00f3nomos\",\"Pymes\"],\"articleSection\":[\"Facturaci\u00f3n\"],\"inLanguage\":\"es\",\"potentialAction\":[{\"@type\":\"CommentAction\",\"name\":\"Comment\",\"target\":[\"https:\/\/www.billin.net\/blog\/facturacion-electronica-gobierno-vasco\/#respond\"]}]},{\"@type\":\"WebPage\",\"@id\":\"https:\/\/www.billin.net\/blog\/facturacion-electronica-gobierno-vasco\/\",\"url\":\"https:\/\/www.billin.net\/blog\/facturacion-electronica-gobierno-vasco\/\",\"name\":\"Facturaci\u00f3n electr\u00f3nica del Gobierno Vasco y TicketBAI - TeamSystem Facturas Billin\",\"isPartOf\":{\"@id\":\"https:\/\/www.billin.net\/blog\/#website\"},\"primaryImageOfPage\":{\"@id\":\"https:\/\/www.billin.net\/blog\/facturacion-electronica-gobierno-vasco\/#primaryimage\"},\"image\":{\"@id\":\"https:\/\/www.billin.net\/blog\/facturacion-electronica-gobierno-vasco\/#primaryimage\"},\"thumbnailUrl\":\"https:\/\/www.billin.net\/blog\/wp-content\/uploads\/2022\/06\/facturacion-electronica-del-Gobierno-Vasco.jpg\",\"datePublished\":\"2022-06-14T22:00:00+00:00\",\"dateModified\":\"2025-12-04T12:57:47+00:00\",\"description\":\"Explicamos lo que es la facturaci\u00f3n electr\u00f3nica del Gobierno Vasco y lo que cambia con respecto a TicketBAI.\",\"breadcrumb\":{\"@id\":\"https:\/\/www.billin.net\/blog\/facturacion-electronica-gobierno-vasco\/#breadcrumb\"},\"inLanguage\":\"es\",\"potentialAction\":[{\"@type\":\"ReadAction\",\"target\":[\"https:\/\/www.billin.net\/blog\/facturacion-electronica-gobierno-vasco\/\"]}]},{\"@type\":\"ImageObject\",\"inLanguage\":\"es\",\"@id\":\"https:\/\/www.billin.net\/blog\/facturacion-electronica-gobierno-vasco\/#primaryimage\",\"url\":\"https:\/\/www.billin.net\/blog\/wp-content\/uploads\/2022\/06\/facturacion-electronica-del-Gobierno-Vasco.jpg\",\"contentUrl\":\"https:\/\/www.billin.net\/blog\/wp-content\/uploads\/2022\/06\/facturacion-electronica-del-Gobierno-Vasco.jpg\",\"width\":2048,\"height\":1365,\"caption\":\"factura electronica del gobierno vasco\"},{\"@type\":\"BreadcrumbList\",\"@id\":\"https:\/\/www.billin.net\/blog\/facturacion-electronica-gobierno-vasco\/#breadcrumb\",\"itemListElement\":[{\"@type\":\"ListItem\",\"position\":1,\"name\":\"Blog\",\"item\":\"https:\/\/www.billin.net\/blog\/\"},{\"@type\":\"ListItem\",\"position\":2,\"name\":\"Facturaci\u00f3n\",\"item\":\"https:\/\/www.billin.net\/blog\/facturacion\/\"},{\"@type\":\"ListItem\",\"position\":3,\"name\":\"La facturaci\u00f3n electr\u00f3nica en el Pa\u00eds Vasco\"}]},{\"@type\":\"WebSite\",\"@id\":\"https:\/\/www.billin.net\/blog\/#website\",\"url\":\"https:\/\/www.billin.net\/blog\/\",\"name\":\"Blog de Billin\",\"description\":\"Mantente informado con el blog de TeamSystem Facturas Billin:  facturaci\u00f3n, legislaci\u00f3n, contabilidad, management y toda la informaci\u00f3n \u00fatil para pymes y aut\u00f3nomos.\",\"publisher\":{\"@id\":\"https:\/\/www.billin.net\/blog\/#organization\"},\"potentialAction\":[{\"@type\":\"SearchAction\",\"target\":{\"@type\":\"EntryPoint\",\"urlTemplate\":\"https:\/\/www.billin.net\/blog\/?s={search_term_string}\"},\"query-input\":{\"@type\":\"PropertyValueSpecification\",\"valueRequired\":true,\"valueName\":\"search_term_string\"}}],\"inLanguage\":\"es\"},{\"@type\":\"Organization\",\"@id\":\"https:\/\/www.billin.net\/blog\/#organization\",\"name\":\"Billin\",\"alternateName\":\"Blog de Billin\",\"url\":\"https:\/\/www.billin.net\/blog\/\",\"logo\":{\"@type\":\"ImageObject\",\"inLanguage\":\"es\",\"@id\":\"https:\/\/www.billin.net\/blog\/#\/schema\/logo\/image\/\",\"url\":\"https:\/\/www.billin.net\/blog\/wp-content\/uploads\/2019\/06\/logotipo-billin-blog-1.png\",\"contentUrl\":\"https:\/\/www.billin.net\/blog\/wp-content\/uploads\/2019\/06\/logotipo-billin-blog-1.png\",\"width\":126,\"height\":50,\"caption\":\"Billin\"},\"image\":{\"@id\":\"https:\/\/www.billin.net\/blog\/#\/schema\/logo\/image\/\"},\"sameAs\":[\"https:\/\/www.facebook.com\/EsBillin\",\"https:\/\/x.com\/Billin_ES\",\"https:\/\/www.instagram.com\/billin_es\/\",\"https:\/\/www.linkedin.com\/company\/billin-spain\",\"https:\/\/www.youtube.com\/c\/BillinEsintercambiodefacturas\/\"],\"legalName\":\"MY EXPENSES SL\",\"contactPoint\":{\"@type\":\"ContactPoint\",\"telephone\":\"+34918318883\",\"contactType\":\"customer service\",\"email\":\"info@billin.eu\",\"availableLanguage\":\"es\"},\"foundingDate\":\"2015\",\"numberOfEmployees\":{\"@type\":\"QuantitativeValue\",\"minValue\":10,\"maxValue\":50},\"parentOrganization\":{\"@type\":\"Organization\",\"name\":\"TeamSystem\",\"url\":\"https:\/\/www.teamsystem.com\/\"},\"description\":\"Billin es el programa de facturaci\u00f3n online de TeamSystem para aut\u00f3nomos y pymes en Espa\u00f1a. Permite crear facturas, controlar gastos y cumplir con Verifactu.\",\"address\":{\"@type\":\"PostalAddress\",\"streetAddress\":\"Calle Arturo Soria, 336\",\"addressLocality\":\"Madrid\",\"addressRegion\":\"Madrid\",\"postalCode\":\"28033\",\"addressCountry\":\"ES\"}},{\"@type\":\"Person\",\"@id\":\"https:\/\/www.billin.net\/blog\/#\/schema\/person\/d0339ee6e869234614541b1e80a793e7\",\"name\":\"Marcos De La Cueva - CEO TeamSystem Facturas Billin\",\"image\":{\"@type\":\"ImageObject\",\"inLanguage\":\"es\",\"@id\":\"https:\/\/www.billin.net\/blog\/#\/schema\/person\/image\/\",\"url\":\"https:\/\/www.billin.net\/blog\/wp-content\/uploads\/2023\/10\/marcos-color-150x150.png\",\"contentUrl\":\"https:\/\/www.billin.net\/blog\/wp-content\/uploads\/2023\/10\/marcos-color-150x150.png\",\"caption\":\"Marcos De La Cueva - CEO TeamSystem Facturas Billin\"},\"description\":\"Licenciado en ADE por la Universidad Aut\u00f3noma de Madrid, Marcos De la Cueva es CEO y cofundador de TeamSystem Facturas Billin, un programa online que lleva m\u00e1s de 9 a\u00f1os ayudando a aut\u00f3nomos, peque\u00f1os negocios y gestor\u00edas a digitalizar sus presupuestos, facturas, tickets y gastos. \u00a0 Sobre Marcos De La Cueva \u00a0 Apasionado por el mundo empresarial y la tecnolog\u00eda, curs\u00f3 su M\u00e1ster de Finanzas en la Universidad Pontificia de Comillas y estuvo en el Programa de Cooperaci\u00f3n Educativa de la Universidad Aut\u00f3noma de Madrid. \u00a0 Marcos siempre ha tenido su objetivo claro: ayudar a la creaci\u00f3n de negocios financieramente sostenibles a trav\u00e9s de una herramienta de facturaci\u00f3n que les permita ahorrar tiempo y tener la contabilidad bajo control. \u00a0 Marcos De La Cueva en los medios \u2014 Noticia sobre Kit Digital y Ley Antifraude (VeriFactu) en El Economista. \u2014 Noticia sobre Kit Digital y factura electr\u00f3nica obligatoria en Diario Jur\u00eddico. \u2014 Noticia sobre el a\u00f1o de transici\u00f3n para la factura electr\u00f3nica en Muy Pymes. \u2014 Entrevista sobre factura electr\u00f3nica obligatoria en Canal Sur. \u2014 Noticia sobre el informe factura electr\u00f3nica de TeamSystem en Channel Partner. \u2014 Charla sobre productividad y Ley Crea y Crece en El Economista. \u2014 Charla sobre factura electr\u00f3nica obligatoria en Muy Pymes. \u2014 Charla sobre digitalizaci\u00f3n aut\u00f3nomos y productividad en esdiario. \u2014 Charla sobre productividad y factura electr\u00f3nica en La Raz\u00f3n. \u2014 Charla sobre factura electr\u00f3nica obligatoria en Aut\u00f3nomos y Emprendedores. \u2014 Entrevista sobre Ley Antifraude y Ley Crea y Crece en Expansi\u00f3n. \u2014 Entrevista sobre Ley Antifraude y Ley Crea y Crece en La Raz\u00f3n. \u2014 Entrevista sobre factura electr\u00f3nica obligatoria en El Economista. \u2014 Comunicado Billin y TeamSystem en Business Insider. \u2014 Entrevista en Econom\u00eda Digital. \u2014 Entrevista en Ideas para tu empresa de Vodafone. \u2014 Entrevista en M\u00e1sQradio. \u2014 Entrevista en Armas para emprender de El M\u00e9todo Gallardo. \u2014 Entrevista en KFund. \u2014 Entrevista en AXA Seguros Espa\u00f1a. \u2014 Entrevista en GestionaRadio. \u00a0 Marcos De La Cueva en eventos \u00a0 \u2014 Participaci\u00f3n como ponente en Accountex Espa\u00f1a 2023. \u00a0 Tem\u00e1ticas de especializaci\u00f3n \u00a0 negocios | startups | contabilidad| fiscalidad | empresas| asesor\u00edas| autonomos | emprendedores | peque\u00f1os negocios | econom\u00eda | ADE | pymes | desarrollo de negocio\u00a0\",\"sameAs\":[\"https:\/\/www.billin.net\/\",\"https:\/\/www.linkedin.com\/in\/marcos-de-la-cueva-19750ba3\/\"],\"url\":\"https:\/\/www.billin.net\/blog\/author\/marcosdelacueva\/\",\"jobTitle\":\"CEO y cofundador de TS Facturas Billin\"}]}<\/script>\n<!-- \/ Yoast SEO plugin. -->","yoast_head_json":{"title":"Facturaci\u00f3n electr\u00f3nica del Gobierno Vasco y TicketBAI - TeamSystem Facturas Billin","description":"Explicamos lo que es la facturaci\u00f3n electr\u00f3nica del Gobierno Vasco y lo que cambia con respecto a TicketBAI.","robots":{"index":"index","follow":"follow","max-snippet":"max-snippet:-1","max-image-preview":"max-image-preview:large","max-video-preview":"max-video-preview:-1"},"canonical":"https:\/\/www.billin.net\/blog\/facturacion-electronica-gobierno-vasco\/","og_locale":"es_ES","og_type":"article","og_title":"Facturaci\u00f3n electr\u00f3nica del Gobierno Vasco y TicketBAI - TeamSystem Facturas Billin","og_description":"Explicamos lo que es la facturaci\u00f3n electr\u00f3nica del Gobierno Vasco y lo que cambia con respecto a TicketBAI.","og_url":"https:\/\/www.billin.net\/blog\/facturacion-electronica-gobierno-vasco\/","og_site_name":"Blog de TeamSystem Facturas Billin","article_publisher":"https:\/\/www.facebook.com\/EsBillin","article_published_time":"2022-06-14T22:00:00+00:00","article_modified_time":"2025-12-04T12:57:47+00:00","og_image":[{"width":2048,"height":1365,"url":"https:\/\/www.billin.net\/blog\/wp-content\/uploads\/2022\/06\/facturacion-electronica-del-Gobierno-Vasco.jpg","type":"image\/jpeg"}],"author":"Marcos De La Cueva - CEO TeamSystem Facturas Billin","twitter_card":"summary_large_image","twitter_creator":"@Billin_ES","twitter_site":"@Billin_ES","twitter_misc":{"Escrito por":"Marcos De La Cueva - CEO TeamSystem Facturas Billin","Tiempo de lectura":"5 minutos"},"schema":{"@context":"https:\/\/schema.org","@graph":[{"@type":"Article","@id":"https:\/\/www.billin.net\/blog\/facturacion-electronica-gobierno-vasco\/#article","isPartOf":{"@id":"https:\/\/www.billin.net\/blog\/facturacion-electronica-gobierno-vasco\/"},"author":{"name":"Marcos De La Cueva - CEO TeamSystem Facturas Billin","@id":"https:\/\/www.billin.net\/blog\/#\/schema\/person\/d0339ee6e869234614541b1e80a793e7"},"headline":"La facturaci\u00f3n electr\u00f3nica en el Pa\u00eds Vasco","datePublished":"2022-06-14T22:00:00+00:00","dateModified":"2025-12-04T12:57:47+00:00","mainEntityOfPage":{"@id":"https:\/\/www.billin.net\/blog\/facturacion-electronica-gobierno-vasco\/"},"wordCount":1136,"commentCount":2,"publisher":{"@id":"https:\/\/www.billin.net\/blog\/#organization"},"image":{"@id":"https:\/\/www.billin.net\/blog\/facturacion-electronica-gobierno-vasco\/#primaryimage"},"thumbnailUrl":"https:\/\/www.billin.net\/blog\/wp-content\/uploads\/2022\/06\/facturacion-electronica-del-Gobierno-Vasco.jpg","keywords":["Aut\u00f3nomos","Pymes"],"articleSection":["Facturaci\u00f3n"],"inLanguage":"es","potentialAction":[{"@type":"CommentAction","name":"Comment","target":["https:\/\/www.billin.net\/blog\/facturacion-electronica-gobierno-vasco\/#respond"]}]},{"@type":"WebPage","@id":"https:\/\/www.billin.net\/blog\/facturacion-electronica-gobierno-vasco\/","url":"https:\/\/www.billin.net\/blog\/facturacion-electronica-gobierno-vasco\/","name":"Facturaci\u00f3n electr\u00f3nica del Gobierno Vasco y TicketBAI - TeamSystem Facturas Billin","isPartOf":{"@id":"https:\/\/www.billin.net\/blog\/#website"},"primaryImageOfPage":{"@id":"https:\/\/www.billin.net\/blog\/facturacion-electronica-gobierno-vasco\/#primaryimage"},"image":{"@id":"https:\/\/www.billin.net\/blog\/facturacion-electronica-gobierno-vasco\/#primaryimage"},"thumbnailUrl":"https:\/\/www.billin.net\/blog\/wp-content\/uploads\/2022\/06\/facturacion-electronica-del-Gobierno-Vasco.jpg","datePublished":"2022-06-14T22:00:00+00:00","dateModified":"2025-12-04T12:57:47+00:00","description":"Explicamos lo que es la facturaci\u00f3n electr\u00f3nica del Gobierno Vasco y lo que cambia con respecto a TicketBAI.","breadcrumb":{"@id":"https:\/\/www.billin.net\/blog\/facturacion-electronica-gobierno-vasco\/#breadcrumb"},"inLanguage":"es","potentialAction":[{"@type":"ReadAction","target":["https:\/\/www.billin.net\/blog\/facturacion-electronica-gobierno-vasco\/"]}]},{"@type":"ImageObject","inLanguage":"es","@id":"https:\/\/www.billin.net\/blog\/facturacion-electronica-gobierno-vasco\/#primaryimage","url":"https:\/\/www.billin.net\/blog\/wp-content\/uploads\/2022\/06\/facturacion-electronica-del-Gobierno-Vasco.jpg","contentUrl":"https:\/\/www.billin.net\/blog\/wp-content\/uploads\/2022\/06\/facturacion-electronica-del-Gobierno-Vasco.jpg","width":2048,"height":1365,"caption":"factura electronica del gobierno vasco"},{"@type":"BreadcrumbList","@id":"https:\/\/www.billin.net\/blog\/facturacion-electronica-gobierno-vasco\/#breadcrumb","itemListElement":[{"@type":"ListItem","position":1,"name":"Blog","item":"https:\/\/www.billin.net\/blog\/"},{"@type":"ListItem","position":2,"name":"Facturaci\u00f3n","item":"https:\/\/www.billin.net\/blog\/facturacion\/"},{"@type":"ListItem","position":3,"name":"La facturaci\u00f3n electr\u00f3nica en el Pa\u00eds Vasco"}]},{"@type":"WebSite","@id":"https:\/\/www.billin.net\/blog\/#website","url":"https:\/\/www.billin.net\/blog\/","name":"Blog de Billin","description":"Mantente informado con el blog de TeamSystem Facturas Billin:  facturaci\u00f3n, legislaci\u00f3n, contabilidad, management y toda la informaci\u00f3n \u00fatil para pymes y aut\u00f3nomos.","publisher":{"@id":"https:\/\/www.billin.net\/blog\/#organization"},"potentialAction":[{"@type":"SearchAction","target":{"@type":"EntryPoint","urlTemplate":"https:\/\/www.billin.net\/blog\/?s={search_term_string}"},"query-input":{"@type":"PropertyValueSpecification","valueRequired":true,"valueName":"search_term_string"}}],"inLanguage":"es"},{"@type":"Organization","@id":"https:\/\/www.billin.net\/blog\/#organization","name":"Billin","alternateName":"Blog de Billin","url":"https:\/\/www.billin.net\/blog\/","logo":{"@type":"ImageObject","inLanguage":"es","@id":"https:\/\/www.billin.net\/blog\/#\/schema\/logo\/image\/","url":"https:\/\/www.billin.net\/blog\/wp-content\/uploads\/2019\/06\/logotipo-billin-blog-1.png","contentUrl":"https:\/\/www.billin.net\/blog\/wp-content\/uploads\/2019\/06\/logotipo-billin-blog-1.png","width":126,"height":50,"caption":"Billin"},"image":{"@id":"https:\/\/www.billin.net\/blog\/#\/schema\/logo\/image\/"},"sameAs":["https:\/\/www.facebook.com\/EsBillin","https:\/\/x.com\/Billin_ES","https:\/\/www.instagram.com\/billin_es\/","https:\/\/www.linkedin.com\/company\/billin-spain","https:\/\/www.youtube.com\/c\/BillinEsintercambiodefacturas\/"],"legalName":"MY EXPENSES SL","contactPoint":{"@type":"ContactPoint","telephone":"+34918318883","contactType":"customer service","email":"info@billin.eu","availableLanguage":"es"},"foundingDate":"2015","numberOfEmployees":{"@type":"QuantitativeValue","minValue":10,"maxValue":50},"parentOrganization":{"@type":"Organization","name":"TeamSystem","url":"https:\/\/www.teamsystem.com\/"},"description":"Billin es el programa de facturaci\u00f3n online de TeamSystem para aut\u00f3nomos y pymes en Espa\u00f1a. Permite crear facturas, controlar gastos y cumplir con Verifactu.","address":{"@type":"PostalAddress","streetAddress":"Calle Arturo Soria, 336","addressLocality":"Madrid","addressRegion":"Madrid","postalCode":"28033","addressCountry":"ES"}},{"@type":"Person","@id":"https:\/\/www.billin.net\/blog\/#\/schema\/person\/d0339ee6e869234614541b1e80a793e7","name":"Marcos De La Cueva - CEO TeamSystem Facturas Billin","image":{"@type":"ImageObject","inLanguage":"es","@id":"https:\/\/www.billin.net\/blog\/#\/schema\/person\/image\/","url":"https:\/\/www.billin.net\/blog\/wp-content\/uploads\/2023\/10\/marcos-color-150x150.png","contentUrl":"https:\/\/www.billin.net\/blog\/wp-content\/uploads\/2023\/10\/marcos-color-150x150.png","caption":"Marcos De La Cueva - CEO TeamSystem Facturas Billin"},"description":"Licenciado en ADE por la Universidad Aut\u00f3noma de Madrid, Marcos De la Cueva es CEO y cofundador de TeamSystem Facturas Billin, un programa online que lleva m\u00e1s de 9 a\u00f1os ayudando a aut\u00f3nomos, peque\u00f1os negocios y gestor\u00edas a digitalizar sus presupuestos, facturas, tickets y gastos. \u00a0 Sobre Marcos De La Cueva \u00a0 Apasionado por el mundo empresarial y la tecnolog\u00eda, curs\u00f3 su M\u00e1ster de Finanzas en la Universidad Pontificia de Comillas y estuvo en el Programa de Cooperaci\u00f3n Educativa de la Universidad Aut\u00f3noma de Madrid. \u00a0 Marcos siempre ha tenido su objetivo claro: ayudar a la creaci\u00f3n de negocios financieramente sostenibles a trav\u00e9s de una herramienta de facturaci\u00f3n que les permita ahorrar tiempo y tener la contabilidad bajo control. \u00a0 Marcos De La Cueva en los medios \u2014 Noticia sobre Kit Digital y Ley Antifraude (VeriFactu) en El Economista. \u2014 Noticia sobre Kit Digital y factura electr\u00f3nica obligatoria en Diario Jur\u00eddico. \u2014 Noticia sobre el a\u00f1o de transici\u00f3n para la factura electr\u00f3nica en Muy Pymes. \u2014 Entrevista sobre factura electr\u00f3nica obligatoria en Canal Sur. \u2014 Noticia sobre el informe factura electr\u00f3nica de TeamSystem en Channel Partner. \u2014 Charla sobre productividad y Ley Crea y Crece en El Economista. \u2014 Charla sobre factura electr\u00f3nica obligatoria en Muy Pymes. \u2014 Charla sobre digitalizaci\u00f3n aut\u00f3nomos y productividad en esdiario. \u2014 Charla sobre productividad y factura electr\u00f3nica en La Raz\u00f3n. \u2014 Charla sobre factura electr\u00f3nica obligatoria en Aut\u00f3nomos y Emprendedores. \u2014 Entrevista sobre Ley Antifraude y Ley Crea y Crece en Expansi\u00f3n. \u2014 Entrevista sobre Ley Antifraude y Ley Crea y Crece en La Raz\u00f3n. \u2014 Entrevista sobre factura electr\u00f3nica obligatoria en El Economista. \u2014 Comunicado Billin y TeamSystem en Business Insider. \u2014 Entrevista en Econom\u00eda Digital. \u2014 Entrevista en Ideas para tu empresa de Vodafone. \u2014 Entrevista en M\u00e1sQradio. \u2014 Entrevista en Armas para emprender de El M\u00e9todo Gallardo. \u2014 Entrevista en KFund. \u2014 Entrevista en AXA Seguros Espa\u00f1a. \u2014 Entrevista en GestionaRadio. \u00a0 Marcos De La Cueva en eventos \u00a0 \u2014 Participaci\u00f3n como ponente en Accountex Espa\u00f1a 2023. \u00a0 Tem\u00e1ticas de especializaci\u00f3n \u00a0 negocios | startups | contabilidad| fiscalidad | empresas| asesor\u00edas| autonomos | emprendedores | peque\u00f1os negocios | econom\u00eda | ADE | pymes | desarrollo de negocio\u00a0","sameAs":["https:\/\/www.billin.net\/","https:\/\/www.linkedin.com\/in\/marcos-de-la-cueva-19750ba3\/"],"url":"https:\/\/www.billin.net\/blog\/author\/marcosdelacueva\/","jobTitle":"CEO y cofundador de TS Facturas Billin"}]}},"_links":{"self":[{"href":"https:\/\/www.billin.net\/blog\/wp-json\/wp\/v2\/posts\/19399","targetHints":{"allow":["GET"]}}],"collection":[{"href":"https:\/\/www.billin.net\/blog\/wp-json\/wp\/v2\/posts"}],"about":[{"href":"https:\/\/www.billin.net\/blog\/wp-json\/wp\/v2\/types\/post"}],"author":[{"embeddable":true,"href":"https:\/\/www.billin.net\/blog\/wp-json\/wp\/v2\/users\/20"}],"replies":[{"embeddable":true,"href":"https:\/\/www.billin.net\/blog\/wp-json\/wp\/v2\/comments?post=19399"}],"version-history":[{"count":8,"href":"https:\/\/www.billin.net\/blog\/wp-json\/wp\/v2\/posts\/19399\/revisions"}],"predecessor-version":[{"id":28474,"href":"https:\/\/www.billin.net\/blog\/wp-json\/wp\/v2\/posts\/19399\/revisions\/28474"}],"wp:featuredmedia":[{"embeddable":true,"href":"https:\/\/www.billin.net\/blog\/wp-json\/wp\/v2\/media\/19400"}],"wp:attachment":[{"href":"https:\/\/www.billin.net\/blog\/wp-json\/wp\/v2\/media?parent=19399"}],"wp:term":[{"taxonomy":"category","embeddable":true,"href":"https:\/\/www.billin.net\/blog\/wp-json\/wp\/v2\/categories?post=19399"},{"taxonomy":"post_tag","embeddable":true,"href":"https:\/\/www.billin.net\/blog\/wp-json\/wp\/v2\/tags?post=19399"}],"curies":[{"name":"wp","href":"https:\/\/api.w.org\/{rel}","templated":true}]}}