{"id":19389,"date":"2022-06-14T13:27:42","date_gmt":"2022-06-14T11:27:42","guid":{"rendered":"https:\/\/www.billin.net\/blog\/?p=19389"},"modified":"2025-09-25T20:35:36","modified_gmt":"2025-09-25T18:35:36","slug":"modelo-115-bizkaia","status":"publish","type":"post","link":"https:\/\/www.billin.net\/blog\/modelo-115-bizkaia\/","title":{"rendered":"Qu\u00e9 es el modelo 115 de Bizkaia y c\u00f3mo se presenta"},"content":{"rendered":"<p>Si actualmente est\u00e1s pagando el alquiler de una propiedad en la provincia, es posible que tengas que presentar el Modelo 115 de Bizkaia.<\/p>\n<p>Te damos toda la informaci\u00f3n que necesitas para presentar el Modelo 115 en Bizkaia, junto con los plazos para presentarlo y una gu\u00eda paso a paso de c\u00f3mo rellenarlo.<\/p>\n<p><!--more--><\/p>\n<h2>\u00bfQu\u00e9 es el Modelo 115 de Bizkaia?<\/h2>\n<p>El modelo 115 es un documento que<strong> hay que presentar a la Diputaci\u00f3n Foral de Bizkaia cada tres meses<\/strong> y en el que se recogen las retenciones por alquiler, tambi\u00e9n conocidas como \u00abIRPF del alquiler\u00bb.<\/p>\n<h2>\u00bfPara qu\u00e9 sirve el Modelo 115 de Bizkaia?<\/h2>\n<p>El modelo 115 se utiliza para declarar los ingresos procedentes de alquileres, anticipos y arrendamientos o subarrendamientos de inmuebles urbanos.<\/p>\n<p>\u00bfQu\u00e9 significa esto? Pues, por ejemplo, <strong>si tenemos un negocio que opera en un local alquilado<\/strong>, debemos retener la parte correspondiente de ese alquiler (en lugar de pagarlo) y luego declararlo a Hacienda mediante el modelo 115.<\/p>\n<h2>\u00bfQui\u00e9n debe presentar el\u00a0Modelo 115 de Bizkaia?<\/h2>\n<p>Dado que la ley contiene muchas definiciones t\u00e9cnicas, puede ser dif\u00edcil entender qui\u00e9n tiene que presentar el Modelo 115 en Bizkaia.<\/p>\n<p>Te lo explicamos brevemente:<\/p>\n<p>En primer lugar, el modelo 115 <strong>debe ser presentado por aquellas personas f\u00edsicas o jur\u00eddicas que hayan pagado determinadas cantidades a otras personas que est\u00e9n obligadas a declarar<\/strong> el impuesto sobre la renta de las personas f\u00edsicas, el <a href=\"https:\/\/www.billin.net\/blog\/impuesto-de-sociedades\/\" target=\"_blank\" rel=\"noopener\">impuesto sobre sociedades<\/a> o el impuesto sobre la renta de no residentes (esto se aplica a los establecimientos permanentes, no a los temporales).<\/p>\n<p>Pero \u00bfde qu\u00e9 cantidades estamos hablando? <strong>Solo las retenciones o anticipos a cuenta del alquiler de inmuebles de la ciudad.<\/strong><\/p>\n<p>Para entender mejor qu\u00e9 personas o empresas deben presentar el modelo 115, ten en cuenta que<strong> pueden ser aut\u00f3nomos o asociaciones de propietarios.<\/strong><\/p>\n<p>Tambi\u00e9n deben presentarla quienes est\u00e9n obligados a declarar el IRPF y ejerzan una actividad econ\u00f3mica, siempre que los ingresos a declarar hayan sido satisfechos en el ejercicio de dicha actividad.<\/p>\n<p>El modelo 115 debe ser presentado por personas f\u00edsicas, empresas y organizaciones que no residen en Espa\u00f1a, pero tienen un establecimiento permanente en ella.<\/p>\n<h3>\u00bfD\u00f3nde se presenta el\u00a0Modelo 115 de Bizkaia?<\/h3>\n<p>Puedes presentarla en persona o a trav\u00e9s de BizkaiBai.<\/p>\n<h2>\u00bfC\u00f3mo rellenar el Modelo 115 de Bizkaia?<\/h2>\n<p>Rellenar el formulario 115 no es dif\u00edcil, pero es importante hacerlo correctamente.<\/p>\n<p>Esto es lo que debes poner en cada lugar:<\/p>\n<h3>Ejercicio<\/h3>\n<p>Lo primero debe ser el a\u00f1o para el que se presenta la declaraci\u00f3n de impuestos (cuatro d\u00edgitos).<\/p>\n<p>A continuaci\u00f3n, deber\u00e1 indicar a qu\u00e9 mes o trimestre se refiere la declaraci\u00f3n de la renta. En el caso de las declaraciones trimestrales, indica el trimestre al que se refiere (formulario Q1, Q2, Q3 o Q4).<\/p>\n<p>En cambio, en el caso de los rendimientos mensuales, es necesario indicar el mes, aunque <strong>esto solo se aplica a las grandes empresas.<\/strong> En cualquier caso es muy sencillo porque simplemente se marca el mes al que corresponde (el n\u00famero 01 estar\u00e1 en la declaraci\u00f3n si es enero, el 02 si es febrero, etc.).<\/p>\n<h3>Declarante<\/h3>\n<p>Lo \u00fanico que tienes que hacer es introducir los datos de la persona o entidad que presenta la declaraci\u00f3n de la renta.<\/p>\n<h3>Liquidaci\u00f3n<\/h3>\n<p>La secci\u00f3n de liquidaci\u00f3n se divide en dos partes.<\/p>\n<p>La primera se refiere a los ingresos en efectivo y la segunda a los ingresos en especie, es decir, cuando pagamos por bienes y servicios.<\/p>\n<p><strong>Ingresos en efectivo<\/strong><\/p>\n<ul>\n<li>Casilla 01: N\u00famero total de personas declaradas. Aqu\u00ed tienes que indicar el n\u00famero total de personas o entidades a las que has pagado cantidades a declarar. Por ejemplo, si alquilamos dos almacenes a dos personas diferentes para nuestro negocio, debemos indicar en el formulario 115 que el n\u00famero total de personas declaradas es de dos.<\/li>\n<li>Casilla 02. Importe de la renta. Suma la renta que has pagado y la base de la retenci\u00f3n. Introduce aqu\u00ed el importe total.<\/li>\n<li>Casilla 03. Deducciones. Suma todas las deducciones por todos los alquileres pagados (introducidos en la casilla 02) e introduce aqu\u00ed el importe total.<\/li>\n<\/ul>\n<p><strong>Ingresos en especie<\/strong><\/p>\n<ul>\n<li>Casilla 04. El n\u00famero total de personas declaradas. Hacemos lo que deber\u00edamos haber hecho en la casilla 01, pero con ingresos no monetarios.<\/li>\n<li>Casilla 05. El valor de los ingresos en especie. El valor de los ingresos no monetarios se suma seg\u00fan lo establecido en el impuesto sobre la renta de las personas f\u00edsicas y la ley de sociedades.<\/li>\n<li>Casilla 06. Ingresos a cuenta. Indica en la casilla 05 el importe de los ingresos pagados anteriormente correspondientes a los ingresos declarados.<\/li>\n<li>Casilla 07. El importe total a pagar. Las deducciones y los cr\u00e9ditos de las casillas 03 y 06 se suman.<\/li>\n<\/ul>\n<h3>Fecha y firma<\/h3>\n<p>Solo tienen que introducir la fecha aqu\u00ed y firmar la declaraci\u00f3n.<\/p>\n<h2>Plazo para presentar el Modelo 115 en Bizkaia<\/h2>\n<p>El <a href=\"https:\/\/www.billin.net\/blog\/modelo-irpf-115\/\" target=\"_blank\" rel=\"noopener\">modelo 115<\/a> se <strong>paga normalmente entre el 1 de abril, julio, octubre y del 1 al 25 de enero.<\/strong> En cada uno de estos meses se declaran las cantidades retenidas en el trimestre anterior.<\/p>\n<p>En algunos casos la declaraci\u00f3n se presenta mensualmente, <strong>por lo que del 1 al 25 de cada mes se presenta el modelo 115 correspondiente a la facturaci\u00f3n del mes anterior.<\/strong><\/p>\n<p>En estos casos, la <a href=\"https:\/\/www.billin.net\/blog\/cuales-son-las-declaraciones-y-autoliquidaciones-a-hacienda\/\" target=\"_blank\" rel=\"noopener\">autoliquidaci\u00f3n<\/a> de julio se presentar\u00e1 a lo largo del mes de agosto y del d\u00eda 1 al 25 de septiembre. <strong>\u00bfCu\u00e1les son estos casos?<\/strong> Deben ser retenedores, personas f\u00edsicas o empresas cuyas operaciones superen los <strong>6.010.121,04 euros en el a\u00f1o anterior<\/strong> o que entren en el \u00e1mbito de aplicaci\u00f3n del apartado 3 (2) del art\u00edculo 71 de la Ley del IVA.<\/p>\n<p>Esperamos que tengas claro como presentar el Modelo 115 en Bizkaia. Si tienes dudas, escribe en los comentarios y te ayudaremos.<\/p>\n","protected":false},"excerpt":{"rendered":"<p>Si actualmente est\u00e1s pagando el alquiler de una propiedad en la provincia, es posible que tengas que presentar el Modelo 115 de Bizkaia. Te damos toda la informaci\u00f3n que necesitas para presentar el Modelo 115 en Bizkaia, junto con los plazos para presentarlo y una gu\u00eda paso a paso de c\u00f3mo rellenarlo.<\/p>\n","protected":false},"author":20,"featured_media":19390,"comment_status":"open","ping_status":"open","sticky":false,"template":"","format":"standard","meta":{"_acf_changed":false,"_et_pb_use_builder":"","_et_pb_old_content":"","_et_gb_content_width":"","om_disable_all_campaigns":false,"inline_featured_image":false,"footnotes":""},"categories":[1020],"tags":[1380,1381],"class_list":{"0":"post-19389","1":"post","2":"type-post","3":"status-publish","4":"format-standard","5":"has-post-thumbnail","7":"category-contabilidad","8":"tag-autonomos","9":"tag-pymes"},"acf":{"selector_de_usuario":null,"fecha_de_revision":null},"yoast_head":"<!-- This site is optimized with the Yoast SEO plugin v27.1 - https:\/\/yoast.com\/product\/yoast-seo-wordpress\/ -->\n<title>Modelo 115 de Bizkaia - Qu\u00e9 es y c\u00f3mo se presenta - TeamSystem Facturas Billin<\/title>\n<meta name=\"description\" content=\"Te presentamos el Modelo 115 de Bizkaia. Explicamos lo que debes conocer de \u00e9l y sobre todo c\u00f3mo se presenta de forma correcta.\" \/>\n<meta name=\"robots\" content=\"index, follow, max-snippet:-1, max-image-preview:large, max-video-preview:-1\" \/>\n<link rel=\"canonical\" href=\"https:\/\/www.billin.net\/blog\/modelo-115-bizkaia\/\" \/>\n<meta property=\"og:locale\" content=\"es_ES\" \/>\n<meta property=\"og:type\" content=\"article\" \/>\n<meta property=\"og:title\" content=\"Modelo 115 de Bizkaia - Qu\u00e9 es y c\u00f3mo se presenta - TeamSystem Facturas Billin\" \/>\n<meta property=\"og:description\" content=\"Te presentamos el Modelo 115 de Bizkaia. Explicamos lo que debes conocer de \u00e9l y sobre todo c\u00f3mo se presenta de forma correcta.\" \/>\n<meta property=\"og:url\" content=\"https:\/\/www.billin.net\/blog\/modelo-115-bizkaia\/\" \/>\n<meta property=\"og:site_name\" content=\"Blog de TeamSystem Facturas Billin\" \/>\n<meta property=\"article:publisher\" content=\"https:\/\/www.facebook.com\/EsBillin\" \/>\n<meta property=\"article:published_time\" content=\"2022-06-14T11:27:42+00:00\" \/>\n<meta property=\"article:modified_time\" content=\"2025-09-25T18:35:36+00:00\" \/>\n<meta property=\"og:image\" content=\"https:\/\/www.billin.net\/blog\/wp-content\/uploads\/2022\/06\/modelo-115-bizkaia-32.jpg\" \/>\n\t<meta property=\"og:image:width\" content=\"1280\" \/>\n\t<meta property=\"og:image:height\" content=\"853\" \/>\n\t<meta property=\"og:image:type\" content=\"image\/jpeg\" \/>\n<meta name=\"author\" content=\"Marcos De La Cueva - CEO TeamSystem Facturas Billin\" \/>\n<meta name=\"twitter:card\" content=\"summary_large_image\" \/>\n<meta name=\"twitter:creator\" content=\"@Billin_ES\" \/>\n<meta name=\"twitter:site\" content=\"@Billin_ES\" \/>\n<meta name=\"twitter:label1\" content=\"Escrito por\" \/>\n\t<meta name=\"twitter:data1\" content=\"Marcos De La Cueva - CEO TeamSystem Facturas Billin\" \/>\n\t<meta name=\"twitter:label2\" content=\"Tiempo de lectura\" \/>\n\t<meta name=\"twitter:data2\" content=\"5 minutos\" \/>\n<script type=\"application\/ld+json\" class=\"yoast-schema-graph\">{\"@context\":\"https:\/\/schema.org\",\"@graph\":[{\"@type\":\"Article\",\"@id\":\"https:\/\/www.billin.net\/blog\/modelo-115-bizkaia\/#article\",\"isPartOf\":{\"@id\":\"https:\/\/www.billin.net\/blog\/modelo-115-bizkaia\/\"},\"author\":{\"name\":\"Marcos De La Cueva - CEO TeamSystem Facturas Billin\",\"@id\":\"https:\/\/www.billin.net\/blog\/#\/schema\/person\/d0339ee6e869234614541b1e80a793e7\"},\"headline\":\"Qu\u00e9 es el modelo 115 de Bizkaia y c\u00f3mo se presenta\",\"datePublished\":\"2022-06-14T11:27:42+00:00\",\"dateModified\":\"2025-09-25T18:35:36+00:00\",\"mainEntityOfPage\":{\"@id\":\"https:\/\/www.billin.net\/blog\/modelo-115-bizkaia\/\"},\"wordCount\":962,\"commentCount\":0,\"publisher\":{\"@id\":\"https:\/\/www.billin.net\/blog\/#organization\"},\"image\":{\"@id\":\"https:\/\/www.billin.net\/blog\/modelo-115-bizkaia\/#primaryimage\"},\"thumbnailUrl\":\"https:\/\/www.billin.net\/blog\/wp-content\/uploads\/2022\/06\/modelo-115-bizkaia-32.jpg\",\"keywords\":[\"Aut\u00f3nomos\",\"Pymes\"],\"articleSection\":[\"Contabilidad\"],\"inLanguage\":\"es\",\"potentialAction\":[{\"@type\":\"CommentAction\",\"name\":\"Comment\",\"target\":[\"https:\/\/www.billin.net\/blog\/modelo-115-bizkaia\/#respond\"]}]},{\"@type\":\"WebPage\",\"@id\":\"https:\/\/www.billin.net\/blog\/modelo-115-bizkaia\/\",\"url\":\"https:\/\/www.billin.net\/blog\/modelo-115-bizkaia\/\",\"name\":\"Modelo 115 de Bizkaia - Qu\u00e9 es y c\u00f3mo se presenta - TeamSystem Facturas Billin\",\"isPartOf\":{\"@id\":\"https:\/\/www.billin.net\/blog\/#website\"},\"primaryImageOfPage\":{\"@id\":\"https:\/\/www.billin.net\/blog\/modelo-115-bizkaia\/#primaryimage\"},\"image\":{\"@id\":\"https:\/\/www.billin.net\/blog\/modelo-115-bizkaia\/#primaryimage\"},\"thumbnailUrl\":\"https:\/\/www.billin.net\/blog\/wp-content\/uploads\/2022\/06\/modelo-115-bizkaia-32.jpg\",\"datePublished\":\"2022-06-14T11:27:42+00:00\",\"dateModified\":\"2025-09-25T18:35:36+00:00\",\"description\":\"Te presentamos el Modelo 115 de Bizkaia. Explicamos lo que debes conocer de \u00e9l y sobre todo c\u00f3mo se presenta de forma correcta.\",\"breadcrumb\":{\"@id\":\"https:\/\/www.billin.net\/blog\/modelo-115-bizkaia\/#breadcrumb\"},\"inLanguage\":\"es\",\"potentialAction\":[{\"@type\":\"ReadAction\",\"target\":[\"https:\/\/www.billin.net\/blog\/modelo-115-bizkaia\/\"]}]},{\"@type\":\"ImageObject\",\"inLanguage\":\"es\",\"@id\":\"https:\/\/www.billin.net\/blog\/modelo-115-bizkaia\/#primaryimage\",\"url\":\"https:\/\/www.billin.net\/blog\/wp-content\/uploads\/2022\/06\/modelo-115-bizkaia-32.jpg\",\"contentUrl\":\"https:\/\/www.billin.net\/blog\/wp-content\/uploads\/2022\/06\/modelo-115-bizkaia-32.jpg\",\"width\":1280,\"height\":853,\"caption\":\"modelo 115 bizkaia\"},{\"@type\":\"BreadcrumbList\",\"@id\":\"https:\/\/www.billin.net\/blog\/modelo-115-bizkaia\/#breadcrumb\",\"itemListElement\":[{\"@type\":\"ListItem\",\"position\":1,\"name\":\"Blog\",\"item\":\"https:\/\/www.billin.net\/blog\/\"},{\"@type\":\"ListItem\",\"position\":2,\"name\":\"Contabilidad\",\"item\":\"https:\/\/www.billin.net\/blog\/contabilidad\/\"},{\"@type\":\"ListItem\",\"position\":3,\"name\":\"Qu\u00e9 es el modelo 115 de Bizkaia y c\u00f3mo se presenta\"}]},{\"@type\":\"WebSite\",\"@id\":\"https:\/\/www.billin.net\/blog\/#website\",\"url\":\"https:\/\/www.billin.net\/blog\/\",\"name\":\"Blog de Billin\",\"description\":\"Mantente informado con el blog de TeamSystem Facturas Billin:  facturaci\u00f3n, legislaci\u00f3n, contabilidad, management y toda la informaci\u00f3n \u00fatil para pymes y aut\u00f3nomos.\",\"publisher\":{\"@id\":\"https:\/\/www.billin.net\/blog\/#organization\"},\"potentialAction\":[{\"@type\":\"SearchAction\",\"target\":{\"@type\":\"EntryPoint\",\"urlTemplate\":\"https:\/\/www.billin.net\/blog\/?s={search_term_string}\"},\"query-input\":{\"@type\":\"PropertyValueSpecification\",\"valueRequired\":true,\"valueName\":\"search_term_string\"}}],\"inLanguage\":\"es\"},{\"@type\":\"Organization\",\"@id\":\"https:\/\/www.billin.net\/blog\/#organization\",\"name\":\"Billin\",\"alternateName\":\"Blog de Billin\",\"url\":\"https:\/\/www.billin.net\/blog\/\",\"logo\":{\"@type\":\"ImageObject\",\"inLanguage\":\"es\",\"@id\":\"https:\/\/www.billin.net\/blog\/#\/schema\/logo\/image\/\",\"url\":\"https:\/\/www.billin.net\/blog\/wp-content\/uploads\/2019\/06\/logotipo-billin-blog-1.png\",\"contentUrl\":\"https:\/\/www.billin.net\/blog\/wp-content\/uploads\/2019\/06\/logotipo-billin-blog-1.png\",\"width\":126,\"height\":50,\"caption\":\"Billin\"},\"image\":{\"@id\":\"https:\/\/www.billin.net\/blog\/#\/schema\/logo\/image\/\"},\"sameAs\":[\"https:\/\/www.facebook.com\/EsBillin\",\"https:\/\/x.com\/Billin_ES\",\"https:\/\/www.instagram.com\/billin_es\/\",\"https:\/\/www.linkedin.com\/company\/billin-spain\",\"https:\/\/www.youtube.com\/c\/BillinEsintercambiodefacturas\/\"],\"legalName\":\"MY EXPENSES SL\",\"contactPoint\":{\"@type\":\"ContactPoint\",\"telephone\":\"+34918318883\",\"contactType\":\"customer service\",\"email\":\"info@billin.eu\",\"availableLanguage\":\"es\"},\"foundingDate\":\"2015\",\"numberOfEmployees\":{\"@type\":\"QuantitativeValue\",\"minValue\":10,\"maxValue\":50},\"parentOrganization\":{\"@type\":\"Organization\",\"name\":\"TeamSystem\",\"url\":\"https:\/\/www.teamsystem.com\/\"},\"description\":\"Billin es el programa de facturaci\u00f3n online de TeamSystem para aut\u00f3nomos y pymes en Espa\u00f1a. Permite crear facturas, controlar gastos y cumplir con Verifactu.\",\"address\":{\"@type\":\"PostalAddress\",\"streetAddress\":\"Calle Arturo Soria, 336\",\"addressLocality\":\"Madrid\",\"addressRegion\":\"Madrid\",\"postalCode\":\"28033\",\"addressCountry\":\"ES\"}},{\"@type\":\"Person\",\"@id\":\"https:\/\/www.billin.net\/blog\/#\/schema\/person\/d0339ee6e869234614541b1e80a793e7\",\"name\":\"Marcos De La Cueva - CEO TeamSystem Facturas Billin\",\"image\":{\"@type\":\"ImageObject\",\"inLanguage\":\"es\",\"@id\":\"https:\/\/www.billin.net\/blog\/#\/schema\/person\/image\/\",\"url\":\"https:\/\/www.billin.net\/blog\/wp-content\/uploads\/2023\/10\/marcos-color-150x150.png\",\"contentUrl\":\"https:\/\/www.billin.net\/blog\/wp-content\/uploads\/2023\/10\/marcos-color-150x150.png\",\"caption\":\"Marcos De La Cueva - CEO TeamSystem Facturas Billin\"},\"description\":\"Licenciado en ADE por la Universidad Aut\u00f3noma de Madrid, Marcos De la Cueva es CEO y cofundador de TeamSystem Facturas Billin, un programa online que lleva m\u00e1s de 9 a\u00f1os ayudando a aut\u00f3nomos, peque\u00f1os negocios y gestor\u00edas a digitalizar sus presupuestos, facturas, tickets y gastos. \u00a0 Sobre Marcos De La Cueva \u00a0 Apasionado por el mundo empresarial y la tecnolog\u00eda, curs\u00f3 su M\u00e1ster de Finanzas en la Universidad Pontificia de Comillas y estuvo en el Programa de Cooperaci\u00f3n Educativa de la Universidad Aut\u00f3noma de Madrid. \u00a0 Marcos siempre ha tenido su objetivo claro: ayudar a la creaci\u00f3n de negocios financieramente sostenibles a trav\u00e9s de una herramienta de facturaci\u00f3n que les permita ahorrar tiempo y tener la contabilidad bajo control. \u00a0 Marcos De La Cueva en los medios \u2014 Noticia sobre Kit Digital y Ley Antifraude (VeriFactu) en El Economista. \u2014 Noticia sobre Kit Digital y factura electr\u00f3nica obligatoria en Diario Jur\u00eddico. \u2014 Noticia sobre el a\u00f1o de transici\u00f3n para la factura electr\u00f3nica en Muy Pymes. \u2014 Entrevista sobre factura electr\u00f3nica obligatoria en Canal Sur. \u2014 Noticia sobre el informe factura electr\u00f3nica de TeamSystem en Channel Partner. \u2014 Charla sobre productividad y Ley Crea y Crece en El Economista. \u2014 Charla sobre factura electr\u00f3nica obligatoria en Muy Pymes. \u2014 Charla sobre digitalizaci\u00f3n aut\u00f3nomos y productividad en esdiario. \u2014 Charla sobre productividad y factura electr\u00f3nica en La Raz\u00f3n. \u2014 Charla sobre factura electr\u00f3nica obligatoria en Aut\u00f3nomos y Emprendedores. \u2014 Entrevista sobre Ley Antifraude y Ley Crea y Crece en Expansi\u00f3n. \u2014 Entrevista sobre Ley Antifraude y Ley Crea y Crece en La Raz\u00f3n. \u2014 Entrevista sobre factura electr\u00f3nica obligatoria en El Economista. \u2014 Comunicado Billin y TeamSystem en Business Insider. \u2014 Entrevista en Econom\u00eda Digital. \u2014 Entrevista en Ideas para tu empresa de Vodafone. \u2014 Entrevista en M\u00e1sQradio. \u2014 Entrevista en Armas para emprender de El M\u00e9todo Gallardo. \u2014 Entrevista en KFund. \u2014 Entrevista en AXA Seguros Espa\u00f1a. \u2014 Entrevista en GestionaRadio. \u00a0 Marcos De La Cueva en eventos \u00a0 \u2014 Participaci\u00f3n como ponente en Accountex Espa\u00f1a 2023. \u00a0 Tem\u00e1ticas de especializaci\u00f3n \u00a0 negocios | startups | contabilidad| fiscalidad | empresas| asesor\u00edas| autonomos | emprendedores | peque\u00f1os negocios | econom\u00eda | ADE | pymes | desarrollo de negocio\u00a0\",\"sameAs\":[\"https:\/\/www.billin.net\/\",\"https:\/\/www.linkedin.com\/in\/marcos-de-la-cueva-19750ba3\/\"],\"url\":\"https:\/\/www.billin.net\/blog\/author\/marcosdelacueva\/\",\"jobTitle\":\"CEO y cofundador de TS Facturas Billin\"}]}<\/script>\n<!-- \/ Yoast SEO plugin. -->","yoast_head_json":{"title":"Modelo 115 de Bizkaia - Qu\u00e9 es y c\u00f3mo se presenta - TeamSystem Facturas Billin","description":"Te presentamos el Modelo 115 de Bizkaia. Explicamos lo que debes conocer de \u00e9l y sobre todo c\u00f3mo se presenta de forma correcta.","robots":{"index":"index","follow":"follow","max-snippet":"max-snippet:-1","max-image-preview":"max-image-preview:large","max-video-preview":"max-video-preview:-1"},"canonical":"https:\/\/www.billin.net\/blog\/modelo-115-bizkaia\/","og_locale":"es_ES","og_type":"article","og_title":"Modelo 115 de Bizkaia - Qu\u00e9 es y c\u00f3mo se presenta - TeamSystem Facturas Billin","og_description":"Te presentamos el Modelo 115 de Bizkaia. Explicamos lo que debes conocer de \u00e9l y sobre todo c\u00f3mo se presenta de forma correcta.","og_url":"https:\/\/www.billin.net\/blog\/modelo-115-bizkaia\/","og_site_name":"Blog de TeamSystem Facturas Billin","article_publisher":"https:\/\/www.facebook.com\/EsBillin","article_published_time":"2022-06-14T11:27:42+00:00","article_modified_time":"2025-09-25T18:35:36+00:00","og_image":[{"width":1280,"height":853,"url":"https:\/\/www.billin.net\/blog\/wp-content\/uploads\/2022\/06\/modelo-115-bizkaia-32.jpg","type":"image\/jpeg"}],"author":"Marcos De La Cueva - CEO TeamSystem Facturas Billin","twitter_card":"summary_large_image","twitter_creator":"@Billin_ES","twitter_site":"@Billin_ES","twitter_misc":{"Escrito por":"Marcos De La Cueva - CEO TeamSystem Facturas Billin","Tiempo de lectura":"5 minutos"},"schema":{"@context":"https:\/\/schema.org","@graph":[{"@type":"Article","@id":"https:\/\/www.billin.net\/blog\/modelo-115-bizkaia\/#article","isPartOf":{"@id":"https:\/\/www.billin.net\/blog\/modelo-115-bizkaia\/"},"author":{"name":"Marcos De La Cueva - CEO TeamSystem Facturas Billin","@id":"https:\/\/www.billin.net\/blog\/#\/schema\/person\/d0339ee6e869234614541b1e80a793e7"},"headline":"Qu\u00e9 es el modelo 115 de Bizkaia y c\u00f3mo se presenta","datePublished":"2022-06-14T11:27:42+00:00","dateModified":"2025-09-25T18:35:36+00:00","mainEntityOfPage":{"@id":"https:\/\/www.billin.net\/blog\/modelo-115-bizkaia\/"},"wordCount":962,"commentCount":0,"publisher":{"@id":"https:\/\/www.billin.net\/blog\/#organization"},"image":{"@id":"https:\/\/www.billin.net\/blog\/modelo-115-bizkaia\/#primaryimage"},"thumbnailUrl":"https:\/\/www.billin.net\/blog\/wp-content\/uploads\/2022\/06\/modelo-115-bizkaia-32.jpg","keywords":["Aut\u00f3nomos","Pymes"],"articleSection":["Contabilidad"],"inLanguage":"es","potentialAction":[{"@type":"CommentAction","name":"Comment","target":["https:\/\/www.billin.net\/blog\/modelo-115-bizkaia\/#respond"]}]},{"@type":"WebPage","@id":"https:\/\/www.billin.net\/blog\/modelo-115-bizkaia\/","url":"https:\/\/www.billin.net\/blog\/modelo-115-bizkaia\/","name":"Modelo 115 de Bizkaia - Qu\u00e9 es y c\u00f3mo se presenta - TeamSystem Facturas Billin","isPartOf":{"@id":"https:\/\/www.billin.net\/blog\/#website"},"primaryImageOfPage":{"@id":"https:\/\/www.billin.net\/blog\/modelo-115-bizkaia\/#primaryimage"},"image":{"@id":"https:\/\/www.billin.net\/blog\/modelo-115-bizkaia\/#primaryimage"},"thumbnailUrl":"https:\/\/www.billin.net\/blog\/wp-content\/uploads\/2022\/06\/modelo-115-bizkaia-32.jpg","datePublished":"2022-06-14T11:27:42+00:00","dateModified":"2025-09-25T18:35:36+00:00","description":"Te presentamos el Modelo 115 de Bizkaia. Explicamos lo que debes conocer de \u00e9l y sobre todo c\u00f3mo se presenta de forma correcta.","breadcrumb":{"@id":"https:\/\/www.billin.net\/blog\/modelo-115-bizkaia\/#breadcrumb"},"inLanguage":"es","potentialAction":[{"@type":"ReadAction","target":["https:\/\/www.billin.net\/blog\/modelo-115-bizkaia\/"]}]},{"@type":"ImageObject","inLanguage":"es","@id":"https:\/\/www.billin.net\/blog\/modelo-115-bizkaia\/#primaryimage","url":"https:\/\/www.billin.net\/blog\/wp-content\/uploads\/2022\/06\/modelo-115-bizkaia-32.jpg","contentUrl":"https:\/\/www.billin.net\/blog\/wp-content\/uploads\/2022\/06\/modelo-115-bizkaia-32.jpg","width":1280,"height":853,"caption":"modelo 115 bizkaia"},{"@type":"BreadcrumbList","@id":"https:\/\/www.billin.net\/blog\/modelo-115-bizkaia\/#breadcrumb","itemListElement":[{"@type":"ListItem","position":1,"name":"Blog","item":"https:\/\/www.billin.net\/blog\/"},{"@type":"ListItem","position":2,"name":"Contabilidad","item":"https:\/\/www.billin.net\/blog\/contabilidad\/"},{"@type":"ListItem","position":3,"name":"Qu\u00e9 es el modelo 115 de Bizkaia y c\u00f3mo se presenta"}]},{"@type":"WebSite","@id":"https:\/\/www.billin.net\/blog\/#website","url":"https:\/\/www.billin.net\/blog\/","name":"Blog de Billin","description":"Mantente informado con el blog de TeamSystem Facturas Billin:  facturaci\u00f3n, legislaci\u00f3n, contabilidad, management y toda la informaci\u00f3n \u00fatil para pymes y aut\u00f3nomos.","publisher":{"@id":"https:\/\/www.billin.net\/blog\/#organization"},"potentialAction":[{"@type":"SearchAction","target":{"@type":"EntryPoint","urlTemplate":"https:\/\/www.billin.net\/blog\/?s={search_term_string}"},"query-input":{"@type":"PropertyValueSpecification","valueRequired":true,"valueName":"search_term_string"}}],"inLanguage":"es"},{"@type":"Organization","@id":"https:\/\/www.billin.net\/blog\/#organization","name":"Billin","alternateName":"Blog de Billin","url":"https:\/\/www.billin.net\/blog\/","logo":{"@type":"ImageObject","inLanguage":"es","@id":"https:\/\/www.billin.net\/blog\/#\/schema\/logo\/image\/","url":"https:\/\/www.billin.net\/blog\/wp-content\/uploads\/2019\/06\/logotipo-billin-blog-1.png","contentUrl":"https:\/\/www.billin.net\/blog\/wp-content\/uploads\/2019\/06\/logotipo-billin-blog-1.png","width":126,"height":50,"caption":"Billin"},"image":{"@id":"https:\/\/www.billin.net\/blog\/#\/schema\/logo\/image\/"},"sameAs":["https:\/\/www.facebook.com\/EsBillin","https:\/\/x.com\/Billin_ES","https:\/\/www.instagram.com\/billin_es\/","https:\/\/www.linkedin.com\/company\/billin-spain","https:\/\/www.youtube.com\/c\/BillinEsintercambiodefacturas\/"],"legalName":"MY EXPENSES SL","contactPoint":{"@type":"ContactPoint","telephone":"+34918318883","contactType":"customer service","email":"info@billin.eu","availableLanguage":"es"},"foundingDate":"2015","numberOfEmployees":{"@type":"QuantitativeValue","minValue":10,"maxValue":50},"parentOrganization":{"@type":"Organization","name":"TeamSystem","url":"https:\/\/www.teamsystem.com\/"},"description":"Billin es el programa de facturaci\u00f3n online de TeamSystem para aut\u00f3nomos y pymes en Espa\u00f1a. Permite crear facturas, controlar gastos y cumplir con Verifactu.","address":{"@type":"PostalAddress","streetAddress":"Calle Arturo Soria, 336","addressLocality":"Madrid","addressRegion":"Madrid","postalCode":"28033","addressCountry":"ES"}},{"@type":"Person","@id":"https:\/\/www.billin.net\/blog\/#\/schema\/person\/d0339ee6e869234614541b1e80a793e7","name":"Marcos De La Cueva - CEO TeamSystem Facturas Billin","image":{"@type":"ImageObject","inLanguage":"es","@id":"https:\/\/www.billin.net\/blog\/#\/schema\/person\/image\/","url":"https:\/\/www.billin.net\/blog\/wp-content\/uploads\/2023\/10\/marcos-color-150x150.png","contentUrl":"https:\/\/www.billin.net\/blog\/wp-content\/uploads\/2023\/10\/marcos-color-150x150.png","caption":"Marcos De La Cueva - CEO TeamSystem Facturas Billin"},"description":"Licenciado en ADE por la Universidad Aut\u00f3noma de Madrid, Marcos De la Cueva es CEO y cofundador de TeamSystem Facturas Billin, un programa online que lleva m\u00e1s de 9 a\u00f1os ayudando a aut\u00f3nomos, peque\u00f1os negocios y gestor\u00edas a digitalizar sus presupuestos, facturas, tickets y gastos. \u00a0 Sobre Marcos De La Cueva \u00a0 Apasionado por el mundo empresarial y la tecnolog\u00eda, curs\u00f3 su M\u00e1ster de Finanzas en la Universidad Pontificia de Comillas y estuvo en el Programa de Cooperaci\u00f3n Educativa de la Universidad Aut\u00f3noma de Madrid. \u00a0 Marcos siempre ha tenido su objetivo claro: ayudar a la creaci\u00f3n de negocios financieramente sostenibles a trav\u00e9s de una herramienta de facturaci\u00f3n que les permita ahorrar tiempo y tener la contabilidad bajo control. \u00a0 Marcos De La Cueva en los medios \u2014 Noticia sobre Kit Digital y Ley Antifraude (VeriFactu) en El Economista. \u2014 Noticia sobre Kit Digital y factura electr\u00f3nica obligatoria en Diario Jur\u00eddico. \u2014 Noticia sobre el a\u00f1o de transici\u00f3n para la factura electr\u00f3nica en Muy Pymes. \u2014 Entrevista sobre factura electr\u00f3nica obligatoria en Canal Sur. \u2014 Noticia sobre el informe factura electr\u00f3nica de TeamSystem en Channel Partner. \u2014 Charla sobre productividad y Ley Crea y Crece en El Economista. \u2014 Charla sobre factura electr\u00f3nica obligatoria en Muy Pymes. \u2014 Charla sobre digitalizaci\u00f3n aut\u00f3nomos y productividad en esdiario. \u2014 Charla sobre productividad y factura electr\u00f3nica en La Raz\u00f3n. \u2014 Charla sobre factura electr\u00f3nica obligatoria en Aut\u00f3nomos y Emprendedores. \u2014 Entrevista sobre Ley Antifraude y Ley Crea y Crece en Expansi\u00f3n. \u2014 Entrevista sobre Ley Antifraude y Ley Crea y Crece en La Raz\u00f3n. \u2014 Entrevista sobre factura electr\u00f3nica obligatoria en El Economista. \u2014 Comunicado Billin y TeamSystem en Business Insider. \u2014 Entrevista en Econom\u00eda Digital. \u2014 Entrevista en Ideas para tu empresa de Vodafone. \u2014 Entrevista en M\u00e1sQradio. \u2014 Entrevista en Armas para emprender de El M\u00e9todo Gallardo. \u2014 Entrevista en KFund. \u2014 Entrevista en AXA Seguros Espa\u00f1a. \u2014 Entrevista en GestionaRadio. \u00a0 Marcos De La Cueva en eventos \u00a0 \u2014 Participaci\u00f3n como ponente en Accountex Espa\u00f1a 2023. \u00a0 Tem\u00e1ticas de especializaci\u00f3n \u00a0 negocios | startups | contabilidad| fiscalidad | empresas| asesor\u00edas| autonomos | emprendedores | peque\u00f1os negocios | econom\u00eda | ADE | pymes | desarrollo de negocio\u00a0","sameAs":["https:\/\/www.billin.net\/","https:\/\/www.linkedin.com\/in\/marcos-de-la-cueva-19750ba3\/"],"url":"https:\/\/www.billin.net\/blog\/author\/marcosdelacueva\/","jobTitle":"CEO y cofundador de TS Facturas Billin"}]}},"_links":{"self":[{"href":"https:\/\/www.billin.net\/blog\/wp-json\/wp\/v2\/posts\/19389","targetHints":{"allow":["GET"]}}],"collection":[{"href":"https:\/\/www.billin.net\/blog\/wp-json\/wp\/v2\/posts"}],"about":[{"href":"https:\/\/www.billin.net\/blog\/wp-json\/wp\/v2\/types\/post"}],"author":[{"embeddable":true,"href":"https:\/\/www.billin.net\/blog\/wp-json\/wp\/v2\/users\/20"}],"replies":[{"embeddable":true,"href":"https:\/\/www.billin.net\/blog\/wp-json\/wp\/v2\/comments?post=19389"}],"version-history":[{"count":4,"href":"https:\/\/www.billin.net\/blog\/wp-json\/wp\/v2\/posts\/19389\/revisions"}],"predecessor-version":[{"id":26804,"href":"https:\/\/www.billin.net\/blog\/wp-json\/wp\/v2\/posts\/19389\/revisions\/26804"}],"wp:featuredmedia":[{"embeddable":true,"href":"https:\/\/www.billin.net\/blog\/wp-json\/wp\/v2\/media\/19390"}],"wp:attachment":[{"href":"https:\/\/www.billin.net\/blog\/wp-json\/wp\/v2\/media?parent=19389"}],"wp:term":[{"taxonomy":"category","embeddable":true,"href":"https:\/\/www.billin.net\/blog\/wp-json\/wp\/v2\/categories?post=19389"},{"taxonomy":"post_tag","embeddable":true,"href":"https:\/\/www.billin.net\/blog\/wp-json\/wp\/v2\/tags?post=19389"}],"curies":[{"name":"wp","href":"https:\/\/api.w.org\/{rel}","templated":true}]}}