{"id":19377,"date":"2022-06-10T11:18:47","date_gmt":"2022-06-10T09:18:47","guid":{"rendered":"https:\/\/www.billin.net\/blog\/?p=19377"},"modified":"2025-09-25T20:35:38","modified_gmt":"2025-09-25T18:35:38","slug":"modelo-420","status":"publish","type":"post","link":"https:\/\/www.billin.net\/blog\/modelo-420\/","title":{"rendered":"\u00bfPara qu\u00e9 sirve modelo 420?"},"content":{"rendered":"<p><span style=\"font-weight: 400;\">Los aut\u00f3nomos canarios deben conocer el <\/span><b>Modelo 420<\/b><span style=\"font-weight: 400;\"> porque es la autoliquidaci\u00f3n que deben presentar ante la Agencia Tributaria para informar de las operaciones que realizan, por tanto, este modelo se usa a la hora de presentar las autoliquidaciones que est\u00e1n sujetas al <a href=\"https:\/\/www.billin.net\/blog\/igic\/\" target=\"_blank\" rel=\"noopener\">Impuesto General Indirecto Canario (IGIC)<\/a>.<\/span><\/p>\n<p><!--more--><\/p>\n<p><span style=\"font-weight: 400;\">Por tanto, es un impuesto que funciona como el IVA en la pen\u00ednsula, pero en las Islas Canarias.<\/span><\/p>\n<h2><b>\u00bfQu\u00e9 es el modelo 420?<\/b><\/h2>\n<p><span style=\"font-weight: 400;\">El <\/span><b>Modelo 420 <\/b><span style=\"font-weight: 400;\">es la autoliquidaci\u00f3n del Impuesto General Indirecto Canario (IGIC) que presentan aut\u00f3nomos y empresas que residen en Canarias.<\/span><\/p>\n<h3><b>\u00bfQu\u00e9 es el IGIC canario?<\/b><\/h3>\n<p><span style=\"font-weight: 400;\">El IGIC es el impuesto indirecto que grava el consumo en Canarias, en el mar territorial, hasta el l\u00edmite de 12 millas n\u00e1uticas y en su espacio a\u00e9reo.<\/span><\/p>\n<p><span style=\"font-weight: 400;\">La principal diferencia del IGIC con el IVA aplicado en la pen\u00ednsula es que el IGIC es inferior que el IVA, siendo el tipo general el 7% y el reducido del 3%, adem\u00e1s de determinados productos o servicios que tienen un tipo al 0%, el incrementado (9,5% y 15%) y el especial (20%).<\/span><\/p>\n<h2><b>\u00bfCu\u00e1ndo se presenta modelo 420?<\/b><\/h2>\n<p><span style=\"font-weight: 400;\">El Modelo 420 se debe presentar durante los 20 d\u00edas siguientes al mes en el que se haya de presentar dicha autoliquidaci\u00f3n.<\/span><\/p>\n<p><span style=\"font-weight: 400;\"><strong>Sus plazos coinciden con los de la <a href=\"https:\/\/www.billin.net\/blog\/como-hacer-la-declaracion-del-iva-trimestral-con-billin\/\" target=\"_blank\" rel=\"noopener\">liquidaci\u00f3n trimestral de IVA<\/a><\/strong>, es decir, se tienen que presentar en abril, junio, octubre y enero.<\/span><\/p>\n<p><span style=\"font-weight: 400;\">Adem\u00e1s, el cuarto trimestre se debe presentar junto al <\/span><i><span style=\"font-weight: 400;\">Modelo 425<\/span><\/i><span style=\"font-weight: 400;\"> que es la declaraci\u00f3n resumen de todas las operaciones realizadas durante el a\u00f1o.<\/span><\/p>\n<p><span style=\"font-weight: 400;\">Los plazos de presentaci\u00f3n son:<\/span><\/p>\n<ul>\n<li style=\"font-weight: 400;\" aria-level=\"1\"><span style=\"font-weight: 400;\">Del 1 al 20 de abril, para aquellas operaciones realizadas en el primer trimestre (enero, febrero y marzo).<\/span><\/li>\n<li style=\"font-weight: 400;\" aria-level=\"1\"><span style=\"font-weight: 400;\">Del 1 al 20 de julio, para aquellas operaciones realizadas en el segundo trimestre (abril, mayo y junio).<\/span><\/li>\n<li style=\"font-weight: 400;\" aria-level=\"1\"><span style=\"font-weight: 400;\">Del 1 al 20 de octubre, para aquellas operaciones realizadas en el tercer trimestre (julio, agosto y septiembre).<\/span><\/li>\n<li style=\"font-weight: 400;\" aria-level=\"1\"><span style=\"font-weight: 400;\">Del 1 al 30 de enero, para las operaciones efectuadas en el cuarto trimestre del a\u00f1o anterior (octubre, noviembre y diciembre).<\/span><\/li>\n<\/ul>\n<h2><b>\u00bfQui\u00e9n debe presentar el modelo 420?<\/b><\/h2>\n<p><span style=\"font-weight: 400;\">Todos los aut\u00f3nomos y empresas de cualquier tama\u00f1o que residan en las Islas Canarias que deben emitir facturas por la venta de sus productos o por las prestaciones de servicios, estar\u00e1n obligados a presentar el <\/span><b>Modelo 420 del Gobierno de Canarias<\/b><span style=\"font-weight: 400;\">.<\/span><\/p>\n<p><span style=\"font-weight: 400;\">Incluso si no tuvieran actividad durante un trimestre, tambi\u00e9n deben presentarlo con independencia del resultado obtenido.<\/span><\/p>\n<p><span style=\"font-weight: 400;\">En el <\/span><b>Modelo 420<\/b><span style=\"font-weight: 400;\"> habr\u00e1 que incluir tanto las facturas emitidas por las operaciones de compra que est\u00e9n relacionados con la actividad.<\/span><\/p>\n<h2><b>C\u00f3mo rellenar el Modelo 420\u00a0<\/b><\/h2>\n<p><span style=\"font-weight: 400;\">El <\/span><b>Modelo 420<\/b><span style=\"font-weight: 400;\"> consta de diversos apartados a la hora de rellenarlo:<\/span><\/p>\n<ul>\n<li style=\"font-weight: 400;\" aria-level=\"1\"><b>Periodo de liquidaci\u00f3n<\/b><span style=\"font-weight: 400;\">.<\/span><\/li>\n<\/ul>\n<p><span style=\"font-weight: 400;\">En este apartado hay que rellenar el a\u00f1o natural al que corresponde el trimestre o mes, es decir, 1T (primer trimestre), 2T (segundo trimestre), 3T (tercer trimestre) y 4T (cuarto trimestre).<\/span><b><\/b><\/p>\n<ul>\n<li aria-level=\"1\"><b>Datos identificativos\u00a0<\/b><\/li>\n<\/ul>\n<p><span style=\"font-weight: 400;\">Aqu\u00ed se consignar\u00e1n los datos identificativos de la empresa o aut\u00f3nomo que est\u00e1 elaborando el Modelo 420, incluyendo el NIF, apellidos y nombre o raz\u00f3n social, direcci\u00f3n, etc.<\/span><br \/>\n<b><\/b><\/p>\n<ul>\n<li aria-level=\"1\"><b>IGIC devengado<\/b><\/li>\n<\/ul>\n<p><span style=\"font-weight: 400;\">Las casillas 01, 02, 03, 04, 05 y 06 son para incluir las bases imponibles de las operaciones realizadas seg\u00fan el tipo de gravamen aplicable a cada una, incluidas las del tipo 0%.<\/span><\/p>\n<p><span style=\"font-weight: 400;\">Las casillas 07, 08, 09, 10, 11 y 12 son el resultado de aplicar el tipo de gravamen, es decir, la cuota tributaria.<\/span><\/p>\n<p><span style=\"font-weight: 400;\">La casilla 13 son para las cuotas devengadas por la adquisici\u00f3n de bienes y servicios respecto a los que tienen la condici\u00f3n de sujeto pasivo, seg\u00fan lo previsto en el art\u00edculo 19 de la Ley 20\/1991 del R\u00e9gimen Econ\u00f3mico Fiscal de Canarias.<\/span><\/p>\n<p><span style=\"font-weight: 400;\">La casilla 14 s\u00f3lo se cumplimenta en los supuestos de rectificaci\u00f3n de alguna cuota impositiva repercutida de las operaciones devengadas antes del periodo objeto de autoliquidaci\u00f3n, como son el c\u00e1lculo incorrecto de las cuotas, por alteraci\u00f3n del precio despu\u00e9s de gravar las operaciones, por modificaci\u00f3n de las bases y cuotas por concurso de acreedores o por un error fundado en derecho.<\/span><\/p>\n<p><span style=\"font-weight: 400;\">La casilla 15 es el resultado de la suma de las casillas 07, 08, 09, 10, 11, 12, 13 y 14.<\/span><b><\/b><\/p>\n<ul>\n<li aria-level=\"1\"><b>IGIC deducible<\/b><\/li>\n<\/ul>\n<p><span style=\"font-weight: 400;\">La casilla 16 es el importe global de las cuotas soportadas por adquisici\u00f3n de bienes o servicios que sean deducibles despu\u00e9s de aplicar la prorrata.<\/span><\/p>\n<p><span style=\"font-weight: 400;\">La casilla 17 es el importe global de las cuotas soportadas por importaci\u00f3n de bienes que sean deducibles despu\u00e9s de aplicar la prorrata.<\/span><\/p>\n<p><span style=\"font-weight: 400;\">La casilla 18 son las compensaciones satisfechas a sujetos pasivos acogidos al r\u00e9gimen especial de agricultura y ganader\u00eda.<\/span><\/p>\n<p><span style=\"font-weight: 400;\">La casilla 19 se rellena en el cuarto trimestre y es el importe de regularizaci\u00f3n de deducciones por la adquisici\u00f3n o importaci\u00f3n de bienes de inversi\u00f3n\u00a0<\/span><\/p>\n<p><span style=\"font-weight: 400;\">La casilla 20 es para las cuotas de IGIC devueltas a viajeros durante el periodo de liquidaci\u00f3n al que corresponda.<\/span><\/p>\n<p><span style=\"font-weight: 400;\">\u00a0La casilla 21 es para las cuotas soportadas deducidas rectificadas.<\/span><b><\/b><\/p>\n<ul>\n<li aria-level=\"1\"><b>Resultado<\/b><\/li>\n<\/ul>\n<p><span style=\"font-weight: 400;\">La casilla 22 es para el importe de la operaci\u00f3n aritm\u00e9tica de la suma de las casillas 16, 17, 18, 19, 20 y 21.<\/span><\/p>\n<p><span style=\"font-weight: 400;\">La casilla 23 es para la diferencia entre la casilla 15 y 22, ya sea negativo o positivo.<\/span><\/p>\n<p><span style=\"font-weight: 400;\">La casilla 24 es para las cuotas a favor del sujeto pasivo de periodos anteriores pendientes de compensar.<\/span><\/p>\n<p><span style=\"font-weight: 400;\">La casilla 25 s\u00f3lo se rellena en el caso de autoliquidaci\u00f3n complementaria.<\/span><\/p>\n<p><span style=\"font-weight: 400;\">La casilla 26 = casilla 23 &#8211;\u00a0 casilla 24 &#8211; casilla 25<\/span><\/p>\n<p><span style=\"font-weight: 400;\">El resultado de esta autoliquidaci\u00f3n podr\u00e1 ser a ingresar o a compensar, aunque como hemos comentado anteriormente, en el caso de no tener actividad tambi\u00e9n habr\u00eda obligaci\u00f3n de presentar el <\/span><b>Modelo 420<\/b><span style=\"font-weight: 400;\">.\u00a0<\/span><\/p>\n","protected":false},"excerpt":{"rendered":"<p>Los aut\u00f3nomos canarios deben conocer el Modelo 420 porque es la autoliquidaci\u00f3n que deben presentar ante la Agencia Tributaria para informar de las operaciones que realizan, por tanto, este modelo se usa a la hora de presentar las autoliquidaciones que est\u00e1n sujetas al Impuesto General Indirecto Canario (IGIC).<\/p>\n","protected":false},"author":20,"featured_media":19378,"comment_status":"open","ping_status":"open","sticky":false,"template":"","format":"standard","meta":{"_acf_changed":false,"_et_pb_use_builder":"","_et_pb_old_content":"","_et_gb_content_width":"","om_disable_all_campaigns":false,"inline_featured_image":false,"footnotes":""},"categories":[1020],"tags":[1380,1381],"class_list":{"0":"post-19377","1":"post","2":"type-post","3":"status-publish","4":"format-standard","5":"has-post-thumbnail","7":"category-contabilidad","8":"tag-autonomos","9":"tag-pymes"},"acf":{"selector_de_usuario":null,"fecha_de_revision":null},"yoast_head":"<!-- This site is optimized with the Yoast SEO plugin v27.1 - https:\/\/yoast.com\/product\/yoast-seo-wordpress\/ -->\n<title>Qu\u00e9 es y c\u00f3mo presentar el Modelo 420 - TeamSystem Facturas Billin<\/title>\n<meta name=\"description\" content=\"Explicamos el proceso para presentar el Modelo 420, para qu\u00e9 se usa y las personas que deben cumplimentarlo.\" \/>\n<meta name=\"robots\" content=\"index, follow, max-snippet:-1, max-image-preview:large, max-video-preview:-1\" \/>\n<link rel=\"canonical\" href=\"https:\/\/www.billin.net\/blog\/modelo-420\/\" \/>\n<meta property=\"og:locale\" content=\"es_ES\" \/>\n<meta property=\"og:type\" content=\"article\" \/>\n<meta property=\"og:title\" content=\"Qu\u00e9 es y c\u00f3mo presentar el Modelo 420 - TeamSystem Facturas Billin\" \/>\n<meta property=\"og:description\" content=\"Explicamos el proceso para presentar el Modelo 420, para qu\u00e9 se usa y las personas que deben cumplimentarlo.\" \/>\n<meta property=\"og:url\" content=\"https:\/\/www.billin.net\/blog\/modelo-420\/\" \/>\n<meta property=\"og:site_name\" content=\"Blog de TeamSystem Facturas Billin\" \/>\n<meta property=\"article:publisher\" content=\"https:\/\/www.facebook.com\/EsBillin\" \/>\n<meta property=\"article:published_time\" content=\"2022-06-10T09:18:47+00:00\" \/>\n<meta property=\"article:modified_time\" content=\"2025-09-25T18:35:38+00:00\" \/>\n<meta property=\"og:image\" content=\"https:\/\/www.billin.net\/blog\/wp-content\/uploads\/2022\/06\/Modelo-420.jpg\" \/>\n\t<meta property=\"og:image:width\" content=\"5472\" \/>\n\t<meta property=\"og:image:height\" content=\"3648\" \/>\n\t<meta property=\"og:image:type\" content=\"image\/jpeg\" \/>\n<meta name=\"author\" content=\"Marcos De La Cueva - CEO TeamSystem Facturas Billin\" \/>\n<meta name=\"twitter:card\" content=\"summary_large_image\" \/>\n<meta name=\"twitter:creator\" content=\"@Billin_ES\" \/>\n<meta name=\"twitter:site\" content=\"@Billin_ES\" \/>\n<meta name=\"twitter:label1\" content=\"Escrito por\" \/>\n\t<meta name=\"twitter:data1\" content=\"Marcos De La Cueva - CEO TeamSystem Facturas Billin\" \/>\n\t<meta name=\"twitter:label2\" content=\"Tiempo de lectura\" \/>\n\t<meta name=\"twitter:data2\" content=\"5 minutos\" \/>\n<script type=\"application\/ld+json\" class=\"yoast-schema-graph\">{\"@context\":\"https:\/\/schema.org\",\"@graph\":[{\"@type\":\"Article\",\"@id\":\"https:\/\/www.billin.net\/blog\/modelo-420\/#article\",\"isPartOf\":{\"@id\":\"https:\/\/www.billin.net\/blog\/modelo-420\/\"},\"author\":{\"name\":\"Marcos De La Cueva - CEO TeamSystem Facturas Billin\",\"@id\":\"https:\/\/www.billin.net\/blog\/#\/schema\/person\/d0339ee6e869234614541b1e80a793e7\"},\"headline\":\"\u00bfPara qu\u00e9 sirve modelo 420?\",\"datePublished\":\"2022-06-10T09:18:47+00:00\",\"dateModified\":\"2025-09-25T18:35:38+00:00\",\"mainEntityOfPage\":{\"@id\":\"https:\/\/www.billin.net\/blog\/modelo-420\/\"},\"wordCount\":913,\"commentCount\":0,\"publisher\":{\"@id\":\"https:\/\/www.billin.net\/blog\/#organization\"},\"image\":{\"@id\":\"https:\/\/www.billin.net\/blog\/modelo-420\/#primaryimage\"},\"thumbnailUrl\":\"https:\/\/www.billin.net\/blog\/wp-content\/uploads\/2022\/06\/Modelo-420.jpg\",\"keywords\":[\"Aut\u00f3nomos\",\"Pymes\"],\"articleSection\":[\"Contabilidad\"],\"inLanguage\":\"es\",\"potentialAction\":[{\"@type\":\"CommentAction\",\"name\":\"Comment\",\"target\":[\"https:\/\/www.billin.net\/blog\/modelo-420\/#respond\"]}]},{\"@type\":\"WebPage\",\"@id\":\"https:\/\/www.billin.net\/blog\/modelo-420\/\",\"url\":\"https:\/\/www.billin.net\/blog\/modelo-420\/\",\"name\":\"Qu\u00e9 es y c\u00f3mo presentar el Modelo 420 - TeamSystem Facturas Billin\",\"isPartOf\":{\"@id\":\"https:\/\/www.billin.net\/blog\/#website\"},\"primaryImageOfPage\":{\"@id\":\"https:\/\/www.billin.net\/blog\/modelo-420\/#primaryimage\"},\"image\":{\"@id\":\"https:\/\/www.billin.net\/blog\/modelo-420\/#primaryimage\"},\"thumbnailUrl\":\"https:\/\/www.billin.net\/blog\/wp-content\/uploads\/2022\/06\/Modelo-420.jpg\",\"datePublished\":\"2022-06-10T09:18:47+00:00\",\"dateModified\":\"2025-09-25T18:35:38+00:00\",\"description\":\"Explicamos el proceso para presentar el Modelo 420, para qu\u00e9 se usa y las personas que deben cumplimentarlo.\",\"breadcrumb\":{\"@id\":\"https:\/\/www.billin.net\/blog\/modelo-420\/#breadcrumb\"},\"inLanguage\":\"es\",\"potentialAction\":[{\"@type\":\"ReadAction\",\"target\":[\"https:\/\/www.billin.net\/blog\/modelo-420\/\"]}]},{\"@type\":\"ImageObject\",\"inLanguage\":\"es\",\"@id\":\"https:\/\/www.billin.net\/blog\/modelo-420\/#primaryimage\",\"url\":\"https:\/\/www.billin.net\/blog\/wp-content\/uploads\/2022\/06\/Modelo-420.jpg\",\"contentUrl\":\"https:\/\/www.billin.net\/blog\/wp-content\/uploads\/2022\/06\/Modelo-420.jpg\",\"width\":5472,\"height\":3648,\"caption\":\"presentar modelo 420\"},{\"@type\":\"BreadcrumbList\",\"@id\":\"https:\/\/www.billin.net\/blog\/modelo-420\/#breadcrumb\",\"itemListElement\":[{\"@type\":\"ListItem\",\"position\":1,\"name\":\"Blog\",\"item\":\"https:\/\/www.billin.net\/blog\/\"},{\"@type\":\"ListItem\",\"position\":2,\"name\":\"Contabilidad\",\"item\":\"https:\/\/www.billin.net\/blog\/contabilidad\/\"},{\"@type\":\"ListItem\",\"position\":3,\"name\":\"\u00bfPara qu\u00e9 sirve modelo 420?\"}]},{\"@type\":\"WebSite\",\"@id\":\"https:\/\/www.billin.net\/blog\/#website\",\"url\":\"https:\/\/www.billin.net\/blog\/\",\"name\":\"Blog de Billin\",\"description\":\"Mantente informado con el blog de TeamSystem Facturas Billin:  facturaci\u00f3n, legislaci\u00f3n, contabilidad, management y toda la informaci\u00f3n \u00fatil para pymes y aut\u00f3nomos.\",\"publisher\":{\"@id\":\"https:\/\/www.billin.net\/blog\/#organization\"},\"potentialAction\":[{\"@type\":\"SearchAction\",\"target\":{\"@type\":\"EntryPoint\",\"urlTemplate\":\"https:\/\/www.billin.net\/blog\/?s={search_term_string}\"},\"query-input\":{\"@type\":\"PropertyValueSpecification\",\"valueRequired\":true,\"valueName\":\"search_term_string\"}}],\"inLanguage\":\"es\"},{\"@type\":\"Organization\",\"@id\":\"https:\/\/www.billin.net\/blog\/#organization\",\"name\":\"Billin\",\"alternateName\":\"Blog de Billin\",\"url\":\"https:\/\/www.billin.net\/blog\/\",\"logo\":{\"@type\":\"ImageObject\",\"inLanguage\":\"es\",\"@id\":\"https:\/\/www.billin.net\/blog\/#\/schema\/logo\/image\/\",\"url\":\"https:\/\/www.billin.net\/blog\/wp-content\/uploads\/2019\/06\/logotipo-billin-blog-1.png\",\"contentUrl\":\"https:\/\/www.billin.net\/blog\/wp-content\/uploads\/2019\/06\/logotipo-billin-blog-1.png\",\"width\":126,\"height\":50,\"caption\":\"Billin\"},\"image\":{\"@id\":\"https:\/\/www.billin.net\/blog\/#\/schema\/logo\/image\/\"},\"sameAs\":[\"https:\/\/www.facebook.com\/EsBillin\",\"https:\/\/x.com\/Billin_ES\",\"https:\/\/www.instagram.com\/billin_es\/\",\"https:\/\/www.linkedin.com\/company\/billin-spain\",\"https:\/\/www.youtube.com\/c\/BillinEsintercambiodefacturas\/\"],\"legalName\":\"MY EXPENSES SL\",\"contactPoint\":{\"@type\":\"ContactPoint\",\"telephone\":\"+34918318883\",\"contactType\":\"customer service\",\"email\":\"info@billin.eu\",\"availableLanguage\":\"es\"},\"foundingDate\":\"2015\",\"numberOfEmployees\":{\"@type\":\"QuantitativeValue\",\"minValue\":10,\"maxValue\":50},\"parentOrganization\":{\"@type\":\"Organization\",\"name\":\"TeamSystem\",\"url\":\"https:\/\/www.teamsystem.com\/\"},\"description\":\"Billin es el programa de facturaci\u00f3n online de TeamSystem para aut\u00f3nomos y pymes en Espa\u00f1a. Permite crear facturas, controlar gastos y cumplir con Verifactu.\",\"address\":{\"@type\":\"PostalAddress\",\"streetAddress\":\"Calle Arturo Soria, 336\",\"addressLocality\":\"Madrid\",\"addressRegion\":\"Madrid\",\"postalCode\":\"28033\",\"addressCountry\":\"ES\"}},{\"@type\":\"Person\",\"@id\":\"https:\/\/www.billin.net\/blog\/#\/schema\/person\/d0339ee6e869234614541b1e80a793e7\",\"name\":\"Marcos De La Cueva - CEO TeamSystem Facturas Billin\",\"image\":{\"@type\":\"ImageObject\",\"inLanguage\":\"es\",\"@id\":\"https:\/\/www.billin.net\/blog\/#\/schema\/person\/image\/\",\"url\":\"https:\/\/www.billin.net\/blog\/wp-content\/uploads\/2023\/10\/marcos-color-150x150.png\",\"contentUrl\":\"https:\/\/www.billin.net\/blog\/wp-content\/uploads\/2023\/10\/marcos-color-150x150.png\",\"caption\":\"Marcos De La Cueva - CEO TeamSystem Facturas Billin\"},\"description\":\"Licenciado en ADE por la Universidad Aut\u00f3noma de Madrid, Marcos De la Cueva es CEO y cofundador de TeamSystem Facturas Billin, un programa online que lleva m\u00e1s de 9 a\u00f1os ayudando a aut\u00f3nomos, peque\u00f1os negocios y gestor\u00edas a digitalizar sus presupuestos, facturas, tickets y gastos. \u00a0 Sobre Marcos De La Cueva \u00a0 Apasionado por el mundo empresarial y la tecnolog\u00eda, curs\u00f3 su M\u00e1ster de Finanzas en la Universidad Pontificia de Comillas y estuvo en el Programa de Cooperaci\u00f3n Educativa de la Universidad Aut\u00f3noma de Madrid. \u00a0 Marcos siempre ha tenido su objetivo claro: ayudar a la creaci\u00f3n de negocios financieramente sostenibles a trav\u00e9s de una herramienta de facturaci\u00f3n que les permita ahorrar tiempo y tener la contabilidad bajo control. \u00a0 Marcos De La Cueva en los medios \u2014 Noticia sobre Kit Digital y Ley Antifraude (VeriFactu) en El Economista. \u2014 Noticia sobre Kit Digital y factura electr\u00f3nica obligatoria en Diario Jur\u00eddico. \u2014 Noticia sobre el a\u00f1o de transici\u00f3n para la factura electr\u00f3nica en Muy Pymes. \u2014 Entrevista sobre factura electr\u00f3nica obligatoria en Canal Sur. \u2014 Noticia sobre el informe factura electr\u00f3nica de TeamSystem en Channel Partner. \u2014 Charla sobre productividad y Ley Crea y Crece en El Economista. \u2014 Charla sobre factura electr\u00f3nica obligatoria en Muy Pymes. \u2014 Charla sobre digitalizaci\u00f3n aut\u00f3nomos y productividad en esdiario. \u2014 Charla sobre productividad y factura electr\u00f3nica en La Raz\u00f3n. \u2014 Charla sobre factura electr\u00f3nica obligatoria en Aut\u00f3nomos y Emprendedores. \u2014 Entrevista sobre Ley Antifraude y Ley Crea y Crece en Expansi\u00f3n. \u2014 Entrevista sobre Ley Antifraude y Ley Crea y Crece en La Raz\u00f3n. \u2014 Entrevista sobre factura electr\u00f3nica obligatoria en El Economista. \u2014 Comunicado Billin y TeamSystem en Business Insider. \u2014 Entrevista en Econom\u00eda Digital. \u2014 Entrevista en Ideas para tu empresa de Vodafone. \u2014 Entrevista en M\u00e1sQradio. \u2014 Entrevista en Armas para emprender de El M\u00e9todo Gallardo. \u2014 Entrevista en KFund. \u2014 Entrevista en AXA Seguros Espa\u00f1a. \u2014 Entrevista en GestionaRadio. \u00a0 Marcos De La Cueva en eventos \u00a0 \u2014 Participaci\u00f3n como ponente en Accountex Espa\u00f1a 2023. \u00a0 Tem\u00e1ticas de especializaci\u00f3n \u00a0 negocios | startups | contabilidad| fiscalidad | empresas| asesor\u00edas| autonomos | emprendedores | peque\u00f1os negocios | econom\u00eda | ADE | pymes | desarrollo de negocio\u00a0\",\"sameAs\":[\"https:\/\/www.billin.net\/\",\"https:\/\/www.linkedin.com\/in\/marcos-de-la-cueva-19750ba3\/\"],\"url\":\"https:\/\/www.billin.net\/blog\/author\/marcosdelacueva\/\",\"jobTitle\":\"CEO y cofundador de TS Facturas Billin\"}]}<\/script>\n<!-- \/ Yoast SEO plugin. -->","yoast_head_json":{"title":"Qu\u00e9 es y c\u00f3mo presentar el Modelo 420 - TeamSystem Facturas Billin","description":"Explicamos el proceso para presentar el Modelo 420, para qu\u00e9 se usa y las personas que deben cumplimentarlo.","robots":{"index":"index","follow":"follow","max-snippet":"max-snippet:-1","max-image-preview":"max-image-preview:large","max-video-preview":"max-video-preview:-1"},"canonical":"https:\/\/www.billin.net\/blog\/modelo-420\/","og_locale":"es_ES","og_type":"article","og_title":"Qu\u00e9 es y c\u00f3mo presentar el Modelo 420 - TeamSystem Facturas Billin","og_description":"Explicamos el proceso para presentar el Modelo 420, para qu\u00e9 se usa y las personas que deben cumplimentarlo.","og_url":"https:\/\/www.billin.net\/blog\/modelo-420\/","og_site_name":"Blog de TeamSystem Facturas Billin","article_publisher":"https:\/\/www.facebook.com\/EsBillin","article_published_time":"2022-06-10T09:18:47+00:00","article_modified_time":"2025-09-25T18:35:38+00:00","og_image":[{"width":5472,"height":3648,"url":"https:\/\/www.billin.net\/blog\/wp-content\/uploads\/2022\/06\/Modelo-420.jpg","type":"image\/jpeg"}],"author":"Marcos De La Cueva - CEO TeamSystem Facturas Billin","twitter_card":"summary_large_image","twitter_creator":"@Billin_ES","twitter_site":"@Billin_ES","twitter_misc":{"Escrito por":"Marcos De La Cueva - CEO TeamSystem Facturas Billin","Tiempo de lectura":"5 minutos"},"schema":{"@context":"https:\/\/schema.org","@graph":[{"@type":"Article","@id":"https:\/\/www.billin.net\/blog\/modelo-420\/#article","isPartOf":{"@id":"https:\/\/www.billin.net\/blog\/modelo-420\/"},"author":{"name":"Marcos De La Cueva - CEO TeamSystem Facturas Billin","@id":"https:\/\/www.billin.net\/blog\/#\/schema\/person\/d0339ee6e869234614541b1e80a793e7"},"headline":"\u00bfPara qu\u00e9 sirve modelo 420?","datePublished":"2022-06-10T09:18:47+00:00","dateModified":"2025-09-25T18:35:38+00:00","mainEntityOfPage":{"@id":"https:\/\/www.billin.net\/blog\/modelo-420\/"},"wordCount":913,"commentCount":0,"publisher":{"@id":"https:\/\/www.billin.net\/blog\/#organization"},"image":{"@id":"https:\/\/www.billin.net\/blog\/modelo-420\/#primaryimage"},"thumbnailUrl":"https:\/\/www.billin.net\/blog\/wp-content\/uploads\/2022\/06\/Modelo-420.jpg","keywords":["Aut\u00f3nomos","Pymes"],"articleSection":["Contabilidad"],"inLanguage":"es","potentialAction":[{"@type":"CommentAction","name":"Comment","target":["https:\/\/www.billin.net\/blog\/modelo-420\/#respond"]}]},{"@type":"WebPage","@id":"https:\/\/www.billin.net\/blog\/modelo-420\/","url":"https:\/\/www.billin.net\/blog\/modelo-420\/","name":"Qu\u00e9 es y c\u00f3mo presentar el Modelo 420 - TeamSystem Facturas Billin","isPartOf":{"@id":"https:\/\/www.billin.net\/blog\/#website"},"primaryImageOfPage":{"@id":"https:\/\/www.billin.net\/blog\/modelo-420\/#primaryimage"},"image":{"@id":"https:\/\/www.billin.net\/blog\/modelo-420\/#primaryimage"},"thumbnailUrl":"https:\/\/www.billin.net\/blog\/wp-content\/uploads\/2022\/06\/Modelo-420.jpg","datePublished":"2022-06-10T09:18:47+00:00","dateModified":"2025-09-25T18:35:38+00:00","description":"Explicamos el proceso para presentar el Modelo 420, para qu\u00e9 se usa y las personas que deben cumplimentarlo.","breadcrumb":{"@id":"https:\/\/www.billin.net\/blog\/modelo-420\/#breadcrumb"},"inLanguage":"es","potentialAction":[{"@type":"ReadAction","target":["https:\/\/www.billin.net\/blog\/modelo-420\/"]}]},{"@type":"ImageObject","inLanguage":"es","@id":"https:\/\/www.billin.net\/blog\/modelo-420\/#primaryimage","url":"https:\/\/www.billin.net\/blog\/wp-content\/uploads\/2022\/06\/Modelo-420.jpg","contentUrl":"https:\/\/www.billin.net\/blog\/wp-content\/uploads\/2022\/06\/Modelo-420.jpg","width":5472,"height":3648,"caption":"presentar modelo 420"},{"@type":"BreadcrumbList","@id":"https:\/\/www.billin.net\/blog\/modelo-420\/#breadcrumb","itemListElement":[{"@type":"ListItem","position":1,"name":"Blog","item":"https:\/\/www.billin.net\/blog\/"},{"@type":"ListItem","position":2,"name":"Contabilidad","item":"https:\/\/www.billin.net\/blog\/contabilidad\/"},{"@type":"ListItem","position":3,"name":"\u00bfPara qu\u00e9 sirve modelo 420?"}]},{"@type":"WebSite","@id":"https:\/\/www.billin.net\/blog\/#website","url":"https:\/\/www.billin.net\/blog\/","name":"Blog de Billin","description":"Mantente informado con el blog de TeamSystem Facturas Billin:  facturaci\u00f3n, legislaci\u00f3n, contabilidad, management y toda la informaci\u00f3n \u00fatil para pymes y aut\u00f3nomos.","publisher":{"@id":"https:\/\/www.billin.net\/blog\/#organization"},"potentialAction":[{"@type":"SearchAction","target":{"@type":"EntryPoint","urlTemplate":"https:\/\/www.billin.net\/blog\/?s={search_term_string}"},"query-input":{"@type":"PropertyValueSpecification","valueRequired":true,"valueName":"search_term_string"}}],"inLanguage":"es"},{"@type":"Organization","@id":"https:\/\/www.billin.net\/blog\/#organization","name":"Billin","alternateName":"Blog de Billin","url":"https:\/\/www.billin.net\/blog\/","logo":{"@type":"ImageObject","inLanguage":"es","@id":"https:\/\/www.billin.net\/blog\/#\/schema\/logo\/image\/","url":"https:\/\/www.billin.net\/blog\/wp-content\/uploads\/2019\/06\/logotipo-billin-blog-1.png","contentUrl":"https:\/\/www.billin.net\/blog\/wp-content\/uploads\/2019\/06\/logotipo-billin-blog-1.png","width":126,"height":50,"caption":"Billin"},"image":{"@id":"https:\/\/www.billin.net\/blog\/#\/schema\/logo\/image\/"},"sameAs":["https:\/\/www.facebook.com\/EsBillin","https:\/\/x.com\/Billin_ES","https:\/\/www.instagram.com\/billin_es\/","https:\/\/www.linkedin.com\/company\/billin-spain","https:\/\/www.youtube.com\/c\/BillinEsintercambiodefacturas\/"],"legalName":"MY EXPENSES SL","contactPoint":{"@type":"ContactPoint","telephone":"+34918318883","contactType":"customer service","email":"info@billin.eu","availableLanguage":"es"},"foundingDate":"2015","numberOfEmployees":{"@type":"QuantitativeValue","minValue":10,"maxValue":50},"parentOrganization":{"@type":"Organization","name":"TeamSystem","url":"https:\/\/www.teamsystem.com\/"},"description":"Billin es el programa de facturaci\u00f3n online de TeamSystem para aut\u00f3nomos y pymes en Espa\u00f1a. Permite crear facturas, controlar gastos y cumplir con Verifactu.","address":{"@type":"PostalAddress","streetAddress":"Calle Arturo Soria, 336","addressLocality":"Madrid","addressRegion":"Madrid","postalCode":"28033","addressCountry":"ES"}},{"@type":"Person","@id":"https:\/\/www.billin.net\/blog\/#\/schema\/person\/d0339ee6e869234614541b1e80a793e7","name":"Marcos De La Cueva - CEO TeamSystem Facturas Billin","image":{"@type":"ImageObject","inLanguage":"es","@id":"https:\/\/www.billin.net\/blog\/#\/schema\/person\/image\/","url":"https:\/\/www.billin.net\/blog\/wp-content\/uploads\/2023\/10\/marcos-color-150x150.png","contentUrl":"https:\/\/www.billin.net\/blog\/wp-content\/uploads\/2023\/10\/marcos-color-150x150.png","caption":"Marcos De La Cueva - CEO TeamSystem Facturas Billin"},"description":"Licenciado en ADE por la Universidad Aut\u00f3noma de Madrid, Marcos De la Cueva es CEO y cofundador de TeamSystem Facturas Billin, un programa online que lleva m\u00e1s de 9 a\u00f1os ayudando a aut\u00f3nomos, peque\u00f1os negocios y gestor\u00edas a digitalizar sus presupuestos, facturas, tickets y gastos. \u00a0 Sobre Marcos De La Cueva \u00a0 Apasionado por el mundo empresarial y la tecnolog\u00eda, curs\u00f3 su M\u00e1ster de Finanzas en la Universidad Pontificia de Comillas y estuvo en el Programa de Cooperaci\u00f3n Educativa de la Universidad Aut\u00f3noma de Madrid. \u00a0 Marcos siempre ha tenido su objetivo claro: ayudar a la creaci\u00f3n de negocios financieramente sostenibles a trav\u00e9s de una herramienta de facturaci\u00f3n que les permita ahorrar tiempo y tener la contabilidad bajo control. \u00a0 Marcos De La Cueva en los medios \u2014 Noticia sobre Kit Digital y Ley Antifraude (VeriFactu) en El Economista. \u2014 Noticia sobre Kit Digital y factura electr\u00f3nica obligatoria en Diario Jur\u00eddico. \u2014 Noticia sobre el a\u00f1o de transici\u00f3n para la factura electr\u00f3nica en Muy Pymes. \u2014 Entrevista sobre factura electr\u00f3nica obligatoria en Canal Sur. \u2014 Noticia sobre el informe factura electr\u00f3nica de TeamSystem en Channel Partner. \u2014 Charla sobre productividad y Ley Crea y Crece en El Economista. \u2014 Charla sobre factura electr\u00f3nica obligatoria en Muy Pymes. \u2014 Charla sobre digitalizaci\u00f3n aut\u00f3nomos y productividad en esdiario. \u2014 Charla sobre productividad y factura electr\u00f3nica en La Raz\u00f3n. \u2014 Charla sobre factura electr\u00f3nica obligatoria en Aut\u00f3nomos y Emprendedores. \u2014 Entrevista sobre Ley Antifraude y Ley Crea y Crece en Expansi\u00f3n. \u2014 Entrevista sobre Ley Antifraude y Ley Crea y Crece en La Raz\u00f3n. \u2014 Entrevista sobre factura electr\u00f3nica obligatoria en El Economista. \u2014 Comunicado Billin y TeamSystem en Business Insider. \u2014 Entrevista en Econom\u00eda Digital. \u2014 Entrevista en Ideas para tu empresa de Vodafone. \u2014 Entrevista en M\u00e1sQradio. \u2014 Entrevista en Armas para emprender de El M\u00e9todo Gallardo. \u2014 Entrevista en KFund. \u2014 Entrevista en AXA Seguros Espa\u00f1a. \u2014 Entrevista en GestionaRadio. \u00a0 Marcos De La Cueva en eventos \u00a0 \u2014 Participaci\u00f3n como ponente en Accountex Espa\u00f1a 2023. \u00a0 Tem\u00e1ticas de especializaci\u00f3n \u00a0 negocios | startups | contabilidad| fiscalidad | empresas| asesor\u00edas| autonomos | emprendedores | peque\u00f1os negocios | econom\u00eda | ADE | pymes | desarrollo de negocio\u00a0","sameAs":["https:\/\/www.billin.net\/","https:\/\/www.linkedin.com\/in\/marcos-de-la-cueva-19750ba3\/"],"url":"https:\/\/www.billin.net\/blog\/author\/marcosdelacueva\/","jobTitle":"CEO y cofundador de TS Facturas Billin"}]}},"_links":{"self":[{"href":"https:\/\/www.billin.net\/blog\/wp-json\/wp\/v2\/posts\/19377","targetHints":{"allow":["GET"]}}],"collection":[{"href":"https:\/\/www.billin.net\/blog\/wp-json\/wp\/v2\/posts"}],"about":[{"href":"https:\/\/www.billin.net\/blog\/wp-json\/wp\/v2\/types\/post"}],"author":[{"embeddable":true,"href":"https:\/\/www.billin.net\/blog\/wp-json\/wp\/v2\/users\/20"}],"replies":[{"embeddable":true,"href":"https:\/\/www.billin.net\/blog\/wp-json\/wp\/v2\/comments?post=19377"}],"version-history":[{"count":6,"href":"https:\/\/www.billin.net\/blog\/wp-json\/wp\/v2\/posts\/19377\/revisions"}],"predecessor-version":[{"id":26805,"href":"https:\/\/www.billin.net\/blog\/wp-json\/wp\/v2\/posts\/19377\/revisions\/26805"}],"wp:featuredmedia":[{"embeddable":true,"href":"https:\/\/www.billin.net\/blog\/wp-json\/wp\/v2\/media\/19378"}],"wp:attachment":[{"href":"https:\/\/www.billin.net\/blog\/wp-json\/wp\/v2\/media?parent=19377"}],"wp:term":[{"taxonomy":"category","embeddable":true,"href":"https:\/\/www.billin.net\/blog\/wp-json\/wp\/v2\/categories?post=19377"},{"taxonomy":"post_tag","embeddable":true,"href":"https:\/\/www.billin.net\/blog\/wp-json\/wp\/v2\/tags?post=19377"}],"curies":[{"name":"wp","href":"https:\/\/api.w.org\/{rel}","templated":true}]}}