{"id":18070,"date":"2021-08-12T11:27:13","date_gmt":"2021-08-12T09:27:13","guid":{"rendered":"https:\/\/www.billin.net\/blog\/?p=18070"},"modified":"2025-09-25T20:40:28","modified_gmt":"2025-09-25T18:40:28","slug":"hacer-inventario-de-alquiler","status":"publish","type":"post","link":"https:\/\/www.billin.net\/blog\/hacer-inventario-de-alquiler\/","title":{"rendered":"Inventario del alquiler: \u00bfQu\u00e9 es y c\u00f3mo se hace?"},"content":{"rendered":"<p align=\"LEFT\">Los conflictos con los inquilinos son una situaci\u00f3n que ning\u00fan casero desea, pero, desgraciadamente, a veces son inevitables.<\/p>\n<p align=\"LEFT\">Para afrontarlos podemos actuar de manera reactiva cuando la incidencia ya ha tenido lugar -por ejemplo tomando acciones legales contra el arrendatario si deja de abonar el alquiler o si da\u00f1a la propiedad- o podemos tratar de anticiparnos a los problemas.<\/p>\n<p align=\"LEFT\"><!--more--><\/p>\n<p align=\"LEFT\">Una forma eficaz es <strong>contratar un seguro o una <a href=\"https:\/\/www.billin.net\/blog\/gestion-integral-alquiler\/\" target=\"_blank\" rel=\"noopener\">gesti\u00f3n integral del alquiler<\/a> que nos proteja frente a las eventualidades mencionadas anteriormente.<\/strong> Otra medida muy aconsejable, gratuita y que tambi\u00e9n es interesante para tu inquilino <strong>es elaborar un inventario del alquiler.<\/strong><\/p>\n<h2 align=\"LEFT\">\u00bfQu\u00e9 es el inventario en un contrato de arrendamiento?<\/h2>\n<p align=\"LEFT\">El inventario del alquiler <strong>es un documento relativamente sencillo de redactar<\/strong> -aunque puede que elaborarlo en detalle nos tome algunas horas- y que puede ahorrarnos muchos dolores de cabeza.<\/p>\n<p align=\"LEFT\">Se trata de una <strong>relaci\u00f3n de todos los elementos que hay en una vivienda estancia por estancia.<\/strong><\/p>\n<p align=\"LEFT\">De esta manera, se especifican los objetos que pertenecen al propietario y cu\u00e1l es su estado de conservaci\u00f3n. Gracias a este documento es muy f\u00e1cil, una vez venza el <a href=\"https:\/\/www.billin.net\/blog\/contrato-arrendamiento-local-comercial\/\" target=\"_blank\" rel=\"noopener\">contrato de arrendamiento<\/a>, comprobar si todo est\u00e1 en orden y decidir si la fianza se devuelve integra, en parte o no se devuelve.<\/p>\n<p align=\"LEFT\">Si lo deseas, puedes descargarte un modelo de inventario del alquiler en\u00a0<a href=\"https:\/\/www.rocketlawyer.com\/es\/es\/documentos\/inventario-de-bienes\">este enlace<\/a>.<\/p>\n<h2 align=\"LEFT\">\u00bfC\u00f3mo hacer inventario de alquiler?<\/h2>\n<p align=\"LEFT\">En primer lugar hay que <strong>realizar una revisi\u00f3n de todos los enseres del inmueble. <\/strong><\/p>\n<p align=\"LEFT\">Esta inspecci\u00f3n la puedes hacer t\u00fa solo o, lo que todav\u00eda es m\u00e1s recomendable, <strong>conjuntamente con el inquilino. <\/strong><\/p>\n<p align=\"LEFT\">En cualquier caso, cuando hayas acabado de redactar el inventario el arrendatario deber\u00e1 firmar el documento como muestra de conformidad.<\/p>\n<p align=\"LEFT\">El listado debe desglosarse en cada una de las estancias que tenga la vivienda y enumerar escrupulosamente todos los objetos que se encuentren en ellas.<\/p>\n<p align=\"LEFT\">Seguramente la habitaci\u00f3n a la que tengas que dedicar m\u00e1s tiempo se la cocina, especialmente si est\u00e1 completamente equipada y tienes que apuntar en la lista todos los elementos que componen la vajilla.<\/p>\n<p align=\"LEFT\"><strong>Tambi\u00e9n es aconsejable tomar fotos de los muebles y electrodom\u00e9sticos de m\u00e1s valor<\/strong> y especificar, en el caso de los electrodom\u00e9sticos, la marca y el modelo. Esto nos ayudar\u00e1 a evitar que puedan ser sustituidos por otros de menos calidad.<\/p>\n<p align=\"LEFT\">Por \u00faltimo, tambi\u00e9n deber\u00eda <strong>a\u00f1adirse un listado de desperfectos previos en el que se enumeren los objetos y\/ partes del inmueble que puedan estar da\u00f1adas.<\/strong><\/p>\n<p align=\"LEFT\">Y recuerda que antes de adjuntar el inventario al contrato de alquiler<strong> todas las p\u00e1ginas deber\u00e1n estar firmadas por el inquilino<\/strong> para que el documento tenga validez.<\/p>\n<p align=\"LEFT\">El inventario del alquiler es un documento clave que debes hacer si quieres evitarte problemas en el futuro con un inquilino problem\u00e1tico y quieres que tu negocio de alquiler tenga futuro.<\/p>\n","protected":false},"excerpt":{"rendered":"<p>Los conflictos con los inquilinos son una situaci\u00f3n que ning\u00fan casero desea, pero, desgraciadamente, a veces son inevitables. Para afrontarlos podemos actuar de manera reactiva cuando la incidencia ya ha tenido lugar -por ejemplo tomando acciones legales contra el arrendatario si deja de abonar el alquiler o si da\u00f1a la propiedad- o podemos tratar de [&hellip;]<\/p>\n","protected":false},"author":20,"featured_media":18071,"comment_status":"open","ping_status":"open","sticky":false,"template":"","format":"standard","meta":{"_acf_changed":false,"_et_pb_use_builder":"","_et_pb_old_content":"","_et_gb_content_width":"","om_disable_all_campaigns":false,"inline_featured_image":false,"footnotes":""},"categories":[1023],"tags":[],"class_list":{"0":"post-18070","1":"post","2":"type-post","3":"status-publish","4":"format-standard","5":"has-post-thumbnail","7":"category-negocios"},"acf":{"selector_de_usuario":null,"fecha_de_revision":null},"yoast_head":"<!-- This site is optimized with the Yoast SEO plugin v27.1 - https:\/\/yoast.com\/product\/yoast-seo-wordpress\/ -->\n<title>\u00bfC\u00f3mo hacer un Inventario de Alquiler? - TeamSystem Facturas Billin<\/title>\n<meta name=\"description\" content=\"Si est\u00e1s pensando en alquilar tu piso te contamos como hacer un inventario de alquiler y por qu\u00e9 es importante documentar todo al detalle.\" \/>\n<meta name=\"robots\" content=\"index, follow, max-snippet:-1, max-image-preview:large, max-video-preview:-1\" \/>\n<link rel=\"canonical\" href=\"https:\/\/www.billin.net\/blog\/hacer-inventario-de-alquiler\/\" \/>\n<meta property=\"og:locale\" content=\"es_ES\" \/>\n<meta property=\"og:type\" content=\"article\" \/>\n<meta property=\"og:title\" content=\"\u00bfC\u00f3mo hacer un Inventario de Alquiler? - TeamSystem Facturas Billin\" \/>\n<meta property=\"og:description\" content=\"Si est\u00e1s pensando en alquilar tu piso te contamos como hacer un inventario de alquiler y por qu\u00e9 es importante documentar todo al detalle.\" \/>\n<meta property=\"og:url\" content=\"https:\/\/www.billin.net\/blog\/hacer-inventario-de-alquiler\/\" \/>\n<meta property=\"og:site_name\" content=\"Blog de TeamSystem Facturas Billin\" \/>\n<meta property=\"article:publisher\" content=\"https:\/\/www.facebook.com\/EsBillin\" \/>\n<meta property=\"article:published_time\" content=\"2021-08-12T09:27:13+00:00\" \/>\n<meta property=\"article:modified_time\" content=\"2025-09-25T18:40:28+00:00\" \/>\n<meta property=\"og:image\" content=\"https:\/\/www.billin.net\/blog\/wp-content\/uploads\/2021\/08\/inventario-alquiler.jpg\" \/>\n\t<meta property=\"og:image:width\" content=\"1280\" \/>\n\t<meta property=\"og:image:height\" content=\"853\" \/>\n\t<meta property=\"og:image:type\" content=\"image\/jpeg\" \/>\n<meta name=\"author\" content=\"Marcos De La Cueva - CEO TeamSystem Facturas Billin\" \/>\n<meta name=\"twitter:card\" content=\"summary_large_image\" \/>\n<meta name=\"twitter:creator\" content=\"@Billin_ES\" \/>\n<meta name=\"twitter:site\" content=\"@Billin_ES\" \/>\n<meta name=\"twitter:label1\" content=\"Escrito por\" \/>\n\t<meta name=\"twitter:data1\" content=\"Marcos De La Cueva - CEO TeamSystem Facturas Billin\" \/>\n\t<meta name=\"twitter:label2\" content=\"Tiempo de lectura\" \/>\n\t<meta name=\"twitter:data2\" content=\"3 minutos\" \/>\n<script type=\"application\/ld+json\" class=\"yoast-schema-graph\">{\"@context\":\"https:\/\/schema.org\",\"@graph\":[{\"@type\":\"Article\",\"@id\":\"https:\/\/www.billin.net\/blog\/hacer-inventario-de-alquiler\/#article\",\"isPartOf\":{\"@id\":\"https:\/\/www.billin.net\/blog\/hacer-inventario-de-alquiler\/\"},\"author\":{\"name\":\"Marcos De La Cueva - CEO TeamSystem Facturas Billin\",\"@id\":\"https:\/\/www.billin.net\/blog\/#\/schema\/person\/d0339ee6e869234614541b1e80a793e7\"},\"headline\":\"Inventario del alquiler: \u00bfQu\u00e9 es y c\u00f3mo se hace?\",\"datePublished\":\"2021-08-12T09:27:13+00:00\",\"dateModified\":\"2025-09-25T18:40:28+00:00\",\"mainEntityOfPage\":{\"@id\":\"https:\/\/www.billin.net\/blog\/hacer-inventario-de-alquiler\/\"},\"wordCount\":496,\"commentCount\":0,\"publisher\":{\"@id\":\"https:\/\/www.billin.net\/blog\/#organization\"},\"image\":{\"@id\":\"https:\/\/www.billin.net\/blog\/hacer-inventario-de-alquiler\/#primaryimage\"},\"thumbnailUrl\":\"https:\/\/www.billin.net\/blog\/wp-content\/uploads\/2021\/08\/inventario-alquiler.jpg\",\"articleSection\":[\"Negocios\"],\"inLanguage\":\"es\",\"potentialAction\":[{\"@type\":\"CommentAction\",\"name\":\"Comment\",\"target\":[\"https:\/\/www.billin.net\/blog\/hacer-inventario-de-alquiler\/#respond\"]}]},{\"@type\":\"WebPage\",\"@id\":\"https:\/\/www.billin.net\/blog\/hacer-inventario-de-alquiler\/\",\"url\":\"https:\/\/www.billin.net\/blog\/hacer-inventario-de-alquiler\/\",\"name\":\"\u00bfC\u00f3mo hacer un Inventario de Alquiler? - TeamSystem Facturas Billin\",\"isPartOf\":{\"@id\":\"https:\/\/www.billin.net\/blog\/#website\"},\"primaryImageOfPage\":{\"@id\":\"https:\/\/www.billin.net\/blog\/hacer-inventario-de-alquiler\/#primaryimage\"},\"image\":{\"@id\":\"https:\/\/www.billin.net\/blog\/hacer-inventario-de-alquiler\/#primaryimage\"},\"thumbnailUrl\":\"https:\/\/www.billin.net\/blog\/wp-content\/uploads\/2021\/08\/inventario-alquiler.jpg\",\"datePublished\":\"2021-08-12T09:27:13+00:00\",\"dateModified\":\"2025-09-25T18:40:28+00:00\",\"description\":\"Si est\u00e1s pensando en alquilar tu piso te contamos como hacer un inventario de alquiler y por qu\u00e9 es importante documentar todo al detalle.\",\"breadcrumb\":{\"@id\":\"https:\/\/www.billin.net\/blog\/hacer-inventario-de-alquiler\/#breadcrumb\"},\"inLanguage\":\"es\",\"potentialAction\":[{\"@type\":\"ReadAction\",\"target\":[\"https:\/\/www.billin.net\/blog\/hacer-inventario-de-alquiler\/\"]}]},{\"@type\":\"ImageObject\",\"inLanguage\":\"es\",\"@id\":\"https:\/\/www.billin.net\/blog\/hacer-inventario-de-alquiler\/#primaryimage\",\"url\":\"https:\/\/www.billin.net\/blog\/wp-content\/uploads\/2021\/08\/inventario-alquiler.jpg\",\"contentUrl\":\"https:\/\/www.billin.net\/blog\/wp-content\/uploads\/2021\/08\/inventario-alquiler.jpg\",\"width\":1280,\"height\":853,\"caption\":\"inventario de alquiler\"},{\"@type\":\"BreadcrumbList\",\"@id\":\"https:\/\/www.billin.net\/blog\/hacer-inventario-de-alquiler\/#breadcrumb\",\"itemListElement\":[{\"@type\":\"ListItem\",\"position\":1,\"name\":\"Blog\",\"item\":\"https:\/\/www.billin.net\/blog\/\"},{\"@type\":\"ListItem\",\"position\":2,\"name\":\"Negocios\",\"item\":\"https:\/\/www.billin.net\/blog\/negocios\/\"},{\"@type\":\"ListItem\",\"position\":3,\"name\":\"Inventario del alquiler: \u00bfQu\u00e9 es y c\u00f3mo se hace?\"}]},{\"@type\":\"WebSite\",\"@id\":\"https:\/\/www.billin.net\/blog\/#website\",\"url\":\"https:\/\/www.billin.net\/blog\/\",\"name\":\"Blog de Billin\",\"description\":\"Mantente informado con el blog de TeamSystem Facturas Billin:  facturaci\u00f3n, legislaci\u00f3n, contabilidad, management y toda la informaci\u00f3n \u00fatil para pymes y aut\u00f3nomos.\",\"publisher\":{\"@id\":\"https:\/\/www.billin.net\/blog\/#organization\"},\"potentialAction\":[{\"@type\":\"SearchAction\",\"target\":{\"@type\":\"EntryPoint\",\"urlTemplate\":\"https:\/\/www.billin.net\/blog\/?s={search_term_string}\"},\"query-input\":{\"@type\":\"PropertyValueSpecification\",\"valueRequired\":true,\"valueName\":\"search_term_string\"}}],\"inLanguage\":\"es\"},{\"@type\":\"Organization\",\"@id\":\"https:\/\/www.billin.net\/blog\/#organization\",\"name\":\"Billin\",\"alternateName\":\"Blog de Billin\",\"url\":\"https:\/\/www.billin.net\/blog\/\",\"logo\":{\"@type\":\"ImageObject\",\"inLanguage\":\"es\",\"@id\":\"https:\/\/www.billin.net\/blog\/#\/schema\/logo\/image\/\",\"url\":\"https:\/\/www.billin.net\/blog\/wp-content\/uploads\/2019\/06\/logotipo-billin-blog-1.png\",\"contentUrl\":\"https:\/\/www.billin.net\/blog\/wp-content\/uploads\/2019\/06\/logotipo-billin-blog-1.png\",\"width\":126,\"height\":50,\"caption\":\"Billin\"},\"image\":{\"@id\":\"https:\/\/www.billin.net\/blog\/#\/schema\/logo\/image\/\"},\"sameAs\":[\"https:\/\/www.facebook.com\/EsBillin\",\"https:\/\/x.com\/Billin_ES\",\"https:\/\/www.instagram.com\/billin_es\/\",\"https:\/\/www.linkedin.com\/company\/billin-spain\",\"https:\/\/www.youtube.com\/c\/BillinEsintercambiodefacturas\/\"],\"legalName\":\"MY EXPENSES SL\",\"contactPoint\":{\"@type\":\"ContactPoint\",\"telephone\":\"+34918318883\",\"contactType\":\"customer service\",\"email\":\"info@billin.eu\",\"availableLanguage\":\"es\"},\"foundingDate\":\"2015\",\"numberOfEmployees\":{\"@type\":\"QuantitativeValue\",\"minValue\":10,\"maxValue\":50},\"parentOrganization\":{\"@type\":\"Organization\",\"name\":\"TeamSystem\",\"url\":\"https:\/\/www.teamsystem.com\/\"},\"description\":\"Billin es el programa de facturaci\u00f3n online de TeamSystem para aut\u00f3nomos y pymes en Espa\u00f1a. Permite crear facturas, controlar gastos y cumplir con Verifactu.\",\"address\":{\"@type\":\"PostalAddress\",\"streetAddress\":\"Calle Arturo Soria, 336\",\"addressLocality\":\"Madrid\",\"addressRegion\":\"Madrid\",\"postalCode\":\"28033\",\"addressCountry\":\"ES\"}},{\"@type\":\"Person\",\"@id\":\"https:\/\/www.billin.net\/blog\/#\/schema\/person\/d0339ee6e869234614541b1e80a793e7\",\"name\":\"Marcos De La Cueva - CEO TeamSystem Facturas Billin\",\"image\":{\"@type\":\"ImageObject\",\"inLanguage\":\"es\",\"@id\":\"https:\/\/www.billin.net\/blog\/#\/schema\/person\/image\/\",\"url\":\"https:\/\/www.billin.net\/blog\/wp-content\/uploads\/2023\/10\/marcos-color-150x150.png\",\"contentUrl\":\"https:\/\/www.billin.net\/blog\/wp-content\/uploads\/2023\/10\/marcos-color-150x150.png\",\"caption\":\"Marcos De La Cueva - CEO TeamSystem Facturas Billin\"},\"description\":\"Licenciado en ADE por la Universidad Aut\u00f3noma de Madrid, Marcos De la Cueva es CEO y cofundador de TeamSystem Facturas Billin, un programa online que lleva m\u00e1s de 9 a\u00f1os ayudando a aut\u00f3nomos, peque\u00f1os negocios y gestor\u00edas a digitalizar sus presupuestos, facturas, tickets y gastos. \u00a0 Sobre Marcos De La Cueva \u00a0 Apasionado por el mundo empresarial y la tecnolog\u00eda, curs\u00f3 su M\u00e1ster de Finanzas en la Universidad Pontificia de Comillas y estuvo en el Programa de Cooperaci\u00f3n Educativa de la Universidad Aut\u00f3noma de Madrid. \u00a0 Marcos siempre ha tenido su objetivo claro: ayudar a la creaci\u00f3n de negocios financieramente sostenibles a trav\u00e9s de una herramienta de facturaci\u00f3n que les permita ahorrar tiempo y tener la contabilidad bajo control. \u00a0 Marcos De La Cueva en los medios \u2014 Noticia sobre Kit Digital y Ley Antifraude (VeriFactu) en El Economista. \u2014 Noticia sobre Kit Digital y factura electr\u00f3nica obligatoria en Diario Jur\u00eddico. \u2014 Noticia sobre el a\u00f1o de transici\u00f3n para la factura electr\u00f3nica en Muy Pymes. \u2014 Entrevista sobre factura electr\u00f3nica obligatoria en Canal Sur. \u2014 Noticia sobre el informe factura electr\u00f3nica de TeamSystem en Channel Partner. \u2014 Charla sobre productividad y Ley Crea y Crece en El Economista. \u2014 Charla sobre factura electr\u00f3nica obligatoria en Muy Pymes. \u2014 Charla sobre digitalizaci\u00f3n aut\u00f3nomos y productividad en esdiario. \u2014 Charla sobre productividad y factura electr\u00f3nica en La Raz\u00f3n. \u2014 Charla sobre factura electr\u00f3nica obligatoria en Aut\u00f3nomos y Emprendedores. \u2014 Entrevista sobre Ley Antifraude y Ley Crea y Crece en Expansi\u00f3n. \u2014 Entrevista sobre Ley Antifraude y Ley Crea y Crece en La Raz\u00f3n. \u2014 Entrevista sobre factura electr\u00f3nica obligatoria en El Economista. \u2014 Comunicado Billin y TeamSystem en Business Insider. \u2014 Entrevista en Econom\u00eda Digital. \u2014 Entrevista en Ideas para tu empresa de Vodafone. \u2014 Entrevista en M\u00e1sQradio. \u2014 Entrevista en Armas para emprender de El M\u00e9todo Gallardo. \u2014 Entrevista en KFund. \u2014 Entrevista en AXA Seguros Espa\u00f1a. \u2014 Entrevista en GestionaRadio. \u00a0 Marcos De La Cueva en eventos \u00a0 \u2014 Participaci\u00f3n como ponente en Accountex Espa\u00f1a 2023. \u00a0 Tem\u00e1ticas de especializaci\u00f3n \u00a0 negocios | startups | contabilidad| fiscalidad | empresas| asesor\u00edas| autonomos | emprendedores | peque\u00f1os negocios | econom\u00eda | ADE | pymes | desarrollo de negocio\u00a0\",\"sameAs\":[\"https:\/\/www.billin.net\/\",\"https:\/\/www.linkedin.com\/in\/marcos-de-la-cueva-19750ba3\/\"],\"url\":\"https:\/\/www.billin.net\/blog\/author\/marcosdelacueva\/\",\"jobTitle\":\"CEO y cofundador de TS Facturas Billin\"}]}<\/script>\n<!-- \/ Yoast SEO plugin. -->","yoast_head_json":{"title":"\u00bfC\u00f3mo hacer un Inventario de Alquiler? - TeamSystem Facturas Billin","description":"Si est\u00e1s pensando en alquilar tu piso te contamos como hacer un inventario de alquiler y por qu\u00e9 es importante documentar todo al detalle.","robots":{"index":"index","follow":"follow","max-snippet":"max-snippet:-1","max-image-preview":"max-image-preview:large","max-video-preview":"max-video-preview:-1"},"canonical":"https:\/\/www.billin.net\/blog\/hacer-inventario-de-alquiler\/","og_locale":"es_ES","og_type":"article","og_title":"\u00bfC\u00f3mo hacer un Inventario de Alquiler? - TeamSystem Facturas Billin","og_description":"Si est\u00e1s pensando en alquilar tu piso te contamos como hacer un inventario de alquiler y por qu\u00e9 es importante documentar todo al detalle.","og_url":"https:\/\/www.billin.net\/blog\/hacer-inventario-de-alquiler\/","og_site_name":"Blog de TeamSystem Facturas Billin","article_publisher":"https:\/\/www.facebook.com\/EsBillin","article_published_time":"2021-08-12T09:27:13+00:00","article_modified_time":"2025-09-25T18:40:28+00:00","og_image":[{"width":1280,"height":853,"url":"https:\/\/www.billin.net\/blog\/wp-content\/uploads\/2021\/08\/inventario-alquiler.jpg","type":"image\/jpeg"}],"author":"Marcos De La Cueva - CEO TeamSystem Facturas Billin","twitter_card":"summary_large_image","twitter_creator":"@Billin_ES","twitter_site":"@Billin_ES","twitter_misc":{"Escrito por":"Marcos De La Cueva - CEO TeamSystem Facturas Billin","Tiempo de lectura":"3 minutos"},"schema":{"@context":"https:\/\/schema.org","@graph":[{"@type":"Article","@id":"https:\/\/www.billin.net\/blog\/hacer-inventario-de-alquiler\/#article","isPartOf":{"@id":"https:\/\/www.billin.net\/blog\/hacer-inventario-de-alquiler\/"},"author":{"name":"Marcos De La Cueva - CEO TeamSystem Facturas Billin","@id":"https:\/\/www.billin.net\/blog\/#\/schema\/person\/d0339ee6e869234614541b1e80a793e7"},"headline":"Inventario del alquiler: \u00bfQu\u00e9 es y c\u00f3mo se hace?","datePublished":"2021-08-12T09:27:13+00:00","dateModified":"2025-09-25T18:40:28+00:00","mainEntityOfPage":{"@id":"https:\/\/www.billin.net\/blog\/hacer-inventario-de-alquiler\/"},"wordCount":496,"commentCount":0,"publisher":{"@id":"https:\/\/www.billin.net\/blog\/#organization"},"image":{"@id":"https:\/\/www.billin.net\/blog\/hacer-inventario-de-alquiler\/#primaryimage"},"thumbnailUrl":"https:\/\/www.billin.net\/blog\/wp-content\/uploads\/2021\/08\/inventario-alquiler.jpg","articleSection":["Negocios"],"inLanguage":"es","potentialAction":[{"@type":"CommentAction","name":"Comment","target":["https:\/\/www.billin.net\/blog\/hacer-inventario-de-alquiler\/#respond"]}]},{"@type":"WebPage","@id":"https:\/\/www.billin.net\/blog\/hacer-inventario-de-alquiler\/","url":"https:\/\/www.billin.net\/blog\/hacer-inventario-de-alquiler\/","name":"\u00bfC\u00f3mo hacer un Inventario de Alquiler? - TeamSystem Facturas Billin","isPartOf":{"@id":"https:\/\/www.billin.net\/blog\/#website"},"primaryImageOfPage":{"@id":"https:\/\/www.billin.net\/blog\/hacer-inventario-de-alquiler\/#primaryimage"},"image":{"@id":"https:\/\/www.billin.net\/blog\/hacer-inventario-de-alquiler\/#primaryimage"},"thumbnailUrl":"https:\/\/www.billin.net\/blog\/wp-content\/uploads\/2021\/08\/inventario-alquiler.jpg","datePublished":"2021-08-12T09:27:13+00:00","dateModified":"2025-09-25T18:40:28+00:00","description":"Si est\u00e1s pensando en alquilar tu piso te contamos como hacer un inventario de alquiler y por qu\u00e9 es importante documentar todo al detalle.","breadcrumb":{"@id":"https:\/\/www.billin.net\/blog\/hacer-inventario-de-alquiler\/#breadcrumb"},"inLanguage":"es","potentialAction":[{"@type":"ReadAction","target":["https:\/\/www.billin.net\/blog\/hacer-inventario-de-alquiler\/"]}]},{"@type":"ImageObject","inLanguage":"es","@id":"https:\/\/www.billin.net\/blog\/hacer-inventario-de-alquiler\/#primaryimage","url":"https:\/\/www.billin.net\/blog\/wp-content\/uploads\/2021\/08\/inventario-alquiler.jpg","contentUrl":"https:\/\/www.billin.net\/blog\/wp-content\/uploads\/2021\/08\/inventario-alquiler.jpg","width":1280,"height":853,"caption":"inventario de alquiler"},{"@type":"BreadcrumbList","@id":"https:\/\/www.billin.net\/blog\/hacer-inventario-de-alquiler\/#breadcrumb","itemListElement":[{"@type":"ListItem","position":1,"name":"Blog","item":"https:\/\/www.billin.net\/blog\/"},{"@type":"ListItem","position":2,"name":"Negocios","item":"https:\/\/www.billin.net\/blog\/negocios\/"},{"@type":"ListItem","position":3,"name":"Inventario del alquiler: \u00bfQu\u00e9 es y c\u00f3mo se hace?"}]},{"@type":"WebSite","@id":"https:\/\/www.billin.net\/blog\/#website","url":"https:\/\/www.billin.net\/blog\/","name":"Blog de Billin","description":"Mantente informado con el blog de TeamSystem Facturas Billin:  facturaci\u00f3n, legislaci\u00f3n, contabilidad, management y toda la informaci\u00f3n \u00fatil para pymes y aut\u00f3nomos.","publisher":{"@id":"https:\/\/www.billin.net\/blog\/#organization"},"potentialAction":[{"@type":"SearchAction","target":{"@type":"EntryPoint","urlTemplate":"https:\/\/www.billin.net\/blog\/?s={search_term_string}"},"query-input":{"@type":"PropertyValueSpecification","valueRequired":true,"valueName":"search_term_string"}}],"inLanguage":"es"},{"@type":"Organization","@id":"https:\/\/www.billin.net\/blog\/#organization","name":"Billin","alternateName":"Blog de Billin","url":"https:\/\/www.billin.net\/blog\/","logo":{"@type":"ImageObject","inLanguage":"es","@id":"https:\/\/www.billin.net\/blog\/#\/schema\/logo\/image\/","url":"https:\/\/www.billin.net\/blog\/wp-content\/uploads\/2019\/06\/logotipo-billin-blog-1.png","contentUrl":"https:\/\/www.billin.net\/blog\/wp-content\/uploads\/2019\/06\/logotipo-billin-blog-1.png","width":126,"height":50,"caption":"Billin"},"image":{"@id":"https:\/\/www.billin.net\/blog\/#\/schema\/logo\/image\/"},"sameAs":["https:\/\/www.facebook.com\/EsBillin","https:\/\/x.com\/Billin_ES","https:\/\/www.instagram.com\/billin_es\/","https:\/\/www.linkedin.com\/company\/billin-spain","https:\/\/www.youtube.com\/c\/BillinEsintercambiodefacturas\/"],"legalName":"MY EXPENSES SL","contactPoint":{"@type":"ContactPoint","telephone":"+34918318883","contactType":"customer service","email":"info@billin.eu","availableLanguage":"es"},"foundingDate":"2015","numberOfEmployees":{"@type":"QuantitativeValue","minValue":10,"maxValue":50},"parentOrganization":{"@type":"Organization","name":"TeamSystem","url":"https:\/\/www.teamsystem.com\/"},"description":"Billin es el programa de facturaci\u00f3n online de TeamSystem para aut\u00f3nomos y pymes en Espa\u00f1a. Permite crear facturas, controlar gastos y cumplir con Verifactu.","address":{"@type":"PostalAddress","streetAddress":"Calle Arturo Soria, 336","addressLocality":"Madrid","addressRegion":"Madrid","postalCode":"28033","addressCountry":"ES"}},{"@type":"Person","@id":"https:\/\/www.billin.net\/blog\/#\/schema\/person\/d0339ee6e869234614541b1e80a793e7","name":"Marcos De La Cueva - CEO TeamSystem Facturas Billin","image":{"@type":"ImageObject","inLanguage":"es","@id":"https:\/\/www.billin.net\/blog\/#\/schema\/person\/image\/","url":"https:\/\/www.billin.net\/blog\/wp-content\/uploads\/2023\/10\/marcos-color-150x150.png","contentUrl":"https:\/\/www.billin.net\/blog\/wp-content\/uploads\/2023\/10\/marcos-color-150x150.png","caption":"Marcos De La Cueva - CEO TeamSystem Facturas Billin"},"description":"Licenciado en ADE por la Universidad Aut\u00f3noma de Madrid, Marcos De la Cueva es CEO y cofundador de TeamSystem Facturas Billin, un programa online que lleva m\u00e1s de 9 a\u00f1os ayudando a aut\u00f3nomos, peque\u00f1os negocios y gestor\u00edas a digitalizar sus presupuestos, facturas, tickets y gastos. \u00a0 Sobre Marcos De La Cueva \u00a0 Apasionado por el mundo empresarial y la tecnolog\u00eda, curs\u00f3 su M\u00e1ster de Finanzas en la Universidad Pontificia de Comillas y estuvo en el Programa de Cooperaci\u00f3n Educativa de la Universidad Aut\u00f3noma de Madrid. \u00a0 Marcos siempre ha tenido su objetivo claro: ayudar a la creaci\u00f3n de negocios financieramente sostenibles a trav\u00e9s de una herramienta de facturaci\u00f3n que les permita ahorrar tiempo y tener la contabilidad bajo control. \u00a0 Marcos De La Cueva en los medios \u2014 Noticia sobre Kit Digital y Ley Antifraude (VeriFactu) en El Economista. \u2014 Noticia sobre Kit Digital y factura electr\u00f3nica obligatoria en Diario Jur\u00eddico. \u2014 Noticia sobre el a\u00f1o de transici\u00f3n para la factura electr\u00f3nica en Muy Pymes. \u2014 Entrevista sobre factura electr\u00f3nica obligatoria en Canal Sur. \u2014 Noticia sobre el informe factura electr\u00f3nica de TeamSystem en Channel Partner. \u2014 Charla sobre productividad y Ley Crea y Crece en El Economista. \u2014 Charla sobre factura electr\u00f3nica obligatoria en Muy Pymes. \u2014 Charla sobre digitalizaci\u00f3n aut\u00f3nomos y productividad en esdiario. \u2014 Charla sobre productividad y factura electr\u00f3nica en La Raz\u00f3n. \u2014 Charla sobre factura electr\u00f3nica obligatoria en Aut\u00f3nomos y Emprendedores. \u2014 Entrevista sobre Ley Antifraude y Ley Crea y Crece en Expansi\u00f3n. \u2014 Entrevista sobre Ley Antifraude y Ley Crea y Crece en La Raz\u00f3n. \u2014 Entrevista sobre factura electr\u00f3nica obligatoria en El Economista. \u2014 Comunicado Billin y TeamSystem en Business Insider. \u2014 Entrevista en Econom\u00eda Digital. \u2014 Entrevista en Ideas para tu empresa de Vodafone. \u2014 Entrevista en M\u00e1sQradio. \u2014 Entrevista en Armas para emprender de El M\u00e9todo Gallardo. \u2014 Entrevista en KFund. \u2014 Entrevista en AXA Seguros Espa\u00f1a. \u2014 Entrevista en GestionaRadio. \u00a0 Marcos De La Cueva en eventos \u00a0 \u2014 Participaci\u00f3n como ponente en Accountex Espa\u00f1a 2023. \u00a0 Tem\u00e1ticas de especializaci\u00f3n \u00a0 negocios | startups | contabilidad| fiscalidad | empresas| asesor\u00edas| autonomos | emprendedores | peque\u00f1os negocios | econom\u00eda | ADE | pymes | desarrollo de negocio\u00a0","sameAs":["https:\/\/www.billin.net\/","https:\/\/www.linkedin.com\/in\/marcos-de-la-cueva-19750ba3\/"],"url":"https:\/\/www.billin.net\/blog\/author\/marcosdelacueva\/","jobTitle":"CEO y cofundador de TS Facturas Billin"}]}},"_links":{"self":[{"href":"https:\/\/www.billin.net\/blog\/wp-json\/wp\/v2\/posts\/18070","targetHints":{"allow":["GET"]}}],"collection":[{"href":"https:\/\/www.billin.net\/blog\/wp-json\/wp\/v2\/posts"}],"about":[{"href":"https:\/\/www.billin.net\/blog\/wp-json\/wp\/v2\/types\/post"}],"author":[{"embeddable":true,"href":"https:\/\/www.billin.net\/blog\/wp-json\/wp\/v2\/users\/20"}],"replies":[{"embeddable":true,"href":"https:\/\/www.billin.net\/blog\/wp-json\/wp\/v2\/comments?post=18070"}],"version-history":[{"count":3,"href":"https:\/\/www.billin.net\/blog\/wp-json\/wp\/v2\/posts\/18070\/revisions"}],"predecessor-version":[{"id":26933,"href":"https:\/\/www.billin.net\/blog\/wp-json\/wp\/v2\/posts\/18070\/revisions\/26933"}],"wp:featuredmedia":[{"embeddable":true,"href":"https:\/\/www.billin.net\/blog\/wp-json\/wp\/v2\/media\/18071"}],"wp:attachment":[{"href":"https:\/\/www.billin.net\/blog\/wp-json\/wp\/v2\/media?parent=18070"}],"wp:term":[{"taxonomy":"category","embeddable":true,"href":"https:\/\/www.billin.net\/blog\/wp-json\/wp\/v2\/categories?post=18070"},{"taxonomy":"post_tag","embeddable":true,"href":"https:\/\/www.billin.net\/blog\/wp-json\/wp\/v2\/tags?post=18070"}],"curies":[{"name":"wp","href":"https:\/\/api.w.org\/{rel}","templated":true}]}}