{"id":18064,"date":"2021-08-12T10:22:20","date_gmt":"2021-08-12T08:22:20","guid":{"rendered":"https:\/\/www.billin.net\/blog\/?p=18064"},"modified":"2025-09-25T20:40:32","modified_gmt":"2025-09-25T18:40:32","slug":"vivienda-sostenible-alquilar","status":"publish","type":"post","link":"https:\/\/www.billin.net\/blog\/vivienda-sostenible-alquilar\/","title":{"rendered":"Caracter\u00edsticas de una vivienda sostenible para alquilar"},"content":{"rendered":"<p>La sostenibilidad en las viviendas es un factor que cada vez se tiene m\u00e1s en cuenta en las nuevas promociones inmobiliarias.<\/p>\n<p>Esto es especialmente relevante teniendo en cuenta el momento de crisis clim\u00e1tica en el que nos encontramos y que <strong>los edificios son los causantes del 40% de emisiones de gases contaminantes del planeta.<\/strong> M\u00e1s all\u00e1 de la responsabilidad medioambiental, una vivienda sostenible tambi\u00e9n es m\u00e1s rentable, ya que al ser m\u00e1s eficientes energ\u00e9ticamente, su valor de mercado es superior.<\/p>\n<p><!--more--><\/p>\n<p>Hay diferentes factores que determinan la sostenibilidad de un inmueble. Estos son algunos de los m\u00e1s destacados:<\/p>\n<h2>Localizaci\u00f3n de la vivienda<\/h2>\n<p>M\u00e1s all\u00e1 del gasto energ\u00e9tico del propio inmueble, tambi\u00e9n determina la sostenibilidad de una vivienda su proximidad a los servicios b\u00e1sicos. Si, por ejemplo, una casa tiene un consumo energ\u00e9tico bajo, pero est\u00e1 aislada y cada vez que su propietario tiene que ir a la compra debe desplazarse 30 kil\u00f3metros en coche, su sostenibilidad ser\u00e1 bastante cuestionable.<\/p>\n<p>Por otra parte, los inmuebles sostenibles tambi\u00e9n respetan el entorno natural durante su construcci\u00f3n.<\/p>\n<h2>Optimizaci\u00f3n energ\u00e9tica<\/h2>\n<p>Este punto tambi\u00e9n relacionado con la ubicaci\u00f3n de la vivienda. Es importante que el inmueble sea capaz de aprovechar al m\u00e1ximo la luz natural y sea capaz de conservar el calor y aislar el fr\u00edo para reducir el gasto en calefacci\u00f3n.<\/p>\n<h2>Utilizaci\u00f3n de energ\u00edas renovables<\/h2>\n<p>Aunque un inmueble gaste poca electricidad, si la energ\u00eda que consume proviene del carb\u00f3n -por poner un ejemplo- no est\u00e1 siendo absolutamente respetuoso con el medio ambiente.<\/p>\n<p>En los casos de m\u00e1xima sostenibilidad energ\u00e9tica, encontramos a las viviendas autosuficientes que se abastecen de energ\u00eda a trav\u00e9s de sus propias placas solares.<\/p>\n<p>M\u00e1s all\u00e1 del <a href=\"https:\/\/blog.holaluz.com\/como-tener-tu-propia-instalacion-de-autoconsumo-con-holaluz-sin-pagar-un-euro-mas\/\" target=\"_blank\" rel=\"noopener\">autoconsumo<\/a>, tambi\u00e9n hay compa\u00f1\u00edas el\u00e9ctricas que comercializan energ\u00eda 100% verde y que contribuyen a reducir la huella de carbono de sus usuarios.<\/p>\n<h2>La econom\u00eda circular en el sector inmobiliario<\/h2>\n<p>Los principios de la econom\u00eda circular intentan<strong> reducir la utilizaci\u00f3n de materiales \u2018v\u00edrgenes\u2019 y la generaci\u00f3n de desechos.<\/strong> Este concepto, aplicado al sector inmobiliario implica que los materiales que se usan en la construcci\u00f3n de los inmuebles se puedan reutilizar.<\/p>\n<p>Es por eso que usar programas en la nube como TeamSystem Facturas Billin, un <a href=\"https:\/\/www.billin.net\/\" target=\"_blank\" rel=\"noopener\">software de facturaci\u00f3n en la nube<\/a>, evitar\u00e1 gastar papel innecesariamente.<\/p>\n<h2>Electrodom\u00e9sticos con buena calificaci\u00f3n energ\u00e9tica<\/h2>\n<p>Este punto no forma parte de la construcci\u00f3n del inmueble ni de su funcionamiento, pero va impl\u00edcito para conseguir una vivienda sostenible.<\/p>\n<p>Los electrodom\u00e9sticos disponen de una etiqueta energ\u00e9tica en la que se indica cu\u00e1l es su consumo de energ\u00eda.<\/p>\n<p>La clasificaci\u00f3n se representa a trav\u00e9s de una escala comprendida entre la letra A (verde) y la G (rojo). En una vivienda sostenible se sobreentiende que los electrodom\u00e9sticos dispondr\u00e1n de una calificaci\u00f3n energ\u00e9tica razonablemente eficiente.<\/p>\n<p>Contar una vivienda sostenible para alquilar es importante, ya que contar\u00e1s con unos menores gastos y adem\u00e1s contribuir\u00e1s en la conservaci\u00f3n del planeta. Recuerda que debes tener el <a href=\"https:\/\/www.billin.net\/blog\/certificado-energetico-alquilar\/\" target=\"_blank\" rel=\"noopener\">certificado energ\u00e9tico para alquilar<\/a> cualquier inmueble.<\/p>\n","protected":false},"excerpt":{"rendered":"<p>La sostenibilidad en las viviendas es un factor que cada vez se tiene m\u00e1s en cuenta en las nuevas promociones inmobiliarias. Esto es especialmente relevante teniendo en cuenta el momento de crisis clim\u00e1tica en el que nos encontramos y que los edificios son los causantes del 40% de emisiones de gases contaminantes del planeta. M\u00e1s [&hellip;]<\/p>\n","protected":false},"author":20,"featured_media":18065,"comment_status":"open","ping_status":"open","sticky":false,"template":"","format":"standard","meta":{"_acf_changed":false,"_et_pb_use_builder":"","_et_pb_old_content":"","_et_gb_content_width":"","om_disable_all_campaigns":false,"inline_featured_image":false,"footnotes":""},"categories":[1023],"tags":[],"class_list":{"0":"post-18064","1":"post","2":"type-post","3":"status-publish","4":"format-standard","5":"has-post-thumbnail","7":"category-negocios"},"acf":{"selector_de_usuario":null,"fecha_de_revision":null},"yoast_head":"<!-- This site is optimized with the Yoast SEO plugin v27.1 - https:\/\/yoast.com\/product\/yoast-seo-wordpress\/ -->\n<title>Haz tu vivienda sostenible para alquilar m\u00e1s r\u00e1pido - TeamSystem Facturas Billin<\/title>\n<meta name=\"description\" content=\"Una vivienda sostenible tiene muchas ventajas y entre ellas destaca que es m\u00e1s f\u00e1cil de alquilar porque ofrece grandes ventajas.\" \/>\n<meta name=\"robots\" content=\"index, follow, max-snippet:-1, max-image-preview:large, max-video-preview:-1\" \/>\n<link rel=\"canonical\" href=\"https:\/\/www.billin.net\/blog\/vivienda-sostenible-alquilar\/\" \/>\n<meta property=\"og:locale\" content=\"es_ES\" \/>\n<meta property=\"og:type\" content=\"article\" \/>\n<meta property=\"og:title\" content=\"Haz tu vivienda sostenible para alquilar m\u00e1s r\u00e1pido - TeamSystem Facturas Billin\" \/>\n<meta property=\"og:description\" content=\"Una vivienda sostenible tiene muchas ventajas y entre ellas destaca que es m\u00e1s f\u00e1cil de alquilar porque ofrece grandes ventajas.\" \/>\n<meta property=\"og:url\" content=\"https:\/\/www.billin.net\/blog\/vivienda-sostenible-alquilar\/\" \/>\n<meta property=\"og:site_name\" content=\"Blog de TeamSystem Facturas Billin\" \/>\n<meta property=\"article:publisher\" content=\"https:\/\/www.facebook.com\/EsBillin\" \/>\n<meta property=\"article:published_time\" content=\"2021-08-12T08:22:20+00:00\" \/>\n<meta property=\"article:modified_time\" content=\"2025-09-25T18:40:32+00:00\" \/>\n<meta property=\"og:image\" content=\"https:\/\/www.billin.net\/blog\/wp-content\/uploads\/2021\/08\/vivienda-eficiente-energetica.jpg\" \/>\n\t<meta property=\"og:image:width\" content=\"1280\" \/>\n\t<meta property=\"og:image:height\" content=\"853\" \/>\n\t<meta property=\"og:image:type\" content=\"image\/jpeg\" \/>\n<meta name=\"author\" content=\"Marcos De La Cueva - CEO TeamSystem Facturas Billin\" \/>\n<meta name=\"twitter:card\" content=\"summary_large_image\" \/>\n<meta name=\"twitter:creator\" content=\"@Billin_ES\" \/>\n<meta name=\"twitter:site\" content=\"@Billin_ES\" \/>\n<meta name=\"twitter:label1\" content=\"Escrito por\" \/>\n\t<meta name=\"twitter:data1\" content=\"Marcos De La Cueva - CEO TeamSystem Facturas Billin\" \/>\n\t<meta name=\"twitter:label2\" content=\"Tiempo de lectura\" \/>\n\t<meta name=\"twitter:data2\" content=\"3 minutos\" \/>\n<script type=\"application\/ld+json\" class=\"yoast-schema-graph\">{\"@context\":\"https:\/\/schema.org\",\"@graph\":[{\"@type\":\"Article\",\"@id\":\"https:\/\/www.billin.net\/blog\/vivienda-sostenible-alquilar\/#article\",\"isPartOf\":{\"@id\":\"https:\/\/www.billin.net\/blog\/vivienda-sostenible-alquilar\/\"},\"author\":{\"name\":\"Marcos De La Cueva - CEO TeamSystem Facturas Billin\",\"@id\":\"https:\/\/www.billin.net\/blog\/#\/schema\/person\/d0339ee6e869234614541b1e80a793e7\"},\"headline\":\"Caracter\u00edsticas de una vivienda sostenible para alquilar\",\"datePublished\":\"2021-08-12T08:22:20+00:00\",\"dateModified\":\"2025-09-25T18:40:32+00:00\",\"mainEntityOfPage\":{\"@id\":\"https:\/\/www.billin.net\/blog\/vivienda-sostenible-alquilar\/\"},\"wordCount\":549,\"commentCount\":0,\"publisher\":{\"@id\":\"https:\/\/www.billin.net\/blog\/#organization\"},\"image\":{\"@id\":\"https:\/\/www.billin.net\/blog\/vivienda-sostenible-alquilar\/#primaryimage\"},\"thumbnailUrl\":\"https:\/\/www.billin.net\/blog\/wp-content\/uploads\/2021\/08\/vivienda-eficiente-energetica.jpg\",\"articleSection\":[\"Negocios\"],\"inLanguage\":\"es\",\"potentialAction\":[{\"@type\":\"CommentAction\",\"name\":\"Comment\",\"target\":[\"https:\/\/www.billin.net\/blog\/vivienda-sostenible-alquilar\/#respond\"]}]},{\"@type\":\"WebPage\",\"@id\":\"https:\/\/www.billin.net\/blog\/vivienda-sostenible-alquilar\/\",\"url\":\"https:\/\/www.billin.net\/blog\/vivienda-sostenible-alquilar\/\",\"name\":\"Haz tu vivienda sostenible para alquilar m\u00e1s r\u00e1pido - TeamSystem Facturas Billin\",\"isPartOf\":{\"@id\":\"https:\/\/www.billin.net\/blog\/#website\"},\"primaryImageOfPage\":{\"@id\":\"https:\/\/www.billin.net\/blog\/vivienda-sostenible-alquilar\/#primaryimage\"},\"image\":{\"@id\":\"https:\/\/www.billin.net\/blog\/vivienda-sostenible-alquilar\/#primaryimage\"},\"thumbnailUrl\":\"https:\/\/www.billin.net\/blog\/wp-content\/uploads\/2021\/08\/vivienda-eficiente-energetica.jpg\",\"datePublished\":\"2021-08-12T08:22:20+00:00\",\"dateModified\":\"2025-09-25T18:40:32+00:00\",\"description\":\"Una vivienda sostenible tiene muchas ventajas y entre ellas destaca que es m\u00e1s f\u00e1cil de alquilar porque ofrece grandes ventajas.\",\"breadcrumb\":{\"@id\":\"https:\/\/www.billin.net\/blog\/vivienda-sostenible-alquilar\/#breadcrumb\"},\"inLanguage\":\"es\",\"potentialAction\":[{\"@type\":\"ReadAction\",\"target\":[\"https:\/\/www.billin.net\/blog\/vivienda-sostenible-alquilar\/\"]}]},{\"@type\":\"ImageObject\",\"inLanguage\":\"es\",\"@id\":\"https:\/\/www.billin.net\/blog\/vivienda-sostenible-alquilar\/#primaryimage\",\"url\":\"https:\/\/www.billin.net\/blog\/wp-content\/uploads\/2021\/08\/vivienda-eficiente-energetica.jpg\",\"contentUrl\":\"https:\/\/www.billin.net\/blog\/wp-content\/uploads\/2021\/08\/vivienda-eficiente-energetica.jpg\",\"width\":1280,\"height\":853,\"caption\":\"vivienda sostenible alquiler\"},{\"@type\":\"BreadcrumbList\",\"@id\":\"https:\/\/www.billin.net\/blog\/vivienda-sostenible-alquilar\/#breadcrumb\",\"itemListElement\":[{\"@type\":\"ListItem\",\"position\":1,\"name\":\"Blog\",\"item\":\"https:\/\/www.billin.net\/blog\/\"},{\"@type\":\"ListItem\",\"position\":2,\"name\":\"Negocios\",\"item\":\"https:\/\/www.billin.net\/blog\/negocios\/\"},{\"@type\":\"ListItem\",\"position\":3,\"name\":\"Caracter\u00edsticas de una vivienda sostenible para alquilar\"}]},{\"@type\":\"WebSite\",\"@id\":\"https:\/\/www.billin.net\/blog\/#website\",\"url\":\"https:\/\/www.billin.net\/blog\/\",\"name\":\"Blog de Billin\",\"description\":\"Mantente informado con el blog de TeamSystem Facturas Billin:  facturaci\u00f3n, legislaci\u00f3n, contabilidad, management y toda la informaci\u00f3n \u00fatil para pymes y aut\u00f3nomos.\",\"publisher\":{\"@id\":\"https:\/\/www.billin.net\/blog\/#organization\"},\"potentialAction\":[{\"@type\":\"SearchAction\",\"target\":{\"@type\":\"EntryPoint\",\"urlTemplate\":\"https:\/\/www.billin.net\/blog\/?s={search_term_string}\"},\"query-input\":{\"@type\":\"PropertyValueSpecification\",\"valueRequired\":true,\"valueName\":\"search_term_string\"}}],\"inLanguage\":\"es\"},{\"@type\":\"Organization\",\"@id\":\"https:\/\/www.billin.net\/blog\/#organization\",\"name\":\"Billin\",\"alternateName\":\"Blog de Billin\",\"url\":\"https:\/\/www.billin.net\/blog\/\",\"logo\":{\"@type\":\"ImageObject\",\"inLanguage\":\"es\",\"@id\":\"https:\/\/www.billin.net\/blog\/#\/schema\/logo\/image\/\",\"url\":\"https:\/\/www.billin.net\/blog\/wp-content\/uploads\/2019\/06\/logotipo-billin-blog-1.png\",\"contentUrl\":\"https:\/\/www.billin.net\/blog\/wp-content\/uploads\/2019\/06\/logotipo-billin-blog-1.png\",\"width\":126,\"height\":50,\"caption\":\"Billin\"},\"image\":{\"@id\":\"https:\/\/www.billin.net\/blog\/#\/schema\/logo\/image\/\"},\"sameAs\":[\"https:\/\/www.facebook.com\/EsBillin\",\"https:\/\/x.com\/Billin_ES\",\"https:\/\/www.instagram.com\/billin_es\/\",\"https:\/\/www.linkedin.com\/company\/billin-spain\",\"https:\/\/www.youtube.com\/c\/BillinEsintercambiodefacturas\/\"],\"legalName\":\"MY EXPENSES SL\",\"contactPoint\":{\"@type\":\"ContactPoint\",\"telephone\":\"+34918318883\",\"contactType\":\"customer service\",\"email\":\"info@billin.eu\",\"availableLanguage\":\"es\"},\"foundingDate\":\"2015\",\"numberOfEmployees\":{\"@type\":\"QuantitativeValue\",\"minValue\":10,\"maxValue\":50},\"parentOrganization\":{\"@type\":\"Organization\",\"name\":\"TeamSystem\",\"url\":\"https:\/\/www.teamsystem.com\/\"},\"description\":\"Billin es el programa de facturaci\u00f3n online de TeamSystem para aut\u00f3nomos y pymes en Espa\u00f1a. Permite crear facturas, controlar gastos y cumplir con Verifactu.\",\"address\":{\"@type\":\"PostalAddress\",\"streetAddress\":\"Calle Arturo Soria, 336\",\"addressLocality\":\"Madrid\",\"addressRegion\":\"Madrid\",\"postalCode\":\"28033\",\"addressCountry\":\"ES\"}},{\"@type\":\"Person\",\"@id\":\"https:\/\/www.billin.net\/blog\/#\/schema\/person\/d0339ee6e869234614541b1e80a793e7\",\"name\":\"Marcos De La Cueva - CEO TeamSystem Facturas Billin\",\"image\":{\"@type\":\"ImageObject\",\"inLanguage\":\"es\",\"@id\":\"https:\/\/www.billin.net\/blog\/#\/schema\/person\/image\/\",\"url\":\"https:\/\/www.billin.net\/blog\/wp-content\/uploads\/2023\/10\/marcos-color-150x150.png\",\"contentUrl\":\"https:\/\/www.billin.net\/blog\/wp-content\/uploads\/2023\/10\/marcos-color-150x150.png\",\"caption\":\"Marcos De La Cueva - CEO TeamSystem Facturas Billin\"},\"description\":\"Licenciado en ADE por la Universidad Aut\u00f3noma de Madrid, Marcos De la Cueva es CEO y cofundador de TeamSystem Facturas Billin, un programa online que lleva m\u00e1s de 9 a\u00f1os ayudando a aut\u00f3nomos, peque\u00f1os negocios y gestor\u00edas a digitalizar sus presupuestos, facturas, tickets y gastos. \u00a0 Sobre Marcos De La Cueva \u00a0 Apasionado por el mundo empresarial y la tecnolog\u00eda, curs\u00f3 su M\u00e1ster de Finanzas en la Universidad Pontificia de Comillas y estuvo en el Programa de Cooperaci\u00f3n Educativa de la Universidad Aut\u00f3noma de Madrid. \u00a0 Marcos siempre ha tenido su objetivo claro: ayudar a la creaci\u00f3n de negocios financieramente sostenibles a trav\u00e9s de una herramienta de facturaci\u00f3n que les permita ahorrar tiempo y tener la contabilidad bajo control. \u00a0 Marcos De La Cueva en los medios \u2014 Noticia sobre Kit Digital y Ley Antifraude (VeriFactu) en El Economista. \u2014 Noticia sobre Kit Digital y factura electr\u00f3nica obligatoria en Diario Jur\u00eddico. \u2014 Noticia sobre el a\u00f1o de transici\u00f3n para la factura electr\u00f3nica en Muy Pymes. \u2014 Entrevista sobre factura electr\u00f3nica obligatoria en Canal Sur. \u2014 Noticia sobre el informe factura electr\u00f3nica de TeamSystem en Channel Partner. \u2014 Charla sobre productividad y Ley Crea y Crece en El Economista. \u2014 Charla sobre factura electr\u00f3nica obligatoria en Muy Pymes. \u2014 Charla sobre digitalizaci\u00f3n aut\u00f3nomos y productividad en esdiario. \u2014 Charla sobre productividad y factura electr\u00f3nica en La Raz\u00f3n. \u2014 Charla sobre factura electr\u00f3nica obligatoria en Aut\u00f3nomos y Emprendedores. \u2014 Entrevista sobre Ley Antifraude y Ley Crea y Crece en Expansi\u00f3n. \u2014 Entrevista sobre Ley Antifraude y Ley Crea y Crece en La Raz\u00f3n. \u2014 Entrevista sobre factura electr\u00f3nica obligatoria en El Economista. \u2014 Comunicado Billin y TeamSystem en Business Insider. \u2014 Entrevista en Econom\u00eda Digital. \u2014 Entrevista en Ideas para tu empresa de Vodafone. \u2014 Entrevista en M\u00e1sQradio. \u2014 Entrevista en Armas para emprender de El M\u00e9todo Gallardo. \u2014 Entrevista en KFund. \u2014 Entrevista en AXA Seguros Espa\u00f1a. \u2014 Entrevista en GestionaRadio. \u00a0 Marcos De La Cueva en eventos \u00a0 \u2014 Participaci\u00f3n como ponente en Accountex Espa\u00f1a 2023. \u00a0 Tem\u00e1ticas de especializaci\u00f3n \u00a0 negocios | startups | contabilidad| fiscalidad | empresas| asesor\u00edas| autonomos | emprendedores | peque\u00f1os negocios | econom\u00eda | ADE | pymes | desarrollo de negocio\u00a0\",\"sameAs\":[\"https:\/\/www.billin.net\/\",\"https:\/\/www.linkedin.com\/in\/marcos-de-la-cueva-19750ba3\/\"],\"url\":\"https:\/\/www.billin.net\/blog\/author\/marcosdelacueva\/\",\"jobTitle\":\"CEO y cofundador de TS Facturas Billin\"}]}<\/script>\n<!-- \/ Yoast SEO plugin. -->","yoast_head_json":{"title":"Haz tu vivienda sostenible para alquilar m\u00e1s r\u00e1pido - TeamSystem Facturas Billin","description":"Una vivienda sostenible tiene muchas ventajas y entre ellas destaca que es m\u00e1s f\u00e1cil de alquilar porque ofrece grandes ventajas.","robots":{"index":"index","follow":"follow","max-snippet":"max-snippet:-1","max-image-preview":"max-image-preview:large","max-video-preview":"max-video-preview:-1"},"canonical":"https:\/\/www.billin.net\/blog\/vivienda-sostenible-alquilar\/","og_locale":"es_ES","og_type":"article","og_title":"Haz tu vivienda sostenible para alquilar m\u00e1s r\u00e1pido - TeamSystem Facturas Billin","og_description":"Una vivienda sostenible tiene muchas ventajas y entre ellas destaca que es m\u00e1s f\u00e1cil de alquilar porque ofrece grandes ventajas.","og_url":"https:\/\/www.billin.net\/blog\/vivienda-sostenible-alquilar\/","og_site_name":"Blog de TeamSystem Facturas Billin","article_publisher":"https:\/\/www.facebook.com\/EsBillin","article_published_time":"2021-08-12T08:22:20+00:00","article_modified_time":"2025-09-25T18:40:32+00:00","og_image":[{"width":1280,"height":853,"url":"https:\/\/www.billin.net\/blog\/wp-content\/uploads\/2021\/08\/vivienda-eficiente-energetica.jpg","type":"image\/jpeg"}],"author":"Marcos De La Cueva - CEO TeamSystem Facturas Billin","twitter_card":"summary_large_image","twitter_creator":"@Billin_ES","twitter_site":"@Billin_ES","twitter_misc":{"Escrito por":"Marcos De La Cueva - CEO TeamSystem Facturas Billin","Tiempo de lectura":"3 minutos"},"schema":{"@context":"https:\/\/schema.org","@graph":[{"@type":"Article","@id":"https:\/\/www.billin.net\/blog\/vivienda-sostenible-alquilar\/#article","isPartOf":{"@id":"https:\/\/www.billin.net\/blog\/vivienda-sostenible-alquilar\/"},"author":{"name":"Marcos De La Cueva - CEO TeamSystem Facturas Billin","@id":"https:\/\/www.billin.net\/blog\/#\/schema\/person\/d0339ee6e869234614541b1e80a793e7"},"headline":"Caracter\u00edsticas de una vivienda sostenible para alquilar","datePublished":"2021-08-12T08:22:20+00:00","dateModified":"2025-09-25T18:40:32+00:00","mainEntityOfPage":{"@id":"https:\/\/www.billin.net\/blog\/vivienda-sostenible-alquilar\/"},"wordCount":549,"commentCount":0,"publisher":{"@id":"https:\/\/www.billin.net\/blog\/#organization"},"image":{"@id":"https:\/\/www.billin.net\/blog\/vivienda-sostenible-alquilar\/#primaryimage"},"thumbnailUrl":"https:\/\/www.billin.net\/blog\/wp-content\/uploads\/2021\/08\/vivienda-eficiente-energetica.jpg","articleSection":["Negocios"],"inLanguage":"es","potentialAction":[{"@type":"CommentAction","name":"Comment","target":["https:\/\/www.billin.net\/blog\/vivienda-sostenible-alquilar\/#respond"]}]},{"@type":"WebPage","@id":"https:\/\/www.billin.net\/blog\/vivienda-sostenible-alquilar\/","url":"https:\/\/www.billin.net\/blog\/vivienda-sostenible-alquilar\/","name":"Haz tu vivienda sostenible para alquilar m\u00e1s r\u00e1pido - TeamSystem Facturas Billin","isPartOf":{"@id":"https:\/\/www.billin.net\/blog\/#website"},"primaryImageOfPage":{"@id":"https:\/\/www.billin.net\/blog\/vivienda-sostenible-alquilar\/#primaryimage"},"image":{"@id":"https:\/\/www.billin.net\/blog\/vivienda-sostenible-alquilar\/#primaryimage"},"thumbnailUrl":"https:\/\/www.billin.net\/blog\/wp-content\/uploads\/2021\/08\/vivienda-eficiente-energetica.jpg","datePublished":"2021-08-12T08:22:20+00:00","dateModified":"2025-09-25T18:40:32+00:00","description":"Una vivienda sostenible tiene muchas ventajas y entre ellas destaca que es m\u00e1s f\u00e1cil de alquilar porque ofrece grandes ventajas.","breadcrumb":{"@id":"https:\/\/www.billin.net\/blog\/vivienda-sostenible-alquilar\/#breadcrumb"},"inLanguage":"es","potentialAction":[{"@type":"ReadAction","target":["https:\/\/www.billin.net\/blog\/vivienda-sostenible-alquilar\/"]}]},{"@type":"ImageObject","inLanguage":"es","@id":"https:\/\/www.billin.net\/blog\/vivienda-sostenible-alquilar\/#primaryimage","url":"https:\/\/www.billin.net\/blog\/wp-content\/uploads\/2021\/08\/vivienda-eficiente-energetica.jpg","contentUrl":"https:\/\/www.billin.net\/blog\/wp-content\/uploads\/2021\/08\/vivienda-eficiente-energetica.jpg","width":1280,"height":853,"caption":"vivienda sostenible alquiler"},{"@type":"BreadcrumbList","@id":"https:\/\/www.billin.net\/blog\/vivienda-sostenible-alquilar\/#breadcrumb","itemListElement":[{"@type":"ListItem","position":1,"name":"Blog","item":"https:\/\/www.billin.net\/blog\/"},{"@type":"ListItem","position":2,"name":"Negocios","item":"https:\/\/www.billin.net\/blog\/negocios\/"},{"@type":"ListItem","position":3,"name":"Caracter\u00edsticas de una vivienda sostenible para alquilar"}]},{"@type":"WebSite","@id":"https:\/\/www.billin.net\/blog\/#website","url":"https:\/\/www.billin.net\/blog\/","name":"Blog de Billin","description":"Mantente informado con el blog de TeamSystem Facturas Billin:  facturaci\u00f3n, legislaci\u00f3n, contabilidad, management y toda la informaci\u00f3n \u00fatil para pymes y aut\u00f3nomos.","publisher":{"@id":"https:\/\/www.billin.net\/blog\/#organization"},"potentialAction":[{"@type":"SearchAction","target":{"@type":"EntryPoint","urlTemplate":"https:\/\/www.billin.net\/blog\/?s={search_term_string}"},"query-input":{"@type":"PropertyValueSpecification","valueRequired":true,"valueName":"search_term_string"}}],"inLanguage":"es"},{"@type":"Organization","@id":"https:\/\/www.billin.net\/blog\/#organization","name":"Billin","alternateName":"Blog de Billin","url":"https:\/\/www.billin.net\/blog\/","logo":{"@type":"ImageObject","inLanguage":"es","@id":"https:\/\/www.billin.net\/blog\/#\/schema\/logo\/image\/","url":"https:\/\/www.billin.net\/blog\/wp-content\/uploads\/2019\/06\/logotipo-billin-blog-1.png","contentUrl":"https:\/\/www.billin.net\/blog\/wp-content\/uploads\/2019\/06\/logotipo-billin-blog-1.png","width":126,"height":50,"caption":"Billin"},"image":{"@id":"https:\/\/www.billin.net\/blog\/#\/schema\/logo\/image\/"},"sameAs":["https:\/\/www.facebook.com\/EsBillin","https:\/\/x.com\/Billin_ES","https:\/\/www.instagram.com\/billin_es\/","https:\/\/www.linkedin.com\/company\/billin-spain","https:\/\/www.youtube.com\/c\/BillinEsintercambiodefacturas\/"],"legalName":"MY EXPENSES SL","contactPoint":{"@type":"ContactPoint","telephone":"+34918318883","contactType":"customer service","email":"info@billin.eu","availableLanguage":"es"},"foundingDate":"2015","numberOfEmployees":{"@type":"QuantitativeValue","minValue":10,"maxValue":50},"parentOrganization":{"@type":"Organization","name":"TeamSystem","url":"https:\/\/www.teamsystem.com\/"},"description":"Billin es el programa de facturaci\u00f3n online de TeamSystem para aut\u00f3nomos y pymes en Espa\u00f1a. Permite crear facturas, controlar gastos y cumplir con Verifactu.","address":{"@type":"PostalAddress","streetAddress":"Calle Arturo Soria, 336","addressLocality":"Madrid","addressRegion":"Madrid","postalCode":"28033","addressCountry":"ES"}},{"@type":"Person","@id":"https:\/\/www.billin.net\/blog\/#\/schema\/person\/d0339ee6e869234614541b1e80a793e7","name":"Marcos De La Cueva - CEO TeamSystem Facturas Billin","image":{"@type":"ImageObject","inLanguage":"es","@id":"https:\/\/www.billin.net\/blog\/#\/schema\/person\/image\/","url":"https:\/\/www.billin.net\/blog\/wp-content\/uploads\/2023\/10\/marcos-color-150x150.png","contentUrl":"https:\/\/www.billin.net\/blog\/wp-content\/uploads\/2023\/10\/marcos-color-150x150.png","caption":"Marcos De La Cueva - CEO TeamSystem Facturas Billin"},"description":"Licenciado en ADE por la Universidad Aut\u00f3noma de Madrid, Marcos De la Cueva es CEO y cofundador de TeamSystem Facturas Billin, un programa online que lleva m\u00e1s de 9 a\u00f1os ayudando a aut\u00f3nomos, peque\u00f1os negocios y gestor\u00edas a digitalizar sus presupuestos, facturas, tickets y gastos. \u00a0 Sobre Marcos De La Cueva \u00a0 Apasionado por el mundo empresarial y la tecnolog\u00eda, curs\u00f3 su M\u00e1ster de Finanzas en la Universidad Pontificia de Comillas y estuvo en el Programa de Cooperaci\u00f3n Educativa de la Universidad Aut\u00f3noma de Madrid. \u00a0 Marcos siempre ha tenido su objetivo claro: ayudar a la creaci\u00f3n de negocios financieramente sostenibles a trav\u00e9s de una herramienta de facturaci\u00f3n que les permita ahorrar tiempo y tener la contabilidad bajo control. \u00a0 Marcos De La Cueva en los medios \u2014 Noticia sobre Kit Digital y Ley Antifraude (VeriFactu) en El Economista. \u2014 Noticia sobre Kit Digital y factura electr\u00f3nica obligatoria en Diario Jur\u00eddico. \u2014 Noticia sobre el a\u00f1o de transici\u00f3n para la factura electr\u00f3nica en Muy Pymes. \u2014 Entrevista sobre factura electr\u00f3nica obligatoria en Canal Sur. \u2014 Noticia sobre el informe factura electr\u00f3nica de TeamSystem en Channel Partner. \u2014 Charla sobre productividad y Ley Crea y Crece en El Economista. \u2014 Charla sobre factura electr\u00f3nica obligatoria en Muy Pymes. \u2014 Charla sobre digitalizaci\u00f3n aut\u00f3nomos y productividad en esdiario. \u2014 Charla sobre productividad y factura electr\u00f3nica en La Raz\u00f3n. \u2014 Charla sobre factura electr\u00f3nica obligatoria en Aut\u00f3nomos y Emprendedores. \u2014 Entrevista sobre Ley Antifraude y Ley Crea y Crece en Expansi\u00f3n. \u2014 Entrevista sobre Ley Antifraude y Ley Crea y Crece en La Raz\u00f3n. \u2014 Entrevista sobre factura electr\u00f3nica obligatoria en El Economista. \u2014 Comunicado Billin y TeamSystem en Business Insider. \u2014 Entrevista en Econom\u00eda Digital. \u2014 Entrevista en Ideas para tu empresa de Vodafone. \u2014 Entrevista en M\u00e1sQradio. \u2014 Entrevista en Armas para emprender de El M\u00e9todo Gallardo. \u2014 Entrevista en KFund. \u2014 Entrevista en AXA Seguros Espa\u00f1a. \u2014 Entrevista en GestionaRadio. \u00a0 Marcos De La Cueva en eventos \u00a0 \u2014 Participaci\u00f3n como ponente en Accountex Espa\u00f1a 2023. \u00a0 Tem\u00e1ticas de especializaci\u00f3n \u00a0 negocios | startups | contabilidad| fiscalidad | empresas| asesor\u00edas| autonomos | emprendedores | peque\u00f1os negocios | econom\u00eda | ADE | pymes | desarrollo de negocio\u00a0","sameAs":["https:\/\/www.billin.net\/","https:\/\/www.linkedin.com\/in\/marcos-de-la-cueva-19750ba3\/"],"url":"https:\/\/www.billin.net\/blog\/author\/marcosdelacueva\/","jobTitle":"CEO y cofundador de TS Facturas Billin"}]}},"_links":{"self":[{"href":"https:\/\/www.billin.net\/blog\/wp-json\/wp\/v2\/posts\/18064","targetHints":{"allow":["GET"]}}],"collection":[{"href":"https:\/\/www.billin.net\/blog\/wp-json\/wp\/v2\/posts"}],"about":[{"href":"https:\/\/www.billin.net\/blog\/wp-json\/wp\/v2\/types\/post"}],"author":[{"embeddable":true,"href":"https:\/\/www.billin.net\/blog\/wp-json\/wp\/v2\/users\/20"}],"replies":[{"embeddable":true,"href":"https:\/\/www.billin.net\/blog\/wp-json\/wp\/v2\/comments?post=18064"}],"version-history":[{"count":4,"href":"https:\/\/www.billin.net\/blog\/wp-json\/wp\/v2\/posts\/18064\/revisions"}],"predecessor-version":[{"id":26935,"href":"https:\/\/www.billin.net\/blog\/wp-json\/wp\/v2\/posts\/18064\/revisions\/26935"}],"wp:featuredmedia":[{"embeddable":true,"href":"https:\/\/www.billin.net\/blog\/wp-json\/wp\/v2\/media\/18065"}],"wp:attachment":[{"href":"https:\/\/www.billin.net\/blog\/wp-json\/wp\/v2\/media?parent=18064"}],"wp:term":[{"taxonomy":"category","embeddable":true,"href":"https:\/\/www.billin.net\/blog\/wp-json\/wp\/v2\/categories?post=18064"},{"taxonomy":"post_tag","embeddable":true,"href":"https:\/\/www.billin.net\/blog\/wp-json\/wp\/v2\/tags?post=18064"}],"curies":[{"name":"wp","href":"https:\/\/api.w.org\/{rel}","templated":true}]}}