{"id":18034,"date":"2021-08-04T00:00:00","date_gmt":"2021-08-03T22:00:00","guid":{"rendered":"https:\/\/www.billin.net\/blog\/?p=18034"},"modified":"2025-09-25T20:40:45","modified_gmt":"2025-09-25T18:40:45","slug":"ayudas-rehabilitacion-rural-urbana","status":"publish","type":"post","link":"https:\/\/www.billin.net\/blog\/ayudas-rehabilitacion-rural-urbana\/","title":{"rendered":"Subvenciones para la rehabilitaci\u00f3n rural y urbana en las viviendas"},"content":{"rendered":"<p>Te contamos todo sobre las ayudas para la <strong>rehabilitaci\u00f3n rural y urbana<\/strong> en las viviendas en Espa\u00f1a. Sique leyendo porque esto te interesa, tanto si eres un particular como si eres un negocio que quiere <a href=\"https:\/\/www.billin.net\/blog\/conseguir-obras-empresa-reforma\/\" target=\"_blank\" rel=\"noopener noreferrer\">conseguir m\u00e1s obras para su empresa<\/a>.<\/p>\n<p><!--more--><\/p>\n<p>Las ayudas para la <strong>rehabilitaci\u00f3n rural y urbana<\/strong> de viviendas vienen incluidas en el <strong>Plan de Viviendas 2018-2021<\/strong>, diversificadas en cuatro programas diferentes, que son:<\/p>\n<ul>\n<li>Rehabilitar viviendas para ponerlas en alquiler<\/li>\n<li>Mejorar la eficiencia energ\u00e9tica de una vivienda<\/li>\n<li>Mejorar la accesibilidad y seguridad de una vivienda<\/li>\n<li>Regenerar y renovar los espacios rurales y urbanos de tu zona<\/li>\n<\/ul>\n<h2><strong>Ley de rehabilitaci\u00f3n regeneraci\u00f3n y renovaci\u00f3n urbanas<\/strong><\/h2>\n<p>El objetivo de la <a href=\"https:\/\/www.billin.net\/blog\/ayudas-rehabilitacion-vivienda\/\"><strong>Ley de rehabilitaci\u00f3n, generaci\u00f3n y renovaci\u00f3n urbana<\/strong><\/a>, es regular las condiciones b\u00e1sicas que garanticen un desarrollo sostenible, competitivo y eficiente de las zonas urbanas, lo cual, se lleva a cabo mediante el impulso y fomento de actuaciones para la <strong>rehabilitaci\u00f3n urbana<\/strong>, de manera que se asegure a los ciudadanos una vivienda digna y adecuada.<\/p>\n<p>Podr\u00e1n ser beneficiarios de estas subvenciones las personas propietarias o arrendatarias (siempre que haya una compensaci\u00f3n entre el coste de la obra y los pagos de alquiler), adem\u00e1s los ingresos de la unidad de convivencia de los residentes no pueden exceder de 5,50 veces el IPREM ni haberse beneficiado de esta misma ayuda en los tres a\u00f1os anteriores.<\/p>\n<h2><strong>Beneficiarios de las subvenciones para la rehabilitaci\u00f3n rural y urbana<\/strong><\/h2>\n<p>Los interesados en beneficiarse de las subvenciones para la rehabilitaci\u00f3n urbana y rural tendr\u00e1n que presentar la solicitud correspondiente y el Informe t\u00e9cnico requerido seg\u00fan los requisitos establecidos por la <em>Delegaci\u00f3n Territorial de Fomento, Infraestructuras, Ordenaci\u00f3n del Territorio, Cultura y Patrimonio Hist\u00f3rico<\/em>.<\/p>\n<p>Una vez analizadas las solicitudes presentadas se publicar\u00e1 un listado de beneficiarios provisionales y suplentes, los cuales, tendr\u00e1n que tramitar la alegaci\u00f3n o aceptaci\u00f3n y presentar todos los documentos requeridos para la rehabilitaci\u00f3n de viviendas.<\/p>\n<p>Por \u00faltimo, se publicar\u00e1 la resoluci\u00f3n definitiva sobre los beneficiarios de las ayudas de <strong>rehabilitaci\u00f3n urbana<\/strong>, los cuales, tendr\u00e1n que cumplir una serie de obligaciones seg\u00fan la ejecuci\u00f3n del proyecto:<\/p>\n<ul>\n<li>Inicio del proyecto<\/li>\n<li>Ejecuci\u00f3n del proyecto<\/li>\n<li>Finalizaci\u00f3n de obras<\/li>\n<li>Abono y justificaci\u00f3n<\/li>\n<\/ul>\n<h2><strong>Requisitos de los arrendamientos para las ayudas de rehabilitaci\u00f3n rural y urbana<\/strong><\/h2>\n<p>Estas ayudas p\u00fablicas de <strong>rehabilitaci\u00f3n urbana y rural<\/strong>, est\u00e1n pensadas para propietarios de viviendas que alquilen o cedan su uso a un tercero.<\/p>\n<p>Los requisitos que deben cumplir estas viviendas son:<\/p>\n<ul>\n<li>Tienen que ceder su uso durante al menos 25 a\u00f1os.<\/li>\n<li>Este uso se debe recoger en una nota marginal del <a href=\"https:\/\/www.billin.net\/blog\/registro-la-propiedad\/\">Registro de la Propiedad<\/a>.<\/li>\n<li>Debe tener eficiencia energ\u00e9tica B.<\/li>\n<li>La cantidad m\u00e1xima por vivienda ser\u00e1 36.750 euros, pero no podr\u00e1 ser superior al 50% de la inversi\u00f3n total.<\/li>\n<li>Los arrendatarios o inquilinos de estas viviendas no pueden tener ingresos superiores 20.336,40 euros anuales, es decir, 3 veces el IPREM. Pudiendo llegar el l\u00edmite de ingresos a 4 veces el IPREM si son familia numerosa o si vive alg\u00fan discapacitado y a 5 veces el IPREM si es familia numerosa especial o vive una persona con una discapacidad tipificada por la Ley para estos casos.<\/li>\n<li>Las obras de rehabilitaci\u00f3n<strong> se deben llevar a cabo en un m\u00e1ximo de 30 meses desde la concesi\u00f3n de la ayuda.<\/strong><\/li>\n<\/ul>\n<h2><strong>Cuant\u00eda de la ayuda para la rehabilitaci\u00f3n rural y urbana<\/strong><\/h2>\n<p>La cuant\u00eda de la ayuda para la rehabilitaci\u00f3n rural y urbana depender\u00e1 de varios factores:<\/p>\n<ul>\n<li>Con car\u00e1cter general cubrir\u00e1n el 40% del total de la inversi\u00f3n.<\/li>\n<li>Con car\u00e1cter especial podr\u00edan llegar a cubrir el 75% del total de la inversi\u00f3n en caso de tener unos ingresos inferiores a 3 veces el IPREM o por obras de accesibilidad cuando resida en la vivienda un ciudadano con movilidad reducida o con mayor de 65 a\u00f1os.<\/li>\n<li>El programa de rehabilitaci\u00f3n establece una cuant\u00eda de 12.000 euros por vivienda y 120 euros por metro cuadrado.<\/li>\n<li>Para la renovaci\u00f3n o nueva construcci\u00f3n hasta 30.000 euros por vivienda.<\/li>\n<li>Para la urbanizaci\u00f3n hasta 2.000 euros por vivienda rehabilitada o construida.<\/li>\n<li>En realojo hasta 4000 euros al a\u00f1o por unidad de convivencia formada por un m\u00e1ximo de 3.<\/li>\n<li>En equipos t\u00e9cnicos y oficinas de planeamiento hasta 1.000 euros por vivienda.<\/li>\n<li>Estas ayudas se incrementan hasta en un 25% para menores de 35 a\u00f1os que residan en municipios con menos de 5.000 habitantes.<\/li>\n<\/ul>\n<h3><strong>C\u00f3mo solicitar las ayudas para la rehabilitaci\u00f3n rural y urbana<\/strong><\/h3>\n<p>Las competencias de tramitaci\u00f3n y distribuci\u00f3n de estas ayudas para la <strong>rehabilitaci\u00f3n rural y urbana<\/strong>, se asignan a las Comunidades Aut\u00f3nomas, y, por tanto, ellas se encargar\u00e1n de la admisi\u00f3n, tramitaci\u00f3n y resoluci\u00f3n de cada una de las solicitudes presentadas.<\/p>\n<p>Algunas Comunidades Aut\u00f3nomas, ceder\u00e1n su tramitaci\u00f3n y distribuci\u00f3n a Ayuntamientos que obtengan un acuerdo como entidades colaboradoras.<\/p>\n<p>Aunque, en los Ayuntamientos que no consigan el acuerdo de colaboraci\u00f3n, las personas interesadas en beneficiarse podr\u00e1n presentar sus solicitudes igualmente.<\/p>\n<p>En la <a href=\"https:\/\/www.mitma.gob.es\/arquitectura-vivienda-y-suelo\/programas-de-ayudas-a-la-vivienda\/\">web del Ministerio de Transporte, Movilidad y Agenda Urbana<\/a> encuentras todos los enlaces de cada una de las Comunidades Aut\u00f3nomas para obtener una mayor informaci\u00f3n sobre estas ayudas.<\/p>\n<p>&nbsp;<\/p>\n","protected":false},"excerpt":{"rendered":"<p>Te contamos todo sobre las ayudas para la rehabilitaci\u00f3n rural y urbana en las viviendas en Espa\u00f1a. Sique leyendo porque esto te interesa, tanto si eres un particular como si eres un negocio que quiere conseguir m\u00e1s obras para su empresa.<\/p>\n","protected":false},"author":20,"featured_media":18036,"comment_status":"open","ping_status":"open","sticky":false,"template":"","format":"standard","meta":{"_acf_changed":false,"_et_pb_use_builder":"","_et_pb_old_content":"","_et_gb_content_width":"","om_disable_all_campaigns":false,"inline_featured_image":false,"footnotes":""},"categories":[1021],"tags":[],"class_list":{"0":"post-18034","1":"post","2":"type-post","3":"status-publish","4":"format-standard","5":"has-post-thumbnail","7":"category-ayudas"},"acf":{"selector_de_usuario":"","fecha_de_revision":"20230825"},"yoast_head":"<!-- This site is optimized with the Yoast SEO plugin v27.1 - https:\/\/yoast.com\/product\/yoast-seo-wordpress\/ -->\n<title>Ayudas para la rehabilitaci\u00f3n rural y urbana 2021 - TeamSystem Facturas Billin<\/title>\n<meta name=\"description\" content=\"Te contamos todo sobre las ayudas para la rehabilitaci\u00f3n rural y urbana en las viviendas en Espa\u00f1a y como acogerte a ellas.\" \/>\n<meta name=\"robots\" content=\"index, follow, max-snippet:-1, max-image-preview:large, max-video-preview:-1\" \/>\n<link rel=\"canonical\" href=\"https:\/\/www.billin.net\/blog\/ayudas-rehabilitacion-rural-urbana\/\" \/>\n<meta property=\"og:locale\" content=\"es_ES\" \/>\n<meta property=\"og:type\" content=\"article\" \/>\n<meta property=\"og:title\" content=\"Ayudas para la rehabilitaci\u00f3n rural y urbana 2021 - TeamSystem Facturas Billin\" \/>\n<meta property=\"og:description\" content=\"Te contamos todo sobre las ayudas para la rehabilitaci\u00f3n rural y urbana en las viviendas en Espa\u00f1a y como acogerte a ellas.\" \/>\n<meta property=\"og:url\" content=\"https:\/\/www.billin.net\/blog\/ayudas-rehabilitacion-rural-urbana\/\" \/>\n<meta property=\"og:site_name\" content=\"Blog de TeamSystem Facturas Billin\" \/>\n<meta property=\"article:publisher\" content=\"https:\/\/www.facebook.com\/EsBillin\" \/>\n<meta property=\"article:published_time\" content=\"2021-08-03T22:00:00+00:00\" \/>\n<meta property=\"article:modified_time\" content=\"2025-09-25T18:40:45+00:00\" \/>\n<meta property=\"og:image\" content=\"https:\/\/www.billin.net\/blog\/wp-content\/uploads\/2021\/08\/Rehabilitacio\u0301n-rural-y-urbana.jpeg\" \/>\n\t<meta property=\"og:image:width\" content=\"1880\" \/>\n\t<meta property=\"og:image:height\" content=\"1255\" \/>\n\t<meta property=\"og:image:type\" content=\"image\/jpeg\" \/>\n<meta name=\"author\" content=\"Marcos De La Cueva - CEO TeamSystem Facturas Billin\" \/>\n<meta name=\"twitter:card\" content=\"summary_large_image\" \/>\n<meta name=\"twitter:creator\" content=\"@Billin_ES\" \/>\n<meta name=\"twitter:site\" content=\"@Billin_ES\" \/>\n<meta name=\"twitter:label1\" content=\"Escrito por\" \/>\n\t<meta name=\"twitter:data1\" content=\"Marcos De La Cueva - CEO TeamSystem Facturas Billin\" \/>\n\t<meta name=\"twitter:label2\" content=\"Tiempo de lectura\" \/>\n\t<meta name=\"twitter:data2\" content=\"4 minutos\" \/>\n<script type=\"application\/ld+json\" class=\"yoast-schema-graph\">{\"@context\":\"https:\/\/schema.org\",\"@graph\":[{\"@type\":\"Article\",\"@id\":\"https:\/\/www.billin.net\/blog\/ayudas-rehabilitacion-rural-urbana\/#article\",\"isPartOf\":{\"@id\":\"https:\/\/www.billin.net\/blog\/ayudas-rehabilitacion-rural-urbana\/\"},\"author\":{\"name\":\"Marcos De La Cueva - CEO TeamSystem Facturas Billin\",\"@id\":\"https:\/\/www.billin.net\/blog\/#\/schema\/person\/d0339ee6e869234614541b1e80a793e7\"},\"headline\":\"Subvenciones para la rehabilitaci\u00f3n rural y urbana en las viviendas\",\"datePublished\":\"2021-08-03T22:00:00+00:00\",\"dateModified\":\"2025-09-25T18:40:45+00:00\",\"mainEntityOfPage\":{\"@id\":\"https:\/\/www.billin.net\/blog\/ayudas-rehabilitacion-rural-urbana\/\"},\"wordCount\":897,\"commentCount\":4,\"publisher\":{\"@id\":\"https:\/\/www.billin.net\/blog\/#organization\"},\"image\":{\"@id\":\"https:\/\/www.billin.net\/blog\/ayudas-rehabilitacion-rural-urbana\/#primaryimage\"},\"thumbnailUrl\":\"https:\/\/www.billin.net\/blog\/wp-content\/uploads\/2021\/08\/Rehabilitacio\u0301n-rural-y-urbana.jpeg\",\"articleSection\":[\"Ayudas\"],\"inLanguage\":\"es\",\"potentialAction\":[{\"@type\":\"CommentAction\",\"name\":\"Comment\",\"target\":[\"https:\/\/www.billin.net\/blog\/ayudas-rehabilitacion-rural-urbana\/#respond\"]}]},{\"@type\":\"WebPage\",\"@id\":\"https:\/\/www.billin.net\/blog\/ayudas-rehabilitacion-rural-urbana\/\",\"url\":\"https:\/\/www.billin.net\/blog\/ayudas-rehabilitacion-rural-urbana\/\",\"name\":\"Ayudas para la rehabilitaci\u00f3n rural y urbana 2021 - TeamSystem Facturas Billin\",\"isPartOf\":{\"@id\":\"https:\/\/www.billin.net\/blog\/#website\"},\"primaryImageOfPage\":{\"@id\":\"https:\/\/www.billin.net\/blog\/ayudas-rehabilitacion-rural-urbana\/#primaryimage\"},\"image\":{\"@id\":\"https:\/\/www.billin.net\/blog\/ayudas-rehabilitacion-rural-urbana\/#primaryimage\"},\"thumbnailUrl\":\"https:\/\/www.billin.net\/blog\/wp-content\/uploads\/2021\/08\/Rehabilitacio\u0301n-rural-y-urbana.jpeg\",\"datePublished\":\"2021-08-03T22:00:00+00:00\",\"dateModified\":\"2025-09-25T18:40:45+00:00\",\"description\":\"Te contamos todo sobre las ayudas para la rehabilitaci\u00f3n rural y urbana en las viviendas en Espa\u00f1a y como acogerte a ellas.\",\"breadcrumb\":{\"@id\":\"https:\/\/www.billin.net\/blog\/ayudas-rehabilitacion-rural-urbana\/#breadcrumb\"},\"inLanguage\":\"es\",\"potentialAction\":[{\"@type\":\"ReadAction\",\"target\":[\"https:\/\/www.billin.net\/blog\/ayudas-rehabilitacion-rural-urbana\/\"]}]},{\"@type\":\"ImageObject\",\"inLanguage\":\"es\",\"@id\":\"https:\/\/www.billin.net\/blog\/ayudas-rehabilitacion-rural-urbana\/#primaryimage\",\"url\":\"https:\/\/www.billin.net\/blog\/wp-content\/uploads\/2021\/08\/Rehabilitacio\u0301n-rural-y-urbana.jpeg\",\"contentUrl\":\"https:\/\/www.billin.net\/blog\/wp-content\/uploads\/2021\/08\/Rehabilitacio\u0301n-rural-y-urbana.jpeg\",\"width\":1880,\"height\":1255,\"caption\":\"rehabilitacion urbana rural viviendas\"},{\"@type\":\"BreadcrumbList\",\"@id\":\"https:\/\/www.billin.net\/blog\/ayudas-rehabilitacion-rural-urbana\/#breadcrumb\",\"itemListElement\":[{\"@type\":\"ListItem\",\"position\":1,\"name\":\"Blog\",\"item\":\"https:\/\/www.billin.net\/blog\/\"},{\"@type\":\"ListItem\",\"position\":2,\"name\":\"Ayudas\",\"item\":\"https:\/\/www.billin.net\/blog\/ayudas\/\"},{\"@type\":\"ListItem\",\"position\":3,\"name\":\"Subvenciones para la rehabilitaci\u00f3n rural y urbana en las viviendas\"}]},{\"@type\":\"WebSite\",\"@id\":\"https:\/\/www.billin.net\/blog\/#website\",\"url\":\"https:\/\/www.billin.net\/blog\/\",\"name\":\"Blog de Billin\",\"description\":\"Mantente informado con el blog de TeamSystem Facturas Billin:  facturaci\u00f3n, legislaci\u00f3n, contabilidad, management y toda la informaci\u00f3n \u00fatil para pymes y aut\u00f3nomos.\",\"publisher\":{\"@id\":\"https:\/\/www.billin.net\/blog\/#organization\"},\"potentialAction\":[{\"@type\":\"SearchAction\",\"target\":{\"@type\":\"EntryPoint\",\"urlTemplate\":\"https:\/\/www.billin.net\/blog\/?s={search_term_string}\"},\"query-input\":{\"@type\":\"PropertyValueSpecification\",\"valueRequired\":true,\"valueName\":\"search_term_string\"}}],\"inLanguage\":\"es\"},{\"@type\":\"Organization\",\"@id\":\"https:\/\/www.billin.net\/blog\/#organization\",\"name\":\"Billin\",\"alternateName\":\"Blog de Billin\",\"url\":\"https:\/\/www.billin.net\/blog\/\",\"logo\":{\"@type\":\"ImageObject\",\"inLanguage\":\"es\",\"@id\":\"https:\/\/www.billin.net\/blog\/#\/schema\/logo\/image\/\",\"url\":\"https:\/\/www.billin.net\/blog\/wp-content\/uploads\/2019\/06\/logotipo-billin-blog-1.png\",\"contentUrl\":\"https:\/\/www.billin.net\/blog\/wp-content\/uploads\/2019\/06\/logotipo-billin-blog-1.png\",\"width\":126,\"height\":50,\"caption\":\"Billin\"},\"image\":{\"@id\":\"https:\/\/www.billin.net\/blog\/#\/schema\/logo\/image\/\"},\"sameAs\":[\"https:\/\/www.facebook.com\/EsBillin\",\"https:\/\/x.com\/Billin_ES\",\"https:\/\/www.instagram.com\/billin_es\/\",\"https:\/\/www.linkedin.com\/company\/billin-spain\",\"https:\/\/www.youtube.com\/c\/BillinEsintercambiodefacturas\/\"],\"legalName\":\"MY EXPENSES SL\",\"contactPoint\":{\"@type\":\"ContactPoint\",\"telephone\":\"+34918318883\",\"contactType\":\"customer service\",\"email\":\"info@billin.eu\",\"availableLanguage\":\"es\"},\"foundingDate\":\"2015\",\"numberOfEmployees\":{\"@type\":\"QuantitativeValue\",\"minValue\":10,\"maxValue\":50},\"parentOrganization\":{\"@type\":\"Organization\",\"name\":\"TeamSystem\",\"url\":\"https:\/\/www.teamsystem.com\/\"},\"description\":\"Billin es el programa de facturaci\u00f3n online de TeamSystem para aut\u00f3nomos y pymes en Espa\u00f1a. Permite crear facturas, controlar gastos y cumplir con Verifactu.\",\"address\":{\"@type\":\"PostalAddress\",\"streetAddress\":\"Calle Arturo Soria, 336\",\"addressLocality\":\"Madrid\",\"addressRegion\":\"Madrid\",\"postalCode\":\"28033\",\"addressCountry\":\"ES\"}},{\"@type\":\"Person\",\"@id\":\"https:\/\/www.billin.net\/blog\/#\/schema\/person\/d0339ee6e869234614541b1e80a793e7\",\"name\":\"Marcos De La Cueva - CEO TeamSystem Facturas Billin\",\"image\":{\"@type\":\"ImageObject\",\"inLanguage\":\"es\",\"@id\":\"https:\/\/www.billin.net\/blog\/#\/schema\/person\/image\/\",\"url\":\"https:\/\/www.billin.net\/blog\/wp-content\/uploads\/2023\/10\/marcos-color-150x150.png\",\"contentUrl\":\"https:\/\/www.billin.net\/blog\/wp-content\/uploads\/2023\/10\/marcos-color-150x150.png\",\"caption\":\"Marcos De La Cueva - CEO TeamSystem Facturas Billin\"},\"description\":\"Licenciado en ADE por la Universidad Aut\u00f3noma de Madrid, Marcos De la Cueva es CEO y cofundador de TeamSystem Facturas Billin, un programa online que lleva m\u00e1s de 9 a\u00f1os ayudando a aut\u00f3nomos, peque\u00f1os negocios y gestor\u00edas a digitalizar sus presupuestos, facturas, tickets y gastos. \u00a0 Sobre Marcos De La Cueva \u00a0 Apasionado por el mundo empresarial y la tecnolog\u00eda, curs\u00f3 su M\u00e1ster de Finanzas en la Universidad Pontificia de Comillas y estuvo en el Programa de Cooperaci\u00f3n Educativa de la Universidad Aut\u00f3noma de Madrid. \u00a0 Marcos siempre ha tenido su objetivo claro: ayudar a la creaci\u00f3n de negocios financieramente sostenibles a trav\u00e9s de una herramienta de facturaci\u00f3n que les permita ahorrar tiempo y tener la contabilidad bajo control. \u00a0 Marcos De La Cueva en los medios \u2014 Noticia sobre Kit Digital y Ley Antifraude (VeriFactu) en El Economista. \u2014 Noticia sobre Kit Digital y factura electr\u00f3nica obligatoria en Diario Jur\u00eddico. \u2014 Noticia sobre el a\u00f1o de transici\u00f3n para la factura electr\u00f3nica en Muy Pymes. \u2014 Entrevista sobre factura electr\u00f3nica obligatoria en Canal Sur. \u2014 Noticia sobre el informe factura electr\u00f3nica de TeamSystem en Channel Partner. \u2014 Charla sobre productividad y Ley Crea y Crece en El Economista. \u2014 Charla sobre factura electr\u00f3nica obligatoria en Muy Pymes. \u2014 Charla sobre digitalizaci\u00f3n aut\u00f3nomos y productividad en esdiario. \u2014 Charla sobre productividad y factura electr\u00f3nica en La Raz\u00f3n. \u2014 Charla sobre factura electr\u00f3nica obligatoria en Aut\u00f3nomos y Emprendedores. \u2014 Entrevista sobre Ley Antifraude y Ley Crea y Crece en Expansi\u00f3n. \u2014 Entrevista sobre Ley Antifraude y Ley Crea y Crece en La Raz\u00f3n. \u2014 Entrevista sobre factura electr\u00f3nica obligatoria en El Economista. \u2014 Comunicado Billin y TeamSystem en Business Insider. \u2014 Entrevista en Econom\u00eda Digital. \u2014 Entrevista en Ideas para tu empresa de Vodafone. \u2014 Entrevista en M\u00e1sQradio. \u2014 Entrevista en Armas para emprender de El M\u00e9todo Gallardo. \u2014 Entrevista en KFund. \u2014 Entrevista en AXA Seguros Espa\u00f1a. \u2014 Entrevista en GestionaRadio. \u00a0 Marcos De La Cueva en eventos \u00a0 \u2014 Participaci\u00f3n como ponente en Accountex Espa\u00f1a 2023. \u00a0 Tem\u00e1ticas de especializaci\u00f3n \u00a0 negocios | startups | contabilidad| fiscalidad | empresas| asesor\u00edas| autonomos | emprendedores | peque\u00f1os negocios | econom\u00eda | ADE | pymes | desarrollo de negocio\u00a0\",\"sameAs\":[\"https:\/\/www.billin.net\/\",\"https:\/\/www.linkedin.com\/in\/marcos-de-la-cueva-19750ba3\/\"],\"url\":\"https:\/\/www.billin.net\/blog\/author\/marcosdelacueva\/\",\"jobTitle\":\"CEO y cofundador de TS Facturas Billin\"}]}<\/script>\n<!-- \/ Yoast SEO plugin. -->","yoast_head_json":{"title":"Ayudas para la rehabilitaci\u00f3n rural y urbana 2021 - TeamSystem Facturas Billin","description":"Te contamos todo sobre las ayudas para la rehabilitaci\u00f3n rural y urbana en las viviendas en Espa\u00f1a y como acogerte a ellas.","robots":{"index":"index","follow":"follow","max-snippet":"max-snippet:-1","max-image-preview":"max-image-preview:large","max-video-preview":"max-video-preview:-1"},"canonical":"https:\/\/www.billin.net\/blog\/ayudas-rehabilitacion-rural-urbana\/","og_locale":"es_ES","og_type":"article","og_title":"Ayudas para la rehabilitaci\u00f3n rural y urbana 2021 - TeamSystem Facturas Billin","og_description":"Te contamos todo sobre las ayudas para la rehabilitaci\u00f3n rural y urbana en las viviendas en Espa\u00f1a y como acogerte a ellas.","og_url":"https:\/\/www.billin.net\/blog\/ayudas-rehabilitacion-rural-urbana\/","og_site_name":"Blog de TeamSystem Facturas Billin","article_publisher":"https:\/\/www.facebook.com\/EsBillin","article_published_time":"2021-08-03T22:00:00+00:00","article_modified_time":"2025-09-25T18:40:45+00:00","og_image":[{"width":1880,"height":1255,"url":"https:\/\/www.billin.net\/blog\/wp-content\/uploads\/2021\/08\/Rehabilitacio\u0301n-rural-y-urbana.jpeg","type":"image\/jpeg"}],"author":"Marcos De La Cueva - CEO TeamSystem Facturas Billin","twitter_card":"summary_large_image","twitter_creator":"@Billin_ES","twitter_site":"@Billin_ES","twitter_misc":{"Escrito por":"Marcos De La Cueva - CEO TeamSystem Facturas Billin","Tiempo de lectura":"4 minutos"},"schema":{"@context":"https:\/\/schema.org","@graph":[{"@type":"Article","@id":"https:\/\/www.billin.net\/blog\/ayudas-rehabilitacion-rural-urbana\/#article","isPartOf":{"@id":"https:\/\/www.billin.net\/blog\/ayudas-rehabilitacion-rural-urbana\/"},"author":{"name":"Marcos De La Cueva - CEO TeamSystem Facturas Billin","@id":"https:\/\/www.billin.net\/blog\/#\/schema\/person\/d0339ee6e869234614541b1e80a793e7"},"headline":"Subvenciones para la rehabilitaci\u00f3n rural y urbana en las viviendas","datePublished":"2021-08-03T22:00:00+00:00","dateModified":"2025-09-25T18:40:45+00:00","mainEntityOfPage":{"@id":"https:\/\/www.billin.net\/blog\/ayudas-rehabilitacion-rural-urbana\/"},"wordCount":897,"commentCount":4,"publisher":{"@id":"https:\/\/www.billin.net\/blog\/#organization"},"image":{"@id":"https:\/\/www.billin.net\/blog\/ayudas-rehabilitacion-rural-urbana\/#primaryimage"},"thumbnailUrl":"https:\/\/www.billin.net\/blog\/wp-content\/uploads\/2021\/08\/Rehabilitacio\u0301n-rural-y-urbana.jpeg","articleSection":["Ayudas"],"inLanguage":"es","potentialAction":[{"@type":"CommentAction","name":"Comment","target":["https:\/\/www.billin.net\/blog\/ayudas-rehabilitacion-rural-urbana\/#respond"]}]},{"@type":"WebPage","@id":"https:\/\/www.billin.net\/blog\/ayudas-rehabilitacion-rural-urbana\/","url":"https:\/\/www.billin.net\/blog\/ayudas-rehabilitacion-rural-urbana\/","name":"Ayudas para la rehabilitaci\u00f3n rural y urbana 2021 - TeamSystem Facturas Billin","isPartOf":{"@id":"https:\/\/www.billin.net\/blog\/#website"},"primaryImageOfPage":{"@id":"https:\/\/www.billin.net\/blog\/ayudas-rehabilitacion-rural-urbana\/#primaryimage"},"image":{"@id":"https:\/\/www.billin.net\/blog\/ayudas-rehabilitacion-rural-urbana\/#primaryimage"},"thumbnailUrl":"https:\/\/www.billin.net\/blog\/wp-content\/uploads\/2021\/08\/Rehabilitacio\u0301n-rural-y-urbana.jpeg","datePublished":"2021-08-03T22:00:00+00:00","dateModified":"2025-09-25T18:40:45+00:00","description":"Te contamos todo sobre las ayudas para la rehabilitaci\u00f3n rural y urbana en las viviendas en Espa\u00f1a y como acogerte a ellas.","breadcrumb":{"@id":"https:\/\/www.billin.net\/blog\/ayudas-rehabilitacion-rural-urbana\/#breadcrumb"},"inLanguage":"es","potentialAction":[{"@type":"ReadAction","target":["https:\/\/www.billin.net\/blog\/ayudas-rehabilitacion-rural-urbana\/"]}]},{"@type":"ImageObject","inLanguage":"es","@id":"https:\/\/www.billin.net\/blog\/ayudas-rehabilitacion-rural-urbana\/#primaryimage","url":"https:\/\/www.billin.net\/blog\/wp-content\/uploads\/2021\/08\/Rehabilitacio\u0301n-rural-y-urbana.jpeg","contentUrl":"https:\/\/www.billin.net\/blog\/wp-content\/uploads\/2021\/08\/Rehabilitacio\u0301n-rural-y-urbana.jpeg","width":1880,"height":1255,"caption":"rehabilitacion urbana rural viviendas"},{"@type":"BreadcrumbList","@id":"https:\/\/www.billin.net\/blog\/ayudas-rehabilitacion-rural-urbana\/#breadcrumb","itemListElement":[{"@type":"ListItem","position":1,"name":"Blog","item":"https:\/\/www.billin.net\/blog\/"},{"@type":"ListItem","position":2,"name":"Ayudas","item":"https:\/\/www.billin.net\/blog\/ayudas\/"},{"@type":"ListItem","position":3,"name":"Subvenciones para la rehabilitaci\u00f3n rural y urbana en las viviendas"}]},{"@type":"WebSite","@id":"https:\/\/www.billin.net\/blog\/#website","url":"https:\/\/www.billin.net\/blog\/","name":"Blog de Billin","description":"Mantente informado con el blog de TeamSystem Facturas Billin:  facturaci\u00f3n, legislaci\u00f3n, contabilidad, management y toda la informaci\u00f3n \u00fatil para pymes y aut\u00f3nomos.","publisher":{"@id":"https:\/\/www.billin.net\/blog\/#organization"},"potentialAction":[{"@type":"SearchAction","target":{"@type":"EntryPoint","urlTemplate":"https:\/\/www.billin.net\/blog\/?s={search_term_string}"},"query-input":{"@type":"PropertyValueSpecification","valueRequired":true,"valueName":"search_term_string"}}],"inLanguage":"es"},{"@type":"Organization","@id":"https:\/\/www.billin.net\/blog\/#organization","name":"Billin","alternateName":"Blog de Billin","url":"https:\/\/www.billin.net\/blog\/","logo":{"@type":"ImageObject","inLanguage":"es","@id":"https:\/\/www.billin.net\/blog\/#\/schema\/logo\/image\/","url":"https:\/\/www.billin.net\/blog\/wp-content\/uploads\/2019\/06\/logotipo-billin-blog-1.png","contentUrl":"https:\/\/www.billin.net\/blog\/wp-content\/uploads\/2019\/06\/logotipo-billin-blog-1.png","width":126,"height":50,"caption":"Billin"},"image":{"@id":"https:\/\/www.billin.net\/blog\/#\/schema\/logo\/image\/"},"sameAs":["https:\/\/www.facebook.com\/EsBillin","https:\/\/x.com\/Billin_ES","https:\/\/www.instagram.com\/billin_es\/","https:\/\/www.linkedin.com\/company\/billin-spain","https:\/\/www.youtube.com\/c\/BillinEsintercambiodefacturas\/"],"legalName":"MY EXPENSES SL","contactPoint":{"@type":"ContactPoint","telephone":"+34918318883","contactType":"customer service","email":"info@billin.eu","availableLanguage":"es"},"foundingDate":"2015","numberOfEmployees":{"@type":"QuantitativeValue","minValue":10,"maxValue":50},"parentOrganization":{"@type":"Organization","name":"TeamSystem","url":"https:\/\/www.teamsystem.com\/"},"description":"Billin es el programa de facturaci\u00f3n online de TeamSystem para aut\u00f3nomos y pymes en Espa\u00f1a. Permite crear facturas, controlar gastos y cumplir con Verifactu.","address":{"@type":"PostalAddress","streetAddress":"Calle Arturo Soria, 336","addressLocality":"Madrid","addressRegion":"Madrid","postalCode":"28033","addressCountry":"ES"}},{"@type":"Person","@id":"https:\/\/www.billin.net\/blog\/#\/schema\/person\/d0339ee6e869234614541b1e80a793e7","name":"Marcos De La Cueva - CEO TeamSystem Facturas Billin","image":{"@type":"ImageObject","inLanguage":"es","@id":"https:\/\/www.billin.net\/blog\/#\/schema\/person\/image\/","url":"https:\/\/www.billin.net\/blog\/wp-content\/uploads\/2023\/10\/marcos-color-150x150.png","contentUrl":"https:\/\/www.billin.net\/blog\/wp-content\/uploads\/2023\/10\/marcos-color-150x150.png","caption":"Marcos De La Cueva - CEO TeamSystem Facturas Billin"},"description":"Licenciado en ADE por la Universidad Aut\u00f3noma de Madrid, Marcos De la Cueva es CEO y cofundador de TeamSystem Facturas Billin, un programa online que lleva m\u00e1s de 9 a\u00f1os ayudando a aut\u00f3nomos, peque\u00f1os negocios y gestor\u00edas a digitalizar sus presupuestos, facturas, tickets y gastos. \u00a0 Sobre Marcos De La Cueva \u00a0 Apasionado por el mundo empresarial y la tecnolog\u00eda, curs\u00f3 su M\u00e1ster de Finanzas en la Universidad Pontificia de Comillas y estuvo en el Programa de Cooperaci\u00f3n Educativa de la Universidad Aut\u00f3noma de Madrid. \u00a0 Marcos siempre ha tenido su objetivo claro: ayudar a la creaci\u00f3n de negocios financieramente sostenibles a trav\u00e9s de una herramienta de facturaci\u00f3n que les permita ahorrar tiempo y tener la contabilidad bajo control. \u00a0 Marcos De La Cueva en los medios \u2014 Noticia sobre Kit Digital y Ley Antifraude (VeriFactu) en El Economista. \u2014 Noticia sobre Kit Digital y factura electr\u00f3nica obligatoria en Diario Jur\u00eddico. \u2014 Noticia sobre el a\u00f1o de transici\u00f3n para la factura electr\u00f3nica en Muy Pymes. \u2014 Entrevista sobre factura electr\u00f3nica obligatoria en Canal Sur. \u2014 Noticia sobre el informe factura electr\u00f3nica de TeamSystem en Channel Partner. \u2014 Charla sobre productividad y Ley Crea y Crece en El Economista. \u2014 Charla sobre factura electr\u00f3nica obligatoria en Muy Pymes. \u2014 Charla sobre digitalizaci\u00f3n aut\u00f3nomos y productividad en esdiario. \u2014 Charla sobre productividad y factura electr\u00f3nica en La Raz\u00f3n. \u2014 Charla sobre factura electr\u00f3nica obligatoria en Aut\u00f3nomos y Emprendedores. \u2014 Entrevista sobre Ley Antifraude y Ley Crea y Crece en Expansi\u00f3n. \u2014 Entrevista sobre Ley Antifraude y Ley Crea y Crece en La Raz\u00f3n. \u2014 Entrevista sobre factura electr\u00f3nica obligatoria en El Economista. \u2014 Comunicado Billin y TeamSystem en Business Insider. \u2014 Entrevista en Econom\u00eda Digital. \u2014 Entrevista en Ideas para tu empresa de Vodafone. \u2014 Entrevista en M\u00e1sQradio. \u2014 Entrevista en Armas para emprender de El M\u00e9todo Gallardo. \u2014 Entrevista en KFund. \u2014 Entrevista en AXA Seguros Espa\u00f1a. \u2014 Entrevista en GestionaRadio. \u00a0 Marcos De La Cueva en eventos \u00a0 \u2014 Participaci\u00f3n como ponente en Accountex Espa\u00f1a 2023. \u00a0 Tem\u00e1ticas de especializaci\u00f3n \u00a0 negocios | startups | contabilidad| fiscalidad | empresas| asesor\u00edas| autonomos | emprendedores | peque\u00f1os negocios | econom\u00eda | ADE | pymes | desarrollo de negocio\u00a0","sameAs":["https:\/\/www.billin.net\/","https:\/\/www.linkedin.com\/in\/marcos-de-la-cueva-19750ba3\/"],"url":"https:\/\/www.billin.net\/blog\/author\/marcosdelacueva\/","jobTitle":"CEO y cofundador de TS Facturas Billin"}]}},"_links":{"self":[{"href":"https:\/\/www.billin.net\/blog\/wp-json\/wp\/v2\/posts\/18034","targetHints":{"allow":["GET"]}}],"collection":[{"href":"https:\/\/www.billin.net\/blog\/wp-json\/wp\/v2\/posts"}],"about":[{"href":"https:\/\/www.billin.net\/blog\/wp-json\/wp\/v2\/types\/post"}],"author":[{"embeddable":true,"href":"https:\/\/www.billin.net\/blog\/wp-json\/wp\/v2\/users\/20"}],"replies":[{"embeddable":true,"href":"https:\/\/www.billin.net\/blog\/wp-json\/wp\/v2\/comments?post=18034"}],"version-history":[{"count":6,"href":"https:\/\/www.billin.net\/blog\/wp-json\/wp\/v2\/posts\/18034\/revisions"}],"predecessor-version":[{"id":26941,"href":"https:\/\/www.billin.net\/blog\/wp-json\/wp\/v2\/posts\/18034\/revisions\/26941"}],"wp:featuredmedia":[{"embeddable":true,"href":"https:\/\/www.billin.net\/blog\/wp-json\/wp\/v2\/media\/18036"}],"wp:attachment":[{"href":"https:\/\/www.billin.net\/blog\/wp-json\/wp\/v2\/media?parent=18034"}],"wp:term":[{"taxonomy":"category","embeddable":true,"href":"https:\/\/www.billin.net\/blog\/wp-json\/wp\/v2\/categories?post=18034"},{"taxonomy":"post_tag","embeddable":true,"href":"https:\/\/www.billin.net\/blog\/wp-json\/wp\/v2\/tags?post=18034"}],"curies":[{"name":"wp","href":"https:\/\/api.w.org\/{rel}","templated":true}]}}