{"id":18017,"date":"2021-07-28T10:58:04","date_gmt":"2021-07-28T08:58:04","guid":{"rendered":"https:\/\/www.billin.net\/blog\/?p=18017"},"modified":"2025-09-25T20:40:52","modified_gmt":"2025-09-25T18:40:52","slug":"ayudas-comunidades-autonomas-rehabilitar-edificios","status":"publish","type":"post","link":"https:\/\/www.billin.net\/blog\/ayudas-comunidades-autonomas-rehabilitar-edificios\/","title":{"rendered":"Ayudas de las comunidades Aut\u00f3nomas para rehabilitar viviendas"},"content":{"rendered":"<p>Te contamos como est\u00e1n las nuevas ayudas para rehabilitar edificios en las comunidades aut\u00f3nomos con el nuevo plan de reformas para 2021<\/p>\n<p><!--more--><\/p>\n<p>Las comunidades Aut\u00f3nomas son las encargadas de planificar y distribuir las ayudas para <strong>rehabilitar edificios<\/strong> y viviendas que llegan del plan de recuperaci\u00f3n europeo.<\/p>\n<p>Por tanto, en el caso de solicitar ayudas para la <strong>rehabilitaci\u00f3n de edificios<\/strong>, tendr\u00e1s que dirigirte a la web de cada comunidad aut\u00f3noma.<\/p>\n<p>Gracias a este tipo de ayudas es muy f\u00e1cil <a href=\"https:\/\/www.billin.net\/blog\/conseguir-obras-empresa-reforma\/\" target=\"_blank\" rel=\"noopener noreferrer\">conseguir obras para una empresa de construcci\u00f3n o reformas<\/a>.<\/p>\n<h2><strong>Finalidad de los fondos de rehabilitaci\u00f3n de edificios<\/strong><\/h2>\n<p>Dependiendo de la comunidad aut\u00f3noma donde se soliciten estas ayudas para la <strong>rehabilitaci\u00f3n de edificios<\/strong>, habr\u00e1 que cumplir una serie de requisitos u otros, pero en general, los destinos de estos fondos p\u00fablicos ir\u00e1n para:<\/p>\n<ul>\n<li>Conseguir la mejora energ\u00e9tica<\/li>\n<li>Actuaciones para la conservaci\u00f3n y la accesibilidad<\/li>\n<li>Renovar las zonas rurales<\/li>\n<li>Regenerar los edificios urbanos<\/li>\n<li>Acabar con la infravivienda<\/li>\n<\/ul>\n<p>Adem\u00e1s de estos fondos europeos, las propias Comunidades Aut\u00f3nomas tambi\u00e9n facilitar\u00e1n ayudas p\u00fablicas para la <strong>rehabilitaci\u00f3n de edificios<\/strong>.<\/p>\n<h2><strong>Las ayudas para rehabilitaci\u00f3n de edificios en las diferentes CCAA<\/strong><\/h2>\n<p>Os mostramos un listado de las ayudas para la <strong>rehabilitaci\u00f3n de edificios<\/strong> seg\u00fan cada Comunidad Aut\u00f3noma:<\/p>\n<p><u><a href=\"https:\/\/www.juntadeandalucia.es\/organismos\/fomentoinfraestructurasyordenaciondelterritorio\/areas\/vivienda-rehabilitacion\/rehabilitacion\/paginas\/rehabilitacionviviendas.html\">ANDALUCIA<\/a><\/u><\/p>\n<p>Se regulan en la <u><a href=\"https:\/\/www.juntadeandalucia.es\/boja\/2019\/12\/4\">Orden de 14 de enero de 2019<\/a><\/u>.<\/p>\n<p><u><a href=\"https:\/\/www.aragon.es\/-\/vivienda-y-rehabilitacion\">ARAG\u00d3N<\/a><\/u><\/p>\n<p>Plan de Vivienda 2018-2021<\/p>\n<p><u><a href=\"https:\/\/sede.asturias.es\/-\/dboid-6269000005535962307573\">ASTURIAS<\/a><\/u><\/p>\n<p>Destinadas a viviendas unifamiliares y edificios de residencia colectiva.<\/p>\n<p><u><a href=\"https:\/\/www.caib.es\/seucaib\/es\/200\/personas\/tramites\/tramite\/2351222\">BALEARES<\/a><\/u><\/p>\n<p>Plan de Viviendas 2018-2021 aprobado por el Real Decreto 233\/2013 de 5 de abril del Plan de fomento del alquiler de viviendas y rehabilitaci\u00f3n edificatoria.<\/p>\n<p><u><a href=\"https:\/\/www.gobiernodecanarias.org\/vivienda\/\">CANARIAS<\/a><\/u><\/p>\n<p>Contribuir a minimizar el impacto del COVID-19 en viviendas alquiladas como habituales.<\/p>\n<p><u><a href=\"https:\/\/www.viviendadecantabria.es\/ciudadanos\/ayudas-subvenciones\/rehabilitacion\/ayudas-rehabilitacion-plan-vigente-2018-2021programa-7\">CANTABRIA<\/a><\/u><\/p>\n<p>Las ayudas destinadas a la rehabilitaci\u00f3n de edificios y viviendas se regulan en el Decreto 4\/2019, de 7 de febrero del Plan de Vivienda de Cantabria 2018-2021.<\/p>\n<p><u><a href=\"https:\/\/vivienda.castillalamancha.es\/ayudas-y-subvenciones\/ayudas-la-rehabilitacion-edificatoria\">CASTILLA LA MANCHA<\/a><\/u><\/p>\n<p>Ofrece dos l\u00edneas de ayudas, una para la mejora de la eficiencia energ\u00e9tica y sostenibilidad, y otra para el fomento de la conservaci\u00f3n, accesibilidad y mejora de la seguridad de utilizaci\u00f3n.<\/p>\n<p><u><a href=\"https:\/\/vivienda.jcyl.es\/web\/es\/rehabilitacion-urbana\/ayudas-rehabilitacion-eficiencia-sostenibilidad.html\">CASTILLA Y LEON<\/a><\/u><\/p>\n<p>Sus programas est\u00e1n contenidos en el Plan Estatal de Vivienda 2018-2021.<\/p>\n<p><u><a href=\"https:\/\/web.gencat.cat\/es\/tramits\/tramits-temes\/Ajuts-per-a-la-rehabilitacio-dedificis-dus-residencial\">CATALU\u00d1A<\/a><\/u><\/p>\n<p>Real Decreto 106\/2018 de 9 de marzo, por el que se regulan el Plan Estatal de vivienda 2018-2021.<\/p>\n<p><u><a href=\"https:\/\/sede.ceuta.es\/controlador\/controlador?cmd=tramite&amp;modulo=tramites&amp;tramite=SDEP\">CEUTA<\/a><\/u><\/p>\n<p>Las bases aprobadas para acceder a estas ayudas son BOCCE n\u00ba 6009 de 17 de julio 2020.<\/p>\n<p><u><a href=\"https:\/\/ciudadano.gobex.es\/web\/vivienda\">EXTREMADURA<\/a><\/u><\/p>\n<p>Plan de Vivienda de Extremadura 2018-2021.<\/p>\n<p><u><a href=\"https:\/\/sede.xunta.gal\/de-interese\/rehabilitar-vivenda?langId=es_ES&amp;langId=es_ES\">GALICIA<\/a><\/u><\/p>\n<p>Ayudas para ciudadanos, empresas y profesionales y entidades locales.<\/p>\n<p><u><a href=\"https:\/\/www.comunidad.madrid\/servicios\/vivienda\/ayudas-rehabilitacion-edificios-2021\">MADRID<\/a><\/u><\/p>\n<p>Se aprueban en la Orden 224\/2021 de 28 de abril de 2021 de la Consejer\u00eda de Viviendas y Administraci\u00f3n Local, para el a\u00f1o 2021.<\/p>\n<p><u><a href=\"https:\/\/www.melilla.es\/melillaPortal\/contenedor.jsp?seccion=s_fdoc_d4_v1.jsp&amp;codbusqueda=803&amp;language=es&amp;codResi=1&amp;layout=contenedor.jsp&amp;codAdirecto=447\">MELILLA<\/a><\/u><\/p>\n<p>Se regulan por el Real Decreto 737\/2020 de 4 de agosto, de la Ciudad de Melilla.<\/p>\n<p><u><a href=\"https:\/\/www.carm.es\/web\/pagina?IDCONTENIDO=62692&amp;IDTIPO=100&amp;RASTRO=c1079$m59463\">MURCIA<\/a><\/u><\/p>\n<p>Se regula en el Real Decreto 725\/2019 de 13 de diciembre.<\/p>\n<p><u><a href=\"http:\/\/www.navarra.es\/home_es\/Temas\/Vivienda\/Ciudadanos\/Rehabilitacion\/\">NAVARRA<\/a><\/u><\/p>\n<p>En Navarra existen \u00e1reas de rehabilitaci\u00f3n preferentes para zonas delimitadas que ser\u00e1n las que gocen de subvenciones para la rehabilitaci\u00f3n protegida.<\/p>\n<p><u><a href=\"https:\/\/www.euskadi.eus\/ayuda_subvencion\/2020\/ayudas-para-la-rehabilitacion-de-viviendas-particulares\/web01-tramite\/es\/\">PAIS VASCO<\/a><\/u><\/p>\n<p>Orden de 29 de diciembre de 2006 del Consejero de Vivienda y Asuntos Sociales.<\/p>\n<p><u><a href=\"https:\/\/www.gva.es\/es\/inicio\/procedimientos?id_proc=18062\">VALENCIA<\/a><\/u><\/p>\n<p>Se rigen por el Real Decreto 106\/2018 de 9 de marzo, que regula el Plan Estatal de Vivienda 2018-2021<\/p>\n<h2><strong>Requisitos para optar a las ayudas de las comunidades aut\u00f3nomos para rehabilitar viviendas<\/strong><\/h2>\n<p>Las competencias de las ayudas destinadas a la <strong>rehabilitaci\u00f3n de edificios<\/strong> se delegan a las Comunidades Aut\u00f3nomas, pero veamos los requisitos generales seg\u00fan las diferentes l\u00edneas que hay dentro de estas ayudas:<\/p>\n<p><strong><u>L\u00cdNEA 1: Mejora de la eficiencia energ\u00e9ticas y la sostenibilidad de las viviendas.<\/u><\/strong><\/p>\n<ul>\n<li>Haya finalizado su construcci\u00f3n antes de 1996.<\/li>\n<li>En edificaciones colectivas al menos el 50% de las mismas deben constituir el domicilio habitual de sus propietarios o arrendatarios.<\/li>\n<li>La cuant\u00eda m\u00e1xima no supera el 40% de la inversi\u00f3n subvencionable, en las viviendas unifamiliares ser\u00e1 hasta 24.000 euros solo en el caso de que resida una persona con discapacidad si no ser\u00e1n de 12.000 euros como m\u00e1ximo.<\/li>\n<\/ul>\n<p><strong><u>L\u00cdNEA 2: Fomento de la conservaci\u00f3n y mejora de la seguridad de utilizaci\u00f3n y accesibilidad en las viviendas.<\/u><\/strong><\/p>\n<p>En cuanto a los requisitos generales son los mismos que en la anterior l\u00ednea, construidos antes de 1996 y que al menos el 50% de las viviendas sean el domicilio habitual de los residentes.<\/p>\n<p>Con respecto a la cuant\u00eda m\u00e1xima no podr\u00e1 superar el 40% del coste de la actuaci\u00f3n y el m\u00e1ximo importe ser\u00e1 8.000 euros por vivienda, lo cual, depender\u00e1 de las labores a desarrollar.<\/p>\n<p><strong><u>L\u00cdNEA 3: Regeneraci\u00f3n y renovaci\u00f3n de la zona rural y urbana<\/u><\/strong><\/p>\n<p>Para poder acceder a esta l\u00ednea, las viviendas deben enmarcarse en las \u00e1reas previamente delimitadas por la Administraci\u00f3n correspondiente.<\/p>\n<p>C\u00f3mo m\u00e1ximo la ayuda cubrir\u00e1 el 40% del coste de los trabajos de forma individualizada y con un l\u00edmite de 12.000 euros por vivienda que se renueve.<\/p>\n<p>Si tienes dudas sobre esto utiliza los comentarios y trataremos de ayudarte desde TeamSystem Facturas Billin, el <a href=\"https:\/\/www.billin.net\/programa-facturacion-autonomos\/\" target=\"_blank\" rel=\"noopener noreferrer\">programa de facturaci\u00f3n para profesionales<\/a> y empresas.<\/p>\n<p>&nbsp;<\/p>\n","protected":false},"excerpt":{"rendered":"<p>Te contamos como est\u00e1n las nuevas ayudas para rehabilitar edificios en las comunidades aut\u00f3nomos con el nuevo plan de reformas para 2021<\/p>\n","protected":false},"author":20,"featured_media":18018,"comment_status":"open","ping_status":"open","sticky":false,"template":"","format":"standard","meta":{"_acf_changed":false,"_et_pb_use_builder":"","_et_pb_old_content":"","_et_gb_content_width":"","om_disable_all_campaigns":false,"inline_featured_image":false,"footnotes":""},"categories":[1021],"tags":[],"class_list":{"0":"post-18017","1":"post","2":"type-post","3":"status-publish","4":"format-standard","5":"has-post-thumbnail","7":"category-ayudas"},"acf":{"selector_de_usuario":"","fecha_de_revision":null},"yoast_head":"<!-- This site is optimized with the Yoast SEO plugin v27.1 - https:\/\/yoast.com\/product\/yoast-seo-wordpress\/ -->\n<title>Ayudas para rehabilitar edificios | TeamSystem Facturas Billin<\/title>\n<meta name=\"description\" content=\"Te contamos como est\u00e1n las nuevas ayudas para rehabilitar edificios en las comunidades aut\u00f3nomos con el nuevo plan de reformas para 2021\" \/>\n<meta name=\"robots\" content=\"index, follow, max-snippet:-1, max-image-preview:large, max-video-preview:-1\" \/>\n<link rel=\"canonical\" href=\"https:\/\/www.billin.net\/blog\/ayudas-comunidades-autonomas-rehabilitar-edificios\/\" \/>\n<meta property=\"og:locale\" content=\"es_ES\" \/>\n<meta property=\"og:type\" content=\"article\" \/>\n<meta property=\"og:title\" content=\"Ayudas para rehabilitar edificios | TeamSystem Facturas Billin\" \/>\n<meta property=\"og:description\" content=\"Te contamos como est\u00e1n las nuevas ayudas para rehabilitar edificios en las comunidades aut\u00f3nomos con el nuevo plan de reformas para 2021\" \/>\n<meta property=\"og:url\" content=\"https:\/\/www.billin.net\/blog\/ayudas-comunidades-autonomas-rehabilitar-edificios\/\" \/>\n<meta property=\"og:site_name\" content=\"Blog de TeamSystem Facturas Billin\" \/>\n<meta property=\"article:publisher\" content=\"https:\/\/www.facebook.com\/EsBillin\" \/>\n<meta property=\"article:published_time\" content=\"2021-07-28T08:58:04+00:00\" \/>\n<meta property=\"article:modified_time\" content=\"2025-09-25T18:40:52+00:00\" \/>\n<meta property=\"og:image\" content=\"https:\/\/www.billin.net\/blog\/wp-content\/uploads\/2021\/07\/ayudas-rehabilitacion-comunidades-autonomas.jpg\" \/>\n\t<meta property=\"og:image:width\" content=\"1920\" \/>\n\t<meta property=\"og:image:height\" content=\"1277\" \/>\n\t<meta property=\"og:image:type\" content=\"image\/jpeg\" \/>\n<meta name=\"author\" content=\"Marcos De La Cueva - CEO TeamSystem Facturas Billin\" \/>\n<meta name=\"twitter:card\" content=\"summary_large_image\" \/>\n<meta name=\"twitter:creator\" content=\"@Billin_ES\" \/>\n<meta name=\"twitter:site\" content=\"@Billin_ES\" \/>\n<meta name=\"twitter:label1\" content=\"Escrito por\" \/>\n\t<meta name=\"twitter:data1\" content=\"Marcos De La Cueva - CEO TeamSystem Facturas Billin\" \/>\n\t<meta name=\"twitter:label2\" content=\"Tiempo de lectura\" \/>\n\t<meta name=\"twitter:data2\" content=\"4 minutos\" \/>\n<script type=\"application\/ld+json\" class=\"yoast-schema-graph\">{\"@context\":\"https:\/\/schema.org\",\"@graph\":[{\"@type\":\"Article\",\"@id\":\"https:\/\/www.billin.net\/blog\/ayudas-comunidades-autonomas-rehabilitar-edificios\/#article\",\"isPartOf\":{\"@id\":\"https:\/\/www.billin.net\/blog\/ayudas-comunidades-autonomas-rehabilitar-edificios\/\"},\"author\":{\"name\":\"Marcos De La Cueva - CEO TeamSystem Facturas Billin\",\"@id\":\"https:\/\/www.billin.net\/blog\/#\/schema\/person\/d0339ee6e869234614541b1e80a793e7\"},\"headline\":\"Ayudas de las comunidades Aut\u00f3nomas para rehabilitar viviendas\",\"datePublished\":\"2021-07-28T08:58:04+00:00\",\"dateModified\":\"2025-09-25T18:40:52+00:00\",\"mainEntityOfPage\":{\"@id\":\"https:\/\/www.billin.net\/blog\/ayudas-comunidades-autonomas-rehabilitar-edificios\/\"},\"wordCount\":837,\"commentCount\":0,\"publisher\":{\"@id\":\"https:\/\/www.billin.net\/blog\/#organization\"},\"image\":{\"@id\":\"https:\/\/www.billin.net\/blog\/ayudas-comunidades-autonomas-rehabilitar-edificios\/#primaryimage\"},\"thumbnailUrl\":\"https:\/\/www.billin.net\/blog\/wp-content\/uploads\/2021\/07\/ayudas-rehabilitacion-comunidades-autonomas.jpg\",\"articleSection\":[\"Ayudas\"],\"inLanguage\":\"es\",\"potentialAction\":[{\"@type\":\"CommentAction\",\"name\":\"Comment\",\"target\":[\"https:\/\/www.billin.net\/blog\/ayudas-comunidades-autonomas-rehabilitar-edificios\/#respond\"]}]},{\"@type\":\"WebPage\",\"@id\":\"https:\/\/www.billin.net\/blog\/ayudas-comunidades-autonomas-rehabilitar-edificios\/\",\"url\":\"https:\/\/www.billin.net\/blog\/ayudas-comunidades-autonomas-rehabilitar-edificios\/\",\"name\":\"Ayudas para rehabilitar edificios | TeamSystem Facturas Billin\",\"isPartOf\":{\"@id\":\"https:\/\/www.billin.net\/blog\/#website\"},\"primaryImageOfPage\":{\"@id\":\"https:\/\/www.billin.net\/blog\/ayudas-comunidades-autonomas-rehabilitar-edificios\/#primaryimage\"},\"image\":{\"@id\":\"https:\/\/www.billin.net\/blog\/ayudas-comunidades-autonomas-rehabilitar-edificios\/#primaryimage\"},\"thumbnailUrl\":\"https:\/\/www.billin.net\/blog\/wp-content\/uploads\/2021\/07\/ayudas-rehabilitacion-comunidades-autonomas.jpg\",\"datePublished\":\"2021-07-28T08:58:04+00:00\",\"dateModified\":\"2025-09-25T18:40:52+00:00\",\"description\":\"Te contamos como est\u00e1n las nuevas ayudas para rehabilitar edificios en las comunidades aut\u00f3nomos con el nuevo plan de reformas para 2021\",\"breadcrumb\":{\"@id\":\"https:\/\/www.billin.net\/blog\/ayudas-comunidades-autonomas-rehabilitar-edificios\/#breadcrumb\"},\"inLanguage\":\"es\",\"potentialAction\":[{\"@type\":\"ReadAction\",\"target\":[\"https:\/\/www.billin.net\/blog\/ayudas-comunidades-autonomas-rehabilitar-edificios\/\"]}]},{\"@type\":\"ImageObject\",\"inLanguage\":\"es\",\"@id\":\"https:\/\/www.billin.net\/blog\/ayudas-comunidades-autonomas-rehabilitar-edificios\/#primaryimage\",\"url\":\"https:\/\/www.billin.net\/blog\/wp-content\/uploads\/2021\/07\/ayudas-rehabilitacion-comunidades-autonomas.jpg\",\"contentUrl\":\"https:\/\/www.billin.net\/blog\/wp-content\/uploads\/2021\/07\/ayudas-rehabilitacion-comunidades-autonomas.jpg\",\"width\":1920,\"height\":1277,\"caption\":\"ayudas de las comunidades autonomas rehabilitar edificios\"},{\"@type\":\"BreadcrumbList\",\"@id\":\"https:\/\/www.billin.net\/blog\/ayudas-comunidades-autonomas-rehabilitar-edificios\/#breadcrumb\",\"itemListElement\":[{\"@type\":\"ListItem\",\"position\":1,\"name\":\"Blog\",\"item\":\"https:\/\/www.billin.net\/blog\/\"},{\"@type\":\"ListItem\",\"position\":2,\"name\":\"Ayudas\",\"item\":\"https:\/\/www.billin.net\/blog\/ayudas\/\"},{\"@type\":\"ListItem\",\"position\":3,\"name\":\"Ayudas de las comunidades Aut\u00f3nomas para rehabilitar viviendas\"}]},{\"@type\":\"WebSite\",\"@id\":\"https:\/\/www.billin.net\/blog\/#website\",\"url\":\"https:\/\/www.billin.net\/blog\/\",\"name\":\"Blog de Billin\",\"description\":\"Mantente informado con el blog de TeamSystem Facturas Billin:  facturaci\u00f3n, legislaci\u00f3n, contabilidad, management y toda la informaci\u00f3n \u00fatil para pymes y aut\u00f3nomos.\",\"publisher\":{\"@id\":\"https:\/\/www.billin.net\/blog\/#organization\"},\"potentialAction\":[{\"@type\":\"SearchAction\",\"target\":{\"@type\":\"EntryPoint\",\"urlTemplate\":\"https:\/\/www.billin.net\/blog\/?s={search_term_string}\"},\"query-input\":{\"@type\":\"PropertyValueSpecification\",\"valueRequired\":true,\"valueName\":\"search_term_string\"}}],\"inLanguage\":\"es\"},{\"@type\":\"Organization\",\"@id\":\"https:\/\/www.billin.net\/blog\/#organization\",\"name\":\"Billin\",\"alternateName\":\"Blog de Billin\",\"url\":\"https:\/\/www.billin.net\/blog\/\",\"logo\":{\"@type\":\"ImageObject\",\"inLanguage\":\"es\",\"@id\":\"https:\/\/www.billin.net\/blog\/#\/schema\/logo\/image\/\",\"url\":\"https:\/\/www.billin.net\/blog\/wp-content\/uploads\/2019\/06\/logotipo-billin-blog-1.png\",\"contentUrl\":\"https:\/\/www.billin.net\/blog\/wp-content\/uploads\/2019\/06\/logotipo-billin-blog-1.png\",\"width\":126,\"height\":50,\"caption\":\"Billin\"},\"image\":{\"@id\":\"https:\/\/www.billin.net\/blog\/#\/schema\/logo\/image\/\"},\"sameAs\":[\"https:\/\/www.facebook.com\/EsBillin\",\"https:\/\/x.com\/Billin_ES\",\"https:\/\/www.instagram.com\/billin_es\/\",\"https:\/\/www.linkedin.com\/company\/billin-spain\",\"https:\/\/www.youtube.com\/c\/BillinEsintercambiodefacturas\/\"],\"legalName\":\"MY EXPENSES SL\",\"contactPoint\":{\"@type\":\"ContactPoint\",\"telephone\":\"+34918318883\",\"contactType\":\"customer service\",\"email\":\"info@billin.eu\",\"availableLanguage\":\"es\"},\"foundingDate\":\"2015\",\"numberOfEmployees\":{\"@type\":\"QuantitativeValue\",\"minValue\":10,\"maxValue\":50},\"parentOrganization\":{\"@type\":\"Organization\",\"name\":\"TeamSystem\",\"url\":\"https:\/\/www.teamsystem.com\/\"},\"description\":\"Billin es el programa de facturaci\u00f3n online de TeamSystem para aut\u00f3nomos y pymes en Espa\u00f1a. Permite crear facturas, controlar gastos y cumplir con Verifactu.\",\"address\":{\"@type\":\"PostalAddress\",\"streetAddress\":\"Calle Arturo Soria, 336\",\"addressLocality\":\"Madrid\",\"addressRegion\":\"Madrid\",\"postalCode\":\"28033\",\"addressCountry\":\"ES\"}},{\"@type\":\"Person\",\"@id\":\"https:\/\/www.billin.net\/blog\/#\/schema\/person\/d0339ee6e869234614541b1e80a793e7\",\"name\":\"Marcos De La Cueva - CEO TeamSystem Facturas Billin\",\"image\":{\"@type\":\"ImageObject\",\"inLanguage\":\"es\",\"@id\":\"https:\/\/www.billin.net\/blog\/#\/schema\/person\/image\/\",\"url\":\"https:\/\/www.billin.net\/blog\/wp-content\/uploads\/2023\/10\/marcos-color-150x150.png\",\"contentUrl\":\"https:\/\/www.billin.net\/blog\/wp-content\/uploads\/2023\/10\/marcos-color-150x150.png\",\"caption\":\"Marcos De La Cueva - CEO TeamSystem Facturas Billin\"},\"description\":\"Licenciado en ADE por la Universidad Aut\u00f3noma de Madrid, Marcos De la Cueva es CEO y cofundador de TeamSystem Facturas Billin, un programa online que lleva m\u00e1s de 9 a\u00f1os ayudando a aut\u00f3nomos, peque\u00f1os negocios y gestor\u00edas a digitalizar sus presupuestos, facturas, tickets y gastos. \u00a0 Sobre Marcos De La Cueva \u00a0 Apasionado por el mundo empresarial y la tecnolog\u00eda, curs\u00f3 su M\u00e1ster de Finanzas en la Universidad Pontificia de Comillas y estuvo en el Programa de Cooperaci\u00f3n Educativa de la Universidad Aut\u00f3noma de Madrid. \u00a0 Marcos siempre ha tenido su objetivo claro: ayudar a la creaci\u00f3n de negocios financieramente sostenibles a trav\u00e9s de una herramienta de facturaci\u00f3n que les permita ahorrar tiempo y tener la contabilidad bajo control. \u00a0 Marcos De La Cueva en los medios \u2014 Noticia sobre Kit Digital y Ley Antifraude (VeriFactu) en El Economista. \u2014 Noticia sobre Kit Digital y factura electr\u00f3nica obligatoria en Diario Jur\u00eddico. \u2014 Noticia sobre el a\u00f1o de transici\u00f3n para la factura electr\u00f3nica en Muy Pymes. \u2014 Entrevista sobre factura electr\u00f3nica obligatoria en Canal Sur. \u2014 Noticia sobre el informe factura electr\u00f3nica de TeamSystem en Channel Partner. \u2014 Charla sobre productividad y Ley Crea y Crece en El Economista. \u2014 Charla sobre factura electr\u00f3nica obligatoria en Muy Pymes. \u2014 Charla sobre digitalizaci\u00f3n aut\u00f3nomos y productividad en esdiario. \u2014 Charla sobre productividad y factura electr\u00f3nica en La Raz\u00f3n. \u2014 Charla sobre factura electr\u00f3nica obligatoria en Aut\u00f3nomos y Emprendedores. \u2014 Entrevista sobre Ley Antifraude y Ley Crea y Crece en Expansi\u00f3n. \u2014 Entrevista sobre Ley Antifraude y Ley Crea y Crece en La Raz\u00f3n. \u2014 Entrevista sobre factura electr\u00f3nica obligatoria en El Economista. \u2014 Comunicado Billin y TeamSystem en Business Insider. \u2014 Entrevista en Econom\u00eda Digital. \u2014 Entrevista en Ideas para tu empresa de Vodafone. \u2014 Entrevista en M\u00e1sQradio. \u2014 Entrevista en Armas para emprender de El M\u00e9todo Gallardo. \u2014 Entrevista en KFund. \u2014 Entrevista en AXA Seguros Espa\u00f1a. \u2014 Entrevista en GestionaRadio. \u00a0 Marcos De La Cueva en eventos \u00a0 \u2014 Participaci\u00f3n como ponente en Accountex Espa\u00f1a 2023. \u00a0 Tem\u00e1ticas de especializaci\u00f3n \u00a0 negocios | startups | contabilidad| fiscalidad | empresas| asesor\u00edas| autonomos | emprendedores | peque\u00f1os negocios | econom\u00eda | ADE | pymes | desarrollo de negocio\u00a0\",\"sameAs\":[\"https:\/\/www.billin.net\/\",\"https:\/\/www.linkedin.com\/in\/marcos-de-la-cueva-19750ba3\/\"],\"url\":\"https:\/\/www.billin.net\/blog\/author\/marcosdelacueva\/\",\"jobTitle\":\"CEO y cofundador de TS Facturas Billin\"}]}<\/script>\n<!-- \/ Yoast SEO plugin. -->","yoast_head_json":{"title":"Ayudas para rehabilitar edificios | TeamSystem Facturas Billin","description":"Te contamos como est\u00e1n las nuevas ayudas para rehabilitar edificios en las comunidades aut\u00f3nomos con el nuevo plan de reformas para 2021","robots":{"index":"index","follow":"follow","max-snippet":"max-snippet:-1","max-image-preview":"max-image-preview:large","max-video-preview":"max-video-preview:-1"},"canonical":"https:\/\/www.billin.net\/blog\/ayudas-comunidades-autonomas-rehabilitar-edificios\/","og_locale":"es_ES","og_type":"article","og_title":"Ayudas para rehabilitar edificios | TeamSystem Facturas Billin","og_description":"Te contamos como est\u00e1n las nuevas ayudas para rehabilitar edificios en las comunidades aut\u00f3nomos con el nuevo plan de reformas para 2021","og_url":"https:\/\/www.billin.net\/blog\/ayudas-comunidades-autonomas-rehabilitar-edificios\/","og_site_name":"Blog de TeamSystem Facturas Billin","article_publisher":"https:\/\/www.facebook.com\/EsBillin","article_published_time":"2021-07-28T08:58:04+00:00","article_modified_time":"2025-09-25T18:40:52+00:00","og_image":[{"width":1920,"height":1277,"url":"https:\/\/www.billin.net\/blog\/wp-content\/uploads\/2021\/07\/ayudas-rehabilitacion-comunidades-autonomas.jpg","type":"image\/jpeg"}],"author":"Marcos De La Cueva - CEO TeamSystem Facturas Billin","twitter_card":"summary_large_image","twitter_creator":"@Billin_ES","twitter_site":"@Billin_ES","twitter_misc":{"Escrito por":"Marcos De La Cueva - CEO TeamSystem Facturas Billin","Tiempo de lectura":"4 minutos"},"schema":{"@context":"https:\/\/schema.org","@graph":[{"@type":"Article","@id":"https:\/\/www.billin.net\/blog\/ayudas-comunidades-autonomas-rehabilitar-edificios\/#article","isPartOf":{"@id":"https:\/\/www.billin.net\/blog\/ayudas-comunidades-autonomas-rehabilitar-edificios\/"},"author":{"name":"Marcos De La Cueva - CEO TeamSystem Facturas Billin","@id":"https:\/\/www.billin.net\/blog\/#\/schema\/person\/d0339ee6e869234614541b1e80a793e7"},"headline":"Ayudas de las comunidades Aut\u00f3nomas para rehabilitar viviendas","datePublished":"2021-07-28T08:58:04+00:00","dateModified":"2025-09-25T18:40:52+00:00","mainEntityOfPage":{"@id":"https:\/\/www.billin.net\/blog\/ayudas-comunidades-autonomas-rehabilitar-edificios\/"},"wordCount":837,"commentCount":0,"publisher":{"@id":"https:\/\/www.billin.net\/blog\/#organization"},"image":{"@id":"https:\/\/www.billin.net\/blog\/ayudas-comunidades-autonomas-rehabilitar-edificios\/#primaryimage"},"thumbnailUrl":"https:\/\/www.billin.net\/blog\/wp-content\/uploads\/2021\/07\/ayudas-rehabilitacion-comunidades-autonomas.jpg","articleSection":["Ayudas"],"inLanguage":"es","potentialAction":[{"@type":"CommentAction","name":"Comment","target":["https:\/\/www.billin.net\/blog\/ayudas-comunidades-autonomas-rehabilitar-edificios\/#respond"]}]},{"@type":"WebPage","@id":"https:\/\/www.billin.net\/blog\/ayudas-comunidades-autonomas-rehabilitar-edificios\/","url":"https:\/\/www.billin.net\/blog\/ayudas-comunidades-autonomas-rehabilitar-edificios\/","name":"Ayudas para rehabilitar edificios | TeamSystem Facturas Billin","isPartOf":{"@id":"https:\/\/www.billin.net\/blog\/#website"},"primaryImageOfPage":{"@id":"https:\/\/www.billin.net\/blog\/ayudas-comunidades-autonomas-rehabilitar-edificios\/#primaryimage"},"image":{"@id":"https:\/\/www.billin.net\/blog\/ayudas-comunidades-autonomas-rehabilitar-edificios\/#primaryimage"},"thumbnailUrl":"https:\/\/www.billin.net\/blog\/wp-content\/uploads\/2021\/07\/ayudas-rehabilitacion-comunidades-autonomas.jpg","datePublished":"2021-07-28T08:58:04+00:00","dateModified":"2025-09-25T18:40:52+00:00","description":"Te contamos como est\u00e1n las nuevas ayudas para rehabilitar edificios en las comunidades aut\u00f3nomos con el nuevo plan de reformas para 2021","breadcrumb":{"@id":"https:\/\/www.billin.net\/blog\/ayudas-comunidades-autonomas-rehabilitar-edificios\/#breadcrumb"},"inLanguage":"es","potentialAction":[{"@type":"ReadAction","target":["https:\/\/www.billin.net\/blog\/ayudas-comunidades-autonomas-rehabilitar-edificios\/"]}]},{"@type":"ImageObject","inLanguage":"es","@id":"https:\/\/www.billin.net\/blog\/ayudas-comunidades-autonomas-rehabilitar-edificios\/#primaryimage","url":"https:\/\/www.billin.net\/blog\/wp-content\/uploads\/2021\/07\/ayudas-rehabilitacion-comunidades-autonomas.jpg","contentUrl":"https:\/\/www.billin.net\/blog\/wp-content\/uploads\/2021\/07\/ayudas-rehabilitacion-comunidades-autonomas.jpg","width":1920,"height":1277,"caption":"ayudas de las comunidades autonomas rehabilitar edificios"},{"@type":"BreadcrumbList","@id":"https:\/\/www.billin.net\/blog\/ayudas-comunidades-autonomas-rehabilitar-edificios\/#breadcrumb","itemListElement":[{"@type":"ListItem","position":1,"name":"Blog","item":"https:\/\/www.billin.net\/blog\/"},{"@type":"ListItem","position":2,"name":"Ayudas","item":"https:\/\/www.billin.net\/blog\/ayudas\/"},{"@type":"ListItem","position":3,"name":"Ayudas de las comunidades Aut\u00f3nomas para rehabilitar viviendas"}]},{"@type":"WebSite","@id":"https:\/\/www.billin.net\/blog\/#website","url":"https:\/\/www.billin.net\/blog\/","name":"Blog de Billin","description":"Mantente informado con el blog de TeamSystem Facturas Billin:  facturaci\u00f3n, legislaci\u00f3n, contabilidad, management y toda la informaci\u00f3n \u00fatil para pymes y aut\u00f3nomos.","publisher":{"@id":"https:\/\/www.billin.net\/blog\/#organization"},"potentialAction":[{"@type":"SearchAction","target":{"@type":"EntryPoint","urlTemplate":"https:\/\/www.billin.net\/blog\/?s={search_term_string}"},"query-input":{"@type":"PropertyValueSpecification","valueRequired":true,"valueName":"search_term_string"}}],"inLanguage":"es"},{"@type":"Organization","@id":"https:\/\/www.billin.net\/blog\/#organization","name":"Billin","alternateName":"Blog de Billin","url":"https:\/\/www.billin.net\/blog\/","logo":{"@type":"ImageObject","inLanguage":"es","@id":"https:\/\/www.billin.net\/blog\/#\/schema\/logo\/image\/","url":"https:\/\/www.billin.net\/blog\/wp-content\/uploads\/2019\/06\/logotipo-billin-blog-1.png","contentUrl":"https:\/\/www.billin.net\/blog\/wp-content\/uploads\/2019\/06\/logotipo-billin-blog-1.png","width":126,"height":50,"caption":"Billin"},"image":{"@id":"https:\/\/www.billin.net\/blog\/#\/schema\/logo\/image\/"},"sameAs":["https:\/\/www.facebook.com\/EsBillin","https:\/\/x.com\/Billin_ES","https:\/\/www.instagram.com\/billin_es\/","https:\/\/www.linkedin.com\/company\/billin-spain","https:\/\/www.youtube.com\/c\/BillinEsintercambiodefacturas\/"],"legalName":"MY EXPENSES SL","contactPoint":{"@type":"ContactPoint","telephone":"+34918318883","contactType":"customer service","email":"info@billin.eu","availableLanguage":"es"},"foundingDate":"2015","numberOfEmployees":{"@type":"QuantitativeValue","minValue":10,"maxValue":50},"parentOrganization":{"@type":"Organization","name":"TeamSystem","url":"https:\/\/www.teamsystem.com\/"},"description":"Billin es el programa de facturaci\u00f3n online de TeamSystem para aut\u00f3nomos y pymes en Espa\u00f1a. Permite crear facturas, controlar gastos y cumplir con Verifactu.","address":{"@type":"PostalAddress","streetAddress":"Calle Arturo Soria, 336","addressLocality":"Madrid","addressRegion":"Madrid","postalCode":"28033","addressCountry":"ES"}},{"@type":"Person","@id":"https:\/\/www.billin.net\/blog\/#\/schema\/person\/d0339ee6e869234614541b1e80a793e7","name":"Marcos De La Cueva - CEO TeamSystem Facturas Billin","image":{"@type":"ImageObject","inLanguage":"es","@id":"https:\/\/www.billin.net\/blog\/#\/schema\/person\/image\/","url":"https:\/\/www.billin.net\/blog\/wp-content\/uploads\/2023\/10\/marcos-color-150x150.png","contentUrl":"https:\/\/www.billin.net\/blog\/wp-content\/uploads\/2023\/10\/marcos-color-150x150.png","caption":"Marcos De La Cueva - CEO TeamSystem Facturas Billin"},"description":"Licenciado en ADE por la Universidad Aut\u00f3noma de Madrid, Marcos De la Cueva es CEO y cofundador de TeamSystem Facturas Billin, un programa online que lleva m\u00e1s de 9 a\u00f1os ayudando a aut\u00f3nomos, peque\u00f1os negocios y gestor\u00edas a digitalizar sus presupuestos, facturas, tickets y gastos. \u00a0 Sobre Marcos De La Cueva \u00a0 Apasionado por el mundo empresarial y la tecnolog\u00eda, curs\u00f3 su M\u00e1ster de Finanzas en la Universidad Pontificia de Comillas y estuvo en el Programa de Cooperaci\u00f3n Educativa de la Universidad Aut\u00f3noma de Madrid. \u00a0 Marcos siempre ha tenido su objetivo claro: ayudar a la creaci\u00f3n de negocios financieramente sostenibles a trav\u00e9s de una herramienta de facturaci\u00f3n que les permita ahorrar tiempo y tener la contabilidad bajo control. \u00a0 Marcos De La Cueva en los medios \u2014 Noticia sobre Kit Digital y Ley Antifraude (VeriFactu) en El Economista. \u2014 Noticia sobre Kit Digital y factura electr\u00f3nica obligatoria en Diario Jur\u00eddico. \u2014 Noticia sobre el a\u00f1o de transici\u00f3n para la factura electr\u00f3nica en Muy Pymes. \u2014 Entrevista sobre factura electr\u00f3nica obligatoria en Canal Sur. \u2014 Noticia sobre el informe factura electr\u00f3nica de TeamSystem en Channel Partner. \u2014 Charla sobre productividad y Ley Crea y Crece en El Economista. \u2014 Charla sobre factura electr\u00f3nica obligatoria en Muy Pymes. \u2014 Charla sobre digitalizaci\u00f3n aut\u00f3nomos y productividad en esdiario. \u2014 Charla sobre productividad y factura electr\u00f3nica en La Raz\u00f3n. \u2014 Charla sobre factura electr\u00f3nica obligatoria en Aut\u00f3nomos y Emprendedores. \u2014 Entrevista sobre Ley Antifraude y Ley Crea y Crece en Expansi\u00f3n. \u2014 Entrevista sobre Ley Antifraude y Ley Crea y Crece en La Raz\u00f3n. \u2014 Entrevista sobre factura electr\u00f3nica obligatoria en El Economista. \u2014 Comunicado Billin y TeamSystem en Business Insider. \u2014 Entrevista en Econom\u00eda Digital. \u2014 Entrevista en Ideas para tu empresa de Vodafone. \u2014 Entrevista en M\u00e1sQradio. \u2014 Entrevista en Armas para emprender de El M\u00e9todo Gallardo. \u2014 Entrevista en KFund. \u2014 Entrevista en AXA Seguros Espa\u00f1a. \u2014 Entrevista en GestionaRadio. \u00a0 Marcos De La Cueva en eventos \u00a0 \u2014 Participaci\u00f3n como ponente en Accountex Espa\u00f1a 2023. \u00a0 Tem\u00e1ticas de especializaci\u00f3n \u00a0 negocios | startups | contabilidad| fiscalidad | empresas| asesor\u00edas| autonomos | emprendedores | peque\u00f1os negocios | econom\u00eda | ADE | pymes | desarrollo de negocio\u00a0","sameAs":["https:\/\/www.billin.net\/","https:\/\/www.linkedin.com\/in\/marcos-de-la-cueva-19750ba3\/"],"url":"https:\/\/www.billin.net\/blog\/author\/marcosdelacueva\/","jobTitle":"CEO y cofundador de TS Facturas Billin"}]}},"_links":{"self":[{"href":"https:\/\/www.billin.net\/blog\/wp-json\/wp\/v2\/posts\/18017","targetHints":{"allow":["GET"]}}],"collection":[{"href":"https:\/\/www.billin.net\/blog\/wp-json\/wp\/v2\/posts"}],"about":[{"href":"https:\/\/www.billin.net\/blog\/wp-json\/wp\/v2\/types\/post"}],"author":[{"embeddable":true,"href":"https:\/\/www.billin.net\/blog\/wp-json\/wp\/v2\/users\/20"}],"replies":[{"embeddable":true,"href":"https:\/\/www.billin.net\/blog\/wp-json\/wp\/v2\/comments?post=18017"}],"version-history":[{"count":4,"href":"https:\/\/www.billin.net\/blog\/wp-json\/wp\/v2\/posts\/18017\/revisions"}],"predecessor-version":[{"id":26944,"href":"https:\/\/www.billin.net\/blog\/wp-json\/wp\/v2\/posts\/18017\/revisions\/26944"}],"wp:featuredmedia":[{"embeddable":true,"href":"https:\/\/www.billin.net\/blog\/wp-json\/wp\/v2\/media\/18018"}],"wp:attachment":[{"href":"https:\/\/www.billin.net\/blog\/wp-json\/wp\/v2\/media?parent=18017"}],"wp:term":[{"taxonomy":"category","embeddable":true,"href":"https:\/\/www.billin.net\/blog\/wp-json\/wp\/v2\/categories?post=18017"},{"taxonomy":"post_tag","embeddable":true,"href":"https:\/\/www.billin.net\/blog\/wp-json\/wp\/v2\/tags?post=18017"}],"curies":[{"name":"wp","href":"https:\/\/api.w.org\/{rel}","templated":true}]}}