{"id":17926,"date":"2021-07-02T00:00:00","date_gmt":"2021-07-01T22:00:00","guid":{"rendered":"https:\/\/www.billin.net\/blog\/?p=17926"},"modified":"2025-09-25T20:41:22","modified_gmt":"2025-09-25T18:41:22","slug":"tarifa-plana-autonomos-societarios","status":"publish","type":"post","link":"https:\/\/www.billin.net\/blog\/tarifa-plana-autonomos-societarios\/","title":{"rendered":"La tarifa plana para aut\u00f3nomos societarios"},"content":{"rendered":"<p>Los <strong>aut\u00f3nomos societarios<\/strong> desde el a\u00f1o 2020 ya pueden beneficiarse de la <a href=\"https:\/\/www.billin.net\/blog\/requisitos-cumplir-tarifa-plana\/\">tarifa plana de aut\u00f3nomos<\/a>, aunque tendr\u00e1n algunas diferencias con la que se aplican el resto de aut\u00f3nomos.<\/p>\n<p>Te explicamos todo lo que necesitas saber en detalle.<\/p>\n<p><!--more--><\/p>\n<h2><strong>\u00bfQu\u00e9 es el aut\u00f3nomo societario?<\/strong><\/h2>\n<p>Podemos definir al <a href=\"https:\/\/www.billin.net\/blog\/autonomo-societario\/\" target=\"_blank\" rel=\"noopener\">aut\u00f3nomo societario<\/a>, como un aut\u00f3nomo normal, con la diferencia de que ha creado una sociedad mercantil para explotar su idea de negocio, la cual, tendr\u00e1 sus <strong>obligaciones fiscales<\/strong>, que no tienen por qu\u00e9 ser las mismas que el propio aut\u00f3nomo societario.<\/p>\n<p>Con esta figura, el aut\u00f3nomo societario, proteger\u00e1 el <a href=\"https:\/\/www.billin.net\/glosario\/definicion-patrimonio\/\">patrimonio personal<\/a> del empresarial, ya que, la sociedad mercantil se encargar\u00e1 de declarar la actividad econ\u00f3mica por la que se cre\u00f3.<\/p>\n<p>Ser\u00e1 obligatorio, que los socios o administradores, se den de alta en el R\u00e9gimen Especial de Trabajadores Aut\u00f3nomos, cuando se den los siguientes requisitos:<\/p>\n<ul>\n<li><a href=\"https:\/\/www.billin.net\/glosario\/definicion-administrador\/\"><strong>Administrador<\/strong>:<\/a> deber\u00e1n darse de alta en el RETA los administradores que desarrollen las funciones de direcci\u00f3n de la empresa, y, adem\u00e1s, tengan un 25% del capital social, el cual, emitir\u00e1 una <a href=\"https:\/\/www.billin.net\/blog\/que-es-una-factura\/\/\">factura<\/a> mensual a la sociedad, para el cobro de su servicio prestado.<\/li>\n<li><strong>Aut\u00f3nomos sin labores directivas<\/strong>:\n<ul>\n<li>Si el socio posee menos del 33% del capital social, este podr\u00e1 cotizar en el R\u00e9gimen General de la Seguridad Social.<\/li>\n<li>Si el socio posee m\u00e1s del 33% del capital social, entonces deber\u00e1 darse de alta en el RETA y emitir su factura mensual.<\/li>\n<li>Si el socio convive con otro socio de la misma sociedad, y este supera el 50% del capital social, tambi\u00e9n tendr\u00e1 que darse de alta en el RETA.<\/li>\n<\/ul>\n<\/li>\n<\/ul>\n<h2><strong>\u00bfQu\u00e9 es la tarifa plana para aut\u00f3nomo societario?<\/strong><\/h2>\n<p><strong>Esta tarifa plana consiste en una bonificaci\u00f3n para el aut\u00f3nomo<\/strong> <strong>societario<\/strong> de la tarifa plana, la cual,\u00a0 implica una reducci\u00f3n de la cuota a pagar.<\/p>\n<p>Para ello hay que cumplir los siguientes requisitos:<\/p>\n<ol>\n<li>Que sea la primera vez que se tramita el alta en el RETA o bien que ya hayan transcurrido dos a\u00f1os sin ser aut\u00f3nomo, o si la persona se benefici\u00f3 en su momento de la tarifa plana.<\/li>\n<li>\u00a0No tener deudas, ni con la Seguridad Social ni con la Agencia Tributaria.<\/li>\n<\/ol>\n<h2><strong>\u00bfCu\u00e1l es la cuota de aut\u00f3nomo societario?<\/strong><\/h2>\n<p>Ahora bien, la diferencia entre la <strong>tarifa plana de un aut\u00f3nomo societario<\/strong> y un aut\u00f3nomo general est\u00e1 en la base de cotizaci\u00f3n.<\/p>\n<p>Los aut\u00f3nomos, en general, si eligen la <a href=\"https:\/\/www.billin.net\/blog\/base-de-cotizacion-autonomos\/\">base m\u00ednima de cotizaci\u00f3n<\/a>\u00a0supone una cuota a pagar de 230 euros, pero con la tarifa plana quedar\u00eda de la siguiente manera:<\/p>\n<ul>\n<li>Los 12 primeros meses una cuota fija de 80 euros.<\/li>\n<li>Los 6 meses siguientes pagar\u00e1n el 50% de la cuota de aut\u00f3nomos.<\/li>\n<li>Los \u00faltimos 6 meses se bonificar\u00e1n en un 30% la cuota de aut\u00f3nomos.<\/li>\n<\/ul>\n<p>Para el caso de los <strong>aut\u00f3nomos societarios<\/strong>, si eligen la base m\u00ednima de cotizaci\u00f3n 1.234,86, su tarifa plana estar\u00eda en torno a los 85 euros durante los primeros doce meses, del mes 12 al 18 tendr\u00eda una reducci\u00f3n del 50% y del mes 18 al 24 una bonificaci\u00f3n del 30% sobre la cuota a ingresar.<\/p>\n<p>\u27a8 Aqu\u00ed te dejamos esta \u00fatil <strong><a href=\"https:\/\/www.billin.net\/calculadora-cuota-autonomos\/\" target=\"_blank\" rel=\"noopener noreferrer\">calculadora de la cuota aut\u00f3nomo<\/a><\/strong><\/p>\n<h2><strong>Requisitos para la tarifa plana de aut\u00f3nomos societarios<\/strong><\/h2>\n<p>Los requisitos para que un <strong>aut\u00f3nomo societario<\/strong> pueda acceder a la tarifa plana, como hemos comentado anteriormente, son los mismos que para cualquier otro aut\u00f3nomo, la \u00fanica diferencia, es el importe que se pagar\u00e1 por la cuota de aut\u00f3nomo, ya que, las bases de cotizaci\u00f3n son diferentes.<\/p>\n<h3><strong>\u00bfCu\u00e1nto se ahorra un aut\u00f3nomo societario en 24 meses con la tarifa plana?<\/strong><\/h3>\n<p>Veamos lo que un <strong>aut\u00f3nomo societario<\/strong> puede llegar a ahorrarse en costes sociales si tiene derecho a beneficiarse de la tarifa plana.<\/p>\n<p>La cuota mensual de un aut\u00f3nomo societario si elige la base m\u00ednima de 1.234,86 euros es 377,87 euros.<\/p>\n<p>Ahora imagina que tiene derecho a la tarifa plana de aut\u00f3nomos societarios:<\/p>\n<table class=\"mtr-table mtr-tr-td\">\n<tbody>\n<tr>\n<td width=\"142\" data-mtr-content=\"PERIODO\" class=\"mtr-td-tag\"><div class=\"mtr-cell-content\"><strong>PERIODO<\/strong><\/div><\/td>\n<td width=\"142\" data-mtr-content=\"Con tarifa plana\" class=\"mtr-td-tag\"><div class=\"mtr-cell-content\"><strong>Con tarifa plana<\/strong><\/div><\/td>\n<td width=\"142\" data-mtr-content=\"Sin tarifa plana\" class=\"mtr-td-tag\"><div class=\"mtr-cell-content\"><strong>Sin tarifa plana<\/strong><\/div><\/td>\n<td width=\"142\" data-mtr-content=\"Ahorro\" class=\"mtr-td-tag\"><div class=\"mtr-cell-content\"><strong>Ahorro<\/strong><\/div><\/td>\n<\/tr>\n<tr>\n<td width=\"142\" data-mtr-content=\"PERIODO\" class=\"mtr-td-tag\"><div class=\"mtr-cell-content\">12 primeros meses<\/div><\/td>\n<td width=\"142\" data-mtr-content=\"Con tarifa plana\" class=\"mtr-td-tag\"><div class=\"mtr-cell-content\">85 x 12 = 1.020 \u20ac<\/div><\/td>\n<td width=\"142\" data-mtr-content=\"Sin tarifa plana\" class=\"mtr-td-tag\"><div class=\"mtr-cell-content\">377,87 X 12 = 4.534,44 \u20ac<\/div><\/td>\n<td width=\"142\" data-mtr-content=\"Ahorro\" class=\"mtr-td-tag\"><div class=\"mtr-cell-content\">3.514,44 \u20ac<\/div><\/td>\n<\/tr>\n<tr>\n<td width=\"142\" data-mtr-content=\"PERIODO\" class=\"mtr-td-tag\"><div class=\"mtr-cell-content\">Del mes 12 al 18<\/div><\/td>\n<td width=\"142\" data-mtr-content=\"Con tarifa plana\" class=\"mtr-td-tag\"><div class=\"mtr-cell-content\">377,87 x 50% = 188.93\u00a0 \u20ac\n<p>188.93 x 6 = 1.133,61\u00a0 \u20ac<\/p><\/div><\/td>\n<td width=\"142\" data-mtr-content=\"Sin tarifa plana\" class=\"mtr-td-tag\"><div class=\"mtr-cell-content\">377,87 x 6 = 2.267,22\u202f\u20ac<\/div><\/td>\n<td width=\"142\" data-mtr-content=\"Ahorro\" class=\"mtr-td-tag\"><div class=\"mtr-cell-content\">1.133,61 \u20ac<\/div><\/td>\n<\/tr>\n<tr>\n<td width=\"142\" data-mtr-content=\"PERIODO\" class=\"mtr-td-tag\"><div class=\"mtr-cell-content\">Del mes 18 al 24<\/div><\/td>\n<td width=\"142\" data-mtr-content=\"Con tarifa plana\" class=\"mtr-td-tag\"><div class=\"mtr-cell-content\">377,87 x 70% =\u00a0 264,51 \u20ac\n<p>264,51 \u20ac x 6 = 1.587,05 \u20ac<\/p><\/div><\/td>\n<td width=\"142\" data-mtr-content=\"Sin tarifa plana\" class=\"mtr-td-tag\"><div class=\"mtr-cell-content\">377,87 x 6 = 2.267,22\u202f\u20ac<\/div><\/td>\n<td width=\"142\" data-mtr-content=\"Ahorro\" class=\"mtr-td-tag\"><div class=\"mtr-cell-content\">680,16 \u20ac<\/div><\/td>\n<\/tr>\n<tr>\n<td width=\"142\" data-mtr-content=\"PERIODO\" class=\"mtr-td-tag\"><div class=\"mtr-cell-content\">Total<\/div><\/td>\n<td width=\"142\" data-mtr-content=\"Con tarifa plana\" class=\"mtr-td-tag\"><div class=\"mtr-cell-content\">3.740,66 \u20ac<\/div><\/td>\n<td width=\"142\" data-mtr-content=\"Sin tarifa plana\" class=\"mtr-td-tag\"><div class=\"mtr-cell-content\">9.068,88 \u20ac<\/div><\/td>\n<td width=\"142\" data-mtr-content=\"Ahorro\" class=\"mtr-td-tag\"><div class=\"mtr-cell-content\"><strong>5.328,22 \u20ac<\/strong><\/div><\/td>\n<\/tr>\n<\/tbody>\n<\/table>\n<p>&nbsp;<\/p>\n<p>Si observas la tabla comprobar\u00e1s que un <strong>aut\u00f3nomo societario con tarifa plana<\/strong> tiene un ahorro de 5.328,22 \u20ac durante los 24 primeros meses del inicio de su actividad.<\/p>\n<h2><strong>\u00bfC\u00f3mo reclamar la tarifa plana de aut\u00f3nomos societarios?<\/strong><\/h2>\n<p>La tarifa plana se aprob\u00f3 en 2013, pero para los aut\u00f3nomos societarios ha sido hasta el 2020.<\/p>\n<p>Ahora bien, <strong>\u00bfqu\u00e9 sucede con los aut\u00f3nomos societarios que cumpliendo los requisitos no pudieron beneficiarse?<\/strong><\/p>\n<p>Tras una larga lucha en los Tribunales de Justicia con la Seguridad Social, todos los aut\u00f3nomos societarios que se dieron de alta cuatro a\u00f1os hacia atr\u00e1s, ya que, el anterior periodo prescribe, y cumpl\u00edan todos los requisitos para poder acceder a ella, podr\u00e1n reclamar los ingresos indebidos a la Tesorer\u00eda de la Seguridad Social.<\/p>\n<p>Y, como hemos explicado en el apartado anterior, <strong>podr\u00edan llegar a beneficiarse de m\u00e1s de 5.000 euros por cobros indebidos.<\/strong><\/p>\n<p>Esa devoluci\u00f3n se calcula igual que la tarifa plana:<\/p>\n<ul>\n<li>De los 12 primeros meses el 80% aproximadamente del importe cotizado.<\/li>\n<li>Del mes 12 al mes 18 el 50% del importe cotizado.<\/li>\n<li>Del mes 18 al mes 24 el 30 % del importe cotizado.<\/li>\n<\/ul>\n<p>Adem\u00e1s, en el caso de ser <strong>hombre menor de 30 a\u00f1os o mujer menor de 35 se abonar\u00e1n seis meses m\u00e1s de bonificaci\u00f3n perdida<\/strong>, al igual que si perteneciese a alg\u00fan colectivo especial reconocido por la Seguridad Social que se tendr\u00e1 que tener en cuenta para aumentar la devoluci\u00f3n.<\/p>\n<p>Como ves, la tarifa plana de aut\u00f3nomos societarios es una realidad que puede ayudarnos a la hora de <a href=\"https:\/\/www.billin.net\/blog\/crear-una-empresa\/\" target=\"_blank\" rel=\"noopener noreferrer\">constituir una empresa<\/a>. Si tienes m\u00e1s dudas sobre esto utiliza los comentarios y te ayudaremos.<\/p>\n","protected":false},"excerpt":{"rendered":"<p>Los aut\u00f3nomos societarios desde el a\u00f1o 2020 ya pueden beneficiarse de la tarifa plana de aut\u00f3nomos, aunque tendr\u00e1n algunas diferencias con la que se aplican el resto de aut\u00f3nomos. Te explicamos todo lo que necesitas saber en detalle.<\/p>\n","protected":false},"author":20,"featured_media":17927,"comment_status":"open","ping_status":"open","sticky":false,"template":"","format":"standard","meta":{"_acf_changed":false,"_et_pb_use_builder":"","_et_pb_old_content":"","_et_gb_content_width":"","om_disable_all_campaigns":false,"inline_featured_image":false,"footnotes":""},"categories":[1014],"tags":[1380],"class_list":{"0":"post-17926","1":"post","2":"type-post","3":"status-publish","4":"format-standard","5":"has-post-thumbnail","7":"category-fiscalidad","8":"tag-autonomos"},"acf":{"selector_de_usuario":"","fecha_de_revision":"20230103"},"yoast_head":"<!-- This site is optimized with the Yoast SEO plugin v27.1 - https:\/\/yoast.com\/product\/yoast-seo-wordpress\/ -->\n<title>Tarifa Plana Aut\u00f3nomos Societarios | TeamSystem Facturas Billin Blog<\/title>\n<meta name=\"description\" content=\"Si quieres saber m\u00e1s sobre la tarifa plana para aut\u00f3nomos societarios en este art\u00edculo la tendr\u00e1s en detalle.\" \/>\n<meta name=\"robots\" content=\"index, follow, max-snippet:-1, max-image-preview:large, max-video-preview:-1\" \/>\n<link rel=\"canonical\" href=\"https:\/\/www.billin.net\/blog\/tarifa-plana-autonomos-societarios\/\" \/>\n<meta property=\"og:locale\" content=\"es_ES\" \/>\n<meta property=\"og:type\" content=\"article\" \/>\n<meta property=\"og:title\" content=\"Tarifa Plana Aut\u00f3nomos Societarios | TeamSystem Facturas Billin Blog\" \/>\n<meta property=\"og:description\" content=\"Si quieres saber m\u00e1s sobre la tarifa plana para aut\u00f3nomos societarios en este art\u00edculo la tendr\u00e1s en detalle.\" \/>\n<meta property=\"og:url\" content=\"https:\/\/www.billin.net\/blog\/tarifa-plana-autonomos-societarios\/\" \/>\n<meta property=\"og:site_name\" content=\"Blog de TeamSystem Facturas Billin\" \/>\n<meta property=\"article:publisher\" content=\"https:\/\/www.facebook.com\/EsBillin\" \/>\n<meta property=\"article:published_time\" content=\"2021-07-01T22:00:00+00:00\" \/>\n<meta property=\"article:modified_time\" content=\"2025-09-25T18:41:22+00:00\" \/>\n<meta property=\"og:image\" content=\"https:\/\/www.billin.net\/blog\/wp-content\/uploads\/2021\/07\/Tarifa-plana-aut\u00f3nomos-societarios.jpeg\" \/>\n\t<meta property=\"og:image:width\" content=\"2048\" \/>\n\t<meta property=\"og:image:height\" content=\"1365\" \/>\n\t<meta property=\"og:image:type\" content=\"image\/jpeg\" \/>\n<meta name=\"author\" content=\"Marcos De La Cueva - CEO TeamSystem Facturas Billin\" \/>\n<meta name=\"twitter:card\" content=\"summary_large_image\" \/>\n<meta name=\"twitter:creator\" content=\"@Billin_ES\" \/>\n<meta name=\"twitter:site\" content=\"@Billin_ES\" \/>\n<meta name=\"twitter:label1\" content=\"Escrito por\" \/>\n\t<meta name=\"twitter:data1\" content=\"Marcos De La Cueva - CEO TeamSystem Facturas Billin\" \/>\n\t<meta name=\"twitter:label2\" content=\"Tiempo de lectura\" \/>\n\t<meta name=\"twitter:data2\" content=\"5 minutos\" \/>\n<script type=\"application\/ld+json\" class=\"yoast-schema-graph\">{\"@context\":\"https:\/\/schema.org\",\"@graph\":[{\"@type\":\"Article\",\"@id\":\"https:\/\/www.billin.net\/blog\/tarifa-plana-autonomos-societarios\/#article\",\"isPartOf\":{\"@id\":\"https:\/\/www.billin.net\/blog\/tarifa-plana-autonomos-societarios\/\"},\"author\":{\"name\":\"Marcos De La Cueva - CEO TeamSystem Facturas Billin\",\"@id\":\"https:\/\/www.billin.net\/blog\/#\/schema\/person\/d0339ee6e869234614541b1e80a793e7\"},\"headline\":\"La tarifa plana para aut\u00f3nomos societarios\",\"datePublished\":\"2021-07-01T22:00:00+00:00\",\"dateModified\":\"2025-09-25T18:41:22+00:00\",\"mainEntityOfPage\":{\"@id\":\"https:\/\/www.billin.net\/blog\/tarifa-plana-autonomos-societarios\/\"},\"wordCount\":970,\"commentCount\":25,\"publisher\":{\"@id\":\"https:\/\/www.billin.net\/blog\/#organization\"},\"image\":{\"@id\":\"https:\/\/www.billin.net\/blog\/tarifa-plana-autonomos-societarios\/#primaryimage\"},\"thumbnailUrl\":\"https:\/\/www.billin.net\/blog\/wp-content\/uploads\/2021\/07\/Tarifa-plana-aut\u00f3nomos-societarios.jpeg\",\"keywords\":[\"Aut\u00f3nomos\"],\"articleSection\":[\"Fiscalidad\"],\"inLanguage\":\"es\",\"potentialAction\":[{\"@type\":\"CommentAction\",\"name\":\"Comment\",\"target\":[\"https:\/\/www.billin.net\/blog\/tarifa-plana-autonomos-societarios\/#respond\"]}]},{\"@type\":\"WebPage\",\"@id\":\"https:\/\/www.billin.net\/blog\/tarifa-plana-autonomos-societarios\/\",\"url\":\"https:\/\/www.billin.net\/blog\/tarifa-plana-autonomos-societarios\/\",\"name\":\"Tarifa Plana Aut\u00f3nomos Societarios | TeamSystem Facturas Billin Blog\",\"isPartOf\":{\"@id\":\"https:\/\/www.billin.net\/blog\/#website\"},\"primaryImageOfPage\":{\"@id\":\"https:\/\/www.billin.net\/blog\/tarifa-plana-autonomos-societarios\/#primaryimage\"},\"image\":{\"@id\":\"https:\/\/www.billin.net\/blog\/tarifa-plana-autonomos-societarios\/#primaryimage\"},\"thumbnailUrl\":\"https:\/\/www.billin.net\/blog\/wp-content\/uploads\/2021\/07\/Tarifa-plana-aut\u00f3nomos-societarios.jpeg\",\"datePublished\":\"2021-07-01T22:00:00+00:00\",\"dateModified\":\"2025-09-25T18:41:22+00:00\",\"description\":\"Si quieres saber m\u00e1s sobre la tarifa plana para aut\u00f3nomos societarios en este art\u00edculo la tendr\u00e1s en detalle.\",\"breadcrumb\":{\"@id\":\"https:\/\/www.billin.net\/blog\/tarifa-plana-autonomos-societarios\/#breadcrumb\"},\"inLanguage\":\"es\",\"potentialAction\":[{\"@type\":\"ReadAction\",\"target\":[\"https:\/\/www.billin.net\/blog\/tarifa-plana-autonomos-societarios\/\"]}]},{\"@type\":\"ImageObject\",\"inLanguage\":\"es\",\"@id\":\"https:\/\/www.billin.net\/blog\/tarifa-plana-autonomos-societarios\/#primaryimage\",\"url\":\"https:\/\/www.billin.net\/blog\/wp-content\/uploads\/2021\/07\/Tarifa-plana-aut\u00f3nomos-societarios.jpeg\",\"contentUrl\":\"https:\/\/www.billin.net\/blog\/wp-content\/uploads\/2021\/07\/Tarifa-plana-aut\u00f3nomos-societarios.jpeg\",\"width\":2048,\"height\":1365,\"caption\":\"autonomo societario tarifa plana\"},{\"@type\":\"BreadcrumbList\",\"@id\":\"https:\/\/www.billin.net\/blog\/tarifa-plana-autonomos-societarios\/#breadcrumb\",\"itemListElement\":[{\"@type\":\"ListItem\",\"position\":1,\"name\":\"Blog\",\"item\":\"https:\/\/www.billin.net\/blog\/\"},{\"@type\":\"ListItem\",\"position\":2,\"name\":\"Fiscalidad\",\"item\":\"https:\/\/www.billin.net\/blog\/fiscalidad\/\"},{\"@type\":\"ListItem\",\"position\":3,\"name\":\"La tarifa plana para aut\u00f3nomos societarios\"}]},{\"@type\":\"WebSite\",\"@id\":\"https:\/\/www.billin.net\/blog\/#website\",\"url\":\"https:\/\/www.billin.net\/blog\/\",\"name\":\"Blog de Billin\",\"description\":\"Mantente informado con el blog de TeamSystem Facturas Billin:  facturaci\u00f3n, legislaci\u00f3n, contabilidad, management y toda la informaci\u00f3n \u00fatil para pymes y aut\u00f3nomos.\",\"publisher\":{\"@id\":\"https:\/\/www.billin.net\/blog\/#organization\"},\"potentialAction\":[{\"@type\":\"SearchAction\",\"target\":{\"@type\":\"EntryPoint\",\"urlTemplate\":\"https:\/\/www.billin.net\/blog\/?s={search_term_string}\"},\"query-input\":{\"@type\":\"PropertyValueSpecification\",\"valueRequired\":true,\"valueName\":\"search_term_string\"}}],\"inLanguage\":\"es\"},{\"@type\":\"Organization\",\"@id\":\"https:\/\/www.billin.net\/blog\/#organization\",\"name\":\"Billin\",\"alternateName\":\"Blog de Billin\",\"url\":\"https:\/\/www.billin.net\/blog\/\",\"logo\":{\"@type\":\"ImageObject\",\"inLanguage\":\"es\",\"@id\":\"https:\/\/www.billin.net\/blog\/#\/schema\/logo\/image\/\",\"url\":\"https:\/\/www.billin.net\/blog\/wp-content\/uploads\/2019\/06\/logotipo-billin-blog-1.png\",\"contentUrl\":\"https:\/\/www.billin.net\/blog\/wp-content\/uploads\/2019\/06\/logotipo-billin-blog-1.png\",\"width\":126,\"height\":50,\"caption\":\"Billin\"},\"image\":{\"@id\":\"https:\/\/www.billin.net\/blog\/#\/schema\/logo\/image\/\"},\"sameAs\":[\"https:\/\/www.facebook.com\/EsBillin\",\"https:\/\/x.com\/Billin_ES\",\"https:\/\/www.instagram.com\/billin_es\/\",\"https:\/\/www.linkedin.com\/company\/billin-spain\",\"https:\/\/www.youtube.com\/c\/BillinEsintercambiodefacturas\/\"],\"legalName\":\"MY EXPENSES SL\",\"contactPoint\":{\"@type\":\"ContactPoint\",\"telephone\":\"+34918318883\",\"contactType\":\"customer service\",\"email\":\"info@billin.eu\",\"availableLanguage\":\"es\"},\"foundingDate\":\"2015\",\"numberOfEmployees\":{\"@type\":\"QuantitativeValue\",\"minValue\":10,\"maxValue\":50},\"parentOrganization\":{\"@type\":\"Organization\",\"name\":\"TeamSystem\",\"url\":\"https:\/\/www.teamsystem.com\/\"},\"description\":\"Billin es el programa de facturaci\u00f3n online de TeamSystem para aut\u00f3nomos y pymes en Espa\u00f1a. Permite crear facturas, controlar gastos y cumplir con Verifactu.\",\"address\":{\"@type\":\"PostalAddress\",\"streetAddress\":\"Calle Arturo Soria, 336\",\"addressLocality\":\"Madrid\",\"addressRegion\":\"Madrid\",\"postalCode\":\"28033\",\"addressCountry\":\"ES\"}},{\"@type\":\"Person\",\"@id\":\"https:\/\/www.billin.net\/blog\/#\/schema\/person\/d0339ee6e869234614541b1e80a793e7\",\"name\":\"Marcos De La Cueva - CEO TeamSystem Facturas Billin\",\"image\":{\"@type\":\"ImageObject\",\"inLanguage\":\"es\",\"@id\":\"https:\/\/www.billin.net\/blog\/#\/schema\/person\/image\/\",\"url\":\"https:\/\/www.billin.net\/blog\/wp-content\/uploads\/2023\/10\/marcos-color-150x150.png\",\"contentUrl\":\"https:\/\/www.billin.net\/blog\/wp-content\/uploads\/2023\/10\/marcos-color-150x150.png\",\"caption\":\"Marcos De La Cueva - CEO TeamSystem Facturas Billin\"},\"description\":\"Licenciado en ADE por la Universidad Aut\u00f3noma de Madrid, Marcos De la Cueva es CEO y cofundador de TeamSystem Facturas Billin, un programa online que lleva m\u00e1s de 9 a\u00f1os ayudando a aut\u00f3nomos, peque\u00f1os negocios y gestor\u00edas a digitalizar sus presupuestos, facturas, tickets y gastos. \u00a0 Sobre Marcos De La Cueva \u00a0 Apasionado por el mundo empresarial y la tecnolog\u00eda, curs\u00f3 su M\u00e1ster de Finanzas en la Universidad Pontificia de Comillas y estuvo en el Programa de Cooperaci\u00f3n Educativa de la Universidad Aut\u00f3noma de Madrid. \u00a0 Marcos siempre ha tenido su objetivo claro: ayudar a la creaci\u00f3n de negocios financieramente sostenibles a trav\u00e9s de una herramienta de facturaci\u00f3n que les permita ahorrar tiempo y tener la contabilidad bajo control. \u00a0 Marcos De La Cueva en los medios \u2014 Noticia sobre Kit Digital y Ley Antifraude (VeriFactu) en El Economista. \u2014 Noticia sobre Kit Digital y factura electr\u00f3nica obligatoria en Diario Jur\u00eddico. \u2014 Noticia sobre el a\u00f1o de transici\u00f3n para la factura electr\u00f3nica en Muy Pymes. \u2014 Entrevista sobre factura electr\u00f3nica obligatoria en Canal Sur. \u2014 Noticia sobre el informe factura electr\u00f3nica de TeamSystem en Channel Partner. \u2014 Charla sobre productividad y Ley Crea y Crece en El Economista. \u2014 Charla sobre factura electr\u00f3nica obligatoria en Muy Pymes. \u2014 Charla sobre digitalizaci\u00f3n aut\u00f3nomos y productividad en esdiario. \u2014 Charla sobre productividad y factura electr\u00f3nica en La Raz\u00f3n. \u2014 Charla sobre factura electr\u00f3nica obligatoria en Aut\u00f3nomos y Emprendedores. \u2014 Entrevista sobre Ley Antifraude y Ley Crea y Crece en Expansi\u00f3n. \u2014 Entrevista sobre Ley Antifraude y Ley Crea y Crece en La Raz\u00f3n. \u2014 Entrevista sobre factura electr\u00f3nica obligatoria en El Economista. \u2014 Comunicado Billin y TeamSystem en Business Insider. \u2014 Entrevista en Econom\u00eda Digital. \u2014 Entrevista en Ideas para tu empresa de Vodafone. \u2014 Entrevista en M\u00e1sQradio. \u2014 Entrevista en Armas para emprender de El M\u00e9todo Gallardo. \u2014 Entrevista en KFund. \u2014 Entrevista en AXA Seguros Espa\u00f1a. \u2014 Entrevista en GestionaRadio. \u00a0 Marcos De La Cueva en eventos \u00a0 \u2014 Participaci\u00f3n como ponente en Accountex Espa\u00f1a 2023. \u00a0 Tem\u00e1ticas de especializaci\u00f3n \u00a0 negocios | startups | contabilidad| fiscalidad | empresas| asesor\u00edas| autonomos | emprendedores | peque\u00f1os negocios | econom\u00eda | ADE | pymes | desarrollo de negocio\u00a0\",\"sameAs\":[\"https:\/\/www.billin.net\/\",\"https:\/\/www.linkedin.com\/in\/marcos-de-la-cueva-19750ba3\/\"],\"url\":\"https:\/\/www.billin.net\/blog\/author\/marcosdelacueva\/\",\"jobTitle\":\"CEO y cofundador de TS Facturas Billin\"}]}<\/script>\n<!-- \/ Yoast SEO plugin. -->","yoast_head_json":{"title":"Tarifa Plana Aut\u00f3nomos Societarios | TeamSystem Facturas Billin Blog","description":"Si quieres saber m\u00e1s sobre la tarifa plana para aut\u00f3nomos societarios en este art\u00edculo la tendr\u00e1s en detalle.","robots":{"index":"index","follow":"follow","max-snippet":"max-snippet:-1","max-image-preview":"max-image-preview:large","max-video-preview":"max-video-preview:-1"},"canonical":"https:\/\/www.billin.net\/blog\/tarifa-plana-autonomos-societarios\/","og_locale":"es_ES","og_type":"article","og_title":"Tarifa Plana Aut\u00f3nomos Societarios | TeamSystem Facturas Billin Blog","og_description":"Si quieres saber m\u00e1s sobre la tarifa plana para aut\u00f3nomos societarios en este art\u00edculo la tendr\u00e1s en detalle.","og_url":"https:\/\/www.billin.net\/blog\/tarifa-plana-autonomos-societarios\/","og_site_name":"Blog de TeamSystem Facturas Billin","article_publisher":"https:\/\/www.facebook.com\/EsBillin","article_published_time":"2021-07-01T22:00:00+00:00","article_modified_time":"2025-09-25T18:41:22+00:00","og_image":[{"width":2048,"height":1365,"url":"https:\/\/www.billin.net\/blog\/wp-content\/uploads\/2021\/07\/Tarifa-plana-aut\u00f3nomos-societarios.jpeg","type":"image\/jpeg"}],"author":"Marcos De La Cueva - CEO TeamSystem Facturas Billin","twitter_card":"summary_large_image","twitter_creator":"@Billin_ES","twitter_site":"@Billin_ES","twitter_misc":{"Escrito por":"Marcos De La Cueva - CEO TeamSystem Facturas Billin","Tiempo de lectura":"5 minutos"},"schema":{"@context":"https:\/\/schema.org","@graph":[{"@type":"Article","@id":"https:\/\/www.billin.net\/blog\/tarifa-plana-autonomos-societarios\/#article","isPartOf":{"@id":"https:\/\/www.billin.net\/blog\/tarifa-plana-autonomos-societarios\/"},"author":{"name":"Marcos De La Cueva - CEO TeamSystem Facturas Billin","@id":"https:\/\/www.billin.net\/blog\/#\/schema\/person\/d0339ee6e869234614541b1e80a793e7"},"headline":"La tarifa plana para aut\u00f3nomos societarios","datePublished":"2021-07-01T22:00:00+00:00","dateModified":"2025-09-25T18:41:22+00:00","mainEntityOfPage":{"@id":"https:\/\/www.billin.net\/blog\/tarifa-plana-autonomos-societarios\/"},"wordCount":970,"commentCount":25,"publisher":{"@id":"https:\/\/www.billin.net\/blog\/#organization"},"image":{"@id":"https:\/\/www.billin.net\/blog\/tarifa-plana-autonomos-societarios\/#primaryimage"},"thumbnailUrl":"https:\/\/www.billin.net\/blog\/wp-content\/uploads\/2021\/07\/Tarifa-plana-aut\u00f3nomos-societarios.jpeg","keywords":["Aut\u00f3nomos"],"articleSection":["Fiscalidad"],"inLanguage":"es","potentialAction":[{"@type":"CommentAction","name":"Comment","target":["https:\/\/www.billin.net\/blog\/tarifa-plana-autonomos-societarios\/#respond"]}]},{"@type":"WebPage","@id":"https:\/\/www.billin.net\/blog\/tarifa-plana-autonomos-societarios\/","url":"https:\/\/www.billin.net\/blog\/tarifa-plana-autonomos-societarios\/","name":"Tarifa Plana Aut\u00f3nomos Societarios | TeamSystem Facturas Billin Blog","isPartOf":{"@id":"https:\/\/www.billin.net\/blog\/#website"},"primaryImageOfPage":{"@id":"https:\/\/www.billin.net\/blog\/tarifa-plana-autonomos-societarios\/#primaryimage"},"image":{"@id":"https:\/\/www.billin.net\/blog\/tarifa-plana-autonomos-societarios\/#primaryimage"},"thumbnailUrl":"https:\/\/www.billin.net\/blog\/wp-content\/uploads\/2021\/07\/Tarifa-plana-aut\u00f3nomos-societarios.jpeg","datePublished":"2021-07-01T22:00:00+00:00","dateModified":"2025-09-25T18:41:22+00:00","description":"Si quieres saber m\u00e1s sobre la tarifa plana para aut\u00f3nomos societarios en este art\u00edculo la tendr\u00e1s en detalle.","breadcrumb":{"@id":"https:\/\/www.billin.net\/blog\/tarifa-plana-autonomos-societarios\/#breadcrumb"},"inLanguage":"es","potentialAction":[{"@type":"ReadAction","target":["https:\/\/www.billin.net\/blog\/tarifa-plana-autonomos-societarios\/"]}]},{"@type":"ImageObject","inLanguage":"es","@id":"https:\/\/www.billin.net\/blog\/tarifa-plana-autonomos-societarios\/#primaryimage","url":"https:\/\/www.billin.net\/blog\/wp-content\/uploads\/2021\/07\/Tarifa-plana-aut\u00f3nomos-societarios.jpeg","contentUrl":"https:\/\/www.billin.net\/blog\/wp-content\/uploads\/2021\/07\/Tarifa-plana-aut\u00f3nomos-societarios.jpeg","width":2048,"height":1365,"caption":"autonomo societario tarifa plana"},{"@type":"BreadcrumbList","@id":"https:\/\/www.billin.net\/blog\/tarifa-plana-autonomos-societarios\/#breadcrumb","itemListElement":[{"@type":"ListItem","position":1,"name":"Blog","item":"https:\/\/www.billin.net\/blog\/"},{"@type":"ListItem","position":2,"name":"Fiscalidad","item":"https:\/\/www.billin.net\/blog\/fiscalidad\/"},{"@type":"ListItem","position":3,"name":"La tarifa plana para aut\u00f3nomos societarios"}]},{"@type":"WebSite","@id":"https:\/\/www.billin.net\/blog\/#website","url":"https:\/\/www.billin.net\/blog\/","name":"Blog de Billin","description":"Mantente informado con el blog de TeamSystem Facturas Billin:  facturaci\u00f3n, legislaci\u00f3n, contabilidad, management y toda la informaci\u00f3n \u00fatil para pymes y aut\u00f3nomos.","publisher":{"@id":"https:\/\/www.billin.net\/blog\/#organization"},"potentialAction":[{"@type":"SearchAction","target":{"@type":"EntryPoint","urlTemplate":"https:\/\/www.billin.net\/blog\/?s={search_term_string}"},"query-input":{"@type":"PropertyValueSpecification","valueRequired":true,"valueName":"search_term_string"}}],"inLanguage":"es"},{"@type":"Organization","@id":"https:\/\/www.billin.net\/blog\/#organization","name":"Billin","alternateName":"Blog de Billin","url":"https:\/\/www.billin.net\/blog\/","logo":{"@type":"ImageObject","inLanguage":"es","@id":"https:\/\/www.billin.net\/blog\/#\/schema\/logo\/image\/","url":"https:\/\/www.billin.net\/blog\/wp-content\/uploads\/2019\/06\/logotipo-billin-blog-1.png","contentUrl":"https:\/\/www.billin.net\/blog\/wp-content\/uploads\/2019\/06\/logotipo-billin-blog-1.png","width":126,"height":50,"caption":"Billin"},"image":{"@id":"https:\/\/www.billin.net\/blog\/#\/schema\/logo\/image\/"},"sameAs":["https:\/\/www.facebook.com\/EsBillin","https:\/\/x.com\/Billin_ES","https:\/\/www.instagram.com\/billin_es\/","https:\/\/www.linkedin.com\/company\/billin-spain","https:\/\/www.youtube.com\/c\/BillinEsintercambiodefacturas\/"],"legalName":"MY EXPENSES SL","contactPoint":{"@type":"ContactPoint","telephone":"+34918318883","contactType":"customer service","email":"info@billin.eu","availableLanguage":"es"},"foundingDate":"2015","numberOfEmployees":{"@type":"QuantitativeValue","minValue":10,"maxValue":50},"parentOrganization":{"@type":"Organization","name":"TeamSystem","url":"https:\/\/www.teamsystem.com\/"},"description":"Billin es el programa de facturaci\u00f3n online de TeamSystem para aut\u00f3nomos y pymes en Espa\u00f1a. Permite crear facturas, controlar gastos y cumplir con Verifactu.","address":{"@type":"PostalAddress","streetAddress":"Calle Arturo Soria, 336","addressLocality":"Madrid","addressRegion":"Madrid","postalCode":"28033","addressCountry":"ES"}},{"@type":"Person","@id":"https:\/\/www.billin.net\/blog\/#\/schema\/person\/d0339ee6e869234614541b1e80a793e7","name":"Marcos De La Cueva - CEO TeamSystem Facturas Billin","image":{"@type":"ImageObject","inLanguage":"es","@id":"https:\/\/www.billin.net\/blog\/#\/schema\/person\/image\/","url":"https:\/\/www.billin.net\/blog\/wp-content\/uploads\/2023\/10\/marcos-color-150x150.png","contentUrl":"https:\/\/www.billin.net\/blog\/wp-content\/uploads\/2023\/10\/marcos-color-150x150.png","caption":"Marcos De La Cueva - CEO TeamSystem Facturas Billin"},"description":"Licenciado en ADE por la Universidad Aut\u00f3noma de Madrid, Marcos De la Cueva es CEO y cofundador de TeamSystem Facturas Billin, un programa online que lleva m\u00e1s de 9 a\u00f1os ayudando a aut\u00f3nomos, peque\u00f1os negocios y gestor\u00edas a digitalizar sus presupuestos, facturas, tickets y gastos. \u00a0 Sobre Marcos De La Cueva \u00a0 Apasionado por el mundo empresarial y la tecnolog\u00eda, curs\u00f3 su M\u00e1ster de Finanzas en la Universidad Pontificia de Comillas y estuvo en el Programa de Cooperaci\u00f3n Educativa de la Universidad Aut\u00f3noma de Madrid. \u00a0 Marcos siempre ha tenido su objetivo claro: ayudar a la creaci\u00f3n de negocios financieramente sostenibles a trav\u00e9s de una herramienta de facturaci\u00f3n que les permita ahorrar tiempo y tener la contabilidad bajo control. \u00a0 Marcos De La Cueva en los medios \u2014 Noticia sobre Kit Digital y Ley Antifraude (VeriFactu) en El Economista. \u2014 Noticia sobre Kit Digital y factura electr\u00f3nica obligatoria en Diario Jur\u00eddico. \u2014 Noticia sobre el a\u00f1o de transici\u00f3n para la factura electr\u00f3nica en Muy Pymes. \u2014 Entrevista sobre factura electr\u00f3nica obligatoria en Canal Sur. \u2014 Noticia sobre el informe factura electr\u00f3nica de TeamSystem en Channel Partner. \u2014 Charla sobre productividad y Ley Crea y Crece en El Economista. \u2014 Charla sobre factura electr\u00f3nica obligatoria en Muy Pymes. \u2014 Charla sobre digitalizaci\u00f3n aut\u00f3nomos y productividad en esdiario. \u2014 Charla sobre productividad y factura electr\u00f3nica en La Raz\u00f3n. \u2014 Charla sobre factura electr\u00f3nica obligatoria en Aut\u00f3nomos y Emprendedores. \u2014 Entrevista sobre Ley Antifraude y Ley Crea y Crece en Expansi\u00f3n. \u2014 Entrevista sobre Ley Antifraude y Ley Crea y Crece en La Raz\u00f3n. \u2014 Entrevista sobre factura electr\u00f3nica obligatoria en El Economista. \u2014 Comunicado Billin y TeamSystem en Business Insider. \u2014 Entrevista en Econom\u00eda Digital. \u2014 Entrevista en Ideas para tu empresa de Vodafone. \u2014 Entrevista en M\u00e1sQradio. \u2014 Entrevista en Armas para emprender de El M\u00e9todo Gallardo. \u2014 Entrevista en KFund. \u2014 Entrevista en AXA Seguros Espa\u00f1a. \u2014 Entrevista en GestionaRadio. \u00a0 Marcos De La Cueva en eventos \u00a0 \u2014 Participaci\u00f3n como ponente en Accountex Espa\u00f1a 2023. \u00a0 Tem\u00e1ticas de especializaci\u00f3n \u00a0 negocios | startups | contabilidad| fiscalidad | empresas| asesor\u00edas| autonomos | emprendedores | peque\u00f1os negocios | econom\u00eda | ADE | pymes | desarrollo de negocio\u00a0","sameAs":["https:\/\/www.billin.net\/","https:\/\/www.linkedin.com\/in\/marcos-de-la-cueva-19750ba3\/"],"url":"https:\/\/www.billin.net\/blog\/author\/marcosdelacueva\/","jobTitle":"CEO y cofundador de TS Facturas Billin"}]}},"_links":{"self":[{"href":"https:\/\/www.billin.net\/blog\/wp-json\/wp\/v2\/posts\/17926","targetHints":{"allow":["GET"]}}],"collection":[{"href":"https:\/\/www.billin.net\/blog\/wp-json\/wp\/v2\/posts"}],"about":[{"href":"https:\/\/www.billin.net\/blog\/wp-json\/wp\/v2\/types\/post"}],"author":[{"embeddable":true,"href":"https:\/\/www.billin.net\/blog\/wp-json\/wp\/v2\/users\/20"}],"replies":[{"embeddable":true,"href":"https:\/\/www.billin.net\/blog\/wp-json\/wp\/v2\/comments?post=17926"}],"version-history":[{"count":10,"href":"https:\/\/www.billin.net\/blog\/wp-json\/wp\/v2\/posts\/17926\/revisions"}],"predecessor-version":[{"id":26957,"href":"https:\/\/www.billin.net\/blog\/wp-json\/wp\/v2\/posts\/17926\/revisions\/26957"}],"wp:featuredmedia":[{"embeddable":true,"href":"https:\/\/www.billin.net\/blog\/wp-json\/wp\/v2\/media\/17927"}],"wp:attachment":[{"href":"https:\/\/www.billin.net\/blog\/wp-json\/wp\/v2\/media?parent=17926"}],"wp:term":[{"taxonomy":"category","embeddable":true,"href":"https:\/\/www.billin.net\/blog\/wp-json\/wp\/v2\/categories?post=17926"},{"taxonomy":"post_tag","embeddable":true,"href":"https:\/\/www.billin.net\/blog\/wp-json\/wp\/v2\/tags?post=17926"}],"curies":[{"name":"wp","href":"https:\/\/api.w.org\/{rel}","templated":true}]}}