{"id":17385,"date":"2021-03-10T13:14:39","date_gmt":"2021-03-10T11:14:39","guid":{"rendered":"https:\/\/www.billin.net\/blog\/?p=17385"},"modified":"2025-09-25T20:42:49","modified_gmt":"2025-09-25T18:42:49","slug":"limitaciones-autonomos-mayores","status":"publish","type":"post","link":"https:\/\/www.billin.net\/blog\/limitaciones-autonomos-mayores\/","title":{"rendered":"La base de cotizaci\u00f3n en aut\u00f3nomos mayores de 47 a\u00f1os"},"content":{"rendered":"<p>Si eres aut\u00f3nomo mayor de 47 a\u00f1os o est\u00e1s a punto de cumplirlos debes saber que existen una serie de limitaciones a partir de esa edad. Te lo contamos en detalle en este art\u00edculo.<\/p>\n<p><!--more--><\/p>\n<h2><strong>\u00bfC\u00f3mo influye el cambio de la base de cotizaci\u00f3n en la jubilaci\u00f3n?<\/strong><\/h2>\n<p>Si quieres conocer <strong>c\u00f3mo cambiar la <a href=\"https:\/\/www.billin.net\/blog\/base-de-cotizacion-autonomos\/\" target=\"_blank\" rel=\"noopener noreferrer\">base de cotizaci\u00f3n de aut\u00f3nomos<\/a><\/strong>, ten en cuenta las siguientes limitaciones que existen seg\u00fan la edad que tengas cumplida en enero de 2021 y tus anteriores cotizaciones<\/p>\n<h2><strong>\u00bfExiste una edad m\u00e1xima para subir la base de cotizaci\u00f3n de los aut\u00f3nomos?<\/strong><\/h2>\n<p>La normativa de Seguridad Social hace alg\u00fan tiempo, dice que habr\u00e1 unas limitaciones en el <strong>cambio de base de cotizaci\u00f3n en los aut\u00f3nomos mayores de 47 a\u00f1os<\/strong><\/p>\n<p><strong>Los aut\u00f3nomos qu\u00e9 a 1 de enero de 2021, tengan 47 a\u00f1os de edad, y hayan tenido una base de cotizaci\u00f3n en diciembre de 2020 inferior a 2.052 euros, no podr\u00e1n elegir una base de cotizaci\u00f3n superior a 2.077,80 euros<\/strong>, salvo que hubieran ejercido esta opci\u00f3n antes del 30 de junio de 2021, o, que excepcionalmente, el c\u00f3nyuge del titular haya ejercido la titularidad del negocio, debido al fallecimiento del titular, y tuviese que darse de alta en el r\u00e9gimen especial de aut\u00f3nomos con los 47 a\u00f1os ya cumplidos, en este caso ya no existir\u00eda dicha limitaci\u00f3n.<\/p>\n<h2><strong>\u00bfQu\u00e9 pasa con la base de los aut\u00f3nomos de 47 a\u00f1os?<\/strong><\/h2>\n<p>A partir de los 47 a\u00f1os de edad, el aut\u00f3nomo tendr\u00e1 establecida unas limitaciones que ir\u00e1n en funci\u00f3n de su edad, es decir, los trabajadores aut\u00f3nomos, que no hayan cumplido 47 a\u00f1os a 1 de enero de 2019, y no hayan cotizado en diciembre de 2018 por una base inferior a 2.052 euros al mes, no podr\u00e1n elegir una base superior a esta, salvo que hubieran ejercido esta opci\u00f3n desde el 30 junio de 2019, surtiendo efectos a partir del 1 de julio de 2019.<\/p>\n<p>En el caso de no ejercitar esta opci\u00f3n sus bases de cotizaci\u00f3n estar\u00e1n comprendidas entre 944,45 euros y 2.077,80 euros.<\/p>\n<h2><strong>\u00bfCu\u00e1l es la base m\u00e1xima para mayores de 47 a\u00f1os?<\/strong><\/h2>\n<p>Desde el 1 de enero de 2021 al 31 de diciembre de 2021, la base de cotizaci\u00f3n del r\u00e9gimen especial de aut\u00f3nomos, estar\u00e1 comprendida entre 944,45 euros, como base m\u00ednima, y 4.070,10 euros, como base m\u00e1xima.<\/p>\n<p>Aunque existen las siguientes particularidades:<\/p>\n<ul>\n<li><strong>Aut\u00f3nomos menores de 47 a\u00f1os a 1 de enero de 2021<\/strong>:<\/li>\n<\/ul>\n<p>La base de cotizaci\u00f3n estar\u00e1 comprendida entre 944,45 euros y 4.070,10 euros<\/p>\n<ul>\n<li><strong>Aut\u00f3nomos con 47 a\u00f1os a 1 de enero de 2021<\/strong>:<\/li>\n<\/ul>\n<p>Estos trabajadores aut\u00f3nomos podr\u00e1n elegir la misma base que los anteriores, siempre que en diciembre de 2020 hayan tenido una base de cotizaci\u00f3n igual o superior a 2.052 euros al mes o causen alta en aut\u00f3nomos con fecha posterior<\/p>\n<p>Los aut\u00f3nomos que hayan tenido una base superior a 2.052 euros en el mes de diciembre de 2020, no podr\u00e1n tener una base superior a 2.077,80 euros al mes.<\/p>\n<h3><strong>\u00bfQu\u00e9 pasa si me hago aut\u00f3nomo m\u00e1s all\u00e1 de los 47 a\u00f1os?<\/strong><\/h3>\n<p>Si a partir del 1 de enero de 2021 tienes m\u00e1s de 48 a\u00f1os o m\u00e1s, la base de cotizaci\u00f3n al mes estar\u00e1 comprendida entre 1.080,50 euros y 2.077 euros mensuales, a excepci\u00f3n de los siguientes casos:<\/p>\n<ul>\n<li>En caso de tratarse del <strong>c\u00f3nyuge del titular del negocio<\/strong> que haya tenido que ponerse al frente del negocio, debido al fallecimiento del titular, con 45 a\u00f1os o m\u00e1s de edad, las bases de cotizaci\u00f3n mensuales estar\u00e1n comprendidas entre 944,40 euros y 4.070,10 euros<\/li>\n<li>Si con anterioridad a los 50 a\u00f1os de edad, hubiera cotizado en cualquier r\u00e9gimen de la Seguridad social cinco a\u00f1os o m\u00e1s y su \u00faltima base hubiese sido:<\/li>\n<\/ul>\n<p><strong>\u2264 2.052 euros<\/strong>, podr\u00eda elegir entre 944,40 euros y 2.077,80 euros<\/p>\n<p><strong>&gt;2.052 euros<\/strong>, podr\u00eda elegir entre 944,40 euros y la \u00faltima base de cotizaci\u00f3n, con un tope m\u00e1ximo de 4.070,10 euros<\/p>\n<p>Teniendo en cuenta como \u00faltima base la que se ha cotizado cumplidos o no los 50 a\u00f1os.<\/p>\n<h3><strong>\u00bfQu\u00e9 pasa si me hago aut\u00f3nomo cuando en 2011 ten\u00eda una edad de 47 o 48 a\u00f1os?<\/strong><\/h3>\n<p>Los trabajadores aut\u00f3nomos que en 2011 ten\u00edan 47 o 48 a\u00f1os de edad cumplidos, y hubiesen optado por una base superior a 2.052 euros mensuales, podr\u00e1n elegir entre una base m\u00ednima de 944,40 euros y la \u00faltima base, con el l\u00edmite m\u00e1ximo de 4.070, 10 euros al mes.<\/p>\n<h2><strong>\u00bfC\u00f3mo influye el cambio de la base de cotizaci\u00f3n en la jubilaci\u00f3n?<\/strong><\/h2>\n<p>Las bases de cotizaci\u00f3n de un aut\u00f3nomo ser\u00e1n el punto de partida para el c\u00e1lculo de las prestaciones que pueda cobrar un aut\u00f3nomo, como son por incapacidad, maternidad, <a href=\"https:\/\/www.billin.net\/blog\/baja-paternidad-autonomos-lo-debes-saber\/\" target=\"_blank\" rel=\"noopener noreferrer\">paternidad<\/a> o jubilaci\u00f3n.<\/p>\n<p>Con la base de cotizaci\u00f3n se calcula la <a href=\"https:\/\/www.billin.net\/blog\/base-reguladora\/\" target=\"_blank\" rel=\"noopener noreferrer\">base reguladora<\/a>, qu\u00e9 en el caso de jubilaci\u00f3n, ser\u00e1 el coeficiente que resulte al dividir por 308 las bases de cotizaci\u00f3n, que hayas tenido en los \u00faltimos 22 a\u00f1os.<\/p>\n<p>Por todo ello<strong>, es recomendable cambiar la base de cotizaci\u00f3n para mejorar tu jubilaci\u00f3n.<\/strong><\/p>\n<p>Ya lo sabes si eres un aut\u00f3nomo mayor de 47 a\u00f1os o est\u00e1s cerca de cumplirlos debes tener en cuenta estas limitaciones y preceptos con tu base de cotizaci\u00f3n.<\/p>\n","protected":false},"excerpt":{"rendered":"<p>Si eres aut\u00f3nomo mayor de 47 a\u00f1os o est\u00e1s a punto de cumplirlos debes saber que existen una serie de limitaciones a partir de esa edad. Te lo contamos en detalle en este art\u00edculo.<\/p>\n","protected":false},"author":20,"featured_media":17387,"comment_status":"open","ping_status":"open","sticky":false,"template":"","format":"standard","meta":{"_acf_changed":false,"_et_pb_use_builder":"","_et_pb_old_content":"","_et_gb_content_width":"","om_disable_all_campaigns":false,"inline_featured_image":false,"footnotes":""},"categories":[1015],"tags":[],"class_list":{"0":"post-17385","1":"post","2":"type-post","3":"status-publish","4":"format-standard","5":"has-post-thumbnail","7":"category-facturacion"},"acf":{"selector_de_usuario":null,"fecha_de_revision":null},"yoast_head":"<!-- This site is optimized with the Yoast SEO plugin v27.1 - https:\/\/yoast.com\/product\/yoast-seo-wordpress\/ -->\n<title>Cotizaciones en los aut\u00f3nomos mayores de 47 a\u00f1os - TeamSystem Facturas Billin<\/title>\n<meta name=\"description\" content=\"Si eres un aut\u00f3nomo mayor de 47 a\u00f1os o est\u00e1s a punto de cumplirlos debes saber que existen limitaciones a partir de esa edad\" \/>\n<meta name=\"robots\" content=\"index, follow, max-snippet:-1, max-image-preview:large, max-video-preview:-1\" \/>\n<link rel=\"canonical\" href=\"https:\/\/www.billin.net\/blog\/limitaciones-autonomos-mayores\/\" \/>\n<meta property=\"og:locale\" content=\"es_ES\" \/>\n<meta property=\"og:type\" content=\"article\" \/>\n<meta property=\"og:title\" content=\"Cotizaciones en los aut\u00f3nomos mayores de 47 a\u00f1os - TeamSystem Facturas Billin\" \/>\n<meta property=\"og:description\" content=\"Si eres un aut\u00f3nomo mayor de 47 a\u00f1os o est\u00e1s a punto de cumplirlos debes saber que existen limitaciones a partir de esa edad\" \/>\n<meta property=\"og:url\" content=\"https:\/\/www.billin.net\/blog\/limitaciones-autonomos-mayores\/\" \/>\n<meta property=\"og:site_name\" content=\"Blog de TeamSystem Facturas Billin\" \/>\n<meta property=\"article:publisher\" content=\"https:\/\/www.facebook.com\/EsBillin\" \/>\n<meta property=\"article:published_time\" content=\"2021-03-10T11:14:39+00:00\" \/>\n<meta property=\"article:modified_time\" content=\"2025-09-25T18:42:49+00:00\" \/>\n<meta property=\"og:image\" content=\"https:\/\/www.billin.net\/blog\/wp-content\/uploads\/2021\/03\/Aut\u00f3nomos-mayores-de-47-a\u00f1os.jpeg\" \/>\n\t<meta property=\"og:image:width\" content=\"2048\" \/>\n\t<meta property=\"og:image:height\" content=\"1365\" \/>\n\t<meta property=\"og:image:type\" content=\"image\/jpeg\" \/>\n<meta name=\"author\" content=\"Marcos De La Cueva - CEO TeamSystem Facturas Billin\" \/>\n<meta name=\"twitter:card\" content=\"summary_large_image\" \/>\n<meta name=\"twitter:creator\" content=\"@Billin_ES\" \/>\n<meta name=\"twitter:site\" content=\"@Billin_ES\" \/>\n<meta name=\"twitter:label1\" content=\"Escrito por\" \/>\n\t<meta name=\"twitter:data1\" content=\"Marcos De La Cueva - CEO TeamSystem Facturas Billin\" \/>\n\t<meta name=\"twitter:label2\" content=\"Tiempo de lectura\" \/>\n\t<meta name=\"twitter:data2\" content=\"4 minutos\" \/>\n<script type=\"application\/ld+json\" class=\"yoast-schema-graph\">{\"@context\":\"https:\/\/schema.org\",\"@graph\":[{\"@type\":\"Article\",\"@id\":\"https:\/\/www.billin.net\/blog\/limitaciones-autonomos-mayores\/#article\",\"isPartOf\":{\"@id\":\"https:\/\/www.billin.net\/blog\/limitaciones-autonomos-mayores\/\"},\"author\":{\"name\":\"Marcos De La Cueva - CEO TeamSystem Facturas Billin\",\"@id\":\"https:\/\/www.billin.net\/blog\/#\/schema\/person\/d0339ee6e869234614541b1e80a793e7\"},\"headline\":\"La base de cotizaci\u00f3n en aut\u00f3nomos mayores de 47 a\u00f1os\",\"datePublished\":\"2021-03-10T11:14:39+00:00\",\"dateModified\":\"2025-09-25T18:42:49+00:00\",\"mainEntityOfPage\":{\"@id\":\"https:\/\/www.billin.net\/blog\/limitaciones-autonomos-mayores\/\"},\"wordCount\":891,\"commentCount\":2,\"publisher\":{\"@id\":\"https:\/\/www.billin.net\/blog\/#organization\"},\"image\":{\"@id\":\"https:\/\/www.billin.net\/blog\/limitaciones-autonomos-mayores\/#primaryimage\"},\"thumbnailUrl\":\"https:\/\/www.billin.net\/blog\/wp-content\/uploads\/2021\/03\/Aut\u00f3nomos-mayores-de-47-a\u00f1os.jpeg\",\"articleSection\":[\"Facturaci\u00f3n\"],\"inLanguage\":\"es\",\"potentialAction\":[{\"@type\":\"CommentAction\",\"name\":\"Comment\",\"target\":[\"https:\/\/www.billin.net\/blog\/limitaciones-autonomos-mayores\/#respond\"]}]},{\"@type\":\"WebPage\",\"@id\":\"https:\/\/www.billin.net\/blog\/limitaciones-autonomos-mayores\/\",\"url\":\"https:\/\/www.billin.net\/blog\/limitaciones-autonomos-mayores\/\",\"name\":\"Cotizaciones en los aut\u00f3nomos mayores de 47 a\u00f1os - TeamSystem Facturas Billin\",\"isPartOf\":{\"@id\":\"https:\/\/www.billin.net\/blog\/#website\"},\"primaryImageOfPage\":{\"@id\":\"https:\/\/www.billin.net\/blog\/limitaciones-autonomos-mayores\/#primaryimage\"},\"image\":{\"@id\":\"https:\/\/www.billin.net\/blog\/limitaciones-autonomos-mayores\/#primaryimage\"},\"thumbnailUrl\":\"https:\/\/www.billin.net\/blog\/wp-content\/uploads\/2021\/03\/Aut\u00f3nomos-mayores-de-47-a\u00f1os.jpeg\",\"datePublished\":\"2021-03-10T11:14:39+00:00\",\"dateModified\":\"2025-09-25T18:42:49+00:00\",\"description\":\"Si eres un aut\u00f3nomo mayor de 47 a\u00f1os o est\u00e1s a punto de cumplirlos debes saber que existen limitaciones a partir de esa edad\",\"breadcrumb\":{\"@id\":\"https:\/\/www.billin.net\/blog\/limitaciones-autonomos-mayores\/#breadcrumb\"},\"inLanguage\":\"es\",\"potentialAction\":[{\"@type\":\"ReadAction\",\"target\":[\"https:\/\/www.billin.net\/blog\/limitaciones-autonomos-mayores\/\"]}]},{\"@type\":\"ImageObject\",\"inLanguage\":\"es\",\"@id\":\"https:\/\/www.billin.net\/blog\/limitaciones-autonomos-mayores\/#primaryimage\",\"url\":\"https:\/\/www.billin.net\/blog\/wp-content\/uploads\/2021\/03\/Aut\u00f3nomos-mayores-de-47-a\u00f1os.jpeg\",\"contentUrl\":\"https:\/\/www.billin.net\/blog\/wp-content\/uploads\/2021\/03\/Aut\u00f3nomos-mayores-de-47-a\u00f1os.jpeg\",\"width\":2048,\"height\":1365,\"caption\":\"autonomos mayores de 47 a\u00f1os\"},{\"@type\":\"BreadcrumbList\",\"@id\":\"https:\/\/www.billin.net\/blog\/limitaciones-autonomos-mayores\/#breadcrumb\",\"itemListElement\":[{\"@type\":\"ListItem\",\"position\":1,\"name\":\"Blog\",\"item\":\"https:\/\/www.billin.net\/blog\/\"},{\"@type\":\"ListItem\",\"position\":2,\"name\":\"Facturaci\u00f3n\",\"item\":\"https:\/\/www.billin.net\/blog\/facturacion\/\"},{\"@type\":\"ListItem\",\"position\":3,\"name\":\"La base de cotizaci\u00f3n en aut\u00f3nomos mayores de 47 a\u00f1os\"}]},{\"@type\":\"WebSite\",\"@id\":\"https:\/\/www.billin.net\/blog\/#website\",\"url\":\"https:\/\/www.billin.net\/blog\/\",\"name\":\"Blog de Billin\",\"description\":\"Mantente informado con el blog de TeamSystem Facturas Billin:  facturaci\u00f3n, legislaci\u00f3n, contabilidad, management y toda la informaci\u00f3n \u00fatil para pymes y aut\u00f3nomos.\",\"publisher\":{\"@id\":\"https:\/\/www.billin.net\/blog\/#organization\"},\"potentialAction\":[{\"@type\":\"SearchAction\",\"target\":{\"@type\":\"EntryPoint\",\"urlTemplate\":\"https:\/\/www.billin.net\/blog\/?s={search_term_string}\"},\"query-input\":{\"@type\":\"PropertyValueSpecification\",\"valueRequired\":true,\"valueName\":\"search_term_string\"}}],\"inLanguage\":\"es\"},{\"@type\":\"Organization\",\"@id\":\"https:\/\/www.billin.net\/blog\/#organization\",\"name\":\"Billin\",\"alternateName\":\"Blog de Billin\",\"url\":\"https:\/\/www.billin.net\/blog\/\",\"logo\":{\"@type\":\"ImageObject\",\"inLanguage\":\"es\",\"@id\":\"https:\/\/www.billin.net\/blog\/#\/schema\/logo\/image\/\",\"url\":\"https:\/\/www.billin.net\/blog\/wp-content\/uploads\/2019\/06\/logotipo-billin-blog-1.png\",\"contentUrl\":\"https:\/\/www.billin.net\/blog\/wp-content\/uploads\/2019\/06\/logotipo-billin-blog-1.png\",\"width\":126,\"height\":50,\"caption\":\"Billin\"},\"image\":{\"@id\":\"https:\/\/www.billin.net\/blog\/#\/schema\/logo\/image\/\"},\"sameAs\":[\"https:\/\/www.facebook.com\/EsBillin\",\"https:\/\/x.com\/Billin_ES\",\"https:\/\/www.instagram.com\/billin_es\/\",\"https:\/\/www.linkedin.com\/company\/billin-spain\",\"https:\/\/www.youtube.com\/c\/BillinEsintercambiodefacturas\/\"],\"legalName\":\"MY EXPENSES SL\",\"contactPoint\":{\"@type\":\"ContactPoint\",\"telephone\":\"+34918318883\",\"contactType\":\"customer service\",\"email\":\"info@billin.eu\",\"availableLanguage\":\"es\"},\"foundingDate\":\"2015\",\"numberOfEmployees\":{\"@type\":\"QuantitativeValue\",\"minValue\":10,\"maxValue\":50},\"parentOrganization\":{\"@type\":\"Organization\",\"name\":\"TeamSystem\",\"url\":\"https:\/\/www.teamsystem.com\/\"},\"description\":\"Billin es el programa de facturaci\u00f3n online de TeamSystem para aut\u00f3nomos y pymes en Espa\u00f1a. Permite crear facturas, controlar gastos y cumplir con Verifactu.\",\"address\":{\"@type\":\"PostalAddress\",\"streetAddress\":\"Calle Arturo Soria, 336\",\"addressLocality\":\"Madrid\",\"addressRegion\":\"Madrid\",\"postalCode\":\"28033\",\"addressCountry\":\"ES\"}},{\"@type\":\"Person\",\"@id\":\"https:\/\/www.billin.net\/blog\/#\/schema\/person\/d0339ee6e869234614541b1e80a793e7\",\"name\":\"Marcos De La Cueva - CEO TeamSystem Facturas Billin\",\"image\":{\"@type\":\"ImageObject\",\"inLanguage\":\"es\",\"@id\":\"https:\/\/www.billin.net\/blog\/#\/schema\/person\/image\/\",\"url\":\"https:\/\/www.billin.net\/blog\/wp-content\/uploads\/2023\/10\/marcos-color-150x150.png\",\"contentUrl\":\"https:\/\/www.billin.net\/blog\/wp-content\/uploads\/2023\/10\/marcos-color-150x150.png\",\"caption\":\"Marcos De La Cueva - CEO TeamSystem Facturas Billin\"},\"description\":\"Licenciado en ADE por la Universidad Aut\u00f3noma de Madrid, Marcos De la Cueva es CEO y cofundador de TeamSystem Facturas Billin, un programa online que lleva m\u00e1s de 9 a\u00f1os ayudando a aut\u00f3nomos, peque\u00f1os negocios y gestor\u00edas a digitalizar sus presupuestos, facturas, tickets y gastos. \u00a0 Sobre Marcos De La Cueva \u00a0 Apasionado por el mundo empresarial y la tecnolog\u00eda, curs\u00f3 su M\u00e1ster de Finanzas en la Universidad Pontificia de Comillas y estuvo en el Programa de Cooperaci\u00f3n Educativa de la Universidad Aut\u00f3noma de Madrid. \u00a0 Marcos siempre ha tenido su objetivo claro: ayudar a la creaci\u00f3n de negocios financieramente sostenibles a trav\u00e9s de una herramienta de facturaci\u00f3n que les permita ahorrar tiempo y tener la contabilidad bajo control. \u00a0 Marcos De La Cueva en los medios \u2014 Noticia sobre Kit Digital y Ley Antifraude (VeriFactu) en El Economista. \u2014 Noticia sobre Kit Digital y factura electr\u00f3nica obligatoria en Diario Jur\u00eddico. \u2014 Noticia sobre el a\u00f1o de transici\u00f3n para la factura electr\u00f3nica en Muy Pymes. \u2014 Entrevista sobre factura electr\u00f3nica obligatoria en Canal Sur. \u2014 Noticia sobre el informe factura electr\u00f3nica de TeamSystem en Channel Partner. \u2014 Charla sobre productividad y Ley Crea y Crece en El Economista. \u2014 Charla sobre factura electr\u00f3nica obligatoria en Muy Pymes. \u2014 Charla sobre digitalizaci\u00f3n aut\u00f3nomos y productividad en esdiario. \u2014 Charla sobre productividad y factura electr\u00f3nica en La Raz\u00f3n. \u2014 Charla sobre factura electr\u00f3nica obligatoria en Aut\u00f3nomos y Emprendedores. \u2014 Entrevista sobre Ley Antifraude y Ley Crea y Crece en Expansi\u00f3n. \u2014 Entrevista sobre Ley Antifraude y Ley Crea y Crece en La Raz\u00f3n. \u2014 Entrevista sobre factura electr\u00f3nica obligatoria en El Economista. \u2014 Comunicado Billin y TeamSystem en Business Insider. \u2014 Entrevista en Econom\u00eda Digital. \u2014 Entrevista en Ideas para tu empresa de Vodafone. \u2014 Entrevista en M\u00e1sQradio. \u2014 Entrevista en Armas para emprender de El M\u00e9todo Gallardo. \u2014 Entrevista en KFund. \u2014 Entrevista en AXA Seguros Espa\u00f1a. \u2014 Entrevista en GestionaRadio. \u00a0 Marcos De La Cueva en eventos \u00a0 \u2014 Participaci\u00f3n como ponente en Accountex Espa\u00f1a 2023. \u00a0 Tem\u00e1ticas de especializaci\u00f3n \u00a0 negocios | startups | contabilidad| fiscalidad | empresas| asesor\u00edas| autonomos | emprendedores | peque\u00f1os negocios | econom\u00eda | ADE | pymes | desarrollo de negocio\u00a0\",\"sameAs\":[\"https:\/\/www.billin.net\/\",\"https:\/\/www.linkedin.com\/in\/marcos-de-la-cueva-19750ba3\/\"],\"url\":\"https:\/\/www.billin.net\/blog\/author\/marcosdelacueva\/\",\"jobTitle\":\"CEO y cofundador de TS Facturas Billin\"}]}<\/script>\n<!-- \/ Yoast SEO plugin. -->","yoast_head_json":{"title":"Cotizaciones en los aut\u00f3nomos mayores de 47 a\u00f1os - TeamSystem Facturas Billin","description":"Si eres un aut\u00f3nomo mayor de 47 a\u00f1os o est\u00e1s a punto de cumplirlos debes saber que existen limitaciones a partir de esa edad","robots":{"index":"index","follow":"follow","max-snippet":"max-snippet:-1","max-image-preview":"max-image-preview:large","max-video-preview":"max-video-preview:-1"},"canonical":"https:\/\/www.billin.net\/blog\/limitaciones-autonomos-mayores\/","og_locale":"es_ES","og_type":"article","og_title":"Cotizaciones en los aut\u00f3nomos mayores de 47 a\u00f1os - TeamSystem Facturas Billin","og_description":"Si eres un aut\u00f3nomo mayor de 47 a\u00f1os o est\u00e1s a punto de cumplirlos debes saber que existen limitaciones a partir de esa edad","og_url":"https:\/\/www.billin.net\/blog\/limitaciones-autonomos-mayores\/","og_site_name":"Blog de TeamSystem Facturas Billin","article_publisher":"https:\/\/www.facebook.com\/EsBillin","article_published_time":"2021-03-10T11:14:39+00:00","article_modified_time":"2025-09-25T18:42:49+00:00","og_image":[{"width":2048,"height":1365,"url":"https:\/\/www.billin.net\/blog\/wp-content\/uploads\/2021\/03\/Aut\u00f3nomos-mayores-de-47-a\u00f1os.jpeg","type":"image\/jpeg"}],"author":"Marcos De La Cueva - CEO TeamSystem Facturas Billin","twitter_card":"summary_large_image","twitter_creator":"@Billin_ES","twitter_site":"@Billin_ES","twitter_misc":{"Escrito por":"Marcos De La Cueva - CEO TeamSystem Facturas Billin","Tiempo de lectura":"4 minutos"},"schema":{"@context":"https:\/\/schema.org","@graph":[{"@type":"Article","@id":"https:\/\/www.billin.net\/blog\/limitaciones-autonomos-mayores\/#article","isPartOf":{"@id":"https:\/\/www.billin.net\/blog\/limitaciones-autonomos-mayores\/"},"author":{"name":"Marcos De La Cueva - CEO TeamSystem Facturas Billin","@id":"https:\/\/www.billin.net\/blog\/#\/schema\/person\/d0339ee6e869234614541b1e80a793e7"},"headline":"La base de cotizaci\u00f3n en aut\u00f3nomos mayores de 47 a\u00f1os","datePublished":"2021-03-10T11:14:39+00:00","dateModified":"2025-09-25T18:42:49+00:00","mainEntityOfPage":{"@id":"https:\/\/www.billin.net\/blog\/limitaciones-autonomos-mayores\/"},"wordCount":891,"commentCount":2,"publisher":{"@id":"https:\/\/www.billin.net\/blog\/#organization"},"image":{"@id":"https:\/\/www.billin.net\/blog\/limitaciones-autonomos-mayores\/#primaryimage"},"thumbnailUrl":"https:\/\/www.billin.net\/blog\/wp-content\/uploads\/2021\/03\/Aut\u00f3nomos-mayores-de-47-a\u00f1os.jpeg","articleSection":["Facturaci\u00f3n"],"inLanguage":"es","potentialAction":[{"@type":"CommentAction","name":"Comment","target":["https:\/\/www.billin.net\/blog\/limitaciones-autonomos-mayores\/#respond"]}]},{"@type":"WebPage","@id":"https:\/\/www.billin.net\/blog\/limitaciones-autonomos-mayores\/","url":"https:\/\/www.billin.net\/blog\/limitaciones-autonomos-mayores\/","name":"Cotizaciones en los aut\u00f3nomos mayores de 47 a\u00f1os - TeamSystem Facturas Billin","isPartOf":{"@id":"https:\/\/www.billin.net\/blog\/#website"},"primaryImageOfPage":{"@id":"https:\/\/www.billin.net\/blog\/limitaciones-autonomos-mayores\/#primaryimage"},"image":{"@id":"https:\/\/www.billin.net\/blog\/limitaciones-autonomos-mayores\/#primaryimage"},"thumbnailUrl":"https:\/\/www.billin.net\/blog\/wp-content\/uploads\/2021\/03\/Aut\u00f3nomos-mayores-de-47-a\u00f1os.jpeg","datePublished":"2021-03-10T11:14:39+00:00","dateModified":"2025-09-25T18:42:49+00:00","description":"Si eres un aut\u00f3nomo mayor de 47 a\u00f1os o est\u00e1s a punto de cumplirlos debes saber que existen limitaciones a partir de esa edad","breadcrumb":{"@id":"https:\/\/www.billin.net\/blog\/limitaciones-autonomos-mayores\/#breadcrumb"},"inLanguage":"es","potentialAction":[{"@type":"ReadAction","target":["https:\/\/www.billin.net\/blog\/limitaciones-autonomos-mayores\/"]}]},{"@type":"ImageObject","inLanguage":"es","@id":"https:\/\/www.billin.net\/blog\/limitaciones-autonomos-mayores\/#primaryimage","url":"https:\/\/www.billin.net\/blog\/wp-content\/uploads\/2021\/03\/Aut\u00f3nomos-mayores-de-47-a\u00f1os.jpeg","contentUrl":"https:\/\/www.billin.net\/blog\/wp-content\/uploads\/2021\/03\/Aut\u00f3nomos-mayores-de-47-a\u00f1os.jpeg","width":2048,"height":1365,"caption":"autonomos mayores de 47 a\u00f1os"},{"@type":"BreadcrumbList","@id":"https:\/\/www.billin.net\/blog\/limitaciones-autonomos-mayores\/#breadcrumb","itemListElement":[{"@type":"ListItem","position":1,"name":"Blog","item":"https:\/\/www.billin.net\/blog\/"},{"@type":"ListItem","position":2,"name":"Facturaci\u00f3n","item":"https:\/\/www.billin.net\/blog\/facturacion\/"},{"@type":"ListItem","position":3,"name":"La base de cotizaci\u00f3n en aut\u00f3nomos mayores de 47 a\u00f1os"}]},{"@type":"WebSite","@id":"https:\/\/www.billin.net\/blog\/#website","url":"https:\/\/www.billin.net\/blog\/","name":"Blog de Billin","description":"Mantente informado con el blog de TeamSystem Facturas Billin:  facturaci\u00f3n, legislaci\u00f3n, contabilidad, management y toda la informaci\u00f3n \u00fatil para pymes y aut\u00f3nomos.","publisher":{"@id":"https:\/\/www.billin.net\/blog\/#organization"},"potentialAction":[{"@type":"SearchAction","target":{"@type":"EntryPoint","urlTemplate":"https:\/\/www.billin.net\/blog\/?s={search_term_string}"},"query-input":{"@type":"PropertyValueSpecification","valueRequired":true,"valueName":"search_term_string"}}],"inLanguage":"es"},{"@type":"Organization","@id":"https:\/\/www.billin.net\/blog\/#organization","name":"Billin","alternateName":"Blog de Billin","url":"https:\/\/www.billin.net\/blog\/","logo":{"@type":"ImageObject","inLanguage":"es","@id":"https:\/\/www.billin.net\/blog\/#\/schema\/logo\/image\/","url":"https:\/\/www.billin.net\/blog\/wp-content\/uploads\/2019\/06\/logotipo-billin-blog-1.png","contentUrl":"https:\/\/www.billin.net\/blog\/wp-content\/uploads\/2019\/06\/logotipo-billin-blog-1.png","width":126,"height":50,"caption":"Billin"},"image":{"@id":"https:\/\/www.billin.net\/blog\/#\/schema\/logo\/image\/"},"sameAs":["https:\/\/www.facebook.com\/EsBillin","https:\/\/x.com\/Billin_ES","https:\/\/www.instagram.com\/billin_es\/","https:\/\/www.linkedin.com\/company\/billin-spain","https:\/\/www.youtube.com\/c\/BillinEsintercambiodefacturas\/"],"legalName":"MY EXPENSES SL","contactPoint":{"@type":"ContactPoint","telephone":"+34918318883","contactType":"customer service","email":"info@billin.eu","availableLanguage":"es"},"foundingDate":"2015","numberOfEmployees":{"@type":"QuantitativeValue","minValue":10,"maxValue":50},"parentOrganization":{"@type":"Organization","name":"TeamSystem","url":"https:\/\/www.teamsystem.com\/"},"description":"Billin es el programa de facturaci\u00f3n online de TeamSystem para aut\u00f3nomos y pymes en Espa\u00f1a. Permite crear facturas, controlar gastos y cumplir con Verifactu.","address":{"@type":"PostalAddress","streetAddress":"Calle Arturo Soria, 336","addressLocality":"Madrid","addressRegion":"Madrid","postalCode":"28033","addressCountry":"ES"}},{"@type":"Person","@id":"https:\/\/www.billin.net\/blog\/#\/schema\/person\/d0339ee6e869234614541b1e80a793e7","name":"Marcos De La Cueva - CEO TeamSystem Facturas Billin","image":{"@type":"ImageObject","inLanguage":"es","@id":"https:\/\/www.billin.net\/blog\/#\/schema\/person\/image\/","url":"https:\/\/www.billin.net\/blog\/wp-content\/uploads\/2023\/10\/marcos-color-150x150.png","contentUrl":"https:\/\/www.billin.net\/blog\/wp-content\/uploads\/2023\/10\/marcos-color-150x150.png","caption":"Marcos De La Cueva - CEO TeamSystem Facturas Billin"},"description":"Licenciado en ADE por la Universidad Aut\u00f3noma de Madrid, Marcos De la Cueva es CEO y cofundador de TeamSystem Facturas Billin, un programa online que lleva m\u00e1s de 9 a\u00f1os ayudando a aut\u00f3nomos, peque\u00f1os negocios y gestor\u00edas a digitalizar sus presupuestos, facturas, tickets y gastos. \u00a0 Sobre Marcos De La Cueva \u00a0 Apasionado por el mundo empresarial y la tecnolog\u00eda, curs\u00f3 su M\u00e1ster de Finanzas en la Universidad Pontificia de Comillas y estuvo en el Programa de Cooperaci\u00f3n Educativa de la Universidad Aut\u00f3noma de Madrid. \u00a0 Marcos siempre ha tenido su objetivo claro: ayudar a la creaci\u00f3n de negocios financieramente sostenibles a trav\u00e9s de una herramienta de facturaci\u00f3n que les permita ahorrar tiempo y tener la contabilidad bajo control. \u00a0 Marcos De La Cueva en los medios \u2014 Noticia sobre Kit Digital y Ley Antifraude (VeriFactu) en El Economista. \u2014 Noticia sobre Kit Digital y factura electr\u00f3nica obligatoria en Diario Jur\u00eddico. \u2014 Noticia sobre el a\u00f1o de transici\u00f3n para la factura electr\u00f3nica en Muy Pymes. \u2014 Entrevista sobre factura electr\u00f3nica obligatoria en Canal Sur. \u2014 Noticia sobre el informe factura electr\u00f3nica de TeamSystem en Channel Partner. \u2014 Charla sobre productividad y Ley Crea y Crece en El Economista. \u2014 Charla sobre factura electr\u00f3nica obligatoria en Muy Pymes. \u2014 Charla sobre digitalizaci\u00f3n aut\u00f3nomos y productividad en esdiario. \u2014 Charla sobre productividad y factura electr\u00f3nica en La Raz\u00f3n. \u2014 Charla sobre factura electr\u00f3nica obligatoria en Aut\u00f3nomos y Emprendedores. \u2014 Entrevista sobre Ley Antifraude y Ley Crea y Crece en Expansi\u00f3n. \u2014 Entrevista sobre Ley Antifraude y Ley Crea y Crece en La Raz\u00f3n. \u2014 Entrevista sobre factura electr\u00f3nica obligatoria en El Economista. \u2014 Comunicado Billin y TeamSystem en Business Insider. \u2014 Entrevista en Econom\u00eda Digital. \u2014 Entrevista en Ideas para tu empresa de Vodafone. \u2014 Entrevista en M\u00e1sQradio. \u2014 Entrevista en Armas para emprender de El M\u00e9todo Gallardo. \u2014 Entrevista en KFund. \u2014 Entrevista en AXA Seguros Espa\u00f1a. \u2014 Entrevista en GestionaRadio. \u00a0 Marcos De La Cueva en eventos \u00a0 \u2014 Participaci\u00f3n como ponente en Accountex Espa\u00f1a 2023. \u00a0 Tem\u00e1ticas de especializaci\u00f3n \u00a0 negocios | startups | contabilidad| fiscalidad | empresas| asesor\u00edas| autonomos | emprendedores | peque\u00f1os negocios | econom\u00eda | ADE | pymes | desarrollo de negocio\u00a0","sameAs":["https:\/\/www.billin.net\/","https:\/\/www.linkedin.com\/in\/marcos-de-la-cueva-19750ba3\/"],"url":"https:\/\/www.billin.net\/blog\/author\/marcosdelacueva\/","jobTitle":"CEO y cofundador de TS Facturas Billin"}]}},"_links":{"self":[{"href":"https:\/\/www.billin.net\/blog\/wp-json\/wp\/v2\/posts\/17385","targetHints":{"allow":["GET"]}}],"collection":[{"href":"https:\/\/www.billin.net\/blog\/wp-json\/wp\/v2\/posts"}],"about":[{"href":"https:\/\/www.billin.net\/blog\/wp-json\/wp\/v2\/types\/post"}],"author":[{"embeddable":true,"href":"https:\/\/www.billin.net\/blog\/wp-json\/wp\/v2\/users\/20"}],"replies":[{"embeddable":true,"href":"https:\/\/www.billin.net\/blog\/wp-json\/wp\/v2\/comments?post=17385"}],"version-history":[{"count":5,"href":"https:\/\/www.billin.net\/blog\/wp-json\/wp\/v2\/posts\/17385\/revisions"}],"predecessor-version":[{"id":26997,"href":"https:\/\/www.billin.net\/blog\/wp-json\/wp\/v2\/posts\/17385\/revisions\/26997"}],"wp:featuredmedia":[{"embeddable":true,"href":"https:\/\/www.billin.net\/blog\/wp-json\/wp\/v2\/media\/17387"}],"wp:attachment":[{"href":"https:\/\/www.billin.net\/blog\/wp-json\/wp\/v2\/media?parent=17385"}],"wp:term":[{"taxonomy":"category","embeddable":true,"href":"https:\/\/www.billin.net\/blog\/wp-json\/wp\/v2\/categories?post=17385"},{"taxonomy":"post_tag","embeddable":true,"href":"https:\/\/www.billin.net\/blog\/wp-json\/wp\/v2\/tags?post=17385"}],"curies":[{"name":"wp","href":"https:\/\/api.w.org\/{rel}","templated":true}]}}