{"id":17063,"date":"2021-02-04T00:00:00","date_gmt":"2021-02-03T22:00:00","guid":{"rendered":"https:\/\/www.billin.net\/blog\/?p=17063"},"modified":"2025-09-25T20:43:16","modified_gmt":"2025-09-25T18:43:16","slug":"impuestos-primer-trimestre","status":"publish","type":"post","link":"https:\/\/www.billin.net\/blog\/impuestos-primer-trimestre\/","title":{"rendered":"\u00bfQu\u00e9 impuestos se presentan el primer trimestre y cu\u00e1ndo?"},"content":{"rendered":"<p>Aqu\u00ed tienes los impuestos que debes presentar el primer trimestre del a\u00f1o 2022 y los plazos para hacerlo de forma correcta. Tambi\u00e9n te explicamos en detalle algunos de los modelos y puedes aplicar la informaci\u00f3n si lo necesitas en las p\u00e1ginas espec\u00edficas.<\/p>\n<p><!--more--><\/p>\n<p>Con el fin del cuarto trimestre del a\u00f1o 2021, comienza el <strong>1 trimestre de 2022<\/strong> que corresponder\u00e1 a los meses de enero, febrero y marzo. Veamos qu\u00e9 impuestos habr\u00e1 que presentar y cu\u00e1ndo<\/p>\n<h2><strong>\u00bfCu\u00e1les son los impuestos que se presentan en el primer trimestre?<\/strong><\/h2>\n<p>Aqu\u00ed te dejamos una captura de nuestro <a href=\"https:\/\/www.billin.net\/calendario-fiscal\/\" target=\"_blank\" rel=\"noopener\">calendario fiscal de 2022<\/a> para que lo veas m\u00e1s claro:<\/p>\n<p><img loading=\"lazy\" decoding=\"async\" class=\"alignnone size-full wp-image-18664\" src=\"https:\/\/www.billin.net\/blog\/wp-content\/uploads\/2021\/02\/impuestos-1-trimestre-2022.png\" alt=\"impuestos primer trimestre 2022\" width=\"501\" height=\"1691\" srcset=\"https:\/\/www.billin.net\/blog\/wp-content\/uploads\/2021\/02\/impuestos-1-trimestre-2022.png 501w, https:\/\/www.billin.net\/blog\/wp-content\/uploads\/2021\/02\/impuestos-1-trimestre-2022-89x300.png 89w, https:\/\/www.billin.net\/blog\/wp-content\/uploads\/2021\/02\/impuestos-1-trimestre-2022-303x1024.png 303w, https:\/\/www.billin.net\/blog\/wp-content\/uploads\/2021\/02\/impuestos-1-trimestre-2022-455x1536.png 455w\" sizes=\"(max-width: 501px) 100vw, 501px\" \/><\/p>\n<p><a href=\"https:\/\/www.billin.net\/blog\/como-rellenar-modelo-303\/\"><strong>\u25ba Modelo 303 IVA<\/strong><\/a><\/p>\n<p>Este modelo tributario del <strong>IVA del primer trimestre 2022<\/strong> y es el m\u00e1s com\u00fan de todos los impuestos existentes, el cual, lo presentan casi todos los aut\u00f3nomos y empresas<\/p>\n<p>En este modelo se incluye el <strong>Impuesto sobre el Valor A\u00f1adido (IVA)<\/strong> que los empresarios cobran en sus facturas emitidas, siempre que su actividad est\u00e9 sujeta y no exenta de IVA.<\/p>\n<p>Al igual que incluimos el <strong>IVA repercutido<\/strong> (ventas), tambi\u00e9n se incluir\u00e1 el <strong>IVA soportado<\/strong> (compras y gastos), obteniendo como resultado la diferencia entre ambos, es decir, lo que hemos cobrado menos lo que hemos pagado de IVA.<\/p>\n<p>Ten en cuenta que tambi\u00e9n habr\u00e1 que <strong>incluir las facturas que a\u00fan no se hayan cobrado<\/strong>, a excepci\u00f3n de que est\u00e9s sujeto al <a href=\"https:\/\/www.billin.net\/blog\/criterio-caja-quien-lo-aplica\/\" target=\"_blank\" rel=\"noopener\">r\u00e9gimen especial de IVA con criterio de caja<\/a>.<\/p>\n<p>Adem\u00e1s, es importante mencionar, que este <strong>modelo de IVA<\/strong> habr\u00e1 que presentarlo siempre que est\u00e9s de alta en el censo de obligados tributarios, aunque no hayas generado ning\u00fan ingreso.<\/p>\n<p><a href=\"https:\/\/www.billin.net\/blog\/modelo-111\/\"><strong>\u25ba Modelo 111 IVA<\/strong><\/a><\/p>\n<p>Este modelo trimestral de IRPF lo presentan las <strong>empresas y aut\u00f3nomos que tengan trabajadores o reciban facturas de profesionales<\/strong>, para el ingreso de las retenciones practicadas durante el 1 trimestre.<\/p>\n<p>Por tanto, si tienes trabajadores o te han prestado un servicio profesional, tendr\u00e1s que hacer constar en el Modelo 111 los pagos de esas retenciones.<\/p>\n<p><a href=\"https:\/\/www.billin.net\/blog\/modelo-irpf-115\/\"><strong>\u25ba Modelo 115 IVA<\/strong><\/a><\/p>\n<p>Todos los aut\u00f3nomos y empresas que tengan un local arrendado afecto a su actividad econ\u00f3mica tendr\u00e1n que presentar el Modelo 115, incluyendo los pagos de las retenciones practicadas por el arrendador durante el primer trimestre.<\/p>\n<p><a href=\"https:\/\/www.billin.net\/blog\/modelo-130\/\"><strong>\u25ba Modelo 130 IRPF<\/strong><\/a><\/p>\n<p>Este modelo lo presentan los aut\u00f3nomos que tengan menos del 70% de su facturaci\u00f3n sin retenci\u00f3n, es decir, si todas nuestras facturas llevan retenci\u00f3n e IVA no tendremos que presentar el Modelo 130.<\/p>\n<p><a href=\"https:\/\/www.billin.net\/blog\/modelo-131\/\"><strong>\u25ba Modelo 131 IRPF<\/strong><\/a><\/p>\n<p>Este impuesto lo presentan los aut\u00f3nomos que est\u00e9n tributando en estimaci\u00f3n objetiva o m\u00f3dulos.<\/p>\n<p><a href=\"https:\/\/www.billin.net\/blog\/modelo-309-impuesto-valor-anadido-autoliquidacion\/\"><strong>\u25ba Modelo 309 IVA<\/strong><\/a><\/p>\n<p>Este modelo se usa para el ingreso del IVA de operaciones intracomunitarias o sujeto pasivo, en aut\u00f3nomos que tributan en r\u00e9gimen simplificado.<\/p>\n<p><a href=\"https:\/\/www.billin.net\/blog\/modelo-100\/\"><strong>\u25ba Modelo 100 o declaraci\u00f3n de la renta<\/strong><\/a><\/p>\n<p>Hay que tener en cuenta que el comienzo de la campa\u00f1a de rentas ser\u00e1 en abril, donde declaramos todos los ingresos y gastos anuales del ejercicio anterior, en este caso el a\u00f1o 2020. Si queremos ya podr\u00edamos presentar nuestra declaraci\u00f3n de la renta<\/p>\n<h2><strong>\u00bfCu\u00e1ndo se pagan los impuestos del primer trimestre del 2021?<\/strong><\/h2>\n<p>El plazo para la presentaci\u00f3n de los impuestos del primer trimestre del 2021 va desde el 1 hasta el 20 de abril, ambos incluidos.<\/p>\n<p>En el caso de que los impuestos salgan a pagar podr\u00e1s <strong>domiciliar su pago hasta el 15 de abril,<\/strong> despu\u00e9s de esa fecha tendr\u00e1s que presentarlo f\u00edsicamente en la entidad financiera (solo para las personas f\u00edsicas) o solicitar el c\u00f3digo NRC al banco para su ingreso inmediato (podr\u00e1n hacerlo tanto las personas f\u00edsicas como personas jur\u00eddicas)<\/p>\n<h2><strong>\u00bfCu\u00e1ndo se presenta el primer trimestre del IVA 2021?<\/strong><\/h2>\n<p>Se presenta en el mes de abril, desde el 1 al 20 inclusive. Si el \u00faltimo d\u00eda cae en festivo o fin de semana se pasa al siguiente d\u00eda h\u00e1bil la fecha l\u00edmite.<\/p>\n<h3><strong>\u00bfCu\u00e1ndo se presenta el modelo 303 del 1 trimestre?<\/strong><\/h3>\n<p>El Modelo 303 1 trimestre de IVA se presenta desde el 1 hasta el 20 de abril, ambos incluidos, es muy importante que tengas en cuenta este periodo fiscal de presentaci\u00f3n, ya que, si no lo cumples, podr\u00edas tener graves sanciones y recargos por la presentaci\u00f3n fuera de plazo<\/p>\n<h3><strong>\u00bfCu\u00e1ndo se presenta el modelo anual de IVA?<\/strong><\/h3>\n<p>El <strong>modelo anual de IVA<\/strong> es el resumen de Las autoliquidaciones trimestrales de IVA presentadas a lo largo del ejercicio fiscal, adem\u00e1s, tendr\u00e1s que presentarlo, aunque no hayas estado todo el a\u00f1o de alta como empresa, es decir, si te diste de alta en el mes de agosto, habr\u00e1s presentado el tercer y cuarto trimestre del ejercicio, pues bien, tambi\u00e9n tendr\u00e1s que presentar el resumen de IVA.<\/p>\n<p>Este <a href=\"https:\/\/www.billin.net\/blog\/modelo-390-resumen-anual-modelo-303\/\"><strong>modelo 390 resumen de IVA<\/strong><\/a> tiene como plazo de presentaci\u00f3n desde el 1 hasta el 31 de enero del siguinete a\u00f1o<\/p>\n<p>Algunas actividades que presentan el <strong>modelo 303 trimestral<\/strong> est\u00e1n exoneradas de presentar el modelo anual de IVA, como son:<\/p>\n<ul>\n<li>Contribuyentes no obligados a presentar autoliquidaciones trimestrales<\/li>\n<li>Grandes empresas que facturen m\u00e1s de 6.010.121,04 euros<\/li>\n<li>Las empresas inscritas en el Registro de Devoluci\u00f3n Mensual de IVA<\/li>\n<li>Grupos de entidades<\/li>\n<\/ul>\n<p>Te recomiendo que uses un <a href=\"https:\/\/www.billin.net\/calendario-fiscal\/\">calendario fiscal<\/a>, que te avise de todas las fechas fiscales importantes para tu negocio. Y con TeamSystem Facturas Billin, tendr\u00e1s todo tu negocio controlado para que sea m\u00e1s sencillo hacerlo. No esperes para probar gratis nuestro <a href=\"https:\/\/www.billin.net\/\">programa de facturaci\u00f3n.<\/a><\/p>\n","protected":false},"excerpt":{"rendered":"<p>Aqu\u00ed tienes los impuestos que debes presentar el primer trimestre del a\u00f1o 2022 y los plazos para hacerlo de forma correcta. Tambi\u00e9n te explicamos en detalle algunos de los modelos y puedes aplicar la informaci\u00f3n si lo necesitas en las p\u00e1ginas espec\u00edficas.<\/p>\n","protected":false},"author":20,"featured_media":17067,"comment_status":"open","ping_status":"open","sticky":false,"template":"","format":"standard","meta":{"_acf_changed":false,"_et_pb_use_builder":"","_et_pb_old_content":"","_et_gb_content_width":"","om_disable_all_campaigns":false,"inline_featured_image":false,"footnotes":""},"categories":[1014],"tags":[],"class_list":{"0":"post-17063","1":"post","2":"type-post","3":"status-publish","4":"format-standard","5":"has-post-thumbnail","7":"category-fiscalidad"},"acf":{"selector_de_usuario":null,"fecha_de_revision":"20220228"},"yoast_head":"<!-- This site is optimized with the Yoast SEO plugin v27.1 - https:\/\/yoast.com\/product\/yoast-seo-wordpress\/ -->\n<title>Presentaci\u00f3n de Impuestos del Primer Trimestre 2022 - TeamSystem Facturas Billin<\/title>\n<meta name=\"description\" content=\"Aqu\u00ed tienes los impuestos que debes presentar el 1 trimestre del a\u00f1o 2022 y los plazos para hacerlo. Entra ahora e inf\u00f3rmate de todo.\" \/>\n<meta name=\"robots\" content=\"index, follow, max-snippet:-1, max-image-preview:large, max-video-preview:-1\" \/>\n<link rel=\"canonical\" href=\"https:\/\/www.billin.net\/blog\/impuestos-primer-trimestre\/\" \/>\n<meta property=\"og:locale\" content=\"es_ES\" \/>\n<meta property=\"og:type\" content=\"article\" \/>\n<meta property=\"og:title\" content=\"Presentaci\u00f3n de Impuestos del Primer Trimestre 2022 - TeamSystem Facturas Billin\" \/>\n<meta property=\"og:description\" content=\"Aqu\u00ed tienes los impuestos que debes presentar el 1 trimestre del a\u00f1o 2022 y los plazos para hacerlo. Entra ahora e inf\u00f3rmate de todo.\" \/>\n<meta property=\"og:url\" content=\"https:\/\/www.billin.net\/blog\/impuestos-primer-trimestre\/\" \/>\n<meta property=\"og:site_name\" content=\"Blog de TeamSystem Facturas Billin\" \/>\n<meta property=\"article:publisher\" content=\"https:\/\/www.facebook.com\/EsBillin\" \/>\n<meta property=\"article:published_time\" content=\"2021-02-03T22:00:00+00:00\" \/>\n<meta property=\"article:modified_time\" content=\"2025-09-25T18:43:16+00:00\" \/>\n<meta property=\"og:image\" content=\"https:\/\/www.billin.net\/blog\/wp-content\/uploads\/2021\/02\/Impuestos-primer-trimestre.jpg\" \/>\n\t<meta property=\"og:image:width\" content=\"1200\" \/>\n\t<meta property=\"og:image:height\" content=\"800\" \/>\n\t<meta property=\"og:image:type\" content=\"image\/jpeg\" \/>\n<meta name=\"author\" content=\"Marcos De La Cueva - CEO TeamSystem Facturas Billin\" \/>\n<meta name=\"twitter:card\" content=\"summary_large_image\" \/>\n<meta name=\"twitter:creator\" content=\"@Billin_ES\" \/>\n<meta name=\"twitter:site\" content=\"@Billin_ES\" \/>\n<meta name=\"twitter:label1\" content=\"Escrito por\" \/>\n\t<meta name=\"twitter:data1\" content=\"Marcos De La Cueva - CEO TeamSystem Facturas Billin\" \/>\n\t<meta name=\"twitter:label2\" content=\"Tiempo de lectura\" \/>\n\t<meta name=\"twitter:data2\" content=\"5 minutos\" \/>\n<script type=\"application\/ld+json\" class=\"yoast-schema-graph\">{\"@context\":\"https:\/\/schema.org\",\"@graph\":[{\"@type\":\"Article\",\"@id\":\"https:\/\/www.billin.net\/blog\/impuestos-primer-trimestre\/#article\",\"isPartOf\":{\"@id\":\"https:\/\/www.billin.net\/blog\/impuestos-primer-trimestre\/\"},\"author\":{\"name\":\"Marcos De La Cueva - CEO TeamSystem Facturas Billin\",\"@id\":\"https:\/\/www.billin.net\/blog\/#\/schema\/person\/d0339ee6e869234614541b1e80a793e7\"},\"headline\":\"\u00bfQu\u00e9 impuestos se presentan el primer trimestre y cu\u00e1ndo?\",\"datePublished\":\"2021-02-03T22:00:00+00:00\",\"dateModified\":\"2025-09-25T18:43:16+00:00\",\"mainEntityOfPage\":{\"@id\":\"https:\/\/www.billin.net\/blog\/impuestos-primer-trimestre\/\"},\"wordCount\":915,\"commentCount\":0,\"publisher\":{\"@id\":\"https:\/\/www.billin.net\/blog\/#organization\"},\"image\":{\"@id\":\"https:\/\/www.billin.net\/blog\/impuestos-primer-trimestre\/#primaryimage\"},\"thumbnailUrl\":\"https:\/\/www.billin.net\/blog\/wp-content\/uploads\/2021\/02\/Impuestos-primer-trimestre.jpg\",\"articleSection\":[\"Fiscalidad\"],\"inLanguage\":\"es\",\"potentialAction\":[{\"@type\":\"CommentAction\",\"name\":\"Comment\",\"target\":[\"https:\/\/www.billin.net\/blog\/impuestos-primer-trimestre\/#respond\"]}]},{\"@type\":\"WebPage\",\"@id\":\"https:\/\/www.billin.net\/blog\/impuestos-primer-trimestre\/\",\"url\":\"https:\/\/www.billin.net\/blog\/impuestos-primer-trimestre\/\",\"name\":\"Presentaci\u00f3n de Impuestos del Primer Trimestre 2022 - TeamSystem Facturas Billin\",\"isPartOf\":{\"@id\":\"https:\/\/www.billin.net\/blog\/#website\"},\"primaryImageOfPage\":{\"@id\":\"https:\/\/www.billin.net\/blog\/impuestos-primer-trimestre\/#primaryimage\"},\"image\":{\"@id\":\"https:\/\/www.billin.net\/blog\/impuestos-primer-trimestre\/#primaryimage\"},\"thumbnailUrl\":\"https:\/\/www.billin.net\/blog\/wp-content\/uploads\/2021\/02\/Impuestos-primer-trimestre.jpg\",\"datePublished\":\"2021-02-03T22:00:00+00:00\",\"dateModified\":\"2025-09-25T18:43:16+00:00\",\"description\":\"Aqu\u00ed tienes los impuestos que debes presentar el 1 trimestre del a\u00f1o 2022 y los plazos para hacerlo. Entra ahora e inf\u00f3rmate de todo.\",\"breadcrumb\":{\"@id\":\"https:\/\/www.billin.net\/blog\/impuestos-primer-trimestre\/#breadcrumb\"},\"inLanguage\":\"es\",\"potentialAction\":[{\"@type\":\"ReadAction\",\"target\":[\"https:\/\/www.billin.net\/blog\/impuestos-primer-trimestre\/\"]}]},{\"@type\":\"ImageObject\",\"inLanguage\":\"es\",\"@id\":\"https:\/\/www.billin.net\/blog\/impuestos-primer-trimestre\/#primaryimage\",\"url\":\"https:\/\/www.billin.net\/blog\/wp-content\/uploads\/2021\/02\/Impuestos-primer-trimestre.jpg\",\"contentUrl\":\"https:\/\/www.billin.net\/blog\/wp-content\/uploads\/2021\/02\/Impuestos-primer-trimestre.jpg\",\"width\":1200,\"height\":800,\"caption\":\"impuestos 1 trimestre\"},{\"@type\":\"BreadcrumbList\",\"@id\":\"https:\/\/www.billin.net\/blog\/impuestos-primer-trimestre\/#breadcrumb\",\"itemListElement\":[{\"@type\":\"ListItem\",\"position\":1,\"name\":\"Blog\",\"item\":\"https:\/\/www.billin.net\/blog\/\"},{\"@type\":\"ListItem\",\"position\":2,\"name\":\"Fiscalidad\",\"item\":\"https:\/\/www.billin.net\/blog\/fiscalidad\/\"},{\"@type\":\"ListItem\",\"position\":3,\"name\":\"\u00bfQu\u00e9 impuestos se presentan el primer trimestre y cu\u00e1ndo?\"}]},{\"@type\":\"WebSite\",\"@id\":\"https:\/\/www.billin.net\/blog\/#website\",\"url\":\"https:\/\/www.billin.net\/blog\/\",\"name\":\"Blog de Billin\",\"description\":\"Mantente informado con el blog de TeamSystem Facturas Billin:  facturaci\u00f3n, legislaci\u00f3n, contabilidad, management y toda la informaci\u00f3n \u00fatil para pymes y aut\u00f3nomos.\",\"publisher\":{\"@id\":\"https:\/\/www.billin.net\/blog\/#organization\"},\"potentialAction\":[{\"@type\":\"SearchAction\",\"target\":{\"@type\":\"EntryPoint\",\"urlTemplate\":\"https:\/\/www.billin.net\/blog\/?s={search_term_string}\"},\"query-input\":{\"@type\":\"PropertyValueSpecification\",\"valueRequired\":true,\"valueName\":\"search_term_string\"}}],\"inLanguage\":\"es\"},{\"@type\":\"Organization\",\"@id\":\"https:\/\/www.billin.net\/blog\/#organization\",\"name\":\"Billin\",\"alternateName\":\"Blog de Billin\",\"url\":\"https:\/\/www.billin.net\/blog\/\",\"logo\":{\"@type\":\"ImageObject\",\"inLanguage\":\"es\",\"@id\":\"https:\/\/www.billin.net\/blog\/#\/schema\/logo\/image\/\",\"url\":\"https:\/\/www.billin.net\/blog\/wp-content\/uploads\/2019\/06\/logotipo-billin-blog-1.png\",\"contentUrl\":\"https:\/\/www.billin.net\/blog\/wp-content\/uploads\/2019\/06\/logotipo-billin-blog-1.png\",\"width\":126,\"height\":50,\"caption\":\"Billin\"},\"image\":{\"@id\":\"https:\/\/www.billin.net\/blog\/#\/schema\/logo\/image\/\"},\"sameAs\":[\"https:\/\/www.facebook.com\/EsBillin\",\"https:\/\/x.com\/Billin_ES\",\"https:\/\/www.instagram.com\/billin_es\/\",\"https:\/\/www.linkedin.com\/company\/billin-spain\",\"https:\/\/www.youtube.com\/c\/BillinEsintercambiodefacturas\/\"],\"legalName\":\"MY EXPENSES SL\",\"contactPoint\":{\"@type\":\"ContactPoint\",\"telephone\":\"+34918318883\",\"contactType\":\"customer service\",\"email\":\"info@billin.eu\",\"availableLanguage\":\"es\"},\"foundingDate\":\"2015\",\"numberOfEmployees\":{\"@type\":\"QuantitativeValue\",\"minValue\":10,\"maxValue\":50},\"parentOrganization\":{\"@type\":\"Organization\",\"name\":\"TeamSystem\",\"url\":\"https:\/\/www.teamsystem.com\/\"},\"description\":\"Billin es el programa de facturaci\u00f3n online de TeamSystem para aut\u00f3nomos y pymes en Espa\u00f1a. Permite crear facturas, controlar gastos y cumplir con Verifactu.\",\"address\":{\"@type\":\"PostalAddress\",\"streetAddress\":\"Calle Arturo Soria, 336\",\"addressLocality\":\"Madrid\",\"addressRegion\":\"Madrid\",\"postalCode\":\"28033\",\"addressCountry\":\"ES\"}},{\"@type\":\"Person\",\"@id\":\"https:\/\/www.billin.net\/blog\/#\/schema\/person\/d0339ee6e869234614541b1e80a793e7\",\"name\":\"Marcos De La Cueva - CEO TeamSystem Facturas Billin\",\"image\":{\"@type\":\"ImageObject\",\"inLanguage\":\"es\",\"@id\":\"https:\/\/www.billin.net\/blog\/#\/schema\/person\/image\/\",\"url\":\"https:\/\/www.billin.net\/blog\/wp-content\/uploads\/2023\/10\/marcos-color-150x150.png\",\"contentUrl\":\"https:\/\/www.billin.net\/blog\/wp-content\/uploads\/2023\/10\/marcos-color-150x150.png\",\"caption\":\"Marcos De La Cueva - CEO TeamSystem Facturas Billin\"},\"description\":\"Licenciado en ADE por la Universidad Aut\u00f3noma de Madrid, Marcos De la Cueva es CEO y cofundador de TeamSystem Facturas Billin, un programa online que lleva m\u00e1s de 9 a\u00f1os ayudando a aut\u00f3nomos, peque\u00f1os negocios y gestor\u00edas a digitalizar sus presupuestos, facturas, tickets y gastos. \u00a0 Sobre Marcos De La Cueva \u00a0 Apasionado por el mundo empresarial y la tecnolog\u00eda, curs\u00f3 su M\u00e1ster de Finanzas en la Universidad Pontificia de Comillas y estuvo en el Programa de Cooperaci\u00f3n Educativa de la Universidad Aut\u00f3noma de Madrid. \u00a0 Marcos siempre ha tenido su objetivo claro: ayudar a la creaci\u00f3n de negocios financieramente sostenibles a trav\u00e9s de una herramienta de facturaci\u00f3n que les permita ahorrar tiempo y tener la contabilidad bajo control. \u00a0 Marcos De La Cueva en los medios \u2014 Noticia sobre Kit Digital y Ley Antifraude (VeriFactu) en El Economista. \u2014 Noticia sobre Kit Digital y factura electr\u00f3nica obligatoria en Diario Jur\u00eddico. \u2014 Noticia sobre el a\u00f1o de transici\u00f3n para la factura electr\u00f3nica en Muy Pymes. \u2014 Entrevista sobre factura electr\u00f3nica obligatoria en Canal Sur. \u2014 Noticia sobre el informe factura electr\u00f3nica de TeamSystem en Channel Partner. \u2014 Charla sobre productividad y Ley Crea y Crece en El Economista. \u2014 Charla sobre factura electr\u00f3nica obligatoria en Muy Pymes. \u2014 Charla sobre digitalizaci\u00f3n aut\u00f3nomos y productividad en esdiario. \u2014 Charla sobre productividad y factura electr\u00f3nica en La Raz\u00f3n. \u2014 Charla sobre factura electr\u00f3nica obligatoria en Aut\u00f3nomos y Emprendedores. \u2014 Entrevista sobre Ley Antifraude y Ley Crea y Crece en Expansi\u00f3n. \u2014 Entrevista sobre Ley Antifraude y Ley Crea y Crece en La Raz\u00f3n. \u2014 Entrevista sobre factura electr\u00f3nica obligatoria en El Economista. \u2014 Comunicado Billin y TeamSystem en Business Insider. \u2014 Entrevista en Econom\u00eda Digital. \u2014 Entrevista en Ideas para tu empresa de Vodafone. \u2014 Entrevista en M\u00e1sQradio. \u2014 Entrevista en Armas para emprender de El M\u00e9todo Gallardo. \u2014 Entrevista en KFund. \u2014 Entrevista en AXA Seguros Espa\u00f1a. \u2014 Entrevista en GestionaRadio. \u00a0 Marcos De La Cueva en eventos \u00a0 \u2014 Participaci\u00f3n como ponente en Accountex Espa\u00f1a 2023. \u00a0 Tem\u00e1ticas de especializaci\u00f3n \u00a0 negocios | startups | contabilidad| fiscalidad | empresas| asesor\u00edas| autonomos | emprendedores | peque\u00f1os negocios | econom\u00eda | ADE | pymes | desarrollo de negocio\u00a0\",\"sameAs\":[\"https:\/\/www.billin.net\/\",\"https:\/\/www.linkedin.com\/in\/marcos-de-la-cueva-19750ba3\/\"],\"url\":\"https:\/\/www.billin.net\/blog\/author\/marcosdelacueva\/\",\"jobTitle\":\"CEO y cofundador de TS Facturas Billin\"}]}<\/script>\n<!-- \/ Yoast SEO plugin. -->","yoast_head_json":{"title":"Presentaci\u00f3n de Impuestos del Primer Trimestre 2022 - TeamSystem Facturas Billin","description":"Aqu\u00ed tienes los impuestos que debes presentar el 1 trimestre del a\u00f1o 2022 y los plazos para hacerlo. Entra ahora e inf\u00f3rmate de todo.","robots":{"index":"index","follow":"follow","max-snippet":"max-snippet:-1","max-image-preview":"max-image-preview:large","max-video-preview":"max-video-preview:-1"},"canonical":"https:\/\/www.billin.net\/blog\/impuestos-primer-trimestre\/","og_locale":"es_ES","og_type":"article","og_title":"Presentaci\u00f3n de Impuestos del Primer Trimestre 2022 - TeamSystem Facturas Billin","og_description":"Aqu\u00ed tienes los impuestos que debes presentar el 1 trimestre del a\u00f1o 2022 y los plazos para hacerlo. Entra ahora e inf\u00f3rmate de todo.","og_url":"https:\/\/www.billin.net\/blog\/impuestos-primer-trimestre\/","og_site_name":"Blog de TeamSystem Facturas Billin","article_publisher":"https:\/\/www.facebook.com\/EsBillin","article_published_time":"2021-02-03T22:00:00+00:00","article_modified_time":"2025-09-25T18:43:16+00:00","og_image":[{"width":1200,"height":800,"url":"https:\/\/www.billin.net\/blog\/wp-content\/uploads\/2021\/02\/Impuestos-primer-trimestre.jpg","type":"image\/jpeg"}],"author":"Marcos De La Cueva - CEO TeamSystem Facturas Billin","twitter_card":"summary_large_image","twitter_creator":"@Billin_ES","twitter_site":"@Billin_ES","twitter_misc":{"Escrito por":"Marcos De La Cueva - CEO TeamSystem Facturas Billin","Tiempo de lectura":"5 minutos"},"schema":{"@context":"https:\/\/schema.org","@graph":[{"@type":"Article","@id":"https:\/\/www.billin.net\/blog\/impuestos-primer-trimestre\/#article","isPartOf":{"@id":"https:\/\/www.billin.net\/blog\/impuestos-primer-trimestre\/"},"author":{"name":"Marcos De La Cueva - CEO TeamSystem Facturas Billin","@id":"https:\/\/www.billin.net\/blog\/#\/schema\/person\/d0339ee6e869234614541b1e80a793e7"},"headline":"\u00bfQu\u00e9 impuestos se presentan el primer trimestre y cu\u00e1ndo?","datePublished":"2021-02-03T22:00:00+00:00","dateModified":"2025-09-25T18:43:16+00:00","mainEntityOfPage":{"@id":"https:\/\/www.billin.net\/blog\/impuestos-primer-trimestre\/"},"wordCount":915,"commentCount":0,"publisher":{"@id":"https:\/\/www.billin.net\/blog\/#organization"},"image":{"@id":"https:\/\/www.billin.net\/blog\/impuestos-primer-trimestre\/#primaryimage"},"thumbnailUrl":"https:\/\/www.billin.net\/blog\/wp-content\/uploads\/2021\/02\/Impuestos-primer-trimestre.jpg","articleSection":["Fiscalidad"],"inLanguage":"es","potentialAction":[{"@type":"CommentAction","name":"Comment","target":["https:\/\/www.billin.net\/blog\/impuestos-primer-trimestre\/#respond"]}]},{"@type":"WebPage","@id":"https:\/\/www.billin.net\/blog\/impuestos-primer-trimestre\/","url":"https:\/\/www.billin.net\/blog\/impuestos-primer-trimestre\/","name":"Presentaci\u00f3n de Impuestos del Primer Trimestre 2022 - TeamSystem Facturas Billin","isPartOf":{"@id":"https:\/\/www.billin.net\/blog\/#website"},"primaryImageOfPage":{"@id":"https:\/\/www.billin.net\/blog\/impuestos-primer-trimestre\/#primaryimage"},"image":{"@id":"https:\/\/www.billin.net\/blog\/impuestos-primer-trimestre\/#primaryimage"},"thumbnailUrl":"https:\/\/www.billin.net\/blog\/wp-content\/uploads\/2021\/02\/Impuestos-primer-trimestre.jpg","datePublished":"2021-02-03T22:00:00+00:00","dateModified":"2025-09-25T18:43:16+00:00","description":"Aqu\u00ed tienes los impuestos que debes presentar el 1 trimestre del a\u00f1o 2022 y los plazos para hacerlo. Entra ahora e inf\u00f3rmate de todo.","breadcrumb":{"@id":"https:\/\/www.billin.net\/blog\/impuestos-primer-trimestre\/#breadcrumb"},"inLanguage":"es","potentialAction":[{"@type":"ReadAction","target":["https:\/\/www.billin.net\/blog\/impuestos-primer-trimestre\/"]}]},{"@type":"ImageObject","inLanguage":"es","@id":"https:\/\/www.billin.net\/blog\/impuestos-primer-trimestre\/#primaryimage","url":"https:\/\/www.billin.net\/blog\/wp-content\/uploads\/2021\/02\/Impuestos-primer-trimestre.jpg","contentUrl":"https:\/\/www.billin.net\/blog\/wp-content\/uploads\/2021\/02\/Impuestos-primer-trimestre.jpg","width":1200,"height":800,"caption":"impuestos 1 trimestre"},{"@type":"BreadcrumbList","@id":"https:\/\/www.billin.net\/blog\/impuestos-primer-trimestre\/#breadcrumb","itemListElement":[{"@type":"ListItem","position":1,"name":"Blog","item":"https:\/\/www.billin.net\/blog\/"},{"@type":"ListItem","position":2,"name":"Fiscalidad","item":"https:\/\/www.billin.net\/blog\/fiscalidad\/"},{"@type":"ListItem","position":3,"name":"\u00bfQu\u00e9 impuestos se presentan el primer trimestre y cu\u00e1ndo?"}]},{"@type":"WebSite","@id":"https:\/\/www.billin.net\/blog\/#website","url":"https:\/\/www.billin.net\/blog\/","name":"Blog de Billin","description":"Mantente informado con el blog de TeamSystem Facturas Billin:  facturaci\u00f3n, legislaci\u00f3n, contabilidad, management y toda la informaci\u00f3n \u00fatil para pymes y aut\u00f3nomos.","publisher":{"@id":"https:\/\/www.billin.net\/blog\/#organization"},"potentialAction":[{"@type":"SearchAction","target":{"@type":"EntryPoint","urlTemplate":"https:\/\/www.billin.net\/blog\/?s={search_term_string}"},"query-input":{"@type":"PropertyValueSpecification","valueRequired":true,"valueName":"search_term_string"}}],"inLanguage":"es"},{"@type":"Organization","@id":"https:\/\/www.billin.net\/blog\/#organization","name":"Billin","alternateName":"Blog de Billin","url":"https:\/\/www.billin.net\/blog\/","logo":{"@type":"ImageObject","inLanguage":"es","@id":"https:\/\/www.billin.net\/blog\/#\/schema\/logo\/image\/","url":"https:\/\/www.billin.net\/blog\/wp-content\/uploads\/2019\/06\/logotipo-billin-blog-1.png","contentUrl":"https:\/\/www.billin.net\/blog\/wp-content\/uploads\/2019\/06\/logotipo-billin-blog-1.png","width":126,"height":50,"caption":"Billin"},"image":{"@id":"https:\/\/www.billin.net\/blog\/#\/schema\/logo\/image\/"},"sameAs":["https:\/\/www.facebook.com\/EsBillin","https:\/\/x.com\/Billin_ES","https:\/\/www.instagram.com\/billin_es\/","https:\/\/www.linkedin.com\/company\/billin-spain","https:\/\/www.youtube.com\/c\/BillinEsintercambiodefacturas\/"],"legalName":"MY EXPENSES SL","contactPoint":{"@type":"ContactPoint","telephone":"+34918318883","contactType":"customer service","email":"info@billin.eu","availableLanguage":"es"},"foundingDate":"2015","numberOfEmployees":{"@type":"QuantitativeValue","minValue":10,"maxValue":50},"parentOrganization":{"@type":"Organization","name":"TeamSystem","url":"https:\/\/www.teamsystem.com\/"},"description":"Billin es el programa de facturaci\u00f3n online de TeamSystem para aut\u00f3nomos y pymes en Espa\u00f1a. Permite crear facturas, controlar gastos y cumplir con Verifactu.","address":{"@type":"PostalAddress","streetAddress":"Calle Arturo Soria, 336","addressLocality":"Madrid","addressRegion":"Madrid","postalCode":"28033","addressCountry":"ES"}},{"@type":"Person","@id":"https:\/\/www.billin.net\/blog\/#\/schema\/person\/d0339ee6e869234614541b1e80a793e7","name":"Marcos De La Cueva - CEO TeamSystem Facturas Billin","image":{"@type":"ImageObject","inLanguage":"es","@id":"https:\/\/www.billin.net\/blog\/#\/schema\/person\/image\/","url":"https:\/\/www.billin.net\/blog\/wp-content\/uploads\/2023\/10\/marcos-color-150x150.png","contentUrl":"https:\/\/www.billin.net\/blog\/wp-content\/uploads\/2023\/10\/marcos-color-150x150.png","caption":"Marcos De La Cueva - CEO TeamSystem Facturas Billin"},"description":"Licenciado en ADE por la Universidad Aut\u00f3noma de Madrid, Marcos De la Cueva es CEO y cofundador de TeamSystem Facturas Billin, un programa online que lleva m\u00e1s de 9 a\u00f1os ayudando a aut\u00f3nomos, peque\u00f1os negocios y gestor\u00edas a digitalizar sus presupuestos, facturas, tickets y gastos. \u00a0 Sobre Marcos De La Cueva \u00a0 Apasionado por el mundo empresarial y la tecnolog\u00eda, curs\u00f3 su M\u00e1ster de Finanzas en la Universidad Pontificia de Comillas y estuvo en el Programa de Cooperaci\u00f3n Educativa de la Universidad Aut\u00f3noma de Madrid. \u00a0 Marcos siempre ha tenido su objetivo claro: ayudar a la creaci\u00f3n de negocios financieramente sostenibles a trav\u00e9s de una herramienta de facturaci\u00f3n que les permita ahorrar tiempo y tener la contabilidad bajo control. \u00a0 Marcos De La Cueva en los medios \u2014 Noticia sobre Kit Digital y Ley Antifraude (VeriFactu) en El Economista. \u2014 Noticia sobre Kit Digital y factura electr\u00f3nica obligatoria en Diario Jur\u00eddico. \u2014 Noticia sobre el a\u00f1o de transici\u00f3n para la factura electr\u00f3nica en Muy Pymes. \u2014 Entrevista sobre factura electr\u00f3nica obligatoria en Canal Sur. \u2014 Noticia sobre el informe factura electr\u00f3nica de TeamSystem en Channel Partner. \u2014 Charla sobre productividad y Ley Crea y Crece en El Economista. \u2014 Charla sobre factura electr\u00f3nica obligatoria en Muy Pymes. \u2014 Charla sobre digitalizaci\u00f3n aut\u00f3nomos y productividad en esdiario. \u2014 Charla sobre productividad y factura electr\u00f3nica en La Raz\u00f3n. \u2014 Charla sobre factura electr\u00f3nica obligatoria en Aut\u00f3nomos y Emprendedores. \u2014 Entrevista sobre Ley Antifraude y Ley Crea y Crece en Expansi\u00f3n. \u2014 Entrevista sobre Ley Antifraude y Ley Crea y Crece en La Raz\u00f3n. \u2014 Entrevista sobre factura electr\u00f3nica obligatoria en El Economista. \u2014 Comunicado Billin y TeamSystem en Business Insider. \u2014 Entrevista en Econom\u00eda Digital. \u2014 Entrevista en Ideas para tu empresa de Vodafone. \u2014 Entrevista en M\u00e1sQradio. \u2014 Entrevista en Armas para emprender de El M\u00e9todo Gallardo. \u2014 Entrevista en KFund. \u2014 Entrevista en AXA Seguros Espa\u00f1a. \u2014 Entrevista en GestionaRadio. \u00a0 Marcos De La Cueva en eventos \u00a0 \u2014 Participaci\u00f3n como ponente en Accountex Espa\u00f1a 2023. \u00a0 Tem\u00e1ticas de especializaci\u00f3n \u00a0 negocios | startups | contabilidad| fiscalidad | empresas| asesor\u00edas| autonomos | emprendedores | peque\u00f1os negocios | econom\u00eda | ADE | pymes | desarrollo de negocio\u00a0","sameAs":["https:\/\/www.billin.net\/","https:\/\/www.linkedin.com\/in\/marcos-de-la-cueva-19750ba3\/"],"url":"https:\/\/www.billin.net\/blog\/author\/marcosdelacueva\/","jobTitle":"CEO y cofundador de TS Facturas Billin"}]}},"_links":{"self":[{"href":"https:\/\/www.billin.net\/blog\/wp-json\/wp\/v2\/posts\/17063","targetHints":{"allow":["GET"]}}],"collection":[{"href":"https:\/\/www.billin.net\/blog\/wp-json\/wp\/v2\/posts"}],"about":[{"href":"https:\/\/www.billin.net\/blog\/wp-json\/wp\/v2\/types\/post"}],"author":[{"embeddable":true,"href":"https:\/\/www.billin.net\/blog\/wp-json\/wp\/v2\/users\/20"}],"replies":[{"embeddable":true,"href":"https:\/\/www.billin.net\/blog\/wp-json\/wp\/v2\/comments?post=17063"}],"version-history":[{"count":10,"href":"https:\/\/www.billin.net\/blog\/wp-json\/wp\/v2\/posts\/17063\/revisions"}],"predecessor-version":[{"id":27713,"href":"https:\/\/www.billin.net\/blog\/wp-json\/wp\/v2\/posts\/17063\/revisions\/27713"}],"wp:featuredmedia":[{"embeddable":true,"href":"https:\/\/www.billin.net\/blog\/wp-json\/wp\/v2\/media\/17067"}],"wp:attachment":[{"href":"https:\/\/www.billin.net\/blog\/wp-json\/wp\/v2\/media?parent=17063"}],"wp:term":[{"taxonomy":"category","embeddable":true,"href":"https:\/\/www.billin.net\/blog\/wp-json\/wp\/v2\/categories?post=17063"},{"taxonomy":"post_tag","embeddable":true,"href":"https:\/\/www.billin.net\/blog\/wp-json\/wp\/v2\/tags?post=17063"}],"curies":[{"name":"wp","href":"https:\/\/api.w.org\/{rel}","templated":true}]}}