{"id":17057,"date":"2021-02-03T14:20:33","date_gmt":"2021-02-03T12:20:33","guid":{"rendered":"https:\/\/www.billin.net\/blog\/?p=17057"},"modified":"2025-09-25T20:43:19","modified_gmt":"2025-09-25T18:43:19","slug":"ayuda-abogado-laboralista","status":"publish","type":"post","link":"https:\/\/www.billin.net\/blog\/ayuda-abogado-laboralista\/","title":{"rendered":"\u00bfC\u00f3mo te puede ayudar un abogado laboral si eres aut\u00f3nomo?"},"content":{"rendered":"<p>Si eres aut\u00f3nomo sabr\u00e1s que formas parte de una categor\u00eda de trabajadores objeto de estudio del derecho laboral. Es por eso que <strong>tienes derecho a solicitar ayuda de un abogado laboralista<\/strong> y te explicamos lo qu\u00e9 es y c\u00f3mo puede ayudarte<\/p>\n<p><!--more--><\/p>\n<p>La particularidad es que los aut\u00f3nomos realizan la actividad por cuenta propia, asumiendo riesgos y beneficios de manera directa. Por ello, el tratamiento dentro del derecho laboral es diferente al de los trabajadores por cuenta ajena. Sin embargo, no hay duda de que <strong>un abogado laboral te puede ayudar si eres aut\u00f3nomo.<\/strong><\/p>\n<h2>La funci\u00f3n de un abogado laboral<\/h2>\n<p>En ocasiones se generan situaciones en el campo laboral y su jurisdicci\u00f3n que requieren de la contrataci\u00f3n de un abogado. Y es que, una falta de conocimiento en este campo se puede traducir en la <strong>desprotecci\u00f3n del trabajador<\/strong>. Es aqu\u00ed donde entran a trabajar los abogados laborales.<\/p>\n<p>Se trata de profesionales del derecho especializados en el \u00e1mbito laboral. En definitiva, de <a href=\"https:\/\/www.lexify.es\/abogados-laborales\">abogados que pueden ayudarte en temas laborales<\/a>. Estos pueden trabajar tanto para una empresa como representar a un particular.<\/p>\n<p>En el <strong>caso de los particulares<\/strong>, el abogado laboralista es la figura encargada de <strong>guiarte y asesorarte<\/strong> desde el primer momento en que sufres un problema laboral.<\/p>\n<p>Tambi\u00e9n de <strong>defender t\u00e9cnicamente al trabajador<\/strong> en los enfrentamientos o problemas que este pueda tener con la empresa para la que trabaja o trabajaba.<\/p>\n<p>Entre sus funciones principales estar\u00edan:<\/p>\n<ul>\n<li>Asesor\u00eda en derecho laboral (individual o colectivo).<\/li>\n<li>Representaci\u00f3n en procedimientos judiciales.<\/li>\n<li>Ayuda en cuestiones vinculadas con la Seguridad Social.<\/li>\n<li>Gu\u00eda en cuestiones relativas al contrato.<\/li>\n<li>Negociaci\u00f3n en convenios colectivos.<\/li>\n<li>Casos de acoso\/mobbing.<\/li>\n<li>Accidentes laborales.<\/li>\n<li>Reclamaci\u00f3n de cantidades como el \u201cadeudo de cantidades debidas\u201d.<\/li>\n<li>Sanciones y despidos.<\/li>\n<\/ul>\n<p>Por su parte, las <strong>empresas<\/strong> tambi\u00e9n pueden requerir de los servicios de un abogado laboralista. Aqu\u00ed sus funciones ir\u00edan desde asegurar la buena pr\u00e1ctica de la empresa en lo que a la vulneraci\u00f3n de los derechos de los trabajadores se refiere, hasta asesorar al empresario sobre la mejor manera de llevar a cabo un despido.<\/p>\n<h2>Abogados laboralistas si eres aut\u00f3nomo<\/h2>\n<p>Como hemos comentado, los aut\u00f3nomos son objeto de estudio del derecho laboral. Esto hace que, ante cualquier problema, <strong>la contrataci\u00f3n de un abogado laboralista sea muy recomendable<\/strong>.<\/p>\n<p>Este te ayudar\u00e1 y servir\u00e1 de gu\u00eda en toda una serie de cuestiones.<\/p>\n<p>Por ejemplo, en aquellas relacionadas con <strong>futuras prestaciones<\/strong> como la elecci\u00f3n de la <a href=\"https:\/\/www.billin.net\/blog\/base-de-cotizacion-autonomos\/\" target=\"_blank\" rel=\"noopener noreferrer\">base de cotizaci\u00f3n<\/a> o la cotizaci\u00f3n por la contingencia de desempleo o incapacidad temporal por accidente. Cuestiones que se tendr\u00e1n en cuenta a la hora de otras prestaciones como la jubilaci\u00f3n o el cese de actividad.<\/p>\n<p>Otro caso, ser\u00eda la <strong>asesor\u00eda en el campo de las contrataciones<\/strong>. Es decir, en la elecci\u00f3n y formalizaci\u00f3n de los <a href=\"https:\/\/www.billin.net\/blog\/modelos-de-contratacion-de-empleados-y-becarios\/\" target=\"_blank\" rel=\"noopener noreferrer\">contratos de trabajo<\/a>. O la gesti\u00f3n en las obligaciones de seguridad social y laborales.<\/p>\n<p>No olvides que como <strong>aut\u00f3nomo pueden contratar tus servicios <\/strong>en alg\u00fan sector de actividad (agricultura, artesan\u00eda, comercio o transporte). \u00bfY si te surge alg\u00fan problema o conflicto en esta situaci\u00f3n? El abogado laboralista te ayudar\u00e1 a encontrar la soluci\u00f3n.<\/p>\n<h2>\u00bfCu\u00e1ndo acudir a un abogado laboral?<\/h2>\n<p>Si te encuentras con una situaci\u00f3n en la que <strong>tienes que hacer frente a un problema laboral<\/strong>, como puede ser un despido o un impago, y quieres solucionarlo de la mejor manera posible, sin cometer errores, lo mejor es acudir a un abogado laboralista.<\/p>\n<p>Ten en cuenta que <strong>los plazos son fundamentales<\/strong>. La opci\u00f3n m\u00e1s recomendable es <strong>recurrir<\/strong> a la contrataci\u00f3n o, al menos, al contacto con un abogado laboral <strong>desde el momento en que te planteas que puedes necesitarlo<\/strong>.<\/p>\n<h2>Cuestiones a tener en cuenta a la hora de elegir un abogado laboralista<\/h2>\n<p><img loading=\"lazy\" decoding=\"async\" class=\"alignnone wp-image-17059 size-full\" src=\"https:\/\/www.billin.net\/blog\/wp-content\/uploads\/2021\/02\/abogado-laboralista-autonomos.jpg\" alt=\"abogado laboralista autonomos\" width=\"1200\" height=\"800\" srcset=\"https:\/\/www.billin.net\/blog\/wp-content\/uploads\/2021\/02\/abogado-laboralista-autonomos.jpg 1200w, https:\/\/www.billin.net\/blog\/wp-content\/uploads\/2021\/02\/abogado-laboralista-autonomos-300x200.jpg 300w, https:\/\/www.billin.net\/blog\/wp-content\/uploads\/2021\/02\/abogado-laboralista-autonomos-1024x683.jpg 1024w, https:\/\/www.billin.net\/blog\/wp-content\/uploads\/2021\/02\/abogado-laboralista-autonomos-768x512.jpg 768w, https:\/\/www.billin.net\/blog\/wp-content\/uploads\/2021\/02\/abogado-laboralista-autonomos-810x540.jpg 810w, https:\/\/www.billin.net\/blog\/wp-content\/uploads\/2021\/02\/abogado-laboralista-autonomos-1140x760.jpg 1140w\" sizes=\"(max-width: 1200px) 100vw, 1200px\" \/><\/p>\n<p>Antes de contratar un abogado laboralista conviene tener en cuenta una serie de aspectos.<\/p>\n<h3><strong>Particularidades del derecho laboral<\/strong><\/h3>\n<p>El derecho laboral cuenta con una serie de particularidades que ayudan a definir el perfil de abogado que m\u00e1s nos conviene. Estas son:<\/p>\n<ul>\n<li>Los <strong>plazos de caducidad son cortos<\/strong>. Esto se traduce en que tendr\u00e1s poco tiempo para llevar a cabo la acci\u00f3n o perder\u00e1s la oportunidad de reclamar tu derecho.<\/li>\n<li>El <strong>formalismo es clave<\/strong>. Es decir, gran parte de las pretensiones tienen que ir precedidas de una serie de actos concretos.<\/li>\n<li><strong>Flexibilidad<\/strong> en el ordenamiento laboral. Esto significa que la voluntad de las partes ser\u00e1 determinante en el proceso.<\/li>\n<\/ul>\n<p>Lo anterior, implica que el abogado laboralista debe tener un <strong>gran conocimiento de las leyes <\/strong>en materia de trabajo, pero tambi\u00e9n saber <strong>adaptarse<\/strong> a cada caso y gestionarlo de manera flexible.<\/p>\n<h3><strong>Contrataci\u00f3n tradicional o v\u00eda digital<\/strong><\/h3>\n<p>Tienes que saber que existen dos opciones a la hora de buscar y contratar un abogado laboral. Puedes asistir <strong>personalmente<\/strong> a distintos despachos laboralistas o recurrir a <strong>portales digitales<\/strong> y contactar con profesionales a trav\u00e9s de la web o el tel\u00e9fono. La segunda opci\u00f3n suele ser bastante m\u00e1s r\u00e1pida.<\/p>\n<h3><strong>Particularidades del abogado laboral<\/strong><\/h3>\n<p>Tu abogado ideal debe contar con toda una serie de rasgos o cualidades que har\u00e1n que tu caso resulte m\u00e1s exitoso:<\/p>\n<ul>\n<li>Ha de <strong>generar confianza<\/strong>, de lo contrario no te sentir\u00e1s c\u00f3modo ofreci\u00e9ndole toda la informaci\u00f3n que necesite para defender tus intereses.<\/li>\n<li>Si tiene<strong> experiencia y ha ganado casos<\/strong> mejor, pues las garant\u00edas de \u00e9xito se multiplican.<\/li>\n<li>Escoger a un <strong>abogado especializado<\/strong> en la materia concreta en la que tienes el problema ayuda.<\/li>\n<li>Intenta <strong>que tenga un equipo de trabajo <\/strong>que lo respalde.<\/li>\n<li>Que sea <strong>comunicativo<\/strong> es un punto a favor, pues en el mundo del derecho laboral las negociaciones son recurrentes.<\/li>\n<li>Busca<strong> opiniones positivas y referencias <\/strong>que respalden su trabajo.<\/li>\n<li>No olvides la importancia de la <strong>comunicaci\u00f3n con \u00e9l<\/strong>. La disponibilidad y disposici\u00f3n para mantenerte informado es esencial.<\/li>\n<\/ul>\n<p>Si despu\u00e9s de leer este post tienes claro que necesitas un abogado laboralista, ya sabes, desde TeamSystem Facturas Billin te aconsejamos ponerte manos a la obra en la b\u00fasqueda de uno lo antes posible \u00a1tienes todas las claves para hacerlo!<\/p>\n","protected":false},"excerpt":{"rendered":"<p>Si eres aut\u00f3nomo sabr\u00e1s que formas parte de una categor\u00eda de trabajadores objeto de estudio del derecho laboral. Es por eso que tienes derecho a solicitar ayuda de un abogado laboralista y te explicamos lo qu\u00e9 es y c\u00f3mo puede ayudarte<\/p>\n","protected":false},"author":20,"featured_media":17058,"comment_status":"open","ping_status":"open","sticky":false,"template":"","format":"standard","meta":{"_acf_changed":false,"_et_pb_use_builder":"","_et_pb_old_content":"","_et_gb_content_width":"","om_disable_all_campaigns":false,"inline_featured_image":false,"footnotes":""},"categories":[1023],"tags":[1380],"class_list":{"0":"post-17057","1":"post","2":"type-post","3":"status-publish","4":"format-standard","5":"has-post-thumbnail","7":"category-negocios","8":"tag-autonomos"},"acf":{"selector_de_usuario":null,"fecha_de_revision":null},"yoast_head":"<!-- This site is optimized with the Yoast SEO plugin v27.1 - https:\/\/yoast.com\/product\/yoast-seo-wordpress\/ -->\n<title>\u00bfQu\u00e9 es y c\u00f3mo te ayuda un Abogado Laboralista? - TeamSystem Facturas Billin<\/title>\n<meta name=\"description\" content=\"Si eres aut\u00f3nomo tienes derecho a solicitar ayuda de un abogado laboralista y te explicamos lo qu\u00e9 es y c\u00f3mo puede ayudarte.\" \/>\n<meta name=\"robots\" content=\"index, follow, max-snippet:-1, max-image-preview:large, max-video-preview:-1\" \/>\n<link rel=\"canonical\" href=\"https:\/\/www.billin.net\/blog\/ayuda-abogado-laboralista\/\" \/>\n<meta property=\"og:locale\" content=\"es_ES\" \/>\n<meta property=\"og:type\" content=\"article\" \/>\n<meta property=\"og:title\" content=\"\u00bfQu\u00e9 es y c\u00f3mo te ayuda un Abogado Laboralista? - TeamSystem Facturas Billin\" \/>\n<meta property=\"og:description\" content=\"Si eres aut\u00f3nomo tienes derecho a solicitar ayuda de un abogado laboralista y te explicamos lo qu\u00e9 es y c\u00f3mo puede ayudarte.\" \/>\n<meta property=\"og:url\" content=\"https:\/\/www.billin.net\/blog\/ayuda-abogado-laboralista\/\" \/>\n<meta property=\"og:site_name\" content=\"Blog de TeamSystem Facturas Billin\" \/>\n<meta property=\"article:publisher\" content=\"https:\/\/www.facebook.com\/EsBillin\" \/>\n<meta property=\"article:published_time\" content=\"2021-02-03T12:20:33+00:00\" \/>\n<meta property=\"article:modified_time\" content=\"2025-09-25T18:43:19+00:00\" \/>\n<meta property=\"og:image\" content=\"https:\/\/www.billin.net\/blog\/wp-content\/uploads\/2021\/02\/abogado-laboral.jpg\" \/>\n\t<meta property=\"og:image:width\" content=\"1200\" \/>\n\t<meta property=\"og:image:height\" content=\"660\" \/>\n\t<meta property=\"og:image:type\" content=\"image\/jpeg\" \/>\n<meta name=\"author\" content=\"Marcos De La Cueva - CEO TeamSystem Facturas Billin\" \/>\n<meta name=\"twitter:card\" content=\"summary_large_image\" \/>\n<meta name=\"twitter:creator\" content=\"@Billin_ES\" \/>\n<meta name=\"twitter:site\" content=\"@Billin_ES\" \/>\n<meta name=\"twitter:label1\" content=\"Escrito por\" \/>\n\t<meta name=\"twitter:data1\" content=\"Marcos De La Cueva - CEO TeamSystem Facturas Billin\" \/>\n\t<meta name=\"twitter:label2\" content=\"Tiempo de lectura\" \/>\n\t<meta name=\"twitter:data2\" content=\"5 minutos\" \/>\n<script type=\"application\/ld+json\" class=\"yoast-schema-graph\">{\"@context\":\"https:\/\/schema.org\",\"@graph\":[{\"@type\":\"Article\",\"@id\":\"https:\/\/www.billin.net\/blog\/ayuda-abogado-laboralista\/#article\",\"isPartOf\":{\"@id\":\"https:\/\/www.billin.net\/blog\/ayuda-abogado-laboralista\/\"},\"author\":{\"name\":\"Marcos De La Cueva - CEO TeamSystem Facturas Billin\",\"@id\":\"https:\/\/www.billin.net\/blog\/#\/schema\/person\/d0339ee6e869234614541b1e80a793e7\"},\"headline\":\"\u00bfC\u00f3mo te puede ayudar un abogado laboral si eres aut\u00f3nomo?\",\"datePublished\":\"2021-02-03T12:20:33+00:00\",\"dateModified\":\"2025-09-25T18:43:19+00:00\",\"mainEntityOfPage\":{\"@id\":\"https:\/\/www.billin.net\/blog\/ayuda-abogado-laboralista\/\"},\"wordCount\":1051,\"commentCount\":0,\"publisher\":{\"@id\":\"https:\/\/www.billin.net\/blog\/#organization\"},\"image\":{\"@id\":\"https:\/\/www.billin.net\/blog\/ayuda-abogado-laboralista\/#primaryimage\"},\"thumbnailUrl\":\"https:\/\/www.billin.net\/blog\/wp-content\/uploads\/2021\/02\/abogado-laboral.jpg\",\"keywords\":[\"Aut\u00f3nomos\"],\"articleSection\":[\"Negocios\"],\"inLanguage\":\"es\",\"potentialAction\":[{\"@type\":\"CommentAction\",\"name\":\"Comment\",\"target\":[\"https:\/\/www.billin.net\/blog\/ayuda-abogado-laboralista\/#respond\"]}]},{\"@type\":\"WebPage\",\"@id\":\"https:\/\/www.billin.net\/blog\/ayuda-abogado-laboralista\/\",\"url\":\"https:\/\/www.billin.net\/blog\/ayuda-abogado-laboralista\/\",\"name\":\"\u00bfQu\u00e9 es y c\u00f3mo te ayuda un Abogado Laboralista? - TeamSystem Facturas Billin\",\"isPartOf\":{\"@id\":\"https:\/\/www.billin.net\/blog\/#website\"},\"primaryImageOfPage\":{\"@id\":\"https:\/\/www.billin.net\/blog\/ayuda-abogado-laboralista\/#primaryimage\"},\"image\":{\"@id\":\"https:\/\/www.billin.net\/blog\/ayuda-abogado-laboralista\/#primaryimage\"},\"thumbnailUrl\":\"https:\/\/www.billin.net\/blog\/wp-content\/uploads\/2021\/02\/abogado-laboral.jpg\",\"datePublished\":\"2021-02-03T12:20:33+00:00\",\"dateModified\":\"2025-09-25T18:43:19+00:00\",\"description\":\"Si eres aut\u00f3nomo tienes derecho a solicitar ayuda de un abogado laboralista y te explicamos lo qu\u00e9 es y c\u00f3mo puede ayudarte.\",\"breadcrumb\":{\"@id\":\"https:\/\/www.billin.net\/blog\/ayuda-abogado-laboralista\/#breadcrumb\"},\"inLanguage\":\"es\",\"potentialAction\":[{\"@type\":\"ReadAction\",\"target\":[\"https:\/\/www.billin.net\/blog\/ayuda-abogado-laboralista\/\"]}]},{\"@type\":\"ImageObject\",\"inLanguage\":\"es\",\"@id\":\"https:\/\/www.billin.net\/blog\/ayuda-abogado-laboralista\/#primaryimage\",\"url\":\"https:\/\/www.billin.net\/blog\/wp-content\/uploads\/2021\/02\/abogado-laboral.jpg\",\"contentUrl\":\"https:\/\/www.billin.net\/blog\/wp-content\/uploads\/2021\/02\/abogado-laboral.jpg\",\"width\":1200,\"height\":660,\"caption\":\"que es un abogado laboralista\"},{\"@type\":\"BreadcrumbList\",\"@id\":\"https:\/\/www.billin.net\/blog\/ayuda-abogado-laboralista\/#breadcrumb\",\"itemListElement\":[{\"@type\":\"ListItem\",\"position\":1,\"name\":\"Blog\",\"item\":\"https:\/\/www.billin.net\/blog\/\"},{\"@type\":\"ListItem\",\"position\":2,\"name\":\"Negocios\",\"item\":\"https:\/\/www.billin.net\/blog\/negocios\/\"},{\"@type\":\"ListItem\",\"position\":3,\"name\":\"\u00bfC\u00f3mo te puede ayudar un abogado laboral si eres aut\u00f3nomo?\"}]},{\"@type\":\"WebSite\",\"@id\":\"https:\/\/www.billin.net\/blog\/#website\",\"url\":\"https:\/\/www.billin.net\/blog\/\",\"name\":\"Blog de Billin\",\"description\":\"Mantente informado con el blog de TeamSystem Facturas Billin:  facturaci\u00f3n, legislaci\u00f3n, contabilidad, management y toda la informaci\u00f3n \u00fatil para pymes y aut\u00f3nomos.\",\"publisher\":{\"@id\":\"https:\/\/www.billin.net\/blog\/#organization\"},\"potentialAction\":[{\"@type\":\"SearchAction\",\"target\":{\"@type\":\"EntryPoint\",\"urlTemplate\":\"https:\/\/www.billin.net\/blog\/?s={search_term_string}\"},\"query-input\":{\"@type\":\"PropertyValueSpecification\",\"valueRequired\":true,\"valueName\":\"search_term_string\"}}],\"inLanguage\":\"es\"},{\"@type\":\"Organization\",\"@id\":\"https:\/\/www.billin.net\/blog\/#organization\",\"name\":\"Billin\",\"alternateName\":\"Blog de Billin\",\"url\":\"https:\/\/www.billin.net\/blog\/\",\"logo\":{\"@type\":\"ImageObject\",\"inLanguage\":\"es\",\"@id\":\"https:\/\/www.billin.net\/blog\/#\/schema\/logo\/image\/\",\"url\":\"https:\/\/www.billin.net\/blog\/wp-content\/uploads\/2019\/06\/logotipo-billin-blog-1.png\",\"contentUrl\":\"https:\/\/www.billin.net\/blog\/wp-content\/uploads\/2019\/06\/logotipo-billin-blog-1.png\",\"width\":126,\"height\":50,\"caption\":\"Billin\"},\"image\":{\"@id\":\"https:\/\/www.billin.net\/blog\/#\/schema\/logo\/image\/\"},\"sameAs\":[\"https:\/\/www.facebook.com\/EsBillin\",\"https:\/\/x.com\/Billin_ES\",\"https:\/\/www.instagram.com\/billin_es\/\",\"https:\/\/www.linkedin.com\/company\/billin-spain\",\"https:\/\/www.youtube.com\/c\/BillinEsintercambiodefacturas\/\"],\"legalName\":\"MY EXPENSES SL\",\"contactPoint\":{\"@type\":\"ContactPoint\",\"telephone\":\"+34918318883\",\"contactType\":\"customer service\",\"email\":\"info@billin.eu\",\"availableLanguage\":\"es\"},\"foundingDate\":\"2015\",\"numberOfEmployees\":{\"@type\":\"QuantitativeValue\",\"minValue\":10,\"maxValue\":50},\"parentOrganization\":{\"@type\":\"Organization\",\"name\":\"TeamSystem\",\"url\":\"https:\/\/www.teamsystem.com\/\"},\"description\":\"Billin es el programa de facturaci\u00f3n online de TeamSystem para aut\u00f3nomos y pymes en Espa\u00f1a. Permite crear facturas, controlar gastos y cumplir con Verifactu.\",\"address\":{\"@type\":\"PostalAddress\",\"streetAddress\":\"Calle Arturo Soria, 336\",\"addressLocality\":\"Madrid\",\"addressRegion\":\"Madrid\",\"postalCode\":\"28033\",\"addressCountry\":\"ES\"}},{\"@type\":\"Person\",\"@id\":\"https:\/\/www.billin.net\/blog\/#\/schema\/person\/d0339ee6e869234614541b1e80a793e7\",\"name\":\"Marcos De La Cueva - CEO TeamSystem Facturas Billin\",\"image\":{\"@type\":\"ImageObject\",\"inLanguage\":\"es\",\"@id\":\"https:\/\/www.billin.net\/blog\/#\/schema\/person\/image\/\",\"url\":\"https:\/\/www.billin.net\/blog\/wp-content\/uploads\/2023\/10\/marcos-color-150x150.png\",\"contentUrl\":\"https:\/\/www.billin.net\/blog\/wp-content\/uploads\/2023\/10\/marcos-color-150x150.png\",\"caption\":\"Marcos De La Cueva - CEO TeamSystem Facturas Billin\"},\"description\":\"Licenciado en ADE por la Universidad Aut\u00f3noma de Madrid, Marcos De la Cueva es CEO y cofundador de TeamSystem Facturas Billin, un programa online que lleva m\u00e1s de 9 a\u00f1os ayudando a aut\u00f3nomos, peque\u00f1os negocios y gestor\u00edas a digitalizar sus presupuestos, facturas, tickets y gastos. \u00a0 Sobre Marcos De La Cueva \u00a0 Apasionado por el mundo empresarial y la tecnolog\u00eda, curs\u00f3 su M\u00e1ster de Finanzas en la Universidad Pontificia de Comillas y estuvo en el Programa de Cooperaci\u00f3n Educativa de la Universidad Aut\u00f3noma de Madrid. \u00a0 Marcos siempre ha tenido su objetivo claro: ayudar a la creaci\u00f3n de negocios financieramente sostenibles a trav\u00e9s de una herramienta de facturaci\u00f3n que les permita ahorrar tiempo y tener la contabilidad bajo control. \u00a0 Marcos De La Cueva en los medios \u2014 Noticia sobre Kit Digital y Ley Antifraude (VeriFactu) en El Economista. \u2014 Noticia sobre Kit Digital y factura electr\u00f3nica obligatoria en Diario Jur\u00eddico. \u2014 Noticia sobre el a\u00f1o de transici\u00f3n para la factura electr\u00f3nica en Muy Pymes. \u2014 Entrevista sobre factura electr\u00f3nica obligatoria en Canal Sur. \u2014 Noticia sobre el informe factura electr\u00f3nica de TeamSystem en Channel Partner. \u2014 Charla sobre productividad y Ley Crea y Crece en El Economista. \u2014 Charla sobre factura electr\u00f3nica obligatoria en Muy Pymes. \u2014 Charla sobre digitalizaci\u00f3n aut\u00f3nomos y productividad en esdiario. \u2014 Charla sobre productividad y factura electr\u00f3nica en La Raz\u00f3n. \u2014 Charla sobre factura electr\u00f3nica obligatoria en Aut\u00f3nomos y Emprendedores. \u2014 Entrevista sobre Ley Antifraude y Ley Crea y Crece en Expansi\u00f3n. \u2014 Entrevista sobre Ley Antifraude y Ley Crea y Crece en La Raz\u00f3n. \u2014 Entrevista sobre factura electr\u00f3nica obligatoria en El Economista. \u2014 Comunicado Billin y TeamSystem en Business Insider. \u2014 Entrevista en Econom\u00eda Digital. \u2014 Entrevista en Ideas para tu empresa de Vodafone. \u2014 Entrevista en M\u00e1sQradio. \u2014 Entrevista en Armas para emprender de El M\u00e9todo Gallardo. \u2014 Entrevista en KFund. \u2014 Entrevista en AXA Seguros Espa\u00f1a. \u2014 Entrevista en GestionaRadio. \u00a0 Marcos De La Cueva en eventos \u00a0 \u2014 Participaci\u00f3n como ponente en Accountex Espa\u00f1a 2023. \u00a0 Tem\u00e1ticas de especializaci\u00f3n \u00a0 negocios | startups | contabilidad| fiscalidad | empresas| asesor\u00edas| autonomos | emprendedores | peque\u00f1os negocios | econom\u00eda | ADE | pymes | desarrollo de negocio\u00a0\",\"sameAs\":[\"https:\/\/www.billin.net\/\",\"https:\/\/www.linkedin.com\/in\/marcos-de-la-cueva-19750ba3\/\"],\"url\":\"https:\/\/www.billin.net\/blog\/author\/marcosdelacueva\/\",\"jobTitle\":\"CEO y cofundador de TS Facturas Billin\"}]}<\/script>\n<!-- \/ Yoast SEO plugin. -->","yoast_head_json":{"title":"\u00bfQu\u00e9 es y c\u00f3mo te ayuda un Abogado Laboralista? - TeamSystem Facturas Billin","description":"Si eres aut\u00f3nomo tienes derecho a solicitar ayuda de un abogado laboralista y te explicamos lo qu\u00e9 es y c\u00f3mo puede ayudarte.","robots":{"index":"index","follow":"follow","max-snippet":"max-snippet:-1","max-image-preview":"max-image-preview:large","max-video-preview":"max-video-preview:-1"},"canonical":"https:\/\/www.billin.net\/blog\/ayuda-abogado-laboralista\/","og_locale":"es_ES","og_type":"article","og_title":"\u00bfQu\u00e9 es y c\u00f3mo te ayuda un Abogado Laboralista? - TeamSystem Facturas Billin","og_description":"Si eres aut\u00f3nomo tienes derecho a solicitar ayuda de un abogado laboralista y te explicamos lo qu\u00e9 es y c\u00f3mo puede ayudarte.","og_url":"https:\/\/www.billin.net\/blog\/ayuda-abogado-laboralista\/","og_site_name":"Blog de TeamSystem Facturas Billin","article_publisher":"https:\/\/www.facebook.com\/EsBillin","article_published_time":"2021-02-03T12:20:33+00:00","article_modified_time":"2025-09-25T18:43:19+00:00","og_image":[{"width":1200,"height":660,"url":"https:\/\/www.billin.net\/blog\/wp-content\/uploads\/2021\/02\/abogado-laboral.jpg","type":"image\/jpeg"}],"author":"Marcos De La Cueva - CEO TeamSystem Facturas Billin","twitter_card":"summary_large_image","twitter_creator":"@Billin_ES","twitter_site":"@Billin_ES","twitter_misc":{"Escrito por":"Marcos De La Cueva - CEO TeamSystem Facturas Billin","Tiempo de lectura":"5 minutos"},"schema":{"@context":"https:\/\/schema.org","@graph":[{"@type":"Article","@id":"https:\/\/www.billin.net\/blog\/ayuda-abogado-laboralista\/#article","isPartOf":{"@id":"https:\/\/www.billin.net\/blog\/ayuda-abogado-laboralista\/"},"author":{"name":"Marcos De La Cueva - CEO TeamSystem Facturas Billin","@id":"https:\/\/www.billin.net\/blog\/#\/schema\/person\/d0339ee6e869234614541b1e80a793e7"},"headline":"\u00bfC\u00f3mo te puede ayudar un abogado laboral si eres aut\u00f3nomo?","datePublished":"2021-02-03T12:20:33+00:00","dateModified":"2025-09-25T18:43:19+00:00","mainEntityOfPage":{"@id":"https:\/\/www.billin.net\/blog\/ayuda-abogado-laboralista\/"},"wordCount":1051,"commentCount":0,"publisher":{"@id":"https:\/\/www.billin.net\/blog\/#organization"},"image":{"@id":"https:\/\/www.billin.net\/blog\/ayuda-abogado-laboralista\/#primaryimage"},"thumbnailUrl":"https:\/\/www.billin.net\/blog\/wp-content\/uploads\/2021\/02\/abogado-laboral.jpg","keywords":["Aut\u00f3nomos"],"articleSection":["Negocios"],"inLanguage":"es","potentialAction":[{"@type":"CommentAction","name":"Comment","target":["https:\/\/www.billin.net\/blog\/ayuda-abogado-laboralista\/#respond"]}]},{"@type":"WebPage","@id":"https:\/\/www.billin.net\/blog\/ayuda-abogado-laboralista\/","url":"https:\/\/www.billin.net\/blog\/ayuda-abogado-laboralista\/","name":"\u00bfQu\u00e9 es y c\u00f3mo te ayuda un Abogado Laboralista? - TeamSystem Facturas Billin","isPartOf":{"@id":"https:\/\/www.billin.net\/blog\/#website"},"primaryImageOfPage":{"@id":"https:\/\/www.billin.net\/blog\/ayuda-abogado-laboralista\/#primaryimage"},"image":{"@id":"https:\/\/www.billin.net\/blog\/ayuda-abogado-laboralista\/#primaryimage"},"thumbnailUrl":"https:\/\/www.billin.net\/blog\/wp-content\/uploads\/2021\/02\/abogado-laboral.jpg","datePublished":"2021-02-03T12:20:33+00:00","dateModified":"2025-09-25T18:43:19+00:00","description":"Si eres aut\u00f3nomo tienes derecho a solicitar ayuda de un abogado laboralista y te explicamos lo qu\u00e9 es y c\u00f3mo puede ayudarte.","breadcrumb":{"@id":"https:\/\/www.billin.net\/blog\/ayuda-abogado-laboralista\/#breadcrumb"},"inLanguage":"es","potentialAction":[{"@type":"ReadAction","target":["https:\/\/www.billin.net\/blog\/ayuda-abogado-laboralista\/"]}]},{"@type":"ImageObject","inLanguage":"es","@id":"https:\/\/www.billin.net\/blog\/ayuda-abogado-laboralista\/#primaryimage","url":"https:\/\/www.billin.net\/blog\/wp-content\/uploads\/2021\/02\/abogado-laboral.jpg","contentUrl":"https:\/\/www.billin.net\/blog\/wp-content\/uploads\/2021\/02\/abogado-laboral.jpg","width":1200,"height":660,"caption":"que es un abogado laboralista"},{"@type":"BreadcrumbList","@id":"https:\/\/www.billin.net\/blog\/ayuda-abogado-laboralista\/#breadcrumb","itemListElement":[{"@type":"ListItem","position":1,"name":"Blog","item":"https:\/\/www.billin.net\/blog\/"},{"@type":"ListItem","position":2,"name":"Negocios","item":"https:\/\/www.billin.net\/blog\/negocios\/"},{"@type":"ListItem","position":3,"name":"\u00bfC\u00f3mo te puede ayudar un abogado laboral si eres aut\u00f3nomo?"}]},{"@type":"WebSite","@id":"https:\/\/www.billin.net\/blog\/#website","url":"https:\/\/www.billin.net\/blog\/","name":"Blog de Billin","description":"Mantente informado con el blog de TeamSystem Facturas Billin:  facturaci\u00f3n, legislaci\u00f3n, contabilidad, management y toda la informaci\u00f3n \u00fatil para pymes y aut\u00f3nomos.","publisher":{"@id":"https:\/\/www.billin.net\/blog\/#organization"},"potentialAction":[{"@type":"SearchAction","target":{"@type":"EntryPoint","urlTemplate":"https:\/\/www.billin.net\/blog\/?s={search_term_string}"},"query-input":{"@type":"PropertyValueSpecification","valueRequired":true,"valueName":"search_term_string"}}],"inLanguage":"es"},{"@type":"Organization","@id":"https:\/\/www.billin.net\/blog\/#organization","name":"Billin","alternateName":"Blog de Billin","url":"https:\/\/www.billin.net\/blog\/","logo":{"@type":"ImageObject","inLanguage":"es","@id":"https:\/\/www.billin.net\/blog\/#\/schema\/logo\/image\/","url":"https:\/\/www.billin.net\/blog\/wp-content\/uploads\/2019\/06\/logotipo-billin-blog-1.png","contentUrl":"https:\/\/www.billin.net\/blog\/wp-content\/uploads\/2019\/06\/logotipo-billin-blog-1.png","width":126,"height":50,"caption":"Billin"},"image":{"@id":"https:\/\/www.billin.net\/blog\/#\/schema\/logo\/image\/"},"sameAs":["https:\/\/www.facebook.com\/EsBillin","https:\/\/x.com\/Billin_ES","https:\/\/www.instagram.com\/billin_es\/","https:\/\/www.linkedin.com\/company\/billin-spain","https:\/\/www.youtube.com\/c\/BillinEsintercambiodefacturas\/"],"legalName":"MY EXPENSES SL","contactPoint":{"@type":"ContactPoint","telephone":"+34918318883","contactType":"customer service","email":"info@billin.eu","availableLanguage":"es"},"foundingDate":"2015","numberOfEmployees":{"@type":"QuantitativeValue","minValue":10,"maxValue":50},"parentOrganization":{"@type":"Organization","name":"TeamSystem","url":"https:\/\/www.teamsystem.com\/"},"description":"Billin es el programa de facturaci\u00f3n online de TeamSystem para aut\u00f3nomos y pymes en Espa\u00f1a. Permite crear facturas, controlar gastos y cumplir con Verifactu.","address":{"@type":"PostalAddress","streetAddress":"Calle Arturo Soria, 336","addressLocality":"Madrid","addressRegion":"Madrid","postalCode":"28033","addressCountry":"ES"}},{"@type":"Person","@id":"https:\/\/www.billin.net\/blog\/#\/schema\/person\/d0339ee6e869234614541b1e80a793e7","name":"Marcos De La Cueva - CEO TeamSystem Facturas Billin","image":{"@type":"ImageObject","inLanguage":"es","@id":"https:\/\/www.billin.net\/blog\/#\/schema\/person\/image\/","url":"https:\/\/www.billin.net\/blog\/wp-content\/uploads\/2023\/10\/marcos-color-150x150.png","contentUrl":"https:\/\/www.billin.net\/blog\/wp-content\/uploads\/2023\/10\/marcos-color-150x150.png","caption":"Marcos De La Cueva - CEO TeamSystem Facturas Billin"},"description":"Licenciado en ADE por la Universidad Aut\u00f3noma de Madrid, Marcos De la Cueva es CEO y cofundador de TeamSystem Facturas Billin, un programa online que lleva m\u00e1s de 9 a\u00f1os ayudando a aut\u00f3nomos, peque\u00f1os negocios y gestor\u00edas a digitalizar sus presupuestos, facturas, tickets y gastos. \u00a0 Sobre Marcos De La Cueva \u00a0 Apasionado por el mundo empresarial y la tecnolog\u00eda, curs\u00f3 su M\u00e1ster de Finanzas en la Universidad Pontificia de Comillas y estuvo en el Programa de Cooperaci\u00f3n Educativa de la Universidad Aut\u00f3noma de Madrid. \u00a0 Marcos siempre ha tenido su objetivo claro: ayudar a la creaci\u00f3n de negocios financieramente sostenibles a trav\u00e9s de una herramienta de facturaci\u00f3n que les permita ahorrar tiempo y tener la contabilidad bajo control. \u00a0 Marcos De La Cueva en los medios \u2014 Noticia sobre Kit Digital y Ley Antifraude (VeriFactu) en El Economista. \u2014 Noticia sobre Kit Digital y factura electr\u00f3nica obligatoria en Diario Jur\u00eddico. \u2014 Noticia sobre el a\u00f1o de transici\u00f3n para la factura electr\u00f3nica en Muy Pymes. \u2014 Entrevista sobre factura electr\u00f3nica obligatoria en Canal Sur. \u2014 Noticia sobre el informe factura electr\u00f3nica de TeamSystem en Channel Partner. \u2014 Charla sobre productividad y Ley Crea y Crece en El Economista. \u2014 Charla sobre factura electr\u00f3nica obligatoria en Muy Pymes. \u2014 Charla sobre digitalizaci\u00f3n aut\u00f3nomos y productividad en esdiario. \u2014 Charla sobre productividad y factura electr\u00f3nica en La Raz\u00f3n. \u2014 Charla sobre factura electr\u00f3nica obligatoria en Aut\u00f3nomos y Emprendedores. \u2014 Entrevista sobre Ley Antifraude y Ley Crea y Crece en Expansi\u00f3n. \u2014 Entrevista sobre Ley Antifraude y Ley Crea y Crece en La Raz\u00f3n. \u2014 Entrevista sobre factura electr\u00f3nica obligatoria en El Economista. \u2014 Comunicado Billin y TeamSystem en Business Insider. \u2014 Entrevista en Econom\u00eda Digital. \u2014 Entrevista en Ideas para tu empresa de Vodafone. \u2014 Entrevista en M\u00e1sQradio. \u2014 Entrevista en Armas para emprender de El M\u00e9todo Gallardo. \u2014 Entrevista en KFund. \u2014 Entrevista en AXA Seguros Espa\u00f1a. \u2014 Entrevista en GestionaRadio. \u00a0 Marcos De La Cueva en eventos \u00a0 \u2014 Participaci\u00f3n como ponente en Accountex Espa\u00f1a 2023. \u00a0 Tem\u00e1ticas de especializaci\u00f3n \u00a0 negocios | startups | contabilidad| fiscalidad | empresas| asesor\u00edas| autonomos | emprendedores | peque\u00f1os negocios | econom\u00eda | ADE | pymes | desarrollo de negocio\u00a0","sameAs":["https:\/\/www.billin.net\/","https:\/\/www.linkedin.com\/in\/marcos-de-la-cueva-19750ba3\/"],"url":"https:\/\/www.billin.net\/blog\/author\/marcosdelacueva\/","jobTitle":"CEO y cofundador de TS Facturas Billin"}]}},"_links":{"self":[{"href":"https:\/\/www.billin.net\/blog\/wp-json\/wp\/v2\/posts\/17057","targetHints":{"allow":["GET"]}}],"collection":[{"href":"https:\/\/www.billin.net\/blog\/wp-json\/wp\/v2\/posts"}],"about":[{"href":"https:\/\/www.billin.net\/blog\/wp-json\/wp\/v2\/types\/post"}],"author":[{"embeddable":true,"href":"https:\/\/www.billin.net\/blog\/wp-json\/wp\/v2\/users\/20"}],"replies":[{"embeddable":true,"href":"https:\/\/www.billin.net\/blog\/wp-json\/wp\/v2\/comments?post=17057"}],"version-history":[{"count":4,"href":"https:\/\/www.billin.net\/blog\/wp-json\/wp\/v2\/posts\/17057\/revisions"}],"predecessor-version":[{"id":27714,"href":"https:\/\/www.billin.net\/blog\/wp-json\/wp\/v2\/posts\/17057\/revisions\/27714"}],"wp:featuredmedia":[{"embeddable":true,"href":"https:\/\/www.billin.net\/blog\/wp-json\/wp\/v2\/media\/17058"}],"wp:attachment":[{"href":"https:\/\/www.billin.net\/blog\/wp-json\/wp\/v2\/media?parent=17057"}],"wp:term":[{"taxonomy":"category","embeddable":true,"href":"https:\/\/www.billin.net\/blog\/wp-json\/wp\/v2\/categories?post=17057"},{"taxonomy":"post_tag","embeddable":true,"href":"https:\/\/www.billin.net\/blog\/wp-json\/wp\/v2\/tags?post=17057"}],"curies":[{"name":"wp","href":"https:\/\/api.w.org\/{rel}","templated":true}]}}