{"id":17031,"date":"2020-02-01T14:20:03","date_gmt":"2020-02-01T12:20:03","guid":{"rendered":"https:\/\/www.billin.net\/blog\/?p=17031"},"modified":"2025-09-25T20:49:06","modified_gmt":"2025-09-25T18:49:06","slug":"impuestos-cuarto-trimestre","status":"publish","type":"post","link":"https:\/\/www.billin.net\/blog\/impuestos-cuarto-trimestre\/","title":{"rendered":"\u00bfQu\u00e9 impuestos se presentan en el cuarto trimestre y cu\u00e1ndo?"},"content":{"rendered":"<p>Aqu\u00ed tienes los impuestos que debes presentar en el <strong>4 trimestre del a\u00f1o<\/strong>\u00a0y los plazos para hacerlo de forma correcta.<\/p>\n<p>Recuerda que siempre debes respetar los plazos para evitar problemas, y si tienes problemas con los pagos recuerda que algunos de ellos se pueden aplazar o <a href=\"https:\/\/www.billin.net\/blog\/aplazamiento-o-fraccionamiento\/\">fraccionar el IVA<\/a>.<\/p>\n<p>Te puede interesar&#8211;&gt; <a href=\"https:\/\/www.billin.net\/blog\/como-hacer-la-declaracion-del-iva-trimestral-con-billin\/\">C\u00f3mo hacer la declaraci\u00f3n trimestral del IVA con TeamSystem Facturas Billin<\/a><\/p>\n<p><!--more--><\/p>\n<p>Te recomendamos que siempre consultes el <a href=\"https:\/\/www.billin.net\/calendario-fiscal\/\">calendario fiscal<\/a> oficial para tenerlo todo m\u00e1s claro y evitar sanciones y recargos futuros.<\/p>\n<h2><strong>\u00bfCu\u00e1les son los impuestos que se presentan en el cuarto trimestre?<\/strong><\/h2>\n<p>El <strong>cuarto trimestre<\/strong> del ejercicio contable, corresponde a los meses de octubre, noviembre y diciembre, junto a la presentaci\u00f3n de los modelos trimestrales, hay que presentar tambi\u00e9n los res\u00famenes del a\u00f1o correspondiente.<\/p>\n<p><strong>Seg\u00fan la actividad que tengas como aut\u00f3nomo o como empresa, presentar\u00e1s unos u otros impuestos, te nombramos los m\u00e1s comunes:<\/strong><\/p>\n<ul>\n<li><a href=\"https:\/\/www.billin.net\/blog\/como-rellenar-modelo-303\/\"><strong>Modelo 303 de IVA<\/strong><\/a>, para actividades empresariales y profesionales que est\u00e9n sujetas a IVA, independientemente de si tributan en estimaci\u00f3n directa como en m\u00f3dulos.<\/li>\n<li><a href=\"https:\/\/www.billin.net\/blog\/modelo-130\/\"><strong>Modelo 130 de IRPF<\/strong><\/a>, para actividades empresariales que est\u00e9n sujetas al r\u00e9gimen general o al simplificado. Tambi\u00e9n lo presentar\u00e1n los aut\u00f3nomos que desarrollen una actividad profesional siempre que el importe facturado con retenci\u00f3n no supere el 70% de su facturaci\u00f3n total.<\/li>\n<li><a href=\"https:\/\/www.billin.net\/blog\/modelo-131\/\"><strong>Modelo 131 de IRPF<\/strong><\/a>, este impuesto lo presentan los aut\u00f3nomos que est\u00e9n tributando en el r\u00e9gimen de estimaci\u00f3n objetiva o m\u00f3dulos.<\/li>\n<li><a href=\"https:\/\/www.billin.net\/blog\/modelo-111\/\"><strong>Modelo 111 de IRPF<\/strong><\/a>, tendr\u00e1n obligaci\u00f3n de presentar modelo 111 las personas y entidades obligadas a retener o ingresar a cuenta por las retenciones practicadas a los trabajadores por rendimientos del trabajo, por las practicadas a los profesionales, actividades agr\u00edcolas, ganaderas y forestales entre otras.<\/li>\n<li><a href=\"https:\/\/www.billin.net\/blog\/modelo-irpf-115\/\"><strong>Modelo 115 de IRPF<\/strong><\/a>, tendr\u00e1n obligaci\u00f3n aquellas empresas o aut\u00f3nomos que tengan un local alquilado para desempe\u00f1ar su actividad econ\u00f3mica, a no ser que el arrendador estuviese exonerado de retenci\u00f3n por el ejercicio de la actividad de arrendamiento de inmuebles. Para poder solicitar dicha exoneraci\u00f3n de retenci\u00f3n, el arrendador debe constar de alta en el IAE en el ep\u00edgrafe correspondiente a alquiler de vivienda y locales industriales y cumplir con los requisitos que establece la Agencia Tributaria para disfrutar de dicha condici\u00f3n.<\/li>\n<li><a href=\"https:\/\/www.billin.net\/blog\/modelo-309-impuesto-valor-anadido-autoliquidacion\/\"><strong>Modelo 309 de IVA<\/strong><\/a>, este modelo es una autoliquidaci\u00f3n no peri\u00f3dica y se utiliza para ingresar en la Agencia Tributaria las cuotas de IVA por operaciones espor\u00e1dicas.\u00a0 Es decir que no existe obligaci\u00f3n de presentarlo de forma obligatoria trimestral o mensual, pero si en los mismos plazos de las declaraciones trimestrales.<\/li>\n<li><a href=\"https:\/\/www.billin.net\/blog\/modelo-349-declaracion-operaciones-intracomunitarias\/\"><strong>Modelo 349 de IVA<\/strong><\/a><strong>,<\/strong>\u00a0este modelo lo presentan las empresas y aut\u00f3nomos que realicen operaciones intracomunitarias, es un modelo informativo.<\/li>\n<li><a href=\"https:\/\/www.billin.net\/blog\/modelo-390-resumen-anual-modelo-303\/\"><strong>Modelo 390 de IVA<\/strong><\/a>, es el resumen anual del modelo 303 de IVA.<\/li>\n<li><a href=\"https:\/\/www.billin.net\/blog\/como-rellenar-modelo-180\/\"><strong>Modelo 180 de IRPF<\/strong><\/a>, es el resumen anual del modelo 115 de retenciones e ingresos a cuenta sobre rentas o rendimientos procedentes del arrendamiento o subarrendamiento de inmuebles urbanos.<\/li>\n<li><a href=\"https:\/\/www.billin.net\/blog\/modelo-190-resumen-anual-de-retenciones-e-ingresos-a-cuenta-del-irpf\/\"><strong>Modelo 190 de IRPF<\/strong><\/a><strong>,<\/strong>\u00a0es el resumen anual del modelo 111 de retenciones e ingresos a cuenta sobre rendimientos del trabajo y de actividades econ\u00f3micas, premios y determinadas ganancias patrimoniales e imputaciones de Renta.<\/li>\n<\/ul>\n<h2><strong>\u00bfCu\u00e1ndo se presentan los impuestos del cuarto trimestre y los res\u00famenes anuales?<\/strong><\/h2>\n<p>El mes de enero tiene varias fechas clave para la presentaci\u00f3n de los impuestos trimestrales y sus correspondientes res\u00famenes anuales.<\/p>\n<p><strong>Vamos a ver seg\u00fan el tipo de obligaci\u00f3n fiscal, cu\u00e1les son los plazos:<\/strong><\/p>\n<ul>\n<li><strong>Modelos 111, 115 y todos los relacionados con retenciones. <\/strong>Si hablamos de los impuestos del cuarto trimestre del 2023, la presentaci\u00f3n se efectuar\u00e1 desde <strong>el 1 de enero y hasta el d\u00eda 20 de enero<\/strong> del 2024. La norma general es que los impuestos correspondientes al \u00faltimo trimestre del ejercicio (para estos modelos) se presentar\u00e1n durante los 20 primeros d\u00edas del mes de enero del siguiente ejercicio al \u00faltimo cerrado.<\/li>\n<li><strong>Para los modelos 303, 309, 390 (resumen anual IVA), 349,130, 131, <\/strong>la presentaci\u00f3n de los impuestos correspondientes al cuarto trimestre del 2023 se realizar\u00e1 <strong>del 1 al 30 de enero del 2024.<\/strong><\/li>\n<li><strong>Modelos 180 (resumen anual del 115) y 190 (resumen anual del 111)<\/strong>, <strong>el plazo finaliza el 31 de enero del 2024<\/strong>.<\/li>\n<\/ul>\n<p>Este es el mes donde tenemos m\u00e1s margen para presentar los impuestos, ya que suelen ser bastantes y en muchos tenemos que hacer una recapitulaci\u00f3n de todo lo que ha sido el a\u00f1o fiscal.<\/p>\n<h2><strong>\u00bfCu\u00e1ndo se presenta el cuarto trimestre de IVA?<\/strong><\/h2>\n<p>El periodo de presentaci\u00f3n de los\u00a0<strong>impuestos del 4 trimestre<\/strong> de IVA comienza el 1 de enero de 2024 y finaliza el 30 de enero de 2024.<\/p>\n<p>Si el resultado que obtienes en la liquidaci\u00f3n del IVA-4T es a pagar, podr\u00e1s optar por domiciliar su pago para que lo cobren de tu cuenta el \u00faltimo d\u00eda voluntario, efectuando la presentaci\u00f3n 5 d\u00edas antes de que termine el plazo de presentaci\u00f3n del impuesto.<\/p>\n<p>Si no quieres presentar tu impuesto con orden de domiciliaci\u00f3n, no pasa nada. Eso s\u00ed, siempre debes presentar tu IVA-4T-2023 antes de que termine el plazo, es decir antes del 30 de enero de 2024.<\/p>\n<p>Recuerda que en este caso debes pedir a tu banco que cargue en tu cuenta bancaria la cantidad a pagar de IVA mediante NRC. Es imprescindible que facilites ese c\u00f3digo a tu asesor para que pueda realizar la <a href=\"https:\/\/www.billin.net\/blog\/presentacion-telematica-impuestos\/\">presentaci\u00f3n del impuesto de forma telem\u00e1tica<\/a>.<\/p>\n<p>Recuerda que con efectos para el a\u00f1o 2023, y de aplicaci\u00f3n a las autoliquidaciones correspondientes a 2023 y siguientes, se suprime la posibilidad de presentar el modelo 303 en papel impreso.<\/p>\n<h2><strong>\u00bfCu\u00e1ndo se presenta el resumen anual de IVA, modelo 390?<\/strong><\/h2>\n<p>El periodo de presentaci\u00f3n para el resumen anual de IVA, modelo 390, es el mismo que el impuesto del 4 trimestre de IVA 2023, es decir, comenzar\u00e1 el d\u00eda 1 de enero de 2024 y finaliza el 30 de enero del mismo a\u00f1o.<\/p>\n<p>Te recomiendo que uses un\u00a0<a href=\"https:\/\/www.billin.net\/calendario-fiscal\/\"><strong>calendario fiscal<\/strong><\/a>, para estar al corriente de todas las fechas fiscales importantes para tu negocio. Adem\u00e1s, con TeamSystem Facturas Billin, tendr\u00e1s controladas tus facturas y tu negocio de forma muy sencilla.<\/p>\n<p>No esperes m\u00e1s para probar nuestro\u00a0<a href=\"https:\/\/www.billin.net\/\"><strong>software de facturaci\u00f3n.<\/strong><\/a><\/p>\n","protected":false},"excerpt":{"rendered":"<p>Aqu\u00ed tienes los impuestos que debes presentar en el 4 trimestre del a\u00f1o\u00a0y los plazos para hacerlo de forma correcta. Recuerda que siempre debes respetar los plazos para evitar problemas, y si tienes problemas con los pagos recuerda que algunos de ellos se pueden aplazar o fraccionar el IVA. Te puede interesar&#8211;&gt; C\u00f3mo hacer la [&hellip;]<\/p>\n","protected":false},"author":20,"featured_media":17032,"comment_status":"open","ping_status":"open","sticky":false,"template":"","format":"standard","meta":{"_acf_changed":false,"_et_pb_use_builder":"","_et_pb_old_content":"","_et_gb_content_width":"","om_disable_all_campaigns":false,"inline_featured_image":false,"footnotes":""},"categories":[1014],"tags":[],"class_list":{"0":"post-17031","1":"post","2":"type-post","3":"status-publish","4":"format-standard","5":"has-post-thumbnail","7":"category-fiscalidad"},"acf":{"selector_de_usuario":19,"fecha_de_revision":"20231006"},"yoast_head":"<!-- This site is optimized with the Yoast SEO plugin v27.1 - https:\/\/yoast.com\/product\/yoast-seo-wordpress\/ -->\n<title>Presentaci\u00f3n de Impuestos del cuarto trimestre | TeamSystem Facturas Billin Blog<\/title>\n<meta name=\"description\" content=\"Aqu\u00ed tienes los impuestos que debes presentar el 4 trimestre del a\u00f1o y los plazos para hacerlo si no quieres tener problemas.\" \/>\n<meta name=\"robots\" content=\"index, follow, max-snippet:-1, max-image-preview:large, max-video-preview:-1\" \/>\n<link rel=\"canonical\" href=\"https:\/\/www.billin.net\/blog\/impuestos-cuarto-trimestre\/\" \/>\n<meta property=\"og:locale\" content=\"es_ES\" \/>\n<meta property=\"og:type\" content=\"article\" \/>\n<meta property=\"og:title\" content=\"Presentaci\u00f3n de Impuestos del cuarto trimestre | TeamSystem Facturas Billin Blog\" \/>\n<meta property=\"og:description\" content=\"Aqu\u00ed tienes los impuestos que debes presentar el 4 trimestre del a\u00f1o y los plazos para hacerlo si no quieres tener problemas.\" \/>\n<meta property=\"og:url\" content=\"https:\/\/www.billin.net\/blog\/impuestos-cuarto-trimestre\/\" \/>\n<meta property=\"og:site_name\" content=\"Blog de TeamSystem Facturas Billin\" \/>\n<meta property=\"article:publisher\" content=\"https:\/\/www.facebook.com\/EsBillin\" \/>\n<meta property=\"article:published_time\" content=\"2020-02-01T12:20:03+00:00\" \/>\n<meta property=\"article:modified_time\" content=\"2025-09-25T18:49:06+00:00\" \/>\n<meta property=\"og:image\" content=\"https:\/\/www.billin.net\/blog\/wp-content\/uploads\/2021\/02\/Impuestos-cuarto-trimestre.jpeg\" \/>\n\t<meta property=\"og:image:width\" content=\"2048\" \/>\n\t<meta property=\"og:image:height\" content=\"1365\" \/>\n\t<meta property=\"og:image:type\" content=\"image\/jpeg\" \/>\n<meta name=\"author\" content=\"Marcos De La Cueva - CEO TeamSystem Facturas Billin\" \/>\n<meta name=\"twitter:card\" content=\"summary_large_image\" \/>\n<meta name=\"twitter:creator\" content=\"@Billin_ES\" \/>\n<meta name=\"twitter:site\" content=\"@Billin_ES\" \/>\n<meta name=\"twitter:label1\" content=\"Escrito por\" \/>\n\t<meta name=\"twitter:data1\" content=\"Marcos De La Cueva - CEO TeamSystem Facturas Billin\" \/>\n\t<meta name=\"twitter:label2\" content=\"Tiempo de lectura\" \/>\n\t<meta name=\"twitter:data2\" content=\"5 minutos\" \/>\n<script type=\"application\/ld+json\" class=\"yoast-schema-graph\">{\"@context\":\"https:\/\/schema.org\",\"@graph\":[{\"@type\":\"Article\",\"@id\":\"https:\/\/www.billin.net\/blog\/impuestos-cuarto-trimestre\/#article\",\"isPartOf\":{\"@id\":\"https:\/\/www.billin.net\/blog\/impuestos-cuarto-trimestre\/\"},\"author\":{\"name\":\"Marcos De La Cueva - CEO TeamSystem Facturas Billin\",\"@id\":\"https:\/\/www.billin.net\/blog\/#\/schema\/person\/d0339ee6e869234614541b1e80a793e7\"},\"headline\":\"\u00bfQu\u00e9 impuestos se presentan en el cuarto trimestre y cu\u00e1ndo?\",\"datePublished\":\"2020-02-01T12:20:03+00:00\",\"dateModified\":\"2025-09-25T18:49:06+00:00\",\"mainEntityOfPage\":{\"@id\":\"https:\/\/www.billin.net\/blog\/impuestos-cuarto-trimestre\/\"},\"wordCount\":1039,\"commentCount\":0,\"publisher\":{\"@id\":\"https:\/\/www.billin.net\/blog\/#organization\"},\"image\":{\"@id\":\"https:\/\/www.billin.net\/blog\/impuestos-cuarto-trimestre\/#primaryimage\"},\"thumbnailUrl\":\"https:\/\/www.billin.net\/blog\/wp-content\/uploads\/2021\/02\/Impuestos-cuarto-trimestre.jpeg\",\"articleSection\":[\"Fiscalidad\"],\"inLanguage\":\"es\",\"potentialAction\":[{\"@type\":\"CommentAction\",\"name\":\"Comment\",\"target\":[\"https:\/\/www.billin.net\/blog\/impuestos-cuarto-trimestre\/#respond\"]}]},{\"@type\":\"WebPage\",\"@id\":\"https:\/\/www.billin.net\/blog\/impuestos-cuarto-trimestre\/\",\"url\":\"https:\/\/www.billin.net\/blog\/impuestos-cuarto-trimestre\/\",\"name\":\"Presentaci\u00f3n de Impuestos del cuarto trimestre | TeamSystem Facturas Billin Blog\",\"isPartOf\":{\"@id\":\"https:\/\/www.billin.net\/blog\/#website\"},\"primaryImageOfPage\":{\"@id\":\"https:\/\/www.billin.net\/blog\/impuestos-cuarto-trimestre\/#primaryimage\"},\"image\":{\"@id\":\"https:\/\/www.billin.net\/blog\/impuestos-cuarto-trimestre\/#primaryimage\"},\"thumbnailUrl\":\"https:\/\/www.billin.net\/blog\/wp-content\/uploads\/2021\/02\/Impuestos-cuarto-trimestre.jpeg\",\"datePublished\":\"2020-02-01T12:20:03+00:00\",\"dateModified\":\"2025-09-25T18:49:06+00:00\",\"description\":\"Aqu\u00ed tienes los impuestos que debes presentar el 4 trimestre del a\u00f1o y los plazos para hacerlo si no quieres tener problemas.\",\"breadcrumb\":{\"@id\":\"https:\/\/www.billin.net\/blog\/impuestos-cuarto-trimestre\/#breadcrumb\"},\"inLanguage\":\"es\",\"potentialAction\":[{\"@type\":\"ReadAction\",\"target\":[\"https:\/\/www.billin.net\/blog\/impuestos-cuarto-trimestre\/\"]}]},{\"@type\":\"ImageObject\",\"inLanguage\":\"es\",\"@id\":\"https:\/\/www.billin.net\/blog\/impuestos-cuarto-trimestre\/#primaryimage\",\"url\":\"https:\/\/www.billin.net\/blog\/wp-content\/uploads\/2021\/02\/Impuestos-cuarto-trimestre.jpeg\",\"contentUrl\":\"https:\/\/www.billin.net\/blog\/wp-content\/uploads\/2021\/02\/Impuestos-cuarto-trimestre.jpeg\",\"width\":2048,\"height\":1365,\"caption\":\"impuestos 4 trimestre\"},{\"@type\":\"BreadcrumbList\",\"@id\":\"https:\/\/www.billin.net\/blog\/impuestos-cuarto-trimestre\/#breadcrumb\",\"itemListElement\":[{\"@type\":\"ListItem\",\"position\":1,\"name\":\"Blog\",\"item\":\"https:\/\/www.billin.net\/blog\/\"},{\"@type\":\"ListItem\",\"position\":2,\"name\":\"Fiscalidad\",\"item\":\"https:\/\/www.billin.net\/blog\/fiscalidad\/\"},{\"@type\":\"ListItem\",\"position\":3,\"name\":\"\u00bfQu\u00e9 impuestos se presentan en el cuarto trimestre y cu\u00e1ndo?\"}]},{\"@type\":\"WebSite\",\"@id\":\"https:\/\/www.billin.net\/blog\/#website\",\"url\":\"https:\/\/www.billin.net\/blog\/\",\"name\":\"Blog de Billin\",\"description\":\"Mantente informado con el blog de TeamSystem Facturas Billin:  facturaci\u00f3n, legislaci\u00f3n, contabilidad, management y toda la informaci\u00f3n \u00fatil para pymes y aut\u00f3nomos.\",\"publisher\":{\"@id\":\"https:\/\/www.billin.net\/blog\/#organization\"},\"potentialAction\":[{\"@type\":\"SearchAction\",\"target\":{\"@type\":\"EntryPoint\",\"urlTemplate\":\"https:\/\/www.billin.net\/blog\/?s={search_term_string}\"},\"query-input\":{\"@type\":\"PropertyValueSpecification\",\"valueRequired\":true,\"valueName\":\"search_term_string\"}}],\"inLanguage\":\"es\"},{\"@type\":\"Organization\",\"@id\":\"https:\/\/www.billin.net\/blog\/#organization\",\"name\":\"Billin\",\"alternateName\":\"Blog de Billin\",\"url\":\"https:\/\/www.billin.net\/blog\/\",\"logo\":{\"@type\":\"ImageObject\",\"inLanguage\":\"es\",\"@id\":\"https:\/\/www.billin.net\/blog\/#\/schema\/logo\/image\/\",\"url\":\"https:\/\/www.billin.net\/blog\/wp-content\/uploads\/2019\/06\/logotipo-billin-blog-1.png\",\"contentUrl\":\"https:\/\/www.billin.net\/blog\/wp-content\/uploads\/2019\/06\/logotipo-billin-blog-1.png\",\"width\":126,\"height\":50,\"caption\":\"Billin\"},\"image\":{\"@id\":\"https:\/\/www.billin.net\/blog\/#\/schema\/logo\/image\/\"},\"sameAs\":[\"https:\/\/www.facebook.com\/EsBillin\",\"https:\/\/x.com\/Billin_ES\",\"https:\/\/www.instagram.com\/billin_es\/\",\"https:\/\/www.linkedin.com\/company\/billin-spain\",\"https:\/\/www.youtube.com\/c\/BillinEsintercambiodefacturas\/\"],\"legalName\":\"MY EXPENSES SL\",\"contactPoint\":{\"@type\":\"ContactPoint\",\"telephone\":\"+34918318883\",\"contactType\":\"customer service\",\"email\":\"info@billin.eu\",\"availableLanguage\":\"es\"},\"foundingDate\":\"2015\",\"numberOfEmployees\":{\"@type\":\"QuantitativeValue\",\"minValue\":10,\"maxValue\":50},\"parentOrganization\":{\"@type\":\"Organization\",\"name\":\"TeamSystem\",\"url\":\"https:\/\/www.teamsystem.com\/\"},\"description\":\"Billin es el programa de facturaci\u00f3n online de TeamSystem para aut\u00f3nomos y pymes en Espa\u00f1a. Permite crear facturas, controlar gastos y cumplir con Verifactu.\",\"address\":{\"@type\":\"PostalAddress\",\"streetAddress\":\"Calle Arturo Soria, 336\",\"addressLocality\":\"Madrid\",\"addressRegion\":\"Madrid\",\"postalCode\":\"28033\",\"addressCountry\":\"ES\"}},{\"@type\":\"Person\",\"@id\":\"https:\/\/www.billin.net\/blog\/#\/schema\/person\/d0339ee6e869234614541b1e80a793e7\",\"name\":\"Marcos De La Cueva - CEO TeamSystem Facturas Billin\",\"image\":{\"@type\":\"ImageObject\",\"inLanguage\":\"es\",\"@id\":\"https:\/\/www.billin.net\/blog\/#\/schema\/person\/image\/\",\"url\":\"https:\/\/www.billin.net\/blog\/wp-content\/uploads\/2023\/10\/marcos-color-150x150.png\",\"contentUrl\":\"https:\/\/www.billin.net\/blog\/wp-content\/uploads\/2023\/10\/marcos-color-150x150.png\",\"caption\":\"Marcos De La Cueva - CEO TeamSystem Facturas Billin\"},\"description\":\"Licenciado en ADE por la Universidad Aut\u00f3noma de Madrid, Marcos De la Cueva es CEO y cofundador de TeamSystem Facturas Billin, un programa online que lleva m\u00e1s de 9 a\u00f1os ayudando a aut\u00f3nomos, peque\u00f1os negocios y gestor\u00edas a digitalizar sus presupuestos, facturas, tickets y gastos. \u00a0 Sobre Marcos De La Cueva \u00a0 Apasionado por el mundo empresarial y la tecnolog\u00eda, curs\u00f3 su M\u00e1ster de Finanzas en la Universidad Pontificia de Comillas y estuvo en el Programa de Cooperaci\u00f3n Educativa de la Universidad Aut\u00f3noma de Madrid. \u00a0 Marcos siempre ha tenido su objetivo claro: ayudar a la creaci\u00f3n de negocios financieramente sostenibles a trav\u00e9s de una herramienta de facturaci\u00f3n que les permita ahorrar tiempo y tener la contabilidad bajo control. \u00a0 Marcos De La Cueva en los medios \u2014 Noticia sobre Kit Digital y Ley Antifraude (VeriFactu) en El Economista. \u2014 Noticia sobre Kit Digital y factura electr\u00f3nica obligatoria en Diario Jur\u00eddico. \u2014 Noticia sobre el a\u00f1o de transici\u00f3n para la factura electr\u00f3nica en Muy Pymes. \u2014 Entrevista sobre factura electr\u00f3nica obligatoria en Canal Sur. \u2014 Noticia sobre el informe factura electr\u00f3nica de TeamSystem en Channel Partner. \u2014 Charla sobre productividad y Ley Crea y Crece en El Economista. \u2014 Charla sobre factura electr\u00f3nica obligatoria en Muy Pymes. \u2014 Charla sobre digitalizaci\u00f3n aut\u00f3nomos y productividad en esdiario. \u2014 Charla sobre productividad y factura electr\u00f3nica en La Raz\u00f3n. \u2014 Charla sobre factura electr\u00f3nica obligatoria en Aut\u00f3nomos y Emprendedores. \u2014 Entrevista sobre Ley Antifraude y Ley Crea y Crece en Expansi\u00f3n. \u2014 Entrevista sobre Ley Antifraude y Ley Crea y Crece en La Raz\u00f3n. \u2014 Entrevista sobre factura electr\u00f3nica obligatoria en El Economista. \u2014 Comunicado Billin y TeamSystem en Business Insider. \u2014 Entrevista en Econom\u00eda Digital. \u2014 Entrevista en Ideas para tu empresa de Vodafone. \u2014 Entrevista en M\u00e1sQradio. \u2014 Entrevista en Armas para emprender de El M\u00e9todo Gallardo. \u2014 Entrevista en KFund. \u2014 Entrevista en AXA Seguros Espa\u00f1a. \u2014 Entrevista en GestionaRadio. \u00a0 Marcos De La Cueva en eventos \u00a0 \u2014 Participaci\u00f3n como ponente en Accountex Espa\u00f1a 2023. \u00a0 Tem\u00e1ticas de especializaci\u00f3n \u00a0 negocios | startups | contabilidad| fiscalidad | empresas| asesor\u00edas| autonomos | emprendedores | peque\u00f1os negocios | econom\u00eda | ADE | pymes | desarrollo de negocio\u00a0\",\"sameAs\":[\"https:\/\/www.billin.net\/\",\"https:\/\/www.linkedin.com\/in\/marcos-de-la-cueva-19750ba3\/\"],\"url\":\"https:\/\/www.billin.net\/blog\/author\/marcosdelacueva\/\",\"jobTitle\":\"CEO y cofundador de TS Facturas Billin\"}]}<\/script>\n<!-- \/ Yoast SEO plugin. -->","yoast_head_json":{"title":"Presentaci\u00f3n de Impuestos del cuarto trimestre | TeamSystem Facturas Billin Blog","description":"Aqu\u00ed tienes los impuestos que debes presentar el 4 trimestre del a\u00f1o y los plazos para hacerlo si no quieres tener problemas.","robots":{"index":"index","follow":"follow","max-snippet":"max-snippet:-1","max-image-preview":"max-image-preview:large","max-video-preview":"max-video-preview:-1"},"canonical":"https:\/\/www.billin.net\/blog\/impuestos-cuarto-trimestre\/","og_locale":"es_ES","og_type":"article","og_title":"Presentaci\u00f3n de Impuestos del cuarto trimestre | TeamSystem Facturas Billin Blog","og_description":"Aqu\u00ed tienes los impuestos que debes presentar el 4 trimestre del a\u00f1o y los plazos para hacerlo si no quieres tener problemas.","og_url":"https:\/\/www.billin.net\/blog\/impuestos-cuarto-trimestre\/","og_site_name":"Blog de TeamSystem Facturas Billin","article_publisher":"https:\/\/www.facebook.com\/EsBillin","article_published_time":"2020-02-01T12:20:03+00:00","article_modified_time":"2025-09-25T18:49:06+00:00","og_image":[{"width":2048,"height":1365,"url":"https:\/\/www.billin.net\/blog\/wp-content\/uploads\/2021\/02\/Impuestos-cuarto-trimestre.jpeg","type":"image\/jpeg"}],"author":"Marcos De La Cueva - CEO TeamSystem Facturas Billin","twitter_card":"summary_large_image","twitter_creator":"@Billin_ES","twitter_site":"@Billin_ES","twitter_misc":{"Escrito por":"Marcos De La Cueva - CEO TeamSystem Facturas Billin","Tiempo de lectura":"5 minutos"},"schema":{"@context":"https:\/\/schema.org","@graph":[{"@type":"Article","@id":"https:\/\/www.billin.net\/blog\/impuestos-cuarto-trimestre\/#article","isPartOf":{"@id":"https:\/\/www.billin.net\/blog\/impuestos-cuarto-trimestre\/"},"author":{"name":"Marcos De La Cueva - CEO TeamSystem Facturas Billin","@id":"https:\/\/www.billin.net\/blog\/#\/schema\/person\/d0339ee6e869234614541b1e80a793e7"},"headline":"\u00bfQu\u00e9 impuestos se presentan en el cuarto trimestre y cu\u00e1ndo?","datePublished":"2020-02-01T12:20:03+00:00","dateModified":"2025-09-25T18:49:06+00:00","mainEntityOfPage":{"@id":"https:\/\/www.billin.net\/blog\/impuestos-cuarto-trimestre\/"},"wordCount":1039,"commentCount":0,"publisher":{"@id":"https:\/\/www.billin.net\/blog\/#organization"},"image":{"@id":"https:\/\/www.billin.net\/blog\/impuestos-cuarto-trimestre\/#primaryimage"},"thumbnailUrl":"https:\/\/www.billin.net\/blog\/wp-content\/uploads\/2021\/02\/Impuestos-cuarto-trimestre.jpeg","articleSection":["Fiscalidad"],"inLanguage":"es","potentialAction":[{"@type":"CommentAction","name":"Comment","target":["https:\/\/www.billin.net\/blog\/impuestos-cuarto-trimestre\/#respond"]}]},{"@type":"WebPage","@id":"https:\/\/www.billin.net\/blog\/impuestos-cuarto-trimestre\/","url":"https:\/\/www.billin.net\/blog\/impuestos-cuarto-trimestre\/","name":"Presentaci\u00f3n de Impuestos del cuarto trimestre | TeamSystem Facturas Billin Blog","isPartOf":{"@id":"https:\/\/www.billin.net\/blog\/#website"},"primaryImageOfPage":{"@id":"https:\/\/www.billin.net\/blog\/impuestos-cuarto-trimestre\/#primaryimage"},"image":{"@id":"https:\/\/www.billin.net\/blog\/impuestos-cuarto-trimestre\/#primaryimage"},"thumbnailUrl":"https:\/\/www.billin.net\/blog\/wp-content\/uploads\/2021\/02\/Impuestos-cuarto-trimestre.jpeg","datePublished":"2020-02-01T12:20:03+00:00","dateModified":"2025-09-25T18:49:06+00:00","description":"Aqu\u00ed tienes los impuestos que debes presentar el 4 trimestre del a\u00f1o y los plazos para hacerlo si no quieres tener problemas.","breadcrumb":{"@id":"https:\/\/www.billin.net\/blog\/impuestos-cuarto-trimestre\/#breadcrumb"},"inLanguage":"es","potentialAction":[{"@type":"ReadAction","target":["https:\/\/www.billin.net\/blog\/impuestos-cuarto-trimestre\/"]}]},{"@type":"ImageObject","inLanguage":"es","@id":"https:\/\/www.billin.net\/blog\/impuestos-cuarto-trimestre\/#primaryimage","url":"https:\/\/www.billin.net\/blog\/wp-content\/uploads\/2021\/02\/Impuestos-cuarto-trimestre.jpeg","contentUrl":"https:\/\/www.billin.net\/blog\/wp-content\/uploads\/2021\/02\/Impuestos-cuarto-trimestre.jpeg","width":2048,"height":1365,"caption":"impuestos 4 trimestre"},{"@type":"BreadcrumbList","@id":"https:\/\/www.billin.net\/blog\/impuestos-cuarto-trimestre\/#breadcrumb","itemListElement":[{"@type":"ListItem","position":1,"name":"Blog","item":"https:\/\/www.billin.net\/blog\/"},{"@type":"ListItem","position":2,"name":"Fiscalidad","item":"https:\/\/www.billin.net\/blog\/fiscalidad\/"},{"@type":"ListItem","position":3,"name":"\u00bfQu\u00e9 impuestos se presentan en el cuarto trimestre y cu\u00e1ndo?"}]},{"@type":"WebSite","@id":"https:\/\/www.billin.net\/blog\/#website","url":"https:\/\/www.billin.net\/blog\/","name":"Blog de Billin","description":"Mantente informado con el blog de TeamSystem Facturas Billin:  facturaci\u00f3n, legislaci\u00f3n, contabilidad, management y toda la informaci\u00f3n \u00fatil para pymes y aut\u00f3nomos.","publisher":{"@id":"https:\/\/www.billin.net\/blog\/#organization"},"potentialAction":[{"@type":"SearchAction","target":{"@type":"EntryPoint","urlTemplate":"https:\/\/www.billin.net\/blog\/?s={search_term_string}"},"query-input":{"@type":"PropertyValueSpecification","valueRequired":true,"valueName":"search_term_string"}}],"inLanguage":"es"},{"@type":"Organization","@id":"https:\/\/www.billin.net\/blog\/#organization","name":"Billin","alternateName":"Blog de Billin","url":"https:\/\/www.billin.net\/blog\/","logo":{"@type":"ImageObject","inLanguage":"es","@id":"https:\/\/www.billin.net\/blog\/#\/schema\/logo\/image\/","url":"https:\/\/www.billin.net\/blog\/wp-content\/uploads\/2019\/06\/logotipo-billin-blog-1.png","contentUrl":"https:\/\/www.billin.net\/blog\/wp-content\/uploads\/2019\/06\/logotipo-billin-blog-1.png","width":126,"height":50,"caption":"Billin"},"image":{"@id":"https:\/\/www.billin.net\/blog\/#\/schema\/logo\/image\/"},"sameAs":["https:\/\/www.facebook.com\/EsBillin","https:\/\/x.com\/Billin_ES","https:\/\/www.instagram.com\/billin_es\/","https:\/\/www.linkedin.com\/company\/billin-spain","https:\/\/www.youtube.com\/c\/BillinEsintercambiodefacturas\/"],"legalName":"MY EXPENSES SL","contactPoint":{"@type":"ContactPoint","telephone":"+34918318883","contactType":"customer service","email":"info@billin.eu","availableLanguage":"es"},"foundingDate":"2015","numberOfEmployees":{"@type":"QuantitativeValue","minValue":10,"maxValue":50},"parentOrganization":{"@type":"Organization","name":"TeamSystem","url":"https:\/\/www.teamsystem.com\/"},"description":"Billin es el programa de facturaci\u00f3n online de TeamSystem para aut\u00f3nomos y pymes en Espa\u00f1a. Permite crear facturas, controlar gastos y cumplir con Verifactu.","address":{"@type":"PostalAddress","streetAddress":"Calle Arturo Soria, 336","addressLocality":"Madrid","addressRegion":"Madrid","postalCode":"28033","addressCountry":"ES"}},{"@type":"Person","@id":"https:\/\/www.billin.net\/blog\/#\/schema\/person\/d0339ee6e869234614541b1e80a793e7","name":"Marcos De La Cueva - CEO TeamSystem Facturas Billin","image":{"@type":"ImageObject","inLanguage":"es","@id":"https:\/\/www.billin.net\/blog\/#\/schema\/person\/image\/","url":"https:\/\/www.billin.net\/blog\/wp-content\/uploads\/2023\/10\/marcos-color-150x150.png","contentUrl":"https:\/\/www.billin.net\/blog\/wp-content\/uploads\/2023\/10\/marcos-color-150x150.png","caption":"Marcos De La Cueva - CEO TeamSystem Facturas Billin"},"description":"Licenciado en ADE por la Universidad Aut\u00f3noma de Madrid, Marcos De la Cueva es CEO y cofundador de TeamSystem Facturas Billin, un programa online que lleva m\u00e1s de 9 a\u00f1os ayudando a aut\u00f3nomos, peque\u00f1os negocios y gestor\u00edas a digitalizar sus presupuestos, facturas, tickets y gastos. \u00a0 Sobre Marcos De La Cueva \u00a0 Apasionado por el mundo empresarial y la tecnolog\u00eda, curs\u00f3 su M\u00e1ster de Finanzas en la Universidad Pontificia de Comillas y estuvo en el Programa de Cooperaci\u00f3n Educativa de la Universidad Aut\u00f3noma de Madrid. \u00a0 Marcos siempre ha tenido su objetivo claro: ayudar a la creaci\u00f3n de negocios financieramente sostenibles a trav\u00e9s de una herramienta de facturaci\u00f3n que les permita ahorrar tiempo y tener la contabilidad bajo control. \u00a0 Marcos De La Cueva en los medios \u2014 Noticia sobre Kit Digital y Ley Antifraude (VeriFactu) en El Economista. \u2014 Noticia sobre Kit Digital y factura electr\u00f3nica obligatoria en Diario Jur\u00eddico. \u2014 Noticia sobre el a\u00f1o de transici\u00f3n para la factura electr\u00f3nica en Muy Pymes. \u2014 Entrevista sobre factura electr\u00f3nica obligatoria en Canal Sur. \u2014 Noticia sobre el informe factura electr\u00f3nica de TeamSystem en Channel Partner. \u2014 Charla sobre productividad y Ley Crea y Crece en El Economista. \u2014 Charla sobre factura electr\u00f3nica obligatoria en Muy Pymes. \u2014 Charla sobre digitalizaci\u00f3n aut\u00f3nomos y productividad en esdiario. \u2014 Charla sobre productividad y factura electr\u00f3nica en La Raz\u00f3n. \u2014 Charla sobre factura electr\u00f3nica obligatoria en Aut\u00f3nomos y Emprendedores. \u2014 Entrevista sobre Ley Antifraude y Ley Crea y Crece en Expansi\u00f3n. \u2014 Entrevista sobre Ley Antifraude y Ley Crea y Crece en La Raz\u00f3n. \u2014 Entrevista sobre factura electr\u00f3nica obligatoria en El Economista. \u2014 Comunicado Billin y TeamSystem en Business Insider. \u2014 Entrevista en Econom\u00eda Digital. \u2014 Entrevista en Ideas para tu empresa de Vodafone. \u2014 Entrevista en M\u00e1sQradio. \u2014 Entrevista en Armas para emprender de El M\u00e9todo Gallardo. \u2014 Entrevista en KFund. \u2014 Entrevista en AXA Seguros Espa\u00f1a. \u2014 Entrevista en GestionaRadio. \u00a0 Marcos De La Cueva en eventos \u00a0 \u2014 Participaci\u00f3n como ponente en Accountex Espa\u00f1a 2023. \u00a0 Tem\u00e1ticas de especializaci\u00f3n \u00a0 negocios | startups | contabilidad| fiscalidad | empresas| asesor\u00edas| autonomos | emprendedores | peque\u00f1os negocios | econom\u00eda | ADE | pymes | desarrollo de negocio\u00a0","sameAs":["https:\/\/www.billin.net\/","https:\/\/www.linkedin.com\/in\/marcos-de-la-cueva-19750ba3\/"],"url":"https:\/\/www.billin.net\/blog\/author\/marcosdelacueva\/","jobTitle":"CEO y cofundador de TS Facturas Billin"}]}},"_links":{"self":[{"href":"https:\/\/www.billin.net\/blog\/wp-json\/wp\/v2\/posts\/17031","targetHints":{"allow":["GET"]}}],"collection":[{"href":"https:\/\/www.billin.net\/blog\/wp-json\/wp\/v2\/posts"}],"about":[{"href":"https:\/\/www.billin.net\/blog\/wp-json\/wp\/v2\/types\/post"}],"author":[{"embeddable":true,"href":"https:\/\/www.billin.net\/blog\/wp-json\/wp\/v2\/users\/20"}],"replies":[{"embeddable":true,"href":"https:\/\/www.billin.net\/blog\/wp-json\/wp\/v2\/comments?post=17031"}],"version-history":[{"count":15,"href":"https:\/\/www.billin.net\/blog\/wp-json\/wp\/v2\/posts\/17031\/revisions"}],"predecessor-version":[{"id":27799,"href":"https:\/\/www.billin.net\/blog\/wp-json\/wp\/v2\/posts\/17031\/revisions\/27799"}],"acf:user":[{"embeddable":true,"href":"https:\/\/www.billin.net\/blog\/wp-json\/wp\/v2\/users\/19"}],"wp:featuredmedia":[{"embeddable":true,"href":"https:\/\/www.billin.net\/blog\/wp-json\/wp\/v2\/media\/17032"}],"wp:attachment":[{"href":"https:\/\/www.billin.net\/blog\/wp-json\/wp\/v2\/media?parent=17031"}],"wp:term":[{"taxonomy":"category","embeddable":true,"href":"https:\/\/www.billin.net\/blog\/wp-json\/wp\/v2\/categories?post=17031"},{"taxonomy":"post_tag","embeddable":true,"href":"https:\/\/www.billin.net\/blog\/wp-json\/wp\/v2\/tags?post=17031"}],"curies":[{"name":"wp","href":"https:\/\/api.w.org\/{rel}","templated":true}]}}