{"id":16991,"date":"2021-01-21T12:50:19","date_gmt":"2021-01-21T10:50:19","guid":{"rendered":"https:\/\/www.billin.net\/blog\/?p=16991"},"modified":"2025-09-25T20:43:25","modified_gmt":"2025-09-25T18:43:25","slug":"funcionario-autonomo","status":"publish","type":"post","link":"https:\/\/www.billin.net\/blog\/funcionario-autonomo\/","title":{"rendered":"\u00bfSe puede ser funcionario y aut\u00f3nomo al mismo tiempo?"},"content":{"rendered":"<p>\u00bfPuede un funcionario ser aut\u00f3nomo? Si tienes la duda de si se puede ser funcionario y aut\u00f3nomo al mismo tiempo, nosotros te la resolvemos. Puede ser contradictorio esto con lo que si quieres saber la realidad sigue leyendo.<\/p>\n<p><!--more--><\/p>\n<p>El hecho de ser <strong>funcionario y aut\u00f3nomo<\/strong> al mismo tiempo depende del tipo de puesto de trabajo que tenga el trabajador p\u00fablico, ya que, podr\u00e1 ser o no compatible con ser aut\u00f3nomo.<\/p>\n<p>Estas incompatibilidades de <strong>ser funcionario y tener una empresa<\/strong> a la misma vez, se rigen en la <em>Ley 53\/1984 del 26 de diciembre, de Incompatibilidad del Personal del Servicio de la Administraci\u00f3n P\u00fablica<\/em>.<\/p>\n<p>Veamos si esta situaci\u00f3n es posible:<\/p>\n<h2><strong>\u00bfPuede un funcionario ser aut\u00f3nomo?<\/strong><\/h2>\n<p>Seg\u00fan hemos comentado en el p\u00e1rrafo anterior, el hecho de <strong>ser funcionario y aut\u00f3nomo<\/strong> a la misma vez, tendr\u00e1 diversas incompatibilidades, lo cual, depender\u00e1 de la posici\u00f3n laboral que tenga la persona en cuesti\u00f3n.<\/p>\n<p>Por tanto, cualquier funcionario que quiera ejercer como trabajador por cuenta propia, <strong>debe acudir a esta normativa para comprobar sus incompatibilidades<\/strong>, ya que, en algunos casos llega a estar prohibida realizar actividades por cuenta propia<\/p>\n<p>Por lo que, seg\u00fan el tipo de profesi\u00f3n habr\u00e1 que informarse en ese caso espec\u00edfico.<\/p>\n<p>Esa aprobaci\u00f3n o denegaci\u00f3n en la <strong>compatibilidad funcionario y aut\u00f3nomo<\/strong> depender\u00e1 del Ministerio de la Presidencia, a propuesta de la Administraci\u00f3n que figure adscrito el puesto principal<\/p>\n<h3><strong>Algunas incompatibilidades de los funcionarios<\/strong><\/h3>\n<p>Veamos los <strong><u>diferentes sectores de funcionarios<\/u><\/strong> que aplican <strong>estas incompatibilidades<\/strong>:<\/p>\n<ul>\n<li>Todo el personal civil y militar que est\u00e9 al servicio de la Administraci\u00f3n P\u00fablica y sus Organismos<\/li>\n<li>Todo el personal al servicio de la Administraci\u00f3n de las Comunidades Aut\u00f3nomas y de los Organismos que dependan de ella<\/li>\n<li>El personal que est\u00e9 al servicio de las Corporaciones Locales y los Organismos que dependan de ellas<\/li>\n<li>Personal al servicio de Entes y Organismos P\u00fablicos<\/li>\n<li>Las personas que desempe\u00f1en cargos p\u00fablicos y perciban rendimientos en forma de arancel<\/li>\n<li>Personal al servicio del Organismo de la Seguridad Social y de sus Entidades Gestoras<\/li>\n<li>Personal al servicio de Corporaciones y Fundaciones p\u00fablicas que reciban m\u00e1s del 50% de sus ingresos en concepto de subvenciones u otros ingresos procedentes del sector p\u00fablico<\/li>\n<li>Personas que presten servicio a empresas donde la participaci\u00f3n de forma directa o indirecta de la Administraci\u00f3n P\u00fablica sea superior al 50%<\/li>\n<li>El personal al servicio del Banco de Espa\u00f1a u otras instituciones financieras p\u00fablicas<\/li>\n<li>En definitiva, se aplicar\u00e1 al personal que est\u00e9 bajo el r\u00e9gimen de los funcionarios p\u00fablicos<\/li>\n<\/ul>\n<p>Y, ahora veamos las <strong><u>excepciones<\/u><\/strong> al r\u00e9gimen de incompatibilidades entre funcionario y aut\u00f3nomo, las cuales, vienen recogidas en el <strong><em>art\u00edculo 19 de la Ley 53\/1984<\/em><\/strong><\/p>\n<ul>\n<li>Las que sean por causa de administraci\u00f3n de patrimonio personal y familiar<\/li>\n<li>Llevar a cabo seminarios o cursos destinados a funcionarios, siempre en Centros Oficiales, que no se conviertan en una actividad habitual y que no superen setenta y cinco horas al a\u00f1o<\/li>\n<li>Participaci\u00f3n en los Tribunales de oposiciones p\u00fablicas<\/li>\n<li>Participaci\u00f3n en ex\u00e1menes de forma reglamentaria, diferentes a las que habitualmente le corresponden<\/li>\n<li>Pertenecer a la Junta Rectora de Mutualidades como presidente, vocal o socio, siempre sin percibir ninguna retribuci\u00f3n<\/li>\n<li>Participaci\u00f3n en medios de comunicaci\u00f3n con fines sociales<\/li>\n<li>Colaboraci\u00f3n o asistencia ocasional a Seminarios profesionales<\/li>\n<\/ul>\n<p>\u27a8\u00a0Quiz\u00e1s te interese conocer tambi\u00e9n si se puede <strong><a href=\"https:\/\/www.billin.net\/blog\/trabajar-cuenta-ajena-autonomo-pluriactividad\/\" target=\"_blank\" rel=\"noopener noreferrer\">ser aut\u00f3nomo y trabajar por cuenta ajena<\/a>.<\/strong><\/p>\n<h2><strong>\u00bfSe puede ser funcionario y tener una empresa?<\/strong><\/h2>\n<p>Como ya hemos comentado anteriormente, esta situaci\u00f3n, depender\u00e1 del tipo de <strong>categor\u00eda profesional <\/strong>que tenga el funcionario en la Administraci\u00f3n P\u00fablica, ya que, no es lo mismo un Juez que tiene un r\u00e9gimen muy estricto de incompatibilidades que un profesor.<\/p>\n<p>Cuando un funcionario quiere conseguir la <strong>compatibilidad funcionario y aut\u00f3nomo deber\u00e1 solicitar esa autorizaci\u00f3n, que depender\u00e1 del Departamento al que est\u00e9 adscrito.<\/strong><\/p>\n<p>Si te encuentras en la situaci\u00f3n de tener que solicitar esa autorizaci\u00f3n, la resoluci\u00f3n para ejercer una segunda actividad con el sector p\u00fablico, ser\u00e1 de cuatro meses, en el caso del sector privado, ser\u00e1n tres meses.<\/p>\n<p>Una vez que recibas dicha autorizaci\u00f3n podr\u00e1s darte de <a href=\"https:\/\/www.billin.net\/blog\/alta-autonomo-seguridad-social\/\">alta en el r\u00e9gimen especial de <strong>trabajadores aut\u00f3nomos<\/strong><\/a>, de forma que puedas desempe\u00f1ar la actividad de forma complementaria a tu trabajo como funcionario.<\/p>\n<h2><strong>Entonces, \u00bfpuedo tener un segundo trabajo siendo funcionario?<\/strong><\/h2>\n<p>Por tanto, si eres funcionario, dependiendo de la categor\u00eda de tu puesto de trabajo, podr\u00e1s o no desempe\u00f1ar un segundo trabajo en el sector privado.<\/p>\n<p>Pero ten en cuenta que la <strong>compatibilidad con las actividades privadas<\/strong>, podr\u00eda suponer un perjuicio sobre las funciones desempe\u00f1adas en el sector p\u00fablico, de ah\u00ed que se tengan que respetar una serie de limitaciones:<\/p>\n<ul>\n<li>No se podr\u00e1 ejercer una actividad con el sector privado, que actualmente se relacione con el Departamento donde est\u00e9 destinado el funcionario.<\/li>\n<li>Actividades que obliguen al funcionario a estar de forma presencial durante el mismo horario o media jornada que tiene en la Administraci\u00f3n P\u00fablica<\/li>\n<li>La pertenencia a Consejos de Administraci\u00f3n, siempre que la actividad est\u00e9 relacionada con las que gestiona el Departamento del funcionario<\/li>\n<li>El desempe\u00f1o de cargos en cualquier empresa concesionaria, contratista de obras, servicios o suministros, independientemente de su forma jur\u00eddica, que su participaci\u00f3n supere el 10% en el capital social de dicha empresa.<\/li>\n<\/ul>\n<p>Ser funcionario y aut\u00f3nomo es posible, pero solo en contadas ocasiones y siempre que tu trabajo privado no repercuta sobre el p\u00fablico. Si necesitas ayuda con esto en TeamSystem Facturas Billin te ayudamos con el alta de aut\u00f3nomo gratis.<\/p>\n","protected":false},"excerpt":{"rendered":"<p>\u00bfPuede un funcionario ser aut\u00f3nomo? Si tienes la duda de si se puede ser funcionario y aut\u00f3nomo al mismo tiempo, nosotros te la resolvemos. Puede ser contradictorio esto con lo que si quieres saber la realidad sigue leyendo.<\/p>\n","protected":false},"author":20,"featured_media":16992,"comment_status":"open","ping_status":"open","sticky":false,"template":"","format":"standard","meta":{"_acf_changed":false,"_et_pb_use_builder":"","_et_pb_old_content":"","_et_gb_content_width":"","om_disable_all_campaigns":false,"inline_featured_image":false,"footnotes":""},"categories":[1023],"tags":[1380],"class_list":{"0":"post-16991","1":"post","2":"type-post","3":"status-publish","4":"format-standard","5":"has-post-thumbnail","7":"category-negocios","8":"tag-autonomos"},"acf":{"selector_de_usuario":"","fecha_de_revision":"20230830"},"yoast_head":"<!-- This site is optimized with the Yoast SEO plugin v27.1 - https:\/\/yoast.com\/product\/yoast-seo-wordpress\/ -->\n<title>\u00bfSe puede ser funcionario y aut\u00f3nomo en Espa\u00f1a? - TeamSystem Facturas Billin<\/title>\n<meta name=\"description\" content=\"Si tienes la duda de si se puede ser funcionario y aut\u00f3nomo al mismo tiempo nosotros te la resolvemos. \u00a1Entra ahora!\" \/>\n<meta name=\"robots\" content=\"index, follow, max-snippet:-1, max-image-preview:large, max-video-preview:-1\" \/>\n<link rel=\"canonical\" href=\"https:\/\/www.billin.net\/blog\/funcionario-autonomo\/\" \/>\n<meta property=\"og:locale\" content=\"es_ES\" \/>\n<meta property=\"og:type\" content=\"article\" \/>\n<meta property=\"og:title\" content=\"\u00bfSe puede ser funcionario y aut\u00f3nomo en Espa\u00f1a? - TeamSystem Facturas Billin\" \/>\n<meta property=\"og:description\" content=\"Si tienes la duda de si se puede ser funcionario y aut\u00f3nomo al mismo tiempo nosotros te la resolvemos. \u00a1Entra ahora!\" \/>\n<meta property=\"og:url\" content=\"https:\/\/www.billin.net\/blog\/funcionario-autonomo\/\" \/>\n<meta property=\"og:site_name\" content=\"Blog de TeamSystem Facturas Billin\" \/>\n<meta property=\"article:publisher\" content=\"https:\/\/www.facebook.com\/EsBillin\" \/>\n<meta property=\"article:published_time\" content=\"2021-01-21T10:50:19+00:00\" \/>\n<meta property=\"article:modified_time\" content=\"2025-09-25T18:43:25+00:00\" \/>\n<meta property=\"og:image\" content=\"https:\/\/www.billin.net\/blog\/wp-content\/uploads\/2021\/01\/Funcionario-y-auto\u0301nomo.jpeg\" \/>\n\t<meta property=\"og:image:width\" content=\"1880\" \/>\n\t<meta property=\"og:image:height\" content=\"1253\" \/>\n\t<meta property=\"og:image:type\" content=\"image\/jpeg\" \/>\n<meta name=\"author\" content=\"Marcos De La Cueva - CEO TeamSystem Facturas Billin\" \/>\n<meta name=\"twitter:card\" content=\"summary_large_image\" \/>\n<meta name=\"twitter:creator\" content=\"@Billin_ES\" \/>\n<meta name=\"twitter:site\" content=\"@Billin_ES\" \/>\n<meta name=\"twitter:label1\" content=\"Escrito por\" \/>\n\t<meta name=\"twitter:data1\" content=\"Marcos De La Cueva - CEO TeamSystem Facturas Billin\" \/>\n\t<meta name=\"twitter:label2\" content=\"Tiempo de lectura\" \/>\n\t<meta name=\"twitter:data2\" content=\"5 minutos\" \/>\n<script type=\"application\/ld+json\" class=\"yoast-schema-graph\">{\"@context\":\"https:\/\/schema.org\",\"@graph\":[{\"@type\":\"Article\",\"@id\":\"https:\/\/www.billin.net\/blog\/funcionario-autonomo\/#article\",\"isPartOf\":{\"@id\":\"https:\/\/www.billin.net\/blog\/funcionario-autonomo\/\"},\"author\":{\"name\":\"Marcos De La Cueva - CEO TeamSystem Facturas Billin\",\"@id\":\"https:\/\/www.billin.net\/blog\/#\/schema\/person\/d0339ee6e869234614541b1e80a793e7\"},\"headline\":\"\u00bfSe puede ser funcionario y aut\u00f3nomo al mismo tiempo?\",\"datePublished\":\"2021-01-21T10:50:19+00:00\",\"dateModified\":\"2025-09-25T18:43:25+00:00\",\"mainEntityOfPage\":{\"@id\":\"https:\/\/www.billin.net\/blog\/funcionario-autonomo\/\"},\"wordCount\":971,\"commentCount\":14,\"publisher\":{\"@id\":\"https:\/\/www.billin.net\/blog\/#organization\"},\"image\":{\"@id\":\"https:\/\/www.billin.net\/blog\/funcionario-autonomo\/#primaryimage\"},\"thumbnailUrl\":\"https:\/\/www.billin.net\/blog\/wp-content\/uploads\/2021\/01\/Funcionario-y-auto\u0301nomo.jpeg\",\"keywords\":[\"Aut\u00f3nomos\"],\"articleSection\":[\"Negocios\"],\"inLanguage\":\"es\",\"potentialAction\":[{\"@type\":\"CommentAction\",\"name\":\"Comment\",\"target\":[\"https:\/\/www.billin.net\/blog\/funcionario-autonomo\/#respond\"]}]},{\"@type\":\"WebPage\",\"@id\":\"https:\/\/www.billin.net\/blog\/funcionario-autonomo\/\",\"url\":\"https:\/\/www.billin.net\/blog\/funcionario-autonomo\/\",\"name\":\"\u00bfSe puede ser funcionario y aut\u00f3nomo en Espa\u00f1a? - TeamSystem Facturas Billin\",\"isPartOf\":{\"@id\":\"https:\/\/www.billin.net\/blog\/#website\"},\"primaryImageOfPage\":{\"@id\":\"https:\/\/www.billin.net\/blog\/funcionario-autonomo\/#primaryimage\"},\"image\":{\"@id\":\"https:\/\/www.billin.net\/blog\/funcionario-autonomo\/#primaryimage\"},\"thumbnailUrl\":\"https:\/\/www.billin.net\/blog\/wp-content\/uploads\/2021\/01\/Funcionario-y-auto\u0301nomo.jpeg\",\"datePublished\":\"2021-01-21T10:50:19+00:00\",\"dateModified\":\"2025-09-25T18:43:25+00:00\",\"description\":\"Si tienes la duda de si se puede ser funcionario y aut\u00f3nomo al mismo tiempo nosotros te la resolvemos. \u00a1Entra ahora!\",\"breadcrumb\":{\"@id\":\"https:\/\/www.billin.net\/blog\/funcionario-autonomo\/#breadcrumb\"},\"inLanguage\":\"es\",\"potentialAction\":[{\"@type\":\"ReadAction\",\"target\":[\"https:\/\/www.billin.net\/blog\/funcionario-autonomo\/\"]}]},{\"@type\":\"ImageObject\",\"inLanguage\":\"es\",\"@id\":\"https:\/\/www.billin.net\/blog\/funcionario-autonomo\/#primaryimage\",\"url\":\"https:\/\/www.billin.net\/blog\/wp-content\/uploads\/2021\/01\/Funcionario-y-auto\u0301nomo.jpeg\",\"contentUrl\":\"https:\/\/www.billin.net\/blog\/wp-content\/uploads\/2021\/01\/Funcionario-y-auto\u0301nomo.jpeg\",\"width\":1880,\"height\":1253,\"caption\":\"compatibilidad funcionario y autonomo\"},{\"@type\":\"BreadcrumbList\",\"@id\":\"https:\/\/www.billin.net\/blog\/funcionario-autonomo\/#breadcrumb\",\"itemListElement\":[{\"@type\":\"ListItem\",\"position\":1,\"name\":\"Blog\",\"item\":\"https:\/\/www.billin.net\/blog\/\"},{\"@type\":\"ListItem\",\"position\":2,\"name\":\"Negocios\",\"item\":\"https:\/\/www.billin.net\/blog\/negocios\/\"},{\"@type\":\"ListItem\",\"position\":3,\"name\":\"\u00bfSe puede ser funcionario y aut\u00f3nomo al mismo tiempo?\"}]},{\"@type\":\"WebSite\",\"@id\":\"https:\/\/www.billin.net\/blog\/#website\",\"url\":\"https:\/\/www.billin.net\/blog\/\",\"name\":\"Blog de Billin\",\"description\":\"Mantente informado con el blog de TeamSystem Facturas Billin:  facturaci\u00f3n, legislaci\u00f3n, contabilidad, management y toda la informaci\u00f3n \u00fatil para pymes y aut\u00f3nomos.\",\"publisher\":{\"@id\":\"https:\/\/www.billin.net\/blog\/#organization\"},\"potentialAction\":[{\"@type\":\"SearchAction\",\"target\":{\"@type\":\"EntryPoint\",\"urlTemplate\":\"https:\/\/www.billin.net\/blog\/?s={search_term_string}\"},\"query-input\":{\"@type\":\"PropertyValueSpecification\",\"valueRequired\":true,\"valueName\":\"search_term_string\"}}],\"inLanguage\":\"es\"},{\"@type\":\"Organization\",\"@id\":\"https:\/\/www.billin.net\/blog\/#organization\",\"name\":\"Billin\",\"alternateName\":\"Blog de Billin\",\"url\":\"https:\/\/www.billin.net\/blog\/\",\"logo\":{\"@type\":\"ImageObject\",\"inLanguage\":\"es\",\"@id\":\"https:\/\/www.billin.net\/blog\/#\/schema\/logo\/image\/\",\"url\":\"https:\/\/www.billin.net\/blog\/wp-content\/uploads\/2019\/06\/logotipo-billin-blog-1.png\",\"contentUrl\":\"https:\/\/www.billin.net\/blog\/wp-content\/uploads\/2019\/06\/logotipo-billin-blog-1.png\",\"width\":126,\"height\":50,\"caption\":\"Billin\"},\"image\":{\"@id\":\"https:\/\/www.billin.net\/blog\/#\/schema\/logo\/image\/\"},\"sameAs\":[\"https:\/\/www.facebook.com\/EsBillin\",\"https:\/\/x.com\/Billin_ES\",\"https:\/\/www.instagram.com\/billin_es\/\",\"https:\/\/www.linkedin.com\/company\/billin-spain\",\"https:\/\/www.youtube.com\/c\/BillinEsintercambiodefacturas\/\"],\"legalName\":\"MY EXPENSES SL\",\"contactPoint\":{\"@type\":\"ContactPoint\",\"telephone\":\"+34918318883\",\"contactType\":\"customer service\",\"email\":\"info@billin.eu\",\"availableLanguage\":\"es\"},\"foundingDate\":\"2015\",\"numberOfEmployees\":{\"@type\":\"QuantitativeValue\",\"minValue\":10,\"maxValue\":50},\"parentOrganization\":{\"@type\":\"Organization\",\"name\":\"TeamSystem\",\"url\":\"https:\/\/www.teamsystem.com\/\"},\"description\":\"Billin es el programa de facturaci\u00f3n online de TeamSystem para aut\u00f3nomos y pymes en Espa\u00f1a. Permite crear facturas, controlar gastos y cumplir con Verifactu.\",\"address\":{\"@type\":\"PostalAddress\",\"streetAddress\":\"Calle Arturo Soria, 336\",\"addressLocality\":\"Madrid\",\"addressRegion\":\"Madrid\",\"postalCode\":\"28033\",\"addressCountry\":\"ES\"}},{\"@type\":\"Person\",\"@id\":\"https:\/\/www.billin.net\/blog\/#\/schema\/person\/d0339ee6e869234614541b1e80a793e7\",\"name\":\"Marcos De La Cueva - CEO TeamSystem Facturas Billin\",\"image\":{\"@type\":\"ImageObject\",\"inLanguage\":\"es\",\"@id\":\"https:\/\/www.billin.net\/blog\/#\/schema\/person\/image\/\",\"url\":\"https:\/\/www.billin.net\/blog\/wp-content\/uploads\/2023\/10\/marcos-color-150x150.png\",\"contentUrl\":\"https:\/\/www.billin.net\/blog\/wp-content\/uploads\/2023\/10\/marcos-color-150x150.png\",\"caption\":\"Marcos De La Cueva - CEO TeamSystem Facturas Billin\"},\"description\":\"Licenciado en ADE por la Universidad Aut\u00f3noma de Madrid, Marcos De la Cueva es CEO y cofundador de TeamSystem Facturas Billin, un programa online que lleva m\u00e1s de 9 a\u00f1os ayudando a aut\u00f3nomos, peque\u00f1os negocios y gestor\u00edas a digitalizar sus presupuestos, facturas, tickets y gastos. \u00a0 Sobre Marcos De La Cueva \u00a0 Apasionado por el mundo empresarial y la tecnolog\u00eda, curs\u00f3 su M\u00e1ster de Finanzas en la Universidad Pontificia de Comillas y estuvo en el Programa de Cooperaci\u00f3n Educativa de la Universidad Aut\u00f3noma de Madrid. \u00a0 Marcos siempre ha tenido su objetivo claro: ayudar a la creaci\u00f3n de negocios financieramente sostenibles a trav\u00e9s de una herramienta de facturaci\u00f3n que les permita ahorrar tiempo y tener la contabilidad bajo control. \u00a0 Marcos De La Cueva en los medios \u2014 Noticia sobre Kit Digital y Ley Antifraude (VeriFactu) en El Economista. \u2014 Noticia sobre Kit Digital y factura electr\u00f3nica obligatoria en Diario Jur\u00eddico. \u2014 Noticia sobre el a\u00f1o de transici\u00f3n para la factura electr\u00f3nica en Muy Pymes. \u2014 Entrevista sobre factura electr\u00f3nica obligatoria en Canal Sur. \u2014 Noticia sobre el informe factura electr\u00f3nica de TeamSystem en Channel Partner. \u2014 Charla sobre productividad y Ley Crea y Crece en El Economista. \u2014 Charla sobre factura electr\u00f3nica obligatoria en Muy Pymes. \u2014 Charla sobre digitalizaci\u00f3n aut\u00f3nomos y productividad en esdiario. \u2014 Charla sobre productividad y factura electr\u00f3nica en La Raz\u00f3n. \u2014 Charla sobre factura electr\u00f3nica obligatoria en Aut\u00f3nomos y Emprendedores. \u2014 Entrevista sobre Ley Antifraude y Ley Crea y Crece en Expansi\u00f3n. \u2014 Entrevista sobre Ley Antifraude y Ley Crea y Crece en La Raz\u00f3n. \u2014 Entrevista sobre factura electr\u00f3nica obligatoria en El Economista. \u2014 Comunicado Billin y TeamSystem en Business Insider. \u2014 Entrevista en Econom\u00eda Digital. \u2014 Entrevista en Ideas para tu empresa de Vodafone. \u2014 Entrevista en M\u00e1sQradio. \u2014 Entrevista en Armas para emprender de El M\u00e9todo Gallardo. \u2014 Entrevista en KFund. \u2014 Entrevista en AXA Seguros Espa\u00f1a. \u2014 Entrevista en GestionaRadio. \u00a0 Marcos De La Cueva en eventos \u00a0 \u2014 Participaci\u00f3n como ponente en Accountex Espa\u00f1a 2023. \u00a0 Tem\u00e1ticas de especializaci\u00f3n \u00a0 negocios | startups | contabilidad| fiscalidad | empresas| asesor\u00edas| autonomos | emprendedores | peque\u00f1os negocios | econom\u00eda | ADE | pymes | desarrollo de negocio\u00a0\",\"sameAs\":[\"https:\/\/www.billin.net\/\",\"https:\/\/www.linkedin.com\/in\/marcos-de-la-cueva-19750ba3\/\"],\"url\":\"https:\/\/www.billin.net\/blog\/author\/marcosdelacueva\/\",\"jobTitle\":\"CEO y cofundador de TS Facturas Billin\"}]}<\/script>\n<!-- \/ Yoast SEO plugin. -->","yoast_head_json":{"title":"\u00bfSe puede ser funcionario y aut\u00f3nomo en Espa\u00f1a? - TeamSystem Facturas Billin","description":"Si tienes la duda de si se puede ser funcionario y aut\u00f3nomo al mismo tiempo nosotros te la resolvemos. \u00a1Entra ahora!","robots":{"index":"index","follow":"follow","max-snippet":"max-snippet:-1","max-image-preview":"max-image-preview:large","max-video-preview":"max-video-preview:-1"},"canonical":"https:\/\/www.billin.net\/blog\/funcionario-autonomo\/","og_locale":"es_ES","og_type":"article","og_title":"\u00bfSe puede ser funcionario y aut\u00f3nomo en Espa\u00f1a? - TeamSystem Facturas Billin","og_description":"Si tienes la duda de si se puede ser funcionario y aut\u00f3nomo al mismo tiempo nosotros te la resolvemos. \u00a1Entra ahora!","og_url":"https:\/\/www.billin.net\/blog\/funcionario-autonomo\/","og_site_name":"Blog de TeamSystem Facturas Billin","article_publisher":"https:\/\/www.facebook.com\/EsBillin","article_published_time":"2021-01-21T10:50:19+00:00","article_modified_time":"2025-09-25T18:43:25+00:00","og_image":[{"width":1880,"height":1253,"url":"https:\/\/www.billin.net\/blog\/wp-content\/uploads\/2021\/01\/Funcionario-y-auto\u0301nomo.jpeg","type":"image\/jpeg"}],"author":"Marcos De La Cueva - CEO TeamSystem Facturas Billin","twitter_card":"summary_large_image","twitter_creator":"@Billin_ES","twitter_site":"@Billin_ES","twitter_misc":{"Escrito por":"Marcos De La Cueva - CEO TeamSystem Facturas Billin","Tiempo de lectura":"5 minutos"},"schema":{"@context":"https:\/\/schema.org","@graph":[{"@type":"Article","@id":"https:\/\/www.billin.net\/blog\/funcionario-autonomo\/#article","isPartOf":{"@id":"https:\/\/www.billin.net\/blog\/funcionario-autonomo\/"},"author":{"name":"Marcos De La Cueva - CEO TeamSystem Facturas Billin","@id":"https:\/\/www.billin.net\/blog\/#\/schema\/person\/d0339ee6e869234614541b1e80a793e7"},"headline":"\u00bfSe puede ser funcionario y aut\u00f3nomo al mismo tiempo?","datePublished":"2021-01-21T10:50:19+00:00","dateModified":"2025-09-25T18:43:25+00:00","mainEntityOfPage":{"@id":"https:\/\/www.billin.net\/blog\/funcionario-autonomo\/"},"wordCount":971,"commentCount":14,"publisher":{"@id":"https:\/\/www.billin.net\/blog\/#organization"},"image":{"@id":"https:\/\/www.billin.net\/blog\/funcionario-autonomo\/#primaryimage"},"thumbnailUrl":"https:\/\/www.billin.net\/blog\/wp-content\/uploads\/2021\/01\/Funcionario-y-auto\u0301nomo.jpeg","keywords":["Aut\u00f3nomos"],"articleSection":["Negocios"],"inLanguage":"es","potentialAction":[{"@type":"CommentAction","name":"Comment","target":["https:\/\/www.billin.net\/blog\/funcionario-autonomo\/#respond"]}]},{"@type":"WebPage","@id":"https:\/\/www.billin.net\/blog\/funcionario-autonomo\/","url":"https:\/\/www.billin.net\/blog\/funcionario-autonomo\/","name":"\u00bfSe puede ser funcionario y aut\u00f3nomo en Espa\u00f1a? - TeamSystem Facturas Billin","isPartOf":{"@id":"https:\/\/www.billin.net\/blog\/#website"},"primaryImageOfPage":{"@id":"https:\/\/www.billin.net\/blog\/funcionario-autonomo\/#primaryimage"},"image":{"@id":"https:\/\/www.billin.net\/blog\/funcionario-autonomo\/#primaryimage"},"thumbnailUrl":"https:\/\/www.billin.net\/blog\/wp-content\/uploads\/2021\/01\/Funcionario-y-auto\u0301nomo.jpeg","datePublished":"2021-01-21T10:50:19+00:00","dateModified":"2025-09-25T18:43:25+00:00","description":"Si tienes la duda de si se puede ser funcionario y aut\u00f3nomo al mismo tiempo nosotros te la resolvemos. \u00a1Entra ahora!","breadcrumb":{"@id":"https:\/\/www.billin.net\/blog\/funcionario-autonomo\/#breadcrumb"},"inLanguage":"es","potentialAction":[{"@type":"ReadAction","target":["https:\/\/www.billin.net\/blog\/funcionario-autonomo\/"]}]},{"@type":"ImageObject","inLanguage":"es","@id":"https:\/\/www.billin.net\/blog\/funcionario-autonomo\/#primaryimage","url":"https:\/\/www.billin.net\/blog\/wp-content\/uploads\/2021\/01\/Funcionario-y-auto\u0301nomo.jpeg","contentUrl":"https:\/\/www.billin.net\/blog\/wp-content\/uploads\/2021\/01\/Funcionario-y-auto\u0301nomo.jpeg","width":1880,"height":1253,"caption":"compatibilidad funcionario y autonomo"},{"@type":"BreadcrumbList","@id":"https:\/\/www.billin.net\/blog\/funcionario-autonomo\/#breadcrumb","itemListElement":[{"@type":"ListItem","position":1,"name":"Blog","item":"https:\/\/www.billin.net\/blog\/"},{"@type":"ListItem","position":2,"name":"Negocios","item":"https:\/\/www.billin.net\/blog\/negocios\/"},{"@type":"ListItem","position":3,"name":"\u00bfSe puede ser funcionario y aut\u00f3nomo al mismo tiempo?"}]},{"@type":"WebSite","@id":"https:\/\/www.billin.net\/blog\/#website","url":"https:\/\/www.billin.net\/blog\/","name":"Blog de Billin","description":"Mantente informado con el blog de TeamSystem Facturas Billin:  facturaci\u00f3n, legislaci\u00f3n, contabilidad, management y toda la informaci\u00f3n \u00fatil para pymes y aut\u00f3nomos.","publisher":{"@id":"https:\/\/www.billin.net\/blog\/#organization"},"potentialAction":[{"@type":"SearchAction","target":{"@type":"EntryPoint","urlTemplate":"https:\/\/www.billin.net\/blog\/?s={search_term_string}"},"query-input":{"@type":"PropertyValueSpecification","valueRequired":true,"valueName":"search_term_string"}}],"inLanguage":"es"},{"@type":"Organization","@id":"https:\/\/www.billin.net\/blog\/#organization","name":"Billin","alternateName":"Blog de Billin","url":"https:\/\/www.billin.net\/blog\/","logo":{"@type":"ImageObject","inLanguage":"es","@id":"https:\/\/www.billin.net\/blog\/#\/schema\/logo\/image\/","url":"https:\/\/www.billin.net\/blog\/wp-content\/uploads\/2019\/06\/logotipo-billin-blog-1.png","contentUrl":"https:\/\/www.billin.net\/blog\/wp-content\/uploads\/2019\/06\/logotipo-billin-blog-1.png","width":126,"height":50,"caption":"Billin"},"image":{"@id":"https:\/\/www.billin.net\/blog\/#\/schema\/logo\/image\/"},"sameAs":["https:\/\/www.facebook.com\/EsBillin","https:\/\/x.com\/Billin_ES","https:\/\/www.instagram.com\/billin_es\/","https:\/\/www.linkedin.com\/company\/billin-spain","https:\/\/www.youtube.com\/c\/BillinEsintercambiodefacturas\/"],"legalName":"MY EXPENSES SL","contactPoint":{"@type":"ContactPoint","telephone":"+34918318883","contactType":"customer service","email":"info@billin.eu","availableLanguage":"es"},"foundingDate":"2015","numberOfEmployees":{"@type":"QuantitativeValue","minValue":10,"maxValue":50},"parentOrganization":{"@type":"Organization","name":"TeamSystem","url":"https:\/\/www.teamsystem.com\/"},"description":"Billin es el programa de facturaci\u00f3n online de TeamSystem para aut\u00f3nomos y pymes en Espa\u00f1a. Permite crear facturas, controlar gastos y cumplir con Verifactu.","address":{"@type":"PostalAddress","streetAddress":"Calle Arturo Soria, 336","addressLocality":"Madrid","addressRegion":"Madrid","postalCode":"28033","addressCountry":"ES"}},{"@type":"Person","@id":"https:\/\/www.billin.net\/blog\/#\/schema\/person\/d0339ee6e869234614541b1e80a793e7","name":"Marcos De La Cueva - CEO TeamSystem Facturas Billin","image":{"@type":"ImageObject","inLanguage":"es","@id":"https:\/\/www.billin.net\/blog\/#\/schema\/person\/image\/","url":"https:\/\/www.billin.net\/blog\/wp-content\/uploads\/2023\/10\/marcos-color-150x150.png","contentUrl":"https:\/\/www.billin.net\/blog\/wp-content\/uploads\/2023\/10\/marcos-color-150x150.png","caption":"Marcos De La Cueva - CEO TeamSystem Facturas Billin"},"description":"Licenciado en ADE por la Universidad Aut\u00f3noma de Madrid, Marcos De la Cueva es CEO y cofundador de TeamSystem Facturas Billin, un programa online que lleva m\u00e1s de 9 a\u00f1os ayudando a aut\u00f3nomos, peque\u00f1os negocios y gestor\u00edas a digitalizar sus presupuestos, facturas, tickets y gastos. \u00a0 Sobre Marcos De La Cueva \u00a0 Apasionado por el mundo empresarial y la tecnolog\u00eda, curs\u00f3 su M\u00e1ster de Finanzas en la Universidad Pontificia de Comillas y estuvo en el Programa de Cooperaci\u00f3n Educativa de la Universidad Aut\u00f3noma de Madrid. \u00a0 Marcos siempre ha tenido su objetivo claro: ayudar a la creaci\u00f3n de negocios financieramente sostenibles a trav\u00e9s de una herramienta de facturaci\u00f3n que les permita ahorrar tiempo y tener la contabilidad bajo control. \u00a0 Marcos De La Cueva en los medios \u2014 Noticia sobre Kit Digital y Ley Antifraude (VeriFactu) en El Economista. \u2014 Noticia sobre Kit Digital y factura electr\u00f3nica obligatoria en Diario Jur\u00eddico. \u2014 Noticia sobre el a\u00f1o de transici\u00f3n para la factura electr\u00f3nica en Muy Pymes. \u2014 Entrevista sobre factura electr\u00f3nica obligatoria en Canal Sur. \u2014 Noticia sobre el informe factura electr\u00f3nica de TeamSystem en Channel Partner. \u2014 Charla sobre productividad y Ley Crea y Crece en El Economista. \u2014 Charla sobre factura electr\u00f3nica obligatoria en Muy Pymes. \u2014 Charla sobre digitalizaci\u00f3n aut\u00f3nomos y productividad en esdiario. \u2014 Charla sobre productividad y factura electr\u00f3nica en La Raz\u00f3n. \u2014 Charla sobre factura electr\u00f3nica obligatoria en Aut\u00f3nomos y Emprendedores. \u2014 Entrevista sobre Ley Antifraude y Ley Crea y Crece en Expansi\u00f3n. \u2014 Entrevista sobre Ley Antifraude y Ley Crea y Crece en La Raz\u00f3n. \u2014 Entrevista sobre factura electr\u00f3nica obligatoria en El Economista. \u2014 Comunicado Billin y TeamSystem en Business Insider. \u2014 Entrevista en Econom\u00eda Digital. \u2014 Entrevista en Ideas para tu empresa de Vodafone. \u2014 Entrevista en M\u00e1sQradio. \u2014 Entrevista en Armas para emprender de El M\u00e9todo Gallardo. \u2014 Entrevista en KFund. \u2014 Entrevista en AXA Seguros Espa\u00f1a. \u2014 Entrevista en GestionaRadio. \u00a0 Marcos De La Cueva en eventos \u00a0 \u2014 Participaci\u00f3n como ponente en Accountex Espa\u00f1a 2023. \u00a0 Tem\u00e1ticas de especializaci\u00f3n \u00a0 negocios | startups | contabilidad| fiscalidad | empresas| asesor\u00edas| autonomos | emprendedores | peque\u00f1os negocios | econom\u00eda | ADE | pymes | desarrollo de negocio\u00a0","sameAs":["https:\/\/www.billin.net\/","https:\/\/www.linkedin.com\/in\/marcos-de-la-cueva-19750ba3\/"],"url":"https:\/\/www.billin.net\/blog\/author\/marcosdelacueva\/","jobTitle":"CEO y cofundador de TS Facturas Billin"}]}},"_links":{"self":[{"href":"https:\/\/www.billin.net\/blog\/wp-json\/wp\/v2\/posts\/16991","targetHints":{"allow":["GET"]}}],"collection":[{"href":"https:\/\/www.billin.net\/blog\/wp-json\/wp\/v2\/posts"}],"about":[{"href":"https:\/\/www.billin.net\/blog\/wp-json\/wp\/v2\/types\/post"}],"author":[{"embeddable":true,"href":"https:\/\/www.billin.net\/blog\/wp-json\/wp\/v2\/users\/20"}],"replies":[{"embeddable":true,"href":"https:\/\/www.billin.net\/blog\/wp-json\/wp\/v2\/comments?post=16991"}],"version-history":[{"count":7,"href":"https:\/\/www.billin.net\/blog\/wp-json\/wp\/v2\/posts\/16991\/revisions"}],"predecessor-version":[{"id":27715,"href":"https:\/\/www.billin.net\/blog\/wp-json\/wp\/v2\/posts\/16991\/revisions\/27715"}],"wp:featuredmedia":[{"embeddable":true,"href":"https:\/\/www.billin.net\/blog\/wp-json\/wp\/v2\/media\/16992"}],"wp:attachment":[{"href":"https:\/\/www.billin.net\/blog\/wp-json\/wp\/v2\/media?parent=16991"}],"wp:term":[{"taxonomy":"category","embeddable":true,"href":"https:\/\/www.billin.net\/blog\/wp-json\/wp\/v2\/categories?post=16991"},{"taxonomy":"post_tag","embeddable":true,"href":"https:\/\/www.billin.net\/blog\/wp-json\/wp\/v2\/tags?post=16991"}],"curies":[{"name":"wp","href":"https:\/\/api.w.org\/{rel}","templated":true}]}}