{"id":16596,"date":"2020-10-16T14:49:21","date_gmt":"2020-10-16T12:49:21","guid":{"rendered":"https:\/\/www.billin.net\/blog\/?p=16596"},"modified":"2025-09-25T20:44:21","modified_gmt":"2025-09-25T18:44:21","slug":"cotizar-autonomos-sin-trabajar","status":"publish","type":"post","link":"https:\/\/www.billin.net\/blog\/cotizar-autonomos-sin-trabajar\/","title":{"rendered":"Cotizar como aut\u00f3nomo sin trabajar"},"content":{"rendered":"<p>En este art\u00edculo te explicamos si se puede <strong>cotizar aut\u00f3nomos sin trabajar<\/strong>. \u00a1Entra ahora y desc\u00fabrelo de forma clara y r\u00e1pida!.<\/p>\n<p><!--more--><\/p>\n<h2><strong>\u00bfEs posible cotizar sin trabajar?<\/strong><\/h2>\n<p>Como norma general <strong>cotizar sin trabajar o sin ejercer ninguna actividad econ\u00f3mica no se puede<\/strong>, es decir, para cotizar sin trabajar hay que tener una causa que est\u00e9 justificada, como, por ejemplo, unas vacaciones o un mes con poca facturaci\u00f3n.<\/p>\n<p>Si analizamos la legislaci\u00f3n de la <strong><u>Seguridad Social<\/u><\/strong>, para que un trabajador est\u00e9 dentro del <a href=\"https:\/\/www.billin.net\/blog\/reta-la-seguridad-social-de-los-autonomos\/\" target=\"_blank\" rel=\"noopener noreferrer\">R\u00e9gimen Especial de Trabajadores Aut\u00f3nomos<\/a>, debe desempe\u00f1ar esa actividad de forma habitual y personal. Adem\u00e1s debe hacerlo a t\u00edtulo lucrativo, por tanto, seg\u00fan esta definici\u00f3n no se podr\u00eda cotizar sin trabajar.<\/p>\n<p>Por otro lado, la <strong><u>Agencia Tributaria<\/u><\/strong>, tambi\u00e9n nos indica que no se podr\u00e1 estar de alta en el censo de empresarios, sino ejercemos una actividad econ\u00f3mica o empresarial.<\/p>\n<p>En conclusi\u00f3n, podemos decir que se puede cotizar sin trabajar, siempre que sea por una causa eventual y justificada.<\/p>\n<p>Pero hay que tener en cuenta que existen unos <strong>Convenios Especiales que recoge Seguridad Social, donde s\u00ed permitir\u00eda cotizar sin trabajar, pero s\u00f3lo de cara a la jubilaci\u00f3n.<\/strong><\/p>\n<p>Esto significa que se puede cotizar a la seguridad social sin trabajar, pero que s\u00f3lo afectar\u00e1 a la jubilaci\u00f3n, y no a otro tipo de prestaciones.<\/p>\n<h2><strong>\u00bfCu\u00e1nto cuesta cotizar a la Seguridad Social sin trabajar?<\/strong><\/h2>\n<p>Para poder suscribirte a estos <strong>Convenios Especiales<\/strong>, con el fin de mantener la cotizaci\u00f3n para acceder a la jubilaci\u00f3n, se har\u00e1n de forma voluntaria por los trabajadores con la <strong>Tesorer\u00eda General de la Seguridad Social.<\/strong><\/p>\n<p>Los requisitos para poder acceder a los Convenios Especiales, donde podr\u00e1s<strong> cotizar sin trabajar<\/strong> son:<\/p>\n<ul>\n<li>Trabajadores que causen baja en su r\u00e9gimen de cotizaci\u00f3n a la Seguridad Social, y, no puedan suscribirse a otro<\/li>\n<li>Los trabajadores por cuenta ajena o por cuenta propia que tengan 65 a\u00f1os cumplidos y 35 de cotizaci\u00f3n efectiva<\/li>\n<li>Los trabajadores que est\u00e9n en <a href=\"https:\/\/www.billin.net\/glosario\/definicion-pluriactividad\/\" target=\"_blank\" rel=\"noopener noreferrer\">pluriactividad o en pluriempleo<\/a> y cesen su actividad en alguno de los dos reg\u00edmenes, es decir, por cuenta propia o ajena.<\/li>\n<li>Los pensionistas en situaci\u00f3n de incapacidad permanente total que con posterioridad a este acontecimiento hayan realizado diversos trabajos<\/li>\n<li>Los parados que cobren prestaci\u00f3n por desempleo, y hayan cesado en el cobro, podr\u00edan tambi\u00e9n suscribirse<\/li>\n<\/ul>\n<p>Ahora bien, saber con exactitud cu\u00e1nto se va a pagar por cotizar sin trabajar no es una tarea sencilla, sino que depender\u00e1 de la vida laboral de cada uno de los trabajadores.<\/p>\n<p>Lo primero ser\u00eda conocer la base de cotizaci\u00f3n para poder <a href=\"https:\/\/www.billin.net\/calculadora.cuota-autonomos\/\" target=\"_blank\" rel=\"noopener noreferrer\">calcular la cuota de aut\u00f3nomo<\/a> a ingresar, la cual, depender\u00e1 de las cotizaciones realizadas antes de la suscripci\u00f3n al <strong>Convenio Especial<\/strong>.<\/p>\n<p>Lo que s\u00ed est\u00e1 claro, es que esa base de cotizaci\u00f3n, nunca puede ser inferior a la <a href=\"https:\/\/www.billin.net\/blog\/base-de-cotizacion-autonomos\/\" target=\"_blank\" rel=\"noopener noreferrer\">base de cotizaci\u00f3n<\/a> m\u00ednima, ni superior a la base m\u00e1xima, sino que habr\u00e1 que tomar la misma base que se ten\u00eda antes del cese de actividad u optar por una base media de cotizaci\u00f3n calculada con los 12 \u00faltimos meses de trabajo.<\/p>\n<p><strong>Veamos un ejemplo de un trabajador mayor de 55 a\u00f1os<\/strong> que se suscribe al Convenio Especial con una base de cotizaci\u00f3n de 1.200 euros para tu futura jubilaci\u00f3n<em>, \u00bf<u>Cu\u00e1nto se pagar\u00eda?<\/u><\/em><\/p>\n<p>El tipo de cotizaci\u00f3n actual para este Convenio es el <strong>28,30%<\/strong>, por tanto, ser\u00eda:<\/p>\n<p><strong>1200 euros x 28,30 % = 339,60 euros<\/strong><\/p>\n<h2><strong>\u00bfSe puede ser aut\u00f3nomos y cotizar sin actividad?<\/strong><\/h2>\n<p>Como hemos comentado anteriormente, si eres aut\u00f3nomos no podr\u00e1s cotizar sin ejercer ninguna actividad, a no ser que tengas una causa justificada.<\/p>\n<p>Pero s\u00ed consigues suscribirte a uno de los <strong>Convenios Especiales<\/strong> si se puede cotizar a la seguridad social sin trabajar.<\/p>\n<p>Por ejemplo, supongamos un trabajador que no ha cotizado el tiempo suficiente para su jubilaci\u00f3n, entonces s\u00ed podr\u00eda negociar con la <strong>Tesorer\u00eda General de la Seguridad Social<\/strong> el pago de las cuotas de aut\u00f3nomos sin ejercer ninguna actividad.<\/p>\n<p>Para poder suscribirte a uno de estos <strong>Convenios Especiales<\/strong> debes haber cotizado como m\u00ednimo 1080 d\u00edas en los doce a\u00f1os anteriores a tu cese de actividad.<\/p>\n<p>\u27a8\u00a0Descubre lo que es la <strong><a href=\"https:\/\/www.billin.net\/blog\/es-obligatorio-cotizar-por-el-cese-de-actividad\/\" target=\"_blank\" rel=\"noopener noreferrer\">cotizaci\u00f3n por cese de actividad de aut\u00f3nomos<\/a>.<\/strong><\/p>\n<p>Tambi\u00e9n, debes tener en cuenta, que en el caso de no pagar las cuotas de aut\u00f3nomo durante tres meses seguidos o que cambiara alguna de las circunstancias que lo origin\u00f3, se romper\u00eda ese <strong>Convenio Especial<\/strong> acordado.<\/p>\n<p>Es importante tener en cuenta, qu\u00e9 en el caso de querer complementar la pensi\u00f3n p\u00fablica de jubilaci\u00f3n, no s\u00f3lo en el caso de cese de actividad sino, en cualquier otro, un trabajador podr\u00eda realizar un ahorro complementario, como por ejemplo la suscripci\u00f3n a un plan de pensiones o un plan de jubilaci\u00f3n.<\/p>\n<p>Cotizar aut\u00f3nomos sin trabajar es posible pero solo bajo determinadas circunstancias especiales como ves. Si tienes dudas sobre algo d\u00e9janos un comentario y te responderemos.<\/p>\n","protected":false},"excerpt":{"rendered":"<p>En este art\u00edculo te explicamos si se puede cotizar aut\u00f3nomos sin trabajar. \u00a1Entra ahora y desc\u00fabrelo de forma clara y r\u00e1pida!.<\/p>\n","protected":false},"author":20,"featured_media":16597,"comment_status":"open","ping_status":"open","sticky":false,"template":"","format":"standard","meta":{"_acf_changed":false,"_et_pb_use_builder":"","_et_pb_old_content":"","_et_gb_content_width":"","om_disable_all_campaigns":false,"inline_featured_image":false,"footnotes":""},"categories":[1014],"tags":[1380],"class_list":{"0":"post-16596","1":"post","2":"type-post","3":"status-publish","4":"format-standard","5":"has-post-thumbnail","7":"category-fiscalidad","8":"tag-autonomos"},"acf":{"selector_de_usuario":null,"fecha_de_revision":"20210325"},"yoast_head":"<!-- This site is optimized with the Yoast SEO plugin v27.1 - https:\/\/yoast.com\/product\/yoast-seo-wordpress\/ -->\n<title>Cotizar aut\u00f3nomos sin trabajar \u00bfPor qu\u00e9 hacerlo? - TeamSystem Facturas Billin<\/title>\n<meta name=\"description\" content=\"Si quieres saber si se puede cotizar aut\u00f3nomos sin trabajar en este art\u00edculo te lo contamos. \u00a1Entra ahora y desc\u00fabrelo!\" \/>\n<meta name=\"robots\" content=\"index, follow, max-snippet:-1, max-image-preview:large, max-video-preview:-1\" \/>\n<link rel=\"canonical\" href=\"https:\/\/www.billin.net\/blog\/cotizar-autonomos-sin-trabajar\/\" \/>\n<meta property=\"og:locale\" content=\"es_ES\" \/>\n<meta property=\"og:type\" content=\"article\" \/>\n<meta property=\"og:title\" content=\"Cotizar aut\u00f3nomos sin trabajar \u00bfPor qu\u00e9 hacerlo? - TeamSystem Facturas Billin\" \/>\n<meta property=\"og:description\" content=\"Si quieres saber si se puede cotizar aut\u00f3nomos sin trabajar en este art\u00edculo te lo contamos. \u00a1Entra ahora y desc\u00fabrelo!\" \/>\n<meta property=\"og:url\" content=\"https:\/\/www.billin.net\/blog\/cotizar-autonomos-sin-trabajar\/\" \/>\n<meta property=\"og:site_name\" content=\"Blog de TeamSystem Facturas Billin\" \/>\n<meta property=\"article:publisher\" content=\"https:\/\/www.facebook.com\/EsBillin\" \/>\n<meta property=\"article:published_time\" content=\"2020-10-16T12:49:21+00:00\" \/>\n<meta property=\"article:modified_time\" content=\"2025-09-25T18:44:21+00:00\" \/>\n<meta property=\"og:image\" content=\"https:\/\/www.billin.net\/blog\/wp-content\/uploads\/2020\/10\/Cotizar-autonomos-sin-trabajar.jpg\" \/>\n\t<meta property=\"og:image:width\" content=\"1200\" \/>\n\t<meta property=\"og:image:height\" content=\"800\" \/>\n\t<meta property=\"og:image:type\" content=\"image\/jpeg\" \/>\n<meta name=\"author\" content=\"Marcos De La Cueva - CEO TeamSystem Facturas Billin\" \/>\n<meta name=\"twitter:card\" content=\"summary_large_image\" \/>\n<meta name=\"twitter:creator\" content=\"@Billin_ES\" \/>\n<meta name=\"twitter:site\" content=\"@Billin_ES\" \/>\n<meta name=\"twitter:label1\" content=\"Escrito por\" \/>\n\t<meta name=\"twitter:data1\" content=\"Marcos De La Cueva - CEO TeamSystem Facturas Billin\" \/>\n\t<meta name=\"twitter:label2\" content=\"Tiempo de lectura\" \/>\n\t<meta name=\"twitter:data2\" content=\"4 minutos\" \/>\n<script type=\"application\/ld+json\" class=\"yoast-schema-graph\">{\"@context\":\"https:\/\/schema.org\",\"@graph\":[{\"@type\":\"Article\",\"@id\":\"https:\/\/www.billin.net\/blog\/cotizar-autonomos-sin-trabajar\/#article\",\"isPartOf\":{\"@id\":\"https:\/\/www.billin.net\/blog\/cotizar-autonomos-sin-trabajar\/\"},\"author\":{\"name\":\"Marcos De La Cueva - CEO TeamSystem Facturas Billin\",\"@id\":\"https:\/\/www.billin.net\/blog\/#\/schema\/person\/d0339ee6e869234614541b1e80a793e7\"},\"headline\":\"Cotizar como aut\u00f3nomo sin trabajar\",\"datePublished\":\"2020-10-16T12:49:21+00:00\",\"dateModified\":\"2025-09-25T18:44:21+00:00\",\"mainEntityOfPage\":{\"@id\":\"https:\/\/www.billin.net\/blog\/cotizar-autonomos-sin-trabajar\/\"},\"wordCount\":859,\"commentCount\":18,\"publisher\":{\"@id\":\"https:\/\/www.billin.net\/blog\/#organization\"},\"image\":{\"@id\":\"https:\/\/www.billin.net\/blog\/cotizar-autonomos-sin-trabajar\/#primaryimage\"},\"thumbnailUrl\":\"https:\/\/www.billin.net\/blog\/wp-content\/uploads\/2020\/10\/Cotizar-autonomos-sin-trabajar.jpg\",\"keywords\":[\"Aut\u00f3nomos\"],\"articleSection\":[\"Fiscalidad\"],\"inLanguage\":\"es\",\"potentialAction\":[{\"@type\":\"CommentAction\",\"name\":\"Comment\",\"target\":[\"https:\/\/www.billin.net\/blog\/cotizar-autonomos-sin-trabajar\/#respond\"]}]},{\"@type\":\"WebPage\",\"@id\":\"https:\/\/www.billin.net\/blog\/cotizar-autonomos-sin-trabajar\/\",\"url\":\"https:\/\/www.billin.net\/blog\/cotizar-autonomos-sin-trabajar\/\",\"name\":\"Cotizar aut\u00f3nomos sin trabajar \u00bfPor qu\u00e9 hacerlo? - TeamSystem Facturas Billin\",\"isPartOf\":{\"@id\":\"https:\/\/www.billin.net\/blog\/#website\"},\"primaryImageOfPage\":{\"@id\":\"https:\/\/www.billin.net\/blog\/cotizar-autonomos-sin-trabajar\/#primaryimage\"},\"image\":{\"@id\":\"https:\/\/www.billin.net\/blog\/cotizar-autonomos-sin-trabajar\/#primaryimage\"},\"thumbnailUrl\":\"https:\/\/www.billin.net\/blog\/wp-content\/uploads\/2020\/10\/Cotizar-autonomos-sin-trabajar.jpg\",\"datePublished\":\"2020-10-16T12:49:21+00:00\",\"dateModified\":\"2025-09-25T18:44:21+00:00\",\"description\":\"Si quieres saber si se puede cotizar aut\u00f3nomos sin trabajar en este art\u00edculo te lo contamos. \u00a1Entra ahora y desc\u00fabrelo!\",\"breadcrumb\":{\"@id\":\"https:\/\/www.billin.net\/blog\/cotizar-autonomos-sin-trabajar\/#breadcrumb\"},\"inLanguage\":\"es\",\"potentialAction\":[{\"@type\":\"ReadAction\",\"target\":[\"https:\/\/www.billin.net\/blog\/cotizar-autonomos-sin-trabajar\/\"]}]},{\"@type\":\"ImageObject\",\"inLanguage\":\"es\",\"@id\":\"https:\/\/www.billin.net\/blog\/cotizar-autonomos-sin-trabajar\/#primaryimage\",\"url\":\"https:\/\/www.billin.net\/blog\/wp-content\/uploads\/2020\/10\/Cotizar-autonomos-sin-trabajar.jpg\",\"contentUrl\":\"https:\/\/www.billin.net\/blog\/wp-content\/uploads\/2020\/10\/Cotizar-autonomos-sin-trabajar.jpg\",\"width\":1200,\"height\":800,\"caption\":\"cotizar autonomos sin trabajar\"},{\"@type\":\"BreadcrumbList\",\"@id\":\"https:\/\/www.billin.net\/blog\/cotizar-autonomos-sin-trabajar\/#breadcrumb\",\"itemListElement\":[{\"@type\":\"ListItem\",\"position\":1,\"name\":\"Blog\",\"item\":\"https:\/\/www.billin.net\/blog\/\"},{\"@type\":\"ListItem\",\"position\":2,\"name\":\"Fiscalidad\",\"item\":\"https:\/\/www.billin.net\/blog\/fiscalidad\/\"},{\"@type\":\"ListItem\",\"position\":3,\"name\":\"Cotizar como aut\u00f3nomo sin trabajar\"}]},{\"@type\":\"WebSite\",\"@id\":\"https:\/\/www.billin.net\/blog\/#website\",\"url\":\"https:\/\/www.billin.net\/blog\/\",\"name\":\"Blog de Billin\",\"description\":\"Mantente informado con el blog de TeamSystem Facturas Billin:  facturaci\u00f3n, legislaci\u00f3n, contabilidad, management y toda la informaci\u00f3n \u00fatil para pymes y aut\u00f3nomos.\",\"publisher\":{\"@id\":\"https:\/\/www.billin.net\/blog\/#organization\"},\"potentialAction\":[{\"@type\":\"SearchAction\",\"target\":{\"@type\":\"EntryPoint\",\"urlTemplate\":\"https:\/\/www.billin.net\/blog\/?s={search_term_string}\"},\"query-input\":{\"@type\":\"PropertyValueSpecification\",\"valueRequired\":true,\"valueName\":\"search_term_string\"}}],\"inLanguage\":\"es\"},{\"@type\":\"Organization\",\"@id\":\"https:\/\/www.billin.net\/blog\/#organization\",\"name\":\"Billin\",\"alternateName\":\"Blog de Billin\",\"url\":\"https:\/\/www.billin.net\/blog\/\",\"logo\":{\"@type\":\"ImageObject\",\"inLanguage\":\"es\",\"@id\":\"https:\/\/www.billin.net\/blog\/#\/schema\/logo\/image\/\",\"url\":\"https:\/\/www.billin.net\/blog\/wp-content\/uploads\/2019\/06\/logotipo-billin-blog-1.png\",\"contentUrl\":\"https:\/\/www.billin.net\/blog\/wp-content\/uploads\/2019\/06\/logotipo-billin-blog-1.png\",\"width\":126,\"height\":50,\"caption\":\"Billin\"},\"image\":{\"@id\":\"https:\/\/www.billin.net\/blog\/#\/schema\/logo\/image\/\"},\"sameAs\":[\"https:\/\/www.facebook.com\/EsBillin\",\"https:\/\/x.com\/Billin_ES\",\"https:\/\/www.instagram.com\/billin_es\/\",\"https:\/\/www.linkedin.com\/company\/billin-spain\",\"https:\/\/www.youtube.com\/c\/BillinEsintercambiodefacturas\/\"],\"legalName\":\"MY EXPENSES SL\",\"contactPoint\":{\"@type\":\"ContactPoint\",\"telephone\":\"+34918318883\",\"contactType\":\"customer service\",\"email\":\"info@billin.eu\",\"availableLanguage\":\"es\"},\"foundingDate\":\"2015\",\"numberOfEmployees\":{\"@type\":\"QuantitativeValue\",\"minValue\":10,\"maxValue\":50},\"parentOrganization\":{\"@type\":\"Organization\",\"name\":\"TeamSystem\",\"url\":\"https:\/\/www.teamsystem.com\/\"},\"description\":\"Billin es el programa de facturaci\u00f3n online de TeamSystem para aut\u00f3nomos y pymes en Espa\u00f1a. Permite crear facturas, controlar gastos y cumplir con Verifactu.\",\"address\":{\"@type\":\"PostalAddress\",\"streetAddress\":\"Calle Arturo Soria, 336\",\"addressLocality\":\"Madrid\",\"addressRegion\":\"Madrid\",\"postalCode\":\"28033\",\"addressCountry\":\"ES\"}},{\"@type\":\"Person\",\"@id\":\"https:\/\/www.billin.net\/blog\/#\/schema\/person\/d0339ee6e869234614541b1e80a793e7\",\"name\":\"Marcos De La Cueva - CEO TeamSystem Facturas Billin\",\"image\":{\"@type\":\"ImageObject\",\"inLanguage\":\"es\",\"@id\":\"https:\/\/www.billin.net\/blog\/#\/schema\/person\/image\/\",\"url\":\"https:\/\/www.billin.net\/blog\/wp-content\/uploads\/2023\/10\/marcos-color-150x150.png\",\"contentUrl\":\"https:\/\/www.billin.net\/blog\/wp-content\/uploads\/2023\/10\/marcos-color-150x150.png\",\"caption\":\"Marcos De La Cueva - CEO TeamSystem Facturas Billin\"},\"description\":\"Licenciado en ADE por la Universidad Aut\u00f3noma de Madrid, Marcos De la Cueva es CEO y cofundador de TeamSystem Facturas Billin, un programa online que lleva m\u00e1s de 9 a\u00f1os ayudando a aut\u00f3nomos, peque\u00f1os negocios y gestor\u00edas a digitalizar sus presupuestos, facturas, tickets y gastos. \u00a0 Sobre Marcos De La Cueva \u00a0 Apasionado por el mundo empresarial y la tecnolog\u00eda, curs\u00f3 su M\u00e1ster de Finanzas en la Universidad Pontificia de Comillas y estuvo en el Programa de Cooperaci\u00f3n Educativa de la Universidad Aut\u00f3noma de Madrid. \u00a0 Marcos siempre ha tenido su objetivo claro: ayudar a la creaci\u00f3n de negocios financieramente sostenibles a trav\u00e9s de una herramienta de facturaci\u00f3n que les permita ahorrar tiempo y tener la contabilidad bajo control. \u00a0 Marcos De La Cueva en los medios \u2014 Noticia sobre Kit Digital y Ley Antifraude (VeriFactu) en El Economista. \u2014 Noticia sobre Kit Digital y factura electr\u00f3nica obligatoria en Diario Jur\u00eddico. \u2014 Noticia sobre el a\u00f1o de transici\u00f3n para la factura electr\u00f3nica en Muy Pymes. \u2014 Entrevista sobre factura electr\u00f3nica obligatoria en Canal Sur. \u2014 Noticia sobre el informe factura electr\u00f3nica de TeamSystem en Channel Partner. \u2014 Charla sobre productividad y Ley Crea y Crece en El Economista. \u2014 Charla sobre factura electr\u00f3nica obligatoria en Muy Pymes. \u2014 Charla sobre digitalizaci\u00f3n aut\u00f3nomos y productividad en esdiario. \u2014 Charla sobre productividad y factura electr\u00f3nica en La Raz\u00f3n. \u2014 Charla sobre factura electr\u00f3nica obligatoria en Aut\u00f3nomos y Emprendedores. \u2014 Entrevista sobre Ley Antifraude y Ley Crea y Crece en Expansi\u00f3n. \u2014 Entrevista sobre Ley Antifraude y Ley Crea y Crece en La Raz\u00f3n. \u2014 Entrevista sobre factura electr\u00f3nica obligatoria en El Economista. \u2014 Comunicado Billin y TeamSystem en Business Insider. \u2014 Entrevista en Econom\u00eda Digital. \u2014 Entrevista en Ideas para tu empresa de Vodafone. \u2014 Entrevista en M\u00e1sQradio. \u2014 Entrevista en Armas para emprender de El M\u00e9todo Gallardo. \u2014 Entrevista en KFund. \u2014 Entrevista en AXA Seguros Espa\u00f1a. \u2014 Entrevista en GestionaRadio. \u00a0 Marcos De La Cueva en eventos \u00a0 \u2014 Participaci\u00f3n como ponente en Accountex Espa\u00f1a 2023. \u00a0 Tem\u00e1ticas de especializaci\u00f3n \u00a0 negocios | startups | contabilidad| fiscalidad | empresas| asesor\u00edas| autonomos | emprendedores | peque\u00f1os negocios | econom\u00eda | ADE | pymes | desarrollo de negocio\u00a0\",\"sameAs\":[\"https:\/\/www.billin.net\/\",\"https:\/\/www.linkedin.com\/in\/marcos-de-la-cueva-19750ba3\/\"],\"url\":\"https:\/\/www.billin.net\/blog\/author\/marcosdelacueva\/\",\"jobTitle\":\"CEO y cofundador de TS Facturas Billin\"}]}<\/script>\n<!-- \/ Yoast SEO plugin. -->","yoast_head_json":{"title":"Cotizar aut\u00f3nomos sin trabajar \u00bfPor qu\u00e9 hacerlo? - TeamSystem Facturas Billin","description":"Si quieres saber si se puede cotizar aut\u00f3nomos sin trabajar en este art\u00edculo te lo contamos. \u00a1Entra ahora y desc\u00fabrelo!","robots":{"index":"index","follow":"follow","max-snippet":"max-snippet:-1","max-image-preview":"max-image-preview:large","max-video-preview":"max-video-preview:-1"},"canonical":"https:\/\/www.billin.net\/blog\/cotizar-autonomos-sin-trabajar\/","og_locale":"es_ES","og_type":"article","og_title":"Cotizar aut\u00f3nomos sin trabajar \u00bfPor qu\u00e9 hacerlo? - TeamSystem Facturas Billin","og_description":"Si quieres saber si se puede cotizar aut\u00f3nomos sin trabajar en este art\u00edculo te lo contamos. \u00a1Entra ahora y desc\u00fabrelo!","og_url":"https:\/\/www.billin.net\/blog\/cotizar-autonomos-sin-trabajar\/","og_site_name":"Blog de TeamSystem Facturas Billin","article_publisher":"https:\/\/www.facebook.com\/EsBillin","article_published_time":"2020-10-16T12:49:21+00:00","article_modified_time":"2025-09-25T18:44:21+00:00","og_image":[{"width":1200,"height":800,"url":"https:\/\/www.billin.net\/blog\/wp-content\/uploads\/2020\/10\/Cotizar-autonomos-sin-trabajar.jpg","type":"image\/jpeg"}],"author":"Marcos De La Cueva - CEO TeamSystem Facturas Billin","twitter_card":"summary_large_image","twitter_creator":"@Billin_ES","twitter_site":"@Billin_ES","twitter_misc":{"Escrito por":"Marcos De La Cueva - CEO TeamSystem Facturas Billin","Tiempo de lectura":"4 minutos"},"schema":{"@context":"https:\/\/schema.org","@graph":[{"@type":"Article","@id":"https:\/\/www.billin.net\/blog\/cotizar-autonomos-sin-trabajar\/#article","isPartOf":{"@id":"https:\/\/www.billin.net\/blog\/cotizar-autonomos-sin-trabajar\/"},"author":{"name":"Marcos De La Cueva - CEO TeamSystem Facturas Billin","@id":"https:\/\/www.billin.net\/blog\/#\/schema\/person\/d0339ee6e869234614541b1e80a793e7"},"headline":"Cotizar como aut\u00f3nomo sin trabajar","datePublished":"2020-10-16T12:49:21+00:00","dateModified":"2025-09-25T18:44:21+00:00","mainEntityOfPage":{"@id":"https:\/\/www.billin.net\/blog\/cotizar-autonomos-sin-trabajar\/"},"wordCount":859,"commentCount":18,"publisher":{"@id":"https:\/\/www.billin.net\/blog\/#organization"},"image":{"@id":"https:\/\/www.billin.net\/blog\/cotizar-autonomos-sin-trabajar\/#primaryimage"},"thumbnailUrl":"https:\/\/www.billin.net\/blog\/wp-content\/uploads\/2020\/10\/Cotizar-autonomos-sin-trabajar.jpg","keywords":["Aut\u00f3nomos"],"articleSection":["Fiscalidad"],"inLanguage":"es","potentialAction":[{"@type":"CommentAction","name":"Comment","target":["https:\/\/www.billin.net\/blog\/cotizar-autonomos-sin-trabajar\/#respond"]}]},{"@type":"WebPage","@id":"https:\/\/www.billin.net\/blog\/cotizar-autonomos-sin-trabajar\/","url":"https:\/\/www.billin.net\/blog\/cotizar-autonomos-sin-trabajar\/","name":"Cotizar aut\u00f3nomos sin trabajar \u00bfPor qu\u00e9 hacerlo? - TeamSystem Facturas Billin","isPartOf":{"@id":"https:\/\/www.billin.net\/blog\/#website"},"primaryImageOfPage":{"@id":"https:\/\/www.billin.net\/blog\/cotizar-autonomos-sin-trabajar\/#primaryimage"},"image":{"@id":"https:\/\/www.billin.net\/blog\/cotizar-autonomos-sin-trabajar\/#primaryimage"},"thumbnailUrl":"https:\/\/www.billin.net\/blog\/wp-content\/uploads\/2020\/10\/Cotizar-autonomos-sin-trabajar.jpg","datePublished":"2020-10-16T12:49:21+00:00","dateModified":"2025-09-25T18:44:21+00:00","description":"Si quieres saber si se puede cotizar aut\u00f3nomos sin trabajar en este art\u00edculo te lo contamos. \u00a1Entra ahora y desc\u00fabrelo!","breadcrumb":{"@id":"https:\/\/www.billin.net\/blog\/cotizar-autonomos-sin-trabajar\/#breadcrumb"},"inLanguage":"es","potentialAction":[{"@type":"ReadAction","target":["https:\/\/www.billin.net\/blog\/cotizar-autonomos-sin-trabajar\/"]}]},{"@type":"ImageObject","inLanguage":"es","@id":"https:\/\/www.billin.net\/blog\/cotizar-autonomos-sin-trabajar\/#primaryimage","url":"https:\/\/www.billin.net\/blog\/wp-content\/uploads\/2020\/10\/Cotizar-autonomos-sin-trabajar.jpg","contentUrl":"https:\/\/www.billin.net\/blog\/wp-content\/uploads\/2020\/10\/Cotizar-autonomos-sin-trabajar.jpg","width":1200,"height":800,"caption":"cotizar autonomos sin trabajar"},{"@type":"BreadcrumbList","@id":"https:\/\/www.billin.net\/blog\/cotizar-autonomos-sin-trabajar\/#breadcrumb","itemListElement":[{"@type":"ListItem","position":1,"name":"Blog","item":"https:\/\/www.billin.net\/blog\/"},{"@type":"ListItem","position":2,"name":"Fiscalidad","item":"https:\/\/www.billin.net\/blog\/fiscalidad\/"},{"@type":"ListItem","position":3,"name":"Cotizar como aut\u00f3nomo sin trabajar"}]},{"@type":"WebSite","@id":"https:\/\/www.billin.net\/blog\/#website","url":"https:\/\/www.billin.net\/blog\/","name":"Blog de Billin","description":"Mantente informado con el blog de TeamSystem Facturas Billin:  facturaci\u00f3n, legislaci\u00f3n, contabilidad, management y toda la informaci\u00f3n \u00fatil para pymes y aut\u00f3nomos.","publisher":{"@id":"https:\/\/www.billin.net\/blog\/#organization"},"potentialAction":[{"@type":"SearchAction","target":{"@type":"EntryPoint","urlTemplate":"https:\/\/www.billin.net\/blog\/?s={search_term_string}"},"query-input":{"@type":"PropertyValueSpecification","valueRequired":true,"valueName":"search_term_string"}}],"inLanguage":"es"},{"@type":"Organization","@id":"https:\/\/www.billin.net\/blog\/#organization","name":"Billin","alternateName":"Blog de Billin","url":"https:\/\/www.billin.net\/blog\/","logo":{"@type":"ImageObject","inLanguage":"es","@id":"https:\/\/www.billin.net\/blog\/#\/schema\/logo\/image\/","url":"https:\/\/www.billin.net\/blog\/wp-content\/uploads\/2019\/06\/logotipo-billin-blog-1.png","contentUrl":"https:\/\/www.billin.net\/blog\/wp-content\/uploads\/2019\/06\/logotipo-billin-blog-1.png","width":126,"height":50,"caption":"Billin"},"image":{"@id":"https:\/\/www.billin.net\/blog\/#\/schema\/logo\/image\/"},"sameAs":["https:\/\/www.facebook.com\/EsBillin","https:\/\/x.com\/Billin_ES","https:\/\/www.instagram.com\/billin_es\/","https:\/\/www.linkedin.com\/company\/billin-spain","https:\/\/www.youtube.com\/c\/BillinEsintercambiodefacturas\/"],"legalName":"MY EXPENSES SL","contactPoint":{"@type":"ContactPoint","telephone":"+34918318883","contactType":"customer service","email":"info@billin.eu","availableLanguage":"es"},"foundingDate":"2015","numberOfEmployees":{"@type":"QuantitativeValue","minValue":10,"maxValue":50},"parentOrganization":{"@type":"Organization","name":"TeamSystem","url":"https:\/\/www.teamsystem.com\/"},"description":"Billin es el programa de facturaci\u00f3n online de TeamSystem para aut\u00f3nomos y pymes en Espa\u00f1a. Permite crear facturas, controlar gastos y cumplir con Verifactu.","address":{"@type":"PostalAddress","streetAddress":"Calle Arturo Soria, 336","addressLocality":"Madrid","addressRegion":"Madrid","postalCode":"28033","addressCountry":"ES"}},{"@type":"Person","@id":"https:\/\/www.billin.net\/blog\/#\/schema\/person\/d0339ee6e869234614541b1e80a793e7","name":"Marcos De La Cueva - CEO TeamSystem Facturas Billin","image":{"@type":"ImageObject","inLanguage":"es","@id":"https:\/\/www.billin.net\/blog\/#\/schema\/person\/image\/","url":"https:\/\/www.billin.net\/blog\/wp-content\/uploads\/2023\/10\/marcos-color-150x150.png","contentUrl":"https:\/\/www.billin.net\/blog\/wp-content\/uploads\/2023\/10\/marcos-color-150x150.png","caption":"Marcos De La Cueva - CEO TeamSystem Facturas Billin"},"description":"Licenciado en ADE por la Universidad Aut\u00f3noma de Madrid, Marcos De la Cueva es CEO y cofundador de TeamSystem Facturas Billin, un programa online que lleva m\u00e1s de 9 a\u00f1os ayudando a aut\u00f3nomos, peque\u00f1os negocios y gestor\u00edas a digitalizar sus presupuestos, facturas, tickets y gastos. \u00a0 Sobre Marcos De La Cueva \u00a0 Apasionado por el mundo empresarial y la tecnolog\u00eda, curs\u00f3 su M\u00e1ster de Finanzas en la Universidad Pontificia de Comillas y estuvo en el Programa de Cooperaci\u00f3n Educativa de la Universidad Aut\u00f3noma de Madrid. \u00a0 Marcos siempre ha tenido su objetivo claro: ayudar a la creaci\u00f3n de negocios financieramente sostenibles a trav\u00e9s de una herramienta de facturaci\u00f3n que les permita ahorrar tiempo y tener la contabilidad bajo control. \u00a0 Marcos De La Cueva en los medios \u2014 Noticia sobre Kit Digital y Ley Antifraude (VeriFactu) en El Economista. \u2014 Noticia sobre Kit Digital y factura electr\u00f3nica obligatoria en Diario Jur\u00eddico. \u2014 Noticia sobre el a\u00f1o de transici\u00f3n para la factura electr\u00f3nica en Muy Pymes. \u2014 Entrevista sobre factura electr\u00f3nica obligatoria en Canal Sur. \u2014 Noticia sobre el informe factura electr\u00f3nica de TeamSystem en Channel Partner. \u2014 Charla sobre productividad y Ley Crea y Crece en El Economista. \u2014 Charla sobre factura electr\u00f3nica obligatoria en Muy Pymes. \u2014 Charla sobre digitalizaci\u00f3n aut\u00f3nomos y productividad en esdiario. \u2014 Charla sobre productividad y factura electr\u00f3nica en La Raz\u00f3n. \u2014 Charla sobre factura electr\u00f3nica obligatoria en Aut\u00f3nomos y Emprendedores. \u2014 Entrevista sobre Ley Antifraude y Ley Crea y Crece en Expansi\u00f3n. \u2014 Entrevista sobre Ley Antifraude y Ley Crea y Crece en La Raz\u00f3n. \u2014 Entrevista sobre factura electr\u00f3nica obligatoria en El Economista. \u2014 Comunicado Billin y TeamSystem en Business Insider. \u2014 Entrevista en Econom\u00eda Digital. \u2014 Entrevista en Ideas para tu empresa de Vodafone. \u2014 Entrevista en M\u00e1sQradio. \u2014 Entrevista en Armas para emprender de El M\u00e9todo Gallardo. \u2014 Entrevista en KFund. \u2014 Entrevista en AXA Seguros Espa\u00f1a. \u2014 Entrevista en GestionaRadio. \u00a0 Marcos De La Cueva en eventos \u00a0 \u2014 Participaci\u00f3n como ponente en Accountex Espa\u00f1a 2023. \u00a0 Tem\u00e1ticas de especializaci\u00f3n \u00a0 negocios | startups | contabilidad| fiscalidad | empresas| asesor\u00edas| autonomos | emprendedores | peque\u00f1os negocios | econom\u00eda | ADE | pymes | desarrollo de negocio\u00a0","sameAs":["https:\/\/www.billin.net\/","https:\/\/www.linkedin.com\/in\/marcos-de-la-cueva-19750ba3\/"],"url":"https:\/\/www.billin.net\/blog\/author\/marcosdelacueva\/","jobTitle":"CEO y cofundador de TS Facturas Billin"}]}},"_links":{"self":[{"href":"https:\/\/www.billin.net\/blog\/wp-json\/wp\/v2\/posts\/16596","targetHints":{"allow":["GET"]}}],"collection":[{"href":"https:\/\/www.billin.net\/blog\/wp-json\/wp\/v2\/posts"}],"about":[{"href":"https:\/\/www.billin.net\/blog\/wp-json\/wp\/v2\/types\/post"}],"author":[{"embeddable":true,"href":"https:\/\/www.billin.net\/blog\/wp-json\/wp\/v2\/users\/20"}],"replies":[{"embeddable":true,"href":"https:\/\/www.billin.net\/blog\/wp-json\/wp\/v2\/comments?post=16596"}],"version-history":[{"count":6,"href":"https:\/\/www.billin.net\/blog\/wp-json\/wp\/v2\/posts\/16596\/revisions"}],"predecessor-version":[{"id":27037,"href":"https:\/\/www.billin.net\/blog\/wp-json\/wp\/v2\/posts\/16596\/revisions\/27037"}],"wp:featuredmedia":[{"embeddable":true,"href":"https:\/\/www.billin.net\/blog\/wp-json\/wp\/v2\/media\/16597"}],"wp:attachment":[{"href":"https:\/\/www.billin.net\/blog\/wp-json\/wp\/v2\/media?parent=16596"}],"wp:term":[{"taxonomy":"category","embeddable":true,"href":"https:\/\/www.billin.net\/blog\/wp-json\/wp\/v2\/categories?post=16596"},{"taxonomy":"post_tag","embeddable":true,"href":"https:\/\/www.billin.net\/blog\/wp-json\/wp\/v2\/tags?post=16596"}],"curies":[{"name":"wp","href":"https:\/\/api.w.org\/{rel}","templated":true}]}}