{"id":16553,"date":"2020-10-07T13:10:30","date_gmt":"2020-10-07T11:10:30","guid":{"rendered":"https:\/\/www.billin.net\/blog\/?p=16553"},"modified":"2025-09-25T20:44:30","modified_gmt":"2025-09-25T18:44:30","slug":"renta-activa-insercion","status":"publish","type":"post","link":"https:\/\/www.billin.net\/blog\/renta-activa-insercion\/","title":{"rendered":"\u00bfQu\u00e9 es la renta m\u00ednima de inserci\u00f3n y c\u00f3mo solicitarla?"},"content":{"rendered":"<p>En este nuevo art\u00edculo hablaremos de lo que es la <strong>renta activa de inserci\u00f3n en los aut\u00f3nomos<\/strong>, de los requisitos y de c\u00f3mo solicitarla. Es importante que conozcas esto si eres aut\u00f3nomo ya que puede ser importante en alg\u00fan momento e tu vida<\/p>\n<p><!--more--><\/p>\n<h2><strong>\u00bfQu\u00e9 es la renta activa de inserci\u00f3n?<\/strong><\/h2>\n<p>La <strong>renta activa de inserci\u00f3n<\/strong> <strong>es una prestaci\u00f3n para los desempleados mayores de 45 a\u00f1os que no tengan derecho a cobrar ninguna otra ayuda<\/strong>, e incluso para aut\u00f3nomos que le hubiesen denegado la prestaci\u00f3n por cese de actividad o el <a href=\"https:\/\/www.billin.net\/blog\/subsidio-por-desempleo-autonomos\/\" target=\"_blank\" rel=\"noopener noreferrer\">subsidio de aut\u00f3nomos<\/a>.<\/p>\n<p>Si te encuentras en la situaci\u00f3n de desempleo despu\u00e9s de haber sido aut\u00f3nomo, y no tienes derecho a ning\u00fan subsidio, es posible, que pudieras acceder a la ayuda RAI.<\/p>\n<p>Esta ayuda por desempleo est\u00e1 hecha para cualquier parado de larga duraci\u00f3n y mayor de 45 a\u00f1os (independientemente de venir del r\u00e9gimen de aut\u00f3nomo como del general)<\/p>\n<p>Ahora bien, estas ayudas <strong>generar\u00e1n unas obligaciones con el SEPE, y entre ellas, la b\u00fasqueda activa de empleo, participar en programas orientados al empleo y la aceptaci\u00f3n de cualquier oferta ofrecida por el SEPE.<\/strong><\/p>\n<h3>\u00bfCu\u00e1nto se tarda en cobrar el RAI?<\/h3>\n<p>A partir de que el SEPE apruebe la solicitud, el primer ingreso se efectuar\u00e1 al mes vencido y se reflejar\u00e1 en la resoluci\u00f3n aprobatoria que enviar\u00e1n al solicitante.<\/p>\n<h3>\u00bfC\u00f3mo saber si me han aprobado el RAI?<\/h3>\n<p>Tan solo dir\u00edgete a la <a href=\"https:\/\/sede.sepe.gob.es\/ConsultaPrestacionesAAWWeb\/AccesoConsultaAction.do\">sede electr\u00f3nica del SEPE<\/a>, y podr\u00e1s consultarlo con un certificado digital o con un PIN que te enviar\u00e1n al m\u00f3vil.<\/p>\n<h2><strong>\u00bfQui\u00e9n tiene derecho a la renta activa de inserci\u00f3n?<\/strong><\/h2>\n<p>En un principio, esta prestaci\u00f3n por desempleo <strong>no est\u00e1 orientada a los aut\u00f3nomos, sino a cualquier desempleado que tenga m\u00e1s de 45 a\u00f1os y sea un parado de larga duraci\u00f3n.<\/strong><\/p>\n<p>Por tanto, esta <strong>renta activa de inserci\u00f3n<\/strong> est\u00e1 disponible para cualquier persona que est\u00e9 en el paro y que sea mayor de 45 a\u00f1os, tambi\u00e9n, para los extranjeros retornados, que hayan trabajado en el extranjero durante un periodo de seis meses desde su \u00faltima salida del pa\u00eds y que hayan vuelto en los doce meses anteriores a su solicitud.<\/p>\n<p>Otro colectivo que tambi\u00e9n puede beneficiarse, son las para personas con discapacidad igual o mayor al 33% y las v\u00edctimas de violencia de g\u00e9nero o dom\u00e9sticas (esta situaci\u00f3n debe ser acreditada ante la Administraci\u00f3n y estar inscritos como desempleados, aunque se le exime del cumplimiento de la edad y del periodo obligatorio de inscripci\u00f3n en el SEPE).<\/p>\n<h3>\u00bfLos aut\u00f3nomos tienen derecho a la renta activa de inserci\u00f3n?<\/h3>\n<p>Debido a que la <strong>renta activa de inserci\u00f3n<\/strong> est\u00e1 hecha para desempleados, cualquier aut\u00f3nomo que se encuentre en esa situaci\u00f3n y que cumpla todos los requisitos podr\u00e1 acceder a ella.<\/p>\n<p>Es una de las <a href=\"https:\/\/www.billin.net\/blog\/ayudas-autonomos-por-coronavirus\/\" target=\"_blank\" rel=\"noopener noreferrer\"><strong>ayudas para aut\u00f3nomos<\/strong><\/a> que existen a d\u00eda de hoy.<\/p>\n<p>Actualmente, con la situaci\u00f3n que nos rodea, hay muchos aut\u00f3nomos que han decidido tramitar su <a href=\"https:\/\/www.billin.net\/blog\/darse-de-baja-autonomo-online\/\" target=\"_blank\" rel=\"noopener noreferrer\">baja en el RETA<\/a>, debido a la no obtenci\u00f3n de ingresos y a la denegaci\u00f3n del cese de actividad, pues bien, ellos tambi\u00e9n podr\u00edan acceder a la ayuda RAI, siempre que cumplan cada uno de los siguientes requisitos.<\/p>\n<h2><strong>Requisitos para solicitar la RAI<\/strong><\/h2>\n<p>Los requisitos para cobrar la rai son:<\/p>\n<ul>\n<li>Tener los <strong>45 a\u00f1os cumplidos<\/strong> y ser menor de 65 a\u00f1os.<\/li>\n<li>Estar <strong>inscrito como demandante de empleo durante un periodo m\u00ednimo de doce meses de forma continuada<\/strong>, es decir, tener acumulado como m\u00ednimo 90 d\u00edas de trabajo en los \u00faltimos 365 d\u00edas anteriores a la presentaci\u00f3n de la solicitud del RAI.<\/li>\n<li>Haber <strong>agotado el <a href=\"https:\/\/www.billin.net\/blog\/derecho-paro-autonomo\/\" target=\"_blank\" rel=\"noopener noreferrer\">paro de aut\u00f3nomos<\/a> y el subsidio<\/strong> por desempleo, siempre y cuando no sea por sanci\u00f3n administrativa, ya que, entonces no tendr\u00eda tampoco derecho al RAI.<\/li>\n<li><strong>No tener ingresos superiores al 75% del <a href=\"https:\/\/www.billin.net\/blog\/salario-minimo-interprofesional-embargo\/\" target=\"_blank\" rel=\"noopener noreferrer\">salario m\u00ednimo interprofesional<\/a><\/strong>, excluyendo las partes proporcionales a las dos pagas extraordinarias.<\/li>\n<\/ul>\n<p>No se tendr\u00e1n en cuenta los ingresos procedentes de becas de estudio, transporte o alojamiento, pero s\u00ed se tendr\u00edan en cuenta las becas profesionales que tengan car\u00e1cter laboral:<\/p>\n<ul>\n<li>En el caso de que el solicitante tenga menores a su cargo o c\u00f3nyuge, no se tendr\u00e1 en cuenta el punto anterior, sino que los <strong>ingresos de todos los miembros de la unidad familiar no podr\u00e1n superar el 75% del salario m\u00ednimo interprofesional<\/strong>, al dividirlo por los que forman dicha unidad, es decir, el c\u00f3nyuge, menores de 26 a\u00f1os y los mayores con discapacidad.<\/li>\n<li><strong>No haberse beneficiado del RAI en los 365 d\u00edas anteriores<\/strong> a la presentaci\u00f3n de su solicitud, este requisito deja fuera a aquellas personas que nunca han cobrado prestaci\u00f3n por desempleo.<\/li>\n<\/ul>\n<p>Recuerda que para acceder a la ayuda RAI, habr\u00e1 que cumplir todos los requisitos a la vez.<\/p>\n<h2><strong>\u00bfC\u00f3mo solicitar el RAI?<\/strong><\/h2>\n<p>La documentaci\u00f3n necesaria para realizar la renta activa de inserci\u00f3n es:<\/p>\n<ul>\n<li><strong>Instancia <\/strong>rellena y firmada que podr\u00e1s encontrar en la <a href=\"https:\/\/www.sepe.es\/HomeSepe\/Personas\/distributiva-prestaciones\/he-dejado-de-cobrar-el-paro\/no-tengo-prestacion.html\">web del SEPE.<\/a><\/li>\n<li><strong>DNI del solicitante y de todos los miembros de la unidad familiar<\/strong>, en el caso de extranjeros tendr\u00e1 que acreditar el certificado de ciudadano de la Uni\u00f3n Europea (NIE), junto al pasaporte o documentaci\u00f3n de su pa\u00eds de origen.<\/li>\n<li>Cualquier documento que acredite la <strong>titularidad de la cuenta bancaria<\/strong> donde se solicita el ingreso del RAI.<\/li>\n<li><strong>Libro de familia.<\/strong><\/li>\n<li><strong>Justificante de cualquier otra renta<\/strong> que perciba el solicitante.<\/li>\n<\/ul>\n<p>Con <strong><u>alguna discapacidad<\/u><\/strong>, habr\u00e1 que acreditar el grado mediante un certificado emitido por el Instituto Nacional de Seguridad Social (INSS).<\/p>\n<p>Cuando eres <strong><u>emigrante retornado<\/u><\/strong>, deber\u00e1s aportar tambi\u00e9n:<\/p>\n<ul>\n<li>Si proviene de trabajar en un pa\u00eds de la UE, el formulario U1.<\/li>\n<li>Si regresa de Suiza presentar\u00e1 certificado de la Agregadur\u00eda Laboral de ese pa\u00eds o formulario U1.<\/li>\n<li>Proveniente de un pa\u00eds fuera de la UE, o de un pa\u00eds que no tenga convenio de desempleo con Espa\u00f1a, tendr\u00e1 que presentar certificaci\u00f3n emitida de la Dependencia Provincial de Trabajo.<\/li>\n<\/ul>\n<p>En el caso de <strong><u>violencia de g\u00e9nero o dom\u00e9stica<\/u><\/strong>, deber\u00e1s aportar tambi\u00e9n:<\/p>\n<ul>\n<li>Sentencia judicial u orden de protecci\u00f3n del Ministerio Fiscal o de Servicios Sociales.<\/li>\n<\/ul>\n<p>Adem\u00e1s, como desempleado de larga duraci\u00f3n deber\u00e1 demostrar la acci\u00f3n de b\u00fasqueda de empleo, como m\u00ednimo en tres ocasiones.<\/p>\n<p>Ahora ya sabes que la renta activa de inserci\u00f3n en los aut\u00f3nomos es posible. Si todav\u00eda tienes alguna duda al respecto utiliza los comentarios y te ayudaremos.<\/p>\n","protected":false},"excerpt":{"rendered":"<p>En este nuevo art\u00edculo hablaremos de lo que es la renta activa de inserci\u00f3n en los aut\u00f3nomos, de los requisitos y de c\u00f3mo solicitarla. Es importante que conozcas esto si eres aut\u00f3nomo ya que puede ser importante en alg\u00fan momento e tu vida<\/p>\n","protected":false},"author":20,"featured_media":16554,"comment_status":"open","ping_status":"open","sticky":false,"template":"","format":"standard","meta":{"_acf_changed":false,"_et_pb_use_builder":"","_et_pb_old_content":"","_et_gb_content_width":"","om_disable_all_campaigns":false,"inline_featured_image":false,"footnotes":""},"categories":[1015],"tags":[],"class_list":{"0":"post-16553","1":"post","2":"type-post","3":"status-publish","4":"format-standard","5":"has-post-thumbnail","7":"category-facturacion"},"acf":{"selector_de_usuario":null,"fecha_de_revision":null},"yoast_head":"<!-- This site is optimized with the Yoast SEO plugin v27.1 - https:\/\/yoast.com\/product\/yoast-seo-wordpress\/ -->\n<title>Renta Activa de Inserci\u00f3n en los aut\u00f3nomos (RAI) - TeamSystem Facturas Billin<\/title>\n<meta name=\"description\" content=\"Hablamos de lo que es la renta activa de inserci\u00f3n en los aut\u00f3nomos, de los requisitos y de c\u00f3mo solicitarla. \u00a1Vamos alla!\" \/>\n<meta name=\"robots\" content=\"index, follow, max-snippet:-1, max-image-preview:large, max-video-preview:-1\" \/>\n<link rel=\"canonical\" href=\"https:\/\/www.billin.net\/blog\/renta-activa-insercion\/\" \/>\n<meta property=\"og:locale\" content=\"es_ES\" \/>\n<meta property=\"og:type\" content=\"article\" \/>\n<meta property=\"og:title\" content=\"Renta Activa de Inserci\u00f3n en los aut\u00f3nomos (RAI) - TeamSystem Facturas Billin\" \/>\n<meta property=\"og:description\" content=\"Hablamos de lo que es la renta activa de inserci\u00f3n en los aut\u00f3nomos, de los requisitos y de c\u00f3mo solicitarla. \u00a1Vamos alla!\" \/>\n<meta property=\"og:url\" content=\"https:\/\/www.billin.net\/blog\/renta-activa-insercion\/\" \/>\n<meta property=\"og:site_name\" content=\"Blog de TeamSystem Facturas Billin\" \/>\n<meta property=\"article:publisher\" content=\"https:\/\/www.facebook.com\/EsBillin\" \/>\n<meta property=\"article:published_time\" content=\"2020-10-07T11:10:30+00:00\" \/>\n<meta property=\"article:modified_time\" content=\"2025-09-25T18:44:30+00:00\" \/>\n<meta property=\"og:image\" content=\"https:\/\/www.billin.net\/blog\/wp-content\/uploads\/2020\/10\/renta-activa-de-insercion-autonomos.jpg\" \/>\n\t<meta property=\"og:image:width\" content=\"1200\" \/>\n\t<meta property=\"og:image:height\" content=\"800\" \/>\n\t<meta property=\"og:image:type\" content=\"image\/jpeg\" \/>\n<meta name=\"author\" content=\"Marcos De La Cueva - CEO TeamSystem Facturas Billin\" \/>\n<meta name=\"twitter:card\" content=\"summary_large_image\" \/>\n<meta name=\"twitter:creator\" content=\"@Billin_ES\" \/>\n<meta name=\"twitter:site\" content=\"@Billin_ES\" \/>\n<meta name=\"twitter:label1\" content=\"Escrito por\" \/>\n\t<meta name=\"twitter:data1\" content=\"Marcos De La Cueva - CEO TeamSystem Facturas Billin\" \/>\n\t<meta name=\"twitter:label2\" content=\"Tiempo de lectura\" \/>\n\t<meta name=\"twitter:data2\" content=\"6 minutos\" \/>\n<script type=\"application\/ld+json\" class=\"yoast-schema-graph\">{\"@context\":\"https:\/\/schema.org\",\"@graph\":[{\"@type\":\"Article\",\"@id\":\"https:\/\/www.billin.net\/blog\/renta-activa-insercion\/#article\",\"isPartOf\":{\"@id\":\"https:\/\/www.billin.net\/blog\/renta-activa-insercion\/\"},\"author\":{\"name\":\"Marcos De La Cueva - CEO TeamSystem Facturas Billin\",\"@id\":\"https:\/\/www.billin.net\/blog\/#\/schema\/person\/d0339ee6e869234614541b1e80a793e7\"},\"headline\":\"\u00bfQu\u00e9 es la renta m\u00ednima de inserci\u00f3n y c\u00f3mo solicitarla?\",\"datePublished\":\"2020-10-07T11:10:30+00:00\",\"dateModified\":\"2025-09-25T18:44:30+00:00\",\"mainEntityOfPage\":{\"@id\":\"https:\/\/www.billin.net\/blog\/renta-activa-insercion\/\"},\"wordCount\":1129,\"commentCount\":12,\"publisher\":{\"@id\":\"https:\/\/www.billin.net\/blog\/#organization\"},\"image\":{\"@id\":\"https:\/\/www.billin.net\/blog\/renta-activa-insercion\/#primaryimage\"},\"thumbnailUrl\":\"https:\/\/www.billin.net\/blog\/wp-content\/uploads\/2020\/10\/renta-activa-de-insercion-autonomos.jpg\",\"articleSection\":[\"Facturaci\u00f3n\"],\"inLanguage\":\"es\",\"potentialAction\":[{\"@type\":\"CommentAction\",\"name\":\"Comment\",\"target\":[\"https:\/\/www.billin.net\/blog\/renta-activa-insercion\/#respond\"]}]},{\"@type\":\"WebPage\",\"@id\":\"https:\/\/www.billin.net\/blog\/renta-activa-insercion\/\",\"url\":\"https:\/\/www.billin.net\/blog\/renta-activa-insercion\/\",\"name\":\"Renta Activa de Inserci\u00f3n en los aut\u00f3nomos (RAI) - TeamSystem Facturas Billin\",\"isPartOf\":{\"@id\":\"https:\/\/www.billin.net\/blog\/#website\"},\"primaryImageOfPage\":{\"@id\":\"https:\/\/www.billin.net\/blog\/renta-activa-insercion\/#primaryimage\"},\"image\":{\"@id\":\"https:\/\/www.billin.net\/blog\/renta-activa-insercion\/#primaryimage\"},\"thumbnailUrl\":\"https:\/\/www.billin.net\/blog\/wp-content\/uploads\/2020\/10\/renta-activa-de-insercion-autonomos.jpg\",\"datePublished\":\"2020-10-07T11:10:30+00:00\",\"dateModified\":\"2025-09-25T18:44:30+00:00\",\"description\":\"Hablamos de lo que es la renta activa de inserci\u00f3n en los aut\u00f3nomos, de los requisitos y de c\u00f3mo solicitarla. \u00a1Vamos alla!\",\"breadcrumb\":{\"@id\":\"https:\/\/www.billin.net\/blog\/renta-activa-insercion\/#breadcrumb\"},\"inLanguage\":\"es\",\"potentialAction\":[{\"@type\":\"ReadAction\",\"target\":[\"https:\/\/www.billin.net\/blog\/renta-activa-insercion\/\"]}]},{\"@type\":\"ImageObject\",\"inLanguage\":\"es\",\"@id\":\"https:\/\/www.billin.net\/blog\/renta-activa-insercion\/#primaryimage\",\"url\":\"https:\/\/www.billin.net\/blog\/wp-content\/uploads\/2020\/10\/renta-activa-de-insercion-autonomos.jpg\",\"contentUrl\":\"https:\/\/www.billin.net\/blog\/wp-content\/uploads\/2020\/10\/renta-activa-de-insercion-autonomos.jpg\",\"width\":1200,\"height\":800,\"caption\":\"renta activa de insercion autonomos\"},{\"@type\":\"BreadcrumbList\",\"@id\":\"https:\/\/www.billin.net\/blog\/renta-activa-insercion\/#breadcrumb\",\"itemListElement\":[{\"@type\":\"ListItem\",\"position\":1,\"name\":\"Blog\",\"item\":\"https:\/\/www.billin.net\/blog\/\"},{\"@type\":\"ListItem\",\"position\":2,\"name\":\"Facturaci\u00f3n\",\"item\":\"https:\/\/www.billin.net\/blog\/facturacion\/\"},{\"@type\":\"ListItem\",\"position\":3,\"name\":\"\u00bfQu\u00e9 es la renta m\u00ednima de inserci\u00f3n y c\u00f3mo solicitarla?\"}]},{\"@type\":\"WebSite\",\"@id\":\"https:\/\/www.billin.net\/blog\/#website\",\"url\":\"https:\/\/www.billin.net\/blog\/\",\"name\":\"Blog de Billin\",\"description\":\"Mantente informado con el blog de TeamSystem Facturas Billin:  facturaci\u00f3n, legislaci\u00f3n, contabilidad, management y toda la informaci\u00f3n \u00fatil para pymes y aut\u00f3nomos.\",\"publisher\":{\"@id\":\"https:\/\/www.billin.net\/blog\/#organization\"},\"potentialAction\":[{\"@type\":\"SearchAction\",\"target\":{\"@type\":\"EntryPoint\",\"urlTemplate\":\"https:\/\/www.billin.net\/blog\/?s={search_term_string}\"},\"query-input\":{\"@type\":\"PropertyValueSpecification\",\"valueRequired\":true,\"valueName\":\"search_term_string\"}}],\"inLanguage\":\"es\"},{\"@type\":\"Organization\",\"@id\":\"https:\/\/www.billin.net\/blog\/#organization\",\"name\":\"Billin\",\"alternateName\":\"Blog de Billin\",\"url\":\"https:\/\/www.billin.net\/blog\/\",\"logo\":{\"@type\":\"ImageObject\",\"inLanguage\":\"es\",\"@id\":\"https:\/\/www.billin.net\/blog\/#\/schema\/logo\/image\/\",\"url\":\"https:\/\/www.billin.net\/blog\/wp-content\/uploads\/2019\/06\/logotipo-billin-blog-1.png\",\"contentUrl\":\"https:\/\/www.billin.net\/blog\/wp-content\/uploads\/2019\/06\/logotipo-billin-blog-1.png\",\"width\":126,\"height\":50,\"caption\":\"Billin\"},\"image\":{\"@id\":\"https:\/\/www.billin.net\/blog\/#\/schema\/logo\/image\/\"},\"sameAs\":[\"https:\/\/www.facebook.com\/EsBillin\",\"https:\/\/x.com\/Billin_ES\",\"https:\/\/www.instagram.com\/billin_es\/\",\"https:\/\/www.linkedin.com\/company\/billin-spain\",\"https:\/\/www.youtube.com\/c\/BillinEsintercambiodefacturas\/\"],\"legalName\":\"MY EXPENSES SL\",\"contactPoint\":{\"@type\":\"ContactPoint\",\"telephone\":\"+34918318883\",\"contactType\":\"customer service\",\"email\":\"info@billin.eu\",\"availableLanguage\":\"es\"},\"foundingDate\":\"2015\",\"numberOfEmployees\":{\"@type\":\"QuantitativeValue\",\"minValue\":10,\"maxValue\":50},\"parentOrganization\":{\"@type\":\"Organization\",\"name\":\"TeamSystem\",\"url\":\"https:\/\/www.teamsystem.com\/\"},\"description\":\"Billin es el programa de facturaci\u00f3n online de TeamSystem para aut\u00f3nomos y pymes en Espa\u00f1a. Permite crear facturas, controlar gastos y cumplir con Verifactu.\",\"address\":{\"@type\":\"PostalAddress\",\"streetAddress\":\"Calle Arturo Soria, 336\",\"addressLocality\":\"Madrid\",\"addressRegion\":\"Madrid\",\"postalCode\":\"28033\",\"addressCountry\":\"ES\"}},{\"@type\":\"Person\",\"@id\":\"https:\/\/www.billin.net\/blog\/#\/schema\/person\/d0339ee6e869234614541b1e80a793e7\",\"name\":\"Marcos De La Cueva - CEO TeamSystem Facturas Billin\",\"image\":{\"@type\":\"ImageObject\",\"inLanguage\":\"es\",\"@id\":\"https:\/\/www.billin.net\/blog\/#\/schema\/person\/image\/\",\"url\":\"https:\/\/www.billin.net\/blog\/wp-content\/uploads\/2023\/10\/marcos-color-150x150.png\",\"contentUrl\":\"https:\/\/www.billin.net\/blog\/wp-content\/uploads\/2023\/10\/marcos-color-150x150.png\",\"caption\":\"Marcos De La Cueva - CEO TeamSystem Facturas Billin\"},\"description\":\"Licenciado en ADE por la Universidad Aut\u00f3noma de Madrid, Marcos De la Cueva es CEO y cofundador de TeamSystem Facturas Billin, un programa online que lleva m\u00e1s de 9 a\u00f1os ayudando a aut\u00f3nomos, peque\u00f1os negocios y gestor\u00edas a digitalizar sus presupuestos, facturas, tickets y gastos. \u00a0 Sobre Marcos De La Cueva \u00a0 Apasionado por el mundo empresarial y la tecnolog\u00eda, curs\u00f3 su M\u00e1ster de Finanzas en la Universidad Pontificia de Comillas y estuvo en el Programa de Cooperaci\u00f3n Educativa de la Universidad Aut\u00f3noma de Madrid. \u00a0 Marcos siempre ha tenido su objetivo claro: ayudar a la creaci\u00f3n de negocios financieramente sostenibles a trav\u00e9s de una herramienta de facturaci\u00f3n que les permita ahorrar tiempo y tener la contabilidad bajo control. \u00a0 Marcos De La Cueva en los medios \u2014 Noticia sobre Kit Digital y Ley Antifraude (VeriFactu) en El Economista. \u2014 Noticia sobre Kit Digital y factura electr\u00f3nica obligatoria en Diario Jur\u00eddico. \u2014 Noticia sobre el a\u00f1o de transici\u00f3n para la factura electr\u00f3nica en Muy Pymes. \u2014 Entrevista sobre factura electr\u00f3nica obligatoria en Canal Sur. \u2014 Noticia sobre el informe factura electr\u00f3nica de TeamSystem en Channel Partner. \u2014 Charla sobre productividad y Ley Crea y Crece en El Economista. \u2014 Charla sobre factura electr\u00f3nica obligatoria en Muy Pymes. \u2014 Charla sobre digitalizaci\u00f3n aut\u00f3nomos y productividad en esdiario. \u2014 Charla sobre productividad y factura electr\u00f3nica en La Raz\u00f3n. \u2014 Charla sobre factura electr\u00f3nica obligatoria en Aut\u00f3nomos y Emprendedores. \u2014 Entrevista sobre Ley Antifraude y Ley Crea y Crece en Expansi\u00f3n. \u2014 Entrevista sobre Ley Antifraude y Ley Crea y Crece en La Raz\u00f3n. \u2014 Entrevista sobre factura electr\u00f3nica obligatoria en El Economista. \u2014 Comunicado Billin y TeamSystem en Business Insider. \u2014 Entrevista en Econom\u00eda Digital. \u2014 Entrevista en Ideas para tu empresa de Vodafone. \u2014 Entrevista en M\u00e1sQradio. \u2014 Entrevista en Armas para emprender de El M\u00e9todo Gallardo. \u2014 Entrevista en KFund. \u2014 Entrevista en AXA Seguros Espa\u00f1a. \u2014 Entrevista en GestionaRadio. \u00a0 Marcos De La Cueva en eventos \u00a0 \u2014 Participaci\u00f3n como ponente en Accountex Espa\u00f1a 2023. \u00a0 Tem\u00e1ticas de especializaci\u00f3n \u00a0 negocios | startups | contabilidad| fiscalidad | empresas| asesor\u00edas| autonomos | emprendedores | peque\u00f1os negocios | econom\u00eda | ADE | pymes | desarrollo de negocio\u00a0\",\"sameAs\":[\"https:\/\/www.billin.net\/\",\"https:\/\/www.linkedin.com\/in\/marcos-de-la-cueva-19750ba3\/\"],\"url\":\"https:\/\/www.billin.net\/blog\/author\/marcosdelacueva\/\",\"jobTitle\":\"CEO y cofundador de TS Facturas Billin\"}]}<\/script>\n<!-- \/ Yoast SEO plugin. -->","yoast_head_json":{"title":"Renta Activa de Inserci\u00f3n en los aut\u00f3nomos (RAI) - TeamSystem Facturas Billin","description":"Hablamos de lo que es la renta activa de inserci\u00f3n en los aut\u00f3nomos, de los requisitos y de c\u00f3mo solicitarla. \u00a1Vamos alla!","robots":{"index":"index","follow":"follow","max-snippet":"max-snippet:-1","max-image-preview":"max-image-preview:large","max-video-preview":"max-video-preview:-1"},"canonical":"https:\/\/www.billin.net\/blog\/renta-activa-insercion\/","og_locale":"es_ES","og_type":"article","og_title":"Renta Activa de Inserci\u00f3n en los aut\u00f3nomos (RAI) - TeamSystem Facturas Billin","og_description":"Hablamos de lo que es la renta activa de inserci\u00f3n en los aut\u00f3nomos, de los requisitos y de c\u00f3mo solicitarla. \u00a1Vamos alla!","og_url":"https:\/\/www.billin.net\/blog\/renta-activa-insercion\/","og_site_name":"Blog de TeamSystem Facturas Billin","article_publisher":"https:\/\/www.facebook.com\/EsBillin","article_published_time":"2020-10-07T11:10:30+00:00","article_modified_time":"2025-09-25T18:44:30+00:00","og_image":[{"width":1200,"height":800,"url":"https:\/\/www.billin.net\/blog\/wp-content\/uploads\/2020\/10\/renta-activa-de-insercion-autonomos.jpg","type":"image\/jpeg"}],"author":"Marcos De La Cueva - CEO TeamSystem Facturas Billin","twitter_card":"summary_large_image","twitter_creator":"@Billin_ES","twitter_site":"@Billin_ES","twitter_misc":{"Escrito por":"Marcos De La Cueva - CEO TeamSystem Facturas Billin","Tiempo de lectura":"6 minutos"},"schema":{"@context":"https:\/\/schema.org","@graph":[{"@type":"Article","@id":"https:\/\/www.billin.net\/blog\/renta-activa-insercion\/#article","isPartOf":{"@id":"https:\/\/www.billin.net\/blog\/renta-activa-insercion\/"},"author":{"name":"Marcos De La Cueva - CEO TeamSystem Facturas Billin","@id":"https:\/\/www.billin.net\/blog\/#\/schema\/person\/d0339ee6e869234614541b1e80a793e7"},"headline":"\u00bfQu\u00e9 es la renta m\u00ednima de inserci\u00f3n y c\u00f3mo solicitarla?","datePublished":"2020-10-07T11:10:30+00:00","dateModified":"2025-09-25T18:44:30+00:00","mainEntityOfPage":{"@id":"https:\/\/www.billin.net\/blog\/renta-activa-insercion\/"},"wordCount":1129,"commentCount":12,"publisher":{"@id":"https:\/\/www.billin.net\/blog\/#organization"},"image":{"@id":"https:\/\/www.billin.net\/blog\/renta-activa-insercion\/#primaryimage"},"thumbnailUrl":"https:\/\/www.billin.net\/blog\/wp-content\/uploads\/2020\/10\/renta-activa-de-insercion-autonomos.jpg","articleSection":["Facturaci\u00f3n"],"inLanguage":"es","potentialAction":[{"@type":"CommentAction","name":"Comment","target":["https:\/\/www.billin.net\/blog\/renta-activa-insercion\/#respond"]}]},{"@type":"WebPage","@id":"https:\/\/www.billin.net\/blog\/renta-activa-insercion\/","url":"https:\/\/www.billin.net\/blog\/renta-activa-insercion\/","name":"Renta Activa de Inserci\u00f3n en los aut\u00f3nomos (RAI) - TeamSystem Facturas Billin","isPartOf":{"@id":"https:\/\/www.billin.net\/blog\/#website"},"primaryImageOfPage":{"@id":"https:\/\/www.billin.net\/blog\/renta-activa-insercion\/#primaryimage"},"image":{"@id":"https:\/\/www.billin.net\/blog\/renta-activa-insercion\/#primaryimage"},"thumbnailUrl":"https:\/\/www.billin.net\/blog\/wp-content\/uploads\/2020\/10\/renta-activa-de-insercion-autonomos.jpg","datePublished":"2020-10-07T11:10:30+00:00","dateModified":"2025-09-25T18:44:30+00:00","description":"Hablamos de lo que es la renta activa de inserci\u00f3n en los aut\u00f3nomos, de los requisitos y de c\u00f3mo solicitarla. \u00a1Vamos alla!","breadcrumb":{"@id":"https:\/\/www.billin.net\/blog\/renta-activa-insercion\/#breadcrumb"},"inLanguage":"es","potentialAction":[{"@type":"ReadAction","target":["https:\/\/www.billin.net\/blog\/renta-activa-insercion\/"]}]},{"@type":"ImageObject","inLanguage":"es","@id":"https:\/\/www.billin.net\/blog\/renta-activa-insercion\/#primaryimage","url":"https:\/\/www.billin.net\/blog\/wp-content\/uploads\/2020\/10\/renta-activa-de-insercion-autonomos.jpg","contentUrl":"https:\/\/www.billin.net\/blog\/wp-content\/uploads\/2020\/10\/renta-activa-de-insercion-autonomos.jpg","width":1200,"height":800,"caption":"renta activa de insercion autonomos"},{"@type":"BreadcrumbList","@id":"https:\/\/www.billin.net\/blog\/renta-activa-insercion\/#breadcrumb","itemListElement":[{"@type":"ListItem","position":1,"name":"Blog","item":"https:\/\/www.billin.net\/blog\/"},{"@type":"ListItem","position":2,"name":"Facturaci\u00f3n","item":"https:\/\/www.billin.net\/blog\/facturacion\/"},{"@type":"ListItem","position":3,"name":"\u00bfQu\u00e9 es la renta m\u00ednima de inserci\u00f3n y c\u00f3mo solicitarla?"}]},{"@type":"WebSite","@id":"https:\/\/www.billin.net\/blog\/#website","url":"https:\/\/www.billin.net\/blog\/","name":"Blog de Billin","description":"Mantente informado con el blog de TeamSystem Facturas Billin:  facturaci\u00f3n, legislaci\u00f3n, contabilidad, management y toda la informaci\u00f3n \u00fatil para pymes y aut\u00f3nomos.","publisher":{"@id":"https:\/\/www.billin.net\/blog\/#organization"},"potentialAction":[{"@type":"SearchAction","target":{"@type":"EntryPoint","urlTemplate":"https:\/\/www.billin.net\/blog\/?s={search_term_string}"},"query-input":{"@type":"PropertyValueSpecification","valueRequired":true,"valueName":"search_term_string"}}],"inLanguage":"es"},{"@type":"Organization","@id":"https:\/\/www.billin.net\/blog\/#organization","name":"Billin","alternateName":"Blog de Billin","url":"https:\/\/www.billin.net\/blog\/","logo":{"@type":"ImageObject","inLanguage":"es","@id":"https:\/\/www.billin.net\/blog\/#\/schema\/logo\/image\/","url":"https:\/\/www.billin.net\/blog\/wp-content\/uploads\/2019\/06\/logotipo-billin-blog-1.png","contentUrl":"https:\/\/www.billin.net\/blog\/wp-content\/uploads\/2019\/06\/logotipo-billin-blog-1.png","width":126,"height":50,"caption":"Billin"},"image":{"@id":"https:\/\/www.billin.net\/blog\/#\/schema\/logo\/image\/"},"sameAs":["https:\/\/www.facebook.com\/EsBillin","https:\/\/x.com\/Billin_ES","https:\/\/www.instagram.com\/billin_es\/","https:\/\/www.linkedin.com\/company\/billin-spain","https:\/\/www.youtube.com\/c\/BillinEsintercambiodefacturas\/"],"legalName":"MY EXPENSES SL","contactPoint":{"@type":"ContactPoint","telephone":"+34918318883","contactType":"customer service","email":"info@billin.eu","availableLanguage":"es"},"foundingDate":"2015","numberOfEmployees":{"@type":"QuantitativeValue","minValue":10,"maxValue":50},"parentOrganization":{"@type":"Organization","name":"TeamSystem","url":"https:\/\/www.teamsystem.com\/"},"description":"Billin es el programa de facturaci\u00f3n online de TeamSystem para aut\u00f3nomos y pymes en Espa\u00f1a. Permite crear facturas, controlar gastos y cumplir con Verifactu.","address":{"@type":"PostalAddress","streetAddress":"Calle Arturo Soria, 336","addressLocality":"Madrid","addressRegion":"Madrid","postalCode":"28033","addressCountry":"ES"}},{"@type":"Person","@id":"https:\/\/www.billin.net\/blog\/#\/schema\/person\/d0339ee6e869234614541b1e80a793e7","name":"Marcos De La Cueva - CEO TeamSystem Facturas Billin","image":{"@type":"ImageObject","inLanguage":"es","@id":"https:\/\/www.billin.net\/blog\/#\/schema\/person\/image\/","url":"https:\/\/www.billin.net\/blog\/wp-content\/uploads\/2023\/10\/marcos-color-150x150.png","contentUrl":"https:\/\/www.billin.net\/blog\/wp-content\/uploads\/2023\/10\/marcos-color-150x150.png","caption":"Marcos De La Cueva - CEO TeamSystem Facturas Billin"},"description":"Licenciado en ADE por la Universidad Aut\u00f3noma de Madrid, Marcos De la Cueva es CEO y cofundador de TeamSystem Facturas Billin, un programa online que lleva m\u00e1s de 9 a\u00f1os ayudando a aut\u00f3nomos, peque\u00f1os negocios y gestor\u00edas a digitalizar sus presupuestos, facturas, tickets y gastos. \u00a0 Sobre Marcos De La Cueva \u00a0 Apasionado por el mundo empresarial y la tecnolog\u00eda, curs\u00f3 su M\u00e1ster de Finanzas en la Universidad Pontificia de Comillas y estuvo en el Programa de Cooperaci\u00f3n Educativa de la Universidad Aut\u00f3noma de Madrid. \u00a0 Marcos siempre ha tenido su objetivo claro: ayudar a la creaci\u00f3n de negocios financieramente sostenibles a trav\u00e9s de una herramienta de facturaci\u00f3n que les permita ahorrar tiempo y tener la contabilidad bajo control. \u00a0 Marcos De La Cueva en los medios \u2014 Noticia sobre Kit Digital y Ley Antifraude (VeriFactu) en El Economista. \u2014 Noticia sobre Kit Digital y factura electr\u00f3nica obligatoria en Diario Jur\u00eddico. \u2014 Noticia sobre el a\u00f1o de transici\u00f3n para la factura electr\u00f3nica en Muy Pymes. \u2014 Entrevista sobre factura electr\u00f3nica obligatoria en Canal Sur. \u2014 Noticia sobre el informe factura electr\u00f3nica de TeamSystem en Channel Partner. \u2014 Charla sobre productividad y Ley Crea y Crece en El Economista. \u2014 Charla sobre factura electr\u00f3nica obligatoria en Muy Pymes. \u2014 Charla sobre digitalizaci\u00f3n aut\u00f3nomos y productividad en esdiario. \u2014 Charla sobre productividad y factura electr\u00f3nica en La Raz\u00f3n. \u2014 Charla sobre factura electr\u00f3nica obligatoria en Aut\u00f3nomos y Emprendedores. \u2014 Entrevista sobre Ley Antifraude y Ley Crea y Crece en Expansi\u00f3n. \u2014 Entrevista sobre Ley Antifraude y Ley Crea y Crece en La Raz\u00f3n. \u2014 Entrevista sobre factura electr\u00f3nica obligatoria en El Economista. \u2014 Comunicado Billin y TeamSystem en Business Insider. \u2014 Entrevista en Econom\u00eda Digital. \u2014 Entrevista en Ideas para tu empresa de Vodafone. \u2014 Entrevista en M\u00e1sQradio. \u2014 Entrevista en Armas para emprender de El M\u00e9todo Gallardo. \u2014 Entrevista en KFund. \u2014 Entrevista en AXA Seguros Espa\u00f1a. \u2014 Entrevista en GestionaRadio. \u00a0 Marcos De La Cueva en eventos \u00a0 \u2014 Participaci\u00f3n como ponente en Accountex Espa\u00f1a 2023. \u00a0 Tem\u00e1ticas de especializaci\u00f3n \u00a0 negocios | startups | contabilidad| fiscalidad | empresas| asesor\u00edas| autonomos | emprendedores | peque\u00f1os negocios | econom\u00eda | ADE | pymes | desarrollo de negocio\u00a0","sameAs":["https:\/\/www.billin.net\/","https:\/\/www.linkedin.com\/in\/marcos-de-la-cueva-19750ba3\/"],"url":"https:\/\/www.billin.net\/blog\/author\/marcosdelacueva\/","jobTitle":"CEO y cofundador de TS Facturas Billin"}]}},"_links":{"self":[{"href":"https:\/\/www.billin.net\/blog\/wp-json\/wp\/v2\/posts\/16553","targetHints":{"allow":["GET"]}}],"collection":[{"href":"https:\/\/www.billin.net\/blog\/wp-json\/wp\/v2\/posts"}],"about":[{"href":"https:\/\/www.billin.net\/blog\/wp-json\/wp\/v2\/types\/post"}],"author":[{"embeddable":true,"href":"https:\/\/www.billin.net\/blog\/wp-json\/wp\/v2\/users\/20"}],"replies":[{"embeddable":true,"href":"https:\/\/www.billin.net\/blog\/wp-json\/wp\/v2\/comments?post=16553"}],"version-history":[{"count":5,"href":"https:\/\/www.billin.net\/blog\/wp-json\/wp\/v2\/posts\/16553\/revisions"}],"predecessor-version":[{"id":27041,"href":"https:\/\/www.billin.net\/blog\/wp-json\/wp\/v2\/posts\/16553\/revisions\/27041"}],"wp:featuredmedia":[{"embeddable":true,"href":"https:\/\/www.billin.net\/blog\/wp-json\/wp\/v2\/media\/16554"}],"wp:attachment":[{"href":"https:\/\/www.billin.net\/blog\/wp-json\/wp\/v2\/media?parent=16553"}],"wp:term":[{"taxonomy":"category","embeddable":true,"href":"https:\/\/www.billin.net\/blog\/wp-json\/wp\/v2\/categories?post=16553"},{"taxonomy":"post_tag","embeddable":true,"href":"https:\/\/www.billin.net\/blog\/wp-json\/wp\/v2\/tags?post=16553"}],"curies":[{"name":"wp","href":"https:\/\/api.w.org\/{rel}","templated":true}]}}