{"id":16478,"date":"2020-09-25T00:00:00","date_gmt":"2020-09-24T22:00:00","guid":{"rendered":"https:\/\/www.billin.net\/blog\/?p=16478"},"modified":"2025-09-25T20:44:41","modified_gmt":"2025-09-25T18:44:41","slug":"cuanto-paga-un-autonomo","status":"publish","type":"post","link":"https:\/\/www.billin.net\/blog\/cuanto-paga-un-autonomo\/","title":{"rendered":"\u00bfCu\u00e1nto paga un aut\u00f3nomo en Espa\u00f1a a la Seguridad Social?"},"content":{"rendered":"<p>Si est\u00e1s pensando en emprender debes saber que tendr\u00e1s que asumir una serie de gastos y saber <strong>cu\u00e1nto paga un aut\u00f3nomo<\/strong> por trabajar. Suena raro de entrado el tener que pagar por trabajar pero en el caso de los aut\u00f3nomos la realidad en Espa\u00f1a es esta. Vamos a verlo en detalle.<\/p>\n<p><!--more--><\/p>\n<h2><strong>Requisitos para ser aut\u00f3nomo<\/strong><\/h2>\n<p>Para comenzar, como hemos comentado anteriormente, ser\u00e1 necesario que lleves a cabo tu correspondiente alta como trabajador aut\u00f3nomo tanto en la Agencia Tributaria como en el R\u00e9gimen Especial de Trabajadores Aut\u00f3nomos de la Seguridad Social, a trav\u00e9s de los modelos 036 y 037 y TA 521, respectivamente.<\/p>\n<p>Te los indicamos de forma resumida:<\/p>\n<ul>\n<li>Presentar el <a href=\"https:\/\/www.billin.net\/blog\/modelo-037-alta-hacienda-autonomos\/\">Modelo 037<\/a> o el <a href=\"https:\/\/www.billin.net\/blog\/capitulo-guia-solicitud-nif-modelo-036\/\" target=\"_blank\" rel=\"noopener noreferrer\">Modelo 036<\/a> en la Delegaci\u00f3n de Hacienda, indicando tu alta en la actividad. En estos formularios tendr\u00e1s que indicar el r\u00e9gimen aplicable, el domicilio fiscal y la actividad que vas a desempe\u00f1ar.<\/li>\n<li>Alta en Seguridad Social o <a href=\"https:\/\/www.billin.net\/blog\/alta-autonomo-seguridad-social\/\">alta RETA<\/a> que podr\u00e1s presentarlo en cualquier Delegaci\u00f3n o mediante <a href=\"https:\/\/www.billin.net\/blog\/certificado-digital-empresas\/\" target=\"_blank\" rel=\"noopener noreferrer\">certificado digital<\/a> en la sede electr\u00f3nica de la web de la <a href=\"http:\/\/www.seg-social.es\/wps\/portal\/wss\/internet\/Inicio\">Seguridad Social<\/a><\/li>\n<li>Si tu actividad se desarrolla en un local determinado, deber\u00e1s darlo de alta en el Organismo competente de tu Comunidad Aut\u00f3noma,<\/li>\n<li>Adem\u00e1s, dependiendo de la actividad, deber\u00e1s tramitar la <a href=\"https:\/\/www.billin.net\/blog\/licencia-de-apertura\/\">Licencia de Apertura<\/a> en el Ayuntamiento de tu ciudad<\/li>\n<\/ul>\n<h2><strong>\u00bfCu\u00e1nto paga un aut\u00f3nomo a la SS en Espa\u00f1a?<\/strong><\/h2>\n<p>Como ver\u00e1s la gesti\u00f3n para tramitar el alta de aut\u00f3nomo en Espa\u00f1a es un procedimiento gratuito, ahora s\u00ed, <strong>a partir del d\u00eda que te inscribes en el RETA tienes que comenzar a pagar una cuota de cotizaci\u00f3n diaria<\/strong>, que se ver\u00e1 reflejado en la <a href=\"https:\/\/www.billin.net\/glosario\/cuota-autonomo\/\" target=\"_blank\" rel=\"noopener noreferrer\">cuota de aut\u00f3nomo<\/a> mensual que te cobrar\u00e1 la Seguridad Social el \u00faltimo d\u00eda h\u00e1bil del mes.<\/p>\n<p><strong>\u00bfCu\u00e1nto cuesta ser aut\u00f3nomo?<\/strong><\/p>\n<p>Veamos <strong>cu\u00e1nto se paga de aut\u00f3nomos<\/strong>, el importe de esta cuota depender\u00e1 de unos requisitos espec\u00edficos que tendr\u00e1 que cumplir el aut\u00f3nomo para poder beneficiarse.<\/p>\n<ul>\n<li>Beneficiario de la tarifa plana: 143,13 euros (13 al 18 mes) 200 euros (del 19 al 24 mes). Adem\u00e1s, si eres mujer aut\u00f3noma menor de 35 a\u00f1os un hombre menor de 30, del mes 25 al 36 otros 200 euros.<\/li>\n<li>Aut\u00f3nomo sin bonificaciones: 294 euros al mes sin excepci\u00f3n.<\/li>\n<li>Aut\u00f3nomo societario: 377,78 euros al mes porque el Gobierno decidi\u00f3 subir la base m\u00ednima de los aut\u00f3nomos socios de una sociedad o que tengan m\u00e1s de 10 trabajadores.<\/li>\n<\/ul>\n<h2>Impuestos que paga el aut\u00f3nomo<\/h2>\n<p>Una vez que ya est\u00e1s dado de alta, comienzan las obligaciones fiscales y laborales, veamos <strong>cu\u00e1nto tiene que pagar un aut\u00f3nomo<\/strong> por los impuestos que tiene que declarar (IVA e IRPF).<\/p>\n<ul>\n<li><strong>IVA<\/strong>: El aut\u00f3nomo debe tener muy claro que <strong>el IVA que repercute en sus facturas no le pertenece<\/strong>, ya que, trimestralmente tendr\u00e1 que declararlo ante la Agencia Tributaria, al igual, que tambi\u00e9n declarar\u00e1 el IVA soportado de todas sus compras y gastos, es decir:<\/li>\n<\/ul>\n<p>Puede darse el caso de tributar una actividad <a href=\"https:\/\/www.billin.net\/blog\/tienes-declarar-siempre-iva-actividad-quizas-no\/\">exenta de IVA<\/a> o en <a href=\"https:\/\/www.billin.net\/blog\/que-es-el-recargo-de-equivalencia\/\" target=\"_blank\" rel=\"noopener noreferrer\">recargo de equivalencia.<\/a><\/p>\n<ul>\n<li><a href=\"https:\/\/www.billin.net\/blog\/irpf-autonomos-explicado-al-detalle\/\"><strong>IRPF<\/strong><\/a>: Este impuesto tambi\u00e9n se presenta de forma trimestral, dependiendo de tributar en <a href=\"https:\/\/www.billin.net\/blog\/autonomo-la-importancia-del-regimen-estimacion-directa\/\">estimaci\u00f3n directa<\/a> o en <a href=\"https:\/\/www.billin.net\/blog\/estimacion-objetiva-modulos\/\">m\u00f3dulos<\/a>, presentar\u00e1s el Modelo 130 o 131, respectivamente.<\/li>\n<\/ul>\n<p>La cuant\u00eda <strong>que tiene que pagar un aut\u00f3nomo<\/strong> de IRPF e IVA, no ser\u00e1 un coste fijo, ya que, depender\u00e1 de la facturaci\u00f3n trimestral o de los par\u00e1metros que formen el m\u00f3dulo en cada ejercicio fiscal.<\/p>\n<h3><strong>Otros gastos que paga un aut\u00f3nomo<\/strong><\/h3>\n<p>Existen otro tipo de gastos que tendr\u00e1 que afrontar el aut\u00f3nomo aparte del IVA y del IRPF, los m\u00e1s habituales son:<\/p>\n<ul>\n<li><a href=\"https:\/\/www.billin.net\/asesoria-fiscal-online\/\"><strong>Gestor\u00eda fiscal<\/strong><\/a>: este gasto se podr\u00eda considerar un coste fijo, ya que, la mayor\u00eda de los aut\u00f3nomos no llevan su propia contabilidad, la tarifa media mensual va desde los 30 euros (aut\u00f3nomos) a 90\u20ac (sociedades mercantiles).<\/li>\n<li><strong><u>Alquiler del local<\/u><\/strong>: si te decides por abrir un establecimiento al p\u00fablico, te conllevar\u00e1 pagar una renta mensual por su uso.<\/li>\n<li><strong><u>Transporte<\/u><\/strong>: habitualmente cualquier aut\u00f3nomo que se dedique a distribuir o a ser comercial, tendr\u00e1 que asumir como gasto habitual la compra de un veh\u00edculo y su mantenimiento. Aunque luego habr\u00e1 que tener mucho cuidado con la cantidad de gasto que se podr\u00e1 deducir.<\/li>\n<li><strong><u>Telecomunicaciones<\/u><\/strong>: tanto una l\u00ednea m\u00f3vil como una conexi\u00f3n a internet ser\u00e1 otro gasto habitual que tendr\u00e1 que asumir el aut\u00f3nomo, al igual que el anterior gasto, su deducci\u00f3n ser\u00e1 posible, siempre y cuando tenga un uso empresarial y no particular.<\/li>\n<li><strong><u>Contrataci\u00f3n de un trabajador<\/u><\/strong>: dependiendo del volumen de trabajo que tenga un empresario, podr\u00eda necesitar contratar a un ayudante para poder desempe\u00f1arlo, llevando a un nuevo gasto habitual para el aut\u00f3nomo.<\/li>\n<\/ul>\n<h2><strong>\u00bfCu\u00e1nto cuesta hacerse aut\u00f3nomo por primera vez?<\/strong><\/h2>\n<p>Si te est\u00e1s preguntando cu\u00e1ndo hay que pagar por ser aut\u00f3nomo, te contar\u00e9 que actualmente, si una persona se quiere dar de alta por primera vez en el RETA, se podr\u00e1 beneficiar de la Tarifa Plana, la cual, est\u00e1 formada por una cuota fija de <strong>80 euros al mes<\/strong> durante 12 meses.<\/p>\n<p><strong>Las cuotas de aut\u00f3nomos para 2023 son las siguientes:<\/strong><\/p>\n<ul>\n<li>Para rendimientos de hasta 670 euros mensuales la cuota puede ser de entre 230 y 260 euros mensuales.<\/li>\n<li>Para rendimientos de entre 670,01 y 900 euros mensuales la cuota puede ser de entre 260 y 275 euros mensuales.<\/li>\n<li>Para rendimientos de entre 900,01 y 1.166,69 euros mensuales las cuota puede ser de entre 275 y 357 euros mensuales.<\/li>\n<li>Para rendimientos de entre 1.166,70 y 1.300 euros mensuales la cuota puede ser de entre 294 y 397 euros mensuales.<\/li>\n<li>Para rendimientos de entre 1.300,01 euros y 1.500 euros la cuota puede ser de entre 294 y 459 euros mensuales.<\/li>\n<li>Para rendimientos de entre 1.500,01 y 1.700 euros puede ser de entre 294 y 520 euros mensuales.<\/li>\n<li>Para rendimientos de entre 1.700,01 y 1.850 euros mensuales la cuota puede ser de entre 310 y 566 euros mensuales.<\/li>\n<li>Para rendimientos de entre 1.850,01 y 2.030 euros mensuales la cuota puede ser de entre 315 y 621 euros mensuales.<\/li>\n<li>Para rendimientos de entre 2.030,01 y 2.330 euros mensuales la cuota puede ser de entre 320 y 713 euros mensuales.<\/li>\n<li>Para rendimientos de entre 2.330,01 y 2.760 euros mensuales la cuota puede ser de entre 330 y 844 euros mensuales.<\/li>\n<li>Para rendimientos de entre 2.760,01 y 3.190 euros mensuales la cuota puede ser de entre 350 y 976 euros mensuales.<\/li>\n<li>Para rendimientos de entre 3.190,01 y 3.620 euros mensuales la cuota puede ser de entre 370 y 1.107 euros mensuales.<\/li>\n<li>Para rendimientos de entre 3.620,01 y 4.050 euros mensuales la cuota puede ser de entre 390 y 1.238 euros mensuales.<\/li>\n<li>Para rendimientos de entre 4.050,01 y 6.000 euros mensuales la cuota puede ser de entre 420 y 1.266 euros mensuales.<\/li>\n<li>Para rendimientos a partir de 6.000,01 euros mensuales la cuota puede ser de entre 500 y 1.266 euros mensuales.<\/li>\n<\/ul>\n<p>Adem\u00e1s de la cuota de aut\u00f3nomo, debes a\u00f1adir una serie de gastos de inicio de actividad que tendr\u00e1s que pagar antes de poder comenzar a facturar, como, por ejemplo, <strong>la licencia de apertura<\/strong> de un local, sea alquilado o en propiedad, te conllevar\u00e1 el gasto de unas tasas p\u00fablicas al Ayuntamiento de tu localidad y a la Comunidad Aut\u00f3noma.<\/p>\n<h2><strong>Ejemplo de cu\u00e1nto paga un aut\u00f3nomo al mes<\/strong><\/h2>\n<p>Veamos con un ejemplo de <strong>cu\u00e1nto paga un aut\u00f3nomo al mes<\/strong>, facturando 3.000 euros, ten en cuenta que esto es una estimaci\u00f3n, los precios no incluyen ni IVA ni IRPF y las liquidaciones se han calculado de forma mensual.<\/p>\n<p><strong>Ingresos (sin IVA)<\/strong>: 3.000 \u20ac<\/p>\n<p><strong>Gastos (sin IVA):<\/strong><\/p>\n<p><img loading=\"lazy\" decoding=\"async\" class=\"aligncenter wp-image-16479 size-full\" src=\"https:\/\/www.billin.net\/blog\/wp-content\/uploads\/2020\/09\/Gastos-auto\u0301nomo.png\" alt=\"cuanto paga un autonomo al mes\" width=\"1108\" height=\"348\" srcset=\"https:\/\/www.billin.net\/blog\/wp-content\/uploads\/2020\/09\/Gastos-auto\u0301nomo.png 1108w, https:\/\/www.billin.net\/blog\/wp-content\/uploads\/2020\/09\/Gastos-auto\u0301nomo-300x94.png 300w, https:\/\/www.billin.net\/blog\/wp-content\/uploads\/2020\/09\/Gastos-auto\u0301nomo-1024x322.png 1024w, https:\/\/www.billin.net\/blog\/wp-content\/uploads\/2020\/09\/Gastos-auto\u0301nomo-768x241.png 768w, https:\/\/www.billin.net\/blog\/wp-content\/uploads\/2020\/09\/Gastos-auto\u0301nomo-810x254.png 810w\" sizes=\"(max-width: 1108px) 100vw, 1108px\" \/><\/p>\n<p>Por tanto, un aut\u00f3nomo que facture 3.000 euros, obtendr\u00e1 una ganancia de 1.046,10\u20ac.<\/p>\n<p>En el caso de ser un aut\u00f3nomo con m\u00e1s de 10 trabajadores, no podr\u00edas beneficiarte de esta bonificaci\u00f3n en la cuota del RETA.<\/p>\n<h3 style=\"text-align: left;\">Costes variables asociados al desarrollo de tu actividad profesional<\/h3>\n<p style=\"text-align: justify;\">Como es l\u00f3gico, a todos estos costes asociados a la formalizaci\u00f3n de tu alta como trabajador aut\u00f3nomo deber\u00e1s a\u00f1adir, trimestral o anualmente, todos aquellos costes variables relacionados con la tributaci\u00f3n por el ejercicio de tu actividad profesional, y que se materializar\u00e1n en tu correspondiente declaraci\u00f3n de IVA e IRPF.<\/p>\n<p style=\"text-align: justify;\">No obstante, y m\u00e1s all\u00e1 de la informaci\u00f3n concreta que sobre estos impuestos puedes encontrar en este blog, <strong>debes tener en cuenta que se trata de cargas fiscales relacionadas con el volumen de trabajo efectivo que desarrolles a lo largo del a\u00f1o<\/strong>, por lo que no se tratar\u00eda de costes relacionados con tu alta en sentido estricto, ya que estar\u00e1n contemplados en las correspondientes facturas que remitas a tus clientes o recibas de tus proveedores.<\/p>\n<h3 style=\"text-align: left;\">Bonificaciones aplicables en tu alta como trabajador aut\u00f3nomo<\/h3>\n<p style=\"text-align: justify;\">Las cuotas establecidas anteriormente son las que se consideran aplicables a todos aquellos trabajadores aut\u00f3nomos que hayan formalizado su correspondiente alta en la Agencia Tributaria y la Seguridad Social.<\/p>\n<p style=\"text-align: justify;\">No obstante, la normativa vigente establece la posibilidad de acogerse a una <strong><em>\u2018tarifa plana\u2019<\/em><\/strong> a diversos colectivos, como una medida de <a href=\"https:\/\/www.billin.net\/blog\/ayudas-publicas-emprendimiento\/\" target=\"_blank\" rel=\"noopener noreferrer\">ayudas para emprendedores<\/a>, siempre que se cumplan los siguientes requisitos:<\/p>\n<ul style=\"text-align: justify;\">\n<li>No haber estado de alta como aut\u00f3nomo en los cinco a\u00f1os inmediatamente anteriores.<\/li>\n<\/ul>\n<ul style=\"text-align: justify;\">\n<li>No ser administrador de una sociedad mercantil.<\/li>\n<\/ul>\n<ul style=\"text-align: justify;\">\n<li>No haber recibido en toda su vida profesional como aut\u00f3nomo alguna bonificaci\u00f3n de la Seguridad Social.<\/li>\n<\/ul>\n<ul style=\"text-align: justify;\">\n<li>No ser aut\u00f3nomo colaborador, es decir, no pertenecer al r\u00e9gimen especial para familiares de los aut\u00f3nomos.<\/li>\n<\/ul>\n<ul style=\"text-align: justify;\">\n<li>No estar en r\u00e9gimen de pluriactividad, es decir, casos en los que se trabaje por cuenta ajena y a la vez por cuenta propia, ya que estos disponen de una bonificaci\u00f3n especial durante los 36 primeros meses de <a href=\"https:\/\/www.billin.net\/glosario\/definicion-pluriactividad\/\">pluriactividad<\/a>.<\/li>\n<\/ul>\n<p style=\"text-align: justify;\">As\u00ed, a trav\u00e9s aquellos que puedan acogerse a esta tarifa plana dispondr\u00e1n de una cuota reducida durante los primeros 18 meses de actividad, que ser\u00e1 fija de 50 euros mensuales durante los 6 primeros meses, con una reducci\u00f3n del 50% durante los 6 siguientes <em>(cuota mensual: 133 \u20ac)<\/em> y una reducci\u00f3n del 30% durante los \u00faltimos 6 meses <em>(cuota mensual: 186 \u20ac)<\/em>, pudi\u00e9ndose extender esta \u00faltima hasta los 30 meses en el caso de trabajadores menores de 30 a\u00f1os y trabajadoras menores de 35 a\u00f1os que no hayan sido aut\u00f3nomos en los 5 a\u00f1os anteriores.<\/p>\n<p>Ahora ya sabes cu\u00e1nto paga un aut\u00f3nomo por trabajar en Espa\u00f1a. Si tienes alguna duda con esto utiliza los comentarios y desde TeamSystem Facturas Billin las resolveremos.<\/p>\n","protected":false},"excerpt":{"rendered":"<p>Si est\u00e1s pensando en emprender debes saber que tendr\u00e1s que asumir una serie de gastos y saber cu\u00e1nto paga un aut\u00f3nomo por trabajar. Suena raro de entrado el tener que pagar por trabajar pero en el caso de los aut\u00f3nomos la realidad en Espa\u00f1a es esta. Vamos a verlo en detalle.<\/p>\n","protected":false},"author":20,"featured_media":16481,"comment_status":"open","ping_status":"open","sticky":false,"template":"","format":"standard","meta":{"_acf_changed":false,"_et_pb_use_builder":"","_et_pb_old_content":"","_et_gb_content_width":"","om_disable_all_campaigns":false,"inline_featured_image":false,"footnotes":""},"categories":[1014],"tags":[1380],"class_list":{"0":"post-16478","1":"post","2":"type-post","3":"status-publish","4":"format-standard","5":"has-post-thumbnail","7":"category-fiscalidad","8":"tag-autonomos"},"acf":{"selector_de_usuario":"","fecha_de_revision":"20230123"},"yoast_head":"<!-- This site is optimized with the Yoast SEO plugin v27.1 - https:\/\/yoast.com\/product\/yoast-seo-wordpress\/ -->\n<title>\u00bfCu\u00e1nto paga un aut\u00f3nomo en Espa\u00f1a? | TeamSystem Facturas Billin Blog<\/title>\n<meta name=\"description\" content=\"Si est\u00e1s pensando en emprender te explicamos cu\u00e1nto paga un aut\u00f3nomo por trabajar en Espa\u00f1a. Te contamos todo.\" \/>\n<meta name=\"robots\" content=\"index, follow, max-snippet:-1, max-image-preview:large, max-video-preview:-1\" \/>\n<link rel=\"canonical\" href=\"https:\/\/www.billin.net\/blog\/cuanto-paga-un-autonomo\/\" \/>\n<meta property=\"og:locale\" content=\"es_ES\" \/>\n<meta property=\"og:type\" content=\"article\" \/>\n<meta property=\"og:title\" content=\"\u00bfCu\u00e1nto paga un aut\u00f3nomo en Espa\u00f1a? | TeamSystem Facturas Billin Blog\" \/>\n<meta property=\"og:description\" content=\"Si est\u00e1s pensando en emprender te explicamos cu\u00e1nto paga un aut\u00f3nomo por trabajar en Espa\u00f1a. Te contamos todo.\" \/>\n<meta property=\"og:url\" content=\"https:\/\/www.billin.net\/blog\/cuanto-paga-un-autonomo\/\" \/>\n<meta property=\"og:site_name\" content=\"Blog de TeamSystem Facturas Billin\" \/>\n<meta property=\"article:publisher\" content=\"https:\/\/www.facebook.com\/EsBillin\" \/>\n<meta property=\"article:published_time\" content=\"2020-09-24T22:00:00+00:00\" \/>\n<meta property=\"article:modified_time\" content=\"2025-09-25T18:44:41+00:00\" \/>\n<meta property=\"og:image\" content=\"https:\/\/www.billin.net\/blog\/wp-content\/uploads\/2020\/09\/Cua\u0301nto-paga-un-auto\u0301nomo.jpg\" \/>\n\t<meta property=\"og:image:width\" content=\"1200\" \/>\n\t<meta property=\"og:image:height\" content=\"800\" \/>\n\t<meta property=\"og:image:type\" content=\"image\/jpeg\" \/>\n<meta name=\"author\" content=\"Marcos De La Cueva - CEO TeamSystem Facturas Billin\" \/>\n<meta name=\"twitter:card\" content=\"summary_large_image\" \/>\n<meta name=\"twitter:creator\" content=\"@Billin_ES\" \/>\n<meta name=\"twitter:site\" content=\"@Billin_ES\" \/>\n<meta name=\"twitter:label1\" content=\"Escrito por\" \/>\n\t<meta name=\"twitter:data1\" content=\"Marcos De La Cueva - CEO TeamSystem Facturas Billin\" \/>\n\t<meta name=\"twitter:label2\" content=\"Tiempo de lectura\" \/>\n\t<meta name=\"twitter:data2\" content=\"8 minutos\" \/>\n<script type=\"application\/ld+json\" class=\"yoast-schema-graph\">{\"@context\":\"https:\/\/schema.org\",\"@graph\":[{\"@type\":\"Article\",\"@id\":\"https:\/\/www.billin.net\/blog\/cuanto-paga-un-autonomo\/#article\",\"isPartOf\":{\"@id\":\"https:\/\/www.billin.net\/blog\/cuanto-paga-un-autonomo\/\"},\"author\":{\"name\":\"Marcos De La Cueva - CEO TeamSystem Facturas Billin\",\"@id\":\"https:\/\/www.billin.net\/blog\/#\/schema\/person\/d0339ee6e869234614541b1e80a793e7\"},\"headline\":\"\u00bfCu\u00e1nto paga un aut\u00f3nomo en Espa\u00f1a a la Seguridad Social?\",\"datePublished\":\"2020-09-24T22:00:00+00:00\",\"dateModified\":\"2025-09-25T18:44:41+00:00\",\"mainEntityOfPage\":{\"@id\":\"https:\/\/www.billin.net\/blog\/cuanto-paga-un-autonomo\/\"},\"wordCount\":1717,\"commentCount\":9,\"publisher\":{\"@id\":\"https:\/\/www.billin.net\/blog\/#organization\"},\"image\":{\"@id\":\"https:\/\/www.billin.net\/blog\/cuanto-paga-un-autonomo\/#primaryimage\"},\"thumbnailUrl\":\"https:\/\/www.billin.net\/blog\/wp-content\/uploads\/2020\/09\/Cua\u0301nto-paga-un-auto\u0301nomo.jpg\",\"keywords\":[\"Aut\u00f3nomos\"],\"articleSection\":[\"Fiscalidad\"],\"inLanguage\":\"es\",\"potentialAction\":[{\"@type\":\"CommentAction\",\"name\":\"Comment\",\"target\":[\"https:\/\/www.billin.net\/blog\/cuanto-paga-un-autonomo\/#respond\"]}]},{\"@type\":\"WebPage\",\"@id\":\"https:\/\/www.billin.net\/blog\/cuanto-paga-un-autonomo\/\",\"url\":\"https:\/\/www.billin.net\/blog\/cuanto-paga-un-autonomo\/\",\"name\":\"\u00bfCu\u00e1nto paga un aut\u00f3nomo en Espa\u00f1a? | TeamSystem Facturas Billin Blog\",\"isPartOf\":{\"@id\":\"https:\/\/www.billin.net\/blog\/#website\"},\"primaryImageOfPage\":{\"@id\":\"https:\/\/www.billin.net\/blog\/cuanto-paga-un-autonomo\/#primaryimage\"},\"image\":{\"@id\":\"https:\/\/www.billin.net\/blog\/cuanto-paga-un-autonomo\/#primaryimage\"},\"thumbnailUrl\":\"https:\/\/www.billin.net\/blog\/wp-content\/uploads\/2020\/09\/Cua\u0301nto-paga-un-auto\u0301nomo.jpg\",\"datePublished\":\"2020-09-24T22:00:00+00:00\",\"dateModified\":\"2025-09-25T18:44:41+00:00\",\"description\":\"Si est\u00e1s pensando en emprender te explicamos cu\u00e1nto paga un aut\u00f3nomo por trabajar en Espa\u00f1a. Te contamos todo.\",\"breadcrumb\":{\"@id\":\"https:\/\/www.billin.net\/blog\/cuanto-paga-un-autonomo\/#breadcrumb\"},\"inLanguage\":\"es\",\"potentialAction\":[{\"@type\":\"ReadAction\",\"target\":[\"https:\/\/www.billin.net\/blog\/cuanto-paga-un-autonomo\/\"]}]},{\"@type\":\"ImageObject\",\"inLanguage\":\"es\",\"@id\":\"https:\/\/www.billin.net\/blog\/cuanto-paga-un-autonomo\/#primaryimage\",\"url\":\"https:\/\/www.billin.net\/blog\/wp-content\/uploads\/2020\/09\/Cua\u0301nto-paga-un-auto\u0301nomo.jpg\",\"contentUrl\":\"https:\/\/www.billin.net\/blog\/wp-content\/uploads\/2020\/09\/Cua\u0301nto-paga-un-auto\u0301nomo.jpg\",\"width\":1200,\"height\":800,\"caption\":\"cu\u00e1nto paga un aut\u00f3nomo\"},{\"@type\":\"BreadcrumbList\",\"@id\":\"https:\/\/www.billin.net\/blog\/cuanto-paga-un-autonomo\/#breadcrumb\",\"itemListElement\":[{\"@type\":\"ListItem\",\"position\":1,\"name\":\"Blog\",\"item\":\"https:\/\/www.billin.net\/blog\/\"},{\"@type\":\"ListItem\",\"position\":2,\"name\":\"Fiscalidad\",\"item\":\"https:\/\/www.billin.net\/blog\/fiscalidad\/\"},{\"@type\":\"ListItem\",\"position\":3,\"name\":\"\u00bfCu\u00e1nto paga un aut\u00f3nomo en Espa\u00f1a a la Seguridad Social?\"}]},{\"@type\":\"WebSite\",\"@id\":\"https:\/\/www.billin.net\/blog\/#website\",\"url\":\"https:\/\/www.billin.net\/blog\/\",\"name\":\"Blog de Billin\",\"description\":\"Mantente informado con el blog de TeamSystem Facturas Billin:  facturaci\u00f3n, legislaci\u00f3n, contabilidad, management y toda la informaci\u00f3n \u00fatil para pymes y aut\u00f3nomos.\",\"publisher\":{\"@id\":\"https:\/\/www.billin.net\/blog\/#organization\"},\"potentialAction\":[{\"@type\":\"SearchAction\",\"target\":{\"@type\":\"EntryPoint\",\"urlTemplate\":\"https:\/\/www.billin.net\/blog\/?s={search_term_string}\"},\"query-input\":{\"@type\":\"PropertyValueSpecification\",\"valueRequired\":true,\"valueName\":\"search_term_string\"}}],\"inLanguage\":\"es\"},{\"@type\":\"Organization\",\"@id\":\"https:\/\/www.billin.net\/blog\/#organization\",\"name\":\"Billin\",\"alternateName\":\"Blog de Billin\",\"url\":\"https:\/\/www.billin.net\/blog\/\",\"logo\":{\"@type\":\"ImageObject\",\"inLanguage\":\"es\",\"@id\":\"https:\/\/www.billin.net\/blog\/#\/schema\/logo\/image\/\",\"url\":\"https:\/\/www.billin.net\/blog\/wp-content\/uploads\/2019\/06\/logotipo-billin-blog-1.png\",\"contentUrl\":\"https:\/\/www.billin.net\/blog\/wp-content\/uploads\/2019\/06\/logotipo-billin-blog-1.png\",\"width\":126,\"height\":50,\"caption\":\"Billin\"},\"image\":{\"@id\":\"https:\/\/www.billin.net\/blog\/#\/schema\/logo\/image\/\"},\"sameAs\":[\"https:\/\/www.facebook.com\/EsBillin\",\"https:\/\/x.com\/Billin_ES\",\"https:\/\/www.instagram.com\/billin_es\/\",\"https:\/\/www.linkedin.com\/company\/billin-spain\",\"https:\/\/www.youtube.com\/c\/BillinEsintercambiodefacturas\/\"],\"legalName\":\"MY EXPENSES SL\",\"contactPoint\":{\"@type\":\"ContactPoint\",\"telephone\":\"+34918318883\",\"contactType\":\"customer service\",\"email\":\"info@billin.eu\",\"availableLanguage\":\"es\"},\"foundingDate\":\"2015\",\"numberOfEmployees\":{\"@type\":\"QuantitativeValue\",\"minValue\":10,\"maxValue\":50},\"parentOrganization\":{\"@type\":\"Organization\",\"name\":\"TeamSystem\",\"url\":\"https:\/\/www.teamsystem.com\/\"},\"description\":\"Billin es el programa de facturaci\u00f3n online de TeamSystem para aut\u00f3nomos y pymes en Espa\u00f1a. Permite crear facturas, controlar gastos y cumplir con Verifactu.\",\"address\":{\"@type\":\"PostalAddress\",\"streetAddress\":\"Calle Arturo Soria, 336\",\"addressLocality\":\"Madrid\",\"addressRegion\":\"Madrid\",\"postalCode\":\"28033\",\"addressCountry\":\"ES\"}},{\"@type\":\"Person\",\"@id\":\"https:\/\/www.billin.net\/blog\/#\/schema\/person\/d0339ee6e869234614541b1e80a793e7\",\"name\":\"Marcos De La Cueva - CEO TeamSystem Facturas Billin\",\"image\":{\"@type\":\"ImageObject\",\"inLanguage\":\"es\",\"@id\":\"https:\/\/www.billin.net\/blog\/#\/schema\/person\/image\/\",\"url\":\"https:\/\/www.billin.net\/blog\/wp-content\/uploads\/2023\/10\/marcos-color-150x150.png\",\"contentUrl\":\"https:\/\/www.billin.net\/blog\/wp-content\/uploads\/2023\/10\/marcos-color-150x150.png\",\"caption\":\"Marcos De La Cueva - CEO TeamSystem Facturas Billin\"},\"description\":\"Licenciado en ADE por la Universidad Aut\u00f3noma de Madrid, Marcos De la Cueva es CEO y cofundador de TeamSystem Facturas Billin, un programa online que lleva m\u00e1s de 9 a\u00f1os ayudando a aut\u00f3nomos, peque\u00f1os negocios y gestor\u00edas a digitalizar sus presupuestos, facturas, tickets y gastos. \u00a0 Sobre Marcos De La Cueva \u00a0 Apasionado por el mundo empresarial y la tecnolog\u00eda, curs\u00f3 su M\u00e1ster de Finanzas en la Universidad Pontificia de Comillas y estuvo en el Programa de Cooperaci\u00f3n Educativa de la Universidad Aut\u00f3noma de Madrid. \u00a0 Marcos siempre ha tenido su objetivo claro: ayudar a la creaci\u00f3n de negocios financieramente sostenibles a trav\u00e9s de una herramienta de facturaci\u00f3n que les permita ahorrar tiempo y tener la contabilidad bajo control. \u00a0 Marcos De La Cueva en los medios \u2014 Noticia sobre Kit Digital y Ley Antifraude (VeriFactu) en El Economista. \u2014 Noticia sobre Kit Digital y factura electr\u00f3nica obligatoria en Diario Jur\u00eddico. \u2014 Noticia sobre el a\u00f1o de transici\u00f3n para la factura electr\u00f3nica en Muy Pymes. \u2014 Entrevista sobre factura electr\u00f3nica obligatoria en Canal Sur. \u2014 Noticia sobre el informe factura electr\u00f3nica de TeamSystem en Channel Partner. \u2014 Charla sobre productividad y Ley Crea y Crece en El Economista. \u2014 Charla sobre factura electr\u00f3nica obligatoria en Muy Pymes. \u2014 Charla sobre digitalizaci\u00f3n aut\u00f3nomos y productividad en esdiario. \u2014 Charla sobre productividad y factura electr\u00f3nica en La Raz\u00f3n. \u2014 Charla sobre factura electr\u00f3nica obligatoria en Aut\u00f3nomos y Emprendedores. \u2014 Entrevista sobre Ley Antifraude y Ley Crea y Crece en Expansi\u00f3n. \u2014 Entrevista sobre Ley Antifraude y Ley Crea y Crece en La Raz\u00f3n. \u2014 Entrevista sobre factura electr\u00f3nica obligatoria en El Economista. \u2014 Comunicado Billin y TeamSystem en Business Insider. \u2014 Entrevista en Econom\u00eda Digital. \u2014 Entrevista en Ideas para tu empresa de Vodafone. \u2014 Entrevista en M\u00e1sQradio. \u2014 Entrevista en Armas para emprender de El M\u00e9todo Gallardo. \u2014 Entrevista en KFund. \u2014 Entrevista en AXA Seguros Espa\u00f1a. \u2014 Entrevista en GestionaRadio. \u00a0 Marcos De La Cueva en eventos \u00a0 \u2014 Participaci\u00f3n como ponente en Accountex Espa\u00f1a 2023. \u00a0 Tem\u00e1ticas de especializaci\u00f3n \u00a0 negocios | startups | contabilidad| fiscalidad | empresas| asesor\u00edas| autonomos | emprendedores | peque\u00f1os negocios | econom\u00eda | ADE | pymes | desarrollo de negocio\u00a0\",\"sameAs\":[\"https:\/\/www.billin.net\/\",\"https:\/\/www.linkedin.com\/in\/marcos-de-la-cueva-19750ba3\/\"],\"url\":\"https:\/\/www.billin.net\/blog\/author\/marcosdelacueva\/\",\"jobTitle\":\"CEO y cofundador de TS Facturas Billin\"}]}<\/script>\n<!-- \/ Yoast SEO plugin. -->","yoast_head_json":{"title":"\u00bfCu\u00e1nto paga un aut\u00f3nomo en Espa\u00f1a? | TeamSystem Facturas Billin Blog","description":"Si est\u00e1s pensando en emprender te explicamos cu\u00e1nto paga un aut\u00f3nomo por trabajar en Espa\u00f1a. Te contamos todo.","robots":{"index":"index","follow":"follow","max-snippet":"max-snippet:-1","max-image-preview":"max-image-preview:large","max-video-preview":"max-video-preview:-1"},"canonical":"https:\/\/www.billin.net\/blog\/cuanto-paga-un-autonomo\/","og_locale":"es_ES","og_type":"article","og_title":"\u00bfCu\u00e1nto paga un aut\u00f3nomo en Espa\u00f1a? | TeamSystem Facturas Billin Blog","og_description":"Si est\u00e1s pensando en emprender te explicamos cu\u00e1nto paga un aut\u00f3nomo por trabajar en Espa\u00f1a. Te contamos todo.","og_url":"https:\/\/www.billin.net\/blog\/cuanto-paga-un-autonomo\/","og_site_name":"Blog de TeamSystem Facturas Billin","article_publisher":"https:\/\/www.facebook.com\/EsBillin","article_published_time":"2020-09-24T22:00:00+00:00","article_modified_time":"2025-09-25T18:44:41+00:00","og_image":[{"width":1200,"height":800,"url":"https:\/\/www.billin.net\/blog\/wp-content\/uploads\/2020\/09\/Cua\u0301nto-paga-un-auto\u0301nomo.jpg","type":"image\/jpeg"}],"author":"Marcos De La Cueva - CEO TeamSystem Facturas Billin","twitter_card":"summary_large_image","twitter_creator":"@Billin_ES","twitter_site":"@Billin_ES","twitter_misc":{"Escrito por":"Marcos De La Cueva - CEO TeamSystem Facturas Billin","Tiempo de lectura":"8 minutos"},"schema":{"@context":"https:\/\/schema.org","@graph":[{"@type":"Article","@id":"https:\/\/www.billin.net\/blog\/cuanto-paga-un-autonomo\/#article","isPartOf":{"@id":"https:\/\/www.billin.net\/blog\/cuanto-paga-un-autonomo\/"},"author":{"name":"Marcos De La Cueva - CEO TeamSystem Facturas Billin","@id":"https:\/\/www.billin.net\/blog\/#\/schema\/person\/d0339ee6e869234614541b1e80a793e7"},"headline":"\u00bfCu\u00e1nto paga un aut\u00f3nomo en Espa\u00f1a a la Seguridad Social?","datePublished":"2020-09-24T22:00:00+00:00","dateModified":"2025-09-25T18:44:41+00:00","mainEntityOfPage":{"@id":"https:\/\/www.billin.net\/blog\/cuanto-paga-un-autonomo\/"},"wordCount":1717,"commentCount":9,"publisher":{"@id":"https:\/\/www.billin.net\/blog\/#organization"},"image":{"@id":"https:\/\/www.billin.net\/blog\/cuanto-paga-un-autonomo\/#primaryimage"},"thumbnailUrl":"https:\/\/www.billin.net\/blog\/wp-content\/uploads\/2020\/09\/Cua\u0301nto-paga-un-auto\u0301nomo.jpg","keywords":["Aut\u00f3nomos"],"articleSection":["Fiscalidad"],"inLanguage":"es","potentialAction":[{"@type":"CommentAction","name":"Comment","target":["https:\/\/www.billin.net\/blog\/cuanto-paga-un-autonomo\/#respond"]}]},{"@type":"WebPage","@id":"https:\/\/www.billin.net\/blog\/cuanto-paga-un-autonomo\/","url":"https:\/\/www.billin.net\/blog\/cuanto-paga-un-autonomo\/","name":"\u00bfCu\u00e1nto paga un aut\u00f3nomo en Espa\u00f1a? | TeamSystem Facturas Billin Blog","isPartOf":{"@id":"https:\/\/www.billin.net\/blog\/#website"},"primaryImageOfPage":{"@id":"https:\/\/www.billin.net\/blog\/cuanto-paga-un-autonomo\/#primaryimage"},"image":{"@id":"https:\/\/www.billin.net\/blog\/cuanto-paga-un-autonomo\/#primaryimage"},"thumbnailUrl":"https:\/\/www.billin.net\/blog\/wp-content\/uploads\/2020\/09\/Cua\u0301nto-paga-un-auto\u0301nomo.jpg","datePublished":"2020-09-24T22:00:00+00:00","dateModified":"2025-09-25T18:44:41+00:00","description":"Si est\u00e1s pensando en emprender te explicamos cu\u00e1nto paga un aut\u00f3nomo por trabajar en Espa\u00f1a. Te contamos todo.","breadcrumb":{"@id":"https:\/\/www.billin.net\/blog\/cuanto-paga-un-autonomo\/#breadcrumb"},"inLanguage":"es","potentialAction":[{"@type":"ReadAction","target":["https:\/\/www.billin.net\/blog\/cuanto-paga-un-autonomo\/"]}]},{"@type":"ImageObject","inLanguage":"es","@id":"https:\/\/www.billin.net\/blog\/cuanto-paga-un-autonomo\/#primaryimage","url":"https:\/\/www.billin.net\/blog\/wp-content\/uploads\/2020\/09\/Cua\u0301nto-paga-un-auto\u0301nomo.jpg","contentUrl":"https:\/\/www.billin.net\/blog\/wp-content\/uploads\/2020\/09\/Cua\u0301nto-paga-un-auto\u0301nomo.jpg","width":1200,"height":800,"caption":"cu\u00e1nto paga un aut\u00f3nomo"},{"@type":"BreadcrumbList","@id":"https:\/\/www.billin.net\/blog\/cuanto-paga-un-autonomo\/#breadcrumb","itemListElement":[{"@type":"ListItem","position":1,"name":"Blog","item":"https:\/\/www.billin.net\/blog\/"},{"@type":"ListItem","position":2,"name":"Fiscalidad","item":"https:\/\/www.billin.net\/blog\/fiscalidad\/"},{"@type":"ListItem","position":3,"name":"\u00bfCu\u00e1nto paga un aut\u00f3nomo en Espa\u00f1a a la Seguridad Social?"}]},{"@type":"WebSite","@id":"https:\/\/www.billin.net\/blog\/#website","url":"https:\/\/www.billin.net\/blog\/","name":"Blog de Billin","description":"Mantente informado con el blog de TeamSystem Facturas Billin:  facturaci\u00f3n, legislaci\u00f3n, contabilidad, management y toda la informaci\u00f3n \u00fatil para pymes y aut\u00f3nomos.","publisher":{"@id":"https:\/\/www.billin.net\/blog\/#organization"},"potentialAction":[{"@type":"SearchAction","target":{"@type":"EntryPoint","urlTemplate":"https:\/\/www.billin.net\/blog\/?s={search_term_string}"},"query-input":{"@type":"PropertyValueSpecification","valueRequired":true,"valueName":"search_term_string"}}],"inLanguage":"es"},{"@type":"Organization","@id":"https:\/\/www.billin.net\/blog\/#organization","name":"Billin","alternateName":"Blog de Billin","url":"https:\/\/www.billin.net\/blog\/","logo":{"@type":"ImageObject","inLanguage":"es","@id":"https:\/\/www.billin.net\/blog\/#\/schema\/logo\/image\/","url":"https:\/\/www.billin.net\/blog\/wp-content\/uploads\/2019\/06\/logotipo-billin-blog-1.png","contentUrl":"https:\/\/www.billin.net\/blog\/wp-content\/uploads\/2019\/06\/logotipo-billin-blog-1.png","width":126,"height":50,"caption":"Billin"},"image":{"@id":"https:\/\/www.billin.net\/blog\/#\/schema\/logo\/image\/"},"sameAs":["https:\/\/www.facebook.com\/EsBillin","https:\/\/x.com\/Billin_ES","https:\/\/www.instagram.com\/billin_es\/","https:\/\/www.linkedin.com\/company\/billin-spain","https:\/\/www.youtube.com\/c\/BillinEsintercambiodefacturas\/"],"legalName":"MY EXPENSES SL","contactPoint":{"@type":"ContactPoint","telephone":"+34918318883","contactType":"customer service","email":"info@billin.eu","availableLanguage":"es"},"foundingDate":"2015","numberOfEmployees":{"@type":"QuantitativeValue","minValue":10,"maxValue":50},"parentOrganization":{"@type":"Organization","name":"TeamSystem","url":"https:\/\/www.teamsystem.com\/"},"description":"Billin es el programa de facturaci\u00f3n online de TeamSystem para aut\u00f3nomos y pymes en Espa\u00f1a. Permite crear facturas, controlar gastos y cumplir con Verifactu.","address":{"@type":"PostalAddress","streetAddress":"Calle Arturo Soria, 336","addressLocality":"Madrid","addressRegion":"Madrid","postalCode":"28033","addressCountry":"ES"}},{"@type":"Person","@id":"https:\/\/www.billin.net\/blog\/#\/schema\/person\/d0339ee6e869234614541b1e80a793e7","name":"Marcos De La Cueva - CEO TeamSystem Facturas Billin","image":{"@type":"ImageObject","inLanguage":"es","@id":"https:\/\/www.billin.net\/blog\/#\/schema\/person\/image\/","url":"https:\/\/www.billin.net\/blog\/wp-content\/uploads\/2023\/10\/marcos-color-150x150.png","contentUrl":"https:\/\/www.billin.net\/blog\/wp-content\/uploads\/2023\/10\/marcos-color-150x150.png","caption":"Marcos De La Cueva - CEO TeamSystem Facturas Billin"},"description":"Licenciado en ADE por la Universidad Aut\u00f3noma de Madrid, Marcos De la Cueva es CEO y cofundador de TeamSystem Facturas Billin, un programa online que lleva m\u00e1s de 9 a\u00f1os ayudando a aut\u00f3nomos, peque\u00f1os negocios y gestor\u00edas a digitalizar sus presupuestos, facturas, tickets y gastos. \u00a0 Sobre Marcos De La Cueva \u00a0 Apasionado por el mundo empresarial y la tecnolog\u00eda, curs\u00f3 su M\u00e1ster de Finanzas en la Universidad Pontificia de Comillas y estuvo en el Programa de Cooperaci\u00f3n Educativa de la Universidad Aut\u00f3noma de Madrid. \u00a0 Marcos siempre ha tenido su objetivo claro: ayudar a la creaci\u00f3n de negocios financieramente sostenibles a trav\u00e9s de una herramienta de facturaci\u00f3n que les permita ahorrar tiempo y tener la contabilidad bajo control. \u00a0 Marcos De La Cueva en los medios \u2014 Noticia sobre Kit Digital y Ley Antifraude (VeriFactu) en El Economista. \u2014 Noticia sobre Kit Digital y factura electr\u00f3nica obligatoria en Diario Jur\u00eddico. \u2014 Noticia sobre el a\u00f1o de transici\u00f3n para la factura electr\u00f3nica en Muy Pymes. \u2014 Entrevista sobre factura electr\u00f3nica obligatoria en Canal Sur. \u2014 Noticia sobre el informe factura electr\u00f3nica de TeamSystem en Channel Partner. \u2014 Charla sobre productividad y Ley Crea y Crece en El Economista. \u2014 Charla sobre factura electr\u00f3nica obligatoria en Muy Pymes. \u2014 Charla sobre digitalizaci\u00f3n aut\u00f3nomos y productividad en esdiario. \u2014 Charla sobre productividad y factura electr\u00f3nica en La Raz\u00f3n. \u2014 Charla sobre factura electr\u00f3nica obligatoria en Aut\u00f3nomos y Emprendedores. \u2014 Entrevista sobre Ley Antifraude y Ley Crea y Crece en Expansi\u00f3n. \u2014 Entrevista sobre Ley Antifraude y Ley Crea y Crece en La Raz\u00f3n. \u2014 Entrevista sobre factura electr\u00f3nica obligatoria en El Economista. \u2014 Comunicado Billin y TeamSystem en Business Insider. \u2014 Entrevista en Econom\u00eda Digital. \u2014 Entrevista en Ideas para tu empresa de Vodafone. \u2014 Entrevista en M\u00e1sQradio. \u2014 Entrevista en Armas para emprender de El M\u00e9todo Gallardo. \u2014 Entrevista en KFund. \u2014 Entrevista en AXA Seguros Espa\u00f1a. \u2014 Entrevista en GestionaRadio. \u00a0 Marcos De La Cueva en eventos \u00a0 \u2014 Participaci\u00f3n como ponente en Accountex Espa\u00f1a 2023. \u00a0 Tem\u00e1ticas de especializaci\u00f3n \u00a0 negocios | startups | contabilidad| fiscalidad | empresas| asesor\u00edas| autonomos | emprendedores | peque\u00f1os negocios | econom\u00eda | ADE | pymes | desarrollo de negocio\u00a0","sameAs":["https:\/\/www.billin.net\/","https:\/\/www.linkedin.com\/in\/marcos-de-la-cueva-19750ba3\/"],"url":"https:\/\/www.billin.net\/blog\/author\/marcosdelacueva\/","jobTitle":"CEO y cofundador de TS Facturas Billin"}]}},"_links":{"self":[{"href":"https:\/\/www.billin.net\/blog\/wp-json\/wp\/v2\/posts\/16478","targetHints":{"allow":["GET"]}}],"collection":[{"href":"https:\/\/www.billin.net\/blog\/wp-json\/wp\/v2\/posts"}],"about":[{"href":"https:\/\/www.billin.net\/blog\/wp-json\/wp\/v2\/types\/post"}],"author":[{"embeddable":true,"href":"https:\/\/www.billin.net\/blog\/wp-json\/wp\/v2\/users\/20"}],"replies":[{"embeddable":true,"href":"https:\/\/www.billin.net\/blog\/wp-json\/wp\/v2\/comments?post=16478"}],"version-history":[{"count":11,"href":"https:\/\/www.billin.net\/blog\/wp-json\/wp\/v2\/posts\/16478\/revisions"}],"predecessor-version":[{"id":27734,"href":"https:\/\/www.billin.net\/blog\/wp-json\/wp\/v2\/posts\/16478\/revisions\/27734"}],"wp:featuredmedia":[{"embeddable":true,"href":"https:\/\/www.billin.net\/blog\/wp-json\/wp\/v2\/media\/16481"}],"wp:attachment":[{"href":"https:\/\/www.billin.net\/blog\/wp-json\/wp\/v2\/media?parent=16478"}],"wp:term":[{"taxonomy":"category","embeddable":true,"href":"https:\/\/www.billin.net\/blog\/wp-json\/wp\/v2\/categories?post=16478"},{"taxonomy":"post_tag","embeddable":true,"href":"https:\/\/www.billin.net\/blog\/wp-json\/wp\/v2\/tags?post=16478"}],"curies":[{"name":"wp","href":"https:\/\/api.w.org\/{rel}","templated":true}]}}